{"id":61109,"date":"2019-05-14T07:00:14","date_gmt":"2019-05-14T10:00:14","guid":{"rendered":"http:\/\/patagoniambiental.com.ar\/info\/?p=61109"},"modified":"2019-05-13T13:23:00","modified_gmt":"2019-05-13T16:23:00","slug":"neuquen-practicas-educativas-en-eficiencia-energetica","status":"publish","type":"post","link":"https:\/\/patagoniambiental.com.ar\/info\/neuquen-practicas-educativas-en-eficiencia-energetica\/","title":{"rendered":"Neuqu\u00e9n: Pr\u00e1cticas educativas en eficiencia energ\u00e9tica"},"content":{"rendered":"<div class=\"td-post-header td-container\">\n<div class=\"td-post-header-holder sombra\">\n<header class=\"td-post-title\">\n<div class=\"td-module-meta-info\">Neuqu\u00e9n.-Se firmaron convenios para crear un espacio cooperativo de potencialidad de saberes y recursos en pos de programas de capacitaci\u00f3n sobre eficiencia energ\u00e9tica y concientizaci\u00f3n ambiental.<\/div>\n<\/header>\n<\/div>\n<\/div>\n<p><!--more--><\/p>\n<div class=\"td-container\">\n<div class=\"td-pb-row\">\n<div class=\"td-pb-span8 td-main-content\" role=\"main\">\n<div class=\"td-ss-main-content\">\n<div class=\"td-post-content\">\n<p>El ministerio de Educaci\u00f3n firm\u00f3 este 10 de mayo convenios con empresas para dar continuidad al desarrollo de pr\u00e1cticas educativas en materia de educaci\u00f3n ambiental. Las acciones son llevadas adelante por la Mesa Interinstitucional de Eficiencia Energ\u00e9tica y el Programa Piloto de Aplicaci\u00f3n de Pol\u00edticas Educativas y T\u00e9cnicas.<\/p>\n<p>\u201cLa consideraci\u00f3n de los impactos ambientales en los dise\u00f1os curriculares es de vital importancia para promover la formaci\u00f3n de nuestros estudiantes en el desarrollo de actitudes responsables y positivas respecto del uso racional de la energ\u00eda\u201d, expres\u00f3 la ministra de Educaci\u00f3n, Cristina Storioni, quien presidi\u00f3 el encuentro desarrollado en la Sala Laffitte de Casa de Gobierno.<\/p>\n<p>Durante la actividad se explic\u00f3 que para el acompa\u00f1amiento del Programa se han invitado a empresas vinculadas con la tem\u00e1tica en cuesti\u00f3n, disponiendo un formato cooperativo de potencialidad de saberes y recursos en pos de avanzar en programas de capacitaci\u00f3n sobre eficiencia energ\u00e9tica y concientizaci\u00f3n ambiental.<\/p>\n<p>En este sentido, se firm\u00f3 un convenio con la empresa Hidenesa a trav\u00e9s del cual el ministerio de Educaci\u00f3n desarrollar\u00e1 un programa de capacitaciones para mejorar h\u00e1bitos de consumo energ\u00e9tico con la asistencia t\u00e9cnica del Instituto Nacional de Tecnolog\u00eda Industrial (INTI) para los establecimientos inscriptos en el programa, mientras que la empresa favorecer\u00e1 con equipos inform\u00e1ticos a las escuelas que logren bajar los consumos de energ\u00eda.<\/p>\n<p>Por su parte, la empresa Oldelval colaborar\u00e1 en la elaboraci\u00f3n y ejecuci\u00f3n de programas en el \u00e1mbito de las escuelas t\u00e9cnicas y agrarias de la provincia, pudiendo hacerlo en su desarrollo conjuntamente con otros organismos, iniciando en este caso su trabajo con la EPEA N\u00b02 de Plottier.<\/p>\n<p>Adem\u00e1s de Storioni, participaron del encuentro el diputado provincial Luis Sapag; el coordinador de la Mesa Interinstitucional de Eficiencia Energ\u00e9tica de Neuqu\u00e9n, Emiliano Sapag; el vicepresidente del Consejo Provincial de Educaci\u00f3n, Gabriel D\u00b4Orazio; la subsecretaria de Articulaci\u00f3n de Pol\u00edticas P\u00fablicas Educativas, Pilar Corbellini; los vocales por el Ejecutivo, Alejandra Li Preti y Marcelo Jensen; el director provincial de Distritos, Federico Pino; \u00a0las empresas del sector que participan de la iniciativa a trav\u00e9s de sus representantes, y funcionarios de la Universidad de Flores.<\/p>\n<p>Acerca de la Mesa de Eficiencia Energ\u00e9tica<\/p>\n<p>La Mesa de Eficiencia Energ\u00e9tica es un \u00f3rgano interinstitucional creado con el fin de dise\u00f1ar, articular e implementar acciones para favorecer la eficiencia energ\u00e9tica en la provincia. El Programa Piloto de aplicaci\u00f3n de pol\u00edticas educativas y t\u00e9cnicas de eficiencia \u2013energ\u00e9tica busca construir conciencia energ\u00e9tica colectiva, en la que participen la sociedad civil, el Estado y las empresas, fundamentalmente las del rubro energ\u00e9tico, en tanto motores de la econom\u00eda neuquina actual.<\/p>\n<p>Por ello se invit\u00f3 al sector empresario a incorporarse al programa piloto mediante el padrinazgo de las escuelas que inicialmente participan del proyecto, seg\u00fan los requerimientos y especificaciones t\u00e9cnicas elaboradas por el INTI.<\/p>\n<figure id=\"attachment_131094\" class=\"wp-caption aligncenter\"><img fetchpriority=\"high\" decoding=\"async\" class=\"wp-image-131094 size-large\" src=\"https:\/\/www.neuqueninforma.gob.ar\/wp-content\/uploads\/2019\/05\/WEB-SEGUNDA-registro-11-1024x506.jpg\" sizes=\"(max-width: 640px) 100vw, 640px\" srcset=\"https:\/\/www.neuqueninforma.gob.ar\/wp-content\/uploads\/2019\/05\/WEB-SEGUNDA-registro-11-1024x506.jpg 1024w, https:\/\/www.neuqueninforma.gob.ar\/wp-content\/uploads\/2019\/05\/WEB-SEGUNDA-registro-11-300x148.jpg 300w, https:\/\/www.neuqueninforma.gob.ar\/wp-content\/uploads\/2019\/05\/WEB-SEGUNDA-registro-11-324x160.jpg 324w, https:\/\/www.neuqueninforma.gob.ar\/wp-content\/uploads\/2019\/05\/WEB-SEGUNDA-registro-11-696x344.jpg 696w, https:\/\/www.neuqueninforma.gob.ar\/wp-content\/uploads\/2019\/05\/WEB-SEGUNDA-registro-11-1068x528.jpg 1068w, https:\/\/www.neuqueninforma.gob.ar\/wp-content\/uploads\/2019\/05\/WEB-SEGUNDA-registro-11-850x420.jpg 850w, https:\/\/www.neuqueninforma.gob.ar\/wp-content\/uploads\/2019\/05\/WEB-SEGUNDA-registro-11-1320x652.jpg 1320w, https:\/\/www.neuqueninforma.gob.ar\/wp-content\/uploads\/2019\/05\/WEB-SEGUNDA-registro-11.jpg 1403w\" alt=\"\" width=\"640\" height=\"316\" \/><figcaption class=\"wp-caption-text\">Cristina Storioni presidi\u00f3 el encuentro desarrollado en la Sala Laffitte de Casa de Gobierno.<\/figcaption><\/figure>\n<p>Fuente: Neuqu\u00e9n Informa<\/p>\n<\/div>\n<\/div>\n<\/div>\n<\/div>\n<\/div>\n","protected":false},"excerpt":{"rendered":"<p>Neuqu\u00e9n.-Se firmaron convenios para crear un espacio cooperativo de potencialidad de saberes y recursos en pos de programas de capacitaci\u00f3n [&hellip;]<\/p>\n","protected":false},"author":2,"featured_media":61110,"comment_status":"open","ping_status":"open","sticky":false,"template":"","format":"standard","meta":{"site-sidebar-layout":"default","site-content-layout":"","ast-site-content-layout":"default","site-content-style":"default","site-sidebar-style":"default","ast-global-header-display":"","ast-banner-title-visibility":"","ast-main-header-display":"","ast-hfb-above-header-display":"","ast-hfb-below-header-display":"","ast-hfb-mobile-header-display":"","site-post-title":"","ast-breadcrumbs-content":"","ast-featured-img":"","footer-sml-layout":"","ast-disable-related-posts":"","theme-transparent-header-meta":"","adv-header-id-meta":"","stick-header-meta":"","header-above-stick-meta":"","header-main-stick-meta":"","header-below-stick-meta":"","astra-migrate-meta-layouts":"default","ast-page-background-enabled":"default","ast-page-background-meta":{"desktop":{"background-color":"var(--ast-global-color-5)","background-image":"","background-repeat":"repeat","background-position":"center center","background-size":"auto","background-attachment":"scroll","background-type":"","background-media":"","overlay-type":"","overlay-color":"","overlay-opacity":"","overlay-gradient":""},"tablet":{"background-color":"","background-image":"","background-repeat":"repeat","background-position":"center center","background-size":"auto","background-attachment":"scroll","background-type":"","background-media":"","overlay-type":"","overlay-color":"","overlay-opacity":"","overlay-gradient":""},"mobile":{"background-color":"","background-image":"","background-repeat":"repeat","background-position":"center center","background-size":"auto","background-attachment":"scroll","background-type":"","background-media":"","overlay-type":"","overlay-color":"","overlay-opacity":"","overlay-gradient":""}},"ast-content-background-meta":{"desktop":{"background-color":"var(--ast-global-color-4)","background-image":"","background-repeat":"repeat","background-position":"center center","background-size":"auto","background-attachment":"scroll","background-type":"","background-media":"","overlay-type":"","overlay-color":"","overlay-opacity":"","overlay-gradient":""},"tablet":{"background-color":"var(--ast-global-color-4)","background-image":"","background-repeat":"repeat","background-position":"center center","background-size":"auto","background-attachment":"scroll","background-type":"","background-media":"","overlay-type":"","overlay-color":"","overlay-opacity":"","overlay-gradient":""},"mobile":{"background-color":"var(--ast-global-color-4)","background-image":"","background-repeat":"repeat","background-position":"center center","background-size":"auto","background-attachment":"scroll","background-type":"","background-media":"","overlay-type":"","overlay-color":"","overlay-opacity":"","overlay-gradient":""}},"footnotes":""},"categories":[12,18,1],"tags":[],"class_list":["post-61109","post","type-post","status-publish","format-standard","has-post-thumbnail","hentry","category-agenda-ambiental","category-neuquen","category-noticias"],"yoast_head":"<!-- This site is optimized with the Yoast SEO Premium plugin v23.0 (Yoast SEO v27.5) - https:\/\/yoast.com\/product\/yoast-seo-premium-wordpress\/ -->\n<title>Neuqu\u00e9n: Pr\u00e1cticas educativas en eficiencia energ\u00e9tica<\/title>\n<meta name=\"robots\" content=\"index, follow, max-snippet:-1, max-image-preview:large, max-video-preview:-1\" \/>\n<link rel=\"canonical\" href=\"https:\/\/patagoniambiental.com.ar\/info\/neuquen-practicas-educativas-en-eficiencia-energetica\/\" \/>\n<meta property=\"og:locale\" content=\"es_ES\" \/>\n<meta property=\"og:type\" content=\"article\" \/>\n<meta property=\"og:title\" content=\"Neuqu\u00e9n: Pr\u00e1cticas educativas en eficiencia energ\u00e9tica\" \/>\n<meta property=\"og:description\" content=\"Neuqu\u00e9n.-Se firmaron convenios para crear un espacio cooperativo de potencialidad de saberes y recursos en pos de programas de capacitaci\u00f3n [&hellip;]\" \/>\n<meta property=\"og:url\" content=\"https:\/\/patagoniambiental.com.ar\/info\/neuquen-practicas-educativas-en-eficiencia-energetica\/\" \/>\n<meta property=\"og:site_name\" content=\"Patagonia Ambiental\" \/>\n<meta property=\"article:publisher\" content=\"https:\/\/www.facebook.com\/patagonia.ambiental\" \/>\n<meta property=\"article:author\" content=\"https:\/\/www.facebook.com\/share\/1C1V8Gv9BX\/?mibextid=qi2Omg\" \/>\n<meta property=\"article:published_time\" content=\"2019-05-14T10:00:14+00:00\" \/>\n<meta property=\"og:image\" content=\"https:\/\/patagoniambiental.com.ar\/info\/wp-content\/uploads\/2019\/05\/WEB-PRIMERA-registro-14-1068x528.jpg\" \/>\n\t<meta property=\"og:image:width\" content=\"1068\" \/>\n\t<meta property=\"og:image:height\" content=\"528\" \/>\n\t<meta property=\"og:image:type\" content=\"image\/jpeg\" \/>\n<meta name=\"author\" content=\"Patagonia Ambiental\" \/>\n<meta name=\"twitter:card\" content=\"summary_large_image\" \/>\n<meta name=\"twitter:creator\" content=\"@PatAmb\" \/>\n<meta name=\"twitter:site\" content=\"@PatAmb\" \/>\n<script type=\"application\/ld+json\" class=\"yoast-schema-graph\">{\"@context\":\"https:\\\/\\\/schema.org\",\"@graph\":[{\"@type\":\"Article\",\"@id\":\"https:\\\/\\\/patagoniambiental.com.ar\\\/info\\\/neuquen-practicas-educativas-en-eficiencia-energetica\\\/#article\",\"isPartOf\":{\"@id\":\"https:\\\/\\\/patagoniambiental.com.ar\\\/info\\\/neuquen-practicas-educativas-en-eficiencia-energetica\\\/\"},\"author\":{\"name\":\"Patagonia Ambiental\",\"@id\":\"https:\\\/\\\/patagoniambiental.com.ar\\\/info\\\/#\\\/schema\\\/person\\\/db12bff64bbcbf6a253710bf0ea37b5d\"},\"headline\":\"Neuqu\u00e9n: Pr\u00e1cticas educativas en eficiencia energ\u00e9tica\",\"datePublished\":\"2019-05-14T10:00:14+00:00\",\"mainEntityOfPage\":{\"@id\":\"https:\\\/\\\/patagoniambiental.com.ar\\\/info\\\/neuquen-practicas-educativas-en-eficiencia-energetica\\\/\"},\"wordCount\":563,\"commentCount\":0,\"publisher\":{\"@id\":\"https:\\\/\\\/patagoniambiental.com.ar\\\/info\\\/#organization\"},\"image\":{\"@id\":\"https:\\\/\\\/patagoniambiental.com.ar\\\/info\\\/neuquen-practicas-educativas-en-eficiencia-energetica\\\/#primaryimage\"},\"thumbnailUrl\":\"https:\\\/\\\/patagoniambiental.com.ar\\\/info\\\/wp-content\\\/uploads\\\/2019\\\/05\\\/WEB-PRIMERA-registro-14-1068x528.jpg\",\"articleSection\":[\"Agenda Ambiental\",\"Neuqu\u00e9n\",\"Noticias\"],\"inLanguage\":\"es\",\"potentialAction\":[{\"@type\":\"CommentAction\",\"name\":\"Comment\",\"target\":[\"https:\\\/\\\/patagoniambiental.com.ar\\\/info\\\/neuquen-practicas-educativas-en-eficiencia-energetica\\\/#respond\"]}]},{\"@type\":\"WebPage\",\"@id\":\"https:\\\/\\\/patagoniambiental.com.ar\\\/info\\\/neuquen-practicas-educativas-en-eficiencia-energetica\\\/\",\"url\":\"https:\\\/\\\/patagoniambiental.com.ar\\\/info\\\/neuquen-practicas-educativas-en-eficiencia-energetica\\\/\",\"name\":\"Neuqu\u00e9n: Pr\u00e1cticas educativas en eficiencia energ\u00e9tica\",\"isPartOf\":{\"@id\":\"https:\\\/\\\/patagoniambiental.com.ar\\\/info\\\/#website\"},\"primaryImageOfPage\":{\"@id\":\"https:\\\/\\\/patagoniambiental.com.ar\\\/info\\\/neuquen-practicas-educativas-en-eficiencia-energetica\\\/#primaryimage\"},\"image\":{\"@id\":\"https:\\\/\\\/patagoniambiental.com.ar\\\/info\\\/neuquen-practicas-educativas-en-eficiencia-energetica\\\/#primaryimage\"},\"thumbnailUrl\":\"https:\\\/\\\/patagoniambiental.com.ar\\\/info\\\/wp-content\\\/uploads\\\/2019\\\/05\\\/WEB-PRIMERA-registro-14-1068x528.jpg\",\"datePublished\":\"2019-05-14T10:00:14+00:00\",\"breadcrumb\":{\"@id\":\"https:\\\/\\\/patagoniambiental.com.ar\\\/info\\\/neuquen-practicas-educativas-en-eficiencia-energetica\\\/#breadcrumb\"},\"inLanguage\":\"es\",\"potentialAction\":[{\"@type\":\"ReadAction\",\"target\":[\"https:\\\/\\\/patagoniambiental.com.ar\\\/info\\\/neuquen-practicas-educativas-en-eficiencia-energetica\\\/\"]}]},{\"@type\":\"ImageObject\",\"inLanguage\":\"es\",\"@id\":\"https:\\\/\\\/patagoniambiental.com.ar\\\/info\\\/neuquen-practicas-educativas-en-eficiencia-energetica\\\/#primaryimage\",\"url\":\"https:\\\/\\\/patagoniambiental.com.ar\\\/info\\\/wp-content\\\/uploads\\\/2019\\\/05\\\/WEB-PRIMERA-registro-14-1068x528.jpg\",\"contentUrl\":\"https:\\\/\\\/patagoniambiental.com.ar\\\/info\\\/wp-content\\\/uploads\\\/2019\\\/05\\\/WEB-PRIMERA-registro-14-1068x528.jpg\",\"width\":1068,\"height\":528},{\"@type\":\"BreadcrumbList\",\"@id\":\"https:\\\/\\\/patagoniambiental.com.ar\\\/info\\\/neuquen-practicas-educativas-en-eficiencia-energetica\\\/#breadcrumb\",\"itemListElement\":[{\"@type\":\"ListItem\",\"position\":1,\"name\":\"Inicio\",\"item\":\"https:\\\/\\\/patagoniambiental.com.ar\\\/info\\\/\"},{\"@type\":\"ListItem\",\"position\":2,\"name\":\"Neuqu\u00e9n: Pr\u00e1cticas educativas en eficiencia energ\u00e9tica\"}]},{\"@type\":\"WebSite\",\"@id\":\"https:\\\/\\\/patagoniambiental.com.ar\\\/info\\\/#website\",\"url\":\"https:\\\/\\\/patagoniambiental.com.ar\\\/info\\\/\",\"name\":\"Patagonia Ambiental\",\"description\":\"Monitoreo y an\u00e1lisis de la situaci\u00f3n geopol\u00edtica en el mundo y su implicancia en la Patagonia\",\"publisher\":{\"@id\":\"https:\\\/\\\/patagoniambiental.com.ar\\\/info\\\/#organization\"},\"potentialAction\":[{\"@type\":\"SearchAction\",\"target\":{\"@type\":\"EntryPoint\",\"urlTemplate\":\"https:\\\/\\\/patagoniambiental.com.ar\\\/info\\\/?s={search_term_string}\"},\"query-input\":{\"@type\":\"PropertyValueSpecification\",\"valueRequired\":true,\"valueName\":\"search_term_string\"}}],\"inLanguage\":\"es\"},{\"@type\":\"Organization\",\"@id\":\"https:\\\/\\\/patagoniambiental.com.ar\\\/info\\\/#organization\",\"name\":\"Patagonia Ambiental\",\"url\":\"https:\\\/\\\/patagoniambiental.com.ar\\\/info\\\/\",\"logo\":{\"@type\":\"ImageObject\",\"inLanguage\":\"es\",\"@id\":\"https:\\\/\\\/patagoniambiental.com.ar\\\/info\\\/#\\\/schema\\\/logo\\\/image\\\/\",\"url\":\"https:\\\/\\\/patagoniambiental.com.ar\\\/info\\\/wp-content\\\/uploads\\\/2025\\\/05\\\/LOGO-PATAGONIA-AMBIENTAL.png\",\"contentUrl\":\"https:\\\/\\\/patagoniambiental.com.ar\\\/info\\\/wp-content\\\/uploads\\\/2025\\\/05\\\/LOGO-PATAGONIA-AMBIENTAL.png\",\"width\":433,\"height\":250,\"caption\":\"Patagonia Ambiental\"},\"image\":{\"@id\":\"https:\\\/\\\/patagoniambiental.com.ar\\\/info\\\/#\\\/schema\\\/logo\\\/image\\\/\"},\"sameAs\":[\"https:\\\/\\\/www.facebook.com\\\/patagonia.ambiental\",\"https:\\\/\\\/x.com\\\/PatAmb\"]},{\"@type\":\"Person\",\"@id\":\"https:\\\/\\\/patagoniambiental.com.ar\\\/info\\\/#\\\/schema\\\/person\\\/db12bff64bbcbf6a253710bf0ea37b5d\",\"name\":\"Patagonia Ambiental\",\"description\":\"Andr\u00e9s Nievas T\u00e9cnico en manejo ambiental, consultor Ambiental y escritor para medios locales e internacionales sobre temas de geopolitica y medio ambiente.\",\"sameAs\":[\"http:\\\/\\\/www.patagoniambiental.com.ar\",\"https:\\\/\\\/www.facebook.com\\\/share\\\/1C1V8Gv9BX\\\/?mibextid=qi2Omg\",\"@patagoniambiental\",\"https:\\\/\\\/youtube.com\\\/@patagoniaambiental2023?si=BLt58t0wuXquxlYZ\"]}]}<\/script>\n<!-- \/ Yoast SEO Premium plugin. -->","yoast_head_json":{"title":"Neuqu\u00e9n: Pr\u00e1cticas educativas en eficiencia energ\u00e9tica","robots":{"index":"index","follow":"follow","max-snippet":"max-snippet:-1","max-image-preview":"max-image-preview:large","max-video-preview":"max-video-preview:-1"},"canonical":"https:\/\/patagoniambiental.com.ar\/info\/neuquen-practicas-educativas-en-eficiencia-energetica\/","og_locale":"es_ES","og_type":"article","og_title":"Neuqu\u00e9n: Pr\u00e1cticas educativas en eficiencia energ\u00e9tica","og_description":"Neuqu\u00e9n.-Se firmaron convenios para crear un espacio cooperativo de potencialidad de saberes y recursos en pos de programas de capacitaci\u00f3n [&hellip;]","og_url":"https:\/\/patagoniambiental.com.ar\/info\/neuquen-practicas-educativas-en-eficiencia-energetica\/","og_site_name":"Patagonia Ambiental","article_publisher":"https:\/\/www.facebook.com\/patagonia.ambiental","article_author":"https:\/\/www.facebook.com\/share\/1C1V8Gv9BX\/?mibextid=qi2Omg","article_published_time":"2019-05-14T10:00:14+00:00","og_image":[{"width":1068,"height":528,"url":"https:\/\/patagoniambiental.com.ar\/info\/wp-content\/uploads\/2019\/05\/WEB-PRIMERA-registro-14-1068x528.jpg","type":"image\/jpeg"}],"author":"Patagonia Ambiental","twitter_card":"summary_large_image","twitter_creator":"@PatAmb","twitter_site":"@PatAmb","schema":{"@context":"https:\/\/schema.org","@graph":[{"@type":"Article","@id":"https:\/\/patagoniambiental.com.ar\/info\/neuquen-practicas-educativas-en-eficiencia-energetica\/#article","isPartOf":{"@id":"https:\/\/patagoniambiental.com.ar\/info\/neuquen-practicas-educativas-en-eficiencia-energetica\/"},"author":{"name":"Patagonia Ambiental","@id":"https:\/\/patagoniambiental.com.ar\/info\/#\/schema\/person\/db12bff64bbcbf6a253710bf0ea37b5d"},"headline":"Neuqu\u00e9n: Pr\u00e1cticas educativas en eficiencia energ\u00e9tica","datePublished":"2019-05-14T10:00:14+00:00","mainEntityOfPage":{"@id":"https:\/\/patagoniambiental.com.ar\/info\/neuquen-practicas-educativas-en-eficiencia-energetica\/"},"wordCount":563,"commentCount":0,"publisher":{"@id":"https:\/\/patagoniambiental.com.ar\/info\/#organization"},"image":{"@id":"https:\/\/patagoniambiental.com.ar\/info\/neuquen-practicas-educativas-en-eficiencia-energetica\/#primaryimage"},"thumbnailUrl":"https:\/\/patagoniambiental.com.ar\/info\/wp-content\/uploads\/2019\/05\/WEB-PRIMERA-registro-14-1068x528.jpg","articleSection":["Agenda Ambiental","Neuqu\u00e9n","Noticias"],"inLanguage":"es","potentialAction":[{"@type":"CommentAction","name":"Comment","target":["https:\/\/patagoniambiental.com.ar\/info\/neuquen-practicas-educativas-en-eficiencia-energetica\/#respond"]}]},{"@type":"WebPage","@id":"https:\/\/patagoniambiental.com.ar\/info\/neuquen-practicas-educativas-en-eficiencia-energetica\/","url":"https:\/\/patagoniambiental.com.ar\/info\/neuquen-practicas-educativas-en-eficiencia-energetica\/","name":"Neuqu\u00e9n: Pr\u00e1cticas educativas en eficiencia energ\u00e9tica","isPartOf":{"@id":"https:\/\/patagoniambiental.com.ar\/info\/#website"},"primaryImageOfPage":{"@id":"https:\/\/patagoniambiental.com.ar\/info\/neuquen-practicas-educativas-en-eficiencia-energetica\/#primaryimage"},"image":{"@id":"https:\/\/patagoniambiental.com.ar\/info\/neuquen-practicas-educativas-en-eficiencia-energetica\/#primaryimage"},"thumbnailUrl":"https:\/\/patagoniambiental.com.ar\/info\/wp-content\/uploads\/2019\/05\/WEB-PRIMERA-registro-14-1068x528.jpg","datePublished":"2019-05-14T10:00:14+00:00","breadcrumb":{"@id":"https:\/\/patagoniambiental.com.ar\/info\/neuquen-practicas-educativas-en-eficiencia-energetica\/#breadcrumb"},"inLanguage":"es","potentialAction":[{"@type":"ReadAction","target":["https:\/\/patagoniambiental.com.ar\/info\/neuquen-practicas-educativas-en-eficiencia-energetica\/"]}]},{"@type":"ImageObject","inLanguage":"es","@id":"https:\/\/patagoniambiental.com.ar\/info\/neuquen-practicas-educativas-en-eficiencia-energetica\/#primaryimage","url":"https:\/\/patagoniambiental.com.ar\/info\/wp-content\/uploads\/2019\/05\/WEB-PRIMERA-registro-14-1068x528.jpg","contentUrl":"https:\/\/patagoniambiental.com.ar\/info\/wp-content\/uploads\/2019\/05\/WEB-PRIMERA-registro-14-1068x528.jpg","width":1068,"height":528},{"@type":"BreadcrumbList","@id":"https:\/\/patagoniambiental.com.ar\/info\/neuquen-practicas-educativas-en-eficiencia-energetica\/#breadcrumb","itemListElement":[{"@type":"ListItem","position":1,"name":"Inicio","item":"https:\/\/patagoniambiental.com.ar\/info\/"},{"@type":"ListItem","position":2,"name":"Neuqu\u00e9n: Pr\u00e1cticas educativas en eficiencia energ\u00e9tica"}]},{"@type":"WebSite","@id":"https:\/\/patagoniambiental.com.ar\/info\/#website","url":"https:\/\/patagoniambiental.com.ar\/info\/","name":"Patagonia Ambiental","description":"Monitoreo y an\u00e1lisis de la situaci\u00f3n geopol\u00edtica en el mundo y su implicancia en la Patagonia","publisher":{"@id":"https:\/\/patagoniambiental.com.ar\/info\/#organization"},"potentialAction":[{"@type":"SearchAction","target":{"@type":"EntryPoint","urlTemplate":"https:\/\/patagoniambiental.com.ar\/info\/?s={search_term_string}"},"query-input":{"@type":"PropertyValueSpecification","valueRequired":true,"valueName":"search_term_string"}}],"inLanguage":"es"},{"@type":"Organization","@id":"https:\/\/patagoniambiental.com.ar\/info\/#organization","name":"Patagonia Ambiental","url":"https:\/\/patagoniambiental.com.ar\/info\/","logo":{"@type":"ImageObject","inLanguage":"es","@id":"https:\/\/patagoniambiental.com.ar\/info\/#\/schema\/logo\/image\/","url":"https:\/\/patagoniambiental.com.ar\/info\/wp-content\/uploads\/2025\/05\/LOGO-PATAGONIA-AMBIENTAL.png","contentUrl":"https:\/\/patagoniambiental.com.ar\/info\/wp-content\/uploads\/2025\/05\/LOGO-PATAGONIA-AMBIENTAL.png","width":433,"height":250,"caption":"Patagonia Ambiental"},"image":{"@id":"https:\/\/patagoniambiental.com.ar\/info\/#\/schema\/logo\/image\/"},"sameAs":["https:\/\/www.facebook.com\/patagonia.ambiental","https:\/\/x.com\/PatAmb"]},{"@type":"Person","@id":"https:\/\/patagoniambiental.com.ar\/info\/#\/schema\/person\/db12bff64bbcbf6a253710bf0ea37b5d","name":"Patagonia Ambiental","description":"Andr\u00e9s Nievas T\u00e9cnico en manejo ambiental, consultor Ambiental y escritor para medios locales e internacionales sobre temas de geopolitica y medio ambiente.","sameAs":["http:\/\/www.patagoniambiental.com.ar","https:\/\/www.facebook.com\/share\/1C1V8Gv9BX\/?mibextid=qi2Omg","@patagoniambiental","https:\/\/youtube.com\/@patagoniaambiental2023?si=BLt58t0wuXquxlYZ"]}]}},"_links":{"self":[{"href":"https:\/\/patagoniambiental.com.ar\/info\/wp-json\/wp\/v2\/posts\/61109","targetHints":{"allow":["GET"]}}],"collection":[{"href":"https:\/\/patagoniambiental.com.ar\/info\/wp-json\/wp\/v2\/posts"}],"about":[{"href":"https:\/\/patagoniambiental.com.ar\/info\/wp-json\/wp\/v2\/types\/post"}],"author":[{"embeddable":true,"href":"https:\/\/patagoniambiental.com.ar\/info\/wp-json\/wp\/v2\/users\/2"}],"replies":[{"embeddable":true,"href":"https:\/\/patagoniambiental.com.ar\/info\/wp-json\/wp\/v2\/comments?post=61109"}],"version-history":[{"count":0,"href":"https:\/\/patagoniambiental.com.ar\/info\/wp-json\/wp\/v2\/posts\/61109\/revisions"}],"wp:featuredmedia":[{"embeddable":true,"href":"https:\/\/patagoniambiental.com.ar\/info\/wp-json\/wp\/v2\/media\/61110"}],"wp:attachment":[{"href":"https:\/\/patagoniambiental.com.ar\/info\/wp-json\/wp\/v2\/media?parent=61109"}],"wp:term":[{"taxonomy":"category","embeddable":true,"href":"https:\/\/patagoniambiental.com.ar\/info\/wp-json\/wp\/v2\/categories?post=61109"},{"taxonomy":"post_tag","embeddable":true,"href":"https:\/\/patagoniambiental.com.ar\/info\/wp-json\/wp\/v2\/tags?post=61109"}],"curies":[{"name":"wp","href":"https:\/\/api.w.org\/{rel}","templated":true}]}}