{"id":61132,"date":"2019-05-22T07:00:29","date_gmt":"2019-05-22T10:00:29","guid":{"rendered":"http:\/\/patagoniambiental.com.ar\/info\/?p=61132"},"modified":"2019-05-20T15:27:01","modified_gmt":"2019-05-20T18:27:01","slug":"quieren-declarar-de-interes-un-proyecto-de-investigacion-sobre-la-mojarra-desnuda","status":"publish","type":"post","link":"https:\/\/patagoniambiental.com.ar\/info\/quieren-declarar-de-interes-un-proyecto-de-investigacion-sobre-la-mojarra-desnuda\/","title":{"rendered":"Quieren declarar de inter\u00e9s un proyecto de investigaci\u00f3n sobre la Mojarra desnuda"},"content":{"rendered":"<p>Valcheta.-La iniciativa es de la Legisladora Soraya Yauhar del Bloque legislativo UCR y fue presentado recientemente en el parlamento. Se trata del proyecto<strong><em> \u201cSentando las bases cient\u00edfico-t\u00e9cnicas para una conservaci\u00f3n integral de la Mojarra Desnuda, Monumento Natural de R\u00edo Negro\u201d\u00a0 <\/em><\/strong>al cual plantea declarar de \u00a0inter\u00e9s ambiental, educativo y cultural el proyecto.<!--more--><\/p>\n<p><strong><em>\u00a0<\/em><\/strong><\/p>\n<p>Fue presentado ante el Consejo Federal de Inversiones (CFI)y realizado con fondos provistos por el Estado provincial, mediante el cual se construir\u00e1 un documento cuyo objeto consiste en fundar los conocimientos cient\u00edfico-t\u00e9cnicos de base para el desarrollo de un Plan de Acci\u00f3n, que promueva el desarrollo de acciones orientadas a la conservaci\u00f3n de dos especies cr\u00edticamente amenazadas de Argentina, la Mojarra Desnuda y la Ranita del Valcheta.<\/p>\n<p>La Meseta del Somuncura constituye una unidad paisaj\u00edstica en la Regi\u00f3n Sur de nuestra provincia, la misma reviste de inter\u00e9s geomorfol\u00f3gico, geol\u00f3gico, clim\u00e1tico, biol\u00f3gico y ecol\u00f3gico, por sus caracter\u00edsticas \u00fanicas, en todo el territorio de la Patagon\u00eda Argentina.<\/p>\n<p>Respecto a su inter\u00e9s biol\u00f3gico, las caracter\u00edsticas insulares y la condici\u00f3n termal del Arroyo Valcheta, uno de los sitios con mayor valor faun\u00edstico de la zona, han dado lugar a varios endemismos, entre ellos dos especies de vertebrados la mojarra desnuda y la rana del Valcheta y tres especies end\u00e9micas de moluscos: Heleobia rionegrensis, Potamolithus valchetensi y la recientemente descubierta Potamolithus elenae.<\/p>\n<p>Acerca de la mojarra desnuda, la Uni\u00f3n Internacional para la Conservaci\u00f3n de la Naturaleza (IUCN) la ha categorizado en peligro de extinci\u00f3n, las amenazas identificadas para la especie incluyen el deterioro del h\u00e1bitat acu\u00e1tico por el pisoteo del ganado y sobrepastoreo, la contaminaci\u00f3n del agua, las capturas para el comercio ilegal, y las interacciones con las especies introducidas, en particular la depredaci\u00f3n de la trucha arco iris<\/p>\n<p>Su distribuci\u00f3n est\u00e1 restringida a las nacientes del Arroyo Valcheta, siendo el \u00fanico pez end\u00e9mico del \u00e1rea protegida. Se trata de una especie relictual que ha\u00a0 evolucionado aislada de cualquier otra especie de pez.<\/p>\n<p>En el a\u00f1o 2009 fue declarada por <em>Ley M N\u00b02783 \u201cMonumento Natural\u201d prohibiendo su captura, acoso, persecuci\u00f3n, tenencia, cautiverio, transporte, comercializaci\u00f3n de ejemplares, productos, subproductos y derivados y toda actividad que impacte negativamente sobre esta especie y su h\u00e1bitat.<\/em><\/p>\n<p>Con la finalidad de trabajar en la preservaci\u00f3n de la Mojarra Desnuda, y teniendo en cuenta que nuestra provincia viene realizando una perseverante labor al respecto, se dio inicio al proyecto <em>\u201cSentando las bases cient\u00edfico-t\u00e9cnicas para una conservaci\u00f3n integral de la Mojarra Desnuda, Monumento Natural de R\u00edo Negro\u201d<\/em>, presentado ante el Consejo Federal de Inversiones (CFI), actualmente se encuentra en la etapa final de presentaci\u00f3n\u00a0 de los resultados al (CFI),habiendo cumplido con todos los objetivos propuestos inicialmente.<\/p>\n<p>El proyecto de referencia, esencia fundamental de la presente iniciativa parlamentaria, es realizado con fondos provistos por el Estado Provincial y permitir\u00e1 construir un documento que manifieste las condiciones ambientales actuales del Arroyo Valcheta.<\/p>\n<p>Su objetivo principal es generar los conocimientos cient\u00edfico-t\u00e9cnicos de base para el desarrollo de un Plan de Acci\u00f3n que promueva el desarrollo de acciones orientadas a la conservaci\u00f3n del \u201cMonumento Provincial Mojarra Desnuda\u201d en el \u00c1rea Protegida de la Meseta de Somuncur\u00e1, e integrar efectivamente las pol\u00edticas ambientales de la Secretar\u00eda de Ambiente y Desarrollo Sustentable de nuestra provincia, a las necesidades de la poblaci\u00f3n local del Paraje Chipauquil.<\/p>\n<p>El Plan de Acci\u00f3n para la conservaci\u00f3n de la Mojarra Desnuda y su h\u00e1bitat, ser\u00e1 el puntapi\u00e9 inicial para el desarrollo de un manejo integral de las cabeceras del Arroyo Valcheta. Este manejo ser\u00e1 clave en el contexto de las pol\u00edticas de conservaci\u00f3n provinciales y nacionales, ya que no solo ser\u00e1 el primero de su tipo en el pa\u00eds, sino que permitir\u00e1 promover la conservaci\u00f3n de dos especies cr\u00edticamente amenazadas de Argentina, la Mojarra Desnuda y la Ranita del Valcheta, quien se ver\u00e1 beneficiada secundariamente por estas acciones.<\/p>\n<p>En el marco del proyecto de referencia se realizan talleres, con la intervenci\u00f3n de distintos representantes de la Secretar\u00eda de Ambiente de la Naci\u00f3n, de la Secretar\u00eda de Ambiente y Desarrollo Sustentable de nuestra provincia, del Consejo Federal de Inversiones, investigadores de la iniciativa Meseta Salvaje de la Universidad Nacional de La Plata (UNLP), del Centro de Investigaci\u00f3n Aplicada y Transferencia Tecnol\u00f3gicos en Recursos Marinos Almirante Storni, de la Universidad Nacional del Comahue y la Universidad Nacional de R\u00edo Negro.<\/p>\n<p>&nbsp;<\/p>\n<p>&nbsp;<\/p>\n<p>Fuente: Legislatura de Rio Negro<\/p>\n<p>&nbsp;<\/p>\n","protected":false},"excerpt":{"rendered":"<p>Valcheta.-La iniciativa es de la Legisladora Soraya Yauhar del Bloque legislativo UCR y fue presentado recientemente en el parlamento. Se [&hellip;]<\/p>\n","protected":false},"author":2,"featured_media":43400,"comment_status":"open","ping_status":"open","sticky":false,"template":"","format":"standard","meta":{"site-sidebar-layout":"default","site-content-layout":"","ast-site-content-layout":"default","site-content-style":"default","site-sidebar-style":"default","ast-global-header-display":"","ast-banner-title-visibility":"","ast-main-header-display":"","ast-hfb-above-header-display":"","ast-hfb-below-header-display":"","ast-hfb-mobile-header-display":"","site-post-title":"","ast-breadcrumbs-content":"","ast-featured-img":"","footer-sml-layout":"","ast-disable-related-posts":"","theme-transparent-header-meta":"","adv-header-id-meta":"","stick-header-meta":"","header-above-stick-meta":"","header-main-stick-meta":"","header-below-stick-meta":"","astra-migrate-meta-layouts":"default","ast-page-background-enabled":"default","ast-page-background-meta":{"desktop":{"background-color":"var(--ast-global-color-5)","background-image":"","background-repeat":"repeat","background-position":"center center","background-size":"auto","background-attachment":"scroll","background-type":"","background-media":"","overlay-type":"","overlay-color":"","overlay-opacity":"","overlay-gradient":""},"tablet":{"background-color":"","background-image":"","background-repeat":"repeat","background-position":"center center","background-size":"auto","background-attachment":"scroll","background-type":"","background-media":"","overlay-type":"","overlay-color":"","overlay-opacity":"","overlay-gradient":""},"mobile":{"background-color":"","background-image":"","background-repeat":"repeat","background-position":"center center","background-size":"auto","background-attachment":"scroll","background-type":"","background-media":"","overlay-type":"","overlay-color":"","overlay-opacity":"","overlay-gradient":""}},"ast-content-background-meta":{"desktop":{"background-color":"var(--ast-global-color-4)","background-image":"","background-repeat":"repeat","background-position":"center center","background-size":"auto","background-attachment":"scroll","background-type":"","background-media":"","overlay-type":"","overlay-color":"","overlay-opacity":"","overlay-gradient":""},"tablet":{"background-color":"var(--ast-global-color-4)","background-image":"","background-repeat":"repeat","background-position":"center center","background-size":"auto","background-attachment":"scroll","background-type":"","background-media":"","overlay-type":"","overlay-color":"","overlay-opacity":"","overlay-gradient":""},"mobile":{"background-color":"var(--ast-global-color-4)","background-image":"","background-repeat":"repeat","background-position":"center center","background-size":"auto","background-attachment":"scroll","background-type":"","background-media":"","overlay-type":"","overlay-color":"","overlay-opacity":"","overlay-gradient":""}},"footnotes":""},"categories":[1,13,14],"tags":[],"class_list":["post-61132","post","type-post","status-publish","format-standard","has-post-thumbnail","hentry","category-noticias","category-provinciales","category-rio-negro"],"yoast_head":"<!-- This site is optimized with the Yoast SEO Premium plugin v23.0 (Yoast SEO v27.4) - https:\/\/yoast.com\/product\/yoast-seo-premium-wordpress\/ -->\n<title>Quieren declarar de inter\u00e9s un proyecto de investigaci\u00f3n sobre la Mojarra desnuda<\/title>\n<meta name=\"robots\" content=\"index, follow, max-snippet:-1, max-image-preview:large, max-video-preview:-1\" \/>\n<link rel=\"canonical\" href=\"https:\/\/patagoniambiental.com.ar\/info\/quieren-declarar-de-interes-un-proyecto-de-investigacion-sobre-la-mojarra-desnuda\/\" \/>\n<meta property=\"og:locale\" content=\"es_ES\" \/>\n<meta property=\"og:type\" content=\"article\" \/>\n<meta property=\"og:title\" content=\"Quieren declarar de inter\u00e9s un proyecto de investigaci\u00f3n sobre la Mojarra desnuda\" \/>\n<meta property=\"og:description\" content=\"Valcheta.-La iniciativa es de la Legisladora Soraya Yauhar del Bloque legislativo UCR y fue presentado recientemente en el parlamento. Se [&hellip;]\" \/>\n<meta property=\"og:url\" content=\"https:\/\/patagoniambiental.com.ar\/info\/quieren-declarar-de-interes-un-proyecto-de-investigacion-sobre-la-mojarra-desnuda\/\" \/>\n<meta property=\"og:site_name\" content=\"Patagonia Ambiental\" \/>\n<meta property=\"article:publisher\" content=\"https:\/\/www.facebook.com\/patagonia.ambiental\" \/>\n<meta property=\"article:author\" content=\"https:\/\/www.facebook.com\/share\/1C1V8Gv9BX\/?mibextid=qi2Omg\" \/>\n<meta property=\"article:published_time\" content=\"2019-05-22T10:00:29+00:00\" \/>\n<meta property=\"og:image\" content=\"https:\/\/patagoniambiental.com.ar\/info\/wp-content\/uploads\/2018\/03\/mojarra.jpg\" \/>\n\t<meta property=\"og:image:width\" content=\"279\" \/>\n\t<meta property=\"og:image:height\" content=\"181\" \/>\n\t<meta property=\"og:image:type\" content=\"image\/jpeg\" \/>\n<meta name=\"author\" content=\"Patagonia Ambiental\" \/>\n<meta name=\"twitter:card\" content=\"summary_large_image\" \/>\n<meta name=\"twitter:creator\" content=\"@PatAmb\" \/>\n<meta name=\"twitter:site\" content=\"@PatAmb\" \/>\n<script type=\"application\/ld+json\" class=\"yoast-schema-graph\">{\"@context\":\"https:\\\/\\\/schema.org\",\"@graph\":[{\"@type\":\"Article\",\"@id\":\"https:\\\/\\\/patagoniambiental.com.ar\\\/info\\\/quieren-declarar-de-interes-un-proyecto-de-investigacion-sobre-la-mojarra-desnuda\\\/#article\",\"isPartOf\":{\"@id\":\"https:\\\/\\\/patagoniambiental.com.ar\\\/info\\\/quieren-declarar-de-interes-un-proyecto-de-investigacion-sobre-la-mojarra-desnuda\\\/\"},\"author\":{\"name\":\"Patagonia Ambiental\",\"@id\":\"https:\\\/\\\/patagoniambiental.com.ar\\\/info\\\/#\\\/schema\\\/person\\\/db12bff64bbcbf6a253710bf0ea37b5d\"},\"headline\":\"Quieren declarar de inter\u00e9s un proyecto de investigaci\u00f3n sobre la Mojarra desnuda\",\"datePublished\":\"2019-05-22T10:00:29+00:00\",\"mainEntityOfPage\":{\"@id\":\"https:\\\/\\\/patagoniambiental.com.ar\\\/info\\\/quieren-declarar-de-interes-un-proyecto-de-investigacion-sobre-la-mojarra-desnuda\\\/\"},\"wordCount\":798,\"commentCount\":0,\"publisher\":{\"@id\":\"https:\\\/\\\/patagoniambiental.com.ar\\\/info\\\/#organization\"},\"image\":{\"@id\":\"https:\\\/\\\/patagoniambiental.com.ar\\\/info\\\/quieren-declarar-de-interes-un-proyecto-de-investigacion-sobre-la-mojarra-desnuda\\\/#primaryimage\"},\"thumbnailUrl\":\"https:\\\/\\\/patagoniambiental.com.ar\\\/info\\\/wp-content\\\/uploads\\\/2018\\\/03\\\/mojarra.jpg\",\"articleSection\":[\"Noticias\",\"Provinciales\",\"R\u00edo Negro\"],\"inLanguage\":\"es\",\"potentialAction\":[{\"@type\":\"CommentAction\",\"name\":\"Comment\",\"target\":[\"https:\\\/\\\/patagoniambiental.com.ar\\\/info\\\/quieren-declarar-de-interes-un-proyecto-de-investigacion-sobre-la-mojarra-desnuda\\\/#respond\"]}]},{\"@type\":\"WebPage\",\"@id\":\"https:\\\/\\\/patagoniambiental.com.ar\\\/info\\\/quieren-declarar-de-interes-un-proyecto-de-investigacion-sobre-la-mojarra-desnuda\\\/\",\"url\":\"https:\\\/\\\/patagoniambiental.com.ar\\\/info\\\/quieren-declarar-de-interes-un-proyecto-de-investigacion-sobre-la-mojarra-desnuda\\\/\",\"name\":\"Quieren declarar de inter\u00e9s un proyecto de investigaci\u00f3n sobre la Mojarra desnuda\",\"isPartOf\":{\"@id\":\"https:\\\/\\\/patagoniambiental.com.ar\\\/info\\\/#website\"},\"primaryImageOfPage\":{\"@id\":\"https:\\\/\\\/patagoniambiental.com.ar\\\/info\\\/quieren-declarar-de-interes-un-proyecto-de-investigacion-sobre-la-mojarra-desnuda\\\/#primaryimage\"},\"image\":{\"@id\":\"https:\\\/\\\/patagoniambiental.com.ar\\\/info\\\/quieren-declarar-de-interes-un-proyecto-de-investigacion-sobre-la-mojarra-desnuda\\\/#primaryimage\"},\"thumbnailUrl\":\"https:\\\/\\\/patagoniambiental.com.ar\\\/info\\\/wp-content\\\/uploads\\\/2018\\\/03\\\/mojarra.jpg\",\"datePublished\":\"2019-05-22T10:00:29+00:00\",\"breadcrumb\":{\"@id\":\"https:\\\/\\\/patagoniambiental.com.ar\\\/info\\\/quieren-declarar-de-interes-un-proyecto-de-investigacion-sobre-la-mojarra-desnuda\\\/#breadcrumb\"},\"inLanguage\":\"es\",\"potentialAction\":[{\"@type\":\"ReadAction\",\"target\":[\"https:\\\/\\\/patagoniambiental.com.ar\\\/info\\\/quieren-declarar-de-interes-un-proyecto-de-investigacion-sobre-la-mojarra-desnuda\\\/\"]}]},{\"@type\":\"ImageObject\",\"inLanguage\":\"es\",\"@id\":\"https:\\\/\\\/patagoniambiental.com.ar\\\/info\\\/quieren-declarar-de-interes-un-proyecto-de-investigacion-sobre-la-mojarra-desnuda\\\/#primaryimage\",\"url\":\"https:\\\/\\\/patagoniambiental.com.ar\\\/info\\\/wp-content\\\/uploads\\\/2018\\\/03\\\/mojarra.jpg\",\"contentUrl\":\"https:\\\/\\\/patagoniambiental.com.ar\\\/info\\\/wp-content\\\/uploads\\\/2018\\\/03\\\/mojarra.jpg\",\"width\":279,\"height\":181},{\"@type\":\"BreadcrumbList\",\"@id\":\"https:\\\/\\\/patagoniambiental.com.ar\\\/info\\\/quieren-declarar-de-interes-un-proyecto-de-investigacion-sobre-la-mojarra-desnuda\\\/#breadcrumb\",\"itemListElement\":[{\"@type\":\"ListItem\",\"position\":1,\"name\":\"Inicio\",\"item\":\"https:\\\/\\\/patagoniambiental.com.ar\\\/info\\\/\"},{\"@type\":\"ListItem\",\"position\":2,\"name\":\"Quieren declarar de inter\u00e9s un proyecto de investigaci\u00f3n sobre la Mojarra desnuda\"}]},{\"@type\":\"WebSite\",\"@id\":\"https:\\\/\\\/patagoniambiental.com.ar\\\/info\\\/#website\",\"url\":\"https:\\\/\\\/patagoniambiental.com.ar\\\/info\\\/\",\"name\":\"Patagonia Ambiental\",\"description\":\"Monitoreo y an\u00e1lisis de la situaci\u00f3n geopol\u00edtica en el mundo y su implicancia en la Patagonia\",\"publisher\":{\"@id\":\"https:\\\/\\\/patagoniambiental.com.ar\\\/info\\\/#organization\"},\"potentialAction\":[{\"@type\":\"SearchAction\",\"target\":{\"@type\":\"EntryPoint\",\"urlTemplate\":\"https:\\\/\\\/patagoniambiental.com.ar\\\/info\\\/?s={search_term_string}\"},\"query-input\":{\"@type\":\"PropertyValueSpecification\",\"valueRequired\":true,\"valueName\":\"search_term_string\"}}],\"inLanguage\":\"es\"},{\"@type\":\"Organization\",\"@id\":\"https:\\\/\\\/patagoniambiental.com.ar\\\/info\\\/#organization\",\"name\":\"Patagonia Ambiental\",\"url\":\"https:\\\/\\\/patagoniambiental.com.ar\\\/info\\\/\",\"logo\":{\"@type\":\"ImageObject\",\"inLanguage\":\"es\",\"@id\":\"https:\\\/\\\/patagoniambiental.com.ar\\\/info\\\/#\\\/schema\\\/logo\\\/image\\\/\",\"url\":\"https:\\\/\\\/patagoniambiental.com.ar\\\/info\\\/wp-content\\\/uploads\\\/2025\\\/05\\\/LOGO-PATAGONIA-AMBIENTAL.png\",\"contentUrl\":\"https:\\\/\\\/patagoniambiental.com.ar\\\/info\\\/wp-content\\\/uploads\\\/2025\\\/05\\\/LOGO-PATAGONIA-AMBIENTAL.png\",\"width\":433,\"height\":250,\"caption\":\"Patagonia Ambiental\"},\"image\":{\"@id\":\"https:\\\/\\\/patagoniambiental.com.ar\\\/info\\\/#\\\/schema\\\/logo\\\/image\\\/\"},\"sameAs\":[\"https:\\\/\\\/www.facebook.com\\\/patagonia.ambiental\",\"https:\\\/\\\/x.com\\\/PatAmb\"]},{\"@type\":\"Person\",\"@id\":\"https:\\\/\\\/patagoniambiental.com.ar\\\/info\\\/#\\\/schema\\\/person\\\/db12bff64bbcbf6a253710bf0ea37b5d\",\"name\":\"Patagonia Ambiental\",\"description\":\"Andr\u00e9s Nievas T\u00e9cnico en manejo ambiental, consultor Ambiental y escritor para medios locales e internacionales sobre temas de geopolitica y medio ambiente.\",\"sameAs\":[\"http:\\\/\\\/www.patagoniambiental.com.ar\",\"https:\\\/\\\/www.facebook.com\\\/share\\\/1C1V8Gv9BX\\\/?mibextid=qi2Omg\",\"@patagoniambiental\",\"https:\\\/\\\/youtube.com\\\/@patagoniaambiental2023?si=BLt58t0wuXquxlYZ\"]}]}<\/script>\n<!-- \/ Yoast SEO Premium plugin. -->","yoast_head_json":{"title":"Quieren declarar de inter\u00e9s un proyecto de investigaci\u00f3n sobre la Mojarra desnuda","robots":{"index":"index","follow":"follow","max-snippet":"max-snippet:-1","max-image-preview":"max-image-preview:large","max-video-preview":"max-video-preview:-1"},"canonical":"https:\/\/patagoniambiental.com.ar\/info\/quieren-declarar-de-interes-un-proyecto-de-investigacion-sobre-la-mojarra-desnuda\/","og_locale":"es_ES","og_type":"article","og_title":"Quieren declarar de inter\u00e9s un proyecto de investigaci\u00f3n sobre la Mojarra desnuda","og_description":"Valcheta.-La iniciativa es de la Legisladora Soraya Yauhar del Bloque legislativo UCR y fue presentado recientemente en el parlamento. Se [&hellip;]","og_url":"https:\/\/patagoniambiental.com.ar\/info\/quieren-declarar-de-interes-un-proyecto-de-investigacion-sobre-la-mojarra-desnuda\/","og_site_name":"Patagonia Ambiental","article_publisher":"https:\/\/www.facebook.com\/patagonia.ambiental","article_author":"https:\/\/www.facebook.com\/share\/1C1V8Gv9BX\/?mibextid=qi2Omg","article_published_time":"2019-05-22T10:00:29+00:00","og_image":[{"width":279,"height":181,"url":"https:\/\/patagoniambiental.com.ar\/info\/wp-content\/uploads\/2018\/03\/mojarra.jpg","type":"image\/jpeg"}],"author":"Patagonia Ambiental","twitter_card":"summary_large_image","twitter_creator":"@PatAmb","twitter_site":"@PatAmb","schema":{"@context":"https:\/\/schema.org","@graph":[{"@type":"Article","@id":"https:\/\/patagoniambiental.com.ar\/info\/quieren-declarar-de-interes-un-proyecto-de-investigacion-sobre-la-mojarra-desnuda\/#article","isPartOf":{"@id":"https:\/\/patagoniambiental.com.ar\/info\/quieren-declarar-de-interes-un-proyecto-de-investigacion-sobre-la-mojarra-desnuda\/"},"author":{"name":"Patagonia Ambiental","@id":"https:\/\/patagoniambiental.com.ar\/info\/#\/schema\/person\/db12bff64bbcbf6a253710bf0ea37b5d"},"headline":"Quieren declarar de inter\u00e9s un proyecto de investigaci\u00f3n sobre la Mojarra desnuda","datePublished":"2019-05-22T10:00:29+00:00","mainEntityOfPage":{"@id":"https:\/\/patagoniambiental.com.ar\/info\/quieren-declarar-de-interes-un-proyecto-de-investigacion-sobre-la-mojarra-desnuda\/"},"wordCount":798,"commentCount":0,"publisher":{"@id":"https:\/\/patagoniambiental.com.ar\/info\/#organization"},"image":{"@id":"https:\/\/patagoniambiental.com.ar\/info\/quieren-declarar-de-interes-un-proyecto-de-investigacion-sobre-la-mojarra-desnuda\/#primaryimage"},"thumbnailUrl":"https:\/\/patagoniambiental.com.ar\/info\/wp-content\/uploads\/2018\/03\/mojarra.jpg","articleSection":["Noticias","Provinciales","R\u00edo Negro"],"inLanguage":"es","potentialAction":[{"@type":"CommentAction","name":"Comment","target":["https:\/\/patagoniambiental.com.ar\/info\/quieren-declarar-de-interes-un-proyecto-de-investigacion-sobre-la-mojarra-desnuda\/#respond"]}]},{"@type":"WebPage","@id":"https:\/\/patagoniambiental.com.ar\/info\/quieren-declarar-de-interes-un-proyecto-de-investigacion-sobre-la-mojarra-desnuda\/","url":"https:\/\/patagoniambiental.com.ar\/info\/quieren-declarar-de-interes-un-proyecto-de-investigacion-sobre-la-mojarra-desnuda\/","name":"Quieren declarar de inter\u00e9s un proyecto de investigaci\u00f3n sobre la Mojarra desnuda","isPartOf":{"@id":"https:\/\/patagoniambiental.com.ar\/info\/#website"},"primaryImageOfPage":{"@id":"https:\/\/patagoniambiental.com.ar\/info\/quieren-declarar-de-interes-un-proyecto-de-investigacion-sobre-la-mojarra-desnuda\/#primaryimage"},"image":{"@id":"https:\/\/patagoniambiental.com.ar\/info\/quieren-declarar-de-interes-un-proyecto-de-investigacion-sobre-la-mojarra-desnuda\/#primaryimage"},"thumbnailUrl":"https:\/\/patagoniambiental.com.ar\/info\/wp-content\/uploads\/2018\/03\/mojarra.jpg","datePublished":"2019-05-22T10:00:29+00:00","breadcrumb":{"@id":"https:\/\/patagoniambiental.com.ar\/info\/quieren-declarar-de-interes-un-proyecto-de-investigacion-sobre-la-mojarra-desnuda\/#breadcrumb"},"inLanguage":"es","potentialAction":[{"@type":"ReadAction","target":["https:\/\/patagoniambiental.com.ar\/info\/quieren-declarar-de-interes-un-proyecto-de-investigacion-sobre-la-mojarra-desnuda\/"]}]},{"@type":"ImageObject","inLanguage":"es","@id":"https:\/\/patagoniambiental.com.ar\/info\/quieren-declarar-de-interes-un-proyecto-de-investigacion-sobre-la-mojarra-desnuda\/#primaryimage","url":"https:\/\/patagoniambiental.com.ar\/info\/wp-content\/uploads\/2018\/03\/mojarra.jpg","contentUrl":"https:\/\/patagoniambiental.com.ar\/info\/wp-content\/uploads\/2018\/03\/mojarra.jpg","width":279,"height":181},{"@type":"BreadcrumbList","@id":"https:\/\/patagoniambiental.com.ar\/info\/quieren-declarar-de-interes-un-proyecto-de-investigacion-sobre-la-mojarra-desnuda\/#breadcrumb","itemListElement":[{"@type":"ListItem","position":1,"name":"Inicio","item":"https:\/\/patagoniambiental.com.ar\/info\/"},{"@type":"ListItem","position":2,"name":"Quieren declarar de inter\u00e9s un proyecto de investigaci\u00f3n sobre la Mojarra desnuda"}]},{"@type":"WebSite","@id":"https:\/\/patagoniambiental.com.ar\/info\/#website","url":"https:\/\/patagoniambiental.com.ar\/info\/","name":"Patagonia Ambiental","description":"Monitoreo y an\u00e1lisis de la situaci\u00f3n geopol\u00edtica en el mundo y su implicancia en la Patagonia","publisher":{"@id":"https:\/\/patagoniambiental.com.ar\/info\/#organization"},"potentialAction":[{"@type":"SearchAction","target":{"@type":"EntryPoint","urlTemplate":"https:\/\/patagoniambiental.com.ar\/info\/?s={search_term_string}"},"query-input":{"@type":"PropertyValueSpecification","valueRequired":true,"valueName":"search_term_string"}}],"inLanguage":"es"},{"@type":"Organization","@id":"https:\/\/patagoniambiental.com.ar\/info\/#organization","name":"Patagonia Ambiental","url":"https:\/\/patagoniambiental.com.ar\/info\/","logo":{"@type":"ImageObject","inLanguage":"es","@id":"https:\/\/patagoniambiental.com.ar\/info\/#\/schema\/logo\/image\/","url":"https:\/\/patagoniambiental.com.ar\/info\/wp-content\/uploads\/2025\/05\/LOGO-PATAGONIA-AMBIENTAL.png","contentUrl":"https:\/\/patagoniambiental.com.ar\/info\/wp-content\/uploads\/2025\/05\/LOGO-PATAGONIA-AMBIENTAL.png","width":433,"height":250,"caption":"Patagonia Ambiental"},"image":{"@id":"https:\/\/patagoniambiental.com.ar\/info\/#\/schema\/logo\/image\/"},"sameAs":["https:\/\/www.facebook.com\/patagonia.ambiental","https:\/\/x.com\/PatAmb"]},{"@type":"Person","@id":"https:\/\/patagoniambiental.com.ar\/info\/#\/schema\/person\/db12bff64bbcbf6a253710bf0ea37b5d","name":"Patagonia Ambiental","description":"Andr\u00e9s Nievas T\u00e9cnico en manejo ambiental, consultor Ambiental y escritor para medios locales e internacionales sobre temas de geopolitica y medio ambiente.","sameAs":["http:\/\/www.patagoniambiental.com.ar","https:\/\/www.facebook.com\/share\/1C1V8Gv9BX\/?mibextid=qi2Omg","@patagoniambiental","https:\/\/youtube.com\/@patagoniaambiental2023?si=BLt58t0wuXquxlYZ"]}]}},"_links":{"self":[{"href":"https:\/\/patagoniambiental.com.ar\/info\/wp-json\/wp\/v2\/posts\/61132","targetHints":{"allow":["GET"]}}],"collection":[{"href":"https:\/\/patagoniambiental.com.ar\/info\/wp-json\/wp\/v2\/posts"}],"about":[{"href":"https:\/\/patagoniambiental.com.ar\/info\/wp-json\/wp\/v2\/types\/post"}],"author":[{"embeddable":true,"href":"https:\/\/patagoniambiental.com.ar\/info\/wp-json\/wp\/v2\/users\/2"}],"replies":[{"embeddable":true,"href":"https:\/\/patagoniambiental.com.ar\/info\/wp-json\/wp\/v2\/comments?post=61132"}],"version-history":[{"count":0,"href":"https:\/\/patagoniambiental.com.ar\/info\/wp-json\/wp\/v2\/posts\/61132\/revisions"}],"wp:featuredmedia":[{"embeddable":true,"href":"https:\/\/patagoniambiental.com.ar\/info\/wp-json\/wp\/v2\/media\/43400"}],"wp:attachment":[{"href":"https:\/\/patagoniambiental.com.ar\/info\/wp-json\/wp\/v2\/media?parent=61132"}],"wp:term":[{"taxonomy":"category","embeddable":true,"href":"https:\/\/patagoniambiental.com.ar\/info\/wp-json\/wp\/v2\/categories?post=61132"},{"taxonomy":"post_tag","embeddable":true,"href":"https:\/\/patagoniambiental.com.ar\/info\/wp-json\/wp\/v2\/tags?post=61132"}],"curies":[{"name":"wp","href":"https:\/\/api.w.org\/{rel}","templated":true}]}}