{"id":61201,"date":"2019-06-03T07:00:43","date_gmt":"2019-06-03T10:00:43","guid":{"rendered":"http:\/\/patagoniambiental.com.ar\/info\/?p=61201"},"modified":"2019-05-31T11:30:10","modified_gmt":"2019-05-31T14:30:10","slug":"a-limpiar-ushuaia-te-invita-a-que-vos-tambien-asumas-tu-propio-compromiso-ambiental-que-proteja-a-la-patagonia-de-los-descartables","status":"publish","type":"post","link":"https:\/\/patagoniambiental.com.ar\/info\/a-limpiar-ushuaia-te-invita-a-que-vos-tambien-asumas-tu-propio-compromiso-ambiental-que-proteja-a-la-patagonia-de-los-descartables\/","title":{"rendered":"A Limpiar Ushuaia te invita a que vos tambi\u00e9n asumas tu propio compromiso ambiental que proteja a la Patagonia de los descartables!"},"content":{"rendered":"<div class=\"_1dwg _1w_m _q7o\">\n<div id=\"js_1p\" class=\"_5pbx userContent _3576\" data-testid=\"post_message\" data-ft=\"{&quot;tn&quot;:&quot;K&quot;}\">\n<div id=\"id_5cdd5b064f7d83737987823\" class=\"text_exposed_root text_exposed\">\n<p>Ushuaia.-Te invitamos a que vos tambi\u00e9n asumas tu propio compromiso ambiental que proteja a la Patagonia de los descartables!<\/p>\n<p><!--more--><br \/>\n.<img fetchpriority=\"high\" decoding=\"async\" class=\"scaledImageFitHeight img alignleft\" src=\"https:\/\/scontent.faep16-1.fna.fbcdn.net\/v\/t1.0-0\/s261x260\/60222042_786591758386985_8605007887099494400_n.jpg?_nc_cat=102&amp;_nc_eui2=AeGl1VzGqniOGydSkKEZW3qNfqBcoIo-A1S4V8JxagenUe6DDyfoiiQ0zLmM6yo4mJCzJJEP98mq1ZbfJ3gPSZoSNlbeW7drNUIH5vYOCA_Rzg&amp;_nc_pt=1&amp;_nc_ht=scontent.faep16-1.fna&amp;oh=ec3598d9ca0e24c3d63b5ae26b964edc&amp;oe=5D5702EF\" alt=\"La imagen puede contener: texto\" width=\"250\" height=\"250\" data-src=\"https:\/\/scontent.faep16-1.fna.fbcdn.net\/v\/t1.0-0\/s261x260\/60222042_786591758386985_8605007887099494400_n.jpg?_nc_cat=102&amp;_nc_eui2=AeGl1VzGqniOGydSkKEZW3qNfqBcoIo-A1S4V8JxagenUe6DDyfoiiQ0zLmM6yo4mJCzJJEP98mq1ZbfJ3gPSZoSNlbeW7drNUIH5vYOCA_Rzg&amp;_nc_pt=1&amp;_nc_ht=scontent.faep16-1.fna&amp;oh=ec3598d9ca0e24c3d63b5ae26b964edc&amp;oe=5D5702EF\" \/><br \/>\n<span class=\"_5mfr\"><span class=\"_6qdm\">\ud83d\ude44<\/span><\/span>Como asumir tu compromiso? F\u00e1cil!<br \/>\n<span class=\"_5mfr\"><span class=\"_6qdm\">\u27a1\ufe0f<\/span><\/span>Pens\u00e1 que tipo de pl\u00e1stico de un solo uso utilizas en tu vida cotidiana<br \/>\n<span class=\"_5mfr\"><span class=\"_6qdm\">\u27a1\ufe0f<\/span><\/span>F\u00edjate con qu\u00e9 lo podes reemplazar<span class=\"text_exposed_show\"><br \/>\n.<br \/>\n<span class=\"_5mfr\"><span class=\"_6qdm\">\ud83d\udca1<\/span><\/span>Si necesitas un empuj\u00f3n te dejamos esta idea: te proponemos que reemplaces las botellas de pl\u00e1stico descartable por tu propia botella reutilizable!\u00a0<span class=\"_5mfr\"><span class=\"_6qdm\">\u26f0<\/span><\/span>Aprovechemos nuestros privilegios de contar con agua potable de la monta\u00f1a!<br \/>\n.<br \/>\n<span class=\"_5mfr\"><span class=\"_6qdm\">\u2705<\/span><\/span>Recarguemos nuestras botellas y las llevemos siempre con nosotros\/as para que no haga falta comprar pl\u00e1stico descartable!<br \/>\n.<br \/>\n<span class=\"_5mfr\"><span class=\"_6qdm\">\ud83d\udca7<\/span><\/span>Ll\u00e9vala con vos al trabajo, a la escuela, oficina y patio de comidas! Y si no te dejan tener tu propia botella pedile agua de la canilla y expl\u00edcale que \u201casumiste el compromiso ambiental de A limpiar Ushuaia\u201d<br \/>\n.<br \/>\n<span class=\"_5mfr\"><span class=\"_6qdm\">\ud83d\ude0a<\/span><\/span><span class=\"_5mfr\"><span class=\"_6qdm\">\u267b\ufe0f<\/span><\/span>Los peque\u00f1os cambios siempre hacen la diferencia!<br \/>\n.<br \/>\n<a class=\"_58cn\" href=\"https:\/\/www.facebook.com\/hashtag\/compromisoambiental?source=feed_text&amp;epa=HASHTAG&amp;__xts__%5B0%5D=68.ARAsXjYvvNDcjvmO1IGoWGUbntNTyLmxP2n5Tmkfk1syU-Z_7H2vaAVDyB6CBR044E00aMReqJn-JRcrHpV-4OsPneASrfj9Trgi45wfOIum2oewCdWaO71YQ-euWxbiLtXhU-fFO6DEZX9UMXXDDS2_pgQRmUKRMFmKRt2PA5kfspzQ9eSgvVcWkLf8RntUYdrVLOicRS0f5KcfuaFi65WT1tP_Bzzy5im0Q3txGuvi-KWtoRYA6c21AK1hdSC87BiHr4QFjSWusB7X3LOAlroOFQe_ITeK3frKT8z0nskoxGIspKj7cW94UXFoamYpxGcc5Ftm8CZ7ozgmbuttHro&amp;__tn__=%2ANK-R\" data-ft=\"{&quot;type&quot;:104,&quot;tn&quot;:&quot;*N&quot;}\"><span class=\"_5afx\"><span class=\"_58cl _5afz\" aria-label=\"hashtag\">#<\/span><span class=\"_58cm\">CompromisoAmbiental<\/span><\/span><\/a>\u00a0<a class=\"_58cn\" href=\"https:\/\/www.facebook.com\/hashtag\/reducir?source=feed_text&amp;epa=HASHTAG&amp;__xts__%5B0%5D=68.ARAsXjYvvNDcjvmO1IGoWGUbntNTyLmxP2n5Tmkfk1syU-Z_7H2vaAVDyB6CBR044E00aMReqJn-JRcrHpV-4OsPneASrfj9Trgi45wfOIum2oewCdWaO71YQ-euWxbiLtXhU-fFO6DEZX9UMXXDDS2_pgQRmUKRMFmKRt2PA5kfspzQ9eSgvVcWkLf8RntUYdrVLOicRS0f5KcfuaFi65WT1tP_Bzzy5im0Q3txGuvi-KWtoRYA6c21AK1hdSC87BiHr4QFjSWusB7X3LOAlroOFQe_ITeK3frKT8z0nskoxGIspKj7cW94UXFoamYpxGcc5Ftm8CZ7ozgmbuttHro&amp;__tn__=%2ANK-R\" data-ft=\"{&quot;type&quot;:104,&quot;tn&quot;:&quot;*N&quot;}\"><span class=\"_5afx\"><span class=\"_58cl _5afz\" aria-label=\"hashtag\">#<\/span><span class=\"_58cm\">Reducir<\/span><\/span><\/a>\u00a0<a class=\"_58cn\" href=\"https:\/\/www.facebook.com\/hashtag\/bastadeplasticos?source=feed_text&amp;epa=HASHTAG&amp;__xts__%5B0%5D=68.ARAsXjYvvNDcjvmO1IGoWGUbntNTyLmxP2n5Tmkfk1syU-Z_7H2vaAVDyB6CBR044E00aMReqJn-JRcrHpV-4OsPneASrfj9Trgi45wfOIum2oewCdWaO71YQ-euWxbiLtXhU-fFO6DEZX9UMXXDDS2_pgQRmUKRMFmKRt2PA5kfspzQ9eSgvVcWkLf8RntUYdrVLOicRS0f5KcfuaFi65WT1tP_Bzzy5im0Q3txGuvi-KWtoRYA6c21AK1hdSC87BiHr4QFjSWusB7X3LOAlroOFQe_ITeK3frKT8z0nskoxGIspKj7cW94UXFoamYpxGcc5Ftm8CZ7ozgmbuttHro&amp;__tn__=%2ANK-R\" data-ft=\"{&quot;type&quot;:104,&quot;tn&quot;:&quot;*N&quot;}\"><span class=\"_5afx\"><span class=\"_58cl _5afz\" aria-label=\"hashtag\">#<\/span><span class=\"_58cm\">bastadeplasticos<\/span><\/span><\/a>\u00a0<a class=\"_58cn\" href=\"https:\/\/www.facebook.com\/hashtag\/plasticfree?source=feed_text&amp;epa=HASHTAG&amp;__xts__%5B0%5D=68.ARAsXjYvvNDcjvmO1IGoWGUbntNTyLmxP2n5Tmkfk1syU-Z_7H2vaAVDyB6CBR044E00aMReqJn-JRcrHpV-4OsPneASrfj9Trgi45wfOIum2oewCdWaO71YQ-euWxbiLtXhU-fFO6DEZX9UMXXDDS2_pgQRmUKRMFmKRt2PA5kfspzQ9eSgvVcWkLf8RntUYdrVLOicRS0f5KcfuaFi65WT1tP_Bzzy5im0Q3txGuvi-KWtoRYA6c21AK1hdSC87BiHr4QFjSWusB7X3LOAlroOFQe_ITeK3frKT8z0nskoxGIspKj7cW94UXFoamYpxGcc5Ftm8CZ7ozgmbuttHro&amp;__tn__=%2ANK-R\" data-ft=\"{&quot;type&quot;:104,&quot;tn&quot;:&quot;*N&quot;}\"><span class=\"_5afx\"><span class=\"_58cl _5afz\" aria-label=\"hashtag\">#<\/span><span class=\"_58cm\">Plasticfree<\/span><\/span><\/a><a class=\"_58cn\" href=\"https:\/\/www.facebook.com\/hashtag\/economiacircular?source=feed_text&amp;epa=HASHTAG&amp;__xts__%5B0%5D=68.ARAsXjYvvNDcjvmO1IGoWGUbntNTyLmxP2n5Tmkfk1syU-Z_7H2vaAVDyB6CBR044E00aMReqJn-JRcrHpV-4OsPneASrfj9Trgi45wfOIum2oewCdWaO71YQ-euWxbiLtXhU-fFO6DEZX9UMXXDDS2_pgQRmUKRMFmKRt2PA5kfspzQ9eSgvVcWkLf8RntUYdrVLOicRS0f5KcfuaFi65WT1tP_Bzzy5im0Q3txGuvi-KWtoRYA6c21AK1hdSC87BiHr4QFjSWusB7X3LOAlroOFQe_ITeK3frKT8z0nskoxGIspKj7cW94UXFoamYpxGcc5Ftm8CZ7ozgmbuttHro&amp;__tn__=%2ANK-R\" data-ft=\"{&quot;type&quot;:104,&quot;tn&quot;:&quot;*N&quot;}\"><span class=\"_5afx\"><span class=\"_58cl _5afz\" aria-label=\"hashtag\">#<\/span><span class=\"_58cm\">economiacircular<\/span><\/span><\/a>\u00a0<a class=\"_58cn\" href=\"https:\/\/www.facebook.com\/hashtag\/argentina?source=feed_text&amp;epa=HASHTAG&amp;__xts__%5B0%5D=68.ARAsXjYvvNDcjvmO1IGoWGUbntNTyLmxP2n5Tmkfk1syU-Z_7H2vaAVDyB6CBR044E00aMReqJn-JRcrHpV-4OsPneASrfj9Trgi45wfOIum2oewCdWaO71YQ-euWxbiLtXhU-fFO6DEZX9UMXXDDS2_pgQRmUKRMFmKRt2PA5kfspzQ9eSgvVcWkLf8RntUYdrVLOicRS0f5KcfuaFi65WT1tP_Bzzy5im0Q3txGuvi-KWtoRYA6c21AK1hdSC87BiHr4QFjSWusB7X3LOAlroOFQe_ITeK3frKT8z0nskoxGIspKj7cW94UXFoamYpxGcc5Ftm8CZ7ozgmbuttHro&amp;__tn__=%2ANK-R\" data-ft=\"{&quot;type&quot;:104,&quot;tn&quot;:&quot;*N&quot;}\"><span class=\"_5afx\"><span class=\"_58cl _5afz\" aria-label=\"hashtag\">#<\/span><span class=\"_58cm\">Argentina<\/span><\/span><\/a>\u00a0<a class=\"_58cn\" href=\"https:\/\/www.facebook.com\/hashtag\/patagonia?source=feed_text&amp;epa=HASHTAG&amp;__xts__%5B0%5D=68.ARAsXjYvvNDcjvmO1IGoWGUbntNTyLmxP2n5Tmkfk1syU-Z_7H2vaAVDyB6CBR044E00aMReqJn-JRcrHpV-4OsPneASrfj9Trgi45wfOIum2oewCdWaO71YQ-euWxbiLtXhU-fFO6DEZX9UMXXDDS2_pgQRmUKRMFmKRt2PA5kfspzQ9eSgvVcWkLf8RntUYdrVLOicRS0f5KcfuaFi65WT1tP_Bzzy5im0Q3txGuvi-KWtoRYA6c21AK1hdSC87BiHr4QFjSWusB7X3LOAlroOFQe_ITeK3frKT8z0nskoxGIspKj7cW94UXFoamYpxGcc5Ftm8CZ7ozgmbuttHro&amp;__tn__=%2ANK-R\" data-ft=\"{&quot;type&quot;:104,&quot;tn&quot;:&quot;*N&quot;}\"><span class=\"_5afx\"><span class=\"_58cl _5afz\" aria-label=\"hashtag\">#<\/span><span class=\"_58cm\">Patagonia<\/span><\/span><\/a>\u00a0<a class=\"_58cn\" href=\"https:\/\/www.facebook.com\/hashtag\/planetaoplastico?source=feed_text&amp;epa=HASHTAG&amp;__xts__%5B0%5D=68.ARAsXjYvvNDcjvmO1IGoWGUbntNTyLmxP2n5Tmkfk1syU-Z_7H2vaAVDyB6CBR044E00aMReqJn-JRcrHpV-4OsPneASrfj9Trgi45wfOIum2oewCdWaO71YQ-euWxbiLtXhU-fFO6DEZX9UMXXDDS2_pgQRmUKRMFmKRt2PA5kfspzQ9eSgvVcWkLf8RntUYdrVLOicRS0f5KcfuaFi65WT1tP_Bzzy5im0Q3txGuvi-KWtoRYA6c21AK1hdSC87BiHr4QFjSWusB7X3LOAlroOFQe_ITeK3frKT8z0nskoxGIspKj7cW94UXFoamYpxGcc5Ftm8CZ7ozgmbuttHro&amp;__tn__=%2ANK-R\" data-ft=\"{&quot;type&quot;:104,&quot;tn&quot;:&quot;*N&quot;}\"><span class=\"_5afx\"><span class=\"_58cl _5afz\" aria-label=\"hashtag\">#<\/span><span class=\"_58cm\">Planetaoplastico<\/span><\/span><\/a><a class=\"_58cn\" href=\"https:\/\/www.facebook.com\/hashtag\/patagoniaoplastico?source=feed_text&amp;epa=HASHTAG&amp;__xts__%5B0%5D=68.ARAsXjYvvNDcjvmO1IGoWGUbntNTyLmxP2n5Tmkfk1syU-Z_7H2vaAVDyB6CBR044E00aMReqJn-JRcrHpV-4OsPneASrfj9Trgi45wfOIum2oewCdWaO71YQ-euWxbiLtXhU-fFO6DEZX9UMXXDDS2_pgQRmUKRMFmKRt2PA5kfspzQ9eSgvVcWkLf8RntUYdrVLOicRS0f5KcfuaFi65WT1tP_Bzzy5im0Q3txGuvi-KWtoRYA6c21AK1hdSC87BiHr4QFjSWusB7X3LOAlroOFQe_ITeK3frKT8z0nskoxGIspKj7cW94UXFoamYpxGcc5Ftm8CZ7ozgmbuttHro&amp;__tn__=%2ANK-R\" data-ft=\"{&quot;type&quot;:104,&quot;tn&quot;:&quot;*N&quot;}\"><span class=\"_5afx\"><span class=\"_58cl _5afz\" aria-label=\"hashtag\">#<\/span><span class=\"_58cm\">PatagoniaoPlastico<\/span><\/span><\/a><\/span><\/p>\n<\/div>\n<\/div>\n<div class=\"_3x-2\" data-ft=\"{&quot;tn&quot;:&quot;H&quot;}\">\n<div data-ft=\"{&quot;tn&quot;:&quot;H&quot;}\">\n<div class=\"mtm\">\n<div class=\"_2a2q _65sr\">\n<div class=\"uiScaledImageContainer\"><\/div>\n<div class=\"uiScaledImageContainer\"><img decoding=\"async\" class=\"scaledImageFitHeight img\" src=\"https:\/\/scontent.faep16-1.fna.fbcdn.net\/v\/t1.0-0\/s261x260\/60140285_786591801720314_5946473455007301632_n.jpg?_nc_cat=100&amp;_nc_eui2=AeGUJkbX0WN2va7L1BLhL_OEkPIk6qAodvtDM4NLq4aWYCtHycGCX6lsA3ZMSUEnMui0Usd4Vh7FKMlpV4LgL13hpyBP0nfZ-TeTTs6jElgxQw&amp;_nc_pt=1&amp;_nc_ht=scontent.faep16-1.fna&amp;oh=1181fc12ff5fb4897ac4ff9b52edb214&amp;oe=5D61321D\" alt=\"La imagen puede contener: texto\" width=\"250\" height=\"250\" data-src=\"https:\/\/scontent.faep16-1.fna.fbcdn.net\/v\/t1.0-0\/s261x260\/60140285_786591801720314_5946473455007301632_n.jpg?_nc_cat=100&amp;_nc_eui2=AeGUJkbX0WN2va7L1BLhL_OEkPIk6qAodvtDM4NLq4aWYCtHycGCX6lsA3ZMSUEnMui0Usd4Vh7FKMlpV4LgL13hpyBP0nfZ-TeTTs6jElgxQw&amp;_nc_pt=1&amp;_nc_ht=scontent.faep16-1.fna&amp;oh=1181fc12ff5fb4897ac4ff9b52edb214&amp;oe=5D61321D\" \/><\/div>\n<div>Fuente: A Limpiar Ushuaia<\/div>\n<\/div>\n<\/div>\n<\/div>\n<\/div>\n<div><\/div>\n<\/div>\n<p>&nbsp;<\/p>\n<div>\n<form id=\"u_0_1h\" class=\"commentable_item\" action=\"https:\/\/www.facebook.com\/ajax\/ufi\/modify.php\" method=\"post\" data-ft=\"{&quot;tn&quot;:&quot;]&quot;}\">\n<div class=\"_4299\">\n<div class=\"_5vsi\"><\/div>\n<div class=\"_78bu\">\n<div class=\"_68wo\" data-testid=\"fbFeedStoryUFI\/feedbackSummary\">\n<div class=\"_3vum\">\n<div class=\"_66lg\"><\/div>\n<\/div>\n<\/div>\n<\/div>\n<\/div>\n<\/form>\n<\/div>\n","protected":false},"excerpt":{"rendered":"<p>Ushuaia.-Te invitamos a que vos tambi\u00e9n asumas tu propio compromiso ambiental que proteja a la Patagonia de los descartables!<\/p>\n","protected":false},"author":2,"featured_media":61202,"comment_status":"open","ping_status":"open","sticky":false,"template":"","format":"standard","meta":{"site-sidebar-layout":"default","site-content-layout":"","ast-site-content-layout":"default","site-content-style":"default","site-sidebar-style":"default","ast-global-header-display":"","ast-banner-title-visibility":"","ast-main-header-display":"","ast-hfb-above-header-display":"","ast-hfb-below-header-display":"","ast-hfb-mobile-header-display":"","site-post-title":"","ast-breadcrumbs-content":"","ast-featured-img":"","footer-sml-layout":"","ast-disable-related-posts":"","theme-transparent-header-meta":"","adv-header-id-meta":"","stick-header-meta":"","header-above-stick-meta":"","header-main-stick-meta":"","header-below-stick-meta":"","astra-migrate-meta-layouts":"default","ast-page-background-enabled":"default","ast-page-background-meta":{"desktop":{"background-color":"var(--ast-global-color-5)","background-image":"","background-repeat":"repeat","background-position":"center center","background-size":"auto","background-attachment":"scroll","background-type":"","background-media":"","overlay-type":"","overlay-color":"","overlay-opacity":"","overlay-gradient":""},"tablet":{"background-color":"","background-image":"","background-repeat":"repeat","background-position":"center center","background-size":"auto","background-attachment":"scroll","background-type":"","background-media":"","overlay-type":"","overlay-color":"","overlay-opacity":"","overlay-gradient":""},"mobile":{"background-color":"","background-image":"","background-repeat":"repeat","background-position":"center center","background-size":"auto","background-attachment":"scroll","background-type":"","background-media":"","overlay-type":"","overlay-color":"","overlay-opacity":"","overlay-gradient":""}},"ast-content-background-meta":{"desktop":{"background-color":"var(--ast-global-color-4)","background-image":"","background-repeat":"repeat","background-position":"center center","background-size":"auto","background-attachment":"scroll","background-type":"","background-media":"","overlay-type":"","overlay-color":"","overlay-opacity":"","overlay-gradient":""},"tablet":{"background-color":"var(--ast-global-color-4)","background-image":"","background-repeat":"repeat","background-position":"center center","background-size":"auto","background-attachment":"scroll","background-type":"","background-media":"","overlay-type":"","overlay-color":"","overlay-opacity":"","overlay-gradient":""},"mobile":{"background-color":"var(--ast-global-color-4)","background-image":"","background-repeat":"repeat","background-position":"center center","background-size":"auto","background-attachment":"scroll","background-type":"","background-media":"","overlay-type":"","overlay-color":"","overlay-opacity":"","overlay-gradient":""}},"footnotes":""},"categories":[12,3357,1,3],"tags":[],"class_list":["post-61201","post","type-post","status-publish","format-standard","has-post-thumbnail","hentry","category-agenda-ambiental","category-girsu","category-noticias","category-ong"],"yoast_head":"<!-- This site is optimized with the Yoast SEO Premium plugin v23.0 (Yoast SEO v27.5) - https:\/\/yoast.com\/product\/yoast-seo-premium-wordpress\/ -->\n<title>A Limpiar Ushuaia te invita a que vos tambi\u00e9n asumas tu propio compromiso ambiental que proteja a la Patagonia de los descartables!<\/title>\n<meta name=\"robots\" content=\"index, follow, max-snippet:-1, max-image-preview:large, max-video-preview:-1\" \/>\n<link rel=\"canonical\" href=\"https:\/\/patagoniambiental.com.ar\/info\/a-limpiar-ushuaia-te-invita-a-que-vos-tambien-asumas-tu-propio-compromiso-ambiental-que-proteja-a-la-patagonia-de-los-descartables\/\" \/>\n<meta property=\"og:locale\" content=\"es_ES\" \/>\n<meta property=\"og:type\" content=\"article\" \/>\n<meta property=\"og:title\" content=\"A Limpiar Ushuaia te invita a que vos tambi\u00e9n asumas tu propio compromiso ambiental que proteja a la Patagonia de los descartables!\" \/>\n<meta property=\"og:description\" content=\"Ushuaia.-Te invitamos a que vos tambi\u00e9n asumas tu propio compromiso ambiental que proteja a la Patagonia de los descartables!\" \/>\n<meta property=\"og:url\" content=\"https:\/\/patagoniambiental.com.ar\/info\/a-limpiar-ushuaia-te-invita-a-que-vos-tambien-asumas-tu-propio-compromiso-ambiental-que-proteja-a-la-patagonia-de-los-descartables\/\" \/>\n<meta property=\"og:site_name\" content=\"Patagonia Ambiental\" \/>\n<meta property=\"article:publisher\" content=\"https:\/\/www.facebook.com\/patagonia.ambiental\" \/>\n<meta property=\"article:author\" content=\"https:\/\/www.facebook.com\/share\/1C1V8Gv9BX\/?mibextid=qi2Omg\" \/>\n<meta property=\"article:published_time\" content=\"2019-06-03T10:00:43+00:00\" \/>\n<meta property=\"og:image\" content=\"https:\/\/patagoniambiental.com.ar\/info\/wp-content\/uploads\/2019\/05\/60222042_786591758386985_8605007887099494400_n.jpg\" \/>\n\t<meta property=\"og:image:width\" content=\"260\" \/>\n\t<meta property=\"og:image:height\" content=\"260\" \/>\n\t<meta property=\"og:image:type\" content=\"image\/jpeg\" \/>\n<meta name=\"author\" content=\"Patagonia Ambiental\" \/>\n<meta name=\"twitter:card\" content=\"summary_large_image\" \/>\n<meta name=\"twitter:creator\" content=\"@PatAmb\" \/>\n<meta name=\"twitter:site\" content=\"@PatAmb\" \/>\n<script type=\"application\/ld+json\" class=\"yoast-schema-graph\">{\"@context\":\"https:\\\/\\\/schema.org\",\"@graph\":[{\"@type\":\"Article\",\"@id\":\"https:\\\/\\\/patagoniambiental.com.ar\\\/info\\\/a-limpiar-ushuaia-te-invita-a-que-vos-tambien-asumas-tu-propio-compromiso-ambiental-que-proteja-a-la-patagonia-de-los-descartables\\\/#article\",\"isPartOf\":{\"@id\":\"https:\\\/\\\/patagoniambiental.com.ar\\\/info\\\/a-limpiar-ushuaia-te-invita-a-que-vos-tambien-asumas-tu-propio-compromiso-ambiental-que-proteja-a-la-patagonia-de-los-descartables\\\/\"},\"author\":{\"name\":\"Patagonia Ambiental\",\"@id\":\"https:\\\/\\\/patagoniambiental.com.ar\\\/info\\\/#\\\/schema\\\/person\\\/db12bff64bbcbf6a253710bf0ea37b5d\"},\"headline\":\"A Limpiar Ushuaia te invita a que vos tambi\u00e9n asumas tu propio compromiso ambiental que proteja a la Patagonia de los descartables!\",\"datePublished\":\"2019-06-03T10:00:43+00:00\",\"mainEntityOfPage\":{\"@id\":\"https:\\\/\\\/patagoniambiental.com.ar\\\/info\\\/a-limpiar-ushuaia-te-invita-a-que-vos-tambien-asumas-tu-propio-compromiso-ambiental-que-proteja-a-la-patagonia-de-los-descartables\\\/\"},\"wordCount\":189,\"commentCount\":0,\"publisher\":{\"@id\":\"https:\\\/\\\/patagoniambiental.com.ar\\\/info\\\/#organization\"},\"image\":{\"@id\":\"https:\\\/\\\/patagoniambiental.com.ar\\\/info\\\/a-limpiar-ushuaia-te-invita-a-que-vos-tambien-asumas-tu-propio-compromiso-ambiental-que-proteja-a-la-patagonia-de-los-descartables\\\/#primaryimage\"},\"thumbnailUrl\":\"https:\\\/\\\/patagoniambiental.com.ar\\\/info\\\/wp-content\\\/uploads\\\/2019\\\/05\\\/60222042_786591758386985_8605007887099494400_n.jpg\",\"articleSection\":[\"Agenda Ambiental\",\"GIRSU\",\"Noticias\",\"ONG\"],\"inLanguage\":\"es\",\"potentialAction\":[{\"@type\":\"CommentAction\",\"name\":\"Comment\",\"target\":[\"https:\\\/\\\/patagoniambiental.com.ar\\\/info\\\/a-limpiar-ushuaia-te-invita-a-que-vos-tambien-asumas-tu-propio-compromiso-ambiental-que-proteja-a-la-patagonia-de-los-descartables\\\/#respond\"]}]},{\"@type\":\"WebPage\",\"@id\":\"https:\\\/\\\/patagoniambiental.com.ar\\\/info\\\/a-limpiar-ushuaia-te-invita-a-que-vos-tambien-asumas-tu-propio-compromiso-ambiental-que-proteja-a-la-patagonia-de-los-descartables\\\/\",\"url\":\"https:\\\/\\\/patagoniambiental.com.ar\\\/info\\\/a-limpiar-ushuaia-te-invita-a-que-vos-tambien-asumas-tu-propio-compromiso-ambiental-que-proteja-a-la-patagonia-de-los-descartables\\\/\",\"name\":\"A Limpiar Ushuaia te invita a que vos tambi\u00e9n asumas tu propio compromiso ambiental que proteja a la Patagonia de los descartables!\",\"isPartOf\":{\"@id\":\"https:\\\/\\\/patagoniambiental.com.ar\\\/info\\\/#website\"},\"primaryImageOfPage\":{\"@id\":\"https:\\\/\\\/patagoniambiental.com.ar\\\/info\\\/a-limpiar-ushuaia-te-invita-a-que-vos-tambien-asumas-tu-propio-compromiso-ambiental-que-proteja-a-la-patagonia-de-los-descartables\\\/#primaryimage\"},\"image\":{\"@id\":\"https:\\\/\\\/patagoniambiental.com.ar\\\/info\\\/a-limpiar-ushuaia-te-invita-a-que-vos-tambien-asumas-tu-propio-compromiso-ambiental-que-proteja-a-la-patagonia-de-los-descartables\\\/#primaryimage\"},\"thumbnailUrl\":\"https:\\\/\\\/patagoniambiental.com.ar\\\/info\\\/wp-content\\\/uploads\\\/2019\\\/05\\\/60222042_786591758386985_8605007887099494400_n.jpg\",\"datePublished\":\"2019-06-03T10:00:43+00:00\",\"breadcrumb\":{\"@id\":\"https:\\\/\\\/patagoniambiental.com.ar\\\/info\\\/a-limpiar-ushuaia-te-invita-a-que-vos-tambien-asumas-tu-propio-compromiso-ambiental-que-proteja-a-la-patagonia-de-los-descartables\\\/#breadcrumb\"},\"inLanguage\":\"es\",\"potentialAction\":[{\"@type\":\"ReadAction\",\"target\":[\"https:\\\/\\\/patagoniambiental.com.ar\\\/info\\\/a-limpiar-ushuaia-te-invita-a-que-vos-tambien-asumas-tu-propio-compromiso-ambiental-que-proteja-a-la-patagonia-de-los-descartables\\\/\"]}]},{\"@type\":\"ImageObject\",\"inLanguage\":\"es\",\"@id\":\"https:\\\/\\\/patagoniambiental.com.ar\\\/info\\\/a-limpiar-ushuaia-te-invita-a-que-vos-tambien-asumas-tu-propio-compromiso-ambiental-que-proteja-a-la-patagonia-de-los-descartables\\\/#primaryimage\",\"url\":\"https:\\\/\\\/patagoniambiental.com.ar\\\/info\\\/wp-content\\\/uploads\\\/2019\\\/05\\\/60222042_786591758386985_8605007887099494400_n.jpg\",\"contentUrl\":\"https:\\\/\\\/patagoniambiental.com.ar\\\/info\\\/wp-content\\\/uploads\\\/2019\\\/05\\\/60222042_786591758386985_8605007887099494400_n.jpg\",\"width\":260,\"height\":260},{\"@type\":\"BreadcrumbList\",\"@id\":\"https:\\\/\\\/patagoniambiental.com.ar\\\/info\\\/a-limpiar-ushuaia-te-invita-a-que-vos-tambien-asumas-tu-propio-compromiso-ambiental-que-proteja-a-la-patagonia-de-los-descartables\\\/#breadcrumb\",\"itemListElement\":[{\"@type\":\"ListItem\",\"position\":1,\"name\":\"Inicio\",\"item\":\"https:\\\/\\\/patagoniambiental.com.ar\\\/info\\\/\"},{\"@type\":\"ListItem\",\"position\":2,\"name\":\"A Limpiar Ushuaia te invita a que vos tambi\u00e9n asumas tu propio compromiso ambiental que proteja a la Patagonia de los descartables!\"}]},{\"@type\":\"WebSite\",\"@id\":\"https:\\\/\\\/patagoniambiental.com.ar\\\/info\\\/#website\",\"url\":\"https:\\\/\\\/patagoniambiental.com.ar\\\/info\\\/\",\"name\":\"Patagonia Ambiental\",\"description\":\"Monitoreo y an\u00e1lisis de la situaci\u00f3n geopol\u00edtica en el mundo y su implicancia en la Patagonia\",\"publisher\":{\"@id\":\"https:\\\/\\\/patagoniambiental.com.ar\\\/info\\\/#organization\"},\"potentialAction\":[{\"@type\":\"SearchAction\",\"target\":{\"@type\":\"EntryPoint\",\"urlTemplate\":\"https:\\\/\\\/patagoniambiental.com.ar\\\/info\\\/?s={search_term_string}\"},\"query-input\":{\"@type\":\"PropertyValueSpecification\",\"valueRequired\":true,\"valueName\":\"search_term_string\"}}],\"inLanguage\":\"es\"},{\"@type\":\"Organization\",\"@id\":\"https:\\\/\\\/patagoniambiental.com.ar\\\/info\\\/#organization\",\"name\":\"Patagonia Ambiental\",\"url\":\"https:\\\/\\\/patagoniambiental.com.ar\\\/info\\\/\",\"logo\":{\"@type\":\"ImageObject\",\"inLanguage\":\"es\",\"@id\":\"https:\\\/\\\/patagoniambiental.com.ar\\\/info\\\/#\\\/schema\\\/logo\\\/image\\\/\",\"url\":\"https:\\\/\\\/patagoniambiental.com.ar\\\/info\\\/wp-content\\\/uploads\\\/2025\\\/05\\\/LOGO-PATAGONIA-AMBIENTAL.png\",\"contentUrl\":\"https:\\\/\\\/patagoniambiental.com.ar\\\/info\\\/wp-content\\\/uploads\\\/2025\\\/05\\\/LOGO-PATAGONIA-AMBIENTAL.png\",\"width\":433,\"height\":250,\"caption\":\"Patagonia Ambiental\"},\"image\":{\"@id\":\"https:\\\/\\\/patagoniambiental.com.ar\\\/info\\\/#\\\/schema\\\/logo\\\/image\\\/\"},\"sameAs\":[\"https:\\\/\\\/www.facebook.com\\\/patagonia.ambiental\",\"https:\\\/\\\/x.com\\\/PatAmb\"]},{\"@type\":\"Person\",\"@id\":\"https:\\\/\\\/patagoniambiental.com.ar\\\/info\\\/#\\\/schema\\\/person\\\/db12bff64bbcbf6a253710bf0ea37b5d\",\"name\":\"Patagonia Ambiental\",\"description\":\"Andr\u00e9s Nievas T\u00e9cnico en manejo ambiental, consultor Ambiental y escritor para medios locales e internacionales sobre temas de geopolitica y medio ambiente.\",\"sameAs\":[\"http:\\\/\\\/www.patagoniambiental.com.ar\",\"https:\\\/\\\/www.facebook.com\\\/share\\\/1C1V8Gv9BX\\\/?mibextid=qi2Omg\",\"@patagoniambiental\",\"https:\\\/\\\/youtube.com\\\/@patagoniaambiental2023?si=BLt58t0wuXquxlYZ\"]}]}<\/script>\n<!-- \/ Yoast SEO Premium plugin. -->","yoast_head_json":{"title":"A Limpiar Ushuaia te invita a que vos tambi\u00e9n asumas tu propio compromiso ambiental que proteja a la Patagonia de los descartables!","robots":{"index":"index","follow":"follow","max-snippet":"max-snippet:-1","max-image-preview":"max-image-preview:large","max-video-preview":"max-video-preview:-1"},"canonical":"https:\/\/patagoniambiental.com.ar\/info\/a-limpiar-ushuaia-te-invita-a-que-vos-tambien-asumas-tu-propio-compromiso-ambiental-que-proteja-a-la-patagonia-de-los-descartables\/","og_locale":"es_ES","og_type":"article","og_title":"A Limpiar Ushuaia te invita a que vos tambi\u00e9n asumas tu propio compromiso ambiental que proteja a la Patagonia de los descartables!","og_description":"Ushuaia.-Te invitamos a que vos tambi\u00e9n asumas tu propio compromiso ambiental que proteja a la Patagonia de los descartables!","og_url":"https:\/\/patagoniambiental.com.ar\/info\/a-limpiar-ushuaia-te-invita-a-que-vos-tambien-asumas-tu-propio-compromiso-ambiental-que-proteja-a-la-patagonia-de-los-descartables\/","og_site_name":"Patagonia Ambiental","article_publisher":"https:\/\/www.facebook.com\/patagonia.ambiental","article_author":"https:\/\/www.facebook.com\/share\/1C1V8Gv9BX\/?mibextid=qi2Omg","article_published_time":"2019-06-03T10:00:43+00:00","og_image":[{"width":260,"height":260,"url":"https:\/\/patagoniambiental.com.ar\/info\/wp-content\/uploads\/2019\/05\/60222042_786591758386985_8605007887099494400_n.jpg","type":"image\/jpeg"}],"author":"Patagonia Ambiental","twitter_card":"summary_large_image","twitter_creator":"@PatAmb","twitter_site":"@PatAmb","schema":{"@context":"https:\/\/schema.org","@graph":[{"@type":"Article","@id":"https:\/\/patagoniambiental.com.ar\/info\/a-limpiar-ushuaia-te-invita-a-que-vos-tambien-asumas-tu-propio-compromiso-ambiental-que-proteja-a-la-patagonia-de-los-descartables\/#article","isPartOf":{"@id":"https:\/\/patagoniambiental.com.ar\/info\/a-limpiar-ushuaia-te-invita-a-que-vos-tambien-asumas-tu-propio-compromiso-ambiental-que-proteja-a-la-patagonia-de-los-descartables\/"},"author":{"name":"Patagonia Ambiental","@id":"https:\/\/patagoniambiental.com.ar\/info\/#\/schema\/person\/db12bff64bbcbf6a253710bf0ea37b5d"},"headline":"A Limpiar Ushuaia te invita a que vos tambi\u00e9n asumas tu propio compromiso ambiental que proteja a la Patagonia de los descartables!","datePublished":"2019-06-03T10:00:43+00:00","mainEntityOfPage":{"@id":"https:\/\/patagoniambiental.com.ar\/info\/a-limpiar-ushuaia-te-invita-a-que-vos-tambien-asumas-tu-propio-compromiso-ambiental-que-proteja-a-la-patagonia-de-los-descartables\/"},"wordCount":189,"commentCount":0,"publisher":{"@id":"https:\/\/patagoniambiental.com.ar\/info\/#organization"},"image":{"@id":"https:\/\/patagoniambiental.com.ar\/info\/a-limpiar-ushuaia-te-invita-a-que-vos-tambien-asumas-tu-propio-compromiso-ambiental-que-proteja-a-la-patagonia-de-los-descartables\/#primaryimage"},"thumbnailUrl":"https:\/\/patagoniambiental.com.ar\/info\/wp-content\/uploads\/2019\/05\/60222042_786591758386985_8605007887099494400_n.jpg","articleSection":["Agenda Ambiental","GIRSU","Noticias","ONG"],"inLanguage":"es","potentialAction":[{"@type":"CommentAction","name":"Comment","target":["https:\/\/patagoniambiental.com.ar\/info\/a-limpiar-ushuaia-te-invita-a-que-vos-tambien-asumas-tu-propio-compromiso-ambiental-que-proteja-a-la-patagonia-de-los-descartables\/#respond"]}]},{"@type":"WebPage","@id":"https:\/\/patagoniambiental.com.ar\/info\/a-limpiar-ushuaia-te-invita-a-que-vos-tambien-asumas-tu-propio-compromiso-ambiental-que-proteja-a-la-patagonia-de-los-descartables\/","url":"https:\/\/patagoniambiental.com.ar\/info\/a-limpiar-ushuaia-te-invita-a-que-vos-tambien-asumas-tu-propio-compromiso-ambiental-que-proteja-a-la-patagonia-de-los-descartables\/","name":"A Limpiar Ushuaia te invita a que vos tambi\u00e9n asumas tu propio compromiso ambiental que proteja a la Patagonia de los descartables!","isPartOf":{"@id":"https:\/\/patagoniambiental.com.ar\/info\/#website"},"primaryImageOfPage":{"@id":"https:\/\/patagoniambiental.com.ar\/info\/a-limpiar-ushuaia-te-invita-a-que-vos-tambien-asumas-tu-propio-compromiso-ambiental-que-proteja-a-la-patagonia-de-los-descartables\/#primaryimage"},"image":{"@id":"https:\/\/patagoniambiental.com.ar\/info\/a-limpiar-ushuaia-te-invita-a-que-vos-tambien-asumas-tu-propio-compromiso-ambiental-que-proteja-a-la-patagonia-de-los-descartables\/#primaryimage"},"thumbnailUrl":"https:\/\/patagoniambiental.com.ar\/info\/wp-content\/uploads\/2019\/05\/60222042_786591758386985_8605007887099494400_n.jpg","datePublished":"2019-06-03T10:00:43+00:00","breadcrumb":{"@id":"https:\/\/patagoniambiental.com.ar\/info\/a-limpiar-ushuaia-te-invita-a-que-vos-tambien-asumas-tu-propio-compromiso-ambiental-que-proteja-a-la-patagonia-de-los-descartables\/#breadcrumb"},"inLanguage":"es","potentialAction":[{"@type":"ReadAction","target":["https:\/\/patagoniambiental.com.ar\/info\/a-limpiar-ushuaia-te-invita-a-que-vos-tambien-asumas-tu-propio-compromiso-ambiental-que-proteja-a-la-patagonia-de-los-descartables\/"]}]},{"@type":"ImageObject","inLanguage":"es","@id":"https:\/\/patagoniambiental.com.ar\/info\/a-limpiar-ushuaia-te-invita-a-que-vos-tambien-asumas-tu-propio-compromiso-ambiental-que-proteja-a-la-patagonia-de-los-descartables\/#primaryimage","url":"https:\/\/patagoniambiental.com.ar\/info\/wp-content\/uploads\/2019\/05\/60222042_786591758386985_8605007887099494400_n.jpg","contentUrl":"https:\/\/patagoniambiental.com.ar\/info\/wp-content\/uploads\/2019\/05\/60222042_786591758386985_8605007887099494400_n.jpg","width":260,"height":260},{"@type":"BreadcrumbList","@id":"https:\/\/patagoniambiental.com.ar\/info\/a-limpiar-ushuaia-te-invita-a-que-vos-tambien-asumas-tu-propio-compromiso-ambiental-que-proteja-a-la-patagonia-de-los-descartables\/#breadcrumb","itemListElement":[{"@type":"ListItem","position":1,"name":"Inicio","item":"https:\/\/patagoniambiental.com.ar\/info\/"},{"@type":"ListItem","position":2,"name":"A Limpiar Ushuaia te invita a que vos tambi\u00e9n asumas tu propio compromiso ambiental que proteja a la Patagonia de los descartables!"}]},{"@type":"WebSite","@id":"https:\/\/patagoniambiental.com.ar\/info\/#website","url":"https:\/\/patagoniambiental.com.ar\/info\/","name":"Patagonia Ambiental","description":"Monitoreo y an\u00e1lisis de la situaci\u00f3n geopol\u00edtica en el mundo y su implicancia en la Patagonia","publisher":{"@id":"https:\/\/patagoniambiental.com.ar\/info\/#organization"},"potentialAction":[{"@type":"SearchAction","target":{"@type":"EntryPoint","urlTemplate":"https:\/\/patagoniambiental.com.ar\/info\/?s={search_term_string}"},"query-input":{"@type":"PropertyValueSpecification","valueRequired":true,"valueName":"search_term_string"}}],"inLanguage":"es"},{"@type":"Organization","@id":"https:\/\/patagoniambiental.com.ar\/info\/#organization","name":"Patagonia Ambiental","url":"https:\/\/patagoniambiental.com.ar\/info\/","logo":{"@type":"ImageObject","inLanguage":"es","@id":"https:\/\/patagoniambiental.com.ar\/info\/#\/schema\/logo\/image\/","url":"https:\/\/patagoniambiental.com.ar\/info\/wp-content\/uploads\/2025\/05\/LOGO-PATAGONIA-AMBIENTAL.png","contentUrl":"https:\/\/patagoniambiental.com.ar\/info\/wp-content\/uploads\/2025\/05\/LOGO-PATAGONIA-AMBIENTAL.png","width":433,"height":250,"caption":"Patagonia Ambiental"},"image":{"@id":"https:\/\/patagoniambiental.com.ar\/info\/#\/schema\/logo\/image\/"},"sameAs":["https:\/\/www.facebook.com\/patagonia.ambiental","https:\/\/x.com\/PatAmb"]},{"@type":"Person","@id":"https:\/\/patagoniambiental.com.ar\/info\/#\/schema\/person\/db12bff64bbcbf6a253710bf0ea37b5d","name":"Patagonia Ambiental","description":"Andr\u00e9s Nievas T\u00e9cnico en manejo ambiental, consultor Ambiental y escritor para medios locales e internacionales sobre temas de geopolitica y medio ambiente.","sameAs":["http:\/\/www.patagoniambiental.com.ar","https:\/\/www.facebook.com\/share\/1C1V8Gv9BX\/?mibextid=qi2Omg","@patagoniambiental","https:\/\/youtube.com\/@patagoniaambiental2023?si=BLt58t0wuXquxlYZ"]}]}},"_links":{"self":[{"href":"https:\/\/patagoniambiental.com.ar\/info\/wp-json\/wp\/v2\/posts\/61201","targetHints":{"allow":["GET"]}}],"collection":[{"href":"https:\/\/patagoniambiental.com.ar\/info\/wp-json\/wp\/v2\/posts"}],"about":[{"href":"https:\/\/patagoniambiental.com.ar\/info\/wp-json\/wp\/v2\/types\/post"}],"author":[{"embeddable":true,"href":"https:\/\/patagoniambiental.com.ar\/info\/wp-json\/wp\/v2\/users\/2"}],"replies":[{"embeddable":true,"href":"https:\/\/patagoniambiental.com.ar\/info\/wp-json\/wp\/v2\/comments?post=61201"}],"version-history":[{"count":0,"href":"https:\/\/patagoniambiental.com.ar\/info\/wp-json\/wp\/v2\/posts\/61201\/revisions"}],"wp:featuredmedia":[{"embeddable":true,"href":"https:\/\/patagoniambiental.com.ar\/info\/wp-json\/wp\/v2\/media\/61202"}],"wp:attachment":[{"href":"https:\/\/patagoniambiental.com.ar\/info\/wp-json\/wp\/v2\/media?parent=61201"}],"wp:term":[{"taxonomy":"category","embeddable":true,"href":"https:\/\/patagoniambiental.com.ar\/info\/wp-json\/wp\/v2\/categories?post=61201"},{"taxonomy":"post_tag","embeddable":true,"href":"https:\/\/patagoniambiental.com.ar\/info\/wp-json\/wp\/v2\/tags?post=61201"}],"curies":[{"name":"wp","href":"https:\/\/api.w.org\/{rel}","templated":true}]}}