{"id":61217,"date":"2019-05-21T07:00:04","date_gmt":"2019-05-21T10:00:04","guid":{"rendered":"http:\/\/patagoniambiental.com.ar\/info\/?p=61217"},"modified":"2019-05-16T13:22:55","modified_gmt":"2019-05-16T16:22:55","slug":"el-fabuloso-mundo-de-fauna-marina-que-obsequia-las-grutas-y-san-antonio","status":"publish","type":"post","link":"https:\/\/patagoniambiental.com.ar\/info\/el-fabuloso-mundo-de-fauna-marina-que-obsequia-las-grutas-y-san-antonio\/","title":{"rendered":"El fabuloso mundo de fauna marina que obsequia Las Grutas y San Antonio"},"content":{"rendered":"<div id=\"js_1b\" class=\"_5pbx userContent _3576\" data-testid=\"post_message\" data-ft=\"{&quot;tn&quot;:&quot;K&quot;}\">\n<p>Las Grutas\/San Antonio.-La costa atl\u00e1ntica rionegrina deleita con su notable y variada fauna marina.<\/p>\n<p><!--more--><\/p>\n<p>Delfines, toninas, lobos marinos, ping\u00fcinos y orcas se pueden observar a lo largo de todo el a\u00f1o desde cualquier punto de la costanera de Las Grutas o en las playas cercanas de San Antonio Oeste o Puerto San Antonio Este.<br \/>\nEn los meses invernales las apariciones suelen destacarse en medio de la calma total.<br \/>\nPor caso, en las \u00faltimas semanas se han observado en numerosas ocasiones enormes orcas desplaz\u00e1ndose en distintos puntos de esta parte del golfo San Mat\u00edas.<br \/>\nEs en esta \u00e9poca cuando irrumpen las ballenas franca austral, enternecedoras criaturas gigantes, declaradas Monumento Natural por la Legislatura Rionegrina.<br \/>\nLa llegada de estos majestuosos ejemplares se celebra en el transcurso de la denominada temporada de fauna marina, que se desarrolla entre agosto y octubre.<br \/>\nEs fascinante realizar avistajes embarcados, e internarse en el mar para sentir la experiencia del humor de su oleaje y tener al lado a los animales.<br \/>\nLas excursiones se realizan en botes semirr\u00edgidos de entre 10 o 12 personas y este a\u00f1o tendr\u00e1 un costo de 2.000 pesos y se podr\u00e1 embarcar desde Las Grutas o desde Puerto SAE.<br \/>\nHay cuatro empresas habilitadas que ofrecen los paseos: Cota Cero, Marsub, Atl\u00e1ntico Avistajes y Rupestre.<br \/>\nLos visitantes se encontrar\u00e1n con una amplia gama de alternativas de alojamiento, entre hoteles, hostels y casas y departamentos de alquiler tur\u00edstico.<br \/>\nAdem\u00e1s, tambi\u00e9n se ofrece la alternativa de recorrer los sitios emblem\u00e1ticos de San Antonio Oeste, una ciudad cargada de historia vinculada a la vida ferroviaria y pesquera. O tambi\u00e9n descubrir las particularidades de una localidad como Puerto San Antonio Este.<br \/>\nEn cualquier lugar resalta la excelente gastronom\u00eda elaborada en base a frutos de mar.<\/p>\n<\/div>\n<p>&nbsp;<\/p>\n<div class=\"_3x-2\" data-ft=\"{&quot;tn&quot;:&quot;H&quot;}\">\n<div data-ft=\"{&quot;tn&quot;:&quot;H&quot;}\">\n<div class=\"mtm\">\n<div class=\"_2a2q _65sr\">\n<div class=\"uiScaledImageContainer\"><img fetchpriority=\"high\" decoding=\"async\" class=\"scaledImageFitHeight img\" src=\"https:\/\/scontent.faep16-1.fna.fbcdn.net\/v\/t1.0-0\/q92\/p235x350\/60533420_1624967884313442_225728062145167360_n.jpg?_nc_cat=102&amp;_nc_eui2=AeFS8rpq8y6lIXlyfk2EcjNhnH-m26WK9MxUsKPIPFKiDY6gqeIUJRNBT2MwmCWe2C6R8hbtnkJTx-zMuAqudn5ig9fxd2hns1qFwIjImrvCfQ&amp;_nc_pt=1&amp;_nc_ht=scontent.faep16-1.fna&amp;oh=37a738190bc6204a9db3a67fe098363b&amp;oe=5D546AE6\" alt=\"La imagen puede contener: oc\u00e9ano, cielo, exterior, agua y naturaleza\" width=\"606\" height=\"333\" data-src=\"https:\/\/scontent.faep16-1.fna.fbcdn.net\/v\/t1.0-0\/q92\/p235x350\/60533420_1624967884313442_225728062145167360_n.jpg?_nc_cat=102&amp;_nc_eui2=AeFS8rpq8y6lIXlyfk2EcjNhnH-m26WK9MxUsKPIPFKiDY6gqeIUJRNBT2MwmCWe2C6R8hbtnkJTx-zMuAqudn5ig9fxd2hns1qFwIjImrvCfQ&amp;_nc_pt=1&amp;_nc_ht=scontent.faep16-1.fna&amp;oh=37a738190bc6204a9db3a67fe098363b&amp;oe=5D546AE6\" \/><\/div>\n<div class=\"uiScaledImageContainer\"><\/div>\n<div>Fuente: Municipio de San Antonio<\/div>\n<p><a id=\"u_0_y\" class=\"_5dec _xcx\" href=\"https:\/\/www.facebook.com\/PrensaMuniSanAntonio\/photos\/pcb.1624968100980087\/1624967900980107\/?type=3&amp;__tn__=HH-R&amp;eid=ARAMXaEjU1VXbnwac2E2yEb-QWehSiNXJ0u6eQ63prPP2dt5M4DJhEqA2JrXynBCTsfLxdie8IshCXxh&amp;__xts__%5B0%5D=68.ARDMF0UrlXV1aZIko7EWpndR3t-FTSWoQNaXM1qjpThjPu-_fALBefycscCV6w6adQ1sbmehrSc5-DWVVwhKNFN6r5lHD1mYNf-MZfCVb1ctQ2h0Vn3aDa8pG3fmR6dTgSQuEfQTPsZTB-gmJWJnIo9jAcexkiz3CbNAihdzOhzkFGqUPErowvcPElqjqu9HPQE0988hkdbptS-F7alWOB2PZyMuAvha5j40V0B_i_jMvWXYEbIx99OUFtsRfF9MvMsYh2ZtBZ61tSlKFQNBbk7Hd4Qpyj4nDh6ewbknTYx0yXueKcqpkeVS6SRp7XnrQUeiKE_a9sW5t-CG5SOeWTIFzg\" rel=\"theater\" data-referrerid=\"575603419249899\" data-ploi=\"https:\/\/scontent.faep16-1.fna.fbcdn.net\/v\/t1.0-9\/60316287_1624967904313440_8414155509153660928_n.jpg?_nc_cat=102&amp;_nc_eui2=AeGRLH3zNuQe__fXJvSzG7l-gfCZWlZQq6ri9-x-U2zAFDeG4Hz87LzE2nSUrm_YOZJ7VlZVx0jGWZocXL6N6jC0CYewYnbBqREz4KB8E0SQhQ&amp;_nc_pt=1&amp;_nc_ht=scontent.faep16-1.fna&amp;oh=26849d65fe6de2489984a9865a00e983&amp;oe=5D699CC8\" data-render-location=\"homepage_stream\"><\/a><\/div>\n<\/div>\n<\/div>\n<\/div>\n","protected":false},"excerpt":{"rendered":"<p>Las Grutas\/San Antonio.-La costa atl\u00e1ntica rionegrina deleita con su notable y variada fauna marina.<\/p>\n","protected":false},"author":2,"featured_media":61218,"comment_status":"open","ping_status":"open","sticky":false,"template":"","format":"standard","meta":{"site-sidebar-layout":"default","site-content-layout":"","ast-site-content-layout":"default","site-content-style":"default","site-sidebar-style":"default","ast-global-header-display":"","ast-banner-title-visibility":"","ast-main-header-display":"","ast-hfb-above-header-display":"","ast-hfb-below-header-display":"","ast-hfb-mobile-header-display":"","site-post-title":"","ast-breadcrumbs-content":"","ast-featured-img":"","footer-sml-layout":"","ast-disable-related-posts":"","theme-transparent-header-meta":"","adv-header-id-meta":"","stick-header-meta":"","header-above-stick-meta":"","header-main-stick-meta":"","header-below-stick-meta":"","astra-migrate-meta-layouts":"default","ast-page-background-enabled":"default","ast-page-background-meta":{"desktop":{"background-color":"var(--ast-global-color-5)","background-image":"","background-repeat":"repeat","background-position":"center center","background-size":"auto","background-attachment":"scroll","background-type":"","background-media":"","overlay-type":"","overlay-color":"","overlay-opacity":"","overlay-gradient":""},"tablet":{"background-color":"","background-image":"","background-repeat":"repeat","background-position":"center center","background-size":"auto","background-attachment":"scroll","background-type":"","background-media":"","overlay-type":"","overlay-color":"","overlay-opacity":"","overlay-gradient":""},"mobile":{"background-color":"","background-image":"","background-repeat":"repeat","background-position":"center center","background-size":"auto","background-attachment":"scroll","background-type":"","background-media":"","overlay-type":"","overlay-color":"","overlay-opacity":"","overlay-gradient":""}},"ast-content-background-meta":{"desktop":{"background-color":"var(--ast-global-color-4)","background-image":"","background-repeat":"repeat","background-position":"center center","background-size":"auto","background-attachment":"scroll","background-type":"","background-media":"","overlay-type":"","overlay-color":"","overlay-opacity":"","overlay-gradient":""},"tablet":{"background-color":"var(--ast-global-color-4)","background-image":"","background-repeat":"repeat","background-position":"center center","background-size":"auto","background-attachment":"scroll","background-type":"","background-media":"","overlay-type":"","overlay-color":"","overlay-opacity":"","overlay-gradient":""},"mobile":{"background-color":"var(--ast-global-color-4)","background-image":"","background-repeat":"repeat","background-position":"center center","background-size":"auto","background-attachment":"scroll","background-type":"","background-media":"","overlay-type":"","overlay-color":"","overlay-opacity":"","overlay-gradient":""}},"footnotes":""},"categories":[53,1],"tags":[],"class_list":["post-61217","post","type-post","status-publish","format-standard","has-post-thumbnail","hentry","category-general","category-noticias"],"yoast_head":"<!-- This site is optimized with the Yoast SEO Premium plugin v23.0 (Yoast SEO v27.5) - https:\/\/yoast.com\/product\/yoast-seo-premium-wordpress\/ -->\n<title>El fabuloso mundo de fauna marina que obsequia Las Grutas y San Antonio<\/title>\n<meta name=\"robots\" content=\"index, follow, max-snippet:-1, max-image-preview:large, max-video-preview:-1\" \/>\n<link rel=\"canonical\" href=\"https:\/\/patagoniambiental.com.ar\/info\/el-fabuloso-mundo-de-fauna-marina-que-obsequia-las-grutas-y-san-antonio\/\" \/>\n<meta property=\"og:locale\" content=\"es_ES\" \/>\n<meta property=\"og:type\" content=\"article\" \/>\n<meta property=\"og:title\" content=\"El fabuloso mundo de fauna marina que obsequia Las Grutas y San Antonio\" \/>\n<meta property=\"og:description\" content=\"Las Grutas\/San Antonio.-La costa atl\u00e1ntica rionegrina deleita con su notable y variada fauna marina.\" \/>\n<meta property=\"og:url\" content=\"https:\/\/patagoniambiental.com.ar\/info\/el-fabuloso-mundo-de-fauna-marina-que-obsequia-las-grutas-y-san-antonio\/\" \/>\n<meta property=\"og:site_name\" content=\"Patagonia Ambiental\" \/>\n<meta property=\"article:publisher\" content=\"https:\/\/www.facebook.com\/patagonia.ambiental\" \/>\n<meta property=\"article:author\" content=\"https:\/\/www.facebook.com\/share\/1C1V8Gv9BX\/?mibextid=qi2Omg\" \/>\n<meta property=\"article:published_time\" content=\"2019-05-21T10:00:04+00:00\" \/>\n<meta property=\"og:image\" content=\"https:\/\/patagoniambiental.com.ar\/info\/wp-content\/uploads\/2019\/05\/60528262_1624967964313434_1180578358098919424_n.jpg\" \/>\n\t<meta property=\"og:image:width\" content=\"600\" \/>\n\t<meta property=\"og:image:height\" content=\"377\" \/>\n\t<meta property=\"og:image:type\" content=\"image\/jpeg\" \/>\n<meta name=\"author\" content=\"Patagonia Ambiental\" \/>\n<meta name=\"twitter:card\" content=\"summary_large_image\" \/>\n<meta name=\"twitter:creator\" content=\"@PatAmb\" \/>\n<meta name=\"twitter:site\" content=\"@PatAmb\" \/>\n<script type=\"application\/ld+json\" class=\"yoast-schema-graph\">{\"@context\":\"https:\\\/\\\/schema.org\",\"@graph\":[{\"@type\":\"Article\",\"@id\":\"https:\\\/\\\/patagoniambiental.com.ar\\\/info\\\/el-fabuloso-mundo-de-fauna-marina-que-obsequia-las-grutas-y-san-antonio\\\/#article\",\"isPartOf\":{\"@id\":\"https:\\\/\\\/patagoniambiental.com.ar\\\/info\\\/el-fabuloso-mundo-de-fauna-marina-que-obsequia-las-grutas-y-san-antonio\\\/\"},\"author\":{\"name\":\"Patagonia Ambiental\",\"@id\":\"https:\\\/\\\/patagoniambiental.com.ar\\\/info\\\/#\\\/schema\\\/person\\\/db12bff64bbcbf6a253710bf0ea37b5d\"},\"headline\":\"El fabuloso mundo de fauna marina que obsequia Las Grutas y San Antonio\",\"datePublished\":\"2019-05-21T10:00:04+00:00\",\"mainEntityOfPage\":{\"@id\":\"https:\\\/\\\/patagoniambiental.com.ar\\\/info\\\/el-fabuloso-mundo-de-fauna-marina-que-obsequia-las-grutas-y-san-antonio\\\/\"},\"wordCount\":321,\"commentCount\":0,\"publisher\":{\"@id\":\"https:\\\/\\\/patagoniambiental.com.ar\\\/info\\\/#organization\"},\"image\":{\"@id\":\"https:\\\/\\\/patagoniambiental.com.ar\\\/info\\\/el-fabuloso-mundo-de-fauna-marina-que-obsequia-las-grutas-y-san-antonio\\\/#primaryimage\"},\"thumbnailUrl\":\"https:\\\/\\\/patagoniambiental.com.ar\\\/info\\\/wp-content\\\/uploads\\\/2019\\\/05\\\/60528262_1624967964313434_1180578358098919424_n.jpg\",\"articleSection\":[\"General\",\"Noticias\"],\"inLanguage\":\"es\",\"potentialAction\":[{\"@type\":\"CommentAction\",\"name\":\"Comment\",\"target\":[\"https:\\\/\\\/patagoniambiental.com.ar\\\/info\\\/el-fabuloso-mundo-de-fauna-marina-que-obsequia-las-grutas-y-san-antonio\\\/#respond\"]}]},{\"@type\":\"WebPage\",\"@id\":\"https:\\\/\\\/patagoniambiental.com.ar\\\/info\\\/el-fabuloso-mundo-de-fauna-marina-que-obsequia-las-grutas-y-san-antonio\\\/\",\"url\":\"https:\\\/\\\/patagoniambiental.com.ar\\\/info\\\/el-fabuloso-mundo-de-fauna-marina-que-obsequia-las-grutas-y-san-antonio\\\/\",\"name\":\"El fabuloso mundo de fauna marina que obsequia Las Grutas y San Antonio\",\"isPartOf\":{\"@id\":\"https:\\\/\\\/patagoniambiental.com.ar\\\/info\\\/#website\"},\"primaryImageOfPage\":{\"@id\":\"https:\\\/\\\/patagoniambiental.com.ar\\\/info\\\/el-fabuloso-mundo-de-fauna-marina-que-obsequia-las-grutas-y-san-antonio\\\/#primaryimage\"},\"image\":{\"@id\":\"https:\\\/\\\/patagoniambiental.com.ar\\\/info\\\/el-fabuloso-mundo-de-fauna-marina-que-obsequia-las-grutas-y-san-antonio\\\/#primaryimage\"},\"thumbnailUrl\":\"https:\\\/\\\/patagoniambiental.com.ar\\\/info\\\/wp-content\\\/uploads\\\/2019\\\/05\\\/60528262_1624967964313434_1180578358098919424_n.jpg\",\"datePublished\":\"2019-05-21T10:00:04+00:00\",\"breadcrumb\":{\"@id\":\"https:\\\/\\\/patagoniambiental.com.ar\\\/info\\\/el-fabuloso-mundo-de-fauna-marina-que-obsequia-las-grutas-y-san-antonio\\\/#breadcrumb\"},\"inLanguage\":\"es\",\"potentialAction\":[{\"@type\":\"ReadAction\",\"target\":[\"https:\\\/\\\/patagoniambiental.com.ar\\\/info\\\/el-fabuloso-mundo-de-fauna-marina-que-obsequia-las-grutas-y-san-antonio\\\/\"]}]},{\"@type\":\"ImageObject\",\"inLanguage\":\"es\",\"@id\":\"https:\\\/\\\/patagoniambiental.com.ar\\\/info\\\/el-fabuloso-mundo-de-fauna-marina-que-obsequia-las-grutas-y-san-antonio\\\/#primaryimage\",\"url\":\"https:\\\/\\\/patagoniambiental.com.ar\\\/info\\\/wp-content\\\/uploads\\\/2019\\\/05\\\/60528262_1624967964313434_1180578358098919424_n.jpg\",\"contentUrl\":\"https:\\\/\\\/patagoniambiental.com.ar\\\/info\\\/wp-content\\\/uploads\\\/2019\\\/05\\\/60528262_1624967964313434_1180578358098919424_n.jpg\",\"width\":600,\"height\":377},{\"@type\":\"BreadcrumbList\",\"@id\":\"https:\\\/\\\/patagoniambiental.com.ar\\\/info\\\/el-fabuloso-mundo-de-fauna-marina-que-obsequia-las-grutas-y-san-antonio\\\/#breadcrumb\",\"itemListElement\":[{\"@type\":\"ListItem\",\"position\":1,\"name\":\"Inicio\",\"item\":\"https:\\\/\\\/patagoniambiental.com.ar\\\/info\\\/\"},{\"@type\":\"ListItem\",\"position\":2,\"name\":\"El fabuloso mundo de fauna marina que obsequia Las Grutas y San Antonio\"}]},{\"@type\":\"WebSite\",\"@id\":\"https:\\\/\\\/patagoniambiental.com.ar\\\/info\\\/#website\",\"url\":\"https:\\\/\\\/patagoniambiental.com.ar\\\/info\\\/\",\"name\":\"Patagonia Ambiental\",\"description\":\"Monitoreo y an\u00e1lisis de la situaci\u00f3n geopol\u00edtica en el mundo y su implicancia en la Patagonia\",\"publisher\":{\"@id\":\"https:\\\/\\\/patagoniambiental.com.ar\\\/info\\\/#organization\"},\"potentialAction\":[{\"@type\":\"SearchAction\",\"target\":{\"@type\":\"EntryPoint\",\"urlTemplate\":\"https:\\\/\\\/patagoniambiental.com.ar\\\/info\\\/?s={search_term_string}\"},\"query-input\":{\"@type\":\"PropertyValueSpecification\",\"valueRequired\":true,\"valueName\":\"search_term_string\"}}],\"inLanguage\":\"es\"},{\"@type\":\"Organization\",\"@id\":\"https:\\\/\\\/patagoniambiental.com.ar\\\/info\\\/#organization\",\"name\":\"Patagonia Ambiental\",\"url\":\"https:\\\/\\\/patagoniambiental.com.ar\\\/info\\\/\",\"logo\":{\"@type\":\"ImageObject\",\"inLanguage\":\"es\",\"@id\":\"https:\\\/\\\/patagoniambiental.com.ar\\\/info\\\/#\\\/schema\\\/logo\\\/image\\\/\",\"url\":\"https:\\\/\\\/patagoniambiental.com.ar\\\/info\\\/wp-content\\\/uploads\\\/2025\\\/05\\\/LOGO-PATAGONIA-AMBIENTAL.png\",\"contentUrl\":\"https:\\\/\\\/patagoniambiental.com.ar\\\/info\\\/wp-content\\\/uploads\\\/2025\\\/05\\\/LOGO-PATAGONIA-AMBIENTAL.png\",\"width\":433,\"height\":250,\"caption\":\"Patagonia Ambiental\"},\"image\":{\"@id\":\"https:\\\/\\\/patagoniambiental.com.ar\\\/info\\\/#\\\/schema\\\/logo\\\/image\\\/\"},\"sameAs\":[\"https:\\\/\\\/www.facebook.com\\\/patagonia.ambiental\",\"https:\\\/\\\/x.com\\\/PatAmb\"]},{\"@type\":\"Person\",\"@id\":\"https:\\\/\\\/patagoniambiental.com.ar\\\/info\\\/#\\\/schema\\\/person\\\/db12bff64bbcbf6a253710bf0ea37b5d\",\"name\":\"Patagonia Ambiental\",\"description\":\"Andr\u00e9s Nievas T\u00e9cnico en manejo ambiental, consultor Ambiental y escritor para medios locales e internacionales sobre temas de geopolitica y medio ambiente.\",\"sameAs\":[\"http:\\\/\\\/www.patagoniambiental.com.ar\",\"https:\\\/\\\/www.facebook.com\\\/share\\\/1C1V8Gv9BX\\\/?mibextid=qi2Omg\",\"@patagoniambiental\",\"https:\\\/\\\/youtube.com\\\/@patagoniaambiental2023?si=BLt58t0wuXquxlYZ\"]}]}<\/script>\n<!-- \/ Yoast SEO Premium plugin. -->","yoast_head_json":{"title":"El fabuloso mundo de fauna marina que obsequia Las Grutas y San Antonio","robots":{"index":"index","follow":"follow","max-snippet":"max-snippet:-1","max-image-preview":"max-image-preview:large","max-video-preview":"max-video-preview:-1"},"canonical":"https:\/\/patagoniambiental.com.ar\/info\/el-fabuloso-mundo-de-fauna-marina-que-obsequia-las-grutas-y-san-antonio\/","og_locale":"es_ES","og_type":"article","og_title":"El fabuloso mundo de fauna marina que obsequia Las Grutas y San Antonio","og_description":"Las Grutas\/San Antonio.-La costa atl\u00e1ntica rionegrina deleita con su notable y variada fauna marina.","og_url":"https:\/\/patagoniambiental.com.ar\/info\/el-fabuloso-mundo-de-fauna-marina-que-obsequia-las-grutas-y-san-antonio\/","og_site_name":"Patagonia Ambiental","article_publisher":"https:\/\/www.facebook.com\/patagonia.ambiental","article_author":"https:\/\/www.facebook.com\/share\/1C1V8Gv9BX\/?mibextid=qi2Omg","article_published_time":"2019-05-21T10:00:04+00:00","og_image":[{"width":600,"height":377,"url":"https:\/\/patagoniambiental.com.ar\/info\/wp-content\/uploads\/2019\/05\/60528262_1624967964313434_1180578358098919424_n.jpg","type":"image\/jpeg"}],"author":"Patagonia Ambiental","twitter_card":"summary_large_image","twitter_creator":"@PatAmb","twitter_site":"@PatAmb","schema":{"@context":"https:\/\/schema.org","@graph":[{"@type":"Article","@id":"https:\/\/patagoniambiental.com.ar\/info\/el-fabuloso-mundo-de-fauna-marina-que-obsequia-las-grutas-y-san-antonio\/#article","isPartOf":{"@id":"https:\/\/patagoniambiental.com.ar\/info\/el-fabuloso-mundo-de-fauna-marina-que-obsequia-las-grutas-y-san-antonio\/"},"author":{"name":"Patagonia Ambiental","@id":"https:\/\/patagoniambiental.com.ar\/info\/#\/schema\/person\/db12bff64bbcbf6a253710bf0ea37b5d"},"headline":"El fabuloso mundo de fauna marina que obsequia Las Grutas y San Antonio","datePublished":"2019-05-21T10:00:04+00:00","mainEntityOfPage":{"@id":"https:\/\/patagoniambiental.com.ar\/info\/el-fabuloso-mundo-de-fauna-marina-que-obsequia-las-grutas-y-san-antonio\/"},"wordCount":321,"commentCount":0,"publisher":{"@id":"https:\/\/patagoniambiental.com.ar\/info\/#organization"},"image":{"@id":"https:\/\/patagoniambiental.com.ar\/info\/el-fabuloso-mundo-de-fauna-marina-que-obsequia-las-grutas-y-san-antonio\/#primaryimage"},"thumbnailUrl":"https:\/\/patagoniambiental.com.ar\/info\/wp-content\/uploads\/2019\/05\/60528262_1624967964313434_1180578358098919424_n.jpg","articleSection":["General","Noticias"],"inLanguage":"es","potentialAction":[{"@type":"CommentAction","name":"Comment","target":["https:\/\/patagoniambiental.com.ar\/info\/el-fabuloso-mundo-de-fauna-marina-que-obsequia-las-grutas-y-san-antonio\/#respond"]}]},{"@type":"WebPage","@id":"https:\/\/patagoniambiental.com.ar\/info\/el-fabuloso-mundo-de-fauna-marina-que-obsequia-las-grutas-y-san-antonio\/","url":"https:\/\/patagoniambiental.com.ar\/info\/el-fabuloso-mundo-de-fauna-marina-que-obsequia-las-grutas-y-san-antonio\/","name":"El fabuloso mundo de fauna marina que obsequia Las Grutas y San Antonio","isPartOf":{"@id":"https:\/\/patagoniambiental.com.ar\/info\/#website"},"primaryImageOfPage":{"@id":"https:\/\/patagoniambiental.com.ar\/info\/el-fabuloso-mundo-de-fauna-marina-que-obsequia-las-grutas-y-san-antonio\/#primaryimage"},"image":{"@id":"https:\/\/patagoniambiental.com.ar\/info\/el-fabuloso-mundo-de-fauna-marina-que-obsequia-las-grutas-y-san-antonio\/#primaryimage"},"thumbnailUrl":"https:\/\/patagoniambiental.com.ar\/info\/wp-content\/uploads\/2019\/05\/60528262_1624967964313434_1180578358098919424_n.jpg","datePublished":"2019-05-21T10:00:04+00:00","breadcrumb":{"@id":"https:\/\/patagoniambiental.com.ar\/info\/el-fabuloso-mundo-de-fauna-marina-que-obsequia-las-grutas-y-san-antonio\/#breadcrumb"},"inLanguage":"es","potentialAction":[{"@type":"ReadAction","target":["https:\/\/patagoniambiental.com.ar\/info\/el-fabuloso-mundo-de-fauna-marina-que-obsequia-las-grutas-y-san-antonio\/"]}]},{"@type":"ImageObject","inLanguage":"es","@id":"https:\/\/patagoniambiental.com.ar\/info\/el-fabuloso-mundo-de-fauna-marina-que-obsequia-las-grutas-y-san-antonio\/#primaryimage","url":"https:\/\/patagoniambiental.com.ar\/info\/wp-content\/uploads\/2019\/05\/60528262_1624967964313434_1180578358098919424_n.jpg","contentUrl":"https:\/\/patagoniambiental.com.ar\/info\/wp-content\/uploads\/2019\/05\/60528262_1624967964313434_1180578358098919424_n.jpg","width":600,"height":377},{"@type":"BreadcrumbList","@id":"https:\/\/patagoniambiental.com.ar\/info\/el-fabuloso-mundo-de-fauna-marina-que-obsequia-las-grutas-y-san-antonio\/#breadcrumb","itemListElement":[{"@type":"ListItem","position":1,"name":"Inicio","item":"https:\/\/patagoniambiental.com.ar\/info\/"},{"@type":"ListItem","position":2,"name":"El fabuloso mundo de fauna marina que obsequia Las Grutas y San Antonio"}]},{"@type":"WebSite","@id":"https:\/\/patagoniambiental.com.ar\/info\/#website","url":"https:\/\/patagoniambiental.com.ar\/info\/","name":"Patagonia Ambiental","description":"Monitoreo y an\u00e1lisis de la situaci\u00f3n geopol\u00edtica en el mundo y su implicancia en la Patagonia","publisher":{"@id":"https:\/\/patagoniambiental.com.ar\/info\/#organization"},"potentialAction":[{"@type":"SearchAction","target":{"@type":"EntryPoint","urlTemplate":"https:\/\/patagoniambiental.com.ar\/info\/?s={search_term_string}"},"query-input":{"@type":"PropertyValueSpecification","valueRequired":true,"valueName":"search_term_string"}}],"inLanguage":"es"},{"@type":"Organization","@id":"https:\/\/patagoniambiental.com.ar\/info\/#organization","name":"Patagonia Ambiental","url":"https:\/\/patagoniambiental.com.ar\/info\/","logo":{"@type":"ImageObject","inLanguage":"es","@id":"https:\/\/patagoniambiental.com.ar\/info\/#\/schema\/logo\/image\/","url":"https:\/\/patagoniambiental.com.ar\/info\/wp-content\/uploads\/2025\/05\/LOGO-PATAGONIA-AMBIENTAL.png","contentUrl":"https:\/\/patagoniambiental.com.ar\/info\/wp-content\/uploads\/2025\/05\/LOGO-PATAGONIA-AMBIENTAL.png","width":433,"height":250,"caption":"Patagonia Ambiental"},"image":{"@id":"https:\/\/patagoniambiental.com.ar\/info\/#\/schema\/logo\/image\/"},"sameAs":["https:\/\/www.facebook.com\/patagonia.ambiental","https:\/\/x.com\/PatAmb"]},{"@type":"Person","@id":"https:\/\/patagoniambiental.com.ar\/info\/#\/schema\/person\/db12bff64bbcbf6a253710bf0ea37b5d","name":"Patagonia Ambiental","description":"Andr\u00e9s Nievas T\u00e9cnico en manejo ambiental, consultor Ambiental y escritor para medios locales e internacionales sobre temas de geopolitica y medio ambiente.","sameAs":["http:\/\/www.patagoniambiental.com.ar","https:\/\/www.facebook.com\/share\/1C1V8Gv9BX\/?mibextid=qi2Omg","@patagoniambiental","https:\/\/youtube.com\/@patagoniaambiental2023?si=BLt58t0wuXquxlYZ"]}]}},"_links":{"self":[{"href":"https:\/\/patagoniambiental.com.ar\/info\/wp-json\/wp\/v2\/posts\/61217","targetHints":{"allow":["GET"]}}],"collection":[{"href":"https:\/\/patagoniambiental.com.ar\/info\/wp-json\/wp\/v2\/posts"}],"about":[{"href":"https:\/\/patagoniambiental.com.ar\/info\/wp-json\/wp\/v2\/types\/post"}],"author":[{"embeddable":true,"href":"https:\/\/patagoniambiental.com.ar\/info\/wp-json\/wp\/v2\/users\/2"}],"replies":[{"embeddable":true,"href":"https:\/\/patagoniambiental.com.ar\/info\/wp-json\/wp\/v2\/comments?post=61217"}],"version-history":[{"count":0,"href":"https:\/\/patagoniambiental.com.ar\/info\/wp-json\/wp\/v2\/posts\/61217\/revisions"}],"wp:featuredmedia":[{"embeddable":true,"href":"https:\/\/patagoniambiental.com.ar\/info\/wp-json\/wp\/v2\/media\/61218"}],"wp:attachment":[{"href":"https:\/\/patagoniambiental.com.ar\/info\/wp-json\/wp\/v2\/media?parent=61217"}],"wp:term":[{"taxonomy":"category","embeddable":true,"href":"https:\/\/patagoniambiental.com.ar\/info\/wp-json\/wp\/v2\/categories?post=61217"},{"taxonomy":"post_tag","embeddable":true,"href":"https:\/\/patagoniambiental.com.ar\/info\/wp-json\/wp\/v2\/tags?post=61217"}],"curies":[{"name":"wp","href":"https:\/\/api.w.org\/{rel}","templated":true}]}}