{"id":61235,"date":"2019-05-17T07:00:07","date_gmt":"2019-05-17T10:00:07","guid":{"rendered":"http:\/\/patagoniambiental.com.ar\/info\/?p=61235"},"modified":"2019-05-16T13:07:52","modified_gmt":"2019-05-16T16:07:52","slug":"jovenes-argentinos-reforestan-un-bosque-incendiado-con-11500-arboles","status":"publish","type":"post","link":"https:\/\/patagoniambiental.com.ar\/info\/jovenes-argentinos-reforestan-un-bosque-incendiado-con-11500-arboles\/","title":{"rendered":"J\u00d3VENES ARGENTINOS REFORESTAN UN BOSQUE INCENDIADO CON 11,500 \u00c1RBOLES"},"content":{"rendered":"<p>Cholila.-J\u00f3venes de diferentes ciudades de Argentina y del mundo fueron en una misi\u00f3n de 4 d\u00edas al Bosque de Cholila con el objetivo de volverle a dar vida al lugar.<\/p>\n<p><!--more--><\/p>\n<p><img fetchpriority=\"high\" decoding=\"async\" class=\"alignnone  wp-image-160022 td-animation-stack-type0-1\" src=\"https:\/\/i0.wp.com\/americanovictor.com\/wp-content\/uploads\/2019\/05\/sin-categoria\/bos.jpg?resize=456%2C304&amp;ssl=1\" sizes=\"(max-width: 456px) 100vw, 456px\" srcset=\"https:\/\/i0.wp.com\/americanovictor.com\/wp-content\/uploads\/2019\/05\/sin-categoria\/bos.jpg?resize=300%2C200&amp;ssl=1 300w, https:\/\/i0.wp.com\/americanovictor.com\/wp-content\/uploads\/2019\/05\/sin-categoria\/bos.jpg?resize=768%2C512&amp;ssl=1 768w, https:\/\/i0.wp.com\/americanovictor.com\/wp-content\/uploads\/2019\/05\/sin-categoria\/bos.jpg?w=1024&amp;ssl=1 1024w, https:\/\/i0.wp.com\/americanovictor.com\/wp-content\/uploads\/2019\/05\/sin-categoria\/bos.jpg?resize=696%2C464&amp;ssl=1 696w, https:\/\/i0.wp.com\/americanovictor.com\/wp-content\/uploads\/2019\/05\/sin-categoria\/bos.jpg?resize=631%2C420&amp;ssl=1 631w\" alt=\"\" width=\"456\" height=\"304\" \/><\/p>\n<p>El bosque t\u00edpico de la Patagonia Argentina es muy tur\u00edstico gracias a sus inmensos \u00e1rboles junto a sus monta\u00f1as. Lamentablemente, en el a\u00f1o 2015 el \u00e1rea fue sacudida por un terrible incendio.<\/p>\n<p>El incendio forestal de ese a\u00f1o dej\u00f3 m\u00e1s de 40,000 hect\u00e1reas hechas ceniza, ardiendo durante dos meses que parec\u00edan nunca acabar. Fue nombrado el peor incendio que se ha registrado en la historia del pa\u00eds.<\/p>\n<p><img decoding=\"async\" class=\"alignnone  wp-image-160023 td-animation-stack-type0-1\" src=\"https:\/\/i1.wp.com\/americanovictor.com\/wp-content\/uploads\/2019\/05\/sin-categoria\/Bosque-Cholila.jpg?resize=451%2C257&amp;ssl=1\" sizes=\"(max-width: 451px) 100vw, 451px\" srcset=\"https:\/\/i1.wp.com\/americanovictor.com\/wp-content\/uploads\/2019\/05\/sin-categoria\/Bosque-Cholila.jpg?resize=300%2C171&amp;ssl=1 300w, https:\/\/i1.wp.com\/americanovictor.com\/wp-content\/uploads\/2019\/05\/sin-categoria\/Bosque-Cholila.jpg?resize=696%2C398&amp;ssl=1 696w, https:\/\/i1.wp.com\/americanovictor.com\/wp-content\/uploads\/2019\/05\/sin-categoria\/Bosque-Cholila.jpg?w=700&amp;ssl=1 700w\" alt=\"\" width=\"451\" height=\"258\" \/><\/p>\n<p>Cuatro a\u00f1os despu\u00e9s, un grupo de 85 j\u00f3venes amantes de la naturaleza decidieron excursionar en el bosque para devolverle lo que el fuego le quit\u00f3. Cargando pesadas mochilas llenas de plantas y palas, trabajaron durante cuatro d\u00edas para plantar casi 12,000 \u00e1rboles.<\/p>\n<p>A pesar de que el paisaje luc\u00eda desolador, nada de eso impidi\u00f3 que estos j\u00f3venes siguieran con su misi\u00f3n de salvar el bosque.<\/p>\n<p>Reforest Arg se fund\u00f3 en el a\u00f1o 2016, ideado por Tob\u00edas Merlo, un joven licenciado en Ciencias Ambientales. La idea surgi\u00f3 al emprender un viaje de tres meses con dos amigos a la Patagonia, y su objetivo era investigar las causas que m\u00e1s problemas generaban al medio ambiente.<\/p>\n<p>Desde ese entonces llegaron a una sola conclusi\u00f3n: La reforestaci\u00f3n ser\u00eda la soluci\u00f3n m\u00e1s efectiva para recuperar los bosques nativos. Despu\u00e9s de presentar su informe a las autoridades, y unirse con AAP, tomaron la decisi\u00f3n de empezar su proyecto en el Bosque de Cholila. Esta incre\u00edble acci\u00f3n le da esperanza al Bosque de Cholila para recuperarse y volver a ser lo que un d\u00eda fue.<\/p>\n<p>El cambio, \u00a1est\u00e1 en nosotros!<\/p>\n<p>Referencia\u00a0https:\/\/nation.com.mx\/accion-social\/jovenes-plantaron-11500-arboles-recuperar-bosque-incendiado-en-argentina\/?fbclid=IwAR0Z3Nr-KvkOYUrXXkfS-nCGJkImlw0cJMDPjKQkKYXDaroz-rUknAAA8R8<\/p>\n<div class=\"td-g-rec td-g-rec-id-content_bottom td_uid_4_5cdd87a616746_rand td_block_template_1 \">Fuente:\u00a0https:\/\/americanovictor.com\/jovenes-argentinos-reforestan-un-bosque-incendiado-con-11500-arboles\/<\/div>\n","protected":false},"excerpt":{"rendered":"<p>Cholila.-J\u00f3venes de diferentes ciudades de Argentina y del mundo fueron en una misi\u00f3n de 4 d\u00edas al Bosque de Cholila [&hellip;]<\/p>\n","protected":false},"author":2,"featured_media":61236,"comment_status":"open","ping_status":"open","sticky":false,"template":"","format":"standard","meta":{"site-sidebar-layout":"default","site-content-layout":"","ast-site-content-layout":"default","site-content-style":"default","site-sidebar-style":"default","ast-global-header-display":"","ast-banner-title-visibility":"","ast-main-header-display":"","ast-hfb-above-header-display":"","ast-hfb-below-header-display":"","ast-hfb-mobile-header-display":"","site-post-title":"","ast-breadcrumbs-content":"","ast-featured-img":"","footer-sml-layout":"","ast-disable-related-posts":"","theme-transparent-header-meta":"","adv-header-id-meta":"","stick-header-meta":"","header-above-stick-meta":"","header-main-stick-meta":"","header-below-stick-meta":"","astra-migrate-meta-layouts":"default","ast-page-background-enabled":"default","ast-page-background-meta":{"desktop":{"background-color":"var(--ast-global-color-5)","background-image":"","background-repeat":"repeat","background-position":"center center","background-size":"auto","background-attachment":"scroll","background-type":"","background-media":"","overlay-type":"","overlay-color":"","overlay-opacity":"","overlay-gradient":""},"tablet":{"background-color":"","background-image":"","background-repeat":"repeat","background-position":"center center","background-size":"auto","background-attachment":"scroll","background-type":"","background-media":"","overlay-type":"","overlay-color":"","overlay-opacity":"","overlay-gradient":""},"mobile":{"background-color":"","background-image":"","background-repeat":"repeat","background-position":"center center","background-size":"auto","background-attachment":"scroll","background-type":"","background-media":"","overlay-type":"","overlay-color":"","overlay-opacity":"","overlay-gradient":""}},"ast-content-background-meta":{"desktop":{"background-color":"var(--ast-global-color-4)","background-image":"","background-repeat":"repeat","background-position":"center center","background-size":"auto","background-attachment":"scroll","background-type":"","background-media":"","overlay-type":"","overlay-color":"","overlay-opacity":"","overlay-gradient":""},"tablet":{"background-color":"var(--ast-global-color-4)","background-image":"","background-repeat":"repeat","background-position":"center center","background-size":"auto","background-attachment":"scroll","background-type":"","background-media":"","overlay-type":"","overlay-color":"","overlay-opacity":"","overlay-gradient":""},"mobile":{"background-color":"var(--ast-global-color-4)","background-image":"","background-repeat":"repeat","background-position":"center center","background-size":"auto","background-attachment":"scroll","background-type":"","background-media":"","overlay-type":"","overlay-color":"","overlay-opacity":"","overlay-gradient":""}},"footnotes":""},"categories":[26,1,13],"tags":[],"class_list":["post-61235","post","type-post","status-publish","format-standard","has-post-thumbnail","hentry","category-chubut","category-noticias","category-provinciales"],"yoast_head":"<!-- This site is optimized with the Yoast SEO Premium plugin v23.0 (Yoast SEO v27.5) - https:\/\/yoast.com\/product\/yoast-seo-premium-wordpress\/ -->\n<title>J\u00d3VENES ARGENTINOS REFORESTAN UN BOSQUE INCENDIADO CON 11,500 \u00c1RBOLES<\/title>\n<meta name=\"robots\" content=\"index, follow, max-snippet:-1, max-image-preview:large, max-video-preview:-1\" \/>\n<link rel=\"canonical\" href=\"https:\/\/patagoniambiental.com.ar\/info\/jovenes-argentinos-reforestan-un-bosque-incendiado-con-11500-arboles\/\" \/>\n<meta property=\"og:locale\" content=\"es_ES\" \/>\n<meta property=\"og:type\" content=\"article\" \/>\n<meta property=\"og:title\" content=\"J\u00d3VENES ARGENTINOS REFORESTAN UN BOSQUE INCENDIADO CON 11,500 \u00c1RBOLES\" \/>\n<meta property=\"og:description\" content=\"Cholila.-J\u00f3venes de diferentes ciudades de Argentina y del mundo fueron en una misi\u00f3n de 4 d\u00edas al Bosque de Cholila [&hellip;]\" \/>\n<meta property=\"og:url\" content=\"https:\/\/patagoniambiental.com.ar\/info\/jovenes-argentinos-reforestan-un-bosque-incendiado-con-11500-arboles\/\" \/>\n<meta property=\"og:site_name\" content=\"Patagonia Ambiental\" \/>\n<meta property=\"article:publisher\" content=\"https:\/\/www.facebook.com\/patagonia.ambiental\" \/>\n<meta property=\"article:author\" content=\"https:\/\/www.facebook.com\/share\/1C1V8Gv9BX\/?mibextid=qi2Omg\" \/>\n<meta property=\"article:published_time\" content=\"2019-05-17T10:00:07+00:00\" \/>\n<meta property=\"og:image\" content=\"https:\/\/patagoniambiental.com.ar\/info\/wp-content\/uploads\/2019\/05\/Bosque-Cholila.jpg\" \/>\n\t<meta property=\"og:image:width\" content=\"700\" \/>\n\t<meta property=\"og:image:height\" content=\"400\" \/>\n\t<meta property=\"og:image:type\" content=\"image\/jpeg\" \/>\n<meta name=\"author\" content=\"Patagonia Ambiental\" \/>\n<meta name=\"twitter:card\" content=\"summary_large_image\" \/>\n<meta name=\"twitter:creator\" content=\"@PatAmb\" \/>\n<meta name=\"twitter:site\" content=\"@PatAmb\" \/>\n<script type=\"application\/ld+json\" class=\"yoast-schema-graph\">{\"@context\":\"https:\\\/\\\/schema.org\",\"@graph\":[{\"@type\":\"Article\",\"@id\":\"https:\\\/\\\/patagoniambiental.com.ar\\\/info\\\/jovenes-argentinos-reforestan-un-bosque-incendiado-con-11500-arboles\\\/#article\",\"isPartOf\":{\"@id\":\"https:\\\/\\\/patagoniambiental.com.ar\\\/info\\\/jovenes-argentinos-reforestan-un-bosque-incendiado-con-11500-arboles\\\/\"},\"author\":{\"name\":\"Patagonia Ambiental\",\"@id\":\"https:\\\/\\\/patagoniambiental.com.ar\\\/info\\\/#\\\/schema\\\/person\\\/db12bff64bbcbf6a253710bf0ea37b5d\"},\"headline\":\"J\u00d3VENES ARGENTINOS REFORESTAN UN BOSQUE INCENDIADO CON 11,500 \u00c1RBOLES\",\"datePublished\":\"2019-05-17T10:00:07+00:00\",\"mainEntityOfPage\":{\"@id\":\"https:\\\/\\\/patagoniambiental.com.ar\\\/info\\\/jovenes-argentinos-reforestan-un-bosque-incendiado-con-11500-arboles\\\/\"},\"wordCount\":336,\"commentCount\":0,\"publisher\":{\"@id\":\"https:\\\/\\\/patagoniambiental.com.ar\\\/info\\\/#organization\"},\"image\":{\"@id\":\"https:\\\/\\\/patagoniambiental.com.ar\\\/info\\\/jovenes-argentinos-reforestan-un-bosque-incendiado-con-11500-arboles\\\/#primaryimage\"},\"thumbnailUrl\":\"https:\\\/\\\/patagoniambiental.com.ar\\\/info\\\/wp-content\\\/uploads\\\/2019\\\/05\\\/Bosque-Cholila.jpg\",\"articleSection\":[\"Chubut\",\"Noticias\",\"Provinciales\"],\"inLanguage\":\"es\",\"potentialAction\":[{\"@type\":\"CommentAction\",\"name\":\"Comment\",\"target\":[\"https:\\\/\\\/patagoniambiental.com.ar\\\/info\\\/jovenes-argentinos-reforestan-un-bosque-incendiado-con-11500-arboles\\\/#respond\"]}]},{\"@type\":\"WebPage\",\"@id\":\"https:\\\/\\\/patagoniambiental.com.ar\\\/info\\\/jovenes-argentinos-reforestan-un-bosque-incendiado-con-11500-arboles\\\/\",\"url\":\"https:\\\/\\\/patagoniambiental.com.ar\\\/info\\\/jovenes-argentinos-reforestan-un-bosque-incendiado-con-11500-arboles\\\/\",\"name\":\"J\u00d3VENES ARGENTINOS REFORESTAN UN BOSQUE INCENDIADO CON 11,500 \u00c1RBOLES\",\"isPartOf\":{\"@id\":\"https:\\\/\\\/patagoniambiental.com.ar\\\/info\\\/#website\"},\"primaryImageOfPage\":{\"@id\":\"https:\\\/\\\/patagoniambiental.com.ar\\\/info\\\/jovenes-argentinos-reforestan-un-bosque-incendiado-con-11500-arboles\\\/#primaryimage\"},\"image\":{\"@id\":\"https:\\\/\\\/patagoniambiental.com.ar\\\/info\\\/jovenes-argentinos-reforestan-un-bosque-incendiado-con-11500-arboles\\\/#primaryimage\"},\"thumbnailUrl\":\"https:\\\/\\\/patagoniambiental.com.ar\\\/info\\\/wp-content\\\/uploads\\\/2019\\\/05\\\/Bosque-Cholila.jpg\",\"datePublished\":\"2019-05-17T10:00:07+00:00\",\"breadcrumb\":{\"@id\":\"https:\\\/\\\/patagoniambiental.com.ar\\\/info\\\/jovenes-argentinos-reforestan-un-bosque-incendiado-con-11500-arboles\\\/#breadcrumb\"},\"inLanguage\":\"es\",\"potentialAction\":[{\"@type\":\"ReadAction\",\"target\":[\"https:\\\/\\\/patagoniambiental.com.ar\\\/info\\\/jovenes-argentinos-reforestan-un-bosque-incendiado-con-11500-arboles\\\/\"]}]},{\"@type\":\"ImageObject\",\"inLanguage\":\"es\",\"@id\":\"https:\\\/\\\/patagoniambiental.com.ar\\\/info\\\/jovenes-argentinos-reforestan-un-bosque-incendiado-con-11500-arboles\\\/#primaryimage\",\"url\":\"https:\\\/\\\/patagoniambiental.com.ar\\\/info\\\/wp-content\\\/uploads\\\/2019\\\/05\\\/Bosque-Cholila.jpg\",\"contentUrl\":\"https:\\\/\\\/patagoniambiental.com.ar\\\/info\\\/wp-content\\\/uploads\\\/2019\\\/05\\\/Bosque-Cholila.jpg\",\"width\":700,\"height\":400},{\"@type\":\"BreadcrumbList\",\"@id\":\"https:\\\/\\\/patagoniambiental.com.ar\\\/info\\\/jovenes-argentinos-reforestan-un-bosque-incendiado-con-11500-arboles\\\/#breadcrumb\",\"itemListElement\":[{\"@type\":\"ListItem\",\"position\":1,\"name\":\"Inicio\",\"item\":\"https:\\\/\\\/patagoniambiental.com.ar\\\/info\\\/\"},{\"@type\":\"ListItem\",\"position\":2,\"name\":\"J\u00d3VENES ARGENTINOS REFORESTAN UN BOSQUE INCENDIADO CON 11,500 \u00c1RBOLES\"}]},{\"@type\":\"WebSite\",\"@id\":\"https:\\\/\\\/patagoniambiental.com.ar\\\/info\\\/#website\",\"url\":\"https:\\\/\\\/patagoniambiental.com.ar\\\/info\\\/\",\"name\":\"Patagonia Ambiental\",\"description\":\"Monitoreo y an\u00e1lisis de la situaci\u00f3n geopol\u00edtica en el mundo y su implicancia en la Patagonia\",\"publisher\":{\"@id\":\"https:\\\/\\\/patagoniambiental.com.ar\\\/info\\\/#organization\"},\"potentialAction\":[{\"@type\":\"SearchAction\",\"target\":{\"@type\":\"EntryPoint\",\"urlTemplate\":\"https:\\\/\\\/patagoniambiental.com.ar\\\/info\\\/?s={search_term_string}\"},\"query-input\":{\"@type\":\"PropertyValueSpecification\",\"valueRequired\":true,\"valueName\":\"search_term_string\"}}],\"inLanguage\":\"es\"},{\"@type\":\"Organization\",\"@id\":\"https:\\\/\\\/patagoniambiental.com.ar\\\/info\\\/#organization\",\"name\":\"Patagonia Ambiental\",\"url\":\"https:\\\/\\\/patagoniambiental.com.ar\\\/info\\\/\",\"logo\":{\"@type\":\"ImageObject\",\"inLanguage\":\"es\",\"@id\":\"https:\\\/\\\/patagoniambiental.com.ar\\\/info\\\/#\\\/schema\\\/logo\\\/image\\\/\",\"url\":\"https:\\\/\\\/patagoniambiental.com.ar\\\/info\\\/wp-content\\\/uploads\\\/2025\\\/05\\\/LOGO-PATAGONIA-AMBIENTAL.png\",\"contentUrl\":\"https:\\\/\\\/patagoniambiental.com.ar\\\/info\\\/wp-content\\\/uploads\\\/2025\\\/05\\\/LOGO-PATAGONIA-AMBIENTAL.png\",\"width\":433,\"height\":250,\"caption\":\"Patagonia Ambiental\"},\"image\":{\"@id\":\"https:\\\/\\\/patagoniambiental.com.ar\\\/info\\\/#\\\/schema\\\/logo\\\/image\\\/\"},\"sameAs\":[\"https:\\\/\\\/www.facebook.com\\\/patagonia.ambiental\",\"https:\\\/\\\/x.com\\\/PatAmb\"]},{\"@type\":\"Person\",\"@id\":\"https:\\\/\\\/patagoniambiental.com.ar\\\/info\\\/#\\\/schema\\\/person\\\/db12bff64bbcbf6a253710bf0ea37b5d\",\"name\":\"Patagonia Ambiental\",\"description\":\"Andr\u00e9s Nievas T\u00e9cnico en manejo ambiental, consultor Ambiental y escritor para medios locales e internacionales sobre temas de geopolitica y medio ambiente.\",\"sameAs\":[\"http:\\\/\\\/www.patagoniambiental.com.ar\",\"https:\\\/\\\/www.facebook.com\\\/share\\\/1C1V8Gv9BX\\\/?mibextid=qi2Omg\",\"@patagoniambiental\",\"https:\\\/\\\/youtube.com\\\/@patagoniaambiental2023?si=BLt58t0wuXquxlYZ\"]}]}<\/script>\n<!-- \/ Yoast SEO Premium plugin. -->","yoast_head_json":{"title":"J\u00d3VENES ARGENTINOS REFORESTAN UN BOSQUE INCENDIADO CON 11,500 \u00c1RBOLES","robots":{"index":"index","follow":"follow","max-snippet":"max-snippet:-1","max-image-preview":"max-image-preview:large","max-video-preview":"max-video-preview:-1"},"canonical":"https:\/\/patagoniambiental.com.ar\/info\/jovenes-argentinos-reforestan-un-bosque-incendiado-con-11500-arboles\/","og_locale":"es_ES","og_type":"article","og_title":"J\u00d3VENES ARGENTINOS REFORESTAN UN BOSQUE INCENDIADO CON 11,500 \u00c1RBOLES","og_description":"Cholila.-J\u00f3venes de diferentes ciudades de Argentina y del mundo fueron en una misi\u00f3n de 4 d\u00edas al Bosque de Cholila [&hellip;]","og_url":"https:\/\/patagoniambiental.com.ar\/info\/jovenes-argentinos-reforestan-un-bosque-incendiado-con-11500-arboles\/","og_site_name":"Patagonia Ambiental","article_publisher":"https:\/\/www.facebook.com\/patagonia.ambiental","article_author":"https:\/\/www.facebook.com\/share\/1C1V8Gv9BX\/?mibextid=qi2Omg","article_published_time":"2019-05-17T10:00:07+00:00","og_image":[{"width":700,"height":400,"url":"https:\/\/patagoniambiental.com.ar\/info\/wp-content\/uploads\/2019\/05\/Bosque-Cholila.jpg","type":"image\/jpeg"}],"author":"Patagonia Ambiental","twitter_card":"summary_large_image","twitter_creator":"@PatAmb","twitter_site":"@PatAmb","schema":{"@context":"https:\/\/schema.org","@graph":[{"@type":"Article","@id":"https:\/\/patagoniambiental.com.ar\/info\/jovenes-argentinos-reforestan-un-bosque-incendiado-con-11500-arboles\/#article","isPartOf":{"@id":"https:\/\/patagoniambiental.com.ar\/info\/jovenes-argentinos-reforestan-un-bosque-incendiado-con-11500-arboles\/"},"author":{"name":"Patagonia Ambiental","@id":"https:\/\/patagoniambiental.com.ar\/info\/#\/schema\/person\/db12bff64bbcbf6a253710bf0ea37b5d"},"headline":"J\u00d3VENES ARGENTINOS REFORESTAN UN BOSQUE INCENDIADO CON 11,500 \u00c1RBOLES","datePublished":"2019-05-17T10:00:07+00:00","mainEntityOfPage":{"@id":"https:\/\/patagoniambiental.com.ar\/info\/jovenes-argentinos-reforestan-un-bosque-incendiado-con-11500-arboles\/"},"wordCount":336,"commentCount":0,"publisher":{"@id":"https:\/\/patagoniambiental.com.ar\/info\/#organization"},"image":{"@id":"https:\/\/patagoniambiental.com.ar\/info\/jovenes-argentinos-reforestan-un-bosque-incendiado-con-11500-arboles\/#primaryimage"},"thumbnailUrl":"https:\/\/patagoniambiental.com.ar\/info\/wp-content\/uploads\/2019\/05\/Bosque-Cholila.jpg","articleSection":["Chubut","Noticias","Provinciales"],"inLanguage":"es","potentialAction":[{"@type":"CommentAction","name":"Comment","target":["https:\/\/patagoniambiental.com.ar\/info\/jovenes-argentinos-reforestan-un-bosque-incendiado-con-11500-arboles\/#respond"]}]},{"@type":"WebPage","@id":"https:\/\/patagoniambiental.com.ar\/info\/jovenes-argentinos-reforestan-un-bosque-incendiado-con-11500-arboles\/","url":"https:\/\/patagoniambiental.com.ar\/info\/jovenes-argentinos-reforestan-un-bosque-incendiado-con-11500-arboles\/","name":"J\u00d3VENES ARGENTINOS REFORESTAN UN BOSQUE INCENDIADO CON 11,500 \u00c1RBOLES","isPartOf":{"@id":"https:\/\/patagoniambiental.com.ar\/info\/#website"},"primaryImageOfPage":{"@id":"https:\/\/patagoniambiental.com.ar\/info\/jovenes-argentinos-reforestan-un-bosque-incendiado-con-11500-arboles\/#primaryimage"},"image":{"@id":"https:\/\/patagoniambiental.com.ar\/info\/jovenes-argentinos-reforestan-un-bosque-incendiado-con-11500-arboles\/#primaryimage"},"thumbnailUrl":"https:\/\/patagoniambiental.com.ar\/info\/wp-content\/uploads\/2019\/05\/Bosque-Cholila.jpg","datePublished":"2019-05-17T10:00:07+00:00","breadcrumb":{"@id":"https:\/\/patagoniambiental.com.ar\/info\/jovenes-argentinos-reforestan-un-bosque-incendiado-con-11500-arboles\/#breadcrumb"},"inLanguage":"es","potentialAction":[{"@type":"ReadAction","target":["https:\/\/patagoniambiental.com.ar\/info\/jovenes-argentinos-reforestan-un-bosque-incendiado-con-11500-arboles\/"]}]},{"@type":"ImageObject","inLanguage":"es","@id":"https:\/\/patagoniambiental.com.ar\/info\/jovenes-argentinos-reforestan-un-bosque-incendiado-con-11500-arboles\/#primaryimage","url":"https:\/\/patagoniambiental.com.ar\/info\/wp-content\/uploads\/2019\/05\/Bosque-Cholila.jpg","contentUrl":"https:\/\/patagoniambiental.com.ar\/info\/wp-content\/uploads\/2019\/05\/Bosque-Cholila.jpg","width":700,"height":400},{"@type":"BreadcrumbList","@id":"https:\/\/patagoniambiental.com.ar\/info\/jovenes-argentinos-reforestan-un-bosque-incendiado-con-11500-arboles\/#breadcrumb","itemListElement":[{"@type":"ListItem","position":1,"name":"Inicio","item":"https:\/\/patagoniambiental.com.ar\/info\/"},{"@type":"ListItem","position":2,"name":"J\u00d3VENES ARGENTINOS REFORESTAN UN BOSQUE INCENDIADO CON 11,500 \u00c1RBOLES"}]},{"@type":"WebSite","@id":"https:\/\/patagoniambiental.com.ar\/info\/#website","url":"https:\/\/patagoniambiental.com.ar\/info\/","name":"Patagonia Ambiental","description":"Monitoreo y an\u00e1lisis de la situaci\u00f3n geopol\u00edtica en el mundo y su implicancia en la Patagonia","publisher":{"@id":"https:\/\/patagoniambiental.com.ar\/info\/#organization"},"potentialAction":[{"@type":"SearchAction","target":{"@type":"EntryPoint","urlTemplate":"https:\/\/patagoniambiental.com.ar\/info\/?s={search_term_string}"},"query-input":{"@type":"PropertyValueSpecification","valueRequired":true,"valueName":"search_term_string"}}],"inLanguage":"es"},{"@type":"Organization","@id":"https:\/\/patagoniambiental.com.ar\/info\/#organization","name":"Patagonia Ambiental","url":"https:\/\/patagoniambiental.com.ar\/info\/","logo":{"@type":"ImageObject","inLanguage":"es","@id":"https:\/\/patagoniambiental.com.ar\/info\/#\/schema\/logo\/image\/","url":"https:\/\/patagoniambiental.com.ar\/info\/wp-content\/uploads\/2025\/05\/LOGO-PATAGONIA-AMBIENTAL.png","contentUrl":"https:\/\/patagoniambiental.com.ar\/info\/wp-content\/uploads\/2025\/05\/LOGO-PATAGONIA-AMBIENTAL.png","width":433,"height":250,"caption":"Patagonia Ambiental"},"image":{"@id":"https:\/\/patagoniambiental.com.ar\/info\/#\/schema\/logo\/image\/"},"sameAs":["https:\/\/www.facebook.com\/patagonia.ambiental","https:\/\/x.com\/PatAmb"]},{"@type":"Person","@id":"https:\/\/patagoniambiental.com.ar\/info\/#\/schema\/person\/db12bff64bbcbf6a253710bf0ea37b5d","name":"Patagonia Ambiental","description":"Andr\u00e9s Nievas T\u00e9cnico en manejo ambiental, consultor Ambiental y escritor para medios locales e internacionales sobre temas de geopolitica y medio ambiente.","sameAs":["http:\/\/www.patagoniambiental.com.ar","https:\/\/www.facebook.com\/share\/1C1V8Gv9BX\/?mibextid=qi2Omg","@patagoniambiental","https:\/\/youtube.com\/@patagoniaambiental2023?si=BLt58t0wuXquxlYZ"]}]}},"_links":{"self":[{"href":"https:\/\/patagoniambiental.com.ar\/info\/wp-json\/wp\/v2\/posts\/61235","targetHints":{"allow":["GET"]}}],"collection":[{"href":"https:\/\/patagoniambiental.com.ar\/info\/wp-json\/wp\/v2\/posts"}],"about":[{"href":"https:\/\/patagoniambiental.com.ar\/info\/wp-json\/wp\/v2\/types\/post"}],"author":[{"embeddable":true,"href":"https:\/\/patagoniambiental.com.ar\/info\/wp-json\/wp\/v2\/users\/2"}],"replies":[{"embeddable":true,"href":"https:\/\/patagoniambiental.com.ar\/info\/wp-json\/wp\/v2\/comments?post=61235"}],"version-history":[{"count":0,"href":"https:\/\/patagoniambiental.com.ar\/info\/wp-json\/wp\/v2\/posts\/61235\/revisions"}],"wp:featuredmedia":[{"embeddable":true,"href":"https:\/\/patagoniambiental.com.ar\/info\/wp-json\/wp\/v2\/media\/61236"}],"wp:attachment":[{"href":"https:\/\/patagoniambiental.com.ar\/info\/wp-json\/wp\/v2\/media?parent=61235"}],"wp:term":[{"taxonomy":"category","embeddable":true,"href":"https:\/\/patagoniambiental.com.ar\/info\/wp-json\/wp\/v2\/categories?post=61235"},{"taxonomy":"post_tag","embeddable":true,"href":"https:\/\/patagoniambiental.com.ar\/info\/wp-json\/wp\/v2\/tags?post=61235"}],"curies":[{"name":"wp","href":"https:\/\/api.w.org\/{rel}","templated":true}]}}