{"id":61261,"date":"2019-05-18T19:00:31","date_gmt":"2019-05-18T22:00:31","guid":{"rendered":"http:\/\/patagoniambiental.com.ar\/info\/?p=61261"},"modified":"2019-05-18T12:25:24","modified_gmt":"2019-05-18T15:25:24","slug":"%e2%9c%85-viedma-fauna-rescato-un-guanaco-que-se-encontraba-en-un-domicilio-particular","status":"publish","type":"post","link":"https:\/\/patagoniambiental.com.ar\/info\/%e2%9c%85-viedma-fauna-rescato-un-guanaco-que-se-encontraba-en-un-domicilio-particular\/","title":{"rendered":"\u2705\u00a0Viedma:\u00a0Fauna\u00a0rescat\u00f3\u00a0un\u00a0guanaco\u00a0que se encontraba en un domicilio particular"},"content":{"rendered":"<div id=\"js_qh\" class=\"_5pbx userContent _3576\" data-testid=\"post_message\" data-ft=\"{&quot;tn&quot;:&quot;K&quot;}\">\n<div id=\"id_5ce0216c7067d6f84113858\" class=\"text_exposed_root text_exposed\">\n<p>Un guanaco de aproximadamente 4 meses fue rescatado en la ma\u00f1ana de hoy por personal de la Direcci\u00f3n de Fauna en Viedma, a partir de una denuncia an\u00f3nima de un vecino de localidad. Acompa\u00f1aron el procedimiento oficiales de la comisaria N\u00b0 34.<\/p>\n<p><!--more--><br \/>\nEl animal estaba en poder de una familia del barrio Ceferino, y tras un dialogo ameno con los t\u00e9cnicos del \u00e1rea hicieron la entrega de manera voluntaria<span class=\"text_exposed_show\">. De esta manera se evit\u00f3 dar intervenci\u00f3n a la justicia.<br \/>\nM\u00e1s all\u00e1 que se desconoce como el animal llego a la ciudad, los vecinos explicaron que lo encontraron corriendo por el barrio y que lo agarraron para que los perros no lo lastimen.<br \/>\nEl guanaco fue llevado a una veterinaria para determinar sus condiciones f\u00edsicas, y ma\u00f1ana se resolver\u00e1 su destino ya que al ser una cr\u00eda requiere de cuidados especiales, lo que llevara un tiempo.Una vez que los t\u00e9cnicos determinen que sea posible, ser\u00e1 liberado.<br \/>\nEl guanaco es una especie protegida en la provincia de R\u00edo Negro y forma parte del proyecto \u201cDesarrollo del Circuito Socioproductivo de la Fibra de la Especie como Recurso Estrat\u00e9gico de la Econom\u00eda Social en la Patagonia, por lo que la caza furtiva de esta especie como la tenencia constituyen un delito.<br \/>\nSe trata del herb\u00edvoro nativo m\u00e1s grande que habita Sudam\u00e9rica y fue el ungulado de mayor rango de distribuci\u00f3n de ambientes \u00e1ridos. En R\u00edo Negro posee una amplia distribuci\u00f3n, encontr\u00e1ndose en la regi\u00f3n sur los bolsones de mayor densidad. En la meseta de Somuncura las poblaciones son principalmente migrantes, ascendiendo en las \u00e9pocas estivales y descendiendo durante el invierno.<br \/>\nLa tenencia de animales silvestres en domicilios particulares se lo denomina \u201cmascotismo\u201d y a nivel mundial es considerada una de las principales amenazas que enfrentan muchas especies, poni\u00e9ndolas en peligro de extinci\u00f3n.<\/span><\/p>\n<\/div>\n<\/div>\n<p>&nbsp;<\/p>\n<div class=\"_3x-2\" data-ft=\"{&quot;tn&quot;:&quot;H&quot;}\">\n<div data-ft=\"{&quot;tn&quot;:&quot;H&quot;}\">\n<div class=\"mtm\">\n<div>\n<div class=\"_1ktf\" data-ft=\"{&quot;tn&quot;:&quot;E&quot;}\">\n<div class=\"uiScaledImageContainer _517g\"><img fetchpriority=\"high\" decoding=\"async\" class=\"scaledImageFitWidth img\" src=\"https:\/\/scontent.fbrc1-1.fna.fbcdn.net\/v\/t1.0-0\/q92\/p526x296\/60345137_2339734563014243_1065253276405989376_o.jpg?_nc_cat=105&amp;_nc_eui2=AeF-qXkXQuDYJmCoocuhF8fHNdDALa9rlvh5aguy_zOY46Wwcse5sKwitgt2XidYw6eqSOZkhIJC_hkRkZUj09WwcTyNhGN-Z6gHlqoUXYB7Fg&amp;_nc_pt=1&amp;_nc_ht=scontent.fbrc1-1.fna&amp;oh=b71d6df46283d318cd3258b79fa472f9&amp;oe=5D55D9AE\" alt=\"La imagen puede contener: exterior y naturaleza\" width=\"500\" height=\"667\" data-src=\"https:\/\/scontent.fbrc1-1.fna.fbcdn.net\/v\/t1.0-0\/q92\/p526x296\/60345137_2339734563014243_1065253276405989376_o.jpg?_nc_cat=105&amp;_nc_eui2=AeF-qXkXQuDYJmCoocuhF8fHNdDALa9rlvh5aguy_zOY46Wwcse5sKwitgt2XidYw6eqSOZkhIJC_hkRkZUj09WwcTyNhGN-Z6gHlqoUXYB7Fg&amp;_nc_pt=1&amp;_nc_ht=scontent.fbrc1-1.fna&amp;oh=b71d6df46283d318cd3258b79fa472f9&amp;oe=5D55D9AE\" \/><\/div>\n<div>Fuente: SA y DS de Rio Negro<\/div>\n<\/div>\n<\/div>\n<\/div>\n<\/div>\n<\/div>\n","protected":false},"excerpt":{"rendered":"<p>Un guanaco de aproximadamente 4 meses fue rescatado en la ma\u00f1ana de hoy por personal de la Direcci\u00f3n de Fauna [&hellip;]<\/p>\n","protected":false},"author":2,"featured_media":61262,"comment_status":"open","ping_status":"open","sticky":false,"template":"","format":"standard","meta":{"site-sidebar-layout":"default","site-content-layout":"","ast-site-content-layout":"default","site-content-style":"default","site-sidebar-style":"default","ast-global-header-display":"","ast-banner-title-visibility":"","ast-main-header-display":"","ast-hfb-above-header-display":"","ast-hfb-below-header-display":"","ast-hfb-mobile-header-display":"","site-post-title":"","ast-breadcrumbs-content":"","ast-featured-img":"","footer-sml-layout":"","ast-disable-related-posts":"","theme-transparent-header-meta":"","adv-header-id-meta":"","stick-header-meta":"","header-above-stick-meta":"","header-main-stick-meta":"","header-below-stick-meta":"","astra-migrate-meta-layouts":"default","ast-page-background-enabled":"default","ast-page-background-meta":{"desktop":{"background-color":"var(--ast-global-color-5)","background-image":"","background-repeat":"repeat","background-position":"center center","background-size":"auto","background-attachment":"scroll","background-type":"","background-media":"","overlay-type":"","overlay-color":"","overlay-opacity":"","overlay-gradient":""},"tablet":{"background-color":"","background-image":"","background-repeat":"repeat","background-position":"center center","background-size":"auto","background-attachment":"scroll","background-type":"","background-media":"","overlay-type":"","overlay-color":"","overlay-opacity":"","overlay-gradient":""},"mobile":{"background-color":"","background-image":"","background-repeat":"repeat","background-position":"center center","background-size":"auto","background-attachment":"scroll","background-type":"","background-media":"","overlay-type":"","overlay-color":"","overlay-opacity":"","overlay-gradient":""}},"ast-content-background-meta":{"desktop":{"background-color":"var(--ast-global-color-4)","background-image":"","background-repeat":"repeat","background-position":"center center","background-size":"auto","background-attachment":"scroll","background-type":"","background-media":"","overlay-type":"","overlay-color":"","overlay-opacity":"","overlay-gradient":""},"tablet":{"background-color":"var(--ast-global-color-4)","background-image":"","background-repeat":"repeat","background-position":"center center","background-size":"auto","background-attachment":"scroll","background-type":"","background-media":"","overlay-type":"","overlay-color":"","overlay-opacity":"","overlay-gradient":""},"mobile":{"background-color":"var(--ast-global-color-4)","background-image":"","background-repeat":"repeat","background-position":"center center","background-size":"auto","background-attachment":"scroll","background-type":"","background-media":"","overlay-type":"","overlay-color":"","overlay-opacity":"","overlay-gradient":""}},"footnotes":""},"categories":[1,13,14],"tags":[],"class_list":["post-61261","post","type-post","status-publish","format-standard","has-post-thumbnail","hentry","category-noticias","category-provinciales","category-rio-negro"],"yoast_head":"<!-- This site is optimized with the Yoast SEO Premium plugin v23.0 (Yoast SEO v27.5) - https:\/\/yoast.com\/product\/yoast-seo-premium-wordpress\/ -->\n<title>\u2705\u00a0Viedma:\u00a0Fauna\u00a0rescat\u00f3\u00a0un\u00a0guanaco\u00a0que se encontraba en un domicilio particular<\/title>\n<meta name=\"robots\" content=\"index, follow, max-snippet:-1, max-image-preview:large, max-video-preview:-1\" \/>\n<link rel=\"canonical\" href=\"https:\/\/patagoniambiental.com.ar\/info\/\u2705-viedma-fauna-rescato-un-guanaco-que-se-encontraba-en-un-domicilio-particular\/\" \/>\n<meta property=\"og:locale\" content=\"es_ES\" \/>\n<meta property=\"og:type\" content=\"article\" \/>\n<meta property=\"og:title\" content=\"\u2705\u00a0Viedma:\u00a0Fauna\u00a0rescat\u00f3\u00a0un\u00a0guanaco\u00a0que se encontraba en un domicilio particular\" \/>\n<meta property=\"og:description\" content=\"Un guanaco de aproximadamente 4 meses fue rescatado en la ma\u00f1ana de hoy por personal de la Direcci\u00f3n de Fauna [&hellip;]\" \/>\n<meta property=\"og:url\" content=\"https:\/\/patagoniambiental.com.ar\/info\/\u2705-viedma-fauna-rescato-un-guanaco-que-se-encontraba-en-un-domicilio-particular\/\" \/>\n<meta property=\"og:site_name\" content=\"Patagonia Ambiental\" \/>\n<meta property=\"article:publisher\" content=\"https:\/\/www.facebook.com\/patagonia.ambiental\" \/>\n<meta property=\"article:author\" content=\"https:\/\/www.facebook.com\/share\/1C1V8Gv9BX\/?mibextid=qi2Omg\" \/>\n<meta property=\"article:published_time\" content=\"2019-05-18T22:00:31+00:00\" \/>\n<meta property=\"og:image\" content=\"https:\/\/patagoniambiental.com.ar\/info\/wp-content\/uploads\/2019\/05\/60345137_2339734563014243_1065253276405989376_o.jpg\" \/>\n\t<meta property=\"og:image:width\" content=\"526\" \/>\n\t<meta property=\"og:image:height\" content=\"701\" \/>\n\t<meta property=\"og:image:type\" content=\"image\/jpeg\" \/>\n<meta name=\"author\" content=\"Patagonia Ambiental\" \/>\n<meta name=\"twitter:card\" content=\"summary_large_image\" \/>\n<meta name=\"twitter:creator\" content=\"@PatAmb\" \/>\n<meta name=\"twitter:site\" content=\"@PatAmb\" \/>\n<script type=\"application\/ld+json\" class=\"yoast-schema-graph\">{\"@context\":\"https:\\\/\\\/schema.org\",\"@graph\":[{\"@type\":\"Article\",\"@id\":\"https:\\\/\\\/patagoniambiental.com.ar\\\/info\\\/%e2%9c%85-viedma-fauna-rescato-un-guanaco-que-se-encontraba-en-un-domicilio-particular\\\/#article\",\"isPartOf\":{\"@id\":\"https:\\\/\\\/patagoniambiental.com.ar\\\/info\\\/%e2%9c%85-viedma-fauna-rescato-un-guanaco-que-se-encontraba-en-un-domicilio-particular\\\/\"},\"author\":{\"name\":\"Patagonia Ambiental\",\"@id\":\"https:\\\/\\\/patagoniambiental.com.ar\\\/info\\\/#\\\/schema\\\/person\\\/db12bff64bbcbf6a253710bf0ea37b5d\"},\"headline\":\"\u2705\u00a0Viedma:\u00a0Fauna\u00a0rescat\u00f3\u00a0un\u00a0guanaco\u00a0que se encontraba en un domicilio particular\",\"datePublished\":\"2019-05-18T22:00:31+00:00\",\"mainEntityOfPage\":{\"@id\":\"https:\\\/\\\/patagoniambiental.com.ar\\\/info\\\/%e2%9c%85-viedma-fauna-rescato-un-guanaco-que-se-encontraba-en-un-domicilio-particular\\\/\"},\"wordCount\":341,\"commentCount\":0,\"publisher\":{\"@id\":\"https:\\\/\\\/patagoniambiental.com.ar\\\/info\\\/#organization\"},\"image\":{\"@id\":\"https:\\\/\\\/patagoniambiental.com.ar\\\/info\\\/%e2%9c%85-viedma-fauna-rescato-un-guanaco-que-se-encontraba-en-un-domicilio-particular\\\/#primaryimage\"},\"thumbnailUrl\":\"https:\\\/\\\/patagoniambiental.com.ar\\\/info\\\/wp-content\\\/uploads\\\/2019\\\/05\\\/60345137_2339734563014243_1065253276405989376_o.jpg\",\"articleSection\":[\"Noticias\",\"Provinciales\",\"R\u00edo Negro\"],\"inLanguage\":\"es\",\"potentialAction\":[{\"@type\":\"CommentAction\",\"name\":\"Comment\",\"target\":[\"https:\\\/\\\/patagoniambiental.com.ar\\\/info\\\/%e2%9c%85-viedma-fauna-rescato-un-guanaco-que-se-encontraba-en-un-domicilio-particular\\\/#respond\"]}]},{\"@type\":\"WebPage\",\"@id\":\"https:\\\/\\\/patagoniambiental.com.ar\\\/info\\\/%e2%9c%85-viedma-fauna-rescato-un-guanaco-que-se-encontraba-en-un-domicilio-particular\\\/\",\"url\":\"https:\\\/\\\/patagoniambiental.com.ar\\\/info\\\/%e2%9c%85-viedma-fauna-rescato-un-guanaco-que-se-encontraba-en-un-domicilio-particular\\\/\",\"name\":\"\u2705\u00a0Viedma:\u00a0Fauna\u00a0rescat\u00f3\u00a0un\u00a0guanaco\u00a0que se encontraba en un domicilio particular\",\"isPartOf\":{\"@id\":\"https:\\\/\\\/patagoniambiental.com.ar\\\/info\\\/#website\"},\"primaryImageOfPage\":{\"@id\":\"https:\\\/\\\/patagoniambiental.com.ar\\\/info\\\/%e2%9c%85-viedma-fauna-rescato-un-guanaco-que-se-encontraba-en-un-domicilio-particular\\\/#primaryimage\"},\"image\":{\"@id\":\"https:\\\/\\\/patagoniambiental.com.ar\\\/info\\\/%e2%9c%85-viedma-fauna-rescato-un-guanaco-que-se-encontraba-en-un-domicilio-particular\\\/#primaryimage\"},\"thumbnailUrl\":\"https:\\\/\\\/patagoniambiental.com.ar\\\/info\\\/wp-content\\\/uploads\\\/2019\\\/05\\\/60345137_2339734563014243_1065253276405989376_o.jpg\",\"datePublished\":\"2019-05-18T22:00:31+00:00\",\"breadcrumb\":{\"@id\":\"https:\\\/\\\/patagoniambiental.com.ar\\\/info\\\/%e2%9c%85-viedma-fauna-rescato-un-guanaco-que-se-encontraba-en-un-domicilio-particular\\\/#breadcrumb\"},\"inLanguage\":\"es\",\"potentialAction\":[{\"@type\":\"ReadAction\",\"target\":[\"https:\\\/\\\/patagoniambiental.com.ar\\\/info\\\/%e2%9c%85-viedma-fauna-rescato-un-guanaco-que-se-encontraba-en-un-domicilio-particular\\\/\"]}]},{\"@type\":\"ImageObject\",\"inLanguage\":\"es\",\"@id\":\"https:\\\/\\\/patagoniambiental.com.ar\\\/info\\\/%e2%9c%85-viedma-fauna-rescato-un-guanaco-que-se-encontraba-en-un-domicilio-particular\\\/#primaryimage\",\"url\":\"https:\\\/\\\/patagoniambiental.com.ar\\\/info\\\/wp-content\\\/uploads\\\/2019\\\/05\\\/60345137_2339734563014243_1065253276405989376_o.jpg\",\"contentUrl\":\"https:\\\/\\\/patagoniambiental.com.ar\\\/info\\\/wp-content\\\/uploads\\\/2019\\\/05\\\/60345137_2339734563014243_1065253276405989376_o.jpg\",\"width\":450,\"height\":600},{\"@type\":\"BreadcrumbList\",\"@id\":\"https:\\\/\\\/patagoniambiental.com.ar\\\/info\\\/%e2%9c%85-viedma-fauna-rescato-un-guanaco-que-se-encontraba-en-un-domicilio-particular\\\/#breadcrumb\",\"itemListElement\":[{\"@type\":\"ListItem\",\"position\":1,\"name\":\"Inicio\",\"item\":\"https:\\\/\\\/patagoniambiental.com.ar\\\/info\\\/\"},{\"@type\":\"ListItem\",\"position\":2,\"name\":\"\u2705\u00a0Viedma:\u00a0Fauna\u00a0rescat\u00f3\u00a0un\u00a0guanaco\u00a0que se encontraba en un domicilio particular\"}]},{\"@type\":\"WebSite\",\"@id\":\"https:\\\/\\\/patagoniambiental.com.ar\\\/info\\\/#website\",\"url\":\"https:\\\/\\\/patagoniambiental.com.ar\\\/info\\\/\",\"name\":\"Patagonia Ambiental\",\"description\":\"Monitoreo y an\u00e1lisis de la situaci\u00f3n geopol\u00edtica en el mundo y su implicancia en la Patagonia\",\"publisher\":{\"@id\":\"https:\\\/\\\/patagoniambiental.com.ar\\\/info\\\/#organization\"},\"potentialAction\":[{\"@type\":\"SearchAction\",\"target\":{\"@type\":\"EntryPoint\",\"urlTemplate\":\"https:\\\/\\\/patagoniambiental.com.ar\\\/info\\\/?s={search_term_string}\"},\"query-input\":{\"@type\":\"PropertyValueSpecification\",\"valueRequired\":true,\"valueName\":\"search_term_string\"}}],\"inLanguage\":\"es\"},{\"@type\":\"Organization\",\"@id\":\"https:\\\/\\\/patagoniambiental.com.ar\\\/info\\\/#organization\",\"name\":\"Patagonia Ambiental\",\"url\":\"https:\\\/\\\/patagoniambiental.com.ar\\\/info\\\/\",\"logo\":{\"@type\":\"ImageObject\",\"inLanguage\":\"es\",\"@id\":\"https:\\\/\\\/patagoniambiental.com.ar\\\/info\\\/#\\\/schema\\\/logo\\\/image\\\/\",\"url\":\"https:\\\/\\\/patagoniambiental.com.ar\\\/info\\\/wp-content\\\/uploads\\\/2025\\\/05\\\/LOGO-PATAGONIA-AMBIENTAL.png\",\"contentUrl\":\"https:\\\/\\\/patagoniambiental.com.ar\\\/info\\\/wp-content\\\/uploads\\\/2025\\\/05\\\/LOGO-PATAGONIA-AMBIENTAL.png\",\"width\":433,\"height\":250,\"caption\":\"Patagonia Ambiental\"},\"image\":{\"@id\":\"https:\\\/\\\/patagoniambiental.com.ar\\\/info\\\/#\\\/schema\\\/logo\\\/image\\\/\"},\"sameAs\":[\"https:\\\/\\\/www.facebook.com\\\/patagonia.ambiental\",\"https:\\\/\\\/x.com\\\/PatAmb\"]},{\"@type\":\"Person\",\"@id\":\"https:\\\/\\\/patagoniambiental.com.ar\\\/info\\\/#\\\/schema\\\/person\\\/db12bff64bbcbf6a253710bf0ea37b5d\",\"name\":\"Patagonia Ambiental\",\"description\":\"Andr\u00e9s Nievas T\u00e9cnico en manejo ambiental, consultor Ambiental y escritor para medios locales e internacionales sobre temas de geopolitica y medio ambiente.\",\"sameAs\":[\"http:\\\/\\\/www.patagoniambiental.com.ar\",\"https:\\\/\\\/www.facebook.com\\\/share\\\/1C1V8Gv9BX\\\/?mibextid=qi2Omg\",\"@patagoniambiental\",\"https:\\\/\\\/youtube.com\\\/@patagoniaambiental2023?si=BLt58t0wuXquxlYZ\"]}]}<\/script>\n<!-- \/ Yoast SEO Premium plugin. -->","yoast_head_json":{"title":"\u2705\u00a0Viedma:\u00a0Fauna\u00a0rescat\u00f3\u00a0un\u00a0guanaco\u00a0que se encontraba en un domicilio particular","robots":{"index":"index","follow":"follow","max-snippet":"max-snippet:-1","max-image-preview":"max-image-preview:large","max-video-preview":"max-video-preview:-1"},"canonical":"https:\/\/patagoniambiental.com.ar\/info\/\u2705-viedma-fauna-rescato-un-guanaco-que-se-encontraba-en-un-domicilio-particular\/","og_locale":"es_ES","og_type":"article","og_title":"\u2705\u00a0Viedma:\u00a0Fauna\u00a0rescat\u00f3\u00a0un\u00a0guanaco\u00a0que se encontraba en un domicilio particular","og_description":"Un guanaco de aproximadamente 4 meses fue rescatado en la ma\u00f1ana de hoy por personal de la Direcci\u00f3n de Fauna [&hellip;]","og_url":"https:\/\/patagoniambiental.com.ar\/info\/\u2705-viedma-fauna-rescato-un-guanaco-que-se-encontraba-en-un-domicilio-particular\/","og_site_name":"Patagonia Ambiental","article_publisher":"https:\/\/www.facebook.com\/patagonia.ambiental","article_author":"https:\/\/www.facebook.com\/share\/1C1V8Gv9BX\/?mibextid=qi2Omg","article_published_time":"2019-05-18T22:00:31+00:00","og_image":[{"width":526,"height":701,"url":"https:\/\/patagoniambiental.com.ar\/info\/wp-content\/uploads\/2019\/05\/60345137_2339734563014243_1065253276405989376_o.jpg","type":"image\/jpeg"}],"author":"Patagonia Ambiental","twitter_card":"summary_large_image","twitter_creator":"@PatAmb","twitter_site":"@PatAmb","schema":{"@context":"https:\/\/schema.org","@graph":[{"@type":"Article","@id":"https:\/\/patagoniambiental.com.ar\/info\/%e2%9c%85-viedma-fauna-rescato-un-guanaco-que-se-encontraba-en-un-domicilio-particular\/#article","isPartOf":{"@id":"https:\/\/patagoniambiental.com.ar\/info\/%e2%9c%85-viedma-fauna-rescato-un-guanaco-que-se-encontraba-en-un-domicilio-particular\/"},"author":{"name":"Patagonia Ambiental","@id":"https:\/\/patagoniambiental.com.ar\/info\/#\/schema\/person\/db12bff64bbcbf6a253710bf0ea37b5d"},"headline":"\u2705\u00a0Viedma:\u00a0Fauna\u00a0rescat\u00f3\u00a0un\u00a0guanaco\u00a0que se encontraba en un domicilio particular","datePublished":"2019-05-18T22:00:31+00:00","mainEntityOfPage":{"@id":"https:\/\/patagoniambiental.com.ar\/info\/%e2%9c%85-viedma-fauna-rescato-un-guanaco-que-se-encontraba-en-un-domicilio-particular\/"},"wordCount":341,"commentCount":0,"publisher":{"@id":"https:\/\/patagoniambiental.com.ar\/info\/#organization"},"image":{"@id":"https:\/\/patagoniambiental.com.ar\/info\/%e2%9c%85-viedma-fauna-rescato-un-guanaco-que-se-encontraba-en-un-domicilio-particular\/#primaryimage"},"thumbnailUrl":"https:\/\/patagoniambiental.com.ar\/info\/wp-content\/uploads\/2019\/05\/60345137_2339734563014243_1065253276405989376_o.jpg","articleSection":["Noticias","Provinciales","R\u00edo Negro"],"inLanguage":"es","potentialAction":[{"@type":"CommentAction","name":"Comment","target":["https:\/\/patagoniambiental.com.ar\/info\/%e2%9c%85-viedma-fauna-rescato-un-guanaco-que-se-encontraba-en-un-domicilio-particular\/#respond"]}]},{"@type":"WebPage","@id":"https:\/\/patagoniambiental.com.ar\/info\/%e2%9c%85-viedma-fauna-rescato-un-guanaco-que-se-encontraba-en-un-domicilio-particular\/","url":"https:\/\/patagoniambiental.com.ar\/info\/%e2%9c%85-viedma-fauna-rescato-un-guanaco-que-se-encontraba-en-un-domicilio-particular\/","name":"\u2705\u00a0Viedma:\u00a0Fauna\u00a0rescat\u00f3\u00a0un\u00a0guanaco\u00a0que se encontraba en un domicilio particular","isPartOf":{"@id":"https:\/\/patagoniambiental.com.ar\/info\/#website"},"primaryImageOfPage":{"@id":"https:\/\/patagoniambiental.com.ar\/info\/%e2%9c%85-viedma-fauna-rescato-un-guanaco-que-se-encontraba-en-un-domicilio-particular\/#primaryimage"},"image":{"@id":"https:\/\/patagoniambiental.com.ar\/info\/%e2%9c%85-viedma-fauna-rescato-un-guanaco-que-se-encontraba-en-un-domicilio-particular\/#primaryimage"},"thumbnailUrl":"https:\/\/patagoniambiental.com.ar\/info\/wp-content\/uploads\/2019\/05\/60345137_2339734563014243_1065253276405989376_o.jpg","datePublished":"2019-05-18T22:00:31+00:00","breadcrumb":{"@id":"https:\/\/patagoniambiental.com.ar\/info\/%e2%9c%85-viedma-fauna-rescato-un-guanaco-que-se-encontraba-en-un-domicilio-particular\/#breadcrumb"},"inLanguage":"es","potentialAction":[{"@type":"ReadAction","target":["https:\/\/patagoniambiental.com.ar\/info\/%e2%9c%85-viedma-fauna-rescato-un-guanaco-que-se-encontraba-en-un-domicilio-particular\/"]}]},{"@type":"ImageObject","inLanguage":"es","@id":"https:\/\/patagoniambiental.com.ar\/info\/%e2%9c%85-viedma-fauna-rescato-un-guanaco-que-se-encontraba-en-un-domicilio-particular\/#primaryimage","url":"https:\/\/patagoniambiental.com.ar\/info\/wp-content\/uploads\/2019\/05\/60345137_2339734563014243_1065253276405989376_o.jpg","contentUrl":"https:\/\/patagoniambiental.com.ar\/info\/wp-content\/uploads\/2019\/05\/60345137_2339734563014243_1065253276405989376_o.jpg","width":450,"height":600},{"@type":"BreadcrumbList","@id":"https:\/\/patagoniambiental.com.ar\/info\/%e2%9c%85-viedma-fauna-rescato-un-guanaco-que-se-encontraba-en-un-domicilio-particular\/#breadcrumb","itemListElement":[{"@type":"ListItem","position":1,"name":"Inicio","item":"https:\/\/patagoniambiental.com.ar\/info\/"},{"@type":"ListItem","position":2,"name":"\u2705\u00a0Viedma:\u00a0Fauna\u00a0rescat\u00f3\u00a0un\u00a0guanaco\u00a0que se encontraba en un domicilio particular"}]},{"@type":"WebSite","@id":"https:\/\/patagoniambiental.com.ar\/info\/#website","url":"https:\/\/patagoniambiental.com.ar\/info\/","name":"Patagonia Ambiental","description":"Monitoreo y an\u00e1lisis de la situaci\u00f3n geopol\u00edtica en el mundo y su implicancia en la Patagonia","publisher":{"@id":"https:\/\/patagoniambiental.com.ar\/info\/#organization"},"potentialAction":[{"@type":"SearchAction","target":{"@type":"EntryPoint","urlTemplate":"https:\/\/patagoniambiental.com.ar\/info\/?s={search_term_string}"},"query-input":{"@type":"PropertyValueSpecification","valueRequired":true,"valueName":"search_term_string"}}],"inLanguage":"es"},{"@type":"Organization","@id":"https:\/\/patagoniambiental.com.ar\/info\/#organization","name":"Patagonia Ambiental","url":"https:\/\/patagoniambiental.com.ar\/info\/","logo":{"@type":"ImageObject","inLanguage":"es","@id":"https:\/\/patagoniambiental.com.ar\/info\/#\/schema\/logo\/image\/","url":"https:\/\/patagoniambiental.com.ar\/info\/wp-content\/uploads\/2025\/05\/LOGO-PATAGONIA-AMBIENTAL.png","contentUrl":"https:\/\/patagoniambiental.com.ar\/info\/wp-content\/uploads\/2025\/05\/LOGO-PATAGONIA-AMBIENTAL.png","width":433,"height":250,"caption":"Patagonia Ambiental"},"image":{"@id":"https:\/\/patagoniambiental.com.ar\/info\/#\/schema\/logo\/image\/"},"sameAs":["https:\/\/www.facebook.com\/patagonia.ambiental","https:\/\/x.com\/PatAmb"]},{"@type":"Person","@id":"https:\/\/patagoniambiental.com.ar\/info\/#\/schema\/person\/db12bff64bbcbf6a253710bf0ea37b5d","name":"Patagonia Ambiental","description":"Andr\u00e9s Nievas T\u00e9cnico en manejo ambiental, consultor Ambiental y escritor para medios locales e internacionales sobre temas de geopolitica y medio ambiente.","sameAs":["http:\/\/www.patagoniambiental.com.ar","https:\/\/www.facebook.com\/share\/1C1V8Gv9BX\/?mibextid=qi2Omg","@patagoniambiental","https:\/\/youtube.com\/@patagoniaambiental2023?si=BLt58t0wuXquxlYZ"]}]}},"_links":{"self":[{"href":"https:\/\/patagoniambiental.com.ar\/info\/wp-json\/wp\/v2\/posts\/61261","targetHints":{"allow":["GET"]}}],"collection":[{"href":"https:\/\/patagoniambiental.com.ar\/info\/wp-json\/wp\/v2\/posts"}],"about":[{"href":"https:\/\/patagoniambiental.com.ar\/info\/wp-json\/wp\/v2\/types\/post"}],"author":[{"embeddable":true,"href":"https:\/\/patagoniambiental.com.ar\/info\/wp-json\/wp\/v2\/users\/2"}],"replies":[{"embeddable":true,"href":"https:\/\/patagoniambiental.com.ar\/info\/wp-json\/wp\/v2\/comments?post=61261"}],"version-history":[{"count":0,"href":"https:\/\/patagoniambiental.com.ar\/info\/wp-json\/wp\/v2\/posts\/61261\/revisions"}],"wp:featuredmedia":[{"embeddable":true,"href":"https:\/\/patagoniambiental.com.ar\/info\/wp-json\/wp\/v2\/media\/61262"}],"wp:attachment":[{"href":"https:\/\/patagoniambiental.com.ar\/info\/wp-json\/wp\/v2\/media?parent=61261"}],"wp:term":[{"taxonomy":"category","embeddable":true,"href":"https:\/\/patagoniambiental.com.ar\/info\/wp-json\/wp\/v2\/categories?post=61261"},{"taxonomy":"post_tag","embeddable":true,"href":"https:\/\/patagoniambiental.com.ar\/info\/wp-json\/wp\/v2\/tags?post=61261"}],"curies":[{"name":"wp","href":"https:\/\/api.w.org\/{rel}","templated":true}]}}