{"id":61267,"date":"2019-05-20T19:00:21","date_gmt":"2019-05-20T22:00:21","guid":{"rendered":"http:\/\/patagoniambiental.com.ar\/info\/?p=61267"},"modified":"2019-05-20T08:48:53","modified_gmt":"2019-05-20T11:48:53","slug":"punta-bermeja-entrega-de-camioneta-para-el-funcionamiento-del-area-natural-protegida","status":"publish","type":"post","link":"https:\/\/patagoniambiental.com.ar\/info\/punta-bermeja-entrega-de-camioneta-para-el-funcionamiento-del-area-natural-protegida\/","title":{"rendered":"\u00a0Punta Bermeja:\u00a0entrega\u00a0de\u00a0camioneta\u00a0para el funcionamiento del \u00c1rea Natural Protegida"},"content":{"rendered":"<div id=\"js_2xf\" class=\"_5pbx userContent _3576\" data-testid=\"post_message\" data-ft=\"{&quot;tn&quot;:&quot;K&quot;}\">\n<div id=\"id_5ce2934d502c31a12496016\" class=\"text_exposed_root text_exposed\">\n<p>Viedma.-Autoridades de la Secretaria de Ambiente y Desarrollo Sustentable realizaron la entrega de una camioneta tipo Pick-Up a guardas ambientales del \u00c1rea Natural Protegida Punta Bermeja \u2013 La Lober\u00eda, con el objetivo de potenciar el trabajo de control y fiscalizaci\u00f3n que se realiza diariamente en toda la extensi\u00f3n de la reserva.<\/p>\n<p><!--more--><\/p>\n<p>Acompa\u00f1aron la entrega el secretario de Deportes, Marcelo Szcygol<span class=\"text_exposed_show\">, y el secretario de Administraci\u00f3n de la Secretar\u00eda General, Mauricio Figueroa.<\/span><\/p>\n<div class=\"text_exposed_show\">\n<p>Dina Migani, secretaria de Ambiente, manifest\u00f3 que \u201ces una necesidad que ten\u00edamos en el \u00e1rea desde hace muchos a\u00f1os y pudimos concretarla\u201d.<\/p>\n<p>\u201cHoy, despu\u00e9s de la situaci\u00f3n que nos toc\u00f3 vivir el a\u00f1o pasado, donde tuvimos el centro de interpretaci\u00f3n cerrado durante 7 meses, y gracias al esfuerzo de todo el personal de la secretar\u00eda y acompa\u00f1amiento de los distintos ministerios logramos sacar adelante, podemos decir que vamos cumpliendo con todos los compromisos que hab\u00edamos asumido\u201d, agreg\u00f3 la funcionaria.<\/p>\n<p>El \u00e1rea, ubicada a 60 km de Viedma aproximadamente, tiene una superficie de unas 1900 hect\u00e1reas de las que 870 son terrestres, y se extiende desde playa bonita hasta unos kil\u00f3metros m\u00e1s all\u00e1 de la reserva de lobos.<\/p>\n<p>Fue creada inicialmente en el a\u00f1o 1971, mediante la ley provincial 898, con el objetivo de preservaci\u00f3n de especies y diversidad gen\u00e9tica, espec\u00edficamente a la colonia de lobos marinos de un pelo m\u00e1s grande de Sudam\u00e9rica.<\/p>\n<p>El a\u00f1o pasado, y luego de una ida repentina de la fundaci\u00f3n Azara, la provincia se hizo cargo de la administraci\u00f3n del Centro de Interpretaci\u00f3n, reinaugurado en enero de 2019 luego de varios trabajos de refacciones edilicias y renovaci\u00f3n de propuestas educativas<\/p>\n<\/div>\n<\/div>\n<\/div>\n<p>&nbsp;<\/p>\n<div class=\"_3x-2\" data-ft=\"{&quot;tn&quot;:&quot;H&quot;}\">\n<div data-ft=\"{&quot;tn&quot;:&quot;H&quot;}\">\n<div class=\"mtm\">\n<div class=\"_2a2q _65sr\">\n<div class=\"uiScaledImageContainer\"><img fetchpriority=\"high\" decoding=\"async\" class=\"scaledImageFitWidth img\" src=\"https:\/\/scontent.faep16-2.fna.fbcdn.net\/v\/t1.0-0\/s480x480\/60421083_2341975542790145_474696415667290112_n.jpg?_nc_cat=101&amp;_nc_eui2=AeGm3zS1iMfRlk44ug5HMKOUMxGBeDaFjbTS9Dq61R5VQUkjrYiRLnx_McCEK-zH22s3jrfcOGUynu97FC4uKlo93rN4SKcT_Tn4cT87ZJdRQg&amp;_nc_pt=1&amp;_nc_ht=scontent.faep16-2.fna&amp;oh=0b5a060fd15e7239190cefb6db11cd26&amp;oe=5D696F87\" alt=\"La imagen puede contener: 2 personas, personas de pie, autom\u00f3vil y exterior\" width=\"474\" height=\"356\" data-src=\"https:\/\/scontent.faep16-2.fna.fbcdn.net\/v\/t1.0-0\/s480x480\/60421083_2341975542790145_474696415667290112_n.jpg?_nc_cat=101&amp;_nc_eui2=AeGm3zS1iMfRlk44ug5HMKOUMxGBeDaFjbTS9Dq61R5VQUkjrYiRLnx_McCEK-zH22s3jrfcOGUynu97FC4uKlo93rN4SKcT_Tn4cT87ZJdRQg&amp;_nc_pt=1&amp;_nc_ht=scontent.faep16-2.fna&amp;oh=0b5a060fd15e7239190cefb6db11cd26&amp;oe=5D696F87\" \/><\/div>\n<div>Fuente: SA y DS de Rio Negro<\/div>\n<\/div>\n<\/div>\n<\/div>\n<\/div>\n","protected":false},"excerpt":{"rendered":"<p>Viedma.-Autoridades de la Secretaria de Ambiente y Desarrollo Sustentable realizaron la entrega de una camioneta tipo Pick-Up a guardas ambientales [&hellip;]<\/p>\n","protected":false},"author":2,"featured_media":61268,"comment_status":"open","ping_status":"open","sticky":false,"template":"","format":"standard","meta":{"site-sidebar-layout":"default","site-content-layout":"","ast-site-content-layout":"default","site-content-style":"default","site-sidebar-style":"default","ast-global-header-display":"","ast-banner-title-visibility":"","ast-main-header-display":"","ast-hfb-above-header-display":"","ast-hfb-below-header-display":"","ast-hfb-mobile-header-display":"","site-post-title":"","ast-breadcrumbs-content":"","ast-featured-img":"","footer-sml-layout":"","ast-disable-related-posts":"","theme-transparent-header-meta":"","adv-header-id-meta":"","stick-header-meta":"","header-above-stick-meta":"","header-main-stick-meta":"","header-below-stick-meta":"","astra-migrate-meta-layouts":"default","ast-page-background-enabled":"default","ast-page-background-meta":{"desktop":{"background-color":"var(--ast-global-color-5)","background-image":"","background-repeat":"repeat","background-position":"center center","background-size":"auto","background-attachment":"scroll","background-type":"","background-media":"","overlay-type":"","overlay-color":"","overlay-opacity":"","overlay-gradient":""},"tablet":{"background-color":"","background-image":"","background-repeat":"repeat","background-position":"center center","background-size":"auto","background-attachment":"scroll","background-type":"","background-media":"","overlay-type":"","overlay-color":"","overlay-opacity":"","overlay-gradient":""},"mobile":{"background-color":"","background-image":"","background-repeat":"repeat","background-position":"center center","background-size":"auto","background-attachment":"scroll","background-type":"","background-media":"","overlay-type":"","overlay-color":"","overlay-opacity":"","overlay-gradient":""}},"ast-content-background-meta":{"desktop":{"background-color":"var(--ast-global-color-4)","background-image":"","background-repeat":"repeat","background-position":"center center","background-size":"auto","background-attachment":"scroll","background-type":"","background-media":"","overlay-type":"","overlay-color":"","overlay-opacity":"","overlay-gradient":""},"tablet":{"background-color":"var(--ast-global-color-4)","background-image":"","background-repeat":"repeat","background-position":"center center","background-size":"auto","background-attachment":"scroll","background-type":"","background-media":"","overlay-type":"","overlay-color":"","overlay-opacity":"","overlay-gradient":""},"mobile":{"background-color":"var(--ast-global-color-4)","background-image":"","background-repeat":"repeat","background-position":"center center","background-size":"auto","background-attachment":"scroll","background-type":"","background-media":"","overlay-type":"","overlay-color":"","overlay-opacity":"","overlay-gradient":""}},"footnotes":""},"categories":[1,13,14],"tags":[],"class_list":["post-61267","post","type-post","status-publish","format-standard","has-post-thumbnail","hentry","category-noticias","category-provinciales","category-rio-negro"],"yoast_head":"<!-- This site is optimized with the Yoast SEO Premium plugin v23.0 (Yoast SEO v27.5) - https:\/\/yoast.com\/product\/yoast-seo-premium-wordpress\/ -->\n<title>\u00a0Punta Bermeja:\u00a0entrega\u00a0de\u00a0camioneta\u00a0para el funcionamiento del \u00c1rea Natural Protegida<\/title>\n<meta name=\"robots\" content=\"index, follow, max-snippet:-1, max-image-preview:large, max-video-preview:-1\" \/>\n<link rel=\"canonical\" href=\"https:\/\/patagoniambiental.com.ar\/info\/punta-bermeja-entrega-de-camioneta-para-el-funcionamiento-del-area-natural-protegida\/\" \/>\n<meta property=\"og:locale\" content=\"es_ES\" \/>\n<meta property=\"og:type\" content=\"article\" \/>\n<meta property=\"og:title\" content=\"\u00a0Punta Bermeja:\u00a0entrega\u00a0de\u00a0camioneta\u00a0para el funcionamiento del \u00c1rea Natural Protegida\" \/>\n<meta property=\"og:description\" content=\"Viedma.-Autoridades de la Secretaria de Ambiente y Desarrollo Sustentable realizaron la entrega de una camioneta tipo Pick-Up a guardas ambientales [&hellip;]\" \/>\n<meta property=\"og:url\" content=\"https:\/\/patagoniambiental.com.ar\/info\/punta-bermeja-entrega-de-camioneta-para-el-funcionamiento-del-area-natural-protegida\/\" \/>\n<meta property=\"og:site_name\" content=\"Patagonia Ambiental\" \/>\n<meta property=\"article:publisher\" content=\"https:\/\/www.facebook.com\/patagonia.ambiental\" \/>\n<meta property=\"article:author\" content=\"https:\/\/www.facebook.com\/share\/1C1V8Gv9BX\/?mibextid=qi2Omg\" \/>\n<meta property=\"article:published_time\" content=\"2019-05-20T22:00:21+00:00\" \/>\n<meta property=\"og:image\" content=\"https:\/\/patagoniambiental.com.ar\/info\/wp-content\/uploads\/2019\/05\/60658772_2341975612790138_8354599989388771328_n.jpg\" \/>\n\t<meta property=\"og:image:width\" content=\"960\" \/>\n\t<meta property=\"og:image:height\" content=\"720\" \/>\n\t<meta property=\"og:image:type\" content=\"image\/jpeg\" \/>\n<meta name=\"author\" content=\"Patagonia Ambiental\" \/>\n<meta name=\"twitter:card\" content=\"summary_large_image\" \/>\n<meta name=\"twitter:creator\" content=\"@PatAmb\" \/>\n<meta name=\"twitter:site\" content=\"@PatAmb\" \/>\n<script type=\"application\/ld+json\" class=\"yoast-schema-graph\">{\"@context\":\"https:\\\/\\\/schema.org\",\"@graph\":[{\"@type\":\"Article\",\"@id\":\"https:\\\/\\\/patagoniambiental.com.ar\\\/info\\\/punta-bermeja-entrega-de-camioneta-para-el-funcionamiento-del-area-natural-protegida\\\/#article\",\"isPartOf\":{\"@id\":\"https:\\\/\\\/patagoniambiental.com.ar\\\/info\\\/punta-bermeja-entrega-de-camioneta-para-el-funcionamiento-del-area-natural-protegida\\\/\"},\"author\":{\"name\":\"Patagonia Ambiental\",\"@id\":\"https:\\\/\\\/patagoniambiental.com.ar\\\/info\\\/#\\\/schema\\\/person\\\/db12bff64bbcbf6a253710bf0ea37b5d\"},\"headline\":\"\u00a0Punta Bermeja:\u00a0entrega\u00a0de\u00a0camioneta\u00a0para el funcionamiento del \u00c1rea Natural Protegida\",\"datePublished\":\"2019-05-20T22:00:21+00:00\",\"mainEntityOfPage\":{\"@id\":\"https:\\\/\\\/patagoniambiental.com.ar\\\/info\\\/punta-bermeja-entrega-de-camioneta-para-el-funcionamiento-del-area-natural-protegida\\\/\"},\"wordCount\":308,\"commentCount\":0,\"publisher\":{\"@id\":\"https:\\\/\\\/patagoniambiental.com.ar\\\/info\\\/#organization\"},\"image\":{\"@id\":\"https:\\\/\\\/patagoniambiental.com.ar\\\/info\\\/punta-bermeja-entrega-de-camioneta-para-el-funcionamiento-del-area-natural-protegida\\\/#primaryimage\"},\"thumbnailUrl\":\"https:\\\/\\\/patagoniambiental.com.ar\\\/info\\\/wp-content\\\/uploads\\\/2019\\\/05\\\/60658772_2341975612790138_8354599989388771328_n.jpg\",\"articleSection\":[\"Noticias\",\"Provinciales\",\"R\u00edo Negro\"],\"inLanguage\":\"es\",\"potentialAction\":[{\"@type\":\"CommentAction\",\"name\":\"Comment\",\"target\":[\"https:\\\/\\\/patagoniambiental.com.ar\\\/info\\\/punta-bermeja-entrega-de-camioneta-para-el-funcionamiento-del-area-natural-protegida\\\/#respond\"]}]},{\"@type\":\"WebPage\",\"@id\":\"https:\\\/\\\/patagoniambiental.com.ar\\\/info\\\/punta-bermeja-entrega-de-camioneta-para-el-funcionamiento-del-area-natural-protegida\\\/\",\"url\":\"https:\\\/\\\/patagoniambiental.com.ar\\\/info\\\/punta-bermeja-entrega-de-camioneta-para-el-funcionamiento-del-area-natural-protegida\\\/\",\"name\":\"\u00a0Punta Bermeja:\u00a0entrega\u00a0de\u00a0camioneta\u00a0para el funcionamiento del \u00c1rea Natural Protegida\",\"isPartOf\":{\"@id\":\"https:\\\/\\\/patagoniambiental.com.ar\\\/info\\\/#website\"},\"primaryImageOfPage\":{\"@id\":\"https:\\\/\\\/patagoniambiental.com.ar\\\/info\\\/punta-bermeja-entrega-de-camioneta-para-el-funcionamiento-del-area-natural-protegida\\\/#primaryimage\"},\"image\":{\"@id\":\"https:\\\/\\\/patagoniambiental.com.ar\\\/info\\\/punta-bermeja-entrega-de-camioneta-para-el-funcionamiento-del-area-natural-protegida\\\/#primaryimage\"},\"thumbnailUrl\":\"https:\\\/\\\/patagoniambiental.com.ar\\\/info\\\/wp-content\\\/uploads\\\/2019\\\/05\\\/60658772_2341975612790138_8354599989388771328_n.jpg\",\"datePublished\":\"2019-05-20T22:00:21+00:00\",\"breadcrumb\":{\"@id\":\"https:\\\/\\\/patagoniambiental.com.ar\\\/info\\\/punta-bermeja-entrega-de-camioneta-para-el-funcionamiento-del-area-natural-protegida\\\/#breadcrumb\"},\"inLanguage\":\"es\",\"potentialAction\":[{\"@type\":\"ReadAction\",\"target\":[\"https:\\\/\\\/patagoniambiental.com.ar\\\/info\\\/punta-bermeja-entrega-de-camioneta-para-el-funcionamiento-del-area-natural-protegida\\\/\"]}]},{\"@type\":\"ImageObject\",\"inLanguage\":\"es\",\"@id\":\"https:\\\/\\\/patagoniambiental.com.ar\\\/info\\\/punta-bermeja-entrega-de-camioneta-para-el-funcionamiento-del-area-natural-protegida\\\/#primaryimage\",\"url\":\"https:\\\/\\\/patagoniambiental.com.ar\\\/info\\\/wp-content\\\/uploads\\\/2019\\\/05\\\/60658772_2341975612790138_8354599989388771328_n.jpg\",\"contentUrl\":\"https:\\\/\\\/patagoniambiental.com.ar\\\/info\\\/wp-content\\\/uploads\\\/2019\\\/05\\\/60658772_2341975612790138_8354599989388771328_n.jpg\",\"width\":960,\"height\":720},{\"@type\":\"BreadcrumbList\",\"@id\":\"https:\\\/\\\/patagoniambiental.com.ar\\\/info\\\/punta-bermeja-entrega-de-camioneta-para-el-funcionamiento-del-area-natural-protegida\\\/#breadcrumb\",\"itemListElement\":[{\"@type\":\"ListItem\",\"position\":1,\"name\":\"Inicio\",\"item\":\"https:\\\/\\\/patagoniambiental.com.ar\\\/info\\\/\"},{\"@type\":\"ListItem\",\"position\":2,\"name\":\"\u00a0Punta Bermeja:\u00a0entrega\u00a0de\u00a0camioneta\u00a0para el funcionamiento del \u00c1rea Natural Protegida\"}]},{\"@type\":\"WebSite\",\"@id\":\"https:\\\/\\\/patagoniambiental.com.ar\\\/info\\\/#website\",\"url\":\"https:\\\/\\\/patagoniambiental.com.ar\\\/info\\\/\",\"name\":\"Patagonia Ambiental\",\"description\":\"Monitoreo y an\u00e1lisis de la situaci\u00f3n geopol\u00edtica en el mundo y su implicancia en la Patagonia\",\"publisher\":{\"@id\":\"https:\\\/\\\/patagoniambiental.com.ar\\\/info\\\/#organization\"},\"potentialAction\":[{\"@type\":\"SearchAction\",\"target\":{\"@type\":\"EntryPoint\",\"urlTemplate\":\"https:\\\/\\\/patagoniambiental.com.ar\\\/info\\\/?s={search_term_string}\"},\"query-input\":{\"@type\":\"PropertyValueSpecification\",\"valueRequired\":true,\"valueName\":\"search_term_string\"}}],\"inLanguage\":\"es\"},{\"@type\":\"Organization\",\"@id\":\"https:\\\/\\\/patagoniambiental.com.ar\\\/info\\\/#organization\",\"name\":\"Patagonia Ambiental\",\"url\":\"https:\\\/\\\/patagoniambiental.com.ar\\\/info\\\/\",\"logo\":{\"@type\":\"ImageObject\",\"inLanguage\":\"es\",\"@id\":\"https:\\\/\\\/patagoniambiental.com.ar\\\/info\\\/#\\\/schema\\\/logo\\\/image\\\/\",\"url\":\"https:\\\/\\\/patagoniambiental.com.ar\\\/info\\\/wp-content\\\/uploads\\\/2025\\\/05\\\/LOGO-PATAGONIA-AMBIENTAL.png\",\"contentUrl\":\"https:\\\/\\\/patagoniambiental.com.ar\\\/info\\\/wp-content\\\/uploads\\\/2025\\\/05\\\/LOGO-PATAGONIA-AMBIENTAL.png\",\"width\":433,\"height\":250,\"caption\":\"Patagonia Ambiental\"},\"image\":{\"@id\":\"https:\\\/\\\/patagoniambiental.com.ar\\\/info\\\/#\\\/schema\\\/logo\\\/image\\\/\"},\"sameAs\":[\"https:\\\/\\\/www.facebook.com\\\/patagonia.ambiental\",\"https:\\\/\\\/x.com\\\/PatAmb\"]},{\"@type\":\"Person\",\"@id\":\"https:\\\/\\\/patagoniambiental.com.ar\\\/info\\\/#\\\/schema\\\/person\\\/db12bff64bbcbf6a253710bf0ea37b5d\",\"name\":\"Patagonia Ambiental\",\"description\":\"Andr\u00e9s Nievas T\u00e9cnico en manejo ambiental, consultor Ambiental y escritor para medios locales e internacionales sobre temas de geopolitica y medio ambiente.\",\"sameAs\":[\"http:\\\/\\\/www.patagoniambiental.com.ar\",\"https:\\\/\\\/www.facebook.com\\\/share\\\/1C1V8Gv9BX\\\/?mibextid=qi2Omg\",\"@patagoniambiental\",\"https:\\\/\\\/youtube.com\\\/@patagoniaambiental2023?si=BLt58t0wuXquxlYZ\"]}]}<\/script>\n<!-- \/ Yoast SEO Premium plugin. -->","yoast_head_json":{"title":"\u00a0Punta Bermeja:\u00a0entrega\u00a0de\u00a0camioneta\u00a0para el funcionamiento del \u00c1rea Natural Protegida","robots":{"index":"index","follow":"follow","max-snippet":"max-snippet:-1","max-image-preview":"max-image-preview:large","max-video-preview":"max-video-preview:-1"},"canonical":"https:\/\/patagoniambiental.com.ar\/info\/punta-bermeja-entrega-de-camioneta-para-el-funcionamiento-del-area-natural-protegida\/","og_locale":"es_ES","og_type":"article","og_title":"\u00a0Punta Bermeja:\u00a0entrega\u00a0de\u00a0camioneta\u00a0para el funcionamiento del \u00c1rea Natural Protegida","og_description":"Viedma.-Autoridades de la Secretaria de Ambiente y Desarrollo Sustentable realizaron la entrega de una camioneta tipo Pick-Up a guardas ambientales [&hellip;]","og_url":"https:\/\/patagoniambiental.com.ar\/info\/punta-bermeja-entrega-de-camioneta-para-el-funcionamiento-del-area-natural-protegida\/","og_site_name":"Patagonia Ambiental","article_publisher":"https:\/\/www.facebook.com\/patagonia.ambiental","article_author":"https:\/\/www.facebook.com\/share\/1C1V8Gv9BX\/?mibextid=qi2Omg","article_published_time":"2019-05-20T22:00:21+00:00","og_image":[{"width":960,"height":720,"url":"https:\/\/patagoniambiental.com.ar\/info\/wp-content\/uploads\/2019\/05\/60658772_2341975612790138_8354599989388771328_n.jpg","type":"image\/jpeg"}],"author":"Patagonia Ambiental","twitter_card":"summary_large_image","twitter_creator":"@PatAmb","twitter_site":"@PatAmb","schema":{"@context":"https:\/\/schema.org","@graph":[{"@type":"Article","@id":"https:\/\/patagoniambiental.com.ar\/info\/punta-bermeja-entrega-de-camioneta-para-el-funcionamiento-del-area-natural-protegida\/#article","isPartOf":{"@id":"https:\/\/patagoniambiental.com.ar\/info\/punta-bermeja-entrega-de-camioneta-para-el-funcionamiento-del-area-natural-protegida\/"},"author":{"name":"Patagonia Ambiental","@id":"https:\/\/patagoniambiental.com.ar\/info\/#\/schema\/person\/db12bff64bbcbf6a253710bf0ea37b5d"},"headline":"\u00a0Punta Bermeja:\u00a0entrega\u00a0de\u00a0camioneta\u00a0para el funcionamiento del \u00c1rea Natural Protegida","datePublished":"2019-05-20T22:00:21+00:00","mainEntityOfPage":{"@id":"https:\/\/patagoniambiental.com.ar\/info\/punta-bermeja-entrega-de-camioneta-para-el-funcionamiento-del-area-natural-protegida\/"},"wordCount":308,"commentCount":0,"publisher":{"@id":"https:\/\/patagoniambiental.com.ar\/info\/#organization"},"image":{"@id":"https:\/\/patagoniambiental.com.ar\/info\/punta-bermeja-entrega-de-camioneta-para-el-funcionamiento-del-area-natural-protegida\/#primaryimage"},"thumbnailUrl":"https:\/\/patagoniambiental.com.ar\/info\/wp-content\/uploads\/2019\/05\/60658772_2341975612790138_8354599989388771328_n.jpg","articleSection":["Noticias","Provinciales","R\u00edo Negro"],"inLanguage":"es","potentialAction":[{"@type":"CommentAction","name":"Comment","target":["https:\/\/patagoniambiental.com.ar\/info\/punta-bermeja-entrega-de-camioneta-para-el-funcionamiento-del-area-natural-protegida\/#respond"]}]},{"@type":"WebPage","@id":"https:\/\/patagoniambiental.com.ar\/info\/punta-bermeja-entrega-de-camioneta-para-el-funcionamiento-del-area-natural-protegida\/","url":"https:\/\/patagoniambiental.com.ar\/info\/punta-bermeja-entrega-de-camioneta-para-el-funcionamiento-del-area-natural-protegida\/","name":"\u00a0Punta Bermeja:\u00a0entrega\u00a0de\u00a0camioneta\u00a0para el funcionamiento del \u00c1rea Natural Protegida","isPartOf":{"@id":"https:\/\/patagoniambiental.com.ar\/info\/#website"},"primaryImageOfPage":{"@id":"https:\/\/patagoniambiental.com.ar\/info\/punta-bermeja-entrega-de-camioneta-para-el-funcionamiento-del-area-natural-protegida\/#primaryimage"},"image":{"@id":"https:\/\/patagoniambiental.com.ar\/info\/punta-bermeja-entrega-de-camioneta-para-el-funcionamiento-del-area-natural-protegida\/#primaryimage"},"thumbnailUrl":"https:\/\/patagoniambiental.com.ar\/info\/wp-content\/uploads\/2019\/05\/60658772_2341975612790138_8354599989388771328_n.jpg","datePublished":"2019-05-20T22:00:21+00:00","breadcrumb":{"@id":"https:\/\/patagoniambiental.com.ar\/info\/punta-bermeja-entrega-de-camioneta-para-el-funcionamiento-del-area-natural-protegida\/#breadcrumb"},"inLanguage":"es","potentialAction":[{"@type":"ReadAction","target":["https:\/\/patagoniambiental.com.ar\/info\/punta-bermeja-entrega-de-camioneta-para-el-funcionamiento-del-area-natural-protegida\/"]}]},{"@type":"ImageObject","inLanguage":"es","@id":"https:\/\/patagoniambiental.com.ar\/info\/punta-bermeja-entrega-de-camioneta-para-el-funcionamiento-del-area-natural-protegida\/#primaryimage","url":"https:\/\/patagoniambiental.com.ar\/info\/wp-content\/uploads\/2019\/05\/60658772_2341975612790138_8354599989388771328_n.jpg","contentUrl":"https:\/\/patagoniambiental.com.ar\/info\/wp-content\/uploads\/2019\/05\/60658772_2341975612790138_8354599989388771328_n.jpg","width":960,"height":720},{"@type":"BreadcrumbList","@id":"https:\/\/patagoniambiental.com.ar\/info\/punta-bermeja-entrega-de-camioneta-para-el-funcionamiento-del-area-natural-protegida\/#breadcrumb","itemListElement":[{"@type":"ListItem","position":1,"name":"Inicio","item":"https:\/\/patagoniambiental.com.ar\/info\/"},{"@type":"ListItem","position":2,"name":"\u00a0Punta Bermeja:\u00a0entrega\u00a0de\u00a0camioneta\u00a0para el funcionamiento del \u00c1rea Natural Protegida"}]},{"@type":"WebSite","@id":"https:\/\/patagoniambiental.com.ar\/info\/#website","url":"https:\/\/patagoniambiental.com.ar\/info\/","name":"Patagonia Ambiental","description":"Monitoreo y an\u00e1lisis de la situaci\u00f3n geopol\u00edtica en el mundo y su implicancia en la Patagonia","publisher":{"@id":"https:\/\/patagoniambiental.com.ar\/info\/#organization"},"potentialAction":[{"@type":"SearchAction","target":{"@type":"EntryPoint","urlTemplate":"https:\/\/patagoniambiental.com.ar\/info\/?s={search_term_string}"},"query-input":{"@type":"PropertyValueSpecification","valueRequired":true,"valueName":"search_term_string"}}],"inLanguage":"es"},{"@type":"Organization","@id":"https:\/\/patagoniambiental.com.ar\/info\/#organization","name":"Patagonia Ambiental","url":"https:\/\/patagoniambiental.com.ar\/info\/","logo":{"@type":"ImageObject","inLanguage":"es","@id":"https:\/\/patagoniambiental.com.ar\/info\/#\/schema\/logo\/image\/","url":"https:\/\/patagoniambiental.com.ar\/info\/wp-content\/uploads\/2025\/05\/LOGO-PATAGONIA-AMBIENTAL.png","contentUrl":"https:\/\/patagoniambiental.com.ar\/info\/wp-content\/uploads\/2025\/05\/LOGO-PATAGONIA-AMBIENTAL.png","width":433,"height":250,"caption":"Patagonia Ambiental"},"image":{"@id":"https:\/\/patagoniambiental.com.ar\/info\/#\/schema\/logo\/image\/"},"sameAs":["https:\/\/www.facebook.com\/patagonia.ambiental","https:\/\/x.com\/PatAmb"]},{"@type":"Person","@id":"https:\/\/patagoniambiental.com.ar\/info\/#\/schema\/person\/db12bff64bbcbf6a253710bf0ea37b5d","name":"Patagonia Ambiental","description":"Andr\u00e9s Nievas T\u00e9cnico en manejo ambiental, consultor Ambiental y escritor para medios locales e internacionales sobre temas de geopolitica y medio ambiente.","sameAs":["http:\/\/www.patagoniambiental.com.ar","https:\/\/www.facebook.com\/share\/1C1V8Gv9BX\/?mibextid=qi2Omg","@patagoniambiental","https:\/\/youtube.com\/@patagoniaambiental2023?si=BLt58t0wuXquxlYZ"]}]}},"_links":{"self":[{"href":"https:\/\/patagoniambiental.com.ar\/info\/wp-json\/wp\/v2\/posts\/61267","targetHints":{"allow":["GET"]}}],"collection":[{"href":"https:\/\/patagoniambiental.com.ar\/info\/wp-json\/wp\/v2\/posts"}],"about":[{"href":"https:\/\/patagoniambiental.com.ar\/info\/wp-json\/wp\/v2\/types\/post"}],"author":[{"embeddable":true,"href":"https:\/\/patagoniambiental.com.ar\/info\/wp-json\/wp\/v2\/users\/2"}],"replies":[{"embeddable":true,"href":"https:\/\/patagoniambiental.com.ar\/info\/wp-json\/wp\/v2\/comments?post=61267"}],"version-history":[{"count":0,"href":"https:\/\/patagoniambiental.com.ar\/info\/wp-json\/wp\/v2\/posts\/61267\/revisions"}],"wp:featuredmedia":[{"embeddable":true,"href":"https:\/\/patagoniambiental.com.ar\/info\/wp-json\/wp\/v2\/media\/61268"}],"wp:attachment":[{"href":"https:\/\/patagoniambiental.com.ar\/info\/wp-json\/wp\/v2\/media?parent=61267"}],"wp:term":[{"taxonomy":"category","embeddable":true,"href":"https:\/\/patagoniambiental.com.ar\/info\/wp-json\/wp\/v2\/categories?post=61267"},{"taxonomy":"post_tag","embeddable":true,"href":"https:\/\/patagoniambiental.com.ar\/info\/wp-json\/wp\/v2\/tags?post=61267"}],"curies":[{"name":"wp","href":"https:\/\/api.w.org\/{rel}","templated":true}]}}