{"id":61330,"date":"2019-05-24T07:00:52","date_gmt":"2019-05-24T10:00:52","guid":{"rendered":"http:\/\/patagoniambiental.com.ar\/info\/?p=61330"},"modified":"2019-05-23T09:59:19","modified_gmt":"2019-05-23T12:59:19","slug":"sierra-paileman-se-prepara-para-una-nueva-liberacion-de-condores-andinos","status":"publish","type":"post","link":"https:\/\/patagoniambiental.com.ar\/info\/sierra-paileman-se-prepara-para-una-nueva-liberacion-de-condores-andinos\/","title":{"rendered":"Sierra Paileman\u00a0se prepara para una nueva\u00a0liberaci\u00f3n\u00a0de\u00a0c\u00f3ndores andinos"},"content":{"rendered":"<div class=\"_1dwg _1w_m _q7o\">\n<div id=\"js_9l\" class=\"_5pbx userContent _3576\" data-testid=\"post_message\" data-ft=\"{&quot;tn&quot;:&quot;K&quot;}\">\n<div id=\"id_5ce55beab7d606414874573\" class=\"text_exposed_root text_exposed\">\n<p>Viedma.-La\u00a0<span class=\"_5afx\"><span class=\"_58cm\">Fundaci\u00f3n Bioandina Argentina<\/span><\/span>\u00a0confirm\u00f3 que el pr\u00f3ximo 6 de septiembre se realizar\u00e1 una nueva liberaci\u00f3n de c\u00f3ndores andinos en Sierra Paileman, en el marco del Programa del Retorno del C\u00f3ndor al Mar. Se tratar\u00eda de la decimosexta suelta en R\u00edo Negro.<\/p>\n<p><!--more--><\/p>\n<p>M\u00e1s all\u00e1 que a\u00fan no pudieron precisar el n\u00famero exacto, manifestaron que podr\u00edan llegar a los seis o siete ejemplares. En total, y desde el inicio d<span class=\"text_exposed_show\">el programa en el a\u00f1o 2003, se han liberado aproximadamente medio centenar.<img fetchpriority=\"high\" decoding=\"async\" class=\"scaledImageFitWidth img alignleft\" src=\"https:\/\/scontent.faep16-1.fna.fbcdn.net\/v\/t1.0-0\/p526x296\/60655591_2343608745960158_5661300713318252544_n.jpg?_nc_cat=104&amp;_nc_pt=1&amp;_nc_ht=scontent.faep16-1.fna&amp;oh=90bfa74b687997269a13d5062f547412&amp;oe=5D9DBFC1\" alt=\"La imagen puede contener: 7 personas, personas sonriendo, personas sentadas e interior\" width=\"323\" height=\"242\" data-src=\"https:\/\/scontent.faep16-1.fna.fbcdn.net\/v\/t1.0-0\/p526x296\/60655591_2343608745960158_5661300713318252544_n.jpg?_nc_cat=104&amp;_nc_pt=1&amp;_nc_ht=scontent.faep16-1.fna&amp;oh=90bfa74b687997269a13d5062f547412&amp;oe=5D9DBFC1\" \/><\/span><\/p>\n<div class=\"text_exposed_show\">\n<p>El anuncio lo realiz\u00f3 Luis Jacome, integrantes de dicha instituci\u00f3n, y Vanesa Astore de Ecoparque Bs. As., en una reuni\u00f3n mantenida con la secretaria de Ambiente y Desarrollo Sustentable, Dina Migani, y equipos t\u00e9cnicos del organismo.<\/p>\n<p>Durante el encuentro tambi\u00e9n se abordaron otros temas como la firma de un convenio para llevar adelante distintas actividades en las \u00c1reas Naturales Protegidas de la provincia contra el uso de cebos t\u00f3xicos. A su vez, comenzaron a coordinar algunas actividades de educaci\u00f3n ambiental y capacitaciones para el personal de las zonas donde hay presencia de c\u00f3ndores.<\/p>\n<p>El Programa de Conservaci\u00f3n de C\u00f3ndor Andino tiene como principal objetivo asistir a la conservaci\u00f3n de estas aves y su ecosistema, a todo lo largo de la cordillera, para asegurar la supervivencia de quien es considerado por los pueblos originarios como el Esp\u00edritu viviente de los Andes.<\/p>\n<\/div>\n<\/div>\n<\/div>\n<div class=\"_3x-2\" data-ft=\"{&quot;tn&quot;:&quot;H&quot;}\">\n<div data-ft=\"{&quot;tn&quot;:&quot;H&quot;}\">\n<div class=\"mtm\">\n<div class=\"_2a2q _65sr\">\n<div class=\"uiScaledImageContainer\"><\/div>\n<div class=\"uiScaledImageContainer\"><img decoding=\"async\" class=\"scaledImageFitWidth img\" src=\"https:\/\/scontent.faep16-1.fna.fbcdn.net\/v\/t1.0-0\/p526x296\/61157029_2343608565960176_3212919396091559936_n.jpg?_nc_cat=107&amp;_nc_pt=1&amp;_nc_ht=scontent.faep16-1.fna&amp;oh=dfb0e3838141e25d9f328b43acd8df90&amp;oe=5D5AC8C4\" alt=\"La imagen puede contener: 3 personas, personas sentadas, pantalla e interior\" width=\"335\" height=\"251\" data-src=\"https:\/\/scontent.faep16-1.fna.fbcdn.net\/v\/t1.0-0\/p526x296\/61157029_2343608565960176_3212919396091559936_n.jpg?_nc_cat=107&amp;_nc_pt=1&amp;_nc_ht=scontent.faep16-1.fna&amp;oh=dfb0e3838141e25d9f328b43acd8df90&amp;oe=5D5AC8C4\" \/><\/div>\n<div>Fuente: SA y DS de Rio Negro<\/div>\n<\/div>\n<\/div>\n<\/div>\n<\/div>\n<div><\/div>\n<\/div>\n<p>&nbsp;<\/p>\n<div>\n<form id=\"u_fetchstream_3_9\" class=\"commentable_item collapsed_comments\" action=\"https:\/\/www.facebook.com\/ajax\/ufi\/modify.php\" method=\"post\" data-ft=\"{&quot;tn&quot;:&quot;]&quot;}\">\n<div class=\"_4299\">\n<div class=\"_5vsi\"><\/div>\n<div>\n<div class=\"_78bu\">\n<div class=\"_68wo\" data-testid=\"fbFeedStoryUFI\/feedbackSummary\">\n<div class=\"_3vum\">\n<div class=\"_66lg\"><\/div>\n<\/div>\n<\/div>\n<\/div>\n<\/div>\n<\/div>\n<\/form>\n<\/div>\n","protected":false},"excerpt":{"rendered":"<p>Viedma.-La\u00a0Fundaci\u00f3n Bioandina Argentina\u00a0confirm\u00f3 que el pr\u00f3ximo 6 de septiembre se realizar\u00e1 una nueva liberaci\u00f3n de c\u00f3ndores andinos en Sierra Paileman, [&hellip;]<\/p>\n","protected":false},"author":2,"featured_media":61331,"comment_status":"open","ping_status":"open","sticky":false,"template":"","format":"standard","meta":{"site-sidebar-layout":"default","site-content-layout":"","ast-site-content-layout":"default","site-content-style":"default","site-sidebar-style":"default","ast-global-header-display":"","ast-banner-title-visibility":"","ast-main-header-display":"","ast-hfb-above-header-display":"","ast-hfb-below-header-display":"","ast-hfb-mobile-header-display":"","site-post-title":"","ast-breadcrumbs-content":"","ast-featured-img":"","footer-sml-layout":"","ast-disable-related-posts":"","theme-transparent-header-meta":"","adv-header-id-meta":"","stick-header-meta":"","header-above-stick-meta":"","header-main-stick-meta":"","header-below-stick-meta":"","astra-migrate-meta-layouts":"default","ast-page-background-enabled":"default","ast-page-background-meta":{"desktop":{"background-color":"var(--ast-global-color-5)","background-image":"","background-repeat":"repeat","background-position":"center center","background-size":"auto","background-attachment":"scroll","background-type":"","background-media":"","overlay-type":"","overlay-color":"","overlay-opacity":"","overlay-gradient":""},"tablet":{"background-color":"","background-image":"","background-repeat":"repeat","background-position":"center center","background-size":"auto","background-attachment":"scroll","background-type":"","background-media":"","overlay-type":"","overlay-color":"","overlay-opacity":"","overlay-gradient":""},"mobile":{"background-color":"","background-image":"","background-repeat":"repeat","background-position":"center center","background-size":"auto","background-attachment":"scroll","background-type":"","background-media":"","overlay-type":"","overlay-color":"","overlay-opacity":"","overlay-gradient":""}},"ast-content-background-meta":{"desktop":{"background-color":"var(--ast-global-color-4)","background-image":"","background-repeat":"repeat","background-position":"center center","background-size":"auto","background-attachment":"scroll","background-type":"","background-media":"","overlay-type":"","overlay-color":"","overlay-opacity":"","overlay-gradient":""},"tablet":{"background-color":"var(--ast-global-color-4)","background-image":"","background-repeat":"repeat","background-position":"center center","background-size":"auto","background-attachment":"scroll","background-type":"","background-media":"","overlay-type":"","overlay-color":"","overlay-opacity":"","overlay-gradient":""},"mobile":{"background-color":"var(--ast-global-color-4)","background-image":"","background-repeat":"repeat","background-position":"center center","background-size":"auto","background-attachment":"scroll","background-type":"","background-media":"","overlay-type":"","overlay-color":"","overlay-opacity":"","overlay-gradient":""}},"footnotes":""},"categories":[1,13,14],"tags":[],"class_list":["post-61330","post","type-post","status-publish","format-standard","has-post-thumbnail","hentry","category-noticias","category-provinciales","category-rio-negro"],"yoast_head":"<!-- This site is optimized with the Yoast SEO Premium plugin v23.0 (Yoast SEO v27.5) - https:\/\/yoast.com\/product\/yoast-seo-premium-wordpress\/ -->\n<title>Sierra Paileman\u00a0se prepara para una nueva\u00a0liberaci\u00f3n\u00a0de\u00a0c\u00f3ndores andinos<\/title>\n<meta name=\"robots\" content=\"index, follow, max-snippet:-1, max-image-preview:large, max-video-preview:-1\" \/>\n<link rel=\"canonical\" href=\"https:\/\/patagoniambiental.com.ar\/info\/sierra-paileman-se-prepara-para-una-nueva-liberacion-de-condores-andinos\/\" \/>\n<meta property=\"og:locale\" content=\"es_ES\" \/>\n<meta property=\"og:type\" content=\"article\" \/>\n<meta property=\"og:title\" content=\"Sierra Paileman\u00a0se prepara para una nueva\u00a0liberaci\u00f3n\u00a0de\u00a0c\u00f3ndores andinos\" \/>\n<meta property=\"og:description\" content=\"Viedma.-La\u00a0Fundaci\u00f3n Bioandina Argentina\u00a0confirm\u00f3 que el pr\u00f3ximo 6 de septiembre se realizar\u00e1 una nueva liberaci\u00f3n de c\u00f3ndores andinos en Sierra Paileman, [&hellip;]\" \/>\n<meta property=\"og:url\" content=\"https:\/\/patagoniambiental.com.ar\/info\/sierra-paileman-se-prepara-para-una-nueva-liberacion-de-condores-andinos\/\" \/>\n<meta property=\"og:site_name\" content=\"Patagonia Ambiental\" \/>\n<meta property=\"article:publisher\" content=\"https:\/\/www.facebook.com\/patagonia.ambiental\" \/>\n<meta property=\"article:author\" content=\"https:\/\/www.facebook.com\/share\/1C1V8Gv9BX\/?mibextid=qi2Omg\" \/>\n<meta property=\"article:published_time\" content=\"2019-05-24T10:00:52+00:00\" \/>\n<meta property=\"og:image\" content=\"https:\/\/patagoniambiental.com.ar\/info\/wp-content\/uploads\/2019\/05\/60655591_2343608745960158_5661300713318252544_n.jpg\" \/>\n\t<meta property=\"og:image:width\" content=\"526\" \/>\n\t<meta property=\"og:image:height\" content=\"394\" \/>\n\t<meta property=\"og:image:type\" content=\"image\/jpeg\" \/>\n<meta name=\"author\" content=\"Patagonia Ambiental\" \/>\n<meta name=\"twitter:card\" content=\"summary_large_image\" \/>\n<meta name=\"twitter:creator\" content=\"@PatAmb\" \/>\n<meta name=\"twitter:site\" content=\"@PatAmb\" \/>\n<script type=\"application\/ld+json\" class=\"yoast-schema-graph\">{\"@context\":\"https:\\\/\\\/schema.org\",\"@graph\":[{\"@type\":\"Article\",\"@id\":\"https:\\\/\\\/patagoniambiental.com.ar\\\/info\\\/sierra-paileman-se-prepara-para-una-nueva-liberacion-de-condores-andinos\\\/#article\",\"isPartOf\":{\"@id\":\"https:\\\/\\\/patagoniambiental.com.ar\\\/info\\\/sierra-paileman-se-prepara-para-una-nueva-liberacion-de-condores-andinos\\\/\"},\"author\":{\"name\":\"Patagonia Ambiental\",\"@id\":\"https:\\\/\\\/patagoniambiental.com.ar\\\/info\\\/#\\\/schema\\\/person\\\/db12bff64bbcbf6a253710bf0ea37b5d\"},\"headline\":\"Sierra Paileman\u00a0se prepara para una nueva\u00a0liberaci\u00f3n\u00a0de\u00a0c\u00f3ndores andinos\",\"datePublished\":\"2019-05-24T10:00:52+00:00\",\"mainEntityOfPage\":{\"@id\":\"https:\\\/\\\/patagoniambiental.com.ar\\\/info\\\/sierra-paileman-se-prepara-para-una-nueva-liberacion-de-condores-andinos\\\/\"},\"wordCount\":263,\"commentCount\":0,\"publisher\":{\"@id\":\"https:\\\/\\\/patagoniambiental.com.ar\\\/info\\\/#organization\"},\"image\":{\"@id\":\"https:\\\/\\\/patagoniambiental.com.ar\\\/info\\\/sierra-paileman-se-prepara-para-una-nueva-liberacion-de-condores-andinos\\\/#primaryimage\"},\"thumbnailUrl\":\"https:\\\/\\\/patagoniambiental.com.ar\\\/info\\\/wp-content\\\/uploads\\\/2019\\\/05\\\/60655591_2343608745960158_5661300713318252544_n.jpg\",\"articleSection\":[\"Noticias\",\"Provinciales\",\"R\u00edo Negro\"],\"inLanguage\":\"es\",\"potentialAction\":[{\"@type\":\"CommentAction\",\"name\":\"Comment\",\"target\":[\"https:\\\/\\\/patagoniambiental.com.ar\\\/info\\\/sierra-paileman-se-prepara-para-una-nueva-liberacion-de-condores-andinos\\\/#respond\"]}]},{\"@type\":\"WebPage\",\"@id\":\"https:\\\/\\\/patagoniambiental.com.ar\\\/info\\\/sierra-paileman-se-prepara-para-una-nueva-liberacion-de-condores-andinos\\\/\",\"url\":\"https:\\\/\\\/patagoniambiental.com.ar\\\/info\\\/sierra-paileman-se-prepara-para-una-nueva-liberacion-de-condores-andinos\\\/\",\"name\":\"Sierra Paileman\u00a0se prepara para una nueva\u00a0liberaci\u00f3n\u00a0de\u00a0c\u00f3ndores andinos\",\"isPartOf\":{\"@id\":\"https:\\\/\\\/patagoniambiental.com.ar\\\/info\\\/#website\"},\"primaryImageOfPage\":{\"@id\":\"https:\\\/\\\/patagoniambiental.com.ar\\\/info\\\/sierra-paileman-se-prepara-para-una-nueva-liberacion-de-condores-andinos\\\/#primaryimage\"},\"image\":{\"@id\":\"https:\\\/\\\/patagoniambiental.com.ar\\\/info\\\/sierra-paileman-se-prepara-para-una-nueva-liberacion-de-condores-andinos\\\/#primaryimage\"},\"thumbnailUrl\":\"https:\\\/\\\/patagoniambiental.com.ar\\\/info\\\/wp-content\\\/uploads\\\/2019\\\/05\\\/60655591_2343608745960158_5661300713318252544_n.jpg\",\"datePublished\":\"2019-05-24T10:00:52+00:00\",\"breadcrumb\":{\"@id\":\"https:\\\/\\\/patagoniambiental.com.ar\\\/info\\\/sierra-paileman-se-prepara-para-una-nueva-liberacion-de-condores-andinos\\\/#breadcrumb\"},\"inLanguage\":\"es\",\"potentialAction\":[{\"@type\":\"ReadAction\",\"target\":[\"https:\\\/\\\/patagoniambiental.com.ar\\\/info\\\/sierra-paileman-se-prepara-para-una-nueva-liberacion-de-condores-andinos\\\/\"]}]},{\"@type\":\"ImageObject\",\"inLanguage\":\"es\",\"@id\":\"https:\\\/\\\/patagoniambiental.com.ar\\\/info\\\/sierra-paileman-se-prepara-para-una-nueva-liberacion-de-condores-andinos\\\/#primaryimage\",\"url\":\"https:\\\/\\\/patagoniambiental.com.ar\\\/info\\\/wp-content\\\/uploads\\\/2019\\\/05\\\/60655591_2343608745960158_5661300713318252544_n.jpg\",\"contentUrl\":\"https:\\\/\\\/patagoniambiental.com.ar\\\/info\\\/wp-content\\\/uploads\\\/2019\\\/05\\\/60655591_2343608745960158_5661300713318252544_n.jpg\",\"width\":526,\"height\":394},{\"@type\":\"BreadcrumbList\",\"@id\":\"https:\\\/\\\/patagoniambiental.com.ar\\\/info\\\/sierra-paileman-se-prepara-para-una-nueva-liberacion-de-condores-andinos\\\/#breadcrumb\",\"itemListElement\":[{\"@type\":\"ListItem\",\"position\":1,\"name\":\"Inicio\",\"item\":\"https:\\\/\\\/patagoniambiental.com.ar\\\/info\\\/\"},{\"@type\":\"ListItem\",\"position\":2,\"name\":\"Sierra Paileman\u00a0se prepara para una nueva\u00a0liberaci\u00f3n\u00a0de\u00a0c\u00f3ndores andinos\"}]},{\"@type\":\"WebSite\",\"@id\":\"https:\\\/\\\/patagoniambiental.com.ar\\\/info\\\/#website\",\"url\":\"https:\\\/\\\/patagoniambiental.com.ar\\\/info\\\/\",\"name\":\"Patagonia Ambiental\",\"description\":\"Monitoreo y an\u00e1lisis de la situaci\u00f3n geopol\u00edtica en el mundo y su implicancia en la Patagonia\",\"publisher\":{\"@id\":\"https:\\\/\\\/patagoniambiental.com.ar\\\/info\\\/#organization\"},\"potentialAction\":[{\"@type\":\"SearchAction\",\"target\":{\"@type\":\"EntryPoint\",\"urlTemplate\":\"https:\\\/\\\/patagoniambiental.com.ar\\\/info\\\/?s={search_term_string}\"},\"query-input\":{\"@type\":\"PropertyValueSpecification\",\"valueRequired\":true,\"valueName\":\"search_term_string\"}}],\"inLanguage\":\"es\"},{\"@type\":\"Organization\",\"@id\":\"https:\\\/\\\/patagoniambiental.com.ar\\\/info\\\/#organization\",\"name\":\"Patagonia Ambiental\",\"url\":\"https:\\\/\\\/patagoniambiental.com.ar\\\/info\\\/\",\"logo\":{\"@type\":\"ImageObject\",\"inLanguage\":\"es\",\"@id\":\"https:\\\/\\\/patagoniambiental.com.ar\\\/info\\\/#\\\/schema\\\/logo\\\/image\\\/\",\"url\":\"https:\\\/\\\/patagoniambiental.com.ar\\\/info\\\/wp-content\\\/uploads\\\/2025\\\/05\\\/LOGO-PATAGONIA-AMBIENTAL.png\",\"contentUrl\":\"https:\\\/\\\/patagoniambiental.com.ar\\\/info\\\/wp-content\\\/uploads\\\/2025\\\/05\\\/LOGO-PATAGONIA-AMBIENTAL.png\",\"width\":433,\"height\":250,\"caption\":\"Patagonia Ambiental\"},\"image\":{\"@id\":\"https:\\\/\\\/patagoniambiental.com.ar\\\/info\\\/#\\\/schema\\\/logo\\\/image\\\/\"},\"sameAs\":[\"https:\\\/\\\/www.facebook.com\\\/patagonia.ambiental\",\"https:\\\/\\\/x.com\\\/PatAmb\"]},{\"@type\":\"Person\",\"@id\":\"https:\\\/\\\/patagoniambiental.com.ar\\\/info\\\/#\\\/schema\\\/person\\\/db12bff64bbcbf6a253710bf0ea37b5d\",\"name\":\"Patagonia Ambiental\",\"description\":\"Andr\u00e9s Nievas T\u00e9cnico en manejo ambiental, consultor Ambiental y escritor para medios locales e internacionales sobre temas de geopolitica y medio ambiente.\",\"sameAs\":[\"http:\\\/\\\/www.patagoniambiental.com.ar\",\"https:\\\/\\\/www.facebook.com\\\/share\\\/1C1V8Gv9BX\\\/?mibextid=qi2Omg\",\"@patagoniambiental\",\"https:\\\/\\\/youtube.com\\\/@patagoniaambiental2023?si=BLt58t0wuXquxlYZ\"]}]}<\/script>\n<!-- \/ Yoast SEO Premium plugin. -->","yoast_head_json":{"title":"Sierra Paileman\u00a0se prepara para una nueva\u00a0liberaci\u00f3n\u00a0de\u00a0c\u00f3ndores andinos","robots":{"index":"index","follow":"follow","max-snippet":"max-snippet:-1","max-image-preview":"max-image-preview:large","max-video-preview":"max-video-preview:-1"},"canonical":"https:\/\/patagoniambiental.com.ar\/info\/sierra-paileman-se-prepara-para-una-nueva-liberacion-de-condores-andinos\/","og_locale":"es_ES","og_type":"article","og_title":"Sierra Paileman\u00a0se prepara para una nueva\u00a0liberaci\u00f3n\u00a0de\u00a0c\u00f3ndores andinos","og_description":"Viedma.-La\u00a0Fundaci\u00f3n Bioandina Argentina\u00a0confirm\u00f3 que el pr\u00f3ximo 6 de septiembre se realizar\u00e1 una nueva liberaci\u00f3n de c\u00f3ndores andinos en Sierra Paileman, [&hellip;]","og_url":"https:\/\/patagoniambiental.com.ar\/info\/sierra-paileman-se-prepara-para-una-nueva-liberacion-de-condores-andinos\/","og_site_name":"Patagonia Ambiental","article_publisher":"https:\/\/www.facebook.com\/patagonia.ambiental","article_author":"https:\/\/www.facebook.com\/share\/1C1V8Gv9BX\/?mibextid=qi2Omg","article_published_time":"2019-05-24T10:00:52+00:00","og_image":[{"width":526,"height":394,"url":"https:\/\/patagoniambiental.com.ar\/info\/wp-content\/uploads\/2019\/05\/60655591_2343608745960158_5661300713318252544_n.jpg","type":"image\/jpeg"}],"author":"Patagonia Ambiental","twitter_card":"summary_large_image","twitter_creator":"@PatAmb","twitter_site":"@PatAmb","schema":{"@context":"https:\/\/schema.org","@graph":[{"@type":"Article","@id":"https:\/\/patagoniambiental.com.ar\/info\/sierra-paileman-se-prepara-para-una-nueva-liberacion-de-condores-andinos\/#article","isPartOf":{"@id":"https:\/\/patagoniambiental.com.ar\/info\/sierra-paileman-se-prepara-para-una-nueva-liberacion-de-condores-andinos\/"},"author":{"name":"Patagonia Ambiental","@id":"https:\/\/patagoniambiental.com.ar\/info\/#\/schema\/person\/db12bff64bbcbf6a253710bf0ea37b5d"},"headline":"Sierra Paileman\u00a0se prepara para una nueva\u00a0liberaci\u00f3n\u00a0de\u00a0c\u00f3ndores andinos","datePublished":"2019-05-24T10:00:52+00:00","mainEntityOfPage":{"@id":"https:\/\/patagoniambiental.com.ar\/info\/sierra-paileman-se-prepara-para-una-nueva-liberacion-de-condores-andinos\/"},"wordCount":263,"commentCount":0,"publisher":{"@id":"https:\/\/patagoniambiental.com.ar\/info\/#organization"},"image":{"@id":"https:\/\/patagoniambiental.com.ar\/info\/sierra-paileman-se-prepara-para-una-nueva-liberacion-de-condores-andinos\/#primaryimage"},"thumbnailUrl":"https:\/\/patagoniambiental.com.ar\/info\/wp-content\/uploads\/2019\/05\/60655591_2343608745960158_5661300713318252544_n.jpg","articleSection":["Noticias","Provinciales","R\u00edo Negro"],"inLanguage":"es","potentialAction":[{"@type":"CommentAction","name":"Comment","target":["https:\/\/patagoniambiental.com.ar\/info\/sierra-paileman-se-prepara-para-una-nueva-liberacion-de-condores-andinos\/#respond"]}]},{"@type":"WebPage","@id":"https:\/\/patagoniambiental.com.ar\/info\/sierra-paileman-se-prepara-para-una-nueva-liberacion-de-condores-andinos\/","url":"https:\/\/patagoniambiental.com.ar\/info\/sierra-paileman-se-prepara-para-una-nueva-liberacion-de-condores-andinos\/","name":"Sierra Paileman\u00a0se prepara para una nueva\u00a0liberaci\u00f3n\u00a0de\u00a0c\u00f3ndores andinos","isPartOf":{"@id":"https:\/\/patagoniambiental.com.ar\/info\/#website"},"primaryImageOfPage":{"@id":"https:\/\/patagoniambiental.com.ar\/info\/sierra-paileman-se-prepara-para-una-nueva-liberacion-de-condores-andinos\/#primaryimage"},"image":{"@id":"https:\/\/patagoniambiental.com.ar\/info\/sierra-paileman-se-prepara-para-una-nueva-liberacion-de-condores-andinos\/#primaryimage"},"thumbnailUrl":"https:\/\/patagoniambiental.com.ar\/info\/wp-content\/uploads\/2019\/05\/60655591_2343608745960158_5661300713318252544_n.jpg","datePublished":"2019-05-24T10:00:52+00:00","breadcrumb":{"@id":"https:\/\/patagoniambiental.com.ar\/info\/sierra-paileman-se-prepara-para-una-nueva-liberacion-de-condores-andinos\/#breadcrumb"},"inLanguage":"es","potentialAction":[{"@type":"ReadAction","target":["https:\/\/patagoniambiental.com.ar\/info\/sierra-paileman-se-prepara-para-una-nueva-liberacion-de-condores-andinos\/"]}]},{"@type":"ImageObject","inLanguage":"es","@id":"https:\/\/patagoniambiental.com.ar\/info\/sierra-paileman-se-prepara-para-una-nueva-liberacion-de-condores-andinos\/#primaryimage","url":"https:\/\/patagoniambiental.com.ar\/info\/wp-content\/uploads\/2019\/05\/60655591_2343608745960158_5661300713318252544_n.jpg","contentUrl":"https:\/\/patagoniambiental.com.ar\/info\/wp-content\/uploads\/2019\/05\/60655591_2343608745960158_5661300713318252544_n.jpg","width":526,"height":394},{"@type":"BreadcrumbList","@id":"https:\/\/patagoniambiental.com.ar\/info\/sierra-paileman-se-prepara-para-una-nueva-liberacion-de-condores-andinos\/#breadcrumb","itemListElement":[{"@type":"ListItem","position":1,"name":"Inicio","item":"https:\/\/patagoniambiental.com.ar\/info\/"},{"@type":"ListItem","position":2,"name":"Sierra Paileman\u00a0se prepara para una nueva\u00a0liberaci\u00f3n\u00a0de\u00a0c\u00f3ndores andinos"}]},{"@type":"WebSite","@id":"https:\/\/patagoniambiental.com.ar\/info\/#website","url":"https:\/\/patagoniambiental.com.ar\/info\/","name":"Patagonia Ambiental","description":"Monitoreo y an\u00e1lisis de la situaci\u00f3n geopol\u00edtica en el mundo y su implicancia en la Patagonia","publisher":{"@id":"https:\/\/patagoniambiental.com.ar\/info\/#organization"},"potentialAction":[{"@type":"SearchAction","target":{"@type":"EntryPoint","urlTemplate":"https:\/\/patagoniambiental.com.ar\/info\/?s={search_term_string}"},"query-input":{"@type":"PropertyValueSpecification","valueRequired":true,"valueName":"search_term_string"}}],"inLanguage":"es"},{"@type":"Organization","@id":"https:\/\/patagoniambiental.com.ar\/info\/#organization","name":"Patagonia Ambiental","url":"https:\/\/patagoniambiental.com.ar\/info\/","logo":{"@type":"ImageObject","inLanguage":"es","@id":"https:\/\/patagoniambiental.com.ar\/info\/#\/schema\/logo\/image\/","url":"https:\/\/patagoniambiental.com.ar\/info\/wp-content\/uploads\/2025\/05\/LOGO-PATAGONIA-AMBIENTAL.png","contentUrl":"https:\/\/patagoniambiental.com.ar\/info\/wp-content\/uploads\/2025\/05\/LOGO-PATAGONIA-AMBIENTAL.png","width":433,"height":250,"caption":"Patagonia Ambiental"},"image":{"@id":"https:\/\/patagoniambiental.com.ar\/info\/#\/schema\/logo\/image\/"},"sameAs":["https:\/\/www.facebook.com\/patagonia.ambiental","https:\/\/x.com\/PatAmb"]},{"@type":"Person","@id":"https:\/\/patagoniambiental.com.ar\/info\/#\/schema\/person\/db12bff64bbcbf6a253710bf0ea37b5d","name":"Patagonia Ambiental","description":"Andr\u00e9s Nievas T\u00e9cnico en manejo ambiental, consultor Ambiental y escritor para medios locales e internacionales sobre temas de geopolitica y medio ambiente.","sameAs":["http:\/\/www.patagoniambiental.com.ar","https:\/\/www.facebook.com\/share\/1C1V8Gv9BX\/?mibextid=qi2Omg","@patagoniambiental","https:\/\/youtube.com\/@patagoniaambiental2023?si=BLt58t0wuXquxlYZ"]}]}},"_links":{"self":[{"href":"https:\/\/patagoniambiental.com.ar\/info\/wp-json\/wp\/v2\/posts\/61330","targetHints":{"allow":["GET"]}}],"collection":[{"href":"https:\/\/patagoniambiental.com.ar\/info\/wp-json\/wp\/v2\/posts"}],"about":[{"href":"https:\/\/patagoniambiental.com.ar\/info\/wp-json\/wp\/v2\/types\/post"}],"author":[{"embeddable":true,"href":"https:\/\/patagoniambiental.com.ar\/info\/wp-json\/wp\/v2\/users\/2"}],"replies":[{"embeddable":true,"href":"https:\/\/patagoniambiental.com.ar\/info\/wp-json\/wp\/v2\/comments?post=61330"}],"version-history":[{"count":0,"href":"https:\/\/patagoniambiental.com.ar\/info\/wp-json\/wp\/v2\/posts\/61330\/revisions"}],"wp:featuredmedia":[{"embeddable":true,"href":"https:\/\/patagoniambiental.com.ar\/info\/wp-json\/wp\/v2\/media\/61331"}],"wp:attachment":[{"href":"https:\/\/patagoniambiental.com.ar\/info\/wp-json\/wp\/v2\/media?parent=61330"}],"wp:term":[{"taxonomy":"category","embeddable":true,"href":"https:\/\/patagoniambiental.com.ar\/info\/wp-json\/wp\/v2\/categories?post=61330"},{"taxonomy":"post_tag","embeddable":true,"href":"https:\/\/patagoniambiental.com.ar\/info\/wp-json\/wp\/v2\/tags?post=61330"}],"curies":[{"name":"wp","href":"https:\/\/api.w.org\/{rel}","templated":true}]}}