{"id":61348,"date":"2019-06-02T07:00:47","date_gmt":"2019-06-02T10:00:47","guid":{"rendered":"http:\/\/patagoniambiental.com.ar\/info\/?p=61348"},"modified":"2019-05-30T15:00:18","modified_gmt":"2019-05-30T18:00:18","slug":"el-calentamiento-global-podria-elevar-el-nivel-del-mar-mas-de-dos-metros-para-2100","status":"publish","type":"post","link":"https:\/\/patagoniambiental.com.ar\/info\/el-calentamiento-global-podria-elevar-el-nivel-del-mar-mas-de-dos-metros-para-2100\/","title":{"rendered":"El calentamiento global podr\u00eda elevar el nivel del mar m\u00e1s de dos metros para 2100"},"content":{"rendered":"<header class=\"story-leaf-header row header-structure \">\n<p class=\"story-leaf-title col-xs-12 col-md-10\">El deshielo creciente en la Ant\u00e1rtida y Groenlandia significar\u00eda la p\u00e9rdida de 1.79 millones de km2 de tierra y un posible desplazamiento de hasta 187 millones de personas<\/p>\n<\/header>\n<p><!--more--><\/p>\n<div class=\"header-structure\">\n<div class=\"row\">\n<div class=\"col-xs-12 col-md-10 col-md-push-2 nopadding-xs\">\n<figure class=\"story-leaf-figure\" data-component=\"image\"><img decoding=\"async\" class=\"img-responsive\" src=\"https:\/\/www.lavanguardia.com\/r\/GODO\/LV\/p6\/WebSite\/2019\/05\/21\/Recortada\/img_jelcacho_20190204-115614_imagenes_lv_terceros_grieta2_4_6_194971407-kOa-U4623934042965S-992x558@LaVanguardia-Web.jpg\" alt=\"El calentamiento global podr\u00eda elevar el nivel del mar m\u00e1s de dos metros para 2100\" \/><figcaption class=\"story-leaf-figcaption\">El iceberg Thwaites es uno de los m\u00e1s inestables de la zona oeste de la Ant\u00e1rtida (NASA)<\/figcaption><\/figure>\n<\/div>\n<div class=\"col-xs-12 col-md-2 col-md-pull-10 story-leaf-infobox\">\n<div class=\"row story-leaf-author nopadding\"><\/div>\n<\/div>\n<\/div>\n<\/div>\n<div class=\"content-structure \">\n<div class=\"story-leaf-txt-p\" data-gtm-element-container=\"modulo-texto-link\">\n<p>Que las capas de hielo de la\u00a0<b>Ant\u00e1rtida\u00a0<\/b>y\u00a0<b>Groenladia\u00a0<\/b>sigan derriti\u00e9ndose por culpa del\u00a0<b>calentamiento global\u00a0<\/b>dar\u00e1 como consecuencia inevitable el aumento del<b>\u00a0nivel del mar<\/b>\u00a0(SLR, por sus siglas en ingl\u00e9s) y esto supondr\u00e1 un gran riesgo para las comunidades costeras y los ecosistemas.<\/p>\n<p>Para poder anticiparse a un escenario negro y buscar medidas para mitigarlo, un equipo de cient\u00edficos internacional ha elaborado una proyecci\u00f3n global que arroja una t\u00e9cnica llamada<b>\u00a0Juicio de expertos estructurados<\/b>\u00a0(SEJ). Este grupo cient\u00edfico, dirigido por la Universidad de\u00a0<b>Bristol<\/b>, pidi\u00f3 a 22 expertos de la capa de hielo que estimaran\u00a0<b>rangos plausibles\u00a0<\/b>para el aumento futuro del nivel del mar debido a la fusi\u00f3n proyectada para cada una de las zonas emergidas cubiertas de hielo.<\/p>\n<p><span class=\"container-center visible-md adv\"><span class=\"lv-publi-box lv-publi-roba visible-md marginb20 text-center\"><ins id=\"ad-8txj8ayuset\" class=\"ad-displayed\" data-ad-type=\"roba\" data-ad-device=\"md\" data-ad-sizes=\"[&quot;fluid&quot;,[300,250],[300,300],[300,600],[320,300]]\" data-ad-keys=\"{&quot;cat&quot;:&quot;story&quot;,&quot;id&quot;:&quot;d0116ac8-7bcf-11e9-afc8-6f666747472b&quot;,&quot;pageKeys&quot;:&quot;&quot;}\" data-ad-lazy=\"false\" data-event-scroll-md=\"\" data-name=\"roba1\" data-google-query-id=\"CKqF4v62r-ICFQVkwQodDG4PCA\"><\/p>\n<div id=\"google_ads_iframe_\/55964524\/lv_w\/vida\/natural\/cambio-climatico\/n_6__container__\"><\/div>\n<p><\/ins><\/span><\/span>Los hallazgos,\u00a0<a href=\"https:\/\/www.pnas.org\/content\/early\/2019\/05\/14\/1817205116\" target=\"_blank\" rel=\"nofollow noopener noreferrer\" data-gtm-element=\"container-child-link\">publicados en la revista Proceedings of the National Academy of Sciences<\/a>, pronostican un aumento considerable del nivel del mar para finales de este sigo. Un aumento que podr\u00eda llegar a ser de m\u00e1s de dos metros para 2100.<\/p>\n<p>Con este m\u00e9todo se arroja una probabilidad peque\u00f1a pero significativa de que la SLR excediera los dos metros para el a\u00f1o 2100 en el escenario de alta temperatura<\/p>\n<p><span class=\"despiece-story despiece-story-quotes\"><span class=\"despiece-story-author\"><span class=\"despiece-story-author-bottom\"><span class=\"despiece-story-author-link text-uppercase\">JONATHAN BAMBER<\/span>\u00a0<span class=\"author-city\">Autor principal de estudio y profesor de la Faultad de Ciencias Geogr\u00e1ficas de la Universidad de Bristol<\/span><\/span><\/span><\/span>\u201dLas proyecciones de la\u00a0<b>SLR\u00a0<\/b>global total con este m\u00e9todo arrojaron una probabilidad peque\u00f1a pero significativa de que la SLR excediera los dos metros para el a\u00f1o 2100 en el escenario de alta temperatura, aproximadamente equivalente a \u2018business as usual\u2019, muy por encima del l\u00edmite superior \u2018probable\u2019 presentado en el Quinto informe de evaluaci\u00f3n del Panel Intergubernamental sobre el Cambio Clim\u00e1tico (IPCC) \u201c, explica\u00a0<b>Jonathan\u00a0<\/b><b>Bamber<\/b>, autor principal de estudio y profesor de la\u00a0<b>Faultad\u00a0<\/b><b>de Ciencias Geogr\u00e1ficas de la Universidad de<\/b>\u00a0<b>Bristol<\/b>.<\/p>\n<div id=\"hybs-mslot-b398df30-0\" class=\"hybs-mslot\"><\/div>\n<p>Los hallazgos sugieren que las comunidades costeras, por lo tanto, no deben descartar la posibilidad de que las c\u00e1maras\u00a0<b>SLR\u00a0<\/b>del\u00a0<b>siglo\u00a0<\/b><b>XXI\u00a0<\/b>superen los dos metros cuando desarrollen estrategias de adaptaci\u00f3n.<\/p>\n<p>Tal aumento en el nivel del mar global podr\u00eda resultar en una p\u00e9rdida de tierra de 1.79 millones de km2, incluidas las regiones cr\u00edticas de la producci\u00f3n de alimentos<\/p>\n<p><b>Millones de kil\u00f3metros de tierra perdida y de personas desplazadas<\/b><\/p>\n<p>Tal aumento en el nivel del mar global podr\u00eda resultar en una p\u00e9rdida de tierra de 1.79 millones de km2, incluidas las regiones cr\u00edticas de la producci\u00f3n de alimentos, y un posible desplazamiento de hasta 187 millones de personas. \u201cUn aumento del nivel del mar de esta magnitud tendr\u00eda claramente consecuencias profundas para humanidad\u201d, agrega\u00a0<b>Bamber<\/b>.<\/p>\n<p><span class=\"container-center visible-md adv\"><span class=\"lv-publi-box lv-publi-roba visible-md marginb20 text-center\"><ins id=\"ad-ocykkwr8zrl\" class=\"ad-displayed\" data-ad-type=\"roba\" data-ad-device=\"md\" data-ad-sizes=\"[&quot;fluid&quot;,[300,250],[300,300],[300,600],[320,300]]\" data-ad-keys=\"{&quot;cat&quot;:&quot;story&quot;,&quot;id&quot;:&quot;d0116ac8-7bcf-11e9-afc8-6f666747472b&quot;,&quot;pageKeys&quot;:&quot;&quot;}\" data-ad-lazy=\"false\" data-event-scroll-md=\"\" data-name=\"roba2\" data-google-query-id=\"CKuF4v62r-ICFQVkwQodDG4PCA\"><\/p>\n<div id=\"google_ads_iframe_\/55964524\/lv_w\/vida\/natural\/cambio-climatico\/n_7__container__\"><\/div>\n<p><\/ins><\/span><\/span>Un aumento del nivel del mar de esta magnitud tendr\u00eda claramente consecuencias profundas para humanidad<\/p>\n<p><span class=\"despiece-story despiece-story-quotes\"><span class=\"despiece-story-author\"><span class=\"despiece-story-author-bottom\"><span class=\"despiece-story-author-link text-uppercase\">JONATHAN BAMBER<\/span><\/span><\/span><\/span>El proceso de la\u00a0<b>SEJ\u00a0<\/b>brind\u00f3 una oportunidad para que los expertos discutan sus fundamentos cient\u00edficos para los juicios cuantitativos que hacen sobre las incertidumbres relacionadas con las futuras contribuciones de la capa de hielo al nivel del mar.<\/p>\n<p>Este enfoque \u00fanico tambi\u00e9n sirvi\u00f3 para identificar algunos procesos poco conocidos pero potencialmente cr\u00edticos, como la \u201cinestabilidad del acantilado de hielo marino\u201d, que puede actuar en el futuro como puntos de inflexi\u00f3n significativos en la respuesta de la capa de hielo al aumento de la temperatura.<\/p>\n<p>Limitar la atenci\u00f3n al rango \u2018probable\u2019, como fue el caso en el Quinto Informe de Evaluaci\u00f3n del IPCC, puede ser enga\u00f1oso y probablemente lleve a una evaluaci\u00f3n deficiente de los verdaderos riesgos<\/p>\n<p><span class=\"despiece-story despiece-story-quotes\"><span class=\"despiece-story-author\"><span class=\"despiece-story-author-bottom\"><span class=\"despiece-story-author-link text-uppercase\">WILLY ASPINALL<\/span>\u00a0<span class=\"author-city\">Facultad de Ciencias de la Tierra de la Universidad de Bristol<\/span><\/span><\/span><\/span>Una innovaci\u00f3n clave en este trabajo es el modelado de dependencias determinadas aleatoriamente entre los procesos de acumulaci\u00f3n, escorrent\u00eda y descarga en cada capa de hielo: t\u00e9cnicas, dice el equipo de investigaci\u00f3n, que esperan poder desarrollarse y aplicarse m\u00e1s en otras \u00e1reas de la investigaci\u00f3n del clima.<\/p>\n<p>El coautor, el profesor\u00a0<b>Willy Aspinall<\/b>, de la\u00a0<b>Facultad de Ciencias de la Tierra\u00a0<\/b><b>de la Universidad\u00a0<\/b>de Bristol, agreg\u00f3: \u201cLimitar la atenci\u00f3n al rango \u2018probable\u2019, como fue el caso en el Quinto Informe de Evaluaci\u00f3n del IPCC, puede ser enga\u00f1oso y probablemente lleve a una evaluaci\u00f3n deficiente de los verdaderos riesgos\u201d.<\/p>\n<p><span class=\"container-center visible-md adv\"><span class=\"lv-publi-box lv-publi-roba visible-md marginb20 text-center\"><ins id=\"ad-0tofwe807n5\" class=\"ad-displayed\" data-ad-type=\"roba\" data-ad-device=\"md\" data-ad-sizes=\"[&quot;fluid&quot;,[300,250],[300,300],[320,300]]\" data-ad-keys=\"{&quot;cat&quot;:&quot;story&quot;,&quot;id&quot;:&quot;d0116ac8-7bcf-11e9-afc8-6f666747472b&quot;,&quot;pageKeys&quot;:&quot;&quot;}\" data-ad-lazy=\"false\" data-event-scroll-md=\"\" data-name=\"roba3\" data-google-query-id=\"CKyF4v62r-ICFQVkwQodDG4PCA\"><\/p>\n<div id=\"google_ads_iframe_\/55964524\/lv_w\/vida\/natural\/cambio-climatico\/n_8__container__\"><\/div>\n<p><\/ins><\/span><\/span><b>Articulo cient\u00edfico de referencia:<\/b><\/p>\n<p>\u2018Ice sheet contributions to future sea-level rise from structured expert judgment Jonathan L. Bamber, Michael Oppenheimer, Robert E. Kopp, Willy P. Aspinall, and Roger M. Cooke PNAS first published May 20, 2019\u00a0<a href=\"https:\/\/www.pnas.org\/content\/early\/2019\/05\/14\/1817205116\" target=\"_blank\" rel=\"nofollow noopener noreferrer\" data-gtm-element=\"container-child-link\">https:\/\/doi.org\/10.1073\/pnas.1817205116<\/a><\/p>\n<p><span class=\"container-center visible-md adv\"><span class=\"lv-publi-box lv-publi-roba visible-md marginb20 text-center\"><ins id=\"ad-15jidk8zttc\" class=\"ad-displayed\" data-ad-type=\"roba\" data-ad-device=\"md\" data-ad-sizes=\"[&quot;fluid&quot;,[300,250],[300,300],[320,300]]\" data-ad-keys=\"{&quot;cat&quot;:&quot;story&quot;,&quot;id&quot;:&quot;d0116ac8-7bcf-11e9-afc8-6f666747472b&quot;,&quot;pageKeys&quot;:&quot;&quot;}\" data-ad-lazy=\"true\" data-event-scroll-md=\"\" data-name=\"roba4\" data-google-query-id=\"CPHt5o64r-ICFcR8wQodJyUK0A\"><\/p>\n<div id=\"google_ads_iframe_\/55964524\/lv_w\/vida\/natural\/cambio-climatico\/n_11__container__\">Fuente:\u00a0https:\/\/www.lavanguardia.com\/natural\/cambio-climatico\/20190521\/462393404296\/calentamiento-global-nivel-mar-deshielo.html<\/div>\n<p><\/ins><\/span><\/span><\/div>\n<\/div>\n","protected":false},"excerpt":{"rendered":"<p>El deshielo creciente en la Ant\u00e1rtida y Groenlandia significar\u00eda la p\u00e9rdida de 1.79 millones de km2 de tierra y un [&hellip;]<\/p>\n","protected":false},"author":2,"featured_media":61349,"comment_status":"open","ping_status":"open","sticky":false,"template":"","format":"standard","meta":{"site-sidebar-layout":"default","site-content-layout":"","ast-site-content-layout":"default","site-content-style":"default","site-sidebar-style":"default","ast-global-header-display":"","ast-banner-title-visibility":"","ast-main-header-display":"","ast-hfb-above-header-display":"","ast-hfb-below-header-display":"","ast-hfb-mobile-header-display":"","site-post-title":"","ast-breadcrumbs-content":"","ast-featured-img":"","footer-sml-layout":"","ast-disable-related-posts":"","theme-transparent-header-meta":"","adv-header-id-meta":"","stick-header-meta":"","header-above-stick-meta":"","header-main-stick-meta":"","header-below-stick-meta":"","astra-migrate-meta-layouts":"default","ast-page-background-enabled":"default","ast-page-background-meta":{"desktop":{"background-color":"var(--ast-global-color-5)","background-image":"","background-repeat":"repeat","background-position":"center center","background-size":"auto","background-attachment":"scroll","background-type":"","background-media":"","overlay-type":"","overlay-color":"","overlay-opacity":"","overlay-gradient":""},"tablet":{"background-color":"","background-image":"","background-repeat":"repeat","background-position":"center center","background-size":"auto","background-attachment":"scroll","background-type":"","background-media":"","overlay-type":"","overlay-color":"","overlay-opacity":"","overlay-gradient":""},"mobile":{"background-color":"","background-image":"","background-repeat":"repeat","background-position":"center center","background-size":"auto","background-attachment":"scroll","background-type":"","background-media":"","overlay-type":"","overlay-color":"","overlay-opacity":"","overlay-gradient":""}},"ast-content-background-meta":{"desktop":{"background-color":"var(--ast-global-color-4)","background-image":"","background-repeat":"repeat","background-position":"center center","background-size":"auto","background-attachment":"scroll","background-type":"","background-media":"","overlay-type":"","overlay-color":"","overlay-opacity":"","overlay-gradient":""},"tablet":{"background-color":"var(--ast-global-color-4)","background-image":"","background-repeat":"repeat","background-position":"center center","background-size":"auto","background-attachment":"scroll","background-type":"","background-media":"","overlay-type":"","overlay-color":"","overlay-opacity":"","overlay-gradient":""},"mobile":{"background-color":"var(--ast-global-color-4)","background-image":"","background-repeat":"repeat","background-position":"center center","background-size":"auto","background-attachment":"scroll","background-type":"","background-media":"","overlay-type":"","overlay-color":"","overlay-opacity":"","overlay-gradient":""}},"footnotes":""},"categories":[23,1],"tags":[],"class_list":["post-61348","post","type-post","status-publish","format-standard","has-post-thumbnail","hentry","category-internacionales","category-noticias"],"yoast_head":"<!-- This site is optimized with the Yoast SEO Premium plugin v23.0 (Yoast SEO v27.5) - https:\/\/yoast.com\/product\/yoast-seo-premium-wordpress\/ -->\n<title>El calentamiento global podr\u00eda elevar el nivel del mar m\u00e1s de dos metros para 2100<\/title>\n<meta name=\"robots\" content=\"index, follow, max-snippet:-1, max-image-preview:large, max-video-preview:-1\" \/>\n<link rel=\"canonical\" href=\"https:\/\/patagoniambiental.com.ar\/info\/el-calentamiento-global-podria-elevar-el-nivel-del-mar-mas-de-dos-metros-para-2100\/\" \/>\n<meta property=\"og:locale\" content=\"es_ES\" \/>\n<meta property=\"og:type\" content=\"article\" \/>\n<meta property=\"og:title\" content=\"El calentamiento global podr\u00eda elevar el nivel del mar m\u00e1s de dos metros para 2100\" \/>\n<meta property=\"og:description\" content=\"El deshielo creciente en la Ant\u00e1rtida y Groenlandia significar\u00eda la p\u00e9rdida de 1.79 millones de km2 de tierra y un [&hellip;]\" \/>\n<meta property=\"og:url\" content=\"https:\/\/patagoniambiental.com.ar\/info\/el-calentamiento-global-podria-elevar-el-nivel-del-mar-mas-de-dos-metros-para-2100\/\" \/>\n<meta property=\"og:site_name\" content=\"Patagonia Ambiental\" \/>\n<meta property=\"article:publisher\" content=\"https:\/\/www.facebook.com\/patagonia.ambiental\" \/>\n<meta property=\"article:author\" content=\"https:\/\/www.facebook.com\/share\/1C1V8Gv9BX\/?mibextid=qi2Omg\" \/>\n<meta property=\"article:published_time\" content=\"2019-06-02T10:00:47+00:00\" \/>\n<meta property=\"og:image\" content=\"https:\/\/patagoniambiental.com.ar\/info\/wp-content\/uploads\/2019\/05\/img_jelcacho_20190204-115614_imagenes_lv_terceros_grieta2_4_6_194971407-kOa-U4623934042965S-992x558@LaVanguardia-Web.jpg\" \/>\n\t<meta property=\"og:image:width\" content=\"992\" \/>\n\t<meta property=\"og:image:height\" content=\"558\" \/>\n\t<meta property=\"og:image:type\" content=\"image\/jpeg\" \/>\n<meta name=\"author\" content=\"Patagonia Ambiental\" \/>\n<meta name=\"twitter:card\" content=\"summary_large_image\" \/>\n<meta name=\"twitter:creator\" content=\"@PatAmb\" \/>\n<meta name=\"twitter:site\" content=\"@PatAmb\" \/>\n<script type=\"application\/ld+json\" class=\"yoast-schema-graph\">{\"@context\":\"https:\\\/\\\/schema.org\",\"@graph\":[{\"@type\":\"Article\",\"@id\":\"https:\\\/\\\/patagoniambiental.com.ar\\\/info\\\/el-calentamiento-global-podria-elevar-el-nivel-del-mar-mas-de-dos-metros-para-2100\\\/#article\",\"isPartOf\":{\"@id\":\"https:\\\/\\\/patagoniambiental.com.ar\\\/info\\\/el-calentamiento-global-podria-elevar-el-nivel-del-mar-mas-de-dos-metros-para-2100\\\/\"},\"author\":{\"name\":\"Patagonia Ambiental\",\"@id\":\"https:\\\/\\\/patagoniambiental.com.ar\\\/info\\\/#\\\/schema\\\/person\\\/db12bff64bbcbf6a253710bf0ea37b5d\"},\"headline\":\"El calentamiento global podr\u00eda elevar el nivel del mar m\u00e1s de dos metros para 2100\",\"datePublished\":\"2019-06-02T10:00:47+00:00\",\"mainEntityOfPage\":{\"@id\":\"https:\\\/\\\/patagoniambiental.com.ar\\\/info\\\/el-calentamiento-global-podria-elevar-el-nivel-del-mar-mas-de-dos-metros-para-2100\\\/\"},\"wordCount\":823,\"commentCount\":0,\"publisher\":{\"@id\":\"https:\\\/\\\/patagoniambiental.com.ar\\\/info\\\/#organization\"},\"image\":{\"@id\":\"https:\\\/\\\/patagoniambiental.com.ar\\\/info\\\/el-calentamiento-global-podria-elevar-el-nivel-del-mar-mas-de-dos-metros-para-2100\\\/#primaryimage\"},\"thumbnailUrl\":\"https:\\\/\\\/patagoniambiental.com.ar\\\/info\\\/wp-content\\\/uploads\\\/2019\\\/05\\\/img_jelcacho_20190204-115614_imagenes_lv_terceros_grieta2_4_6_194971407-kOa-U4623934042965S-992x558@LaVanguardia-Web.jpg\",\"articleSection\":[\"Internacionales\",\"Noticias\"],\"inLanguage\":\"es\",\"potentialAction\":[{\"@type\":\"CommentAction\",\"name\":\"Comment\",\"target\":[\"https:\\\/\\\/patagoniambiental.com.ar\\\/info\\\/el-calentamiento-global-podria-elevar-el-nivel-del-mar-mas-de-dos-metros-para-2100\\\/#respond\"]}]},{\"@type\":\"WebPage\",\"@id\":\"https:\\\/\\\/patagoniambiental.com.ar\\\/info\\\/el-calentamiento-global-podria-elevar-el-nivel-del-mar-mas-de-dos-metros-para-2100\\\/\",\"url\":\"https:\\\/\\\/patagoniambiental.com.ar\\\/info\\\/el-calentamiento-global-podria-elevar-el-nivel-del-mar-mas-de-dos-metros-para-2100\\\/\",\"name\":\"El calentamiento global podr\u00eda elevar el nivel del mar m\u00e1s de dos metros para 2100\",\"isPartOf\":{\"@id\":\"https:\\\/\\\/patagoniambiental.com.ar\\\/info\\\/#website\"},\"primaryImageOfPage\":{\"@id\":\"https:\\\/\\\/patagoniambiental.com.ar\\\/info\\\/el-calentamiento-global-podria-elevar-el-nivel-del-mar-mas-de-dos-metros-para-2100\\\/#primaryimage\"},\"image\":{\"@id\":\"https:\\\/\\\/patagoniambiental.com.ar\\\/info\\\/el-calentamiento-global-podria-elevar-el-nivel-del-mar-mas-de-dos-metros-para-2100\\\/#primaryimage\"},\"thumbnailUrl\":\"https:\\\/\\\/patagoniambiental.com.ar\\\/info\\\/wp-content\\\/uploads\\\/2019\\\/05\\\/img_jelcacho_20190204-115614_imagenes_lv_terceros_grieta2_4_6_194971407-kOa-U4623934042965S-992x558@LaVanguardia-Web.jpg\",\"datePublished\":\"2019-06-02T10:00:47+00:00\",\"breadcrumb\":{\"@id\":\"https:\\\/\\\/patagoniambiental.com.ar\\\/info\\\/el-calentamiento-global-podria-elevar-el-nivel-del-mar-mas-de-dos-metros-para-2100\\\/#breadcrumb\"},\"inLanguage\":\"es\",\"potentialAction\":[{\"@type\":\"ReadAction\",\"target\":[\"https:\\\/\\\/patagoniambiental.com.ar\\\/info\\\/el-calentamiento-global-podria-elevar-el-nivel-del-mar-mas-de-dos-metros-para-2100\\\/\"]}]},{\"@type\":\"ImageObject\",\"inLanguage\":\"es\",\"@id\":\"https:\\\/\\\/patagoniambiental.com.ar\\\/info\\\/el-calentamiento-global-podria-elevar-el-nivel-del-mar-mas-de-dos-metros-para-2100\\\/#primaryimage\",\"url\":\"https:\\\/\\\/patagoniambiental.com.ar\\\/info\\\/wp-content\\\/uploads\\\/2019\\\/05\\\/img_jelcacho_20190204-115614_imagenes_lv_terceros_grieta2_4_6_194971407-kOa-U4623934042965S-992x558@LaVanguardia-Web.jpg\",\"contentUrl\":\"https:\\\/\\\/patagoniambiental.com.ar\\\/info\\\/wp-content\\\/uploads\\\/2019\\\/05\\\/img_jelcacho_20190204-115614_imagenes_lv_terceros_grieta2_4_6_194971407-kOa-U4623934042965S-992x558@LaVanguardia-Web.jpg\",\"width\":992,\"height\":558},{\"@type\":\"BreadcrumbList\",\"@id\":\"https:\\\/\\\/patagoniambiental.com.ar\\\/info\\\/el-calentamiento-global-podria-elevar-el-nivel-del-mar-mas-de-dos-metros-para-2100\\\/#breadcrumb\",\"itemListElement\":[{\"@type\":\"ListItem\",\"position\":1,\"name\":\"Inicio\",\"item\":\"https:\\\/\\\/patagoniambiental.com.ar\\\/info\\\/\"},{\"@type\":\"ListItem\",\"position\":2,\"name\":\"El calentamiento global podr\u00eda elevar el nivel del mar m\u00e1s de dos metros para 2100\"}]},{\"@type\":\"WebSite\",\"@id\":\"https:\\\/\\\/patagoniambiental.com.ar\\\/info\\\/#website\",\"url\":\"https:\\\/\\\/patagoniambiental.com.ar\\\/info\\\/\",\"name\":\"Patagonia Ambiental\",\"description\":\"Monitoreo y an\u00e1lisis de la situaci\u00f3n geopol\u00edtica en el mundo y su implicancia en la Patagonia\",\"publisher\":{\"@id\":\"https:\\\/\\\/patagoniambiental.com.ar\\\/info\\\/#organization\"},\"potentialAction\":[{\"@type\":\"SearchAction\",\"target\":{\"@type\":\"EntryPoint\",\"urlTemplate\":\"https:\\\/\\\/patagoniambiental.com.ar\\\/info\\\/?s={search_term_string}\"},\"query-input\":{\"@type\":\"PropertyValueSpecification\",\"valueRequired\":true,\"valueName\":\"search_term_string\"}}],\"inLanguage\":\"es\"},{\"@type\":\"Organization\",\"@id\":\"https:\\\/\\\/patagoniambiental.com.ar\\\/info\\\/#organization\",\"name\":\"Patagonia Ambiental\",\"url\":\"https:\\\/\\\/patagoniambiental.com.ar\\\/info\\\/\",\"logo\":{\"@type\":\"ImageObject\",\"inLanguage\":\"es\",\"@id\":\"https:\\\/\\\/patagoniambiental.com.ar\\\/info\\\/#\\\/schema\\\/logo\\\/image\\\/\",\"url\":\"https:\\\/\\\/patagoniambiental.com.ar\\\/info\\\/wp-content\\\/uploads\\\/2025\\\/05\\\/LOGO-PATAGONIA-AMBIENTAL.png\",\"contentUrl\":\"https:\\\/\\\/patagoniambiental.com.ar\\\/info\\\/wp-content\\\/uploads\\\/2025\\\/05\\\/LOGO-PATAGONIA-AMBIENTAL.png\",\"width\":433,\"height\":250,\"caption\":\"Patagonia Ambiental\"},\"image\":{\"@id\":\"https:\\\/\\\/patagoniambiental.com.ar\\\/info\\\/#\\\/schema\\\/logo\\\/image\\\/\"},\"sameAs\":[\"https:\\\/\\\/www.facebook.com\\\/patagonia.ambiental\",\"https:\\\/\\\/x.com\\\/PatAmb\"]},{\"@type\":\"Person\",\"@id\":\"https:\\\/\\\/patagoniambiental.com.ar\\\/info\\\/#\\\/schema\\\/person\\\/db12bff64bbcbf6a253710bf0ea37b5d\",\"name\":\"Patagonia Ambiental\",\"description\":\"Andr\u00e9s Nievas T\u00e9cnico en manejo ambiental, consultor Ambiental y escritor para medios locales e internacionales sobre temas de geopolitica y medio ambiente.\",\"sameAs\":[\"http:\\\/\\\/www.patagoniambiental.com.ar\",\"https:\\\/\\\/www.facebook.com\\\/share\\\/1C1V8Gv9BX\\\/?mibextid=qi2Omg\",\"@patagoniambiental\",\"https:\\\/\\\/youtube.com\\\/@patagoniaambiental2023?si=BLt58t0wuXquxlYZ\"]}]}<\/script>\n<!-- \/ Yoast SEO Premium plugin. -->","yoast_head_json":{"title":"El calentamiento global podr\u00eda elevar el nivel del mar m\u00e1s de dos metros para 2100","robots":{"index":"index","follow":"follow","max-snippet":"max-snippet:-1","max-image-preview":"max-image-preview:large","max-video-preview":"max-video-preview:-1"},"canonical":"https:\/\/patagoniambiental.com.ar\/info\/el-calentamiento-global-podria-elevar-el-nivel-del-mar-mas-de-dos-metros-para-2100\/","og_locale":"es_ES","og_type":"article","og_title":"El calentamiento global podr\u00eda elevar el nivel del mar m\u00e1s de dos metros para 2100","og_description":"El deshielo creciente en la Ant\u00e1rtida y Groenlandia significar\u00eda la p\u00e9rdida de 1.79 millones de km2 de tierra y un [&hellip;]","og_url":"https:\/\/patagoniambiental.com.ar\/info\/el-calentamiento-global-podria-elevar-el-nivel-del-mar-mas-de-dos-metros-para-2100\/","og_site_name":"Patagonia Ambiental","article_publisher":"https:\/\/www.facebook.com\/patagonia.ambiental","article_author":"https:\/\/www.facebook.com\/share\/1C1V8Gv9BX\/?mibextid=qi2Omg","article_published_time":"2019-06-02T10:00:47+00:00","og_image":[{"width":992,"height":558,"url":"https:\/\/patagoniambiental.com.ar\/info\/wp-content\/uploads\/2019\/05\/img_jelcacho_20190204-115614_imagenes_lv_terceros_grieta2_4_6_194971407-kOa-U4623934042965S-992x558@LaVanguardia-Web.jpg","type":"image\/jpeg"}],"author":"Patagonia Ambiental","twitter_card":"summary_large_image","twitter_creator":"@PatAmb","twitter_site":"@PatAmb","schema":{"@context":"https:\/\/schema.org","@graph":[{"@type":"Article","@id":"https:\/\/patagoniambiental.com.ar\/info\/el-calentamiento-global-podria-elevar-el-nivel-del-mar-mas-de-dos-metros-para-2100\/#article","isPartOf":{"@id":"https:\/\/patagoniambiental.com.ar\/info\/el-calentamiento-global-podria-elevar-el-nivel-del-mar-mas-de-dos-metros-para-2100\/"},"author":{"name":"Patagonia Ambiental","@id":"https:\/\/patagoniambiental.com.ar\/info\/#\/schema\/person\/db12bff64bbcbf6a253710bf0ea37b5d"},"headline":"El calentamiento global podr\u00eda elevar el nivel del mar m\u00e1s de dos metros para 2100","datePublished":"2019-06-02T10:00:47+00:00","mainEntityOfPage":{"@id":"https:\/\/patagoniambiental.com.ar\/info\/el-calentamiento-global-podria-elevar-el-nivel-del-mar-mas-de-dos-metros-para-2100\/"},"wordCount":823,"commentCount":0,"publisher":{"@id":"https:\/\/patagoniambiental.com.ar\/info\/#organization"},"image":{"@id":"https:\/\/patagoniambiental.com.ar\/info\/el-calentamiento-global-podria-elevar-el-nivel-del-mar-mas-de-dos-metros-para-2100\/#primaryimage"},"thumbnailUrl":"https:\/\/patagoniambiental.com.ar\/info\/wp-content\/uploads\/2019\/05\/img_jelcacho_20190204-115614_imagenes_lv_terceros_grieta2_4_6_194971407-kOa-U4623934042965S-992x558@LaVanguardia-Web.jpg","articleSection":["Internacionales","Noticias"],"inLanguage":"es","potentialAction":[{"@type":"CommentAction","name":"Comment","target":["https:\/\/patagoniambiental.com.ar\/info\/el-calentamiento-global-podria-elevar-el-nivel-del-mar-mas-de-dos-metros-para-2100\/#respond"]}]},{"@type":"WebPage","@id":"https:\/\/patagoniambiental.com.ar\/info\/el-calentamiento-global-podria-elevar-el-nivel-del-mar-mas-de-dos-metros-para-2100\/","url":"https:\/\/patagoniambiental.com.ar\/info\/el-calentamiento-global-podria-elevar-el-nivel-del-mar-mas-de-dos-metros-para-2100\/","name":"El calentamiento global podr\u00eda elevar el nivel del mar m\u00e1s de dos metros para 2100","isPartOf":{"@id":"https:\/\/patagoniambiental.com.ar\/info\/#website"},"primaryImageOfPage":{"@id":"https:\/\/patagoniambiental.com.ar\/info\/el-calentamiento-global-podria-elevar-el-nivel-del-mar-mas-de-dos-metros-para-2100\/#primaryimage"},"image":{"@id":"https:\/\/patagoniambiental.com.ar\/info\/el-calentamiento-global-podria-elevar-el-nivel-del-mar-mas-de-dos-metros-para-2100\/#primaryimage"},"thumbnailUrl":"https:\/\/patagoniambiental.com.ar\/info\/wp-content\/uploads\/2019\/05\/img_jelcacho_20190204-115614_imagenes_lv_terceros_grieta2_4_6_194971407-kOa-U4623934042965S-992x558@LaVanguardia-Web.jpg","datePublished":"2019-06-02T10:00:47+00:00","breadcrumb":{"@id":"https:\/\/patagoniambiental.com.ar\/info\/el-calentamiento-global-podria-elevar-el-nivel-del-mar-mas-de-dos-metros-para-2100\/#breadcrumb"},"inLanguage":"es","potentialAction":[{"@type":"ReadAction","target":["https:\/\/patagoniambiental.com.ar\/info\/el-calentamiento-global-podria-elevar-el-nivel-del-mar-mas-de-dos-metros-para-2100\/"]}]},{"@type":"ImageObject","inLanguage":"es","@id":"https:\/\/patagoniambiental.com.ar\/info\/el-calentamiento-global-podria-elevar-el-nivel-del-mar-mas-de-dos-metros-para-2100\/#primaryimage","url":"https:\/\/patagoniambiental.com.ar\/info\/wp-content\/uploads\/2019\/05\/img_jelcacho_20190204-115614_imagenes_lv_terceros_grieta2_4_6_194971407-kOa-U4623934042965S-992x558@LaVanguardia-Web.jpg","contentUrl":"https:\/\/patagoniambiental.com.ar\/info\/wp-content\/uploads\/2019\/05\/img_jelcacho_20190204-115614_imagenes_lv_terceros_grieta2_4_6_194971407-kOa-U4623934042965S-992x558@LaVanguardia-Web.jpg","width":992,"height":558},{"@type":"BreadcrumbList","@id":"https:\/\/patagoniambiental.com.ar\/info\/el-calentamiento-global-podria-elevar-el-nivel-del-mar-mas-de-dos-metros-para-2100\/#breadcrumb","itemListElement":[{"@type":"ListItem","position":1,"name":"Inicio","item":"https:\/\/patagoniambiental.com.ar\/info\/"},{"@type":"ListItem","position":2,"name":"El calentamiento global podr\u00eda elevar el nivel del mar m\u00e1s de dos metros para 2100"}]},{"@type":"WebSite","@id":"https:\/\/patagoniambiental.com.ar\/info\/#website","url":"https:\/\/patagoniambiental.com.ar\/info\/","name":"Patagonia Ambiental","description":"Monitoreo y an\u00e1lisis de la situaci\u00f3n geopol\u00edtica en el mundo y su implicancia en la Patagonia","publisher":{"@id":"https:\/\/patagoniambiental.com.ar\/info\/#organization"},"potentialAction":[{"@type":"SearchAction","target":{"@type":"EntryPoint","urlTemplate":"https:\/\/patagoniambiental.com.ar\/info\/?s={search_term_string}"},"query-input":{"@type":"PropertyValueSpecification","valueRequired":true,"valueName":"search_term_string"}}],"inLanguage":"es"},{"@type":"Organization","@id":"https:\/\/patagoniambiental.com.ar\/info\/#organization","name":"Patagonia Ambiental","url":"https:\/\/patagoniambiental.com.ar\/info\/","logo":{"@type":"ImageObject","inLanguage":"es","@id":"https:\/\/patagoniambiental.com.ar\/info\/#\/schema\/logo\/image\/","url":"https:\/\/patagoniambiental.com.ar\/info\/wp-content\/uploads\/2025\/05\/LOGO-PATAGONIA-AMBIENTAL.png","contentUrl":"https:\/\/patagoniambiental.com.ar\/info\/wp-content\/uploads\/2025\/05\/LOGO-PATAGONIA-AMBIENTAL.png","width":433,"height":250,"caption":"Patagonia Ambiental"},"image":{"@id":"https:\/\/patagoniambiental.com.ar\/info\/#\/schema\/logo\/image\/"},"sameAs":["https:\/\/www.facebook.com\/patagonia.ambiental","https:\/\/x.com\/PatAmb"]},{"@type":"Person","@id":"https:\/\/patagoniambiental.com.ar\/info\/#\/schema\/person\/db12bff64bbcbf6a253710bf0ea37b5d","name":"Patagonia Ambiental","description":"Andr\u00e9s Nievas T\u00e9cnico en manejo ambiental, consultor Ambiental y escritor para medios locales e internacionales sobre temas de geopolitica y medio ambiente.","sameAs":["http:\/\/www.patagoniambiental.com.ar","https:\/\/www.facebook.com\/share\/1C1V8Gv9BX\/?mibextid=qi2Omg","@patagoniambiental","https:\/\/youtube.com\/@patagoniaambiental2023?si=BLt58t0wuXquxlYZ"]}]}},"_links":{"self":[{"href":"https:\/\/patagoniambiental.com.ar\/info\/wp-json\/wp\/v2\/posts\/61348","targetHints":{"allow":["GET"]}}],"collection":[{"href":"https:\/\/patagoniambiental.com.ar\/info\/wp-json\/wp\/v2\/posts"}],"about":[{"href":"https:\/\/patagoniambiental.com.ar\/info\/wp-json\/wp\/v2\/types\/post"}],"author":[{"embeddable":true,"href":"https:\/\/patagoniambiental.com.ar\/info\/wp-json\/wp\/v2\/users\/2"}],"replies":[{"embeddable":true,"href":"https:\/\/patagoniambiental.com.ar\/info\/wp-json\/wp\/v2\/comments?post=61348"}],"version-history":[{"count":0,"href":"https:\/\/patagoniambiental.com.ar\/info\/wp-json\/wp\/v2\/posts\/61348\/revisions"}],"wp:featuredmedia":[{"embeddable":true,"href":"https:\/\/patagoniambiental.com.ar\/info\/wp-json\/wp\/v2\/media\/61349"}],"wp:attachment":[{"href":"https:\/\/patagoniambiental.com.ar\/info\/wp-json\/wp\/v2\/media?parent=61348"}],"wp:term":[{"taxonomy":"category","embeddable":true,"href":"https:\/\/patagoniambiental.com.ar\/info\/wp-json\/wp\/v2\/categories?post=61348"},{"taxonomy":"post_tag","embeddable":true,"href":"https:\/\/patagoniambiental.com.ar\/info\/wp-json\/wp\/v2\/tags?post=61348"}],"curies":[{"name":"wp","href":"https:\/\/api.w.org\/{rel}","templated":true}]}}