{"id":61372,"date":"2019-05-23T19:00:48","date_gmt":"2019-05-23T22:00:48","guid":{"rendered":"http:\/\/patagoniambiental.com.ar\/info\/?p=61372"},"modified":"2019-05-23T08:57:36","modified_gmt":"2019-05-23T11:57:36","slug":"causa-campo-maripe-piden-anular-la-sentencia-que-absolvio-a-mapuches","status":"publish","type":"post","link":"https:\/\/patagoniambiental.com.ar\/info\/causa-campo-maripe-piden-anular-la-sentencia-que-absolvio-a-mapuches\/","title":{"rendered":"Causa Campo Maripe: piden anular la sentencia que absolvi\u00f3 a mapuches"},"content":{"rendered":"<article id=\"article-post\" class=\"cat-rojo\">\n<header>\n<div class=\"row\">\n<div class=\"col-xs-12\">\n<p class=\"title\">Neuqu\u00e9n.-La familia Vela considera que el juez actu\u00f3 arbitrariamente.<\/p>\n<p><!--more--><\/p>\n<\/div>\n<\/div>\n<\/header>\n<div class=\"head-image thumb-wrap relative\">\n<div id=\"content-gallery\">\n<div id=\"fotogaleria-Object_3184_1797\" class=\"gallery\">\n<div class=\"col2\">\n<div class=\"image itemGallery classid559913\"><a title=\"\" href=\"https:\/\/media.lmneuquen.com\/adjuntos\/195\/imagenes\/003\/584\/0003584081.jpg\"><img fetchpriority=\"high\" decoding=\"async\" title=\"Causa Campo Maripe: piden anular la sentencia que absolvi\u00f3 a mapuches\" src=\"https:\/\/media.lmneuquen.com\/adjuntos\/195\/imagenes\/003\/584\/0003584081.jpg\" alt=\"Causa Campo Maripe: piden anular la sentencia que absolvi\u00f3 a mapuches\" width=\"770\" height=\"433\" \/><\/a><\/p>\n<div class=\"gallery-header\"><\/div>\n<\/div>\n<\/div>\n<div class=\"clearfix\"><\/div>\n<\/div>\n<\/div>\n<\/div>\n<div class=\"cuerpo\">\n<p>Tras la absoluci\u00f3n de los seis integrantes de la comunidad mapuche\u00a0<strong>Campos Maripe del pasado mes de abril, la familia Vela reclama que se anule la sentencia del juez de Garant\u00edas Gustavo Ravizzoli<\/strong>. La acusaci\u00f3n que reca\u00eda sobre ellos era la de usurpar un terreno en el yacimiento Vaca Muerta, en la zona rural de A\u00f1elo.<\/p>\n<\/div>\n<\/article>\n<p>&nbsp;<\/p>\n<article id=\"article-post\" class=\"cat-rojo\">\n<div class=\"cuerpo\">\n<p>El fiscal Marcelo Silva hab\u00eda acusado a los miembros del Lof por haber ingresado el 12 de noviembre de 2014 al terreno ubicado sobre ruta provincial 17, cuyo t\u00edtulo de propiedad pertenece a los hermanos Gilberto, Andr\u00e9s y Pablo Vela. La imputaci\u00f3n era por usurpaci\u00f3n despojo y turbaci\u00f3n de la posesi\u00f3n.<\/p>\n<\/div>\n<\/article>\n<section class=\"news-lay-3 bottom-margin lista-notas-relacionadas relacionadas-nota inbody\">\n<header>\n<h2 class=\"section-title\"><\/h2>\n<\/header>\n<div class=\"row\">\n<article class=\"item clearfix col-xs-12 col-sm-6 cat- rel-has-media\">\n<div class=\"row\">\n<div class=\"col-xs-6 col-sm-6\">\n<h3 class=\"title noMargin\">En la sentencia,\u00a0<strong style=\"font-size: 16px;\">el magistrado sostuvo que no se pudo demostrar que los acusados actuaron con dolo (cometer voluntariamente un delito)<\/strong><span style=\"font-size: 16px;\">. Ravizzoli, adem\u00e1s, expres\u00f3 que no puede determinar a qui\u00e9n pertenece la propiedad de ese espacio.<\/span><\/h3>\n<\/div>\n<\/div>\n<\/article>\n<\/div>\n<\/section>\n<article id=\"article-post\" class=\"cat-rojo\">\n<div class=\"cuerpo\">\n<p>Por esos motivos, la familia damnificada justificaron su presentaci\u00f3n en que Ravizzoli \u00abactu\u00f3 arbitrariamente, de manera ama\u00f1ada, inclinando la balanza injustamente y sin fundamentos, a favor de los acusados\u00bb.<\/p>\n<p><em><strong><a href=\"https:\/\/www.lmneuquen.com\/juicio-mapuches-vaca-muerta-critican-el-rol-del-gobierno-n629864\">Juicio a mapuches por Vaca Muerta: critican el rol del Gobierno<\/a><\/strong><\/em><\/p>\n<p>En un comunicado divulgado en las \u00faltimas horas, los Vela sostuvieron que \u00abes necesario que la sociedad conozca que se est\u00e1 aplicando justicia con una vara distinta y con mala intenci\u00f3n\u00bb.<\/p>\n<p>\u00abLa ley debe ser pareja para todos porque todos somos iguales ante la ley. Sin embargo el Juez Gustavo Ravizzoli no lo entiende as\u00ed. Por un lado subestim\u00f3 pruebas contundentes en forma arbitraria, en forma parcial, y por otro lado sobrevalor\u00f3 un &#8216;relato ama\u00f1ado&#8217; construido por los propios acusados\u00bb, continuaron.<\/p>\n<p>Y concluyeron: \u00abPor eso es que solicitamos la nulidad de la Sentencia Definitiva dictada el d\u00eda 26\/04\/2019 y que se ordene el reenv\u00edo para la realizaci\u00f3n de un nuevo juicio\u00bb.<\/p>\n<div id=\"embed83_wrap\" class=\"embed_cont type_freetext\">\n<div id=\"embed83_content\" class=\"embed_content\">\n<div id=\"embed83_embed\"><iframe src=\"https:\/\/www.youtube.com\/embed\/sp8lJlFS1M4\" width=\"100%\" height=\"315\" frameborder=\"0\" allowfullscreen=\"allowfullscreen\" data-mce-fragment=\"1\"><\/iframe><\/div>\n<\/div>\n<\/div>\n<h3>LE\u00c9 M\u00c1S<\/h3>\n<p><a href=\"https:\/\/www.lmneuquen.com\/absolvieron-la-comunidad-mapuche-acusada-usurpar-vaca-muerta-n631112\">Absolvieron a la comunidad mapuche acusada de usurpar Vaca Muerta<\/a><\/p>\n<p><a href=\"https:\/\/www.lmneuquen.com\/causa-campo-maripe-la-confederacion-mapuche-invento-el-conflicto-hacer-pie-vaca-muerta-n631228\">Causa Campo Maripe: \u00abLa Confederaci\u00f3n Mapuche invent\u00f3 el conflicto para hacer pie en Vaca Muerta\u00bb<\/a><\/p>\n<\/div>\n<div class=\"poll-nota\">\n<h2 class=\"section-title\">Fuente: La Ma\u00f1ana Neuqu\u00e9n<\/h2>\n<\/div>\n<\/article>\n","protected":false},"excerpt":{"rendered":"<p>Neuqu\u00e9n.-La familia Vela considera que el juez actu\u00f3 arbitrariamente.<\/p>\n","protected":false},"author":2,"featured_media":61373,"comment_status":"open","ping_status":"open","sticky":false,"template":"","format":"standard","meta":{"site-sidebar-layout":"default","site-content-layout":"","ast-site-content-layout":"default","site-content-style":"default","site-sidebar-style":"default","ast-global-header-display":"","ast-banner-title-visibility":"","ast-main-header-display":"","ast-hfb-above-header-display":"","ast-hfb-below-header-display":"","ast-hfb-mobile-header-display":"","site-post-title":"","ast-breadcrumbs-content":"","ast-featured-img":"","footer-sml-layout":"","ast-disable-related-posts":"","theme-transparent-header-meta":"","adv-header-id-meta":"","stick-header-meta":"","header-above-stick-meta":"","header-main-stick-meta":"","header-below-stick-meta":"","astra-migrate-meta-layouts":"default","ast-page-background-enabled":"default","ast-page-background-meta":{"desktop":{"background-color":"var(--ast-global-color-5)","background-image":"","background-repeat":"repeat","background-position":"center center","background-size":"auto","background-attachment":"scroll","background-type":"","background-media":"","overlay-type":"","overlay-color":"","overlay-opacity":"","overlay-gradient":""},"tablet":{"background-color":"","background-image":"","background-repeat":"repeat","background-position":"center center","background-size":"auto","background-attachment":"scroll","background-type":"","background-media":"","overlay-type":"","overlay-color":"","overlay-opacity":"","overlay-gradient":""},"mobile":{"background-color":"","background-image":"","background-repeat":"repeat","background-position":"center center","background-size":"auto","background-attachment":"scroll","background-type":"","background-media":"","overlay-type":"","overlay-color":"","overlay-opacity":"","overlay-gradient":""}},"ast-content-background-meta":{"desktop":{"background-color":"var(--ast-global-color-4)","background-image":"","background-repeat":"repeat","background-position":"center center","background-size":"auto","background-attachment":"scroll","background-type":"","background-media":"","overlay-type":"","overlay-color":"","overlay-opacity":"","overlay-gradient":""},"tablet":{"background-color":"var(--ast-global-color-4)","background-image":"","background-repeat":"repeat","background-position":"center center","background-size":"auto","background-attachment":"scroll","background-type":"","background-media":"","overlay-type":"","overlay-color":"","overlay-opacity":"","overlay-gradient":""},"mobile":{"background-color":"var(--ast-global-color-4)","background-image":"","background-repeat":"repeat","background-position":"center center","background-size":"auto","background-attachment":"scroll","background-type":"","background-media":"","overlay-type":"","overlay-color":"","overlay-opacity":"","overlay-gradient":""}},"footnotes":""},"categories":[18,1,13],"tags":[],"class_list":["post-61372","post","type-post","status-publish","format-standard","has-post-thumbnail","hentry","category-neuquen","category-noticias","category-provinciales"],"yoast_head":"<!-- This site is optimized with the Yoast SEO Premium plugin v23.0 (Yoast SEO v27.5) - https:\/\/yoast.com\/product\/yoast-seo-premium-wordpress\/ -->\n<title>Causa Campo Maripe: piden anular la sentencia que absolvi\u00f3 a mapuches<\/title>\n<meta name=\"robots\" content=\"index, follow, max-snippet:-1, max-image-preview:large, max-video-preview:-1\" \/>\n<link rel=\"canonical\" href=\"https:\/\/patagoniambiental.com.ar\/info\/causa-campo-maripe-piden-anular-la-sentencia-que-absolvio-a-mapuches\/\" \/>\n<meta property=\"og:locale\" content=\"es_ES\" \/>\n<meta property=\"og:type\" content=\"article\" \/>\n<meta property=\"og:title\" content=\"Causa Campo Maripe: piden anular la sentencia que absolvi\u00f3 a mapuches\" \/>\n<meta property=\"og:description\" content=\"Neuqu\u00e9n.-La familia Vela considera que el juez actu\u00f3 arbitrariamente.\" \/>\n<meta property=\"og:url\" content=\"https:\/\/patagoniambiental.com.ar\/info\/causa-campo-maripe-piden-anular-la-sentencia-que-absolvio-a-mapuches\/\" \/>\n<meta property=\"og:site_name\" content=\"Patagonia Ambiental\" \/>\n<meta property=\"article:publisher\" content=\"https:\/\/www.facebook.com\/patagonia.ambiental\" \/>\n<meta property=\"article:author\" content=\"https:\/\/www.facebook.com\/share\/1C1V8Gv9BX\/?mibextid=qi2Omg\" \/>\n<meta property=\"article:published_time\" content=\"2019-05-23T22:00:48+00:00\" \/>\n<meta property=\"og:image\" content=\"https:\/\/patagoniambiental.com.ar\/info\/wp-content\/uploads\/2019\/05\/0003584081.jpg\" \/>\n\t<meta property=\"og:image:width\" content=\"770\" \/>\n\t<meta property=\"og:image:height\" content=\"433\" \/>\n\t<meta property=\"og:image:type\" content=\"image\/jpeg\" \/>\n<meta name=\"author\" content=\"Patagonia Ambiental\" \/>\n<meta name=\"twitter:card\" content=\"summary_large_image\" \/>\n<meta name=\"twitter:creator\" content=\"@PatAmb\" \/>\n<meta name=\"twitter:site\" content=\"@PatAmb\" \/>\n<script type=\"application\/ld+json\" class=\"yoast-schema-graph\">{\"@context\":\"https:\\\/\\\/schema.org\",\"@graph\":[{\"@type\":\"Article\",\"@id\":\"https:\\\/\\\/patagoniambiental.com.ar\\\/info\\\/causa-campo-maripe-piden-anular-la-sentencia-que-absolvio-a-mapuches\\\/#article\",\"isPartOf\":{\"@id\":\"https:\\\/\\\/patagoniambiental.com.ar\\\/info\\\/causa-campo-maripe-piden-anular-la-sentencia-que-absolvio-a-mapuches\\\/\"},\"author\":{\"name\":\"Patagonia Ambiental\",\"@id\":\"https:\\\/\\\/patagoniambiental.com.ar\\\/info\\\/#\\\/schema\\\/person\\\/db12bff64bbcbf6a253710bf0ea37b5d\"},\"headline\":\"Causa Campo Maripe: piden anular la sentencia que absolvi\u00f3 a mapuches\",\"datePublished\":\"2019-05-23T22:00:48+00:00\",\"mainEntityOfPage\":{\"@id\":\"https:\\\/\\\/patagoniambiental.com.ar\\\/info\\\/causa-campo-maripe-piden-anular-la-sentencia-que-absolvio-a-mapuches\\\/\"},\"wordCount\":369,\"commentCount\":0,\"publisher\":{\"@id\":\"https:\\\/\\\/patagoniambiental.com.ar\\\/info\\\/#organization\"},\"image\":{\"@id\":\"https:\\\/\\\/patagoniambiental.com.ar\\\/info\\\/causa-campo-maripe-piden-anular-la-sentencia-que-absolvio-a-mapuches\\\/#primaryimage\"},\"thumbnailUrl\":\"https:\\\/\\\/patagoniambiental.com.ar\\\/info\\\/wp-content\\\/uploads\\\/2019\\\/05\\\/0003584081.jpg\",\"articleSection\":[\"Neuqu\u00e9n\",\"Noticias\",\"Provinciales\"],\"inLanguage\":\"es\",\"potentialAction\":[{\"@type\":\"CommentAction\",\"name\":\"Comment\",\"target\":[\"https:\\\/\\\/patagoniambiental.com.ar\\\/info\\\/causa-campo-maripe-piden-anular-la-sentencia-que-absolvio-a-mapuches\\\/#respond\"]}]},{\"@type\":\"WebPage\",\"@id\":\"https:\\\/\\\/patagoniambiental.com.ar\\\/info\\\/causa-campo-maripe-piden-anular-la-sentencia-que-absolvio-a-mapuches\\\/\",\"url\":\"https:\\\/\\\/patagoniambiental.com.ar\\\/info\\\/causa-campo-maripe-piden-anular-la-sentencia-que-absolvio-a-mapuches\\\/\",\"name\":\"Causa Campo Maripe: piden anular la sentencia que absolvi\u00f3 a mapuches\",\"isPartOf\":{\"@id\":\"https:\\\/\\\/patagoniambiental.com.ar\\\/info\\\/#website\"},\"primaryImageOfPage\":{\"@id\":\"https:\\\/\\\/patagoniambiental.com.ar\\\/info\\\/causa-campo-maripe-piden-anular-la-sentencia-que-absolvio-a-mapuches\\\/#primaryimage\"},\"image\":{\"@id\":\"https:\\\/\\\/patagoniambiental.com.ar\\\/info\\\/causa-campo-maripe-piden-anular-la-sentencia-que-absolvio-a-mapuches\\\/#primaryimage\"},\"thumbnailUrl\":\"https:\\\/\\\/patagoniambiental.com.ar\\\/info\\\/wp-content\\\/uploads\\\/2019\\\/05\\\/0003584081.jpg\",\"datePublished\":\"2019-05-23T22:00:48+00:00\",\"breadcrumb\":{\"@id\":\"https:\\\/\\\/patagoniambiental.com.ar\\\/info\\\/causa-campo-maripe-piden-anular-la-sentencia-que-absolvio-a-mapuches\\\/#breadcrumb\"},\"inLanguage\":\"es\",\"potentialAction\":[{\"@type\":\"ReadAction\",\"target\":[\"https:\\\/\\\/patagoniambiental.com.ar\\\/info\\\/causa-campo-maripe-piden-anular-la-sentencia-que-absolvio-a-mapuches\\\/\"]}]},{\"@type\":\"ImageObject\",\"inLanguage\":\"es\",\"@id\":\"https:\\\/\\\/patagoniambiental.com.ar\\\/info\\\/causa-campo-maripe-piden-anular-la-sentencia-que-absolvio-a-mapuches\\\/#primaryimage\",\"url\":\"https:\\\/\\\/patagoniambiental.com.ar\\\/info\\\/wp-content\\\/uploads\\\/2019\\\/05\\\/0003584081.jpg\",\"contentUrl\":\"https:\\\/\\\/patagoniambiental.com.ar\\\/info\\\/wp-content\\\/uploads\\\/2019\\\/05\\\/0003584081.jpg\",\"width\":770,\"height\":433},{\"@type\":\"BreadcrumbList\",\"@id\":\"https:\\\/\\\/patagoniambiental.com.ar\\\/info\\\/causa-campo-maripe-piden-anular-la-sentencia-que-absolvio-a-mapuches\\\/#breadcrumb\",\"itemListElement\":[{\"@type\":\"ListItem\",\"position\":1,\"name\":\"Inicio\",\"item\":\"https:\\\/\\\/patagoniambiental.com.ar\\\/info\\\/\"},{\"@type\":\"ListItem\",\"position\":2,\"name\":\"Causa Campo Maripe: piden anular la sentencia que absolvi\u00f3 a mapuches\"}]},{\"@type\":\"WebSite\",\"@id\":\"https:\\\/\\\/patagoniambiental.com.ar\\\/info\\\/#website\",\"url\":\"https:\\\/\\\/patagoniambiental.com.ar\\\/info\\\/\",\"name\":\"Patagonia Ambiental\",\"description\":\"Monitoreo y an\u00e1lisis de la situaci\u00f3n geopol\u00edtica en el mundo y su implicancia en la Patagonia\",\"publisher\":{\"@id\":\"https:\\\/\\\/patagoniambiental.com.ar\\\/info\\\/#organization\"},\"potentialAction\":[{\"@type\":\"SearchAction\",\"target\":{\"@type\":\"EntryPoint\",\"urlTemplate\":\"https:\\\/\\\/patagoniambiental.com.ar\\\/info\\\/?s={search_term_string}\"},\"query-input\":{\"@type\":\"PropertyValueSpecification\",\"valueRequired\":true,\"valueName\":\"search_term_string\"}}],\"inLanguage\":\"es\"},{\"@type\":\"Organization\",\"@id\":\"https:\\\/\\\/patagoniambiental.com.ar\\\/info\\\/#organization\",\"name\":\"Patagonia Ambiental\",\"url\":\"https:\\\/\\\/patagoniambiental.com.ar\\\/info\\\/\",\"logo\":{\"@type\":\"ImageObject\",\"inLanguage\":\"es\",\"@id\":\"https:\\\/\\\/patagoniambiental.com.ar\\\/info\\\/#\\\/schema\\\/logo\\\/image\\\/\",\"url\":\"https:\\\/\\\/patagoniambiental.com.ar\\\/info\\\/wp-content\\\/uploads\\\/2025\\\/05\\\/LOGO-PATAGONIA-AMBIENTAL.png\",\"contentUrl\":\"https:\\\/\\\/patagoniambiental.com.ar\\\/info\\\/wp-content\\\/uploads\\\/2025\\\/05\\\/LOGO-PATAGONIA-AMBIENTAL.png\",\"width\":433,\"height\":250,\"caption\":\"Patagonia Ambiental\"},\"image\":{\"@id\":\"https:\\\/\\\/patagoniambiental.com.ar\\\/info\\\/#\\\/schema\\\/logo\\\/image\\\/\"},\"sameAs\":[\"https:\\\/\\\/www.facebook.com\\\/patagonia.ambiental\",\"https:\\\/\\\/x.com\\\/PatAmb\"]},{\"@type\":\"Person\",\"@id\":\"https:\\\/\\\/patagoniambiental.com.ar\\\/info\\\/#\\\/schema\\\/person\\\/db12bff64bbcbf6a253710bf0ea37b5d\",\"name\":\"Patagonia Ambiental\",\"description\":\"Andr\u00e9s Nievas T\u00e9cnico en manejo ambiental, consultor Ambiental y escritor para medios locales e internacionales sobre temas de geopolitica y medio ambiente.\",\"sameAs\":[\"http:\\\/\\\/www.patagoniambiental.com.ar\",\"https:\\\/\\\/www.facebook.com\\\/share\\\/1C1V8Gv9BX\\\/?mibextid=qi2Omg\",\"@patagoniambiental\",\"https:\\\/\\\/youtube.com\\\/@patagoniaambiental2023?si=BLt58t0wuXquxlYZ\"]}]}<\/script>\n<!-- \/ Yoast SEO Premium plugin. -->","yoast_head_json":{"title":"Causa Campo Maripe: piden anular la sentencia que absolvi\u00f3 a mapuches","robots":{"index":"index","follow":"follow","max-snippet":"max-snippet:-1","max-image-preview":"max-image-preview:large","max-video-preview":"max-video-preview:-1"},"canonical":"https:\/\/patagoniambiental.com.ar\/info\/causa-campo-maripe-piden-anular-la-sentencia-que-absolvio-a-mapuches\/","og_locale":"es_ES","og_type":"article","og_title":"Causa Campo Maripe: piden anular la sentencia que absolvi\u00f3 a mapuches","og_description":"Neuqu\u00e9n.-La familia Vela considera que el juez actu\u00f3 arbitrariamente.","og_url":"https:\/\/patagoniambiental.com.ar\/info\/causa-campo-maripe-piden-anular-la-sentencia-que-absolvio-a-mapuches\/","og_site_name":"Patagonia Ambiental","article_publisher":"https:\/\/www.facebook.com\/patagonia.ambiental","article_author":"https:\/\/www.facebook.com\/share\/1C1V8Gv9BX\/?mibextid=qi2Omg","article_published_time":"2019-05-23T22:00:48+00:00","og_image":[{"width":770,"height":433,"url":"https:\/\/patagoniambiental.com.ar\/info\/wp-content\/uploads\/2019\/05\/0003584081.jpg","type":"image\/jpeg"}],"author":"Patagonia Ambiental","twitter_card":"summary_large_image","twitter_creator":"@PatAmb","twitter_site":"@PatAmb","schema":{"@context":"https:\/\/schema.org","@graph":[{"@type":"Article","@id":"https:\/\/patagoniambiental.com.ar\/info\/causa-campo-maripe-piden-anular-la-sentencia-que-absolvio-a-mapuches\/#article","isPartOf":{"@id":"https:\/\/patagoniambiental.com.ar\/info\/causa-campo-maripe-piden-anular-la-sentencia-que-absolvio-a-mapuches\/"},"author":{"name":"Patagonia Ambiental","@id":"https:\/\/patagoniambiental.com.ar\/info\/#\/schema\/person\/db12bff64bbcbf6a253710bf0ea37b5d"},"headline":"Causa Campo Maripe: piden anular la sentencia que absolvi\u00f3 a mapuches","datePublished":"2019-05-23T22:00:48+00:00","mainEntityOfPage":{"@id":"https:\/\/patagoniambiental.com.ar\/info\/causa-campo-maripe-piden-anular-la-sentencia-que-absolvio-a-mapuches\/"},"wordCount":369,"commentCount":0,"publisher":{"@id":"https:\/\/patagoniambiental.com.ar\/info\/#organization"},"image":{"@id":"https:\/\/patagoniambiental.com.ar\/info\/causa-campo-maripe-piden-anular-la-sentencia-que-absolvio-a-mapuches\/#primaryimage"},"thumbnailUrl":"https:\/\/patagoniambiental.com.ar\/info\/wp-content\/uploads\/2019\/05\/0003584081.jpg","articleSection":["Neuqu\u00e9n","Noticias","Provinciales"],"inLanguage":"es","potentialAction":[{"@type":"CommentAction","name":"Comment","target":["https:\/\/patagoniambiental.com.ar\/info\/causa-campo-maripe-piden-anular-la-sentencia-que-absolvio-a-mapuches\/#respond"]}]},{"@type":"WebPage","@id":"https:\/\/patagoniambiental.com.ar\/info\/causa-campo-maripe-piden-anular-la-sentencia-que-absolvio-a-mapuches\/","url":"https:\/\/patagoniambiental.com.ar\/info\/causa-campo-maripe-piden-anular-la-sentencia-que-absolvio-a-mapuches\/","name":"Causa Campo Maripe: piden anular la sentencia que absolvi\u00f3 a mapuches","isPartOf":{"@id":"https:\/\/patagoniambiental.com.ar\/info\/#website"},"primaryImageOfPage":{"@id":"https:\/\/patagoniambiental.com.ar\/info\/causa-campo-maripe-piden-anular-la-sentencia-que-absolvio-a-mapuches\/#primaryimage"},"image":{"@id":"https:\/\/patagoniambiental.com.ar\/info\/causa-campo-maripe-piden-anular-la-sentencia-que-absolvio-a-mapuches\/#primaryimage"},"thumbnailUrl":"https:\/\/patagoniambiental.com.ar\/info\/wp-content\/uploads\/2019\/05\/0003584081.jpg","datePublished":"2019-05-23T22:00:48+00:00","breadcrumb":{"@id":"https:\/\/patagoniambiental.com.ar\/info\/causa-campo-maripe-piden-anular-la-sentencia-que-absolvio-a-mapuches\/#breadcrumb"},"inLanguage":"es","potentialAction":[{"@type":"ReadAction","target":["https:\/\/patagoniambiental.com.ar\/info\/causa-campo-maripe-piden-anular-la-sentencia-que-absolvio-a-mapuches\/"]}]},{"@type":"ImageObject","inLanguage":"es","@id":"https:\/\/patagoniambiental.com.ar\/info\/causa-campo-maripe-piden-anular-la-sentencia-que-absolvio-a-mapuches\/#primaryimage","url":"https:\/\/patagoniambiental.com.ar\/info\/wp-content\/uploads\/2019\/05\/0003584081.jpg","contentUrl":"https:\/\/patagoniambiental.com.ar\/info\/wp-content\/uploads\/2019\/05\/0003584081.jpg","width":770,"height":433},{"@type":"BreadcrumbList","@id":"https:\/\/patagoniambiental.com.ar\/info\/causa-campo-maripe-piden-anular-la-sentencia-que-absolvio-a-mapuches\/#breadcrumb","itemListElement":[{"@type":"ListItem","position":1,"name":"Inicio","item":"https:\/\/patagoniambiental.com.ar\/info\/"},{"@type":"ListItem","position":2,"name":"Causa Campo Maripe: piden anular la sentencia que absolvi\u00f3 a mapuches"}]},{"@type":"WebSite","@id":"https:\/\/patagoniambiental.com.ar\/info\/#website","url":"https:\/\/patagoniambiental.com.ar\/info\/","name":"Patagonia Ambiental","description":"Monitoreo y an\u00e1lisis de la situaci\u00f3n geopol\u00edtica en el mundo y su implicancia en la Patagonia","publisher":{"@id":"https:\/\/patagoniambiental.com.ar\/info\/#organization"},"potentialAction":[{"@type":"SearchAction","target":{"@type":"EntryPoint","urlTemplate":"https:\/\/patagoniambiental.com.ar\/info\/?s={search_term_string}"},"query-input":{"@type":"PropertyValueSpecification","valueRequired":true,"valueName":"search_term_string"}}],"inLanguage":"es"},{"@type":"Organization","@id":"https:\/\/patagoniambiental.com.ar\/info\/#organization","name":"Patagonia Ambiental","url":"https:\/\/patagoniambiental.com.ar\/info\/","logo":{"@type":"ImageObject","inLanguage":"es","@id":"https:\/\/patagoniambiental.com.ar\/info\/#\/schema\/logo\/image\/","url":"https:\/\/patagoniambiental.com.ar\/info\/wp-content\/uploads\/2025\/05\/LOGO-PATAGONIA-AMBIENTAL.png","contentUrl":"https:\/\/patagoniambiental.com.ar\/info\/wp-content\/uploads\/2025\/05\/LOGO-PATAGONIA-AMBIENTAL.png","width":433,"height":250,"caption":"Patagonia Ambiental"},"image":{"@id":"https:\/\/patagoniambiental.com.ar\/info\/#\/schema\/logo\/image\/"},"sameAs":["https:\/\/www.facebook.com\/patagonia.ambiental","https:\/\/x.com\/PatAmb"]},{"@type":"Person","@id":"https:\/\/patagoniambiental.com.ar\/info\/#\/schema\/person\/db12bff64bbcbf6a253710bf0ea37b5d","name":"Patagonia Ambiental","description":"Andr\u00e9s Nievas T\u00e9cnico en manejo ambiental, consultor Ambiental y escritor para medios locales e internacionales sobre temas de geopolitica y medio ambiente.","sameAs":["http:\/\/www.patagoniambiental.com.ar","https:\/\/www.facebook.com\/share\/1C1V8Gv9BX\/?mibextid=qi2Omg","@patagoniambiental","https:\/\/youtube.com\/@patagoniaambiental2023?si=BLt58t0wuXquxlYZ"]}]}},"_links":{"self":[{"href":"https:\/\/patagoniambiental.com.ar\/info\/wp-json\/wp\/v2\/posts\/61372","targetHints":{"allow":["GET"]}}],"collection":[{"href":"https:\/\/patagoniambiental.com.ar\/info\/wp-json\/wp\/v2\/posts"}],"about":[{"href":"https:\/\/patagoniambiental.com.ar\/info\/wp-json\/wp\/v2\/types\/post"}],"author":[{"embeddable":true,"href":"https:\/\/patagoniambiental.com.ar\/info\/wp-json\/wp\/v2\/users\/2"}],"replies":[{"embeddable":true,"href":"https:\/\/patagoniambiental.com.ar\/info\/wp-json\/wp\/v2\/comments?post=61372"}],"version-history":[{"count":0,"href":"https:\/\/patagoniambiental.com.ar\/info\/wp-json\/wp\/v2\/posts\/61372\/revisions"}],"wp:featuredmedia":[{"embeddable":true,"href":"https:\/\/patagoniambiental.com.ar\/info\/wp-json\/wp\/v2\/media\/61373"}],"wp:attachment":[{"href":"https:\/\/patagoniambiental.com.ar\/info\/wp-json\/wp\/v2\/media?parent=61372"}],"wp:term":[{"taxonomy":"category","embeddable":true,"href":"https:\/\/patagoniambiental.com.ar\/info\/wp-json\/wp\/v2\/categories?post=61372"},{"taxonomy":"post_tag","embeddable":true,"href":"https:\/\/patagoniambiental.com.ar\/info\/wp-json\/wp\/v2\/tags?post=61372"}],"curies":[{"name":"wp","href":"https:\/\/api.w.org\/{rel}","templated":true}]}}