{"id":61380,"date":"2019-05-23T19:00:59","date_gmt":"2019-05-23T22:00:59","guid":{"rendered":"http:\/\/patagoniambiental.com.ar\/info\/?p=61380"},"modified":"2019-05-23T09:32:57","modified_gmt":"2019-05-23T12:32:57","slug":"un-vecino-de-sao-entrego-un-monocai-que-vivia-en-su-casa-desde-pequeno","status":"publish","type":"post","link":"https:\/\/patagoniambiental.com.ar\/info\/un-vecino-de-sao-entrego-un-monocai-que-vivia-en-su-casa-desde-pequeno\/","title":{"rendered":"Un\u00a0vecino\u00a0de\u00a0SAO\u00a0entreg\u00f3\u00a0un\u00a0monoca\u00ed\u00a0que viv\u00eda en su casa desde peque\u00f1o"},"content":{"rendered":"<div class=\"_1dwg _1w_m _q7o\">\n<div id=\"js_cu\" class=\"_5pbx userContent _3576\" data-testid=\"post_message\" data-ft=\"{&quot;tn&quot;:&quot;K&quot;}\">\n<div id=\"id_5ce69258a42102769666545\" class=\"text_exposed_root text_exposed\">\n<p>San Antonio Oeste.-Una familia de San Antonio Oeste, viaj\u00f3 el fin de semana al zoo Bubalc\u00f3 de Allen para entregar voluntariamente un mono ca\u00ed (hembra) que viv\u00eda en su casa desde hace 21 a\u00f1os.<\/p>\n<\/div>\n<p><!--more--><\/p>\n<div id=\"id_5ce69258a42102769666545\" class=\"text_exposed_root text_exposed\">\n<p>La entrega, que hab\u00eda sido acordada previamente, la realiz\u00f3 a personal de la Direcci\u00f3n de\u00a0<span class=\"_5afx\"><span class=\"_58cm\">Fauna Silvestre<\/span><\/span>\u00a0de la Secretar\u00eda de Ambiente y Desarrollo Sustentable de la Provincia.<\/p>\n<div class=\"text_exposed_show\">\n<p>El animal quedar\u00e1 en el zoo, donde realizar\u00e1 un periodo de adaptaci\u00f3n, hasta tanto se evalu\u00e9 su reinserci\u00f3n en su h\u00e1bitat natural.<\/p>\n<p>El mono cai es uno de las pocas especies de monos que habitan en la Argentina y se trata del m\u00e1s traficado del pa\u00eds. Lo podemos encontrar en las selvas de Jujuy, Salta y Misiones. Es un animal gregario, vive en grupos. Se los puede encontrar en las altas ramas de los \u00e1rboles, donde ocupan la mayor parte del tiempo buscando alimentos. Se alimentan de frutos, semillas insectos, huevos, y hasta pichones de aves, entre otros.<\/p>\n<p>Extraer animales silvestres de su ambiente natural para tenerlos en un domicilio particular es un fen\u00f3meno conocido mundialmente como \u201cmascotismo\u201d y es una de las principales amenazas que enfrentan muchas especies.<\/p>\n<p>Estos hechos son considerados delito de acuerdo a lo dispuesto en la Ley Nacional de Fauna Silvestre Ley N\u00b0 22.421, y prev\u00e9 severas multas establecidas en la Ley Provincial de Fauna N\u00b0 2056.<\/p>\n<p>Denunci\u00e1 el cautiverio de especies de la fauna silvestre!<\/p>\n<p>&nbsp;<\/p>\n<\/div>\n<\/div>\n<\/div>\n<div class=\"_3x-2\" data-ft=\"{&quot;tn&quot;:&quot;H&quot;}\">\n<div data-ft=\"{&quot;tn&quot;:&quot;H&quot;}\">\n<div class=\"mtm\">\n<div>\n<div class=\"_5cq3 _1ktf\" data-ft=\"{&quot;tn&quot;:&quot;E&quot;}\">\n<div id=\"u_1s_f\" class=\"uiScaledImageContainer _4-ep\"><img fetchpriority=\"high\" decoding=\"async\" class=\"scaledImageFitWidth img\" src=\"https:\/\/scontent.faep16-2.fna.fbcdn.net\/v\/t1.0-0\/s480x480\/60645516_2344379439216422_8118512431765913600_n.jpg?_nc_cat=111&amp;_nc_pt=1&amp;_nc_ht=scontent.faep16-2.fna&amp;oh=84c2637e5dc7d8a0d153f4047ceb3561&amp;oe=5D59041F\" alt=\"No hay descripci\u00f3n de la foto disponible.\" width=\"474\" height=\"356\" data-src=\"https:\/\/scontent.faep16-2.fna.fbcdn.net\/v\/t1.0-0\/s480x480\/60645516_2344379439216422_8118512431765913600_n.jpg?_nc_cat=111&amp;_nc_pt=1&amp;_nc_ht=scontent.faep16-2.fna&amp;oh=84c2637e5dc7d8a0d153f4047ceb3561&amp;oe=5D59041F\" \/><\/div>\n<div>Fuente: SA y DS de Rio Negro<\/div>\n<\/div>\n<\/div>\n<\/div>\n<\/div>\n<\/div>\n<div><\/div>\n<\/div>\n<p>&nbsp;<\/p>\n<div>\n<form id=\"u_1s_k\" class=\"commentable_item\" action=\"https:\/\/www.facebook.com\/ajax\/ufi\/modify.php\" method=\"post\" data-ft=\"{&quot;tn&quot;:&quot;]&quot;}\">\n<div class=\"_4299\">\n<div class=\"_5vsi\"><\/div>\n<div class=\"_78bu\">\n<div class=\"_68wo\" data-testid=\"fbFeedStoryUFI\/feedbackSummary\">\n<div class=\"_3vum\">\n<div class=\"_66lg\"><\/div>\n<\/div>\n<\/div>\n<\/div>\n<\/div>\n<\/form>\n<\/div>\n","protected":false},"excerpt":{"rendered":"<p>San Antonio Oeste.-Una familia de San Antonio Oeste, viaj\u00f3 el fin de semana al zoo Bubalc\u00f3 de Allen para entregar [&hellip;]<\/p>\n","protected":false},"author":2,"featured_media":61381,"comment_status":"open","ping_status":"open","sticky":false,"template":"","format":"standard","meta":{"site-sidebar-layout":"default","site-content-layout":"","ast-site-content-layout":"default","site-content-style":"default","site-sidebar-style":"default","ast-global-header-display":"","ast-banner-title-visibility":"","ast-main-header-display":"","ast-hfb-above-header-display":"","ast-hfb-below-header-display":"","ast-hfb-mobile-header-display":"","site-post-title":"","ast-breadcrumbs-content":"","ast-featured-img":"","footer-sml-layout":"","ast-disable-related-posts":"","theme-transparent-header-meta":"","adv-header-id-meta":"","stick-header-meta":"","header-above-stick-meta":"","header-main-stick-meta":"","header-below-stick-meta":"","astra-migrate-meta-layouts":"default","ast-page-background-enabled":"default","ast-page-background-meta":{"desktop":{"background-color":"var(--ast-global-color-5)","background-image":"","background-repeat":"repeat","background-position":"center center","background-size":"auto","background-attachment":"scroll","background-type":"","background-media":"","overlay-type":"","overlay-color":"","overlay-opacity":"","overlay-gradient":""},"tablet":{"background-color":"","background-image":"","background-repeat":"repeat","background-position":"center center","background-size":"auto","background-attachment":"scroll","background-type":"","background-media":"","overlay-type":"","overlay-color":"","overlay-opacity":"","overlay-gradient":""},"mobile":{"background-color":"","background-image":"","background-repeat":"repeat","background-position":"center center","background-size":"auto","background-attachment":"scroll","background-type":"","background-media":"","overlay-type":"","overlay-color":"","overlay-opacity":"","overlay-gradient":""}},"ast-content-background-meta":{"desktop":{"background-color":"var(--ast-global-color-4)","background-image":"","background-repeat":"repeat","background-position":"center center","background-size":"auto","background-attachment":"scroll","background-type":"","background-media":"","overlay-type":"","overlay-color":"","overlay-opacity":"","overlay-gradient":""},"tablet":{"background-color":"var(--ast-global-color-4)","background-image":"","background-repeat":"repeat","background-position":"center center","background-size":"auto","background-attachment":"scroll","background-type":"","background-media":"","overlay-type":"","overlay-color":"","overlay-opacity":"","overlay-gradient":""},"mobile":{"background-color":"var(--ast-global-color-4)","background-image":"","background-repeat":"repeat","background-position":"center center","background-size":"auto","background-attachment":"scroll","background-type":"","background-media":"","overlay-type":"","overlay-color":"","overlay-opacity":"","overlay-gradient":""}},"footnotes":""},"categories":[1,13,14],"tags":[],"class_list":["post-61380","post","type-post","status-publish","format-standard","has-post-thumbnail","hentry","category-noticias","category-provinciales","category-rio-negro"],"yoast_head":"<!-- This site is optimized with the Yoast SEO Premium plugin v23.0 (Yoast SEO v27.5) - https:\/\/yoast.com\/product\/yoast-seo-premium-wordpress\/ -->\n<title>Un\u00a0vecino\u00a0de\u00a0SAO\u00a0entreg\u00f3\u00a0un\u00a0monoca\u00ed\u00a0que viv\u00eda en su casa desde peque\u00f1o<\/title>\n<meta name=\"robots\" content=\"index, follow, max-snippet:-1, max-image-preview:large, max-video-preview:-1\" \/>\n<link rel=\"canonical\" href=\"https:\/\/patagoniambiental.com.ar\/info\/un-vecino-de-sao-entrego-un-monocai-que-vivia-en-su-casa-desde-pequeno\/\" \/>\n<meta property=\"og:locale\" content=\"es_ES\" \/>\n<meta property=\"og:type\" content=\"article\" \/>\n<meta property=\"og:title\" content=\"Un\u00a0vecino\u00a0de\u00a0SAO\u00a0entreg\u00f3\u00a0un\u00a0monoca\u00ed\u00a0que viv\u00eda en su casa desde peque\u00f1o\" \/>\n<meta property=\"og:description\" content=\"San Antonio Oeste.-Una familia de San Antonio Oeste, viaj\u00f3 el fin de semana al zoo Bubalc\u00f3 de Allen para entregar [&hellip;]\" \/>\n<meta property=\"og:url\" content=\"https:\/\/patagoniambiental.com.ar\/info\/un-vecino-de-sao-entrego-un-monocai-que-vivia-en-su-casa-desde-pequeno\/\" \/>\n<meta property=\"og:site_name\" content=\"Patagonia Ambiental\" \/>\n<meta property=\"article:publisher\" content=\"https:\/\/www.facebook.com\/patagonia.ambiental\" \/>\n<meta property=\"article:author\" content=\"https:\/\/www.facebook.com\/share\/1C1V8Gv9BX\/?mibextid=qi2Omg\" \/>\n<meta property=\"article:published_time\" content=\"2019-05-23T22:00:59+00:00\" \/>\n<meta property=\"og:image\" content=\"https:\/\/patagoniambiental.com.ar\/info\/wp-content\/uploads\/2019\/05\/60645516_2344379439216422_8118512431765913600_n.jpg\" \/>\n\t<meta property=\"og:image:width\" content=\"480\" \/>\n\t<meta property=\"og:image:height\" content=\"360\" \/>\n\t<meta property=\"og:image:type\" content=\"image\/jpeg\" \/>\n<meta name=\"author\" content=\"Patagonia Ambiental\" \/>\n<meta name=\"twitter:card\" content=\"summary_large_image\" \/>\n<meta name=\"twitter:creator\" content=\"@PatAmb\" \/>\n<meta name=\"twitter:site\" content=\"@PatAmb\" \/>\n<script type=\"application\/ld+json\" class=\"yoast-schema-graph\">{\"@context\":\"https:\\\/\\\/schema.org\",\"@graph\":[{\"@type\":\"Article\",\"@id\":\"https:\\\/\\\/patagoniambiental.com.ar\\\/info\\\/un-vecino-de-sao-entrego-un-monocai-que-vivia-en-su-casa-desde-pequeno\\\/#article\",\"isPartOf\":{\"@id\":\"https:\\\/\\\/patagoniambiental.com.ar\\\/info\\\/un-vecino-de-sao-entrego-un-monocai-que-vivia-en-su-casa-desde-pequeno\\\/\"},\"author\":{\"name\":\"Patagonia Ambiental\",\"@id\":\"https:\\\/\\\/patagoniambiental.com.ar\\\/info\\\/#\\\/schema\\\/person\\\/db12bff64bbcbf6a253710bf0ea37b5d\"},\"headline\":\"Un\u00a0vecino\u00a0de\u00a0SAO\u00a0entreg\u00f3\u00a0un\u00a0monoca\u00ed\u00a0que viv\u00eda en su casa desde peque\u00f1o\",\"datePublished\":\"2019-05-23T22:00:59+00:00\",\"mainEntityOfPage\":{\"@id\":\"https:\\\/\\\/patagoniambiental.com.ar\\\/info\\\/un-vecino-de-sao-entrego-un-monocai-que-vivia-en-su-casa-desde-pequeno\\\/\"},\"wordCount\":267,\"commentCount\":0,\"publisher\":{\"@id\":\"https:\\\/\\\/patagoniambiental.com.ar\\\/info\\\/#organization\"},\"image\":{\"@id\":\"https:\\\/\\\/patagoniambiental.com.ar\\\/info\\\/un-vecino-de-sao-entrego-un-monocai-que-vivia-en-su-casa-desde-pequeno\\\/#primaryimage\"},\"thumbnailUrl\":\"https:\\\/\\\/patagoniambiental.com.ar\\\/info\\\/wp-content\\\/uploads\\\/2019\\\/05\\\/60645516_2344379439216422_8118512431765913600_n.jpg\",\"articleSection\":[\"Noticias\",\"Provinciales\",\"R\u00edo Negro\"],\"inLanguage\":\"es\",\"potentialAction\":[{\"@type\":\"CommentAction\",\"name\":\"Comment\",\"target\":[\"https:\\\/\\\/patagoniambiental.com.ar\\\/info\\\/un-vecino-de-sao-entrego-un-monocai-que-vivia-en-su-casa-desde-pequeno\\\/#respond\"]}]},{\"@type\":\"WebPage\",\"@id\":\"https:\\\/\\\/patagoniambiental.com.ar\\\/info\\\/un-vecino-de-sao-entrego-un-monocai-que-vivia-en-su-casa-desde-pequeno\\\/\",\"url\":\"https:\\\/\\\/patagoniambiental.com.ar\\\/info\\\/un-vecino-de-sao-entrego-un-monocai-que-vivia-en-su-casa-desde-pequeno\\\/\",\"name\":\"Un\u00a0vecino\u00a0de\u00a0SAO\u00a0entreg\u00f3\u00a0un\u00a0monoca\u00ed\u00a0que viv\u00eda en su casa desde peque\u00f1o\",\"isPartOf\":{\"@id\":\"https:\\\/\\\/patagoniambiental.com.ar\\\/info\\\/#website\"},\"primaryImageOfPage\":{\"@id\":\"https:\\\/\\\/patagoniambiental.com.ar\\\/info\\\/un-vecino-de-sao-entrego-un-monocai-que-vivia-en-su-casa-desde-pequeno\\\/#primaryimage\"},\"image\":{\"@id\":\"https:\\\/\\\/patagoniambiental.com.ar\\\/info\\\/un-vecino-de-sao-entrego-un-monocai-que-vivia-en-su-casa-desde-pequeno\\\/#primaryimage\"},\"thumbnailUrl\":\"https:\\\/\\\/patagoniambiental.com.ar\\\/info\\\/wp-content\\\/uploads\\\/2019\\\/05\\\/60645516_2344379439216422_8118512431765913600_n.jpg\",\"datePublished\":\"2019-05-23T22:00:59+00:00\",\"breadcrumb\":{\"@id\":\"https:\\\/\\\/patagoniambiental.com.ar\\\/info\\\/un-vecino-de-sao-entrego-un-monocai-que-vivia-en-su-casa-desde-pequeno\\\/#breadcrumb\"},\"inLanguage\":\"es\",\"potentialAction\":[{\"@type\":\"ReadAction\",\"target\":[\"https:\\\/\\\/patagoniambiental.com.ar\\\/info\\\/un-vecino-de-sao-entrego-un-monocai-que-vivia-en-su-casa-desde-pequeno\\\/\"]}]},{\"@type\":\"ImageObject\",\"inLanguage\":\"es\",\"@id\":\"https:\\\/\\\/patagoniambiental.com.ar\\\/info\\\/un-vecino-de-sao-entrego-un-monocai-que-vivia-en-su-casa-desde-pequeno\\\/#primaryimage\",\"url\":\"https:\\\/\\\/patagoniambiental.com.ar\\\/info\\\/wp-content\\\/uploads\\\/2019\\\/05\\\/60645516_2344379439216422_8118512431765913600_n.jpg\",\"contentUrl\":\"https:\\\/\\\/patagoniambiental.com.ar\\\/info\\\/wp-content\\\/uploads\\\/2019\\\/05\\\/60645516_2344379439216422_8118512431765913600_n.jpg\",\"width\":480,\"height\":360},{\"@type\":\"BreadcrumbList\",\"@id\":\"https:\\\/\\\/patagoniambiental.com.ar\\\/info\\\/un-vecino-de-sao-entrego-un-monocai-que-vivia-en-su-casa-desde-pequeno\\\/#breadcrumb\",\"itemListElement\":[{\"@type\":\"ListItem\",\"position\":1,\"name\":\"Inicio\",\"item\":\"https:\\\/\\\/patagoniambiental.com.ar\\\/info\\\/\"},{\"@type\":\"ListItem\",\"position\":2,\"name\":\"Un\u00a0vecino\u00a0de\u00a0SAO\u00a0entreg\u00f3\u00a0un\u00a0monoca\u00ed\u00a0que viv\u00eda en su casa desde peque\u00f1o\"}]},{\"@type\":\"WebSite\",\"@id\":\"https:\\\/\\\/patagoniambiental.com.ar\\\/info\\\/#website\",\"url\":\"https:\\\/\\\/patagoniambiental.com.ar\\\/info\\\/\",\"name\":\"Patagonia Ambiental\",\"description\":\"Monitoreo y an\u00e1lisis de la situaci\u00f3n geopol\u00edtica en el mundo y su implicancia en la Patagonia\",\"publisher\":{\"@id\":\"https:\\\/\\\/patagoniambiental.com.ar\\\/info\\\/#organization\"},\"potentialAction\":[{\"@type\":\"SearchAction\",\"target\":{\"@type\":\"EntryPoint\",\"urlTemplate\":\"https:\\\/\\\/patagoniambiental.com.ar\\\/info\\\/?s={search_term_string}\"},\"query-input\":{\"@type\":\"PropertyValueSpecification\",\"valueRequired\":true,\"valueName\":\"search_term_string\"}}],\"inLanguage\":\"es\"},{\"@type\":\"Organization\",\"@id\":\"https:\\\/\\\/patagoniambiental.com.ar\\\/info\\\/#organization\",\"name\":\"Patagonia Ambiental\",\"url\":\"https:\\\/\\\/patagoniambiental.com.ar\\\/info\\\/\",\"logo\":{\"@type\":\"ImageObject\",\"inLanguage\":\"es\",\"@id\":\"https:\\\/\\\/patagoniambiental.com.ar\\\/info\\\/#\\\/schema\\\/logo\\\/image\\\/\",\"url\":\"https:\\\/\\\/patagoniambiental.com.ar\\\/info\\\/wp-content\\\/uploads\\\/2025\\\/05\\\/LOGO-PATAGONIA-AMBIENTAL.png\",\"contentUrl\":\"https:\\\/\\\/patagoniambiental.com.ar\\\/info\\\/wp-content\\\/uploads\\\/2025\\\/05\\\/LOGO-PATAGONIA-AMBIENTAL.png\",\"width\":433,\"height\":250,\"caption\":\"Patagonia Ambiental\"},\"image\":{\"@id\":\"https:\\\/\\\/patagoniambiental.com.ar\\\/info\\\/#\\\/schema\\\/logo\\\/image\\\/\"},\"sameAs\":[\"https:\\\/\\\/www.facebook.com\\\/patagonia.ambiental\",\"https:\\\/\\\/x.com\\\/PatAmb\"]},{\"@type\":\"Person\",\"@id\":\"https:\\\/\\\/patagoniambiental.com.ar\\\/info\\\/#\\\/schema\\\/person\\\/db12bff64bbcbf6a253710bf0ea37b5d\",\"name\":\"Patagonia Ambiental\",\"description\":\"Andr\u00e9s Nievas T\u00e9cnico en manejo ambiental, consultor Ambiental y escritor para medios locales e internacionales sobre temas de geopolitica y medio ambiente.\",\"sameAs\":[\"http:\\\/\\\/www.patagoniambiental.com.ar\",\"https:\\\/\\\/www.facebook.com\\\/share\\\/1C1V8Gv9BX\\\/?mibextid=qi2Omg\",\"@patagoniambiental\",\"https:\\\/\\\/youtube.com\\\/@patagoniaambiental2023?si=BLt58t0wuXquxlYZ\"]}]}<\/script>\n<!-- \/ Yoast SEO Premium plugin. -->","yoast_head_json":{"title":"Un\u00a0vecino\u00a0de\u00a0SAO\u00a0entreg\u00f3\u00a0un\u00a0monoca\u00ed\u00a0que viv\u00eda en su casa desde peque\u00f1o","robots":{"index":"index","follow":"follow","max-snippet":"max-snippet:-1","max-image-preview":"max-image-preview:large","max-video-preview":"max-video-preview:-1"},"canonical":"https:\/\/patagoniambiental.com.ar\/info\/un-vecino-de-sao-entrego-un-monocai-que-vivia-en-su-casa-desde-pequeno\/","og_locale":"es_ES","og_type":"article","og_title":"Un\u00a0vecino\u00a0de\u00a0SAO\u00a0entreg\u00f3\u00a0un\u00a0monoca\u00ed\u00a0que viv\u00eda en su casa desde peque\u00f1o","og_description":"San Antonio Oeste.-Una familia de San Antonio Oeste, viaj\u00f3 el fin de semana al zoo Bubalc\u00f3 de Allen para entregar [&hellip;]","og_url":"https:\/\/patagoniambiental.com.ar\/info\/un-vecino-de-sao-entrego-un-monocai-que-vivia-en-su-casa-desde-pequeno\/","og_site_name":"Patagonia Ambiental","article_publisher":"https:\/\/www.facebook.com\/patagonia.ambiental","article_author":"https:\/\/www.facebook.com\/share\/1C1V8Gv9BX\/?mibextid=qi2Omg","article_published_time":"2019-05-23T22:00:59+00:00","og_image":[{"width":480,"height":360,"url":"https:\/\/patagoniambiental.com.ar\/info\/wp-content\/uploads\/2019\/05\/60645516_2344379439216422_8118512431765913600_n.jpg","type":"image\/jpeg"}],"author":"Patagonia Ambiental","twitter_card":"summary_large_image","twitter_creator":"@PatAmb","twitter_site":"@PatAmb","schema":{"@context":"https:\/\/schema.org","@graph":[{"@type":"Article","@id":"https:\/\/patagoniambiental.com.ar\/info\/un-vecino-de-sao-entrego-un-monocai-que-vivia-en-su-casa-desde-pequeno\/#article","isPartOf":{"@id":"https:\/\/patagoniambiental.com.ar\/info\/un-vecino-de-sao-entrego-un-monocai-que-vivia-en-su-casa-desde-pequeno\/"},"author":{"name":"Patagonia Ambiental","@id":"https:\/\/patagoniambiental.com.ar\/info\/#\/schema\/person\/db12bff64bbcbf6a253710bf0ea37b5d"},"headline":"Un\u00a0vecino\u00a0de\u00a0SAO\u00a0entreg\u00f3\u00a0un\u00a0monoca\u00ed\u00a0que viv\u00eda en su casa desde peque\u00f1o","datePublished":"2019-05-23T22:00:59+00:00","mainEntityOfPage":{"@id":"https:\/\/patagoniambiental.com.ar\/info\/un-vecino-de-sao-entrego-un-monocai-que-vivia-en-su-casa-desde-pequeno\/"},"wordCount":267,"commentCount":0,"publisher":{"@id":"https:\/\/patagoniambiental.com.ar\/info\/#organization"},"image":{"@id":"https:\/\/patagoniambiental.com.ar\/info\/un-vecino-de-sao-entrego-un-monocai-que-vivia-en-su-casa-desde-pequeno\/#primaryimage"},"thumbnailUrl":"https:\/\/patagoniambiental.com.ar\/info\/wp-content\/uploads\/2019\/05\/60645516_2344379439216422_8118512431765913600_n.jpg","articleSection":["Noticias","Provinciales","R\u00edo Negro"],"inLanguage":"es","potentialAction":[{"@type":"CommentAction","name":"Comment","target":["https:\/\/patagoniambiental.com.ar\/info\/un-vecino-de-sao-entrego-un-monocai-que-vivia-en-su-casa-desde-pequeno\/#respond"]}]},{"@type":"WebPage","@id":"https:\/\/patagoniambiental.com.ar\/info\/un-vecino-de-sao-entrego-un-monocai-que-vivia-en-su-casa-desde-pequeno\/","url":"https:\/\/patagoniambiental.com.ar\/info\/un-vecino-de-sao-entrego-un-monocai-que-vivia-en-su-casa-desde-pequeno\/","name":"Un\u00a0vecino\u00a0de\u00a0SAO\u00a0entreg\u00f3\u00a0un\u00a0monoca\u00ed\u00a0que viv\u00eda en su casa desde peque\u00f1o","isPartOf":{"@id":"https:\/\/patagoniambiental.com.ar\/info\/#website"},"primaryImageOfPage":{"@id":"https:\/\/patagoniambiental.com.ar\/info\/un-vecino-de-sao-entrego-un-monocai-que-vivia-en-su-casa-desde-pequeno\/#primaryimage"},"image":{"@id":"https:\/\/patagoniambiental.com.ar\/info\/un-vecino-de-sao-entrego-un-monocai-que-vivia-en-su-casa-desde-pequeno\/#primaryimage"},"thumbnailUrl":"https:\/\/patagoniambiental.com.ar\/info\/wp-content\/uploads\/2019\/05\/60645516_2344379439216422_8118512431765913600_n.jpg","datePublished":"2019-05-23T22:00:59+00:00","breadcrumb":{"@id":"https:\/\/patagoniambiental.com.ar\/info\/un-vecino-de-sao-entrego-un-monocai-que-vivia-en-su-casa-desde-pequeno\/#breadcrumb"},"inLanguage":"es","potentialAction":[{"@type":"ReadAction","target":["https:\/\/patagoniambiental.com.ar\/info\/un-vecino-de-sao-entrego-un-monocai-que-vivia-en-su-casa-desde-pequeno\/"]}]},{"@type":"ImageObject","inLanguage":"es","@id":"https:\/\/patagoniambiental.com.ar\/info\/un-vecino-de-sao-entrego-un-monocai-que-vivia-en-su-casa-desde-pequeno\/#primaryimage","url":"https:\/\/patagoniambiental.com.ar\/info\/wp-content\/uploads\/2019\/05\/60645516_2344379439216422_8118512431765913600_n.jpg","contentUrl":"https:\/\/patagoniambiental.com.ar\/info\/wp-content\/uploads\/2019\/05\/60645516_2344379439216422_8118512431765913600_n.jpg","width":480,"height":360},{"@type":"BreadcrumbList","@id":"https:\/\/patagoniambiental.com.ar\/info\/un-vecino-de-sao-entrego-un-monocai-que-vivia-en-su-casa-desde-pequeno\/#breadcrumb","itemListElement":[{"@type":"ListItem","position":1,"name":"Inicio","item":"https:\/\/patagoniambiental.com.ar\/info\/"},{"@type":"ListItem","position":2,"name":"Un\u00a0vecino\u00a0de\u00a0SAO\u00a0entreg\u00f3\u00a0un\u00a0monoca\u00ed\u00a0que viv\u00eda en su casa desde peque\u00f1o"}]},{"@type":"WebSite","@id":"https:\/\/patagoniambiental.com.ar\/info\/#website","url":"https:\/\/patagoniambiental.com.ar\/info\/","name":"Patagonia Ambiental","description":"Monitoreo y an\u00e1lisis de la situaci\u00f3n geopol\u00edtica en el mundo y su implicancia en la Patagonia","publisher":{"@id":"https:\/\/patagoniambiental.com.ar\/info\/#organization"},"potentialAction":[{"@type":"SearchAction","target":{"@type":"EntryPoint","urlTemplate":"https:\/\/patagoniambiental.com.ar\/info\/?s={search_term_string}"},"query-input":{"@type":"PropertyValueSpecification","valueRequired":true,"valueName":"search_term_string"}}],"inLanguage":"es"},{"@type":"Organization","@id":"https:\/\/patagoniambiental.com.ar\/info\/#organization","name":"Patagonia Ambiental","url":"https:\/\/patagoniambiental.com.ar\/info\/","logo":{"@type":"ImageObject","inLanguage":"es","@id":"https:\/\/patagoniambiental.com.ar\/info\/#\/schema\/logo\/image\/","url":"https:\/\/patagoniambiental.com.ar\/info\/wp-content\/uploads\/2025\/05\/LOGO-PATAGONIA-AMBIENTAL.png","contentUrl":"https:\/\/patagoniambiental.com.ar\/info\/wp-content\/uploads\/2025\/05\/LOGO-PATAGONIA-AMBIENTAL.png","width":433,"height":250,"caption":"Patagonia Ambiental"},"image":{"@id":"https:\/\/patagoniambiental.com.ar\/info\/#\/schema\/logo\/image\/"},"sameAs":["https:\/\/www.facebook.com\/patagonia.ambiental","https:\/\/x.com\/PatAmb"]},{"@type":"Person","@id":"https:\/\/patagoniambiental.com.ar\/info\/#\/schema\/person\/db12bff64bbcbf6a253710bf0ea37b5d","name":"Patagonia Ambiental","description":"Andr\u00e9s Nievas T\u00e9cnico en manejo ambiental, consultor Ambiental y escritor para medios locales e internacionales sobre temas de geopolitica y medio ambiente.","sameAs":["http:\/\/www.patagoniambiental.com.ar","https:\/\/www.facebook.com\/share\/1C1V8Gv9BX\/?mibextid=qi2Omg","@patagoniambiental","https:\/\/youtube.com\/@patagoniaambiental2023?si=BLt58t0wuXquxlYZ"]}]}},"_links":{"self":[{"href":"https:\/\/patagoniambiental.com.ar\/info\/wp-json\/wp\/v2\/posts\/61380","targetHints":{"allow":["GET"]}}],"collection":[{"href":"https:\/\/patagoniambiental.com.ar\/info\/wp-json\/wp\/v2\/posts"}],"about":[{"href":"https:\/\/patagoniambiental.com.ar\/info\/wp-json\/wp\/v2\/types\/post"}],"author":[{"embeddable":true,"href":"https:\/\/patagoniambiental.com.ar\/info\/wp-json\/wp\/v2\/users\/2"}],"replies":[{"embeddable":true,"href":"https:\/\/patagoniambiental.com.ar\/info\/wp-json\/wp\/v2\/comments?post=61380"}],"version-history":[{"count":0,"href":"https:\/\/patagoniambiental.com.ar\/info\/wp-json\/wp\/v2\/posts\/61380\/revisions"}],"wp:featuredmedia":[{"embeddable":true,"href":"https:\/\/patagoniambiental.com.ar\/info\/wp-json\/wp\/v2\/media\/61381"}],"wp:attachment":[{"href":"https:\/\/patagoniambiental.com.ar\/info\/wp-json\/wp\/v2\/media?parent=61380"}],"wp:term":[{"taxonomy":"category","embeddable":true,"href":"https:\/\/patagoniambiental.com.ar\/info\/wp-json\/wp\/v2\/categories?post=61380"},{"taxonomy":"post_tag","embeddable":true,"href":"https:\/\/patagoniambiental.com.ar\/info\/wp-json\/wp\/v2\/tags?post=61380"}],"curies":[{"name":"wp","href":"https:\/\/api.w.org\/{rel}","templated":true}]}}