{"id":61386,"date":"2019-05-24T07:00:59","date_gmt":"2019-05-24T10:00:59","guid":{"rendered":"http:\/\/patagoniambiental.com.ar\/info\/?p=61386"},"modified":"2019-05-23T09:38:18","modified_gmt":"2019-05-23T12:38:18","slug":"prohibieron-el-uso-de-dos-potentes-herbicidas-en-la-pampa","status":"publish","type":"post","link":"https:\/\/patagoniambiental.com.ar\/info\/prohibieron-el-uso-de-dos-potentes-herbicidas-en-la-pampa\/","title":{"rendered":"Prohibieron el uso de dos potentes herbicidas en La Pampa"},"content":{"rendered":"<div class=\"td_block_wrap tdb_title td_uid_10_5ce68dc471485_rand tdb-single-title td-pb-border-top td_block_template_9\" data-td-block-uid=\"td_uid_10_5ce68dc471485\">\n<div class=\"tdb-block-inner td-fix-index\">\n<div>La Pampa.-La Direcci\u00f3n de Agricultura prohibi\u00f3 la comercializaci\u00f3n y utilizaci\u00f3n del herbicida 2.4D en su formulaci\u00f3n \u00e9ter but\u00edlico e isobut\u00edlico.<\/div>\n<\/div>\n<\/div>\n<p><!--more--><\/p>\n<div class=\"td_block_wrap tdb_single_content td_uid_16_5ce68dc472d1f_rand td-pb-border-top td_block_template_9 td-post-content\" data-td-block-uid=\"td_uid_16_5ce68dc472d1f\">\n<div class=\"tdb-block-inner td-fix-index\">\n<p>\u00abSe trata de un producto de alta volatilidad, se gasifica muy f\u00e1cilmente y vemos que trae problemas en los arbolados urbanos como tambi\u00e9n cultivos sensibles\u00bb, afirm\u00f3 el ministro de la Producci\u00f3n, Ricardo Moralejo, por lo que \u00abperjudica tanto a la producci\u00f3n urbana como rural, como as\u00ed tambi\u00e9n a aquellos productores que quieren trabajar en producciones org\u00e1nicas, porque puede ser de f\u00e1cil contaminaci\u00f3n\u00bb.<br \/>\nLa Direcci\u00f3n de Agricultura del mencionado Ministerio, como \u00f3rgano de aplicaci\u00f3n, inform\u00f3 la puesta en vigencia de la Disposici\u00f3n N\u00ba 18\/19, la cual proh\u00edbe la comercializaci\u00f3n, aplicaci\u00f3n y almacenamiento en todo el territorio provincial, del herbicida 2.4D en su formulaci\u00f3n \u00e9ter but\u00edlico e isobut\u00edlico.<br \/>\nEl director de Agricultura, Carlos Ferrero, anunci\u00f3 la medida y manifest\u00f3 que la decisi\u00f3n fue tomada por la Comisi\u00f3n Provincial de Sanidad Vegetal (Coprosave), la cual adem\u00e1s regula el uso del 2.4D en su formulaci\u00f3n \u00e1cida al 30%, desde el 1 de octubre al 31 de marzo de cada a\u00f1o.<br \/>\nA su vez, inform\u00f3 que esta decisi\u00f3n fue publicada en el Bolet\u00edn Oficial el 10 de mayo y entra en vigencia tres meses despu\u00e9s de dicha publicaci\u00f3n, con lo cual a partir del 10 de agosto, quedar\u00e1 prohibido el uso de este producto.<br \/>\nEn ese sentido, Ferrero record\u00f3 que hasta el momento en La Pampa reg\u00eda la disposici\u00f3n 2043\/06, que restring\u00eda el uso del 2.4D hacia una determinada \u00e9poca del a\u00f1o.<br \/>\nPor otra parte, sostuvo que se lleg\u00f3 a este punto a trav\u00e9s de una presentaci\u00f3n realizada en el mes de diciembre por t\u00e9cnicos del INTA en la Coprosave y que \u00abel fin es hacer una protecci\u00f3n integral del ambiente, por eso la prohibici\u00f3n\u00bb.<br \/>\nEl funcionario se\u00f1al\u00f3 adem\u00e1s que la Direcci\u00f3n de Agricultura como autoridad de aplicaci\u00f3n ser\u00e1 la encargada ante las denuncias, de determinar qui\u00e9nes son los responsables, ante los cuales habr\u00e1 sanciones, \u00abtanto para el aplicador como el asesor de la empresa y para el due\u00f1o del cultivo\u00bb.<\/p>\n<p>Formulaciones seguras.<br \/>\nFerrero explic\u00f3 que el mencionado herbicida se utiliza \u00absobre todo para el control de malezas de hoja ancha, por lo general para barbecho y para malezas en cereales de invierno\u00bb.<br \/>\n\u00abLa idea no es quitar una herramienta del mercado, sino que el 2.4D tiene otras formulaciones (no la \u00e9ter) que son m\u00e1s seguras y no son vol\u00e1tiles. La idea es alentar a los t\u00e9cnicos a que hagan uso de las mismas\u00bb, aclar\u00f3 el funcionario y agreg\u00f3 que \u00abesta formulaci\u00f3n tiene baja presi\u00f3n de vapor y pasa muy f\u00e1cil a vapor y eso hace que se volatilice y se desparrame al medio ambiente, sumado a las condiciones clim\u00e1ticas de la Provincia\u00bb.<br \/>\nPara ello reiter\u00f3 finalmente que hay alternativas que el productor puede usar. \u00abEn ese sentido es que se otorga este per\u00edodo de tres meses para que el productor que tiene en stock este producto lo pueda cambiar por otras formulaciones antes de que llegue la campa\u00f1a de agosto, que es cuando se empieza a utilizar en los cultivos de invierno\u00bb.<\/p>\n<p>\u00abUna medida importante\u00bb.<br \/>\nLuego del anuncio de Ferrero, el ministro Moralejo resalt\u00f3 que \u00abesta es una medida muy importante ya que est\u00e1 reforzando una pol\u00edtica que lleva adelante el Ministerio de la Producci\u00f3n, como tambi\u00e9n el de Seguridad y la Secretar\u00eda de Ambiente respecto de crear un ambiente limpio y saludable para la producci\u00f3n de alimentos\u00bb.<br \/>\nEn relaci\u00f3n al herbicida, coment\u00f3 que \u00abse trata de un producto de alta volatilidad, se gasifica muy f\u00e1cilmente y vemos que trae problemas en los arbolados urbanos como tambi\u00e9n cultivos sensibles, por lo cual, perjudica tanto a la producci\u00f3n urbana como rural\u00bb.<\/p>\n<p>Fuente: Diario La Arena<\/p>\n<\/div>\n<\/div>\n","protected":false},"excerpt":{"rendered":"<p>La Pampa.-La Direcci\u00f3n de Agricultura prohibi\u00f3 la comercializaci\u00f3n y utilizaci\u00f3n del herbicida 2.4D en su formulaci\u00f3n \u00e9ter but\u00edlico e isobut\u00edlico.<\/p>\n","protected":false},"author":2,"featured_media":0,"comment_status":"open","ping_status":"open","sticky":false,"template":"","format":"standard","meta":{"site-sidebar-layout":"default","site-content-layout":"","ast-site-content-layout":"default","site-content-style":"default","site-sidebar-style":"default","ast-global-header-display":"","ast-banner-title-visibility":"","ast-main-header-display":"","ast-hfb-above-header-display":"","ast-hfb-below-header-display":"","ast-hfb-mobile-header-display":"","site-post-title":"","ast-breadcrumbs-content":"","ast-featured-img":"","footer-sml-layout":"","ast-disable-related-posts":"","theme-transparent-header-meta":"","adv-header-id-meta":"","stick-header-meta":"","header-above-stick-meta":"","header-main-stick-meta":"","header-below-stick-meta":"","astra-migrate-meta-layouts":"default","ast-page-background-enabled":"default","ast-page-background-meta":{"desktop":{"background-color":"var(--ast-global-color-5)","background-image":"","background-repeat":"repeat","background-position":"center center","background-size":"auto","background-attachment":"scroll","background-type":"","background-media":"","overlay-type":"","overlay-color":"","overlay-opacity":"","overlay-gradient":""},"tablet":{"background-color":"","background-image":"","background-repeat":"repeat","background-position":"center center","background-size":"auto","background-attachment":"scroll","background-type":"","background-media":"","overlay-type":"","overlay-color":"","overlay-opacity":"","overlay-gradient":""},"mobile":{"background-color":"","background-image":"","background-repeat":"repeat","background-position":"center center","background-size":"auto","background-attachment":"scroll","background-type":"","background-media":"","overlay-type":"","overlay-color":"","overlay-opacity":"","overlay-gradient":""}},"ast-content-background-meta":{"desktop":{"background-color":"var(--ast-global-color-4)","background-image":"","background-repeat":"repeat","background-position":"center center","background-size":"auto","background-attachment":"scroll","background-type":"","background-media":"","overlay-type":"","overlay-color":"","overlay-opacity":"","overlay-gradient":""},"tablet":{"background-color":"var(--ast-global-color-4)","background-image":"","background-repeat":"repeat","background-position":"center center","background-size":"auto","background-attachment":"scroll","background-type":"","background-media":"","overlay-type":"","overlay-color":"","overlay-opacity":"","overlay-gradient":""},"mobile":{"background-color":"var(--ast-global-color-4)","background-image":"","background-repeat":"repeat","background-position":"center center","background-size":"auto","background-attachment":"scroll","background-type":"","background-media":"","overlay-type":"","overlay-color":"","overlay-opacity":"","overlay-gradient":""}},"footnotes":""},"categories":[59,1,13],"tags":[],"class_list":["post-61386","post","type-post","status-publish","format-standard","hentry","category-la-pampa","category-noticias","category-provinciales"],"yoast_head":"<!-- This site is optimized with the Yoast SEO Premium plugin v23.0 (Yoast SEO v27.5) - https:\/\/yoast.com\/product\/yoast-seo-premium-wordpress\/ -->\n<title>Prohibieron el uso de dos potentes herbicidas en La Pampa<\/title>\n<meta name=\"robots\" content=\"index, follow, max-snippet:-1, max-image-preview:large, max-video-preview:-1\" \/>\n<link rel=\"canonical\" href=\"https:\/\/patagoniambiental.com.ar\/info\/prohibieron-el-uso-de-dos-potentes-herbicidas-en-la-pampa\/\" \/>\n<meta property=\"og:locale\" content=\"es_ES\" \/>\n<meta property=\"og:type\" content=\"article\" \/>\n<meta property=\"og:title\" content=\"Prohibieron el uso de dos potentes herbicidas en La Pampa\" \/>\n<meta property=\"og:description\" content=\"La Pampa.-La Direcci\u00f3n de Agricultura prohibi\u00f3 la comercializaci\u00f3n y utilizaci\u00f3n del herbicida 2.4D en su formulaci\u00f3n \u00e9ter but\u00edlico e isobut\u00edlico.\" \/>\n<meta property=\"og:url\" content=\"https:\/\/patagoniambiental.com.ar\/info\/prohibieron-el-uso-de-dos-potentes-herbicidas-en-la-pampa\/\" \/>\n<meta property=\"og:site_name\" content=\"Patagonia Ambiental\" \/>\n<meta property=\"article:publisher\" content=\"https:\/\/www.facebook.com\/patagonia.ambiental\" \/>\n<meta property=\"article:author\" content=\"https:\/\/www.facebook.com\/share\/1C1V8Gv9BX\/?mibextid=qi2Omg\" \/>\n<meta property=\"article:published_time\" content=\"2019-05-24T10:00:59+00:00\" \/>\n<meta name=\"author\" content=\"Patagonia Ambiental\" \/>\n<meta name=\"twitter:card\" content=\"summary_large_image\" \/>\n<meta name=\"twitter:creator\" content=\"@PatAmb\" \/>\n<meta name=\"twitter:site\" content=\"@PatAmb\" \/>\n<script type=\"application\/ld+json\" class=\"yoast-schema-graph\">{\"@context\":\"https:\\\/\\\/schema.org\",\"@graph\":[{\"@type\":\"Article\",\"@id\":\"https:\\\/\\\/patagoniambiental.com.ar\\\/info\\\/prohibieron-el-uso-de-dos-potentes-herbicidas-en-la-pampa\\\/#article\",\"isPartOf\":{\"@id\":\"https:\\\/\\\/patagoniambiental.com.ar\\\/info\\\/prohibieron-el-uso-de-dos-potentes-herbicidas-en-la-pampa\\\/\"},\"author\":{\"name\":\"Patagonia Ambiental\",\"@id\":\"https:\\\/\\\/patagoniambiental.com.ar\\\/info\\\/#\\\/schema\\\/person\\\/db12bff64bbcbf6a253710bf0ea37b5d\"},\"headline\":\"Prohibieron el uso de dos potentes herbicidas en La Pampa\",\"datePublished\":\"2019-05-24T10:00:59+00:00\",\"mainEntityOfPage\":{\"@id\":\"https:\\\/\\\/patagoniambiental.com.ar\\\/info\\\/prohibieron-el-uso-de-dos-potentes-herbicidas-en-la-pampa\\\/\"},\"wordCount\":679,\"commentCount\":0,\"publisher\":{\"@id\":\"https:\\\/\\\/patagoniambiental.com.ar\\\/info\\\/#organization\"},\"articleSection\":[\"La Pampa\",\"Noticias\",\"Provinciales\"],\"inLanguage\":\"es\",\"potentialAction\":[{\"@type\":\"CommentAction\",\"name\":\"Comment\",\"target\":[\"https:\\\/\\\/patagoniambiental.com.ar\\\/info\\\/prohibieron-el-uso-de-dos-potentes-herbicidas-en-la-pampa\\\/#respond\"]}]},{\"@type\":\"WebPage\",\"@id\":\"https:\\\/\\\/patagoniambiental.com.ar\\\/info\\\/prohibieron-el-uso-de-dos-potentes-herbicidas-en-la-pampa\\\/\",\"url\":\"https:\\\/\\\/patagoniambiental.com.ar\\\/info\\\/prohibieron-el-uso-de-dos-potentes-herbicidas-en-la-pampa\\\/\",\"name\":\"Prohibieron el uso de dos potentes herbicidas en La Pampa\",\"isPartOf\":{\"@id\":\"https:\\\/\\\/patagoniambiental.com.ar\\\/info\\\/#website\"},\"datePublished\":\"2019-05-24T10:00:59+00:00\",\"breadcrumb\":{\"@id\":\"https:\\\/\\\/patagoniambiental.com.ar\\\/info\\\/prohibieron-el-uso-de-dos-potentes-herbicidas-en-la-pampa\\\/#breadcrumb\"},\"inLanguage\":\"es\",\"potentialAction\":[{\"@type\":\"ReadAction\",\"target\":[\"https:\\\/\\\/patagoniambiental.com.ar\\\/info\\\/prohibieron-el-uso-de-dos-potentes-herbicidas-en-la-pampa\\\/\"]}]},{\"@type\":\"BreadcrumbList\",\"@id\":\"https:\\\/\\\/patagoniambiental.com.ar\\\/info\\\/prohibieron-el-uso-de-dos-potentes-herbicidas-en-la-pampa\\\/#breadcrumb\",\"itemListElement\":[{\"@type\":\"ListItem\",\"position\":1,\"name\":\"Inicio\",\"item\":\"https:\\\/\\\/patagoniambiental.com.ar\\\/info\\\/\"},{\"@type\":\"ListItem\",\"position\":2,\"name\":\"Prohibieron el uso de dos potentes herbicidas en La Pampa\"}]},{\"@type\":\"WebSite\",\"@id\":\"https:\\\/\\\/patagoniambiental.com.ar\\\/info\\\/#website\",\"url\":\"https:\\\/\\\/patagoniambiental.com.ar\\\/info\\\/\",\"name\":\"Patagonia Ambiental\",\"description\":\"Monitoreo y an\u00e1lisis de la situaci\u00f3n geopol\u00edtica en el mundo y su implicancia en la Patagonia\",\"publisher\":{\"@id\":\"https:\\\/\\\/patagoniambiental.com.ar\\\/info\\\/#organization\"},\"potentialAction\":[{\"@type\":\"SearchAction\",\"target\":{\"@type\":\"EntryPoint\",\"urlTemplate\":\"https:\\\/\\\/patagoniambiental.com.ar\\\/info\\\/?s={search_term_string}\"},\"query-input\":{\"@type\":\"PropertyValueSpecification\",\"valueRequired\":true,\"valueName\":\"search_term_string\"}}],\"inLanguage\":\"es\"},{\"@type\":\"Organization\",\"@id\":\"https:\\\/\\\/patagoniambiental.com.ar\\\/info\\\/#organization\",\"name\":\"Patagonia Ambiental\",\"url\":\"https:\\\/\\\/patagoniambiental.com.ar\\\/info\\\/\",\"logo\":{\"@type\":\"ImageObject\",\"inLanguage\":\"es\",\"@id\":\"https:\\\/\\\/patagoniambiental.com.ar\\\/info\\\/#\\\/schema\\\/logo\\\/image\\\/\",\"url\":\"https:\\\/\\\/patagoniambiental.com.ar\\\/info\\\/wp-content\\\/uploads\\\/2025\\\/05\\\/LOGO-PATAGONIA-AMBIENTAL.png\",\"contentUrl\":\"https:\\\/\\\/patagoniambiental.com.ar\\\/info\\\/wp-content\\\/uploads\\\/2025\\\/05\\\/LOGO-PATAGONIA-AMBIENTAL.png\",\"width\":433,\"height\":250,\"caption\":\"Patagonia Ambiental\"},\"image\":{\"@id\":\"https:\\\/\\\/patagoniambiental.com.ar\\\/info\\\/#\\\/schema\\\/logo\\\/image\\\/\"},\"sameAs\":[\"https:\\\/\\\/www.facebook.com\\\/patagonia.ambiental\",\"https:\\\/\\\/x.com\\\/PatAmb\"]},{\"@type\":\"Person\",\"@id\":\"https:\\\/\\\/patagoniambiental.com.ar\\\/info\\\/#\\\/schema\\\/person\\\/db12bff64bbcbf6a253710bf0ea37b5d\",\"name\":\"Patagonia Ambiental\",\"description\":\"Andr\u00e9s Nievas T\u00e9cnico en manejo ambiental, consultor Ambiental y escritor para medios locales e internacionales sobre temas de geopolitica y medio ambiente.\",\"sameAs\":[\"http:\\\/\\\/www.patagoniambiental.com.ar\",\"https:\\\/\\\/www.facebook.com\\\/share\\\/1C1V8Gv9BX\\\/?mibextid=qi2Omg\",\"@patagoniambiental\",\"https:\\\/\\\/youtube.com\\\/@patagoniaambiental2023?si=BLt58t0wuXquxlYZ\"]}]}<\/script>\n<!-- \/ Yoast SEO Premium plugin. -->","yoast_head_json":{"title":"Prohibieron el uso de dos potentes herbicidas en La Pampa","robots":{"index":"index","follow":"follow","max-snippet":"max-snippet:-1","max-image-preview":"max-image-preview:large","max-video-preview":"max-video-preview:-1"},"canonical":"https:\/\/patagoniambiental.com.ar\/info\/prohibieron-el-uso-de-dos-potentes-herbicidas-en-la-pampa\/","og_locale":"es_ES","og_type":"article","og_title":"Prohibieron el uso de dos potentes herbicidas en La Pampa","og_description":"La Pampa.-La Direcci\u00f3n de Agricultura prohibi\u00f3 la comercializaci\u00f3n y utilizaci\u00f3n del herbicida 2.4D en su formulaci\u00f3n \u00e9ter but\u00edlico e isobut\u00edlico.","og_url":"https:\/\/patagoniambiental.com.ar\/info\/prohibieron-el-uso-de-dos-potentes-herbicidas-en-la-pampa\/","og_site_name":"Patagonia Ambiental","article_publisher":"https:\/\/www.facebook.com\/patagonia.ambiental","article_author":"https:\/\/www.facebook.com\/share\/1C1V8Gv9BX\/?mibextid=qi2Omg","article_published_time":"2019-05-24T10:00:59+00:00","author":"Patagonia Ambiental","twitter_card":"summary_large_image","twitter_creator":"@PatAmb","twitter_site":"@PatAmb","schema":{"@context":"https:\/\/schema.org","@graph":[{"@type":"Article","@id":"https:\/\/patagoniambiental.com.ar\/info\/prohibieron-el-uso-de-dos-potentes-herbicidas-en-la-pampa\/#article","isPartOf":{"@id":"https:\/\/patagoniambiental.com.ar\/info\/prohibieron-el-uso-de-dos-potentes-herbicidas-en-la-pampa\/"},"author":{"name":"Patagonia Ambiental","@id":"https:\/\/patagoniambiental.com.ar\/info\/#\/schema\/person\/db12bff64bbcbf6a253710bf0ea37b5d"},"headline":"Prohibieron el uso de dos potentes herbicidas en La Pampa","datePublished":"2019-05-24T10:00:59+00:00","mainEntityOfPage":{"@id":"https:\/\/patagoniambiental.com.ar\/info\/prohibieron-el-uso-de-dos-potentes-herbicidas-en-la-pampa\/"},"wordCount":679,"commentCount":0,"publisher":{"@id":"https:\/\/patagoniambiental.com.ar\/info\/#organization"},"articleSection":["La Pampa","Noticias","Provinciales"],"inLanguage":"es","potentialAction":[{"@type":"CommentAction","name":"Comment","target":["https:\/\/patagoniambiental.com.ar\/info\/prohibieron-el-uso-de-dos-potentes-herbicidas-en-la-pampa\/#respond"]}]},{"@type":"WebPage","@id":"https:\/\/patagoniambiental.com.ar\/info\/prohibieron-el-uso-de-dos-potentes-herbicidas-en-la-pampa\/","url":"https:\/\/patagoniambiental.com.ar\/info\/prohibieron-el-uso-de-dos-potentes-herbicidas-en-la-pampa\/","name":"Prohibieron el uso de dos potentes herbicidas en La Pampa","isPartOf":{"@id":"https:\/\/patagoniambiental.com.ar\/info\/#website"},"datePublished":"2019-05-24T10:00:59+00:00","breadcrumb":{"@id":"https:\/\/patagoniambiental.com.ar\/info\/prohibieron-el-uso-de-dos-potentes-herbicidas-en-la-pampa\/#breadcrumb"},"inLanguage":"es","potentialAction":[{"@type":"ReadAction","target":["https:\/\/patagoniambiental.com.ar\/info\/prohibieron-el-uso-de-dos-potentes-herbicidas-en-la-pampa\/"]}]},{"@type":"BreadcrumbList","@id":"https:\/\/patagoniambiental.com.ar\/info\/prohibieron-el-uso-de-dos-potentes-herbicidas-en-la-pampa\/#breadcrumb","itemListElement":[{"@type":"ListItem","position":1,"name":"Inicio","item":"https:\/\/patagoniambiental.com.ar\/info\/"},{"@type":"ListItem","position":2,"name":"Prohibieron el uso de dos potentes herbicidas en La Pampa"}]},{"@type":"WebSite","@id":"https:\/\/patagoniambiental.com.ar\/info\/#website","url":"https:\/\/patagoniambiental.com.ar\/info\/","name":"Patagonia Ambiental","description":"Monitoreo y an\u00e1lisis de la situaci\u00f3n geopol\u00edtica en el mundo y su implicancia en la Patagonia","publisher":{"@id":"https:\/\/patagoniambiental.com.ar\/info\/#organization"},"potentialAction":[{"@type":"SearchAction","target":{"@type":"EntryPoint","urlTemplate":"https:\/\/patagoniambiental.com.ar\/info\/?s={search_term_string}"},"query-input":{"@type":"PropertyValueSpecification","valueRequired":true,"valueName":"search_term_string"}}],"inLanguage":"es"},{"@type":"Organization","@id":"https:\/\/patagoniambiental.com.ar\/info\/#organization","name":"Patagonia Ambiental","url":"https:\/\/patagoniambiental.com.ar\/info\/","logo":{"@type":"ImageObject","inLanguage":"es","@id":"https:\/\/patagoniambiental.com.ar\/info\/#\/schema\/logo\/image\/","url":"https:\/\/patagoniambiental.com.ar\/info\/wp-content\/uploads\/2025\/05\/LOGO-PATAGONIA-AMBIENTAL.png","contentUrl":"https:\/\/patagoniambiental.com.ar\/info\/wp-content\/uploads\/2025\/05\/LOGO-PATAGONIA-AMBIENTAL.png","width":433,"height":250,"caption":"Patagonia Ambiental"},"image":{"@id":"https:\/\/patagoniambiental.com.ar\/info\/#\/schema\/logo\/image\/"},"sameAs":["https:\/\/www.facebook.com\/patagonia.ambiental","https:\/\/x.com\/PatAmb"]},{"@type":"Person","@id":"https:\/\/patagoniambiental.com.ar\/info\/#\/schema\/person\/db12bff64bbcbf6a253710bf0ea37b5d","name":"Patagonia Ambiental","description":"Andr\u00e9s Nievas T\u00e9cnico en manejo ambiental, consultor Ambiental y escritor para medios locales e internacionales sobre temas de geopolitica y medio ambiente.","sameAs":["http:\/\/www.patagoniambiental.com.ar","https:\/\/www.facebook.com\/share\/1C1V8Gv9BX\/?mibextid=qi2Omg","@patagoniambiental","https:\/\/youtube.com\/@patagoniaambiental2023?si=BLt58t0wuXquxlYZ"]}]}},"_links":{"self":[{"href":"https:\/\/patagoniambiental.com.ar\/info\/wp-json\/wp\/v2\/posts\/61386","targetHints":{"allow":["GET"]}}],"collection":[{"href":"https:\/\/patagoniambiental.com.ar\/info\/wp-json\/wp\/v2\/posts"}],"about":[{"href":"https:\/\/patagoniambiental.com.ar\/info\/wp-json\/wp\/v2\/types\/post"}],"author":[{"embeddable":true,"href":"https:\/\/patagoniambiental.com.ar\/info\/wp-json\/wp\/v2\/users\/2"}],"replies":[{"embeddable":true,"href":"https:\/\/patagoniambiental.com.ar\/info\/wp-json\/wp\/v2\/comments?post=61386"}],"version-history":[{"count":0,"href":"https:\/\/patagoniambiental.com.ar\/info\/wp-json\/wp\/v2\/posts\/61386\/revisions"}],"wp:attachment":[{"href":"https:\/\/patagoniambiental.com.ar\/info\/wp-json\/wp\/v2\/media?parent=61386"}],"wp:term":[{"taxonomy":"category","embeddable":true,"href":"https:\/\/patagoniambiental.com.ar\/info\/wp-json\/wp\/v2\/categories?post=61386"},{"taxonomy":"post_tag","embeddable":true,"href":"https:\/\/patagoniambiental.com.ar\/info\/wp-json\/wp\/v2\/tags?post=61386"}],"curies":[{"name":"wp","href":"https:\/\/api.w.org\/{rel}","templated":true}]}}