{"id":61419,"date":"2019-05-28T07:00:22","date_gmt":"2019-05-28T10:00:22","guid":{"rendered":"http:\/\/patagoniambiental.com.ar\/info\/?p=61419"},"modified":"2019-05-27T09:22:10","modified_gmt":"2019-05-27T12:22:10","slug":"la-produccion-minera-en-neuquen-crece-a-la-par-de-los-puestos-de-trabajo","status":"publish","type":"post","link":"https:\/\/patagoniambiental.com.ar\/info\/la-produccion-minera-en-neuquen-crece-a-la-par-de-los-puestos-de-trabajo\/","title":{"rendered":"La producci\u00f3n minera en Neuqu\u00e9n crece a la par de los puestos de trabajo"},"content":{"rendered":"<div class=\"td-post-header td-container\">\n<div class=\"td-post-header-holder sombra\">\n<header class=\"td-post-title\">\n<div class=\"td-module-meta-info\">Neuqu\u00e9n.-La actividad minera de la provincia crece de manera sostenida\u00a0 y al ritmo de la industria hidrocarbur\u00edfera. En 2018 la producci\u00f3n de minerales aument\u00f3 un 36 por ciento en comparaci\u00f3n con 2017, mientras que las fuentes de trabajo registraron un crecimiento del 23 por ciento en el mismo per\u00edodo.<\/div>\n<\/header>\n<\/div>\n<\/div>\n<p><!--more--><\/p>\n<div class=\"td-container\">\n<div class=\"td-pb-row\">\n<div class=\"td-pb-span8 td-main-content\" role=\"main\">\n<div class=\"td-ss-main-content\">\n<div class=\"td-post-content\">\n<p>La actividad minera alcanz\u00f3 en la provincia del Neuqu\u00e9n durante 2018 valores por 784,3 millones de pesos, lo que representa un aumento del 40 por ciento en comparaci\u00f3n con las cifras de 2017, cuando lleg\u00f3 a 560,1 millones de pesos.<\/p>\n<p>Seg\u00fan lo informado por la subsecretar\u00eda de Energ\u00eda, Miner\u00eda e Hidrocarburos, dependiente del ministerio de Energ\u00eda y Recursos Naturales, la producci\u00f3n de minerales creci\u00f3 un 36 por ciento en relaci\u00f3n con 2017, tras alcanzar un total de 3.146.089 toneladas.<\/p>\n<p>Las rocas de aplicaci\u00f3n -como son los \u00e1ridos, piedra laja, pirofilita, puzolana, toba y travertinos- acapararon el 56 por ciento de la producci\u00f3n total. Mientras que el 44 por ciento restante lo abarc\u00f3 la producci\u00f3n de minerales no metal\u00edferos -baritina, arcilla, asfaltita, bentonita, caliza, dolomita, halita y yeso-.<\/p>\n<p>Cabe destacar que en 2018 se generaron en total 10.926 puestos de trabajo, un 23 por ciento m\u00e1s que el a\u00f1o anterior. De este n\u00famero, el empleo directo se increment\u00f3 en 1.821 puestos, calculado a trav\u00e9s de diferentes par\u00e1metros: operaciones de extracci\u00f3n en yacimientos, el transporte y el beneficio industrial (plantas). Mientras que los puestos de trabajo indirectos alcanzaron los 9.105, un 25 por ciento m\u00e1s que durante 2017.<\/p>\n<p>Los departamentos A\u00f1elo, Confluencia y Zapala concentraron el 80 por ciento de la producci\u00f3n minera durante 2018. Los yacimientos de \u00e1ridos contin\u00faan siendo los protagonistas, al representar el 65 por ciento de los 130 yacimientos activos en la provincia del Neuqu\u00e9n.<\/p>\n<p>La miner\u00eda en Neuqu\u00e9n es una actividad que se mantiene, en t\u00e9rminos de producci\u00f3n hist\u00f3ricos, representada por la extracci\u00f3n de minerales industriales que posteriormente son utilizados por f\u00e1bricas del pa\u00eds o son exportados.<\/p>\n<p>Ese tipo de miner\u00eda sostiene la actividad de manera ininterrumpida desde hace casi 40 a\u00f1os, lo que permite monitorearla permanentemente a trav\u00e9s de la direcci\u00f3n provincial de Miner\u00eda y las subsecretar\u00edas de Medio Ambiente y Recursos H\u00eddricos.<\/p>\n<p>Neuqu\u00e9n act\u00faa dentro del marco legal vigente, a trav\u00e9s de la direcci\u00f3n provincial de Miner\u00eda, oficiando como Autoridad Minera en Primera Instancia, apoyada por el importante rol que cumple Polic\u00eda Minera en territorio neuquino al concentrar su accionar en controles ambientales, atenci\u00f3n de denuncias, control del uso de la gu\u00eda minera y lo referido a la seguridad e higiene del trabajo.<\/p>\n<p>A su vez, se caracteriza por actuar como complemento de la industria hidrocarbur\u00edfera, al utilizar minerales para preparar lodos de perforaci\u00f3n. Entre ellos se destaca la baritina, celestina y calizas. Este tipo de minerales tambi\u00e9n se emplea como agente de sost\u00e9n para fracturas hidr\u00e1ulicas y, a su vez, sirve para construir instalaciones de superficie.<\/p>\n<figure id=\"attachment_131660\" class=\"wp-caption aligncenter\"><img fetchpriority=\"high\" decoding=\"async\" class=\"wp-image-131660 size-large\" src=\"https:\/\/www.neuqueninforma.gob.ar\/wp-content\/uploads\/2019\/05\/WEB-SEGUNDA-Mineria_La-Primavera-22_051-1024x506.jpg\" sizes=\"(max-width: 640px) 100vw, 640px\" srcset=\"https:\/\/www.neuqueninforma.gob.ar\/wp-content\/uploads\/2019\/05\/WEB-SEGUNDA-Mineria_La-Primavera-22_051-1024x506.jpg 1024w, https:\/\/www.neuqueninforma.gob.ar\/wp-content\/uploads\/2019\/05\/WEB-SEGUNDA-Mineria_La-Primavera-22_051-300x148.jpg 300w, https:\/\/www.neuqueninforma.gob.ar\/wp-content\/uploads\/2019\/05\/WEB-SEGUNDA-Mineria_La-Primavera-22_051-324x160.jpg 324w, https:\/\/www.neuqueninforma.gob.ar\/wp-content\/uploads\/2019\/05\/WEB-SEGUNDA-Mineria_La-Primavera-22_051-696x344.jpg 696w, https:\/\/www.neuqueninforma.gob.ar\/wp-content\/uploads\/2019\/05\/WEB-SEGUNDA-Mineria_La-Primavera-22_051-1068x528.jpg 1068w, https:\/\/www.neuqueninforma.gob.ar\/wp-content\/uploads\/2019\/05\/WEB-SEGUNDA-Mineria_La-Primavera-22_051-850x420.jpg 850w, https:\/\/www.neuqueninforma.gob.ar\/wp-content\/uploads\/2019\/05\/WEB-SEGUNDA-Mineria_La-Primavera-22_051-1320x652.jpg 1320w, https:\/\/www.neuqueninforma.gob.ar\/wp-content\/uploads\/2019\/05\/WEB-SEGUNDA-Mineria_La-Primavera-22_051.jpg 1403w\" alt=\"\" width=\"640\" height=\"316\" \/><figcaption class=\"wp-caption-text\">La miner\u00eda en Neuqu\u00e9n es una actividad que se mantiene, en t\u00e9rminos de producci\u00f3n hist\u00f3ricos, representada por la extracci\u00f3n de minerales industriales que posteriormente son utilizados por f\u00e1bricas del pa\u00eds o son exportados.<\/p>\n<p>Fuente: Neuquen Informa\u00a0<\/figcaption><\/figure>\n<\/div>\n<\/div>\n<\/div>\n<\/div>\n<\/div>\n","protected":false},"excerpt":{"rendered":"<p>Neuqu\u00e9n.-La actividad minera de la provincia crece de manera sostenida\u00a0 y al ritmo de la industria hidrocarbur\u00edfera. En 2018 la [&hellip;]<\/p>\n","protected":false},"author":2,"featured_media":61420,"comment_status":"open","ping_status":"open","sticky":false,"template":"","format":"standard","meta":{"site-sidebar-layout":"default","site-content-layout":"","ast-site-content-layout":"default","site-content-style":"default","site-sidebar-style":"default","ast-global-header-display":"","ast-banner-title-visibility":"","ast-main-header-display":"","ast-hfb-above-header-display":"","ast-hfb-below-header-display":"","ast-hfb-mobile-header-display":"","site-post-title":"","ast-breadcrumbs-content":"","ast-featured-img":"","footer-sml-layout":"","ast-disable-related-posts":"","theme-transparent-header-meta":"","adv-header-id-meta":"","stick-header-meta":"","header-above-stick-meta":"","header-main-stick-meta":"","header-below-stick-meta":"","astra-migrate-meta-layouts":"default","ast-page-background-enabled":"default","ast-page-background-meta":{"desktop":{"background-color":"var(--ast-global-color-5)","background-image":"","background-repeat":"repeat","background-position":"center center","background-size":"auto","background-attachment":"scroll","background-type":"","background-media":"","overlay-type":"","overlay-color":"","overlay-opacity":"","overlay-gradient":""},"tablet":{"background-color":"","background-image":"","background-repeat":"repeat","background-position":"center center","background-size":"auto","background-attachment":"scroll","background-type":"","background-media":"","overlay-type":"","overlay-color":"","overlay-opacity":"","overlay-gradient":""},"mobile":{"background-color":"","background-image":"","background-repeat":"repeat","background-position":"center center","background-size":"auto","background-attachment":"scroll","background-type":"","background-media":"","overlay-type":"","overlay-color":"","overlay-opacity":"","overlay-gradient":""}},"ast-content-background-meta":{"desktop":{"background-color":"var(--ast-global-color-4)","background-image":"","background-repeat":"repeat","background-position":"center center","background-size":"auto","background-attachment":"scroll","background-type":"","background-media":"","overlay-type":"","overlay-color":"","overlay-opacity":"","overlay-gradient":""},"tablet":{"background-color":"var(--ast-global-color-4)","background-image":"","background-repeat":"repeat","background-position":"center center","background-size":"auto","background-attachment":"scroll","background-type":"","background-media":"","overlay-type":"","overlay-color":"","overlay-opacity":"","overlay-gradient":""},"mobile":{"background-color":"var(--ast-global-color-4)","background-image":"","background-repeat":"repeat","background-position":"center center","background-size":"auto","background-attachment":"scroll","background-type":"","background-media":"","overlay-type":"","overlay-color":"","overlay-opacity":"","overlay-gradient":""}},"footnotes":""},"categories":[18,1,13],"tags":[],"class_list":["post-61419","post","type-post","status-publish","format-standard","has-post-thumbnail","hentry","category-neuquen","category-noticias","category-provinciales"],"yoast_head":"<!-- This site is optimized with the Yoast SEO Premium plugin v23.0 (Yoast SEO v27.5) - https:\/\/yoast.com\/product\/yoast-seo-premium-wordpress\/ -->\n<title>La producci\u00f3n minera en Neuqu\u00e9n crece a la par de los puestos de trabajo<\/title>\n<meta name=\"robots\" content=\"index, follow, max-snippet:-1, max-image-preview:large, max-video-preview:-1\" \/>\n<link rel=\"canonical\" href=\"https:\/\/patagoniambiental.com.ar\/info\/la-produccion-minera-en-neuquen-crece-a-la-par-de-los-puestos-de-trabajo\/\" \/>\n<meta property=\"og:locale\" content=\"es_ES\" \/>\n<meta property=\"og:type\" content=\"article\" \/>\n<meta property=\"og:title\" content=\"La producci\u00f3n minera en Neuqu\u00e9n crece a la par de los puestos de trabajo\" \/>\n<meta property=\"og:description\" content=\"Neuqu\u00e9n.-La actividad minera de la provincia crece de manera sostenida\u00a0 y al ritmo de la industria hidrocarbur\u00edfera. En 2018 la [&hellip;]\" \/>\n<meta property=\"og:url\" content=\"https:\/\/patagoniambiental.com.ar\/info\/la-produccion-minera-en-neuquen-crece-a-la-par-de-los-puestos-de-trabajo\/\" \/>\n<meta property=\"og:site_name\" content=\"Patagonia Ambiental\" \/>\n<meta property=\"article:publisher\" content=\"https:\/\/www.facebook.com\/patagonia.ambiental\" \/>\n<meta property=\"article:author\" content=\"https:\/\/www.facebook.com\/share\/1C1V8Gv9BX\/?mibextid=qi2Omg\" \/>\n<meta property=\"article:published_time\" content=\"2019-05-28T10:00:22+00:00\" \/>\n<meta property=\"og:image\" content=\"https:\/\/patagoniambiental.com.ar\/info\/wp-content\/uploads\/2019\/05\/WEB-PRIMERA-Mineria_La-Primavera-02_031-1068x528.jpg\" \/>\n\t<meta property=\"og:image:width\" content=\"1068\" \/>\n\t<meta property=\"og:image:height\" content=\"528\" \/>\n\t<meta property=\"og:image:type\" content=\"image\/jpeg\" \/>\n<meta name=\"author\" content=\"Patagonia Ambiental\" \/>\n<meta name=\"twitter:card\" content=\"summary_large_image\" \/>\n<meta name=\"twitter:creator\" content=\"@PatAmb\" \/>\n<meta name=\"twitter:site\" content=\"@PatAmb\" \/>\n<script type=\"application\/ld+json\" class=\"yoast-schema-graph\">{\"@context\":\"https:\\\/\\\/schema.org\",\"@graph\":[{\"@type\":\"Article\",\"@id\":\"https:\\\/\\\/patagoniambiental.com.ar\\\/info\\\/la-produccion-minera-en-neuquen-crece-a-la-par-de-los-puestos-de-trabajo\\\/#article\",\"isPartOf\":{\"@id\":\"https:\\\/\\\/patagoniambiental.com.ar\\\/info\\\/la-produccion-minera-en-neuquen-crece-a-la-par-de-los-puestos-de-trabajo\\\/\"},\"author\":{\"name\":\"Patagonia Ambiental\",\"@id\":\"https:\\\/\\\/patagoniambiental.com.ar\\\/info\\\/#\\\/schema\\\/person\\\/db12bff64bbcbf6a253710bf0ea37b5d\"},\"headline\":\"La producci\u00f3n minera en Neuqu\u00e9n crece a la par de los puestos de trabajo\",\"datePublished\":\"2019-05-28T10:00:22+00:00\",\"mainEntityOfPage\":{\"@id\":\"https:\\\/\\\/patagoniambiental.com.ar\\\/info\\\/la-produccion-minera-en-neuquen-crece-a-la-par-de-los-puestos-de-trabajo\\\/\"},\"wordCount\":563,\"commentCount\":0,\"publisher\":{\"@id\":\"https:\\\/\\\/patagoniambiental.com.ar\\\/info\\\/#organization\"},\"image\":{\"@id\":\"https:\\\/\\\/patagoniambiental.com.ar\\\/info\\\/la-produccion-minera-en-neuquen-crece-a-la-par-de-los-puestos-de-trabajo\\\/#primaryimage\"},\"thumbnailUrl\":\"https:\\\/\\\/patagoniambiental.com.ar\\\/info\\\/wp-content\\\/uploads\\\/2019\\\/05\\\/WEB-PRIMERA-Mineria_La-Primavera-02_031-1068x528.jpg\",\"articleSection\":[\"Neuqu\u00e9n\",\"Noticias\",\"Provinciales\"],\"inLanguage\":\"es\",\"potentialAction\":[{\"@type\":\"CommentAction\",\"name\":\"Comment\",\"target\":[\"https:\\\/\\\/patagoniambiental.com.ar\\\/info\\\/la-produccion-minera-en-neuquen-crece-a-la-par-de-los-puestos-de-trabajo\\\/#respond\"]}]},{\"@type\":\"WebPage\",\"@id\":\"https:\\\/\\\/patagoniambiental.com.ar\\\/info\\\/la-produccion-minera-en-neuquen-crece-a-la-par-de-los-puestos-de-trabajo\\\/\",\"url\":\"https:\\\/\\\/patagoniambiental.com.ar\\\/info\\\/la-produccion-minera-en-neuquen-crece-a-la-par-de-los-puestos-de-trabajo\\\/\",\"name\":\"La producci\u00f3n minera en Neuqu\u00e9n crece a la par de los puestos de trabajo\",\"isPartOf\":{\"@id\":\"https:\\\/\\\/patagoniambiental.com.ar\\\/info\\\/#website\"},\"primaryImageOfPage\":{\"@id\":\"https:\\\/\\\/patagoniambiental.com.ar\\\/info\\\/la-produccion-minera-en-neuquen-crece-a-la-par-de-los-puestos-de-trabajo\\\/#primaryimage\"},\"image\":{\"@id\":\"https:\\\/\\\/patagoniambiental.com.ar\\\/info\\\/la-produccion-minera-en-neuquen-crece-a-la-par-de-los-puestos-de-trabajo\\\/#primaryimage\"},\"thumbnailUrl\":\"https:\\\/\\\/patagoniambiental.com.ar\\\/info\\\/wp-content\\\/uploads\\\/2019\\\/05\\\/WEB-PRIMERA-Mineria_La-Primavera-02_031-1068x528.jpg\",\"datePublished\":\"2019-05-28T10:00:22+00:00\",\"breadcrumb\":{\"@id\":\"https:\\\/\\\/patagoniambiental.com.ar\\\/info\\\/la-produccion-minera-en-neuquen-crece-a-la-par-de-los-puestos-de-trabajo\\\/#breadcrumb\"},\"inLanguage\":\"es\",\"potentialAction\":[{\"@type\":\"ReadAction\",\"target\":[\"https:\\\/\\\/patagoniambiental.com.ar\\\/info\\\/la-produccion-minera-en-neuquen-crece-a-la-par-de-los-puestos-de-trabajo\\\/\"]}]},{\"@type\":\"ImageObject\",\"inLanguage\":\"es\",\"@id\":\"https:\\\/\\\/patagoniambiental.com.ar\\\/info\\\/la-produccion-minera-en-neuquen-crece-a-la-par-de-los-puestos-de-trabajo\\\/#primaryimage\",\"url\":\"https:\\\/\\\/patagoniambiental.com.ar\\\/info\\\/wp-content\\\/uploads\\\/2019\\\/05\\\/WEB-PRIMERA-Mineria_La-Primavera-02_031-1068x528.jpg\",\"contentUrl\":\"https:\\\/\\\/patagoniambiental.com.ar\\\/info\\\/wp-content\\\/uploads\\\/2019\\\/05\\\/WEB-PRIMERA-Mineria_La-Primavera-02_031-1068x528.jpg\",\"width\":1068,\"height\":528},{\"@type\":\"BreadcrumbList\",\"@id\":\"https:\\\/\\\/patagoniambiental.com.ar\\\/info\\\/la-produccion-minera-en-neuquen-crece-a-la-par-de-los-puestos-de-trabajo\\\/#breadcrumb\",\"itemListElement\":[{\"@type\":\"ListItem\",\"position\":1,\"name\":\"Inicio\",\"item\":\"https:\\\/\\\/patagoniambiental.com.ar\\\/info\\\/\"},{\"@type\":\"ListItem\",\"position\":2,\"name\":\"La producci\u00f3n minera en Neuqu\u00e9n crece a la par de los puestos de trabajo\"}]},{\"@type\":\"WebSite\",\"@id\":\"https:\\\/\\\/patagoniambiental.com.ar\\\/info\\\/#website\",\"url\":\"https:\\\/\\\/patagoniambiental.com.ar\\\/info\\\/\",\"name\":\"Patagonia Ambiental\",\"description\":\"Monitoreo y an\u00e1lisis de la situaci\u00f3n geopol\u00edtica en el mundo y su implicancia en la Patagonia\",\"publisher\":{\"@id\":\"https:\\\/\\\/patagoniambiental.com.ar\\\/info\\\/#organization\"},\"potentialAction\":[{\"@type\":\"SearchAction\",\"target\":{\"@type\":\"EntryPoint\",\"urlTemplate\":\"https:\\\/\\\/patagoniambiental.com.ar\\\/info\\\/?s={search_term_string}\"},\"query-input\":{\"@type\":\"PropertyValueSpecification\",\"valueRequired\":true,\"valueName\":\"search_term_string\"}}],\"inLanguage\":\"es\"},{\"@type\":\"Organization\",\"@id\":\"https:\\\/\\\/patagoniambiental.com.ar\\\/info\\\/#organization\",\"name\":\"Patagonia Ambiental\",\"url\":\"https:\\\/\\\/patagoniambiental.com.ar\\\/info\\\/\",\"logo\":{\"@type\":\"ImageObject\",\"inLanguage\":\"es\",\"@id\":\"https:\\\/\\\/patagoniambiental.com.ar\\\/info\\\/#\\\/schema\\\/logo\\\/image\\\/\",\"url\":\"https:\\\/\\\/patagoniambiental.com.ar\\\/info\\\/wp-content\\\/uploads\\\/2025\\\/05\\\/LOGO-PATAGONIA-AMBIENTAL.png\",\"contentUrl\":\"https:\\\/\\\/patagoniambiental.com.ar\\\/info\\\/wp-content\\\/uploads\\\/2025\\\/05\\\/LOGO-PATAGONIA-AMBIENTAL.png\",\"width\":433,\"height\":250,\"caption\":\"Patagonia Ambiental\"},\"image\":{\"@id\":\"https:\\\/\\\/patagoniambiental.com.ar\\\/info\\\/#\\\/schema\\\/logo\\\/image\\\/\"},\"sameAs\":[\"https:\\\/\\\/www.facebook.com\\\/patagonia.ambiental\",\"https:\\\/\\\/x.com\\\/PatAmb\"]},{\"@type\":\"Person\",\"@id\":\"https:\\\/\\\/patagoniambiental.com.ar\\\/info\\\/#\\\/schema\\\/person\\\/db12bff64bbcbf6a253710bf0ea37b5d\",\"name\":\"Patagonia Ambiental\",\"description\":\"Andr\u00e9s Nievas T\u00e9cnico en manejo ambiental, consultor Ambiental y escritor para medios locales e internacionales sobre temas de geopolitica y medio ambiente.\",\"sameAs\":[\"http:\\\/\\\/www.patagoniambiental.com.ar\",\"https:\\\/\\\/www.facebook.com\\\/share\\\/1C1V8Gv9BX\\\/?mibextid=qi2Omg\",\"@patagoniambiental\",\"https:\\\/\\\/youtube.com\\\/@patagoniaambiental2023?si=BLt58t0wuXquxlYZ\"]}]}<\/script>\n<!-- \/ Yoast SEO Premium plugin. -->","yoast_head_json":{"title":"La producci\u00f3n minera en Neuqu\u00e9n crece a la par de los puestos de trabajo","robots":{"index":"index","follow":"follow","max-snippet":"max-snippet:-1","max-image-preview":"max-image-preview:large","max-video-preview":"max-video-preview:-1"},"canonical":"https:\/\/patagoniambiental.com.ar\/info\/la-produccion-minera-en-neuquen-crece-a-la-par-de-los-puestos-de-trabajo\/","og_locale":"es_ES","og_type":"article","og_title":"La producci\u00f3n minera en Neuqu\u00e9n crece a la par de los puestos de trabajo","og_description":"Neuqu\u00e9n.-La actividad minera de la provincia crece de manera sostenida\u00a0 y al ritmo de la industria hidrocarbur\u00edfera. En 2018 la [&hellip;]","og_url":"https:\/\/patagoniambiental.com.ar\/info\/la-produccion-minera-en-neuquen-crece-a-la-par-de-los-puestos-de-trabajo\/","og_site_name":"Patagonia Ambiental","article_publisher":"https:\/\/www.facebook.com\/patagonia.ambiental","article_author":"https:\/\/www.facebook.com\/share\/1C1V8Gv9BX\/?mibextid=qi2Omg","article_published_time":"2019-05-28T10:00:22+00:00","og_image":[{"width":1068,"height":528,"url":"https:\/\/patagoniambiental.com.ar\/info\/wp-content\/uploads\/2019\/05\/WEB-PRIMERA-Mineria_La-Primavera-02_031-1068x528.jpg","type":"image\/jpeg"}],"author":"Patagonia Ambiental","twitter_card":"summary_large_image","twitter_creator":"@PatAmb","twitter_site":"@PatAmb","schema":{"@context":"https:\/\/schema.org","@graph":[{"@type":"Article","@id":"https:\/\/patagoniambiental.com.ar\/info\/la-produccion-minera-en-neuquen-crece-a-la-par-de-los-puestos-de-trabajo\/#article","isPartOf":{"@id":"https:\/\/patagoniambiental.com.ar\/info\/la-produccion-minera-en-neuquen-crece-a-la-par-de-los-puestos-de-trabajo\/"},"author":{"name":"Patagonia Ambiental","@id":"https:\/\/patagoniambiental.com.ar\/info\/#\/schema\/person\/db12bff64bbcbf6a253710bf0ea37b5d"},"headline":"La producci\u00f3n minera en Neuqu\u00e9n crece a la par de los puestos de trabajo","datePublished":"2019-05-28T10:00:22+00:00","mainEntityOfPage":{"@id":"https:\/\/patagoniambiental.com.ar\/info\/la-produccion-minera-en-neuquen-crece-a-la-par-de-los-puestos-de-trabajo\/"},"wordCount":563,"commentCount":0,"publisher":{"@id":"https:\/\/patagoniambiental.com.ar\/info\/#organization"},"image":{"@id":"https:\/\/patagoniambiental.com.ar\/info\/la-produccion-minera-en-neuquen-crece-a-la-par-de-los-puestos-de-trabajo\/#primaryimage"},"thumbnailUrl":"https:\/\/patagoniambiental.com.ar\/info\/wp-content\/uploads\/2019\/05\/WEB-PRIMERA-Mineria_La-Primavera-02_031-1068x528.jpg","articleSection":["Neuqu\u00e9n","Noticias","Provinciales"],"inLanguage":"es","potentialAction":[{"@type":"CommentAction","name":"Comment","target":["https:\/\/patagoniambiental.com.ar\/info\/la-produccion-minera-en-neuquen-crece-a-la-par-de-los-puestos-de-trabajo\/#respond"]}]},{"@type":"WebPage","@id":"https:\/\/patagoniambiental.com.ar\/info\/la-produccion-minera-en-neuquen-crece-a-la-par-de-los-puestos-de-trabajo\/","url":"https:\/\/patagoniambiental.com.ar\/info\/la-produccion-minera-en-neuquen-crece-a-la-par-de-los-puestos-de-trabajo\/","name":"La producci\u00f3n minera en Neuqu\u00e9n crece a la par de los puestos de trabajo","isPartOf":{"@id":"https:\/\/patagoniambiental.com.ar\/info\/#website"},"primaryImageOfPage":{"@id":"https:\/\/patagoniambiental.com.ar\/info\/la-produccion-minera-en-neuquen-crece-a-la-par-de-los-puestos-de-trabajo\/#primaryimage"},"image":{"@id":"https:\/\/patagoniambiental.com.ar\/info\/la-produccion-minera-en-neuquen-crece-a-la-par-de-los-puestos-de-trabajo\/#primaryimage"},"thumbnailUrl":"https:\/\/patagoniambiental.com.ar\/info\/wp-content\/uploads\/2019\/05\/WEB-PRIMERA-Mineria_La-Primavera-02_031-1068x528.jpg","datePublished":"2019-05-28T10:00:22+00:00","breadcrumb":{"@id":"https:\/\/patagoniambiental.com.ar\/info\/la-produccion-minera-en-neuquen-crece-a-la-par-de-los-puestos-de-trabajo\/#breadcrumb"},"inLanguage":"es","potentialAction":[{"@type":"ReadAction","target":["https:\/\/patagoniambiental.com.ar\/info\/la-produccion-minera-en-neuquen-crece-a-la-par-de-los-puestos-de-trabajo\/"]}]},{"@type":"ImageObject","inLanguage":"es","@id":"https:\/\/patagoniambiental.com.ar\/info\/la-produccion-minera-en-neuquen-crece-a-la-par-de-los-puestos-de-trabajo\/#primaryimage","url":"https:\/\/patagoniambiental.com.ar\/info\/wp-content\/uploads\/2019\/05\/WEB-PRIMERA-Mineria_La-Primavera-02_031-1068x528.jpg","contentUrl":"https:\/\/patagoniambiental.com.ar\/info\/wp-content\/uploads\/2019\/05\/WEB-PRIMERA-Mineria_La-Primavera-02_031-1068x528.jpg","width":1068,"height":528},{"@type":"BreadcrumbList","@id":"https:\/\/patagoniambiental.com.ar\/info\/la-produccion-minera-en-neuquen-crece-a-la-par-de-los-puestos-de-trabajo\/#breadcrumb","itemListElement":[{"@type":"ListItem","position":1,"name":"Inicio","item":"https:\/\/patagoniambiental.com.ar\/info\/"},{"@type":"ListItem","position":2,"name":"La producci\u00f3n minera en Neuqu\u00e9n crece a la par de los puestos de trabajo"}]},{"@type":"WebSite","@id":"https:\/\/patagoniambiental.com.ar\/info\/#website","url":"https:\/\/patagoniambiental.com.ar\/info\/","name":"Patagonia Ambiental","description":"Monitoreo y an\u00e1lisis de la situaci\u00f3n geopol\u00edtica en el mundo y su implicancia en la Patagonia","publisher":{"@id":"https:\/\/patagoniambiental.com.ar\/info\/#organization"},"potentialAction":[{"@type":"SearchAction","target":{"@type":"EntryPoint","urlTemplate":"https:\/\/patagoniambiental.com.ar\/info\/?s={search_term_string}"},"query-input":{"@type":"PropertyValueSpecification","valueRequired":true,"valueName":"search_term_string"}}],"inLanguage":"es"},{"@type":"Organization","@id":"https:\/\/patagoniambiental.com.ar\/info\/#organization","name":"Patagonia Ambiental","url":"https:\/\/patagoniambiental.com.ar\/info\/","logo":{"@type":"ImageObject","inLanguage":"es","@id":"https:\/\/patagoniambiental.com.ar\/info\/#\/schema\/logo\/image\/","url":"https:\/\/patagoniambiental.com.ar\/info\/wp-content\/uploads\/2025\/05\/LOGO-PATAGONIA-AMBIENTAL.png","contentUrl":"https:\/\/patagoniambiental.com.ar\/info\/wp-content\/uploads\/2025\/05\/LOGO-PATAGONIA-AMBIENTAL.png","width":433,"height":250,"caption":"Patagonia Ambiental"},"image":{"@id":"https:\/\/patagoniambiental.com.ar\/info\/#\/schema\/logo\/image\/"},"sameAs":["https:\/\/www.facebook.com\/patagonia.ambiental","https:\/\/x.com\/PatAmb"]},{"@type":"Person","@id":"https:\/\/patagoniambiental.com.ar\/info\/#\/schema\/person\/db12bff64bbcbf6a253710bf0ea37b5d","name":"Patagonia Ambiental","description":"Andr\u00e9s Nievas T\u00e9cnico en manejo ambiental, consultor Ambiental y escritor para medios locales e internacionales sobre temas de geopolitica y medio ambiente.","sameAs":["http:\/\/www.patagoniambiental.com.ar","https:\/\/www.facebook.com\/share\/1C1V8Gv9BX\/?mibextid=qi2Omg","@patagoniambiental","https:\/\/youtube.com\/@patagoniaambiental2023?si=BLt58t0wuXquxlYZ"]}]}},"_links":{"self":[{"href":"https:\/\/patagoniambiental.com.ar\/info\/wp-json\/wp\/v2\/posts\/61419","targetHints":{"allow":["GET"]}}],"collection":[{"href":"https:\/\/patagoniambiental.com.ar\/info\/wp-json\/wp\/v2\/posts"}],"about":[{"href":"https:\/\/patagoniambiental.com.ar\/info\/wp-json\/wp\/v2\/types\/post"}],"author":[{"embeddable":true,"href":"https:\/\/patagoniambiental.com.ar\/info\/wp-json\/wp\/v2\/users\/2"}],"replies":[{"embeddable":true,"href":"https:\/\/patagoniambiental.com.ar\/info\/wp-json\/wp\/v2\/comments?post=61419"}],"version-history":[{"count":0,"href":"https:\/\/patagoniambiental.com.ar\/info\/wp-json\/wp\/v2\/posts\/61419\/revisions"}],"wp:featuredmedia":[{"embeddable":true,"href":"https:\/\/patagoniambiental.com.ar\/info\/wp-json\/wp\/v2\/media\/61420"}],"wp:attachment":[{"href":"https:\/\/patagoniambiental.com.ar\/info\/wp-json\/wp\/v2\/media?parent=61419"}],"wp:term":[{"taxonomy":"category","embeddable":true,"href":"https:\/\/patagoniambiental.com.ar\/info\/wp-json\/wp\/v2\/categories?post=61419"},{"taxonomy":"post_tag","embeddable":true,"href":"https:\/\/patagoniambiental.com.ar\/info\/wp-json\/wp\/v2\/tags?post=61419"}],"curies":[{"name":"wp","href":"https:\/\/api.w.org\/{rel}","templated":true}]}}