{"id":61422,"date":"2019-05-24T19:00:27","date_gmt":"2019-05-24T22:00:27","guid":{"rendered":"http:\/\/patagoniambiental.com.ar\/info\/?p=61422"},"modified":"2019-05-23T15:27:10","modified_gmt":"2019-05-23T18:27:10","slug":"comenzo-la-construccion-del-primer-parque-eolico-en-neuquen","status":"publish","type":"post","link":"https:\/\/patagoniambiental.com.ar\/info\/comenzo-la-construccion-del-primer-parque-eolico-en-neuquen\/","title":{"rendered":"Comenz\u00f3 la construcci\u00f3n del primer parque e\u00f3lico en Neuqu\u00e9n"},"content":{"rendered":"<div class=\"td-post-header td-container\">\n<div class=\"td-post-header-holder sombra\"><\/div>\n<\/div>\n<div class=\"td-container\">\n<div class=\"td-pb-row\">\n<div class=\"td-pb-span8 td-main-content\" role=\"main\">\n<div class=\"td-ss-main-content\">\n<div class=\"clearfix\">Neuqu\u00e9n.-\u201cVientos Neuquinos\u201d fue dise\u00f1ado y desarrollado \u00edntegramente por t\u00e9cnicos de la provincia.<\/div>\n<div><!--more--><\/div>\n<div class=\"td-post-content\">\n<p>El Parque E\u00f3lico \u201cVientos Neuquinos\u201d, estudiado, dise\u00f1ado y gestionado en sus fases de prospectiva, proyecto ejecutivo y ambiental por t\u00e9cnicos y profesionales del gobierno neuquino a trav\u00e9s de la Agencia para la Promoci\u00f3n y Desarrollo de Inversiones de la provincia (ADI-NQN), comenz\u00f3 a perfilarse en la zona de Bajada Colorada, ubicada entre Pic\u00fan Leuf\u00fa y Piedra del \u00c1guila, a cinco kil\u00f3metros de la ruta 237.<\/p>\n<p>La empresa constructora norteamericana AES es la responsable de este megaproyecto que inici\u00f3 con movimientos de suelo y las bases de 24 aerogeneradores\u00a0 que\u00a0 producir\u00e1n 80 MW en una primera etapa, equivalente al 40 por ciento del consumo el\u00e9ctrico de toda la provincia del Neuqu\u00e9n.<\/p>\n<p>La inversi\u00f3n prevista es de 110 millones de d\u00f3lares con un plazo de ejecuci\u00f3n de 369 d\u00edas, por lo que se estima que podr\u00e1 estar generando en el mes de febrero de 2020.<\/p>\n<p>El inicio de esta obra comenz\u00f3 a generar impacto en la zona de influencia, dado que demandar\u00e1 mano de obra de alrededor de 200 personas en la etapa de construcci\u00f3n, adem\u00e1s de las que ocupar\u00e1n empresas contratistas que se ubican en otros puntos de la regi\u00f3n.<\/p>\n<p>\u201cVientos Neuquinos\u201d es el primer paso, y forma parte de una cartera de proyectos de la Agencia de Inversiones que la provincia del Neuqu\u00e9n puede ofrecer al pa\u00eds, con\u00a0 un total de 1.000 MW de energ\u00edas limpias, tanto e\u00f3lica y solar, como geot\u00e9rmica e hidroel\u00e9ctrica, que demandar\u00e1n una inversi\u00f3n de m\u00e1s de 1.600 millones de d\u00f3lares.<\/p>\n<p>Junto con el parque e\u00f3lico Los Meandros, ya iniciado en el \u00e1rea Challac\u00f3, se podr\u00e1 satisfacer la demanda energ\u00e9tica de la totalidad del territorio neuquino con energ\u00edas renovables, y as\u00ed tambi\u00e9n cumplir con las metas de generar al a\u00f1o 2017 el 8 por ciento, como m\u00ednimo, de la energ\u00eda el\u00e9ctrica proveniente de fuentes renovables y el 20 por ciento en 2025 de la matriz energ\u00e9tica nacional, establecidos por la Ley N\u00ba 27191.<\/p>\n<figure id=\"attachment_131696\" class=\"wp-caption aligncenter\"><img fetchpriority=\"high\" decoding=\"async\" class=\"wp-image-131696 size-large\" src=\"https:\/\/www.neuqueninforma.gob.ar\/wp-content\/uploads\/2019\/05\/web-2019-05-14-at-12.40.57-1-1024x506.jpg\" sizes=\"(max-width: 640px) 100vw, 640px\" srcset=\"https:\/\/www.neuqueninforma.gob.ar\/wp-content\/uploads\/2019\/05\/web-2019-05-14-at-12.40.57-1-1024x506.jpg 1024w, https:\/\/www.neuqueninforma.gob.ar\/wp-content\/uploads\/2019\/05\/web-2019-05-14-at-12.40.57-1-300x148.jpg 300w, https:\/\/www.neuqueninforma.gob.ar\/wp-content\/uploads\/2019\/05\/web-2019-05-14-at-12.40.57-1-324x160.jpg 324w, https:\/\/www.neuqueninforma.gob.ar\/wp-content\/uploads\/2019\/05\/web-2019-05-14-at-12.40.57-1-696x344.jpg 696w, https:\/\/www.neuqueninforma.gob.ar\/wp-content\/uploads\/2019\/05\/web-2019-05-14-at-12.40.57-1-1068x528.jpg 1068w, https:\/\/www.neuqueninforma.gob.ar\/wp-content\/uploads\/2019\/05\/web-2019-05-14-at-12.40.57-1-850x420.jpg 850w, https:\/\/www.neuqueninforma.gob.ar\/wp-content\/uploads\/2019\/05\/web-2019-05-14-at-12.40.57-1-1320x652.jpg 1320w, https:\/\/www.neuqueninforma.gob.ar\/wp-content\/uploads\/2019\/05\/web-2019-05-14-at-12.40.57-1.jpg 1403w\" alt=\"\" width=\"640\" height=\"316\" \/><figcaption class=\"wp-caption-text\">La inversi\u00f3n prevista es de 110 millones de d\u00f3lares con un plazo de ejecuci\u00f3n de 369 d\u00edas, por lo que se estima que podr\u00e1 estar generando en el mes de febrero de 2020.<\/figcaption><\/figure>\n<\/div>\n<\/div>\n<\/div>\n<\/div>\n<\/div>\n<p>Fuente: Neuquen Informa<\/p>\n","protected":false},"excerpt":{"rendered":"<p>Neuqu\u00e9n.-\u201cVientos Neuquinos\u201d fue dise\u00f1ado y desarrollado \u00edntegramente por t\u00e9cnicos de la provincia.<\/p>\n","protected":false},"author":2,"featured_media":61423,"comment_status":"open","ping_status":"open","sticky":false,"template":"","format":"standard","meta":{"site-sidebar-layout":"default","site-content-layout":"","ast-site-content-layout":"default","site-content-style":"default","site-sidebar-style":"default","ast-global-header-display":"","ast-banner-title-visibility":"","ast-main-header-display":"","ast-hfb-above-header-display":"","ast-hfb-below-header-display":"","ast-hfb-mobile-header-display":"","site-post-title":"","ast-breadcrumbs-content":"","ast-featured-img":"","footer-sml-layout":"","ast-disable-related-posts":"","theme-transparent-header-meta":"","adv-header-id-meta":"","stick-header-meta":"","header-above-stick-meta":"","header-main-stick-meta":"","header-below-stick-meta":"","astra-migrate-meta-layouts":"default","ast-page-background-enabled":"default","ast-page-background-meta":{"desktop":{"background-color":"var(--ast-global-color-5)","background-image":"","background-repeat":"repeat","background-position":"center center","background-size":"auto","background-attachment":"scroll","background-type":"","background-media":"","overlay-type":"","overlay-color":"","overlay-opacity":"","overlay-gradient":""},"tablet":{"background-color":"","background-image":"","background-repeat":"repeat","background-position":"center center","background-size":"auto","background-attachment":"scroll","background-type":"","background-media":"","overlay-type":"","overlay-color":"","overlay-opacity":"","overlay-gradient":""},"mobile":{"background-color":"","background-image":"","background-repeat":"repeat","background-position":"center center","background-size":"auto","background-attachment":"scroll","background-type":"","background-media":"","overlay-type":"","overlay-color":"","overlay-opacity":"","overlay-gradient":""}},"ast-content-background-meta":{"desktop":{"background-color":"var(--ast-global-color-4)","background-image":"","background-repeat":"repeat","background-position":"center center","background-size":"auto","background-attachment":"scroll","background-type":"","background-media":"","overlay-type":"","overlay-color":"","overlay-opacity":"","overlay-gradient":""},"tablet":{"background-color":"var(--ast-global-color-4)","background-image":"","background-repeat":"repeat","background-position":"center center","background-size":"auto","background-attachment":"scroll","background-type":"","background-media":"","overlay-type":"","overlay-color":"","overlay-opacity":"","overlay-gradient":""},"mobile":{"background-color":"var(--ast-global-color-4)","background-image":"","background-repeat":"repeat","background-position":"center center","background-size":"auto","background-attachment":"scroll","background-type":"","background-media":"","overlay-type":"","overlay-color":"","overlay-opacity":"","overlay-gradient":""}},"footnotes":""},"categories":[18,1,13],"tags":[],"class_list":["post-61422","post","type-post","status-publish","format-standard","has-post-thumbnail","hentry","category-neuquen","category-noticias","category-provinciales"],"yoast_head":"<!-- This site is optimized with the Yoast SEO Premium plugin v23.0 (Yoast SEO v27.5) - https:\/\/yoast.com\/product\/yoast-seo-premium-wordpress\/ -->\n<title>Comenz\u00f3 la construcci\u00f3n del primer parque e\u00f3lico en Neuqu\u00e9n<\/title>\n<meta name=\"robots\" content=\"index, follow, max-snippet:-1, max-image-preview:large, max-video-preview:-1\" \/>\n<link rel=\"canonical\" href=\"https:\/\/patagoniambiental.com.ar\/info\/comenzo-la-construccion-del-primer-parque-eolico-en-neuquen\/\" \/>\n<meta property=\"og:locale\" content=\"es_ES\" \/>\n<meta property=\"og:type\" content=\"article\" \/>\n<meta property=\"og:title\" content=\"Comenz\u00f3 la construcci\u00f3n del primer parque e\u00f3lico en Neuqu\u00e9n\" \/>\n<meta property=\"og:description\" content=\"Neuqu\u00e9n.-\u201cVientos Neuquinos\u201d fue dise\u00f1ado y desarrollado \u00edntegramente por t\u00e9cnicos de la provincia.\" \/>\n<meta property=\"og:url\" content=\"https:\/\/patagoniambiental.com.ar\/info\/comenzo-la-construccion-del-primer-parque-eolico-en-neuquen\/\" \/>\n<meta property=\"og:site_name\" content=\"Patagonia Ambiental\" \/>\n<meta property=\"article:publisher\" content=\"https:\/\/www.facebook.com\/patagonia.ambiental\" \/>\n<meta property=\"article:author\" content=\"https:\/\/www.facebook.com\/share\/1C1V8Gv9BX\/?mibextid=qi2Omg\" \/>\n<meta property=\"article:published_time\" content=\"2019-05-24T22:00:27+00:00\" \/>\n<meta property=\"og:image\" content=\"https:\/\/patagoniambiental.com.ar\/info\/wp-content\/uploads\/2019\/05\/web-2019-05-14-at-12.40.56-1068x528.jpg\" \/>\n\t<meta property=\"og:image:width\" content=\"1068\" \/>\n\t<meta property=\"og:image:height\" content=\"528\" \/>\n\t<meta property=\"og:image:type\" content=\"image\/jpeg\" \/>\n<meta name=\"author\" content=\"Patagonia Ambiental\" \/>\n<meta name=\"twitter:card\" content=\"summary_large_image\" \/>\n<meta name=\"twitter:creator\" content=\"@PatAmb\" \/>\n<meta name=\"twitter:site\" content=\"@PatAmb\" \/>\n<script type=\"application\/ld+json\" class=\"yoast-schema-graph\">{\"@context\":\"https:\\\/\\\/schema.org\",\"@graph\":[{\"@type\":\"Article\",\"@id\":\"https:\\\/\\\/patagoniambiental.com.ar\\\/info\\\/comenzo-la-construccion-del-primer-parque-eolico-en-neuquen\\\/#article\",\"isPartOf\":{\"@id\":\"https:\\\/\\\/patagoniambiental.com.ar\\\/info\\\/comenzo-la-construccion-del-primer-parque-eolico-en-neuquen\\\/\"},\"author\":{\"name\":\"Patagonia Ambiental\",\"@id\":\"https:\\\/\\\/patagoniambiental.com.ar\\\/info\\\/#\\\/schema\\\/person\\\/db12bff64bbcbf6a253710bf0ea37b5d\"},\"headline\":\"Comenz\u00f3 la construcci\u00f3n del primer parque e\u00f3lico en Neuqu\u00e9n\",\"datePublished\":\"2019-05-24T22:00:27+00:00\",\"mainEntityOfPage\":{\"@id\":\"https:\\\/\\\/patagoniambiental.com.ar\\\/info\\\/comenzo-la-construccion-del-primer-parque-eolico-en-neuquen\\\/\"},\"wordCount\":405,\"commentCount\":0,\"publisher\":{\"@id\":\"https:\\\/\\\/patagoniambiental.com.ar\\\/info\\\/#organization\"},\"image\":{\"@id\":\"https:\\\/\\\/patagoniambiental.com.ar\\\/info\\\/comenzo-la-construccion-del-primer-parque-eolico-en-neuquen\\\/#primaryimage\"},\"thumbnailUrl\":\"https:\\\/\\\/patagoniambiental.com.ar\\\/info\\\/wp-content\\\/uploads\\\/2019\\\/05\\\/web-2019-05-14-at-12.40.56-1068x528.jpg\",\"articleSection\":[\"Neuqu\u00e9n\",\"Noticias\",\"Provinciales\"],\"inLanguage\":\"es\",\"potentialAction\":[{\"@type\":\"CommentAction\",\"name\":\"Comment\",\"target\":[\"https:\\\/\\\/patagoniambiental.com.ar\\\/info\\\/comenzo-la-construccion-del-primer-parque-eolico-en-neuquen\\\/#respond\"]}]},{\"@type\":\"WebPage\",\"@id\":\"https:\\\/\\\/patagoniambiental.com.ar\\\/info\\\/comenzo-la-construccion-del-primer-parque-eolico-en-neuquen\\\/\",\"url\":\"https:\\\/\\\/patagoniambiental.com.ar\\\/info\\\/comenzo-la-construccion-del-primer-parque-eolico-en-neuquen\\\/\",\"name\":\"Comenz\u00f3 la construcci\u00f3n del primer parque e\u00f3lico en Neuqu\u00e9n\",\"isPartOf\":{\"@id\":\"https:\\\/\\\/patagoniambiental.com.ar\\\/info\\\/#website\"},\"primaryImageOfPage\":{\"@id\":\"https:\\\/\\\/patagoniambiental.com.ar\\\/info\\\/comenzo-la-construccion-del-primer-parque-eolico-en-neuquen\\\/#primaryimage\"},\"image\":{\"@id\":\"https:\\\/\\\/patagoniambiental.com.ar\\\/info\\\/comenzo-la-construccion-del-primer-parque-eolico-en-neuquen\\\/#primaryimage\"},\"thumbnailUrl\":\"https:\\\/\\\/patagoniambiental.com.ar\\\/info\\\/wp-content\\\/uploads\\\/2019\\\/05\\\/web-2019-05-14-at-12.40.56-1068x528.jpg\",\"datePublished\":\"2019-05-24T22:00:27+00:00\",\"breadcrumb\":{\"@id\":\"https:\\\/\\\/patagoniambiental.com.ar\\\/info\\\/comenzo-la-construccion-del-primer-parque-eolico-en-neuquen\\\/#breadcrumb\"},\"inLanguage\":\"es\",\"potentialAction\":[{\"@type\":\"ReadAction\",\"target\":[\"https:\\\/\\\/patagoniambiental.com.ar\\\/info\\\/comenzo-la-construccion-del-primer-parque-eolico-en-neuquen\\\/\"]}]},{\"@type\":\"ImageObject\",\"inLanguage\":\"es\",\"@id\":\"https:\\\/\\\/patagoniambiental.com.ar\\\/info\\\/comenzo-la-construccion-del-primer-parque-eolico-en-neuquen\\\/#primaryimage\",\"url\":\"https:\\\/\\\/patagoniambiental.com.ar\\\/info\\\/wp-content\\\/uploads\\\/2019\\\/05\\\/web-2019-05-14-at-12.40.56-1068x528.jpg\",\"contentUrl\":\"https:\\\/\\\/patagoniambiental.com.ar\\\/info\\\/wp-content\\\/uploads\\\/2019\\\/05\\\/web-2019-05-14-at-12.40.56-1068x528.jpg\",\"width\":1068,\"height\":528},{\"@type\":\"BreadcrumbList\",\"@id\":\"https:\\\/\\\/patagoniambiental.com.ar\\\/info\\\/comenzo-la-construccion-del-primer-parque-eolico-en-neuquen\\\/#breadcrumb\",\"itemListElement\":[{\"@type\":\"ListItem\",\"position\":1,\"name\":\"Inicio\",\"item\":\"https:\\\/\\\/patagoniambiental.com.ar\\\/info\\\/\"},{\"@type\":\"ListItem\",\"position\":2,\"name\":\"Comenz\u00f3 la construcci\u00f3n del primer parque e\u00f3lico en Neuqu\u00e9n\"}]},{\"@type\":\"WebSite\",\"@id\":\"https:\\\/\\\/patagoniambiental.com.ar\\\/info\\\/#website\",\"url\":\"https:\\\/\\\/patagoniambiental.com.ar\\\/info\\\/\",\"name\":\"Patagonia Ambiental\",\"description\":\"Monitoreo y an\u00e1lisis de la situaci\u00f3n geopol\u00edtica en el mundo y su implicancia en la Patagonia\",\"publisher\":{\"@id\":\"https:\\\/\\\/patagoniambiental.com.ar\\\/info\\\/#organization\"},\"potentialAction\":[{\"@type\":\"SearchAction\",\"target\":{\"@type\":\"EntryPoint\",\"urlTemplate\":\"https:\\\/\\\/patagoniambiental.com.ar\\\/info\\\/?s={search_term_string}\"},\"query-input\":{\"@type\":\"PropertyValueSpecification\",\"valueRequired\":true,\"valueName\":\"search_term_string\"}}],\"inLanguage\":\"es\"},{\"@type\":\"Organization\",\"@id\":\"https:\\\/\\\/patagoniambiental.com.ar\\\/info\\\/#organization\",\"name\":\"Patagonia Ambiental\",\"url\":\"https:\\\/\\\/patagoniambiental.com.ar\\\/info\\\/\",\"logo\":{\"@type\":\"ImageObject\",\"inLanguage\":\"es\",\"@id\":\"https:\\\/\\\/patagoniambiental.com.ar\\\/info\\\/#\\\/schema\\\/logo\\\/image\\\/\",\"url\":\"https:\\\/\\\/patagoniambiental.com.ar\\\/info\\\/wp-content\\\/uploads\\\/2025\\\/05\\\/LOGO-PATAGONIA-AMBIENTAL.png\",\"contentUrl\":\"https:\\\/\\\/patagoniambiental.com.ar\\\/info\\\/wp-content\\\/uploads\\\/2025\\\/05\\\/LOGO-PATAGONIA-AMBIENTAL.png\",\"width\":433,\"height\":250,\"caption\":\"Patagonia Ambiental\"},\"image\":{\"@id\":\"https:\\\/\\\/patagoniambiental.com.ar\\\/info\\\/#\\\/schema\\\/logo\\\/image\\\/\"},\"sameAs\":[\"https:\\\/\\\/www.facebook.com\\\/patagonia.ambiental\",\"https:\\\/\\\/x.com\\\/PatAmb\"]},{\"@type\":\"Person\",\"@id\":\"https:\\\/\\\/patagoniambiental.com.ar\\\/info\\\/#\\\/schema\\\/person\\\/db12bff64bbcbf6a253710bf0ea37b5d\",\"name\":\"Patagonia Ambiental\",\"description\":\"Andr\u00e9s Nievas T\u00e9cnico en manejo ambiental, consultor Ambiental y escritor para medios locales e internacionales sobre temas de geopolitica y medio ambiente.\",\"sameAs\":[\"http:\\\/\\\/www.patagoniambiental.com.ar\",\"https:\\\/\\\/www.facebook.com\\\/share\\\/1C1V8Gv9BX\\\/?mibextid=qi2Omg\",\"@patagoniambiental\",\"https:\\\/\\\/youtube.com\\\/@patagoniaambiental2023?si=BLt58t0wuXquxlYZ\"]}]}<\/script>\n<!-- \/ Yoast SEO Premium plugin. -->","yoast_head_json":{"title":"Comenz\u00f3 la construcci\u00f3n del primer parque e\u00f3lico en Neuqu\u00e9n","robots":{"index":"index","follow":"follow","max-snippet":"max-snippet:-1","max-image-preview":"max-image-preview:large","max-video-preview":"max-video-preview:-1"},"canonical":"https:\/\/patagoniambiental.com.ar\/info\/comenzo-la-construccion-del-primer-parque-eolico-en-neuquen\/","og_locale":"es_ES","og_type":"article","og_title":"Comenz\u00f3 la construcci\u00f3n del primer parque e\u00f3lico en Neuqu\u00e9n","og_description":"Neuqu\u00e9n.-\u201cVientos Neuquinos\u201d fue dise\u00f1ado y desarrollado \u00edntegramente por t\u00e9cnicos de la provincia.","og_url":"https:\/\/patagoniambiental.com.ar\/info\/comenzo-la-construccion-del-primer-parque-eolico-en-neuquen\/","og_site_name":"Patagonia Ambiental","article_publisher":"https:\/\/www.facebook.com\/patagonia.ambiental","article_author":"https:\/\/www.facebook.com\/share\/1C1V8Gv9BX\/?mibextid=qi2Omg","article_published_time":"2019-05-24T22:00:27+00:00","og_image":[{"width":1068,"height":528,"url":"https:\/\/patagoniambiental.com.ar\/info\/wp-content\/uploads\/2019\/05\/web-2019-05-14-at-12.40.56-1068x528.jpg","type":"image\/jpeg"}],"author":"Patagonia Ambiental","twitter_card":"summary_large_image","twitter_creator":"@PatAmb","twitter_site":"@PatAmb","schema":{"@context":"https:\/\/schema.org","@graph":[{"@type":"Article","@id":"https:\/\/patagoniambiental.com.ar\/info\/comenzo-la-construccion-del-primer-parque-eolico-en-neuquen\/#article","isPartOf":{"@id":"https:\/\/patagoniambiental.com.ar\/info\/comenzo-la-construccion-del-primer-parque-eolico-en-neuquen\/"},"author":{"name":"Patagonia Ambiental","@id":"https:\/\/patagoniambiental.com.ar\/info\/#\/schema\/person\/db12bff64bbcbf6a253710bf0ea37b5d"},"headline":"Comenz\u00f3 la construcci\u00f3n del primer parque e\u00f3lico en Neuqu\u00e9n","datePublished":"2019-05-24T22:00:27+00:00","mainEntityOfPage":{"@id":"https:\/\/patagoniambiental.com.ar\/info\/comenzo-la-construccion-del-primer-parque-eolico-en-neuquen\/"},"wordCount":405,"commentCount":0,"publisher":{"@id":"https:\/\/patagoniambiental.com.ar\/info\/#organization"},"image":{"@id":"https:\/\/patagoniambiental.com.ar\/info\/comenzo-la-construccion-del-primer-parque-eolico-en-neuquen\/#primaryimage"},"thumbnailUrl":"https:\/\/patagoniambiental.com.ar\/info\/wp-content\/uploads\/2019\/05\/web-2019-05-14-at-12.40.56-1068x528.jpg","articleSection":["Neuqu\u00e9n","Noticias","Provinciales"],"inLanguage":"es","potentialAction":[{"@type":"CommentAction","name":"Comment","target":["https:\/\/patagoniambiental.com.ar\/info\/comenzo-la-construccion-del-primer-parque-eolico-en-neuquen\/#respond"]}]},{"@type":"WebPage","@id":"https:\/\/patagoniambiental.com.ar\/info\/comenzo-la-construccion-del-primer-parque-eolico-en-neuquen\/","url":"https:\/\/patagoniambiental.com.ar\/info\/comenzo-la-construccion-del-primer-parque-eolico-en-neuquen\/","name":"Comenz\u00f3 la construcci\u00f3n del primer parque e\u00f3lico en Neuqu\u00e9n","isPartOf":{"@id":"https:\/\/patagoniambiental.com.ar\/info\/#website"},"primaryImageOfPage":{"@id":"https:\/\/patagoniambiental.com.ar\/info\/comenzo-la-construccion-del-primer-parque-eolico-en-neuquen\/#primaryimage"},"image":{"@id":"https:\/\/patagoniambiental.com.ar\/info\/comenzo-la-construccion-del-primer-parque-eolico-en-neuquen\/#primaryimage"},"thumbnailUrl":"https:\/\/patagoniambiental.com.ar\/info\/wp-content\/uploads\/2019\/05\/web-2019-05-14-at-12.40.56-1068x528.jpg","datePublished":"2019-05-24T22:00:27+00:00","breadcrumb":{"@id":"https:\/\/patagoniambiental.com.ar\/info\/comenzo-la-construccion-del-primer-parque-eolico-en-neuquen\/#breadcrumb"},"inLanguage":"es","potentialAction":[{"@type":"ReadAction","target":["https:\/\/patagoniambiental.com.ar\/info\/comenzo-la-construccion-del-primer-parque-eolico-en-neuquen\/"]}]},{"@type":"ImageObject","inLanguage":"es","@id":"https:\/\/patagoniambiental.com.ar\/info\/comenzo-la-construccion-del-primer-parque-eolico-en-neuquen\/#primaryimage","url":"https:\/\/patagoniambiental.com.ar\/info\/wp-content\/uploads\/2019\/05\/web-2019-05-14-at-12.40.56-1068x528.jpg","contentUrl":"https:\/\/patagoniambiental.com.ar\/info\/wp-content\/uploads\/2019\/05\/web-2019-05-14-at-12.40.56-1068x528.jpg","width":1068,"height":528},{"@type":"BreadcrumbList","@id":"https:\/\/patagoniambiental.com.ar\/info\/comenzo-la-construccion-del-primer-parque-eolico-en-neuquen\/#breadcrumb","itemListElement":[{"@type":"ListItem","position":1,"name":"Inicio","item":"https:\/\/patagoniambiental.com.ar\/info\/"},{"@type":"ListItem","position":2,"name":"Comenz\u00f3 la construcci\u00f3n del primer parque e\u00f3lico en Neuqu\u00e9n"}]},{"@type":"WebSite","@id":"https:\/\/patagoniambiental.com.ar\/info\/#website","url":"https:\/\/patagoniambiental.com.ar\/info\/","name":"Patagonia Ambiental","description":"Monitoreo y an\u00e1lisis de la situaci\u00f3n geopol\u00edtica en el mundo y su implicancia en la Patagonia","publisher":{"@id":"https:\/\/patagoniambiental.com.ar\/info\/#organization"},"potentialAction":[{"@type":"SearchAction","target":{"@type":"EntryPoint","urlTemplate":"https:\/\/patagoniambiental.com.ar\/info\/?s={search_term_string}"},"query-input":{"@type":"PropertyValueSpecification","valueRequired":true,"valueName":"search_term_string"}}],"inLanguage":"es"},{"@type":"Organization","@id":"https:\/\/patagoniambiental.com.ar\/info\/#organization","name":"Patagonia Ambiental","url":"https:\/\/patagoniambiental.com.ar\/info\/","logo":{"@type":"ImageObject","inLanguage":"es","@id":"https:\/\/patagoniambiental.com.ar\/info\/#\/schema\/logo\/image\/","url":"https:\/\/patagoniambiental.com.ar\/info\/wp-content\/uploads\/2025\/05\/LOGO-PATAGONIA-AMBIENTAL.png","contentUrl":"https:\/\/patagoniambiental.com.ar\/info\/wp-content\/uploads\/2025\/05\/LOGO-PATAGONIA-AMBIENTAL.png","width":433,"height":250,"caption":"Patagonia Ambiental"},"image":{"@id":"https:\/\/patagoniambiental.com.ar\/info\/#\/schema\/logo\/image\/"},"sameAs":["https:\/\/www.facebook.com\/patagonia.ambiental","https:\/\/x.com\/PatAmb"]},{"@type":"Person","@id":"https:\/\/patagoniambiental.com.ar\/info\/#\/schema\/person\/db12bff64bbcbf6a253710bf0ea37b5d","name":"Patagonia Ambiental","description":"Andr\u00e9s Nievas T\u00e9cnico en manejo ambiental, consultor Ambiental y escritor para medios locales e internacionales sobre temas de geopolitica y medio ambiente.","sameAs":["http:\/\/www.patagoniambiental.com.ar","https:\/\/www.facebook.com\/share\/1C1V8Gv9BX\/?mibextid=qi2Omg","@patagoniambiental","https:\/\/youtube.com\/@patagoniaambiental2023?si=BLt58t0wuXquxlYZ"]}]}},"_links":{"self":[{"href":"https:\/\/patagoniambiental.com.ar\/info\/wp-json\/wp\/v2\/posts\/61422","targetHints":{"allow":["GET"]}}],"collection":[{"href":"https:\/\/patagoniambiental.com.ar\/info\/wp-json\/wp\/v2\/posts"}],"about":[{"href":"https:\/\/patagoniambiental.com.ar\/info\/wp-json\/wp\/v2\/types\/post"}],"author":[{"embeddable":true,"href":"https:\/\/patagoniambiental.com.ar\/info\/wp-json\/wp\/v2\/users\/2"}],"replies":[{"embeddable":true,"href":"https:\/\/patagoniambiental.com.ar\/info\/wp-json\/wp\/v2\/comments?post=61422"}],"version-history":[{"count":0,"href":"https:\/\/patagoniambiental.com.ar\/info\/wp-json\/wp\/v2\/posts\/61422\/revisions"}],"wp:featuredmedia":[{"embeddable":true,"href":"https:\/\/patagoniambiental.com.ar\/info\/wp-json\/wp\/v2\/media\/61423"}],"wp:attachment":[{"href":"https:\/\/patagoniambiental.com.ar\/info\/wp-json\/wp\/v2\/media?parent=61422"}],"wp:term":[{"taxonomy":"category","embeddable":true,"href":"https:\/\/patagoniambiental.com.ar\/info\/wp-json\/wp\/v2\/categories?post=61422"},{"taxonomy":"post_tag","embeddable":true,"href":"https:\/\/patagoniambiental.com.ar\/info\/wp-json\/wp\/v2\/tags?post=61422"}],"curies":[{"name":"wp","href":"https:\/\/api.w.org\/{rel}","templated":true}]}}