{"id":61475,"date":"2019-05-27T19:00:27","date_gmt":"2019-05-27T22:00:27","guid":{"rendered":"http:\/\/patagoniambiental.com.ar\/info\/?p=61475"},"modified":"2019-05-27T11:46:53","modified_gmt":"2019-05-27T14:46:53","slug":"mapuches-se-movilizaron-para-repudiar-la-campana-del-desierto","status":"publish","type":"post","link":"https:\/\/patagoniambiental.com.ar\/info\/mapuches-se-movilizaron-para-repudiar-la-campana-del-desierto\/","title":{"rendered":"Mapuches se movilizaron para repudiar la Campa\u00f1a del Desierto"},"content":{"rendered":"<header class=\"newsfull__header\">\n<p class=\"newsfull__title\">La marcha arranc\u00f3 en la plaza Moreno, sigui\u00f3 por la escuela 266 \u201cDomingo Sarmiento\u201d, se detuvo en calles que homenajean a jefes que participaron en la ofensiva militar iniciada en mayo de 1979 y concluy\u00f3 en el Centro C\u00edvico.<\/p>\n<\/header>\n<p><!--more--><\/p>\n<div class=\"newsfull__content\">\n<div class=\"col--main\">\n<div class=\"photogallery generated swiper-oneslide\" data-swiper=\"{simulateTouch:false,paginationClickable:true,loop:true}\">\n<div class=\"swiper-container swiper-container-horizontal\"><button class=\"swiper-fullscreen icon icon--fullscreen\" type=\"button\"><br \/>\n<\/button><\/p>\n<div class=\"swiper-wrapper\">\n<div class=\"swiper-slide\">\n<figure>\n<div class=\"photogallery__image\"><img fetchpriority=\"high\" decoding=\"async\" class=\"attachment-nota-gallery size-nota-gallery wp-post-image\" src=\"https:\/\/www.rionegro.com.ar\/wp-content\/uploads\/2019\/05\/1-12.jpg?w=920&amp;h=520&amp;crop=1\" alt=\"Movilizaci\u00f3n de la comunidad mapuche. Foto: Marcelo Martinez\" width=\"920\" height=\"517\" data-full=\"https:\/\/www.rionegro.com.ar\/wp-content\/uploads\/2019\/05\/1-12.jpg?w=920&amp;h=520&amp;crop=1\" data-width=\"920\" data-height=\"520\" \/><\/div><figcaption>Movilizaci\u00f3n de la comunidad mapuche. Foto: Marcelo Martinez<\/p>\n<\/figcaption><\/figure>\n<\/div>\n<\/div>\n<\/div>\n<\/div>\n<div class=\"newsfull__body\">\n<div id=\"socialshare\" class=\"newsfull__share\" data-fixabox=\"socialshare\" data-top=\"90\" data-fixaboxorigin=\"{&quot;position&quot;:&quot;absolute&quot;,&quot;left&quot;:&quot;0px&quot;,&quot;top&quot;:&quot;0px&quot;}\" data-fixaboxoptions=\"{&quot;paddingTop&quot;:90,&quot;paddingBottom&quot;:20,&quot;stop&quot;:{}}\">\n<div id=\"myTooltip\" class=\"tooltiptext\"><\/div>\n<\/div>\n<p>El se\u00f1alamiento p\u00fablico de Francisco Moreno como un precursor del \u201cexterminio\u201d de los pueblos originarios de la Patagonia y de Domingo Sarmiento como otro personaje violento y \u201c<strong>defensor de la pureza racial<\/strong>\u201d fue subrayado hoy por el Espacio de Articulaci\u00f3n Mapuche y Construcci\u00f3n Pol\u00edtica, al cumplirse 140 a\u00f1os del inicio de la llamada Campa\u00f1a del Desierto.<\/p>\n<p>La movilizaci\u00f3n comenz\u00f3 en la plaza Moreno de esta ciudad, sigui\u00f3 en la escuela 266 \u201cDomingo Sarmiento\u201d y ten\u00eda previsto detenerse en otras calles que recuerdan y homenajean al vicealmirante O\u00b4Connor, el general Villegas y otros jefes que participaron en la ofensiva militar iniciada en mayo de 1879.<\/p>\n<div id=\"eplAdDivNotas_AB1\"><iframe id=\"ifr5da4afffefd039b6_ff5cd119c0817be3\" src=\"about:blank\" name=\"ifr5da4afffefd039b6_ff5cd119c0817be3\" width=\"0px\" height=\"0px\" frameborder=\"0\" scrolling=\"no\" data-mce-fragment=\"1\"><\/iframe><\/div>\n<p>La \u00faltima \u201cestaci\u00f3n\u201d de la marcha ser\u00eda en el Centro C\u00edvico, cuya plaza se llama \u201cExpedicionarios al Desierto\u201d y rodea a una estatua ecuestre del principal responsable de la campa\u00f1a, Julio Roca.<\/p>\n<p>La manifestaci\u00f3n realizada por la organizaci\u00f3n mapuche incluy\u00f3 intervenciones art\u00edsticas y lecturas de \u201cprontuarios\u201d, en los que se denunciaron los abusos y cr\u00edmenes cometidos contra las comunidades que habitaban estas tierras.<\/p>\n<div class=\"wp-block-lazyblock-gallery-block lazyblock-gallery-block-Z2vhIrt\">\n<div class=\"photogallery generated swiper-oneslide\" data-swiper=\"{simulateTouch:false,paginationClickable:true,loop:true}\">\n<div class=\"swiper-container swiper-container-horizontal\"><button class=\"swiper-fullscreen icon icon--fullscreen\" type=\"button\"><\/button><\/p>\n<div class=\"swiper-wrapper\">\n<div class=\"swiper-slide\">\n<figure>\n<div class=\"photogallery__image\"><img decoding=\"async\" src=\"https:\/\/www.rionegro.com.ar\/wp-content\/uploads\/2019\/05\/BCHE-Mapuches-repudio-Campa%C3%B1a-al-Desierto-001.jpg?w=920&amp;h=520&amp;crop=1\" alt=\"\" \/><\/div><figcaption>Foto: Marcelo Martinez<\/p>\n<\/figcaption><\/figure>\n<\/div>\n<\/div>\n<div class=\"swiper-action\"><\/div>\n<\/div>\n<\/div>\n<\/div>\n<p>La lectura del primero de los textos estuvo a cargo de Gustavo Cay\u00fan Pichunlef, quien destac\u00f3 que Bariloche est\u00e1 plagada de \u201c<strong>plazas, calles, escuelas y monumentos que honran a supuestos pr\u00f3ceres<\/strong>\u201d, cuyos m\u00e9ritos fueron desmentidos por investigadores entre los que mencion\u00f3 a la antrop\u00f3loga Diana Lenton, quien tambi\u00e9n brindar\u00e1 hoy una charla a partir de las 18 en la sala de sesiones del Concejo Municipal.<\/p>\n<p>Ese trabajo permiti\u00f3 echar luz -dijo- sobre \u201clos cr\u00edmenes de lesa humanidad perpetrados antes, durante y despu\u00e9s de esas campa\u00f1as militares\u201d.<\/p>\n<p>Record\u00f3 que los mapuche y gununa kuna \u201c<strong>fueron encerrados en campos de concentraci\u00f3n<\/strong>, llevados como mano de obra esclava a distintas partes del pa\u00eds y sus familias desarmadas\u201d, en una acci\u00f3n sistem\u00e1tica de \u201cdespojo, empobrecimiento y estigmatizaci\u00f3n\u201d, que contin\u00faa hasta hoy.<\/p>\n<p>Sobre Moreno se\u00f1al\u00f3 que fue \u201c<strong>un esp\u00eda y un alcahuete<\/strong>\u201d al servicio de la oligarqu\u00eda de aquel momento, y a pesar de decirse amigo del cacique Inacayal y recibir acogida cordial en las tolder\u00edas, actu\u00f3 como \u201cpart\u00edcipe necesario del despojo territorial\u201d.<\/p>\n<div class=\"wp-block-lazyblock-gallery-block lazyblock-gallery-block-Z2qFOEz\">\n<div class=\"photogallery generated swiper-oneslide\" data-swiper=\"{simulateTouch:false,paginationClickable:true,loop:true}\">\n<div class=\"swiper-container swiper-container-horizontal\"><button class=\"swiper-fullscreen icon icon--fullscreen\" type=\"button\"><\/button><\/p>\n<div class=\"swiper-wrapper\">\n<div class=\"swiper-slide\">\n<figure>\n<div class=\"photogallery__image\">\n<div class=\"swiper-fraction\">1\/ 1<\/div>\n<p><img decoding=\"async\" src=\"https:\/\/www.rionegro.com.ar\/wp-content\/uploads\/2019\/05\/BCHE-Mapuches-repudio-Campa%C3%B1a-al-Desierto-003.jpg\" alt=\"\" width=\"920\" height=\"517\" data-full=\"https:\/\/www.rionegro.com.ar\/wp-content\/uploads\/2019\/05\/BCHE-Mapuches-repudio-Campa\u00f1a-al-Desierto-003.jpg\" data-width=\"1400\" data-height=\"768\" \/><img decoding=\"async\" src=\"https:\/\/www.rionegro.com.ar\/wp-content\/uploads\/2019\/05\/BCHE-Mapuches-repudio-Campa%C3%B1a-al-Desierto-003.jpg?w=920&amp;h=520&amp;crop=1\" alt=\"\" \/><\/div><figcaption>Foto: Marcelo Martinez<\/p>\n<\/figcaption><\/figure>\n<\/div>\n<\/div>\n<div class=\"swiper-action\"><\/div>\n<\/div>\n<\/div>\n<\/div>\n<p>Sanmartiniano Painefil, otro de los referentes del Espacio de Articulaci\u00f3n Mapuche, dijo que el acto por los 140 a\u00f1os de la Campa\u00f1a del Desierto fue una iniciativa que \u201csurgi\u00f3 hace varios meses\u201d y destac\u00f3 la participaci\u00f3n y el apoyo que recibieron de teatristas y artistas pl\u00e1sticos.<\/p>\n<p>En la escuela Sarmiento una joven de la agrupaci\u00f3n ley\u00f3 otro escrito seg\u00fan el cual el maestro sanjuanino, \u201c<strong>que es presentado como h\u00e9roe en la historiograf\u00eda liberal<\/strong>\u201d, fue en realidad \u201c<strong>un personaje racista<\/strong>\u201d, que reconoci\u00f3 expresamente la \u201crepugnancia\u201d que sent\u00eda por los pueblos nativos y no dud\u00f3 en propiciar su exterminio.<\/p>\n<p>El programa cerrar\u00e1 desde las 21 en la escuela de arte La Llave, con la presentaci\u00f3n de Rodolfo Cancino (canci\u00f3n popular), D\u00e9bor\u00e1 Sans\u00f3 Neculm\u00e1n (danza) y Fran Kawell (rock). Tambi\u00e9n habr\u00e1 presentaci\u00f3n de trabajos audiovisuales.<\/p>\n<p>Fuente: Diario Rio Negro<\/p>\n<\/div>\n<\/div>\n<\/div>\n","protected":false},"excerpt":{"rendered":"<p>La marcha arranc\u00f3 en la plaza Moreno, sigui\u00f3 por la escuela 266 \u201cDomingo Sarmiento\u201d, se detuvo en calles que homenajean [&hellip;]<\/p>\n","protected":false},"author":2,"featured_media":61476,"comment_status":"open","ping_status":"open","sticky":false,"template":"","format":"standard","meta":{"site-sidebar-layout":"default","site-content-layout":"","ast-site-content-layout":"default","site-content-style":"default","site-sidebar-style":"default","ast-global-header-display":"","ast-banner-title-visibility":"","ast-main-header-display":"","ast-hfb-above-header-display":"","ast-hfb-below-header-display":"","ast-hfb-mobile-header-display":"","site-post-title":"","ast-breadcrumbs-content":"","ast-featured-img":"","footer-sml-layout":"","ast-disable-related-posts":"","theme-transparent-header-meta":"","adv-header-id-meta":"","stick-header-meta":"","header-above-stick-meta":"","header-main-stick-meta":"","header-below-stick-meta":"","astra-migrate-meta-layouts":"default","ast-page-background-enabled":"default","ast-page-background-meta":{"desktop":{"background-color":"var(--ast-global-color-5)","background-image":"","background-repeat":"repeat","background-position":"center center","background-size":"auto","background-attachment":"scroll","background-type":"","background-media":"","overlay-type":"","overlay-color":"","overlay-opacity":"","overlay-gradient":""},"tablet":{"background-color":"","background-image":"","background-repeat":"repeat","background-position":"center center","background-size":"auto","background-attachment":"scroll","background-type":"","background-media":"","overlay-type":"","overlay-color":"","overlay-opacity":"","overlay-gradient":""},"mobile":{"background-color":"","background-image":"","background-repeat":"repeat","background-position":"center center","background-size":"auto","background-attachment":"scroll","background-type":"","background-media":"","overlay-type":"","overlay-color":"","overlay-opacity":"","overlay-gradient":""}},"ast-content-background-meta":{"desktop":{"background-color":"var(--ast-global-color-4)","background-image":"","background-repeat":"repeat","background-position":"center center","background-size":"auto","background-attachment":"scroll","background-type":"","background-media":"","overlay-type":"","overlay-color":"","overlay-opacity":"","overlay-gradient":""},"tablet":{"background-color":"var(--ast-global-color-4)","background-image":"","background-repeat":"repeat","background-position":"center center","background-size":"auto","background-attachment":"scroll","background-type":"","background-media":"","overlay-type":"","overlay-color":"","overlay-opacity":"","overlay-gradient":""},"mobile":{"background-color":"var(--ast-global-color-4)","background-image":"","background-repeat":"repeat","background-position":"center center","background-size":"auto","background-attachment":"scroll","background-type":"","background-media":"","overlay-type":"","overlay-color":"","overlay-opacity":"","overlay-gradient":""}},"footnotes":""},"categories":[1,13,14],"tags":[],"class_list":["post-61475","post","type-post","status-publish","format-standard","has-post-thumbnail","hentry","category-noticias","category-provinciales","category-rio-negro"],"yoast_head":"<!-- This site is optimized with the Yoast SEO Premium plugin v23.0 (Yoast SEO v27.5) - https:\/\/yoast.com\/product\/yoast-seo-premium-wordpress\/ -->\n<title>Mapuches se movilizaron para repudiar la Campa\u00f1a del Desierto<\/title>\n<meta name=\"robots\" content=\"index, follow, max-snippet:-1, max-image-preview:large, max-video-preview:-1\" \/>\n<link rel=\"canonical\" href=\"https:\/\/patagoniambiental.com.ar\/info\/mapuches-se-movilizaron-para-repudiar-la-campana-del-desierto\/\" \/>\n<meta property=\"og:locale\" content=\"es_ES\" \/>\n<meta property=\"og:type\" content=\"article\" \/>\n<meta property=\"og:title\" content=\"Mapuches se movilizaron para repudiar la Campa\u00f1a del Desierto\" \/>\n<meta property=\"og:description\" content=\"La marcha arranc\u00f3 en la plaza Moreno, sigui\u00f3 por la escuela 266 \u201cDomingo Sarmiento\u201d, se detuvo en calles que homenajean [&hellip;]\" \/>\n<meta property=\"og:url\" content=\"https:\/\/patagoniambiental.com.ar\/info\/mapuches-se-movilizaron-para-repudiar-la-campana-del-desierto\/\" \/>\n<meta property=\"og:site_name\" content=\"Patagonia Ambiental\" \/>\n<meta property=\"article:publisher\" content=\"https:\/\/www.facebook.com\/patagonia.ambiental\" \/>\n<meta property=\"article:author\" content=\"https:\/\/www.facebook.com\/share\/1C1V8Gv9BX\/?mibextid=qi2Omg\" \/>\n<meta property=\"article:published_time\" content=\"2019-05-27T22:00:27+00:00\" \/>\n<meta property=\"og:image\" content=\"https:\/\/patagoniambiental.com.ar\/info\/wp-content\/uploads\/2019\/05\/1-12.jpg\" \/>\n\t<meta property=\"og:image:width\" content=\"920\" \/>\n\t<meta property=\"og:image:height\" content=\"520\" \/>\n\t<meta property=\"og:image:type\" content=\"image\/jpeg\" \/>\n<meta name=\"author\" content=\"Patagonia Ambiental\" \/>\n<meta name=\"twitter:card\" content=\"summary_large_image\" \/>\n<meta name=\"twitter:creator\" content=\"@PatAmb\" \/>\n<meta name=\"twitter:site\" content=\"@PatAmb\" \/>\n<script type=\"application\/ld+json\" class=\"yoast-schema-graph\">{\"@context\":\"https:\\\/\\\/schema.org\",\"@graph\":[{\"@type\":\"Article\",\"@id\":\"https:\\\/\\\/patagoniambiental.com.ar\\\/info\\\/mapuches-se-movilizaron-para-repudiar-la-campana-del-desierto\\\/#article\",\"isPartOf\":{\"@id\":\"https:\\\/\\\/patagoniambiental.com.ar\\\/info\\\/mapuches-se-movilizaron-para-repudiar-la-campana-del-desierto\\\/\"},\"author\":{\"name\":\"Patagonia Ambiental\",\"@id\":\"https:\\\/\\\/patagoniambiental.com.ar\\\/info\\\/#\\\/schema\\\/person\\\/db12bff64bbcbf6a253710bf0ea37b5d\"},\"headline\":\"Mapuches se movilizaron para repudiar la Campa\u00f1a del Desierto\",\"datePublished\":\"2019-05-27T22:00:27+00:00\",\"mainEntityOfPage\":{\"@id\":\"https:\\\/\\\/patagoniambiental.com.ar\\\/info\\\/mapuches-se-movilizaron-para-repudiar-la-campana-del-desierto\\\/\"},\"wordCount\":581,\"commentCount\":0,\"publisher\":{\"@id\":\"https:\\\/\\\/patagoniambiental.com.ar\\\/info\\\/#organization\"},\"image\":{\"@id\":\"https:\\\/\\\/patagoniambiental.com.ar\\\/info\\\/mapuches-se-movilizaron-para-repudiar-la-campana-del-desierto\\\/#primaryimage\"},\"thumbnailUrl\":\"https:\\\/\\\/patagoniambiental.com.ar\\\/info\\\/wp-content\\\/uploads\\\/2019\\\/05\\\/1-12.jpg\",\"articleSection\":[\"Noticias\",\"Provinciales\",\"R\u00edo Negro\"],\"inLanguage\":\"es\",\"potentialAction\":[{\"@type\":\"CommentAction\",\"name\":\"Comment\",\"target\":[\"https:\\\/\\\/patagoniambiental.com.ar\\\/info\\\/mapuches-se-movilizaron-para-repudiar-la-campana-del-desierto\\\/#respond\"]}]},{\"@type\":\"WebPage\",\"@id\":\"https:\\\/\\\/patagoniambiental.com.ar\\\/info\\\/mapuches-se-movilizaron-para-repudiar-la-campana-del-desierto\\\/\",\"url\":\"https:\\\/\\\/patagoniambiental.com.ar\\\/info\\\/mapuches-se-movilizaron-para-repudiar-la-campana-del-desierto\\\/\",\"name\":\"Mapuches se movilizaron para repudiar la Campa\u00f1a del Desierto\",\"isPartOf\":{\"@id\":\"https:\\\/\\\/patagoniambiental.com.ar\\\/info\\\/#website\"},\"primaryImageOfPage\":{\"@id\":\"https:\\\/\\\/patagoniambiental.com.ar\\\/info\\\/mapuches-se-movilizaron-para-repudiar-la-campana-del-desierto\\\/#primaryimage\"},\"image\":{\"@id\":\"https:\\\/\\\/patagoniambiental.com.ar\\\/info\\\/mapuches-se-movilizaron-para-repudiar-la-campana-del-desierto\\\/#primaryimage\"},\"thumbnailUrl\":\"https:\\\/\\\/patagoniambiental.com.ar\\\/info\\\/wp-content\\\/uploads\\\/2019\\\/05\\\/1-12.jpg\",\"datePublished\":\"2019-05-27T22:00:27+00:00\",\"breadcrumb\":{\"@id\":\"https:\\\/\\\/patagoniambiental.com.ar\\\/info\\\/mapuches-se-movilizaron-para-repudiar-la-campana-del-desierto\\\/#breadcrumb\"},\"inLanguage\":\"es\",\"potentialAction\":[{\"@type\":\"ReadAction\",\"target\":[\"https:\\\/\\\/patagoniambiental.com.ar\\\/info\\\/mapuches-se-movilizaron-para-repudiar-la-campana-del-desierto\\\/\"]}]},{\"@type\":\"ImageObject\",\"inLanguage\":\"es\",\"@id\":\"https:\\\/\\\/patagoniambiental.com.ar\\\/info\\\/mapuches-se-movilizaron-para-repudiar-la-campana-del-desierto\\\/#primaryimage\",\"url\":\"https:\\\/\\\/patagoniambiental.com.ar\\\/info\\\/wp-content\\\/uploads\\\/2019\\\/05\\\/1-12.jpg\",\"contentUrl\":\"https:\\\/\\\/patagoniambiental.com.ar\\\/info\\\/wp-content\\\/uploads\\\/2019\\\/05\\\/1-12.jpg\",\"width\":920,\"height\":520,\"caption\":\"Bariloche 25\\\/05\\\/19 Mapuches actividad en repudio al comienzo de la campa\u00f1a al desierto. Foto: Marcelo Martinez\"},{\"@type\":\"BreadcrumbList\",\"@id\":\"https:\\\/\\\/patagoniambiental.com.ar\\\/info\\\/mapuches-se-movilizaron-para-repudiar-la-campana-del-desierto\\\/#breadcrumb\",\"itemListElement\":[{\"@type\":\"ListItem\",\"position\":1,\"name\":\"Inicio\",\"item\":\"https:\\\/\\\/patagoniambiental.com.ar\\\/info\\\/\"},{\"@type\":\"ListItem\",\"position\":2,\"name\":\"Mapuches se movilizaron para repudiar la Campa\u00f1a del Desierto\"}]},{\"@type\":\"WebSite\",\"@id\":\"https:\\\/\\\/patagoniambiental.com.ar\\\/info\\\/#website\",\"url\":\"https:\\\/\\\/patagoniambiental.com.ar\\\/info\\\/\",\"name\":\"Patagonia Ambiental\",\"description\":\"Monitoreo y an\u00e1lisis de la situaci\u00f3n geopol\u00edtica en el mundo y su implicancia en la Patagonia\",\"publisher\":{\"@id\":\"https:\\\/\\\/patagoniambiental.com.ar\\\/info\\\/#organization\"},\"potentialAction\":[{\"@type\":\"SearchAction\",\"target\":{\"@type\":\"EntryPoint\",\"urlTemplate\":\"https:\\\/\\\/patagoniambiental.com.ar\\\/info\\\/?s={search_term_string}\"},\"query-input\":{\"@type\":\"PropertyValueSpecification\",\"valueRequired\":true,\"valueName\":\"search_term_string\"}}],\"inLanguage\":\"es\"},{\"@type\":\"Organization\",\"@id\":\"https:\\\/\\\/patagoniambiental.com.ar\\\/info\\\/#organization\",\"name\":\"Patagonia Ambiental\",\"url\":\"https:\\\/\\\/patagoniambiental.com.ar\\\/info\\\/\",\"logo\":{\"@type\":\"ImageObject\",\"inLanguage\":\"es\",\"@id\":\"https:\\\/\\\/patagoniambiental.com.ar\\\/info\\\/#\\\/schema\\\/logo\\\/image\\\/\",\"url\":\"https:\\\/\\\/patagoniambiental.com.ar\\\/info\\\/wp-content\\\/uploads\\\/2025\\\/05\\\/LOGO-PATAGONIA-AMBIENTAL.png\",\"contentUrl\":\"https:\\\/\\\/patagoniambiental.com.ar\\\/info\\\/wp-content\\\/uploads\\\/2025\\\/05\\\/LOGO-PATAGONIA-AMBIENTAL.png\",\"width\":433,\"height\":250,\"caption\":\"Patagonia Ambiental\"},\"image\":{\"@id\":\"https:\\\/\\\/patagoniambiental.com.ar\\\/info\\\/#\\\/schema\\\/logo\\\/image\\\/\"},\"sameAs\":[\"https:\\\/\\\/www.facebook.com\\\/patagonia.ambiental\",\"https:\\\/\\\/x.com\\\/PatAmb\"]},{\"@type\":\"Person\",\"@id\":\"https:\\\/\\\/patagoniambiental.com.ar\\\/info\\\/#\\\/schema\\\/person\\\/db12bff64bbcbf6a253710bf0ea37b5d\",\"name\":\"Patagonia Ambiental\",\"description\":\"Andr\u00e9s Nievas T\u00e9cnico en manejo ambiental, consultor Ambiental y escritor para medios locales e internacionales sobre temas de geopolitica y medio ambiente.\",\"sameAs\":[\"http:\\\/\\\/www.patagoniambiental.com.ar\",\"https:\\\/\\\/www.facebook.com\\\/share\\\/1C1V8Gv9BX\\\/?mibextid=qi2Omg\",\"@patagoniambiental\",\"https:\\\/\\\/youtube.com\\\/@patagoniaambiental2023?si=BLt58t0wuXquxlYZ\"]}]}<\/script>\n<!-- \/ Yoast SEO Premium plugin. -->","yoast_head_json":{"title":"Mapuches se movilizaron para repudiar la Campa\u00f1a del Desierto","robots":{"index":"index","follow":"follow","max-snippet":"max-snippet:-1","max-image-preview":"max-image-preview:large","max-video-preview":"max-video-preview:-1"},"canonical":"https:\/\/patagoniambiental.com.ar\/info\/mapuches-se-movilizaron-para-repudiar-la-campana-del-desierto\/","og_locale":"es_ES","og_type":"article","og_title":"Mapuches se movilizaron para repudiar la Campa\u00f1a del Desierto","og_description":"La marcha arranc\u00f3 en la plaza Moreno, sigui\u00f3 por la escuela 266 \u201cDomingo Sarmiento\u201d, se detuvo en calles que homenajean [&hellip;]","og_url":"https:\/\/patagoniambiental.com.ar\/info\/mapuches-se-movilizaron-para-repudiar-la-campana-del-desierto\/","og_site_name":"Patagonia Ambiental","article_publisher":"https:\/\/www.facebook.com\/patagonia.ambiental","article_author":"https:\/\/www.facebook.com\/share\/1C1V8Gv9BX\/?mibextid=qi2Omg","article_published_time":"2019-05-27T22:00:27+00:00","og_image":[{"width":920,"height":520,"url":"https:\/\/patagoniambiental.com.ar\/info\/wp-content\/uploads\/2019\/05\/1-12.jpg","type":"image\/jpeg"}],"author":"Patagonia Ambiental","twitter_card":"summary_large_image","twitter_creator":"@PatAmb","twitter_site":"@PatAmb","schema":{"@context":"https:\/\/schema.org","@graph":[{"@type":"Article","@id":"https:\/\/patagoniambiental.com.ar\/info\/mapuches-se-movilizaron-para-repudiar-la-campana-del-desierto\/#article","isPartOf":{"@id":"https:\/\/patagoniambiental.com.ar\/info\/mapuches-se-movilizaron-para-repudiar-la-campana-del-desierto\/"},"author":{"name":"Patagonia Ambiental","@id":"https:\/\/patagoniambiental.com.ar\/info\/#\/schema\/person\/db12bff64bbcbf6a253710bf0ea37b5d"},"headline":"Mapuches se movilizaron para repudiar la Campa\u00f1a del Desierto","datePublished":"2019-05-27T22:00:27+00:00","mainEntityOfPage":{"@id":"https:\/\/patagoniambiental.com.ar\/info\/mapuches-se-movilizaron-para-repudiar-la-campana-del-desierto\/"},"wordCount":581,"commentCount":0,"publisher":{"@id":"https:\/\/patagoniambiental.com.ar\/info\/#organization"},"image":{"@id":"https:\/\/patagoniambiental.com.ar\/info\/mapuches-se-movilizaron-para-repudiar-la-campana-del-desierto\/#primaryimage"},"thumbnailUrl":"https:\/\/patagoniambiental.com.ar\/info\/wp-content\/uploads\/2019\/05\/1-12.jpg","articleSection":["Noticias","Provinciales","R\u00edo Negro"],"inLanguage":"es","potentialAction":[{"@type":"CommentAction","name":"Comment","target":["https:\/\/patagoniambiental.com.ar\/info\/mapuches-se-movilizaron-para-repudiar-la-campana-del-desierto\/#respond"]}]},{"@type":"WebPage","@id":"https:\/\/patagoniambiental.com.ar\/info\/mapuches-se-movilizaron-para-repudiar-la-campana-del-desierto\/","url":"https:\/\/patagoniambiental.com.ar\/info\/mapuches-se-movilizaron-para-repudiar-la-campana-del-desierto\/","name":"Mapuches se movilizaron para repudiar la Campa\u00f1a del Desierto","isPartOf":{"@id":"https:\/\/patagoniambiental.com.ar\/info\/#website"},"primaryImageOfPage":{"@id":"https:\/\/patagoniambiental.com.ar\/info\/mapuches-se-movilizaron-para-repudiar-la-campana-del-desierto\/#primaryimage"},"image":{"@id":"https:\/\/patagoniambiental.com.ar\/info\/mapuches-se-movilizaron-para-repudiar-la-campana-del-desierto\/#primaryimage"},"thumbnailUrl":"https:\/\/patagoniambiental.com.ar\/info\/wp-content\/uploads\/2019\/05\/1-12.jpg","datePublished":"2019-05-27T22:00:27+00:00","breadcrumb":{"@id":"https:\/\/patagoniambiental.com.ar\/info\/mapuches-se-movilizaron-para-repudiar-la-campana-del-desierto\/#breadcrumb"},"inLanguage":"es","potentialAction":[{"@type":"ReadAction","target":["https:\/\/patagoniambiental.com.ar\/info\/mapuches-se-movilizaron-para-repudiar-la-campana-del-desierto\/"]}]},{"@type":"ImageObject","inLanguage":"es","@id":"https:\/\/patagoniambiental.com.ar\/info\/mapuches-se-movilizaron-para-repudiar-la-campana-del-desierto\/#primaryimage","url":"https:\/\/patagoniambiental.com.ar\/info\/wp-content\/uploads\/2019\/05\/1-12.jpg","contentUrl":"https:\/\/patagoniambiental.com.ar\/info\/wp-content\/uploads\/2019\/05\/1-12.jpg","width":920,"height":520,"caption":"Bariloche 25\/05\/19 Mapuches actividad en repudio al comienzo de la campa\u00f1a al desierto. Foto: Marcelo Martinez"},{"@type":"BreadcrumbList","@id":"https:\/\/patagoniambiental.com.ar\/info\/mapuches-se-movilizaron-para-repudiar-la-campana-del-desierto\/#breadcrumb","itemListElement":[{"@type":"ListItem","position":1,"name":"Inicio","item":"https:\/\/patagoniambiental.com.ar\/info\/"},{"@type":"ListItem","position":2,"name":"Mapuches se movilizaron para repudiar la Campa\u00f1a del Desierto"}]},{"@type":"WebSite","@id":"https:\/\/patagoniambiental.com.ar\/info\/#website","url":"https:\/\/patagoniambiental.com.ar\/info\/","name":"Patagonia Ambiental","description":"Monitoreo y an\u00e1lisis de la situaci\u00f3n geopol\u00edtica en el mundo y su implicancia en la Patagonia","publisher":{"@id":"https:\/\/patagoniambiental.com.ar\/info\/#organization"},"potentialAction":[{"@type":"SearchAction","target":{"@type":"EntryPoint","urlTemplate":"https:\/\/patagoniambiental.com.ar\/info\/?s={search_term_string}"},"query-input":{"@type":"PropertyValueSpecification","valueRequired":true,"valueName":"search_term_string"}}],"inLanguage":"es"},{"@type":"Organization","@id":"https:\/\/patagoniambiental.com.ar\/info\/#organization","name":"Patagonia Ambiental","url":"https:\/\/patagoniambiental.com.ar\/info\/","logo":{"@type":"ImageObject","inLanguage":"es","@id":"https:\/\/patagoniambiental.com.ar\/info\/#\/schema\/logo\/image\/","url":"https:\/\/patagoniambiental.com.ar\/info\/wp-content\/uploads\/2025\/05\/LOGO-PATAGONIA-AMBIENTAL.png","contentUrl":"https:\/\/patagoniambiental.com.ar\/info\/wp-content\/uploads\/2025\/05\/LOGO-PATAGONIA-AMBIENTAL.png","width":433,"height":250,"caption":"Patagonia Ambiental"},"image":{"@id":"https:\/\/patagoniambiental.com.ar\/info\/#\/schema\/logo\/image\/"},"sameAs":["https:\/\/www.facebook.com\/patagonia.ambiental","https:\/\/x.com\/PatAmb"]},{"@type":"Person","@id":"https:\/\/patagoniambiental.com.ar\/info\/#\/schema\/person\/db12bff64bbcbf6a253710bf0ea37b5d","name":"Patagonia Ambiental","description":"Andr\u00e9s Nievas T\u00e9cnico en manejo ambiental, consultor Ambiental y escritor para medios locales e internacionales sobre temas de geopolitica y medio ambiente.","sameAs":["http:\/\/www.patagoniambiental.com.ar","https:\/\/www.facebook.com\/share\/1C1V8Gv9BX\/?mibextid=qi2Omg","@patagoniambiental","https:\/\/youtube.com\/@patagoniaambiental2023?si=BLt58t0wuXquxlYZ"]}]}},"_links":{"self":[{"href":"https:\/\/patagoniambiental.com.ar\/info\/wp-json\/wp\/v2\/posts\/61475","targetHints":{"allow":["GET"]}}],"collection":[{"href":"https:\/\/patagoniambiental.com.ar\/info\/wp-json\/wp\/v2\/posts"}],"about":[{"href":"https:\/\/patagoniambiental.com.ar\/info\/wp-json\/wp\/v2\/types\/post"}],"author":[{"embeddable":true,"href":"https:\/\/patagoniambiental.com.ar\/info\/wp-json\/wp\/v2\/users\/2"}],"replies":[{"embeddable":true,"href":"https:\/\/patagoniambiental.com.ar\/info\/wp-json\/wp\/v2\/comments?post=61475"}],"version-history":[{"count":0,"href":"https:\/\/patagoniambiental.com.ar\/info\/wp-json\/wp\/v2\/posts\/61475\/revisions"}],"wp:featuredmedia":[{"embeddable":true,"href":"https:\/\/patagoniambiental.com.ar\/info\/wp-json\/wp\/v2\/media\/61476"}],"wp:attachment":[{"href":"https:\/\/patagoniambiental.com.ar\/info\/wp-json\/wp\/v2\/media?parent=61475"}],"wp:term":[{"taxonomy":"category","embeddable":true,"href":"https:\/\/patagoniambiental.com.ar\/info\/wp-json\/wp\/v2\/categories?post=61475"},{"taxonomy":"post_tag","embeddable":true,"href":"https:\/\/patagoniambiental.com.ar\/info\/wp-json\/wp\/v2\/tags?post=61475"}],"curies":[{"name":"wp","href":"https:\/\/api.w.org\/{rel}","templated":true}]}}