{"id":61491,"date":"2019-05-28T07:00:07","date_gmt":"2019-05-28T10:00:07","guid":{"rendered":"http:\/\/patagoniambiental.com.ar\/info\/?p=61491"},"modified":"2019-05-27T16:38:07","modified_gmt":"2019-05-27T19:38:07","slug":"neuquen-llevara-a-cabo-la-campana-de-recoleccion-de-envases-vacios-de-productos-agroquimicos","status":"publish","type":"post","link":"https:\/\/patagoniambiental.com.ar\/info\/neuquen-llevara-a-cabo-la-campana-de-recoleccion-de-envases-vacios-de-productos-agroquimicos\/","title":{"rendered":"Neuqu\u00e9n llevara a cabo la campa\u00f1a de recolecci\u00f3n de envases vac\u00edos de productos agroqu\u00edmicos"},"content":{"rendered":"<div class=\"td-post-header td-container\">\n<div class=\"td-post-header-holder sombra\">\n<header class=\"td-post-title\">\n<div class=\"td-module-meta-info\">Neuqu\u00e9n.-Ser\u00e1 desde este lunes al 7 de junio, en cumplimiento de las leyes de Agroqu\u00edmicos y de Medio Ambiente. Se busca disminuir el riesgo de contaminaci\u00f3n y afectaci\u00f3n al ambiente y a la salud como pr\u00e1ctica segura y sustentable.<\/div>\n<\/header>\n<\/div>\n<\/div>\n<p><!--more--><\/p>\n<div class=\"td-container\">\n<div class=\"td-pb-row\">\n<div class=\"td-pb-span8 td-main-content\" role=\"main\">\n<div class=\"td-ss-main-content\">\n<div class=\"td-post-content\">\n<p>La subsecretar\u00eda de Producci\u00f3n informa que este lunes 27 comienza la campa\u00f1a de recolecci\u00f3n de envases vac\u00edos de productos agroqu\u00edmicos con triple lavado, que se llevar\u00e1 adelante en coordinaci\u00f3n con la C\u00e1mara de Sanidad Agropecuaria y Fertilizantes (Casafe), C\u00e1maras de Productores, C\u00e1mara Neuquina de Fruticultores Integrados (Canefi), Consorcios de Riego y municipios.<\/p>\n<p>La campa\u00f1a 2019 se extender\u00e1 hasta el 7 de junio y busca acompa\u00f1ar a 110 productores para que efectivicen la entrega. El objetivo es disminuir el riesgo de contaminaci\u00f3n y afectaci\u00f3n al ambiente y a la salud como pr\u00e1ctica segura y sustentable.<\/p>\n<p>En 2018 desde la subsecretar\u00eda de Producci\u00f3n se asisti\u00f3 a 91 productores en la campa\u00f1a, llevando adelante la difusi\u00f3n, acompa\u00f1amiento t\u00e9cnico y apoyo log\u00edstico para la disposici\u00f3n final de los envases.<\/p>\n<p>Sobre los envases se inform\u00f3 que deber\u00e1n ser r\u00edgidos, pl\u00e1sticos, lavados con el proceso de triple lavado. Los mismos deben estar limpios y secos, sin contener ning\u00fan tipo de residuos y sin tapa, entreg\u00e1ndose \u00e9stas separadas de los envases en una bolsa dentro de la bolsa pl\u00e1stica.<\/p>\n<p>Adem\u00e1s, cada bolsa entregada deber\u00e1 tener la raz\u00f3n social y el registro obligatorio para todas las actividades de producci\u00f3n primaria del sector agropecuario (Renspa) de quien los entrega.<\/p>\n<p>Legislaci\u00f3n<\/p>\n<p>De acuerdo con la Ley Provincial de agroqu\u00edmicos vigente N\u00b0 2.774 y a la ley de Medio Ambiente N\u00b0 1.875, se realizar\u00e1n inspecciones en los establecimientos, aplicando las sanciones que correspondan en caso de constatarse un manejo inadecuado de los envases vac\u00edos de agroqu\u00edmicos.<\/p>\n<p>Centros de acopio<\/p>\n<p>Los productores de Centenario y Vista Alegre podr\u00e1n acercar los envases al Ente Compensador Agr\u00edcola (ECA), ubicado en Belgrano 829, tel\u00e9fono (0299) 4897627; y el contacto es Claudia Quintana, tel\u00e9fono (0299) 154-151849. Para San Patricio del Cha\u00f1ar y A\u00f1elo, se reciben los lunes, mi\u00e9rcoles y viernes, de 8 a 14, en el predio del viejo pa\u00f1ol municipal, ubicado en Ing. Gasparri Norte, de San Patricio del Cha\u00f1ar; y el contacto es Fabiana Inostroza, tel\u00e9fono (0299)156-083951.<\/p>\n<p>En tanto, en Plottier y Senillosa podr\u00e1n hacerlo de 7 a 14 en la direcci\u00f3n de Medio Ambiente, ubicada en Roca y Perito Moreno de Plottier. Los tel\u00e9fonos de contacto son (0299) 4935158 (Ambiente) y (0299) 4936650 (EDEP).<\/p>\n<p>En cuanto a las empresas, deber\u00e1n realizar una inspecci\u00f3n previa en el ECA de Centenario, donde se entregar\u00e1 el correspondiente certificado para poder llevar luego los bolsones a la recicladora Dangen Pl\u00e1sticos, ubicada en el Parque Industrial de Plottier, correo elecr\u00f3nico fabrica@dangen.com.ar, tel\u00e9fonos (0299) 155-662350 y 155-040446.<\/p>\n<p>Triple lavado<\/p>\n<p>La t\u00e9cnica de triple lavado comienza con el vaciamiento del envase en el tanque de la pulverizadora. Se deposita agua limpia hasta un cuarto del volumen total del envase y despu\u00e9s se debe agitar con la tapa hacia arriba por 30 segundos aproximadamente.<\/p>\n<p>Se vuelve a llenar el envase de agua hasta un cuarto del volumen y se agita por aproximadamente 30 segundos pero ahora con la tapa hacia abajo y se vuelve a vaciar en el tanque de la pulverizadora.<\/p>\n<p>Luego se llena nuevamente hasta un cuarto del volumen con agua limpia y se agita el envase por 30 segundos hacia los lados para vaciar luego en el tanque de la pulverizadora.<\/p>\n<p>Finalmente se escurre por 30 segundos el envase y se lo perfora para evitar su utilizaci\u00f3n posterior. Despu\u00e9s se coloca dentro de una bolsa de pl\u00e1stico para ser entregado.<\/p>\n<p>Fuente:\u00a0https:\/\/www.neuqueninforma.gob.ar\/campana-de-recoleccion-de-envases-vacios-de-productos-agroquimicos\/<\/p>\n<\/div>\n<\/div>\n<\/div>\n<\/div>\n<\/div>\n","protected":false},"excerpt":{"rendered":"<p>Neuqu\u00e9n.-Ser\u00e1 desde este lunes al 7 de junio, en cumplimiento de las leyes de Agroqu\u00edmicos y de Medio Ambiente. Se [&hellip;]<\/p>\n","protected":false},"author":2,"featured_media":61492,"comment_status":"open","ping_status":"open","sticky":false,"template":"","format":"standard","meta":{"site-sidebar-layout":"default","site-content-layout":"","ast-site-content-layout":"default","site-content-style":"default","site-sidebar-style":"default","ast-global-header-display":"","ast-banner-title-visibility":"","ast-main-header-display":"","ast-hfb-above-header-display":"","ast-hfb-below-header-display":"","ast-hfb-mobile-header-display":"","site-post-title":"","ast-breadcrumbs-content":"","ast-featured-img":"","footer-sml-layout":"","ast-disable-related-posts":"","theme-transparent-header-meta":"","adv-header-id-meta":"","stick-header-meta":"","header-above-stick-meta":"","header-main-stick-meta":"","header-below-stick-meta":"","astra-migrate-meta-layouts":"default","ast-page-background-enabled":"default","ast-page-background-meta":{"desktop":{"background-color":"var(--ast-global-color-5)","background-image":"","background-repeat":"repeat","background-position":"center center","background-size":"auto","background-attachment":"scroll","background-type":"","background-media":"","overlay-type":"","overlay-color":"","overlay-opacity":"","overlay-gradient":""},"tablet":{"background-color":"","background-image":"","background-repeat":"repeat","background-position":"center center","background-size":"auto","background-attachment":"scroll","background-type":"","background-media":"","overlay-type":"","overlay-color":"","overlay-opacity":"","overlay-gradient":""},"mobile":{"background-color":"","background-image":"","background-repeat":"repeat","background-position":"center center","background-size":"auto","background-attachment":"scroll","background-type":"","background-media":"","overlay-type":"","overlay-color":"","overlay-opacity":"","overlay-gradient":""}},"ast-content-background-meta":{"desktop":{"background-color":"var(--ast-global-color-4)","background-image":"","background-repeat":"repeat","background-position":"center center","background-size":"auto","background-attachment":"scroll","background-type":"","background-media":"","overlay-type":"","overlay-color":"","overlay-opacity":"","overlay-gradient":""},"tablet":{"background-color":"var(--ast-global-color-4)","background-image":"","background-repeat":"repeat","background-position":"center center","background-size":"auto","background-attachment":"scroll","background-type":"","background-media":"","overlay-type":"","overlay-color":"","overlay-opacity":"","overlay-gradient":""},"mobile":{"background-color":"var(--ast-global-color-4)","background-image":"","background-repeat":"repeat","background-position":"center center","background-size":"auto","background-attachment":"scroll","background-type":"","background-media":"","overlay-type":"","overlay-color":"","overlay-opacity":"","overlay-gradient":""}},"footnotes":""},"categories":[11,18,1,13,10],"tags":[],"class_list":["post-61491","post","type-post","status-publish","format-standard","has-post-thumbnail","hentry","category-boletin","category-neuquen","category-noticias","category-provinciales","category-rotador"],"yoast_head":"<!-- This site is optimized with the Yoast SEO Premium plugin v23.0 (Yoast SEO v27.5) - https:\/\/yoast.com\/product\/yoast-seo-premium-wordpress\/ -->\n<title>Neuqu\u00e9n llevara a cabo la campa\u00f1a de recolecci\u00f3n de envases vac\u00edos de productos agroqu\u00edmicos<\/title>\n<meta name=\"robots\" content=\"index, follow, max-snippet:-1, max-image-preview:large, max-video-preview:-1\" \/>\n<link rel=\"canonical\" href=\"https:\/\/patagoniambiental.com.ar\/info\/neuquen-llevara-a-cabo-la-campana-de-recoleccion-de-envases-vacios-de-productos-agroquimicos\/\" \/>\n<meta property=\"og:locale\" content=\"es_ES\" \/>\n<meta property=\"og:type\" content=\"article\" \/>\n<meta property=\"og:title\" content=\"Neuqu\u00e9n llevara a cabo la campa\u00f1a de recolecci\u00f3n de envases vac\u00edos de productos agroqu\u00edmicos\" \/>\n<meta property=\"og:description\" content=\"Neuqu\u00e9n.-Ser\u00e1 desde este lunes al 7 de junio, en cumplimiento de las leyes de Agroqu\u00edmicos y de Medio Ambiente. Se [&hellip;]\" \/>\n<meta property=\"og:url\" content=\"https:\/\/patagoniambiental.com.ar\/info\/neuquen-llevara-a-cabo-la-campana-de-recoleccion-de-envases-vacios-de-productos-agroquimicos\/\" \/>\n<meta property=\"og:site_name\" content=\"Patagonia Ambiental\" \/>\n<meta property=\"article:publisher\" content=\"https:\/\/www.facebook.com\/patagonia.ambiental\" \/>\n<meta property=\"article:author\" content=\"https:\/\/www.facebook.com\/share\/1C1V8Gv9BX\/?mibextid=qi2Omg\" \/>\n<meta property=\"article:published_time\" content=\"2019-05-28T10:00:07+00:00\" \/>\n<meta property=\"og:image\" content=\"https:\/\/patagoniambiental.com.ar\/info\/wp-content\/uploads\/2019\/05\/WEB-PRIMERA-Acopio-envases-Centenario-2016-1068x528.jpg\" \/>\n\t<meta property=\"og:image:width\" content=\"1068\" \/>\n\t<meta property=\"og:image:height\" content=\"528\" \/>\n\t<meta property=\"og:image:type\" content=\"image\/jpeg\" \/>\n<meta name=\"author\" content=\"Patagonia Ambiental\" \/>\n<meta name=\"twitter:card\" content=\"summary_large_image\" \/>\n<meta name=\"twitter:creator\" content=\"@PatAmb\" \/>\n<meta name=\"twitter:site\" content=\"@PatAmb\" \/>\n<script type=\"application\/ld+json\" class=\"yoast-schema-graph\">{\"@context\":\"https:\\\/\\\/schema.org\",\"@graph\":[{\"@type\":\"Article\",\"@id\":\"https:\\\/\\\/patagoniambiental.com.ar\\\/info\\\/neuquen-llevara-a-cabo-la-campana-de-recoleccion-de-envases-vacios-de-productos-agroquimicos\\\/#article\",\"isPartOf\":{\"@id\":\"https:\\\/\\\/patagoniambiental.com.ar\\\/info\\\/neuquen-llevara-a-cabo-la-campana-de-recoleccion-de-envases-vacios-de-productos-agroquimicos\\\/\"},\"author\":{\"name\":\"Patagonia Ambiental\",\"@id\":\"https:\\\/\\\/patagoniambiental.com.ar\\\/info\\\/#\\\/schema\\\/person\\\/db12bff64bbcbf6a253710bf0ea37b5d\"},\"headline\":\"Neuqu\u00e9n llevara a cabo la campa\u00f1a de recolecci\u00f3n de envases vac\u00edos de productos agroqu\u00edmicos\",\"datePublished\":\"2019-05-28T10:00:07+00:00\",\"mainEntityOfPage\":{\"@id\":\"https:\\\/\\\/patagoniambiental.com.ar\\\/info\\\/neuquen-llevara-a-cabo-la-campana-de-recoleccion-de-envases-vacios-de-productos-agroquimicos\\\/\"},\"wordCount\":660,\"commentCount\":0,\"publisher\":{\"@id\":\"https:\\\/\\\/patagoniambiental.com.ar\\\/info\\\/#organization\"},\"image\":{\"@id\":\"https:\\\/\\\/patagoniambiental.com.ar\\\/info\\\/neuquen-llevara-a-cabo-la-campana-de-recoleccion-de-envases-vacios-de-productos-agroquimicos\\\/#primaryimage\"},\"thumbnailUrl\":\"https:\\\/\\\/patagoniambiental.com.ar\\\/info\\\/wp-content\\\/uploads\\\/2019\\\/05\\\/WEB-PRIMERA-Acopio-envases-Centenario-2016-1068x528.jpg\",\"articleSection\":[\"Bolet\u00edn\",\"Neuqu\u00e9n\",\"Noticias\",\"Provinciales\",\"Rotador\"],\"inLanguage\":\"es\",\"potentialAction\":[{\"@type\":\"CommentAction\",\"name\":\"Comment\",\"target\":[\"https:\\\/\\\/patagoniambiental.com.ar\\\/info\\\/neuquen-llevara-a-cabo-la-campana-de-recoleccion-de-envases-vacios-de-productos-agroquimicos\\\/#respond\"]}]},{\"@type\":\"WebPage\",\"@id\":\"https:\\\/\\\/patagoniambiental.com.ar\\\/info\\\/neuquen-llevara-a-cabo-la-campana-de-recoleccion-de-envases-vacios-de-productos-agroquimicos\\\/\",\"url\":\"https:\\\/\\\/patagoniambiental.com.ar\\\/info\\\/neuquen-llevara-a-cabo-la-campana-de-recoleccion-de-envases-vacios-de-productos-agroquimicos\\\/\",\"name\":\"Neuqu\u00e9n llevara a cabo la campa\u00f1a de recolecci\u00f3n de envases vac\u00edos de productos agroqu\u00edmicos\",\"isPartOf\":{\"@id\":\"https:\\\/\\\/patagoniambiental.com.ar\\\/info\\\/#website\"},\"primaryImageOfPage\":{\"@id\":\"https:\\\/\\\/patagoniambiental.com.ar\\\/info\\\/neuquen-llevara-a-cabo-la-campana-de-recoleccion-de-envases-vacios-de-productos-agroquimicos\\\/#primaryimage\"},\"image\":{\"@id\":\"https:\\\/\\\/patagoniambiental.com.ar\\\/info\\\/neuquen-llevara-a-cabo-la-campana-de-recoleccion-de-envases-vacios-de-productos-agroquimicos\\\/#primaryimage\"},\"thumbnailUrl\":\"https:\\\/\\\/patagoniambiental.com.ar\\\/info\\\/wp-content\\\/uploads\\\/2019\\\/05\\\/WEB-PRIMERA-Acopio-envases-Centenario-2016-1068x528.jpg\",\"datePublished\":\"2019-05-28T10:00:07+00:00\",\"breadcrumb\":{\"@id\":\"https:\\\/\\\/patagoniambiental.com.ar\\\/info\\\/neuquen-llevara-a-cabo-la-campana-de-recoleccion-de-envases-vacios-de-productos-agroquimicos\\\/#breadcrumb\"},\"inLanguage\":\"es\",\"potentialAction\":[{\"@type\":\"ReadAction\",\"target\":[\"https:\\\/\\\/patagoniambiental.com.ar\\\/info\\\/neuquen-llevara-a-cabo-la-campana-de-recoleccion-de-envases-vacios-de-productos-agroquimicos\\\/\"]}]},{\"@type\":\"ImageObject\",\"inLanguage\":\"es\",\"@id\":\"https:\\\/\\\/patagoniambiental.com.ar\\\/info\\\/neuquen-llevara-a-cabo-la-campana-de-recoleccion-de-envases-vacios-de-productos-agroquimicos\\\/#primaryimage\",\"url\":\"https:\\\/\\\/patagoniambiental.com.ar\\\/info\\\/wp-content\\\/uploads\\\/2019\\\/05\\\/WEB-PRIMERA-Acopio-envases-Centenario-2016-1068x528.jpg\",\"contentUrl\":\"https:\\\/\\\/patagoniambiental.com.ar\\\/info\\\/wp-content\\\/uploads\\\/2019\\\/05\\\/WEB-PRIMERA-Acopio-envases-Centenario-2016-1068x528.jpg\",\"width\":1068,\"height\":528},{\"@type\":\"BreadcrumbList\",\"@id\":\"https:\\\/\\\/patagoniambiental.com.ar\\\/info\\\/neuquen-llevara-a-cabo-la-campana-de-recoleccion-de-envases-vacios-de-productos-agroquimicos\\\/#breadcrumb\",\"itemListElement\":[{\"@type\":\"ListItem\",\"position\":1,\"name\":\"Inicio\",\"item\":\"https:\\\/\\\/patagoniambiental.com.ar\\\/info\\\/\"},{\"@type\":\"ListItem\",\"position\":2,\"name\":\"Neuqu\u00e9n llevara a cabo la campa\u00f1a de recolecci\u00f3n de envases vac\u00edos de productos agroqu\u00edmicos\"}]},{\"@type\":\"WebSite\",\"@id\":\"https:\\\/\\\/patagoniambiental.com.ar\\\/info\\\/#website\",\"url\":\"https:\\\/\\\/patagoniambiental.com.ar\\\/info\\\/\",\"name\":\"Patagonia Ambiental\",\"description\":\"Monitoreo y an\u00e1lisis de la situaci\u00f3n geopol\u00edtica en el mundo y su implicancia en la Patagonia\",\"publisher\":{\"@id\":\"https:\\\/\\\/patagoniambiental.com.ar\\\/info\\\/#organization\"},\"potentialAction\":[{\"@type\":\"SearchAction\",\"target\":{\"@type\":\"EntryPoint\",\"urlTemplate\":\"https:\\\/\\\/patagoniambiental.com.ar\\\/info\\\/?s={search_term_string}\"},\"query-input\":{\"@type\":\"PropertyValueSpecification\",\"valueRequired\":true,\"valueName\":\"search_term_string\"}}],\"inLanguage\":\"es\"},{\"@type\":\"Organization\",\"@id\":\"https:\\\/\\\/patagoniambiental.com.ar\\\/info\\\/#organization\",\"name\":\"Patagonia Ambiental\",\"url\":\"https:\\\/\\\/patagoniambiental.com.ar\\\/info\\\/\",\"logo\":{\"@type\":\"ImageObject\",\"inLanguage\":\"es\",\"@id\":\"https:\\\/\\\/patagoniambiental.com.ar\\\/info\\\/#\\\/schema\\\/logo\\\/image\\\/\",\"url\":\"https:\\\/\\\/patagoniambiental.com.ar\\\/info\\\/wp-content\\\/uploads\\\/2025\\\/05\\\/LOGO-PATAGONIA-AMBIENTAL.png\",\"contentUrl\":\"https:\\\/\\\/patagoniambiental.com.ar\\\/info\\\/wp-content\\\/uploads\\\/2025\\\/05\\\/LOGO-PATAGONIA-AMBIENTAL.png\",\"width\":433,\"height\":250,\"caption\":\"Patagonia Ambiental\"},\"image\":{\"@id\":\"https:\\\/\\\/patagoniambiental.com.ar\\\/info\\\/#\\\/schema\\\/logo\\\/image\\\/\"},\"sameAs\":[\"https:\\\/\\\/www.facebook.com\\\/patagonia.ambiental\",\"https:\\\/\\\/x.com\\\/PatAmb\"]},{\"@type\":\"Person\",\"@id\":\"https:\\\/\\\/patagoniambiental.com.ar\\\/info\\\/#\\\/schema\\\/person\\\/db12bff64bbcbf6a253710bf0ea37b5d\",\"name\":\"Patagonia Ambiental\",\"description\":\"Andr\u00e9s Nievas T\u00e9cnico en manejo ambiental, consultor Ambiental y escritor para medios locales e internacionales sobre temas de geopolitica y medio ambiente.\",\"sameAs\":[\"http:\\\/\\\/www.patagoniambiental.com.ar\",\"https:\\\/\\\/www.facebook.com\\\/share\\\/1C1V8Gv9BX\\\/?mibextid=qi2Omg\",\"@patagoniambiental\",\"https:\\\/\\\/youtube.com\\\/@patagoniaambiental2023?si=BLt58t0wuXquxlYZ\"]}]}<\/script>\n<!-- \/ Yoast SEO Premium plugin. -->","yoast_head_json":{"title":"Neuqu\u00e9n llevara a cabo la campa\u00f1a de recolecci\u00f3n de envases vac\u00edos de productos agroqu\u00edmicos","robots":{"index":"index","follow":"follow","max-snippet":"max-snippet:-1","max-image-preview":"max-image-preview:large","max-video-preview":"max-video-preview:-1"},"canonical":"https:\/\/patagoniambiental.com.ar\/info\/neuquen-llevara-a-cabo-la-campana-de-recoleccion-de-envases-vacios-de-productos-agroquimicos\/","og_locale":"es_ES","og_type":"article","og_title":"Neuqu\u00e9n llevara a cabo la campa\u00f1a de recolecci\u00f3n de envases vac\u00edos de productos agroqu\u00edmicos","og_description":"Neuqu\u00e9n.-Ser\u00e1 desde este lunes al 7 de junio, en cumplimiento de las leyes de Agroqu\u00edmicos y de Medio Ambiente. Se [&hellip;]","og_url":"https:\/\/patagoniambiental.com.ar\/info\/neuquen-llevara-a-cabo-la-campana-de-recoleccion-de-envases-vacios-de-productos-agroquimicos\/","og_site_name":"Patagonia Ambiental","article_publisher":"https:\/\/www.facebook.com\/patagonia.ambiental","article_author":"https:\/\/www.facebook.com\/share\/1C1V8Gv9BX\/?mibextid=qi2Omg","article_published_time":"2019-05-28T10:00:07+00:00","og_image":[{"width":1068,"height":528,"url":"https:\/\/patagoniambiental.com.ar\/info\/wp-content\/uploads\/2019\/05\/WEB-PRIMERA-Acopio-envases-Centenario-2016-1068x528.jpg","type":"image\/jpeg"}],"author":"Patagonia Ambiental","twitter_card":"summary_large_image","twitter_creator":"@PatAmb","twitter_site":"@PatAmb","schema":{"@context":"https:\/\/schema.org","@graph":[{"@type":"Article","@id":"https:\/\/patagoniambiental.com.ar\/info\/neuquen-llevara-a-cabo-la-campana-de-recoleccion-de-envases-vacios-de-productos-agroquimicos\/#article","isPartOf":{"@id":"https:\/\/patagoniambiental.com.ar\/info\/neuquen-llevara-a-cabo-la-campana-de-recoleccion-de-envases-vacios-de-productos-agroquimicos\/"},"author":{"name":"Patagonia Ambiental","@id":"https:\/\/patagoniambiental.com.ar\/info\/#\/schema\/person\/db12bff64bbcbf6a253710bf0ea37b5d"},"headline":"Neuqu\u00e9n llevara a cabo la campa\u00f1a de recolecci\u00f3n de envases vac\u00edos de productos agroqu\u00edmicos","datePublished":"2019-05-28T10:00:07+00:00","mainEntityOfPage":{"@id":"https:\/\/patagoniambiental.com.ar\/info\/neuquen-llevara-a-cabo-la-campana-de-recoleccion-de-envases-vacios-de-productos-agroquimicos\/"},"wordCount":660,"commentCount":0,"publisher":{"@id":"https:\/\/patagoniambiental.com.ar\/info\/#organization"},"image":{"@id":"https:\/\/patagoniambiental.com.ar\/info\/neuquen-llevara-a-cabo-la-campana-de-recoleccion-de-envases-vacios-de-productos-agroquimicos\/#primaryimage"},"thumbnailUrl":"https:\/\/patagoniambiental.com.ar\/info\/wp-content\/uploads\/2019\/05\/WEB-PRIMERA-Acopio-envases-Centenario-2016-1068x528.jpg","articleSection":["Bolet\u00edn","Neuqu\u00e9n","Noticias","Provinciales","Rotador"],"inLanguage":"es","potentialAction":[{"@type":"CommentAction","name":"Comment","target":["https:\/\/patagoniambiental.com.ar\/info\/neuquen-llevara-a-cabo-la-campana-de-recoleccion-de-envases-vacios-de-productos-agroquimicos\/#respond"]}]},{"@type":"WebPage","@id":"https:\/\/patagoniambiental.com.ar\/info\/neuquen-llevara-a-cabo-la-campana-de-recoleccion-de-envases-vacios-de-productos-agroquimicos\/","url":"https:\/\/patagoniambiental.com.ar\/info\/neuquen-llevara-a-cabo-la-campana-de-recoleccion-de-envases-vacios-de-productos-agroquimicos\/","name":"Neuqu\u00e9n llevara a cabo la campa\u00f1a de recolecci\u00f3n de envases vac\u00edos de productos agroqu\u00edmicos","isPartOf":{"@id":"https:\/\/patagoniambiental.com.ar\/info\/#website"},"primaryImageOfPage":{"@id":"https:\/\/patagoniambiental.com.ar\/info\/neuquen-llevara-a-cabo-la-campana-de-recoleccion-de-envases-vacios-de-productos-agroquimicos\/#primaryimage"},"image":{"@id":"https:\/\/patagoniambiental.com.ar\/info\/neuquen-llevara-a-cabo-la-campana-de-recoleccion-de-envases-vacios-de-productos-agroquimicos\/#primaryimage"},"thumbnailUrl":"https:\/\/patagoniambiental.com.ar\/info\/wp-content\/uploads\/2019\/05\/WEB-PRIMERA-Acopio-envases-Centenario-2016-1068x528.jpg","datePublished":"2019-05-28T10:00:07+00:00","breadcrumb":{"@id":"https:\/\/patagoniambiental.com.ar\/info\/neuquen-llevara-a-cabo-la-campana-de-recoleccion-de-envases-vacios-de-productos-agroquimicos\/#breadcrumb"},"inLanguage":"es","potentialAction":[{"@type":"ReadAction","target":["https:\/\/patagoniambiental.com.ar\/info\/neuquen-llevara-a-cabo-la-campana-de-recoleccion-de-envases-vacios-de-productos-agroquimicos\/"]}]},{"@type":"ImageObject","inLanguage":"es","@id":"https:\/\/patagoniambiental.com.ar\/info\/neuquen-llevara-a-cabo-la-campana-de-recoleccion-de-envases-vacios-de-productos-agroquimicos\/#primaryimage","url":"https:\/\/patagoniambiental.com.ar\/info\/wp-content\/uploads\/2019\/05\/WEB-PRIMERA-Acopio-envases-Centenario-2016-1068x528.jpg","contentUrl":"https:\/\/patagoniambiental.com.ar\/info\/wp-content\/uploads\/2019\/05\/WEB-PRIMERA-Acopio-envases-Centenario-2016-1068x528.jpg","width":1068,"height":528},{"@type":"BreadcrumbList","@id":"https:\/\/patagoniambiental.com.ar\/info\/neuquen-llevara-a-cabo-la-campana-de-recoleccion-de-envases-vacios-de-productos-agroquimicos\/#breadcrumb","itemListElement":[{"@type":"ListItem","position":1,"name":"Inicio","item":"https:\/\/patagoniambiental.com.ar\/info\/"},{"@type":"ListItem","position":2,"name":"Neuqu\u00e9n llevara a cabo la campa\u00f1a de recolecci\u00f3n de envases vac\u00edos de productos agroqu\u00edmicos"}]},{"@type":"WebSite","@id":"https:\/\/patagoniambiental.com.ar\/info\/#website","url":"https:\/\/patagoniambiental.com.ar\/info\/","name":"Patagonia Ambiental","description":"Monitoreo y an\u00e1lisis de la situaci\u00f3n geopol\u00edtica en el mundo y su implicancia en la Patagonia","publisher":{"@id":"https:\/\/patagoniambiental.com.ar\/info\/#organization"},"potentialAction":[{"@type":"SearchAction","target":{"@type":"EntryPoint","urlTemplate":"https:\/\/patagoniambiental.com.ar\/info\/?s={search_term_string}"},"query-input":{"@type":"PropertyValueSpecification","valueRequired":true,"valueName":"search_term_string"}}],"inLanguage":"es"},{"@type":"Organization","@id":"https:\/\/patagoniambiental.com.ar\/info\/#organization","name":"Patagonia Ambiental","url":"https:\/\/patagoniambiental.com.ar\/info\/","logo":{"@type":"ImageObject","inLanguage":"es","@id":"https:\/\/patagoniambiental.com.ar\/info\/#\/schema\/logo\/image\/","url":"https:\/\/patagoniambiental.com.ar\/info\/wp-content\/uploads\/2025\/05\/LOGO-PATAGONIA-AMBIENTAL.png","contentUrl":"https:\/\/patagoniambiental.com.ar\/info\/wp-content\/uploads\/2025\/05\/LOGO-PATAGONIA-AMBIENTAL.png","width":433,"height":250,"caption":"Patagonia Ambiental"},"image":{"@id":"https:\/\/patagoniambiental.com.ar\/info\/#\/schema\/logo\/image\/"},"sameAs":["https:\/\/www.facebook.com\/patagonia.ambiental","https:\/\/x.com\/PatAmb"]},{"@type":"Person","@id":"https:\/\/patagoniambiental.com.ar\/info\/#\/schema\/person\/db12bff64bbcbf6a253710bf0ea37b5d","name":"Patagonia Ambiental","description":"Andr\u00e9s Nievas T\u00e9cnico en manejo ambiental, consultor Ambiental y escritor para medios locales e internacionales sobre temas de geopolitica y medio ambiente.","sameAs":["http:\/\/www.patagoniambiental.com.ar","https:\/\/www.facebook.com\/share\/1C1V8Gv9BX\/?mibextid=qi2Omg","@patagoniambiental","https:\/\/youtube.com\/@patagoniaambiental2023?si=BLt58t0wuXquxlYZ"]}]}},"_links":{"self":[{"href":"https:\/\/patagoniambiental.com.ar\/info\/wp-json\/wp\/v2\/posts\/61491","targetHints":{"allow":["GET"]}}],"collection":[{"href":"https:\/\/patagoniambiental.com.ar\/info\/wp-json\/wp\/v2\/posts"}],"about":[{"href":"https:\/\/patagoniambiental.com.ar\/info\/wp-json\/wp\/v2\/types\/post"}],"author":[{"embeddable":true,"href":"https:\/\/patagoniambiental.com.ar\/info\/wp-json\/wp\/v2\/users\/2"}],"replies":[{"embeddable":true,"href":"https:\/\/patagoniambiental.com.ar\/info\/wp-json\/wp\/v2\/comments?post=61491"}],"version-history":[{"count":0,"href":"https:\/\/patagoniambiental.com.ar\/info\/wp-json\/wp\/v2\/posts\/61491\/revisions"}],"wp:featuredmedia":[{"embeddable":true,"href":"https:\/\/patagoniambiental.com.ar\/info\/wp-json\/wp\/v2\/media\/61492"}],"wp:attachment":[{"href":"https:\/\/patagoniambiental.com.ar\/info\/wp-json\/wp\/v2\/media?parent=61491"}],"wp:term":[{"taxonomy":"category","embeddable":true,"href":"https:\/\/patagoniambiental.com.ar\/info\/wp-json\/wp\/v2\/categories?post=61491"},{"taxonomy":"post_tag","embeddable":true,"href":"https:\/\/patagoniambiental.com.ar\/info\/wp-json\/wp\/v2\/tags?post=61491"}],"curies":[{"name":"wp","href":"https:\/\/api.w.org\/{rel}","templated":true}]}}