{"id":61507,"date":"2019-05-28T19:00:06","date_gmt":"2019-05-28T22:00:06","guid":{"rendered":"http:\/\/patagoniambiental.com.ar\/info\/?p=61507"},"modified":"2019-05-27T16:34:03","modified_gmt":"2019-05-27T19:34:03","slug":"personal-de-areas-protegidas-detecto-extraccion-de-arenas-y-patrimonio-natural-dentro-del-area-natural-protegida-reserva-provincial-playa-larga-en-tierra-del-fuego","status":"publish","type":"post","link":"https:\/\/patagoniambiental.com.ar\/info\/personal-de-areas-protegidas-detecto-extraccion-de-arenas-y-patrimonio-natural-dentro-del-area-natural-protegida-reserva-provincial-playa-larga-en-tierra-del-fuego\/","title":{"rendered":"Personal de Areas Protegidas detecto extraccion de arenas y patrimonio natural dentro del Area Natural Protegida Reserva Provincial Playa Larga en Tierra del Fuego"},"content":{"rendered":"<p>Tierra del Fuego, AIAS.-Personal de la Direcci\u00f3n General de \u00c1reas Protegidas y Biodiversidad, dependiente de la Secretar\u00eda de Ambiente, Desarrollo Sostenible<span class=\"text_exposed_show\">\u00a0y Cambio Clim\u00e1tico, ha detectado la extracci\u00f3n de arenas y patrimonio natural dentro de un sector sensible de la Reserva Provincial Cultural &#8211; Natural Playa Larga sin autorizaci\u00f3n.<\/span><\/p>\n<p><span class=\"text_exposed_show\"><!--more--><br \/>\nSe recuerda a la poblaci\u00f3n que en el marco de la Ley Provincial N\u00b0 384, de creaci\u00f3n de la Reserva Provincial Cultural &#8211; Natural Playa Larga, la cual integra el Sistema Provincial de \u00c1reas Naturales Protegidas (Ley Provincial N\u00b0 272), los objetivos de conservaci\u00f3n de la misma son proteger y conservar: flora, fauna silvestre, rasgos fisiogr\u00e1ficos, belleza esc\u00e9nica, reservorios culturales, hist\u00f3ricos y arqueol\u00f3gicos, manteniendo el equilibrio de su sistema natural.<br \/>\nPor lo cual, queda prohibida la recolecci\u00f3n de materiales (flora, fauna, material org\u00e1nico o inorg\u00e1nico) y\/o cualquier acci\u00f3n que modifique, perjudique o se contraponga con las caracter\u00edsticas y condiciones propias del \u00c1rea Protegida.<br \/>\nTodas las acciones mencionadas en el citado p\u00e1rrafo anterior, ser\u00e1n pasibles de sanci\u00f3n.<\/p>\n<p><\/span><\/p>\n<p>Fuente: Gobierno de Tierra del Fuego, AIAS<\/p>\n","protected":false},"excerpt":{"rendered":"<p>Tierra del Fuego, AIAS.-Personal de la Direcci\u00f3n General de \u00c1reas Protegidas y Biodiversidad, dependiente de la Secretar\u00eda de Ambiente, Desarrollo [&hellip;]<\/p>\n","protected":false},"author":2,"featured_media":61508,"comment_status":"open","ping_status":"open","sticky":false,"template":"","format":"standard","meta":{"site-sidebar-layout":"default","site-content-layout":"","ast-site-content-layout":"default","site-content-style":"default","site-sidebar-style":"default","ast-global-header-display":"","ast-banner-title-visibility":"","ast-main-header-display":"","ast-hfb-above-header-display":"","ast-hfb-below-header-display":"","ast-hfb-mobile-header-display":"","site-post-title":"","ast-breadcrumbs-content":"","ast-featured-img":"","footer-sml-layout":"","ast-disable-related-posts":"","theme-transparent-header-meta":"","adv-header-id-meta":"","stick-header-meta":"","header-above-stick-meta":"","header-main-stick-meta":"","header-below-stick-meta":"","astra-migrate-meta-layouts":"default","ast-page-background-enabled":"default","ast-page-background-meta":{"desktop":{"background-color":"var(--ast-global-color-5)","background-image":"","background-repeat":"repeat","background-position":"center center","background-size":"auto","background-attachment":"scroll","background-type":"","background-media":"","overlay-type":"","overlay-color":"","overlay-opacity":"","overlay-gradient":""},"tablet":{"background-color":"","background-image":"","background-repeat":"repeat","background-position":"center center","background-size":"auto","background-attachment":"scroll","background-type":"","background-media":"","overlay-type":"","overlay-color":"","overlay-opacity":"","overlay-gradient":""},"mobile":{"background-color":"","background-image":"","background-repeat":"repeat","background-position":"center center","background-size":"auto","background-attachment":"scroll","background-type":"","background-media":"","overlay-type":"","overlay-color":"","overlay-opacity":"","overlay-gradient":""}},"ast-content-background-meta":{"desktop":{"background-color":"var(--ast-global-color-4)","background-image":"","background-repeat":"repeat","background-position":"center center","background-size":"auto","background-attachment":"scroll","background-type":"","background-media":"","overlay-type":"","overlay-color":"","overlay-opacity":"","overlay-gradient":""},"tablet":{"background-color":"var(--ast-global-color-4)","background-image":"","background-repeat":"repeat","background-position":"center center","background-size":"auto","background-attachment":"scroll","background-type":"","background-media":"","overlay-type":"","overlay-color":"","overlay-opacity":"","overlay-gradient":""},"mobile":{"background-color":"var(--ast-global-color-4)","background-image":"","background-repeat":"repeat","background-position":"center center","background-size":"auto","background-attachment":"scroll","background-type":"","background-media":"","overlay-type":"","overlay-color":"","overlay-opacity":"","overlay-gradient":""}},"footnotes":""},"categories":[1,13,25],"tags":[],"class_list":["post-61507","post","type-post","status-publish","format-standard","has-post-thumbnail","hentry","category-noticias","category-provinciales","category-tierra-del-fuego"],"yoast_head":"<!-- This site is optimized with the Yoast SEO Premium plugin v23.0 (Yoast SEO v27.5) - https:\/\/yoast.com\/product\/yoast-seo-premium-wordpress\/ -->\n<title>Personal de Areas Protegidas detecto extraccion de arenas y patrimonio natural dentro del Area Natural Protegida Reserva Provincial Playa Larga en Tierra del Fuego<\/title>\n<meta name=\"robots\" content=\"index, follow, max-snippet:-1, max-image-preview:large, max-video-preview:-1\" \/>\n<link rel=\"canonical\" href=\"https:\/\/patagoniambiental.com.ar\/info\/personal-de-areas-protegidas-detecto-extraccion-de-arenas-y-patrimonio-natural-dentro-del-area-natural-protegida-reserva-provincial-playa-larga-en-tierra-del-fuego\/\" \/>\n<meta property=\"og:locale\" content=\"es_ES\" \/>\n<meta property=\"og:type\" content=\"article\" \/>\n<meta property=\"og:title\" content=\"Personal de Areas Protegidas detecto extraccion de arenas y patrimonio natural dentro del Area Natural Protegida Reserva Provincial Playa Larga en Tierra del Fuego\" \/>\n<meta property=\"og:description\" content=\"Tierra del Fuego, AIAS.-Personal de la Direcci\u00f3n General de \u00c1reas Protegidas y Biodiversidad, dependiente de la Secretar\u00eda de Ambiente, Desarrollo [&hellip;]\" \/>\n<meta property=\"og:url\" content=\"https:\/\/patagoniambiental.com.ar\/info\/personal-de-areas-protegidas-detecto-extraccion-de-arenas-y-patrimonio-natural-dentro-del-area-natural-protegida-reserva-provincial-playa-larga-en-tierra-del-fuego\/\" \/>\n<meta property=\"og:site_name\" content=\"Patagonia Ambiental\" \/>\n<meta property=\"article:publisher\" content=\"https:\/\/www.facebook.com\/patagonia.ambiental\" \/>\n<meta property=\"article:author\" content=\"https:\/\/www.facebook.com\/share\/1C1V8Gv9BX\/?mibextid=qi2Omg\" \/>\n<meta property=\"article:published_time\" content=\"2019-05-28T22:00:06+00:00\" \/>\n<meta property=\"og:image\" content=\"https:\/\/patagoniambiental.com.ar\/info\/wp-content\/uploads\/2019\/05\/61010164_1739113816234761_3289159498001809408_n.jpg\" \/>\n\t<meta property=\"og:image:width\" content=\"960\" \/>\n\t<meta property=\"og:image:height\" content=\"402\" \/>\n\t<meta property=\"og:image:type\" content=\"image\/jpeg\" \/>\n<meta name=\"author\" content=\"Patagonia Ambiental\" \/>\n<meta name=\"twitter:card\" content=\"summary_large_image\" \/>\n<meta name=\"twitter:creator\" content=\"@PatAmb\" \/>\n<meta name=\"twitter:site\" content=\"@PatAmb\" \/>\n<script type=\"application\/ld+json\" class=\"yoast-schema-graph\">{\"@context\":\"https:\\\/\\\/schema.org\",\"@graph\":[{\"@type\":\"Article\",\"@id\":\"https:\\\/\\\/patagoniambiental.com.ar\\\/info\\\/personal-de-areas-protegidas-detecto-extraccion-de-arenas-y-patrimonio-natural-dentro-del-area-natural-protegida-reserva-provincial-playa-larga-en-tierra-del-fuego\\\/#article\",\"isPartOf\":{\"@id\":\"https:\\\/\\\/patagoniambiental.com.ar\\\/info\\\/personal-de-areas-protegidas-detecto-extraccion-de-arenas-y-patrimonio-natural-dentro-del-area-natural-protegida-reserva-provincial-playa-larga-en-tierra-del-fuego\\\/\"},\"author\":{\"name\":\"Patagonia Ambiental\",\"@id\":\"https:\\\/\\\/patagoniambiental.com.ar\\\/info\\\/#\\\/schema\\\/person\\\/db12bff64bbcbf6a253710bf0ea37b5d\"},\"headline\":\"Personal de Areas Protegidas detecto extraccion de arenas y patrimonio natural dentro del Area Natural Protegida Reserva Provincial Playa Larga en Tierra del Fuego\",\"datePublished\":\"2019-05-28T22:00:06+00:00\",\"mainEntityOfPage\":{\"@id\":\"https:\\\/\\\/patagoniambiental.com.ar\\\/info\\\/personal-de-areas-protegidas-detecto-extraccion-de-arenas-y-patrimonio-natural-dentro-del-area-natural-protegida-reserva-provincial-playa-larga-en-tierra-del-fuego\\\/\"},\"wordCount\":216,\"commentCount\":0,\"publisher\":{\"@id\":\"https:\\\/\\\/patagoniambiental.com.ar\\\/info\\\/#organization\"},\"image\":{\"@id\":\"https:\\\/\\\/patagoniambiental.com.ar\\\/info\\\/personal-de-areas-protegidas-detecto-extraccion-de-arenas-y-patrimonio-natural-dentro-del-area-natural-protegida-reserva-provincial-playa-larga-en-tierra-del-fuego\\\/#primaryimage\"},\"thumbnailUrl\":\"https:\\\/\\\/patagoniambiental.com.ar\\\/info\\\/wp-content\\\/uploads\\\/2019\\\/05\\\/61010164_1739113816234761_3289159498001809408_n.jpg\",\"articleSection\":[\"Noticias\",\"Provinciales\",\"Tierra del Fuego\"],\"inLanguage\":\"es\",\"potentialAction\":[{\"@type\":\"CommentAction\",\"name\":\"Comment\",\"target\":[\"https:\\\/\\\/patagoniambiental.com.ar\\\/info\\\/personal-de-areas-protegidas-detecto-extraccion-de-arenas-y-patrimonio-natural-dentro-del-area-natural-protegida-reserva-provincial-playa-larga-en-tierra-del-fuego\\\/#respond\"]}]},{\"@type\":\"WebPage\",\"@id\":\"https:\\\/\\\/patagoniambiental.com.ar\\\/info\\\/personal-de-areas-protegidas-detecto-extraccion-de-arenas-y-patrimonio-natural-dentro-del-area-natural-protegida-reserva-provincial-playa-larga-en-tierra-del-fuego\\\/\",\"url\":\"https:\\\/\\\/patagoniambiental.com.ar\\\/info\\\/personal-de-areas-protegidas-detecto-extraccion-de-arenas-y-patrimonio-natural-dentro-del-area-natural-protegida-reserva-provincial-playa-larga-en-tierra-del-fuego\\\/\",\"name\":\"Personal de Areas Protegidas detecto extraccion de arenas y patrimonio natural dentro del Area Natural Protegida Reserva Provincial Playa Larga en Tierra del Fuego\",\"isPartOf\":{\"@id\":\"https:\\\/\\\/patagoniambiental.com.ar\\\/info\\\/#website\"},\"primaryImageOfPage\":{\"@id\":\"https:\\\/\\\/patagoniambiental.com.ar\\\/info\\\/personal-de-areas-protegidas-detecto-extraccion-de-arenas-y-patrimonio-natural-dentro-del-area-natural-protegida-reserva-provincial-playa-larga-en-tierra-del-fuego\\\/#primaryimage\"},\"image\":{\"@id\":\"https:\\\/\\\/patagoniambiental.com.ar\\\/info\\\/personal-de-areas-protegidas-detecto-extraccion-de-arenas-y-patrimonio-natural-dentro-del-area-natural-protegida-reserva-provincial-playa-larga-en-tierra-del-fuego\\\/#primaryimage\"},\"thumbnailUrl\":\"https:\\\/\\\/patagoniambiental.com.ar\\\/info\\\/wp-content\\\/uploads\\\/2019\\\/05\\\/61010164_1739113816234761_3289159498001809408_n.jpg\",\"datePublished\":\"2019-05-28T22:00:06+00:00\",\"breadcrumb\":{\"@id\":\"https:\\\/\\\/patagoniambiental.com.ar\\\/info\\\/personal-de-areas-protegidas-detecto-extraccion-de-arenas-y-patrimonio-natural-dentro-del-area-natural-protegida-reserva-provincial-playa-larga-en-tierra-del-fuego\\\/#breadcrumb\"},\"inLanguage\":\"es\",\"potentialAction\":[{\"@type\":\"ReadAction\",\"target\":[\"https:\\\/\\\/patagoniambiental.com.ar\\\/info\\\/personal-de-areas-protegidas-detecto-extraccion-de-arenas-y-patrimonio-natural-dentro-del-area-natural-protegida-reserva-provincial-playa-larga-en-tierra-del-fuego\\\/\"]}]},{\"@type\":\"ImageObject\",\"inLanguage\":\"es\",\"@id\":\"https:\\\/\\\/patagoniambiental.com.ar\\\/info\\\/personal-de-areas-protegidas-detecto-extraccion-de-arenas-y-patrimonio-natural-dentro-del-area-natural-protegida-reserva-provincial-playa-larga-en-tierra-del-fuego\\\/#primaryimage\",\"url\":\"https:\\\/\\\/patagoniambiental.com.ar\\\/info\\\/wp-content\\\/uploads\\\/2019\\\/05\\\/61010164_1739113816234761_3289159498001809408_n.jpg\",\"contentUrl\":\"https:\\\/\\\/patagoniambiental.com.ar\\\/info\\\/wp-content\\\/uploads\\\/2019\\\/05\\\/61010164_1739113816234761_3289159498001809408_n.jpg\",\"width\":960,\"height\":402},{\"@type\":\"BreadcrumbList\",\"@id\":\"https:\\\/\\\/patagoniambiental.com.ar\\\/info\\\/personal-de-areas-protegidas-detecto-extraccion-de-arenas-y-patrimonio-natural-dentro-del-area-natural-protegida-reserva-provincial-playa-larga-en-tierra-del-fuego\\\/#breadcrumb\",\"itemListElement\":[{\"@type\":\"ListItem\",\"position\":1,\"name\":\"Inicio\",\"item\":\"https:\\\/\\\/patagoniambiental.com.ar\\\/info\\\/\"},{\"@type\":\"ListItem\",\"position\":2,\"name\":\"Personal de Areas Protegidas detecto extraccion de arenas y patrimonio natural dentro del Area Natural Protegida Reserva Provincial Playa Larga en Tierra del Fuego\"}]},{\"@type\":\"WebSite\",\"@id\":\"https:\\\/\\\/patagoniambiental.com.ar\\\/info\\\/#website\",\"url\":\"https:\\\/\\\/patagoniambiental.com.ar\\\/info\\\/\",\"name\":\"Patagonia Ambiental\",\"description\":\"Monitoreo y an\u00e1lisis de la situaci\u00f3n geopol\u00edtica en el mundo y su implicancia en la Patagonia\",\"publisher\":{\"@id\":\"https:\\\/\\\/patagoniambiental.com.ar\\\/info\\\/#organization\"},\"potentialAction\":[{\"@type\":\"SearchAction\",\"target\":{\"@type\":\"EntryPoint\",\"urlTemplate\":\"https:\\\/\\\/patagoniambiental.com.ar\\\/info\\\/?s={search_term_string}\"},\"query-input\":{\"@type\":\"PropertyValueSpecification\",\"valueRequired\":true,\"valueName\":\"search_term_string\"}}],\"inLanguage\":\"es\"},{\"@type\":\"Organization\",\"@id\":\"https:\\\/\\\/patagoniambiental.com.ar\\\/info\\\/#organization\",\"name\":\"Patagonia Ambiental\",\"url\":\"https:\\\/\\\/patagoniambiental.com.ar\\\/info\\\/\",\"logo\":{\"@type\":\"ImageObject\",\"inLanguage\":\"es\",\"@id\":\"https:\\\/\\\/patagoniambiental.com.ar\\\/info\\\/#\\\/schema\\\/logo\\\/image\\\/\",\"url\":\"https:\\\/\\\/patagoniambiental.com.ar\\\/info\\\/wp-content\\\/uploads\\\/2025\\\/05\\\/LOGO-PATAGONIA-AMBIENTAL.png\",\"contentUrl\":\"https:\\\/\\\/patagoniambiental.com.ar\\\/info\\\/wp-content\\\/uploads\\\/2025\\\/05\\\/LOGO-PATAGONIA-AMBIENTAL.png\",\"width\":433,\"height\":250,\"caption\":\"Patagonia Ambiental\"},\"image\":{\"@id\":\"https:\\\/\\\/patagoniambiental.com.ar\\\/info\\\/#\\\/schema\\\/logo\\\/image\\\/\"},\"sameAs\":[\"https:\\\/\\\/www.facebook.com\\\/patagonia.ambiental\",\"https:\\\/\\\/x.com\\\/PatAmb\"]},{\"@type\":\"Person\",\"@id\":\"https:\\\/\\\/patagoniambiental.com.ar\\\/info\\\/#\\\/schema\\\/person\\\/db12bff64bbcbf6a253710bf0ea37b5d\",\"name\":\"Patagonia Ambiental\",\"description\":\"Andr\u00e9s Nievas T\u00e9cnico en manejo ambiental, consultor Ambiental y escritor para medios locales e internacionales sobre temas de geopolitica y medio ambiente.\",\"sameAs\":[\"http:\\\/\\\/www.patagoniambiental.com.ar\",\"https:\\\/\\\/www.facebook.com\\\/share\\\/1C1V8Gv9BX\\\/?mibextid=qi2Omg\",\"@patagoniambiental\",\"https:\\\/\\\/youtube.com\\\/@patagoniaambiental2023?si=BLt58t0wuXquxlYZ\"]}]}<\/script>\n<!-- \/ Yoast SEO Premium plugin. -->","yoast_head_json":{"title":"Personal de Areas Protegidas detecto extraccion de arenas y patrimonio natural dentro del Area Natural Protegida Reserva Provincial Playa Larga en Tierra del Fuego","robots":{"index":"index","follow":"follow","max-snippet":"max-snippet:-1","max-image-preview":"max-image-preview:large","max-video-preview":"max-video-preview:-1"},"canonical":"https:\/\/patagoniambiental.com.ar\/info\/personal-de-areas-protegidas-detecto-extraccion-de-arenas-y-patrimonio-natural-dentro-del-area-natural-protegida-reserva-provincial-playa-larga-en-tierra-del-fuego\/","og_locale":"es_ES","og_type":"article","og_title":"Personal de Areas Protegidas detecto extraccion de arenas y patrimonio natural dentro del Area Natural Protegida Reserva Provincial Playa Larga en Tierra del Fuego","og_description":"Tierra del Fuego, AIAS.-Personal de la Direcci\u00f3n General de \u00c1reas Protegidas y Biodiversidad, dependiente de la Secretar\u00eda de Ambiente, Desarrollo [&hellip;]","og_url":"https:\/\/patagoniambiental.com.ar\/info\/personal-de-areas-protegidas-detecto-extraccion-de-arenas-y-patrimonio-natural-dentro-del-area-natural-protegida-reserva-provincial-playa-larga-en-tierra-del-fuego\/","og_site_name":"Patagonia Ambiental","article_publisher":"https:\/\/www.facebook.com\/patagonia.ambiental","article_author":"https:\/\/www.facebook.com\/share\/1C1V8Gv9BX\/?mibextid=qi2Omg","article_published_time":"2019-05-28T22:00:06+00:00","og_image":[{"width":960,"height":402,"url":"https:\/\/patagoniambiental.com.ar\/info\/wp-content\/uploads\/2019\/05\/61010164_1739113816234761_3289159498001809408_n.jpg","type":"image\/jpeg"}],"author":"Patagonia Ambiental","twitter_card":"summary_large_image","twitter_creator":"@PatAmb","twitter_site":"@PatAmb","schema":{"@context":"https:\/\/schema.org","@graph":[{"@type":"Article","@id":"https:\/\/patagoniambiental.com.ar\/info\/personal-de-areas-protegidas-detecto-extraccion-de-arenas-y-patrimonio-natural-dentro-del-area-natural-protegida-reserva-provincial-playa-larga-en-tierra-del-fuego\/#article","isPartOf":{"@id":"https:\/\/patagoniambiental.com.ar\/info\/personal-de-areas-protegidas-detecto-extraccion-de-arenas-y-patrimonio-natural-dentro-del-area-natural-protegida-reserva-provincial-playa-larga-en-tierra-del-fuego\/"},"author":{"name":"Patagonia Ambiental","@id":"https:\/\/patagoniambiental.com.ar\/info\/#\/schema\/person\/db12bff64bbcbf6a253710bf0ea37b5d"},"headline":"Personal de Areas Protegidas detecto extraccion de arenas y patrimonio natural dentro del Area Natural Protegida Reserva Provincial Playa Larga en Tierra del Fuego","datePublished":"2019-05-28T22:00:06+00:00","mainEntityOfPage":{"@id":"https:\/\/patagoniambiental.com.ar\/info\/personal-de-areas-protegidas-detecto-extraccion-de-arenas-y-patrimonio-natural-dentro-del-area-natural-protegida-reserva-provincial-playa-larga-en-tierra-del-fuego\/"},"wordCount":216,"commentCount":0,"publisher":{"@id":"https:\/\/patagoniambiental.com.ar\/info\/#organization"},"image":{"@id":"https:\/\/patagoniambiental.com.ar\/info\/personal-de-areas-protegidas-detecto-extraccion-de-arenas-y-patrimonio-natural-dentro-del-area-natural-protegida-reserva-provincial-playa-larga-en-tierra-del-fuego\/#primaryimage"},"thumbnailUrl":"https:\/\/patagoniambiental.com.ar\/info\/wp-content\/uploads\/2019\/05\/61010164_1739113816234761_3289159498001809408_n.jpg","articleSection":["Noticias","Provinciales","Tierra del Fuego"],"inLanguage":"es","potentialAction":[{"@type":"CommentAction","name":"Comment","target":["https:\/\/patagoniambiental.com.ar\/info\/personal-de-areas-protegidas-detecto-extraccion-de-arenas-y-patrimonio-natural-dentro-del-area-natural-protegida-reserva-provincial-playa-larga-en-tierra-del-fuego\/#respond"]}]},{"@type":"WebPage","@id":"https:\/\/patagoniambiental.com.ar\/info\/personal-de-areas-protegidas-detecto-extraccion-de-arenas-y-patrimonio-natural-dentro-del-area-natural-protegida-reserva-provincial-playa-larga-en-tierra-del-fuego\/","url":"https:\/\/patagoniambiental.com.ar\/info\/personal-de-areas-protegidas-detecto-extraccion-de-arenas-y-patrimonio-natural-dentro-del-area-natural-protegida-reserva-provincial-playa-larga-en-tierra-del-fuego\/","name":"Personal de Areas Protegidas detecto extraccion de arenas y patrimonio natural dentro del Area Natural Protegida Reserva Provincial Playa Larga en Tierra del Fuego","isPartOf":{"@id":"https:\/\/patagoniambiental.com.ar\/info\/#website"},"primaryImageOfPage":{"@id":"https:\/\/patagoniambiental.com.ar\/info\/personal-de-areas-protegidas-detecto-extraccion-de-arenas-y-patrimonio-natural-dentro-del-area-natural-protegida-reserva-provincial-playa-larga-en-tierra-del-fuego\/#primaryimage"},"image":{"@id":"https:\/\/patagoniambiental.com.ar\/info\/personal-de-areas-protegidas-detecto-extraccion-de-arenas-y-patrimonio-natural-dentro-del-area-natural-protegida-reserva-provincial-playa-larga-en-tierra-del-fuego\/#primaryimage"},"thumbnailUrl":"https:\/\/patagoniambiental.com.ar\/info\/wp-content\/uploads\/2019\/05\/61010164_1739113816234761_3289159498001809408_n.jpg","datePublished":"2019-05-28T22:00:06+00:00","breadcrumb":{"@id":"https:\/\/patagoniambiental.com.ar\/info\/personal-de-areas-protegidas-detecto-extraccion-de-arenas-y-patrimonio-natural-dentro-del-area-natural-protegida-reserva-provincial-playa-larga-en-tierra-del-fuego\/#breadcrumb"},"inLanguage":"es","potentialAction":[{"@type":"ReadAction","target":["https:\/\/patagoniambiental.com.ar\/info\/personal-de-areas-protegidas-detecto-extraccion-de-arenas-y-patrimonio-natural-dentro-del-area-natural-protegida-reserva-provincial-playa-larga-en-tierra-del-fuego\/"]}]},{"@type":"ImageObject","inLanguage":"es","@id":"https:\/\/patagoniambiental.com.ar\/info\/personal-de-areas-protegidas-detecto-extraccion-de-arenas-y-patrimonio-natural-dentro-del-area-natural-protegida-reserva-provincial-playa-larga-en-tierra-del-fuego\/#primaryimage","url":"https:\/\/patagoniambiental.com.ar\/info\/wp-content\/uploads\/2019\/05\/61010164_1739113816234761_3289159498001809408_n.jpg","contentUrl":"https:\/\/patagoniambiental.com.ar\/info\/wp-content\/uploads\/2019\/05\/61010164_1739113816234761_3289159498001809408_n.jpg","width":960,"height":402},{"@type":"BreadcrumbList","@id":"https:\/\/patagoniambiental.com.ar\/info\/personal-de-areas-protegidas-detecto-extraccion-de-arenas-y-patrimonio-natural-dentro-del-area-natural-protegida-reserva-provincial-playa-larga-en-tierra-del-fuego\/#breadcrumb","itemListElement":[{"@type":"ListItem","position":1,"name":"Inicio","item":"https:\/\/patagoniambiental.com.ar\/info\/"},{"@type":"ListItem","position":2,"name":"Personal de Areas Protegidas detecto extraccion de arenas y patrimonio natural dentro del Area Natural Protegida Reserva Provincial Playa Larga en Tierra del Fuego"}]},{"@type":"WebSite","@id":"https:\/\/patagoniambiental.com.ar\/info\/#website","url":"https:\/\/patagoniambiental.com.ar\/info\/","name":"Patagonia Ambiental","description":"Monitoreo y an\u00e1lisis de la situaci\u00f3n geopol\u00edtica en el mundo y su implicancia en la Patagonia","publisher":{"@id":"https:\/\/patagoniambiental.com.ar\/info\/#organization"},"potentialAction":[{"@type":"SearchAction","target":{"@type":"EntryPoint","urlTemplate":"https:\/\/patagoniambiental.com.ar\/info\/?s={search_term_string}"},"query-input":{"@type":"PropertyValueSpecification","valueRequired":true,"valueName":"search_term_string"}}],"inLanguage":"es"},{"@type":"Organization","@id":"https:\/\/patagoniambiental.com.ar\/info\/#organization","name":"Patagonia Ambiental","url":"https:\/\/patagoniambiental.com.ar\/info\/","logo":{"@type":"ImageObject","inLanguage":"es","@id":"https:\/\/patagoniambiental.com.ar\/info\/#\/schema\/logo\/image\/","url":"https:\/\/patagoniambiental.com.ar\/info\/wp-content\/uploads\/2025\/05\/LOGO-PATAGONIA-AMBIENTAL.png","contentUrl":"https:\/\/patagoniambiental.com.ar\/info\/wp-content\/uploads\/2025\/05\/LOGO-PATAGONIA-AMBIENTAL.png","width":433,"height":250,"caption":"Patagonia Ambiental"},"image":{"@id":"https:\/\/patagoniambiental.com.ar\/info\/#\/schema\/logo\/image\/"},"sameAs":["https:\/\/www.facebook.com\/patagonia.ambiental","https:\/\/x.com\/PatAmb"]},{"@type":"Person","@id":"https:\/\/patagoniambiental.com.ar\/info\/#\/schema\/person\/db12bff64bbcbf6a253710bf0ea37b5d","name":"Patagonia Ambiental","description":"Andr\u00e9s Nievas T\u00e9cnico en manejo ambiental, consultor Ambiental y escritor para medios locales e internacionales sobre temas de geopolitica y medio ambiente.","sameAs":["http:\/\/www.patagoniambiental.com.ar","https:\/\/www.facebook.com\/share\/1C1V8Gv9BX\/?mibextid=qi2Omg","@patagoniambiental","https:\/\/youtube.com\/@patagoniaambiental2023?si=BLt58t0wuXquxlYZ"]}]}},"_links":{"self":[{"href":"https:\/\/patagoniambiental.com.ar\/info\/wp-json\/wp\/v2\/posts\/61507","targetHints":{"allow":["GET"]}}],"collection":[{"href":"https:\/\/patagoniambiental.com.ar\/info\/wp-json\/wp\/v2\/posts"}],"about":[{"href":"https:\/\/patagoniambiental.com.ar\/info\/wp-json\/wp\/v2\/types\/post"}],"author":[{"embeddable":true,"href":"https:\/\/patagoniambiental.com.ar\/info\/wp-json\/wp\/v2\/users\/2"}],"replies":[{"embeddable":true,"href":"https:\/\/patagoniambiental.com.ar\/info\/wp-json\/wp\/v2\/comments?post=61507"}],"version-history":[{"count":0,"href":"https:\/\/patagoniambiental.com.ar\/info\/wp-json\/wp\/v2\/posts\/61507\/revisions"}],"wp:featuredmedia":[{"embeddable":true,"href":"https:\/\/patagoniambiental.com.ar\/info\/wp-json\/wp\/v2\/media\/61508"}],"wp:attachment":[{"href":"https:\/\/patagoniambiental.com.ar\/info\/wp-json\/wp\/v2\/media?parent=61507"}],"wp:term":[{"taxonomy":"category","embeddable":true,"href":"https:\/\/patagoniambiental.com.ar\/info\/wp-json\/wp\/v2\/categories?post=61507"},{"taxonomy":"post_tag","embeddable":true,"href":"https:\/\/patagoniambiental.com.ar\/info\/wp-json\/wp\/v2\/tags?post=61507"}],"curies":[{"name":"wp","href":"https:\/\/api.w.org\/{rel}","templated":true}]}}