{"id":61518,"date":"2019-05-29T07:00:11","date_gmt":"2019-05-29T10:00:11","guid":{"rendered":"http:\/\/patagoniambiental.com.ar\/info\/?p=61518"},"modified":"2019-05-28T10:39:34","modified_gmt":"2019-05-28T13:39:34","slug":"realizan-estudio-de-generacion-y-composicion-de-la-basura-en-pico","status":"publish","type":"post","link":"https:\/\/patagoniambiental.com.ar\/info\/realizan-estudio-de-generacion-y-composicion-de-la-basura-en-pico\/","title":{"rendered":"Realizan estudio de generaci\u00f3n y composici\u00f3n de la basura en General Pico"},"content":{"rendered":"<header class=\"article-header clearfix\">\n<p class=\"article-title\">General Pico. &#8211; Personal del Instituto Nacional de Tecnolog\u00eda Industrial (INTI), la UNLPam y la Cooperativa \u201cDon Alberto\u201d del RRUU, a pedido del municipio local, concluy\u00f3 d\u00edas atr\u00e1s la primera fase (de tres) de un estudio sobre la generaci\u00f3n y la composici\u00f3n de los residuos en esta ciudad. El \u00faltimo monitoreo similar se hizo en 2006 y ahora se pretende actualizar datos, para planificar c\u00f3mo se debe manejar la basura y qu\u00e9 espacio y cantidad de personal son necesarios para ello, entre otros elementos.<\/p>\n<\/header>\n<p><!--more--><\/p>\n<aside class=\"article-aside clearfix\">\n<dl class=\"article-info pull-left\">\n<dd class=\"published\"><\/dd>\n<\/dl>\n<\/aside>\n<section class=\"article-content clearfix row\">\n<div class=\"article-body span12 span8 eq-first\">\n<div class=\"pull-left item-image\">\n<figure style=\"width: 700px\" class=\"wp-caption alignleft\"><img fetchpriority=\"high\" decoding=\"async\" src=\"https:\/\/www.eldiariodelapampa.com.ar\/images\/2019\/mayo\/28-05-2019\/compost.jpg\" alt=\"\" width=\"700\" height=\"428\" \/><figcaption class=\"wp-caption-text\">El \u00faltimo monitoreo similar se hizo en 2006\u00a0y ahora se pretende actualizar datos, para aplicar pol\u00edticas ambientales acordes a la demanda de la ciudad.<\/figcaption><\/figure>\n<\/div>\n<p>Desde el mes de abril, personal de las diferentes \u00e1reas implicadas lleva adelante un importante estudio para poder descifrar el volumen de basura que generan cada vecino y la ciudad en su conjunto.<br \/>\nEl \u00faltimo examen realizado de este tipo data del a\u00f1o 2006, motivo por el cual la gesti\u00f3n actual del municipio decidi\u00f3 efectuarlo para aplicar pol\u00edticas ambientales acordes a la demanda de la ciudad. Esta prueba cuenta de tres etapas, donde se analiza en primer lugar la basura domiciliaria, luego la especial y por \u00faltimo la estaci\u00f3n de transferencia.<\/p>\n<p>De manera efectiva finaliz\u00f3 este viernes la primera de las etapas, por lo que el intendente de la ciudad, Juan Jos\u00e9 Rainone, estuvo en el RRUU interioriz\u00e1ndose en la cuesti\u00f3n. Lo hizo acompa\u00f1ado por el secretario de Ambiente y Servicios P\u00fablicos, Ra\u00fal Angiono, y la directora de Ambiente y Desarrollo Sustentable, Melina Medus, quien est\u00e1 a cargo del estudio.<\/p>\n<p>Y en este contexto la funcionaria explic\u00f3 que \u201cculminamos la primera etapa del estudio basado en la generaci\u00f3n de residuos s\u00f3lidos y urbanos por habitante de manera diaria, para saber exactamente la composici\u00f3n y volumen de los mismos\u201d.<\/p>\n<p><strong>Decisiones<\/strong><\/p>\n<p>La ingeniera en Medioambiente record\u00f3 que \u201ces un estudio completo, importante para tenerlo para tomar decisiones sobre el plan de gesti\u00f3n de residuos s\u00f3lidos y urbanos de la ciudad, para dimensionar qu\u00e9 espacios necesitamos en el futuro para disponer de la basura, evaluar qu\u00e9 maquinaria vamos a necesitar para realizar esas tareas, rever los recursos que tenemos, entre otras cuestiones\u201d.<\/p>\n<p>Al mismo tiempo, coment\u00f3 que \u201cla primera etapa se realiz\u00f3 en el RRUU, en la planta de separaci\u00f3n, de manera conjunta con la Cooperativa \u2018Don Alberto\u2019, que opera all\u00ed; con el INTI, quien certifica la metodolog\u00eda y avala los datos, y con la Facultad de Ciencias Exactas y Naturales porque contamos con la presencia de una alumna que realiza la tesis para poder recibirse de ingeniera en Medioambiente utilizando los datos de General Pico\u201d, continu\u00f3.<\/p>\n<p><strong>Segunda<\/strong><\/p>\n<p>Medus adelant\u00f3 que \u201cnos resta la segunda etapa, donde avanzamos en el mismo an\u00e1lisis en el Centro de Transferencia para posteriormente durante un mes estar muestreando toda la recolecci\u00f3n especial\u201d, agreg\u00f3.<\/p>\n<p>La funcionaria consider\u00f3, entonces, que \u201ces un trabajo complejo y duro, porque hay que pesar basura, abrir bolsas y ver con qu\u00e9 te encontr\u00e1s. Pero nos dar\u00e1 datos importantes para analizar y resultados que nos sirvan para el futuro\u201d.<\/p>\n<p>A modo de conclusi\u00f3n, indic\u00f3 que \u201cfalta mucha gente que separe sus residuos reciclables. Hay quienes lo hacen pero a\u00fan nos resta mucho trabajo en este concepto. Tambi\u00e9n notamos que hay muchos residuos peligrosos en la basura, como los RAE, que son las pilas. Tenemos y aplicamos una campa\u00f1a en la que recepcionamos en la Secretar\u00eda todos los materiales de este tipo. Hallamos adem\u00e1s en la basura domiciliaria los residuos patol\u00f3gicos, ropa, calzado, alimentos en muy buen estado. Hay muchos datos que llevan a que debamos reflexionar sobre las costumbres que tenemos d\u00eda a d\u00eda en nuestros hogares\u201d, concluy\u00f3.<\/p>\n<p>Fuente:\u00a0https:\/\/www.eldiariodelapampa.com.ar\/index.php\/portada\/108-terciario\/61472-realizan-estudio-de-generacion-y-composicion-de-la-basura-en-pico<\/p>\n<\/div>\n<\/section>\n","protected":false},"excerpt":{"rendered":"<p>General Pico. &#8211; Personal del Instituto Nacional de Tecnolog\u00eda Industrial (INTI), la UNLPam y la Cooperativa \u201cDon Alberto\u201d del RRUU, [&hellip;]<\/p>\n","protected":false},"author":2,"featured_media":61519,"comment_status":"open","ping_status":"open","sticky":false,"template":"","format":"standard","meta":{"site-sidebar-layout":"default","site-content-layout":"","ast-site-content-layout":"default","site-content-style":"default","site-sidebar-style":"default","ast-global-header-display":"","ast-banner-title-visibility":"","ast-main-header-display":"","ast-hfb-above-header-display":"","ast-hfb-below-header-display":"","ast-hfb-mobile-header-display":"","site-post-title":"","ast-breadcrumbs-content":"","ast-featured-img":"","footer-sml-layout":"","ast-disable-related-posts":"","theme-transparent-header-meta":"","adv-header-id-meta":"","stick-header-meta":"","header-above-stick-meta":"","header-main-stick-meta":"","header-below-stick-meta":"","astra-migrate-meta-layouts":"default","ast-page-background-enabled":"default","ast-page-background-meta":{"desktop":{"background-color":"var(--ast-global-color-5)","background-image":"","background-repeat":"repeat","background-position":"center center","background-size":"auto","background-attachment":"scroll","background-type":"","background-media":"","overlay-type":"","overlay-color":"","overlay-opacity":"","overlay-gradient":""},"tablet":{"background-color":"","background-image":"","background-repeat":"repeat","background-position":"center center","background-size":"auto","background-attachment":"scroll","background-type":"","background-media":"","overlay-type":"","overlay-color":"","overlay-opacity":"","overlay-gradient":""},"mobile":{"background-color":"","background-image":"","background-repeat":"repeat","background-position":"center center","background-size":"auto","background-attachment":"scroll","background-type":"","background-media":"","overlay-type":"","overlay-color":"","overlay-opacity":"","overlay-gradient":""}},"ast-content-background-meta":{"desktop":{"background-color":"var(--ast-global-color-4)","background-image":"","background-repeat":"repeat","background-position":"center center","background-size":"auto","background-attachment":"scroll","background-type":"","background-media":"","overlay-type":"","overlay-color":"","overlay-opacity":"","overlay-gradient":""},"tablet":{"background-color":"var(--ast-global-color-4)","background-image":"","background-repeat":"repeat","background-position":"center center","background-size":"auto","background-attachment":"scroll","background-type":"","background-media":"","overlay-type":"","overlay-color":"","overlay-opacity":"","overlay-gradient":""},"mobile":{"background-color":"var(--ast-global-color-4)","background-image":"","background-repeat":"repeat","background-position":"center center","background-size":"auto","background-attachment":"scroll","background-type":"","background-media":"","overlay-type":"","overlay-color":"","overlay-opacity":"","overlay-gradient":""}},"footnotes":""},"categories":[3357,59,1,13,10],"tags":[],"class_list":["post-61518","post","type-post","status-publish","format-standard","has-post-thumbnail","hentry","category-girsu","category-la-pampa","category-noticias","category-provinciales","category-rotador"],"yoast_head":"<!-- This site is optimized with the Yoast SEO Premium plugin v23.0 (Yoast SEO v27.5) - https:\/\/yoast.com\/product\/yoast-seo-premium-wordpress\/ -->\n<title>Realizan estudio de generaci\u00f3n y composici\u00f3n de la basura en General Pico<\/title>\n<meta name=\"robots\" content=\"index, follow, max-snippet:-1, max-image-preview:large, max-video-preview:-1\" \/>\n<link rel=\"canonical\" href=\"https:\/\/patagoniambiental.com.ar\/info\/realizan-estudio-de-generacion-y-composicion-de-la-basura-en-pico\/\" \/>\n<meta property=\"og:locale\" content=\"es_ES\" \/>\n<meta property=\"og:type\" content=\"article\" \/>\n<meta property=\"og:title\" content=\"Realizan estudio de generaci\u00f3n y composici\u00f3n de la basura en General Pico\" \/>\n<meta property=\"og:description\" content=\"General Pico. &#8211; Personal del Instituto Nacional de Tecnolog\u00eda Industrial (INTI), la UNLPam y la Cooperativa \u201cDon Alberto\u201d del RRUU, [&hellip;]\" \/>\n<meta property=\"og:url\" content=\"https:\/\/patagoniambiental.com.ar\/info\/realizan-estudio-de-generacion-y-composicion-de-la-basura-en-pico\/\" \/>\n<meta property=\"og:site_name\" content=\"Patagonia Ambiental\" \/>\n<meta property=\"article:publisher\" content=\"https:\/\/www.facebook.com\/patagonia.ambiental\" \/>\n<meta property=\"article:author\" content=\"https:\/\/www.facebook.com\/share\/1C1V8Gv9BX\/?mibextid=qi2Omg\" \/>\n<meta property=\"article:published_time\" content=\"2019-05-29T10:00:11+00:00\" \/>\n<meta property=\"og:image\" content=\"https:\/\/patagoniambiental.com.ar\/info\/wp-content\/uploads\/2019\/05\/compost.jpg\" \/>\n\t<meta property=\"og:image:width\" content=\"700\" \/>\n\t<meta property=\"og:image:height\" content=\"428\" \/>\n\t<meta property=\"og:image:type\" content=\"image\/jpeg\" \/>\n<meta name=\"author\" content=\"Patagonia Ambiental\" \/>\n<meta name=\"twitter:card\" content=\"summary_large_image\" \/>\n<meta name=\"twitter:creator\" content=\"@PatAmb\" \/>\n<meta name=\"twitter:site\" content=\"@PatAmb\" \/>\n<script type=\"application\/ld+json\" class=\"yoast-schema-graph\">{\"@context\":\"https:\\\/\\\/schema.org\",\"@graph\":[{\"@type\":\"Article\",\"@id\":\"https:\\\/\\\/patagoniambiental.com.ar\\\/info\\\/realizan-estudio-de-generacion-y-composicion-de-la-basura-en-pico\\\/#article\",\"isPartOf\":{\"@id\":\"https:\\\/\\\/patagoniambiental.com.ar\\\/info\\\/realizan-estudio-de-generacion-y-composicion-de-la-basura-en-pico\\\/\"},\"author\":{\"name\":\"Patagonia Ambiental\",\"@id\":\"https:\\\/\\\/patagoniambiental.com.ar\\\/info\\\/#\\\/schema\\\/person\\\/db12bff64bbcbf6a253710bf0ea37b5d\"},\"headline\":\"Realizan estudio de generaci\u00f3n y composici\u00f3n de la basura en General Pico\",\"datePublished\":\"2019-05-29T10:00:11+00:00\",\"mainEntityOfPage\":{\"@id\":\"https:\\\/\\\/patagoniambiental.com.ar\\\/info\\\/realizan-estudio-de-generacion-y-composicion-de-la-basura-en-pico\\\/\"},\"wordCount\":666,\"commentCount\":0,\"publisher\":{\"@id\":\"https:\\\/\\\/patagoniambiental.com.ar\\\/info\\\/#organization\"},\"image\":{\"@id\":\"https:\\\/\\\/patagoniambiental.com.ar\\\/info\\\/realizan-estudio-de-generacion-y-composicion-de-la-basura-en-pico\\\/#primaryimage\"},\"thumbnailUrl\":\"https:\\\/\\\/patagoniambiental.com.ar\\\/info\\\/wp-content\\\/uploads\\\/2019\\\/05\\\/compost.jpg\",\"articleSection\":[\"GIRSU\",\"La Pampa\",\"Noticias\",\"Provinciales\",\"Rotador\"],\"inLanguage\":\"es\",\"potentialAction\":[{\"@type\":\"CommentAction\",\"name\":\"Comment\",\"target\":[\"https:\\\/\\\/patagoniambiental.com.ar\\\/info\\\/realizan-estudio-de-generacion-y-composicion-de-la-basura-en-pico\\\/#respond\"]}]},{\"@type\":\"WebPage\",\"@id\":\"https:\\\/\\\/patagoniambiental.com.ar\\\/info\\\/realizan-estudio-de-generacion-y-composicion-de-la-basura-en-pico\\\/\",\"url\":\"https:\\\/\\\/patagoniambiental.com.ar\\\/info\\\/realizan-estudio-de-generacion-y-composicion-de-la-basura-en-pico\\\/\",\"name\":\"Realizan estudio de generaci\u00f3n y composici\u00f3n de la basura en General Pico\",\"isPartOf\":{\"@id\":\"https:\\\/\\\/patagoniambiental.com.ar\\\/info\\\/#website\"},\"primaryImageOfPage\":{\"@id\":\"https:\\\/\\\/patagoniambiental.com.ar\\\/info\\\/realizan-estudio-de-generacion-y-composicion-de-la-basura-en-pico\\\/#primaryimage\"},\"image\":{\"@id\":\"https:\\\/\\\/patagoniambiental.com.ar\\\/info\\\/realizan-estudio-de-generacion-y-composicion-de-la-basura-en-pico\\\/#primaryimage\"},\"thumbnailUrl\":\"https:\\\/\\\/patagoniambiental.com.ar\\\/info\\\/wp-content\\\/uploads\\\/2019\\\/05\\\/compost.jpg\",\"datePublished\":\"2019-05-29T10:00:11+00:00\",\"breadcrumb\":{\"@id\":\"https:\\\/\\\/patagoniambiental.com.ar\\\/info\\\/realizan-estudio-de-generacion-y-composicion-de-la-basura-en-pico\\\/#breadcrumb\"},\"inLanguage\":\"es\",\"potentialAction\":[{\"@type\":\"ReadAction\",\"target\":[\"https:\\\/\\\/patagoniambiental.com.ar\\\/info\\\/realizan-estudio-de-generacion-y-composicion-de-la-basura-en-pico\\\/\"]}]},{\"@type\":\"ImageObject\",\"inLanguage\":\"es\",\"@id\":\"https:\\\/\\\/patagoniambiental.com.ar\\\/info\\\/realizan-estudio-de-generacion-y-composicion-de-la-basura-en-pico\\\/#primaryimage\",\"url\":\"https:\\\/\\\/patagoniambiental.com.ar\\\/info\\\/wp-content\\\/uploads\\\/2019\\\/05\\\/compost.jpg\",\"contentUrl\":\"https:\\\/\\\/patagoniambiental.com.ar\\\/info\\\/wp-content\\\/uploads\\\/2019\\\/05\\\/compost.jpg\",\"width\":700,\"height\":428},{\"@type\":\"BreadcrumbList\",\"@id\":\"https:\\\/\\\/patagoniambiental.com.ar\\\/info\\\/realizan-estudio-de-generacion-y-composicion-de-la-basura-en-pico\\\/#breadcrumb\",\"itemListElement\":[{\"@type\":\"ListItem\",\"position\":1,\"name\":\"Inicio\",\"item\":\"https:\\\/\\\/patagoniambiental.com.ar\\\/info\\\/\"},{\"@type\":\"ListItem\",\"position\":2,\"name\":\"Realizan estudio de generaci\u00f3n y composici\u00f3n de la basura en General Pico\"}]},{\"@type\":\"WebSite\",\"@id\":\"https:\\\/\\\/patagoniambiental.com.ar\\\/info\\\/#website\",\"url\":\"https:\\\/\\\/patagoniambiental.com.ar\\\/info\\\/\",\"name\":\"Patagonia Ambiental\",\"description\":\"Monitoreo y an\u00e1lisis de la situaci\u00f3n geopol\u00edtica en el mundo y su implicancia en la Patagonia\",\"publisher\":{\"@id\":\"https:\\\/\\\/patagoniambiental.com.ar\\\/info\\\/#organization\"},\"potentialAction\":[{\"@type\":\"SearchAction\",\"target\":{\"@type\":\"EntryPoint\",\"urlTemplate\":\"https:\\\/\\\/patagoniambiental.com.ar\\\/info\\\/?s={search_term_string}\"},\"query-input\":{\"@type\":\"PropertyValueSpecification\",\"valueRequired\":true,\"valueName\":\"search_term_string\"}}],\"inLanguage\":\"es\"},{\"@type\":\"Organization\",\"@id\":\"https:\\\/\\\/patagoniambiental.com.ar\\\/info\\\/#organization\",\"name\":\"Patagonia Ambiental\",\"url\":\"https:\\\/\\\/patagoniambiental.com.ar\\\/info\\\/\",\"logo\":{\"@type\":\"ImageObject\",\"inLanguage\":\"es\",\"@id\":\"https:\\\/\\\/patagoniambiental.com.ar\\\/info\\\/#\\\/schema\\\/logo\\\/image\\\/\",\"url\":\"https:\\\/\\\/patagoniambiental.com.ar\\\/info\\\/wp-content\\\/uploads\\\/2025\\\/05\\\/LOGO-PATAGONIA-AMBIENTAL.png\",\"contentUrl\":\"https:\\\/\\\/patagoniambiental.com.ar\\\/info\\\/wp-content\\\/uploads\\\/2025\\\/05\\\/LOGO-PATAGONIA-AMBIENTAL.png\",\"width\":433,\"height\":250,\"caption\":\"Patagonia Ambiental\"},\"image\":{\"@id\":\"https:\\\/\\\/patagoniambiental.com.ar\\\/info\\\/#\\\/schema\\\/logo\\\/image\\\/\"},\"sameAs\":[\"https:\\\/\\\/www.facebook.com\\\/patagonia.ambiental\",\"https:\\\/\\\/x.com\\\/PatAmb\"]},{\"@type\":\"Person\",\"@id\":\"https:\\\/\\\/patagoniambiental.com.ar\\\/info\\\/#\\\/schema\\\/person\\\/db12bff64bbcbf6a253710bf0ea37b5d\",\"name\":\"Patagonia Ambiental\",\"description\":\"Andr\u00e9s Nievas T\u00e9cnico en manejo ambiental, consultor Ambiental y escritor para medios locales e internacionales sobre temas de geopolitica y medio ambiente.\",\"sameAs\":[\"http:\\\/\\\/www.patagoniambiental.com.ar\",\"https:\\\/\\\/www.facebook.com\\\/share\\\/1C1V8Gv9BX\\\/?mibextid=qi2Omg\",\"@patagoniambiental\",\"https:\\\/\\\/youtube.com\\\/@patagoniaambiental2023?si=BLt58t0wuXquxlYZ\"]}]}<\/script>\n<!-- \/ Yoast SEO Premium plugin. -->","yoast_head_json":{"title":"Realizan estudio de generaci\u00f3n y composici\u00f3n de la basura en General Pico","robots":{"index":"index","follow":"follow","max-snippet":"max-snippet:-1","max-image-preview":"max-image-preview:large","max-video-preview":"max-video-preview:-1"},"canonical":"https:\/\/patagoniambiental.com.ar\/info\/realizan-estudio-de-generacion-y-composicion-de-la-basura-en-pico\/","og_locale":"es_ES","og_type":"article","og_title":"Realizan estudio de generaci\u00f3n y composici\u00f3n de la basura en General Pico","og_description":"General Pico. &#8211; Personal del Instituto Nacional de Tecnolog\u00eda Industrial (INTI), la UNLPam y la Cooperativa \u201cDon Alberto\u201d del RRUU, [&hellip;]","og_url":"https:\/\/patagoniambiental.com.ar\/info\/realizan-estudio-de-generacion-y-composicion-de-la-basura-en-pico\/","og_site_name":"Patagonia Ambiental","article_publisher":"https:\/\/www.facebook.com\/patagonia.ambiental","article_author":"https:\/\/www.facebook.com\/share\/1C1V8Gv9BX\/?mibextid=qi2Omg","article_published_time":"2019-05-29T10:00:11+00:00","og_image":[{"width":700,"height":428,"url":"https:\/\/patagoniambiental.com.ar\/info\/wp-content\/uploads\/2019\/05\/compost.jpg","type":"image\/jpeg"}],"author":"Patagonia Ambiental","twitter_card":"summary_large_image","twitter_creator":"@PatAmb","twitter_site":"@PatAmb","schema":{"@context":"https:\/\/schema.org","@graph":[{"@type":"Article","@id":"https:\/\/patagoniambiental.com.ar\/info\/realizan-estudio-de-generacion-y-composicion-de-la-basura-en-pico\/#article","isPartOf":{"@id":"https:\/\/patagoniambiental.com.ar\/info\/realizan-estudio-de-generacion-y-composicion-de-la-basura-en-pico\/"},"author":{"name":"Patagonia Ambiental","@id":"https:\/\/patagoniambiental.com.ar\/info\/#\/schema\/person\/db12bff64bbcbf6a253710bf0ea37b5d"},"headline":"Realizan estudio de generaci\u00f3n y composici\u00f3n de la basura en General Pico","datePublished":"2019-05-29T10:00:11+00:00","mainEntityOfPage":{"@id":"https:\/\/patagoniambiental.com.ar\/info\/realizan-estudio-de-generacion-y-composicion-de-la-basura-en-pico\/"},"wordCount":666,"commentCount":0,"publisher":{"@id":"https:\/\/patagoniambiental.com.ar\/info\/#organization"},"image":{"@id":"https:\/\/patagoniambiental.com.ar\/info\/realizan-estudio-de-generacion-y-composicion-de-la-basura-en-pico\/#primaryimage"},"thumbnailUrl":"https:\/\/patagoniambiental.com.ar\/info\/wp-content\/uploads\/2019\/05\/compost.jpg","articleSection":["GIRSU","La Pampa","Noticias","Provinciales","Rotador"],"inLanguage":"es","potentialAction":[{"@type":"CommentAction","name":"Comment","target":["https:\/\/patagoniambiental.com.ar\/info\/realizan-estudio-de-generacion-y-composicion-de-la-basura-en-pico\/#respond"]}]},{"@type":"WebPage","@id":"https:\/\/patagoniambiental.com.ar\/info\/realizan-estudio-de-generacion-y-composicion-de-la-basura-en-pico\/","url":"https:\/\/patagoniambiental.com.ar\/info\/realizan-estudio-de-generacion-y-composicion-de-la-basura-en-pico\/","name":"Realizan estudio de generaci\u00f3n y composici\u00f3n de la basura en General Pico","isPartOf":{"@id":"https:\/\/patagoniambiental.com.ar\/info\/#website"},"primaryImageOfPage":{"@id":"https:\/\/patagoniambiental.com.ar\/info\/realizan-estudio-de-generacion-y-composicion-de-la-basura-en-pico\/#primaryimage"},"image":{"@id":"https:\/\/patagoniambiental.com.ar\/info\/realizan-estudio-de-generacion-y-composicion-de-la-basura-en-pico\/#primaryimage"},"thumbnailUrl":"https:\/\/patagoniambiental.com.ar\/info\/wp-content\/uploads\/2019\/05\/compost.jpg","datePublished":"2019-05-29T10:00:11+00:00","breadcrumb":{"@id":"https:\/\/patagoniambiental.com.ar\/info\/realizan-estudio-de-generacion-y-composicion-de-la-basura-en-pico\/#breadcrumb"},"inLanguage":"es","potentialAction":[{"@type":"ReadAction","target":["https:\/\/patagoniambiental.com.ar\/info\/realizan-estudio-de-generacion-y-composicion-de-la-basura-en-pico\/"]}]},{"@type":"ImageObject","inLanguage":"es","@id":"https:\/\/patagoniambiental.com.ar\/info\/realizan-estudio-de-generacion-y-composicion-de-la-basura-en-pico\/#primaryimage","url":"https:\/\/patagoniambiental.com.ar\/info\/wp-content\/uploads\/2019\/05\/compost.jpg","contentUrl":"https:\/\/patagoniambiental.com.ar\/info\/wp-content\/uploads\/2019\/05\/compost.jpg","width":700,"height":428},{"@type":"BreadcrumbList","@id":"https:\/\/patagoniambiental.com.ar\/info\/realizan-estudio-de-generacion-y-composicion-de-la-basura-en-pico\/#breadcrumb","itemListElement":[{"@type":"ListItem","position":1,"name":"Inicio","item":"https:\/\/patagoniambiental.com.ar\/info\/"},{"@type":"ListItem","position":2,"name":"Realizan estudio de generaci\u00f3n y composici\u00f3n de la basura en General Pico"}]},{"@type":"WebSite","@id":"https:\/\/patagoniambiental.com.ar\/info\/#website","url":"https:\/\/patagoniambiental.com.ar\/info\/","name":"Patagonia Ambiental","description":"Monitoreo y an\u00e1lisis de la situaci\u00f3n geopol\u00edtica en el mundo y su implicancia en la Patagonia","publisher":{"@id":"https:\/\/patagoniambiental.com.ar\/info\/#organization"},"potentialAction":[{"@type":"SearchAction","target":{"@type":"EntryPoint","urlTemplate":"https:\/\/patagoniambiental.com.ar\/info\/?s={search_term_string}"},"query-input":{"@type":"PropertyValueSpecification","valueRequired":true,"valueName":"search_term_string"}}],"inLanguage":"es"},{"@type":"Organization","@id":"https:\/\/patagoniambiental.com.ar\/info\/#organization","name":"Patagonia Ambiental","url":"https:\/\/patagoniambiental.com.ar\/info\/","logo":{"@type":"ImageObject","inLanguage":"es","@id":"https:\/\/patagoniambiental.com.ar\/info\/#\/schema\/logo\/image\/","url":"https:\/\/patagoniambiental.com.ar\/info\/wp-content\/uploads\/2025\/05\/LOGO-PATAGONIA-AMBIENTAL.png","contentUrl":"https:\/\/patagoniambiental.com.ar\/info\/wp-content\/uploads\/2025\/05\/LOGO-PATAGONIA-AMBIENTAL.png","width":433,"height":250,"caption":"Patagonia Ambiental"},"image":{"@id":"https:\/\/patagoniambiental.com.ar\/info\/#\/schema\/logo\/image\/"},"sameAs":["https:\/\/www.facebook.com\/patagonia.ambiental","https:\/\/x.com\/PatAmb"]},{"@type":"Person","@id":"https:\/\/patagoniambiental.com.ar\/info\/#\/schema\/person\/db12bff64bbcbf6a253710bf0ea37b5d","name":"Patagonia Ambiental","description":"Andr\u00e9s Nievas T\u00e9cnico en manejo ambiental, consultor Ambiental y escritor para medios locales e internacionales sobre temas de geopolitica y medio ambiente.","sameAs":["http:\/\/www.patagoniambiental.com.ar","https:\/\/www.facebook.com\/share\/1C1V8Gv9BX\/?mibextid=qi2Omg","@patagoniambiental","https:\/\/youtube.com\/@patagoniaambiental2023?si=BLt58t0wuXquxlYZ"]}]}},"_links":{"self":[{"href":"https:\/\/patagoniambiental.com.ar\/info\/wp-json\/wp\/v2\/posts\/61518","targetHints":{"allow":["GET"]}}],"collection":[{"href":"https:\/\/patagoniambiental.com.ar\/info\/wp-json\/wp\/v2\/posts"}],"about":[{"href":"https:\/\/patagoniambiental.com.ar\/info\/wp-json\/wp\/v2\/types\/post"}],"author":[{"embeddable":true,"href":"https:\/\/patagoniambiental.com.ar\/info\/wp-json\/wp\/v2\/users\/2"}],"replies":[{"embeddable":true,"href":"https:\/\/patagoniambiental.com.ar\/info\/wp-json\/wp\/v2\/comments?post=61518"}],"version-history":[{"count":0,"href":"https:\/\/patagoniambiental.com.ar\/info\/wp-json\/wp\/v2\/posts\/61518\/revisions"}],"wp:featuredmedia":[{"embeddable":true,"href":"https:\/\/patagoniambiental.com.ar\/info\/wp-json\/wp\/v2\/media\/61519"}],"wp:attachment":[{"href":"https:\/\/patagoniambiental.com.ar\/info\/wp-json\/wp\/v2\/media?parent=61518"}],"wp:term":[{"taxonomy":"category","embeddable":true,"href":"https:\/\/patagoniambiental.com.ar\/info\/wp-json\/wp\/v2\/categories?post=61518"},{"taxonomy":"post_tag","embeddable":true,"href":"https:\/\/patagoniambiental.com.ar\/info\/wp-json\/wp\/v2\/tags?post=61518"}],"curies":[{"name":"wp","href":"https:\/\/api.w.org\/{rel}","templated":true}]}}