{"id":61538,"date":"2019-05-28T19:00:08","date_gmt":"2019-05-28T22:00:08","guid":{"rendered":"http:\/\/patagoniambiental.com.ar\/info\/?p=61538"},"modified":"2019-05-28T11:18:05","modified_gmt":"2019-05-28T14:18:05","slug":"jose-zara-mas-alla-que-el-estado-es-el-organismo-de-control-y-que-debe-pregonar-por-mantener-el-medio-ambiente-y-cuidarlo-tambien-precisamos-el-acompanamiento-del-vecino","status":"publish","type":"post","link":"https:\/\/patagoniambiental.com.ar\/info\/jose-zara-mas-alla-que-el-estado-es-el-organismo-de-control-y-que-debe-pregonar-por-mantener-el-medio-ambiente-y-cuidarlo-tambien-precisamos-el-acompanamiento-del-vecino\/","title":{"rendered":"Jos\u00e9 Zara: \u201cM\u00e1s all\u00e1 que el estado es el organismo de control y que debe pregonar por mantener el medio ambiente y cuidarlo, tambi\u00e9n precisamos el acompa\u00f1amiento del vecino\u201d"},"content":{"rendered":"<p>Por Andr\u00e9s Nievas.-\u00a0El es nacido en Bah\u00eda Blanca,\u00a0Ingeniero Civil recibido en la Universidad Nacional del Sur y Productor Agropecuario.\u00a0En el 2009 accedi\u00f3 a una banca en el Honorable Concejo Deliberante, renovando la misma en el 2013. El 25 de octubre de 2015\u00a0gan\u00f3 las elecciones generales por el Frente Cambiemos. Casi sobre el final de su gesti\u00f3n, d\u00edas atr\u00e1s Patagonia Ambiental entrevisto a Jos\u00e9 Lu\u00eds Zara, Intendente de la ciudad de Patagones en su despacho municipal donde realizamos un repaso de los temas medioambientales mas importantes de su agenda.<\/p>\n<p><!--more--><\/p>\n<p><strong>PA.-\u00bfCu\u00e1les son los temas ambientales (como los m\u00e1s importantes) en que se est\u00e1 trabajando durante su gesti\u00f3n?<\/strong><\/p>\n<p><strong>JZ.-<\/strong>Uno de los m\u00e1s importantes creo que es la clausura de los basureros a cielo abierto. Eso es un foco de contaminaci\u00f3n muy grande y sobre todo estamos trabajando fuertemente con Viedma con la Provincia de Rio Negro donde por primera vez va a ver dos provincias que se unen en una causa com\u00fan que son los Residuos S\u00f3lidos Urbanos y la eliminaci\u00f3n de los basureros a cielo abierto.<\/p>\n<p><img fetchpriority=\"high\" decoding=\"async\" class=\"wp-image-61540 alignleft\" src=\"https:\/\/patagoniambiental.com.ar\/info\/wp-content\/uploads\/2019\/05\/IMG-20190521-WA0003--600x400.jpg\" alt=\"\" width=\"402\" height=\"268\" \/><\/p>\n<p>Esto es una obra que est\u00e1 muy avanzada, (<strong>el centro Ambiental de Viedma),<\/strong> donde la disposici\u00f3n final la vamos a hacer en Viedma. Todos los residuos de la cabecera del partido que la ciudad de Carmen de Patagones la vamos a transferir a una estaci\u00f3n de Transferencia donde se va a hacer el reciclado y a partir de ah\u00ed a la disposici\u00f3n final. Esto lo que nos permite es que el basural que tiene Carmen de Patagones donde ha quedado ya casi cerca del ejido urbano se empiece a remediar. En estos d\u00edas viene gente de provincia a trabajar sobre el relleno y empezarlo a remediar y creo que es uno de los pasos m\u00e1s importantes que hemos dado en mi gesti\u00f3n.<\/p>\n<p>Sabemos que es un problema muy serio lo que es los residuos s\u00f3lidos urbanos y de esta manera empezamos a darle una respuesta concreta a esa situaci\u00f3n.<\/p>\n<p><strong>P.A.-\u00bfRealizan recolecci\u00f3n diferenciada por ejemplo de recolecci\u00f3n de Residuos de Aparatos El\u00e9ctricos y Electr\u00f3nicos ( RAEEs) y de Aceites Vegetales Usados (AVUs)?<\/strong><\/p>\n<p><strong>J.Z.-<\/strong>Mira, estamos trabajando en eso, por ah\u00ed podr\u00eda hablar m\u00e1s espec\u00edfico en como lo estamos trabajando porque hay algunos proyectos para el Aceite y tambi\u00e9n para todo lo que es el descarte de lo que es electr\u00f3nico, la secretaria de Desarrollo territorial que es la que est\u00e1 a cargo del tema.<\/p>\n<p><strong>PA.-\u00bfCu\u00e1ntas toneladas se generar\u00edan aproximadamente de Residuos S\u00f3lidos urbanos ac\u00e1 en Patagones por mes?<\/strong><\/p>\n<p><strong>JZ.-<\/strong>Son 20 toneladas<\/p>\n<p>&nbsp;<\/p>\n<p><strong>PA.-Vimos que est\u00e1 muy avanzado el Parque E\u00f3lico que est\u00e1 aqu\u00ed a unos pocos kil\u00f3metros \u00bfEn qu\u00e9 etapa estar\u00eda el Parque E\u00f3lico?<\/strong><\/p>\n<p><strong>JZ.-<\/strong> El Parque E\u00f3lico lo inauguramos hace unos meses atr\u00e1s. Est\u00e1 en su etapa final donde ya est\u00e1 generando energ\u00eda a CAMESSA que es la distribuidora nacional. Ha sido una de las inversiones m\u00e1s importantes en el Partido de Patagones en lo que es privado, primero porque genero durante su construcci\u00f3n varios puestos de trabajo\u00a0 a trav\u00e9s de esa infraestructura que hubo que hacer para la instalaci\u00f3n de las torres y de los generadores y a su vez tambi\u00e9n recurso humano afectado para el mantenimiento de esos equipos.<\/p>\n<p>&nbsp;<\/p>\n<figure id=\"attachment_61541\" aria-describedby=\"caption-attachment-61541\" style=\"width: 409px\" class=\"wp-caption alignleft\"><img decoding=\"async\" class=\"wp-image-61541 \" src=\"https:\/\/patagoniambiental.com.ar\/info\/wp-content\/uploads\/2019\/05\/zara_parqueeolico-600x381.jpg\" alt=\"\" width=\"409\" height=\"260\" \/><figcaption id=\"caption-attachment-61541\" class=\"wp-caption-text\">Jos\u00e9 Lu\u00eds Zara, Intendente Municipal de Patagones, inaugurando el Parque E\u00f3lico en marzo de este a\u00f1o.<\/figcaption><\/figure>\n<p>Creo que cuando hablamos de medio ambiente eso trae las herramientas de energ\u00eda limpia que tenemos los patag\u00f3nicos de estos vientos que los podemos utilizar en energ\u00eda as\u00ed que me parece que ha sido una buena decisi\u00f3n del gobierno nacional de llevar adelante todas estas licitaciones porque no somos los \u00fanicos que contamos con Parque Eolico, Villarino, Puan, Torquinst, Necochea, el sur de la Provincia de Buenos Aires est\u00e1 teniendo este tipo de inversi\u00f3n apuntando a la generaci\u00f3n de energ\u00eda limpia y energ\u00eda e\u00f3lica<\/p>\n<p><strong>PA.-Adem\u00e1s del parque E\u00f3lico \u00bfDe qu\u00e9 otra manera se est\u00e1 trabajando en materia de Cambio Clim\u00e1tico a partir de la adhesi\u00f3n del Municipio a la RAMCC?<\/strong><\/p>\n<p><strong>JZ.-<\/strong>hemos trabajado, vos sabes que el Partido de Patagones sufri\u00f3 una de las grandes sequias durante el 2007 y 2009 sobre todo afectando al recurso natural que es el suelo con grandes voladuras generando que esa capa f\u00e9rtil en parte sea deteriorada y que a trav\u00e9s de distintas pol\u00edticas de manejo y de cuidado del suelo se ha llevado adelante. Dentro de ello trabajos m\u00e1s sustentables trabajos de menos rotulaci\u00f3n del suelo implementando pasturas perenes como agropiro en varios lugares permitiendo que el suelo se lo cuide. La vicia se la ha llevado adelante en distintos programas para darle urea a estos suelos que hab\u00edan sido devastados as\u00ed que en ese trabajo de cuidar el recurso humano ha sido lo que hemos desarrollado durante todo este tiempo, tambi\u00e9n con implementos como siembra directa para cuidar esos potreros que hab\u00edan sido afectados por las voladuras<\/p>\n<p><b>P.A-Hace un tiempo vimos que hab\u00eda un proyecto para hacer un \u00c1rea\u00a0natural protegida ubicado en la zona del Club Piedra Buena para todo lo que es avistaje de aves, senderos para caminatas \u00bfSe pudo avanzar en algo?<\/b><\/p>\n<figure id=\"attachment_61544\" aria-describedby=\"caption-attachment-61544\" style=\"width: 386px\" class=\"wp-caption alignleft\"><img decoding=\"async\" class=\"wp-image-61544\" src=\"https:\/\/patagoniambiental.com.ar\/info\/wp-content\/uploads\/2019\/05\/thumbnail_Caminata-Patagones-520x245.jpg\" alt=\"\" width=\"386\" height=\"182\" \/><figcaption id=\"caption-attachment-61544\" class=\"wp-caption-text\">Zona del Proyecto de creaci\u00f3n de la Reserva Natural Paraiso de las Bardas<\/figcaption><\/figure>\n<p><strong>J.Z.-<\/strong> Ese es un proyecto que se llev\u00f3 hace un tiempo al Concejo Deliberante donde nosotros tambi\u00e9n lo llevamos a la provincia al OPDS, venimos trabajando sobre ese tema. Todav\u00eda no se ha delimitado bien el lugar que es excelente para que sea una zona protegida como tambi\u00e9n tenemos la zona de Bah\u00eda San Blas una reserva de usos m\u00faltiples donde tambi\u00e9n venimos trabajando con la provincia para que\u00a0 podamos tener mayor control sobre el lugar para que se lo cuide.<\/p>\n<p>Mucho m\u00e1s avance de lo que hemos presentado no hemos tenido a la fecha pero estamos trabajando sobre el tema.<\/p>\n<p><strong>P.A.-\u00bfQu\u00e9 desaf\u00edos quedan por delante en su gesti\u00f3n en el tema ambiental?<\/strong><\/p>\n<p><strong>J.Z.- <\/strong>El desaf\u00edo, uno de los m\u00e1s importantes que tambi\u00e9n lo hemos venido hablando con la Direcci\u00f3n de Aguas y Cloacas es el tema de la planta de l\u00edquidos cloacales.<\/p>\n<figure id=\"attachment_61542\" aria-describedby=\"caption-attachment-61542\" style=\"width: 378px\" class=\"wp-caption alignleft\"><img loading=\"lazy\" decoding=\"async\" class=\"wp-image-61542\" src=\"https:\/\/patagoniambiental.com.ar\/info\/wp-content\/uploads\/2019\/05\/absa-patagones-600x384.jpg\" alt=\"\" width=\"378\" height=\"242\" \/><figcaption id=\"caption-attachment-61542\" class=\"wp-caption-text\">Planta de L\u00edquidos Cloacales de Patagones http:\/\/estoquepasa.com.ar\/2016\/relocalizacion-de-la-planta-de-tratamientos-de-liquidos-cloacales-de-patagones\/<\/figcaption><\/figure>\n<p>Sabemos que esa planta de l\u00edquidos cloacales vierte agua al r\u00edo Negro. El r\u00edo es un r\u00edo que hay que cuidarlo que la cabecera del Partido toma de esas aguas para consumo humano y que venimos trabajando ya desde que asumimos con mayores controles sobre el r\u00edo sobre todo en la \u00e9poca estival que es de uso recreativo para ver los niveles que tiene el r\u00edo sobre la contaminaci\u00f3n. Eso hace que pensemos en el futuro, nuestra idea es poder trasladar la planta de l\u00edquidos cloacales aguas abajo y sobre la barda. De esa manera eliminar el vertido al r\u00edo y verterlos al campo a trav\u00e9s de lagunas para riego.<\/p>\n<p>Entonces bueno, tambi\u00e9n es real que es una obra de mucha inversi\u00f3n y donde ah\u00ed tenemos que tener el acompa\u00f1amiento del gobierno nacional y provincial para poder llevar adelante este tipo de emprendimiento. Ya Viedma lo est\u00e1 realizando<\/p>\n<p><strong>P.A.-\u00bfQu\u00e9 mensajes les dejar\u00eda a los habitantes de Patagones para que cuiden el ambiente donde viven?<\/strong><\/p>\n<p><strong>JZ.-<\/strong>Lo digo continuamente. M\u00e1s all\u00e1 que el estado es el organismo de control y que debe pregonar por mantener el medio ambiente y cuidarlo, tambi\u00e9n precisamos el acompa\u00f1amiento del vecino. Porque muchas veces nos quejamos de que estamos contaminando el r\u00edo y es el mismo vecino que te tira basura que hace conexiones clandestinas hacia los desag\u00fces pluviales y eso termina generando contaminaci\u00f3n entonces o en los espacios verdes tampoco se respeta en el momento en que tienen que sacar la basura generando focos de infecci\u00f3n. Eso es lo que le pido al vecino, que colabore que trabajemos en conjunto porque es la \u00fanica manera de cuidar nuestro medio ambiente nuestro lugar donde vivimos.<\/p>\n<p>Muchas Gracias Sr. Intendente de Patagones<\/p>\n<p>Jose Luis Zara<\/p>\n","protected":false},"excerpt":{"rendered":"<p>Por Andr\u00e9s Nievas.-\u00a0El es nacido en Bah\u00eda Blanca,\u00a0Ingeniero Civil recibido en la Universidad Nacional del Sur y Productor Agropecuario.\u00a0En el [&hellip;]<\/p>\n","protected":false},"author":2,"featured_media":61539,"comment_status":"open","ping_status":"open","sticky":false,"template":"","format":"standard","meta":{"site-sidebar-layout":"default","site-content-layout":"","ast-site-content-layout":"default","site-content-style":"default","site-sidebar-style":"default","ast-global-header-display":"","ast-banner-title-visibility":"","ast-main-header-display":"","ast-hfb-above-header-display":"","ast-hfb-below-header-display":"","ast-hfb-mobile-header-display":"","site-post-title":"","ast-breadcrumbs-content":"","ast-featured-img":"","footer-sml-layout":"","ast-disable-related-posts":"","theme-transparent-header-meta":"","adv-header-id-meta":"","stick-header-meta":"","header-above-stick-meta":"","header-main-stick-meta":"","header-below-stick-meta":"","astra-migrate-meta-layouts":"default","ast-page-background-enabled":"default","ast-page-background-meta":{"desktop":{"background-color":"var(--ast-global-color-5)","background-image":"","background-repeat":"repeat","background-position":"center center","background-size":"auto","background-attachment":"scroll","background-type":"","background-media":"","overlay-type":"","overlay-color":"","overlay-opacity":"","overlay-gradient":""},"tablet":{"background-color":"","background-image":"","background-repeat":"repeat","background-position":"center center","background-size":"auto","background-attachment":"scroll","background-type":"","background-media":"","overlay-type":"","overlay-color":"","overlay-opacity":"","overlay-gradient":""},"mobile":{"background-color":"","background-image":"","background-repeat":"repeat","background-position":"center center","background-size":"auto","background-attachment":"scroll","background-type":"","background-media":"","overlay-type":"","overlay-color":"","overlay-opacity":"","overlay-gradient":""}},"ast-content-background-meta":{"desktop":{"background-color":"var(--ast-global-color-4)","background-image":"","background-repeat":"repeat","background-position":"center center","background-size":"auto","background-attachment":"scroll","background-type":"","background-media":"","overlay-type":"","overlay-color":"","overlay-opacity":"","overlay-gradient":""},"tablet":{"background-color":"var(--ast-global-color-4)","background-image":"","background-repeat":"repeat","background-position":"center center","background-size":"auto","background-attachment":"scroll","background-type":"","background-media":"","overlay-type":"","overlay-color":"","overlay-opacity":"","overlay-gradient":""},"mobile":{"background-color":"var(--ast-global-color-4)","background-image":"","background-repeat":"repeat","background-position":"center center","background-size":"auto","background-attachment":"scroll","background-type":"","background-media":"","overlay-type":"","overlay-color":"","overlay-opacity":"","overlay-gradient":""}},"footnotes":""},"categories":[51,1],"tags":[],"class_list":["post-61538","post","type-post","status-publish","format-standard","has-post-thumbnail","hentry","category-entrevistas","category-noticias"],"yoast_head":"<!-- This site is optimized with the Yoast SEO Premium plugin v23.0 (Yoast SEO v27.5) - https:\/\/yoast.com\/product\/yoast-seo-premium-wordpress\/ -->\n<title>Jos\u00e9 Zara: \u201cM\u00e1s all\u00e1 que el estado es el organismo de control y que debe pregonar por mantener el medio ambiente y cuidarlo, tambi\u00e9n precisamos el acompa\u00f1amiento del vecino\u201d<\/title>\n<meta name=\"robots\" content=\"index, follow, max-snippet:-1, max-image-preview:large, max-video-preview:-1\" \/>\n<link rel=\"canonical\" href=\"https:\/\/patagoniambiental.com.ar\/info\/jose-zara-mas-alla-que-el-estado-es-el-organismo-de-control-y-que-debe-pregonar-por-mantener-el-medio-ambiente-y-cuidarlo-tambien-precisamos-el-acompanamiento-del-vecino\/\" \/>\n<meta property=\"og:locale\" content=\"es_ES\" \/>\n<meta property=\"og:type\" content=\"article\" \/>\n<meta property=\"og:title\" content=\"Jos\u00e9 Zara: \u201cM\u00e1s all\u00e1 que el estado es el organismo de control y que debe pregonar por mantener el medio ambiente y cuidarlo, tambi\u00e9n precisamos el acompa\u00f1amiento del vecino\u201d\" \/>\n<meta property=\"og:description\" content=\"Por Andr\u00e9s Nievas.-\u00a0El es nacido en Bah\u00eda Blanca,\u00a0Ingeniero Civil recibido en la Universidad Nacional del Sur y Productor Agropecuario.\u00a0En el [&hellip;]\" \/>\n<meta property=\"og:url\" content=\"https:\/\/patagoniambiental.com.ar\/info\/jose-zara-mas-alla-que-el-estado-es-el-organismo-de-control-y-que-debe-pregonar-por-mantener-el-medio-ambiente-y-cuidarlo-tambien-precisamos-el-acompanamiento-del-vecino\/\" \/>\n<meta property=\"og:site_name\" content=\"Patagonia Ambiental\" \/>\n<meta property=\"article:publisher\" content=\"https:\/\/www.facebook.com\/patagonia.ambiental\" \/>\n<meta property=\"article:author\" content=\"https:\/\/www.facebook.com\/share\/1C1V8Gv9BX\/?mibextid=qi2Omg\" \/>\n<meta property=\"article:published_time\" content=\"2019-05-28T22:00:08+00:00\" \/>\n<meta property=\"og:image\" content=\"https:\/\/patagoniambiental.com.ar\/info\/wp-content\/uploads\/2019\/05\/IMG-20190521-WA0002-.jpg\" \/>\n\t<meta property=\"og:image:width\" content=\"858\" \/>\n\t<meta property=\"og:image:height\" content=\"551\" \/>\n\t<meta property=\"og:image:type\" content=\"image\/jpeg\" \/>\n<meta name=\"author\" content=\"Patagonia Ambiental\" \/>\n<meta name=\"twitter:card\" content=\"summary_large_image\" \/>\n<meta name=\"twitter:creator\" content=\"@PatAmb\" \/>\n<meta name=\"twitter:site\" content=\"@PatAmb\" \/>\n<script type=\"application\/ld+json\" class=\"yoast-schema-graph\">{\"@context\":\"https:\\\/\\\/schema.org\",\"@graph\":[{\"@type\":\"Article\",\"@id\":\"https:\\\/\\\/patagoniambiental.com.ar\\\/info\\\/jose-zara-mas-alla-que-el-estado-es-el-organismo-de-control-y-que-debe-pregonar-por-mantener-el-medio-ambiente-y-cuidarlo-tambien-precisamos-el-acompanamiento-del-vecino\\\/#article\",\"isPartOf\":{\"@id\":\"https:\\\/\\\/patagoniambiental.com.ar\\\/info\\\/jose-zara-mas-alla-que-el-estado-es-el-organismo-de-control-y-que-debe-pregonar-por-mantener-el-medio-ambiente-y-cuidarlo-tambien-precisamos-el-acompanamiento-del-vecino\\\/\"},\"author\":{\"name\":\"Patagonia Ambiental\",\"@id\":\"https:\\\/\\\/patagoniambiental.com.ar\\\/info\\\/#\\\/schema\\\/person\\\/db12bff64bbcbf6a253710bf0ea37b5d\"},\"headline\":\"Jos\u00e9 Zara: \u201cM\u00e1s all\u00e1 que el estado es el organismo de control y que debe pregonar por mantener el medio ambiente y cuidarlo, tambi\u00e9n precisamos el acompa\u00f1amiento del vecino\u201d\",\"datePublished\":\"2019-05-28T22:00:08+00:00\",\"mainEntityOfPage\":{\"@id\":\"https:\\\/\\\/patagoniambiental.com.ar\\\/info\\\/jose-zara-mas-alla-que-el-estado-es-el-organismo-de-control-y-que-debe-pregonar-por-mantener-el-medio-ambiente-y-cuidarlo-tambien-precisamos-el-acompanamiento-del-vecino\\\/\"},\"wordCount\":1472,\"commentCount\":0,\"publisher\":{\"@id\":\"https:\\\/\\\/patagoniambiental.com.ar\\\/info\\\/#organization\"},\"image\":{\"@id\":\"https:\\\/\\\/patagoniambiental.com.ar\\\/info\\\/jose-zara-mas-alla-que-el-estado-es-el-organismo-de-control-y-que-debe-pregonar-por-mantener-el-medio-ambiente-y-cuidarlo-tambien-precisamos-el-acompanamiento-del-vecino\\\/#primaryimage\"},\"thumbnailUrl\":\"https:\\\/\\\/patagoniambiental.com.ar\\\/info\\\/wp-content\\\/uploads\\\/2019\\\/05\\\/IMG-20190521-WA0002-.jpg\",\"articleSection\":[\"Entrevistas\",\"Noticias\"],\"inLanguage\":\"es\",\"potentialAction\":[{\"@type\":\"CommentAction\",\"name\":\"Comment\",\"target\":[\"https:\\\/\\\/patagoniambiental.com.ar\\\/info\\\/jose-zara-mas-alla-que-el-estado-es-el-organismo-de-control-y-que-debe-pregonar-por-mantener-el-medio-ambiente-y-cuidarlo-tambien-precisamos-el-acompanamiento-del-vecino\\\/#respond\"]}]},{\"@type\":\"WebPage\",\"@id\":\"https:\\\/\\\/patagoniambiental.com.ar\\\/info\\\/jose-zara-mas-alla-que-el-estado-es-el-organismo-de-control-y-que-debe-pregonar-por-mantener-el-medio-ambiente-y-cuidarlo-tambien-precisamos-el-acompanamiento-del-vecino\\\/\",\"url\":\"https:\\\/\\\/patagoniambiental.com.ar\\\/info\\\/jose-zara-mas-alla-que-el-estado-es-el-organismo-de-control-y-que-debe-pregonar-por-mantener-el-medio-ambiente-y-cuidarlo-tambien-precisamos-el-acompanamiento-del-vecino\\\/\",\"name\":\"Jos\u00e9 Zara: \u201cM\u00e1s all\u00e1 que el estado es el organismo de control y que debe pregonar por mantener el medio ambiente y cuidarlo, tambi\u00e9n precisamos el acompa\u00f1amiento del vecino\u201d\",\"isPartOf\":{\"@id\":\"https:\\\/\\\/patagoniambiental.com.ar\\\/info\\\/#website\"},\"primaryImageOfPage\":{\"@id\":\"https:\\\/\\\/patagoniambiental.com.ar\\\/info\\\/jose-zara-mas-alla-que-el-estado-es-el-organismo-de-control-y-que-debe-pregonar-por-mantener-el-medio-ambiente-y-cuidarlo-tambien-precisamos-el-acompanamiento-del-vecino\\\/#primaryimage\"},\"image\":{\"@id\":\"https:\\\/\\\/patagoniambiental.com.ar\\\/info\\\/jose-zara-mas-alla-que-el-estado-es-el-organismo-de-control-y-que-debe-pregonar-por-mantener-el-medio-ambiente-y-cuidarlo-tambien-precisamos-el-acompanamiento-del-vecino\\\/#primaryimage\"},\"thumbnailUrl\":\"https:\\\/\\\/patagoniambiental.com.ar\\\/info\\\/wp-content\\\/uploads\\\/2019\\\/05\\\/IMG-20190521-WA0002-.jpg\",\"datePublished\":\"2019-05-28T22:00:08+00:00\",\"breadcrumb\":{\"@id\":\"https:\\\/\\\/patagoniambiental.com.ar\\\/info\\\/jose-zara-mas-alla-que-el-estado-es-el-organismo-de-control-y-que-debe-pregonar-por-mantener-el-medio-ambiente-y-cuidarlo-tambien-precisamos-el-acompanamiento-del-vecino\\\/#breadcrumb\"},\"inLanguage\":\"es\",\"potentialAction\":[{\"@type\":\"ReadAction\",\"target\":[\"https:\\\/\\\/patagoniambiental.com.ar\\\/info\\\/jose-zara-mas-alla-que-el-estado-es-el-organismo-de-control-y-que-debe-pregonar-por-mantener-el-medio-ambiente-y-cuidarlo-tambien-precisamos-el-acompanamiento-del-vecino\\\/\"]}]},{\"@type\":\"ImageObject\",\"inLanguage\":\"es\",\"@id\":\"https:\\\/\\\/patagoniambiental.com.ar\\\/info\\\/jose-zara-mas-alla-que-el-estado-es-el-organismo-de-control-y-que-debe-pregonar-por-mantener-el-medio-ambiente-y-cuidarlo-tambien-precisamos-el-acompanamiento-del-vecino\\\/#primaryimage\",\"url\":\"https:\\\/\\\/patagoniambiental.com.ar\\\/info\\\/wp-content\\\/uploads\\\/2019\\\/05\\\/IMG-20190521-WA0002-.jpg\",\"contentUrl\":\"https:\\\/\\\/patagoniambiental.com.ar\\\/info\\\/wp-content\\\/uploads\\\/2019\\\/05\\\/IMG-20190521-WA0002-.jpg\",\"width\":858,\"height\":551},{\"@type\":\"BreadcrumbList\",\"@id\":\"https:\\\/\\\/patagoniambiental.com.ar\\\/info\\\/jose-zara-mas-alla-que-el-estado-es-el-organismo-de-control-y-que-debe-pregonar-por-mantener-el-medio-ambiente-y-cuidarlo-tambien-precisamos-el-acompanamiento-del-vecino\\\/#breadcrumb\",\"itemListElement\":[{\"@type\":\"ListItem\",\"position\":1,\"name\":\"Inicio\",\"item\":\"https:\\\/\\\/patagoniambiental.com.ar\\\/info\\\/\"},{\"@type\":\"ListItem\",\"position\":2,\"name\":\"Jos\u00e9 Zara: \u201cM\u00e1s all\u00e1 que el estado es el organismo de control y que debe pregonar por mantener el medio ambiente y cuidarlo, tambi\u00e9n precisamos el acompa\u00f1amiento del vecino\u201d\"}]},{\"@type\":\"WebSite\",\"@id\":\"https:\\\/\\\/patagoniambiental.com.ar\\\/info\\\/#website\",\"url\":\"https:\\\/\\\/patagoniambiental.com.ar\\\/info\\\/\",\"name\":\"Patagonia Ambiental\",\"description\":\"Monitoreo y an\u00e1lisis de la situaci\u00f3n geopol\u00edtica en el mundo y su implicancia en la Patagonia\",\"publisher\":{\"@id\":\"https:\\\/\\\/patagoniambiental.com.ar\\\/info\\\/#organization\"},\"potentialAction\":[{\"@type\":\"SearchAction\",\"target\":{\"@type\":\"EntryPoint\",\"urlTemplate\":\"https:\\\/\\\/patagoniambiental.com.ar\\\/info\\\/?s={search_term_string}\"},\"query-input\":{\"@type\":\"PropertyValueSpecification\",\"valueRequired\":true,\"valueName\":\"search_term_string\"}}],\"inLanguage\":\"es\"},{\"@type\":\"Organization\",\"@id\":\"https:\\\/\\\/patagoniambiental.com.ar\\\/info\\\/#organization\",\"name\":\"Patagonia Ambiental\",\"url\":\"https:\\\/\\\/patagoniambiental.com.ar\\\/info\\\/\",\"logo\":{\"@type\":\"ImageObject\",\"inLanguage\":\"es\",\"@id\":\"https:\\\/\\\/patagoniambiental.com.ar\\\/info\\\/#\\\/schema\\\/logo\\\/image\\\/\",\"url\":\"https:\\\/\\\/patagoniambiental.com.ar\\\/info\\\/wp-content\\\/uploads\\\/2025\\\/05\\\/LOGO-PATAGONIA-AMBIENTAL.png\",\"contentUrl\":\"https:\\\/\\\/patagoniambiental.com.ar\\\/info\\\/wp-content\\\/uploads\\\/2025\\\/05\\\/LOGO-PATAGONIA-AMBIENTAL.png\",\"width\":433,\"height\":250,\"caption\":\"Patagonia Ambiental\"},\"image\":{\"@id\":\"https:\\\/\\\/patagoniambiental.com.ar\\\/info\\\/#\\\/schema\\\/logo\\\/image\\\/\"},\"sameAs\":[\"https:\\\/\\\/www.facebook.com\\\/patagonia.ambiental\",\"https:\\\/\\\/x.com\\\/PatAmb\"]},{\"@type\":\"Person\",\"@id\":\"https:\\\/\\\/patagoniambiental.com.ar\\\/info\\\/#\\\/schema\\\/person\\\/db12bff64bbcbf6a253710bf0ea37b5d\",\"name\":\"Patagonia Ambiental\",\"description\":\"Andr\u00e9s Nievas T\u00e9cnico en manejo ambiental, consultor Ambiental y escritor para medios locales e internacionales sobre temas de geopolitica y medio ambiente.\",\"sameAs\":[\"http:\\\/\\\/www.patagoniambiental.com.ar\",\"https:\\\/\\\/www.facebook.com\\\/share\\\/1C1V8Gv9BX\\\/?mibextid=qi2Omg\",\"@patagoniambiental\",\"https:\\\/\\\/youtube.com\\\/@patagoniaambiental2023?si=BLt58t0wuXquxlYZ\"]}]}<\/script>\n<!-- \/ Yoast SEO Premium plugin. -->","yoast_head_json":{"title":"Jos\u00e9 Zara: \u201cM\u00e1s all\u00e1 que el estado es el organismo de control y que debe pregonar por mantener el medio ambiente y cuidarlo, tambi\u00e9n precisamos el acompa\u00f1amiento del vecino\u201d","robots":{"index":"index","follow":"follow","max-snippet":"max-snippet:-1","max-image-preview":"max-image-preview:large","max-video-preview":"max-video-preview:-1"},"canonical":"https:\/\/patagoniambiental.com.ar\/info\/jose-zara-mas-alla-que-el-estado-es-el-organismo-de-control-y-que-debe-pregonar-por-mantener-el-medio-ambiente-y-cuidarlo-tambien-precisamos-el-acompanamiento-del-vecino\/","og_locale":"es_ES","og_type":"article","og_title":"Jos\u00e9 Zara: \u201cM\u00e1s all\u00e1 que el estado es el organismo de control y que debe pregonar por mantener el medio ambiente y cuidarlo, tambi\u00e9n precisamos el acompa\u00f1amiento del vecino\u201d","og_description":"Por Andr\u00e9s Nievas.-\u00a0El es nacido en Bah\u00eda Blanca,\u00a0Ingeniero Civil recibido en la Universidad Nacional del Sur y Productor Agropecuario.\u00a0En el [&hellip;]","og_url":"https:\/\/patagoniambiental.com.ar\/info\/jose-zara-mas-alla-que-el-estado-es-el-organismo-de-control-y-que-debe-pregonar-por-mantener-el-medio-ambiente-y-cuidarlo-tambien-precisamos-el-acompanamiento-del-vecino\/","og_site_name":"Patagonia Ambiental","article_publisher":"https:\/\/www.facebook.com\/patagonia.ambiental","article_author":"https:\/\/www.facebook.com\/share\/1C1V8Gv9BX\/?mibextid=qi2Omg","article_published_time":"2019-05-28T22:00:08+00:00","og_image":[{"width":858,"height":551,"url":"https:\/\/patagoniambiental.com.ar\/info\/wp-content\/uploads\/2019\/05\/IMG-20190521-WA0002-.jpg","type":"image\/jpeg"}],"author":"Patagonia Ambiental","twitter_card":"summary_large_image","twitter_creator":"@PatAmb","twitter_site":"@PatAmb","schema":{"@context":"https:\/\/schema.org","@graph":[{"@type":"Article","@id":"https:\/\/patagoniambiental.com.ar\/info\/jose-zara-mas-alla-que-el-estado-es-el-organismo-de-control-y-que-debe-pregonar-por-mantener-el-medio-ambiente-y-cuidarlo-tambien-precisamos-el-acompanamiento-del-vecino\/#article","isPartOf":{"@id":"https:\/\/patagoniambiental.com.ar\/info\/jose-zara-mas-alla-que-el-estado-es-el-organismo-de-control-y-que-debe-pregonar-por-mantener-el-medio-ambiente-y-cuidarlo-tambien-precisamos-el-acompanamiento-del-vecino\/"},"author":{"name":"Patagonia Ambiental","@id":"https:\/\/patagoniambiental.com.ar\/info\/#\/schema\/person\/db12bff64bbcbf6a253710bf0ea37b5d"},"headline":"Jos\u00e9 Zara: \u201cM\u00e1s all\u00e1 que el estado es el organismo de control y que debe pregonar por mantener el medio ambiente y cuidarlo, tambi\u00e9n precisamos el acompa\u00f1amiento del vecino\u201d","datePublished":"2019-05-28T22:00:08+00:00","mainEntityOfPage":{"@id":"https:\/\/patagoniambiental.com.ar\/info\/jose-zara-mas-alla-que-el-estado-es-el-organismo-de-control-y-que-debe-pregonar-por-mantener-el-medio-ambiente-y-cuidarlo-tambien-precisamos-el-acompanamiento-del-vecino\/"},"wordCount":1472,"commentCount":0,"publisher":{"@id":"https:\/\/patagoniambiental.com.ar\/info\/#organization"},"image":{"@id":"https:\/\/patagoniambiental.com.ar\/info\/jose-zara-mas-alla-que-el-estado-es-el-organismo-de-control-y-que-debe-pregonar-por-mantener-el-medio-ambiente-y-cuidarlo-tambien-precisamos-el-acompanamiento-del-vecino\/#primaryimage"},"thumbnailUrl":"https:\/\/patagoniambiental.com.ar\/info\/wp-content\/uploads\/2019\/05\/IMG-20190521-WA0002-.jpg","articleSection":["Entrevistas","Noticias"],"inLanguage":"es","potentialAction":[{"@type":"CommentAction","name":"Comment","target":["https:\/\/patagoniambiental.com.ar\/info\/jose-zara-mas-alla-que-el-estado-es-el-organismo-de-control-y-que-debe-pregonar-por-mantener-el-medio-ambiente-y-cuidarlo-tambien-precisamos-el-acompanamiento-del-vecino\/#respond"]}]},{"@type":"WebPage","@id":"https:\/\/patagoniambiental.com.ar\/info\/jose-zara-mas-alla-que-el-estado-es-el-organismo-de-control-y-que-debe-pregonar-por-mantener-el-medio-ambiente-y-cuidarlo-tambien-precisamos-el-acompanamiento-del-vecino\/","url":"https:\/\/patagoniambiental.com.ar\/info\/jose-zara-mas-alla-que-el-estado-es-el-organismo-de-control-y-que-debe-pregonar-por-mantener-el-medio-ambiente-y-cuidarlo-tambien-precisamos-el-acompanamiento-del-vecino\/","name":"Jos\u00e9 Zara: \u201cM\u00e1s all\u00e1 que el estado es el organismo de control y que debe pregonar por mantener el medio ambiente y cuidarlo, tambi\u00e9n precisamos el acompa\u00f1amiento del vecino\u201d","isPartOf":{"@id":"https:\/\/patagoniambiental.com.ar\/info\/#website"},"primaryImageOfPage":{"@id":"https:\/\/patagoniambiental.com.ar\/info\/jose-zara-mas-alla-que-el-estado-es-el-organismo-de-control-y-que-debe-pregonar-por-mantener-el-medio-ambiente-y-cuidarlo-tambien-precisamos-el-acompanamiento-del-vecino\/#primaryimage"},"image":{"@id":"https:\/\/patagoniambiental.com.ar\/info\/jose-zara-mas-alla-que-el-estado-es-el-organismo-de-control-y-que-debe-pregonar-por-mantener-el-medio-ambiente-y-cuidarlo-tambien-precisamos-el-acompanamiento-del-vecino\/#primaryimage"},"thumbnailUrl":"https:\/\/patagoniambiental.com.ar\/info\/wp-content\/uploads\/2019\/05\/IMG-20190521-WA0002-.jpg","datePublished":"2019-05-28T22:00:08+00:00","breadcrumb":{"@id":"https:\/\/patagoniambiental.com.ar\/info\/jose-zara-mas-alla-que-el-estado-es-el-organismo-de-control-y-que-debe-pregonar-por-mantener-el-medio-ambiente-y-cuidarlo-tambien-precisamos-el-acompanamiento-del-vecino\/#breadcrumb"},"inLanguage":"es","potentialAction":[{"@type":"ReadAction","target":["https:\/\/patagoniambiental.com.ar\/info\/jose-zara-mas-alla-que-el-estado-es-el-organismo-de-control-y-que-debe-pregonar-por-mantener-el-medio-ambiente-y-cuidarlo-tambien-precisamos-el-acompanamiento-del-vecino\/"]}]},{"@type":"ImageObject","inLanguage":"es","@id":"https:\/\/patagoniambiental.com.ar\/info\/jose-zara-mas-alla-que-el-estado-es-el-organismo-de-control-y-que-debe-pregonar-por-mantener-el-medio-ambiente-y-cuidarlo-tambien-precisamos-el-acompanamiento-del-vecino\/#primaryimage","url":"https:\/\/patagoniambiental.com.ar\/info\/wp-content\/uploads\/2019\/05\/IMG-20190521-WA0002-.jpg","contentUrl":"https:\/\/patagoniambiental.com.ar\/info\/wp-content\/uploads\/2019\/05\/IMG-20190521-WA0002-.jpg","width":858,"height":551},{"@type":"BreadcrumbList","@id":"https:\/\/patagoniambiental.com.ar\/info\/jose-zara-mas-alla-que-el-estado-es-el-organismo-de-control-y-que-debe-pregonar-por-mantener-el-medio-ambiente-y-cuidarlo-tambien-precisamos-el-acompanamiento-del-vecino\/#breadcrumb","itemListElement":[{"@type":"ListItem","position":1,"name":"Inicio","item":"https:\/\/patagoniambiental.com.ar\/info\/"},{"@type":"ListItem","position":2,"name":"Jos\u00e9 Zara: \u201cM\u00e1s all\u00e1 que el estado es el organismo de control y que debe pregonar por mantener el medio ambiente y cuidarlo, tambi\u00e9n precisamos el acompa\u00f1amiento del vecino\u201d"}]},{"@type":"WebSite","@id":"https:\/\/patagoniambiental.com.ar\/info\/#website","url":"https:\/\/patagoniambiental.com.ar\/info\/","name":"Patagonia Ambiental","description":"Monitoreo y an\u00e1lisis de la situaci\u00f3n geopol\u00edtica en el mundo y su implicancia en la Patagonia","publisher":{"@id":"https:\/\/patagoniambiental.com.ar\/info\/#organization"},"potentialAction":[{"@type":"SearchAction","target":{"@type":"EntryPoint","urlTemplate":"https:\/\/patagoniambiental.com.ar\/info\/?s={search_term_string}"},"query-input":{"@type":"PropertyValueSpecification","valueRequired":true,"valueName":"search_term_string"}}],"inLanguage":"es"},{"@type":"Organization","@id":"https:\/\/patagoniambiental.com.ar\/info\/#organization","name":"Patagonia Ambiental","url":"https:\/\/patagoniambiental.com.ar\/info\/","logo":{"@type":"ImageObject","inLanguage":"es","@id":"https:\/\/patagoniambiental.com.ar\/info\/#\/schema\/logo\/image\/","url":"https:\/\/patagoniambiental.com.ar\/info\/wp-content\/uploads\/2025\/05\/LOGO-PATAGONIA-AMBIENTAL.png","contentUrl":"https:\/\/patagoniambiental.com.ar\/info\/wp-content\/uploads\/2025\/05\/LOGO-PATAGONIA-AMBIENTAL.png","width":433,"height":250,"caption":"Patagonia Ambiental"},"image":{"@id":"https:\/\/patagoniambiental.com.ar\/info\/#\/schema\/logo\/image\/"},"sameAs":["https:\/\/www.facebook.com\/patagonia.ambiental","https:\/\/x.com\/PatAmb"]},{"@type":"Person","@id":"https:\/\/patagoniambiental.com.ar\/info\/#\/schema\/person\/db12bff64bbcbf6a253710bf0ea37b5d","name":"Patagonia Ambiental","description":"Andr\u00e9s Nievas T\u00e9cnico en manejo ambiental, consultor Ambiental y escritor para medios locales e internacionales sobre temas de geopolitica y medio ambiente.","sameAs":["http:\/\/www.patagoniambiental.com.ar","https:\/\/www.facebook.com\/share\/1C1V8Gv9BX\/?mibextid=qi2Omg","@patagoniambiental","https:\/\/youtube.com\/@patagoniaambiental2023?si=BLt58t0wuXquxlYZ"]}]}},"_links":{"self":[{"href":"https:\/\/patagoniambiental.com.ar\/info\/wp-json\/wp\/v2\/posts\/61538","targetHints":{"allow":["GET"]}}],"collection":[{"href":"https:\/\/patagoniambiental.com.ar\/info\/wp-json\/wp\/v2\/posts"}],"about":[{"href":"https:\/\/patagoniambiental.com.ar\/info\/wp-json\/wp\/v2\/types\/post"}],"author":[{"embeddable":true,"href":"https:\/\/patagoniambiental.com.ar\/info\/wp-json\/wp\/v2\/users\/2"}],"replies":[{"embeddable":true,"href":"https:\/\/patagoniambiental.com.ar\/info\/wp-json\/wp\/v2\/comments?post=61538"}],"version-history":[{"count":0,"href":"https:\/\/patagoniambiental.com.ar\/info\/wp-json\/wp\/v2\/posts\/61538\/revisions"}],"wp:featuredmedia":[{"embeddable":true,"href":"https:\/\/patagoniambiental.com.ar\/info\/wp-json\/wp\/v2\/media\/61539"}],"wp:attachment":[{"href":"https:\/\/patagoniambiental.com.ar\/info\/wp-json\/wp\/v2\/media?parent=61538"}],"wp:term":[{"taxonomy":"category","embeddable":true,"href":"https:\/\/patagoniambiental.com.ar\/info\/wp-json\/wp\/v2\/categories?post=61538"},{"taxonomy":"post_tag","embeddable":true,"href":"https:\/\/patagoniambiental.com.ar\/info\/wp-json\/wp\/v2\/tags?post=61538"}],"curies":[{"name":"wp","href":"https:\/\/api.w.org\/{rel}","templated":true}]}}