{"id":61568,"date":"2019-05-29T19:00:34","date_gmt":"2019-05-29T22:00:34","guid":{"rendered":"http:\/\/patagoniambiental.com.ar\/info\/?p=61568"},"modified":"2019-05-29T08:55:22","modified_gmt":"2019-05-29T11:55:22","slug":"estudiantes-de-la-unrn-continuan-extraccion-de-plantas-exoticas-en-llao-llao","status":"publish","type":"post","link":"https:\/\/patagoniambiental.com.ar\/info\/estudiantes-de-la-unrn-continuan-extraccion-de-plantas-exoticas-en-llao-llao\/","title":{"rendered":"Estudiantes de la UNRN contin\u00faan extracci\u00f3n de plantas ex\u00f3ticas en Llao Llao"},"content":{"rendered":"<div>\n<p class=\"x_MsoNormal\"><span style=\"font-family: arial, sans-serif;\"><i>Bariloche, 28 de mayo de 2019<\/i>.- Estudiantes y docentes de primer a\u00f1o de la Tecnicatura en Viveros de la Universidad Nacional de R\u00edo Negro (UNRN) extrajeron del Parque Municipal Llao Llao m\u00e1s de 2000 ejemplares de plantas ex\u00f3ticas, en su mayor\u00eda serbales (<i>Sorbus aucuparia<\/i>). <\/span><\/p>\n<p><!--more--><\/p>\n<p class=\"x_MsoNormal\"><span style=\"font-family: arial, sans-serif;\">Los objetivos del trabajo son, por un lado, aliviar su carga en un \u00e1rea protegida de bosque nativo y, por otro, su posterior viverizaci\u00f3n y cultivo en viveros de la Regi\u00f3n Sur, para su eventual plantaci\u00f3n en el arbolado urbano de diferentes localidades.<\/span><\/p>\n<p class=\"x_gmail-CuerpoA\"><span style=\"font-family: arial, sans-serif;\">\u00a0<img fetchpriority=\"high\" decoding=\"async\" class=\"size-medium wp-image-61569 alignleft\" src=\"https:\/\/patagoniambiental.com.ar\/info\/wp-content\/uploads\/2019\/05\/thumbnail_Extensi\u00f3n-extraccion-exoticas-600x338.png\" alt=\"\" width=\"600\" height=\"338\" \/><\/span><\/p>\n<p class=\"x_gmail-CuerpoA\"><span style=\"font-family: arial, sans-serif;\">La actividad se desarroll\u00f3 durante el mes de mayo, en el marco del Programa de Extensi\u00f3n Luz Verde para la Regi\u00f3n Sur, dirigido por el t\u00e9cnico Santiago Na\u00f3n, del Instituto de Recursos Naturales, Agroecolog\u00eda y Desarrollo Rural (IRNAD-UNRN). Cont\u00f3 con la participaci\u00f3n de 50 personas, entre ellos integrantes de la Direcci\u00f3n de \u00c1reas Protegidas del Municipio de San Carlos de Bariloche, coordinados por las docentes Elisa Cast\u00e1n, Luz Lattanzio y Santiago Na\u00f3n. Colaboraron tambi\u00e9n Silvana Alzogaray, Flavia Quintana, de la Direcci\u00f3n de \u00c1reas protegidas, y Marina Hansen, responsable t\u00e9cnica del Banco de Germoplasma del Jard\u00edn Bot\u00e1nico Municipal.\u00a0\u00a0\u00a0<\/span><\/p>\n<p class=\"x_gmail-CuerpoA\"><span style=\"font-family: arial, sans-serif;\">\u00a0<\/span><\/p>\n<p class=\"x_gmail-CuerpoA\"><span style=\"font-family: arial, sans-serif;\">Esta metodolog\u00eda de trabajo colaborativo permiti\u00f3 que desde el a\u00f1o 2016 hasta ahora se hayan retirado del \u00e1rea protegida unas 8000 plantas, entre serbales, retamas, cerezos, cotoneasters y otras especies invasoras, en una estrategia de manejo para la conservaci\u00f3n del bosque nativo.<\/span><\/p>\n<p class=\"x_gmail-CuerpoA\"><span style=\"font-family: arial, sans-serif;\">\u00a0<\/span><\/p>\n<p class=\"x_gmail-CuerpoA\"><b><span style=\"font-family: arial, sans-serif;\">Luz Verde para la Regi\u00f3n Sur, un programa para mitigar la desertificaci\u00f3n<\/span><\/b><\/p>\n<p class=\"x_gmail-CuerpoA\"><span style=\"font-family: arial, sans-serif;\">Luz verde es el primer Programa de Extensi\u00f3n de la UNRN Sede Andina, y est\u00e1 orientado a mitigar el fen\u00f3meno de la desertificaci\u00f3n potenciando la producci\u00f3n y plantaci\u00f3n de \u00e1rboles, en articulaci\u00f3n con el Programa Forestal del Ente para la Promoci\u00f3n y el Desarrollo de la L\u00ednea y Regi\u00f3n Sur.<\/span><\/p>\n<p class=\"x_gmail-CuerpoA\"><span style=\"font-family: arial, sans-serif;\">\u00a0<\/span><\/p>\n<p class=\"x_gmail-CuerpoA\"><span style=\"font-family: arial, sans-serif;\">La desertificaci\u00f3n es un proceso de degradaci\u00f3n del ambiente, en el que el suelo de ecosistemas \u00e1ridos y semi\u00e1ridos pierde su capacidad de regeneraci\u00f3n. Este proceso est\u00e1 asociado con la p\u00e9rdida de la productividad de los ecosistemas afectados y repercute de manera negativa en las actividades humanas, restringiendo la capacidad de sustentabilidad, reduciendo las fuentes de ingreso y deteriorando las condiciones de vida de la poblaci\u00f3n. En la Regi\u00f3n Sur de la Provincia de R\u00edo Negro, donde naturalmente existe poca vegetaci\u00f3n en un equilibrio fr\u00e1gil con el clima, la extracci\u00f3n de le\u00f1a y el sobrepastoreo al que fueron sometidos los campos durante los \u00faltimos cien a\u00f1os, han desencadenado o agravado el proceso de desertificaci\u00f3n que enfrenta la estepa patag\u00f3nica.<\/span><\/p>\n<p class=\"x_gmail-CuerpoA\"><span style=\"font-family: arial, sans-serif;\">\u00a0<\/span><\/p>\n<p class=\"x_gmail-CuerpoA\"><span style=\"font-family: arial, sans-serif;\">Para los futuros graduados, la participaci\u00f3n en estas actividades son oportunidades de aprendizaje, que los vinculan y comprometen con las problem\u00e1ticas sociales y ambientales de la regi\u00f3n. En este caso, la plantaci\u00f3n en ecosistemas urbanos o rurales de las plantas retiradas del \u00e1rea protegida representa una acci\u00f3n concreta frente a dos problem\u00e1ticas: la invasi\u00f3n biol\u00f3gica de plantas ex\u00f3ticas y la escasez de \u00e1rboles en localidades de la L\u00ednea Sur rionegrina.<\/span><\/p>\n<p class=\"x_gmail-CuerpoA\">\n<p class=\"x_MsoNormal\">Fuente:<\/p>\n<\/div>\n<p>&nbsp;<\/p>\n<p>&nbsp;<\/p>\n<div class=\"x_gmail_signature\" dir=\"ltr\">\n<div dir=\"ltr\">\n<div>\n<div dir=\"ltr\">\n<div>\n<div dir=\"ltr\">\n<div dir=\"ltr\">\n<div dir=\"ltr\">\n<div dir=\"ltr\">\n<div dir=\"ltr\">\n<div dir=\"ltr\">\n<div>Departamento de Comunicaci\u00f3n<br \/>\nUniversidad Nacional de R\u00edo Negro &#8211; Sede Andina<br \/>\nMitre 630 1\u00ba \u00abB\u00bb &#8211; San Carlos de Bariloche<br \/>\n(0294) 443 1801 &#8211; Int. 14<br \/>\n<a href=\"mailto:comunicacion.andina@unrn.edu.ar\" target=\"_blank\" rel=\"noopener noreferrer\" data-auth=\"NotApplicable\">comunicacion.andina@unrn.edu.ar<\/a><br \/>\n<a href=\"http:\/\/www.unrn.edu.ar\/\" target=\"_blank\" rel=\"noopener noreferrer\" data-auth=\"NotApplicable\">www.unrn.edu.ar<\/a><br \/>\n<a href=\"http:\/\/sedeandina.unrn.edu.ar\/\" target=\"_blank\" rel=\"noopener noreferrer\" data-auth=\"NotApplicable\">http:\/\/sedeandina.unrn.edu.ar<\/a><br \/>\n<b><span style=\"color: #073763;\">Facebook:<\/span>\u00a0<\/b><a href=\"http:\/\/www.facebook.com\/unrnsedeandina\" target=\"_blank\" rel=\"noopener noreferrer\" data-auth=\"NotApplicable\">https:\/\/www.facebook.com\/unrnsedeandina<\/a><br \/>\n<b><span style=\"color: #073763;\">Twitter<a href=\"https:\/\/twitter.com\/unrnsedeandina?lang=es\" target=\"_blank\" rel=\"noopener noreferrer\" data-auth=\"NotApplicable\">:<\/a><\/span><\/b><span style=\"color: #073763;\">\u00a0<\/span><a href=\"https:\/\/twitter.com\/unrnsedeandina\" target=\"_blank\" rel=\"noopener noreferrer\" data-auth=\"NotApplicable\">@unrnsedeandina<\/a><\/div>\n<div>\n<p><b><span style=\"color: #073763;\">Intagram<\/span><\/b><b>:\u00a0<a href=\"https:\/\/www.instagram.com\/unrionegro\/\" target=\"_blank\" rel=\"noopener noreferrer\" data-auth=\"NotApplicable\">Instagram\/@unrionegro<\/a><\/b><\/p>\n<p><a href=\"http:\/\/www.unrn.tv\/\" target=\"_blank\" rel=\"noopener noreferrer\" data-auth=\"NotApplicable\">www.unrn.tv<\/a><\/p>\n<p><a href=\"http:\/\/www.raund.media\/\" target=\"_blank\" rel=\"noopener noreferrer\" data-auth=\"NotApplicable\">www.raund.media<\/a><\/p>\n<\/div>\n<\/div>\n<\/div>\n<\/div>\n<\/div>\n<\/div>\n<\/div>\n<\/div>\n<\/div>\n<\/div>\n<\/div>\n<\/div>\n","protected":false},"excerpt":{"rendered":"<p>Bariloche, 28 de mayo de 2019.- Estudiantes y docentes de primer a\u00f1o de la Tecnicatura en Viveros de la Universidad [&hellip;]<\/p>\n","protected":false},"author":2,"featured_media":61569,"comment_status":"open","ping_status":"open","sticky":false,"template":"","format":"standard","meta":{"site-sidebar-layout":"default","site-content-layout":"","ast-site-content-layout":"default","site-content-style":"default","site-sidebar-style":"default","ast-global-header-display":"","ast-banner-title-visibility":"","ast-main-header-display":"","ast-hfb-above-header-display":"","ast-hfb-below-header-display":"","ast-hfb-mobile-header-display":"","site-post-title":"","ast-breadcrumbs-content":"","ast-featured-img":"","footer-sml-layout":"","ast-disable-related-posts":"","theme-transparent-header-meta":"","adv-header-id-meta":"","stick-header-meta":"","header-above-stick-meta":"","header-main-stick-meta":"","header-below-stick-meta":"","astra-migrate-meta-layouts":"default","ast-page-background-enabled":"default","ast-page-background-meta":{"desktop":{"background-color":"var(--ast-global-color-5)","background-image":"","background-repeat":"repeat","background-position":"center center","background-size":"auto","background-attachment":"scroll","background-type":"","background-media":"","overlay-type":"","overlay-color":"","overlay-opacity":"","overlay-gradient":""},"tablet":{"background-color":"","background-image":"","background-repeat":"repeat","background-position":"center center","background-size":"auto","background-attachment":"scroll","background-type":"","background-media":"","overlay-type":"","overlay-color":"","overlay-opacity":"","overlay-gradient":""},"mobile":{"background-color":"","background-image":"","background-repeat":"repeat","background-position":"center center","background-size":"auto","background-attachment":"scroll","background-type":"","background-media":"","overlay-type":"","overlay-color":"","overlay-opacity":"","overlay-gradient":""}},"ast-content-background-meta":{"desktop":{"background-color":"var(--ast-global-color-4)","background-image":"","background-repeat":"repeat","background-position":"center center","background-size":"auto","background-attachment":"scroll","background-type":"","background-media":"","overlay-type":"","overlay-color":"","overlay-opacity":"","overlay-gradient":""},"tablet":{"background-color":"var(--ast-global-color-4)","background-image":"","background-repeat":"repeat","background-position":"center center","background-size":"auto","background-attachment":"scroll","background-type":"","background-media":"","overlay-type":"","overlay-color":"","overlay-opacity":"","overlay-gradient":""},"mobile":{"background-color":"var(--ast-global-color-4)","background-image":"","background-repeat":"repeat","background-position":"center center","background-size":"auto","background-attachment":"scroll","background-type":"","background-media":"","overlay-type":"","overlay-color":"","overlay-opacity":"","overlay-gradient":""}},"footnotes":""},"categories":[1,13,14],"tags":[],"class_list":["post-61568","post","type-post","status-publish","format-standard","has-post-thumbnail","hentry","category-noticias","category-provinciales","category-rio-negro"],"yoast_head":"<!-- This site is optimized with the Yoast SEO Premium plugin v23.0 (Yoast SEO v27.5) - https:\/\/yoast.com\/product\/yoast-seo-premium-wordpress\/ -->\n<title>Estudiantes de la UNRN contin\u00faan extracci\u00f3n de plantas ex\u00f3ticas en Llao Llao<\/title>\n<meta name=\"robots\" content=\"index, follow, max-snippet:-1, max-image-preview:large, max-video-preview:-1\" \/>\n<link rel=\"canonical\" href=\"https:\/\/patagoniambiental.com.ar\/info\/estudiantes-de-la-unrn-continuan-extraccion-de-plantas-exoticas-en-llao-llao\/\" \/>\n<meta property=\"og:locale\" content=\"es_ES\" \/>\n<meta property=\"og:type\" content=\"article\" \/>\n<meta property=\"og:title\" content=\"Estudiantes de la UNRN contin\u00faan extracci\u00f3n de plantas ex\u00f3ticas en Llao Llao\" \/>\n<meta property=\"og:description\" content=\"Bariloche, 28 de mayo de 2019.- Estudiantes y docentes de primer a\u00f1o de la Tecnicatura en Viveros de la Universidad [&hellip;]\" \/>\n<meta property=\"og:url\" content=\"https:\/\/patagoniambiental.com.ar\/info\/estudiantes-de-la-unrn-continuan-extraccion-de-plantas-exoticas-en-llao-llao\/\" \/>\n<meta property=\"og:site_name\" content=\"Patagonia Ambiental\" \/>\n<meta property=\"article:publisher\" content=\"https:\/\/www.facebook.com\/patagonia.ambiental\" \/>\n<meta property=\"article:author\" content=\"https:\/\/www.facebook.com\/share\/1C1V8Gv9BX\/?mibextid=qi2Omg\" \/>\n<meta property=\"article:published_time\" content=\"2019-05-29T22:00:34+00:00\" \/>\n<meta property=\"og:image\" content=\"https:\/\/patagoniambiental.com.ar\/info\/wp-content\/uploads\/2019\/05\/thumbnail_Extensi\u00f3n-extraccion-exoticas.png\" \/>\n\t<meta property=\"og:image:width\" content=\"1280\" \/>\n\t<meta property=\"og:image:height\" content=\"720\" \/>\n\t<meta property=\"og:image:type\" content=\"image\/png\" \/>\n<meta name=\"author\" content=\"Patagonia Ambiental\" \/>\n<meta name=\"twitter:card\" content=\"summary_large_image\" \/>\n<meta name=\"twitter:creator\" content=\"@PatAmb\" \/>\n<meta name=\"twitter:site\" content=\"@PatAmb\" \/>\n<script type=\"application\/ld+json\" class=\"yoast-schema-graph\">{\"@context\":\"https:\\\/\\\/schema.org\",\"@graph\":[{\"@type\":\"Article\",\"@id\":\"https:\\\/\\\/patagoniambiental.com.ar\\\/info\\\/estudiantes-de-la-unrn-continuan-extraccion-de-plantas-exoticas-en-llao-llao\\\/#article\",\"isPartOf\":{\"@id\":\"https:\\\/\\\/patagoniambiental.com.ar\\\/info\\\/estudiantes-de-la-unrn-continuan-extraccion-de-plantas-exoticas-en-llao-llao\\\/\"},\"author\":{\"name\":\"Patagonia Ambiental\",\"@id\":\"https:\\\/\\\/patagoniambiental.com.ar\\\/info\\\/#\\\/schema\\\/person\\\/db12bff64bbcbf6a253710bf0ea37b5d\"},\"headline\":\"Estudiantes de la UNRN contin\u00faan extracci\u00f3n de plantas ex\u00f3ticas en Llao Llao\",\"datePublished\":\"2019-05-29T22:00:34+00:00\",\"mainEntityOfPage\":{\"@id\":\"https:\\\/\\\/patagoniambiental.com.ar\\\/info\\\/estudiantes-de-la-unrn-continuan-extraccion-de-plantas-exoticas-en-llao-llao\\\/\"},\"wordCount\":604,\"commentCount\":0,\"publisher\":{\"@id\":\"https:\\\/\\\/patagoniambiental.com.ar\\\/info\\\/#organization\"},\"image\":{\"@id\":\"https:\\\/\\\/patagoniambiental.com.ar\\\/info\\\/estudiantes-de-la-unrn-continuan-extraccion-de-plantas-exoticas-en-llao-llao\\\/#primaryimage\"},\"thumbnailUrl\":\"https:\\\/\\\/patagoniambiental.com.ar\\\/info\\\/wp-content\\\/uploads\\\/2019\\\/05\\\/thumbnail_Extensi\u00f3n-extraccion-exoticas.png\",\"articleSection\":[\"Noticias\",\"Provinciales\",\"R\u00edo Negro\"],\"inLanguage\":\"es\",\"potentialAction\":[{\"@type\":\"CommentAction\",\"name\":\"Comment\",\"target\":[\"https:\\\/\\\/patagoniambiental.com.ar\\\/info\\\/estudiantes-de-la-unrn-continuan-extraccion-de-plantas-exoticas-en-llao-llao\\\/#respond\"]}]},{\"@type\":\"WebPage\",\"@id\":\"https:\\\/\\\/patagoniambiental.com.ar\\\/info\\\/estudiantes-de-la-unrn-continuan-extraccion-de-plantas-exoticas-en-llao-llao\\\/\",\"url\":\"https:\\\/\\\/patagoniambiental.com.ar\\\/info\\\/estudiantes-de-la-unrn-continuan-extraccion-de-plantas-exoticas-en-llao-llao\\\/\",\"name\":\"Estudiantes de la UNRN contin\u00faan extracci\u00f3n de plantas ex\u00f3ticas en Llao Llao\",\"isPartOf\":{\"@id\":\"https:\\\/\\\/patagoniambiental.com.ar\\\/info\\\/#website\"},\"primaryImageOfPage\":{\"@id\":\"https:\\\/\\\/patagoniambiental.com.ar\\\/info\\\/estudiantes-de-la-unrn-continuan-extraccion-de-plantas-exoticas-en-llao-llao\\\/#primaryimage\"},\"image\":{\"@id\":\"https:\\\/\\\/patagoniambiental.com.ar\\\/info\\\/estudiantes-de-la-unrn-continuan-extraccion-de-plantas-exoticas-en-llao-llao\\\/#primaryimage\"},\"thumbnailUrl\":\"https:\\\/\\\/patagoniambiental.com.ar\\\/info\\\/wp-content\\\/uploads\\\/2019\\\/05\\\/thumbnail_Extensi\u00f3n-extraccion-exoticas.png\",\"datePublished\":\"2019-05-29T22:00:34+00:00\",\"breadcrumb\":{\"@id\":\"https:\\\/\\\/patagoniambiental.com.ar\\\/info\\\/estudiantes-de-la-unrn-continuan-extraccion-de-plantas-exoticas-en-llao-llao\\\/#breadcrumb\"},\"inLanguage\":\"es\",\"potentialAction\":[{\"@type\":\"ReadAction\",\"target\":[\"https:\\\/\\\/patagoniambiental.com.ar\\\/info\\\/estudiantes-de-la-unrn-continuan-extraccion-de-plantas-exoticas-en-llao-llao\\\/\"]}]},{\"@type\":\"ImageObject\",\"inLanguage\":\"es\",\"@id\":\"https:\\\/\\\/patagoniambiental.com.ar\\\/info\\\/estudiantes-de-la-unrn-continuan-extraccion-de-plantas-exoticas-en-llao-llao\\\/#primaryimage\",\"url\":\"https:\\\/\\\/patagoniambiental.com.ar\\\/info\\\/wp-content\\\/uploads\\\/2019\\\/05\\\/thumbnail_Extensi\u00f3n-extraccion-exoticas.png\",\"contentUrl\":\"https:\\\/\\\/patagoniambiental.com.ar\\\/info\\\/wp-content\\\/uploads\\\/2019\\\/05\\\/thumbnail_Extensi\u00f3n-extraccion-exoticas.png\",\"width\":1280,\"height\":720},{\"@type\":\"BreadcrumbList\",\"@id\":\"https:\\\/\\\/patagoniambiental.com.ar\\\/info\\\/estudiantes-de-la-unrn-continuan-extraccion-de-plantas-exoticas-en-llao-llao\\\/#breadcrumb\",\"itemListElement\":[{\"@type\":\"ListItem\",\"position\":1,\"name\":\"Inicio\",\"item\":\"https:\\\/\\\/patagoniambiental.com.ar\\\/info\\\/\"},{\"@type\":\"ListItem\",\"position\":2,\"name\":\"Estudiantes de la UNRN contin\u00faan extracci\u00f3n de plantas ex\u00f3ticas en Llao Llao\"}]},{\"@type\":\"WebSite\",\"@id\":\"https:\\\/\\\/patagoniambiental.com.ar\\\/info\\\/#website\",\"url\":\"https:\\\/\\\/patagoniambiental.com.ar\\\/info\\\/\",\"name\":\"Patagonia Ambiental\",\"description\":\"Monitoreo y an\u00e1lisis de la situaci\u00f3n geopol\u00edtica en el mundo y su implicancia en la Patagonia\",\"publisher\":{\"@id\":\"https:\\\/\\\/patagoniambiental.com.ar\\\/info\\\/#organization\"},\"potentialAction\":[{\"@type\":\"SearchAction\",\"target\":{\"@type\":\"EntryPoint\",\"urlTemplate\":\"https:\\\/\\\/patagoniambiental.com.ar\\\/info\\\/?s={search_term_string}\"},\"query-input\":{\"@type\":\"PropertyValueSpecification\",\"valueRequired\":true,\"valueName\":\"search_term_string\"}}],\"inLanguage\":\"es\"},{\"@type\":\"Organization\",\"@id\":\"https:\\\/\\\/patagoniambiental.com.ar\\\/info\\\/#organization\",\"name\":\"Patagonia Ambiental\",\"url\":\"https:\\\/\\\/patagoniambiental.com.ar\\\/info\\\/\",\"logo\":{\"@type\":\"ImageObject\",\"inLanguage\":\"es\",\"@id\":\"https:\\\/\\\/patagoniambiental.com.ar\\\/info\\\/#\\\/schema\\\/logo\\\/image\\\/\",\"url\":\"https:\\\/\\\/patagoniambiental.com.ar\\\/info\\\/wp-content\\\/uploads\\\/2025\\\/05\\\/LOGO-PATAGONIA-AMBIENTAL.png\",\"contentUrl\":\"https:\\\/\\\/patagoniambiental.com.ar\\\/info\\\/wp-content\\\/uploads\\\/2025\\\/05\\\/LOGO-PATAGONIA-AMBIENTAL.png\",\"width\":433,\"height\":250,\"caption\":\"Patagonia Ambiental\"},\"image\":{\"@id\":\"https:\\\/\\\/patagoniambiental.com.ar\\\/info\\\/#\\\/schema\\\/logo\\\/image\\\/\"},\"sameAs\":[\"https:\\\/\\\/www.facebook.com\\\/patagonia.ambiental\",\"https:\\\/\\\/x.com\\\/PatAmb\"]},{\"@type\":\"Person\",\"@id\":\"https:\\\/\\\/patagoniambiental.com.ar\\\/info\\\/#\\\/schema\\\/person\\\/db12bff64bbcbf6a253710bf0ea37b5d\",\"name\":\"Patagonia Ambiental\",\"description\":\"Andr\u00e9s Nievas T\u00e9cnico en manejo ambiental, consultor Ambiental y escritor para medios locales e internacionales sobre temas de geopolitica y medio ambiente.\",\"sameAs\":[\"http:\\\/\\\/www.patagoniambiental.com.ar\",\"https:\\\/\\\/www.facebook.com\\\/share\\\/1C1V8Gv9BX\\\/?mibextid=qi2Omg\",\"@patagoniambiental\",\"https:\\\/\\\/youtube.com\\\/@patagoniaambiental2023?si=BLt58t0wuXquxlYZ\"]}]}<\/script>\n<!-- \/ Yoast SEO Premium plugin. -->","yoast_head_json":{"title":"Estudiantes de la UNRN contin\u00faan extracci\u00f3n de plantas ex\u00f3ticas en Llao Llao","robots":{"index":"index","follow":"follow","max-snippet":"max-snippet:-1","max-image-preview":"max-image-preview:large","max-video-preview":"max-video-preview:-1"},"canonical":"https:\/\/patagoniambiental.com.ar\/info\/estudiantes-de-la-unrn-continuan-extraccion-de-plantas-exoticas-en-llao-llao\/","og_locale":"es_ES","og_type":"article","og_title":"Estudiantes de la UNRN contin\u00faan extracci\u00f3n de plantas ex\u00f3ticas en Llao Llao","og_description":"Bariloche, 28 de mayo de 2019.- Estudiantes y docentes de primer a\u00f1o de la Tecnicatura en Viveros de la Universidad [&hellip;]","og_url":"https:\/\/patagoniambiental.com.ar\/info\/estudiantes-de-la-unrn-continuan-extraccion-de-plantas-exoticas-en-llao-llao\/","og_site_name":"Patagonia Ambiental","article_publisher":"https:\/\/www.facebook.com\/patagonia.ambiental","article_author":"https:\/\/www.facebook.com\/share\/1C1V8Gv9BX\/?mibextid=qi2Omg","article_published_time":"2019-05-29T22:00:34+00:00","og_image":[{"width":1280,"height":720,"url":"https:\/\/patagoniambiental.com.ar\/info\/wp-content\/uploads\/2019\/05\/thumbnail_Extensi\u00f3n-extraccion-exoticas.png","type":"image\/png"}],"author":"Patagonia Ambiental","twitter_card":"summary_large_image","twitter_creator":"@PatAmb","twitter_site":"@PatAmb","schema":{"@context":"https:\/\/schema.org","@graph":[{"@type":"Article","@id":"https:\/\/patagoniambiental.com.ar\/info\/estudiantes-de-la-unrn-continuan-extraccion-de-plantas-exoticas-en-llao-llao\/#article","isPartOf":{"@id":"https:\/\/patagoniambiental.com.ar\/info\/estudiantes-de-la-unrn-continuan-extraccion-de-plantas-exoticas-en-llao-llao\/"},"author":{"name":"Patagonia Ambiental","@id":"https:\/\/patagoniambiental.com.ar\/info\/#\/schema\/person\/db12bff64bbcbf6a253710bf0ea37b5d"},"headline":"Estudiantes de la UNRN contin\u00faan extracci\u00f3n de plantas ex\u00f3ticas en Llao Llao","datePublished":"2019-05-29T22:00:34+00:00","mainEntityOfPage":{"@id":"https:\/\/patagoniambiental.com.ar\/info\/estudiantes-de-la-unrn-continuan-extraccion-de-plantas-exoticas-en-llao-llao\/"},"wordCount":604,"commentCount":0,"publisher":{"@id":"https:\/\/patagoniambiental.com.ar\/info\/#organization"},"image":{"@id":"https:\/\/patagoniambiental.com.ar\/info\/estudiantes-de-la-unrn-continuan-extraccion-de-plantas-exoticas-en-llao-llao\/#primaryimage"},"thumbnailUrl":"https:\/\/patagoniambiental.com.ar\/info\/wp-content\/uploads\/2019\/05\/thumbnail_Extensi\u00f3n-extraccion-exoticas.png","articleSection":["Noticias","Provinciales","R\u00edo Negro"],"inLanguage":"es","potentialAction":[{"@type":"CommentAction","name":"Comment","target":["https:\/\/patagoniambiental.com.ar\/info\/estudiantes-de-la-unrn-continuan-extraccion-de-plantas-exoticas-en-llao-llao\/#respond"]}]},{"@type":"WebPage","@id":"https:\/\/patagoniambiental.com.ar\/info\/estudiantes-de-la-unrn-continuan-extraccion-de-plantas-exoticas-en-llao-llao\/","url":"https:\/\/patagoniambiental.com.ar\/info\/estudiantes-de-la-unrn-continuan-extraccion-de-plantas-exoticas-en-llao-llao\/","name":"Estudiantes de la UNRN contin\u00faan extracci\u00f3n de plantas ex\u00f3ticas en Llao Llao","isPartOf":{"@id":"https:\/\/patagoniambiental.com.ar\/info\/#website"},"primaryImageOfPage":{"@id":"https:\/\/patagoniambiental.com.ar\/info\/estudiantes-de-la-unrn-continuan-extraccion-de-plantas-exoticas-en-llao-llao\/#primaryimage"},"image":{"@id":"https:\/\/patagoniambiental.com.ar\/info\/estudiantes-de-la-unrn-continuan-extraccion-de-plantas-exoticas-en-llao-llao\/#primaryimage"},"thumbnailUrl":"https:\/\/patagoniambiental.com.ar\/info\/wp-content\/uploads\/2019\/05\/thumbnail_Extensi\u00f3n-extraccion-exoticas.png","datePublished":"2019-05-29T22:00:34+00:00","breadcrumb":{"@id":"https:\/\/patagoniambiental.com.ar\/info\/estudiantes-de-la-unrn-continuan-extraccion-de-plantas-exoticas-en-llao-llao\/#breadcrumb"},"inLanguage":"es","potentialAction":[{"@type":"ReadAction","target":["https:\/\/patagoniambiental.com.ar\/info\/estudiantes-de-la-unrn-continuan-extraccion-de-plantas-exoticas-en-llao-llao\/"]}]},{"@type":"ImageObject","inLanguage":"es","@id":"https:\/\/patagoniambiental.com.ar\/info\/estudiantes-de-la-unrn-continuan-extraccion-de-plantas-exoticas-en-llao-llao\/#primaryimage","url":"https:\/\/patagoniambiental.com.ar\/info\/wp-content\/uploads\/2019\/05\/thumbnail_Extensi\u00f3n-extraccion-exoticas.png","contentUrl":"https:\/\/patagoniambiental.com.ar\/info\/wp-content\/uploads\/2019\/05\/thumbnail_Extensi\u00f3n-extraccion-exoticas.png","width":1280,"height":720},{"@type":"BreadcrumbList","@id":"https:\/\/patagoniambiental.com.ar\/info\/estudiantes-de-la-unrn-continuan-extraccion-de-plantas-exoticas-en-llao-llao\/#breadcrumb","itemListElement":[{"@type":"ListItem","position":1,"name":"Inicio","item":"https:\/\/patagoniambiental.com.ar\/info\/"},{"@type":"ListItem","position":2,"name":"Estudiantes de la UNRN contin\u00faan extracci\u00f3n de plantas ex\u00f3ticas en Llao Llao"}]},{"@type":"WebSite","@id":"https:\/\/patagoniambiental.com.ar\/info\/#website","url":"https:\/\/patagoniambiental.com.ar\/info\/","name":"Patagonia Ambiental","description":"Monitoreo y an\u00e1lisis de la situaci\u00f3n geopol\u00edtica en el mundo y su implicancia en la Patagonia","publisher":{"@id":"https:\/\/patagoniambiental.com.ar\/info\/#organization"},"potentialAction":[{"@type":"SearchAction","target":{"@type":"EntryPoint","urlTemplate":"https:\/\/patagoniambiental.com.ar\/info\/?s={search_term_string}"},"query-input":{"@type":"PropertyValueSpecification","valueRequired":true,"valueName":"search_term_string"}}],"inLanguage":"es"},{"@type":"Organization","@id":"https:\/\/patagoniambiental.com.ar\/info\/#organization","name":"Patagonia Ambiental","url":"https:\/\/patagoniambiental.com.ar\/info\/","logo":{"@type":"ImageObject","inLanguage":"es","@id":"https:\/\/patagoniambiental.com.ar\/info\/#\/schema\/logo\/image\/","url":"https:\/\/patagoniambiental.com.ar\/info\/wp-content\/uploads\/2025\/05\/LOGO-PATAGONIA-AMBIENTAL.png","contentUrl":"https:\/\/patagoniambiental.com.ar\/info\/wp-content\/uploads\/2025\/05\/LOGO-PATAGONIA-AMBIENTAL.png","width":433,"height":250,"caption":"Patagonia Ambiental"},"image":{"@id":"https:\/\/patagoniambiental.com.ar\/info\/#\/schema\/logo\/image\/"},"sameAs":["https:\/\/www.facebook.com\/patagonia.ambiental","https:\/\/x.com\/PatAmb"]},{"@type":"Person","@id":"https:\/\/patagoniambiental.com.ar\/info\/#\/schema\/person\/db12bff64bbcbf6a253710bf0ea37b5d","name":"Patagonia Ambiental","description":"Andr\u00e9s Nievas T\u00e9cnico en manejo ambiental, consultor Ambiental y escritor para medios locales e internacionales sobre temas de geopolitica y medio ambiente.","sameAs":["http:\/\/www.patagoniambiental.com.ar","https:\/\/www.facebook.com\/share\/1C1V8Gv9BX\/?mibextid=qi2Omg","@patagoniambiental","https:\/\/youtube.com\/@patagoniaambiental2023?si=BLt58t0wuXquxlYZ"]}]}},"_links":{"self":[{"href":"https:\/\/patagoniambiental.com.ar\/info\/wp-json\/wp\/v2\/posts\/61568","targetHints":{"allow":["GET"]}}],"collection":[{"href":"https:\/\/patagoniambiental.com.ar\/info\/wp-json\/wp\/v2\/posts"}],"about":[{"href":"https:\/\/patagoniambiental.com.ar\/info\/wp-json\/wp\/v2\/types\/post"}],"author":[{"embeddable":true,"href":"https:\/\/patagoniambiental.com.ar\/info\/wp-json\/wp\/v2\/users\/2"}],"replies":[{"embeddable":true,"href":"https:\/\/patagoniambiental.com.ar\/info\/wp-json\/wp\/v2\/comments?post=61568"}],"version-history":[{"count":0,"href":"https:\/\/patagoniambiental.com.ar\/info\/wp-json\/wp\/v2\/posts\/61568\/revisions"}],"wp:featuredmedia":[{"embeddable":true,"href":"https:\/\/patagoniambiental.com.ar\/info\/wp-json\/wp\/v2\/media\/61569"}],"wp:attachment":[{"href":"https:\/\/patagoniambiental.com.ar\/info\/wp-json\/wp\/v2\/media?parent=61568"}],"wp:term":[{"taxonomy":"category","embeddable":true,"href":"https:\/\/patagoniambiental.com.ar\/info\/wp-json\/wp\/v2\/categories?post=61568"},{"taxonomy":"post_tag","embeddable":true,"href":"https:\/\/patagoniambiental.com.ar\/info\/wp-json\/wp\/v2\/tags?post=61568"}],"curies":[{"name":"wp","href":"https:\/\/api.w.org\/{rel}","templated":true}]}}