{"id":61574,"date":"2019-05-29T19:00:30","date_gmt":"2019-05-29T22:00:30","guid":{"rendered":"http:\/\/patagoniambiental.com.ar\/info\/?p=61574"},"modified":"2019-05-29T09:58:56","modified_gmt":"2019-05-29T12:58:56","slug":"seleccionan-proyecto-ambiental-universidades-socialmente-comprometidas","status":"publish","type":"post","link":"https:\/\/patagoniambiental.com.ar\/info\/seleccionan-proyecto-ambiental-universidades-socialmente-comprometidas\/","title":{"rendered":"La Pampa: Seleccionan proyecto ambiental  \u00abUNIVERSIDADES SOCIALMENTE COMPROMETIDAS\u00bb"},"content":{"rendered":"<div class=\"td_block_wrap tdb_title td_uid_10_5cee744e8f1b8_rand tdb-single-title td-pb-border-top td_block_template_9\" data-td-block-uid=\"td_uid_10_5cee744e8f1b8\">\n<div class=\"tdb-block-inner td-fix-index\">La Pampa.-El proyecto \u00abUNLPambiental\u00bb que elaboraron tres docentes de la Universidad Nacional de La Pampa ha sido seleccionado en el marco de la Convocatoria \u00abUniversidades socialmente comprometidas\u00bb de la Secretar\u00eda de Pol\u00edticas Universitarias, que financiar\u00e1 su puesta en marcha.<\/div>\n<\/div>\n<p><!--more--><\/p>\n<div class=\"td_block_wrap tdb_single_content td_uid_16_5cee744e918f4_rand td-pb-border-top td_block_template_9 td-post-content\" data-td-block-uid=\"td_uid_16_5cee744e918f4\">\n<div class=\"tdb-block-inner td-fix-index\">\n<p>La propuesta tiene por objeto fomentar la implementaci\u00f3n de programas de Separaci\u00f3n de Residuos en la Universidad Nacional de La Pampa, para reducir, reutilizar y reciclar los residuos s\u00f3lidos universitarios (RSU) y promover y asesorar para realizar la separaci\u00f3n de residuos en origen dentro del campus Universitario y luego en el resto de las dependencias de la Universidad, entre otros.<br \/>\nDentro de las actividades que el proyecto plantea, se realizar\u00e1 un diagn\u00f3stico de la actual gesti\u00f3n de los residuos s\u00f3lidos urbanos en la UNLPam, se dise\u00f1ar\u00e1 un plan estrat\u00e9gico de ubicaci\u00f3n de cestos colectores de basura y una agenda de recolecci\u00f3n y disposici\u00f3n final. Se vincular\u00e1 tambi\u00e9n con el municipio de Anguil que implementa una correcta disposici\u00f3n final de los residuos.<br \/>\nLa ejecuci\u00f3n de este proyecto se aprueba en la UNLPam mediante Resoluci\u00f3n R N\u00ba 202\/19 y tiene un financiamiento de 200.000 pesos. La propuesta fue elaborada por Mariana Ruiz Esp\u00edndola, Mar\u00eda Rocha y Marianela Savio.<\/p>\n<p>Descripci\u00f3n de la Propuesta.<br \/>\nLa generaci\u00f3n de residuos es una problem\u00e1tica grave en todo el mundo, muchas veces asociada a la falta de informaci\u00f3n y al desconocimiento de sus posibles aprovechamientos, se\u00f1alaron los autores en la presentaci\u00f3n de su trabajo. En el marco de cumplimiento de los Objetivos de Desarrollo Sostenible (ODS) y Metas propuestas en la Cumbre Mundial sobre el Desarrollo Sostenible por los Estados Nacionales miembros de la ONU, que deber\u00e1n ser cumplidos de aqu\u00ed al 2030, el Estado Argentino asumi\u00f3 su compromiso e inici\u00f3 la adaptaci\u00f3n a la realidad nacional. Los temas implicados apuntan entre otros a avanzar hacia una relaci\u00f3n m\u00e1s sustentable con el medio ambiente.<br \/>\nEn la actualidad, los Ministerios de Ambiente y de Educaci\u00f3n se encuentran trabajando en la firma de un convenio para el apoyo de la Red Universidades Argentinas para la Gesti\u00f3n Ambiental y la Inclusi\u00f3n Social (Uagais).<br \/>\nEn la Universidad Nacional de La Pampa (UNLPam) no se efect\u00faa un sistema de gesti\u00f3n integral de los residuos generados por las actividades acad\u00e9micas y administrativas, adem\u00e1s que el Plan Estrat\u00e9gico 2016-2020, solo contempla la gesti\u00f3n de residuos peligrosos (generados en las unidades acad\u00e9micas, donde se trabaja con sustancias qu\u00edmicas. Diariamente en la UNLPam se generan Residuos S\u00f3lidos Universitarios (RSU), pero se desconoce a cu\u00e1nto asciende esta generaci\u00f3n y pese a que se han instalado contenedores para clasificar los residuos, no se ha dise\u00f1ado una campa\u00f1a educativa adecuada que involucre a todos los actores de la comunidad universitaria.<\/p>\n<p>Meta.<br \/>\nA fin de adaptarse a la realidad Nacional, alcanzar los ODS y para lograr la sustentabilidad de la UNLPam, la intenci\u00f3n es \u00abdesarrollar una correcta gesti\u00f3n de los RSU del Campus de Ense\u00f1anza de la UNLPam\u00bb, explicaron Savio, Esp\u00edndola y Rocha. El trabajo permitir\u00e1 promover entre los integrantes de la comunidad el aprovechamiento de los RSU y la adopci\u00f3n complementaria de buenas pr\u00e1cticas de tratamiento y una adecuada disposici\u00f3n final, transform\u00e1ndose en agentes de concientizaci\u00f3n y difusi\u00f3n entre otros actores de la sociedad.<br \/>\nLa iniciativa est\u00e1 \u00edntimamente ligada al prop\u00f3sito que subyace a la Facultad de Ciencias Exactas y Naturales, la cual brinda a sus estudiantes, saberes, principios y valores relacionados con el cuidado y protecci\u00f3n del medio ambiente, aportando con la soluci\u00f3n de los problemas ambientales y mejorando la cultura ambiental de la comunidad universitaria.<br \/>\n\u00abEsta es una problem\u00e1tica que nos ata\u00f1e a todos y consideramos que la mejor ense\u00f1anza es comenzar a dar el ejemplo desde el lugar donde se forman profesionales\u00bb, remarcaron las autoras.<\/p>\n<div class=\"td-a-ad id_bottom_ad\"><\/div>\n<\/div>\n<\/div>\n<div class=\"td_block_wrap tdb_single_tags td_uid_19_5cee744e9387b_rand td-pb-border-top td_block_template_9\" data-td-block-uid=\"td_uid_19_5cee744e9387b\">\n<div class=\"tdb-block-inner td-fix-index\"><\/div>\n<\/div>\n<div class=\"td_block_wrap tdb_single_post_share td_uid_21_5cee744e94692_rand td-pb-border-top td_block_template_9\" data-td-block-uid=\"td_uid_21_5cee744e94692\">\n<div id=\"td_uid_21_5cee744e94692\" class=\"td-post-sharing td-ps-bg td-ps-notext td-post-sharing-style1 \">\n<div class=\"td-post-sharing-visible\">\n<div class=\"td-social-but-icon\">Fuente:<\/div>\n<div class=\"td-social-but-icon\">http:\/\/www.laarena.com.ar\/la_pampa-seleccionan-proyecto-ambiental-2056640-163.html<\/div>\n<div class=\"td-social-but-icon\"><\/div>\n<div class=\"td-social-but-icon\"><\/div>\n<div class=\"td-social-but-icon\"><\/div>\n<\/div>\n<\/div>\n<\/div>\n<div class=\"wpb_wrapper td_block_separator td_block_wrap vc_separator td_uid_22_5cee744e9542c_rand td_separator_solid td_separator_center\"><\/div>\n","protected":false},"excerpt":{"rendered":"<p>La Pampa.-El proyecto \u00abUNLPambiental\u00bb que elaboraron tres docentes de la Universidad Nacional de La Pampa ha sido seleccionado en el [&hellip;]<\/p>\n","protected":false},"author":2,"featured_media":61575,"comment_status":"open","ping_status":"open","sticky":false,"template":"","format":"standard","meta":{"site-sidebar-layout":"default","site-content-layout":"","ast-site-content-layout":"default","site-content-style":"default","site-sidebar-style":"default","ast-global-header-display":"","ast-banner-title-visibility":"","ast-main-header-display":"","ast-hfb-above-header-display":"","ast-hfb-below-header-display":"","ast-hfb-mobile-header-display":"","site-post-title":"","ast-breadcrumbs-content":"","ast-featured-img":"","footer-sml-layout":"","ast-disable-related-posts":"","theme-transparent-header-meta":"","adv-header-id-meta":"","stick-header-meta":"","header-above-stick-meta":"","header-main-stick-meta":"","header-below-stick-meta":"","astra-migrate-meta-layouts":"default","ast-page-background-enabled":"default","ast-page-background-meta":{"desktop":{"background-color":"var(--ast-global-color-5)","background-image":"","background-repeat":"repeat","background-position":"center center","background-size":"auto","background-attachment":"scroll","background-type":"","background-media":"","overlay-type":"","overlay-color":"","overlay-opacity":"","overlay-gradient":""},"tablet":{"background-color":"","background-image":"","background-repeat":"repeat","background-position":"center center","background-size":"auto","background-attachment":"scroll","background-type":"","background-media":"","overlay-type":"","overlay-color":"","overlay-opacity":"","overlay-gradient":""},"mobile":{"background-color":"","background-image":"","background-repeat":"repeat","background-position":"center center","background-size":"auto","background-attachment":"scroll","background-type":"","background-media":"","overlay-type":"","overlay-color":"","overlay-opacity":"","overlay-gradient":""}},"ast-content-background-meta":{"desktop":{"background-color":"var(--ast-global-color-4)","background-image":"","background-repeat":"repeat","background-position":"center center","background-size":"auto","background-attachment":"scroll","background-type":"","background-media":"","overlay-type":"","overlay-color":"","overlay-opacity":"","overlay-gradient":""},"tablet":{"background-color":"var(--ast-global-color-4)","background-image":"","background-repeat":"repeat","background-position":"center center","background-size":"auto","background-attachment":"scroll","background-type":"","background-media":"","overlay-type":"","overlay-color":"","overlay-opacity":"","overlay-gradient":""},"mobile":{"background-color":"var(--ast-global-color-4)","background-image":"","background-repeat":"repeat","background-position":"center center","background-size":"auto","background-attachment":"scroll","background-type":"","background-media":"","overlay-type":"","overlay-color":"","overlay-opacity":"","overlay-gradient":""}},"footnotes":""},"categories":[3357,59,1],"tags":[],"class_list":["post-61574","post","type-post","status-publish","format-standard","has-post-thumbnail","hentry","category-girsu","category-la-pampa","category-noticias"],"yoast_head":"<!-- This site is optimized with the Yoast SEO Premium plugin v23.0 (Yoast SEO v27.5) - https:\/\/yoast.com\/product\/yoast-seo-premium-wordpress\/ -->\n<title>La Pampa: Seleccionan proyecto ambiental &quot;UNIVERSIDADES SOCIALMENTE COMPROMETIDAS&quot;<\/title>\n<meta name=\"robots\" content=\"index, follow, max-snippet:-1, max-image-preview:large, max-video-preview:-1\" \/>\n<link rel=\"canonical\" href=\"https:\/\/patagoniambiental.com.ar\/info\/seleccionan-proyecto-ambiental-universidades-socialmente-comprometidas\/\" \/>\n<meta property=\"og:locale\" content=\"es_ES\" \/>\n<meta property=\"og:type\" content=\"article\" \/>\n<meta property=\"og:title\" content=\"La Pampa: Seleccionan proyecto ambiental &quot;UNIVERSIDADES SOCIALMENTE COMPROMETIDAS&quot;\" \/>\n<meta property=\"og:description\" content=\"La Pampa.-El proyecto \u00abUNLPambiental\u00bb que elaboraron tres docentes de la Universidad Nacional de La Pampa ha sido seleccionado en el [&hellip;]\" \/>\n<meta property=\"og:url\" content=\"https:\/\/patagoniambiental.com.ar\/info\/seleccionan-proyecto-ambiental-universidades-socialmente-comprometidas\/\" \/>\n<meta property=\"og:site_name\" content=\"Patagonia Ambiental\" \/>\n<meta property=\"article:publisher\" content=\"https:\/\/www.facebook.com\/patagonia.ambiental\" \/>\n<meta property=\"article:author\" content=\"https:\/\/www.facebook.com\/share\/1C1V8Gv9BX\/?mibextid=qi2Omg\" \/>\n<meta property=\"article:published_time\" content=\"2019-05-29T22:00:30+00:00\" \/>\n<meta property=\"og:image\" content=\"https:\/\/patagoniambiental.com.ar\/info\/wp-content\/uploads\/2019\/05\/unlpam-frente.jpg\" \/>\n\t<meta property=\"og:image:width\" content=\"750\" \/>\n\t<meta property=\"og:image:height\" content=\"476\" \/>\n\t<meta property=\"og:image:type\" content=\"image\/jpeg\" \/>\n<meta name=\"author\" content=\"Patagonia Ambiental\" \/>\n<meta name=\"twitter:card\" content=\"summary_large_image\" \/>\n<meta name=\"twitter:creator\" content=\"@PatAmb\" \/>\n<meta name=\"twitter:site\" content=\"@PatAmb\" \/>\n<script type=\"application\/ld+json\" class=\"yoast-schema-graph\">{\"@context\":\"https:\\\/\\\/schema.org\",\"@graph\":[{\"@type\":\"Article\",\"@id\":\"https:\\\/\\\/patagoniambiental.com.ar\\\/info\\\/seleccionan-proyecto-ambiental-universidades-socialmente-comprometidas\\\/#article\",\"isPartOf\":{\"@id\":\"https:\\\/\\\/patagoniambiental.com.ar\\\/info\\\/seleccionan-proyecto-ambiental-universidades-socialmente-comprometidas\\\/\"},\"author\":{\"name\":\"Patagonia Ambiental\",\"@id\":\"https:\\\/\\\/patagoniambiental.com.ar\\\/info\\\/#\\\/schema\\\/person\\\/db12bff64bbcbf6a253710bf0ea37b5d\"},\"headline\":\"La Pampa: Seleccionan proyecto ambiental \u00abUNIVERSIDADES SOCIALMENTE COMPROMETIDAS\u00bb\",\"datePublished\":\"2019-05-29T22:00:30+00:00\",\"mainEntityOfPage\":{\"@id\":\"https:\\\/\\\/patagoniambiental.com.ar\\\/info\\\/seleccionan-proyecto-ambiental-universidades-socialmente-comprometidas\\\/\"},\"wordCount\":685,\"commentCount\":0,\"publisher\":{\"@id\":\"https:\\\/\\\/patagoniambiental.com.ar\\\/info\\\/#organization\"},\"image\":{\"@id\":\"https:\\\/\\\/patagoniambiental.com.ar\\\/info\\\/seleccionan-proyecto-ambiental-universidades-socialmente-comprometidas\\\/#primaryimage\"},\"thumbnailUrl\":\"https:\\\/\\\/patagoniambiental.com.ar\\\/info\\\/wp-content\\\/uploads\\\/2019\\\/05\\\/unlpam-frente.jpg\",\"articleSection\":[\"GIRSU\",\"La Pampa\",\"Noticias\"],\"inLanguage\":\"es\",\"potentialAction\":[{\"@type\":\"CommentAction\",\"name\":\"Comment\",\"target\":[\"https:\\\/\\\/patagoniambiental.com.ar\\\/info\\\/seleccionan-proyecto-ambiental-universidades-socialmente-comprometidas\\\/#respond\"]}]},{\"@type\":\"WebPage\",\"@id\":\"https:\\\/\\\/patagoniambiental.com.ar\\\/info\\\/seleccionan-proyecto-ambiental-universidades-socialmente-comprometidas\\\/\",\"url\":\"https:\\\/\\\/patagoniambiental.com.ar\\\/info\\\/seleccionan-proyecto-ambiental-universidades-socialmente-comprometidas\\\/\",\"name\":\"La Pampa: Seleccionan proyecto ambiental \\\"UNIVERSIDADES SOCIALMENTE COMPROMETIDAS\\\"\",\"isPartOf\":{\"@id\":\"https:\\\/\\\/patagoniambiental.com.ar\\\/info\\\/#website\"},\"primaryImageOfPage\":{\"@id\":\"https:\\\/\\\/patagoniambiental.com.ar\\\/info\\\/seleccionan-proyecto-ambiental-universidades-socialmente-comprometidas\\\/#primaryimage\"},\"image\":{\"@id\":\"https:\\\/\\\/patagoniambiental.com.ar\\\/info\\\/seleccionan-proyecto-ambiental-universidades-socialmente-comprometidas\\\/#primaryimage\"},\"thumbnailUrl\":\"https:\\\/\\\/patagoniambiental.com.ar\\\/info\\\/wp-content\\\/uploads\\\/2019\\\/05\\\/unlpam-frente.jpg\",\"datePublished\":\"2019-05-29T22:00:30+00:00\",\"breadcrumb\":{\"@id\":\"https:\\\/\\\/patagoniambiental.com.ar\\\/info\\\/seleccionan-proyecto-ambiental-universidades-socialmente-comprometidas\\\/#breadcrumb\"},\"inLanguage\":\"es\",\"potentialAction\":[{\"@type\":\"ReadAction\",\"target\":[\"https:\\\/\\\/patagoniambiental.com.ar\\\/info\\\/seleccionan-proyecto-ambiental-universidades-socialmente-comprometidas\\\/\"]}]},{\"@type\":\"ImageObject\",\"inLanguage\":\"es\",\"@id\":\"https:\\\/\\\/patagoniambiental.com.ar\\\/info\\\/seleccionan-proyecto-ambiental-universidades-socialmente-comprometidas\\\/#primaryimage\",\"url\":\"https:\\\/\\\/patagoniambiental.com.ar\\\/info\\\/wp-content\\\/uploads\\\/2019\\\/05\\\/unlpam-frente.jpg\",\"contentUrl\":\"https:\\\/\\\/patagoniambiental.com.ar\\\/info\\\/wp-content\\\/uploads\\\/2019\\\/05\\\/unlpam-frente.jpg\",\"width\":750,\"height\":476,\"caption\":\"https:\\\/\\\/www.region.com.ar\\\/productos\\\/semanario\\\/archivo\\\/noticias-la-pampa\\\/unlpam-60-aniversario-1330.html\"},{\"@type\":\"BreadcrumbList\",\"@id\":\"https:\\\/\\\/patagoniambiental.com.ar\\\/info\\\/seleccionan-proyecto-ambiental-universidades-socialmente-comprometidas\\\/#breadcrumb\",\"itemListElement\":[{\"@type\":\"ListItem\",\"position\":1,\"name\":\"Inicio\",\"item\":\"https:\\\/\\\/patagoniambiental.com.ar\\\/info\\\/\"},{\"@type\":\"ListItem\",\"position\":2,\"name\":\"La Pampa: Seleccionan proyecto ambiental \u00abUNIVERSIDADES SOCIALMENTE COMPROMETIDAS\u00bb\"}]},{\"@type\":\"WebSite\",\"@id\":\"https:\\\/\\\/patagoniambiental.com.ar\\\/info\\\/#website\",\"url\":\"https:\\\/\\\/patagoniambiental.com.ar\\\/info\\\/\",\"name\":\"Patagonia Ambiental\",\"description\":\"Monitoreo y an\u00e1lisis de la situaci\u00f3n geopol\u00edtica en el mundo y su implicancia en la Patagonia\",\"publisher\":{\"@id\":\"https:\\\/\\\/patagoniambiental.com.ar\\\/info\\\/#organization\"},\"potentialAction\":[{\"@type\":\"SearchAction\",\"target\":{\"@type\":\"EntryPoint\",\"urlTemplate\":\"https:\\\/\\\/patagoniambiental.com.ar\\\/info\\\/?s={search_term_string}\"},\"query-input\":{\"@type\":\"PropertyValueSpecification\",\"valueRequired\":true,\"valueName\":\"search_term_string\"}}],\"inLanguage\":\"es\"},{\"@type\":\"Organization\",\"@id\":\"https:\\\/\\\/patagoniambiental.com.ar\\\/info\\\/#organization\",\"name\":\"Patagonia Ambiental\",\"url\":\"https:\\\/\\\/patagoniambiental.com.ar\\\/info\\\/\",\"logo\":{\"@type\":\"ImageObject\",\"inLanguage\":\"es\",\"@id\":\"https:\\\/\\\/patagoniambiental.com.ar\\\/info\\\/#\\\/schema\\\/logo\\\/image\\\/\",\"url\":\"https:\\\/\\\/patagoniambiental.com.ar\\\/info\\\/wp-content\\\/uploads\\\/2025\\\/05\\\/LOGO-PATAGONIA-AMBIENTAL.png\",\"contentUrl\":\"https:\\\/\\\/patagoniambiental.com.ar\\\/info\\\/wp-content\\\/uploads\\\/2025\\\/05\\\/LOGO-PATAGONIA-AMBIENTAL.png\",\"width\":433,\"height\":250,\"caption\":\"Patagonia Ambiental\"},\"image\":{\"@id\":\"https:\\\/\\\/patagoniambiental.com.ar\\\/info\\\/#\\\/schema\\\/logo\\\/image\\\/\"},\"sameAs\":[\"https:\\\/\\\/www.facebook.com\\\/patagonia.ambiental\",\"https:\\\/\\\/x.com\\\/PatAmb\"]},{\"@type\":\"Person\",\"@id\":\"https:\\\/\\\/patagoniambiental.com.ar\\\/info\\\/#\\\/schema\\\/person\\\/db12bff64bbcbf6a253710bf0ea37b5d\",\"name\":\"Patagonia Ambiental\",\"description\":\"Andr\u00e9s Nievas T\u00e9cnico en manejo ambiental, consultor Ambiental y escritor para medios locales e internacionales sobre temas de geopolitica y medio ambiente.\",\"sameAs\":[\"http:\\\/\\\/www.patagoniambiental.com.ar\",\"https:\\\/\\\/www.facebook.com\\\/share\\\/1C1V8Gv9BX\\\/?mibextid=qi2Omg\",\"@patagoniambiental\",\"https:\\\/\\\/youtube.com\\\/@patagoniaambiental2023?si=BLt58t0wuXquxlYZ\"]}]}<\/script>\n<!-- \/ Yoast SEO Premium plugin. -->","yoast_head_json":{"title":"La Pampa: Seleccionan proyecto ambiental \"UNIVERSIDADES SOCIALMENTE COMPROMETIDAS\"","robots":{"index":"index","follow":"follow","max-snippet":"max-snippet:-1","max-image-preview":"max-image-preview:large","max-video-preview":"max-video-preview:-1"},"canonical":"https:\/\/patagoniambiental.com.ar\/info\/seleccionan-proyecto-ambiental-universidades-socialmente-comprometidas\/","og_locale":"es_ES","og_type":"article","og_title":"La Pampa: Seleccionan proyecto ambiental \"UNIVERSIDADES SOCIALMENTE COMPROMETIDAS\"","og_description":"La Pampa.-El proyecto \u00abUNLPambiental\u00bb que elaboraron tres docentes de la Universidad Nacional de La Pampa ha sido seleccionado en el [&hellip;]","og_url":"https:\/\/patagoniambiental.com.ar\/info\/seleccionan-proyecto-ambiental-universidades-socialmente-comprometidas\/","og_site_name":"Patagonia Ambiental","article_publisher":"https:\/\/www.facebook.com\/patagonia.ambiental","article_author":"https:\/\/www.facebook.com\/share\/1C1V8Gv9BX\/?mibextid=qi2Omg","article_published_time":"2019-05-29T22:00:30+00:00","og_image":[{"width":750,"height":476,"url":"https:\/\/patagoniambiental.com.ar\/info\/wp-content\/uploads\/2019\/05\/unlpam-frente.jpg","type":"image\/jpeg"}],"author":"Patagonia Ambiental","twitter_card":"summary_large_image","twitter_creator":"@PatAmb","twitter_site":"@PatAmb","schema":{"@context":"https:\/\/schema.org","@graph":[{"@type":"Article","@id":"https:\/\/patagoniambiental.com.ar\/info\/seleccionan-proyecto-ambiental-universidades-socialmente-comprometidas\/#article","isPartOf":{"@id":"https:\/\/patagoniambiental.com.ar\/info\/seleccionan-proyecto-ambiental-universidades-socialmente-comprometidas\/"},"author":{"name":"Patagonia Ambiental","@id":"https:\/\/patagoniambiental.com.ar\/info\/#\/schema\/person\/db12bff64bbcbf6a253710bf0ea37b5d"},"headline":"La Pampa: Seleccionan proyecto ambiental \u00abUNIVERSIDADES SOCIALMENTE COMPROMETIDAS\u00bb","datePublished":"2019-05-29T22:00:30+00:00","mainEntityOfPage":{"@id":"https:\/\/patagoniambiental.com.ar\/info\/seleccionan-proyecto-ambiental-universidades-socialmente-comprometidas\/"},"wordCount":685,"commentCount":0,"publisher":{"@id":"https:\/\/patagoniambiental.com.ar\/info\/#organization"},"image":{"@id":"https:\/\/patagoniambiental.com.ar\/info\/seleccionan-proyecto-ambiental-universidades-socialmente-comprometidas\/#primaryimage"},"thumbnailUrl":"https:\/\/patagoniambiental.com.ar\/info\/wp-content\/uploads\/2019\/05\/unlpam-frente.jpg","articleSection":["GIRSU","La Pampa","Noticias"],"inLanguage":"es","potentialAction":[{"@type":"CommentAction","name":"Comment","target":["https:\/\/patagoniambiental.com.ar\/info\/seleccionan-proyecto-ambiental-universidades-socialmente-comprometidas\/#respond"]}]},{"@type":"WebPage","@id":"https:\/\/patagoniambiental.com.ar\/info\/seleccionan-proyecto-ambiental-universidades-socialmente-comprometidas\/","url":"https:\/\/patagoniambiental.com.ar\/info\/seleccionan-proyecto-ambiental-universidades-socialmente-comprometidas\/","name":"La Pampa: Seleccionan proyecto ambiental \"UNIVERSIDADES SOCIALMENTE COMPROMETIDAS\"","isPartOf":{"@id":"https:\/\/patagoniambiental.com.ar\/info\/#website"},"primaryImageOfPage":{"@id":"https:\/\/patagoniambiental.com.ar\/info\/seleccionan-proyecto-ambiental-universidades-socialmente-comprometidas\/#primaryimage"},"image":{"@id":"https:\/\/patagoniambiental.com.ar\/info\/seleccionan-proyecto-ambiental-universidades-socialmente-comprometidas\/#primaryimage"},"thumbnailUrl":"https:\/\/patagoniambiental.com.ar\/info\/wp-content\/uploads\/2019\/05\/unlpam-frente.jpg","datePublished":"2019-05-29T22:00:30+00:00","breadcrumb":{"@id":"https:\/\/patagoniambiental.com.ar\/info\/seleccionan-proyecto-ambiental-universidades-socialmente-comprometidas\/#breadcrumb"},"inLanguage":"es","potentialAction":[{"@type":"ReadAction","target":["https:\/\/patagoniambiental.com.ar\/info\/seleccionan-proyecto-ambiental-universidades-socialmente-comprometidas\/"]}]},{"@type":"ImageObject","inLanguage":"es","@id":"https:\/\/patagoniambiental.com.ar\/info\/seleccionan-proyecto-ambiental-universidades-socialmente-comprometidas\/#primaryimage","url":"https:\/\/patagoniambiental.com.ar\/info\/wp-content\/uploads\/2019\/05\/unlpam-frente.jpg","contentUrl":"https:\/\/patagoniambiental.com.ar\/info\/wp-content\/uploads\/2019\/05\/unlpam-frente.jpg","width":750,"height":476,"caption":"https:\/\/www.region.com.ar\/productos\/semanario\/archivo\/noticias-la-pampa\/unlpam-60-aniversario-1330.html"},{"@type":"BreadcrumbList","@id":"https:\/\/patagoniambiental.com.ar\/info\/seleccionan-proyecto-ambiental-universidades-socialmente-comprometidas\/#breadcrumb","itemListElement":[{"@type":"ListItem","position":1,"name":"Inicio","item":"https:\/\/patagoniambiental.com.ar\/info\/"},{"@type":"ListItem","position":2,"name":"La Pampa: Seleccionan proyecto ambiental \u00abUNIVERSIDADES SOCIALMENTE COMPROMETIDAS\u00bb"}]},{"@type":"WebSite","@id":"https:\/\/patagoniambiental.com.ar\/info\/#website","url":"https:\/\/patagoniambiental.com.ar\/info\/","name":"Patagonia Ambiental","description":"Monitoreo y an\u00e1lisis de la situaci\u00f3n geopol\u00edtica en el mundo y su implicancia en la Patagonia","publisher":{"@id":"https:\/\/patagoniambiental.com.ar\/info\/#organization"},"potentialAction":[{"@type":"SearchAction","target":{"@type":"EntryPoint","urlTemplate":"https:\/\/patagoniambiental.com.ar\/info\/?s={search_term_string}"},"query-input":{"@type":"PropertyValueSpecification","valueRequired":true,"valueName":"search_term_string"}}],"inLanguage":"es"},{"@type":"Organization","@id":"https:\/\/patagoniambiental.com.ar\/info\/#organization","name":"Patagonia Ambiental","url":"https:\/\/patagoniambiental.com.ar\/info\/","logo":{"@type":"ImageObject","inLanguage":"es","@id":"https:\/\/patagoniambiental.com.ar\/info\/#\/schema\/logo\/image\/","url":"https:\/\/patagoniambiental.com.ar\/info\/wp-content\/uploads\/2025\/05\/LOGO-PATAGONIA-AMBIENTAL.png","contentUrl":"https:\/\/patagoniambiental.com.ar\/info\/wp-content\/uploads\/2025\/05\/LOGO-PATAGONIA-AMBIENTAL.png","width":433,"height":250,"caption":"Patagonia Ambiental"},"image":{"@id":"https:\/\/patagoniambiental.com.ar\/info\/#\/schema\/logo\/image\/"},"sameAs":["https:\/\/www.facebook.com\/patagonia.ambiental","https:\/\/x.com\/PatAmb"]},{"@type":"Person","@id":"https:\/\/patagoniambiental.com.ar\/info\/#\/schema\/person\/db12bff64bbcbf6a253710bf0ea37b5d","name":"Patagonia Ambiental","description":"Andr\u00e9s Nievas T\u00e9cnico en manejo ambiental, consultor Ambiental y escritor para medios locales e internacionales sobre temas de geopolitica y medio ambiente.","sameAs":["http:\/\/www.patagoniambiental.com.ar","https:\/\/www.facebook.com\/share\/1C1V8Gv9BX\/?mibextid=qi2Omg","@patagoniambiental","https:\/\/youtube.com\/@patagoniaambiental2023?si=BLt58t0wuXquxlYZ"]}]}},"_links":{"self":[{"href":"https:\/\/patagoniambiental.com.ar\/info\/wp-json\/wp\/v2\/posts\/61574","targetHints":{"allow":["GET"]}}],"collection":[{"href":"https:\/\/patagoniambiental.com.ar\/info\/wp-json\/wp\/v2\/posts"}],"about":[{"href":"https:\/\/patagoniambiental.com.ar\/info\/wp-json\/wp\/v2\/types\/post"}],"author":[{"embeddable":true,"href":"https:\/\/patagoniambiental.com.ar\/info\/wp-json\/wp\/v2\/users\/2"}],"replies":[{"embeddable":true,"href":"https:\/\/patagoniambiental.com.ar\/info\/wp-json\/wp\/v2\/comments?post=61574"}],"version-history":[{"count":0,"href":"https:\/\/patagoniambiental.com.ar\/info\/wp-json\/wp\/v2\/posts\/61574\/revisions"}],"wp:featuredmedia":[{"embeddable":true,"href":"https:\/\/patagoniambiental.com.ar\/info\/wp-json\/wp\/v2\/media\/61575"}],"wp:attachment":[{"href":"https:\/\/patagoniambiental.com.ar\/info\/wp-json\/wp\/v2\/media?parent=61574"}],"wp:term":[{"taxonomy":"category","embeddable":true,"href":"https:\/\/patagoniambiental.com.ar\/info\/wp-json\/wp\/v2\/categories?post=61574"},{"taxonomy":"post_tag","embeddable":true,"href":"https:\/\/patagoniambiental.com.ar\/info\/wp-json\/wp\/v2\/tags?post=61574"}],"curies":[{"name":"wp","href":"https:\/\/api.w.org\/{rel}","templated":true}]}}