{"id":61601,"date":"2019-05-31T07:00:47","date_gmt":"2019-05-31T10:00:47","guid":{"rendered":"http:\/\/patagoniambiental.com.ar\/info\/?p=61601"},"modified":"2019-05-30T15:28:20","modified_gmt":"2019-05-30T18:28:20","slug":"tercer-puente-la-fiscalia-de-ambiente-desestimo-una-denuncia-por-cantera-ilegal-en-la-barda","status":"publish","type":"post","link":"https:\/\/patagoniambiental.com.ar\/info\/tercer-puente-la-fiscalia-de-ambiente-desestimo-una-denuncia-por-cantera-ilegal-en-la-barda\/","title":{"rendered":"Tercer puente: la Fiscal\u00eda de Ambiente desestim\u00f3 una denuncia por cantera ilegal en la barda"},"content":{"rendered":"<article id=\"article-post\" class=\"cat-rojo\">\n<header>\n<div class=\"row\">\n<div class=\"col-xs-12\">\n<p class=\"title\">Neuquen.-El fiscal Breide Obeid explic\u00f3 que no encontr\u00f3 elementos para encuadrar esta actividad dentro de alg\u00fan tipo de delitos. Las tierras eran utilizadas para las obras de los rulos del tercer puente.<\/p>\n<p><!--more--><\/p>\n<\/div>\n<\/div>\n<\/header>\n<div class=\"head-image thumb-wrap relative\">\n<div id=\"content-gallery\">\n<div id=\"fotogaleria-Object_3184_1797\" class=\"gallery\">\n<div class=\"col2\">\n<div class=\"image itemGallery classid561484\">\n<p><a title=\"\" href=\"https:\/\/media.lmneuquen.com\/adjuntos\/195\/imagenes\/003\/604\/0003604621.jpg\"><img fetchpriority=\"high\" decoding=\"async\" class=\"alignleft\" title=\"Tercer puente: la Fiscal\u00eda de Ambiente desestim\u00f3 una denuncia por cantera ilegal en la barda\" src=\"https:\/\/media.lmneuquen.com\/adjuntos\/195\/imagenes\/003\/604\/0003604621.jpg\" alt=\"Tercer puente: la Fiscal\u00eda de Ambiente desestim\u00f3 una denuncia por cantera ilegal en la barda\" width=\"507\" height=\"285\" \/><\/a><\/p>\n<div class=\"gallery-header\"><\/div>\n<\/div>\n<\/div>\n<div class=\"clearfix\">El fiscal Breide Obeid explic\u00f3 que no encontr\u00f3 elementos para encuadrar esta actividad dentro de alg\u00fan tipo de delitos.<\/div>\n<\/div>\n<\/div>\n<\/div>\n<\/article>\n<p>&nbsp;<\/p>\n<article id=\"article-post\" class=\"cat-rojo\">\n<div class=\"cuerpo\">\n<p>La Unidad Fiscal de Delitos Ambientales y Leyes Especiales del Ministerio P\u00fablico Fiscal desestim\u00f3 una denuncia sobre una cantera clandestina en la obra de los rulos que completar\u00eda el\u00a0<strong><a class=\"agrupador\" href=\"http:\/\/www.lmneuquen.com\/tercer-puente-a2599\" rel=\"2599\">tercer puente<\/a><\/strong>\u00a0que une\u00a0<strong>Cipolletti con Neuqu\u00e9n, presentada por el Colegio de Profesionales del Ambiente.<\/strong><\/p>\n<\/div>\n<\/article>\n<section class=\"news-lay-3 bottom-margin lista-notas-relacionadas relacionadas-nota inbody\">\n<header><\/header>\n<div class=\"row\">\n<article class=\"item clearfix col-xs-12 col-sm-6 cat- rel-has-media\">\n<div class=\"row\">\n<div class=\"col-xs-6 col-sm-6\">\n<h3 class=\"title noMargin\"><\/h3>\n<\/div>\n<div class=\"col-xs-6 col-sm-6\">\n<div class=\"media thumb-wrap relative wrapper-relacionadas\"><strong>El fiscal\u00a0<\/strong>Maximiliano\u00a0<strong>Breide Obeid<\/strong>\u00a0explic\u00f3 en su resoluci\u00f3n que a la fecha no se encontraron fecha elementos objetivos de prueba que permitan encuadrar el mismo dentro de los delitos contemplados en el C\u00f3digo Penal y en las Leyes Especiales, y especialmente en aquellos que enmarcan la competencia de su unidad.<\/div>\n<\/div>\n<\/div>\n<\/article>\n<\/div>\n<\/section>\n<article id=\"article-post\" class=\"cat-rojo\">\n<div class=\"cuerpo\">\n<p>\u201cEn efecto, la actuaci\u00f3n de esta Unidad especializada se encuentra delimitada por los Art. 200 a 207 del C\u00f3digo Penal, que regulan los delitos que protegen la salud p\u00fablica y que se encuentran vinculados con la protecci\u00f3n del ambiente, y los delitos contemplados en la Ley 24.051 de Residuos Peligrosos. Concretamente refiriendo a la normativa contenida en la Ley 24.051, corresponde se\u00f1alar que los tipos penales all\u00ed establecidos, si bien contemplan como bien jur\u00eddico protegido al ambiente, requieren de un medio comisivo espec\u00edfico, tal es el uso de residuos peligrosos \u2013 tambi\u00e9n denominados especiales en la legislaci\u00f3n provincial-, elemento que no se encuentra presente en el hecho denunciado\u201d, se estableci\u00f3 en el fallo.<\/p>\n<p>En su denuncia, Mart\u00edn Islas, miembro del Colegio de Profesionales del Ambiente, revel\u00f3 que \u201cbajaron toda la barda e hicieron una cantera clandestina en ese lugar\u201d. En ese sentido, detall\u00f3 que lo hicieron porque el material es bueno y ya lo ten\u00edan segregado para llev\u00e1rselo.<\/p>\n<p>\u00abEst\u00e1 dentro del ejido municipal\u00bb, indic\u00f3 y en referencia a las obras que completan el tercer puente a\u00f1adi\u00f3: \u00abSi lo seguimos permitiendo va a construir otra ruta con material gratis de la barda neuquina\u00bb.<\/p>\n<p>Tras el fallo, Islas explic\u00f3 a LM Neuqu\u00e9n que van refutar la desestimaci\u00f3n de la Fiscal\u00eda y esperan una resoluci\u00f3n de la Secretar\u00eda de Ambiente.<\/p>\n<div id=\"embed73_wrap\" class=\"embed_cont type_freetext\">\n<div id=\"embed73_content\" class=\"embed_content\">\n<div id=\"embed73_embed\"><iframe src=\"https:\/\/www.youtube.com\/embed\/kCoVWmS1gnM\" width=\"100%\" height=\"315\" frameborder=\"0\" allowfullscreen=\"allowfullscreen\" data-mce-fragment=\"1\"><\/iframe><\/div>\n<\/div>\n<\/div>\n<h3>Fuente:\u00a0https:\/\/www.lmneuquen.com\/tercer-puente-la-fiscalia-ambiente-desestimo-una-denuncia-cantera-ilegal-la-barda-n635376<\/h3>\n<p>&nbsp;<\/p>\n<\/div>\n<\/article>\n","protected":false},"excerpt":{"rendered":"<p>Neuquen.-El fiscal Breide Obeid explic\u00f3 que no encontr\u00f3 elementos para encuadrar esta actividad dentro de alg\u00fan tipo de delitos. Las [&hellip;]<\/p>\n","protected":false},"author":2,"featured_media":61602,"comment_status":"open","ping_status":"open","sticky":false,"template":"","format":"standard","meta":{"site-sidebar-layout":"default","site-content-layout":"","ast-site-content-layout":"default","site-content-style":"default","site-sidebar-style":"default","ast-global-header-display":"","ast-banner-title-visibility":"","ast-main-header-display":"","ast-hfb-above-header-display":"","ast-hfb-below-header-display":"","ast-hfb-mobile-header-display":"","site-post-title":"","ast-breadcrumbs-content":"","ast-featured-img":"","footer-sml-layout":"","ast-disable-related-posts":"","theme-transparent-header-meta":"","adv-header-id-meta":"","stick-header-meta":"","header-above-stick-meta":"","header-main-stick-meta":"","header-below-stick-meta":"","astra-migrate-meta-layouts":"default","ast-page-background-enabled":"default","ast-page-background-meta":{"desktop":{"background-color":"var(--ast-global-color-5)","background-image":"","background-repeat":"repeat","background-position":"center center","background-size":"auto","background-attachment":"scroll","background-type":"","background-media":"","overlay-type":"","overlay-color":"","overlay-opacity":"","overlay-gradient":""},"tablet":{"background-color":"","background-image":"","background-repeat":"repeat","background-position":"center center","background-size":"auto","background-attachment":"scroll","background-type":"","background-media":"","overlay-type":"","overlay-color":"","overlay-opacity":"","overlay-gradient":""},"mobile":{"background-color":"","background-image":"","background-repeat":"repeat","background-position":"center center","background-size":"auto","background-attachment":"scroll","background-type":"","background-media":"","overlay-type":"","overlay-color":"","overlay-opacity":"","overlay-gradient":""}},"ast-content-background-meta":{"desktop":{"background-color":"var(--ast-global-color-4)","background-image":"","background-repeat":"repeat","background-position":"center center","background-size":"auto","background-attachment":"scroll","background-type":"","background-media":"","overlay-type":"","overlay-color":"","overlay-opacity":"","overlay-gradient":""},"tablet":{"background-color":"var(--ast-global-color-4)","background-image":"","background-repeat":"repeat","background-position":"center center","background-size":"auto","background-attachment":"scroll","background-type":"","background-media":"","overlay-type":"","overlay-color":"","overlay-opacity":"","overlay-gradient":""},"mobile":{"background-color":"var(--ast-global-color-4)","background-image":"","background-repeat":"repeat","background-position":"center center","background-size":"auto","background-attachment":"scroll","background-type":"","background-media":"","overlay-type":"","overlay-color":"","overlay-opacity":"","overlay-gradient":""}},"footnotes":""},"categories":[18,1,13],"tags":[],"class_list":["post-61601","post","type-post","status-publish","format-standard","has-post-thumbnail","hentry","category-neuquen","category-noticias","category-provinciales"],"yoast_head":"<!-- This site is optimized with the Yoast SEO Premium plugin v23.0 (Yoast SEO v27.5) - https:\/\/yoast.com\/product\/yoast-seo-premium-wordpress\/ -->\n<title>Tercer puente: la Fiscal\u00eda de Ambiente desestim\u00f3 una denuncia por cantera ilegal en la barda<\/title>\n<meta name=\"robots\" content=\"index, follow, max-snippet:-1, max-image-preview:large, max-video-preview:-1\" \/>\n<link rel=\"canonical\" href=\"https:\/\/patagoniambiental.com.ar\/info\/tercer-puente-la-fiscalia-de-ambiente-desestimo-una-denuncia-por-cantera-ilegal-en-la-barda\/\" \/>\n<meta property=\"og:locale\" content=\"es_ES\" \/>\n<meta property=\"og:type\" content=\"article\" \/>\n<meta property=\"og:title\" content=\"Tercer puente: la Fiscal\u00eda de Ambiente desestim\u00f3 una denuncia por cantera ilegal en la barda\" \/>\n<meta property=\"og:description\" content=\"Neuquen.-El fiscal Breide Obeid explic\u00f3 que no encontr\u00f3 elementos para encuadrar esta actividad dentro de alg\u00fan tipo de delitos. Las [&hellip;]\" \/>\n<meta property=\"og:url\" content=\"https:\/\/patagoniambiental.com.ar\/info\/tercer-puente-la-fiscalia-de-ambiente-desestimo-una-denuncia-por-cantera-ilegal-en-la-barda\/\" \/>\n<meta property=\"og:site_name\" content=\"Patagonia Ambiental\" \/>\n<meta property=\"article:publisher\" content=\"https:\/\/www.facebook.com\/patagonia.ambiental\" \/>\n<meta property=\"article:author\" content=\"https:\/\/www.facebook.com\/share\/1C1V8Gv9BX\/?mibextid=qi2Omg\" \/>\n<meta property=\"article:published_time\" content=\"2019-05-31T10:00:47+00:00\" \/>\n<meta property=\"og:image\" content=\"https:\/\/patagoniambiental.com.ar\/info\/wp-content\/uploads\/2019\/05\/0003604621.jpg\" \/>\n\t<meta property=\"og:image:width\" content=\"770\" \/>\n\t<meta property=\"og:image:height\" content=\"433\" \/>\n\t<meta property=\"og:image:type\" content=\"image\/jpeg\" \/>\n<meta name=\"author\" content=\"Patagonia Ambiental\" \/>\n<meta name=\"twitter:card\" content=\"summary_large_image\" \/>\n<meta name=\"twitter:creator\" content=\"@PatAmb\" \/>\n<meta name=\"twitter:site\" content=\"@PatAmb\" \/>\n<script type=\"application\/ld+json\" class=\"yoast-schema-graph\">{\"@context\":\"https:\\\/\\\/schema.org\",\"@graph\":[{\"@type\":\"Article\",\"@id\":\"https:\\\/\\\/patagoniambiental.com.ar\\\/info\\\/tercer-puente-la-fiscalia-de-ambiente-desestimo-una-denuncia-por-cantera-ilegal-en-la-barda\\\/#article\",\"isPartOf\":{\"@id\":\"https:\\\/\\\/patagoniambiental.com.ar\\\/info\\\/tercer-puente-la-fiscalia-de-ambiente-desestimo-una-denuncia-por-cantera-ilegal-en-la-barda\\\/\"},\"author\":{\"name\":\"Patagonia Ambiental\",\"@id\":\"https:\\\/\\\/patagoniambiental.com.ar\\\/info\\\/#\\\/schema\\\/person\\\/db12bff64bbcbf6a253710bf0ea37b5d\"},\"headline\":\"Tercer puente: la Fiscal\u00eda de Ambiente desestim\u00f3 una denuncia por cantera ilegal en la barda\",\"datePublished\":\"2019-05-31T10:00:47+00:00\",\"mainEntityOfPage\":{\"@id\":\"https:\\\/\\\/patagoniambiental.com.ar\\\/info\\\/tercer-puente-la-fiscalia-de-ambiente-desestimo-una-denuncia-por-cantera-ilegal-en-la-barda\\\/\"},\"wordCount\":408,\"commentCount\":0,\"publisher\":{\"@id\":\"https:\\\/\\\/patagoniambiental.com.ar\\\/info\\\/#organization\"},\"image\":{\"@id\":\"https:\\\/\\\/patagoniambiental.com.ar\\\/info\\\/tercer-puente-la-fiscalia-de-ambiente-desestimo-una-denuncia-por-cantera-ilegal-en-la-barda\\\/#primaryimage\"},\"thumbnailUrl\":\"https:\\\/\\\/patagoniambiental.com.ar\\\/info\\\/wp-content\\\/uploads\\\/2019\\\/05\\\/0003604621.jpg\",\"articleSection\":[\"Neuqu\u00e9n\",\"Noticias\",\"Provinciales\"],\"inLanguage\":\"es\",\"potentialAction\":[{\"@type\":\"CommentAction\",\"name\":\"Comment\",\"target\":[\"https:\\\/\\\/patagoniambiental.com.ar\\\/info\\\/tercer-puente-la-fiscalia-de-ambiente-desestimo-una-denuncia-por-cantera-ilegal-en-la-barda\\\/#respond\"]}]},{\"@type\":\"WebPage\",\"@id\":\"https:\\\/\\\/patagoniambiental.com.ar\\\/info\\\/tercer-puente-la-fiscalia-de-ambiente-desestimo-una-denuncia-por-cantera-ilegal-en-la-barda\\\/\",\"url\":\"https:\\\/\\\/patagoniambiental.com.ar\\\/info\\\/tercer-puente-la-fiscalia-de-ambiente-desestimo-una-denuncia-por-cantera-ilegal-en-la-barda\\\/\",\"name\":\"Tercer puente: la Fiscal\u00eda de Ambiente desestim\u00f3 una denuncia por cantera ilegal en la barda\",\"isPartOf\":{\"@id\":\"https:\\\/\\\/patagoniambiental.com.ar\\\/info\\\/#website\"},\"primaryImageOfPage\":{\"@id\":\"https:\\\/\\\/patagoniambiental.com.ar\\\/info\\\/tercer-puente-la-fiscalia-de-ambiente-desestimo-una-denuncia-por-cantera-ilegal-en-la-barda\\\/#primaryimage\"},\"image\":{\"@id\":\"https:\\\/\\\/patagoniambiental.com.ar\\\/info\\\/tercer-puente-la-fiscalia-de-ambiente-desestimo-una-denuncia-por-cantera-ilegal-en-la-barda\\\/#primaryimage\"},\"thumbnailUrl\":\"https:\\\/\\\/patagoniambiental.com.ar\\\/info\\\/wp-content\\\/uploads\\\/2019\\\/05\\\/0003604621.jpg\",\"datePublished\":\"2019-05-31T10:00:47+00:00\",\"breadcrumb\":{\"@id\":\"https:\\\/\\\/patagoniambiental.com.ar\\\/info\\\/tercer-puente-la-fiscalia-de-ambiente-desestimo-una-denuncia-por-cantera-ilegal-en-la-barda\\\/#breadcrumb\"},\"inLanguage\":\"es\",\"potentialAction\":[{\"@type\":\"ReadAction\",\"target\":[\"https:\\\/\\\/patagoniambiental.com.ar\\\/info\\\/tercer-puente-la-fiscalia-de-ambiente-desestimo-una-denuncia-por-cantera-ilegal-en-la-barda\\\/\"]}]},{\"@type\":\"ImageObject\",\"inLanguage\":\"es\",\"@id\":\"https:\\\/\\\/patagoniambiental.com.ar\\\/info\\\/tercer-puente-la-fiscalia-de-ambiente-desestimo-una-denuncia-por-cantera-ilegal-en-la-barda\\\/#primaryimage\",\"url\":\"https:\\\/\\\/patagoniambiental.com.ar\\\/info\\\/wp-content\\\/uploads\\\/2019\\\/05\\\/0003604621.jpg\",\"contentUrl\":\"https:\\\/\\\/patagoniambiental.com.ar\\\/info\\\/wp-content\\\/uploads\\\/2019\\\/05\\\/0003604621.jpg\",\"width\":770,\"height\":433},{\"@type\":\"BreadcrumbList\",\"@id\":\"https:\\\/\\\/patagoniambiental.com.ar\\\/info\\\/tercer-puente-la-fiscalia-de-ambiente-desestimo-una-denuncia-por-cantera-ilegal-en-la-barda\\\/#breadcrumb\",\"itemListElement\":[{\"@type\":\"ListItem\",\"position\":1,\"name\":\"Inicio\",\"item\":\"https:\\\/\\\/patagoniambiental.com.ar\\\/info\\\/\"},{\"@type\":\"ListItem\",\"position\":2,\"name\":\"Tercer puente: la Fiscal\u00eda de Ambiente desestim\u00f3 una denuncia por cantera ilegal en la barda\"}]},{\"@type\":\"WebSite\",\"@id\":\"https:\\\/\\\/patagoniambiental.com.ar\\\/info\\\/#website\",\"url\":\"https:\\\/\\\/patagoniambiental.com.ar\\\/info\\\/\",\"name\":\"Patagonia Ambiental\",\"description\":\"Monitoreo y an\u00e1lisis de la situaci\u00f3n geopol\u00edtica en el mundo y su implicancia en la Patagonia\",\"publisher\":{\"@id\":\"https:\\\/\\\/patagoniambiental.com.ar\\\/info\\\/#organization\"},\"potentialAction\":[{\"@type\":\"SearchAction\",\"target\":{\"@type\":\"EntryPoint\",\"urlTemplate\":\"https:\\\/\\\/patagoniambiental.com.ar\\\/info\\\/?s={search_term_string}\"},\"query-input\":{\"@type\":\"PropertyValueSpecification\",\"valueRequired\":true,\"valueName\":\"search_term_string\"}}],\"inLanguage\":\"es\"},{\"@type\":\"Organization\",\"@id\":\"https:\\\/\\\/patagoniambiental.com.ar\\\/info\\\/#organization\",\"name\":\"Patagonia Ambiental\",\"url\":\"https:\\\/\\\/patagoniambiental.com.ar\\\/info\\\/\",\"logo\":{\"@type\":\"ImageObject\",\"inLanguage\":\"es\",\"@id\":\"https:\\\/\\\/patagoniambiental.com.ar\\\/info\\\/#\\\/schema\\\/logo\\\/image\\\/\",\"url\":\"https:\\\/\\\/patagoniambiental.com.ar\\\/info\\\/wp-content\\\/uploads\\\/2025\\\/05\\\/LOGO-PATAGONIA-AMBIENTAL.png\",\"contentUrl\":\"https:\\\/\\\/patagoniambiental.com.ar\\\/info\\\/wp-content\\\/uploads\\\/2025\\\/05\\\/LOGO-PATAGONIA-AMBIENTAL.png\",\"width\":433,\"height\":250,\"caption\":\"Patagonia Ambiental\"},\"image\":{\"@id\":\"https:\\\/\\\/patagoniambiental.com.ar\\\/info\\\/#\\\/schema\\\/logo\\\/image\\\/\"},\"sameAs\":[\"https:\\\/\\\/www.facebook.com\\\/patagonia.ambiental\",\"https:\\\/\\\/x.com\\\/PatAmb\"]},{\"@type\":\"Person\",\"@id\":\"https:\\\/\\\/patagoniambiental.com.ar\\\/info\\\/#\\\/schema\\\/person\\\/db12bff64bbcbf6a253710bf0ea37b5d\",\"name\":\"Patagonia Ambiental\",\"description\":\"Andr\u00e9s Nievas T\u00e9cnico en manejo ambiental, consultor Ambiental y escritor para medios locales e internacionales sobre temas de geopolitica y medio ambiente.\",\"sameAs\":[\"http:\\\/\\\/www.patagoniambiental.com.ar\",\"https:\\\/\\\/www.facebook.com\\\/share\\\/1C1V8Gv9BX\\\/?mibextid=qi2Omg\",\"@patagoniambiental\",\"https:\\\/\\\/youtube.com\\\/@patagoniaambiental2023?si=BLt58t0wuXquxlYZ\"]}]}<\/script>\n<!-- \/ Yoast SEO Premium plugin. -->","yoast_head_json":{"title":"Tercer puente: la Fiscal\u00eda de Ambiente desestim\u00f3 una denuncia por cantera ilegal en la barda","robots":{"index":"index","follow":"follow","max-snippet":"max-snippet:-1","max-image-preview":"max-image-preview:large","max-video-preview":"max-video-preview:-1"},"canonical":"https:\/\/patagoniambiental.com.ar\/info\/tercer-puente-la-fiscalia-de-ambiente-desestimo-una-denuncia-por-cantera-ilegal-en-la-barda\/","og_locale":"es_ES","og_type":"article","og_title":"Tercer puente: la Fiscal\u00eda de Ambiente desestim\u00f3 una denuncia por cantera ilegal en la barda","og_description":"Neuquen.-El fiscal Breide Obeid explic\u00f3 que no encontr\u00f3 elementos para encuadrar esta actividad dentro de alg\u00fan tipo de delitos. Las [&hellip;]","og_url":"https:\/\/patagoniambiental.com.ar\/info\/tercer-puente-la-fiscalia-de-ambiente-desestimo-una-denuncia-por-cantera-ilegal-en-la-barda\/","og_site_name":"Patagonia Ambiental","article_publisher":"https:\/\/www.facebook.com\/patagonia.ambiental","article_author":"https:\/\/www.facebook.com\/share\/1C1V8Gv9BX\/?mibextid=qi2Omg","article_published_time":"2019-05-31T10:00:47+00:00","og_image":[{"width":770,"height":433,"url":"https:\/\/patagoniambiental.com.ar\/info\/wp-content\/uploads\/2019\/05\/0003604621.jpg","type":"image\/jpeg"}],"author":"Patagonia Ambiental","twitter_card":"summary_large_image","twitter_creator":"@PatAmb","twitter_site":"@PatAmb","schema":{"@context":"https:\/\/schema.org","@graph":[{"@type":"Article","@id":"https:\/\/patagoniambiental.com.ar\/info\/tercer-puente-la-fiscalia-de-ambiente-desestimo-una-denuncia-por-cantera-ilegal-en-la-barda\/#article","isPartOf":{"@id":"https:\/\/patagoniambiental.com.ar\/info\/tercer-puente-la-fiscalia-de-ambiente-desestimo-una-denuncia-por-cantera-ilegal-en-la-barda\/"},"author":{"name":"Patagonia Ambiental","@id":"https:\/\/patagoniambiental.com.ar\/info\/#\/schema\/person\/db12bff64bbcbf6a253710bf0ea37b5d"},"headline":"Tercer puente: la Fiscal\u00eda de Ambiente desestim\u00f3 una denuncia por cantera ilegal en la barda","datePublished":"2019-05-31T10:00:47+00:00","mainEntityOfPage":{"@id":"https:\/\/patagoniambiental.com.ar\/info\/tercer-puente-la-fiscalia-de-ambiente-desestimo-una-denuncia-por-cantera-ilegal-en-la-barda\/"},"wordCount":408,"commentCount":0,"publisher":{"@id":"https:\/\/patagoniambiental.com.ar\/info\/#organization"},"image":{"@id":"https:\/\/patagoniambiental.com.ar\/info\/tercer-puente-la-fiscalia-de-ambiente-desestimo-una-denuncia-por-cantera-ilegal-en-la-barda\/#primaryimage"},"thumbnailUrl":"https:\/\/patagoniambiental.com.ar\/info\/wp-content\/uploads\/2019\/05\/0003604621.jpg","articleSection":["Neuqu\u00e9n","Noticias","Provinciales"],"inLanguage":"es","potentialAction":[{"@type":"CommentAction","name":"Comment","target":["https:\/\/patagoniambiental.com.ar\/info\/tercer-puente-la-fiscalia-de-ambiente-desestimo-una-denuncia-por-cantera-ilegal-en-la-barda\/#respond"]}]},{"@type":"WebPage","@id":"https:\/\/patagoniambiental.com.ar\/info\/tercer-puente-la-fiscalia-de-ambiente-desestimo-una-denuncia-por-cantera-ilegal-en-la-barda\/","url":"https:\/\/patagoniambiental.com.ar\/info\/tercer-puente-la-fiscalia-de-ambiente-desestimo-una-denuncia-por-cantera-ilegal-en-la-barda\/","name":"Tercer puente: la Fiscal\u00eda de Ambiente desestim\u00f3 una denuncia por cantera ilegal en la barda","isPartOf":{"@id":"https:\/\/patagoniambiental.com.ar\/info\/#website"},"primaryImageOfPage":{"@id":"https:\/\/patagoniambiental.com.ar\/info\/tercer-puente-la-fiscalia-de-ambiente-desestimo-una-denuncia-por-cantera-ilegal-en-la-barda\/#primaryimage"},"image":{"@id":"https:\/\/patagoniambiental.com.ar\/info\/tercer-puente-la-fiscalia-de-ambiente-desestimo-una-denuncia-por-cantera-ilegal-en-la-barda\/#primaryimage"},"thumbnailUrl":"https:\/\/patagoniambiental.com.ar\/info\/wp-content\/uploads\/2019\/05\/0003604621.jpg","datePublished":"2019-05-31T10:00:47+00:00","breadcrumb":{"@id":"https:\/\/patagoniambiental.com.ar\/info\/tercer-puente-la-fiscalia-de-ambiente-desestimo-una-denuncia-por-cantera-ilegal-en-la-barda\/#breadcrumb"},"inLanguage":"es","potentialAction":[{"@type":"ReadAction","target":["https:\/\/patagoniambiental.com.ar\/info\/tercer-puente-la-fiscalia-de-ambiente-desestimo-una-denuncia-por-cantera-ilegal-en-la-barda\/"]}]},{"@type":"ImageObject","inLanguage":"es","@id":"https:\/\/patagoniambiental.com.ar\/info\/tercer-puente-la-fiscalia-de-ambiente-desestimo-una-denuncia-por-cantera-ilegal-en-la-barda\/#primaryimage","url":"https:\/\/patagoniambiental.com.ar\/info\/wp-content\/uploads\/2019\/05\/0003604621.jpg","contentUrl":"https:\/\/patagoniambiental.com.ar\/info\/wp-content\/uploads\/2019\/05\/0003604621.jpg","width":770,"height":433},{"@type":"BreadcrumbList","@id":"https:\/\/patagoniambiental.com.ar\/info\/tercer-puente-la-fiscalia-de-ambiente-desestimo-una-denuncia-por-cantera-ilegal-en-la-barda\/#breadcrumb","itemListElement":[{"@type":"ListItem","position":1,"name":"Inicio","item":"https:\/\/patagoniambiental.com.ar\/info\/"},{"@type":"ListItem","position":2,"name":"Tercer puente: la Fiscal\u00eda de Ambiente desestim\u00f3 una denuncia por cantera ilegal en la barda"}]},{"@type":"WebSite","@id":"https:\/\/patagoniambiental.com.ar\/info\/#website","url":"https:\/\/patagoniambiental.com.ar\/info\/","name":"Patagonia Ambiental","description":"Monitoreo y an\u00e1lisis de la situaci\u00f3n geopol\u00edtica en el mundo y su implicancia en la Patagonia","publisher":{"@id":"https:\/\/patagoniambiental.com.ar\/info\/#organization"},"potentialAction":[{"@type":"SearchAction","target":{"@type":"EntryPoint","urlTemplate":"https:\/\/patagoniambiental.com.ar\/info\/?s={search_term_string}"},"query-input":{"@type":"PropertyValueSpecification","valueRequired":true,"valueName":"search_term_string"}}],"inLanguage":"es"},{"@type":"Organization","@id":"https:\/\/patagoniambiental.com.ar\/info\/#organization","name":"Patagonia Ambiental","url":"https:\/\/patagoniambiental.com.ar\/info\/","logo":{"@type":"ImageObject","inLanguage":"es","@id":"https:\/\/patagoniambiental.com.ar\/info\/#\/schema\/logo\/image\/","url":"https:\/\/patagoniambiental.com.ar\/info\/wp-content\/uploads\/2025\/05\/LOGO-PATAGONIA-AMBIENTAL.png","contentUrl":"https:\/\/patagoniambiental.com.ar\/info\/wp-content\/uploads\/2025\/05\/LOGO-PATAGONIA-AMBIENTAL.png","width":433,"height":250,"caption":"Patagonia Ambiental"},"image":{"@id":"https:\/\/patagoniambiental.com.ar\/info\/#\/schema\/logo\/image\/"},"sameAs":["https:\/\/www.facebook.com\/patagonia.ambiental","https:\/\/x.com\/PatAmb"]},{"@type":"Person","@id":"https:\/\/patagoniambiental.com.ar\/info\/#\/schema\/person\/db12bff64bbcbf6a253710bf0ea37b5d","name":"Patagonia Ambiental","description":"Andr\u00e9s Nievas T\u00e9cnico en manejo ambiental, consultor Ambiental y escritor para medios locales e internacionales sobre temas de geopolitica y medio ambiente.","sameAs":["http:\/\/www.patagoniambiental.com.ar","https:\/\/www.facebook.com\/share\/1C1V8Gv9BX\/?mibextid=qi2Omg","@patagoniambiental","https:\/\/youtube.com\/@patagoniaambiental2023?si=BLt58t0wuXquxlYZ"]}]}},"_links":{"self":[{"href":"https:\/\/patagoniambiental.com.ar\/info\/wp-json\/wp\/v2\/posts\/61601","targetHints":{"allow":["GET"]}}],"collection":[{"href":"https:\/\/patagoniambiental.com.ar\/info\/wp-json\/wp\/v2\/posts"}],"about":[{"href":"https:\/\/patagoniambiental.com.ar\/info\/wp-json\/wp\/v2\/types\/post"}],"author":[{"embeddable":true,"href":"https:\/\/patagoniambiental.com.ar\/info\/wp-json\/wp\/v2\/users\/2"}],"replies":[{"embeddable":true,"href":"https:\/\/patagoniambiental.com.ar\/info\/wp-json\/wp\/v2\/comments?post=61601"}],"version-history":[{"count":0,"href":"https:\/\/patagoniambiental.com.ar\/info\/wp-json\/wp\/v2\/posts\/61601\/revisions"}],"wp:featuredmedia":[{"embeddable":true,"href":"https:\/\/patagoniambiental.com.ar\/info\/wp-json\/wp\/v2\/media\/61602"}],"wp:attachment":[{"href":"https:\/\/patagoniambiental.com.ar\/info\/wp-json\/wp\/v2\/media?parent=61601"}],"wp:term":[{"taxonomy":"category","embeddable":true,"href":"https:\/\/patagoniambiental.com.ar\/info\/wp-json\/wp\/v2\/categories?post=61601"},{"taxonomy":"post_tag","embeddable":true,"href":"https:\/\/patagoniambiental.com.ar\/info\/wp-json\/wp\/v2\/tags?post=61601"}],"curies":[{"name":"wp","href":"https:\/\/api.w.org\/{rel}","templated":true}]}}