{"id":61615,"date":"2019-06-03T19:00:30","date_gmt":"2019-06-03T22:00:30","guid":{"rendered":"http:\/\/patagoniambiental.com.ar\/info\/?p=61615"},"modified":"2019-06-03T09:40:25","modified_gmt":"2019-06-03T12:40:25","slug":"rio-negro-habilita-nuevo-sistema-para-controlar-los-residuos-especiales","status":"publish","type":"post","link":"https:\/\/patagoniambiental.com.ar\/info\/rio-negro-habilita-nuevo-sistema-para-controlar-los-residuos-especiales\/","title":{"rendered":"R\u00edo Negro habilita nuevo sistema para controlar los residuos especiales"},"content":{"rendered":"<div>Viedma.-Ya se encuentra habilitado el nuevo Sistema Inform\u00e1tico de Gesti\u00f3n de los Residuos Especiales, con el cual la Provincia podr\u00e1 tener un mayor control en el seguimiento desde su origen, manipulaci\u00f3n, traslado, tratamiento y hasta la disposici\u00f3n final.<\/div>\n<p><!--more--><\/p>\n<div id=\"x_cuerpo\">\n<p>Esta nueva herramienta contribuir\u00e1 a la celeridad, econom\u00eda, sencillez y eficacia en los procedimientos administrativos y permitir\u00e1 realizar estad\u00edsticas y perfeccionar la implementaci\u00f3n de las pol\u00edticas p\u00fablicas ambientales. Adem\u00e1s busca disminuir la utilizaci\u00f3n de formularios en soporte papel.<\/p>\n<p>Este sistema permitir\u00e1 que todas las inscripciones y renovaciones de las personas alcanzadas en el marco de la normativa vigente, de la Ley M N\u00b0 3250, se realice en l\u00ednea, a trav\u00e9s de la p\u00e1gina oficial de la Secretar\u00eda de Ambiente y Desarrollo Sustentable\u00a0<a href=\"https:\/\/ambiente.rionegro.gov.ar\/?contID=52002\" target=\"_blank\" rel=\"noopener noreferrer\" data-auth=\"NotApplicable\">https:\/\/ambiente.rionegro.gov.ar\/<\/a>, ingresando por la solapa \u201c<em>Residuos\u201d<\/em>.<\/p>\n<p>De esta manera, los usuarios del sistema podr\u00e1n acceder a los manuales de uso para el acceso y posterior carga de los datos.<\/p>\n<p>&nbsp;<\/p>\n<p>&nbsp;<\/p>\n<\/div>\n<p>M\u00e1s informaci\u00f3n:\u00a0<a href=\"http:\/\/www.rionegro.gov.ar\/?contID=52290\" target=\"_blank\" rel=\"noopener noreferrer\" data-auth=\"NotApplicable\">http:\/\/www.rionegro.gov.ar\/?contID=52290<\/a><\/p>\n","protected":false},"excerpt":{"rendered":"<p>Viedma.-Ya se encuentra habilitado el nuevo Sistema Inform\u00e1tico de Gesti\u00f3n de los Residuos Especiales, con el cual la Provincia podr\u00e1 [&hellip;]<\/p>\n","protected":false},"author":2,"featured_media":61616,"comment_status":"open","ping_status":"open","sticky":false,"template":"","format":"standard","meta":{"site-sidebar-layout":"default","site-content-layout":"","ast-site-content-layout":"default","site-content-style":"default","site-sidebar-style":"default","ast-global-header-display":"","ast-banner-title-visibility":"","ast-main-header-display":"","ast-hfb-above-header-display":"","ast-hfb-below-header-display":"","ast-hfb-mobile-header-display":"","site-post-title":"","ast-breadcrumbs-content":"","ast-featured-img":"","footer-sml-layout":"","ast-disable-related-posts":"","theme-transparent-header-meta":"","adv-header-id-meta":"","stick-header-meta":"","header-above-stick-meta":"","header-main-stick-meta":"","header-below-stick-meta":"","astra-migrate-meta-layouts":"default","ast-page-background-enabled":"default","ast-page-background-meta":{"desktop":{"background-color":"var(--ast-global-color-5)","background-image":"","background-repeat":"repeat","background-position":"center center","background-size":"auto","background-attachment":"scroll","background-type":"","background-media":"","overlay-type":"","overlay-color":"","overlay-opacity":"","overlay-gradient":""},"tablet":{"background-color":"","background-image":"","background-repeat":"repeat","background-position":"center center","background-size":"auto","background-attachment":"scroll","background-type":"","background-media":"","overlay-type":"","overlay-color":"","overlay-opacity":"","overlay-gradient":""},"mobile":{"background-color":"","background-image":"","background-repeat":"repeat","background-position":"center center","background-size":"auto","background-attachment":"scroll","background-type":"","background-media":"","overlay-type":"","overlay-color":"","overlay-opacity":"","overlay-gradient":""}},"ast-content-background-meta":{"desktop":{"background-color":"var(--ast-global-color-4)","background-image":"","background-repeat":"repeat","background-position":"center center","background-size":"auto","background-attachment":"scroll","background-type":"","background-media":"","overlay-type":"","overlay-color":"","overlay-opacity":"","overlay-gradient":""},"tablet":{"background-color":"var(--ast-global-color-4)","background-image":"","background-repeat":"repeat","background-position":"center center","background-size":"auto","background-attachment":"scroll","background-type":"","background-media":"","overlay-type":"","overlay-color":"","overlay-opacity":"","overlay-gradient":""},"mobile":{"background-color":"var(--ast-global-color-4)","background-image":"","background-repeat":"repeat","background-position":"center center","background-size":"auto","background-attachment":"scroll","background-type":"","background-media":"","overlay-type":"","overlay-color":"","overlay-opacity":"","overlay-gradient":""}},"footnotes":""},"categories":[1,13,14],"tags":[],"class_list":["post-61615","post","type-post","status-publish","format-standard","has-post-thumbnail","hentry","category-noticias","category-provinciales","category-rio-negro"],"yoast_head":"<!-- This site is optimized with the Yoast SEO Premium plugin v23.0 (Yoast SEO v27.5) - https:\/\/yoast.com\/product\/yoast-seo-premium-wordpress\/ -->\n<title>R\u00edo Negro habilita nuevo sistema para controlar los residuos especiales<\/title>\n<meta name=\"robots\" content=\"index, follow, max-snippet:-1, max-image-preview:large, max-video-preview:-1\" \/>\n<link rel=\"canonical\" href=\"https:\/\/patagoniambiental.com.ar\/info\/rio-negro-habilita-nuevo-sistema-para-controlar-los-residuos-especiales\/\" \/>\n<meta property=\"og:locale\" content=\"es_ES\" \/>\n<meta property=\"og:type\" content=\"article\" \/>\n<meta property=\"og:title\" content=\"R\u00edo Negro habilita nuevo sistema para controlar los residuos especiales\" \/>\n<meta property=\"og:description\" content=\"Viedma.-Ya se encuentra habilitado el nuevo Sistema Inform\u00e1tico de Gesti\u00f3n de los Residuos Especiales, con el cual la Provincia podr\u00e1 [&hellip;]\" \/>\n<meta property=\"og:url\" content=\"https:\/\/patagoniambiental.com.ar\/info\/rio-negro-habilita-nuevo-sistema-para-controlar-los-residuos-especiales\/\" \/>\n<meta property=\"og:site_name\" content=\"Patagonia Ambiental\" \/>\n<meta property=\"article:publisher\" content=\"https:\/\/www.facebook.com\/patagonia.ambiental\" \/>\n<meta property=\"article:author\" content=\"https:\/\/www.facebook.com\/share\/1C1V8Gv9BX\/?mibextid=qi2Omg\" \/>\n<meta property=\"article:published_time\" content=\"2019-06-03T22:00:30+00:00\" \/>\n<meta property=\"og:image\" content=\"https:\/\/patagoniambiental.com.ar\/info\/wp-content\/uploads\/2019\/06\/00042681.jpg\" \/>\n\t<meta property=\"og:image:width\" content=\"924\" \/>\n\t<meta property=\"og:image:height\" content=\"616\" \/>\n\t<meta property=\"og:image:type\" content=\"image\/jpeg\" \/>\n<meta name=\"author\" content=\"Patagonia Ambiental\" \/>\n<meta name=\"twitter:card\" content=\"summary_large_image\" \/>\n<meta name=\"twitter:creator\" content=\"@PatAmb\" \/>\n<meta name=\"twitter:site\" content=\"@PatAmb\" \/>\n<script type=\"application\/ld+json\" class=\"yoast-schema-graph\">{\"@context\":\"https:\\\/\\\/schema.org\",\"@graph\":[{\"@type\":\"Article\",\"@id\":\"https:\\\/\\\/patagoniambiental.com.ar\\\/info\\\/rio-negro-habilita-nuevo-sistema-para-controlar-los-residuos-especiales\\\/#article\",\"isPartOf\":{\"@id\":\"https:\\\/\\\/patagoniambiental.com.ar\\\/info\\\/rio-negro-habilita-nuevo-sistema-para-controlar-los-residuos-especiales\\\/\"},\"author\":{\"name\":\"Patagonia Ambiental\",\"@id\":\"https:\\\/\\\/patagoniambiental.com.ar\\\/info\\\/#\\\/schema\\\/person\\\/db12bff64bbcbf6a253710bf0ea37b5d\"},\"headline\":\"R\u00edo Negro habilita nuevo sistema para controlar los residuos especiales\",\"datePublished\":\"2019-06-03T22:00:30+00:00\",\"mainEntityOfPage\":{\"@id\":\"https:\\\/\\\/patagoniambiental.com.ar\\\/info\\\/rio-negro-habilita-nuevo-sistema-para-controlar-los-residuos-especiales\\\/\"},\"wordCount\":192,\"commentCount\":0,\"publisher\":{\"@id\":\"https:\\\/\\\/patagoniambiental.com.ar\\\/info\\\/#organization\"},\"image\":{\"@id\":\"https:\\\/\\\/patagoniambiental.com.ar\\\/info\\\/rio-negro-habilita-nuevo-sistema-para-controlar-los-residuos-especiales\\\/#primaryimage\"},\"thumbnailUrl\":\"https:\\\/\\\/patagoniambiental.com.ar\\\/info\\\/wp-content\\\/uploads\\\/2019\\\/06\\\/00042681.jpg\",\"articleSection\":[\"Noticias\",\"Provinciales\",\"R\u00edo Negro\"],\"inLanguage\":\"es\",\"potentialAction\":[{\"@type\":\"CommentAction\",\"name\":\"Comment\",\"target\":[\"https:\\\/\\\/patagoniambiental.com.ar\\\/info\\\/rio-negro-habilita-nuevo-sistema-para-controlar-los-residuos-especiales\\\/#respond\"]}]},{\"@type\":\"WebPage\",\"@id\":\"https:\\\/\\\/patagoniambiental.com.ar\\\/info\\\/rio-negro-habilita-nuevo-sistema-para-controlar-los-residuos-especiales\\\/\",\"url\":\"https:\\\/\\\/patagoniambiental.com.ar\\\/info\\\/rio-negro-habilita-nuevo-sistema-para-controlar-los-residuos-especiales\\\/\",\"name\":\"R\u00edo Negro habilita nuevo sistema para controlar los residuos especiales\",\"isPartOf\":{\"@id\":\"https:\\\/\\\/patagoniambiental.com.ar\\\/info\\\/#website\"},\"primaryImageOfPage\":{\"@id\":\"https:\\\/\\\/patagoniambiental.com.ar\\\/info\\\/rio-negro-habilita-nuevo-sistema-para-controlar-los-residuos-especiales\\\/#primaryimage\"},\"image\":{\"@id\":\"https:\\\/\\\/patagoniambiental.com.ar\\\/info\\\/rio-negro-habilita-nuevo-sistema-para-controlar-los-residuos-especiales\\\/#primaryimage\"},\"thumbnailUrl\":\"https:\\\/\\\/patagoniambiental.com.ar\\\/info\\\/wp-content\\\/uploads\\\/2019\\\/06\\\/00042681.jpg\",\"datePublished\":\"2019-06-03T22:00:30+00:00\",\"breadcrumb\":{\"@id\":\"https:\\\/\\\/patagoniambiental.com.ar\\\/info\\\/rio-negro-habilita-nuevo-sistema-para-controlar-los-residuos-especiales\\\/#breadcrumb\"},\"inLanguage\":\"es\",\"potentialAction\":[{\"@type\":\"ReadAction\",\"target\":[\"https:\\\/\\\/patagoniambiental.com.ar\\\/info\\\/rio-negro-habilita-nuevo-sistema-para-controlar-los-residuos-especiales\\\/\"]}]},{\"@type\":\"ImageObject\",\"inLanguage\":\"es\",\"@id\":\"https:\\\/\\\/patagoniambiental.com.ar\\\/info\\\/rio-negro-habilita-nuevo-sistema-para-controlar-los-residuos-especiales\\\/#primaryimage\",\"url\":\"https:\\\/\\\/patagoniambiental.com.ar\\\/info\\\/wp-content\\\/uploads\\\/2019\\\/06\\\/00042681.jpg\",\"contentUrl\":\"https:\\\/\\\/patagoniambiental.com.ar\\\/info\\\/wp-content\\\/uploads\\\/2019\\\/06\\\/00042681.jpg\",\"width\":900,\"height\":600},{\"@type\":\"BreadcrumbList\",\"@id\":\"https:\\\/\\\/patagoniambiental.com.ar\\\/info\\\/rio-negro-habilita-nuevo-sistema-para-controlar-los-residuos-especiales\\\/#breadcrumb\",\"itemListElement\":[{\"@type\":\"ListItem\",\"position\":1,\"name\":\"Inicio\",\"item\":\"https:\\\/\\\/patagoniambiental.com.ar\\\/info\\\/\"},{\"@type\":\"ListItem\",\"position\":2,\"name\":\"R\u00edo Negro habilita nuevo sistema para controlar los residuos especiales\"}]},{\"@type\":\"WebSite\",\"@id\":\"https:\\\/\\\/patagoniambiental.com.ar\\\/info\\\/#website\",\"url\":\"https:\\\/\\\/patagoniambiental.com.ar\\\/info\\\/\",\"name\":\"Patagonia Ambiental\",\"description\":\"Monitoreo y an\u00e1lisis de la situaci\u00f3n geopol\u00edtica en el mundo y su implicancia en la Patagonia\",\"publisher\":{\"@id\":\"https:\\\/\\\/patagoniambiental.com.ar\\\/info\\\/#organization\"},\"potentialAction\":[{\"@type\":\"SearchAction\",\"target\":{\"@type\":\"EntryPoint\",\"urlTemplate\":\"https:\\\/\\\/patagoniambiental.com.ar\\\/info\\\/?s={search_term_string}\"},\"query-input\":{\"@type\":\"PropertyValueSpecification\",\"valueRequired\":true,\"valueName\":\"search_term_string\"}}],\"inLanguage\":\"es\"},{\"@type\":\"Organization\",\"@id\":\"https:\\\/\\\/patagoniambiental.com.ar\\\/info\\\/#organization\",\"name\":\"Patagonia Ambiental\",\"url\":\"https:\\\/\\\/patagoniambiental.com.ar\\\/info\\\/\",\"logo\":{\"@type\":\"ImageObject\",\"inLanguage\":\"es\",\"@id\":\"https:\\\/\\\/patagoniambiental.com.ar\\\/info\\\/#\\\/schema\\\/logo\\\/image\\\/\",\"url\":\"https:\\\/\\\/patagoniambiental.com.ar\\\/info\\\/wp-content\\\/uploads\\\/2025\\\/05\\\/LOGO-PATAGONIA-AMBIENTAL.png\",\"contentUrl\":\"https:\\\/\\\/patagoniambiental.com.ar\\\/info\\\/wp-content\\\/uploads\\\/2025\\\/05\\\/LOGO-PATAGONIA-AMBIENTAL.png\",\"width\":433,\"height\":250,\"caption\":\"Patagonia Ambiental\"},\"image\":{\"@id\":\"https:\\\/\\\/patagoniambiental.com.ar\\\/info\\\/#\\\/schema\\\/logo\\\/image\\\/\"},\"sameAs\":[\"https:\\\/\\\/www.facebook.com\\\/patagonia.ambiental\",\"https:\\\/\\\/x.com\\\/PatAmb\"]},{\"@type\":\"Person\",\"@id\":\"https:\\\/\\\/patagoniambiental.com.ar\\\/info\\\/#\\\/schema\\\/person\\\/db12bff64bbcbf6a253710bf0ea37b5d\",\"name\":\"Patagonia Ambiental\",\"description\":\"Andr\u00e9s Nievas T\u00e9cnico en manejo ambiental, consultor Ambiental y escritor para medios locales e internacionales sobre temas de geopolitica y medio ambiente.\",\"sameAs\":[\"http:\\\/\\\/www.patagoniambiental.com.ar\",\"https:\\\/\\\/www.facebook.com\\\/share\\\/1C1V8Gv9BX\\\/?mibextid=qi2Omg\",\"@patagoniambiental\",\"https:\\\/\\\/youtube.com\\\/@patagoniaambiental2023?si=BLt58t0wuXquxlYZ\"]}]}<\/script>\n<!-- \/ Yoast SEO Premium plugin. -->","yoast_head_json":{"title":"R\u00edo Negro habilita nuevo sistema para controlar los residuos especiales","robots":{"index":"index","follow":"follow","max-snippet":"max-snippet:-1","max-image-preview":"max-image-preview:large","max-video-preview":"max-video-preview:-1"},"canonical":"https:\/\/patagoniambiental.com.ar\/info\/rio-negro-habilita-nuevo-sistema-para-controlar-los-residuos-especiales\/","og_locale":"es_ES","og_type":"article","og_title":"R\u00edo Negro habilita nuevo sistema para controlar los residuos especiales","og_description":"Viedma.-Ya se encuentra habilitado el nuevo Sistema Inform\u00e1tico de Gesti\u00f3n de los Residuos Especiales, con el cual la Provincia podr\u00e1 [&hellip;]","og_url":"https:\/\/patagoniambiental.com.ar\/info\/rio-negro-habilita-nuevo-sistema-para-controlar-los-residuos-especiales\/","og_site_name":"Patagonia Ambiental","article_publisher":"https:\/\/www.facebook.com\/patagonia.ambiental","article_author":"https:\/\/www.facebook.com\/share\/1C1V8Gv9BX\/?mibextid=qi2Omg","article_published_time":"2019-06-03T22:00:30+00:00","og_image":[{"width":924,"height":616,"url":"https:\/\/patagoniambiental.com.ar\/info\/wp-content\/uploads\/2019\/06\/00042681.jpg","type":"image\/jpeg"}],"author":"Patagonia Ambiental","twitter_card":"summary_large_image","twitter_creator":"@PatAmb","twitter_site":"@PatAmb","schema":{"@context":"https:\/\/schema.org","@graph":[{"@type":"Article","@id":"https:\/\/patagoniambiental.com.ar\/info\/rio-negro-habilita-nuevo-sistema-para-controlar-los-residuos-especiales\/#article","isPartOf":{"@id":"https:\/\/patagoniambiental.com.ar\/info\/rio-negro-habilita-nuevo-sistema-para-controlar-los-residuos-especiales\/"},"author":{"name":"Patagonia Ambiental","@id":"https:\/\/patagoniambiental.com.ar\/info\/#\/schema\/person\/db12bff64bbcbf6a253710bf0ea37b5d"},"headline":"R\u00edo Negro habilita nuevo sistema para controlar los residuos especiales","datePublished":"2019-06-03T22:00:30+00:00","mainEntityOfPage":{"@id":"https:\/\/patagoniambiental.com.ar\/info\/rio-negro-habilita-nuevo-sistema-para-controlar-los-residuos-especiales\/"},"wordCount":192,"commentCount":0,"publisher":{"@id":"https:\/\/patagoniambiental.com.ar\/info\/#organization"},"image":{"@id":"https:\/\/patagoniambiental.com.ar\/info\/rio-negro-habilita-nuevo-sistema-para-controlar-los-residuos-especiales\/#primaryimage"},"thumbnailUrl":"https:\/\/patagoniambiental.com.ar\/info\/wp-content\/uploads\/2019\/06\/00042681.jpg","articleSection":["Noticias","Provinciales","R\u00edo Negro"],"inLanguage":"es","potentialAction":[{"@type":"CommentAction","name":"Comment","target":["https:\/\/patagoniambiental.com.ar\/info\/rio-negro-habilita-nuevo-sistema-para-controlar-los-residuos-especiales\/#respond"]}]},{"@type":"WebPage","@id":"https:\/\/patagoniambiental.com.ar\/info\/rio-negro-habilita-nuevo-sistema-para-controlar-los-residuos-especiales\/","url":"https:\/\/patagoniambiental.com.ar\/info\/rio-negro-habilita-nuevo-sistema-para-controlar-los-residuos-especiales\/","name":"R\u00edo Negro habilita nuevo sistema para controlar los residuos especiales","isPartOf":{"@id":"https:\/\/patagoniambiental.com.ar\/info\/#website"},"primaryImageOfPage":{"@id":"https:\/\/patagoniambiental.com.ar\/info\/rio-negro-habilita-nuevo-sistema-para-controlar-los-residuos-especiales\/#primaryimage"},"image":{"@id":"https:\/\/patagoniambiental.com.ar\/info\/rio-negro-habilita-nuevo-sistema-para-controlar-los-residuos-especiales\/#primaryimage"},"thumbnailUrl":"https:\/\/patagoniambiental.com.ar\/info\/wp-content\/uploads\/2019\/06\/00042681.jpg","datePublished":"2019-06-03T22:00:30+00:00","breadcrumb":{"@id":"https:\/\/patagoniambiental.com.ar\/info\/rio-negro-habilita-nuevo-sistema-para-controlar-los-residuos-especiales\/#breadcrumb"},"inLanguage":"es","potentialAction":[{"@type":"ReadAction","target":["https:\/\/patagoniambiental.com.ar\/info\/rio-negro-habilita-nuevo-sistema-para-controlar-los-residuos-especiales\/"]}]},{"@type":"ImageObject","inLanguage":"es","@id":"https:\/\/patagoniambiental.com.ar\/info\/rio-negro-habilita-nuevo-sistema-para-controlar-los-residuos-especiales\/#primaryimage","url":"https:\/\/patagoniambiental.com.ar\/info\/wp-content\/uploads\/2019\/06\/00042681.jpg","contentUrl":"https:\/\/patagoniambiental.com.ar\/info\/wp-content\/uploads\/2019\/06\/00042681.jpg","width":900,"height":600},{"@type":"BreadcrumbList","@id":"https:\/\/patagoniambiental.com.ar\/info\/rio-negro-habilita-nuevo-sistema-para-controlar-los-residuos-especiales\/#breadcrumb","itemListElement":[{"@type":"ListItem","position":1,"name":"Inicio","item":"https:\/\/patagoniambiental.com.ar\/info\/"},{"@type":"ListItem","position":2,"name":"R\u00edo Negro habilita nuevo sistema para controlar los residuos especiales"}]},{"@type":"WebSite","@id":"https:\/\/patagoniambiental.com.ar\/info\/#website","url":"https:\/\/patagoniambiental.com.ar\/info\/","name":"Patagonia Ambiental","description":"Monitoreo y an\u00e1lisis de la situaci\u00f3n geopol\u00edtica en el mundo y su implicancia en la Patagonia","publisher":{"@id":"https:\/\/patagoniambiental.com.ar\/info\/#organization"},"potentialAction":[{"@type":"SearchAction","target":{"@type":"EntryPoint","urlTemplate":"https:\/\/patagoniambiental.com.ar\/info\/?s={search_term_string}"},"query-input":{"@type":"PropertyValueSpecification","valueRequired":true,"valueName":"search_term_string"}}],"inLanguage":"es"},{"@type":"Organization","@id":"https:\/\/patagoniambiental.com.ar\/info\/#organization","name":"Patagonia Ambiental","url":"https:\/\/patagoniambiental.com.ar\/info\/","logo":{"@type":"ImageObject","inLanguage":"es","@id":"https:\/\/patagoniambiental.com.ar\/info\/#\/schema\/logo\/image\/","url":"https:\/\/patagoniambiental.com.ar\/info\/wp-content\/uploads\/2025\/05\/LOGO-PATAGONIA-AMBIENTAL.png","contentUrl":"https:\/\/patagoniambiental.com.ar\/info\/wp-content\/uploads\/2025\/05\/LOGO-PATAGONIA-AMBIENTAL.png","width":433,"height":250,"caption":"Patagonia Ambiental"},"image":{"@id":"https:\/\/patagoniambiental.com.ar\/info\/#\/schema\/logo\/image\/"},"sameAs":["https:\/\/www.facebook.com\/patagonia.ambiental","https:\/\/x.com\/PatAmb"]},{"@type":"Person","@id":"https:\/\/patagoniambiental.com.ar\/info\/#\/schema\/person\/db12bff64bbcbf6a253710bf0ea37b5d","name":"Patagonia Ambiental","description":"Andr\u00e9s Nievas T\u00e9cnico en manejo ambiental, consultor Ambiental y escritor para medios locales e internacionales sobre temas de geopolitica y medio ambiente.","sameAs":["http:\/\/www.patagoniambiental.com.ar","https:\/\/www.facebook.com\/share\/1C1V8Gv9BX\/?mibextid=qi2Omg","@patagoniambiental","https:\/\/youtube.com\/@patagoniaambiental2023?si=BLt58t0wuXquxlYZ"]}]}},"_links":{"self":[{"href":"https:\/\/patagoniambiental.com.ar\/info\/wp-json\/wp\/v2\/posts\/61615","targetHints":{"allow":["GET"]}}],"collection":[{"href":"https:\/\/patagoniambiental.com.ar\/info\/wp-json\/wp\/v2\/posts"}],"about":[{"href":"https:\/\/patagoniambiental.com.ar\/info\/wp-json\/wp\/v2\/types\/post"}],"author":[{"embeddable":true,"href":"https:\/\/patagoniambiental.com.ar\/info\/wp-json\/wp\/v2\/users\/2"}],"replies":[{"embeddable":true,"href":"https:\/\/patagoniambiental.com.ar\/info\/wp-json\/wp\/v2\/comments?post=61615"}],"version-history":[{"count":0,"href":"https:\/\/patagoniambiental.com.ar\/info\/wp-json\/wp\/v2\/posts\/61615\/revisions"}],"wp:featuredmedia":[{"embeddable":true,"href":"https:\/\/patagoniambiental.com.ar\/info\/wp-json\/wp\/v2\/media\/61616"}],"wp:attachment":[{"href":"https:\/\/patagoniambiental.com.ar\/info\/wp-json\/wp\/v2\/media?parent=61615"}],"wp:term":[{"taxonomy":"category","embeddable":true,"href":"https:\/\/patagoniambiental.com.ar\/info\/wp-json\/wp\/v2\/categories?post=61615"},{"taxonomy":"post_tag","embeddable":true,"href":"https:\/\/patagoniambiental.com.ar\/info\/wp-json\/wp\/v2\/tags?post=61615"}],"curies":[{"name":"wp","href":"https:\/\/api.w.org\/{rel}","templated":true}]}}