{"id":61690,"date":"2019-06-06T07:00:40","date_gmt":"2019-06-06T10:00:40","guid":{"rendered":"http:\/\/patagoniambiental.com.ar\/info\/?p=61690"},"modified":"2019-06-05T10:40:43","modified_gmt":"2019-06-05T13:40:43","slug":"dia-mundial-del-medio-ambiente-llaman-a-una-reflexion-urgente-y-a-la-accion-en-rio-gallegos","status":"publish","type":"post","link":"https:\/\/patagoniambiental.com.ar\/info\/dia-mundial-del-medio-ambiente-llaman-a-una-reflexion-urgente-y-a-la-accion-en-rio-gallegos\/","title":{"rendered":"D\u00eda mundial del Medio Ambiente: Llaman a una reflexi\u00f3n urgente y a la acci\u00f3n en R\u00edo Gallegos"},"content":{"rendered":"<hgroup class=\"zona-titulo\">\n<h1 class=\"titular\"><strong class=\"bajada\" style=\"font-size: 16px;\">Rio Gallegos.-As\u00ed lo hizo la asociaci\u00f3n Ambiente Sur que se suma, junto a otras organizaciones de la comunidad de R\u00edo Gallegos, a la celebraci\u00f3n del D\u00eda Mundial del Medio Ambiente, que en 2019 gira en torno a la toma de conciencia sobre la contaminaci\u00f3n del aire.<\/strong><\/h1>\n<\/hgroup>\n<p><!--more--><\/p>\n<div class=\"row\">\n<div class=\"col-md-1 col-sticky\">\n<div class=\"inner-share-bar cf\">\n<div class=\"item visible-lg\"><\/div>\n<\/div>\n<\/div>\n<div class=\"col-md-11\">\n<div class=\"main-content-foto\">\n<div class=\"my-gallery main-gallery\" data-pswp-uid=\"1\">\n<figure>\n<div class=\"nfotos\"><\/div>\n<p><a href=\"https:\/\/www.eldiarionuevodia.com.ar\/u\/fotografias\/fotosnoticias\/2019\/6\/4\/101560.jpg\" data-size=\"720x405\"><img decoding=\"async\" class=\"img-responsive\" src=\"https:\/\/www.eldiarionuevodia.com.ar\/u\/fotografias\/m\/2019\/6\/4\/f800x450-101560_153006_0.jpg\" alt=\"D\u00eda mundial del Medio Ambiente: Llaman a una reflexi\u00f3n  urgente y a la acci\u00f3n en R\u00edo Gallegos\" \/><\/a><\/figure>\n<\/div>\n<\/div>\n<div id=\"cuerpo-nota\" class=\"cuerpo-nota\">\n<p>La Asociaci\u00f3n Ambiente Sur se suma, junto a otras organizaciones de la comunidad de R\u00edo Gallegos, a la celebraci\u00f3n del D\u00eda Mundial del Medio Ambiente, que en 2019 gira en torno a la toma de conciencia sobre la contaminaci\u00f3n del aire.<\/p>\n<p>La ONG trabajar\u00e1 todo el mes con acciones que motiven a una reflexi\u00f3n sobre la calidad de nuestro ambiente y el aporte que cada ciudadano puede hacer para sumar una contribuci\u00f3n en esta tarea acuciante y urgente, tal como lo calificaron desde Ambiente Sur. Destacaron que a escala local es imprescindible mejorar en el manejo de los residuos s\u00f3lidos urbanos, asumiendo la responsabilidad que le toca a cada uno y tambi\u00e9n la que le corresponde al Estado.<\/p>\n<p>A nivel global, consideraron que el estado de depredaci\u00f3n sobre el ambiente, con la extinci\u00f3n masiva de especies de flora y fauna as\u00ed como de ecosistemas vitales para nuestra supervivencia, deben llevarnos a una profunda reflexi\u00f3n sobre nuestra forma de vivir y la necesidad de cambiarla, ya que no alcanza con recordar estos hechos una vez al a\u00f1o sino que debemos comprometernos en forma personal y adem\u00e1s exigir a gobiernos y empresas que act\u00faen en consecuencia.<\/p>\n<div class=\"teads-inread teads-display-format\">\n<div>\n<div id=\"teads0\" class=\"teads-player\">En ese marco, este 5 de junio, a las 10.00, miembros de la ONG participar\u00e1n de la limpieza de la Reserva Costera Urbana, sector r\u00edo Chico, organizada por el grupo \u201cQuiero un R\u00edo Gallegos limpio\u201d, con el apoyo de la Asociaci\u00f3n, la Agencia Ambiental Municipal y el Ente de Manejo Participativo del Sistema de Reservas Naturales Urbanas de la ciudad.<\/div>\n<\/div>\n<\/div>\n<p>Esta actividad se suma al reto que circula v\u00eda redes sociales, viralizado como \u00abTrashtag Challenge\u00bb, que alienta a personas de todo el mundo a buscar un \u00e1rea llena de basura, recogerla y compartir la fotograf\u00eda del antes y el despu\u00e9s con el hashtag #trashtag.<\/p>\n<p>El D\u00eda Mundial del Medio Ambiente fue establecido por la ONU en su resoluci\u00f3n del 15 de diciembre de 1972. Se celebra desde 1974 el 5 de junio de cada a\u00f1o, fecha con la que se dio inicio a la Conferencia de Estocolmo en 1972, cuyo tema central fue el Ambiente. El pa\u00eds anfitri\u00f3n del D\u00eda Mundial del Medio Ambiente, donde tienen lugar las celebraciones oficiales, var\u00eda anualmente. Este a\u00f1o es China.<\/p>\n<p>Cada D\u00eda Mundial del Medio Ambiente se centra en un tema con el fin de concienciar al p\u00fablico sobre un asunto ambiental particularmente apremiante. El tema para 2019 es la \u00abContaminaci\u00f3n del aire\u00bb; una llamada a la acci\u00f3n para ayudar a combatir un grave problema que afecta a millones de personas en todo el mundo y de las que R\u00edo Gallegos no est\u00e1 exenta por las pr\u00e1cticas de quema de residuos que se producen en el vaciadero municipal, que generan un impacto en la salud de los vecinos de la ciudad.<\/p>\n<p><strong>Mes del Medio Ambiente<\/strong><\/p>\n<p>La Asociaci\u00f3n Ambiente Sur desarrollar\u00e1 durante todo el mes de junio acciones y propuestas destinadas a crear una mayor conciencia ambiental entre los ciudadanos. Se realizar\u00e1 una encuesta a la comunidad local acerca de su percepci\u00f3n sobre las problem\u00e1ticas ambientales, con el objetivo de presentar formalmente los resultados, tal como se hiciera en 2015, a los candidatos a Intendente de R\u00edo Gallegos para las elecciones de este a\u00f1o.<\/p>\n<p>La ONG se propone as\u00ed que los candidatos conozcan cu\u00e1les son las prioridades ambientales para la poblaci\u00f3n, consideren estos aspectos en su propuesta de gesti\u00f3n y, a su vez, mostrar c\u00f3mo trabaja Ambiente Sur en estos temas.<\/p>\n<p>Asimismo, como cada a\u00f1o, la ONG participar\u00e1 en el 25\u00ba Feria Provincial del Libro; tiene previstos realizar en la localidad de Puerto Santa Cruz un Taller Participativo sobre Reservas Naturales Urbanas y Talleres y Capacitaci\u00f3n docente sobre el Mac\u00e1 Tobiano y su ambiente, y recibir escuelas en el Centro de Interpretaci\u00f3n \u201cEstuario del r\u00edo Gallegos\u201d, con visitas guiadas e intervenciones teatrales.<\/p>\n<p>Fuente:\u00a0https:\/\/www.eldiarionuevodia.com.ar\/local\/info-general\/2019\/6\/4\/dia-mundial-del-medio-ambiente-llaman-una-reflexion-urgente-la-accion-en-rio-gallegos-86070.html<\/p>\n<\/div>\n<\/div>\n<\/div>\n","protected":false},"excerpt":{"rendered":"<p>Rio Gallegos.-As\u00ed lo hizo la asociaci\u00f3n Ambiente Sur que se suma, junto a otras organizaciones de la comunidad de R\u00edo [&hellip;]<\/p>\n","protected":false},"author":2,"featured_media":61691,"comment_status":"open","ping_status":"open","sticky":false,"template":"","format":"standard","meta":{"site-sidebar-layout":"default","site-content-layout":"","ast-site-content-layout":"default","site-content-style":"default","site-sidebar-style":"default","ast-global-header-display":"","ast-banner-title-visibility":"","ast-main-header-display":"","ast-hfb-above-header-display":"","ast-hfb-below-header-display":"","ast-hfb-mobile-header-display":"","site-post-title":"","ast-breadcrumbs-content":"","ast-featured-img":"","footer-sml-layout":"","ast-disable-related-posts":"","theme-transparent-header-meta":"","adv-header-id-meta":"","stick-header-meta":"","header-above-stick-meta":"","header-main-stick-meta":"","header-below-stick-meta":"","astra-migrate-meta-layouts":"default","ast-page-background-enabled":"default","ast-page-background-meta":{"desktop":{"background-color":"var(--ast-global-color-5)","background-image":"","background-repeat":"repeat","background-position":"center center","background-size":"auto","background-attachment":"scroll","background-type":"","background-media":"","overlay-type":"","overlay-color":"","overlay-opacity":"","overlay-gradient":""},"tablet":{"background-color":"","background-image":"","background-repeat":"repeat","background-position":"center center","background-size":"auto","background-attachment":"scroll","background-type":"","background-media":"","overlay-type":"","overlay-color":"","overlay-opacity":"","overlay-gradient":""},"mobile":{"background-color":"","background-image":"","background-repeat":"repeat","background-position":"center center","background-size":"auto","background-attachment":"scroll","background-type":"","background-media":"","overlay-type":"","overlay-color":"","overlay-opacity":"","overlay-gradient":""}},"ast-content-background-meta":{"desktop":{"background-color":"var(--ast-global-color-4)","background-image":"","background-repeat":"repeat","background-position":"center center","background-size":"auto","background-attachment":"scroll","background-type":"","background-media":"","overlay-type":"","overlay-color":"","overlay-opacity":"","overlay-gradient":""},"tablet":{"background-color":"var(--ast-global-color-4)","background-image":"","background-repeat":"repeat","background-position":"center center","background-size":"auto","background-attachment":"scroll","background-type":"","background-media":"","overlay-type":"","overlay-color":"","overlay-opacity":"","overlay-gradient":""},"mobile":{"background-color":"var(--ast-global-color-4)","background-image":"","background-repeat":"repeat","background-position":"center center","background-size":"auto","background-attachment":"scroll","background-type":"","background-media":"","overlay-type":"","overlay-color":"","overlay-opacity":"","overlay-gradient":""}},"footnotes":""},"categories":[12,1,3],"tags":[],"class_list":["post-61690","post","type-post","status-publish","format-standard","has-post-thumbnail","hentry","category-agenda-ambiental","category-noticias","category-ong"],"yoast_head":"<!-- This site is optimized with the Yoast SEO Premium plugin v23.0 (Yoast SEO v27.5) - https:\/\/yoast.com\/product\/yoast-seo-premium-wordpress\/ -->\n<title>D\u00eda mundial del Medio Ambiente: Llaman a una reflexi\u00f3n urgente y a la acci\u00f3n en R\u00edo Gallegos<\/title>\n<meta name=\"robots\" content=\"index, follow, max-snippet:-1, max-image-preview:large, max-video-preview:-1\" \/>\n<link rel=\"canonical\" href=\"https:\/\/patagoniambiental.com.ar\/info\/dia-mundial-del-medio-ambiente-llaman-a-una-reflexion-urgente-y-a-la-accion-en-rio-gallegos\/\" \/>\n<meta property=\"og:locale\" content=\"es_ES\" \/>\n<meta property=\"og:type\" content=\"article\" \/>\n<meta property=\"og:title\" content=\"D\u00eda mundial del Medio Ambiente: Llaman a una reflexi\u00f3n urgente y a la acci\u00f3n en R\u00edo Gallegos\" \/>\n<meta property=\"og:description\" content=\"Rio Gallegos.-As\u00ed lo hizo la asociaci\u00f3n Ambiente Sur que se suma, junto a otras organizaciones de la comunidad de R\u00edo [&hellip;]\" \/>\n<meta property=\"og:url\" content=\"https:\/\/patagoniambiental.com.ar\/info\/dia-mundial-del-medio-ambiente-llaman-a-una-reflexion-urgente-y-a-la-accion-en-rio-gallegos\/\" \/>\n<meta property=\"og:site_name\" content=\"Patagonia Ambiental\" \/>\n<meta property=\"article:publisher\" content=\"https:\/\/www.facebook.com\/patagonia.ambiental\" \/>\n<meta property=\"article:author\" content=\"https:\/\/www.facebook.com\/share\/1C1V8Gv9BX\/?mibextid=qi2Omg\" \/>\n<meta property=\"article:published_time\" content=\"2019-06-06T10:00:40+00:00\" \/>\n<meta property=\"og:image\" content=\"https:\/\/patagoniambiental.com.ar\/info\/wp-content\/uploads\/2019\/06\/f800x450-101560_153006_0.jpg\" \/>\n\t<meta property=\"og:image:width\" content=\"800\" \/>\n\t<meta property=\"og:image:height\" content=\"450\" \/>\n\t<meta property=\"og:image:type\" content=\"image\/jpeg\" \/>\n<meta name=\"author\" content=\"Patagonia Ambiental\" \/>\n<meta name=\"twitter:card\" content=\"summary_large_image\" \/>\n<meta name=\"twitter:creator\" content=\"@PatAmb\" \/>\n<meta name=\"twitter:site\" content=\"@PatAmb\" \/>\n<script type=\"application\/ld+json\" class=\"yoast-schema-graph\">{\"@context\":\"https:\\\/\\\/schema.org\",\"@graph\":[{\"@type\":\"Article\",\"@id\":\"https:\\\/\\\/patagoniambiental.com.ar\\\/info\\\/dia-mundial-del-medio-ambiente-llaman-a-una-reflexion-urgente-y-a-la-accion-en-rio-gallegos\\\/#article\",\"isPartOf\":{\"@id\":\"https:\\\/\\\/patagoniambiental.com.ar\\\/info\\\/dia-mundial-del-medio-ambiente-llaman-a-una-reflexion-urgente-y-a-la-accion-en-rio-gallegos\\\/\"},\"author\":{\"name\":\"Patagonia Ambiental\",\"@id\":\"https:\\\/\\\/patagoniambiental.com.ar\\\/info\\\/#\\\/schema\\\/person\\\/db12bff64bbcbf6a253710bf0ea37b5d\"},\"headline\":\"D\u00eda mundial del Medio Ambiente: Llaman a una reflexi\u00f3n urgente y a la acci\u00f3n en R\u00edo Gallegos\",\"datePublished\":\"2019-06-06T10:00:40+00:00\",\"mainEntityOfPage\":{\"@id\":\"https:\\\/\\\/patagoniambiental.com.ar\\\/info\\\/dia-mundial-del-medio-ambiente-llaman-a-una-reflexion-urgente-y-a-la-accion-en-rio-gallegos\\\/\"},\"wordCount\":751,\"commentCount\":0,\"publisher\":{\"@id\":\"https:\\\/\\\/patagoniambiental.com.ar\\\/info\\\/#organization\"},\"image\":{\"@id\":\"https:\\\/\\\/patagoniambiental.com.ar\\\/info\\\/dia-mundial-del-medio-ambiente-llaman-a-una-reflexion-urgente-y-a-la-accion-en-rio-gallegos\\\/#primaryimage\"},\"thumbnailUrl\":\"https:\\\/\\\/patagoniambiental.com.ar\\\/info\\\/wp-content\\\/uploads\\\/2019\\\/06\\\/f800x450-101560_153006_0.jpg\",\"articleSection\":[\"Agenda Ambiental\",\"Noticias\",\"ONG\"],\"inLanguage\":\"es\",\"potentialAction\":[{\"@type\":\"CommentAction\",\"name\":\"Comment\",\"target\":[\"https:\\\/\\\/patagoniambiental.com.ar\\\/info\\\/dia-mundial-del-medio-ambiente-llaman-a-una-reflexion-urgente-y-a-la-accion-en-rio-gallegos\\\/#respond\"]}]},{\"@type\":\"WebPage\",\"@id\":\"https:\\\/\\\/patagoniambiental.com.ar\\\/info\\\/dia-mundial-del-medio-ambiente-llaman-a-una-reflexion-urgente-y-a-la-accion-en-rio-gallegos\\\/\",\"url\":\"https:\\\/\\\/patagoniambiental.com.ar\\\/info\\\/dia-mundial-del-medio-ambiente-llaman-a-una-reflexion-urgente-y-a-la-accion-en-rio-gallegos\\\/\",\"name\":\"D\u00eda mundial del Medio Ambiente: Llaman a una reflexi\u00f3n urgente y a la acci\u00f3n en R\u00edo Gallegos\",\"isPartOf\":{\"@id\":\"https:\\\/\\\/patagoniambiental.com.ar\\\/info\\\/#website\"},\"primaryImageOfPage\":{\"@id\":\"https:\\\/\\\/patagoniambiental.com.ar\\\/info\\\/dia-mundial-del-medio-ambiente-llaman-a-una-reflexion-urgente-y-a-la-accion-en-rio-gallegos\\\/#primaryimage\"},\"image\":{\"@id\":\"https:\\\/\\\/patagoniambiental.com.ar\\\/info\\\/dia-mundial-del-medio-ambiente-llaman-a-una-reflexion-urgente-y-a-la-accion-en-rio-gallegos\\\/#primaryimage\"},\"thumbnailUrl\":\"https:\\\/\\\/patagoniambiental.com.ar\\\/info\\\/wp-content\\\/uploads\\\/2019\\\/06\\\/f800x450-101560_153006_0.jpg\",\"datePublished\":\"2019-06-06T10:00:40+00:00\",\"breadcrumb\":{\"@id\":\"https:\\\/\\\/patagoniambiental.com.ar\\\/info\\\/dia-mundial-del-medio-ambiente-llaman-a-una-reflexion-urgente-y-a-la-accion-en-rio-gallegos\\\/#breadcrumb\"},\"inLanguage\":\"es\",\"potentialAction\":[{\"@type\":\"ReadAction\",\"target\":[\"https:\\\/\\\/patagoniambiental.com.ar\\\/info\\\/dia-mundial-del-medio-ambiente-llaman-a-una-reflexion-urgente-y-a-la-accion-en-rio-gallegos\\\/\"]}]},{\"@type\":\"ImageObject\",\"inLanguage\":\"es\",\"@id\":\"https:\\\/\\\/patagoniambiental.com.ar\\\/info\\\/dia-mundial-del-medio-ambiente-llaman-a-una-reflexion-urgente-y-a-la-accion-en-rio-gallegos\\\/#primaryimage\",\"url\":\"https:\\\/\\\/patagoniambiental.com.ar\\\/info\\\/wp-content\\\/uploads\\\/2019\\\/06\\\/f800x450-101560_153006_0.jpg\",\"contentUrl\":\"https:\\\/\\\/patagoniambiental.com.ar\\\/info\\\/wp-content\\\/uploads\\\/2019\\\/06\\\/f800x450-101560_153006_0.jpg\",\"width\":800,\"height\":450},{\"@type\":\"BreadcrumbList\",\"@id\":\"https:\\\/\\\/patagoniambiental.com.ar\\\/info\\\/dia-mundial-del-medio-ambiente-llaman-a-una-reflexion-urgente-y-a-la-accion-en-rio-gallegos\\\/#breadcrumb\",\"itemListElement\":[{\"@type\":\"ListItem\",\"position\":1,\"name\":\"Inicio\",\"item\":\"https:\\\/\\\/patagoniambiental.com.ar\\\/info\\\/\"},{\"@type\":\"ListItem\",\"position\":2,\"name\":\"D\u00eda mundial del Medio Ambiente: Llaman a una reflexi\u00f3n urgente y a la acci\u00f3n en R\u00edo Gallegos\"}]},{\"@type\":\"WebSite\",\"@id\":\"https:\\\/\\\/patagoniambiental.com.ar\\\/info\\\/#website\",\"url\":\"https:\\\/\\\/patagoniambiental.com.ar\\\/info\\\/\",\"name\":\"Patagonia Ambiental\",\"description\":\"Monitoreo y an\u00e1lisis de la situaci\u00f3n geopol\u00edtica en el mundo y su implicancia en la Patagonia\",\"publisher\":{\"@id\":\"https:\\\/\\\/patagoniambiental.com.ar\\\/info\\\/#organization\"},\"potentialAction\":[{\"@type\":\"SearchAction\",\"target\":{\"@type\":\"EntryPoint\",\"urlTemplate\":\"https:\\\/\\\/patagoniambiental.com.ar\\\/info\\\/?s={search_term_string}\"},\"query-input\":{\"@type\":\"PropertyValueSpecification\",\"valueRequired\":true,\"valueName\":\"search_term_string\"}}],\"inLanguage\":\"es\"},{\"@type\":\"Organization\",\"@id\":\"https:\\\/\\\/patagoniambiental.com.ar\\\/info\\\/#organization\",\"name\":\"Patagonia Ambiental\",\"url\":\"https:\\\/\\\/patagoniambiental.com.ar\\\/info\\\/\",\"logo\":{\"@type\":\"ImageObject\",\"inLanguage\":\"es\",\"@id\":\"https:\\\/\\\/patagoniambiental.com.ar\\\/info\\\/#\\\/schema\\\/logo\\\/image\\\/\",\"url\":\"https:\\\/\\\/patagoniambiental.com.ar\\\/info\\\/wp-content\\\/uploads\\\/2025\\\/05\\\/LOGO-PATAGONIA-AMBIENTAL.png\",\"contentUrl\":\"https:\\\/\\\/patagoniambiental.com.ar\\\/info\\\/wp-content\\\/uploads\\\/2025\\\/05\\\/LOGO-PATAGONIA-AMBIENTAL.png\",\"width\":433,\"height\":250,\"caption\":\"Patagonia Ambiental\"},\"image\":{\"@id\":\"https:\\\/\\\/patagoniambiental.com.ar\\\/info\\\/#\\\/schema\\\/logo\\\/image\\\/\"},\"sameAs\":[\"https:\\\/\\\/www.facebook.com\\\/patagonia.ambiental\",\"https:\\\/\\\/x.com\\\/PatAmb\"]},{\"@type\":\"Person\",\"@id\":\"https:\\\/\\\/patagoniambiental.com.ar\\\/info\\\/#\\\/schema\\\/person\\\/db12bff64bbcbf6a253710bf0ea37b5d\",\"name\":\"Patagonia Ambiental\",\"description\":\"Andr\u00e9s Nievas T\u00e9cnico en manejo ambiental, consultor Ambiental y escritor para medios locales e internacionales sobre temas de geopolitica y medio ambiente.\",\"sameAs\":[\"http:\\\/\\\/www.patagoniambiental.com.ar\",\"https:\\\/\\\/www.facebook.com\\\/share\\\/1C1V8Gv9BX\\\/?mibextid=qi2Omg\",\"@patagoniambiental\",\"https:\\\/\\\/youtube.com\\\/@patagoniaambiental2023?si=BLt58t0wuXquxlYZ\"]}]}<\/script>\n<!-- \/ Yoast SEO Premium plugin. -->","yoast_head_json":{"title":"D\u00eda mundial del Medio Ambiente: Llaman a una reflexi\u00f3n urgente y a la acci\u00f3n en R\u00edo Gallegos","robots":{"index":"index","follow":"follow","max-snippet":"max-snippet:-1","max-image-preview":"max-image-preview:large","max-video-preview":"max-video-preview:-1"},"canonical":"https:\/\/patagoniambiental.com.ar\/info\/dia-mundial-del-medio-ambiente-llaman-a-una-reflexion-urgente-y-a-la-accion-en-rio-gallegos\/","og_locale":"es_ES","og_type":"article","og_title":"D\u00eda mundial del Medio Ambiente: Llaman a una reflexi\u00f3n urgente y a la acci\u00f3n en R\u00edo Gallegos","og_description":"Rio Gallegos.-As\u00ed lo hizo la asociaci\u00f3n Ambiente Sur que se suma, junto a otras organizaciones de la comunidad de R\u00edo [&hellip;]","og_url":"https:\/\/patagoniambiental.com.ar\/info\/dia-mundial-del-medio-ambiente-llaman-a-una-reflexion-urgente-y-a-la-accion-en-rio-gallegos\/","og_site_name":"Patagonia Ambiental","article_publisher":"https:\/\/www.facebook.com\/patagonia.ambiental","article_author":"https:\/\/www.facebook.com\/share\/1C1V8Gv9BX\/?mibextid=qi2Omg","article_published_time":"2019-06-06T10:00:40+00:00","og_image":[{"width":800,"height":450,"url":"https:\/\/patagoniambiental.com.ar\/info\/wp-content\/uploads\/2019\/06\/f800x450-101560_153006_0.jpg","type":"image\/jpeg"}],"author":"Patagonia Ambiental","twitter_card":"summary_large_image","twitter_creator":"@PatAmb","twitter_site":"@PatAmb","schema":{"@context":"https:\/\/schema.org","@graph":[{"@type":"Article","@id":"https:\/\/patagoniambiental.com.ar\/info\/dia-mundial-del-medio-ambiente-llaman-a-una-reflexion-urgente-y-a-la-accion-en-rio-gallegos\/#article","isPartOf":{"@id":"https:\/\/patagoniambiental.com.ar\/info\/dia-mundial-del-medio-ambiente-llaman-a-una-reflexion-urgente-y-a-la-accion-en-rio-gallegos\/"},"author":{"name":"Patagonia Ambiental","@id":"https:\/\/patagoniambiental.com.ar\/info\/#\/schema\/person\/db12bff64bbcbf6a253710bf0ea37b5d"},"headline":"D\u00eda mundial del Medio Ambiente: Llaman a una reflexi\u00f3n urgente y a la acci\u00f3n en R\u00edo Gallegos","datePublished":"2019-06-06T10:00:40+00:00","mainEntityOfPage":{"@id":"https:\/\/patagoniambiental.com.ar\/info\/dia-mundial-del-medio-ambiente-llaman-a-una-reflexion-urgente-y-a-la-accion-en-rio-gallegos\/"},"wordCount":751,"commentCount":0,"publisher":{"@id":"https:\/\/patagoniambiental.com.ar\/info\/#organization"},"image":{"@id":"https:\/\/patagoniambiental.com.ar\/info\/dia-mundial-del-medio-ambiente-llaman-a-una-reflexion-urgente-y-a-la-accion-en-rio-gallegos\/#primaryimage"},"thumbnailUrl":"https:\/\/patagoniambiental.com.ar\/info\/wp-content\/uploads\/2019\/06\/f800x450-101560_153006_0.jpg","articleSection":["Agenda Ambiental","Noticias","ONG"],"inLanguage":"es","potentialAction":[{"@type":"CommentAction","name":"Comment","target":["https:\/\/patagoniambiental.com.ar\/info\/dia-mundial-del-medio-ambiente-llaman-a-una-reflexion-urgente-y-a-la-accion-en-rio-gallegos\/#respond"]}]},{"@type":"WebPage","@id":"https:\/\/patagoniambiental.com.ar\/info\/dia-mundial-del-medio-ambiente-llaman-a-una-reflexion-urgente-y-a-la-accion-en-rio-gallegos\/","url":"https:\/\/patagoniambiental.com.ar\/info\/dia-mundial-del-medio-ambiente-llaman-a-una-reflexion-urgente-y-a-la-accion-en-rio-gallegos\/","name":"D\u00eda mundial del Medio Ambiente: Llaman a una reflexi\u00f3n urgente y a la acci\u00f3n en R\u00edo Gallegos","isPartOf":{"@id":"https:\/\/patagoniambiental.com.ar\/info\/#website"},"primaryImageOfPage":{"@id":"https:\/\/patagoniambiental.com.ar\/info\/dia-mundial-del-medio-ambiente-llaman-a-una-reflexion-urgente-y-a-la-accion-en-rio-gallegos\/#primaryimage"},"image":{"@id":"https:\/\/patagoniambiental.com.ar\/info\/dia-mundial-del-medio-ambiente-llaman-a-una-reflexion-urgente-y-a-la-accion-en-rio-gallegos\/#primaryimage"},"thumbnailUrl":"https:\/\/patagoniambiental.com.ar\/info\/wp-content\/uploads\/2019\/06\/f800x450-101560_153006_0.jpg","datePublished":"2019-06-06T10:00:40+00:00","breadcrumb":{"@id":"https:\/\/patagoniambiental.com.ar\/info\/dia-mundial-del-medio-ambiente-llaman-a-una-reflexion-urgente-y-a-la-accion-en-rio-gallegos\/#breadcrumb"},"inLanguage":"es","potentialAction":[{"@type":"ReadAction","target":["https:\/\/patagoniambiental.com.ar\/info\/dia-mundial-del-medio-ambiente-llaman-a-una-reflexion-urgente-y-a-la-accion-en-rio-gallegos\/"]}]},{"@type":"ImageObject","inLanguage":"es","@id":"https:\/\/patagoniambiental.com.ar\/info\/dia-mundial-del-medio-ambiente-llaman-a-una-reflexion-urgente-y-a-la-accion-en-rio-gallegos\/#primaryimage","url":"https:\/\/patagoniambiental.com.ar\/info\/wp-content\/uploads\/2019\/06\/f800x450-101560_153006_0.jpg","contentUrl":"https:\/\/patagoniambiental.com.ar\/info\/wp-content\/uploads\/2019\/06\/f800x450-101560_153006_0.jpg","width":800,"height":450},{"@type":"BreadcrumbList","@id":"https:\/\/patagoniambiental.com.ar\/info\/dia-mundial-del-medio-ambiente-llaman-a-una-reflexion-urgente-y-a-la-accion-en-rio-gallegos\/#breadcrumb","itemListElement":[{"@type":"ListItem","position":1,"name":"Inicio","item":"https:\/\/patagoniambiental.com.ar\/info\/"},{"@type":"ListItem","position":2,"name":"D\u00eda mundial del Medio Ambiente: Llaman a una reflexi\u00f3n urgente y a la acci\u00f3n en R\u00edo Gallegos"}]},{"@type":"WebSite","@id":"https:\/\/patagoniambiental.com.ar\/info\/#website","url":"https:\/\/patagoniambiental.com.ar\/info\/","name":"Patagonia Ambiental","description":"Monitoreo y an\u00e1lisis de la situaci\u00f3n geopol\u00edtica en el mundo y su implicancia en la Patagonia","publisher":{"@id":"https:\/\/patagoniambiental.com.ar\/info\/#organization"},"potentialAction":[{"@type":"SearchAction","target":{"@type":"EntryPoint","urlTemplate":"https:\/\/patagoniambiental.com.ar\/info\/?s={search_term_string}"},"query-input":{"@type":"PropertyValueSpecification","valueRequired":true,"valueName":"search_term_string"}}],"inLanguage":"es"},{"@type":"Organization","@id":"https:\/\/patagoniambiental.com.ar\/info\/#organization","name":"Patagonia Ambiental","url":"https:\/\/patagoniambiental.com.ar\/info\/","logo":{"@type":"ImageObject","inLanguage":"es","@id":"https:\/\/patagoniambiental.com.ar\/info\/#\/schema\/logo\/image\/","url":"https:\/\/patagoniambiental.com.ar\/info\/wp-content\/uploads\/2025\/05\/LOGO-PATAGONIA-AMBIENTAL.png","contentUrl":"https:\/\/patagoniambiental.com.ar\/info\/wp-content\/uploads\/2025\/05\/LOGO-PATAGONIA-AMBIENTAL.png","width":433,"height":250,"caption":"Patagonia Ambiental"},"image":{"@id":"https:\/\/patagoniambiental.com.ar\/info\/#\/schema\/logo\/image\/"},"sameAs":["https:\/\/www.facebook.com\/patagonia.ambiental","https:\/\/x.com\/PatAmb"]},{"@type":"Person","@id":"https:\/\/patagoniambiental.com.ar\/info\/#\/schema\/person\/db12bff64bbcbf6a253710bf0ea37b5d","name":"Patagonia Ambiental","description":"Andr\u00e9s Nievas T\u00e9cnico en manejo ambiental, consultor Ambiental y escritor para medios locales e internacionales sobre temas de geopolitica y medio ambiente.","sameAs":["http:\/\/www.patagoniambiental.com.ar","https:\/\/www.facebook.com\/share\/1C1V8Gv9BX\/?mibextid=qi2Omg","@patagoniambiental","https:\/\/youtube.com\/@patagoniaambiental2023?si=BLt58t0wuXquxlYZ"]}]}},"_links":{"self":[{"href":"https:\/\/patagoniambiental.com.ar\/info\/wp-json\/wp\/v2\/posts\/61690","targetHints":{"allow":["GET"]}}],"collection":[{"href":"https:\/\/patagoniambiental.com.ar\/info\/wp-json\/wp\/v2\/posts"}],"about":[{"href":"https:\/\/patagoniambiental.com.ar\/info\/wp-json\/wp\/v2\/types\/post"}],"author":[{"embeddable":true,"href":"https:\/\/patagoniambiental.com.ar\/info\/wp-json\/wp\/v2\/users\/2"}],"replies":[{"embeddable":true,"href":"https:\/\/patagoniambiental.com.ar\/info\/wp-json\/wp\/v2\/comments?post=61690"}],"version-history":[{"count":0,"href":"https:\/\/patagoniambiental.com.ar\/info\/wp-json\/wp\/v2\/posts\/61690\/revisions"}],"wp:featuredmedia":[{"embeddable":true,"href":"https:\/\/patagoniambiental.com.ar\/info\/wp-json\/wp\/v2\/media\/61691"}],"wp:attachment":[{"href":"https:\/\/patagoniambiental.com.ar\/info\/wp-json\/wp\/v2\/media?parent=61690"}],"wp:term":[{"taxonomy":"category","embeddable":true,"href":"https:\/\/patagoniambiental.com.ar\/info\/wp-json\/wp\/v2\/categories?post=61690"},{"taxonomy":"post_tag","embeddable":true,"href":"https:\/\/patagoniambiental.com.ar\/info\/wp-json\/wp\/v2\/tags?post=61690"}],"curies":[{"name":"wp","href":"https:\/\/api.w.org\/{rel}","templated":true}]}}