{"id":61715,"date":"2019-06-05T19:00:15","date_gmt":"2019-06-05T22:00:15","guid":{"rendered":"http:\/\/patagoniambiental.com.ar\/info\/?p=61715"},"modified":"2019-06-05T15:21:23","modified_gmt":"2019-06-05T18:21:23","slug":"comenzo-el-primer-encuentro-de-especies-nativas-de-neuquen-y-rio-negro","status":"publish","type":"post","link":"https:\/\/patagoniambiental.com.ar\/info\/comenzo-el-primer-encuentro-de-especies-nativas-de-neuquen-y-rio-negro\/","title":{"rendered":"Comenz\u00f3 el primer encuentro de especies nativas de Neuqu\u00e9n y R\u00edo Negro"},"content":{"rendered":"<div class=\"td-post-header td-container\">\n<div class=\"td-post-header-holder sombra\">\n<header class=\"td-post-title\">\n<div class=\"td-module-meta-info\">Neuquen.-Este taller se engloba en las actividades por el d\u00eda mundial del Ambiente y comprende un nutrido cronograma de propuestas que se extienden hasta este viernes 7 de junio, tanto en la ciudad de Neuqu\u00e9n como en el interior.<\/div>\n<\/header>\n<\/div>\n<\/div>\n<p><!--more--><\/p>\n<div class=\"td-container\">\n<div class=\"td-pb-row\">\n<div class=\"td-pb-span8 td-main-content\" role=\"main\">\n<div class=\"td-ss-main-content\">\n<div class=\"td-post-content\">\n<p>En el marco del d\u00eda mundial del Ambiente -que se conmemora hoy 5 de junio- la subsecretar\u00eda de Ambiente de la provincia tiene previsto un extenso cronograma de actividades para su festejo y concientizaci\u00f3n. Las actividades comenzaron hoy y se extienden hasta el viernes con el Primer Encuentro y Exposici\u00f3n de Viveros de Especies Nativas de las provincias de R\u00edo Negro y Neuqu\u00e9n.<\/p>\n<p>Las jornadas re\u00fanen a diversos actores, tales como comunidades mapuche, Estado, universidades y empresas, interesados en la conservaci\u00f3n del ecosistema regional. El objetivo es visibilizar las actividades de los viveros p\u00fablicos y privados, que se dedican a la multiplicaci\u00f3n de plantas nativas.<\/p>\n<p>Los especialistas que se presentar\u00e1n durante la jornada de hoy tratar\u00e1n diferentes tem\u00e1ticas, como pol\u00edticas ambientales y producci\u00f3n de especies nativas; la importancia de la restauraci\u00f3n ecol\u00f3gica y su relaci\u00f3n con los viveros de especies nativas; y la producci\u00f3n de plantas nativas desde la cosmovisi\u00f3n mapuche. Tambi\u00e9n, el rol educativo de los viveros de especies nativas, el caso de la escuela del paraje Charra Ruca, cerca de Huinganco, en el norte neuquino.<\/p>\n<figure id=\"attachment_132336\" class=\"wp-caption aligncenter\"><img fetchpriority=\"high\" decoding=\"async\" class=\"wp-image-132336 size-large\" src=\"https:\/\/www.neuqueninforma.gob.ar\/wp-content\/uploads\/2019\/06\/WEB-SEGUNDA-DIA-DEL-MEDIOAMBIENTE_MG_1077-1024x506.jpg\" sizes=\"(max-width: 640px) 100vw, 640px\" srcset=\"https:\/\/www.neuqueninforma.gob.ar\/wp-content\/uploads\/2019\/06\/WEB-SEGUNDA-DIA-DEL-MEDIOAMBIENTE_MG_1077-1024x506.jpg 1024w, https:\/\/www.neuqueninforma.gob.ar\/wp-content\/uploads\/2019\/06\/WEB-SEGUNDA-DIA-DEL-MEDIOAMBIENTE_MG_1077-300x148.jpg 300w, https:\/\/www.neuqueninforma.gob.ar\/wp-content\/uploads\/2019\/06\/WEB-SEGUNDA-DIA-DEL-MEDIOAMBIENTE_MG_1077-324x160.jpg 324w, https:\/\/www.neuqueninforma.gob.ar\/wp-content\/uploads\/2019\/06\/WEB-SEGUNDA-DIA-DEL-MEDIOAMBIENTE_MG_1077-696x344.jpg 696w, https:\/\/www.neuqueninforma.gob.ar\/wp-content\/uploads\/2019\/06\/WEB-SEGUNDA-DIA-DEL-MEDIOAMBIENTE_MG_1077-1068x528.jpg 1068w, https:\/\/www.neuqueninforma.gob.ar\/wp-content\/uploads\/2019\/06\/WEB-SEGUNDA-DIA-DEL-MEDIOAMBIENTE_MG_1077-850x420.jpg 850w, https:\/\/www.neuqueninforma.gob.ar\/wp-content\/uploads\/2019\/06\/WEB-SEGUNDA-DIA-DEL-MEDIOAMBIENTE_MG_1077-1320x652.jpg 1320w, https:\/\/www.neuqueninforma.gob.ar\/wp-content\/uploads\/2019\/06\/WEB-SEGUNDA-DIA-DEL-MEDIOAMBIENTE_MG_1077.jpg 1403w\" alt=\"\" width=\"640\" height=\"316\" \/><figcaption class=\"wp-caption-text\">Juan de Dios Lucchelli destac\u00f3 \u201clo positivo que resulta la apertura al di\u00e1logo sobre el cuidado del ambiente entre los distintos actores involucrados\u00bb.<\/figcaption><\/figure>\n<p>Adem\u00e1s, se tratar\u00e1n los viveros de especies nativas y la planificaci\u00f3n de espacios verdes urbanos; el origen y visi\u00f3n sobre el futuro uso de las plantas nativas y la micropropagaci\u00f3n de especies de inter\u00e9s ambiental y productivo. Habr\u00e1 talleres sobre especies nativas de la estepa, el monte, la cordillera y el bosque.<\/p>\n<p>De la organizaci\u00f3n de las jornadas participan la secretar\u00eda de Ambiente y Desarrollo Sustentable de la provincia de R\u00edo Negro y la facultad de Ciencias del Ambiente y la Salud (FACIAS) de la Universidad Nacional del Comahue (UNCo).<\/p>\n<p>El acto de apertura de este primer encuentro se desarroll\u00f3 esta ma\u00f1ana en el Sal\u00f3n de Sesiones del Consejo Superior de la Universidad Nacional del Comahue de esta capital, y cont\u00f3 con la presencia del subsecretario de Ambiente, Juan de Dios Lucchelli; la secretaria de Ambiente y Desarrollo Sustentable de R\u00edo Negro, Dina Migani; la decana de la facultad de Ciencias del Ambiente y la Salud de la UNCo., Graciela Silva; y del secretario del Consejo Superior de la UNCo., Atilio Sguazzini; junto a estudiantes y representantes de organizaciones sociales interesadas en el cuidado del ambiente.<\/p>\n<p>Juan de Dios Lucchelli destac\u00f3 \u201clo positivo que resulta la apertura al di\u00e1logo sobre el cuidado del ambiente entre los distintos actores involucrados, como lo son los gobiernos de las dos provincias vecinas, la Universidad del Comahue, las empresas y las comunidades\u201d.<\/p>\n<p>Abog\u00f3 por que \u201cel d\u00eda del ambiente sea todos los d\u00edas\u201d y asegur\u00f3 que \u201cdesde el gobierno de la provincia trabajamos a diario para que esto sea as\u00ed, para que las acciones se extiendan a lo largo de las gestiones, como una pol\u00edtica de Estado englobada dentro del Plan Quinquenal propuesto por el gobernador Omar Guti\u00e9rrez para los pr\u00f3ximos a\u00f1os\u201d.<\/p>\n<p>El subsecretario de Ambiente de Neuqu\u00e9n dijo que \u201cen Neuqu\u00e9n nos encontramos con dos situaciones: una que tiene que ver con el desarrollo demogr\u00e1fico de la provincia, y la segunda que se refiere a las industrias que avanzan en el territorio y que debemos trabajar en la restauraci\u00f3n medio ambiental, en particular sobre la actividad hidrocarbur\u00edfera\u201d.<\/p>\n<p>Por \u00faltimo, reiter\u00f3 que \u201ctanto el gobierno de la provincia, como la Secretar\u00eda de Desarrollo Territorial y Ambiente, como la subsecretar\u00eda de Ambiente, son de puertas abiertas y estamos a disposici\u00f3n de todos los interesados y actores directos, para cualquier requerimiento o para conversar y ponernos de acuerdo, para tender este puente necesario para llevar a la pr\u00e1ctica acciones espec\u00edficas en la conservaci\u00f3n del ecosistema regional\u201d.<\/p>\n<p>Algunos datos relevantes que se difundieron durante la jornada dan cuenta que el Aglomerado Urbano de Neuqu\u00e9n, dentro de la micro regi\u00f3n que abarca desde el Dique Ingeniero Ballester, la zona de Fern\u00e1ndez Oro en R\u00edo Negro y hasta Plottier, en los \u00faltimos diez a\u00f1os (2006-2016) creci\u00f3 en 100.000 personas. Pas\u00f3 de una poblaci\u00f3n \u2013en \u00e1rea extendida- de 9.400 hect\u00e1reas a 14.000 hect\u00e1reas.<\/p>\n<p>Esto quiere decir que se pas\u00f3 de 409.000 a 514.000 personas en lo que hace la Metr\u00f3polis Neuqu\u00e9n que, a su vez, expandi\u00f3 en un 50% su suelo urbano; dicha propagaci\u00f3n de suelo urbano se hizo b\u00e1sicamente en un 65% en \u00e1reas de chacras y un 35% en \u00e1reas de meseta. Sumado que, a la vez que se extendi\u00f3 el suelo urbano, se baj\u00f3 la tasa de densidad de 44 habitantes por hect\u00e1rea a menos de 35 habitantes por hect\u00e1rea.<\/p>\n<p>Esto que sucede en Neuqu\u00e9n va en contraposici\u00f3n con lo que recomiendan las normas mundiales para el desarrollo de ciudades sostenibles, precisamente, evitar la expansi\u00f3n urbana y aumentar la densificaci\u00f3n. Hoy el 66% de la poblaci\u00f3n de la rep\u00fablica argentina vive en 33 concentrados urbanos que tienen m\u00e1s de 100.000 habitantes cada uno. Y este crecimiento se hace a costa de los ecosistemas fr\u00e1giles y da\u00f1ando los ecosistemas naturales.<\/p>\n<p>Cronograma de actividades<\/p>\n<p>Hoy martes 4, por la ma\u00f1ana y en la sede central de la UNCo., habr\u00e1 exposiciones y charlas; mientras que por la tarde se desarrollar\u00e1n talleres de trabajo grupal.<\/p>\n<p>Ma\u00f1ana mi\u00e9rcoles las actividades se trasladar\u00e1n al Parque Central de la ciudad de Neuqu\u00e9n, a partir de las 10 y hasta las 14, donde distintos viveros de la provincia del Neuqu\u00e9n expondr\u00e1n su producci\u00f3n. Adem\u00e1s, se armar\u00e1n composteras.<\/p>\n<p>El jueves 6, de 9 a 17, se llevar\u00e1 a cabo la Expo Ambiental en Plaza Huincul. La cita ser\u00e1 en el gimnasio del Club Petrolero Argentino, donde los asistentes podr\u00e1n visitar stands y habr\u00e1 referentes de Piscicultura de Plottier. Se ofrecer\u00e1n charlas, una muestra de recicladores locales, proyecci\u00f3n de videos, con la presentaci\u00f3n de experiencias en otras localidades, adem\u00e1s se mostrar\u00e1 la bioconstrucci\u00f3n.<\/p>\n<p>Las charlas tratar\u00e1n de poda y arbolado urbano, dictado por la direcci\u00f3n de Educaci\u00f3n Ambiental; compost, con la presentaci\u00f3n de distintos tipos de recetas agroecol\u00f3gicas y org\u00e1nicas; se expondr\u00e1 el trabajo de Piscicultura, a cargo de Jorge Figliolo de Plottier; tambi\u00e9n habr\u00e1 una charla sobre lombricultura, a cargo de Sof\u00eda Hidalgo de Loncopu\u00e9 y una exposici\u00f3n de fardos de pl\u00e1sticos y muestra de chipiado, a cargo de Luis Canale de Pic\u00fan Leuf\u00fa.<\/p>\n<p>Finalmente, el viernes 7, en el Centro Cultural del Oeste \u2013ubicado en Coronel Racedo y Doctor Ram\u00f3n- los vecinos podr\u00e1n participar de un taller para realizar composteras, reciclando y reutilizando desechos biodegradables.<\/p>\n<p>Ese mismo d\u00eda, se realizar\u00e1 una clase pr\u00e1ctica para los alumnos de segundo a\u00f1o del CPEM N\u00b0 69 de Cuenca XV, donde los viveros expondr\u00e1n las caracter\u00edsticas de las especies nativas neuquinas.<\/p>\n<p>El d\u00eda mundial del Ambiente fue establecido por la Asamblea General de Naciones Unidas en su resoluci\u00f3n del 15 de diciembre de 1972 y se celebra desde 1973 el 5 de junio de cada a\u00f1o. El objetivo es sensibilizar a la poblaci\u00f3n mundial en relaci\u00f3n a temas ambientales, intensificando la atenci\u00f3n y la acci\u00f3n pol\u00edtica.<\/p>\n<figure id=\"attachment_132335\" class=\"wp-caption aligncenter\"><img decoding=\"async\" class=\"wp-image-132335 size-large\" src=\"https:\/\/www.neuqueninforma.gob.ar\/wp-content\/uploads\/2019\/06\/WEB-CIERRE-DIA-DEL-MEDIOAMBIENTE_MG_1067-1024x506.jpg\" sizes=\"(max-width: 640px) 100vw, 640px\" srcset=\"https:\/\/www.neuqueninforma.gob.ar\/wp-content\/uploads\/2019\/06\/WEB-CIERRE-DIA-DEL-MEDIOAMBIENTE_MG_1067-1024x506.jpg 1024w, https:\/\/www.neuqueninforma.gob.ar\/wp-content\/uploads\/2019\/06\/WEB-CIERRE-DIA-DEL-MEDIOAMBIENTE_MG_1067-300x148.jpg 300w, https:\/\/www.neuqueninforma.gob.ar\/wp-content\/uploads\/2019\/06\/WEB-CIERRE-DIA-DEL-MEDIOAMBIENTE_MG_1067-324x160.jpg 324w, https:\/\/www.neuqueninforma.gob.ar\/wp-content\/uploads\/2019\/06\/WEB-CIERRE-DIA-DEL-MEDIOAMBIENTE_MG_1067-696x344.jpg 696w, https:\/\/www.neuqueninforma.gob.ar\/wp-content\/uploads\/2019\/06\/WEB-CIERRE-DIA-DEL-MEDIOAMBIENTE_MG_1067-1068x528.jpg 1068w, https:\/\/www.neuqueninforma.gob.ar\/wp-content\/uploads\/2019\/06\/WEB-CIERRE-DIA-DEL-MEDIOAMBIENTE_MG_1067-850x420.jpg 850w, https:\/\/www.neuqueninforma.gob.ar\/wp-content\/uploads\/2019\/06\/WEB-CIERRE-DIA-DEL-MEDIOAMBIENTE_MG_1067-1320x652.jpg 1320w, https:\/\/www.neuqueninforma.gob.ar\/wp-content\/uploads\/2019\/06\/WEB-CIERRE-DIA-DEL-MEDIOAMBIENTE_MG_1067.jpg 1403w\" alt=\"\" width=\"640\" height=\"316\" \/><figcaption class=\"wp-caption-text\">Algunos datos relevantes que se difundieron durante la jornada dan cuenta que el Aglomerado Urbano de Neuqu\u00e9n, dentro de la micro regi\u00f3n que abarca desde el Dique Ingeniero Ballester, la zona de Fern\u00e1ndez Oro en R\u00edo Negro y hasta Plottier, en los \u00faltimos diez a\u00f1os (2006-2016) creci\u00f3 en 100.000 personas.<\/figcaption><\/figure>\n<\/div>\n<div class=\"gallery galleryid-132333 gallery-columns-3 gallery-size-thumbnail\">Fuente: Neuquen Informa<\/div>\n<\/div>\n<\/div>\n<\/div>\n<\/div>\n","protected":false},"excerpt":{"rendered":"<p>Neuquen.-Este taller se engloba en las actividades por el d\u00eda mundial del Ambiente y comprende un nutrido cronograma de propuestas [&hellip;]<\/p>\n","protected":false},"author":2,"featured_media":61716,"comment_status":"open","ping_status":"open","sticky":false,"template":"","format":"standard","meta":{"site-sidebar-layout":"default","site-content-layout":"","ast-site-content-layout":"default","site-content-style":"default","site-sidebar-style":"default","ast-global-header-display":"","ast-banner-title-visibility":"","ast-main-header-display":"","ast-hfb-above-header-display":"","ast-hfb-below-header-display":"","ast-hfb-mobile-header-display":"","site-post-title":"","ast-breadcrumbs-content":"","ast-featured-img":"","footer-sml-layout":"","ast-disable-related-posts":"","theme-transparent-header-meta":"","adv-header-id-meta":"","stick-header-meta":"","header-above-stick-meta":"","header-main-stick-meta":"","header-below-stick-meta":"","astra-migrate-meta-layouts":"default","ast-page-background-enabled":"default","ast-page-background-meta":{"desktop":{"background-color":"var(--ast-global-color-5)","background-image":"","background-repeat":"repeat","background-position":"center center","background-size":"auto","background-attachment":"scroll","background-type":"","background-media":"","overlay-type":"","overlay-color":"","overlay-opacity":"","overlay-gradient":""},"tablet":{"background-color":"","background-image":"","background-repeat":"repeat","background-position":"center center","background-size":"auto","background-attachment":"scroll","background-type":"","background-media":"","overlay-type":"","overlay-color":"","overlay-opacity":"","overlay-gradient":""},"mobile":{"background-color":"","background-image":"","background-repeat":"repeat","background-position":"center center","background-size":"auto","background-attachment":"scroll","background-type":"","background-media":"","overlay-type":"","overlay-color":"","overlay-opacity":"","overlay-gradient":""}},"ast-content-background-meta":{"desktop":{"background-color":"var(--ast-global-color-4)","background-image":"","background-repeat":"repeat","background-position":"center center","background-size":"auto","background-attachment":"scroll","background-type":"","background-media":"","overlay-type":"","overlay-color":"","overlay-opacity":"","overlay-gradient":""},"tablet":{"background-color":"var(--ast-global-color-4)","background-image":"","background-repeat":"repeat","background-position":"center center","background-size":"auto","background-attachment":"scroll","background-type":"","background-media":"","overlay-type":"","overlay-color":"","overlay-opacity":"","overlay-gradient":""},"mobile":{"background-color":"var(--ast-global-color-4)","background-image":"","background-repeat":"repeat","background-position":"center center","background-size":"auto","background-attachment":"scroll","background-type":"","background-media":"","overlay-type":"","overlay-color":"","overlay-opacity":"","overlay-gradient":""}},"footnotes":""},"categories":[12,18,1,13],"tags":[],"class_list":["post-61715","post","type-post","status-publish","format-standard","has-post-thumbnail","hentry","category-agenda-ambiental","category-neuquen","category-noticias","category-provinciales"],"yoast_head":"<!-- This site is optimized with the Yoast SEO Premium plugin v23.0 (Yoast SEO v27.5) - https:\/\/yoast.com\/product\/yoast-seo-premium-wordpress\/ -->\n<title>Comenz\u00f3 el primer encuentro de especies nativas de Neuqu\u00e9n y R\u00edo Negro<\/title>\n<meta name=\"robots\" content=\"index, follow, max-snippet:-1, max-image-preview:large, max-video-preview:-1\" \/>\n<link rel=\"canonical\" href=\"https:\/\/patagoniambiental.com.ar\/info\/comenzo-el-primer-encuentro-de-especies-nativas-de-neuquen-y-rio-negro\/\" \/>\n<meta property=\"og:locale\" content=\"es_ES\" \/>\n<meta property=\"og:type\" content=\"article\" \/>\n<meta property=\"og:title\" content=\"Comenz\u00f3 el primer encuentro de especies nativas de Neuqu\u00e9n y R\u00edo Negro\" \/>\n<meta property=\"og:description\" content=\"Neuquen.-Este taller se engloba en las actividades por el d\u00eda mundial del Ambiente y comprende un nutrido cronograma de propuestas [&hellip;]\" \/>\n<meta property=\"og:url\" content=\"https:\/\/patagoniambiental.com.ar\/info\/comenzo-el-primer-encuentro-de-especies-nativas-de-neuquen-y-rio-negro\/\" \/>\n<meta property=\"og:site_name\" content=\"Patagonia Ambiental\" \/>\n<meta property=\"article:publisher\" content=\"https:\/\/www.facebook.com\/patagonia.ambiental\" \/>\n<meta property=\"article:author\" content=\"https:\/\/www.facebook.com\/share\/1C1V8Gv9BX\/?mibextid=qi2Omg\" \/>\n<meta property=\"article:published_time\" content=\"2019-06-05T22:00:15+00:00\" \/>\n<meta property=\"og:image\" content=\"https:\/\/patagoniambiental.com.ar\/info\/wp-content\/uploads\/2019\/06\/WEB-PRIMERA-DIA-DEL-MEDIOAMBIENTE_MG_1075-1068x528.jpg\" \/>\n\t<meta property=\"og:image:width\" content=\"1068\" \/>\n\t<meta property=\"og:image:height\" content=\"528\" \/>\n\t<meta property=\"og:image:type\" content=\"image\/jpeg\" \/>\n<meta name=\"author\" content=\"Patagonia Ambiental\" \/>\n<meta name=\"twitter:card\" content=\"summary_large_image\" \/>\n<meta name=\"twitter:creator\" content=\"@PatAmb\" \/>\n<meta name=\"twitter:site\" content=\"@PatAmb\" \/>\n<script type=\"application\/ld+json\" class=\"yoast-schema-graph\">{\"@context\":\"https:\\\/\\\/schema.org\",\"@graph\":[{\"@type\":\"Article\",\"@id\":\"https:\\\/\\\/patagoniambiental.com.ar\\\/info\\\/comenzo-el-primer-encuentro-de-especies-nativas-de-neuquen-y-rio-negro\\\/#article\",\"isPartOf\":{\"@id\":\"https:\\\/\\\/patagoniambiental.com.ar\\\/info\\\/comenzo-el-primer-encuentro-de-especies-nativas-de-neuquen-y-rio-negro\\\/\"},\"author\":{\"name\":\"Patagonia Ambiental\",\"@id\":\"https:\\\/\\\/patagoniambiental.com.ar\\\/info\\\/#\\\/schema\\\/person\\\/db12bff64bbcbf6a253710bf0ea37b5d\"},\"headline\":\"Comenz\u00f3 el primer encuentro de especies nativas de Neuqu\u00e9n y R\u00edo Negro\",\"datePublished\":\"2019-06-05T22:00:15+00:00\",\"mainEntityOfPage\":{\"@id\":\"https:\\\/\\\/patagoniambiental.com.ar\\\/info\\\/comenzo-el-primer-encuentro-de-especies-nativas-de-neuquen-y-rio-negro\\\/\"},\"wordCount\":1351,\"commentCount\":0,\"publisher\":{\"@id\":\"https:\\\/\\\/patagoniambiental.com.ar\\\/info\\\/#organization\"},\"image\":{\"@id\":\"https:\\\/\\\/patagoniambiental.com.ar\\\/info\\\/comenzo-el-primer-encuentro-de-especies-nativas-de-neuquen-y-rio-negro\\\/#primaryimage\"},\"thumbnailUrl\":\"https:\\\/\\\/patagoniambiental.com.ar\\\/info\\\/wp-content\\\/uploads\\\/2019\\\/06\\\/WEB-PRIMERA-DIA-DEL-MEDIOAMBIENTE_MG_1075-1068x528.jpg\",\"articleSection\":[\"Agenda Ambiental\",\"Neuqu\u00e9n\",\"Noticias\",\"Provinciales\"],\"inLanguage\":\"es\",\"potentialAction\":[{\"@type\":\"CommentAction\",\"name\":\"Comment\",\"target\":[\"https:\\\/\\\/patagoniambiental.com.ar\\\/info\\\/comenzo-el-primer-encuentro-de-especies-nativas-de-neuquen-y-rio-negro\\\/#respond\"]}]},{\"@type\":\"WebPage\",\"@id\":\"https:\\\/\\\/patagoniambiental.com.ar\\\/info\\\/comenzo-el-primer-encuentro-de-especies-nativas-de-neuquen-y-rio-negro\\\/\",\"url\":\"https:\\\/\\\/patagoniambiental.com.ar\\\/info\\\/comenzo-el-primer-encuentro-de-especies-nativas-de-neuquen-y-rio-negro\\\/\",\"name\":\"Comenz\u00f3 el primer encuentro de especies nativas de Neuqu\u00e9n y R\u00edo Negro\",\"isPartOf\":{\"@id\":\"https:\\\/\\\/patagoniambiental.com.ar\\\/info\\\/#website\"},\"primaryImageOfPage\":{\"@id\":\"https:\\\/\\\/patagoniambiental.com.ar\\\/info\\\/comenzo-el-primer-encuentro-de-especies-nativas-de-neuquen-y-rio-negro\\\/#primaryimage\"},\"image\":{\"@id\":\"https:\\\/\\\/patagoniambiental.com.ar\\\/info\\\/comenzo-el-primer-encuentro-de-especies-nativas-de-neuquen-y-rio-negro\\\/#primaryimage\"},\"thumbnailUrl\":\"https:\\\/\\\/patagoniambiental.com.ar\\\/info\\\/wp-content\\\/uploads\\\/2019\\\/06\\\/WEB-PRIMERA-DIA-DEL-MEDIOAMBIENTE_MG_1075-1068x528.jpg\",\"datePublished\":\"2019-06-05T22:00:15+00:00\",\"breadcrumb\":{\"@id\":\"https:\\\/\\\/patagoniambiental.com.ar\\\/info\\\/comenzo-el-primer-encuentro-de-especies-nativas-de-neuquen-y-rio-negro\\\/#breadcrumb\"},\"inLanguage\":\"es\",\"potentialAction\":[{\"@type\":\"ReadAction\",\"target\":[\"https:\\\/\\\/patagoniambiental.com.ar\\\/info\\\/comenzo-el-primer-encuentro-de-especies-nativas-de-neuquen-y-rio-negro\\\/\"]}]},{\"@type\":\"ImageObject\",\"inLanguage\":\"es\",\"@id\":\"https:\\\/\\\/patagoniambiental.com.ar\\\/info\\\/comenzo-el-primer-encuentro-de-especies-nativas-de-neuquen-y-rio-negro\\\/#primaryimage\",\"url\":\"https:\\\/\\\/patagoniambiental.com.ar\\\/info\\\/wp-content\\\/uploads\\\/2019\\\/06\\\/WEB-PRIMERA-DIA-DEL-MEDIOAMBIENTE_MG_1075-1068x528.jpg\",\"contentUrl\":\"https:\\\/\\\/patagoniambiental.com.ar\\\/info\\\/wp-content\\\/uploads\\\/2019\\\/06\\\/WEB-PRIMERA-DIA-DEL-MEDIOAMBIENTE_MG_1075-1068x528.jpg\",\"width\":1068,\"height\":528},{\"@type\":\"BreadcrumbList\",\"@id\":\"https:\\\/\\\/patagoniambiental.com.ar\\\/info\\\/comenzo-el-primer-encuentro-de-especies-nativas-de-neuquen-y-rio-negro\\\/#breadcrumb\",\"itemListElement\":[{\"@type\":\"ListItem\",\"position\":1,\"name\":\"Inicio\",\"item\":\"https:\\\/\\\/patagoniambiental.com.ar\\\/info\\\/\"},{\"@type\":\"ListItem\",\"position\":2,\"name\":\"Comenz\u00f3 el primer encuentro de especies nativas de Neuqu\u00e9n y R\u00edo Negro\"}]},{\"@type\":\"WebSite\",\"@id\":\"https:\\\/\\\/patagoniambiental.com.ar\\\/info\\\/#website\",\"url\":\"https:\\\/\\\/patagoniambiental.com.ar\\\/info\\\/\",\"name\":\"Patagonia Ambiental\",\"description\":\"Monitoreo y an\u00e1lisis de la situaci\u00f3n geopol\u00edtica en el mundo y su implicancia en la Patagonia\",\"publisher\":{\"@id\":\"https:\\\/\\\/patagoniambiental.com.ar\\\/info\\\/#organization\"},\"potentialAction\":[{\"@type\":\"SearchAction\",\"target\":{\"@type\":\"EntryPoint\",\"urlTemplate\":\"https:\\\/\\\/patagoniambiental.com.ar\\\/info\\\/?s={search_term_string}\"},\"query-input\":{\"@type\":\"PropertyValueSpecification\",\"valueRequired\":true,\"valueName\":\"search_term_string\"}}],\"inLanguage\":\"es\"},{\"@type\":\"Organization\",\"@id\":\"https:\\\/\\\/patagoniambiental.com.ar\\\/info\\\/#organization\",\"name\":\"Patagonia Ambiental\",\"url\":\"https:\\\/\\\/patagoniambiental.com.ar\\\/info\\\/\",\"logo\":{\"@type\":\"ImageObject\",\"inLanguage\":\"es\",\"@id\":\"https:\\\/\\\/patagoniambiental.com.ar\\\/info\\\/#\\\/schema\\\/logo\\\/image\\\/\",\"url\":\"https:\\\/\\\/patagoniambiental.com.ar\\\/info\\\/wp-content\\\/uploads\\\/2025\\\/05\\\/LOGO-PATAGONIA-AMBIENTAL.png\",\"contentUrl\":\"https:\\\/\\\/patagoniambiental.com.ar\\\/info\\\/wp-content\\\/uploads\\\/2025\\\/05\\\/LOGO-PATAGONIA-AMBIENTAL.png\",\"width\":433,\"height\":250,\"caption\":\"Patagonia Ambiental\"},\"image\":{\"@id\":\"https:\\\/\\\/patagoniambiental.com.ar\\\/info\\\/#\\\/schema\\\/logo\\\/image\\\/\"},\"sameAs\":[\"https:\\\/\\\/www.facebook.com\\\/patagonia.ambiental\",\"https:\\\/\\\/x.com\\\/PatAmb\"]},{\"@type\":\"Person\",\"@id\":\"https:\\\/\\\/patagoniambiental.com.ar\\\/info\\\/#\\\/schema\\\/person\\\/db12bff64bbcbf6a253710bf0ea37b5d\",\"name\":\"Patagonia Ambiental\",\"description\":\"Andr\u00e9s Nievas T\u00e9cnico en manejo ambiental, consultor Ambiental y escritor para medios locales e internacionales sobre temas de geopolitica y medio ambiente.\",\"sameAs\":[\"http:\\\/\\\/www.patagoniambiental.com.ar\",\"https:\\\/\\\/www.facebook.com\\\/share\\\/1C1V8Gv9BX\\\/?mibextid=qi2Omg\",\"@patagoniambiental\",\"https:\\\/\\\/youtube.com\\\/@patagoniaambiental2023?si=BLt58t0wuXquxlYZ\"]}]}<\/script>\n<!-- \/ Yoast SEO Premium plugin. -->","yoast_head_json":{"title":"Comenz\u00f3 el primer encuentro de especies nativas de Neuqu\u00e9n y R\u00edo Negro","robots":{"index":"index","follow":"follow","max-snippet":"max-snippet:-1","max-image-preview":"max-image-preview:large","max-video-preview":"max-video-preview:-1"},"canonical":"https:\/\/patagoniambiental.com.ar\/info\/comenzo-el-primer-encuentro-de-especies-nativas-de-neuquen-y-rio-negro\/","og_locale":"es_ES","og_type":"article","og_title":"Comenz\u00f3 el primer encuentro de especies nativas de Neuqu\u00e9n y R\u00edo Negro","og_description":"Neuquen.-Este taller se engloba en las actividades por el d\u00eda mundial del Ambiente y comprende un nutrido cronograma de propuestas [&hellip;]","og_url":"https:\/\/patagoniambiental.com.ar\/info\/comenzo-el-primer-encuentro-de-especies-nativas-de-neuquen-y-rio-negro\/","og_site_name":"Patagonia Ambiental","article_publisher":"https:\/\/www.facebook.com\/patagonia.ambiental","article_author":"https:\/\/www.facebook.com\/share\/1C1V8Gv9BX\/?mibextid=qi2Omg","article_published_time":"2019-06-05T22:00:15+00:00","og_image":[{"width":1068,"height":528,"url":"https:\/\/patagoniambiental.com.ar\/info\/wp-content\/uploads\/2019\/06\/WEB-PRIMERA-DIA-DEL-MEDIOAMBIENTE_MG_1075-1068x528.jpg","type":"image\/jpeg"}],"author":"Patagonia Ambiental","twitter_card":"summary_large_image","twitter_creator":"@PatAmb","twitter_site":"@PatAmb","schema":{"@context":"https:\/\/schema.org","@graph":[{"@type":"Article","@id":"https:\/\/patagoniambiental.com.ar\/info\/comenzo-el-primer-encuentro-de-especies-nativas-de-neuquen-y-rio-negro\/#article","isPartOf":{"@id":"https:\/\/patagoniambiental.com.ar\/info\/comenzo-el-primer-encuentro-de-especies-nativas-de-neuquen-y-rio-negro\/"},"author":{"name":"Patagonia Ambiental","@id":"https:\/\/patagoniambiental.com.ar\/info\/#\/schema\/person\/db12bff64bbcbf6a253710bf0ea37b5d"},"headline":"Comenz\u00f3 el primer encuentro de especies nativas de Neuqu\u00e9n y R\u00edo Negro","datePublished":"2019-06-05T22:00:15+00:00","mainEntityOfPage":{"@id":"https:\/\/patagoniambiental.com.ar\/info\/comenzo-el-primer-encuentro-de-especies-nativas-de-neuquen-y-rio-negro\/"},"wordCount":1351,"commentCount":0,"publisher":{"@id":"https:\/\/patagoniambiental.com.ar\/info\/#organization"},"image":{"@id":"https:\/\/patagoniambiental.com.ar\/info\/comenzo-el-primer-encuentro-de-especies-nativas-de-neuquen-y-rio-negro\/#primaryimage"},"thumbnailUrl":"https:\/\/patagoniambiental.com.ar\/info\/wp-content\/uploads\/2019\/06\/WEB-PRIMERA-DIA-DEL-MEDIOAMBIENTE_MG_1075-1068x528.jpg","articleSection":["Agenda Ambiental","Neuqu\u00e9n","Noticias","Provinciales"],"inLanguage":"es","potentialAction":[{"@type":"CommentAction","name":"Comment","target":["https:\/\/patagoniambiental.com.ar\/info\/comenzo-el-primer-encuentro-de-especies-nativas-de-neuquen-y-rio-negro\/#respond"]}]},{"@type":"WebPage","@id":"https:\/\/patagoniambiental.com.ar\/info\/comenzo-el-primer-encuentro-de-especies-nativas-de-neuquen-y-rio-negro\/","url":"https:\/\/patagoniambiental.com.ar\/info\/comenzo-el-primer-encuentro-de-especies-nativas-de-neuquen-y-rio-negro\/","name":"Comenz\u00f3 el primer encuentro de especies nativas de Neuqu\u00e9n y R\u00edo Negro","isPartOf":{"@id":"https:\/\/patagoniambiental.com.ar\/info\/#website"},"primaryImageOfPage":{"@id":"https:\/\/patagoniambiental.com.ar\/info\/comenzo-el-primer-encuentro-de-especies-nativas-de-neuquen-y-rio-negro\/#primaryimage"},"image":{"@id":"https:\/\/patagoniambiental.com.ar\/info\/comenzo-el-primer-encuentro-de-especies-nativas-de-neuquen-y-rio-negro\/#primaryimage"},"thumbnailUrl":"https:\/\/patagoniambiental.com.ar\/info\/wp-content\/uploads\/2019\/06\/WEB-PRIMERA-DIA-DEL-MEDIOAMBIENTE_MG_1075-1068x528.jpg","datePublished":"2019-06-05T22:00:15+00:00","breadcrumb":{"@id":"https:\/\/patagoniambiental.com.ar\/info\/comenzo-el-primer-encuentro-de-especies-nativas-de-neuquen-y-rio-negro\/#breadcrumb"},"inLanguage":"es","potentialAction":[{"@type":"ReadAction","target":["https:\/\/patagoniambiental.com.ar\/info\/comenzo-el-primer-encuentro-de-especies-nativas-de-neuquen-y-rio-negro\/"]}]},{"@type":"ImageObject","inLanguage":"es","@id":"https:\/\/patagoniambiental.com.ar\/info\/comenzo-el-primer-encuentro-de-especies-nativas-de-neuquen-y-rio-negro\/#primaryimage","url":"https:\/\/patagoniambiental.com.ar\/info\/wp-content\/uploads\/2019\/06\/WEB-PRIMERA-DIA-DEL-MEDIOAMBIENTE_MG_1075-1068x528.jpg","contentUrl":"https:\/\/patagoniambiental.com.ar\/info\/wp-content\/uploads\/2019\/06\/WEB-PRIMERA-DIA-DEL-MEDIOAMBIENTE_MG_1075-1068x528.jpg","width":1068,"height":528},{"@type":"BreadcrumbList","@id":"https:\/\/patagoniambiental.com.ar\/info\/comenzo-el-primer-encuentro-de-especies-nativas-de-neuquen-y-rio-negro\/#breadcrumb","itemListElement":[{"@type":"ListItem","position":1,"name":"Inicio","item":"https:\/\/patagoniambiental.com.ar\/info\/"},{"@type":"ListItem","position":2,"name":"Comenz\u00f3 el primer encuentro de especies nativas de Neuqu\u00e9n y R\u00edo Negro"}]},{"@type":"WebSite","@id":"https:\/\/patagoniambiental.com.ar\/info\/#website","url":"https:\/\/patagoniambiental.com.ar\/info\/","name":"Patagonia Ambiental","description":"Monitoreo y an\u00e1lisis de la situaci\u00f3n geopol\u00edtica en el mundo y su implicancia en la Patagonia","publisher":{"@id":"https:\/\/patagoniambiental.com.ar\/info\/#organization"},"potentialAction":[{"@type":"SearchAction","target":{"@type":"EntryPoint","urlTemplate":"https:\/\/patagoniambiental.com.ar\/info\/?s={search_term_string}"},"query-input":{"@type":"PropertyValueSpecification","valueRequired":true,"valueName":"search_term_string"}}],"inLanguage":"es"},{"@type":"Organization","@id":"https:\/\/patagoniambiental.com.ar\/info\/#organization","name":"Patagonia Ambiental","url":"https:\/\/patagoniambiental.com.ar\/info\/","logo":{"@type":"ImageObject","inLanguage":"es","@id":"https:\/\/patagoniambiental.com.ar\/info\/#\/schema\/logo\/image\/","url":"https:\/\/patagoniambiental.com.ar\/info\/wp-content\/uploads\/2025\/05\/LOGO-PATAGONIA-AMBIENTAL.png","contentUrl":"https:\/\/patagoniambiental.com.ar\/info\/wp-content\/uploads\/2025\/05\/LOGO-PATAGONIA-AMBIENTAL.png","width":433,"height":250,"caption":"Patagonia Ambiental"},"image":{"@id":"https:\/\/patagoniambiental.com.ar\/info\/#\/schema\/logo\/image\/"},"sameAs":["https:\/\/www.facebook.com\/patagonia.ambiental","https:\/\/x.com\/PatAmb"]},{"@type":"Person","@id":"https:\/\/patagoniambiental.com.ar\/info\/#\/schema\/person\/db12bff64bbcbf6a253710bf0ea37b5d","name":"Patagonia Ambiental","description":"Andr\u00e9s Nievas T\u00e9cnico en manejo ambiental, consultor Ambiental y escritor para medios locales e internacionales sobre temas de geopolitica y medio ambiente.","sameAs":["http:\/\/www.patagoniambiental.com.ar","https:\/\/www.facebook.com\/share\/1C1V8Gv9BX\/?mibextid=qi2Omg","@patagoniambiental","https:\/\/youtube.com\/@patagoniaambiental2023?si=BLt58t0wuXquxlYZ"]}]}},"_links":{"self":[{"href":"https:\/\/patagoniambiental.com.ar\/info\/wp-json\/wp\/v2\/posts\/61715","targetHints":{"allow":["GET"]}}],"collection":[{"href":"https:\/\/patagoniambiental.com.ar\/info\/wp-json\/wp\/v2\/posts"}],"about":[{"href":"https:\/\/patagoniambiental.com.ar\/info\/wp-json\/wp\/v2\/types\/post"}],"author":[{"embeddable":true,"href":"https:\/\/patagoniambiental.com.ar\/info\/wp-json\/wp\/v2\/users\/2"}],"replies":[{"embeddable":true,"href":"https:\/\/patagoniambiental.com.ar\/info\/wp-json\/wp\/v2\/comments?post=61715"}],"version-history":[{"count":0,"href":"https:\/\/patagoniambiental.com.ar\/info\/wp-json\/wp\/v2\/posts\/61715\/revisions"}],"wp:featuredmedia":[{"embeddable":true,"href":"https:\/\/patagoniambiental.com.ar\/info\/wp-json\/wp\/v2\/media\/61716"}],"wp:attachment":[{"href":"https:\/\/patagoniambiental.com.ar\/info\/wp-json\/wp\/v2\/media?parent=61715"}],"wp:term":[{"taxonomy":"category","embeddable":true,"href":"https:\/\/patagoniambiental.com.ar\/info\/wp-json\/wp\/v2\/categories?post=61715"},{"taxonomy":"post_tag","embeddable":true,"href":"https:\/\/patagoniambiental.com.ar\/info\/wp-json\/wp\/v2\/tags?post=61715"}],"curies":[{"name":"wp","href":"https:\/\/api.w.org\/{rel}","templated":true}]}}