{"id":61809,"date":"2019-06-10T19:00:05","date_gmt":"2019-06-10T22:00:05","guid":{"rendered":"http:\/\/patagoniambiental.com.ar\/info\/?p=61809"},"modified":"2019-06-10T09:43:26","modified_gmt":"2019-06-10T12:43:26","slug":"bariloche-ambiente-solicito-un-informe-de-investigacion-por-el-derrame-de-combustible-en-el-cerro-catedral","status":"publish","type":"post","link":"https:\/\/patagoniambiental.com.ar\/info\/bariloche-ambiente-solicito-un-informe-de-investigacion-por-el-derrame-de-combustible-en-el-cerro-catedral\/","title":{"rendered":"Bariloche:  Ambiente solicit\u00f3 un informe de investigaci\u00f3n por el derrame de combustible en el cerro Catedral"},"content":{"rendered":"<div>Bariloche.-La Secretar\u00eda de Ambiente solicit\u00f3 a la empresa Catedral Alta Patagonia S.A que presente un informe de investigaci\u00f3n del incidente a fin de establecer las causas del derrame de combustible y dar inicio al plan de remediaci\u00f3n en la zona afectada.<\/div>\n<p><!--more--><\/p>\n<div><\/div>\n<div id=\"x_cuerpo\">\n<p>A su vez, se le solicit\u00f3 a la empresa que adopte las medidas preventivas necesarias para evitar su recurrencia.<br \/>\nEl incidente ocurri\u00f3 el mi\u00e9rcoles pasado en la l\u00ednea de conducci\u00f3n de gas oil desde la estaci\u00f3n plaza a conexi\u00f3n.<br \/>\nAyer personal t\u00e9cnico de Ambiente de provincia junto al DPA, realizaron una inspecci\u00f3n al sitio del evento, constatando que se trataba de la rotura de una ca\u00f1er\u00eda de acero de una pulgada ubicada sobre el camino central, en proximidades al cruce con la telesilla Nube.<br \/>\nLos organismos evaluaron el \u00e1rea afectada, tomaron muestras de suelo (y de agua por parte del DPA), y consensuaron en el lugar con personal de la empresa las acciones de\u00a0 saneamiento a implementar en forma inmediata.<br \/>\nEl seguimiento del plan de remediaci\u00f3n ser\u00e1 efectuado por personal de la delegaci\u00f3n local de la SAyDS, en coordinaci\u00f3n con las dem\u00e1s instituciones intervinientes. Adem\u00e1s, se encuentra en evaluaci\u00f3n por parte departamento de legales del organismo, la imputaci\u00f3n de incumplimiento a la empresa.<\/p>\n<\/div>\n<p>Fuente:<br \/>\nM\u00e1s informaci\u00f3n:\u00a0<a id=\"LPlnk619053\" href=\"http:\/\/www.rionegro.gov.ar\/?contID=52443\" target=\"_blank\" rel=\"noopener noreferrer\" data-auth=\"NotApplicable\">http:\/\/www.rionegro.gov.ar\/?contID=52443<\/a><\/p>\n","protected":false},"excerpt":{"rendered":"<p>Bariloche.-La Secretar\u00eda de Ambiente solicit\u00f3 a la empresa Catedral Alta Patagonia S.A que presente un informe de investigaci\u00f3n del incidente [&hellip;]<\/p>\n","protected":false},"author":2,"featured_media":46656,"comment_status":"open","ping_status":"open","sticky":false,"template":"","format":"standard","meta":{"site-sidebar-layout":"default","site-content-layout":"","ast-site-content-layout":"default","site-content-style":"default","site-sidebar-style":"default","ast-global-header-display":"","ast-banner-title-visibility":"","ast-main-header-display":"","ast-hfb-above-header-display":"","ast-hfb-below-header-display":"","ast-hfb-mobile-header-display":"","site-post-title":"","ast-breadcrumbs-content":"","ast-featured-img":"","footer-sml-layout":"","ast-disable-related-posts":"","theme-transparent-header-meta":"","adv-header-id-meta":"","stick-header-meta":"","header-above-stick-meta":"","header-main-stick-meta":"","header-below-stick-meta":"","astra-migrate-meta-layouts":"default","ast-page-background-enabled":"default","ast-page-background-meta":{"desktop":{"background-color":"var(--ast-global-color-5)","background-image":"","background-repeat":"repeat","background-position":"center center","background-size":"auto","background-attachment":"scroll","background-type":"","background-media":"","overlay-type":"","overlay-color":"","overlay-opacity":"","overlay-gradient":""},"tablet":{"background-color":"","background-image":"","background-repeat":"repeat","background-position":"center center","background-size":"auto","background-attachment":"scroll","background-type":"","background-media":"","overlay-type":"","overlay-color":"","overlay-opacity":"","overlay-gradient":""},"mobile":{"background-color":"","background-image":"","background-repeat":"repeat","background-position":"center center","background-size":"auto","background-attachment":"scroll","background-type":"","background-media":"","overlay-type":"","overlay-color":"","overlay-opacity":"","overlay-gradient":""}},"ast-content-background-meta":{"desktop":{"background-color":"var(--ast-global-color-4)","background-image":"","background-repeat":"repeat","background-position":"center center","background-size":"auto","background-attachment":"scroll","background-type":"","background-media":"","overlay-type":"","overlay-color":"","overlay-opacity":"","overlay-gradient":""},"tablet":{"background-color":"var(--ast-global-color-4)","background-image":"","background-repeat":"repeat","background-position":"center center","background-size":"auto","background-attachment":"scroll","background-type":"","background-media":"","overlay-type":"","overlay-color":"","overlay-opacity":"","overlay-gradient":""},"mobile":{"background-color":"var(--ast-global-color-4)","background-image":"","background-repeat":"repeat","background-position":"center center","background-size":"auto","background-attachment":"scroll","background-type":"","background-media":"","overlay-type":"","overlay-color":"","overlay-opacity":"","overlay-gradient":""}},"footnotes":""},"categories":[1,13,14],"tags":[],"class_list":["post-61809","post","type-post","status-publish","format-standard","has-post-thumbnail","hentry","category-noticias","category-provinciales","category-rio-negro"],"yoast_head":"<!-- This site is optimized with the Yoast SEO Premium plugin v23.0 (Yoast SEO v27.5) - https:\/\/yoast.com\/product\/yoast-seo-premium-wordpress\/ -->\n<title>Bariloche: Ambiente solicit\u00f3 un informe de investigaci\u00f3n por el derrame de combustible en el cerro Catedral<\/title>\n<meta name=\"robots\" content=\"index, follow, max-snippet:-1, max-image-preview:large, max-video-preview:-1\" \/>\n<link rel=\"canonical\" href=\"https:\/\/patagoniambiental.com.ar\/info\/bariloche-ambiente-solicito-un-informe-de-investigacion-por-el-derrame-de-combustible-en-el-cerro-catedral\/\" \/>\n<meta property=\"og:locale\" content=\"es_ES\" \/>\n<meta property=\"og:type\" content=\"article\" \/>\n<meta property=\"og:title\" content=\"Bariloche: Ambiente solicit\u00f3 un informe de investigaci\u00f3n por el derrame de combustible en el cerro Catedral\" \/>\n<meta property=\"og:description\" content=\"Bariloche.-La Secretar\u00eda de Ambiente solicit\u00f3 a la empresa Catedral Alta Patagonia S.A que presente un informe de investigaci\u00f3n del incidente [&hellip;]\" \/>\n<meta property=\"og:url\" content=\"https:\/\/patagoniambiental.com.ar\/info\/bariloche-ambiente-solicito-un-informe-de-investigacion-por-el-derrame-de-combustible-en-el-cerro-catedral\/\" \/>\n<meta property=\"og:site_name\" content=\"Patagonia Ambiental\" \/>\n<meta property=\"article:publisher\" content=\"https:\/\/www.facebook.com\/patagonia.ambiental\" \/>\n<meta property=\"article:author\" content=\"https:\/\/www.facebook.com\/share\/1C1V8Gv9BX\/?mibextid=qi2Omg\" \/>\n<meta property=\"article:published_time\" content=\"2019-06-10T22:00:05+00:00\" \/>\n<meta property=\"og:image\" content=\"https:\/\/patagoniambiental.com.ar\/info\/wp-content\/uploads\/2018\/05\/cerro-bariloche.jpg\" \/>\n\t<meta property=\"og:image:width\" content=\"1024\" \/>\n\t<meta property=\"og:image:height\" content=\"680\" \/>\n\t<meta property=\"og:image:type\" content=\"image\/jpeg\" \/>\n<meta name=\"author\" content=\"Patagonia Ambiental\" \/>\n<meta name=\"twitter:card\" content=\"summary_large_image\" \/>\n<meta name=\"twitter:creator\" content=\"@PatAmb\" \/>\n<meta name=\"twitter:site\" content=\"@PatAmb\" \/>\n<script type=\"application\/ld+json\" class=\"yoast-schema-graph\">{\"@context\":\"https:\\\/\\\/schema.org\",\"@graph\":[{\"@type\":\"Article\",\"@id\":\"https:\\\/\\\/patagoniambiental.com.ar\\\/info\\\/bariloche-ambiente-solicito-un-informe-de-investigacion-por-el-derrame-de-combustible-en-el-cerro-catedral\\\/#article\",\"isPartOf\":{\"@id\":\"https:\\\/\\\/patagoniambiental.com.ar\\\/info\\\/bariloche-ambiente-solicito-un-informe-de-investigacion-por-el-derrame-de-combustible-en-el-cerro-catedral\\\/\"},\"author\":{\"name\":\"Patagonia Ambiental\",\"@id\":\"https:\\\/\\\/patagoniambiental.com.ar\\\/info\\\/#\\\/schema\\\/person\\\/db12bff64bbcbf6a253710bf0ea37b5d\"},\"headline\":\"Bariloche: Ambiente solicit\u00f3 un informe de investigaci\u00f3n por el derrame de combustible en el cerro Catedral\",\"datePublished\":\"2019-06-10T22:00:05+00:00\",\"mainEntityOfPage\":{\"@id\":\"https:\\\/\\\/patagoniambiental.com.ar\\\/info\\\/bariloche-ambiente-solicito-un-informe-de-investigacion-por-el-derrame-de-combustible-en-el-cerro-catedral\\\/\"},\"wordCount\":253,\"commentCount\":0,\"publisher\":{\"@id\":\"https:\\\/\\\/patagoniambiental.com.ar\\\/info\\\/#organization\"},\"image\":{\"@id\":\"https:\\\/\\\/patagoniambiental.com.ar\\\/info\\\/bariloche-ambiente-solicito-un-informe-de-investigacion-por-el-derrame-de-combustible-en-el-cerro-catedral\\\/#primaryimage\"},\"thumbnailUrl\":\"https:\\\/\\\/patagoniambiental.com.ar\\\/info\\\/wp-content\\\/uploads\\\/2018\\\/05\\\/cerro-bariloche.jpg\",\"articleSection\":[\"Noticias\",\"Provinciales\",\"R\u00edo Negro\"],\"inLanguage\":\"es\",\"potentialAction\":[{\"@type\":\"CommentAction\",\"name\":\"Comment\",\"target\":[\"https:\\\/\\\/patagoniambiental.com.ar\\\/info\\\/bariloche-ambiente-solicito-un-informe-de-investigacion-por-el-derrame-de-combustible-en-el-cerro-catedral\\\/#respond\"]}]},{\"@type\":\"WebPage\",\"@id\":\"https:\\\/\\\/patagoniambiental.com.ar\\\/info\\\/bariloche-ambiente-solicito-un-informe-de-investigacion-por-el-derrame-de-combustible-en-el-cerro-catedral\\\/\",\"url\":\"https:\\\/\\\/patagoniambiental.com.ar\\\/info\\\/bariloche-ambiente-solicito-un-informe-de-investigacion-por-el-derrame-de-combustible-en-el-cerro-catedral\\\/\",\"name\":\"Bariloche: Ambiente solicit\u00f3 un informe de investigaci\u00f3n por el derrame de combustible en el cerro Catedral\",\"isPartOf\":{\"@id\":\"https:\\\/\\\/patagoniambiental.com.ar\\\/info\\\/#website\"},\"primaryImageOfPage\":{\"@id\":\"https:\\\/\\\/patagoniambiental.com.ar\\\/info\\\/bariloche-ambiente-solicito-un-informe-de-investigacion-por-el-derrame-de-combustible-en-el-cerro-catedral\\\/#primaryimage\"},\"image\":{\"@id\":\"https:\\\/\\\/patagoniambiental.com.ar\\\/info\\\/bariloche-ambiente-solicito-un-informe-de-investigacion-por-el-derrame-de-combustible-en-el-cerro-catedral\\\/#primaryimage\"},\"thumbnailUrl\":\"https:\\\/\\\/patagoniambiental.com.ar\\\/info\\\/wp-content\\\/uploads\\\/2018\\\/05\\\/cerro-bariloche.jpg\",\"datePublished\":\"2019-06-10T22:00:05+00:00\",\"breadcrumb\":{\"@id\":\"https:\\\/\\\/patagoniambiental.com.ar\\\/info\\\/bariloche-ambiente-solicito-un-informe-de-investigacion-por-el-derrame-de-combustible-en-el-cerro-catedral\\\/#breadcrumb\"},\"inLanguage\":\"es\",\"potentialAction\":[{\"@type\":\"ReadAction\",\"target\":[\"https:\\\/\\\/patagoniambiental.com.ar\\\/info\\\/bariloche-ambiente-solicito-un-informe-de-investigacion-por-el-derrame-de-combustible-en-el-cerro-catedral\\\/\"]}]},{\"@type\":\"ImageObject\",\"inLanguage\":\"es\",\"@id\":\"https:\\\/\\\/patagoniambiental.com.ar\\\/info\\\/bariloche-ambiente-solicito-un-informe-de-investigacion-por-el-derrame-de-combustible-en-el-cerro-catedral\\\/#primaryimage\",\"url\":\"https:\\\/\\\/patagoniambiental.com.ar\\\/info\\\/wp-content\\\/uploads\\\/2018\\\/05\\\/cerro-bariloche.jpg\",\"contentUrl\":\"https:\\\/\\\/patagoniambiental.com.ar\\\/info\\\/wp-content\\\/uploads\\\/2018\\\/05\\\/cerro-bariloche.jpg\",\"width\":1024,\"height\":680},{\"@type\":\"BreadcrumbList\",\"@id\":\"https:\\\/\\\/patagoniambiental.com.ar\\\/info\\\/bariloche-ambiente-solicito-un-informe-de-investigacion-por-el-derrame-de-combustible-en-el-cerro-catedral\\\/#breadcrumb\",\"itemListElement\":[{\"@type\":\"ListItem\",\"position\":1,\"name\":\"Inicio\",\"item\":\"https:\\\/\\\/patagoniambiental.com.ar\\\/info\\\/\"},{\"@type\":\"ListItem\",\"position\":2,\"name\":\"Bariloche: Ambiente solicit\u00f3 un informe de investigaci\u00f3n por el derrame de combustible en el cerro Catedral\"}]},{\"@type\":\"WebSite\",\"@id\":\"https:\\\/\\\/patagoniambiental.com.ar\\\/info\\\/#website\",\"url\":\"https:\\\/\\\/patagoniambiental.com.ar\\\/info\\\/\",\"name\":\"Patagonia Ambiental\",\"description\":\"Monitoreo y an\u00e1lisis de la situaci\u00f3n geopol\u00edtica en el mundo y su implicancia en la Patagonia\",\"publisher\":{\"@id\":\"https:\\\/\\\/patagoniambiental.com.ar\\\/info\\\/#organization\"},\"potentialAction\":[{\"@type\":\"SearchAction\",\"target\":{\"@type\":\"EntryPoint\",\"urlTemplate\":\"https:\\\/\\\/patagoniambiental.com.ar\\\/info\\\/?s={search_term_string}\"},\"query-input\":{\"@type\":\"PropertyValueSpecification\",\"valueRequired\":true,\"valueName\":\"search_term_string\"}}],\"inLanguage\":\"es\"},{\"@type\":\"Organization\",\"@id\":\"https:\\\/\\\/patagoniambiental.com.ar\\\/info\\\/#organization\",\"name\":\"Patagonia Ambiental\",\"url\":\"https:\\\/\\\/patagoniambiental.com.ar\\\/info\\\/\",\"logo\":{\"@type\":\"ImageObject\",\"inLanguage\":\"es\",\"@id\":\"https:\\\/\\\/patagoniambiental.com.ar\\\/info\\\/#\\\/schema\\\/logo\\\/image\\\/\",\"url\":\"https:\\\/\\\/patagoniambiental.com.ar\\\/info\\\/wp-content\\\/uploads\\\/2025\\\/05\\\/LOGO-PATAGONIA-AMBIENTAL.png\",\"contentUrl\":\"https:\\\/\\\/patagoniambiental.com.ar\\\/info\\\/wp-content\\\/uploads\\\/2025\\\/05\\\/LOGO-PATAGONIA-AMBIENTAL.png\",\"width\":433,\"height\":250,\"caption\":\"Patagonia Ambiental\"},\"image\":{\"@id\":\"https:\\\/\\\/patagoniambiental.com.ar\\\/info\\\/#\\\/schema\\\/logo\\\/image\\\/\"},\"sameAs\":[\"https:\\\/\\\/www.facebook.com\\\/patagonia.ambiental\",\"https:\\\/\\\/x.com\\\/PatAmb\"]},{\"@type\":\"Person\",\"@id\":\"https:\\\/\\\/patagoniambiental.com.ar\\\/info\\\/#\\\/schema\\\/person\\\/db12bff64bbcbf6a253710bf0ea37b5d\",\"name\":\"Patagonia Ambiental\",\"description\":\"Andr\u00e9s Nievas T\u00e9cnico en manejo ambiental, consultor Ambiental y escritor para medios locales e internacionales sobre temas de geopolitica y medio ambiente.\",\"sameAs\":[\"http:\\\/\\\/www.patagoniambiental.com.ar\",\"https:\\\/\\\/www.facebook.com\\\/share\\\/1C1V8Gv9BX\\\/?mibextid=qi2Omg\",\"@patagoniambiental\",\"https:\\\/\\\/youtube.com\\\/@patagoniaambiental2023?si=BLt58t0wuXquxlYZ\"]}]}<\/script>\n<!-- \/ Yoast SEO Premium plugin. -->","yoast_head_json":{"title":"Bariloche: Ambiente solicit\u00f3 un informe de investigaci\u00f3n por el derrame de combustible en el cerro Catedral","robots":{"index":"index","follow":"follow","max-snippet":"max-snippet:-1","max-image-preview":"max-image-preview:large","max-video-preview":"max-video-preview:-1"},"canonical":"https:\/\/patagoniambiental.com.ar\/info\/bariloche-ambiente-solicito-un-informe-de-investigacion-por-el-derrame-de-combustible-en-el-cerro-catedral\/","og_locale":"es_ES","og_type":"article","og_title":"Bariloche: Ambiente solicit\u00f3 un informe de investigaci\u00f3n por el derrame de combustible en el cerro Catedral","og_description":"Bariloche.-La Secretar\u00eda de Ambiente solicit\u00f3 a la empresa Catedral Alta Patagonia S.A que presente un informe de investigaci\u00f3n del incidente [&hellip;]","og_url":"https:\/\/patagoniambiental.com.ar\/info\/bariloche-ambiente-solicito-un-informe-de-investigacion-por-el-derrame-de-combustible-en-el-cerro-catedral\/","og_site_name":"Patagonia Ambiental","article_publisher":"https:\/\/www.facebook.com\/patagonia.ambiental","article_author":"https:\/\/www.facebook.com\/share\/1C1V8Gv9BX\/?mibextid=qi2Omg","article_published_time":"2019-06-10T22:00:05+00:00","og_image":[{"width":1024,"height":680,"url":"https:\/\/patagoniambiental.com.ar\/info\/wp-content\/uploads\/2018\/05\/cerro-bariloche.jpg","type":"image\/jpeg"}],"author":"Patagonia Ambiental","twitter_card":"summary_large_image","twitter_creator":"@PatAmb","twitter_site":"@PatAmb","schema":{"@context":"https:\/\/schema.org","@graph":[{"@type":"Article","@id":"https:\/\/patagoniambiental.com.ar\/info\/bariloche-ambiente-solicito-un-informe-de-investigacion-por-el-derrame-de-combustible-en-el-cerro-catedral\/#article","isPartOf":{"@id":"https:\/\/patagoniambiental.com.ar\/info\/bariloche-ambiente-solicito-un-informe-de-investigacion-por-el-derrame-de-combustible-en-el-cerro-catedral\/"},"author":{"name":"Patagonia Ambiental","@id":"https:\/\/patagoniambiental.com.ar\/info\/#\/schema\/person\/db12bff64bbcbf6a253710bf0ea37b5d"},"headline":"Bariloche: Ambiente solicit\u00f3 un informe de investigaci\u00f3n por el derrame de combustible en el cerro Catedral","datePublished":"2019-06-10T22:00:05+00:00","mainEntityOfPage":{"@id":"https:\/\/patagoniambiental.com.ar\/info\/bariloche-ambiente-solicito-un-informe-de-investigacion-por-el-derrame-de-combustible-en-el-cerro-catedral\/"},"wordCount":253,"commentCount":0,"publisher":{"@id":"https:\/\/patagoniambiental.com.ar\/info\/#organization"},"image":{"@id":"https:\/\/patagoniambiental.com.ar\/info\/bariloche-ambiente-solicito-un-informe-de-investigacion-por-el-derrame-de-combustible-en-el-cerro-catedral\/#primaryimage"},"thumbnailUrl":"https:\/\/patagoniambiental.com.ar\/info\/wp-content\/uploads\/2018\/05\/cerro-bariloche.jpg","articleSection":["Noticias","Provinciales","R\u00edo Negro"],"inLanguage":"es","potentialAction":[{"@type":"CommentAction","name":"Comment","target":["https:\/\/patagoniambiental.com.ar\/info\/bariloche-ambiente-solicito-un-informe-de-investigacion-por-el-derrame-de-combustible-en-el-cerro-catedral\/#respond"]}]},{"@type":"WebPage","@id":"https:\/\/patagoniambiental.com.ar\/info\/bariloche-ambiente-solicito-un-informe-de-investigacion-por-el-derrame-de-combustible-en-el-cerro-catedral\/","url":"https:\/\/patagoniambiental.com.ar\/info\/bariloche-ambiente-solicito-un-informe-de-investigacion-por-el-derrame-de-combustible-en-el-cerro-catedral\/","name":"Bariloche: Ambiente solicit\u00f3 un informe de investigaci\u00f3n por el derrame de combustible en el cerro Catedral","isPartOf":{"@id":"https:\/\/patagoniambiental.com.ar\/info\/#website"},"primaryImageOfPage":{"@id":"https:\/\/patagoniambiental.com.ar\/info\/bariloche-ambiente-solicito-un-informe-de-investigacion-por-el-derrame-de-combustible-en-el-cerro-catedral\/#primaryimage"},"image":{"@id":"https:\/\/patagoniambiental.com.ar\/info\/bariloche-ambiente-solicito-un-informe-de-investigacion-por-el-derrame-de-combustible-en-el-cerro-catedral\/#primaryimage"},"thumbnailUrl":"https:\/\/patagoniambiental.com.ar\/info\/wp-content\/uploads\/2018\/05\/cerro-bariloche.jpg","datePublished":"2019-06-10T22:00:05+00:00","breadcrumb":{"@id":"https:\/\/patagoniambiental.com.ar\/info\/bariloche-ambiente-solicito-un-informe-de-investigacion-por-el-derrame-de-combustible-en-el-cerro-catedral\/#breadcrumb"},"inLanguage":"es","potentialAction":[{"@type":"ReadAction","target":["https:\/\/patagoniambiental.com.ar\/info\/bariloche-ambiente-solicito-un-informe-de-investigacion-por-el-derrame-de-combustible-en-el-cerro-catedral\/"]}]},{"@type":"ImageObject","inLanguage":"es","@id":"https:\/\/patagoniambiental.com.ar\/info\/bariloche-ambiente-solicito-un-informe-de-investigacion-por-el-derrame-de-combustible-en-el-cerro-catedral\/#primaryimage","url":"https:\/\/patagoniambiental.com.ar\/info\/wp-content\/uploads\/2018\/05\/cerro-bariloche.jpg","contentUrl":"https:\/\/patagoniambiental.com.ar\/info\/wp-content\/uploads\/2018\/05\/cerro-bariloche.jpg","width":1024,"height":680},{"@type":"BreadcrumbList","@id":"https:\/\/patagoniambiental.com.ar\/info\/bariloche-ambiente-solicito-un-informe-de-investigacion-por-el-derrame-de-combustible-en-el-cerro-catedral\/#breadcrumb","itemListElement":[{"@type":"ListItem","position":1,"name":"Inicio","item":"https:\/\/patagoniambiental.com.ar\/info\/"},{"@type":"ListItem","position":2,"name":"Bariloche: Ambiente solicit\u00f3 un informe de investigaci\u00f3n por el derrame de combustible en el cerro Catedral"}]},{"@type":"WebSite","@id":"https:\/\/patagoniambiental.com.ar\/info\/#website","url":"https:\/\/patagoniambiental.com.ar\/info\/","name":"Patagonia Ambiental","description":"Monitoreo y an\u00e1lisis de la situaci\u00f3n geopol\u00edtica en el mundo y su implicancia en la Patagonia","publisher":{"@id":"https:\/\/patagoniambiental.com.ar\/info\/#organization"},"potentialAction":[{"@type":"SearchAction","target":{"@type":"EntryPoint","urlTemplate":"https:\/\/patagoniambiental.com.ar\/info\/?s={search_term_string}"},"query-input":{"@type":"PropertyValueSpecification","valueRequired":true,"valueName":"search_term_string"}}],"inLanguage":"es"},{"@type":"Organization","@id":"https:\/\/patagoniambiental.com.ar\/info\/#organization","name":"Patagonia Ambiental","url":"https:\/\/patagoniambiental.com.ar\/info\/","logo":{"@type":"ImageObject","inLanguage":"es","@id":"https:\/\/patagoniambiental.com.ar\/info\/#\/schema\/logo\/image\/","url":"https:\/\/patagoniambiental.com.ar\/info\/wp-content\/uploads\/2025\/05\/LOGO-PATAGONIA-AMBIENTAL.png","contentUrl":"https:\/\/patagoniambiental.com.ar\/info\/wp-content\/uploads\/2025\/05\/LOGO-PATAGONIA-AMBIENTAL.png","width":433,"height":250,"caption":"Patagonia Ambiental"},"image":{"@id":"https:\/\/patagoniambiental.com.ar\/info\/#\/schema\/logo\/image\/"},"sameAs":["https:\/\/www.facebook.com\/patagonia.ambiental","https:\/\/x.com\/PatAmb"]},{"@type":"Person","@id":"https:\/\/patagoniambiental.com.ar\/info\/#\/schema\/person\/db12bff64bbcbf6a253710bf0ea37b5d","name":"Patagonia Ambiental","description":"Andr\u00e9s Nievas T\u00e9cnico en manejo ambiental, consultor Ambiental y escritor para medios locales e internacionales sobre temas de geopolitica y medio ambiente.","sameAs":["http:\/\/www.patagoniambiental.com.ar","https:\/\/www.facebook.com\/share\/1C1V8Gv9BX\/?mibextid=qi2Omg","@patagoniambiental","https:\/\/youtube.com\/@patagoniaambiental2023?si=BLt58t0wuXquxlYZ"]}]}},"_links":{"self":[{"href":"https:\/\/patagoniambiental.com.ar\/info\/wp-json\/wp\/v2\/posts\/61809","targetHints":{"allow":["GET"]}}],"collection":[{"href":"https:\/\/patagoniambiental.com.ar\/info\/wp-json\/wp\/v2\/posts"}],"about":[{"href":"https:\/\/patagoniambiental.com.ar\/info\/wp-json\/wp\/v2\/types\/post"}],"author":[{"embeddable":true,"href":"https:\/\/patagoniambiental.com.ar\/info\/wp-json\/wp\/v2\/users\/2"}],"replies":[{"embeddable":true,"href":"https:\/\/patagoniambiental.com.ar\/info\/wp-json\/wp\/v2\/comments?post=61809"}],"version-history":[{"count":0,"href":"https:\/\/patagoniambiental.com.ar\/info\/wp-json\/wp\/v2\/posts\/61809\/revisions"}],"wp:featuredmedia":[{"embeddable":true,"href":"https:\/\/patagoniambiental.com.ar\/info\/wp-json\/wp\/v2\/media\/46656"}],"wp:attachment":[{"href":"https:\/\/patagoniambiental.com.ar\/info\/wp-json\/wp\/v2\/media?parent=61809"}],"wp:term":[{"taxonomy":"category","embeddable":true,"href":"https:\/\/patagoniambiental.com.ar\/info\/wp-json\/wp\/v2\/categories?post=61809"},{"taxonomy":"post_tag","embeddable":true,"href":"https:\/\/patagoniambiental.com.ar\/info\/wp-json\/wp\/v2\/tags?post=61809"}],"curies":[{"name":"wp","href":"https:\/\/api.w.org\/{rel}","templated":true}]}}