{"id":61817,"date":"2019-06-11T07:00:26","date_gmt":"2019-06-11T10:00:26","guid":{"rendered":"http:\/\/patagoniambiental.com.ar\/info\/?p=61817"},"modified":"2019-06-10T10:34:40","modified_gmt":"2019-06-10T13:34:40","slug":"muestra-fotografica-argentina-y-la-verificacion-de-la-teoria-de-la-relatividad","status":"publish","type":"post","link":"https:\/\/patagoniambiental.com.ar\/info\/muestra-fotografica-argentina-y-la-verificacion-de-la-teoria-de-la-relatividad\/","title":{"rendered":"Muestra fotografica: Argentina y la verificaci\u00f3n de la teor\u00eda de la\u00a0relatividad"},"content":{"rendered":"<div>\n<p class=\"x_gmail-m_6529478690186067629gmail-m_2596113538886117233gmail-Normal1\"><i>Bariloche, 10 de junio de 2019<\/i>.- Hasta el 15 de julio hay tiempo para visitar la muestra fotogr\u00e1fica\u00a0<i>Argentina y la verificaci\u00f3n de la teor\u00eda de la relatividad\u00a0<\/i>que se encuentra exhibida en el hall de entrada de la Sede Andina de la Universidad Nacional de R\u00edo Negro, Mitre 630, Bariloche.<\/p>\n<p><!--more--><\/p>\n<p class=\"x_gmail-CuerpoA\">\n<p class=\"x_gmail-CuerpoA\"><a name=\"x___DdeLink__24_2106041650\"><\/a>La muestra es una compilaci\u00f3n del Archivo Hist\u00f3rico del Observatorio Astron\u00f3mico de C\u00f3rdoba y documenta los esfuerzos realizados por nuestro pa\u00eds para lograr la verificaci\u00f3n observacional de la Teor\u00eda General de la Relatividad, formulada en 1915 por Albert Einstein. Dichos intentos empezaron a\u00f1os antes, cuando Einstein comunic\u00f3 los primeros resultados preliminares.<\/p>\n<p class=\"x_gmail-CuerpoA\">\n<p class=\"x_gmail-CuerpoA\">El extraordinario experimento necesitaba de observaciones de precisi\u00f3n realizadas durante un eclipse total de Sol. La movilizaci\u00f3n del equipamiento necesario, un desaf\u00edo de por s\u00ed, pudo realizarse mientras se cont\u00f3 con la aprobaci\u00f3n y financiamiento, pero el objetivo se vio m\u00e1s de una vez frustrado por las condiciones meteorol\u00f3gicas.<\/p>\n<p class=\"x_gmail-CuerpoA\">\n<p class=\"x_MsoNormal\">Las im\u00e1genes son digitalizaciones realizadas por Santiago Paolantonio, de placas y documentos del observatorio. La exhibici\u00f3n de la muestra se enmarca en el centenario de la Uni\u00f3n Astron\u00f3mica Internacional y en consideraci\u00f3n del eclipse total de Sol del pr\u00f3ximo 2 de julio.<\/p>\n<\/div>\n<p>&nbsp;<\/p>\n<div>\n<div><\/div>\n<\/div>\n<p>Fuente:<\/p>\n<div class=\"x_gmail_signature\" dir=\"ltr\">\n<div dir=\"ltr\">\n<div>\n<div dir=\"ltr\">\n<div>\n<div dir=\"ltr\">\n<div dir=\"ltr\">\n<div dir=\"ltr\">\n<div dir=\"ltr\">\n<div dir=\"ltr\">\n<div dir=\"ltr\">\n<div>Departamento de Comunicaci\u00f3n<br \/>\nUniversidad Nacional de R\u00edo Negro &#8211; Sede Andina<br \/>\nMitre 630 1\u00ba \u00abB\u00bb &#8211; San Carlos de Bariloche<br \/>\n(0294) 443 1801 &#8211; Int. 14<br \/>\n<a href=\"mailto:comunicacion.andina@unrn.edu.ar\" target=\"_blank\" rel=\"noopener noreferrer\" data-auth=\"NotApplicable\">comunicacion.andina@unrn.edu.ar<\/a><br \/>\n<a href=\"http:\/\/www.unrn.edu.ar\/\" target=\"_blank\" rel=\"noopener noreferrer\" data-auth=\"NotApplicable\">www.unrn.edu.ar<\/a><br \/>\n<a href=\"http:\/\/sedeandina.unrn.edu.ar\/\" target=\"_blank\" rel=\"noopener noreferrer\" data-auth=\"NotApplicable\">http:\/\/sedeandina.unrn.edu.ar<\/a><br \/>\n<b><span style=\"color: #073763;\">Facebook:<\/span>\u00a0<\/b><a href=\"http:\/\/www.facebook.com\/unrnsedeandina\" target=\"_blank\" rel=\"noopener noreferrer\" data-auth=\"NotApplicable\">https:\/\/www.facebook.com\/unrnsedeandina<\/a><br \/>\n<b><span style=\"color: #073763;\">Twitter<a href=\"https:\/\/twitter.com\/unrnsedeandina?lang=es\" target=\"_blank\" rel=\"noopener noreferrer\" data-auth=\"NotApplicable\">:<\/a><\/span><\/b><span style=\"color: #073763;\">\u00a0<\/span><a href=\"https:\/\/twitter.com\/unrnsedeandina\" target=\"_blank\" rel=\"noopener noreferrer\" data-auth=\"NotApplicable\">@unrnsedeandina<\/a><\/div>\n<div>\n<p><b><span style=\"color: #073763;\">Intagram<\/span><\/b><b>:\u00a0<a href=\"https:\/\/www.instagram.com\/unrionegro\/\" target=\"_blank\" rel=\"noopener noreferrer\" data-auth=\"NotApplicable\">Instagram\/@unrionegro<\/a><\/b><\/p>\n<p><a href=\"http:\/\/www.unrn.tv\/\" target=\"_blank\" rel=\"noopener noreferrer\" data-auth=\"NotApplicable\">www.unrn.tv<\/a><\/p>\n<p><a href=\"http:\/\/www.raund.media\/\" target=\"_blank\" rel=\"noopener noreferrer\" data-auth=\"NotApplicable\">www.raund.media<\/a><\/p>\n<\/div>\n<\/div>\n<\/div>\n<\/div>\n<\/div>\n<\/div>\n<\/div>\n<\/div>\n<\/div>\n<\/div>\n<\/div>\n<\/div>\n","protected":false},"excerpt":{"rendered":"<p>Bariloche, 10 de junio de 2019.- Hasta el 15 de julio hay tiempo para visitar la muestra fotogr\u00e1fica\u00a0Argentina y la [&hellip;]<\/p>\n","protected":false},"author":2,"featured_media":61818,"comment_status":"open","ping_status":"open","sticky":false,"template":"","format":"standard","meta":{"site-sidebar-layout":"default","site-content-layout":"","ast-site-content-layout":"default","site-content-style":"default","site-sidebar-style":"default","ast-global-header-display":"","ast-banner-title-visibility":"","ast-main-header-display":"","ast-hfb-above-header-display":"","ast-hfb-below-header-display":"","ast-hfb-mobile-header-display":"","site-post-title":"","ast-breadcrumbs-content":"","ast-featured-img":"","footer-sml-layout":"","ast-disable-related-posts":"","theme-transparent-header-meta":"","adv-header-id-meta":"","stick-header-meta":"","header-above-stick-meta":"","header-main-stick-meta":"","header-below-stick-meta":"","astra-migrate-meta-layouts":"default","ast-page-background-enabled":"default","ast-page-background-meta":{"desktop":{"background-color":"var(--ast-global-color-5)","background-image":"","background-repeat":"repeat","background-position":"center center","background-size":"auto","background-attachment":"scroll","background-type":"","background-media":"","overlay-type":"","overlay-color":"","overlay-opacity":"","overlay-gradient":""},"tablet":{"background-color":"","background-image":"","background-repeat":"repeat","background-position":"center center","background-size":"auto","background-attachment":"scroll","background-type":"","background-media":"","overlay-type":"","overlay-color":"","overlay-opacity":"","overlay-gradient":""},"mobile":{"background-color":"","background-image":"","background-repeat":"repeat","background-position":"center center","background-size":"auto","background-attachment":"scroll","background-type":"","background-media":"","overlay-type":"","overlay-color":"","overlay-opacity":"","overlay-gradient":""}},"ast-content-background-meta":{"desktop":{"background-color":"var(--ast-global-color-4)","background-image":"","background-repeat":"repeat","background-position":"center center","background-size":"auto","background-attachment":"scroll","background-type":"","background-media":"","overlay-type":"","overlay-color":"","overlay-opacity":"","overlay-gradient":""},"tablet":{"background-color":"var(--ast-global-color-4)","background-image":"","background-repeat":"repeat","background-position":"center center","background-size":"auto","background-attachment":"scroll","background-type":"","background-media":"","overlay-type":"","overlay-color":"","overlay-opacity":"","overlay-gradient":""},"mobile":{"background-color":"var(--ast-global-color-4)","background-image":"","background-repeat":"repeat","background-position":"center center","background-size":"auto","background-attachment":"scroll","background-type":"","background-media":"","overlay-type":"","overlay-color":"","overlay-opacity":"","overlay-gradient":""}},"footnotes":""},"categories":[12,1],"tags":[],"class_list":["post-61817","post","type-post","status-publish","format-standard","has-post-thumbnail","hentry","category-agenda-ambiental","category-noticias"],"yoast_head":"<!-- This site is optimized with the Yoast SEO Premium plugin v23.0 (Yoast SEO v27.5) - https:\/\/yoast.com\/product\/yoast-seo-premium-wordpress\/ -->\n<title>Muestra fotografica: Argentina y la verificaci\u00f3n de la teor\u00eda de la\u00a0relatividad<\/title>\n<meta name=\"robots\" content=\"index, follow, max-snippet:-1, max-image-preview:large, max-video-preview:-1\" \/>\n<link rel=\"canonical\" href=\"https:\/\/patagoniambiental.com.ar\/info\/muestra-fotografica-argentina-y-la-verificacion-de-la-teoria-de-la-relatividad\/\" \/>\n<meta property=\"og:locale\" content=\"es_ES\" \/>\n<meta property=\"og:type\" content=\"article\" \/>\n<meta property=\"og:title\" content=\"Muestra fotografica: Argentina y la verificaci\u00f3n de la teor\u00eda de la\u00a0relatividad\" \/>\n<meta property=\"og:description\" content=\"Bariloche, 10 de junio de 2019.- Hasta el 15 de julio hay tiempo para visitar la muestra fotogr\u00e1fica\u00a0Argentina y la [&hellip;]\" \/>\n<meta property=\"og:url\" content=\"https:\/\/patagoniambiental.com.ar\/info\/muestra-fotografica-argentina-y-la-verificacion-de-la-teoria-de-la-relatividad\/\" \/>\n<meta property=\"og:site_name\" content=\"Patagonia Ambiental\" \/>\n<meta property=\"article:publisher\" content=\"https:\/\/www.facebook.com\/patagonia.ambiental\" \/>\n<meta property=\"article:author\" content=\"https:\/\/www.facebook.com\/share\/1C1V8Gv9BX\/?mibextid=qi2Omg\" \/>\n<meta property=\"article:published_time\" content=\"2019-06-11T10:00:26+00:00\" \/>\n<meta property=\"og:image\" content=\"https:\/\/patagoniambiental.com.ar\/info\/wp-content\/uploads\/2019\/06\/thumbnail_IMG_5514.jpg\" \/>\n\t<meta property=\"og:image:width\" content=\"1280\" \/>\n\t<meta property=\"og:image:height\" content=\"853\" \/>\n\t<meta property=\"og:image:type\" content=\"image\/jpeg\" \/>\n<meta name=\"author\" content=\"Patagonia Ambiental\" \/>\n<meta name=\"twitter:card\" content=\"summary_large_image\" \/>\n<meta name=\"twitter:creator\" content=\"@PatAmb\" \/>\n<meta name=\"twitter:site\" content=\"@PatAmb\" \/>\n<script type=\"application\/ld+json\" class=\"yoast-schema-graph\">{\"@context\":\"https:\\\/\\\/schema.org\",\"@graph\":[{\"@type\":\"Article\",\"@id\":\"https:\\\/\\\/patagoniambiental.com.ar\\\/info\\\/muestra-fotografica-argentina-y-la-verificacion-de-la-teoria-de-la-relatividad\\\/#article\",\"isPartOf\":{\"@id\":\"https:\\\/\\\/patagoniambiental.com.ar\\\/info\\\/muestra-fotografica-argentina-y-la-verificacion-de-la-teoria-de-la-relatividad\\\/\"},\"author\":{\"name\":\"Patagonia Ambiental\",\"@id\":\"https:\\\/\\\/patagoniambiental.com.ar\\\/info\\\/#\\\/schema\\\/person\\\/db12bff64bbcbf6a253710bf0ea37b5d\"},\"headline\":\"Muestra fotografica: Argentina y la verificaci\u00f3n de la teor\u00eda de la\u00a0relatividad\",\"datePublished\":\"2019-06-11T10:00:26+00:00\",\"mainEntityOfPage\":{\"@id\":\"https:\\\/\\\/patagoniambiental.com.ar\\\/info\\\/muestra-fotografica-argentina-y-la-verificacion-de-la-teoria-de-la-relatividad\\\/\"},\"wordCount\":281,\"commentCount\":0,\"publisher\":{\"@id\":\"https:\\\/\\\/patagoniambiental.com.ar\\\/info\\\/#organization\"},\"image\":{\"@id\":\"https:\\\/\\\/patagoniambiental.com.ar\\\/info\\\/muestra-fotografica-argentina-y-la-verificacion-de-la-teoria-de-la-relatividad\\\/#primaryimage\"},\"thumbnailUrl\":\"https:\\\/\\\/patagoniambiental.com.ar\\\/info\\\/wp-content\\\/uploads\\\/2019\\\/06\\\/thumbnail_IMG_5514.jpg\",\"articleSection\":[\"Agenda Ambiental\",\"Noticias\"],\"inLanguage\":\"es\",\"potentialAction\":[{\"@type\":\"CommentAction\",\"name\":\"Comment\",\"target\":[\"https:\\\/\\\/patagoniambiental.com.ar\\\/info\\\/muestra-fotografica-argentina-y-la-verificacion-de-la-teoria-de-la-relatividad\\\/#respond\"]}]},{\"@type\":\"WebPage\",\"@id\":\"https:\\\/\\\/patagoniambiental.com.ar\\\/info\\\/muestra-fotografica-argentina-y-la-verificacion-de-la-teoria-de-la-relatividad\\\/\",\"url\":\"https:\\\/\\\/patagoniambiental.com.ar\\\/info\\\/muestra-fotografica-argentina-y-la-verificacion-de-la-teoria-de-la-relatividad\\\/\",\"name\":\"Muestra fotografica: Argentina y la verificaci\u00f3n de la teor\u00eda de la\u00a0relatividad\",\"isPartOf\":{\"@id\":\"https:\\\/\\\/patagoniambiental.com.ar\\\/info\\\/#website\"},\"primaryImageOfPage\":{\"@id\":\"https:\\\/\\\/patagoniambiental.com.ar\\\/info\\\/muestra-fotografica-argentina-y-la-verificacion-de-la-teoria-de-la-relatividad\\\/#primaryimage\"},\"image\":{\"@id\":\"https:\\\/\\\/patagoniambiental.com.ar\\\/info\\\/muestra-fotografica-argentina-y-la-verificacion-de-la-teoria-de-la-relatividad\\\/#primaryimage\"},\"thumbnailUrl\":\"https:\\\/\\\/patagoniambiental.com.ar\\\/info\\\/wp-content\\\/uploads\\\/2019\\\/06\\\/thumbnail_IMG_5514.jpg\",\"datePublished\":\"2019-06-11T10:00:26+00:00\",\"breadcrumb\":{\"@id\":\"https:\\\/\\\/patagoniambiental.com.ar\\\/info\\\/muestra-fotografica-argentina-y-la-verificacion-de-la-teoria-de-la-relatividad\\\/#breadcrumb\"},\"inLanguage\":\"es\",\"potentialAction\":[{\"@type\":\"ReadAction\",\"target\":[\"https:\\\/\\\/patagoniambiental.com.ar\\\/info\\\/muestra-fotografica-argentina-y-la-verificacion-de-la-teoria-de-la-relatividad\\\/\"]}]},{\"@type\":\"ImageObject\",\"inLanguage\":\"es\",\"@id\":\"https:\\\/\\\/patagoniambiental.com.ar\\\/info\\\/muestra-fotografica-argentina-y-la-verificacion-de-la-teoria-de-la-relatividad\\\/#primaryimage\",\"url\":\"https:\\\/\\\/patagoniambiental.com.ar\\\/info\\\/wp-content\\\/uploads\\\/2019\\\/06\\\/thumbnail_IMG_5514.jpg\",\"contentUrl\":\"https:\\\/\\\/patagoniambiental.com.ar\\\/info\\\/wp-content\\\/uploads\\\/2019\\\/06\\\/thumbnail_IMG_5514.jpg\",\"width\":900,\"height\":600},{\"@type\":\"BreadcrumbList\",\"@id\":\"https:\\\/\\\/patagoniambiental.com.ar\\\/info\\\/muestra-fotografica-argentina-y-la-verificacion-de-la-teoria-de-la-relatividad\\\/#breadcrumb\",\"itemListElement\":[{\"@type\":\"ListItem\",\"position\":1,\"name\":\"Inicio\",\"item\":\"https:\\\/\\\/patagoniambiental.com.ar\\\/info\\\/\"},{\"@type\":\"ListItem\",\"position\":2,\"name\":\"Muestra fotografica: Argentina y la verificaci\u00f3n de la teor\u00eda de la\u00a0relatividad\"}]},{\"@type\":\"WebSite\",\"@id\":\"https:\\\/\\\/patagoniambiental.com.ar\\\/info\\\/#website\",\"url\":\"https:\\\/\\\/patagoniambiental.com.ar\\\/info\\\/\",\"name\":\"Patagonia Ambiental\",\"description\":\"Monitoreo y an\u00e1lisis de la situaci\u00f3n geopol\u00edtica en el mundo y su implicancia en la Patagonia\",\"publisher\":{\"@id\":\"https:\\\/\\\/patagoniambiental.com.ar\\\/info\\\/#organization\"},\"potentialAction\":[{\"@type\":\"SearchAction\",\"target\":{\"@type\":\"EntryPoint\",\"urlTemplate\":\"https:\\\/\\\/patagoniambiental.com.ar\\\/info\\\/?s={search_term_string}\"},\"query-input\":{\"@type\":\"PropertyValueSpecification\",\"valueRequired\":true,\"valueName\":\"search_term_string\"}}],\"inLanguage\":\"es\"},{\"@type\":\"Organization\",\"@id\":\"https:\\\/\\\/patagoniambiental.com.ar\\\/info\\\/#organization\",\"name\":\"Patagonia Ambiental\",\"url\":\"https:\\\/\\\/patagoniambiental.com.ar\\\/info\\\/\",\"logo\":{\"@type\":\"ImageObject\",\"inLanguage\":\"es\",\"@id\":\"https:\\\/\\\/patagoniambiental.com.ar\\\/info\\\/#\\\/schema\\\/logo\\\/image\\\/\",\"url\":\"https:\\\/\\\/patagoniambiental.com.ar\\\/info\\\/wp-content\\\/uploads\\\/2025\\\/05\\\/LOGO-PATAGONIA-AMBIENTAL.png\",\"contentUrl\":\"https:\\\/\\\/patagoniambiental.com.ar\\\/info\\\/wp-content\\\/uploads\\\/2025\\\/05\\\/LOGO-PATAGONIA-AMBIENTAL.png\",\"width\":433,\"height\":250,\"caption\":\"Patagonia Ambiental\"},\"image\":{\"@id\":\"https:\\\/\\\/patagoniambiental.com.ar\\\/info\\\/#\\\/schema\\\/logo\\\/image\\\/\"},\"sameAs\":[\"https:\\\/\\\/www.facebook.com\\\/patagonia.ambiental\",\"https:\\\/\\\/x.com\\\/PatAmb\"]},{\"@type\":\"Person\",\"@id\":\"https:\\\/\\\/patagoniambiental.com.ar\\\/info\\\/#\\\/schema\\\/person\\\/db12bff64bbcbf6a253710bf0ea37b5d\",\"name\":\"Patagonia Ambiental\",\"description\":\"Andr\u00e9s Nievas T\u00e9cnico en manejo ambiental, consultor Ambiental y escritor para medios locales e internacionales sobre temas de geopolitica y medio ambiente.\",\"sameAs\":[\"http:\\\/\\\/www.patagoniambiental.com.ar\",\"https:\\\/\\\/www.facebook.com\\\/share\\\/1C1V8Gv9BX\\\/?mibextid=qi2Omg\",\"@patagoniambiental\",\"https:\\\/\\\/youtube.com\\\/@patagoniaambiental2023?si=BLt58t0wuXquxlYZ\"]}]}<\/script>\n<!-- \/ Yoast SEO Premium plugin. -->","yoast_head_json":{"title":"Muestra fotografica: Argentina y la verificaci\u00f3n de la teor\u00eda de la\u00a0relatividad","robots":{"index":"index","follow":"follow","max-snippet":"max-snippet:-1","max-image-preview":"max-image-preview:large","max-video-preview":"max-video-preview:-1"},"canonical":"https:\/\/patagoniambiental.com.ar\/info\/muestra-fotografica-argentina-y-la-verificacion-de-la-teoria-de-la-relatividad\/","og_locale":"es_ES","og_type":"article","og_title":"Muestra fotografica: Argentina y la verificaci\u00f3n de la teor\u00eda de la\u00a0relatividad","og_description":"Bariloche, 10 de junio de 2019.- Hasta el 15 de julio hay tiempo para visitar la muestra fotogr\u00e1fica\u00a0Argentina y la [&hellip;]","og_url":"https:\/\/patagoniambiental.com.ar\/info\/muestra-fotografica-argentina-y-la-verificacion-de-la-teoria-de-la-relatividad\/","og_site_name":"Patagonia Ambiental","article_publisher":"https:\/\/www.facebook.com\/patagonia.ambiental","article_author":"https:\/\/www.facebook.com\/share\/1C1V8Gv9BX\/?mibextid=qi2Omg","article_published_time":"2019-06-11T10:00:26+00:00","og_image":[{"width":1280,"height":853,"url":"https:\/\/patagoniambiental.com.ar\/info\/wp-content\/uploads\/2019\/06\/thumbnail_IMG_5514.jpg","type":"image\/jpeg"}],"author":"Patagonia Ambiental","twitter_card":"summary_large_image","twitter_creator":"@PatAmb","twitter_site":"@PatAmb","schema":{"@context":"https:\/\/schema.org","@graph":[{"@type":"Article","@id":"https:\/\/patagoniambiental.com.ar\/info\/muestra-fotografica-argentina-y-la-verificacion-de-la-teoria-de-la-relatividad\/#article","isPartOf":{"@id":"https:\/\/patagoniambiental.com.ar\/info\/muestra-fotografica-argentina-y-la-verificacion-de-la-teoria-de-la-relatividad\/"},"author":{"name":"Patagonia Ambiental","@id":"https:\/\/patagoniambiental.com.ar\/info\/#\/schema\/person\/db12bff64bbcbf6a253710bf0ea37b5d"},"headline":"Muestra fotografica: Argentina y la verificaci\u00f3n de la teor\u00eda de la\u00a0relatividad","datePublished":"2019-06-11T10:00:26+00:00","mainEntityOfPage":{"@id":"https:\/\/patagoniambiental.com.ar\/info\/muestra-fotografica-argentina-y-la-verificacion-de-la-teoria-de-la-relatividad\/"},"wordCount":281,"commentCount":0,"publisher":{"@id":"https:\/\/patagoniambiental.com.ar\/info\/#organization"},"image":{"@id":"https:\/\/patagoniambiental.com.ar\/info\/muestra-fotografica-argentina-y-la-verificacion-de-la-teoria-de-la-relatividad\/#primaryimage"},"thumbnailUrl":"https:\/\/patagoniambiental.com.ar\/info\/wp-content\/uploads\/2019\/06\/thumbnail_IMG_5514.jpg","articleSection":["Agenda Ambiental","Noticias"],"inLanguage":"es","potentialAction":[{"@type":"CommentAction","name":"Comment","target":["https:\/\/patagoniambiental.com.ar\/info\/muestra-fotografica-argentina-y-la-verificacion-de-la-teoria-de-la-relatividad\/#respond"]}]},{"@type":"WebPage","@id":"https:\/\/patagoniambiental.com.ar\/info\/muestra-fotografica-argentina-y-la-verificacion-de-la-teoria-de-la-relatividad\/","url":"https:\/\/patagoniambiental.com.ar\/info\/muestra-fotografica-argentina-y-la-verificacion-de-la-teoria-de-la-relatividad\/","name":"Muestra fotografica: Argentina y la verificaci\u00f3n de la teor\u00eda de la\u00a0relatividad","isPartOf":{"@id":"https:\/\/patagoniambiental.com.ar\/info\/#website"},"primaryImageOfPage":{"@id":"https:\/\/patagoniambiental.com.ar\/info\/muestra-fotografica-argentina-y-la-verificacion-de-la-teoria-de-la-relatividad\/#primaryimage"},"image":{"@id":"https:\/\/patagoniambiental.com.ar\/info\/muestra-fotografica-argentina-y-la-verificacion-de-la-teoria-de-la-relatividad\/#primaryimage"},"thumbnailUrl":"https:\/\/patagoniambiental.com.ar\/info\/wp-content\/uploads\/2019\/06\/thumbnail_IMG_5514.jpg","datePublished":"2019-06-11T10:00:26+00:00","breadcrumb":{"@id":"https:\/\/patagoniambiental.com.ar\/info\/muestra-fotografica-argentina-y-la-verificacion-de-la-teoria-de-la-relatividad\/#breadcrumb"},"inLanguage":"es","potentialAction":[{"@type":"ReadAction","target":["https:\/\/patagoniambiental.com.ar\/info\/muestra-fotografica-argentina-y-la-verificacion-de-la-teoria-de-la-relatividad\/"]}]},{"@type":"ImageObject","inLanguage":"es","@id":"https:\/\/patagoniambiental.com.ar\/info\/muestra-fotografica-argentina-y-la-verificacion-de-la-teoria-de-la-relatividad\/#primaryimage","url":"https:\/\/patagoniambiental.com.ar\/info\/wp-content\/uploads\/2019\/06\/thumbnail_IMG_5514.jpg","contentUrl":"https:\/\/patagoniambiental.com.ar\/info\/wp-content\/uploads\/2019\/06\/thumbnail_IMG_5514.jpg","width":900,"height":600},{"@type":"BreadcrumbList","@id":"https:\/\/patagoniambiental.com.ar\/info\/muestra-fotografica-argentina-y-la-verificacion-de-la-teoria-de-la-relatividad\/#breadcrumb","itemListElement":[{"@type":"ListItem","position":1,"name":"Inicio","item":"https:\/\/patagoniambiental.com.ar\/info\/"},{"@type":"ListItem","position":2,"name":"Muestra fotografica: Argentina y la verificaci\u00f3n de la teor\u00eda de la\u00a0relatividad"}]},{"@type":"WebSite","@id":"https:\/\/patagoniambiental.com.ar\/info\/#website","url":"https:\/\/patagoniambiental.com.ar\/info\/","name":"Patagonia Ambiental","description":"Monitoreo y an\u00e1lisis de la situaci\u00f3n geopol\u00edtica en el mundo y su implicancia en la Patagonia","publisher":{"@id":"https:\/\/patagoniambiental.com.ar\/info\/#organization"},"potentialAction":[{"@type":"SearchAction","target":{"@type":"EntryPoint","urlTemplate":"https:\/\/patagoniambiental.com.ar\/info\/?s={search_term_string}"},"query-input":{"@type":"PropertyValueSpecification","valueRequired":true,"valueName":"search_term_string"}}],"inLanguage":"es"},{"@type":"Organization","@id":"https:\/\/patagoniambiental.com.ar\/info\/#organization","name":"Patagonia Ambiental","url":"https:\/\/patagoniambiental.com.ar\/info\/","logo":{"@type":"ImageObject","inLanguage":"es","@id":"https:\/\/patagoniambiental.com.ar\/info\/#\/schema\/logo\/image\/","url":"https:\/\/patagoniambiental.com.ar\/info\/wp-content\/uploads\/2025\/05\/LOGO-PATAGONIA-AMBIENTAL.png","contentUrl":"https:\/\/patagoniambiental.com.ar\/info\/wp-content\/uploads\/2025\/05\/LOGO-PATAGONIA-AMBIENTAL.png","width":433,"height":250,"caption":"Patagonia Ambiental"},"image":{"@id":"https:\/\/patagoniambiental.com.ar\/info\/#\/schema\/logo\/image\/"},"sameAs":["https:\/\/www.facebook.com\/patagonia.ambiental","https:\/\/x.com\/PatAmb"]},{"@type":"Person","@id":"https:\/\/patagoniambiental.com.ar\/info\/#\/schema\/person\/db12bff64bbcbf6a253710bf0ea37b5d","name":"Patagonia Ambiental","description":"Andr\u00e9s Nievas T\u00e9cnico en manejo ambiental, consultor Ambiental y escritor para medios locales e internacionales sobre temas de geopolitica y medio ambiente.","sameAs":["http:\/\/www.patagoniambiental.com.ar","https:\/\/www.facebook.com\/share\/1C1V8Gv9BX\/?mibextid=qi2Omg","@patagoniambiental","https:\/\/youtube.com\/@patagoniaambiental2023?si=BLt58t0wuXquxlYZ"]}]}},"_links":{"self":[{"href":"https:\/\/patagoniambiental.com.ar\/info\/wp-json\/wp\/v2\/posts\/61817","targetHints":{"allow":["GET"]}}],"collection":[{"href":"https:\/\/patagoniambiental.com.ar\/info\/wp-json\/wp\/v2\/posts"}],"about":[{"href":"https:\/\/patagoniambiental.com.ar\/info\/wp-json\/wp\/v2\/types\/post"}],"author":[{"embeddable":true,"href":"https:\/\/patagoniambiental.com.ar\/info\/wp-json\/wp\/v2\/users\/2"}],"replies":[{"embeddable":true,"href":"https:\/\/patagoniambiental.com.ar\/info\/wp-json\/wp\/v2\/comments?post=61817"}],"version-history":[{"count":0,"href":"https:\/\/patagoniambiental.com.ar\/info\/wp-json\/wp\/v2\/posts\/61817\/revisions"}],"wp:featuredmedia":[{"embeddable":true,"href":"https:\/\/patagoniambiental.com.ar\/info\/wp-json\/wp\/v2\/media\/61818"}],"wp:attachment":[{"href":"https:\/\/patagoniambiental.com.ar\/info\/wp-json\/wp\/v2\/media?parent=61817"}],"wp:term":[{"taxonomy":"category","embeddable":true,"href":"https:\/\/patagoniambiental.com.ar\/info\/wp-json\/wp\/v2\/categories?post=61817"},{"taxonomy":"post_tag","embeddable":true,"href":"https:\/\/patagoniambiental.com.ar\/info\/wp-json\/wp\/v2\/tags?post=61817"}],"curies":[{"name":"wp","href":"https:\/\/api.w.org\/{rel}","templated":true}]}}