{"id":61859,"date":"2019-06-14T07:00:06","date_gmt":"2019-06-14T10:00:06","guid":{"rendered":"http:\/\/patagoniambiental.com.ar\/info\/?p=61859"},"modified":"2019-06-13T12:23:42","modified_gmt":"2019-06-13T15:23:42","slug":"objetivos-de-desarrollo-sostenible-son-foco-de-debate-en-el-parlasur","status":"publish","type":"post","link":"https:\/\/patagoniambiental.com.ar\/info\/objetivos-de-desarrollo-sostenible-son-foco-de-debate-en-el-parlasur\/","title":{"rendered":"Objetivos de Desarrollo Sostenible son foco de debate en el PARLASUR"},"content":{"rendered":"<div id=\"content-title\">\n<p>Agencia PARLASUR (12\/06\/2019). Este pr\u00f3ximo lunes 17 de junio, el Parlamento del MERCOSUR realizar\u00e1 el Primer Seminario Internacional sobre \u201cLos desaf\u00edos regionales para la implementaci\u00f3n de los Objetivos de Desarrollo Sostenible (ODS) &#8211; Agenda 2030 en el PARLASUR\u201d, en la Antesala de la C\u00e1mara de Representantes del Palacio Legislativo de Montevideo \u2013 Uruguay.<\/p>\n<p><!--more--><\/p>\n<p><img fetchpriority=\"high\" decoding=\"async\" class=\"alignleft\" src=\"https:\/\/www.parlamentomercosur.org\/innovaportal\/file\/16802\/1\/atardecer_en_el_palacio_legislativo-web.jpg\" alt=\"\" width=\"448\" height=\"279\" \/><\/p>\n<\/div>\n<p>A partir de las 9 horas en el Palacio Legislativo, el PARLASUR tiene como primer objetivo iniciar un camino de autoevaluaci\u00f3n de las capacidades y las necesidades para contribuir de forma activa con los ODS. Por ello este seminario trata sobre los elementos claves de la Agenda 2030, los 17 ODS y los marcos que los acompa\u00f1an en la regi\u00f3n.<\/p>\n<div id=\"content-body\">\n<div id=\"type-innova-text\">\n<p>La actividad contar\u00e1 con la participaci\u00f3n diversas autoridades nacionales e internacionales, entre ellos, la Diputada Cecilia Bottino, Presidenta de la C\u00e1mara de Diputados del Uruguay; Jose Felicio, Director del Instituto Social del MERCOSUR; Juan Bibolini, Secretario Ejecutivo del Instituto de Pol\u00edticas P\u00fablicas en Derechos Humanos del MERCOSUR; Luis Ya\u00f1ez, Oficial a Cargo de la Secretar\u00eda de la Comisi\u00f3n Econ\u00f3mica para Am\u00e9rica Latina (CEPAL); y \u00c1lvaro Garc\u00eda Director de la Oficina de Planeamiento y Presupuesto de la Rep\u00fablica Oriental del Uruguay.<\/p>\n<p><a href=\"https:\/\/www.parlamentomercosur.org\/innovaportal\/file\/16790\/1\/programa-seminario-ods-final.pdf\" target=\"_blank\" rel=\"noopener\">Acceda al programa de la actividad<\/a><\/p>\n<p><strong>LXIV Sesi\u00f3n Plenaria<\/strong><br \/>\nUna vez finalizado este evento se dar\u00e1 inicio a la LXIV Sesi\u00f3n Plenaria del Parlamento del MERCOSUR en que los Parlamentarios de los Estados Partes analizar\u00e1n el Orden del D\u00eda y las Propuestas que ya cuentan con\u00a0<a href=\"https:\/\/www.parlamentomercosur.org\/innovaportal\/file\/16747\/1\/orden-del-dia-lxiv-so.pdf\" target=\"_blank\" rel=\"noopener\">Informes de Comisi\u00f3n<\/a>.<\/p>\n<p><strong>Transmisi\u00f3n en vivo.<\/strong><br \/>\nLa transmisi\u00f3n de la Sesi\u00f3n, en los tres idiomas oficiales del Parlamento del MERCOSUR (espa\u00f1ol, portugu\u00e9s y guaran\u00ed), podr\u00e1 ser seguida de forma simult\u00e1nea a trav\u00e9s de la p\u00e1gina web del\u00a0<a href=\"https:\/\/www.parlamentomercosur.org\/\" target=\"_blank\" rel=\"noopener\">Parlamento del MERCOSUR<\/a>, en\u00a0<a href=\"https:\/\/www.youtube.com\/channel\/UCeaCA5I4OTrCEZsR7xIi3NA\" target=\"_blank\" rel=\"noopener\">Youtube<\/a>\u00a0y en\u00a0<a href=\"http:\/\/tv.vera.com.uy\/eventos\" target=\"_blank\" rel=\"noopener\">Antel Vera TV<\/a>.<\/p>\n<p>Fuente:\u00a0https:\/\/www.parlamentomercosur.org\/innovaportal\/v\/16802\/1\/parlasur\/objetivos-de-desarrollo-sostenible-son-foco-de-debate-en-el-parlasur.html<\/p>\n<\/div>\n<\/div>\n","protected":false},"excerpt":{"rendered":"<p>Agencia PARLASUR (12\/06\/2019). Este pr\u00f3ximo lunes 17 de junio, el Parlamento del MERCOSUR realizar\u00e1 el Primer Seminario Internacional sobre \u201cLos [&hellip;]<\/p>\n","protected":false},"author":2,"featured_media":61860,"comment_status":"open","ping_status":"open","sticky":false,"template":"","format":"standard","meta":{"site-sidebar-layout":"default","site-content-layout":"","ast-site-content-layout":"default","site-content-style":"default","site-sidebar-style":"default","ast-global-header-display":"","ast-banner-title-visibility":"","ast-main-header-display":"","ast-hfb-above-header-display":"","ast-hfb-below-header-display":"","ast-hfb-mobile-header-display":"","site-post-title":"","ast-breadcrumbs-content":"","ast-featured-img":"","footer-sml-layout":"","ast-disable-related-posts":"","theme-transparent-header-meta":"","adv-header-id-meta":"","stick-header-meta":"","header-above-stick-meta":"","header-main-stick-meta":"","header-below-stick-meta":"","astra-migrate-meta-layouts":"default","ast-page-background-enabled":"default","ast-page-background-meta":{"desktop":{"background-color":"var(--ast-global-color-5)","background-image":"","background-repeat":"repeat","background-position":"center center","background-size":"auto","background-attachment":"scroll","background-type":"","background-media":"","overlay-type":"","overlay-color":"","overlay-opacity":"","overlay-gradient":""},"tablet":{"background-color":"","background-image":"","background-repeat":"repeat","background-position":"center center","background-size":"auto","background-attachment":"scroll","background-type":"","background-media":"","overlay-type":"","overlay-color":"","overlay-opacity":"","overlay-gradient":""},"mobile":{"background-color":"","background-image":"","background-repeat":"repeat","background-position":"center center","background-size":"auto","background-attachment":"scroll","background-type":"","background-media":"","overlay-type":"","overlay-color":"","overlay-opacity":"","overlay-gradient":""}},"ast-content-background-meta":{"desktop":{"background-color":"var(--ast-global-color-4)","background-image":"","background-repeat":"repeat","background-position":"center center","background-size":"auto","background-attachment":"scroll","background-type":"","background-media":"","overlay-type":"","overlay-color":"","overlay-opacity":"","overlay-gradient":""},"tablet":{"background-color":"var(--ast-global-color-4)","background-image":"","background-repeat":"repeat","background-position":"center center","background-size":"auto","background-attachment":"scroll","background-type":"","background-media":"","overlay-type":"","overlay-color":"","overlay-opacity":"","overlay-gradient":""},"mobile":{"background-color":"var(--ast-global-color-4)","background-image":"","background-repeat":"repeat","background-position":"center center","background-size":"auto","background-attachment":"scroll","background-type":"","background-media":"","overlay-type":"","overlay-color":"","overlay-opacity":"","overlay-gradient":""}},"footnotes":""},"categories":[12,1,10],"tags":[],"class_list":["post-61859","post","type-post","status-publish","format-standard","has-post-thumbnail","hentry","category-agenda-ambiental","category-noticias","category-rotador"],"yoast_head":"<!-- This site is optimized with the Yoast SEO Premium plugin v23.0 (Yoast SEO v27.5) - https:\/\/yoast.com\/product\/yoast-seo-premium-wordpress\/ -->\n<title>Objetivos de Desarrollo Sostenible son foco de debate en el PARLASUR<\/title>\n<meta name=\"robots\" content=\"index, follow, max-snippet:-1, max-image-preview:large, max-video-preview:-1\" \/>\n<link rel=\"canonical\" href=\"https:\/\/patagoniambiental.com.ar\/info\/objetivos-de-desarrollo-sostenible-son-foco-de-debate-en-el-parlasur\/\" \/>\n<meta property=\"og:locale\" content=\"es_ES\" \/>\n<meta property=\"og:type\" content=\"article\" \/>\n<meta property=\"og:title\" content=\"Objetivos de Desarrollo Sostenible son foco de debate en el PARLASUR\" \/>\n<meta property=\"og:description\" content=\"Agencia PARLASUR (12\/06\/2019). Este pr\u00f3ximo lunes 17 de junio, el Parlamento del MERCOSUR realizar\u00e1 el Primer Seminario Internacional sobre \u201cLos [&hellip;]\" \/>\n<meta property=\"og:url\" content=\"https:\/\/patagoniambiental.com.ar\/info\/objetivos-de-desarrollo-sostenible-son-foco-de-debate-en-el-parlasur\/\" \/>\n<meta property=\"og:site_name\" content=\"Patagonia Ambiental\" \/>\n<meta property=\"article:publisher\" content=\"https:\/\/www.facebook.com\/patagonia.ambiental\" \/>\n<meta property=\"article:author\" content=\"https:\/\/www.facebook.com\/share\/1C1V8Gv9BX\/?mibextid=qi2Omg\" \/>\n<meta property=\"article:published_time\" content=\"2019-06-14T10:00:06+00:00\" \/>\n<meta property=\"og:image\" content=\"https:\/\/patagoniambiental.com.ar\/info\/wp-content\/uploads\/2019\/06\/atardecer_en_el_palacio_legislativo-web-1.jpg\" \/>\n\t<meta property=\"og:image:width\" content=\"448\" \/>\n\t<meta property=\"og:image:height\" content=\"279\" \/>\n\t<meta property=\"og:image:type\" content=\"image\/jpeg\" \/>\n<meta name=\"author\" content=\"Patagonia Ambiental\" \/>\n<meta name=\"twitter:card\" content=\"summary_large_image\" \/>\n<meta name=\"twitter:creator\" content=\"@PatAmb\" \/>\n<meta name=\"twitter:site\" content=\"@PatAmb\" \/>\n<script type=\"application\/ld+json\" class=\"yoast-schema-graph\">{\"@context\":\"https:\\\/\\\/schema.org\",\"@graph\":[{\"@type\":\"Article\",\"@id\":\"https:\\\/\\\/patagoniambiental.com.ar\\\/info\\\/objetivos-de-desarrollo-sostenible-son-foco-de-debate-en-el-parlasur\\\/#article\",\"isPartOf\":{\"@id\":\"https:\\\/\\\/patagoniambiental.com.ar\\\/info\\\/objetivos-de-desarrollo-sostenible-son-foco-de-debate-en-el-parlasur\\\/\"},\"author\":{\"name\":\"Patagonia Ambiental\",\"@id\":\"https:\\\/\\\/patagoniambiental.com.ar\\\/info\\\/#\\\/schema\\\/person\\\/db12bff64bbcbf6a253710bf0ea37b5d\"},\"headline\":\"Objetivos de Desarrollo Sostenible son foco de debate en el PARLASUR\",\"datePublished\":\"2019-06-14T10:00:06+00:00\",\"mainEntityOfPage\":{\"@id\":\"https:\\\/\\\/patagoniambiental.com.ar\\\/info\\\/objetivos-de-desarrollo-sostenible-son-foco-de-debate-en-el-parlasur\\\/\"},\"wordCount\":331,\"commentCount\":0,\"publisher\":{\"@id\":\"https:\\\/\\\/patagoniambiental.com.ar\\\/info\\\/#organization\"},\"image\":{\"@id\":\"https:\\\/\\\/patagoniambiental.com.ar\\\/info\\\/objetivos-de-desarrollo-sostenible-son-foco-de-debate-en-el-parlasur\\\/#primaryimage\"},\"thumbnailUrl\":\"https:\\\/\\\/patagoniambiental.com.ar\\\/info\\\/wp-content\\\/uploads\\\/2019\\\/06\\\/atardecer_en_el_palacio_legislativo-web-1.jpg\",\"articleSection\":[\"Agenda Ambiental\",\"Noticias\",\"Rotador\"],\"inLanguage\":\"es\",\"potentialAction\":[{\"@type\":\"CommentAction\",\"name\":\"Comment\",\"target\":[\"https:\\\/\\\/patagoniambiental.com.ar\\\/info\\\/objetivos-de-desarrollo-sostenible-son-foco-de-debate-en-el-parlasur\\\/#respond\"]}]},{\"@type\":\"WebPage\",\"@id\":\"https:\\\/\\\/patagoniambiental.com.ar\\\/info\\\/objetivos-de-desarrollo-sostenible-son-foco-de-debate-en-el-parlasur\\\/\",\"url\":\"https:\\\/\\\/patagoniambiental.com.ar\\\/info\\\/objetivos-de-desarrollo-sostenible-son-foco-de-debate-en-el-parlasur\\\/\",\"name\":\"Objetivos de Desarrollo Sostenible son foco de debate en el PARLASUR\",\"isPartOf\":{\"@id\":\"https:\\\/\\\/patagoniambiental.com.ar\\\/info\\\/#website\"},\"primaryImageOfPage\":{\"@id\":\"https:\\\/\\\/patagoniambiental.com.ar\\\/info\\\/objetivos-de-desarrollo-sostenible-son-foco-de-debate-en-el-parlasur\\\/#primaryimage\"},\"image\":{\"@id\":\"https:\\\/\\\/patagoniambiental.com.ar\\\/info\\\/objetivos-de-desarrollo-sostenible-son-foco-de-debate-en-el-parlasur\\\/#primaryimage\"},\"thumbnailUrl\":\"https:\\\/\\\/patagoniambiental.com.ar\\\/info\\\/wp-content\\\/uploads\\\/2019\\\/06\\\/atardecer_en_el_palacio_legislativo-web-1.jpg\",\"datePublished\":\"2019-06-14T10:00:06+00:00\",\"breadcrumb\":{\"@id\":\"https:\\\/\\\/patagoniambiental.com.ar\\\/info\\\/objetivos-de-desarrollo-sostenible-son-foco-de-debate-en-el-parlasur\\\/#breadcrumb\"},\"inLanguage\":\"es\",\"potentialAction\":[{\"@type\":\"ReadAction\",\"target\":[\"https:\\\/\\\/patagoniambiental.com.ar\\\/info\\\/objetivos-de-desarrollo-sostenible-son-foco-de-debate-en-el-parlasur\\\/\"]}]},{\"@type\":\"ImageObject\",\"inLanguage\":\"es\",\"@id\":\"https:\\\/\\\/patagoniambiental.com.ar\\\/info\\\/objetivos-de-desarrollo-sostenible-son-foco-de-debate-en-el-parlasur\\\/#primaryimage\",\"url\":\"https:\\\/\\\/patagoniambiental.com.ar\\\/info\\\/wp-content\\\/uploads\\\/2019\\\/06\\\/atardecer_en_el_palacio_legislativo-web-1.jpg\",\"contentUrl\":\"https:\\\/\\\/patagoniambiental.com.ar\\\/info\\\/wp-content\\\/uploads\\\/2019\\\/06\\\/atardecer_en_el_palacio_legislativo-web-1.jpg\",\"width\":448,\"height\":279},{\"@type\":\"BreadcrumbList\",\"@id\":\"https:\\\/\\\/patagoniambiental.com.ar\\\/info\\\/objetivos-de-desarrollo-sostenible-son-foco-de-debate-en-el-parlasur\\\/#breadcrumb\",\"itemListElement\":[{\"@type\":\"ListItem\",\"position\":1,\"name\":\"Inicio\",\"item\":\"https:\\\/\\\/patagoniambiental.com.ar\\\/info\\\/\"},{\"@type\":\"ListItem\",\"position\":2,\"name\":\"Objetivos de Desarrollo Sostenible son foco de debate en el PARLASUR\"}]},{\"@type\":\"WebSite\",\"@id\":\"https:\\\/\\\/patagoniambiental.com.ar\\\/info\\\/#website\",\"url\":\"https:\\\/\\\/patagoniambiental.com.ar\\\/info\\\/\",\"name\":\"Patagonia Ambiental\",\"description\":\"Monitoreo y an\u00e1lisis de la situaci\u00f3n geopol\u00edtica en el mundo y su implicancia en la Patagonia\",\"publisher\":{\"@id\":\"https:\\\/\\\/patagoniambiental.com.ar\\\/info\\\/#organization\"},\"potentialAction\":[{\"@type\":\"SearchAction\",\"target\":{\"@type\":\"EntryPoint\",\"urlTemplate\":\"https:\\\/\\\/patagoniambiental.com.ar\\\/info\\\/?s={search_term_string}\"},\"query-input\":{\"@type\":\"PropertyValueSpecification\",\"valueRequired\":true,\"valueName\":\"search_term_string\"}}],\"inLanguage\":\"es\"},{\"@type\":\"Organization\",\"@id\":\"https:\\\/\\\/patagoniambiental.com.ar\\\/info\\\/#organization\",\"name\":\"Patagonia Ambiental\",\"url\":\"https:\\\/\\\/patagoniambiental.com.ar\\\/info\\\/\",\"logo\":{\"@type\":\"ImageObject\",\"inLanguage\":\"es\",\"@id\":\"https:\\\/\\\/patagoniambiental.com.ar\\\/info\\\/#\\\/schema\\\/logo\\\/image\\\/\",\"url\":\"https:\\\/\\\/patagoniambiental.com.ar\\\/info\\\/wp-content\\\/uploads\\\/2025\\\/05\\\/LOGO-PATAGONIA-AMBIENTAL.png\",\"contentUrl\":\"https:\\\/\\\/patagoniambiental.com.ar\\\/info\\\/wp-content\\\/uploads\\\/2025\\\/05\\\/LOGO-PATAGONIA-AMBIENTAL.png\",\"width\":433,\"height\":250,\"caption\":\"Patagonia Ambiental\"},\"image\":{\"@id\":\"https:\\\/\\\/patagoniambiental.com.ar\\\/info\\\/#\\\/schema\\\/logo\\\/image\\\/\"},\"sameAs\":[\"https:\\\/\\\/www.facebook.com\\\/patagonia.ambiental\",\"https:\\\/\\\/x.com\\\/PatAmb\"]},{\"@type\":\"Person\",\"@id\":\"https:\\\/\\\/patagoniambiental.com.ar\\\/info\\\/#\\\/schema\\\/person\\\/db12bff64bbcbf6a253710bf0ea37b5d\",\"name\":\"Patagonia Ambiental\",\"description\":\"Andr\u00e9s Nievas T\u00e9cnico en manejo ambiental, consultor Ambiental y escritor para medios locales e internacionales sobre temas de geopolitica y medio ambiente.\",\"sameAs\":[\"http:\\\/\\\/www.patagoniambiental.com.ar\",\"https:\\\/\\\/www.facebook.com\\\/share\\\/1C1V8Gv9BX\\\/?mibextid=qi2Omg\",\"@patagoniambiental\",\"https:\\\/\\\/youtube.com\\\/@patagoniaambiental2023?si=BLt58t0wuXquxlYZ\"]}]}<\/script>\n<!-- \/ Yoast SEO Premium plugin. -->","yoast_head_json":{"title":"Objetivos de Desarrollo Sostenible son foco de debate en el PARLASUR","robots":{"index":"index","follow":"follow","max-snippet":"max-snippet:-1","max-image-preview":"max-image-preview:large","max-video-preview":"max-video-preview:-1"},"canonical":"https:\/\/patagoniambiental.com.ar\/info\/objetivos-de-desarrollo-sostenible-son-foco-de-debate-en-el-parlasur\/","og_locale":"es_ES","og_type":"article","og_title":"Objetivos de Desarrollo Sostenible son foco de debate en el PARLASUR","og_description":"Agencia PARLASUR (12\/06\/2019). Este pr\u00f3ximo lunes 17 de junio, el Parlamento del MERCOSUR realizar\u00e1 el Primer Seminario Internacional sobre \u201cLos [&hellip;]","og_url":"https:\/\/patagoniambiental.com.ar\/info\/objetivos-de-desarrollo-sostenible-son-foco-de-debate-en-el-parlasur\/","og_site_name":"Patagonia Ambiental","article_publisher":"https:\/\/www.facebook.com\/patagonia.ambiental","article_author":"https:\/\/www.facebook.com\/share\/1C1V8Gv9BX\/?mibextid=qi2Omg","article_published_time":"2019-06-14T10:00:06+00:00","og_image":[{"width":448,"height":279,"url":"https:\/\/patagoniambiental.com.ar\/info\/wp-content\/uploads\/2019\/06\/atardecer_en_el_palacio_legislativo-web-1.jpg","type":"image\/jpeg"}],"author":"Patagonia Ambiental","twitter_card":"summary_large_image","twitter_creator":"@PatAmb","twitter_site":"@PatAmb","schema":{"@context":"https:\/\/schema.org","@graph":[{"@type":"Article","@id":"https:\/\/patagoniambiental.com.ar\/info\/objetivos-de-desarrollo-sostenible-son-foco-de-debate-en-el-parlasur\/#article","isPartOf":{"@id":"https:\/\/patagoniambiental.com.ar\/info\/objetivos-de-desarrollo-sostenible-son-foco-de-debate-en-el-parlasur\/"},"author":{"name":"Patagonia Ambiental","@id":"https:\/\/patagoniambiental.com.ar\/info\/#\/schema\/person\/db12bff64bbcbf6a253710bf0ea37b5d"},"headline":"Objetivos de Desarrollo Sostenible son foco de debate en el PARLASUR","datePublished":"2019-06-14T10:00:06+00:00","mainEntityOfPage":{"@id":"https:\/\/patagoniambiental.com.ar\/info\/objetivos-de-desarrollo-sostenible-son-foco-de-debate-en-el-parlasur\/"},"wordCount":331,"commentCount":0,"publisher":{"@id":"https:\/\/patagoniambiental.com.ar\/info\/#organization"},"image":{"@id":"https:\/\/patagoniambiental.com.ar\/info\/objetivos-de-desarrollo-sostenible-son-foco-de-debate-en-el-parlasur\/#primaryimage"},"thumbnailUrl":"https:\/\/patagoniambiental.com.ar\/info\/wp-content\/uploads\/2019\/06\/atardecer_en_el_palacio_legislativo-web-1.jpg","articleSection":["Agenda Ambiental","Noticias","Rotador"],"inLanguage":"es","potentialAction":[{"@type":"CommentAction","name":"Comment","target":["https:\/\/patagoniambiental.com.ar\/info\/objetivos-de-desarrollo-sostenible-son-foco-de-debate-en-el-parlasur\/#respond"]}]},{"@type":"WebPage","@id":"https:\/\/patagoniambiental.com.ar\/info\/objetivos-de-desarrollo-sostenible-son-foco-de-debate-en-el-parlasur\/","url":"https:\/\/patagoniambiental.com.ar\/info\/objetivos-de-desarrollo-sostenible-son-foco-de-debate-en-el-parlasur\/","name":"Objetivos de Desarrollo Sostenible son foco de debate en el PARLASUR","isPartOf":{"@id":"https:\/\/patagoniambiental.com.ar\/info\/#website"},"primaryImageOfPage":{"@id":"https:\/\/patagoniambiental.com.ar\/info\/objetivos-de-desarrollo-sostenible-son-foco-de-debate-en-el-parlasur\/#primaryimage"},"image":{"@id":"https:\/\/patagoniambiental.com.ar\/info\/objetivos-de-desarrollo-sostenible-son-foco-de-debate-en-el-parlasur\/#primaryimage"},"thumbnailUrl":"https:\/\/patagoniambiental.com.ar\/info\/wp-content\/uploads\/2019\/06\/atardecer_en_el_palacio_legislativo-web-1.jpg","datePublished":"2019-06-14T10:00:06+00:00","breadcrumb":{"@id":"https:\/\/patagoniambiental.com.ar\/info\/objetivos-de-desarrollo-sostenible-son-foco-de-debate-en-el-parlasur\/#breadcrumb"},"inLanguage":"es","potentialAction":[{"@type":"ReadAction","target":["https:\/\/patagoniambiental.com.ar\/info\/objetivos-de-desarrollo-sostenible-son-foco-de-debate-en-el-parlasur\/"]}]},{"@type":"ImageObject","inLanguage":"es","@id":"https:\/\/patagoniambiental.com.ar\/info\/objetivos-de-desarrollo-sostenible-son-foco-de-debate-en-el-parlasur\/#primaryimage","url":"https:\/\/patagoniambiental.com.ar\/info\/wp-content\/uploads\/2019\/06\/atardecer_en_el_palacio_legislativo-web-1.jpg","contentUrl":"https:\/\/patagoniambiental.com.ar\/info\/wp-content\/uploads\/2019\/06\/atardecer_en_el_palacio_legislativo-web-1.jpg","width":448,"height":279},{"@type":"BreadcrumbList","@id":"https:\/\/patagoniambiental.com.ar\/info\/objetivos-de-desarrollo-sostenible-son-foco-de-debate-en-el-parlasur\/#breadcrumb","itemListElement":[{"@type":"ListItem","position":1,"name":"Inicio","item":"https:\/\/patagoniambiental.com.ar\/info\/"},{"@type":"ListItem","position":2,"name":"Objetivos de Desarrollo Sostenible son foco de debate en el PARLASUR"}]},{"@type":"WebSite","@id":"https:\/\/patagoniambiental.com.ar\/info\/#website","url":"https:\/\/patagoniambiental.com.ar\/info\/","name":"Patagonia Ambiental","description":"Monitoreo y an\u00e1lisis de la situaci\u00f3n geopol\u00edtica en el mundo y su implicancia en la Patagonia","publisher":{"@id":"https:\/\/patagoniambiental.com.ar\/info\/#organization"},"potentialAction":[{"@type":"SearchAction","target":{"@type":"EntryPoint","urlTemplate":"https:\/\/patagoniambiental.com.ar\/info\/?s={search_term_string}"},"query-input":{"@type":"PropertyValueSpecification","valueRequired":true,"valueName":"search_term_string"}}],"inLanguage":"es"},{"@type":"Organization","@id":"https:\/\/patagoniambiental.com.ar\/info\/#organization","name":"Patagonia Ambiental","url":"https:\/\/patagoniambiental.com.ar\/info\/","logo":{"@type":"ImageObject","inLanguage":"es","@id":"https:\/\/patagoniambiental.com.ar\/info\/#\/schema\/logo\/image\/","url":"https:\/\/patagoniambiental.com.ar\/info\/wp-content\/uploads\/2025\/05\/LOGO-PATAGONIA-AMBIENTAL.png","contentUrl":"https:\/\/patagoniambiental.com.ar\/info\/wp-content\/uploads\/2025\/05\/LOGO-PATAGONIA-AMBIENTAL.png","width":433,"height":250,"caption":"Patagonia Ambiental"},"image":{"@id":"https:\/\/patagoniambiental.com.ar\/info\/#\/schema\/logo\/image\/"},"sameAs":["https:\/\/www.facebook.com\/patagonia.ambiental","https:\/\/x.com\/PatAmb"]},{"@type":"Person","@id":"https:\/\/patagoniambiental.com.ar\/info\/#\/schema\/person\/db12bff64bbcbf6a253710bf0ea37b5d","name":"Patagonia Ambiental","description":"Andr\u00e9s Nievas T\u00e9cnico en manejo ambiental, consultor Ambiental y escritor para medios locales e internacionales sobre temas de geopolitica y medio ambiente.","sameAs":["http:\/\/www.patagoniambiental.com.ar","https:\/\/www.facebook.com\/share\/1C1V8Gv9BX\/?mibextid=qi2Omg","@patagoniambiental","https:\/\/youtube.com\/@patagoniaambiental2023?si=BLt58t0wuXquxlYZ"]}]}},"_links":{"self":[{"href":"https:\/\/patagoniambiental.com.ar\/info\/wp-json\/wp\/v2\/posts\/61859","targetHints":{"allow":["GET"]}}],"collection":[{"href":"https:\/\/patagoniambiental.com.ar\/info\/wp-json\/wp\/v2\/posts"}],"about":[{"href":"https:\/\/patagoniambiental.com.ar\/info\/wp-json\/wp\/v2\/types\/post"}],"author":[{"embeddable":true,"href":"https:\/\/patagoniambiental.com.ar\/info\/wp-json\/wp\/v2\/users\/2"}],"replies":[{"embeddable":true,"href":"https:\/\/patagoniambiental.com.ar\/info\/wp-json\/wp\/v2\/comments?post=61859"}],"version-history":[{"count":0,"href":"https:\/\/patagoniambiental.com.ar\/info\/wp-json\/wp\/v2\/posts\/61859\/revisions"}],"wp:featuredmedia":[{"embeddable":true,"href":"https:\/\/patagoniambiental.com.ar\/info\/wp-json\/wp\/v2\/media\/61860"}],"wp:attachment":[{"href":"https:\/\/patagoniambiental.com.ar\/info\/wp-json\/wp\/v2\/media?parent=61859"}],"wp:term":[{"taxonomy":"category","embeddable":true,"href":"https:\/\/patagoniambiental.com.ar\/info\/wp-json\/wp\/v2\/categories?post=61859"},{"taxonomy":"post_tag","embeddable":true,"href":"https:\/\/patagoniambiental.com.ar\/info\/wp-json\/wp\/v2\/tags?post=61859"}],"curies":[{"name":"wp","href":"https:\/\/api.w.org\/{rel}","templated":true}]}}