{"id":61883,"date":"2019-06-15T07:00:40","date_gmt":"2019-06-15T10:00:40","guid":{"rendered":"http:\/\/patagoniambiental.com.ar\/info\/?p=61883"},"modified":"2019-06-14T11:41:57","modified_gmt":"2019-06-14T14:41:57","slug":"rio-gallegos-cada-vez-mas-organizaciones-adhieren-a-la-campana-siensuciasnotevoto","status":"publish","type":"post","link":"https:\/\/patagoniambiental.com.ar\/info\/rio-gallegos-cada-vez-mas-organizaciones-adhieren-a-la-campana-siensuciasnotevoto\/","title":{"rendered":"R\u00edo Gallegos: Cada vez m\u00e1s organizaciones adhieren a la campa\u00f1a #SiEnsuciasNoTeVoto"},"content":{"rendered":"<div class=\"row nd_top\">\n<div class=\"col-lg-12 nopadding\">\n<p class=\"copete\">Rio Gallegos.-La idea que surgi\u00f3 para evitar que los partidos pol\u00edticos pinten paredes, coloquen afiches o bastidores, contaminando visualmente los barrios, tambi\u00e9n lleg\u00f3 a R\u00edo Gallegos y se hace viral. Algunos vecinos lo piden hace mucho tiempo y un concejal present\u00f3 un proyecto para regular estas pr\u00e1cticas.<\/p>\n<\/div>\n<\/div>\n<p><!--more--><\/p>\n<div class=\"clear\"><\/div>\n<div class=\"row\">\n<div class=\"col-md-8 nopaddingleft col-central\">\n<div class=\"image\">\n<div class=\"fotonota1\">\n<div id=\"galeria_fotos175022\">\n<div id=\"photos_175022\" class=\"photos_all\">\n<div>\n<div id=\"jahl-newsitem175022\">\n<div id=\"photos_175022_img_1\" class=\"photos_175022_img\"><img decoding=\"async\" id=\"\" src=\"https:\/\/www.tiemposur.com.ar\/uploads\/noticia_galeria\/2019\/06\/13\/file_57827_main1\" alt=\"\" data-u=\"\" \/><\/div>\n<\/div>\n<\/div>\n<\/div>\n<\/div>\n<\/div>\n<\/div>\n<div class=\"redes clearfix\">\n<div class=\"social\">\n<div class=\"social_large_2\"><\/div>\n<\/div>\n<\/div>\n<p>Llegan los tiempos electorales y el riogalleguense parece haberse acostumbrado a las malas pr\u00e1cticas pol\u00edticas y la constante contaminaci\u00f3n visual y ambiental que se promueven desde cada uno de los sectores pol\u00edticos que intentan instalar a sus candidatos, pero lo \u00fanico que hacen es generar el malestar en los vecinos.<\/p>\n<div id=\"hybs-mslot-a343694f-0\" class=\"hybs-mslot\"><\/div>\n<p>En este caso, lo llamativo de la campa\u00f1a #SiEnsuciasNoTeVoto es que surge por iniciativa de la candidata a intendenta de la localidad de Moreno, provincia de Buenos Aires, Karina \u00c1lvarez, y a la cual ya han adherido vecinos y organizaciones de gran parte del conurbano bonaerense, provincias del norte del pa\u00eds, y que tambi\u00e9n ha hecho eco en nuestra ciudad, en este caso a trav\u00e9s de la adhesi\u00f3n de AMA (Asamblea por el Medioambiente), desde donde alentaron a la comunidad a sumarse. \u201cSi ves en la v\u00eda p\u00fablica carteles de campa\u00f1a que est\u00e9n contaminando nuestra ciudad, saca una foto y subila con el hashtag #SiEnsuciasNoTeVoto. Exigimos un proyecto ambiental para R\u00edo Gallegos. \u00a1Necesitamos gestiones responsables urgente!\u201d, remarcaron.<\/p>\n<div id=\"hybs-mslot-a343694f-1\" class=\"hybs-mslot\"><\/div>\n<p>Vale la pena remarcar que, tal como adelantara\u00a0<strong>TiempoSur<\/strong>\u00a0en el mes de febrero pasado, en nuestra ciudad los primeros vecinos en organizarse con relaci\u00f3n a esta problem\u00e1tica fueron los ubicados en el barrio ProCreAr. Incluso durante un recorrido realizado con el intendente Roberto Giubetich, entre los proyectos presentados al jefe comunal se destac\u00f3 el de \u201cbarrio libre de propaganda pol\u00edtica\u201d, el cual estar\u00e1 a cargo de los propios vecinos y se implementar\u00e1 durante estas elecciones 2019. Seg\u00fan lo expresado por el presidente de la junta no se permitir\u00eda la instalaci\u00f3n de pasacalles, bastidores, carteler\u00eda pol\u00edtica o pintadas. Ser\u00e1n los vecinos los encargados de retirarlos y alertar ante la pr\u00e1ctica. Javier Arias, presidente del sector, cont\u00f3 a\u00a0<strong>TiempoSur<\/strong>\u00a0que ya han tenido la posibilidad de dialogar con algunos pol\u00edticos y comenta que \u201cno todos lo toman de la mejor manera\u201d. Por otro lado, si bien reconoce que es un tema complicado porque es no permitirles a los propios pol\u00edticos hacer sus campa\u00f1as, en el barrio ha funcionado bien y es un tema que se trata en cada reuni\u00f3n.<\/p>\n<p>El concejal radical Fabi\u00e1n Leguizam\u00f3n present\u00f3 una propuesta para regular la propaganda pol\u00edtica en los espacios p\u00fablicos, prohibiendo la colocaci\u00f3n indiscriminada de bastidores en postes, luminarias, \u00e1rboles, teniendo en cuenta los fuertes vientos que azotan frecuentemente y el posible desprendimiento de los mismos. Vale la pena mencionar que una vez culminados los comicios electorales, los partidos pol\u00edticos nunca proceden al retiro total de carteler\u00eda, quedando como contaminaci\u00f3n visual y un riesgo para los vecinos que circulan por la ciudad.<\/p>\n<div id=\"hybs-mslot-a343694f-2\" class=\"hybs-mslot\"><\/div>\n<p>Otro de los vecinos que ha comenzado a trabajar en este sentido es Enrique Mansilla, quien en este \u00faltimo tiempo se ha hecho conocido por sus acciones tendientes a la puesta en valor de distintos espacios p\u00fablicos. Mansilla comenz\u00f3 una campa\u00f1a de cara a las elecciones y destinada a los propios pol\u00edticos y sus espacios, los cuales dejan desperdigados los carteles y pasacalles de todo tipo, comenz\u00f3 a comprometer a quienes se postulen a que una vez finalizada la elecci\u00f3n se har\u00e1n cargo de recoger todo elemento perteneciente a su promoci\u00f3n.<\/p>\n<p><strong>Rige la prohibici\u00f3n de colgar pasacalles<\/strong><\/p>\n<div id=\"hybs-mslot-a343694f-3\" class=\"hybs-mslot\"><\/div>\n<p>El director de Comercio de la Municipalidad de R\u00edo Gallegos, Miguel D\u2019Abbraccio record\u00f3 la ordenanza que proh\u00edbe la instalaci\u00f3n de pasacalles en la ciudad. El funcionario instruy\u00f3 a los inspectores del \u00e1rea a controlar y hacer retirar cualquier tipo de pasacalles que sea colocado sobre las arterias o esquinas de esta capital.<\/p>\n<p>Destac\u00f3 que \u201chace m\u00e1s de tres a\u00f1os que las calles de la ciudad se ven m\u00e1s despejadas y se desterr\u00f3 casi por completo la aparici\u00f3n de pasacalles que acortaban o distra\u00edan la visi\u00f3n a los automovilistas; que deterioraban cables de luz, de fibra \u00f3ptica, incluso tuvimos roturas de vidrieras, ya que al soltarse con los fuertes vientos de la zona, resultaban un grave peligro para la vida de los transe\u00fantes\u201d.<\/p>\n<p>Quedar\u00e1 a criterio del Departamento Ejecutivo autorizar la colocaci\u00f3n de pasacalles solo a instituciones de bien p\u00fablico, cuando la importancia del evento as\u00ed lo justifique y definiendo previamente lugares seguros.<\/p>\n<p>Fuente:\u00a0https:\/\/www.tiemposur.com.ar\/nota\/175022-cada-vez-mas-organizaciones-adhieren-a-la-campana&#8211;siensuciasnotevoto<\/p>\n<\/div>\n<\/div>\n","protected":false},"excerpt":{"rendered":"<p>Rio Gallegos.-La idea que surgi\u00f3 para evitar que los partidos pol\u00edticos pinten paredes, coloquen afiches o bastidores, contaminando visualmente los [&hellip;]<\/p>\n","protected":false},"author":2,"featured_media":61884,"comment_status":"open","ping_status":"open","sticky":false,"template":"","format":"standard","meta":{"site-sidebar-layout":"default","site-content-layout":"","ast-site-content-layout":"default","site-content-style":"default","site-sidebar-style":"default","ast-global-header-display":"","ast-banner-title-visibility":"","ast-main-header-display":"","ast-hfb-above-header-display":"","ast-hfb-below-header-display":"","ast-hfb-mobile-header-display":"","site-post-title":"","ast-breadcrumbs-content":"","ast-featured-img":"","footer-sml-layout":"","ast-disable-related-posts":"","theme-transparent-header-meta":"","adv-header-id-meta":"","stick-header-meta":"","header-above-stick-meta":"","header-main-stick-meta":"","header-below-stick-meta":"","astra-migrate-meta-layouts":"default","ast-page-background-enabled":"default","ast-page-background-meta":{"desktop":{"background-color":"var(--ast-global-color-5)","background-image":"","background-repeat":"repeat","background-position":"center center","background-size":"auto","background-attachment":"scroll","background-type":"","background-media":"","overlay-type":"","overlay-color":"","overlay-opacity":"","overlay-gradient":""},"tablet":{"background-color":"","background-image":"","background-repeat":"repeat","background-position":"center center","background-size":"auto","background-attachment":"scroll","background-type":"","background-media":"","overlay-type":"","overlay-color":"","overlay-opacity":"","overlay-gradient":""},"mobile":{"background-color":"","background-image":"","background-repeat":"repeat","background-position":"center center","background-size":"auto","background-attachment":"scroll","background-type":"","background-media":"","overlay-type":"","overlay-color":"","overlay-opacity":"","overlay-gradient":""}},"ast-content-background-meta":{"desktop":{"background-color":"var(--ast-global-color-4)","background-image":"","background-repeat":"repeat","background-position":"center center","background-size":"auto","background-attachment":"scroll","background-type":"","background-media":"","overlay-type":"","overlay-color":"","overlay-opacity":"","overlay-gradient":""},"tablet":{"background-color":"var(--ast-global-color-4)","background-image":"","background-repeat":"repeat","background-position":"center center","background-size":"auto","background-attachment":"scroll","background-type":"","background-media":"","overlay-type":"","overlay-color":"","overlay-opacity":"","overlay-gradient":""},"mobile":{"background-color":"var(--ast-global-color-4)","background-image":"","background-repeat":"repeat","background-position":"center center","background-size":"auto","background-attachment":"scroll","background-type":"","background-media":"","overlay-type":"","overlay-color":"","overlay-opacity":"","overlay-gradient":""}},"footnotes":""},"categories":[1,13,10,20],"tags":[],"class_list":["post-61883","post","type-post","status-publish","format-standard","has-post-thumbnail","hentry","category-noticias","category-provinciales","category-rotador","category-santa-cruz"],"yoast_head":"<!-- This site is optimized with the Yoast SEO Premium plugin v23.0 (Yoast SEO v27.5) - https:\/\/yoast.com\/product\/yoast-seo-premium-wordpress\/ -->\n<title>R\u00edo Gallegos: Cada vez m\u00e1s organizaciones adhieren a la campa\u00f1a #SiEnsuciasNoTeVoto<\/title>\n<meta name=\"robots\" content=\"index, follow, max-snippet:-1, max-image-preview:large, max-video-preview:-1\" \/>\n<link rel=\"canonical\" href=\"https:\/\/patagoniambiental.com.ar\/info\/rio-gallegos-cada-vez-mas-organizaciones-adhieren-a-la-campana-siensuciasnotevoto\/\" \/>\n<meta property=\"og:locale\" content=\"es_ES\" \/>\n<meta property=\"og:type\" content=\"article\" \/>\n<meta property=\"og:title\" content=\"R\u00edo Gallegos: Cada vez m\u00e1s organizaciones adhieren a la campa\u00f1a #SiEnsuciasNoTeVoto\" \/>\n<meta property=\"og:description\" content=\"Rio Gallegos.-La idea que surgi\u00f3 para evitar que los partidos pol\u00edticos pinten paredes, coloquen afiches o bastidores, contaminando visualmente los [&hellip;]\" \/>\n<meta property=\"og:url\" content=\"https:\/\/patagoniambiental.com.ar\/info\/rio-gallegos-cada-vez-mas-organizaciones-adhieren-a-la-campana-siensuciasnotevoto\/\" \/>\n<meta property=\"og:site_name\" content=\"Patagonia Ambiental\" \/>\n<meta property=\"article:publisher\" content=\"https:\/\/www.facebook.com\/patagonia.ambiental\" \/>\n<meta property=\"article:author\" content=\"https:\/\/www.facebook.com\/share\/1C1V8Gv9BX\/?mibextid=qi2Omg\" \/>\n<meta property=\"article:published_time\" content=\"2019-06-15T10:00:40+00:00\" \/>\n<meta property=\"og:image\" content=\"https:\/\/patagoniambiental.com.ar\/info\/wp-content\/uploads\/2019\/06\/Sin-t\u00edtulo-5.jpg\" \/>\n\t<meta property=\"og:image:width\" content=\"788\" \/>\n\t<meta property=\"og:image:height\" content=\"434\" \/>\n\t<meta property=\"og:image:type\" content=\"image\/jpeg\" \/>\n<meta name=\"author\" content=\"Patagonia Ambiental\" \/>\n<meta name=\"twitter:card\" content=\"summary_large_image\" \/>\n<meta name=\"twitter:creator\" content=\"@PatAmb\" \/>\n<meta name=\"twitter:site\" content=\"@PatAmb\" \/>\n<script type=\"application\/ld+json\" class=\"yoast-schema-graph\">{\"@context\":\"https:\\\/\\\/schema.org\",\"@graph\":[{\"@type\":\"Article\",\"@id\":\"https:\\\/\\\/patagoniambiental.com.ar\\\/info\\\/rio-gallegos-cada-vez-mas-organizaciones-adhieren-a-la-campana-siensuciasnotevoto\\\/#article\",\"isPartOf\":{\"@id\":\"https:\\\/\\\/patagoniambiental.com.ar\\\/info\\\/rio-gallegos-cada-vez-mas-organizaciones-adhieren-a-la-campana-siensuciasnotevoto\\\/\"},\"author\":{\"name\":\"Patagonia Ambiental\",\"@id\":\"https:\\\/\\\/patagoniambiental.com.ar\\\/info\\\/#\\\/schema\\\/person\\\/db12bff64bbcbf6a253710bf0ea37b5d\"},\"headline\":\"R\u00edo Gallegos: Cada vez m\u00e1s organizaciones adhieren a la campa\u00f1a #SiEnsuciasNoTeVoto\",\"datePublished\":\"2019-06-15T10:00:40+00:00\",\"mainEntityOfPage\":{\"@id\":\"https:\\\/\\\/patagoniambiental.com.ar\\\/info\\\/rio-gallegos-cada-vez-mas-organizaciones-adhieren-a-la-campana-siensuciasnotevoto\\\/\"},\"wordCount\":802,\"commentCount\":0,\"publisher\":{\"@id\":\"https:\\\/\\\/patagoniambiental.com.ar\\\/info\\\/#organization\"},\"image\":{\"@id\":\"https:\\\/\\\/patagoniambiental.com.ar\\\/info\\\/rio-gallegos-cada-vez-mas-organizaciones-adhieren-a-la-campana-siensuciasnotevoto\\\/#primaryimage\"},\"thumbnailUrl\":\"https:\\\/\\\/patagoniambiental.com.ar\\\/info\\\/wp-content\\\/uploads\\\/2019\\\/06\\\/Sin-t\u00edtulo-5.jpg\",\"articleSection\":[\"Noticias\",\"Provinciales\",\"Rotador\",\"Santa Cruz\"],\"inLanguage\":\"es\",\"potentialAction\":[{\"@type\":\"CommentAction\",\"name\":\"Comment\",\"target\":[\"https:\\\/\\\/patagoniambiental.com.ar\\\/info\\\/rio-gallegos-cada-vez-mas-organizaciones-adhieren-a-la-campana-siensuciasnotevoto\\\/#respond\"]}]},{\"@type\":\"WebPage\",\"@id\":\"https:\\\/\\\/patagoniambiental.com.ar\\\/info\\\/rio-gallegos-cada-vez-mas-organizaciones-adhieren-a-la-campana-siensuciasnotevoto\\\/\",\"url\":\"https:\\\/\\\/patagoniambiental.com.ar\\\/info\\\/rio-gallegos-cada-vez-mas-organizaciones-adhieren-a-la-campana-siensuciasnotevoto\\\/\",\"name\":\"R\u00edo Gallegos: Cada vez m\u00e1s organizaciones adhieren a la campa\u00f1a #SiEnsuciasNoTeVoto\",\"isPartOf\":{\"@id\":\"https:\\\/\\\/patagoniambiental.com.ar\\\/info\\\/#website\"},\"primaryImageOfPage\":{\"@id\":\"https:\\\/\\\/patagoniambiental.com.ar\\\/info\\\/rio-gallegos-cada-vez-mas-organizaciones-adhieren-a-la-campana-siensuciasnotevoto\\\/#primaryimage\"},\"image\":{\"@id\":\"https:\\\/\\\/patagoniambiental.com.ar\\\/info\\\/rio-gallegos-cada-vez-mas-organizaciones-adhieren-a-la-campana-siensuciasnotevoto\\\/#primaryimage\"},\"thumbnailUrl\":\"https:\\\/\\\/patagoniambiental.com.ar\\\/info\\\/wp-content\\\/uploads\\\/2019\\\/06\\\/Sin-t\u00edtulo-5.jpg\",\"datePublished\":\"2019-06-15T10:00:40+00:00\",\"breadcrumb\":{\"@id\":\"https:\\\/\\\/patagoniambiental.com.ar\\\/info\\\/rio-gallegos-cada-vez-mas-organizaciones-adhieren-a-la-campana-siensuciasnotevoto\\\/#breadcrumb\"},\"inLanguage\":\"es\",\"potentialAction\":[{\"@type\":\"ReadAction\",\"target\":[\"https:\\\/\\\/patagoniambiental.com.ar\\\/info\\\/rio-gallegos-cada-vez-mas-organizaciones-adhieren-a-la-campana-siensuciasnotevoto\\\/\"]}]},{\"@type\":\"ImageObject\",\"inLanguage\":\"es\",\"@id\":\"https:\\\/\\\/patagoniambiental.com.ar\\\/info\\\/rio-gallegos-cada-vez-mas-organizaciones-adhieren-a-la-campana-siensuciasnotevoto\\\/#primaryimage\",\"url\":\"https:\\\/\\\/patagoniambiental.com.ar\\\/info\\\/wp-content\\\/uploads\\\/2019\\\/06\\\/Sin-t\u00edtulo-5.jpg\",\"contentUrl\":\"https:\\\/\\\/patagoniambiental.com.ar\\\/info\\\/wp-content\\\/uploads\\\/2019\\\/06\\\/Sin-t\u00edtulo-5.jpg\",\"width\":788,\"height\":434},{\"@type\":\"BreadcrumbList\",\"@id\":\"https:\\\/\\\/patagoniambiental.com.ar\\\/info\\\/rio-gallegos-cada-vez-mas-organizaciones-adhieren-a-la-campana-siensuciasnotevoto\\\/#breadcrumb\",\"itemListElement\":[{\"@type\":\"ListItem\",\"position\":1,\"name\":\"Inicio\",\"item\":\"https:\\\/\\\/patagoniambiental.com.ar\\\/info\\\/\"},{\"@type\":\"ListItem\",\"position\":2,\"name\":\"R\u00edo Gallegos: Cada vez m\u00e1s organizaciones adhieren a la campa\u00f1a #SiEnsuciasNoTeVoto\"}]},{\"@type\":\"WebSite\",\"@id\":\"https:\\\/\\\/patagoniambiental.com.ar\\\/info\\\/#website\",\"url\":\"https:\\\/\\\/patagoniambiental.com.ar\\\/info\\\/\",\"name\":\"Patagonia Ambiental\",\"description\":\"Monitoreo y an\u00e1lisis de la situaci\u00f3n geopol\u00edtica en el mundo y su implicancia en la Patagonia\",\"publisher\":{\"@id\":\"https:\\\/\\\/patagoniambiental.com.ar\\\/info\\\/#organization\"},\"potentialAction\":[{\"@type\":\"SearchAction\",\"target\":{\"@type\":\"EntryPoint\",\"urlTemplate\":\"https:\\\/\\\/patagoniambiental.com.ar\\\/info\\\/?s={search_term_string}\"},\"query-input\":{\"@type\":\"PropertyValueSpecification\",\"valueRequired\":true,\"valueName\":\"search_term_string\"}}],\"inLanguage\":\"es\"},{\"@type\":\"Organization\",\"@id\":\"https:\\\/\\\/patagoniambiental.com.ar\\\/info\\\/#organization\",\"name\":\"Patagonia Ambiental\",\"url\":\"https:\\\/\\\/patagoniambiental.com.ar\\\/info\\\/\",\"logo\":{\"@type\":\"ImageObject\",\"inLanguage\":\"es\",\"@id\":\"https:\\\/\\\/patagoniambiental.com.ar\\\/info\\\/#\\\/schema\\\/logo\\\/image\\\/\",\"url\":\"https:\\\/\\\/patagoniambiental.com.ar\\\/info\\\/wp-content\\\/uploads\\\/2025\\\/05\\\/LOGO-PATAGONIA-AMBIENTAL.png\",\"contentUrl\":\"https:\\\/\\\/patagoniambiental.com.ar\\\/info\\\/wp-content\\\/uploads\\\/2025\\\/05\\\/LOGO-PATAGONIA-AMBIENTAL.png\",\"width\":433,\"height\":250,\"caption\":\"Patagonia Ambiental\"},\"image\":{\"@id\":\"https:\\\/\\\/patagoniambiental.com.ar\\\/info\\\/#\\\/schema\\\/logo\\\/image\\\/\"},\"sameAs\":[\"https:\\\/\\\/www.facebook.com\\\/patagonia.ambiental\",\"https:\\\/\\\/x.com\\\/PatAmb\"]},{\"@type\":\"Person\",\"@id\":\"https:\\\/\\\/patagoniambiental.com.ar\\\/info\\\/#\\\/schema\\\/person\\\/db12bff64bbcbf6a253710bf0ea37b5d\",\"name\":\"Patagonia Ambiental\",\"description\":\"Andr\u00e9s Nievas T\u00e9cnico en manejo ambiental, consultor Ambiental y escritor para medios locales e internacionales sobre temas de geopolitica y medio ambiente.\",\"sameAs\":[\"http:\\\/\\\/www.patagoniambiental.com.ar\",\"https:\\\/\\\/www.facebook.com\\\/share\\\/1C1V8Gv9BX\\\/?mibextid=qi2Omg\",\"@patagoniambiental\",\"https:\\\/\\\/youtube.com\\\/@patagoniaambiental2023?si=BLt58t0wuXquxlYZ\"]}]}<\/script>\n<!-- \/ Yoast SEO Premium plugin. -->","yoast_head_json":{"title":"R\u00edo Gallegos: Cada vez m\u00e1s organizaciones adhieren a la campa\u00f1a #SiEnsuciasNoTeVoto","robots":{"index":"index","follow":"follow","max-snippet":"max-snippet:-1","max-image-preview":"max-image-preview:large","max-video-preview":"max-video-preview:-1"},"canonical":"https:\/\/patagoniambiental.com.ar\/info\/rio-gallegos-cada-vez-mas-organizaciones-adhieren-a-la-campana-siensuciasnotevoto\/","og_locale":"es_ES","og_type":"article","og_title":"R\u00edo Gallegos: Cada vez m\u00e1s organizaciones adhieren a la campa\u00f1a #SiEnsuciasNoTeVoto","og_description":"Rio Gallegos.-La idea que surgi\u00f3 para evitar que los partidos pol\u00edticos pinten paredes, coloquen afiches o bastidores, contaminando visualmente los [&hellip;]","og_url":"https:\/\/patagoniambiental.com.ar\/info\/rio-gallegos-cada-vez-mas-organizaciones-adhieren-a-la-campana-siensuciasnotevoto\/","og_site_name":"Patagonia Ambiental","article_publisher":"https:\/\/www.facebook.com\/patagonia.ambiental","article_author":"https:\/\/www.facebook.com\/share\/1C1V8Gv9BX\/?mibextid=qi2Omg","article_published_time":"2019-06-15T10:00:40+00:00","og_image":[{"width":788,"height":434,"url":"https:\/\/patagoniambiental.com.ar\/info\/wp-content\/uploads\/2019\/06\/Sin-t\u00edtulo-5.jpg","type":"image\/jpeg"}],"author":"Patagonia Ambiental","twitter_card":"summary_large_image","twitter_creator":"@PatAmb","twitter_site":"@PatAmb","schema":{"@context":"https:\/\/schema.org","@graph":[{"@type":"Article","@id":"https:\/\/patagoniambiental.com.ar\/info\/rio-gallegos-cada-vez-mas-organizaciones-adhieren-a-la-campana-siensuciasnotevoto\/#article","isPartOf":{"@id":"https:\/\/patagoniambiental.com.ar\/info\/rio-gallegos-cada-vez-mas-organizaciones-adhieren-a-la-campana-siensuciasnotevoto\/"},"author":{"name":"Patagonia Ambiental","@id":"https:\/\/patagoniambiental.com.ar\/info\/#\/schema\/person\/db12bff64bbcbf6a253710bf0ea37b5d"},"headline":"R\u00edo Gallegos: Cada vez m\u00e1s organizaciones adhieren a la campa\u00f1a #SiEnsuciasNoTeVoto","datePublished":"2019-06-15T10:00:40+00:00","mainEntityOfPage":{"@id":"https:\/\/patagoniambiental.com.ar\/info\/rio-gallegos-cada-vez-mas-organizaciones-adhieren-a-la-campana-siensuciasnotevoto\/"},"wordCount":802,"commentCount":0,"publisher":{"@id":"https:\/\/patagoniambiental.com.ar\/info\/#organization"},"image":{"@id":"https:\/\/patagoniambiental.com.ar\/info\/rio-gallegos-cada-vez-mas-organizaciones-adhieren-a-la-campana-siensuciasnotevoto\/#primaryimage"},"thumbnailUrl":"https:\/\/patagoniambiental.com.ar\/info\/wp-content\/uploads\/2019\/06\/Sin-t\u00edtulo-5.jpg","articleSection":["Noticias","Provinciales","Rotador","Santa Cruz"],"inLanguage":"es","potentialAction":[{"@type":"CommentAction","name":"Comment","target":["https:\/\/patagoniambiental.com.ar\/info\/rio-gallegos-cada-vez-mas-organizaciones-adhieren-a-la-campana-siensuciasnotevoto\/#respond"]}]},{"@type":"WebPage","@id":"https:\/\/patagoniambiental.com.ar\/info\/rio-gallegos-cada-vez-mas-organizaciones-adhieren-a-la-campana-siensuciasnotevoto\/","url":"https:\/\/patagoniambiental.com.ar\/info\/rio-gallegos-cada-vez-mas-organizaciones-adhieren-a-la-campana-siensuciasnotevoto\/","name":"R\u00edo Gallegos: Cada vez m\u00e1s organizaciones adhieren a la campa\u00f1a #SiEnsuciasNoTeVoto","isPartOf":{"@id":"https:\/\/patagoniambiental.com.ar\/info\/#website"},"primaryImageOfPage":{"@id":"https:\/\/patagoniambiental.com.ar\/info\/rio-gallegos-cada-vez-mas-organizaciones-adhieren-a-la-campana-siensuciasnotevoto\/#primaryimage"},"image":{"@id":"https:\/\/patagoniambiental.com.ar\/info\/rio-gallegos-cada-vez-mas-organizaciones-adhieren-a-la-campana-siensuciasnotevoto\/#primaryimage"},"thumbnailUrl":"https:\/\/patagoniambiental.com.ar\/info\/wp-content\/uploads\/2019\/06\/Sin-t\u00edtulo-5.jpg","datePublished":"2019-06-15T10:00:40+00:00","breadcrumb":{"@id":"https:\/\/patagoniambiental.com.ar\/info\/rio-gallegos-cada-vez-mas-organizaciones-adhieren-a-la-campana-siensuciasnotevoto\/#breadcrumb"},"inLanguage":"es","potentialAction":[{"@type":"ReadAction","target":["https:\/\/patagoniambiental.com.ar\/info\/rio-gallegos-cada-vez-mas-organizaciones-adhieren-a-la-campana-siensuciasnotevoto\/"]}]},{"@type":"ImageObject","inLanguage":"es","@id":"https:\/\/patagoniambiental.com.ar\/info\/rio-gallegos-cada-vez-mas-organizaciones-adhieren-a-la-campana-siensuciasnotevoto\/#primaryimage","url":"https:\/\/patagoniambiental.com.ar\/info\/wp-content\/uploads\/2019\/06\/Sin-t\u00edtulo-5.jpg","contentUrl":"https:\/\/patagoniambiental.com.ar\/info\/wp-content\/uploads\/2019\/06\/Sin-t\u00edtulo-5.jpg","width":788,"height":434},{"@type":"BreadcrumbList","@id":"https:\/\/patagoniambiental.com.ar\/info\/rio-gallegos-cada-vez-mas-organizaciones-adhieren-a-la-campana-siensuciasnotevoto\/#breadcrumb","itemListElement":[{"@type":"ListItem","position":1,"name":"Inicio","item":"https:\/\/patagoniambiental.com.ar\/info\/"},{"@type":"ListItem","position":2,"name":"R\u00edo Gallegos: Cada vez m\u00e1s organizaciones adhieren a la campa\u00f1a #SiEnsuciasNoTeVoto"}]},{"@type":"WebSite","@id":"https:\/\/patagoniambiental.com.ar\/info\/#website","url":"https:\/\/patagoniambiental.com.ar\/info\/","name":"Patagonia Ambiental","description":"Monitoreo y an\u00e1lisis de la situaci\u00f3n geopol\u00edtica en el mundo y su implicancia en la Patagonia","publisher":{"@id":"https:\/\/patagoniambiental.com.ar\/info\/#organization"},"potentialAction":[{"@type":"SearchAction","target":{"@type":"EntryPoint","urlTemplate":"https:\/\/patagoniambiental.com.ar\/info\/?s={search_term_string}"},"query-input":{"@type":"PropertyValueSpecification","valueRequired":true,"valueName":"search_term_string"}}],"inLanguage":"es"},{"@type":"Organization","@id":"https:\/\/patagoniambiental.com.ar\/info\/#organization","name":"Patagonia Ambiental","url":"https:\/\/patagoniambiental.com.ar\/info\/","logo":{"@type":"ImageObject","inLanguage":"es","@id":"https:\/\/patagoniambiental.com.ar\/info\/#\/schema\/logo\/image\/","url":"https:\/\/patagoniambiental.com.ar\/info\/wp-content\/uploads\/2025\/05\/LOGO-PATAGONIA-AMBIENTAL.png","contentUrl":"https:\/\/patagoniambiental.com.ar\/info\/wp-content\/uploads\/2025\/05\/LOGO-PATAGONIA-AMBIENTAL.png","width":433,"height":250,"caption":"Patagonia Ambiental"},"image":{"@id":"https:\/\/patagoniambiental.com.ar\/info\/#\/schema\/logo\/image\/"},"sameAs":["https:\/\/www.facebook.com\/patagonia.ambiental","https:\/\/x.com\/PatAmb"]},{"@type":"Person","@id":"https:\/\/patagoniambiental.com.ar\/info\/#\/schema\/person\/db12bff64bbcbf6a253710bf0ea37b5d","name":"Patagonia Ambiental","description":"Andr\u00e9s Nievas T\u00e9cnico en manejo ambiental, consultor Ambiental y escritor para medios locales e internacionales sobre temas de geopolitica y medio ambiente.","sameAs":["http:\/\/www.patagoniambiental.com.ar","https:\/\/www.facebook.com\/share\/1C1V8Gv9BX\/?mibextid=qi2Omg","@patagoniambiental","https:\/\/youtube.com\/@patagoniaambiental2023?si=BLt58t0wuXquxlYZ"]}]}},"_links":{"self":[{"href":"https:\/\/patagoniambiental.com.ar\/info\/wp-json\/wp\/v2\/posts\/61883","targetHints":{"allow":["GET"]}}],"collection":[{"href":"https:\/\/patagoniambiental.com.ar\/info\/wp-json\/wp\/v2\/posts"}],"about":[{"href":"https:\/\/patagoniambiental.com.ar\/info\/wp-json\/wp\/v2\/types\/post"}],"author":[{"embeddable":true,"href":"https:\/\/patagoniambiental.com.ar\/info\/wp-json\/wp\/v2\/users\/2"}],"replies":[{"embeddable":true,"href":"https:\/\/patagoniambiental.com.ar\/info\/wp-json\/wp\/v2\/comments?post=61883"}],"version-history":[{"count":0,"href":"https:\/\/patagoniambiental.com.ar\/info\/wp-json\/wp\/v2\/posts\/61883\/revisions"}],"wp:featuredmedia":[{"embeddable":true,"href":"https:\/\/patagoniambiental.com.ar\/info\/wp-json\/wp\/v2\/media\/61884"}],"wp:attachment":[{"href":"https:\/\/patagoniambiental.com.ar\/info\/wp-json\/wp\/v2\/media?parent=61883"}],"wp:term":[{"taxonomy":"category","embeddable":true,"href":"https:\/\/patagoniambiental.com.ar\/info\/wp-json\/wp\/v2\/categories?post=61883"},{"taxonomy":"post_tag","embeddable":true,"href":"https:\/\/patagoniambiental.com.ar\/info\/wp-json\/wp\/v2\/tags?post=61883"}],"curies":[{"name":"wp","href":"https:\/\/api.w.org\/{rel}","templated":true}]}}