{"id":61893,"date":"2019-06-16T07:00:00","date_gmt":"2019-06-16T10:00:00","guid":{"rendered":"http:\/\/patagoniambiental.com.ar\/info\/?p=61893"},"modified":"2025-05-16T15:56:04","modified_gmt":"2025-05-16T18:56:04","slug":"salvemos-al-cauquen-colorado-un-viajero-en-serio-riesgo-de-extincion","status":"publish","type":"post","link":"https:\/\/patagoniambiental.com.ar\/info\/salvemos-al-cauquen-colorado-un-viajero-en-serio-riesgo-de-extincion\/","title":{"rendered":"Salvemos al Cauqu\u00e9n Colorado: el viajero alado que est\u00e1 al borde de la extinci\u00f3n."},"content":{"rendered":"\n<p><\/p>\n\n\n<div class=\"_1dwg _1w_m _q7o\">\n<div id=\"js_1aa\" class=\"_5pbx userContent _3576\" data-testid=\"post_message\" data-ft=\"{&quot;tn&quot;:&quot;K&quot;}\">\n<div id=\"id_5d03b08c8ee0a1e90091470\" class=\"text_exposed_root text_exposed\">\n<p>Ushuaia, Tierra del Fuego, AIAS, 16 de junio de 2019. Cada a\u00f1o, una de las especies m\u00e1s fascinantes y amenazadas del Cono Sur inicia un viaje de cientos de kil\u00f3metros a trav\u00e9s de la vasta geograf\u00eda argentina: el Cauqu\u00e9n Colorado (Chloephaga rubidiceps). Esta majestuosa ave migratoria, exclusiva del sur de Sudam\u00e9rica, enfrenta una dram\u00e1tica disminuci\u00f3n de su poblaci\u00f3n debido a m\u00faltiples amenazas. Hoy, su supervivencia pende de un hilo, y su historia nos interpela sobre el estado actual de nuestros ecosistemas, la responsabilidad colectiva y la urgente necesidad de acciones concretas. \u00bfQui\u00e9n es este viajero del viento que casi nadie conoce y por qu\u00e9 su extinci\u00f3n ser\u00eda una tragedia ambiental?<\/p>\n<p>El Cauqu\u00e9n Colorado, tambi\u00e9n conocido como Ganso Colorado, es un ave de mediano tama\u00f1o, inconfundible por su plumaje rojizo casta\u00f1o y sus h\u00e1bitos migratorios. Su distribuci\u00f3n natural se limita a sectores del sur argentino y chileno, lo que lo convierte en un endemismo regional de gran valor ecol\u00f3gico. Esta especie integra la familia Anatidae, al igual que los patos y otros cauquenes como el Cauqu\u00e9n Com\u00fan y el Cabeza Gris, con los cuales convive en algunos momentos del a\u00f1o.<\/p>\n<p>A diferencia de otras aves migratorias que viajan miles de kil\u00f3metros a otras regiones o continentes, el Cauqu\u00e9n Colorado realiza una migraci\u00f3n interna dentro de Argentina: se reproduce en la Patagonia Austral, especialmente en el norte de Tierra del Fuego, y migra en invierno hacia pastizales del sur bonaerense, como los de la Bah\u00eda Blanca y Villarino. Esta caracter\u00edstica lo convierte en un indicador biol\u00f3gico clave para los ambientes australes y pampeanos.<\/p>\n<p>Seg\u00fan estimaciones cient\u00edficas, la poblaci\u00f3n del Cauqu\u00e9n Colorado ha ca\u00eddo m\u00e1s del 80% en las \u00faltimas d\u00e9cadas. Se calcula que actualmente no superar\u00edan los 800 individuos en estado silvestre. Esta situaci\u00f3n lo ubica en la categor\u00eda de \u201cEn Peligro Cr\u00edtico\u201d seg\u00fan la normativa nacional, y figura entre las especies m\u00e1s amenazadas en la Ley provincial N\u00b0 101 de Fauna en Peligro de Extinci\u00f3n de Tierra del Fuego. A nivel internacional, est\u00e1 clasificado por la <a href=\"http:\/\/iucn.org\/es\">UICN<\/a> (Uni\u00f3n Internacional para la Conservaci\u00f3n de la Naturaleza)como especie vulnerable.<\/p>\n<p>Este colapso poblacional no solo representa una p\u00e9rdida para la biodiversidad, sino que tambi\u00e9n se\u00f1ala desequilibrios ecol\u00f3gicos profundos y una necesidad urgente de revisar las pol\u00edticas de conservaci\u00f3n en el sur argentino.<\/p>\n<p>Las<strong> amenazas: depredadores, caza furtiva y p\u00e9rdida de h\u00e1bitat<\/strong><\/p>\n<p>El declive del Cauqu\u00e9n Colorado responde a una combinaci\u00f3n de factores. Durante el verano fueguino, la etapa de reproducci\u00f3n, los nidos son vulnerables a depredadores como el zorro gris (Lycalopex griseus), el zorro colorado (Lycalopex culpaeus) y, especialmente, al vis\u00f3n americano (Neovison vison), una especie ex\u00f3tica invasora introducida por el ser humano.<\/p>\n<p>El vis\u00f3n, originario de Am\u00e9rica del Norte, ha encontrado en Tierra del Fuego un h\u00e1bitat propicio donde su capacidad depredadora se manifiesta con especial crudeza. Su presencia ha generado un verdadero desastre ecol\u00f3gico en varias reservas naturales, diezmando especies de aves acu\u00e1ticas y peque\u00f1as mam\u00edferos.<\/p>\n<p>A ello se suma la persistencia de la caza ilegal en zonas rurales tanto en Tierra del Fuego como en la provincia de Buenos Aires, donde a\u00fan sobreviven pr\u00e1cticas que ignoran las normativas de conservaci\u00f3n. La p\u00e9rdida de h\u00e1bitats por el avance de la frontera agropecuaria, la transformaci\u00f3n de los humedales y la presi\u00f3n urban\u00edstica completan el cuadro cr\u00edtico.<\/p>\n<p><strong>Un esfuerzo institucional para proteger al Cauqu\u00e9n Colorado<\/strong><\/p>\n<p>Frente a esta situaci\u00f3n l\u00edmite, la Direcci\u00f3n de \u00c1reas Protegidas y Biodiversidad de la Secretar\u00eda de Ambiente de Tierra del Fuego ha comenzado a implementar estrategias de manejo activas para proteger los nidos durante la etapa reproductiva. Entre las medidas concretas se destaca el cercado de predios en sectores estrat\u00e9gicos del norte fueguino, donde se detecta presencia de parejas reproductoras.<\/p>\n<p>Estos cercos tienen como fin evitar el ingreso de depredadores y generar microh\u00e1bitats seguros para la puesta de huevos. Adem\u00e1s, se est\u00e1 trabajando en la capacitaci\u00f3n de agentes de conservaci\u00f3n y en la sensibilizaci\u00f3n de comunidades locales, algo fundamental para evitar disturbios humanos en las zonas de nidificaci\u00f3n.<\/p>\n<p><strong>La importancia de su migraci\u00f3n: una conexi\u00f3n ecol\u00f3gica entre el sur y el centro del pa\u00eds<\/strong><\/p>\n<p>Una de las caracter\u00edsticas m\u00e1s fascinantes del Cauqu\u00e9n Colorado es su patr\u00f3n migratorio. Entre los meses de septiembre y abril habita <a href=\"http:\/\/www.tierradelfuego.gob.ar\">Tierra del Fuego <\/a>y sectores del sur de Santa Cruz. Luego, en mayo, inicia un viaje de m\u00e1s de 2.000 kil\u00f3metros hacia el sur de Buenos Aires, donde pasa el invierno. Esta migraci\u00f3n convierte al ave en un verdadero conector ecol\u00f3gico entre ecosistemas australes y pampeanos.<\/p>\n<p>En esta etapa invernal, el Cauqu\u00e9n Colorado comparte h\u00e1bitat con otras especies de cauquenes, como el Cauqu\u00e9n Com\u00fan (Chloephaga picta) y el Cauqu\u00e9n Cabeza Gris (Chloephaga poliocephala), siendo una oportunidad \u00fanica para observarlo si se cuenta con el conocimiento adecuado. Sin embargo, tambi\u00e9n es la etapa donde m\u00e1s riesgo corre debido a la confusi\u00f3n con otras especies y la caza accidental o intencional.<\/p>\n<p><a href=\"https:\/\/patagoniambiental.com.ar\/info\/monitorean-poblaciones-de-cauquenes-colorados-en-la-isla\/\">Leer m\u00e1s: <strong>Monitorean poblaciones de cauquenes colorados en la isla<\/strong><\/a><\/p>\n<p>\u00bf<strong>Qu\u00e9 pod\u00e9s hacer para ayudar? La participaci\u00f3n ciudadana es clave<\/strong><\/p>\n<p>La conservaci\u00f3n del Cauqu\u00e9n Colorado no es tarea exclusiva de las autoridades ni de los cient\u00edficos. La denuncia ciudadana es una herramienta poderosa. Si en Tierra del Fuego observ\u00e1s actividades de caza, persecuci\u00f3n o captura de estas aves, pod\u00e9s y deb\u00e9s denunciar a las autoridades locales:<\/p>\n<p>R\u00edo Grande: (02964) 42-2444<\/p>\n<p>Tolhuin: (02901) 49-2035 \/ 49-2353<\/p>\n<p>Ushuaia: (02901) 43-1156<\/p>\n<p>Tambi\u00e9n es posible colaborar difundiendo esta informaci\u00f3n en redes sociales, generando contenido educativo, promoviendo el ecoturismo responsable y apoyando iniciativas de ONGs locales.<\/p>\n<p>M\u00e1s all\u00e1 del aspecto biol\u00f3gico, salvar al Cauqu\u00e9n Colorado es una cuesti\u00f3n de \u00e9tica ambiental y justicia ecol\u00f3gica. Su posible desaparici\u00f3n ser\u00eda un reflejo del fracaso colectivo frente a la conservaci\u00f3n de especies nativas. Como ave migratoria, su preservaci\u00f3n implica garantizar corredores ecol\u00f3gicos funcionales, proteger \u00e1reas cr\u00edticas, eliminar amenazas invasoras y lograr consensos regionales en pol\u00edticas ambientales.<\/p>\n<p>Su historia tambi\u00e9n representa una oportunidad para revalorar el rol de Tierra del Fuego como territorio clave en la conservaci\u00f3n de aves migratorias, y para fortalecer la conexi\u00f3n emocional entre las personas y su entorno natural.<\/p>\n<p>Distintas universidades y organismos t\u00e9cnicos est\u00e1n realizando investigaciones para entender mejor el ciclo biol\u00f3gico del Cauqu\u00e9n Colorado. Se destacan estudios sobre su gen\u00e9tica poblacional, su comportamiento migratorio mediante el uso de radiotransmisores satelitales, y la evaluaci\u00f3n de la efectividad de las medidas de conservaci\u00f3n.<\/p>\n<p><strong>Como <\/strong><strong>l\u00edneas de acci\u00f3n estrat\u00e9gicas se proponen:<\/strong><\/p>\n<p>Ampliar los programas de monitoreo permanente en sitios de cr\u00eda e invernada.<\/p>\n<p>Controlar poblaciones de especies ex\u00f3ticas como el vis\u00f3n.<\/p>\n<p>Crear refugios naturales o reservas espec\u00edficas para su protecci\u00f3n.<\/p>\n<p>Promover campa\u00f1as educativas y material pedag\u00f3gico en escuelas.<\/p>\n<p>Educaci\u00f3n ambiental y ecoturismo responsable: herramientas claves<\/p>\n<p>Una de las formas m\u00e1s efectivas de generar conciencia ambiental es a trav\u00e9s de la educaci\u00f3n formal e informal. Incluir al Cauqu\u00e9n Colorado como especie s\u00edmbolo de campa\u00f1as escolares, concursos art\u00edsticos y visitas guiadas puede sembrar en ni\u00f1os y j\u00f3venes una conexi\u00f3n vital con su entorno.<\/p>\n<p>Por otro lado, el ecoturismo ornitol\u00f3gico representa una oportunidad de desarrollo sustentable. Tierra del Fuego es un destino privilegiado para el avistaje de aves, y sumar al Cauqu\u00e9n Colorado como una especie buscada puede transformar su presencia en una ventaja comparativa.<\/p>\n<p>No es posible salvar al Cauqu\u00e9n Colorado sin una estrategia integral y multidisciplinaria. Se requiere cooperaci\u00f3n interjurisdiccional entre provincias, respaldo del Estado nacional, financiamiento internacional, compromiso del sector privado (especialmente el agropecuario) y participaci\u00f3n de las comunidades locales. La conservaci\u00f3n debe dejar de ser vista como un freno al desarrollo y pasar a ser una pol\u00edtica de Estado transversal.<\/p>\n<p>En este sentido, la integraci\u00f3n de esfuerzos p\u00fablicos, cient\u00edficos y ciudadanos puede convertir al Cauqu\u00e9n Colorado en un s\u00edmbolo de resiliencia y esperanza en tiempos de crisis ecol\u00f3gica.<\/p>\n<p>Salvar al Cauqu\u00e9n Colorado no solo es salvar una especie. Es preservar una historia natural milenaria, es defender los paisajes australes, es garantizar que futuras generaciones puedan verlo cruzar los cielos patag\u00f3nicos cada primavera. Es, tambi\u00e9n, una forma de salvarnos a nosotros mismos, de reencontrarnos con una forma de habitar el mundo que respete la vida en todas sus formas.<\/p>\n<\/div>\n<\/div>\n<div class=\"_3x-2\" data-ft=\"{&quot;tn&quot;:&quot;H&quot;}\">\n<div data-ft=\"{&quot;tn&quot;:&quot;H&quot;}\">\n<div class=\"mtm\">\n<div>\n<div class=\"_1ktf\" data-ft=\"{&quot;tn&quot;:&quot;E&quot;}\">\n<div class=\"uiScaledImageContainer _517g\"><img fetchpriority=\"high\" decoding=\"async\" class=\"scaledImageFitHeight img\" src=\"https:\/\/scontent.faep16-2.fna.fbcdn.net\/v\/t1.0-0\/p526x296\/64461945_1367778526703121_5975112614764609536_n.jpg?_nc_cat=110&amp;_nc_pt=1&amp;_nc_ht=scontent.faep16-2.fna&amp;oh=2b99d69d663c691ac2ef1baf6ca578d5&amp;oe=5D95E06F\" alt=\"No hay descripci\u00f3n de la foto disponible.\" width=\"501\" height=\"501\" data-src=\"https:\/\/scontent.faep16-2.fna.fbcdn.net\/v\/t1.0-0\/p526x296\/64461945_1367778526703121_5975112614764609536_n.jpg?_nc_cat=110&amp;_nc_pt=1&amp;_nc_ht=scontent.faep16-2.fna&amp;oh=2b99d69d663c691ac2ef1baf6ca578d5&amp;oe=5D95E06F\" \/><\/div>\n<\/div>\n<\/div>\n<\/div>\n<\/div>\n<\/div>\n<\/div>\n<div><form id=\"u_fetchstream_8_1s\" class=\"commentable_item\" action=\"https:\/\/www.facebook.com\/ajax\/ufi\/modify.php\" method=\"post\" data-ft=\"{&quot;tn&quot;:&quot;]&quot;}\">\n<div class=\"_4299\">\n<div class=\"_78bu\">\n<div class=\"_68wo\" data-testid=\"fbFeedStoryUFI\/feedbackSummary\">\n<div class=\"_3vum\">\n<div class=\"_66lg\">\u00a0<\/div>\n<\/div>\n<\/div>\n<\/div>\n<\/div>\n<\/form><\/div>\n\n\n<!--more-->\n\n\n\n<figure class=\"wp-block-image size-full\"><img decoding=\"async\" width=\"902\" height=\"600\" src=\"https:\/\/patagoniambiental.com.ar\/info\/wp-content\/uploads\/2019\/06\/d6dae8_8fa15264808c40728bb17afa83fe0a2f_mv211.jpeg\" alt=\"Cauquen colorado al borde de la extincion\" class=\"wp-image-95167\"\/><figcaption class=\"wp-element-caption\">Cauquen colorado al borde de la extincion<\/figcaption><\/figure>\n\n\n\n<p><\/p>\n","protected":false},"excerpt":{"rendered":"<p>Ushuaia, Tierra del Fuego, AIAS, 16 de junio de 2019. Cada a\u00f1o, una de las especies m\u00e1s fascinantes y amenazadas [&hellip;]<\/p>\n","protected":false},"author":2,"featured_media":61894,"comment_status":"open","ping_status":"open","sticky":false,"template":"","format":"standard","meta":{"site-sidebar-layout":"default","site-content-layout":"","ast-site-content-layout":"default","site-content-style":"default","site-sidebar-style":"default","ast-global-header-display":"","ast-banner-title-visibility":"","ast-main-header-display":"","ast-hfb-above-header-display":"","ast-hfb-below-header-display":"","ast-hfb-mobile-header-display":"","site-post-title":"","ast-breadcrumbs-content":"","ast-featured-img":"","footer-sml-layout":"","ast-disable-related-posts":"","theme-transparent-header-meta":"","adv-header-id-meta":"","stick-header-meta":"","header-above-stick-meta":"","header-main-stick-meta":"","header-below-stick-meta":"","astra-migrate-meta-layouts":"default","ast-page-background-enabled":"default","ast-page-background-meta":{"desktop":{"background-color":"var(--ast-global-color-5)","background-image":"","background-repeat":"repeat","background-position":"center center","background-size":"auto","background-attachment":"scroll","background-type":"","background-media":"","overlay-type":"","overlay-color":"","overlay-opacity":"","overlay-gradient":""},"tablet":{"background-color":"","background-image":"","background-repeat":"repeat","background-position":"center center","background-size":"auto","background-attachment":"scroll","background-type":"","background-media":"","overlay-type":"","overlay-color":"","overlay-opacity":"","overlay-gradient":""},"mobile":{"background-color":"","background-image":"","background-repeat":"repeat","background-position":"center center","background-size":"auto","background-attachment":"scroll","background-type":"","background-media":"","overlay-type":"","overlay-color":"","overlay-opacity":"","overlay-gradient":""}},"ast-content-background-meta":{"desktop":{"background-color":"var(--ast-global-color-4)","background-image":"","background-repeat":"repeat","background-position":"center center","background-size":"auto","background-attachment":"scroll","background-type":"","background-media":"","overlay-type":"","overlay-color":"","overlay-opacity":"","overlay-gradient":""},"tablet":{"background-color":"var(--ast-global-color-4)","background-image":"","background-repeat":"repeat","background-position":"center center","background-size":"auto","background-attachment":"scroll","background-type":"","background-media":"","overlay-type":"","overlay-color":"","overlay-opacity":"","overlay-gradient":""},"mobile":{"background-color":"var(--ast-global-color-4)","background-image":"","background-repeat":"repeat","background-position":"center center","background-size":"auto","background-attachment":"scroll","background-type":"","background-media":"","overlay-type":"","overlay-color":"","overlay-opacity":"","overlay-gradient":""}},"footnotes":""},"categories":[1,13,10,25],"tags":[],"class_list":["post-61893","post","type-post","status-publish","format-standard","has-post-thumbnail","hentry","category-noticias","category-provinciales","category-rotador","category-tierra-del-fuego"],"yoast_head":"<!-- This site is optimized with the Yoast SEO Premium plugin v23.0 (Yoast SEO v27.5) - https:\/\/yoast.com\/product\/yoast-seo-premium-wordpress\/ -->\n<title>Salvemos al Cauqu\u00e9n Colorado: el viajero alado que est\u00e1 al borde de la extinci\u00f3n.<\/title>\n<meta name=\"description\" content=\"Cada a\u00f1o, una de las especies m\u00e1s fascinantes y amenazadas del Cono Sur inicia un viaje de cientos de kil\u00f3metros a trav\u00e9s de la argentina\" \/>\n<meta name=\"robots\" content=\"index, follow, max-snippet:-1, max-image-preview:large, max-video-preview:-1\" \/>\n<link rel=\"canonical\" href=\"https:\/\/patagoniambiental.com.ar\/info\/salvemos-al-cauquen-colorado-un-viajero-en-serio-riesgo-de-extincion\/\" \/>\n<meta property=\"og:locale\" content=\"es_ES\" \/>\n<meta property=\"og:type\" content=\"article\" \/>\n<meta property=\"og:title\" content=\"Salvemos al Cauqu\u00e9n Colorado: el viajero alado que est\u00e1 al borde de la extinci\u00f3n.\" \/>\n<meta property=\"og:description\" content=\"Cada a\u00f1o, una de las especies m\u00e1s fascinantes y amenazadas del Cono Sur inicia un viaje de cientos de kil\u00f3metros a trav\u00e9s de la argentina\" \/>\n<meta property=\"og:url\" content=\"https:\/\/patagoniambiental.com.ar\/info\/salvemos-al-cauquen-colorado-un-viajero-en-serio-riesgo-de-extincion\/\" \/>\n<meta property=\"og:site_name\" content=\"Patagonia Ambiental\" \/>\n<meta property=\"article:publisher\" content=\"https:\/\/www.facebook.com\/patagonia.ambiental\" \/>\n<meta property=\"article:author\" content=\"https:\/\/www.facebook.com\/share\/1C1V8Gv9BX\/?mibextid=qi2Omg\" \/>\n<meta property=\"article:published_time\" content=\"2019-06-16T10:00:00+00:00\" \/>\n<meta property=\"article:modified_time\" content=\"2025-05-16T18:56:04+00:00\" \/>\n<meta property=\"og:image\" content=\"https:\/\/patagoniambiental.com.ar\/info\/wp-content\/uploads\/2019\/06\/64461945_1367778526703121_5975112614764609536_n.jpg\" \/>\n\t<meta property=\"og:image:width\" content=\"958\" \/>\n\t<meta property=\"og:image:height\" content=\"960\" \/>\n\t<meta property=\"og:image:type\" content=\"image\/jpeg\" \/>\n<meta name=\"author\" content=\"Patagonia Ambiental\" \/>\n<meta name=\"twitter:card\" content=\"summary_large_image\" \/>\n<meta name=\"twitter:creator\" content=\"@PatAmb\" \/>\n<meta name=\"twitter:site\" content=\"@PatAmb\" \/>\n<script type=\"application\/ld+json\" class=\"yoast-schema-graph\">{\"@context\":\"https:\\\/\\\/schema.org\",\"@graph\":[{\"@type\":\"Article\",\"@id\":\"https:\\\/\\\/patagoniambiental.com.ar\\\/info\\\/salvemos-al-cauquen-colorado-un-viajero-en-serio-riesgo-de-extincion\\\/#article\",\"isPartOf\":{\"@id\":\"https:\\\/\\\/patagoniambiental.com.ar\\\/info\\\/salvemos-al-cauquen-colorado-un-viajero-en-serio-riesgo-de-extincion\\\/\"},\"author\":{\"name\":\"Patagonia Ambiental\",\"@id\":\"https:\\\/\\\/patagoniambiental.com.ar\\\/info\\\/#\\\/schema\\\/person\\\/db12bff64bbcbf6a253710bf0ea37b5d\"},\"headline\":\"Salvemos al Cauqu\u00e9n Colorado: el viajero alado que est\u00e1 al borde de la extinci\u00f3n.\",\"datePublished\":\"2019-06-16T10:00:00+00:00\",\"dateModified\":\"2025-05-16T18:56:04+00:00\",\"mainEntityOfPage\":{\"@id\":\"https:\\\/\\\/patagoniambiental.com.ar\\\/info\\\/salvemos-al-cauquen-colorado-un-viajero-en-serio-riesgo-de-extincion\\\/\"},\"wordCount\":1521,\"commentCount\":0,\"publisher\":{\"@id\":\"https:\\\/\\\/patagoniambiental.com.ar\\\/info\\\/#organization\"},\"image\":{\"@id\":\"https:\\\/\\\/patagoniambiental.com.ar\\\/info\\\/salvemos-al-cauquen-colorado-un-viajero-en-serio-riesgo-de-extincion\\\/#primaryimage\"},\"thumbnailUrl\":\"https:\\\/\\\/patagoniambiental.com.ar\\\/info\\\/wp-content\\\/uploads\\\/2019\\\/06\\\/64461945_1367778526703121_5975112614764609536_n.jpg\",\"articleSection\":[\"Noticias\",\"Provinciales\",\"Rotador\",\"Tierra del Fuego\"],\"inLanguage\":\"es\",\"potentialAction\":[{\"@type\":\"CommentAction\",\"name\":\"Comment\",\"target\":[\"https:\\\/\\\/patagoniambiental.com.ar\\\/info\\\/salvemos-al-cauquen-colorado-un-viajero-en-serio-riesgo-de-extincion\\\/#respond\"]}]},{\"@type\":\"WebPage\",\"@id\":\"https:\\\/\\\/patagoniambiental.com.ar\\\/info\\\/salvemos-al-cauquen-colorado-un-viajero-en-serio-riesgo-de-extincion\\\/\",\"url\":\"https:\\\/\\\/patagoniambiental.com.ar\\\/info\\\/salvemos-al-cauquen-colorado-un-viajero-en-serio-riesgo-de-extincion\\\/\",\"name\":\"Salvemos al Cauqu\u00e9n Colorado: el viajero alado que est\u00e1 al borde de la extinci\u00f3n.\",\"isPartOf\":{\"@id\":\"https:\\\/\\\/patagoniambiental.com.ar\\\/info\\\/#website\"},\"primaryImageOfPage\":{\"@id\":\"https:\\\/\\\/patagoniambiental.com.ar\\\/info\\\/salvemos-al-cauquen-colorado-un-viajero-en-serio-riesgo-de-extincion\\\/#primaryimage\"},\"image\":{\"@id\":\"https:\\\/\\\/patagoniambiental.com.ar\\\/info\\\/salvemos-al-cauquen-colorado-un-viajero-en-serio-riesgo-de-extincion\\\/#primaryimage\"},\"thumbnailUrl\":\"https:\\\/\\\/patagoniambiental.com.ar\\\/info\\\/wp-content\\\/uploads\\\/2019\\\/06\\\/64461945_1367778526703121_5975112614764609536_n.jpg\",\"datePublished\":\"2019-06-16T10:00:00+00:00\",\"dateModified\":\"2025-05-16T18:56:04+00:00\",\"description\":\"Cada a\u00f1o, una de las especies m\u00e1s fascinantes y amenazadas del Cono Sur inicia un viaje de cientos de kil\u00f3metros a trav\u00e9s de la argentina\",\"breadcrumb\":{\"@id\":\"https:\\\/\\\/patagoniambiental.com.ar\\\/info\\\/salvemos-al-cauquen-colorado-un-viajero-en-serio-riesgo-de-extincion\\\/#breadcrumb\"},\"inLanguage\":\"es\",\"potentialAction\":[{\"@type\":\"ReadAction\",\"target\":[\"https:\\\/\\\/patagoniambiental.com.ar\\\/info\\\/salvemos-al-cauquen-colorado-un-viajero-en-serio-riesgo-de-extincion\\\/\"]}]},{\"@type\":\"ImageObject\",\"inLanguage\":\"es\",\"@id\":\"https:\\\/\\\/patagoniambiental.com.ar\\\/info\\\/salvemos-al-cauquen-colorado-un-viajero-en-serio-riesgo-de-extincion\\\/#primaryimage\",\"url\":\"https:\\\/\\\/patagoniambiental.com.ar\\\/info\\\/wp-content\\\/uploads\\\/2019\\\/06\\\/64461945_1367778526703121_5975112614764609536_n.jpg\",\"contentUrl\":\"https:\\\/\\\/patagoniambiental.com.ar\\\/info\\\/wp-content\\\/uploads\\\/2019\\\/06\\\/64461945_1367778526703121_5975112614764609536_n.jpg\",\"width\":599,\"height\":600},{\"@type\":\"BreadcrumbList\",\"@id\":\"https:\\\/\\\/patagoniambiental.com.ar\\\/info\\\/salvemos-al-cauquen-colorado-un-viajero-en-serio-riesgo-de-extincion\\\/#breadcrumb\",\"itemListElement\":[{\"@type\":\"ListItem\",\"position\":1,\"name\":\"Inicio\",\"item\":\"https:\\\/\\\/patagoniambiental.com.ar\\\/info\\\/\"},{\"@type\":\"ListItem\",\"position\":2,\"name\":\"Salvemos al Cauqu\u00e9n Colorado: el viajero alado que est\u00e1 al borde de la extinci\u00f3n.\"}]},{\"@type\":\"WebSite\",\"@id\":\"https:\\\/\\\/patagoniambiental.com.ar\\\/info\\\/#website\",\"url\":\"https:\\\/\\\/patagoniambiental.com.ar\\\/info\\\/\",\"name\":\"Patagonia Ambiental\",\"description\":\"Monitoreo y an\u00e1lisis de la situaci\u00f3n geopol\u00edtica en el mundo y su implicancia en la Patagonia\",\"publisher\":{\"@id\":\"https:\\\/\\\/patagoniambiental.com.ar\\\/info\\\/#organization\"},\"potentialAction\":[{\"@type\":\"SearchAction\",\"target\":{\"@type\":\"EntryPoint\",\"urlTemplate\":\"https:\\\/\\\/patagoniambiental.com.ar\\\/info\\\/?s={search_term_string}\"},\"query-input\":{\"@type\":\"PropertyValueSpecification\",\"valueRequired\":true,\"valueName\":\"search_term_string\"}}],\"inLanguage\":\"es\"},{\"@type\":\"Organization\",\"@id\":\"https:\\\/\\\/patagoniambiental.com.ar\\\/info\\\/#organization\",\"name\":\"Patagonia Ambiental\",\"url\":\"https:\\\/\\\/patagoniambiental.com.ar\\\/info\\\/\",\"logo\":{\"@type\":\"ImageObject\",\"inLanguage\":\"es\",\"@id\":\"https:\\\/\\\/patagoniambiental.com.ar\\\/info\\\/#\\\/schema\\\/logo\\\/image\\\/\",\"url\":\"https:\\\/\\\/patagoniambiental.com.ar\\\/info\\\/wp-content\\\/uploads\\\/2025\\\/05\\\/LOGO-PATAGONIA-AMBIENTAL.png\",\"contentUrl\":\"https:\\\/\\\/patagoniambiental.com.ar\\\/info\\\/wp-content\\\/uploads\\\/2025\\\/05\\\/LOGO-PATAGONIA-AMBIENTAL.png\",\"width\":433,\"height\":250,\"caption\":\"Patagonia Ambiental\"},\"image\":{\"@id\":\"https:\\\/\\\/patagoniambiental.com.ar\\\/info\\\/#\\\/schema\\\/logo\\\/image\\\/\"},\"sameAs\":[\"https:\\\/\\\/www.facebook.com\\\/patagonia.ambiental\",\"https:\\\/\\\/x.com\\\/PatAmb\"]},{\"@type\":\"Person\",\"@id\":\"https:\\\/\\\/patagoniambiental.com.ar\\\/info\\\/#\\\/schema\\\/person\\\/db12bff64bbcbf6a253710bf0ea37b5d\",\"name\":\"Patagonia Ambiental\",\"description\":\"Andr\u00e9s Nievas T\u00e9cnico en manejo ambiental, consultor Ambiental y escritor para medios locales e internacionales sobre temas de geopolitica y medio ambiente.\",\"sameAs\":[\"http:\\\/\\\/www.patagoniambiental.com.ar\",\"https:\\\/\\\/www.facebook.com\\\/share\\\/1C1V8Gv9BX\\\/?mibextid=qi2Omg\",\"@patagoniambiental\",\"https:\\\/\\\/youtube.com\\\/@patagoniaambiental2023?si=BLt58t0wuXquxlYZ\"]}]}<\/script>\n<!-- \/ Yoast SEO Premium plugin. -->","yoast_head_json":{"title":"Salvemos al Cauqu\u00e9n Colorado: el viajero alado que est\u00e1 al borde de la extinci\u00f3n.","description":"Cada a\u00f1o, una de las especies m\u00e1s fascinantes y amenazadas del Cono Sur inicia un viaje de cientos de kil\u00f3metros a trav\u00e9s de la argentina","robots":{"index":"index","follow":"follow","max-snippet":"max-snippet:-1","max-image-preview":"max-image-preview:large","max-video-preview":"max-video-preview:-1"},"canonical":"https:\/\/patagoniambiental.com.ar\/info\/salvemos-al-cauquen-colorado-un-viajero-en-serio-riesgo-de-extincion\/","og_locale":"es_ES","og_type":"article","og_title":"Salvemos al Cauqu\u00e9n Colorado: el viajero alado que est\u00e1 al borde de la extinci\u00f3n.","og_description":"Cada a\u00f1o, una de las especies m\u00e1s fascinantes y amenazadas del Cono Sur inicia un viaje de cientos de kil\u00f3metros a trav\u00e9s de la argentina","og_url":"https:\/\/patagoniambiental.com.ar\/info\/salvemos-al-cauquen-colorado-un-viajero-en-serio-riesgo-de-extincion\/","og_site_name":"Patagonia Ambiental","article_publisher":"https:\/\/www.facebook.com\/patagonia.ambiental","article_author":"https:\/\/www.facebook.com\/share\/1C1V8Gv9BX\/?mibextid=qi2Omg","article_published_time":"2019-06-16T10:00:00+00:00","article_modified_time":"2025-05-16T18:56:04+00:00","og_image":[{"width":958,"height":960,"url":"https:\/\/patagoniambiental.com.ar\/info\/wp-content\/uploads\/2019\/06\/64461945_1367778526703121_5975112614764609536_n.jpg","type":"image\/jpeg"}],"author":"Patagonia Ambiental","twitter_card":"summary_large_image","twitter_creator":"@PatAmb","twitter_site":"@PatAmb","schema":{"@context":"https:\/\/schema.org","@graph":[{"@type":"Article","@id":"https:\/\/patagoniambiental.com.ar\/info\/salvemos-al-cauquen-colorado-un-viajero-en-serio-riesgo-de-extincion\/#article","isPartOf":{"@id":"https:\/\/patagoniambiental.com.ar\/info\/salvemos-al-cauquen-colorado-un-viajero-en-serio-riesgo-de-extincion\/"},"author":{"name":"Patagonia Ambiental","@id":"https:\/\/patagoniambiental.com.ar\/info\/#\/schema\/person\/db12bff64bbcbf6a253710bf0ea37b5d"},"headline":"Salvemos al Cauqu\u00e9n Colorado: el viajero alado que est\u00e1 al borde de la extinci\u00f3n.","datePublished":"2019-06-16T10:00:00+00:00","dateModified":"2025-05-16T18:56:04+00:00","mainEntityOfPage":{"@id":"https:\/\/patagoniambiental.com.ar\/info\/salvemos-al-cauquen-colorado-un-viajero-en-serio-riesgo-de-extincion\/"},"wordCount":1521,"commentCount":0,"publisher":{"@id":"https:\/\/patagoniambiental.com.ar\/info\/#organization"},"image":{"@id":"https:\/\/patagoniambiental.com.ar\/info\/salvemos-al-cauquen-colorado-un-viajero-en-serio-riesgo-de-extincion\/#primaryimage"},"thumbnailUrl":"https:\/\/patagoniambiental.com.ar\/info\/wp-content\/uploads\/2019\/06\/64461945_1367778526703121_5975112614764609536_n.jpg","articleSection":["Noticias","Provinciales","Rotador","Tierra del Fuego"],"inLanguage":"es","potentialAction":[{"@type":"CommentAction","name":"Comment","target":["https:\/\/patagoniambiental.com.ar\/info\/salvemos-al-cauquen-colorado-un-viajero-en-serio-riesgo-de-extincion\/#respond"]}]},{"@type":"WebPage","@id":"https:\/\/patagoniambiental.com.ar\/info\/salvemos-al-cauquen-colorado-un-viajero-en-serio-riesgo-de-extincion\/","url":"https:\/\/patagoniambiental.com.ar\/info\/salvemos-al-cauquen-colorado-un-viajero-en-serio-riesgo-de-extincion\/","name":"Salvemos al Cauqu\u00e9n Colorado: el viajero alado que est\u00e1 al borde de la extinci\u00f3n.","isPartOf":{"@id":"https:\/\/patagoniambiental.com.ar\/info\/#website"},"primaryImageOfPage":{"@id":"https:\/\/patagoniambiental.com.ar\/info\/salvemos-al-cauquen-colorado-un-viajero-en-serio-riesgo-de-extincion\/#primaryimage"},"image":{"@id":"https:\/\/patagoniambiental.com.ar\/info\/salvemos-al-cauquen-colorado-un-viajero-en-serio-riesgo-de-extincion\/#primaryimage"},"thumbnailUrl":"https:\/\/patagoniambiental.com.ar\/info\/wp-content\/uploads\/2019\/06\/64461945_1367778526703121_5975112614764609536_n.jpg","datePublished":"2019-06-16T10:00:00+00:00","dateModified":"2025-05-16T18:56:04+00:00","description":"Cada a\u00f1o, una de las especies m\u00e1s fascinantes y amenazadas del Cono Sur inicia un viaje de cientos de kil\u00f3metros a trav\u00e9s de la argentina","breadcrumb":{"@id":"https:\/\/patagoniambiental.com.ar\/info\/salvemos-al-cauquen-colorado-un-viajero-en-serio-riesgo-de-extincion\/#breadcrumb"},"inLanguage":"es","potentialAction":[{"@type":"ReadAction","target":["https:\/\/patagoniambiental.com.ar\/info\/salvemos-al-cauquen-colorado-un-viajero-en-serio-riesgo-de-extincion\/"]}]},{"@type":"ImageObject","inLanguage":"es","@id":"https:\/\/patagoniambiental.com.ar\/info\/salvemos-al-cauquen-colorado-un-viajero-en-serio-riesgo-de-extincion\/#primaryimage","url":"https:\/\/patagoniambiental.com.ar\/info\/wp-content\/uploads\/2019\/06\/64461945_1367778526703121_5975112614764609536_n.jpg","contentUrl":"https:\/\/patagoniambiental.com.ar\/info\/wp-content\/uploads\/2019\/06\/64461945_1367778526703121_5975112614764609536_n.jpg","width":599,"height":600},{"@type":"BreadcrumbList","@id":"https:\/\/patagoniambiental.com.ar\/info\/salvemos-al-cauquen-colorado-un-viajero-en-serio-riesgo-de-extincion\/#breadcrumb","itemListElement":[{"@type":"ListItem","position":1,"name":"Inicio","item":"https:\/\/patagoniambiental.com.ar\/info\/"},{"@type":"ListItem","position":2,"name":"Salvemos al Cauqu\u00e9n Colorado: el viajero alado que est\u00e1 al borde de la extinci\u00f3n."}]},{"@type":"WebSite","@id":"https:\/\/patagoniambiental.com.ar\/info\/#website","url":"https:\/\/patagoniambiental.com.ar\/info\/","name":"Patagonia Ambiental","description":"Monitoreo y an\u00e1lisis de la situaci\u00f3n geopol\u00edtica en el mundo y su implicancia en la Patagonia","publisher":{"@id":"https:\/\/patagoniambiental.com.ar\/info\/#organization"},"potentialAction":[{"@type":"SearchAction","target":{"@type":"EntryPoint","urlTemplate":"https:\/\/patagoniambiental.com.ar\/info\/?s={search_term_string}"},"query-input":{"@type":"PropertyValueSpecification","valueRequired":true,"valueName":"search_term_string"}}],"inLanguage":"es"},{"@type":"Organization","@id":"https:\/\/patagoniambiental.com.ar\/info\/#organization","name":"Patagonia Ambiental","url":"https:\/\/patagoniambiental.com.ar\/info\/","logo":{"@type":"ImageObject","inLanguage":"es","@id":"https:\/\/patagoniambiental.com.ar\/info\/#\/schema\/logo\/image\/","url":"https:\/\/patagoniambiental.com.ar\/info\/wp-content\/uploads\/2025\/05\/LOGO-PATAGONIA-AMBIENTAL.png","contentUrl":"https:\/\/patagoniambiental.com.ar\/info\/wp-content\/uploads\/2025\/05\/LOGO-PATAGONIA-AMBIENTAL.png","width":433,"height":250,"caption":"Patagonia Ambiental"},"image":{"@id":"https:\/\/patagoniambiental.com.ar\/info\/#\/schema\/logo\/image\/"},"sameAs":["https:\/\/www.facebook.com\/patagonia.ambiental","https:\/\/x.com\/PatAmb"]},{"@type":"Person","@id":"https:\/\/patagoniambiental.com.ar\/info\/#\/schema\/person\/db12bff64bbcbf6a253710bf0ea37b5d","name":"Patagonia Ambiental","description":"Andr\u00e9s Nievas T\u00e9cnico en manejo ambiental, consultor Ambiental y escritor para medios locales e internacionales sobre temas de geopolitica y medio ambiente.","sameAs":["http:\/\/www.patagoniambiental.com.ar","https:\/\/www.facebook.com\/share\/1C1V8Gv9BX\/?mibextid=qi2Omg","@patagoniambiental","https:\/\/youtube.com\/@patagoniaambiental2023?si=BLt58t0wuXquxlYZ"]}]}},"_links":{"self":[{"href":"https:\/\/patagoniambiental.com.ar\/info\/wp-json\/wp\/v2\/posts\/61893","targetHints":{"allow":["GET"]}}],"collection":[{"href":"https:\/\/patagoniambiental.com.ar\/info\/wp-json\/wp\/v2\/posts"}],"about":[{"href":"https:\/\/patagoniambiental.com.ar\/info\/wp-json\/wp\/v2\/types\/post"}],"author":[{"embeddable":true,"href":"https:\/\/patagoniambiental.com.ar\/info\/wp-json\/wp\/v2\/users\/2"}],"replies":[{"embeddable":true,"href":"https:\/\/patagoniambiental.com.ar\/info\/wp-json\/wp\/v2\/comments?post=61893"}],"version-history":[{"count":0,"href":"https:\/\/patagoniambiental.com.ar\/info\/wp-json\/wp\/v2\/posts\/61893\/revisions"}],"wp:featuredmedia":[{"embeddable":true,"href":"https:\/\/patagoniambiental.com.ar\/info\/wp-json\/wp\/v2\/media\/61894"}],"wp:attachment":[{"href":"https:\/\/patagoniambiental.com.ar\/info\/wp-json\/wp\/v2\/media?parent=61893"}],"wp:term":[{"taxonomy":"category","embeddable":true,"href":"https:\/\/patagoniambiental.com.ar\/info\/wp-json\/wp\/v2\/categories?post=61893"},{"taxonomy":"post_tag","embeddable":true,"href":"https:\/\/patagoniambiental.com.ar\/info\/wp-json\/wp\/v2\/tags?post=61893"}],"curies":[{"name":"wp","href":"https:\/\/api.w.org\/{rel}","templated":true}]}}