{"id":61896,"date":"2019-06-17T07:00:18","date_gmt":"2019-06-17T10:00:18","guid":{"rendered":"http:\/\/patagoniambiental.com.ar\/info\/?p=61896"},"modified":"2019-06-14T11:41:34","modified_gmt":"2019-06-14T14:41:34","slug":"el-corte-del-atuel-sera-el-mas-extenso-de-mendoza-117-dias","status":"publish","type":"post","link":"https:\/\/patagoniambiental.com.ar\/info\/el-corte-del-atuel-sera-el-mas-extenso-de-mendoza-117-dias\/","title":{"rendered":"El corte del Atuel ser\u00e1 el m\u00e1s extenso de Mendoza: 117 d\u00edas"},"content":{"rendered":"<header class=\"article-header clearfix\"><\/header>\n<aside class=\"article-aside clearfix\">\n<div class=\"addthis_sharing_toolbox addthis_16x16_style\" data-url=\"https:\/\/www.eldiariodelapampa.com.ar\/index.php\/portada\/108-terciario\/62239-el-corte-del-atuel-sera-el-mas-extenso-de-mendoza-117-dias\" data-title=\"El corte del Atuel ser\u00e1 el m\u00e1s extenso de Mendoza: 117 d\u00edas\" data-description=\"Seg\u00fan el cronograma, la corta del Atuel se extiende desde el 25 de abril hasta el pr\u00f3ximo 20 de agosto. \">\n<div id=\"atstbx\" class=\"at-share-tbx-element addthis-smartlayers addthis-animated at4-show\" role=\"region\" aria-labelledby=\"at-9800e3a6-8d46-470b-9164-8291d6b51e7c\">\n<div class=\"at-share-btn-elements\">Mendoza.-Seg\u00fan el cronograma, la corta del Atuel se extiende desde el 25 de abril\u00a0<strong>hasta el pr\u00f3ximo 20 de agosto<\/strong>.<\/div>\n<\/div>\n<\/div>\n<\/aside>\n<p><!--more--><\/p>\n<section class=\"article-content clearfix row\">\n<div class=\"article-body span12 span8 eq-first\">\n<div class=\"pull-left item-image\"><img fetchpriority=\"high\" decoding=\"async\" class=\"alignleft\" src=\"https:\/\/www.eldiariodelapampa.com.ar\/images\/2019\/Junio\/14-06-2019\/riro-atuel.jpg\" alt=\"\" width=\"567\" height=\"319\" \/><\/div>\n<p>El Departamento General de Irrigaci\u00f3n de Mendoza confirm\u00f3 que el corte del r\u00edo Atuel se extender\u00e1 por 117 d\u00edas, hasta el pr\u00f3ximo 20 de agosto al menos.<\/p>\n<p>Seg\u00fan inform\u00f3 el organismo, el corte es debido \u201ca que los n\u00fameros de reserva de agua en el Valle Grande y El Nihuil son los m\u00e1s bajos de la provincia y se necesita extender la corta lo m\u00e1s posible para \u201cacumular\u201d recursos h\u00eddricos de cara a la pr\u00f3xima temporada de riego desde la primavera\u201d.<\/p>\n<p>Seg\u00fan el cronograma, la corta del Atuel se extiende desde el 25 de abril hasta el pr\u00f3ximo 20 de agosto. En total son 117 d\u00edas sin agua corriendo por los canales. Hay que tener en cuenta que los diques de la cuenca solo alcanzan al 47% de su capacidad.<\/p>\n<p>El Gobierno de La Pampa reclama que el r\u00edo Atuel vuelva a correr en territorio pampeano. La Corte Suprema determin\u00f3 en el a\u00f1o 1987 que el r\u00edo es interprovincial. Pero en el a\u00f1o 2017, otro fallo de la Corte Suprema estableci\u00f3 que Mendoza, La Pampa y la Naci\u00f3n deb\u00edan acordar un caudal para recomponer el ambiente. Ahora la CSJN debe establecer cu\u00e1l es el n\u00famero de ese caudal.<\/p>\n<p>La misma extensi\u00f3n de \u201ccorta\u201d tendr\u00e1 el r\u00edo Tunuy\u00e1n Superior, ya que los regantes tendr\u00e1n que esperar 117 d\u00edas para recibir el suministro, pues el cauce permanece sin agua desde el 2 de mayo y hasta el 27 de agosto.<\/p>\n<p>Por su parte, la cuenca del Tunuy\u00e1n Inferior tendr\u00e1 un receso de solo 102 d\u00edas, entre el 10 de mayo y el 21 de agosto.<\/p>\n<p>Luego aparece el r\u00edo Mendoza, que tiene 78 d\u00edas sin agua entre el 26 de mayo y el 12 de agosto. Actualmente Potrerillos est\u00e1 al 91% de su capacidad.<\/p>\n<p>Los dos r\u00edos que menos corta tendr\u00e1n son el Diamante y el Malarg\u00fce. En el primero la corta dura 72 d\u00edas, desde el 3 de junio al 14 de agosto, mientras que en el segundo la extensi\u00f3n es de 61 d\u00edas, entre el 2 de junio y el 2 de agosto.<\/p>\n<p>Fuente:\u00a0https:\/\/www.eldiariodelapampa.com.ar\/index.php\/portada\/108-terciario\/62239-el-corte-del-atuel-sera-el-mas-extenso-de-mendoza-117-dias<\/p>\n<\/div>\n<\/section>\n","protected":false},"excerpt":{"rendered":"<p>Mendoza.-Seg\u00fan el cronograma, la corta del Atuel se extiende desde el 25 de abril\u00a0hasta el pr\u00f3ximo 20 de agosto.<\/p>\n","protected":false},"author":2,"featured_media":61897,"comment_status":"open","ping_status":"open","sticky":false,"template":"","format":"standard","meta":{"site-sidebar-layout":"default","site-content-layout":"","ast-site-content-layout":"default","site-content-style":"default","site-sidebar-style":"default","ast-global-header-display":"","ast-banner-title-visibility":"","ast-main-header-display":"","ast-hfb-above-header-display":"","ast-hfb-below-header-display":"","ast-hfb-mobile-header-display":"","site-post-title":"","ast-breadcrumbs-content":"","ast-featured-img":"","footer-sml-layout":"","ast-disable-related-posts":"","theme-transparent-header-meta":"","adv-header-id-meta":"","stick-header-meta":"","header-above-stick-meta":"","header-main-stick-meta":"","header-below-stick-meta":"","astra-migrate-meta-layouts":"default","ast-page-background-enabled":"default","ast-page-background-meta":{"desktop":{"background-color":"var(--ast-global-color-5)","background-image":"","background-repeat":"repeat","background-position":"center center","background-size":"auto","background-attachment":"scroll","background-type":"","background-media":"","overlay-type":"","overlay-color":"","overlay-opacity":"","overlay-gradient":""},"tablet":{"background-color":"","background-image":"","background-repeat":"repeat","background-position":"center center","background-size":"auto","background-attachment":"scroll","background-type":"","background-media":"","overlay-type":"","overlay-color":"","overlay-opacity":"","overlay-gradient":""},"mobile":{"background-color":"","background-image":"","background-repeat":"repeat","background-position":"center center","background-size":"auto","background-attachment":"scroll","background-type":"","background-media":"","overlay-type":"","overlay-color":"","overlay-opacity":"","overlay-gradient":""}},"ast-content-background-meta":{"desktop":{"background-color":"var(--ast-global-color-4)","background-image":"","background-repeat":"repeat","background-position":"center center","background-size":"auto","background-attachment":"scroll","background-type":"","background-media":"","overlay-type":"","overlay-color":"","overlay-opacity":"","overlay-gradient":""},"tablet":{"background-color":"var(--ast-global-color-4)","background-image":"","background-repeat":"repeat","background-position":"center center","background-size":"auto","background-attachment":"scroll","background-type":"","background-media":"","overlay-type":"","overlay-color":"","overlay-opacity":"","overlay-gradient":""},"mobile":{"background-color":"var(--ast-global-color-4)","background-image":"","background-repeat":"repeat","background-position":"center center","background-size":"auto","background-attachment":"scroll","background-type":"","background-media":"","overlay-type":"","overlay-color":"","overlay-opacity":"","overlay-gradient":""}},"footnotes":""},"categories":[11,19,1,10],"tags":[],"class_list":["post-61896","post","type-post","status-publish","format-standard","has-post-thumbnail","hentry","category-boletin","category-nacionales","category-noticias","category-rotador"],"yoast_head":"<!-- This site is optimized with the Yoast SEO Premium plugin v23.0 (Yoast SEO v27.5) - https:\/\/yoast.com\/product\/yoast-seo-premium-wordpress\/ -->\n<title>El corte del Atuel ser\u00e1 el m\u00e1s extenso de Mendoza: 117 d\u00edas<\/title>\n<meta name=\"robots\" content=\"index, follow, max-snippet:-1, max-image-preview:large, max-video-preview:-1\" \/>\n<link rel=\"canonical\" href=\"https:\/\/patagoniambiental.com.ar\/info\/el-corte-del-atuel-sera-el-mas-extenso-de-mendoza-117-dias\/\" \/>\n<meta property=\"og:locale\" content=\"es_ES\" \/>\n<meta property=\"og:type\" content=\"article\" \/>\n<meta property=\"og:title\" content=\"El corte del Atuel ser\u00e1 el m\u00e1s extenso de Mendoza: 117 d\u00edas\" \/>\n<meta property=\"og:description\" content=\"Mendoza.-Seg\u00fan el cronograma, la corta del Atuel se extiende desde el 25 de abril\u00a0hasta el pr\u00f3ximo 20 de agosto.\" \/>\n<meta property=\"og:url\" content=\"https:\/\/patagoniambiental.com.ar\/info\/el-corte-del-atuel-sera-el-mas-extenso-de-mendoza-117-dias\/\" \/>\n<meta property=\"og:site_name\" content=\"Patagonia Ambiental\" \/>\n<meta property=\"article:publisher\" content=\"https:\/\/www.facebook.com\/patagonia.ambiental\" \/>\n<meta property=\"article:author\" content=\"https:\/\/www.facebook.com\/share\/1C1V8Gv9BX\/?mibextid=qi2Omg\" \/>\n<meta property=\"article:published_time\" content=\"2019-06-17T10:00:18+00:00\" \/>\n<meta property=\"og:image\" content=\"https:\/\/patagoniambiental.com.ar\/info\/wp-content\/uploads\/2019\/06\/riro-atuel.jpg\" \/>\n\t<meta property=\"og:image:width\" content=\"650\" \/>\n\t<meta property=\"og:image:height\" content=\"366\" \/>\n\t<meta property=\"og:image:type\" content=\"image\/jpeg\" \/>\n<meta name=\"author\" content=\"Patagonia Ambiental\" \/>\n<meta name=\"twitter:card\" content=\"summary_large_image\" \/>\n<meta name=\"twitter:creator\" content=\"@PatAmb\" \/>\n<meta name=\"twitter:site\" content=\"@PatAmb\" \/>\n<script type=\"application\/ld+json\" class=\"yoast-schema-graph\">{\"@context\":\"https:\\\/\\\/schema.org\",\"@graph\":[{\"@type\":\"Article\",\"@id\":\"https:\\\/\\\/patagoniambiental.com.ar\\\/info\\\/el-corte-del-atuel-sera-el-mas-extenso-de-mendoza-117-dias\\\/#article\",\"isPartOf\":{\"@id\":\"https:\\\/\\\/patagoniambiental.com.ar\\\/info\\\/el-corte-del-atuel-sera-el-mas-extenso-de-mendoza-117-dias\\\/\"},\"author\":{\"name\":\"Patagonia Ambiental\",\"@id\":\"https:\\\/\\\/patagoniambiental.com.ar\\\/info\\\/#\\\/schema\\\/person\\\/db12bff64bbcbf6a253710bf0ea37b5d\"},\"headline\":\"El corte del Atuel ser\u00e1 el m\u00e1s extenso de Mendoza: 117 d\u00edas\",\"datePublished\":\"2019-06-17T10:00:18+00:00\",\"mainEntityOfPage\":{\"@id\":\"https:\\\/\\\/patagoniambiental.com.ar\\\/info\\\/el-corte-del-atuel-sera-el-mas-extenso-de-mendoza-117-dias\\\/\"},\"wordCount\":401,\"commentCount\":0,\"publisher\":{\"@id\":\"https:\\\/\\\/patagoniambiental.com.ar\\\/info\\\/#organization\"},\"image\":{\"@id\":\"https:\\\/\\\/patagoniambiental.com.ar\\\/info\\\/el-corte-del-atuel-sera-el-mas-extenso-de-mendoza-117-dias\\\/#primaryimage\"},\"thumbnailUrl\":\"https:\\\/\\\/patagoniambiental.com.ar\\\/info\\\/wp-content\\\/uploads\\\/2019\\\/06\\\/riro-atuel.jpg\",\"articleSection\":[\"Bolet\u00edn\",\"Nacionales\",\"Noticias\",\"Rotador\"],\"inLanguage\":\"es\",\"potentialAction\":[{\"@type\":\"CommentAction\",\"name\":\"Comment\",\"target\":[\"https:\\\/\\\/patagoniambiental.com.ar\\\/info\\\/el-corte-del-atuel-sera-el-mas-extenso-de-mendoza-117-dias\\\/#respond\"]}]},{\"@type\":\"WebPage\",\"@id\":\"https:\\\/\\\/patagoniambiental.com.ar\\\/info\\\/el-corte-del-atuel-sera-el-mas-extenso-de-mendoza-117-dias\\\/\",\"url\":\"https:\\\/\\\/patagoniambiental.com.ar\\\/info\\\/el-corte-del-atuel-sera-el-mas-extenso-de-mendoza-117-dias\\\/\",\"name\":\"El corte del Atuel ser\u00e1 el m\u00e1s extenso de Mendoza: 117 d\u00edas\",\"isPartOf\":{\"@id\":\"https:\\\/\\\/patagoniambiental.com.ar\\\/info\\\/#website\"},\"primaryImageOfPage\":{\"@id\":\"https:\\\/\\\/patagoniambiental.com.ar\\\/info\\\/el-corte-del-atuel-sera-el-mas-extenso-de-mendoza-117-dias\\\/#primaryimage\"},\"image\":{\"@id\":\"https:\\\/\\\/patagoniambiental.com.ar\\\/info\\\/el-corte-del-atuel-sera-el-mas-extenso-de-mendoza-117-dias\\\/#primaryimage\"},\"thumbnailUrl\":\"https:\\\/\\\/patagoniambiental.com.ar\\\/info\\\/wp-content\\\/uploads\\\/2019\\\/06\\\/riro-atuel.jpg\",\"datePublished\":\"2019-06-17T10:00:18+00:00\",\"breadcrumb\":{\"@id\":\"https:\\\/\\\/patagoniambiental.com.ar\\\/info\\\/el-corte-del-atuel-sera-el-mas-extenso-de-mendoza-117-dias\\\/#breadcrumb\"},\"inLanguage\":\"es\",\"potentialAction\":[{\"@type\":\"ReadAction\",\"target\":[\"https:\\\/\\\/patagoniambiental.com.ar\\\/info\\\/el-corte-del-atuel-sera-el-mas-extenso-de-mendoza-117-dias\\\/\"]}]},{\"@type\":\"ImageObject\",\"inLanguage\":\"es\",\"@id\":\"https:\\\/\\\/patagoniambiental.com.ar\\\/info\\\/el-corte-del-atuel-sera-el-mas-extenso-de-mendoza-117-dias\\\/#primaryimage\",\"url\":\"https:\\\/\\\/patagoniambiental.com.ar\\\/info\\\/wp-content\\\/uploads\\\/2019\\\/06\\\/riro-atuel.jpg\",\"contentUrl\":\"https:\\\/\\\/patagoniambiental.com.ar\\\/info\\\/wp-content\\\/uploads\\\/2019\\\/06\\\/riro-atuel.jpg\",\"width\":650,\"height\":366},{\"@type\":\"BreadcrumbList\",\"@id\":\"https:\\\/\\\/patagoniambiental.com.ar\\\/info\\\/el-corte-del-atuel-sera-el-mas-extenso-de-mendoza-117-dias\\\/#breadcrumb\",\"itemListElement\":[{\"@type\":\"ListItem\",\"position\":1,\"name\":\"Inicio\",\"item\":\"https:\\\/\\\/patagoniambiental.com.ar\\\/info\\\/\"},{\"@type\":\"ListItem\",\"position\":2,\"name\":\"El corte del Atuel ser\u00e1 el m\u00e1s extenso de Mendoza: 117 d\u00edas\"}]},{\"@type\":\"WebSite\",\"@id\":\"https:\\\/\\\/patagoniambiental.com.ar\\\/info\\\/#website\",\"url\":\"https:\\\/\\\/patagoniambiental.com.ar\\\/info\\\/\",\"name\":\"Patagonia Ambiental\",\"description\":\"Monitoreo y an\u00e1lisis de la situaci\u00f3n geopol\u00edtica en el mundo y su implicancia en la Patagonia\",\"publisher\":{\"@id\":\"https:\\\/\\\/patagoniambiental.com.ar\\\/info\\\/#organization\"},\"potentialAction\":[{\"@type\":\"SearchAction\",\"target\":{\"@type\":\"EntryPoint\",\"urlTemplate\":\"https:\\\/\\\/patagoniambiental.com.ar\\\/info\\\/?s={search_term_string}\"},\"query-input\":{\"@type\":\"PropertyValueSpecification\",\"valueRequired\":true,\"valueName\":\"search_term_string\"}}],\"inLanguage\":\"es\"},{\"@type\":\"Organization\",\"@id\":\"https:\\\/\\\/patagoniambiental.com.ar\\\/info\\\/#organization\",\"name\":\"Patagonia Ambiental\",\"url\":\"https:\\\/\\\/patagoniambiental.com.ar\\\/info\\\/\",\"logo\":{\"@type\":\"ImageObject\",\"inLanguage\":\"es\",\"@id\":\"https:\\\/\\\/patagoniambiental.com.ar\\\/info\\\/#\\\/schema\\\/logo\\\/image\\\/\",\"url\":\"https:\\\/\\\/patagoniambiental.com.ar\\\/info\\\/wp-content\\\/uploads\\\/2025\\\/05\\\/LOGO-PATAGONIA-AMBIENTAL.png\",\"contentUrl\":\"https:\\\/\\\/patagoniambiental.com.ar\\\/info\\\/wp-content\\\/uploads\\\/2025\\\/05\\\/LOGO-PATAGONIA-AMBIENTAL.png\",\"width\":433,\"height\":250,\"caption\":\"Patagonia Ambiental\"},\"image\":{\"@id\":\"https:\\\/\\\/patagoniambiental.com.ar\\\/info\\\/#\\\/schema\\\/logo\\\/image\\\/\"},\"sameAs\":[\"https:\\\/\\\/www.facebook.com\\\/patagonia.ambiental\",\"https:\\\/\\\/x.com\\\/PatAmb\"]},{\"@type\":\"Person\",\"@id\":\"https:\\\/\\\/patagoniambiental.com.ar\\\/info\\\/#\\\/schema\\\/person\\\/db12bff64bbcbf6a253710bf0ea37b5d\",\"name\":\"Patagonia Ambiental\",\"description\":\"Andr\u00e9s Nievas T\u00e9cnico en manejo ambiental, consultor Ambiental y escritor para medios locales e internacionales sobre temas de geopolitica y medio ambiente.\",\"sameAs\":[\"http:\\\/\\\/www.patagoniambiental.com.ar\",\"https:\\\/\\\/www.facebook.com\\\/share\\\/1C1V8Gv9BX\\\/?mibextid=qi2Omg\",\"@patagoniambiental\",\"https:\\\/\\\/youtube.com\\\/@patagoniaambiental2023?si=BLt58t0wuXquxlYZ\"]}]}<\/script>\n<!-- \/ Yoast SEO Premium plugin. -->","yoast_head_json":{"title":"El corte del Atuel ser\u00e1 el m\u00e1s extenso de Mendoza: 117 d\u00edas","robots":{"index":"index","follow":"follow","max-snippet":"max-snippet:-1","max-image-preview":"max-image-preview:large","max-video-preview":"max-video-preview:-1"},"canonical":"https:\/\/patagoniambiental.com.ar\/info\/el-corte-del-atuel-sera-el-mas-extenso-de-mendoza-117-dias\/","og_locale":"es_ES","og_type":"article","og_title":"El corte del Atuel ser\u00e1 el m\u00e1s extenso de Mendoza: 117 d\u00edas","og_description":"Mendoza.-Seg\u00fan el cronograma, la corta del Atuel se extiende desde el 25 de abril\u00a0hasta el pr\u00f3ximo 20 de agosto.","og_url":"https:\/\/patagoniambiental.com.ar\/info\/el-corte-del-atuel-sera-el-mas-extenso-de-mendoza-117-dias\/","og_site_name":"Patagonia Ambiental","article_publisher":"https:\/\/www.facebook.com\/patagonia.ambiental","article_author":"https:\/\/www.facebook.com\/share\/1C1V8Gv9BX\/?mibextid=qi2Omg","article_published_time":"2019-06-17T10:00:18+00:00","og_image":[{"width":650,"height":366,"url":"https:\/\/patagoniambiental.com.ar\/info\/wp-content\/uploads\/2019\/06\/riro-atuel.jpg","type":"image\/jpeg"}],"author":"Patagonia Ambiental","twitter_card":"summary_large_image","twitter_creator":"@PatAmb","twitter_site":"@PatAmb","schema":{"@context":"https:\/\/schema.org","@graph":[{"@type":"Article","@id":"https:\/\/patagoniambiental.com.ar\/info\/el-corte-del-atuel-sera-el-mas-extenso-de-mendoza-117-dias\/#article","isPartOf":{"@id":"https:\/\/patagoniambiental.com.ar\/info\/el-corte-del-atuel-sera-el-mas-extenso-de-mendoza-117-dias\/"},"author":{"name":"Patagonia Ambiental","@id":"https:\/\/patagoniambiental.com.ar\/info\/#\/schema\/person\/db12bff64bbcbf6a253710bf0ea37b5d"},"headline":"El corte del Atuel ser\u00e1 el m\u00e1s extenso de Mendoza: 117 d\u00edas","datePublished":"2019-06-17T10:00:18+00:00","mainEntityOfPage":{"@id":"https:\/\/patagoniambiental.com.ar\/info\/el-corte-del-atuel-sera-el-mas-extenso-de-mendoza-117-dias\/"},"wordCount":401,"commentCount":0,"publisher":{"@id":"https:\/\/patagoniambiental.com.ar\/info\/#organization"},"image":{"@id":"https:\/\/patagoniambiental.com.ar\/info\/el-corte-del-atuel-sera-el-mas-extenso-de-mendoza-117-dias\/#primaryimage"},"thumbnailUrl":"https:\/\/patagoniambiental.com.ar\/info\/wp-content\/uploads\/2019\/06\/riro-atuel.jpg","articleSection":["Bolet\u00edn","Nacionales","Noticias","Rotador"],"inLanguage":"es","potentialAction":[{"@type":"CommentAction","name":"Comment","target":["https:\/\/patagoniambiental.com.ar\/info\/el-corte-del-atuel-sera-el-mas-extenso-de-mendoza-117-dias\/#respond"]}]},{"@type":"WebPage","@id":"https:\/\/patagoniambiental.com.ar\/info\/el-corte-del-atuel-sera-el-mas-extenso-de-mendoza-117-dias\/","url":"https:\/\/patagoniambiental.com.ar\/info\/el-corte-del-atuel-sera-el-mas-extenso-de-mendoza-117-dias\/","name":"El corte del Atuel ser\u00e1 el m\u00e1s extenso de Mendoza: 117 d\u00edas","isPartOf":{"@id":"https:\/\/patagoniambiental.com.ar\/info\/#website"},"primaryImageOfPage":{"@id":"https:\/\/patagoniambiental.com.ar\/info\/el-corte-del-atuel-sera-el-mas-extenso-de-mendoza-117-dias\/#primaryimage"},"image":{"@id":"https:\/\/patagoniambiental.com.ar\/info\/el-corte-del-atuel-sera-el-mas-extenso-de-mendoza-117-dias\/#primaryimage"},"thumbnailUrl":"https:\/\/patagoniambiental.com.ar\/info\/wp-content\/uploads\/2019\/06\/riro-atuel.jpg","datePublished":"2019-06-17T10:00:18+00:00","breadcrumb":{"@id":"https:\/\/patagoniambiental.com.ar\/info\/el-corte-del-atuel-sera-el-mas-extenso-de-mendoza-117-dias\/#breadcrumb"},"inLanguage":"es","potentialAction":[{"@type":"ReadAction","target":["https:\/\/patagoniambiental.com.ar\/info\/el-corte-del-atuel-sera-el-mas-extenso-de-mendoza-117-dias\/"]}]},{"@type":"ImageObject","inLanguage":"es","@id":"https:\/\/patagoniambiental.com.ar\/info\/el-corte-del-atuel-sera-el-mas-extenso-de-mendoza-117-dias\/#primaryimage","url":"https:\/\/patagoniambiental.com.ar\/info\/wp-content\/uploads\/2019\/06\/riro-atuel.jpg","contentUrl":"https:\/\/patagoniambiental.com.ar\/info\/wp-content\/uploads\/2019\/06\/riro-atuel.jpg","width":650,"height":366},{"@type":"BreadcrumbList","@id":"https:\/\/patagoniambiental.com.ar\/info\/el-corte-del-atuel-sera-el-mas-extenso-de-mendoza-117-dias\/#breadcrumb","itemListElement":[{"@type":"ListItem","position":1,"name":"Inicio","item":"https:\/\/patagoniambiental.com.ar\/info\/"},{"@type":"ListItem","position":2,"name":"El corte del Atuel ser\u00e1 el m\u00e1s extenso de Mendoza: 117 d\u00edas"}]},{"@type":"WebSite","@id":"https:\/\/patagoniambiental.com.ar\/info\/#website","url":"https:\/\/patagoniambiental.com.ar\/info\/","name":"Patagonia Ambiental","description":"Monitoreo y an\u00e1lisis de la situaci\u00f3n geopol\u00edtica en el mundo y su implicancia en la Patagonia","publisher":{"@id":"https:\/\/patagoniambiental.com.ar\/info\/#organization"},"potentialAction":[{"@type":"SearchAction","target":{"@type":"EntryPoint","urlTemplate":"https:\/\/patagoniambiental.com.ar\/info\/?s={search_term_string}"},"query-input":{"@type":"PropertyValueSpecification","valueRequired":true,"valueName":"search_term_string"}}],"inLanguage":"es"},{"@type":"Organization","@id":"https:\/\/patagoniambiental.com.ar\/info\/#organization","name":"Patagonia Ambiental","url":"https:\/\/patagoniambiental.com.ar\/info\/","logo":{"@type":"ImageObject","inLanguage":"es","@id":"https:\/\/patagoniambiental.com.ar\/info\/#\/schema\/logo\/image\/","url":"https:\/\/patagoniambiental.com.ar\/info\/wp-content\/uploads\/2025\/05\/LOGO-PATAGONIA-AMBIENTAL.png","contentUrl":"https:\/\/patagoniambiental.com.ar\/info\/wp-content\/uploads\/2025\/05\/LOGO-PATAGONIA-AMBIENTAL.png","width":433,"height":250,"caption":"Patagonia Ambiental"},"image":{"@id":"https:\/\/patagoniambiental.com.ar\/info\/#\/schema\/logo\/image\/"},"sameAs":["https:\/\/www.facebook.com\/patagonia.ambiental","https:\/\/x.com\/PatAmb"]},{"@type":"Person","@id":"https:\/\/patagoniambiental.com.ar\/info\/#\/schema\/person\/db12bff64bbcbf6a253710bf0ea37b5d","name":"Patagonia Ambiental","description":"Andr\u00e9s Nievas T\u00e9cnico en manejo ambiental, consultor Ambiental y escritor para medios locales e internacionales sobre temas de geopolitica y medio ambiente.","sameAs":["http:\/\/www.patagoniambiental.com.ar","https:\/\/www.facebook.com\/share\/1C1V8Gv9BX\/?mibextid=qi2Omg","@patagoniambiental","https:\/\/youtube.com\/@patagoniaambiental2023?si=BLt58t0wuXquxlYZ"]}]}},"_links":{"self":[{"href":"https:\/\/patagoniambiental.com.ar\/info\/wp-json\/wp\/v2\/posts\/61896","targetHints":{"allow":["GET"]}}],"collection":[{"href":"https:\/\/patagoniambiental.com.ar\/info\/wp-json\/wp\/v2\/posts"}],"about":[{"href":"https:\/\/patagoniambiental.com.ar\/info\/wp-json\/wp\/v2\/types\/post"}],"author":[{"embeddable":true,"href":"https:\/\/patagoniambiental.com.ar\/info\/wp-json\/wp\/v2\/users\/2"}],"replies":[{"embeddable":true,"href":"https:\/\/patagoniambiental.com.ar\/info\/wp-json\/wp\/v2\/comments?post=61896"}],"version-history":[{"count":0,"href":"https:\/\/patagoniambiental.com.ar\/info\/wp-json\/wp\/v2\/posts\/61896\/revisions"}],"wp:featuredmedia":[{"embeddable":true,"href":"https:\/\/patagoniambiental.com.ar\/info\/wp-json\/wp\/v2\/media\/61897"}],"wp:attachment":[{"href":"https:\/\/patagoniambiental.com.ar\/info\/wp-json\/wp\/v2\/media?parent=61896"}],"wp:term":[{"taxonomy":"category","embeddable":true,"href":"https:\/\/patagoniambiental.com.ar\/info\/wp-json\/wp\/v2\/categories?post=61896"},{"taxonomy":"post_tag","embeddable":true,"href":"https:\/\/patagoniambiental.com.ar\/info\/wp-json\/wp\/v2\/tags?post=61896"}],"curies":[{"name":"wp","href":"https:\/\/api.w.org\/{rel}","templated":true}]}}