{"id":61983,"date":"2019-06-20T19:00:52","date_gmt":"2019-06-20T22:00:52","guid":{"rendered":"http:\/\/patagoniambiental.com.ar\/info\/?p=61983"},"modified":"2019-06-19T15:29:34","modified_gmt":"2019-06-19T18:29:34","slug":"proyectan-el-primer-barrio-de-energia-eolica-en-la-patagonia","status":"publish","type":"post","link":"https:\/\/patagoniambiental.com.ar\/info\/proyectan-el-primer-barrio-de-energia-eolica-en-la-patagonia\/","title":{"rendered":"Proyectan el primer barrio de energ\u00eda e\u00f3lica en la Patagonia"},"content":{"rendered":"<p class=\"bajada\">El Chalten.-KoiKosten, a 45 kil\u00f3metros de El Chalt\u00e9n, tendr\u00e1 viviendas cil\u00edndricas con generadores el\u00e9ctricos accionados por el viento. Con costas sobre el lago Viedma y vistas al cerro Fitz Roy, ser\u00e1 el primer barrio alimentado por energ\u00eda e\u00f3lica del pa\u00eds.<\/p>\n<p><!--more--><\/p>\n<p><img fetchpriority=\"high\" decoding=\"async\" class=\"imagen-responsive wp-post-image\" src=\"https:\/\/patagonia.net\/wp-content\/uploads\/2019\/06\/barrio-e%C3%B3lico-770x420.jpg\" alt=\"\" width=\"770\" height=\"420\" \/><\/p>\n<div class=\"box-socials\">\n<div class=\"ssbp-set--one ssbp-wrap ssbp--centred ssbp--theme-2\" data-ssbp-toggle=\"true\" data-ssbp-responsive=\"true\"><\/div>\n<\/div>\n<p>El uso de energ\u00edas alternativas para disminuir costos y a la vez cuidar el medio ambiente es uno de los objetivos en los que se viene trabajando desde distintos \u00e1mbitos. As\u00ed como muchos barrios cerrados impulsan el uso de paneles solares o la reutilizaci\u00f3n del agua de lluvia, en la Patagonia van por m\u00e1s: proyectan un emprendimiento que generar\u00e1 energ\u00eda e\u00f3lica.<\/p>\n<p>El emprendimiento KoiKosten\u00a0<b>se desarrollar\u00e1 en un predio de 5.000 hect\u00e1reas y tendr\u00e1 costa sobre el Lago Viedma y vistas al cerro Fitz Roy y al Glaciar Viedma<\/b>, donde no llega la energ\u00eda tradicional, no hay luz el\u00e9ctrica, ni gas.<\/p>\n<p>Los lotes del desarroll\u00f3 ser\u00e1n 300, todos con vistas al lago y sus superficies que rondar\u00e1n entre los 3 y 4 mil metros cuadrados.\u00a0<b>Pero lo novedoso es que cada terreno tendr\u00e1 una vivienda e\u00f3lica de 150 a 300 metros cuadrados<\/b>. Los emprendedores aseguran que habr\u00e1 entre dos y tres modelos para elegir, todos provistos con el sistema de autogeneraci\u00f3n e\u00f3lica. \u201cEl propietario podr\u00e1 seleccionar el modelo en base a sus prioridades, es decir, la cantidad de energ\u00eda a generar, la funcionalidad o el dise\u00f1o de la vivienda\u201d, explican.<\/p>\n<p><b>Atrapar el viento<\/b><\/p>\n<p>\u201cEl 60 por ciento de nuestro territorio tiene vientos ideales para la generaci\u00f3n de energ\u00eda e\u00f3lica, sobre todo en la Patagonia. Tenemos ese enorme privilegio pero no lo estamos aprovechando. El viento est\u00e1 ah\u00ed y es gratis, s\u00f3lo se trata de atraparlo y hacerlo nuestro\u201d, sostiene Carlos Manuelides, empresario patag\u00f3nico que se asoci\u00f3 con la firma Tango Winds para desarrollar este primer barrio alimentado, exclusivamente, con energ\u00eda e\u00f3lica generada por la propia urbanizaci\u00f3n.<\/p>\n<p>\u201cEn zonas de vientos adecuados, como es el caso de Santa Cruz,\u00a0<b>una vivienda provista con esta tecnolog\u00eda puede producir hasta cinco veces la energ\u00eda que necesita.<\/b>\u00a0Estamos hablando de una propiedad que se autoabastece con holgura y que, adem\u00e1s, puede vender lo que le sobra para cubrir necesidades vecinas o destinarlo a otras actividades que tambi\u00e9n requieren energ\u00eda. Con este sistema de generaci\u00f3n, buscamos que sea el propietario quien tenga la llave del negocio de la energ\u00eda\u201d, agrega.<\/p>\n<p><b>Desarrollo del barrio<\/b><\/p>\n<p>El barrio se desarrollar\u00e1 en dos etapas. En la primera se proyecta construir viviendas con un perfil de fin de semana o de vacaciones. En una segunda instancia se prev\u00e9 el desarrollo de viviendas de residencia permanente y un \u00e1rea donde se puedan desarrollar actividades productivas e industriales provistas con la energ\u00eda que ah\u00ed se genere.<\/p>\n<p>En cuanto al dise\u00f1o de las casas,\u00a0<b>el dispositivo generador se ubicar\u00e1 en la parte superior, porque en altura hay mejor calidad de vientos<\/b>. Tendr\u00e1n forma circular por una cuesti\u00f3n aerodin\u00e1mica. A pesar de este formato podr\u00e1n tener una o dos plantas en funci\u00f3n de lo que elija cada propietario. En su interior mantendr\u00e1 el esquema de las casas tradicionales.<\/p>\n<p>La idea es que el emprendimiento sea la punta de lanza para desarrollar la zona, que si bien cuenta con acceso por ruta pavimentada, hoy no tiene otra forma de proveerse energ\u00eda el\u00e9ctrica. \u201cPor eso la importancia de desarrollarlo con esta tecnolog\u00eda de autogeneraci\u00f3n, que lo convierte en una urbanizaci\u00f3n sustentable, la primera totalmente asistida por energ\u00eda e\u00f3lica\u201d, agrega el desarrollador.<\/p>\n<p>El precio de un lote m\u00e1s la casa se estima que arrancar\u00e1 en los US$ 180.000 y el valor final depender\u00e1 del modelo de vivienda que se elija, como as\u00ed tambi\u00e9n de la ubicaci\u00f3n y superficie del terreno. Los desarrolladores est\u00e1n evaluando ofrecer alg\u00fan tipo de financiaci\u00f3n.<\/p>\n<p>En el emprendimiento a\u00fan no hay parcelas a la venta. Se estima que comenzar\u00e1 a comercializarse, a trav\u00e9s del sistema llave en mano, aproximadamente dentro de un a\u00f1o y medio.<\/p>\n<p>Fuente: Clar\u00edn.<\/p>\n","protected":false},"excerpt":{"rendered":"<p>El Chalten.-KoiKosten, a 45 kil\u00f3metros de El Chalt\u00e9n, tendr\u00e1 viviendas cil\u00edndricas con generadores el\u00e9ctricos accionados por el viento. Con costas [&hellip;]<\/p>\n","protected":false},"author":2,"featured_media":61984,"comment_status":"open","ping_status":"open","sticky":false,"template":"","format":"standard","meta":{"site-sidebar-layout":"default","site-content-layout":"","ast-site-content-layout":"default","site-content-style":"default","site-sidebar-style":"default","ast-global-header-display":"","ast-banner-title-visibility":"","ast-main-header-display":"","ast-hfb-above-header-display":"","ast-hfb-below-header-display":"","ast-hfb-mobile-header-display":"","site-post-title":"","ast-breadcrumbs-content":"","ast-featured-img":"","footer-sml-layout":"","ast-disable-related-posts":"","theme-transparent-header-meta":"","adv-header-id-meta":"","stick-header-meta":"","header-above-stick-meta":"","header-main-stick-meta":"","header-below-stick-meta":"","astra-migrate-meta-layouts":"default","ast-page-background-enabled":"default","ast-page-background-meta":{"desktop":{"background-color":"var(--ast-global-color-5)","background-image":"","background-repeat":"repeat","background-position":"center center","background-size":"auto","background-attachment":"scroll","background-type":"","background-media":"","overlay-type":"","overlay-color":"","overlay-opacity":"","overlay-gradient":""},"tablet":{"background-color":"","background-image":"","background-repeat":"repeat","background-position":"center center","background-size":"auto","background-attachment":"scroll","background-type":"","background-media":"","overlay-type":"","overlay-color":"","overlay-opacity":"","overlay-gradient":""},"mobile":{"background-color":"","background-image":"","background-repeat":"repeat","background-position":"center center","background-size":"auto","background-attachment":"scroll","background-type":"","background-media":"","overlay-type":"","overlay-color":"","overlay-opacity":"","overlay-gradient":""}},"ast-content-background-meta":{"desktop":{"background-color":"var(--ast-global-color-4)","background-image":"","background-repeat":"repeat","background-position":"center center","background-size":"auto","background-attachment":"scroll","background-type":"","background-media":"","overlay-type":"","overlay-color":"","overlay-opacity":"","overlay-gradient":""},"tablet":{"background-color":"var(--ast-global-color-4)","background-image":"","background-repeat":"repeat","background-position":"center center","background-size":"auto","background-attachment":"scroll","background-type":"","background-media":"","overlay-type":"","overlay-color":"","overlay-opacity":"","overlay-gradient":""},"mobile":{"background-color":"var(--ast-global-color-4)","background-image":"","background-repeat":"repeat","background-position":"center center","background-size":"auto","background-attachment":"scroll","background-type":"","background-media":"","overlay-type":"","overlay-color":"","overlay-opacity":"","overlay-gradient":""}},"footnotes":""},"categories":[26,1,13],"tags":[],"class_list":["post-61983","post","type-post","status-publish","format-standard","has-post-thumbnail","hentry","category-chubut","category-noticias","category-provinciales"],"yoast_head":"<!-- This site is optimized with the Yoast SEO Premium plugin v23.0 (Yoast SEO v27.5) - https:\/\/yoast.com\/product\/yoast-seo-premium-wordpress\/ -->\n<title>Proyectan el primer barrio de energ\u00eda e\u00f3lica en la Patagonia<\/title>\n<meta name=\"robots\" content=\"index, follow, max-snippet:-1, max-image-preview:large, max-video-preview:-1\" \/>\n<link rel=\"canonical\" href=\"https:\/\/patagoniambiental.com.ar\/info\/proyectan-el-primer-barrio-de-energia-eolica-en-la-patagonia\/\" \/>\n<meta property=\"og:locale\" content=\"es_ES\" \/>\n<meta property=\"og:type\" content=\"article\" \/>\n<meta property=\"og:title\" content=\"Proyectan el primer barrio de energ\u00eda e\u00f3lica en la Patagonia\" \/>\n<meta property=\"og:description\" content=\"El Chalten.-KoiKosten, a 45 kil\u00f3metros de El Chalt\u00e9n, tendr\u00e1 viviendas cil\u00edndricas con generadores el\u00e9ctricos accionados por el viento. Con costas [&hellip;]\" \/>\n<meta property=\"og:url\" content=\"https:\/\/patagoniambiental.com.ar\/info\/proyectan-el-primer-barrio-de-energia-eolica-en-la-patagonia\/\" \/>\n<meta property=\"og:site_name\" content=\"Patagonia Ambiental\" \/>\n<meta property=\"article:publisher\" content=\"https:\/\/www.facebook.com\/patagonia.ambiental\" \/>\n<meta property=\"article:author\" content=\"https:\/\/www.facebook.com\/share\/1C1V8Gv9BX\/?mibextid=qi2Omg\" \/>\n<meta property=\"article:published_time\" content=\"2019-06-20T22:00:52+00:00\" \/>\n<meta property=\"og:image\" content=\"https:\/\/patagoniambiental.com.ar\/info\/wp-content\/uploads\/2019\/06\/barrio-e\u00f3lico-770x420.jpg\" \/>\n\t<meta property=\"og:image:width\" content=\"770\" \/>\n\t<meta property=\"og:image:height\" content=\"420\" \/>\n\t<meta property=\"og:image:type\" content=\"image\/jpeg\" \/>\n<meta name=\"author\" content=\"Patagonia Ambiental\" \/>\n<meta name=\"twitter:card\" content=\"summary_large_image\" \/>\n<meta name=\"twitter:creator\" content=\"@PatAmb\" \/>\n<meta name=\"twitter:site\" content=\"@PatAmb\" \/>\n<script type=\"application\/ld+json\" class=\"yoast-schema-graph\">{\"@context\":\"https:\\\/\\\/schema.org\",\"@graph\":[{\"@type\":\"Article\",\"@id\":\"https:\\\/\\\/patagoniambiental.com.ar\\\/info\\\/proyectan-el-primer-barrio-de-energia-eolica-en-la-patagonia\\\/#article\",\"isPartOf\":{\"@id\":\"https:\\\/\\\/patagoniambiental.com.ar\\\/info\\\/proyectan-el-primer-barrio-de-energia-eolica-en-la-patagonia\\\/\"},\"author\":{\"name\":\"Patagonia Ambiental\",\"@id\":\"https:\\\/\\\/patagoniambiental.com.ar\\\/info\\\/#\\\/schema\\\/person\\\/db12bff64bbcbf6a253710bf0ea37b5d\"},\"headline\":\"Proyectan el primer barrio de energ\u00eda e\u00f3lica en la Patagonia\",\"datePublished\":\"2019-06-20T22:00:52+00:00\",\"mainEntityOfPage\":{\"@id\":\"https:\\\/\\\/patagoniambiental.com.ar\\\/info\\\/proyectan-el-primer-barrio-de-energia-eolica-en-la-patagonia\\\/\"},\"wordCount\":709,\"commentCount\":0,\"publisher\":{\"@id\":\"https:\\\/\\\/patagoniambiental.com.ar\\\/info\\\/#organization\"},\"image\":{\"@id\":\"https:\\\/\\\/patagoniambiental.com.ar\\\/info\\\/proyectan-el-primer-barrio-de-energia-eolica-en-la-patagonia\\\/#primaryimage\"},\"thumbnailUrl\":\"https:\\\/\\\/patagoniambiental.com.ar\\\/info\\\/wp-content\\\/uploads\\\/2019\\\/06\\\/barrio-e\u00f3lico-770x420.jpg\",\"articleSection\":[\"Chubut\",\"Noticias\",\"Provinciales\"],\"inLanguage\":\"es\",\"potentialAction\":[{\"@type\":\"CommentAction\",\"name\":\"Comment\",\"target\":[\"https:\\\/\\\/patagoniambiental.com.ar\\\/info\\\/proyectan-el-primer-barrio-de-energia-eolica-en-la-patagonia\\\/#respond\"]}]},{\"@type\":\"WebPage\",\"@id\":\"https:\\\/\\\/patagoniambiental.com.ar\\\/info\\\/proyectan-el-primer-barrio-de-energia-eolica-en-la-patagonia\\\/\",\"url\":\"https:\\\/\\\/patagoniambiental.com.ar\\\/info\\\/proyectan-el-primer-barrio-de-energia-eolica-en-la-patagonia\\\/\",\"name\":\"Proyectan el primer barrio de energ\u00eda e\u00f3lica en la Patagonia\",\"isPartOf\":{\"@id\":\"https:\\\/\\\/patagoniambiental.com.ar\\\/info\\\/#website\"},\"primaryImageOfPage\":{\"@id\":\"https:\\\/\\\/patagoniambiental.com.ar\\\/info\\\/proyectan-el-primer-barrio-de-energia-eolica-en-la-patagonia\\\/#primaryimage\"},\"image\":{\"@id\":\"https:\\\/\\\/patagoniambiental.com.ar\\\/info\\\/proyectan-el-primer-barrio-de-energia-eolica-en-la-patagonia\\\/#primaryimage\"},\"thumbnailUrl\":\"https:\\\/\\\/patagoniambiental.com.ar\\\/info\\\/wp-content\\\/uploads\\\/2019\\\/06\\\/barrio-e\u00f3lico-770x420.jpg\",\"datePublished\":\"2019-06-20T22:00:52+00:00\",\"breadcrumb\":{\"@id\":\"https:\\\/\\\/patagoniambiental.com.ar\\\/info\\\/proyectan-el-primer-barrio-de-energia-eolica-en-la-patagonia\\\/#breadcrumb\"},\"inLanguage\":\"es\",\"potentialAction\":[{\"@type\":\"ReadAction\",\"target\":[\"https:\\\/\\\/patagoniambiental.com.ar\\\/info\\\/proyectan-el-primer-barrio-de-energia-eolica-en-la-patagonia\\\/\"]}]},{\"@type\":\"ImageObject\",\"inLanguage\":\"es\",\"@id\":\"https:\\\/\\\/patagoniambiental.com.ar\\\/info\\\/proyectan-el-primer-barrio-de-energia-eolica-en-la-patagonia\\\/#primaryimage\",\"url\":\"https:\\\/\\\/patagoniambiental.com.ar\\\/info\\\/wp-content\\\/uploads\\\/2019\\\/06\\\/barrio-e\u00f3lico-770x420.jpg\",\"contentUrl\":\"https:\\\/\\\/patagoniambiental.com.ar\\\/info\\\/wp-content\\\/uploads\\\/2019\\\/06\\\/barrio-e\u00f3lico-770x420.jpg\",\"width\":770,\"height\":420},{\"@type\":\"BreadcrumbList\",\"@id\":\"https:\\\/\\\/patagoniambiental.com.ar\\\/info\\\/proyectan-el-primer-barrio-de-energia-eolica-en-la-patagonia\\\/#breadcrumb\",\"itemListElement\":[{\"@type\":\"ListItem\",\"position\":1,\"name\":\"Inicio\",\"item\":\"https:\\\/\\\/patagoniambiental.com.ar\\\/info\\\/\"},{\"@type\":\"ListItem\",\"position\":2,\"name\":\"Proyectan el primer barrio de energ\u00eda e\u00f3lica en la Patagonia\"}]},{\"@type\":\"WebSite\",\"@id\":\"https:\\\/\\\/patagoniambiental.com.ar\\\/info\\\/#website\",\"url\":\"https:\\\/\\\/patagoniambiental.com.ar\\\/info\\\/\",\"name\":\"Patagonia Ambiental\",\"description\":\"Monitoreo y an\u00e1lisis de la situaci\u00f3n geopol\u00edtica en el mundo y su implicancia en la Patagonia\",\"publisher\":{\"@id\":\"https:\\\/\\\/patagoniambiental.com.ar\\\/info\\\/#organization\"},\"potentialAction\":[{\"@type\":\"SearchAction\",\"target\":{\"@type\":\"EntryPoint\",\"urlTemplate\":\"https:\\\/\\\/patagoniambiental.com.ar\\\/info\\\/?s={search_term_string}\"},\"query-input\":{\"@type\":\"PropertyValueSpecification\",\"valueRequired\":true,\"valueName\":\"search_term_string\"}}],\"inLanguage\":\"es\"},{\"@type\":\"Organization\",\"@id\":\"https:\\\/\\\/patagoniambiental.com.ar\\\/info\\\/#organization\",\"name\":\"Patagonia Ambiental\",\"url\":\"https:\\\/\\\/patagoniambiental.com.ar\\\/info\\\/\",\"logo\":{\"@type\":\"ImageObject\",\"inLanguage\":\"es\",\"@id\":\"https:\\\/\\\/patagoniambiental.com.ar\\\/info\\\/#\\\/schema\\\/logo\\\/image\\\/\",\"url\":\"https:\\\/\\\/patagoniambiental.com.ar\\\/info\\\/wp-content\\\/uploads\\\/2025\\\/05\\\/LOGO-PATAGONIA-AMBIENTAL.png\",\"contentUrl\":\"https:\\\/\\\/patagoniambiental.com.ar\\\/info\\\/wp-content\\\/uploads\\\/2025\\\/05\\\/LOGO-PATAGONIA-AMBIENTAL.png\",\"width\":433,\"height\":250,\"caption\":\"Patagonia Ambiental\"},\"image\":{\"@id\":\"https:\\\/\\\/patagoniambiental.com.ar\\\/info\\\/#\\\/schema\\\/logo\\\/image\\\/\"},\"sameAs\":[\"https:\\\/\\\/www.facebook.com\\\/patagonia.ambiental\",\"https:\\\/\\\/x.com\\\/PatAmb\"]},{\"@type\":\"Person\",\"@id\":\"https:\\\/\\\/patagoniambiental.com.ar\\\/info\\\/#\\\/schema\\\/person\\\/db12bff64bbcbf6a253710bf0ea37b5d\",\"name\":\"Patagonia Ambiental\",\"description\":\"Andr\u00e9s Nievas T\u00e9cnico en manejo ambiental, consultor Ambiental y escritor para medios locales e internacionales sobre temas de geopolitica y medio ambiente.\",\"sameAs\":[\"http:\\\/\\\/www.patagoniambiental.com.ar\",\"https:\\\/\\\/www.facebook.com\\\/share\\\/1C1V8Gv9BX\\\/?mibextid=qi2Omg\",\"@patagoniambiental\",\"https:\\\/\\\/youtube.com\\\/@patagoniaambiental2023?si=BLt58t0wuXquxlYZ\"]}]}<\/script>\n<!-- \/ Yoast SEO Premium plugin. -->","yoast_head_json":{"title":"Proyectan el primer barrio de energ\u00eda e\u00f3lica en la Patagonia","robots":{"index":"index","follow":"follow","max-snippet":"max-snippet:-1","max-image-preview":"max-image-preview:large","max-video-preview":"max-video-preview:-1"},"canonical":"https:\/\/patagoniambiental.com.ar\/info\/proyectan-el-primer-barrio-de-energia-eolica-en-la-patagonia\/","og_locale":"es_ES","og_type":"article","og_title":"Proyectan el primer barrio de energ\u00eda e\u00f3lica en la Patagonia","og_description":"El Chalten.-KoiKosten, a 45 kil\u00f3metros de El Chalt\u00e9n, tendr\u00e1 viviendas cil\u00edndricas con generadores el\u00e9ctricos accionados por el viento. Con costas [&hellip;]","og_url":"https:\/\/patagoniambiental.com.ar\/info\/proyectan-el-primer-barrio-de-energia-eolica-en-la-patagonia\/","og_site_name":"Patagonia Ambiental","article_publisher":"https:\/\/www.facebook.com\/patagonia.ambiental","article_author":"https:\/\/www.facebook.com\/share\/1C1V8Gv9BX\/?mibextid=qi2Omg","article_published_time":"2019-06-20T22:00:52+00:00","og_image":[{"width":770,"height":420,"url":"https:\/\/patagoniambiental.com.ar\/info\/wp-content\/uploads\/2019\/06\/barrio-e\u00f3lico-770x420.jpg","type":"image\/jpeg"}],"author":"Patagonia Ambiental","twitter_card":"summary_large_image","twitter_creator":"@PatAmb","twitter_site":"@PatAmb","schema":{"@context":"https:\/\/schema.org","@graph":[{"@type":"Article","@id":"https:\/\/patagoniambiental.com.ar\/info\/proyectan-el-primer-barrio-de-energia-eolica-en-la-patagonia\/#article","isPartOf":{"@id":"https:\/\/patagoniambiental.com.ar\/info\/proyectan-el-primer-barrio-de-energia-eolica-en-la-patagonia\/"},"author":{"name":"Patagonia Ambiental","@id":"https:\/\/patagoniambiental.com.ar\/info\/#\/schema\/person\/db12bff64bbcbf6a253710bf0ea37b5d"},"headline":"Proyectan el primer barrio de energ\u00eda e\u00f3lica en la Patagonia","datePublished":"2019-06-20T22:00:52+00:00","mainEntityOfPage":{"@id":"https:\/\/patagoniambiental.com.ar\/info\/proyectan-el-primer-barrio-de-energia-eolica-en-la-patagonia\/"},"wordCount":709,"commentCount":0,"publisher":{"@id":"https:\/\/patagoniambiental.com.ar\/info\/#organization"},"image":{"@id":"https:\/\/patagoniambiental.com.ar\/info\/proyectan-el-primer-barrio-de-energia-eolica-en-la-patagonia\/#primaryimage"},"thumbnailUrl":"https:\/\/patagoniambiental.com.ar\/info\/wp-content\/uploads\/2019\/06\/barrio-e\u00f3lico-770x420.jpg","articleSection":["Chubut","Noticias","Provinciales"],"inLanguage":"es","potentialAction":[{"@type":"CommentAction","name":"Comment","target":["https:\/\/patagoniambiental.com.ar\/info\/proyectan-el-primer-barrio-de-energia-eolica-en-la-patagonia\/#respond"]}]},{"@type":"WebPage","@id":"https:\/\/patagoniambiental.com.ar\/info\/proyectan-el-primer-barrio-de-energia-eolica-en-la-patagonia\/","url":"https:\/\/patagoniambiental.com.ar\/info\/proyectan-el-primer-barrio-de-energia-eolica-en-la-patagonia\/","name":"Proyectan el primer barrio de energ\u00eda e\u00f3lica en la Patagonia","isPartOf":{"@id":"https:\/\/patagoniambiental.com.ar\/info\/#website"},"primaryImageOfPage":{"@id":"https:\/\/patagoniambiental.com.ar\/info\/proyectan-el-primer-barrio-de-energia-eolica-en-la-patagonia\/#primaryimage"},"image":{"@id":"https:\/\/patagoniambiental.com.ar\/info\/proyectan-el-primer-barrio-de-energia-eolica-en-la-patagonia\/#primaryimage"},"thumbnailUrl":"https:\/\/patagoniambiental.com.ar\/info\/wp-content\/uploads\/2019\/06\/barrio-e\u00f3lico-770x420.jpg","datePublished":"2019-06-20T22:00:52+00:00","breadcrumb":{"@id":"https:\/\/patagoniambiental.com.ar\/info\/proyectan-el-primer-barrio-de-energia-eolica-en-la-patagonia\/#breadcrumb"},"inLanguage":"es","potentialAction":[{"@type":"ReadAction","target":["https:\/\/patagoniambiental.com.ar\/info\/proyectan-el-primer-barrio-de-energia-eolica-en-la-patagonia\/"]}]},{"@type":"ImageObject","inLanguage":"es","@id":"https:\/\/patagoniambiental.com.ar\/info\/proyectan-el-primer-barrio-de-energia-eolica-en-la-patagonia\/#primaryimage","url":"https:\/\/patagoniambiental.com.ar\/info\/wp-content\/uploads\/2019\/06\/barrio-e\u00f3lico-770x420.jpg","contentUrl":"https:\/\/patagoniambiental.com.ar\/info\/wp-content\/uploads\/2019\/06\/barrio-e\u00f3lico-770x420.jpg","width":770,"height":420},{"@type":"BreadcrumbList","@id":"https:\/\/patagoniambiental.com.ar\/info\/proyectan-el-primer-barrio-de-energia-eolica-en-la-patagonia\/#breadcrumb","itemListElement":[{"@type":"ListItem","position":1,"name":"Inicio","item":"https:\/\/patagoniambiental.com.ar\/info\/"},{"@type":"ListItem","position":2,"name":"Proyectan el primer barrio de energ\u00eda e\u00f3lica en la Patagonia"}]},{"@type":"WebSite","@id":"https:\/\/patagoniambiental.com.ar\/info\/#website","url":"https:\/\/patagoniambiental.com.ar\/info\/","name":"Patagonia Ambiental","description":"Monitoreo y an\u00e1lisis de la situaci\u00f3n geopol\u00edtica en el mundo y su implicancia en la Patagonia","publisher":{"@id":"https:\/\/patagoniambiental.com.ar\/info\/#organization"},"potentialAction":[{"@type":"SearchAction","target":{"@type":"EntryPoint","urlTemplate":"https:\/\/patagoniambiental.com.ar\/info\/?s={search_term_string}"},"query-input":{"@type":"PropertyValueSpecification","valueRequired":true,"valueName":"search_term_string"}}],"inLanguage":"es"},{"@type":"Organization","@id":"https:\/\/patagoniambiental.com.ar\/info\/#organization","name":"Patagonia Ambiental","url":"https:\/\/patagoniambiental.com.ar\/info\/","logo":{"@type":"ImageObject","inLanguage":"es","@id":"https:\/\/patagoniambiental.com.ar\/info\/#\/schema\/logo\/image\/","url":"https:\/\/patagoniambiental.com.ar\/info\/wp-content\/uploads\/2025\/05\/LOGO-PATAGONIA-AMBIENTAL.png","contentUrl":"https:\/\/patagoniambiental.com.ar\/info\/wp-content\/uploads\/2025\/05\/LOGO-PATAGONIA-AMBIENTAL.png","width":433,"height":250,"caption":"Patagonia Ambiental"},"image":{"@id":"https:\/\/patagoniambiental.com.ar\/info\/#\/schema\/logo\/image\/"},"sameAs":["https:\/\/www.facebook.com\/patagonia.ambiental","https:\/\/x.com\/PatAmb"]},{"@type":"Person","@id":"https:\/\/patagoniambiental.com.ar\/info\/#\/schema\/person\/db12bff64bbcbf6a253710bf0ea37b5d","name":"Patagonia Ambiental","description":"Andr\u00e9s Nievas T\u00e9cnico en manejo ambiental, consultor Ambiental y escritor para medios locales e internacionales sobre temas de geopolitica y medio ambiente.","sameAs":["http:\/\/www.patagoniambiental.com.ar","https:\/\/www.facebook.com\/share\/1C1V8Gv9BX\/?mibextid=qi2Omg","@patagoniambiental","https:\/\/youtube.com\/@patagoniaambiental2023?si=BLt58t0wuXquxlYZ"]}]}},"_links":{"self":[{"href":"https:\/\/patagoniambiental.com.ar\/info\/wp-json\/wp\/v2\/posts\/61983","targetHints":{"allow":["GET"]}}],"collection":[{"href":"https:\/\/patagoniambiental.com.ar\/info\/wp-json\/wp\/v2\/posts"}],"about":[{"href":"https:\/\/patagoniambiental.com.ar\/info\/wp-json\/wp\/v2\/types\/post"}],"author":[{"embeddable":true,"href":"https:\/\/patagoniambiental.com.ar\/info\/wp-json\/wp\/v2\/users\/2"}],"replies":[{"embeddable":true,"href":"https:\/\/patagoniambiental.com.ar\/info\/wp-json\/wp\/v2\/comments?post=61983"}],"version-history":[{"count":0,"href":"https:\/\/patagoniambiental.com.ar\/info\/wp-json\/wp\/v2\/posts\/61983\/revisions"}],"wp:featuredmedia":[{"embeddable":true,"href":"https:\/\/patagoniambiental.com.ar\/info\/wp-json\/wp\/v2\/media\/61984"}],"wp:attachment":[{"href":"https:\/\/patagoniambiental.com.ar\/info\/wp-json\/wp\/v2\/media?parent=61983"}],"wp:term":[{"taxonomy":"category","embeddable":true,"href":"https:\/\/patagoniambiental.com.ar\/info\/wp-json\/wp\/v2\/categories?post=61983"},{"taxonomy":"post_tag","embeddable":true,"href":"https:\/\/patagoniambiental.com.ar\/info\/wp-json\/wp\/v2\/tags?post=61983"}],"curies":[{"name":"wp","href":"https:\/\/api.w.org\/{rel}","templated":true}]}}