{"id":62014,"date":"2019-06-25T07:00:47","date_gmt":"2019-06-25T10:00:47","guid":{"rendered":"http:\/\/patagoniambiental.com.ar\/info\/?p=62014"},"modified":"2019-06-24T12:06:52","modified_gmt":"2019-06-24T15:06:52","slug":"catriel-ambientalistas-advierten-por-la-obra-portezuelo-del-viento","status":"publish","type":"post","link":"https:\/\/patagoniambiental.com.ar\/info\/catriel-ambientalistas-advierten-por-la-obra-portezuelo-del-viento\/","title":{"rendered":"Catriel. Ambientalistas advierten por la obra \u00abPortezuelo del Viento\u00bb"},"content":{"rendered":"<div class=\"td-pb-row\">\n<div class=\"td-pb-span12\">\n<div class=\"td-post-header td-pb-padding-side\">\n<header>\n<p class=\"entry-title\"><span style=\"font-size: 16px;\">Catriel.-\u00abSr. Gobernador: Portezuelo del Viento nos deja sin agua\u00bb, reclam\u00f3 de la Patrulla Ecol\u00f3gica de Catriel durante el desfile c\u00edvico por los festejos del 120\u00b0 aniversario de la localidad. El objetivo, es concientizar a la comunidad sobre lo que representa para toda la regi\u00f3n la construcci\u00f3n del sistema hidroel\u00e9ctrico Portezuelo del Viento en la provincia de Mendoza.<\/span><\/p>\n<\/header>\n<\/div>\n<\/div>\n<\/div>\n<p><!--more--><\/p>\n<div class=\"td-pb-row\">\n<div class=\"td-pb-span8 td-main-content\" role=\"main\">\n<div class=\"td-ss-main-content\">\n<div class=\"td-post-content td-pb-padding-side\">\n<p>&nbsp;<\/p>\n<p>La demanda del grupo ambientalista fue desplegar un enorme pasacalles frente al palco donde se encontraba el gobernador de la provincia Alberto Weretilneck, el intendente Carlos Johnston, la legisladora provincial, y tambi\u00e9n candidata a intendenta, Viviana Germanier; el secretario de Estado y de Energ\u00eda, Sebasti\u00e1n Caldiero; entre otras autoridades provinciales, funcionarios del gobierno local y concejales municipales.<\/p>\n<p>&nbsp;<\/p>\n<p>Silvana Areco, (Presidenta de la Fundaci\u00f3n Patrulla Ecol\u00f3gica), en di\u00e1logo con\u00a0<strong><em>Radio \u00abAlas\u00bb<\/em><\/strong>, explic\u00f3 los motivos que llevaron a exteriorizar el reclamo en medio del desfile aniversario: \u00abdesde el a\u00f1o pasado que estamos trabajando en este tema y preocup\u00e1ndonos, hemos ido a reuniones que se han hecho en 25 de Mayo. Lo que quisimos es instalar el tema, y nos sorprendi\u00f3 porque cuando \u00edbamos pasando la gente le\u00eda la bandera, reaccionaba, aplaud\u00edan y nos apoyaban\u00bb.<\/p>\n<p>&nbsp;<\/p>\n<p>\u00abDe forma respetuosa hicimos una reflexi\u00f3n para que empecemos a movilizarnos por este tema que nos va a afectar\u00bb, aclar\u00f3.<\/p>\n<p><img fetchpriority=\"high\" decoding=\"async\" class=\"aligncenter wp-image-88419\" src=\"https:\/\/catriel25noticias.com\/wp-content\/uploads\/2019\/06\/portezuelo-patrulla-desfile-230x165.jpg\" sizes=\"(max-width: 400px) 100vw, 400px\" srcset=\"https:\/\/catriel25noticias.com\/wp-content\/uploads\/2019\/06\/portezuelo-patrulla-desfile-230x165.jpg 230w, https:\/\/catriel25noticias.com\/wp-content\/uploads\/2019\/06\/portezuelo-patrulla-desfile-505x363.jpg 505w, https:\/\/catriel25noticias.com\/wp-content\/uploads\/2019\/06\/portezuelo-patrulla-desfile.jpg 515w\" alt=\"portezuelo-patrulla-desfile-230x165\" width=\"400\" height=\"287\" \/><\/p>\n<p>PORTEZUELO DEL VIENTO<\/p>\n<p>&nbsp;<\/p>\n<p>El Proyecto hidroel\u00e9ctrico Portezuelo del Viento es una central hidroel\u00e9ctrica que se construir\u00e1 sobre el r\u00edo Grande, principal efluente del Colorado, en el sur de la provincia de Mendoza. Se ha previsto como el componente m\u00e1s importante de un complejo formado por cinco centrales que se instalar\u00edan sobre ese r\u00edo.\u00a0La obra demandar\u00e1 unos seis a\u00f1os para su terminaci\u00f3n.<\/p>\n<p>&nbsp;<\/p>\n<p>Una presa y una planta hidroel\u00e9ctrica capaz de generar m\u00e1s de 200 megavatios de energ\u00eda, adem\u00e1s de 251 kil\u00f3metros de l\u00ednea de alta tensi\u00f3n para integrarla al sistema interconectado nacional. Proyectada para que incremente en 60.000 hect\u00e1reas la superficie cultivable de San Rafael, de General Alvear y de Malarg\u00fce, generar\u00e1 una energ\u00eda equivalente al 25% de lo que hoy se consume en todo Mendoza.<\/p>\n<p>&nbsp;<\/p>\n<p>El Comit\u00e9 Interjurisdiccional del R\u00edo Colorado (Coirco) es el primer comit\u00e9 de cuenca del pa\u00eds y est\u00e1 integrado por las provincias de Buenos Aires, La Pampa, Mendoza, Neuqu\u00e9n y R\u00edo Negro. Es el \u00f3rgano de administraci\u00f3n del programa e incluye en sus obras el Proyecto de Portezuelo del Viento. La funci\u00f3n del Coirco es verificar que la obra de Portezuelo del Viento se construya de forma compatible con el programa. Sin embargo, no es de su pertinencia autorizar la puesta en marcha de la misma.<\/p>\n<p>&nbsp;<\/p>\n<p>Hace algunos d\u00edas el gobernador Alfredo Cornejo firm\u00f3 el convenio por el que Mendoza recibir\u00e1 1023 millones de d\u00f3lares para licitar Portezuelo del Viento. Desde Buenos Aires, el mandatario mendocino afirm\u00f3 que el traspaso de fondos permitir\u00e1 avanzar con la mega obra.<\/p>\n<p>&nbsp;<\/p>\n<p>En relaci\u00f3n a la intenci\u00f3n de Mendoza de construir la represa, la cuesti\u00f3n comenz\u00f3 a generar temor en las ciudades aguas abajo del r\u00edo Colorado. Ante esta incertidumbre, el gobernador rionegrino Alberto Weretilneck llev\u00f3 tranquilidad con la seguridad de que el Comit\u00e9 Interjurisdiccional del R\u00edo Colorado (Coirco) administrar\u00e1 los caudales sin afectar el abastecimiento.<\/p>\n<p>&nbsp;<\/p>\n<p>\u00abLas decisiones de la cuenca o de la utilizaci\u00f3n de las aguas del r\u00edo tienen que ver con las determinaciones de COIRCO, tambi\u00e9n sabemos que cada uno de los gobernadores integrantes de la cuenca son los responsables. En este caso R\u00efo Negro estuvo de acuerdo. Nos llama la atenci\u00f3n la posici\u00f3n de R\u00edo Negro en Coirco\u00bb advirti\u00f3 Silvana Areco, de la Patrulla Ecol\u00f3gica.<\/p>\n<p>&nbsp;<\/p>\n<p>\u00abSabemos que esto fue una deuda que ten\u00eda naci\u00f3n, este proyecto viene de la gesti\u00f3n del ex presidente N\u00e9stor Kirchner y empez\u00f3 a hacerla realidad el presidente Macri.\u00a0 Esto tiene que ver con una deuda con las provincias, donde Mendoza opta por la construcci\u00f3n de esta obra en el curso del R\u00edo Grande, justamente el principal efluente del R\u00edo Colorado.<\/p>\n<p><img decoding=\"async\" class=\"aligncenter size-full wp-image-88421\" src=\"https:\/\/catriel25noticias.com\/wp-content\/uploads\/2019\/06\/portezuelo-puente-dique2.jpg\" sizes=\"(max-width: 600px) 100vw, 600px\" srcset=\"https:\/\/catriel25noticias.com\/wp-content\/uploads\/2019\/06\/portezuelo-puente-dique2.jpg 600w, https:\/\/catriel25noticias.com\/wp-content\/uploads\/2019\/06\/portezuelo-puente-dique2-285x165.jpg 285w\" alt=\"portezuelo-puente-dique2\" width=\"600\" height=\"347\" \/><\/p>\n<p>Foto: reclamos en Puente Dique<\/p>\n<p>&nbsp;<\/p>\n<p>DI\u00c1LOGO CON EL GOBERNADOR<\/p>\n<p>&nbsp;<\/p>\n<p>Luego del reclamo con el pasacalles en el desfile aniversario, integrantes de la Patrulla Ecol\u00f3gica fueron recibidos por el mandatario provincial: \u00abpudimos hablar con el gobernador, y nos ofreci\u00f3 a trav\u00e9s de la legisladora provincial Viviana Germanier su correo para que nos podamos comunicar con \u00e9l y nos pueda dar toda la informaci\u00f3n que requerimos\u00bb.<\/p>\n<p>\u00abHay una emergencia h\u00eddrica del r\u00edo, se puede ver c\u00f3mo ha disminuido el caudal notablemente, y en este caso la magnitud que va a tener esta obra va a provocar que la disminuci\u00f3n del caudal sea notoria y la calidad del agua que tomemos tambi\u00e9n. Otra cuesti\u00f3n es el impacto que va a generar con los gases de efecto invernadero, sabemos que todas las centrales funcionan con combustibles f\u00f3siles y el impacto va a ser importante\u00bb manifest\u00f3 Areco.<\/p>\n<p>\u00abA veces, por falta de inter\u00e9s o desconocimiento es que no estamos actuando y no reaccionamos, realmente es algo muy serio que nos va a afectar. El agua es vital para la vida, necesitamos la conciencia previa para poder accionar y reclamar, haciendo valer nuestros derechos\u00bb.<\/p>\n<p>\u00abQueremos comenzar a juntarnos con la comunidad de 25 de Mayo, trabajar de manera conjunta y hacer los reclamos pertinentes, de forma legal y a trav\u00e9s de las v\u00edas que corresponden\u00bb, concluy\u00f3.<\/p>\n<\/div>\n<p>Fuente: C25N<\/p>\n<\/div>\n<\/div>\n<\/div>\n","protected":false},"excerpt":{"rendered":"<p>Catriel.-\u00abSr. Gobernador: Portezuelo del Viento nos deja sin agua\u00bb, reclam\u00f3 de la Patrulla Ecol\u00f3gica de Catriel durante el desfile c\u00edvico [&hellip;]<\/p>\n","protected":false},"author":2,"featured_media":62015,"comment_status":"open","ping_status":"open","sticky":false,"template":"","format":"standard","meta":{"site-sidebar-layout":"default","site-content-layout":"","ast-site-content-layout":"default","site-content-style":"default","site-sidebar-style":"default","ast-global-header-display":"","ast-banner-title-visibility":"","ast-main-header-display":"","ast-hfb-above-header-display":"","ast-hfb-below-header-display":"","ast-hfb-mobile-header-display":"","site-post-title":"","ast-breadcrumbs-content":"","ast-featured-img":"","footer-sml-layout":"","ast-disable-related-posts":"","theme-transparent-header-meta":"","adv-header-id-meta":"","stick-header-meta":"","header-above-stick-meta":"","header-main-stick-meta":"","header-below-stick-meta":"","astra-migrate-meta-layouts":"default","ast-page-background-enabled":"default","ast-page-background-meta":{"desktop":{"background-color":"var(--ast-global-color-5)","background-image":"","background-repeat":"repeat","background-position":"center center","background-size":"auto","background-attachment":"scroll","background-type":"","background-media":"","overlay-type":"","overlay-color":"","overlay-opacity":"","overlay-gradient":""},"tablet":{"background-color":"","background-image":"","background-repeat":"repeat","background-position":"center center","background-size":"auto","background-attachment":"scroll","background-type":"","background-media":"","overlay-type":"","overlay-color":"","overlay-opacity":"","overlay-gradient":""},"mobile":{"background-color":"","background-image":"","background-repeat":"repeat","background-position":"center center","background-size":"auto","background-attachment":"scroll","background-type":"","background-media":"","overlay-type":"","overlay-color":"","overlay-opacity":"","overlay-gradient":""}},"ast-content-background-meta":{"desktop":{"background-color":"var(--ast-global-color-4)","background-image":"","background-repeat":"repeat","background-position":"center center","background-size":"auto","background-attachment":"scroll","background-type":"","background-media":"","overlay-type":"","overlay-color":"","overlay-opacity":"","overlay-gradient":""},"tablet":{"background-color":"var(--ast-global-color-4)","background-image":"","background-repeat":"repeat","background-position":"center center","background-size":"auto","background-attachment":"scroll","background-type":"","background-media":"","overlay-type":"","overlay-color":"","overlay-opacity":"","overlay-gradient":""},"mobile":{"background-color":"var(--ast-global-color-4)","background-image":"","background-repeat":"repeat","background-position":"center center","background-size":"auto","background-attachment":"scroll","background-type":"","background-media":"","overlay-type":"","overlay-color":"","overlay-opacity":"","overlay-gradient":""}},"footnotes":""},"categories":[1,3],"tags":[],"class_list":["post-62014","post","type-post","status-publish","format-standard","has-post-thumbnail","hentry","category-noticias","category-ong"],"yoast_head":"<!-- This site is optimized with the Yoast SEO Premium plugin v23.0 (Yoast SEO v27.5) - https:\/\/yoast.com\/product\/yoast-seo-premium-wordpress\/ -->\n<title>Catriel. Ambientalistas advierten por la obra \u00abPortezuelo del Viento\u00bb<\/title>\n<meta name=\"robots\" content=\"index, follow, max-snippet:-1, max-image-preview:large, max-video-preview:-1\" \/>\n<link rel=\"canonical\" href=\"https:\/\/patagoniambiental.com.ar\/info\/catriel-ambientalistas-advierten-por-la-obra-portezuelo-del-viento\/\" \/>\n<meta property=\"og:locale\" content=\"es_ES\" \/>\n<meta property=\"og:type\" content=\"article\" \/>\n<meta property=\"og:title\" content=\"Catriel. Ambientalistas advierten por la obra \u00abPortezuelo del Viento\u00bb\" \/>\n<meta property=\"og:description\" content=\"Catriel.-\u00abSr. Gobernador: Portezuelo del Viento nos deja sin agua\u00bb, reclam\u00f3 de la Patrulla Ecol\u00f3gica de Catriel durante el desfile c\u00edvico [&hellip;]\" \/>\n<meta property=\"og:url\" content=\"https:\/\/patagoniambiental.com.ar\/info\/catriel-ambientalistas-advierten-por-la-obra-portezuelo-del-viento\/\" \/>\n<meta property=\"og:site_name\" content=\"Patagonia Ambiental\" \/>\n<meta property=\"article:publisher\" content=\"https:\/\/www.facebook.com\/patagonia.ambiental\" \/>\n<meta property=\"article:author\" content=\"https:\/\/www.facebook.com\/share\/1C1V8Gv9BX\/?mibextid=qi2Omg\" \/>\n<meta property=\"article:published_time\" content=\"2019-06-25T10:00:47+00:00\" \/>\n<meta property=\"og:image\" content=\"https:\/\/patagoniambiental.com.ar\/info\/wp-content\/uploads\/2019\/06\/portezuelo-patrulla-desfile-505x363.jpg\" \/>\n\t<meta property=\"og:image:width\" content=\"505\" \/>\n\t<meta property=\"og:image:height\" content=\"363\" \/>\n\t<meta property=\"og:image:type\" content=\"image\/jpeg\" \/>\n<meta name=\"author\" content=\"Patagonia Ambiental\" \/>\n<meta name=\"twitter:card\" content=\"summary_large_image\" \/>\n<meta name=\"twitter:creator\" content=\"@PatAmb\" \/>\n<meta name=\"twitter:site\" content=\"@PatAmb\" \/>\n<script type=\"application\/ld+json\" class=\"yoast-schema-graph\">{\"@context\":\"https:\\\/\\\/schema.org\",\"@graph\":[{\"@type\":\"Article\",\"@id\":\"https:\\\/\\\/patagoniambiental.com.ar\\\/info\\\/catriel-ambientalistas-advierten-por-la-obra-portezuelo-del-viento\\\/#article\",\"isPartOf\":{\"@id\":\"https:\\\/\\\/patagoniambiental.com.ar\\\/info\\\/catriel-ambientalistas-advierten-por-la-obra-portezuelo-del-viento\\\/\"},\"author\":{\"name\":\"Patagonia Ambiental\",\"@id\":\"https:\\\/\\\/patagoniambiental.com.ar\\\/info\\\/#\\\/schema\\\/person\\\/db12bff64bbcbf6a253710bf0ea37b5d\"},\"headline\":\"Catriel. Ambientalistas advierten por la obra \u00abPortezuelo del Viento\u00bb\",\"datePublished\":\"2019-06-25T10:00:47+00:00\",\"mainEntityOfPage\":{\"@id\":\"https:\\\/\\\/patagoniambiental.com.ar\\\/info\\\/catriel-ambientalistas-advierten-por-la-obra-portezuelo-del-viento\\\/\"},\"wordCount\":953,\"commentCount\":0,\"publisher\":{\"@id\":\"https:\\\/\\\/patagoniambiental.com.ar\\\/info\\\/#organization\"},\"image\":{\"@id\":\"https:\\\/\\\/patagoniambiental.com.ar\\\/info\\\/catriel-ambientalistas-advierten-por-la-obra-portezuelo-del-viento\\\/#primaryimage\"},\"thumbnailUrl\":\"https:\\\/\\\/patagoniambiental.com.ar\\\/info\\\/wp-content\\\/uploads\\\/2019\\\/06\\\/portezuelo-patrulla-desfile-505x363.jpg\",\"articleSection\":[\"Noticias\",\"ONG\"],\"inLanguage\":\"es\",\"potentialAction\":[{\"@type\":\"CommentAction\",\"name\":\"Comment\",\"target\":[\"https:\\\/\\\/patagoniambiental.com.ar\\\/info\\\/catriel-ambientalistas-advierten-por-la-obra-portezuelo-del-viento\\\/#respond\"]}]},{\"@type\":\"WebPage\",\"@id\":\"https:\\\/\\\/patagoniambiental.com.ar\\\/info\\\/catriel-ambientalistas-advierten-por-la-obra-portezuelo-del-viento\\\/\",\"url\":\"https:\\\/\\\/patagoniambiental.com.ar\\\/info\\\/catriel-ambientalistas-advierten-por-la-obra-portezuelo-del-viento\\\/\",\"name\":\"Catriel. Ambientalistas advierten por la obra \u00abPortezuelo del Viento\u00bb\",\"isPartOf\":{\"@id\":\"https:\\\/\\\/patagoniambiental.com.ar\\\/info\\\/#website\"},\"primaryImageOfPage\":{\"@id\":\"https:\\\/\\\/patagoniambiental.com.ar\\\/info\\\/catriel-ambientalistas-advierten-por-la-obra-portezuelo-del-viento\\\/#primaryimage\"},\"image\":{\"@id\":\"https:\\\/\\\/patagoniambiental.com.ar\\\/info\\\/catriel-ambientalistas-advierten-por-la-obra-portezuelo-del-viento\\\/#primaryimage\"},\"thumbnailUrl\":\"https:\\\/\\\/patagoniambiental.com.ar\\\/info\\\/wp-content\\\/uploads\\\/2019\\\/06\\\/portezuelo-patrulla-desfile-505x363.jpg\",\"datePublished\":\"2019-06-25T10:00:47+00:00\",\"breadcrumb\":{\"@id\":\"https:\\\/\\\/patagoniambiental.com.ar\\\/info\\\/catriel-ambientalistas-advierten-por-la-obra-portezuelo-del-viento\\\/#breadcrumb\"},\"inLanguage\":\"es\",\"potentialAction\":[{\"@type\":\"ReadAction\",\"target\":[\"https:\\\/\\\/patagoniambiental.com.ar\\\/info\\\/catriel-ambientalistas-advierten-por-la-obra-portezuelo-del-viento\\\/\"]}]},{\"@type\":\"ImageObject\",\"inLanguage\":\"es\",\"@id\":\"https:\\\/\\\/patagoniambiental.com.ar\\\/info\\\/catriel-ambientalistas-advierten-por-la-obra-portezuelo-del-viento\\\/#primaryimage\",\"url\":\"https:\\\/\\\/patagoniambiental.com.ar\\\/info\\\/wp-content\\\/uploads\\\/2019\\\/06\\\/portezuelo-patrulla-desfile-505x363.jpg\",\"contentUrl\":\"https:\\\/\\\/patagoniambiental.com.ar\\\/info\\\/wp-content\\\/uploads\\\/2019\\\/06\\\/portezuelo-patrulla-desfile-505x363.jpg\",\"width\":505,\"height\":363},{\"@type\":\"BreadcrumbList\",\"@id\":\"https:\\\/\\\/patagoniambiental.com.ar\\\/info\\\/catriel-ambientalistas-advierten-por-la-obra-portezuelo-del-viento\\\/#breadcrumb\",\"itemListElement\":[{\"@type\":\"ListItem\",\"position\":1,\"name\":\"Inicio\",\"item\":\"https:\\\/\\\/patagoniambiental.com.ar\\\/info\\\/\"},{\"@type\":\"ListItem\",\"position\":2,\"name\":\"Catriel. Ambientalistas advierten por la obra \u00abPortezuelo del Viento\u00bb\"}]},{\"@type\":\"WebSite\",\"@id\":\"https:\\\/\\\/patagoniambiental.com.ar\\\/info\\\/#website\",\"url\":\"https:\\\/\\\/patagoniambiental.com.ar\\\/info\\\/\",\"name\":\"Patagonia Ambiental\",\"description\":\"Monitoreo y an\u00e1lisis de la situaci\u00f3n geopol\u00edtica en el mundo y su implicancia en la Patagonia\",\"publisher\":{\"@id\":\"https:\\\/\\\/patagoniambiental.com.ar\\\/info\\\/#organization\"},\"potentialAction\":[{\"@type\":\"SearchAction\",\"target\":{\"@type\":\"EntryPoint\",\"urlTemplate\":\"https:\\\/\\\/patagoniambiental.com.ar\\\/info\\\/?s={search_term_string}\"},\"query-input\":{\"@type\":\"PropertyValueSpecification\",\"valueRequired\":true,\"valueName\":\"search_term_string\"}}],\"inLanguage\":\"es\"},{\"@type\":\"Organization\",\"@id\":\"https:\\\/\\\/patagoniambiental.com.ar\\\/info\\\/#organization\",\"name\":\"Patagonia Ambiental\",\"url\":\"https:\\\/\\\/patagoniambiental.com.ar\\\/info\\\/\",\"logo\":{\"@type\":\"ImageObject\",\"inLanguage\":\"es\",\"@id\":\"https:\\\/\\\/patagoniambiental.com.ar\\\/info\\\/#\\\/schema\\\/logo\\\/image\\\/\",\"url\":\"https:\\\/\\\/patagoniambiental.com.ar\\\/info\\\/wp-content\\\/uploads\\\/2025\\\/05\\\/LOGO-PATAGONIA-AMBIENTAL.png\",\"contentUrl\":\"https:\\\/\\\/patagoniambiental.com.ar\\\/info\\\/wp-content\\\/uploads\\\/2025\\\/05\\\/LOGO-PATAGONIA-AMBIENTAL.png\",\"width\":433,\"height\":250,\"caption\":\"Patagonia Ambiental\"},\"image\":{\"@id\":\"https:\\\/\\\/patagoniambiental.com.ar\\\/info\\\/#\\\/schema\\\/logo\\\/image\\\/\"},\"sameAs\":[\"https:\\\/\\\/www.facebook.com\\\/patagonia.ambiental\",\"https:\\\/\\\/x.com\\\/PatAmb\"]},{\"@type\":\"Person\",\"@id\":\"https:\\\/\\\/patagoniambiental.com.ar\\\/info\\\/#\\\/schema\\\/person\\\/db12bff64bbcbf6a253710bf0ea37b5d\",\"name\":\"Patagonia Ambiental\",\"description\":\"Andr\u00e9s Nievas T\u00e9cnico en manejo ambiental, consultor Ambiental y escritor para medios locales e internacionales sobre temas de geopolitica y medio ambiente.\",\"sameAs\":[\"http:\\\/\\\/www.patagoniambiental.com.ar\",\"https:\\\/\\\/www.facebook.com\\\/share\\\/1C1V8Gv9BX\\\/?mibextid=qi2Omg\",\"@patagoniambiental\",\"https:\\\/\\\/youtube.com\\\/@patagoniaambiental2023?si=BLt58t0wuXquxlYZ\"]}]}<\/script>\n<!-- \/ Yoast SEO Premium plugin. -->","yoast_head_json":{"title":"Catriel. Ambientalistas advierten por la obra \u00abPortezuelo del Viento\u00bb","robots":{"index":"index","follow":"follow","max-snippet":"max-snippet:-1","max-image-preview":"max-image-preview:large","max-video-preview":"max-video-preview:-1"},"canonical":"https:\/\/patagoniambiental.com.ar\/info\/catriel-ambientalistas-advierten-por-la-obra-portezuelo-del-viento\/","og_locale":"es_ES","og_type":"article","og_title":"Catriel. Ambientalistas advierten por la obra \u00abPortezuelo del Viento\u00bb","og_description":"Catriel.-\u00abSr. Gobernador: Portezuelo del Viento nos deja sin agua\u00bb, reclam\u00f3 de la Patrulla Ecol\u00f3gica de Catriel durante el desfile c\u00edvico [&hellip;]","og_url":"https:\/\/patagoniambiental.com.ar\/info\/catriel-ambientalistas-advierten-por-la-obra-portezuelo-del-viento\/","og_site_name":"Patagonia Ambiental","article_publisher":"https:\/\/www.facebook.com\/patagonia.ambiental","article_author":"https:\/\/www.facebook.com\/share\/1C1V8Gv9BX\/?mibextid=qi2Omg","article_published_time":"2019-06-25T10:00:47+00:00","og_image":[{"width":505,"height":363,"url":"https:\/\/patagoniambiental.com.ar\/info\/wp-content\/uploads\/2019\/06\/portezuelo-patrulla-desfile-505x363.jpg","type":"image\/jpeg"}],"author":"Patagonia Ambiental","twitter_card":"summary_large_image","twitter_creator":"@PatAmb","twitter_site":"@PatAmb","schema":{"@context":"https:\/\/schema.org","@graph":[{"@type":"Article","@id":"https:\/\/patagoniambiental.com.ar\/info\/catriel-ambientalistas-advierten-por-la-obra-portezuelo-del-viento\/#article","isPartOf":{"@id":"https:\/\/patagoniambiental.com.ar\/info\/catriel-ambientalistas-advierten-por-la-obra-portezuelo-del-viento\/"},"author":{"name":"Patagonia Ambiental","@id":"https:\/\/patagoniambiental.com.ar\/info\/#\/schema\/person\/db12bff64bbcbf6a253710bf0ea37b5d"},"headline":"Catriel. Ambientalistas advierten por la obra \u00abPortezuelo del Viento\u00bb","datePublished":"2019-06-25T10:00:47+00:00","mainEntityOfPage":{"@id":"https:\/\/patagoniambiental.com.ar\/info\/catriel-ambientalistas-advierten-por-la-obra-portezuelo-del-viento\/"},"wordCount":953,"commentCount":0,"publisher":{"@id":"https:\/\/patagoniambiental.com.ar\/info\/#organization"},"image":{"@id":"https:\/\/patagoniambiental.com.ar\/info\/catriel-ambientalistas-advierten-por-la-obra-portezuelo-del-viento\/#primaryimage"},"thumbnailUrl":"https:\/\/patagoniambiental.com.ar\/info\/wp-content\/uploads\/2019\/06\/portezuelo-patrulla-desfile-505x363.jpg","articleSection":["Noticias","ONG"],"inLanguage":"es","potentialAction":[{"@type":"CommentAction","name":"Comment","target":["https:\/\/patagoniambiental.com.ar\/info\/catriel-ambientalistas-advierten-por-la-obra-portezuelo-del-viento\/#respond"]}]},{"@type":"WebPage","@id":"https:\/\/patagoniambiental.com.ar\/info\/catriel-ambientalistas-advierten-por-la-obra-portezuelo-del-viento\/","url":"https:\/\/patagoniambiental.com.ar\/info\/catriel-ambientalistas-advierten-por-la-obra-portezuelo-del-viento\/","name":"Catriel. Ambientalistas advierten por la obra \u00abPortezuelo del Viento\u00bb","isPartOf":{"@id":"https:\/\/patagoniambiental.com.ar\/info\/#website"},"primaryImageOfPage":{"@id":"https:\/\/patagoniambiental.com.ar\/info\/catriel-ambientalistas-advierten-por-la-obra-portezuelo-del-viento\/#primaryimage"},"image":{"@id":"https:\/\/patagoniambiental.com.ar\/info\/catriel-ambientalistas-advierten-por-la-obra-portezuelo-del-viento\/#primaryimage"},"thumbnailUrl":"https:\/\/patagoniambiental.com.ar\/info\/wp-content\/uploads\/2019\/06\/portezuelo-patrulla-desfile-505x363.jpg","datePublished":"2019-06-25T10:00:47+00:00","breadcrumb":{"@id":"https:\/\/patagoniambiental.com.ar\/info\/catriel-ambientalistas-advierten-por-la-obra-portezuelo-del-viento\/#breadcrumb"},"inLanguage":"es","potentialAction":[{"@type":"ReadAction","target":["https:\/\/patagoniambiental.com.ar\/info\/catriel-ambientalistas-advierten-por-la-obra-portezuelo-del-viento\/"]}]},{"@type":"ImageObject","inLanguage":"es","@id":"https:\/\/patagoniambiental.com.ar\/info\/catriel-ambientalistas-advierten-por-la-obra-portezuelo-del-viento\/#primaryimage","url":"https:\/\/patagoniambiental.com.ar\/info\/wp-content\/uploads\/2019\/06\/portezuelo-patrulla-desfile-505x363.jpg","contentUrl":"https:\/\/patagoniambiental.com.ar\/info\/wp-content\/uploads\/2019\/06\/portezuelo-patrulla-desfile-505x363.jpg","width":505,"height":363},{"@type":"BreadcrumbList","@id":"https:\/\/patagoniambiental.com.ar\/info\/catriel-ambientalistas-advierten-por-la-obra-portezuelo-del-viento\/#breadcrumb","itemListElement":[{"@type":"ListItem","position":1,"name":"Inicio","item":"https:\/\/patagoniambiental.com.ar\/info\/"},{"@type":"ListItem","position":2,"name":"Catriel. Ambientalistas advierten por la obra \u00abPortezuelo del Viento\u00bb"}]},{"@type":"WebSite","@id":"https:\/\/patagoniambiental.com.ar\/info\/#website","url":"https:\/\/patagoniambiental.com.ar\/info\/","name":"Patagonia Ambiental","description":"Monitoreo y an\u00e1lisis de la situaci\u00f3n geopol\u00edtica en el mundo y su implicancia en la Patagonia","publisher":{"@id":"https:\/\/patagoniambiental.com.ar\/info\/#organization"},"potentialAction":[{"@type":"SearchAction","target":{"@type":"EntryPoint","urlTemplate":"https:\/\/patagoniambiental.com.ar\/info\/?s={search_term_string}"},"query-input":{"@type":"PropertyValueSpecification","valueRequired":true,"valueName":"search_term_string"}}],"inLanguage":"es"},{"@type":"Organization","@id":"https:\/\/patagoniambiental.com.ar\/info\/#organization","name":"Patagonia Ambiental","url":"https:\/\/patagoniambiental.com.ar\/info\/","logo":{"@type":"ImageObject","inLanguage":"es","@id":"https:\/\/patagoniambiental.com.ar\/info\/#\/schema\/logo\/image\/","url":"https:\/\/patagoniambiental.com.ar\/info\/wp-content\/uploads\/2025\/05\/LOGO-PATAGONIA-AMBIENTAL.png","contentUrl":"https:\/\/patagoniambiental.com.ar\/info\/wp-content\/uploads\/2025\/05\/LOGO-PATAGONIA-AMBIENTAL.png","width":433,"height":250,"caption":"Patagonia Ambiental"},"image":{"@id":"https:\/\/patagoniambiental.com.ar\/info\/#\/schema\/logo\/image\/"},"sameAs":["https:\/\/www.facebook.com\/patagonia.ambiental","https:\/\/x.com\/PatAmb"]},{"@type":"Person","@id":"https:\/\/patagoniambiental.com.ar\/info\/#\/schema\/person\/db12bff64bbcbf6a253710bf0ea37b5d","name":"Patagonia Ambiental","description":"Andr\u00e9s Nievas T\u00e9cnico en manejo ambiental, consultor Ambiental y escritor para medios locales e internacionales sobre temas de geopolitica y medio ambiente.","sameAs":["http:\/\/www.patagoniambiental.com.ar","https:\/\/www.facebook.com\/share\/1C1V8Gv9BX\/?mibextid=qi2Omg","@patagoniambiental","https:\/\/youtube.com\/@patagoniaambiental2023?si=BLt58t0wuXquxlYZ"]}]}},"_links":{"self":[{"href":"https:\/\/patagoniambiental.com.ar\/info\/wp-json\/wp\/v2\/posts\/62014","targetHints":{"allow":["GET"]}}],"collection":[{"href":"https:\/\/patagoniambiental.com.ar\/info\/wp-json\/wp\/v2\/posts"}],"about":[{"href":"https:\/\/patagoniambiental.com.ar\/info\/wp-json\/wp\/v2\/types\/post"}],"author":[{"embeddable":true,"href":"https:\/\/patagoniambiental.com.ar\/info\/wp-json\/wp\/v2\/users\/2"}],"replies":[{"embeddable":true,"href":"https:\/\/patagoniambiental.com.ar\/info\/wp-json\/wp\/v2\/comments?post=62014"}],"version-history":[{"count":0,"href":"https:\/\/patagoniambiental.com.ar\/info\/wp-json\/wp\/v2\/posts\/62014\/revisions"}],"wp:featuredmedia":[{"embeddable":true,"href":"https:\/\/patagoniambiental.com.ar\/info\/wp-json\/wp\/v2\/media\/62015"}],"wp:attachment":[{"href":"https:\/\/patagoniambiental.com.ar\/info\/wp-json\/wp\/v2\/media?parent=62014"}],"wp:term":[{"taxonomy":"category","embeddable":true,"href":"https:\/\/patagoniambiental.com.ar\/info\/wp-json\/wp\/v2\/categories?post=62014"},{"taxonomy":"post_tag","embeddable":true,"href":"https:\/\/patagoniambiental.com.ar\/info\/wp-json\/wp\/v2\/tags?post=62014"}],"curies":[{"name":"wp","href":"https:\/\/api.w.org\/{rel}","templated":true}]}}