{"id":62047,"date":"2019-06-27T07:00:34","date_gmt":"2019-06-27T10:00:34","guid":{"rendered":"http:\/\/patagoniambiental.com.ar\/info\/?p=62047"},"modified":"2019-06-26T09:51:31","modified_gmt":"2019-06-26T12:51:31","slug":"rio-gallegos-para-generar-conciencia-lanzan-el-concurso-fotografico-la-produccion-y-el-ambiente","status":"publish","type":"post","link":"https:\/\/patagoniambiental.com.ar\/info\/rio-gallegos-para-generar-conciencia-lanzan-el-concurso-fotografico-la-produccion-y-el-ambiente\/","title":{"rendered":"R\u00edo Gallegos: Para generar conciencia Lanzan el concurso fotogr\u00e1fico \u201cLa producci\u00f3n y el ambiente\u201d"},"content":{"rendered":"<div class=\"row nd_top\">\n<div class=\"col-lg-12 nopadding\">\n<p class=\"copete\">R\u00edo Gallegos.-Se trata de la tercera edici\u00f3n del evento dedicado a la imagen. El mismo est\u00e1 siendo organizado por el Ministerio de Salud, lanzado en el marco de la Feria Provincial el Libro. Buscan generar conciencia sobre el cuidado ambiental.<\/p>\n<\/div>\n<\/div>\n<p><!--more--><\/p>\n<div class=\"clear\"><\/div>\n<div class=\"row\">\n<div class=\"col-md-8 nopaddingleft col-central\">\n<div class=\"image\">\n<div class=\"fotonota1\">\n<div id=\"galeria_fotos175742\">\n<div id=\"photos_175742\" class=\"photos_all\">\n<div>\n<div id=\"jahl-newsitem175742\">\n<div id=\"photos_175742_img_1\" class=\"photos_175742_img\"><img decoding=\"async\" id=\"\" src=\"https:\/\/www.tiemposur.com.ar\/uploads\/noticia_galeria\/2019\/06\/24\/file_58573_main1\" alt=\"\" data-u=\"\" \/><\/div>\n<\/div>\n<\/div>\n<\/div>\n<\/div>\n<\/div>\n<\/div>\n<div class=\"redes clearfix\">\n<div class=\"social\">\n<div class=\"social_large_2\"><\/div>\n<\/div>\n<\/div>\n<p>En la Feria Provincial del Libro se lanz\u00f3 el Tercer concurso fotogr\u00e1fico ambiental, llamado \u201cLa producci\u00f3n y el ambiente\u201d. El objetivo del mismo es generar conciencia sobre los cuidados ecol\u00f3gicos. Est\u00e1 siendo organizado por el Ministerio de Salud, a trav\u00e9s de la Secretar\u00eda de Estado de ambiente. El Director Provincial de Medio Ambiente, Cristian Hofmann manifest\u00f3 que el concurso desaf\u00eda a reflejar a trav\u00e9s de la fotograf\u00eda, una mirada propia de cada participante sobre el mundo en el que vivimos y como nos relacionamos con el ambiente. \u201c\u00c9ste a\u00f1o el eje central ser\u00e1 La Producci\u00f3n y el Ambiente, donde los interesados deber\u00e1n plasmar en una fotograf\u00eda como interacciona la producci\u00f3n de tipo industrial, agropecuario, etc. en armon\u00eda con el ecosistema sin da\u00f1ar el medio ambiente\u201d, agreg\u00f3.<\/p>\n<div id=\"hybs-mslot-a343694f-0\" class=\"hybs-mslot\"><\/div>\n<p>Desde la Secretar\u00eda de Estado de Ambiente, se indic\u00f3 que pueden participar tanto menores como mayores de edad de toda la provincia de Santa Cruz (En caso de ganar un menor de edad debe estar acompa\u00f1ado por su padre\/madre o tutor) Las obras deber\u00e1n enviarse por mail a\u00a0seaimagenes@gmail.com, por correo a la Secretaria de Estado de Ambiente sita en calle El cano N\u00b0 260 de Rio Gallegos.<\/p>\n<div id=\"hybs-mslot-a343694f-1\" class=\"hybs-mslot\"><\/div>\n<p>Asimismo, se mencion\u00f3 que la fecha l\u00edmite de recepci\u00f3n es el d\u00eda viernes 30 de agosto de 2019 donde cada autor deber\u00e1 adjuntar un archivo de texto con el seud\u00f3nimo, nombre y apellidos, direcci\u00f3n de correo electr\u00f3nico, tel\u00e9fono de contacto, t\u00edtulo de cada obra y breve descripci\u00f3n de la misma, entorno en el que se ha realizado la fotograf\u00eda.<\/p>\n<p>El jurado estar\u00e1 compuesto por los Fot\u00f3grafos Profesionales Horacio C\u00f3rdoba, Pablo Godoy y el Secretario de Ambiente de la provincia Ing. Mariano Bertinat, dando a conocer el resultado de ganadores el 06 de septiembre de 2019 en el marco de la Campa\u00f1a Mundial \u201cA Limpiar el Mundo\u201d que se desarrolla cada a\u00f1o.<\/p>\n<div id=\"hybs-mslot-a343694f-2\" class=\"hybs-mslot\"><\/div>\n<p>Los interesados deben consultar las bases y condiciones en www.saludsantacruz.gob.ar<\/p>\n<p>\u201cSe entregar\u00e1n importantes premios que consisten en \u00f3rdenes de compra de material tecnol\u00f3gico invitamos al p\u00fablico en general a participar de este concurso\u201d, \u00a0finaliz\u00f3 Hofmann.<\/p>\n<div id=\"hybs-mslot-a343694f-3\" class=\"hybs-mslot\"><\/div>\n<div class=\"linea-sep2\">Fuente:\u00a0https:\/\/www.tiemposur.com.ar\/nota\/175742-lanzan-el-concurso-fotografico-la-produccion-y-el-ambiente<\/div>\n<div id=\"modBoxes\" class=\"ModBoxesContent module-contents\">\n<div class=\"banners banner_tiemposur_facebook2\"><\/div>\n<\/div>\n<\/div>\n<\/div>\n","protected":false},"excerpt":{"rendered":"<p>R\u00edo Gallegos.-Se trata de la tercera edici\u00f3n del evento dedicado a la imagen. El mismo est\u00e1 siendo organizado por el [&hellip;]<\/p>\n","protected":false},"author":2,"featured_media":62048,"comment_status":"open","ping_status":"open","sticky":false,"template":"","format":"standard","meta":{"site-sidebar-layout":"default","site-content-layout":"","ast-site-content-layout":"default","site-content-style":"default","site-sidebar-style":"default","ast-global-header-display":"","ast-banner-title-visibility":"","ast-main-header-display":"","ast-hfb-above-header-display":"","ast-hfb-below-header-display":"","ast-hfb-mobile-header-display":"","site-post-title":"","ast-breadcrumbs-content":"","ast-featured-img":"","footer-sml-layout":"","ast-disable-related-posts":"","theme-transparent-header-meta":"","adv-header-id-meta":"","stick-header-meta":"","header-above-stick-meta":"","header-main-stick-meta":"","header-below-stick-meta":"","astra-migrate-meta-layouts":"default","ast-page-background-enabled":"default","ast-page-background-meta":{"desktop":{"background-color":"var(--ast-global-color-5)","background-image":"","background-repeat":"repeat","background-position":"center center","background-size":"auto","background-attachment":"scroll","background-type":"","background-media":"","overlay-type":"","overlay-color":"","overlay-opacity":"","overlay-gradient":""},"tablet":{"background-color":"","background-image":"","background-repeat":"repeat","background-position":"center center","background-size":"auto","background-attachment":"scroll","background-type":"","background-media":"","overlay-type":"","overlay-color":"","overlay-opacity":"","overlay-gradient":""},"mobile":{"background-color":"","background-image":"","background-repeat":"repeat","background-position":"center center","background-size":"auto","background-attachment":"scroll","background-type":"","background-media":"","overlay-type":"","overlay-color":"","overlay-opacity":"","overlay-gradient":""}},"ast-content-background-meta":{"desktop":{"background-color":"var(--ast-global-color-4)","background-image":"","background-repeat":"repeat","background-position":"center center","background-size":"auto","background-attachment":"scroll","background-type":"","background-media":"","overlay-type":"","overlay-color":"","overlay-opacity":"","overlay-gradient":""},"tablet":{"background-color":"var(--ast-global-color-4)","background-image":"","background-repeat":"repeat","background-position":"center center","background-size":"auto","background-attachment":"scroll","background-type":"","background-media":"","overlay-type":"","overlay-color":"","overlay-opacity":"","overlay-gradient":""},"mobile":{"background-color":"var(--ast-global-color-4)","background-image":"","background-repeat":"repeat","background-position":"center center","background-size":"auto","background-attachment":"scroll","background-type":"","background-media":"","overlay-type":"","overlay-color":"","overlay-opacity":"","overlay-gradient":""}},"footnotes":""},"categories":[12,1,10],"tags":[],"class_list":["post-62047","post","type-post","status-publish","format-standard","has-post-thumbnail","hentry","category-agenda-ambiental","category-noticias","category-rotador"],"yoast_head":"<!-- This site is optimized with the Yoast SEO Premium plugin v23.0 (Yoast SEO v27.5) - https:\/\/yoast.com\/product\/yoast-seo-premium-wordpress\/ -->\n<title>R\u00edo Gallegos: Para generar conciencia Lanzan el concurso fotogr\u00e1fico \u201cLa producci\u00f3n y el ambiente\u201d<\/title>\n<meta name=\"robots\" content=\"index, follow, max-snippet:-1, max-image-preview:large, max-video-preview:-1\" \/>\n<link rel=\"canonical\" href=\"https:\/\/patagoniambiental.com.ar\/info\/rio-gallegos-para-generar-conciencia-lanzan-el-concurso-fotografico-la-produccion-y-el-ambiente\/\" \/>\n<meta property=\"og:locale\" content=\"es_ES\" \/>\n<meta property=\"og:type\" content=\"article\" \/>\n<meta property=\"og:title\" content=\"R\u00edo Gallegos: Para generar conciencia Lanzan el concurso fotogr\u00e1fico \u201cLa producci\u00f3n y el ambiente\u201d\" \/>\n<meta property=\"og:description\" content=\"R\u00edo Gallegos.-Se trata de la tercera edici\u00f3n del evento dedicado a la imagen. El mismo est\u00e1 siendo organizado por el [&hellip;]\" \/>\n<meta property=\"og:url\" content=\"https:\/\/patagoniambiental.com.ar\/info\/rio-gallegos-para-generar-conciencia-lanzan-el-concurso-fotografico-la-produccion-y-el-ambiente\/\" \/>\n<meta property=\"og:site_name\" content=\"Patagonia Ambiental\" \/>\n<meta property=\"article:publisher\" content=\"https:\/\/www.facebook.com\/patagonia.ambiental\" \/>\n<meta property=\"article:author\" content=\"https:\/\/www.facebook.com\/share\/1C1V8Gv9BX\/?mibextid=qi2Omg\" \/>\n<meta property=\"article:published_time\" content=\"2019-06-27T10:00:34+00:00\" \/>\n<meta property=\"og:image\" content=\"https:\/\/patagoniambiental.com.ar\/info\/wp-content\/uploads\/2019\/06\/Sin-t\u00edtulo-9.jpg\" \/>\n\t<meta property=\"og:image:width\" content=\"780\" \/>\n\t<meta property=\"og:image:height\" content=\"517\" \/>\n\t<meta property=\"og:image:type\" content=\"image\/jpeg\" \/>\n<meta name=\"author\" content=\"Patagonia Ambiental\" \/>\n<meta name=\"twitter:card\" content=\"summary_large_image\" \/>\n<meta name=\"twitter:creator\" content=\"@PatAmb\" \/>\n<meta name=\"twitter:site\" content=\"@PatAmb\" \/>\n<script type=\"application\/ld+json\" class=\"yoast-schema-graph\">{\"@context\":\"https:\\\/\\\/schema.org\",\"@graph\":[{\"@type\":\"Article\",\"@id\":\"https:\\\/\\\/patagoniambiental.com.ar\\\/info\\\/rio-gallegos-para-generar-conciencia-lanzan-el-concurso-fotografico-la-produccion-y-el-ambiente\\\/#article\",\"isPartOf\":{\"@id\":\"https:\\\/\\\/patagoniambiental.com.ar\\\/info\\\/rio-gallegos-para-generar-conciencia-lanzan-el-concurso-fotografico-la-produccion-y-el-ambiente\\\/\"},\"author\":{\"name\":\"Patagonia Ambiental\",\"@id\":\"https:\\\/\\\/patagoniambiental.com.ar\\\/info\\\/#\\\/schema\\\/person\\\/db12bff64bbcbf6a253710bf0ea37b5d\"},\"headline\":\"R\u00edo Gallegos: Para generar conciencia Lanzan el concurso fotogr\u00e1fico \u201cLa producci\u00f3n y el ambiente\u201d\",\"datePublished\":\"2019-06-27T10:00:34+00:00\",\"mainEntityOfPage\":{\"@id\":\"https:\\\/\\\/patagoniambiental.com.ar\\\/info\\\/rio-gallegos-para-generar-conciencia-lanzan-el-concurso-fotografico-la-produccion-y-el-ambiente\\\/\"},\"wordCount\":444,\"commentCount\":0,\"publisher\":{\"@id\":\"https:\\\/\\\/patagoniambiental.com.ar\\\/info\\\/#organization\"},\"image\":{\"@id\":\"https:\\\/\\\/patagoniambiental.com.ar\\\/info\\\/rio-gallegos-para-generar-conciencia-lanzan-el-concurso-fotografico-la-produccion-y-el-ambiente\\\/#primaryimage\"},\"thumbnailUrl\":\"https:\\\/\\\/patagoniambiental.com.ar\\\/info\\\/wp-content\\\/uploads\\\/2019\\\/06\\\/Sin-t\u00edtulo-9.jpg\",\"articleSection\":[\"Agenda Ambiental\",\"Noticias\",\"Rotador\"],\"inLanguage\":\"es\",\"potentialAction\":[{\"@type\":\"CommentAction\",\"name\":\"Comment\",\"target\":[\"https:\\\/\\\/patagoniambiental.com.ar\\\/info\\\/rio-gallegos-para-generar-conciencia-lanzan-el-concurso-fotografico-la-produccion-y-el-ambiente\\\/#respond\"]}]},{\"@type\":\"WebPage\",\"@id\":\"https:\\\/\\\/patagoniambiental.com.ar\\\/info\\\/rio-gallegos-para-generar-conciencia-lanzan-el-concurso-fotografico-la-produccion-y-el-ambiente\\\/\",\"url\":\"https:\\\/\\\/patagoniambiental.com.ar\\\/info\\\/rio-gallegos-para-generar-conciencia-lanzan-el-concurso-fotografico-la-produccion-y-el-ambiente\\\/\",\"name\":\"R\u00edo Gallegos: Para generar conciencia Lanzan el concurso fotogr\u00e1fico \u201cLa producci\u00f3n y el ambiente\u201d\",\"isPartOf\":{\"@id\":\"https:\\\/\\\/patagoniambiental.com.ar\\\/info\\\/#website\"},\"primaryImageOfPage\":{\"@id\":\"https:\\\/\\\/patagoniambiental.com.ar\\\/info\\\/rio-gallegos-para-generar-conciencia-lanzan-el-concurso-fotografico-la-produccion-y-el-ambiente\\\/#primaryimage\"},\"image\":{\"@id\":\"https:\\\/\\\/patagoniambiental.com.ar\\\/info\\\/rio-gallegos-para-generar-conciencia-lanzan-el-concurso-fotografico-la-produccion-y-el-ambiente\\\/#primaryimage\"},\"thumbnailUrl\":\"https:\\\/\\\/patagoniambiental.com.ar\\\/info\\\/wp-content\\\/uploads\\\/2019\\\/06\\\/Sin-t\u00edtulo-9.jpg\",\"datePublished\":\"2019-06-27T10:00:34+00:00\",\"breadcrumb\":{\"@id\":\"https:\\\/\\\/patagoniambiental.com.ar\\\/info\\\/rio-gallegos-para-generar-conciencia-lanzan-el-concurso-fotografico-la-produccion-y-el-ambiente\\\/#breadcrumb\"},\"inLanguage\":\"es\",\"potentialAction\":[{\"@type\":\"ReadAction\",\"target\":[\"https:\\\/\\\/patagoniambiental.com.ar\\\/info\\\/rio-gallegos-para-generar-conciencia-lanzan-el-concurso-fotografico-la-produccion-y-el-ambiente\\\/\"]}]},{\"@type\":\"ImageObject\",\"inLanguage\":\"es\",\"@id\":\"https:\\\/\\\/patagoniambiental.com.ar\\\/info\\\/rio-gallegos-para-generar-conciencia-lanzan-el-concurso-fotografico-la-produccion-y-el-ambiente\\\/#primaryimage\",\"url\":\"https:\\\/\\\/patagoniambiental.com.ar\\\/info\\\/wp-content\\\/uploads\\\/2019\\\/06\\\/Sin-t\u00edtulo-9.jpg\",\"contentUrl\":\"https:\\\/\\\/patagoniambiental.com.ar\\\/info\\\/wp-content\\\/uploads\\\/2019\\\/06\\\/Sin-t\u00edtulo-9.jpg\",\"width\":780,\"height\":517},{\"@type\":\"BreadcrumbList\",\"@id\":\"https:\\\/\\\/patagoniambiental.com.ar\\\/info\\\/rio-gallegos-para-generar-conciencia-lanzan-el-concurso-fotografico-la-produccion-y-el-ambiente\\\/#breadcrumb\",\"itemListElement\":[{\"@type\":\"ListItem\",\"position\":1,\"name\":\"Inicio\",\"item\":\"https:\\\/\\\/patagoniambiental.com.ar\\\/info\\\/\"},{\"@type\":\"ListItem\",\"position\":2,\"name\":\"R\u00edo Gallegos: Para generar conciencia Lanzan el concurso fotogr\u00e1fico \u201cLa producci\u00f3n y el ambiente\u201d\"}]},{\"@type\":\"WebSite\",\"@id\":\"https:\\\/\\\/patagoniambiental.com.ar\\\/info\\\/#website\",\"url\":\"https:\\\/\\\/patagoniambiental.com.ar\\\/info\\\/\",\"name\":\"Patagonia Ambiental\",\"description\":\"Monitoreo y an\u00e1lisis de la situaci\u00f3n geopol\u00edtica en el mundo y su implicancia en la Patagonia\",\"publisher\":{\"@id\":\"https:\\\/\\\/patagoniambiental.com.ar\\\/info\\\/#organization\"},\"potentialAction\":[{\"@type\":\"SearchAction\",\"target\":{\"@type\":\"EntryPoint\",\"urlTemplate\":\"https:\\\/\\\/patagoniambiental.com.ar\\\/info\\\/?s={search_term_string}\"},\"query-input\":{\"@type\":\"PropertyValueSpecification\",\"valueRequired\":true,\"valueName\":\"search_term_string\"}}],\"inLanguage\":\"es\"},{\"@type\":\"Organization\",\"@id\":\"https:\\\/\\\/patagoniambiental.com.ar\\\/info\\\/#organization\",\"name\":\"Patagonia Ambiental\",\"url\":\"https:\\\/\\\/patagoniambiental.com.ar\\\/info\\\/\",\"logo\":{\"@type\":\"ImageObject\",\"inLanguage\":\"es\",\"@id\":\"https:\\\/\\\/patagoniambiental.com.ar\\\/info\\\/#\\\/schema\\\/logo\\\/image\\\/\",\"url\":\"https:\\\/\\\/patagoniambiental.com.ar\\\/info\\\/wp-content\\\/uploads\\\/2025\\\/05\\\/LOGO-PATAGONIA-AMBIENTAL.png\",\"contentUrl\":\"https:\\\/\\\/patagoniambiental.com.ar\\\/info\\\/wp-content\\\/uploads\\\/2025\\\/05\\\/LOGO-PATAGONIA-AMBIENTAL.png\",\"width\":433,\"height\":250,\"caption\":\"Patagonia Ambiental\"},\"image\":{\"@id\":\"https:\\\/\\\/patagoniambiental.com.ar\\\/info\\\/#\\\/schema\\\/logo\\\/image\\\/\"},\"sameAs\":[\"https:\\\/\\\/www.facebook.com\\\/patagonia.ambiental\",\"https:\\\/\\\/x.com\\\/PatAmb\"]},{\"@type\":\"Person\",\"@id\":\"https:\\\/\\\/patagoniambiental.com.ar\\\/info\\\/#\\\/schema\\\/person\\\/db12bff64bbcbf6a253710bf0ea37b5d\",\"name\":\"Patagonia Ambiental\",\"description\":\"Andr\u00e9s Nievas T\u00e9cnico en manejo ambiental, consultor Ambiental y escritor para medios locales e internacionales sobre temas de geopolitica y medio ambiente.\",\"sameAs\":[\"http:\\\/\\\/www.patagoniambiental.com.ar\",\"https:\\\/\\\/www.facebook.com\\\/share\\\/1C1V8Gv9BX\\\/?mibextid=qi2Omg\",\"@patagoniambiental\",\"https:\\\/\\\/youtube.com\\\/@patagoniaambiental2023?si=BLt58t0wuXquxlYZ\"]}]}<\/script>\n<!-- \/ Yoast SEO Premium plugin. -->","yoast_head_json":{"title":"R\u00edo Gallegos: Para generar conciencia Lanzan el concurso fotogr\u00e1fico \u201cLa producci\u00f3n y el ambiente\u201d","robots":{"index":"index","follow":"follow","max-snippet":"max-snippet:-1","max-image-preview":"max-image-preview:large","max-video-preview":"max-video-preview:-1"},"canonical":"https:\/\/patagoniambiental.com.ar\/info\/rio-gallegos-para-generar-conciencia-lanzan-el-concurso-fotografico-la-produccion-y-el-ambiente\/","og_locale":"es_ES","og_type":"article","og_title":"R\u00edo Gallegos: Para generar conciencia Lanzan el concurso fotogr\u00e1fico \u201cLa producci\u00f3n y el ambiente\u201d","og_description":"R\u00edo Gallegos.-Se trata de la tercera edici\u00f3n del evento dedicado a la imagen. El mismo est\u00e1 siendo organizado por el [&hellip;]","og_url":"https:\/\/patagoniambiental.com.ar\/info\/rio-gallegos-para-generar-conciencia-lanzan-el-concurso-fotografico-la-produccion-y-el-ambiente\/","og_site_name":"Patagonia Ambiental","article_publisher":"https:\/\/www.facebook.com\/patagonia.ambiental","article_author":"https:\/\/www.facebook.com\/share\/1C1V8Gv9BX\/?mibextid=qi2Omg","article_published_time":"2019-06-27T10:00:34+00:00","og_image":[{"width":780,"height":517,"url":"https:\/\/patagoniambiental.com.ar\/info\/wp-content\/uploads\/2019\/06\/Sin-t\u00edtulo-9.jpg","type":"image\/jpeg"}],"author":"Patagonia Ambiental","twitter_card":"summary_large_image","twitter_creator":"@PatAmb","twitter_site":"@PatAmb","schema":{"@context":"https:\/\/schema.org","@graph":[{"@type":"Article","@id":"https:\/\/patagoniambiental.com.ar\/info\/rio-gallegos-para-generar-conciencia-lanzan-el-concurso-fotografico-la-produccion-y-el-ambiente\/#article","isPartOf":{"@id":"https:\/\/patagoniambiental.com.ar\/info\/rio-gallegos-para-generar-conciencia-lanzan-el-concurso-fotografico-la-produccion-y-el-ambiente\/"},"author":{"name":"Patagonia Ambiental","@id":"https:\/\/patagoniambiental.com.ar\/info\/#\/schema\/person\/db12bff64bbcbf6a253710bf0ea37b5d"},"headline":"R\u00edo Gallegos: Para generar conciencia Lanzan el concurso fotogr\u00e1fico \u201cLa producci\u00f3n y el ambiente\u201d","datePublished":"2019-06-27T10:00:34+00:00","mainEntityOfPage":{"@id":"https:\/\/patagoniambiental.com.ar\/info\/rio-gallegos-para-generar-conciencia-lanzan-el-concurso-fotografico-la-produccion-y-el-ambiente\/"},"wordCount":444,"commentCount":0,"publisher":{"@id":"https:\/\/patagoniambiental.com.ar\/info\/#organization"},"image":{"@id":"https:\/\/patagoniambiental.com.ar\/info\/rio-gallegos-para-generar-conciencia-lanzan-el-concurso-fotografico-la-produccion-y-el-ambiente\/#primaryimage"},"thumbnailUrl":"https:\/\/patagoniambiental.com.ar\/info\/wp-content\/uploads\/2019\/06\/Sin-t\u00edtulo-9.jpg","articleSection":["Agenda Ambiental","Noticias","Rotador"],"inLanguage":"es","potentialAction":[{"@type":"CommentAction","name":"Comment","target":["https:\/\/patagoniambiental.com.ar\/info\/rio-gallegos-para-generar-conciencia-lanzan-el-concurso-fotografico-la-produccion-y-el-ambiente\/#respond"]}]},{"@type":"WebPage","@id":"https:\/\/patagoniambiental.com.ar\/info\/rio-gallegos-para-generar-conciencia-lanzan-el-concurso-fotografico-la-produccion-y-el-ambiente\/","url":"https:\/\/patagoniambiental.com.ar\/info\/rio-gallegos-para-generar-conciencia-lanzan-el-concurso-fotografico-la-produccion-y-el-ambiente\/","name":"R\u00edo Gallegos: Para generar conciencia Lanzan el concurso fotogr\u00e1fico \u201cLa producci\u00f3n y el ambiente\u201d","isPartOf":{"@id":"https:\/\/patagoniambiental.com.ar\/info\/#website"},"primaryImageOfPage":{"@id":"https:\/\/patagoniambiental.com.ar\/info\/rio-gallegos-para-generar-conciencia-lanzan-el-concurso-fotografico-la-produccion-y-el-ambiente\/#primaryimage"},"image":{"@id":"https:\/\/patagoniambiental.com.ar\/info\/rio-gallegos-para-generar-conciencia-lanzan-el-concurso-fotografico-la-produccion-y-el-ambiente\/#primaryimage"},"thumbnailUrl":"https:\/\/patagoniambiental.com.ar\/info\/wp-content\/uploads\/2019\/06\/Sin-t\u00edtulo-9.jpg","datePublished":"2019-06-27T10:00:34+00:00","breadcrumb":{"@id":"https:\/\/patagoniambiental.com.ar\/info\/rio-gallegos-para-generar-conciencia-lanzan-el-concurso-fotografico-la-produccion-y-el-ambiente\/#breadcrumb"},"inLanguage":"es","potentialAction":[{"@type":"ReadAction","target":["https:\/\/patagoniambiental.com.ar\/info\/rio-gallegos-para-generar-conciencia-lanzan-el-concurso-fotografico-la-produccion-y-el-ambiente\/"]}]},{"@type":"ImageObject","inLanguage":"es","@id":"https:\/\/patagoniambiental.com.ar\/info\/rio-gallegos-para-generar-conciencia-lanzan-el-concurso-fotografico-la-produccion-y-el-ambiente\/#primaryimage","url":"https:\/\/patagoniambiental.com.ar\/info\/wp-content\/uploads\/2019\/06\/Sin-t\u00edtulo-9.jpg","contentUrl":"https:\/\/patagoniambiental.com.ar\/info\/wp-content\/uploads\/2019\/06\/Sin-t\u00edtulo-9.jpg","width":780,"height":517},{"@type":"BreadcrumbList","@id":"https:\/\/patagoniambiental.com.ar\/info\/rio-gallegos-para-generar-conciencia-lanzan-el-concurso-fotografico-la-produccion-y-el-ambiente\/#breadcrumb","itemListElement":[{"@type":"ListItem","position":1,"name":"Inicio","item":"https:\/\/patagoniambiental.com.ar\/info\/"},{"@type":"ListItem","position":2,"name":"R\u00edo Gallegos: Para generar conciencia Lanzan el concurso fotogr\u00e1fico \u201cLa producci\u00f3n y el ambiente\u201d"}]},{"@type":"WebSite","@id":"https:\/\/patagoniambiental.com.ar\/info\/#website","url":"https:\/\/patagoniambiental.com.ar\/info\/","name":"Patagonia Ambiental","description":"Monitoreo y an\u00e1lisis de la situaci\u00f3n geopol\u00edtica en el mundo y su implicancia en la Patagonia","publisher":{"@id":"https:\/\/patagoniambiental.com.ar\/info\/#organization"},"potentialAction":[{"@type":"SearchAction","target":{"@type":"EntryPoint","urlTemplate":"https:\/\/patagoniambiental.com.ar\/info\/?s={search_term_string}"},"query-input":{"@type":"PropertyValueSpecification","valueRequired":true,"valueName":"search_term_string"}}],"inLanguage":"es"},{"@type":"Organization","@id":"https:\/\/patagoniambiental.com.ar\/info\/#organization","name":"Patagonia Ambiental","url":"https:\/\/patagoniambiental.com.ar\/info\/","logo":{"@type":"ImageObject","inLanguage":"es","@id":"https:\/\/patagoniambiental.com.ar\/info\/#\/schema\/logo\/image\/","url":"https:\/\/patagoniambiental.com.ar\/info\/wp-content\/uploads\/2025\/05\/LOGO-PATAGONIA-AMBIENTAL.png","contentUrl":"https:\/\/patagoniambiental.com.ar\/info\/wp-content\/uploads\/2025\/05\/LOGO-PATAGONIA-AMBIENTAL.png","width":433,"height":250,"caption":"Patagonia Ambiental"},"image":{"@id":"https:\/\/patagoniambiental.com.ar\/info\/#\/schema\/logo\/image\/"},"sameAs":["https:\/\/www.facebook.com\/patagonia.ambiental","https:\/\/x.com\/PatAmb"]},{"@type":"Person","@id":"https:\/\/patagoniambiental.com.ar\/info\/#\/schema\/person\/db12bff64bbcbf6a253710bf0ea37b5d","name":"Patagonia Ambiental","description":"Andr\u00e9s Nievas T\u00e9cnico en manejo ambiental, consultor Ambiental y escritor para medios locales e internacionales sobre temas de geopolitica y medio ambiente.","sameAs":["http:\/\/www.patagoniambiental.com.ar","https:\/\/www.facebook.com\/share\/1C1V8Gv9BX\/?mibextid=qi2Omg","@patagoniambiental","https:\/\/youtube.com\/@patagoniaambiental2023?si=BLt58t0wuXquxlYZ"]}]}},"_links":{"self":[{"href":"https:\/\/patagoniambiental.com.ar\/info\/wp-json\/wp\/v2\/posts\/62047","targetHints":{"allow":["GET"]}}],"collection":[{"href":"https:\/\/patagoniambiental.com.ar\/info\/wp-json\/wp\/v2\/posts"}],"about":[{"href":"https:\/\/patagoniambiental.com.ar\/info\/wp-json\/wp\/v2\/types\/post"}],"author":[{"embeddable":true,"href":"https:\/\/patagoniambiental.com.ar\/info\/wp-json\/wp\/v2\/users\/2"}],"replies":[{"embeddable":true,"href":"https:\/\/patagoniambiental.com.ar\/info\/wp-json\/wp\/v2\/comments?post=62047"}],"version-history":[{"count":0,"href":"https:\/\/patagoniambiental.com.ar\/info\/wp-json\/wp\/v2\/posts\/62047\/revisions"}],"wp:featuredmedia":[{"embeddable":true,"href":"https:\/\/patagoniambiental.com.ar\/info\/wp-json\/wp\/v2\/media\/62048"}],"wp:attachment":[{"href":"https:\/\/patagoniambiental.com.ar\/info\/wp-json\/wp\/v2\/media?parent=62047"}],"wp:term":[{"taxonomy":"category","embeddable":true,"href":"https:\/\/patagoniambiental.com.ar\/info\/wp-json\/wp\/v2\/categories?post=62047"},{"taxonomy":"post_tag","embeddable":true,"href":"https:\/\/patagoniambiental.com.ar\/info\/wp-json\/wp\/v2\/tags?post=62047"}],"curies":[{"name":"wp","href":"https:\/\/api.w.org\/{rel}","templated":true}]}}