{"id":62075,"date":"2019-06-27T07:00:08","date_gmt":"2019-06-27T10:00:08","guid":{"rendered":"http:\/\/patagoniambiental.com.ar\/info\/?p=62075"},"modified":"2019-06-26T12:10:56","modified_gmt":"2019-06-26T15:10:56","slug":"emprendedora-de-neuquen-fabrica-productos-reciclando-insumos-utilizados-en-vaca-muerta","status":"publish","type":"post","link":"https:\/\/patagoniambiental.com.ar\/info\/emprendedora-de-neuquen-fabrica-productos-reciclando-insumos-utilizados-en-vaca-muerta\/","title":{"rendered":"Emprendedora de Neuquen fabrica productos reciclando insumos utilizados en Vaca Muerta"},"content":{"rendered":"<div class=\"hr-breadcrumbs divider-heder\">\n<p>Neuquen.-El intendente Horacio Quiroga recibi\u00f3 este 25 de junio al mediod\u00eda a Ornella Basilotta, joven emprendedora dedicada al dise\u00f1o de productos realizados a partir de reciclar los bolsones de arena que se utiliza en el proceso de extracci\u00f3n en los yacimientos no convencionales.<\/p>\n<\/div>\n<p><!--more--><\/p>\n<div class=\"navigation-inner\"><\/div>\n<div id=\"attachment_60892\" class=\"wp-caption aligncenter\">\n<figure id=\"attachment_60892\" aria-describedby=\"caption-attachment-60892\" style=\"width: 502px\" class=\"wp-caption alignleft\"><a href=\"http:\/\/www.ciudaddeneuquen.gob.ar\/prensa\/wp-content\/uploads\/sites\/4\/2019\/06\/Pechi-emprendedora-FOTO-1-at-15.15.08.jpeg\"><img fetchpriority=\"high\" decoding=\"async\" class=\"wp-image-60892\" src=\"http:\/\/www.ciudaddeneuquen.gob.ar\/prensa\/wp-content\/uploads\/sites\/4\/2019\/06\/Pechi-emprendedora-FOTO-1-at-15.15.08-1024x746.jpeg\" sizes=\"(max-width: 502px) 100vw, 502px\" srcset=\"http:\/\/www.ciudaddeneuquen.gob.ar\/prensa\/wp-content\/uploads\/sites\/4\/2019\/06\/Pechi-emprendedora-FOTO-1-at-15.15.08-1024x746.jpeg 1024w, http:\/\/www.ciudaddeneuquen.gob.ar\/prensa\/wp-content\/uploads\/sites\/4\/2019\/06\/Pechi-emprendedora-FOTO-1-at-15.15.08-300x219.jpeg 300w, http:\/\/www.ciudaddeneuquen.gob.ar\/prensa\/wp-content\/uploads\/sites\/4\/2019\/06\/Pechi-emprendedora-FOTO-1-at-15.15.08-768x560.jpeg 768w, http:\/\/www.ciudaddeneuquen.gob.ar\/prensa\/wp-content\/uploads\/sites\/4\/2019\/06\/Pechi-emprendedora-FOTO-1-at-15.15.08-208x152.jpeg 208w, http:\/\/www.ciudaddeneuquen.gob.ar\/prensa\/wp-content\/uploads\/sites\/4\/2019\/06\/Pechi-emprendedora-FOTO-1-at-15.15.08.jpeg 1280w\" alt=\"\" width=\"502\" height=\"365\" \/><\/a><figcaption id=\"caption-attachment-60892\" class=\"wp-caption-text\">Quiroga destac\u00f3 el c\u00edrculo virtuoso por el cual elementos que habitualmente se desechan se transforman en productos creativos e innovadores. (Foto: Silvina Cardell)<\/figcaption><\/figure>\n<p class=\"wp-caption-text\">\u201cEs una buena noticia medioambiental que se recicle y transforme en un producto comercial a elementos que se descartan en los yacimientos de Vaca Muerta\u201d, destac\u00f3 el jefe comunal.<\/p>\n<\/div>\n<p align=\"JUSTIFY\">\u201cEn este siglo XXI todo es vertiginoso, pasan cosas nuevas, cosas distintas\u201d, dijo el intendente y puso de ejemplo a este emprendimiento \u00abFRACKING BACKPACK\u201d, marca que Basilotta anticip\u00f3 ser\u00e1 presentada formalmente el 17 y el 18 de julio en Neuqu\u00e9n.<\/p>\n<div id=\"attachment_60897\" class=\"wp-caption aligncenter\"><a href=\"http:\/\/www.ciudaddeneuquen.gob.ar\/prensa\/wp-content\/uploads\/sites\/4\/2019\/06\/Pech-iemprendedora-foto-2-at-15.14.50-1.jpeg\"><img decoding=\"async\" class=\"wp-image-60897\" src=\"http:\/\/www.ciudaddeneuquen.gob.ar\/prensa\/wp-content\/uploads\/sites\/4\/2019\/06\/Pech-iemprendedora-foto-2-at-15.14.50-1-1024x559.jpeg\" sizes=\"(max-width: 500px) 100vw, 500px\" srcset=\"http:\/\/www.ciudaddeneuquen.gob.ar\/prensa\/wp-content\/uploads\/sites\/4\/2019\/06\/Pech-iemprendedora-foto-2-at-15.14.50-1.jpeg 1024w, http:\/\/www.ciudaddeneuquen.gob.ar\/prensa\/wp-content\/uploads\/sites\/4\/2019\/06\/Pech-iemprendedora-foto-2-at-15.14.50-1-300x164.jpeg 300w, http:\/\/www.ciudaddeneuquen.gob.ar\/prensa\/wp-content\/uploads\/sites\/4\/2019\/06\/Pech-iemprendedora-foto-2-at-15.14.50-1-768x419.jpeg 768w, http:\/\/www.ciudaddeneuquen.gob.ar\/prensa\/wp-content\/uploads\/sites\/4\/2019\/06\/Pech-iemprendedora-foto-2-at-15.14.50-1-208x114.jpeg 208w\" alt=\"\" width=\"500\" height=\"273\" \/><\/a><\/p>\n<p class=\"wp-caption-text\">\u201cEn este siglo XXI todo es vertiginoso, pasan cosas nuevas, cosas distintas\u201d, celebr\u00f3 el jefe comunal. (Foto: Silvina Cardell)<\/p>\n<\/div>\n<p align=\"JUSTIFY\">Quiroga habl\u00f3 de la econom\u00eda circular que gira en torno a dos ejes, la sustentabilidad de los productos y la posibilidad de minimizar los residuos. \u201cEs un c\u00edrculo virtuoso donde elementos que participan en la producci\u00f3n de hidrocarburos que pueden ser contaminantes para el medio ambiente y se desechan, se transforman en productos que vuelven a la cadena comercial, se consumen y se reutilizan\u201d, plante\u00f3.<\/p>\n<p align=\"JUSTIFY\">Ornella se defini\u00f3 como dise\u00f1adora de indumentaria \u201cy estoy trabajando en un proyecto donde estamos reciclando bolsones de arena que provienen de Vaca Muerta. Los estamos reinventando y reinsertando en una econom\u00eda circular como productos premium, dando de forma creativa otra oportunidad al material\u201d.<\/p>\n<p align=\"JUSTIFY\">Explic\u00f3 que hasta ahora \u201ceste residuo en su mayor\u00eda se quema, no se recicla, y al ser reutilizado se reduce la huella de carbono\u201d. Tambi\u00e9n, entre otras cuestiones, destac\u00f3 que el emprendimiento genera mano de obra con diferentes cooperativas para fabricar productos como mochilas, bolsos, zapatillas y billeteras, entre otros.<\/p>\n<p><strong><a href=\"http:\/\/www.ciudaddeneuquen.gob.ar\/prensa\/wp-content\/uploads\/sites\/4\/2019\/06\/Quiroga-EDITADO-Con-Dise%C3%B1adora-Indumentaria.mp3\">Escuchar audio.<\/a>\u00a0<\/strong>Horacio Quiroga, Intendente.<\/p>\n<p><strong><a href=\"http:\/\/www.ciudaddeneuquen.gob.ar\/prensa\/wp-content\/uploads\/sites\/4\/2019\/06\/Ornella-Basilotta-EDITADO-Dise%C3%B1adora-Indumentaria.mp3\">Escuchar audio.<\/a>\u00a0<\/strong>Ornella Basilotta, dise\u00f1adora de Indumentaria.<\/p>\n<p><a href=\"https:\/\/youtu.be\/IUdzKq8_6gs\"><strong>Ver video<\/strong><\/a><\/p>\n<p>&nbsp;<\/p>\n<p>Fuente: Municipalidad de Neuquen<\/p>\n","protected":false},"excerpt":{"rendered":"<p>Neuquen.-El intendente Horacio Quiroga recibi\u00f3 este 25 de junio al mediod\u00eda a Ornella Basilotta, joven emprendedora dedicada al dise\u00f1o de [&hellip;]<\/p>\n","protected":false},"author":2,"featured_media":62076,"comment_status":"open","ping_status":"open","sticky":false,"template":"","format":"standard","meta":{"site-sidebar-layout":"default","site-content-layout":"","ast-site-content-layout":"default","site-content-style":"default","site-sidebar-style":"default","ast-global-header-display":"","ast-banner-title-visibility":"","ast-main-header-display":"","ast-hfb-above-header-display":"","ast-hfb-below-header-display":"","ast-hfb-mobile-header-display":"","site-post-title":"","ast-breadcrumbs-content":"","ast-featured-img":"","footer-sml-layout":"","ast-disable-related-posts":"","theme-transparent-header-meta":"","adv-header-id-meta":"","stick-header-meta":"","header-above-stick-meta":"","header-main-stick-meta":"","header-below-stick-meta":"","astra-migrate-meta-layouts":"default","ast-page-background-enabled":"default","ast-page-background-meta":{"desktop":{"background-color":"var(--ast-global-color-5)","background-image":"","background-repeat":"repeat","background-position":"center center","background-size":"auto","background-attachment":"scroll","background-type":"","background-media":"","overlay-type":"","overlay-color":"","overlay-opacity":"","overlay-gradient":""},"tablet":{"background-color":"","background-image":"","background-repeat":"repeat","background-position":"center center","background-size":"auto","background-attachment":"scroll","background-type":"","background-media":"","overlay-type":"","overlay-color":"","overlay-opacity":"","overlay-gradient":""},"mobile":{"background-color":"","background-image":"","background-repeat":"repeat","background-position":"center center","background-size":"auto","background-attachment":"scroll","background-type":"","background-media":"","overlay-type":"","overlay-color":"","overlay-opacity":"","overlay-gradient":""}},"ast-content-background-meta":{"desktop":{"background-color":"var(--ast-global-color-4)","background-image":"","background-repeat":"repeat","background-position":"center center","background-size":"auto","background-attachment":"scroll","background-type":"","background-media":"","overlay-type":"","overlay-color":"","overlay-opacity":"","overlay-gradient":""},"tablet":{"background-color":"var(--ast-global-color-4)","background-image":"","background-repeat":"repeat","background-position":"center center","background-size":"auto","background-attachment":"scroll","background-type":"","background-media":"","overlay-type":"","overlay-color":"","overlay-opacity":"","overlay-gradient":""},"mobile":{"background-color":"var(--ast-global-color-4)","background-image":"","background-repeat":"repeat","background-position":"center center","background-size":"auto","background-attachment":"scroll","background-type":"","background-media":"","overlay-type":"","overlay-color":"","overlay-opacity":"","overlay-gradient":""}},"footnotes":""},"categories":[3357,16,1],"tags":[],"class_list":["post-62075","post","type-post","status-publish","format-standard","has-post-thumbnail","hentry","category-girsu","category-municipales","category-noticias"],"yoast_head":"<!-- This site is optimized with the Yoast SEO Premium plugin v23.0 (Yoast SEO v27.5) - https:\/\/yoast.com\/product\/yoast-seo-premium-wordpress\/ -->\n<title>Emprendedora de Neuquen fabrica productos reciclando insumos utilizados en Vaca Muerta<\/title>\n<meta name=\"robots\" content=\"index, follow, max-snippet:-1, max-image-preview:large, max-video-preview:-1\" \/>\n<link rel=\"canonical\" href=\"https:\/\/patagoniambiental.com.ar\/info\/emprendedora-de-neuquen-fabrica-productos-reciclando-insumos-utilizados-en-vaca-muerta\/\" \/>\n<meta property=\"og:locale\" content=\"es_ES\" \/>\n<meta property=\"og:type\" content=\"article\" \/>\n<meta property=\"og:title\" content=\"Emprendedora de Neuquen fabrica productos reciclando insumos utilizados en Vaca Muerta\" \/>\n<meta property=\"og:description\" content=\"Neuquen.-El intendente Horacio Quiroga recibi\u00f3 este 25 de junio al mediod\u00eda a Ornella Basilotta, joven emprendedora dedicada al dise\u00f1o de [&hellip;]\" \/>\n<meta property=\"og:url\" content=\"https:\/\/patagoniambiental.com.ar\/info\/emprendedora-de-neuquen-fabrica-productos-reciclando-insumos-utilizados-en-vaca-muerta\/\" \/>\n<meta property=\"og:site_name\" content=\"Patagonia Ambiental\" \/>\n<meta property=\"article:publisher\" content=\"https:\/\/www.facebook.com\/patagonia.ambiental\" \/>\n<meta property=\"article:author\" content=\"https:\/\/www.facebook.com\/share\/1C1V8Gv9BX\/?mibextid=qi2Omg\" \/>\n<meta property=\"article:published_time\" content=\"2019-06-27T10:00:08+00:00\" \/>\n<meta property=\"og:image\" content=\"https:\/\/patagoniambiental.com.ar\/info\/wp-content\/uploads\/2019\/06\/Pechi-emprendedora-FOTO-1-at-15.15.08-768x560.jpeg\" \/>\n\t<meta property=\"og:image:width\" content=\"768\" \/>\n\t<meta property=\"og:image:height\" content=\"560\" \/>\n\t<meta property=\"og:image:type\" content=\"image\/jpeg\" \/>\n<meta name=\"author\" content=\"Patagonia Ambiental\" \/>\n<meta name=\"twitter:card\" content=\"summary_large_image\" \/>\n<meta name=\"twitter:creator\" content=\"@PatAmb\" \/>\n<meta name=\"twitter:site\" content=\"@PatAmb\" \/>\n<script type=\"application\/ld+json\" class=\"yoast-schema-graph\">{\"@context\":\"https:\\\/\\\/schema.org\",\"@graph\":[{\"@type\":\"Article\",\"@id\":\"https:\\\/\\\/patagoniambiental.com.ar\\\/info\\\/emprendedora-de-neuquen-fabrica-productos-reciclando-insumos-utilizados-en-vaca-muerta\\\/#article\",\"isPartOf\":{\"@id\":\"https:\\\/\\\/patagoniambiental.com.ar\\\/info\\\/emprendedora-de-neuquen-fabrica-productos-reciclando-insumos-utilizados-en-vaca-muerta\\\/\"},\"author\":{\"name\":\"Patagonia Ambiental\",\"@id\":\"https:\\\/\\\/patagoniambiental.com.ar\\\/info\\\/#\\\/schema\\\/person\\\/db12bff64bbcbf6a253710bf0ea37b5d\"},\"headline\":\"Emprendedora de Neuquen fabrica productos reciclando insumos utilizados en Vaca Muerta\",\"datePublished\":\"2019-06-27T10:00:08+00:00\",\"mainEntityOfPage\":{\"@id\":\"https:\\\/\\\/patagoniambiental.com.ar\\\/info\\\/emprendedora-de-neuquen-fabrica-productos-reciclando-insumos-utilizados-en-vaca-muerta\\\/\"},\"wordCount\":361,\"commentCount\":0,\"publisher\":{\"@id\":\"https:\\\/\\\/patagoniambiental.com.ar\\\/info\\\/#organization\"},\"image\":{\"@id\":\"https:\\\/\\\/patagoniambiental.com.ar\\\/info\\\/emprendedora-de-neuquen-fabrica-productos-reciclando-insumos-utilizados-en-vaca-muerta\\\/#primaryimage\"},\"thumbnailUrl\":\"https:\\\/\\\/patagoniambiental.com.ar\\\/info\\\/wp-content\\\/uploads\\\/2019\\\/06\\\/Pechi-emprendedora-FOTO-1-at-15.15.08-768x560.jpeg\",\"articleSection\":[\"GIRSU\",\"Municipales\",\"Noticias\"],\"inLanguage\":\"es\",\"potentialAction\":[{\"@type\":\"CommentAction\",\"name\":\"Comment\",\"target\":[\"https:\\\/\\\/patagoniambiental.com.ar\\\/info\\\/emprendedora-de-neuquen-fabrica-productos-reciclando-insumos-utilizados-en-vaca-muerta\\\/#respond\"]}]},{\"@type\":\"WebPage\",\"@id\":\"https:\\\/\\\/patagoniambiental.com.ar\\\/info\\\/emprendedora-de-neuquen-fabrica-productos-reciclando-insumos-utilizados-en-vaca-muerta\\\/\",\"url\":\"https:\\\/\\\/patagoniambiental.com.ar\\\/info\\\/emprendedora-de-neuquen-fabrica-productos-reciclando-insumos-utilizados-en-vaca-muerta\\\/\",\"name\":\"Emprendedora de Neuquen fabrica productos reciclando insumos utilizados en Vaca Muerta\",\"isPartOf\":{\"@id\":\"https:\\\/\\\/patagoniambiental.com.ar\\\/info\\\/#website\"},\"primaryImageOfPage\":{\"@id\":\"https:\\\/\\\/patagoniambiental.com.ar\\\/info\\\/emprendedora-de-neuquen-fabrica-productos-reciclando-insumos-utilizados-en-vaca-muerta\\\/#primaryimage\"},\"image\":{\"@id\":\"https:\\\/\\\/patagoniambiental.com.ar\\\/info\\\/emprendedora-de-neuquen-fabrica-productos-reciclando-insumos-utilizados-en-vaca-muerta\\\/#primaryimage\"},\"thumbnailUrl\":\"https:\\\/\\\/patagoniambiental.com.ar\\\/info\\\/wp-content\\\/uploads\\\/2019\\\/06\\\/Pechi-emprendedora-FOTO-1-at-15.15.08-768x560.jpeg\",\"datePublished\":\"2019-06-27T10:00:08+00:00\",\"breadcrumb\":{\"@id\":\"https:\\\/\\\/patagoniambiental.com.ar\\\/info\\\/emprendedora-de-neuquen-fabrica-productos-reciclando-insumos-utilizados-en-vaca-muerta\\\/#breadcrumb\"},\"inLanguage\":\"es\",\"potentialAction\":[{\"@type\":\"ReadAction\",\"target\":[\"https:\\\/\\\/patagoniambiental.com.ar\\\/info\\\/emprendedora-de-neuquen-fabrica-productos-reciclando-insumos-utilizados-en-vaca-muerta\\\/\"]}]},{\"@type\":\"ImageObject\",\"inLanguage\":\"es\",\"@id\":\"https:\\\/\\\/patagoniambiental.com.ar\\\/info\\\/emprendedora-de-neuquen-fabrica-productos-reciclando-insumos-utilizados-en-vaca-muerta\\\/#primaryimage\",\"url\":\"https:\\\/\\\/patagoniambiental.com.ar\\\/info\\\/wp-content\\\/uploads\\\/2019\\\/06\\\/Pechi-emprendedora-FOTO-1-at-15.15.08-768x560.jpeg\",\"contentUrl\":\"https:\\\/\\\/patagoniambiental.com.ar\\\/info\\\/wp-content\\\/uploads\\\/2019\\\/06\\\/Pechi-emprendedora-FOTO-1-at-15.15.08-768x560.jpeg\",\"width\":768,\"height\":560},{\"@type\":\"BreadcrumbList\",\"@id\":\"https:\\\/\\\/patagoniambiental.com.ar\\\/info\\\/emprendedora-de-neuquen-fabrica-productos-reciclando-insumos-utilizados-en-vaca-muerta\\\/#breadcrumb\",\"itemListElement\":[{\"@type\":\"ListItem\",\"position\":1,\"name\":\"Inicio\",\"item\":\"https:\\\/\\\/patagoniambiental.com.ar\\\/info\\\/\"},{\"@type\":\"ListItem\",\"position\":2,\"name\":\"Emprendedora de Neuquen fabrica productos reciclando insumos utilizados en Vaca Muerta\"}]},{\"@type\":\"WebSite\",\"@id\":\"https:\\\/\\\/patagoniambiental.com.ar\\\/info\\\/#website\",\"url\":\"https:\\\/\\\/patagoniambiental.com.ar\\\/info\\\/\",\"name\":\"Patagonia Ambiental\",\"description\":\"Monitoreo y an\u00e1lisis de la situaci\u00f3n geopol\u00edtica en el mundo y su implicancia en la Patagonia\",\"publisher\":{\"@id\":\"https:\\\/\\\/patagoniambiental.com.ar\\\/info\\\/#organization\"},\"potentialAction\":[{\"@type\":\"SearchAction\",\"target\":{\"@type\":\"EntryPoint\",\"urlTemplate\":\"https:\\\/\\\/patagoniambiental.com.ar\\\/info\\\/?s={search_term_string}\"},\"query-input\":{\"@type\":\"PropertyValueSpecification\",\"valueRequired\":true,\"valueName\":\"search_term_string\"}}],\"inLanguage\":\"es\"},{\"@type\":\"Organization\",\"@id\":\"https:\\\/\\\/patagoniambiental.com.ar\\\/info\\\/#organization\",\"name\":\"Patagonia Ambiental\",\"url\":\"https:\\\/\\\/patagoniambiental.com.ar\\\/info\\\/\",\"logo\":{\"@type\":\"ImageObject\",\"inLanguage\":\"es\",\"@id\":\"https:\\\/\\\/patagoniambiental.com.ar\\\/info\\\/#\\\/schema\\\/logo\\\/image\\\/\",\"url\":\"https:\\\/\\\/patagoniambiental.com.ar\\\/info\\\/wp-content\\\/uploads\\\/2025\\\/05\\\/LOGO-PATAGONIA-AMBIENTAL.png\",\"contentUrl\":\"https:\\\/\\\/patagoniambiental.com.ar\\\/info\\\/wp-content\\\/uploads\\\/2025\\\/05\\\/LOGO-PATAGONIA-AMBIENTAL.png\",\"width\":433,\"height\":250,\"caption\":\"Patagonia Ambiental\"},\"image\":{\"@id\":\"https:\\\/\\\/patagoniambiental.com.ar\\\/info\\\/#\\\/schema\\\/logo\\\/image\\\/\"},\"sameAs\":[\"https:\\\/\\\/www.facebook.com\\\/patagonia.ambiental\",\"https:\\\/\\\/x.com\\\/PatAmb\"]},{\"@type\":\"Person\",\"@id\":\"https:\\\/\\\/patagoniambiental.com.ar\\\/info\\\/#\\\/schema\\\/person\\\/db12bff64bbcbf6a253710bf0ea37b5d\",\"name\":\"Patagonia Ambiental\",\"description\":\"Andr\u00e9s Nievas T\u00e9cnico en manejo ambiental, consultor Ambiental y escritor para medios locales e internacionales sobre temas de geopolitica y medio ambiente.\",\"sameAs\":[\"http:\\\/\\\/www.patagoniambiental.com.ar\",\"https:\\\/\\\/www.facebook.com\\\/share\\\/1C1V8Gv9BX\\\/?mibextid=qi2Omg\",\"@patagoniambiental\",\"https:\\\/\\\/youtube.com\\\/@patagoniaambiental2023?si=BLt58t0wuXquxlYZ\"]}]}<\/script>\n<!-- \/ Yoast SEO Premium plugin. -->","yoast_head_json":{"title":"Emprendedora de Neuquen fabrica productos reciclando insumos utilizados en Vaca Muerta","robots":{"index":"index","follow":"follow","max-snippet":"max-snippet:-1","max-image-preview":"max-image-preview:large","max-video-preview":"max-video-preview:-1"},"canonical":"https:\/\/patagoniambiental.com.ar\/info\/emprendedora-de-neuquen-fabrica-productos-reciclando-insumos-utilizados-en-vaca-muerta\/","og_locale":"es_ES","og_type":"article","og_title":"Emprendedora de Neuquen fabrica productos reciclando insumos utilizados en Vaca Muerta","og_description":"Neuquen.-El intendente Horacio Quiroga recibi\u00f3 este 25 de junio al mediod\u00eda a Ornella Basilotta, joven emprendedora dedicada al dise\u00f1o de [&hellip;]","og_url":"https:\/\/patagoniambiental.com.ar\/info\/emprendedora-de-neuquen-fabrica-productos-reciclando-insumos-utilizados-en-vaca-muerta\/","og_site_name":"Patagonia Ambiental","article_publisher":"https:\/\/www.facebook.com\/patagonia.ambiental","article_author":"https:\/\/www.facebook.com\/share\/1C1V8Gv9BX\/?mibextid=qi2Omg","article_published_time":"2019-06-27T10:00:08+00:00","og_image":[{"width":768,"height":560,"url":"https:\/\/patagoniambiental.com.ar\/info\/wp-content\/uploads\/2019\/06\/Pechi-emprendedora-FOTO-1-at-15.15.08-768x560.jpeg","type":"image\/jpeg"}],"author":"Patagonia Ambiental","twitter_card":"summary_large_image","twitter_creator":"@PatAmb","twitter_site":"@PatAmb","schema":{"@context":"https:\/\/schema.org","@graph":[{"@type":"Article","@id":"https:\/\/patagoniambiental.com.ar\/info\/emprendedora-de-neuquen-fabrica-productos-reciclando-insumos-utilizados-en-vaca-muerta\/#article","isPartOf":{"@id":"https:\/\/patagoniambiental.com.ar\/info\/emprendedora-de-neuquen-fabrica-productos-reciclando-insumos-utilizados-en-vaca-muerta\/"},"author":{"name":"Patagonia Ambiental","@id":"https:\/\/patagoniambiental.com.ar\/info\/#\/schema\/person\/db12bff64bbcbf6a253710bf0ea37b5d"},"headline":"Emprendedora de Neuquen fabrica productos reciclando insumos utilizados en Vaca Muerta","datePublished":"2019-06-27T10:00:08+00:00","mainEntityOfPage":{"@id":"https:\/\/patagoniambiental.com.ar\/info\/emprendedora-de-neuquen-fabrica-productos-reciclando-insumos-utilizados-en-vaca-muerta\/"},"wordCount":361,"commentCount":0,"publisher":{"@id":"https:\/\/patagoniambiental.com.ar\/info\/#organization"},"image":{"@id":"https:\/\/patagoniambiental.com.ar\/info\/emprendedora-de-neuquen-fabrica-productos-reciclando-insumos-utilizados-en-vaca-muerta\/#primaryimage"},"thumbnailUrl":"https:\/\/patagoniambiental.com.ar\/info\/wp-content\/uploads\/2019\/06\/Pechi-emprendedora-FOTO-1-at-15.15.08-768x560.jpeg","articleSection":["GIRSU","Municipales","Noticias"],"inLanguage":"es","potentialAction":[{"@type":"CommentAction","name":"Comment","target":["https:\/\/patagoniambiental.com.ar\/info\/emprendedora-de-neuquen-fabrica-productos-reciclando-insumos-utilizados-en-vaca-muerta\/#respond"]}]},{"@type":"WebPage","@id":"https:\/\/patagoniambiental.com.ar\/info\/emprendedora-de-neuquen-fabrica-productos-reciclando-insumos-utilizados-en-vaca-muerta\/","url":"https:\/\/patagoniambiental.com.ar\/info\/emprendedora-de-neuquen-fabrica-productos-reciclando-insumos-utilizados-en-vaca-muerta\/","name":"Emprendedora de Neuquen fabrica productos reciclando insumos utilizados en Vaca Muerta","isPartOf":{"@id":"https:\/\/patagoniambiental.com.ar\/info\/#website"},"primaryImageOfPage":{"@id":"https:\/\/patagoniambiental.com.ar\/info\/emprendedora-de-neuquen-fabrica-productos-reciclando-insumos-utilizados-en-vaca-muerta\/#primaryimage"},"image":{"@id":"https:\/\/patagoniambiental.com.ar\/info\/emprendedora-de-neuquen-fabrica-productos-reciclando-insumos-utilizados-en-vaca-muerta\/#primaryimage"},"thumbnailUrl":"https:\/\/patagoniambiental.com.ar\/info\/wp-content\/uploads\/2019\/06\/Pechi-emprendedora-FOTO-1-at-15.15.08-768x560.jpeg","datePublished":"2019-06-27T10:00:08+00:00","breadcrumb":{"@id":"https:\/\/patagoniambiental.com.ar\/info\/emprendedora-de-neuquen-fabrica-productos-reciclando-insumos-utilizados-en-vaca-muerta\/#breadcrumb"},"inLanguage":"es","potentialAction":[{"@type":"ReadAction","target":["https:\/\/patagoniambiental.com.ar\/info\/emprendedora-de-neuquen-fabrica-productos-reciclando-insumos-utilizados-en-vaca-muerta\/"]}]},{"@type":"ImageObject","inLanguage":"es","@id":"https:\/\/patagoniambiental.com.ar\/info\/emprendedora-de-neuquen-fabrica-productos-reciclando-insumos-utilizados-en-vaca-muerta\/#primaryimage","url":"https:\/\/patagoniambiental.com.ar\/info\/wp-content\/uploads\/2019\/06\/Pechi-emprendedora-FOTO-1-at-15.15.08-768x560.jpeg","contentUrl":"https:\/\/patagoniambiental.com.ar\/info\/wp-content\/uploads\/2019\/06\/Pechi-emprendedora-FOTO-1-at-15.15.08-768x560.jpeg","width":768,"height":560},{"@type":"BreadcrumbList","@id":"https:\/\/patagoniambiental.com.ar\/info\/emprendedora-de-neuquen-fabrica-productos-reciclando-insumos-utilizados-en-vaca-muerta\/#breadcrumb","itemListElement":[{"@type":"ListItem","position":1,"name":"Inicio","item":"https:\/\/patagoniambiental.com.ar\/info\/"},{"@type":"ListItem","position":2,"name":"Emprendedora de Neuquen fabrica productos reciclando insumos utilizados en Vaca Muerta"}]},{"@type":"WebSite","@id":"https:\/\/patagoniambiental.com.ar\/info\/#website","url":"https:\/\/patagoniambiental.com.ar\/info\/","name":"Patagonia Ambiental","description":"Monitoreo y an\u00e1lisis de la situaci\u00f3n geopol\u00edtica en el mundo y su implicancia en la Patagonia","publisher":{"@id":"https:\/\/patagoniambiental.com.ar\/info\/#organization"},"potentialAction":[{"@type":"SearchAction","target":{"@type":"EntryPoint","urlTemplate":"https:\/\/patagoniambiental.com.ar\/info\/?s={search_term_string}"},"query-input":{"@type":"PropertyValueSpecification","valueRequired":true,"valueName":"search_term_string"}}],"inLanguage":"es"},{"@type":"Organization","@id":"https:\/\/patagoniambiental.com.ar\/info\/#organization","name":"Patagonia Ambiental","url":"https:\/\/patagoniambiental.com.ar\/info\/","logo":{"@type":"ImageObject","inLanguage":"es","@id":"https:\/\/patagoniambiental.com.ar\/info\/#\/schema\/logo\/image\/","url":"https:\/\/patagoniambiental.com.ar\/info\/wp-content\/uploads\/2025\/05\/LOGO-PATAGONIA-AMBIENTAL.png","contentUrl":"https:\/\/patagoniambiental.com.ar\/info\/wp-content\/uploads\/2025\/05\/LOGO-PATAGONIA-AMBIENTAL.png","width":433,"height":250,"caption":"Patagonia Ambiental"},"image":{"@id":"https:\/\/patagoniambiental.com.ar\/info\/#\/schema\/logo\/image\/"},"sameAs":["https:\/\/www.facebook.com\/patagonia.ambiental","https:\/\/x.com\/PatAmb"]},{"@type":"Person","@id":"https:\/\/patagoniambiental.com.ar\/info\/#\/schema\/person\/db12bff64bbcbf6a253710bf0ea37b5d","name":"Patagonia Ambiental","description":"Andr\u00e9s Nievas T\u00e9cnico en manejo ambiental, consultor Ambiental y escritor para medios locales e internacionales sobre temas de geopolitica y medio ambiente.","sameAs":["http:\/\/www.patagoniambiental.com.ar","https:\/\/www.facebook.com\/share\/1C1V8Gv9BX\/?mibextid=qi2Omg","@patagoniambiental","https:\/\/youtube.com\/@patagoniaambiental2023?si=BLt58t0wuXquxlYZ"]}]}},"_links":{"self":[{"href":"https:\/\/patagoniambiental.com.ar\/info\/wp-json\/wp\/v2\/posts\/62075","targetHints":{"allow":["GET"]}}],"collection":[{"href":"https:\/\/patagoniambiental.com.ar\/info\/wp-json\/wp\/v2\/posts"}],"about":[{"href":"https:\/\/patagoniambiental.com.ar\/info\/wp-json\/wp\/v2\/types\/post"}],"author":[{"embeddable":true,"href":"https:\/\/patagoniambiental.com.ar\/info\/wp-json\/wp\/v2\/users\/2"}],"replies":[{"embeddable":true,"href":"https:\/\/patagoniambiental.com.ar\/info\/wp-json\/wp\/v2\/comments?post=62075"}],"version-history":[{"count":0,"href":"https:\/\/patagoniambiental.com.ar\/info\/wp-json\/wp\/v2\/posts\/62075\/revisions"}],"wp:featuredmedia":[{"embeddable":true,"href":"https:\/\/patagoniambiental.com.ar\/info\/wp-json\/wp\/v2\/media\/62076"}],"wp:attachment":[{"href":"https:\/\/patagoniambiental.com.ar\/info\/wp-json\/wp\/v2\/media?parent=62075"}],"wp:term":[{"taxonomy":"category","embeddable":true,"href":"https:\/\/patagoniambiental.com.ar\/info\/wp-json\/wp\/v2\/categories?post=62075"},{"taxonomy":"post_tag","embeddable":true,"href":"https:\/\/patagoniambiental.com.ar\/info\/wp-json\/wp\/v2\/tags?post=62075"}],"curies":[{"name":"wp","href":"https:\/\/api.w.org\/{rel}","templated":true}]}}