{"id":62114,"date":"2019-06-27T19:00:47","date_gmt":"2019-06-27T22:00:47","guid":{"rendered":"http:\/\/patagoniambiental.com.ar\/info\/?p=62114"},"modified":"2019-06-27T11:44:59","modified_gmt":"2019-06-27T14:44:59","slug":"en-la-universidad-del-comahue-tambien-izaron-la-bandera-mapuche","status":"publish","type":"post","link":"https:\/\/patagoniambiental.com.ar\/info\/en-la-universidad-del-comahue-tambien-izaron-la-bandera-mapuche\/","title":{"rendered":"En la Universidad del Comahue tambi\u00e9n izaron la bandera mapuche"},"content":{"rendered":"<p class=\"copete_individual_noticia\">Bariloche.-La ceremonia se realiz\u00f3 en el marco del festejo por el We Tripantu.<\/p>\n<p><!--more--><\/p>\n<div class=\"imagen_individual_noticia\"><img decoding=\"async\" class=\"transition_03\" src=\"http:\/\/www.anbariloche.com.ar\/uploads\/imagenes\/repositorio\/2019\/06\/27\/72874\/201906270921008e4e536d0417ab10624fea212601982b_med.jpg\" alt=\"En la Universidad del Comahue tambi\u00e9n izaron la bandera mapuche\" \/><\/div>\n<div class=\"contenedor_likes_redes_sociales\">\n<div class=\"individual_boton_likes_redes_sociales\">\n<div class=\"contenedor_individual_boton_likes_redes_sociales\">\n<div class=\"fb-like fb_iframe_widget\" data-href=\"http:\/\/www.anbariloche.com.ar\/noticias\/2019\/06\/27\/70057-\" data-width=\"100\" data-layout=\"button_count\" data-action=\"like\" data-show-faces=\"false\" data-share=\"false\"><\/div>\n<\/div>\n<\/div>\n<div class=\"individual_boton_likes_redes_sociales\">\n<div class=\"contenedor_individual_boton_likes_redes_sociales\"><\/div>\n<\/div>\n<div class=\"individual_boton_likes_redes_sociales\">\n<div class=\"contenedor_individual_boton_likes_redes_sociales\">\n<div id=\"___plusone_0\"><\/div>\n<div class=\"g-plusone\" data-gapiscan=\"true\" data-onload=\"true\" data-gapistub=\"true\"><\/div>\n<\/div>\n<\/div>\n<div class=\"clear_both\"><\/div>\n<\/div>\n<div class=\"clearfix\"><\/div>\n<div class=\"contenido_individual_noticia\">\n<div class=\"contenedor_primera_letra_individual_noticia\">A modo de homenaje y reconocimiento a la comunidad mapuche de la regi\u00f3n, se enarbol\u00f3 en la UNCo Bariloche la bandera del pueblo Mapuche Wenufoye.<\/div>\n<p>La ceremonia de acompa\u00f1amiento de renovaci\u00f3n de los ciclos naturales o We-Tripantu data de miles de a\u00f1os y responde a la l\u00f3gica y normativa de la naturaleza y del cosmos, a trav\u00e9s del cual los primeros Mapuche asumieron y adaptaron su vida individual y colectiva.<\/p>\n<p><a href=\"http:\/\/crubweb.uncoma.edu.ar\/cms\/?attachment_id=11266\" rel=\"attachment wp-att-11266\"><img fetchpriority=\"high\" decoding=\"async\" class=\"aligncenter size-full wp-image-11266\" src=\"http:\/\/crubweb.uncoma.edu.ar\/cms\/wp-content\/uploads\/2015\/05\/nueva-vuelta-al-sol-1.jpg\" alt=\"nueva-vuelta-al-sol-1\" width=\"1728\" height=\"1152\" \/><\/a><\/p>\n<p>El acto fue presidido por el Decano Marcelo Alonso y cont\u00f3 con la participaci\u00f3n de Horacio e Inal\u00e9n Antillanca, trabajadores de la Universidad y miembros de la comunidad mapuche, y Paula Ram\u00edrez, docente e investigadora del tema de interculturalidad en la regi\u00f3n.<\/p>\n<p>La resoluci\u00f3n rectoral 0429\/19 que ley\u00f3 el\u00a0 Decano en el acto declara\u00a0<em>\u201casueto para los integrantes de la comunidad del pueblo mapuche, a fin de participar en las ceremonias de celebraci\u00f3n del Wi\u00f1oy Xipantu, A\u00f1o Nuevo o Nueva salida del sol desde el 18 de junio a las 15.30 y hasta el 24 de junio de 2019.<\/em><\/p>\n<p>Inal\u00e9n Antillanca, trabajadora de la Obra social de la Universidad (SOSUNC UNCo) explic\u00f3 el significado de esta importante ceremonia para el pueblo Mapuche, que se realiza en los d\u00edas del solsticio de invierno, luego de la noche m\u00e1s larga. \u201c<em>En todas las regiones donde est\u00e1 el pueblo mapuche, de ambos lados de la cordillera se est\u00e1n juntando para renovar nuestras fuerzas, nuestro cuerpo y nuestro esp\u00edritu, junto con la naturaleza\u201d.<\/em><\/p>\n<p><a href=\"http:\/\/crubweb.uncoma.edu.ar\/cms\/?attachment_id=11261\" rel=\"attachment wp-att-11261\"><img decoding=\"async\" class=\"aligncenter size-full wp-image-11261\" src=\"http:\/\/crubweb.uncoma.edu.ar\/cms\/wp-content\/uploads\/2015\/05\/nueva-vuelta-al-sol-2.jpg\" alt=\"nueva-vuelta-al-sol-2\" width=\"1728\" height=\"1152\" \/><\/a><\/p>\n<p>Tambi\u00e9n expres\u00f3 su gratitud por el acompa\u00f1amiento de la UNCo y record\u00f3 eventos pasados donde la Universidad actu\u00f3 en articulaci\u00f3n con las comunidades:\u00a0<em>\u201cno saben la satisfacci\u00f3n que nos da pertenecer a una instituci\u00f3n que valora, respeta y acompa\u00f1a la lucha y el andar de nuestro pueblo. Lo ha hecho siempre desde hace varios a\u00f1os. Tal es el caso de la sesi\u00f3n extraordinaria del Consejo Directivo de esta sede que fue a sesionar a la comunidad mapuche de las guaitecas, con toda la problem\u00e1tica que ten\u00eda con terratenientes y la lucha que tiene esa comunidad desde hace a\u00f1os\u201d.<\/em><\/p>\n<p>Inal\u00e9n resalt\u00f3 tambi\u00e9n que<em>\u00a0\u201chay que\u00a0<\/em><em>destacar la mesa de di\u00e1logo luego del asesinato de nuestro lamien Rafa Nahuel y as\u00ed much\u00edsimos otros acompa\u00f1amientos como la resoluci\u00f3n reciente que han sacado para que los trabajadores de la Universidad de Comahue podamos participar de nuestras ceremonias ancestrales\u201d.<\/em><\/p>\n<p><a href=\"http:\/\/crubweb.uncoma.edu.ar\/cms\/?attachment_id=11262\" rel=\"attachment wp-att-11262\"><img decoding=\"async\" class=\"aligncenter size-full wp-image-11262\" src=\"http:\/\/crubweb.uncoma.edu.ar\/cms\/wp-content\/uploads\/2015\/05\/nueva-vuelta-al-sol-3.jpg\" alt=\"nueva-vuelta-al-sol-3\" width=\"1728\" height=\"1152\" \/><\/a><\/p>\n<p>Paula Ram\u00edrez expres\u00f3 su alegr\u00eda de participar en este encuentro y mencion\u00f3 que es la primera vez que se convoca de esta manera.\u00a0<em>\u201cCreo que significa claramente una apertura de nuestra Universidad en relaci\u00f3n a lo que venimos haciendo y pensando. Espero que esto signifique tambi\u00e9n un compromiso mayor como el wallmapu, con el territorio que habitamos, con el territorio donde est\u00e1 emplazada la Universidad que, en los \u00faltimos tiempos, vemos que se ha recrudecido la violencia que tiene que ver con con \u00e9l no respeto a la vida y con el extractivismo.\u201d<\/em><\/p>\n<p>Adem\u00e1s reflexion\u00f3 acerca del significado del We-Tripantu en el contexto intercultural de nuestra regi\u00f3n:\u00a0<em>\u201cHay momentos de oscuridad, momentos de opacidad momentos de equ\u00edvocos, de contradicciones, que son necesarios e indispensables para que emerjan nuevos sentidos. Creo que esa es una ense\u00f1anza de la naturaleza que el pueblo mapuche supo reconocer y tambi\u00e9n lo sabe compartir. Es una invitaci\u00f3n a que observemos m\u00e1s, a que vivamos en otra relaci\u00f3n mucho m\u00e1s intensa con el medio en el que estamos.\u201d<\/em><\/p>\n<p><a href=\"http:\/\/crubweb.uncoma.edu.ar\/cms\/?attachment_id=11265\" rel=\"attachment wp-att-11265\"><img loading=\"lazy\" decoding=\"async\" class=\"aligncenter size-full wp-image-11265\" src=\"http:\/\/crubweb.uncoma.edu.ar\/cms\/wp-content\/uploads\/2015\/05\/nueva-vuelta-al-sol-6.jpg\" alt=\"nueva-vuelta-al-sol-6\" width=\"1728\" height=\"1152\" \/><\/a><\/p>\n<p>Horacio Antillanca, no docente del Centro Regional Universitario Bariloche se expres\u00f3 a favor de la resoluci\u00f3n le\u00edda por el Decano y dijo: \u201c<em>Quiero rescatar y valorar realmente la posibilidad que me ha dado la instituci\u00f3n de poder estar en los \u00f3rganos de gobiernos respetando total y absolutamente mi identidad y mis or\u00edgenes.\u201d<\/em><\/p>\n<p>Tambi\u00e9n rememor\u00f3 los hechos donde el Consejo Directivo sesion\u00f3 en las Guaitecas en abril del 2011:<em>\u00a0\u201cEra la primera vez la primera vez que un \u00f3rgano de gobierno de una unidad acad\u00e9mica dependiente de la Universidad Nacional del Comahue realizaba una sesi\u00f3n de gobierno en territorio de una comunidad mapuche. Entiendo que eso es fundamental.\u201d<\/em><\/p>\n<p>Finaliz\u00f3 haciendo referencia a las y los estudiantes:<em>\u00a0 \u201cLa Universidad Nacional del Comahue ofrece su espacio para la educaci\u00f3n de los j\u00f3venes y tenemos que considerar que es una universidad a la que asisten much\u00edsimos chicos de origen mapuche.\u201d<\/em><\/p>\n<p>El acto termin\u00f3 luego de que Horacio Antillanca entregara la bandera Wenufoye al decano Alonso \u201cpara que \u00e9sta pueda ser enarbolada en los a\u00f1os venideros en la Universidad\u201d.<\/p>\n<p>Fuente:\u00a0https:\/\/www.anbariloche.com.ar\/noticias\/2019\/06\/27\/70057-en-la-universidad-del-comahue-tambien-izaron-la-bandera-mapuche<\/p>\n<\/div>\n","protected":false},"excerpt":{"rendered":"<p>Bariloche.-La ceremonia se realiz\u00f3 en el marco del festejo por el We Tripantu.<\/p>\n","protected":false},"author":2,"featured_media":62115,"comment_status":"open","ping_status":"open","sticky":false,"template":"","format":"standard","meta":{"site-sidebar-layout":"default","site-content-layout":"","ast-site-content-layout":"default","site-content-style":"default","site-sidebar-style":"default","ast-global-header-display":"","ast-banner-title-visibility":"","ast-main-header-display":"","ast-hfb-above-header-display":"","ast-hfb-below-header-display":"","ast-hfb-mobile-header-display":"","site-post-title":"","ast-breadcrumbs-content":"","ast-featured-img":"","footer-sml-layout":"","ast-disable-related-posts":"","theme-transparent-header-meta":"","adv-header-id-meta":"","stick-header-meta":"","header-above-stick-meta":"","header-main-stick-meta":"","header-below-stick-meta":"","astra-migrate-meta-layouts":"default","ast-page-background-enabled":"default","ast-page-background-meta":{"desktop":{"background-color":"var(--ast-global-color-5)","background-image":"","background-repeat":"repeat","background-position":"center center","background-size":"auto","background-attachment":"scroll","background-type":"","background-media":"","overlay-type":"","overlay-color":"","overlay-opacity":"","overlay-gradient":""},"tablet":{"background-color":"","background-image":"","background-repeat":"repeat","background-position":"center center","background-size":"auto","background-attachment":"scroll","background-type":"","background-media":"","overlay-type":"","overlay-color":"","overlay-opacity":"","overlay-gradient":""},"mobile":{"background-color":"","background-image":"","background-repeat":"repeat","background-position":"center center","background-size":"auto","background-attachment":"scroll","background-type":"","background-media":"","overlay-type":"","overlay-color":"","overlay-opacity":"","overlay-gradient":""}},"ast-content-background-meta":{"desktop":{"background-color":"var(--ast-global-color-4)","background-image":"","background-repeat":"repeat","background-position":"center center","background-size":"auto","background-attachment":"scroll","background-type":"","background-media":"","overlay-type":"","overlay-color":"","overlay-opacity":"","overlay-gradient":""},"tablet":{"background-color":"var(--ast-global-color-4)","background-image":"","background-repeat":"repeat","background-position":"center center","background-size":"auto","background-attachment":"scroll","background-type":"","background-media":"","overlay-type":"","overlay-color":"","overlay-opacity":"","overlay-gradient":""},"mobile":{"background-color":"var(--ast-global-color-4)","background-image":"","background-repeat":"repeat","background-position":"center center","background-size":"auto","background-attachment":"scroll","background-type":"","background-media":"","overlay-type":"","overlay-color":"","overlay-opacity":"","overlay-gradient":""}},"footnotes":""},"categories":[1,13,14],"tags":[],"class_list":["post-62114","post","type-post","status-publish","format-standard","has-post-thumbnail","hentry","category-noticias","category-provinciales","category-rio-negro"],"yoast_head":"<!-- This site is optimized with the Yoast SEO Premium plugin v23.0 (Yoast SEO v27.5) - https:\/\/yoast.com\/product\/yoast-seo-premium-wordpress\/ -->\n<title>En la Universidad del Comahue tambi\u00e9n izaron la bandera mapuche<\/title>\n<meta name=\"robots\" content=\"index, follow, max-snippet:-1, max-image-preview:large, max-video-preview:-1\" \/>\n<link rel=\"canonical\" href=\"https:\/\/patagoniambiental.com.ar\/info\/en-la-universidad-del-comahue-tambien-izaron-la-bandera-mapuche\/\" \/>\n<meta property=\"og:locale\" content=\"es_ES\" \/>\n<meta property=\"og:type\" content=\"article\" \/>\n<meta property=\"og:title\" content=\"En la Universidad del Comahue tambi\u00e9n izaron la bandera mapuche\" \/>\n<meta property=\"og:description\" content=\"Bariloche.-La ceremonia se realiz\u00f3 en el marco del festejo por el We Tripantu.\" \/>\n<meta property=\"og:url\" content=\"https:\/\/patagoniambiental.com.ar\/info\/en-la-universidad-del-comahue-tambien-izaron-la-bandera-mapuche\/\" \/>\n<meta property=\"og:site_name\" content=\"Patagonia Ambiental\" \/>\n<meta property=\"article:publisher\" content=\"https:\/\/www.facebook.com\/patagonia.ambiental\" \/>\n<meta property=\"article:author\" content=\"https:\/\/www.facebook.com\/share\/1C1V8Gv9BX\/?mibextid=qi2Omg\" \/>\n<meta property=\"article:published_time\" content=\"2019-06-27T22:00:47+00:00\" \/>\n<meta property=\"og:image\" content=\"https:\/\/patagoniambiental.com.ar\/info\/wp-content\/uploads\/2019\/06\/201906270921008e4e536d0417ab10624fea212601982b_med.jpg\" \/>\n\t<meta property=\"og:image:width\" content=\"800\" \/>\n\t<meta property=\"og:image:height\" content=\"399\" \/>\n\t<meta property=\"og:image:type\" content=\"image\/jpeg\" \/>\n<meta name=\"author\" content=\"Patagonia Ambiental\" \/>\n<meta name=\"twitter:card\" content=\"summary_large_image\" \/>\n<meta name=\"twitter:creator\" content=\"@PatAmb\" \/>\n<meta name=\"twitter:site\" content=\"@PatAmb\" \/>\n<script type=\"application\/ld+json\" class=\"yoast-schema-graph\">{\"@context\":\"https:\\\/\\\/schema.org\",\"@graph\":[{\"@type\":\"Article\",\"@id\":\"https:\\\/\\\/patagoniambiental.com.ar\\\/info\\\/en-la-universidad-del-comahue-tambien-izaron-la-bandera-mapuche\\\/#article\",\"isPartOf\":{\"@id\":\"https:\\\/\\\/patagoniambiental.com.ar\\\/info\\\/en-la-universidad-del-comahue-tambien-izaron-la-bandera-mapuche\\\/\"},\"author\":{\"name\":\"Patagonia Ambiental\",\"@id\":\"https:\\\/\\\/patagoniambiental.com.ar\\\/info\\\/#\\\/schema\\\/person\\\/db12bff64bbcbf6a253710bf0ea37b5d\"},\"headline\":\"En la Universidad del Comahue tambi\u00e9n izaron la bandera mapuche\",\"datePublished\":\"2019-06-27T22:00:47+00:00\",\"mainEntityOfPage\":{\"@id\":\"https:\\\/\\\/patagoniambiental.com.ar\\\/info\\\/en-la-universidad-del-comahue-tambien-izaron-la-bandera-mapuche\\\/\"},\"wordCount\":816,\"commentCount\":0,\"publisher\":{\"@id\":\"https:\\\/\\\/patagoniambiental.com.ar\\\/info\\\/#organization\"},\"image\":{\"@id\":\"https:\\\/\\\/patagoniambiental.com.ar\\\/info\\\/en-la-universidad-del-comahue-tambien-izaron-la-bandera-mapuche\\\/#primaryimage\"},\"thumbnailUrl\":\"https:\\\/\\\/patagoniambiental.com.ar\\\/info\\\/wp-content\\\/uploads\\\/2019\\\/06\\\/201906270921008e4e536d0417ab10624fea212601982b_med.jpg\",\"articleSection\":[\"Noticias\",\"Provinciales\",\"R\u00edo Negro\"],\"inLanguage\":\"es\",\"potentialAction\":[{\"@type\":\"CommentAction\",\"name\":\"Comment\",\"target\":[\"https:\\\/\\\/patagoniambiental.com.ar\\\/info\\\/en-la-universidad-del-comahue-tambien-izaron-la-bandera-mapuche\\\/#respond\"]}]},{\"@type\":\"WebPage\",\"@id\":\"https:\\\/\\\/patagoniambiental.com.ar\\\/info\\\/en-la-universidad-del-comahue-tambien-izaron-la-bandera-mapuche\\\/\",\"url\":\"https:\\\/\\\/patagoniambiental.com.ar\\\/info\\\/en-la-universidad-del-comahue-tambien-izaron-la-bandera-mapuche\\\/\",\"name\":\"En la Universidad del Comahue tambi\u00e9n izaron la bandera mapuche\",\"isPartOf\":{\"@id\":\"https:\\\/\\\/patagoniambiental.com.ar\\\/info\\\/#website\"},\"primaryImageOfPage\":{\"@id\":\"https:\\\/\\\/patagoniambiental.com.ar\\\/info\\\/en-la-universidad-del-comahue-tambien-izaron-la-bandera-mapuche\\\/#primaryimage\"},\"image\":{\"@id\":\"https:\\\/\\\/patagoniambiental.com.ar\\\/info\\\/en-la-universidad-del-comahue-tambien-izaron-la-bandera-mapuche\\\/#primaryimage\"},\"thumbnailUrl\":\"https:\\\/\\\/patagoniambiental.com.ar\\\/info\\\/wp-content\\\/uploads\\\/2019\\\/06\\\/201906270921008e4e536d0417ab10624fea212601982b_med.jpg\",\"datePublished\":\"2019-06-27T22:00:47+00:00\",\"breadcrumb\":{\"@id\":\"https:\\\/\\\/patagoniambiental.com.ar\\\/info\\\/en-la-universidad-del-comahue-tambien-izaron-la-bandera-mapuche\\\/#breadcrumb\"},\"inLanguage\":\"es\",\"potentialAction\":[{\"@type\":\"ReadAction\",\"target\":[\"https:\\\/\\\/patagoniambiental.com.ar\\\/info\\\/en-la-universidad-del-comahue-tambien-izaron-la-bandera-mapuche\\\/\"]}]},{\"@type\":\"ImageObject\",\"inLanguage\":\"es\",\"@id\":\"https:\\\/\\\/patagoniambiental.com.ar\\\/info\\\/en-la-universidad-del-comahue-tambien-izaron-la-bandera-mapuche\\\/#primaryimage\",\"url\":\"https:\\\/\\\/patagoniambiental.com.ar\\\/info\\\/wp-content\\\/uploads\\\/2019\\\/06\\\/201906270921008e4e536d0417ab10624fea212601982b_med.jpg\",\"contentUrl\":\"https:\\\/\\\/patagoniambiental.com.ar\\\/info\\\/wp-content\\\/uploads\\\/2019\\\/06\\\/201906270921008e4e536d0417ab10624fea212601982b_med.jpg\",\"width\":800,\"height\":399},{\"@type\":\"BreadcrumbList\",\"@id\":\"https:\\\/\\\/patagoniambiental.com.ar\\\/info\\\/en-la-universidad-del-comahue-tambien-izaron-la-bandera-mapuche\\\/#breadcrumb\",\"itemListElement\":[{\"@type\":\"ListItem\",\"position\":1,\"name\":\"Inicio\",\"item\":\"https:\\\/\\\/patagoniambiental.com.ar\\\/info\\\/\"},{\"@type\":\"ListItem\",\"position\":2,\"name\":\"En la Universidad del Comahue tambi\u00e9n izaron la bandera mapuche\"}]},{\"@type\":\"WebSite\",\"@id\":\"https:\\\/\\\/patagoniambiental.com.ar\\\/info\\\/#website\",\"url\":\"https:\\\/\\\/patagoniambiental.com.ar\\\/info\\\/\",\"name\":\"Patagonia Ambiental\",\"description\":\"Monitoreo y an\u00e1lisis de la situaci\u00f3n geopol\u00edtica en el mundo y su implicancia en la Patagonia\",\"publisher\":{\"@id\":\"https:\\\/\\\/patagoniambiental.com.ar\\\/info\\\/#organization\"},\"potentialAction\":[{\"@type\":\"SearchAction\",\"target\":{\"@type\":\"EntryPoint\",\"urlTemplate\":\"https:\\\/\\\/patagoniambiental.com.ar\\\/info\\\/?s={search_term_string}\"},\"query-input\":{\"@type\":\"PropertyValueSpecification\",\"valueRequired\":true,\"valueName\":\"search_term_string\"}}],\"inLanguage\":\"es\"},{\"@type\":\"Organization\",\"@id\":\"https:\\\/\\\/patagoniambiental.com.ar\\\/info\\\/#organization\",\"name\":\"Patagonia Ambiental\",\"url\":\"https:\\\/\\\/patagoniambiental.com.ar\\\/info\\\/\",\"logo\":{\"@type\":\"ImageObject\",\"inLanguage\":\"es\",\"@id\":\"https:\\\/\\\/patagoniambiental.com.ar\\\/info\\\/#\\\/schema\\\/logo\\\/image\\\/\",\"url\":\"https:\\\/\\\/patagoniambiental.com.ar\\\/info\\\/wp-content\\\/uploads\\\/2025\\\/05\\\/LOGO-PATAGONIA-AMBIENTAL.png\",\"contentUrl\":\"https:\\\/\\\/patagoniambiental.com.ar\\\/info\\\/wp-content\\\/uploads\\\/2025\\\/05\\\/LOGO-PATAGONIA-AMBIENTAL.png\",\"width\":433,\"height\":250,\"caption\":\"Patagonia Ambiental\"},\"image\":{\"@id\":\"https:\\\/\\\/patagoniambiental.com.ar\\\/info\\\/#\\\/schema\\\/logo\\\/image\\\/\"},\"sameAs\":[\"https:\\\/\\\/www.facebook.com\\\/patagonia.ambiental\",\"https:\\\/\\\/x.com\\\/PatAmb\"]},{\"@type\":\"Person\",\"@id\":\"https:\\\/\\\/patagoniambiental.com.ar\\\/info\\\/#\\\/schema\\\/person\\\/db12bff64bbcbf6a253710bf0ea37b5d\",\"name\":\"Patagonia Ambiental\",\"description\":\"Andr\u00e9s Nievas T\u00e9cnico en manejo ambiental, consultor Ambiental y escritor para medios locales e internacionales sobre temas de geopolitica y medio ambiente.\",\"sameAs\":[\"http:\\\/\\\/www.patagoniambiental.com.ar\",\"https:\\\/\\\/www.facebook.com\\\/share\\\/1C1V8Gv9BX\\\/?mibextid=qi2Omg\",\"@patagoniambiental\",\"https:\\\/\\\/youtube.com\\\/@patagoniaambiental2023?si=BLt58t0wuXquxlYZ\"]}]}<\/script>\n<!-- \/ Yoast SEO Premium plugin. -->","yoast_head_json":{"title":"En la Universidad del Comahue tambi\u00e9n izaron la bandera mapuche","robots":{"index":"index","follow":"follow","max-snippet":"max-snippet:-1","max-image-preview":"max-image-preview:large","max-video-preview":"max-video-preview:-1"},"canonical":"https:\/\/patagoniambiental.com.ar\/info\/en-la-universidad-del-comahue-tambien-izaron-la-bandera-mapuche\/","og_locale":"es_ES","og_type":"article","og_title":"En la Universidad del Comahue tambi\u00e9n izaron la bandera mapuche","og_description":"Bariloche.-La ceremonia se realiz\u00f3 en el marco del festejo por el We Tripantu.","og_url":"https:\/\/patagoniambiental.com.ar\/info\/en-la-universidad-del-comahue-tambien-izaron-la-bandera-mapuche\/","og_site_name":"Patagonia Ambiental","article_publisher":"https:\/\/www.facebook.com\/patagonia.ambiental","article_author":"https:\/\/www.facebook.com\/share\/1C1V8Gv9BX\/?mibextid=qi2Omg","article_published_time":"2019-06-27T22:00:47+00:00","og_image":[{"width":800,"height":399,"url":"https:\/\/patagoniambiental.com.ar\/info\/wp-content\/uploads\/2019\/06\/201906270921008e4e536d0417ab10624fea212601982b_med.jpg","type":"image\/jpeg"}],"author":"Patagonia Ambiental","twitter_card":"summary_large_image","twitter_creator":"@PatAmb","twitter_site":"@PatAmb","schema":{"@context":"https:\/\/schema.org","@graph":[{"@type":"Article","@id":"https:\/\/patagoniambiental.com.ar\/info\/en-la-universidad-del-comahue-tambien-izaron-la-bandera-mapuche\/#article","isPartOf":{"@id":"https:\/\/patagoniambiental.com.ar\/info\/en-la-universidad-del-comahue-tambien-izaron-la-bandera-mapuche\/"},"author":{"name":"Patagonia Ambiental","@id":"https:\/\/patagoniambiental.com.ar\/info\/#\/schema\/person\/db12bff64bbcbf6a253710bf0ea37b5d"},"headline":"En la Universidad del Comahue tambi\u00e9n izaron la bandera mapuche","datePublished":"2019-06-27T22:00:47+00:00","mainEntityOfPage":{"@id":"https:\/\/patagoniambiental.com.ar\/info\/en-la-universidad-del-comahue-tambien-izaron-la-bandera-mapuche\/"},"wordCount":816,"commentCount":0,"publisher":{"@id":"https:\/\/patagoniambiental.com.ar\/info\/#organization"},"image":{"@id":"https:\/\/patagoniambiental.com.ar\/info\/en-la-universidad-del-comahue-tambien-izaron-la-bandera-mapuche\/#primaryimage"},"thumbnailUrl":"https:\/\/patagoniambiental.com.ar\/info\/wp-content\/uploads\/2019\/06\/201906270921008e4e536d0417ab10624fea212601982b_med.jpg","articleSection":["Noticias","Provinciales","R\u00edo Negro"],"inLanguage":"es","potentialAction":[{"@type":"CommentAction","name":"Comment","target":["https:\/\/patagoniambiental.com.ar\/info\/en-la-universidad-del-comahue-tambien-izaron-la-bandera-mapuche\/#respond"]}]},{"@type":"WebPage","@id":"https:\/\/patagoniambiental.com.ar\/info\/en-la-universidad-del-comahue-tambien-izaron-la-bandera-mapuche\/","url":"https:\/\/patagoniambiental.com.ar\/info\/en-la-universidad-del-comahue-tambien-izaron-la-bandera-mapuche\/","name":"En la Universidad del Comahue tambi\u00e9n izaron la bandera mapuche","isPartOf":{"@id":"https:\/\/patagoniambiental.com.ar\/info\/#website"},"primaryImageOfPage":{"@id":"https:\/\/patagoniambiental.com.ar\/info\/en-la-universidad-del-comahue-tambien-izaron-la-bandera-mapuche\/#primaryimage"},"image":{"@id":"https:\/\/patagoniambiental.com.ar\/info\/en-la-universidad-del-comahue-tambien-izaron-la-bandera-mapuche\/#primaryimage"},"thumbnailUrl":"https:\/\/patagoniambiental.com.ar\/info\/wp-content\/uploads\/2019\/06\/201906270921008e4e536d0417ab10624fea212601982b_med.jpg","datePublished":"2019-06-27T22:00:47+00:00","breadcrumb":{"@id":"https:\/\/patagoniambiental.com.ar\/info\/en-la-universidad-del-comahue-tambien-izaron-la-bandera-mapuche\/#breadcrumb"},"inLanguage":"es","potentialAction":[{"@type":"ReadAction","target":["https:\/\/patagoniambiental.com.ar\/info\/en-la-universidad-del-comahue-tambien-izaron-la-bandera-mapuche\/"]}]},{"@type":"ImageObject","inLanguage":"es","@id":"https:\/\/patagoniambiental.com.ar\/info\/en-la-universidad-del-comahue-tambien-izaron-la-bandera-mapuche\/#primaryimage","url":"https:\/\/patagoniambiental.com.ar\/info\/wp-content\/uploads\/2019\/06\/201906270921008e4e536d0417ab10624fea212601982b_med.jpg","contentUrl":"https:\/\/patagoniambiental.com.ar\/info\/wp-content\/uploads\/2019\/06\/201906270921008e4e536d0417ab10624fea212601982b_med.jpg","width":800,"height":399},{"@type":"BreadcrumbList","@id":"https:\/\/patagoniambiental.com.ar\/info\/en-la-universidad-del-comahue-tambien-izaron-la-bandera-mapuche\/#breadcrumb","itemListElement":[{"@type":"ListItem","position":1,"name":"Inicio","item":"https:\/\/patagoniambiental.com.ar\/info\/"},{"@type":"ListItem","position":2,"name":"En la Universidad del Comahue tambi\u00e9n izaron la bandera mapuche"}]},{"@type":"WebSite","@id":"https:\/\/patagoniambiental.com.ar\/info\/#website","url":"https:\/\/patagoniambiental.com.ar\/info\/","name":"Patagonia Ambiental","description":"Monitoreo y an\u00e1lisis de la situaci\u00f3n geopol\u00edtica en el mundo y su implicancia en la Patagonia","publisher":{"@id":"https:\/\/patagoniambiental.com.ar\/info\/#organization"},"potentialAction":[{"@type":"SearchAction","target":{"@type":"EntryPoint","urlTemplate":"https:\/\/patagoniambiental.com.ar\/info\/?s={search_term_string}"},"query-input":{"@type":"PropertyValueSpecification","valueRequired":true,"valueName":"search_term_string"}}],"inLanguage":"es"},{"@type":"Organization","@id":"https:\/\/patagoniambiental.com.ar\/info\/#organization","name":"Patagonia Ambiental","url":"https:\/\/patagoniambiental.com.ar\/info\/","logo":{"@type":"ImageObject","inLanguage":"es","@id":"https:\/\/patagoniambiental.com.ar\/info\/#\/schema\/logo\/image\/","url":"https:\/\/patagoniambiental.com.ar\/info\/wp-content\/uploads\/2025\/05\/LOGO-PATAGONIA-AMBIENTAL.png","contentUrl":"https:\/\/patagoniambiental.com.ar\/info\/wp-content\/uploads\/2025\/05\/LOGO-PATAGONIA-AMBIENTAL.png","width":433,"height":250,"caption":"Patagonia Ambiental"},"image":{"@id":"https:\/\/patagoniambiental.com.ar\/info\/#\/schema\/logo\/image\/"},"sameAs":["https:\/\/www.facebook.com\/patagonia.ambiental","https:\/\/x.com\/PatAmb"]},{"@type":"Person","@id":"https:\/\/patagoniambiental.com.ar\/info\/#\/schema\/person\/db12bff64bbcbf6a253710bf0ea37b5d","name":"Patagonia Ambiental","description":"Andr\u00e9s Nievas T\u00e9cnico en manejo ambiental, consultor Ambiental y escritor para medios locales e internacionales sobre temas de geopolitica y medio ambiente.","sameAs":["http:\/\/www.patagoniambiental.com.ar","https:\/\/www.facebook.com\/share\/1C1V8Gv9BX\/?mibextid=qi2Omg","@patagoniambiental","https:\/\/youtube.com\/@patagoniaambiental2023?si=BLt58t0wuXquxlYZ"]}]}},"_links":{"self":[{"href":"https:\/\/patagoniambiental.com.ar\/info\/wp-json\/wp\/v2\/posts\/62114","targetHints":{"allow":["GET"]}}],"collection":[{"href":"https:\/\/patagoniambiental.com.ar\/info\/wp-json\/wp\/v2\/posts"}],"about":[{"href":"https:\/\/patagoniambiental.com.ar\/info\/wp-json\/wp\/v2\/types\/post"}],"author":[{"embeddable":true,"href":"https:\/\/patagoniambiental.com.ar\/info\/wp-json\/wp\/v2\/users\/2"}],"replies":[{"embeddable":true,"href":"https:\/\/patagoniambiental.com.ar\/info\/wp-json\/wp\/v2\/comments?post=62114"}],"version-history":[{"count":0,"href":"https:\/\/patagoniambiental.com.ar\/info\/wp-json\/wp\/v2\/posts\/62114\/revisions"}],"wp:featuredmedia":[{"embeddable":true,"href":"https:\/\/patagoniambiental.com.ar\/info\/wp-json\/wp\/v2\/media\/62115"}],"wp:attachment":[{"href":"https:\/\/patagoniambiental.com.ar\/info\/wp-json\/wp\/v2\/media?parent=62114"}],"wp:term":[{"taxonomy":"category","embeddable":true,"href":"https:\/\/patagoniambiental.com.ar\/info\/wp-json\/wp\/v2\/categories?post=62114"},{"taxonomy":"post_tag","embeddable":true,"href":"https:\/\/patagoniambiental.com.ar\/info\/wp-json\/wp\/v2\/tags?post=62114"}],"curies":[{"name":"wp","href":"https:\/\/api.w.org\/{rel}","templated":true}]}}