{"id":62135,"date":"2019-06-28T19:00:13","date_gmt":"2019-06-28T22:00:13","guid":{"rendered":"http:\/\/patagoniambiental.com.ar\/info\/?p=62135"},"modified":"2019-06-28T12:52:29","modified_gmt":"2019-06-28T15:52:29","slug":"garcia-larraburu-pide-informes-sobre-la-compra-de-una-central-nuclear-a-china","status":"publish","type":"post","link":"https:\/\/patagoniambiental.com.ar\/info\/garcia-larraburu-pide-informes-sobre-la-compra-de-una-central-nuclear-a-china\/","title":{"rendered":"GARC\u00cdA LARRABURU PIDE INFORMES SOBRE LA COMPRA DE UNA CENTRAL NUCLEAR A CHINA\u00a0"},"content":{"rendered":"<p>Buenos Aires.-La Senadora Silvina Garc\u00eda Larraburu present\u00f3 un proyecto de comunicaci\u00f3n al Poder Ejecutivo, solicitando informaci\u00f3n sobre la compra de una Central Nuclear del tipo Hualong I a la Rep\u00fablica Popular de China.<\/p>\n<p><!--more--><\/p>\n<p>\u201cEn el informe de Gesti\u00f3n 114, el jefe de Gabinete de Ministros Marcos Pe\u00f1a confirm\u00f3 que se siguen discutiendo las condiciones contractuales con China para la construcci\u00f3n de plantas de energ\u00eda nuclear\u201d, expres\u00f3.<\/p>\n<p>Continu\u00f3: \u201cEl funcionario evit\u00f3 aclarar si la instalaci\u00f3n de una cuarta central, que iba a funcionar con uranio natural, ser\u00eda dejada de lado para construir directamente una que utilice uranio enriquecido, una tecnolog\u00eda que no tiene tradici\u00f3n en el desarrollo nuclear argentino\u201d.<\/p>\n<p>Record\u00f3 que Argentina acumul\u00f3 conocimiento durante d\u00e9cadas para la generaci\u00f3n de energ\u00eda nuclear mediante el uso de uranio natural y agua pesada, de una forma que permite generar la reacci\u00f3n en cadena.<\/p>\n<p>\u201cEl Programa Nuclear Argentino tiene 68 a\u00f1os y lo construy\u00f3 el Estado, como principal inversor y\/o comprador. Su centro es la CNEA, pero lo rodea un per\u00edmetro de empresas p\u00fablicas como INVAP, ENSI y Nucleoel\u00e9ctrica Argentina, entre otras. Contiene adem\u00e1s un segundo anillo formado por empresas privadas de ingenier\u00eda nacional y un tercer anillo socialmente decisivo, comprendido por m\u00e1s de 140 PyMES\u201d, resalt\u00f3.<\/p>\n<p>Es por ello que Argentina pudo participar en licitaciones internacionales y poner en valor en valor la tecnolog\u00eda alcanzada logrando la exportaci\u00f3n de reactores de investigaci\u00f3n a Per\u00fa, Argelia, Egipto, Australia, Arabia Saudita y Holanda. \u201cContamos con gran experiencia y formaci\u00f3n de recursos humanos con un alto nivel de capacitaci\u00f3n\u201d, subray\u00f3.<\/p>\n<p>Finaliz\u00f3: \u201cPese a que hoy todas las voces del sector nuclear se alzan en defensa de la construcci\u00f3n de una cuarta central con uranio natural, se avanzar\u00eda con la construcci\u00f3n de una central llave en mano de uranio enriquecido. Es necesario que el Gobierno Nacional detalle las condiciones de este contrato y ponga en valor el conocimiento de nuestro entramado cient\u00edfico y tecnol\u00f3gico nacional\u201d.<\/p>\n<p>Fuente: Senadora Silvina Garcia Larraburu<\/p>\n","protected":false},"excerpt":{"rendered":"<p>Buenos Aires.-La Senadora Silvina Garc\u00eda Larraburu present\u00f3 un proyecto de comunicaci\u00f3n al Poder Ejecutivo, solicitando informaci\u00f3n sobre la compra de [&hellip;]<\/p>\n","protected":false},"author":2,"featured_media":62136,"comment_status":"open","ping_status":"open","sticky":false,"template":"","format":"standard","meta":{"site-sidebar-layout":"default","site-content-layout":"","ast-site-content-layout":"default","site-content-style":"default","site-sidebar-style":"default","ast-global-header-display":"","ast-banner-title-visibility":"","ast-main-header-display":"","ast-hfb-above-header-display":"","ast-hfb-below-header-display":"","ast-hfb-mobile-header-display":"","site-post-title":"","ast-breadcrumbs-content":"","ast-featured-img":"","footer-sml-layout":"","ast-disable-related-posts":"","theme-transparent-header-meta":"","adv-header-id-meta":"","stick-header-meta":"","header-above-stick-meta":"","header-main-stick-meta":"","header-below-stick-meta":"","astra-migrate-meta-layouts":"default","ast-page-background-enabled":"default","ast-page-background-meta":{"desktop":{"background-color":"var(--ast-global-color-5)","background-image":"","background-repeat":"repeat","background-position":"center center","background-size":"auto","background-attachment":"scroll","background-type":"","background-media":"","overlay-type":"","overlay-color":"","overlay-opacity":"","overlay-gradient":""},"tablet":{"background-color":"","background-image":"","background-repeat":"repeat","background-position":"center center","background-size":"auto","background-attachment":"scroll","background-type":"","background-media":"","overlay-type":"","overlay-color":"","overlay-opacity":"","overlay-gradient":""},"mobile":{"background-color":"","background-image":"","background-repeat":"repeat","background-position":"center center","background-size":"auto","background-attachment":"scroll","background-type":"","background-media":"","overlay-type":"","overlay-color":"","overlay-opacity":"","overlay-gradient":""}},"ast-content-background-meta":{"desktop":{"background-color":"var(--ast-global-color-4)","background-image":"","background-repeat":"repeat","background-position":"center center","background-size":"auto","background-attachment":"scroll","background-type":"","background-media":"","overlay-type":"","overlay-color":"","overlay-opacity":"","overlay-gradient":""},"tablet":{"background-color":"var(--ast-global-color-4)","background-image":"","background-repeat":"repeat","background-position":"center center","background-size":"auto","background-attachment":"scroll","background-type":"","background-media":"","overlay-type":"","overlay-color":"","overlay-opacity":"","overlay-gradient":""},"mobile":{"background-color":"var(--ast-global-color-4)","background-image":"","background-repeat":"repeat","background-position":"center center","background-size":"auto","background-attachment":"scroll","background-type":"","background-media":"","overlay-type":"","overlay-color":"","overlay-opacity":"","overlay-gradient":""}},"footnotes":""},"categories":[23,1],"tags":[],"class_list":["post-62135","post","type-post","status-publish","format-standard","has-post-thumbnail","hentry","category-internacionales","category-noticias"],"yoast_head":"<!-- This site is optimized with the Yoast SEO Premium plugin v23.0 (Yoast SEO v27.5) - https:\/\/yoast.com\/product\/yoast-seo-premium-wordpress\/ -->\n<title>GARC\u00cdA LARRABURU PIDE INFORMES SOBRE LA COMPRA DE UNA CENTRAL NUCLEAR A CHINA\u00a0<\/title>\n<meta name=\"robots\" content=\"index, follow, max-snippet:-1, max-image-preview:large, max-video-preview:-1\" \/>\n<link rel=\"canonical\" href=\"https:\/\/patagoniambiental.com.ar\/info\/garcia-larraburu-pide-informes-sobre-la-compra-de-una-central-nuclear-a-china\/\" \/>\n<meta property=\"og:locale\" content=\"es_ES\" \/>\n<meta property=\"og:type\" content=\"article\" \/>\n<meta property=\"og:title\" content=\"GARC\u00cdA LARRABURU PIDE INFORMES SOBRE LA COMPRA DE UNA CENTRAL NUCLEAR A CHINA\u00a0\" \/>\n<meta property=\"og:description\" content=\"Buenos Aires.-La Senadora Silvina Garc\u00eda Larraburu present\u00f3 un proyecto de comunicaci\u00f3n al Poder Ejecutivo, solicitando informaci\u00f3n sobre la compra de [&hellip;]\" \/>\n<meta property=\"og:url\" content=\"https:\/\/patagoniambiental.com.ar\/info\/garcia-larraburu-pide-informes-sobre-la-compra-de-una-central-nuclear-a-china\/\" \/>\n<meta property=\"og:site_name\" content=\"Patagonia Ambiental\" \/>\n<meta property=\"article:publisher\" content=\"https:\/\/www.facebook.com\/patagonia.ambiental\" \/>\n<meta property=\"article:author\" content=\"https:\/\/www.facebook.com\/share\/1C1V8Gv9BX\/?mibextid=qi2Omg\" \/>\n<meta property=\"article:published_time\" content=\"2019-06-28T22:00:13+00:00\" \/>\n<meta property=\"og:image\" content=\"https:\/\/patagoniambiental.com.ar\/info\/wp-content\/uploads\/2019\/06\/thumbnail_SGL.jpg\" \/>\n\t<meta property=\"og:image:width\" content=\"774\" \/>\n\t<meta property=\"og:image:height\" content=\"1069\" \/>\n\t<meta property=\"og:image:type\" content=\"image\/jpeg\" \/>\n<meta name=\"author\" content=\"Patagonia Ambiental\" \/>\n<meta name=\"twitter:card\" content=\"summary_large_image\" \/>\n<meta name=\"twitter:creator\" content=\"@PatAmb\" \/>\n<meta name=\"twitter:site\" content=\"@PatAmb\" \/>\n<script type=\"application\/ld+json\" class=\"yoast-schema-graph\">{\"@context\":\"https:\\\/\\\/schema.org\",\"@graph\":[{\"@type\":\"Article\",\"@id\":\"https:\\\/\\\/patagoniambiental.com.ar\\\/info\\\/garcia-larraburu-pide-informes-sobre-la-compra-de-una-central-nuclear-a-china\\\/#article\",\"isPartOf\":{\"@id\":\"https:\\\/\\\/patagoniambiental.com.ar\\\/info\\\/garcia-larraburu-pide-informes-sobre-la-compra-de-una-central-nuclear-a-china\\\/\"},\"author\":{\"name\":\"Patagonia Ambiental\",\"@id\":\"https:\\\/\\\/patagoniambiental.com.ar\\\/info\\\/#\\\/schema\\\/person\\\/db12bff64bbcbf6a253710bf0ea37b5d\"},\"headline\":\"GARC\u00cdA LARRABURU PIDE INFORMES SOBRE LA COMPRA DE UNA CENTRAL NUCLEAR A CHINA\u00a0\",\"datePublished\":\"2019-06-28T22:00:13+00:00\",\"mainEntityOfPage\":{\"@id\":\"https:\\\/\\\/patagoniambiental.com.ar\\\/info\\\/garcia-larraburu-pide-informes-sobre-la-compra-de-una-central-nuclear-a-china\\\/\"},\"wordCount\":369,\"commentCount\":0,\"publisher\":{\"@id\":\"https:\\\/\\\/patagoniambiental.com.ar\\\/info\\\/#organization\"},\"image\":{\"@id\":\"https:\\\/\\\/patagoniambiental.com.ar\\\/info\\\/garcia-larraburu-pide-informes-sobre-la-compra-de-una-central-nuclear-a-china\\\/#primaryimage\"},\"thumbnailUrl\":\"https:\\\/\\\/patagoniambiental.com.ar\\\/info\\\/wp-content\\\/uploads\\\/2019\\\/06\\\/thumbnail_SGL.jpg\",\"articleSection\":[\"Internacionales\",\"Noticias\"],\"inLanguage\":\"es\",\"potentialAction\":[{\"@type\":\"CommentAction\",\"name\":\"Comment\",\"target\":[\"https:\\\/\\\/patagoniambiental.com.ar\\\/info\\\/garcia-larraburu-pide-informes-sobre-la-compra-de-una-central-nuclear-a-china\\\/#respond\"]}]},{\"@type\":\"WebPage\",\"@id\":\"https:\\\/\\\/patagoniambiental.com.ar\\\/info\\\/garcia-larraburu-pide-informes-sobre-la-compra-de-una-central-nuclear-a-china\\\/\",\"url\":\"https:\\\/\\\/patagoniambiental.com.ar\\\/info\\\/garcia-larraburu-pide-informes-sobre-la-compra-de-una-central-nuclear-a-china\\\/\",\"name\":\"GARC\u00cdA LARRABURU PIDE INFORMES SOBRE LA COMPRA DE UNA CENTRAL NUCLEAR A CHINA\u00a0\",\"isPartOf\":{\"@id\":\"https:\\\/\\\/patagoniambiental.com.ar\\\/info\\\/#website\"},\"primaryImageOfPage\":{\"@id\":\"https:\\\/\\\/patagoniambiental.com.ar\\\/info\\\/garcia-larraburu-pide-informes-sobre-la-compra-de-una-central-nuclear-a-china\\\/#primaryimage\"},\"image\":{\"@id\":\"https:\\\/\\\/patagoniambiental.com.ar\\\/info\\\/garcia-larraburu-pide-informes-sobre-la-compra-de-una-central-nuclear-a-china\\\/#primaryimage\"},\"thumbnailUrl\":\"https:\\\/\\\/patagoniambiental.com.ar\\\/info\\\/wp-content\\\/uploads\\\/2019\\\/06\\\/thumbnail_SGL.jpg\",\"datePublished\":\"2019-06-28T22:00:13+00:00\",\"breadcrumb\":{\"@id\":\"https:\\\/\\\/patagoniambiental.com.ar\\\/info\\\/garcia-larraburu-pide-informes-sobre-la-compra-de-una-central-nuclear-a-china\\\/#breadcrumb\"},\"inLanguage\":\"es\",\"potentialAction\":[{\"@type\":\"ReadAction\",\"target\":[\"https:\\\/\\\/patagoniambiental.com.ar\\\/info\\\/garcia-larraburu-pide-informes-sobre-la-compra-de-una-central-nuclear-a-china\\\/\"]}]},{\"@type\":\"ImageObject\",\"inLanguage\":\"es\",\"@id\":\"https:\\\/\\\/patagoniambiental.com.ar\\\/info\\\/garcia-larraburu-pide-informes-sobre-la-compra-de-una-central-nuclear-a-china\\\/#primaryimage\",\"url\":\"https:\\\/\\\/patagoniambiental.com.ar\\\/info\\\/wp-content\\\/uploads\\\/2019\\\/06\\\/thumbnail_SGL.jpg\",\"contentUrl\":\"https:\\\/\\\/patagoniambiental.com.ar\\\/info\\\/wp-content\\\/uploads\\\/2019\\\/06\\\/thumbnail_SGL.jpg\",\"width\":434,\"height\":600},{\"@type\":\"BreadcrumbList\",\"@id\":\"https:\\\/\\\/patagoniambiental.com.ar\\\/info\\\/garcia-larraburu-pide-informes-sobre-la-compra-de-una-central-nuclear-a-china\\\/#breadcrumb\",\"itemListElement\":[{\"@type\":\"ListItem\",\"position\":1,\"name\":\"Inicio\",\"item\":\"https:\\\/\\\/patagoniambiental.com.ar\\\/info\\\/\"},{\"@type\":\"ListItem\",\"position\":2,\"name\":\"GARC\u00cdA LARRABURU PIDE INFORMES SOBRE LA COMPRA DE UNA CENTRAL NUCLEAR A CHINA\u00a0\"}]},{\"@type\":\"WebSite\",\"@id\":\"https:\\\/\\\/patagoniambiental.com.ar\\\/info\\\/#website\",\"url\":\"https:\\\/\\\/patagoniambiental.com.ar\\\/info\\\/\",\"name\":\"Patagonia Ambiental\",\"description\":\"Monitoreo y an\u00e1lisis de la situaci\u00f3n geopol\u00edtica en el mundo y su implicancia en la Patagonia\",\"publisher\":{\"@id\":\"https:\\\/\\\/patagoniambiental.com.ar\\\/info\\\/#organization\"},\"potentialAction\":[{\"@type\":\"SearchAction\",\"target\":{\"@type\":\"EntryPoint\",\"urlTemplate\":\"https:\\\/\\\/patagoniambiental.com.ar\\\/info\\\/?s={search_term_string}\"},\"query-input\":{\"@type\":\"PropertyValueSpecification\",\"valueRequired\":true,\"valueName\":\"search_term_string\"}}],\"inLanguage\":\"es\"},{\"@type\":\"Organization\",\"@id\":\"https:\\\/\\\/patagoniambiental.com.ar\\\/info\\\/#organization\",\"name\":\"Patagonia Ambiental\",\"url\":\"https:\\\/\\\/patagoniambiental.com.ar\\\/info\\\/\",\"logo\":{\"@type\":\"ImageObject\",\"inLanguage\":\"es\",\"@id\":\"https:\\\/\\\/patagoniambiental.com.ar\\\/info\\\/#\\\/schema\\\/logo\\\/image\\\/\",\"url\":\"https:\\\/\\\/patagoniambiental.com.ar\\\/info\\\/wp-content\\\/uploads\\\/2025\\\/05\\\/LOGO-PATAGONIA-AMBIENTAL.png\",\"contentUrl\":\"https:\\\/\\\/patagoniambiental.com.ar\\\/info\\\/wp-content\\\/uploads\\\/2025\\\/05\\\/LOGO-PATAGONIA-AMBIENTAL.png\",\"width\":433,\"height\":250,\"caption\":\"Patagonia Ambiental\"},\"image\":{\"@id\":\"https:\\\/\\\/patagoniambiental.com.ar\\\/info\\\/#\\\/schema\\\/logo\\\/image\\\/\"},\"sameAs\":[\"https:\\\/\\\/www.facebook.com\\\/patagonia.ambiental\",\"https:\\\/\\\/x.com\\\/PatAmb\"]},{\"@type\":\"Person\",\"@id\":\"https:\\\/\\\/patagoniambiental.com.ar\\\/info\\\/#\\\/schema\\\/person\\\/db12bff64bbcbf6a253710bf0ea37b5d\",\"name\":\"Patagonia Ambiental\",\"description\":\"Andr\u00e9s Nievas T\u00e9cnico en manejo ambiental, consultor Ambiental y escritor para medios locales e internacionales sobre temas de geopolitica y medio ambiente.\",\"sameAs\":[\"http:\\\/\\\/www.patagoniambiental.com.ar\",\"https:\\\/\\\/www.facebook.com\\\/share\\\/1C1V8Gv9BX\\\/?mibextid=qi2Omg\",\"@patagoniambiental\",\"https:\\\/\\\/youtube.com\\\/@patagoniaambiental2023?si=BLt58t0wuXquxlYZ\"]}]}<\/script>\n<!-- \/ Yoast SEO Premium plugin. -->","yoast_head_json":{"title":"GARC\u00cdA LARRABURU PIDE INFORMES SOBRE LA COMPRA DE UNA CENTRAL NUCLEAR A CHINA\u00a0","robots":{"index":"index","follow":"follow","max-snippet":"max-snippet:-1","max-image-preview":"max-image-preview:large","max-video-preview":"max-video-preview:-1"},"canonical":"https:\/\/patagoniambiental.com.ar\/info\/garcia-larraburu-pide-informes-sobre-la-compra-de-una-central-nuclear-a-china\/","og_locale":"es_ES","og_type":"article","og_title":"GARC\u00cdA LARRABURU PIDE INFORMES SOBRE LA COMPRA DE UNA CENTRAL NUCLEAR A CHINA\u00a0","og_description":"Buenos Aires.-La Senadora Silvina Garc\u00eda Larraburu present\u00f3 un proyecto de comunicaci\u00f3n al Poder Ejecutivo, solicitando informaci\u00f3n sobre la compra de [&hellip;]","og_url":"https:\/\/patagoniambiental.com.ar\/info\/garcia-larraburu-pide-informes-sobre-la-compra-de-una-central-nuclear-a-china\/","og_site_name":"Patagonia Ambiental","article_publisher":"https:\/\/www.facebook.com\/patagonia.ambiental","article_author":"https:\/\/www.facebook.com\/share\/1C1V8Gv9BX\/?mibextid=qi2Omg","article_published_time":"2019-06-28T22:00:13+00:00","og_image":[{"width":774,"height":1069,"url":"https:\/\/patagoniambiental.com.ar\/info\/wp-content\/uploads\/2019\/06\/thumbnail_SGL.jpg","type":"image\/jpeg"}],"author":"Patagonia Ambiental","twitter_card":"summary_large_image","twitter_creator":"@PatAmb","twitter_site":"@PatAmb","schema":{"@context":"https:\/\/schema.org","@graph":[{"@type":"Article","@id":"https:\/\/patagoniambiental.com.ar\/info\/garcia-larraburu-pide-informes-sobre-la-compra-de-una-central-nuclear-a-china\/#article","isPartOf":{"@id":"https:\/\/patagoniambiental.com.ar\/info\/garcia-larraburu-pide-informes-sobre-la-compra-de-una-central-nuclear-a-china\/"},"author":{"name":"Patagonia Ambiental","@id":"https:\/\/patagoniambiental.com.ar\/info\/#\/schema\/person\/db12bff64bbcbf6a253710bf0ea37b5d"},"headline":"GARC\u00cdA LARRABURU PIDE INFORMES SOBRE LA COMPRA DE UNA CENTRAL NUCLEAR A CHINA\u00a0","datePublished":"2019-06-28T22:00:13+00:00","mainEntityOfPage":{"@id":"https:\/\/patagoniambiental.com.ar\/info\/garcia-larraburu-pide-informes-sobre-la-compra-de-una-central-nuclear-a-china\/"},"wordCount":369,"commentCount":0,"publisher":{"@id":"https:\/\/patagoniambiental.com.ar\/info\/#organization"},"image":{"@id":"https:\/\/patagoniambiental.com.ar\/info\/garcia-larraburu-pide-informes-sobre-la-compra-de-una-central-nuclear-a-china\/#primaryimage"},"thumbnailUrl":"https:\/\/patagoniambiental.com.ar\/info\/wp-content\/uploads\/2019\/06\/thumbnail_SGL.jpg","articleSection":["Internacionales","Noticias"],"inLanguage":"es","potentialAction":[{"@type":"CommentAction","name":"Comment","target":["https:\/\/patagoniambiental.com.ar\/info\/garcia-larraburu-pide-informes-sobre-la-compra-de-una-central-nuclear-a-china\/#respond"]}]},{"@type":"WebPage","@id":"https:\/\/patagoniambiental.com.ar\/info\/garcia-larraburu-pide-informes-sobre-la-compra-de-una-central-nuclear-a-china\/","url":"https:\/\/patagoniambiental.com.ar\/info\/garcia-larraburu-pide-informes-sobre-la-compra-de-una-central-nuclear-a-china\/","name":"GARC\u00cdA LARRABURU PIDE INFORMES SOBRE LA COMPRA DE UNA CENTRAL NUCLEAR A CHINA\u00a0","isPartOf":{"@id":"https:\/\/patagoniambiental.com.ar\/info\/#website"},"primaryImageOfPage":{"@id":"https:\/\/patagoniambiental.com.ar\/info\/garcia-larraburu-pide-informes-sobre-la-compra-de-una-central-nuclear-a-china\/#primaryimage"},"image":{"@id":"https:\/\/patagoniambiental.com.ar\/info\/garcia-larraburu-pide-informes-sobre-la-compra-de-una-central-nuclear-a-china\/#primaryimage"},"thumbnailUrl":"https:\/\/patagoniambiental.com.ar\/info\/wp-content\/uploads\/2019\/06\/thumbnail_SGL.jpg","datePublished":"2019-06-28T22:00:13+00:00","breadcrumb":{"@id":"https:\/\/patagoniambiental.com.ar\/info\/garcia-larraburu-pide-informes-sobre-la-compra-de-una-central-nuclear-a-china\/#breadcrumb"},"inLanguage":"es","potentialAction":[{"@type":"ReadAction","target":["https:\/\/patagoniambiental.com.ar\/info\/garcia-larraburu-pide-informes-sobre-la-compra-de-una-central-nuclear-a-china\/"]}]},{"@type":"ImageObject","inLanguage":"es","@id":"https:\/\/patagoniambiental.com.ar\/info\/garcia-larraburu-pide-informes-sobre-la-compra-de-una-central-nuclear-a-china\/#primaryimage","url":"https:\/\/patagoniambiental.com.ar\/info\/wp-content\/uploads\/2019\/06\/thumbnail_SGL.jpg","contentUrl":"https:\/\/patagoniambiental.com.ar\/info\/wp-content\/uploads\/2019\/06\/thumbnail_SGL.jpg","width":434,"height":600},{"@type":"BreadcrumbList","@id":"https:\/\/patagoniambiental.com.ar\/info\/garcia-larraburu-pide-informes-sobre-la-compra-de-una-central-nuclear-a-china\/#breadcrumb","itemListElement":[{"@type":"ListItem","position":1,"name":"Inicio","item":"https:\/\/patagoniambiental.com.ar\/info\/"},{"@type":"ListItem","position":2,"name":"GARC\u00cdA LARRABURU PIDE INFORMES SOBRE LA COMPRA DE UNA CENTRAL NUCLEAR A CHINA\u00a0"}]},{"@type":"WebSite","@id":"https:\/\/patagoniambiental.com.ar\/info\/#website","url":"https:\/\/patagoniambiental.com.ar\/info\/","name":"Patagonia Ambiental","description":"Monitoreo y an\u00e1lisis de la situaci\u00f3n geopol\u00edtica en el mundo y su implicancia en la Patagonia","publisher":{"@id":"https:\/\/patagoniambiental.com.ar\/info\/#organization"},"potentialAction":[{"@type":"SearchAction","target":{"@type":"EntryPoint","urlTemplate":"https:\/\/patagoniambiental.com.ar\/info\/?s={search_term_string}"},"query-input":{"@type":"PropertyValueSpecification","valueRequired":true,"valueName":"search_term_string"}}],"inLanguage":"es"},{"@type":"Organization","@id":"https:\/\/patagoniambiental.com.ar\/info\/#organization","name":"Patagonia Ambiental","url":"https:\/\/patagoniambiental.com.ar\/info\/","logo":{"@type":"ImageObject","inLanguage":"es","@id":"https:\/\/patagoniambiental.com.ar\/info\/#\/schema\/logo\/image\/","url":"https:\/\/patagoniambiental.com.ar\/info\/wp-content\/uploads\/2025\/05\/LOGO-PATAGONIA-AMBIENTAL.png","contentUrl":"https:\/\/patagoniambiental.com.ar\/info\/wp-content\/uploads\/2025\/05\/LOGO-PATAGONIA-AMBIENTAL.png","width":433,"height":250,"caption":"Patagonia Ambiental"},"image":{"@id":"https:\/\/patagoniambiental.com.ar\/info\/#\/schema\/logo\/image\/"},"sameAs":["https:\/\/www.facebook.com\/patagonia.ambiental","https:\/\/x.com\/PatAmb"]},{"@type":"Person","@id":"https:\/\/patagoniambiental.com.ar\/info\/#\/schema\/person\/db12bff64bbcbf6a253710bf0ea37b5d","name":"Patagonia Ambiental","description":"Andr\u00e9s Nievas T\u00e9cnico en manejo ambiental, consultor Ambiental y escritor para medios locales e internacionales sobre temas de geopolitica y medio ambiente.","sameAs":["http:\/\/www.patagoniambiental.com.ar","https:\/\/www.facebook.com\/share\/1C1V8Gv9BX\/?mibextid=qi2Omg","@patagoniambiental","https:\/\/youtube.com\/@patagoniaambiental2023?si=BLt58t0wuXquxlYZ"]}]}},"_links":{"self":[{"href":"https:\/\/patagoniambiental.com.ar\/info\/wp-json\/wp\/v2\/posts\/62135","targetHints":{"allow":["GET"]}}],"collection":[{"href":"https:\/\/patagoniambiental.com.ar\/info\/wp-json\/wp\/v2\/posts"}],"about":[{"href":"https:\/\/patagoniambiental.com.ar\/info\/wp-json\/wp\/v2\/types\/post"}],"author":[{"embeddable":true,"href":"https:\/\/patagoniambiental.com.ar\/info\/wp-json\/wp\/v2\/users\/2"}],"replies":[{"embeddable":true,"href":"https:\/\/patagoniambiental.com.ar\/info\/wp-json\/wp\/v2\/comments?post=62135"}],"version-history":[{"count":0,"href":"https:\/\/patagoniambiental.com.ar\/info\/wp-json\/wp\/v2\/posts\/62135\/revisions"}],"wp:featuredmedia":[{"embeddable":true,"href":"https:\/\/patagoniambiental.com.ar\/info\/wp-json\/wp\/v2\/media\/62136"}],"wp:attachment":[{"href":"https:\/\/patagoniambiental.com.ar\/info\/wp-json\/wp\/v2\/media?parent=62135"}],"wp:term":[{"taxonomy":"category","embeddable":true,"href":"https:\/\/patagoniambiental.com.ar\/info\/wp-json\/wp\/v2\/categories?post=62135"},{"taxonomy":"post_tag","embeddable":true,"href":"https:\/\/patagoniambiental.com.ar\/info\/wp-json\/wp\/v2\/tags?post=62135"}],"curies":[{"name":"wp","href":"https:\/\/api.w.org\/{rel}","templated":true}]}}