{"id":62190,"date":"2019-07-03T07:00:27","date_gmt":"2019-07-03T10:00:27","guid":{"rendered":"http:\/\/patagoniambiental.com.ar\/info\/?p=62190"},"modified":"2019-07-02T15:41:52","modified_gmt":"2019-07-02T18:41:52","slug":"juntan-en-neuquen-90-metros-cubicos-de-tapitas-para-el-garrahan","status":"publish","type":"post","link":"https:\/\/patagoniambiental.com.ar\/info\/juntan-en-neuquen-90-metros-cubicos-de-tapitas-para-el-garrahan\/","title":{"rendered":"Juntan en Neuquen 90 metros c\u00fabicos de tapitas para el Garrahan"},"content":{"rendered":"<article id=\"article-post\" class=\"cat-rojo\">\n<header>\n<div class=\"row\">\n<div class=\"col-xs-12\">\n<p class=\"title\"><span style=\"font-size: 16px;\">Neuquen.-La actividad se hizo el s\u00e1bado. El material para reciclar parti\u00f3 el mismo d\u00eda en un cami\u00f3n hacia Buenos Aires.<\/span><\/p>\n<p><!--more--><\/p>\n<\/div>\n<\/div>\n<\/header>\n<div class=\"head-image thumb-wrap relative\">\n<div id=\"content-gallery\">\n<div id=\"fotogaleria-Object_3184_1797\" class=\"gallery\">\n<div class=\"col2\">\n<div class=\"image itemGallery classid568408\"><a title=\"\" href=\"https:\/\/media.lmneuquen.com\/adjuntos\/195\/imagenes\/003\/694\/0003694304.jpg\"><img fetchpriority=\"high\" decoding=\"async\" title=\"Juntan 90 metros c\u00fabicos de tapitas para el Garrahan\" src=\"https:\/\/media.lmneuquen.com\/adjuntos\/195\/imagenes\/003\/694\/0003694304.jpg\" alt=\"Juntan 90 metros c\u00fabicos de tapitas para el Garrahan\" width=\"770\" height=\"433\" \/><\/a><\/p>\n<div class=\"gallery-header\"><\/div>\n<\/div>\n<\/div>\n<div class=\"clearfix\"><\/div>\n<\/div>\n<\/div>\n<\/div>\n<div class=\"cuerpo\">\n<p>Los Arcos Romanos del Parque Central se convirtieron el s\u00e1bado en el centro de recepci\u00f3n de toneladas de tapitas, pl\u00e1sticos, papel y cart\u00f3n que juntaron los vecinos y que partieron hacia el hospital Garrahan de Buenos Aires, con 90 metros c\u00fabicos de material para reciclar.<\/p>\n<\/div>\n<\/article>\n<article id=\"article-post\" class=\"cat-rojo\">\n<div class=\"cuerpo\">\n<p>Los representantes del Club de Leones, referentes en la ciudad del Garrahan, vecinos y empleados municipales se embarcaron en la tarea de recibir las donaciones de los vecinos, separar las tapitas, embolsarlas y luego subir a un cami\u00f3n de la empresa Cruz del Sur que colabor\u00f3 con la log\u00edstica y el traslado. \u201cEstamos haciendo la tarea habitual de recolecci\u00f3n de tapitas y material reciclable que tiene dos objetivos: en primer lugar, generar fondos para el hospital pero, por otro lado, contribuir al medioambiente de la ciudad de Neuqu\u00e9n porque estas tapitas que llegaron hoy al Parque Central y que juntaron los vecinos de la ciudad ser\u00e1n todas recicladas\u201d, dijo Marcelo Berm\u00fadez, secretario de Gobierno y Coordinaci\u00f3n.<\/p>\n<\/div>\n<\/article>\n<section class=\"news-lay-3 bottom-margin lista-notas-relacionadas relacionadas-nota inbody\">\n<div class=\"row\">\n<article class=\"item clearfix col-xs-12 col-sm-6 cat- rel-has-media\">\n<div class=\"row\">\n<div class=\"col-xs-6 col-sm-6\">\n<div class=\"media thumb-wrap relative wrapper-relacionadas\">En tanto, Ricardo Celli, del Club de Leones, destac\u00f3 que esta campa\u00f1a solidaria no se centr\u00f3 solo en la ciudad de Neuqu\u00e9n, sino que abarc\u00f3 desde Bah\u00eda Blanca hasta Tierra del Fuego, con la participaron de m\u00e1s de 17 clubes.<\/div>\n<\/div>\n<\/div>\n<\/article>\n<\/div>\n<\/section>\n<article id=\"article-post\" class=\"cat-rojo\">\n<div class=\"cuerpo\">\n<p>\u201cVimos coronado el esfuerzo de muchos meses de trabajo. Tengo que agradecer a la gente del Complejo Ambiental Neuqu\u00e9n que ha donado 10 bolsones de algo que ellos tambi\u00e9n usan como recurso econ\u00f3mico para subsistir, tambi\u00e9n quiero agradecer al Municipio porque estuvo siempre presente y colabor\u00f3 para que esto se pueda hacer\u201d, se\u00f1al\u00f3.<\/p>\n<p>Natalia Ag\u00fcero, representante de la Fundaci\u00f3n Garrahan en Neuqu\u00e9n, se\u00f1al\u00f3 que \u201cen cada tapita va un gesto de amor\u201d. Dijo estar \u201cmuy emocionada porque se llen\u00f3 el cami\u00f3n\u201d y \u201cs\u00faper agradecida a todo Neuqu\u00e9n por acompa\u00f1arnos en esta cruzada\u201d.<\/p>\n<\/div>\n<div class=\"poll-nota\">\n<div class=\"review\">\n<div class=\"progress\">\n<div class=\"progress-bar\" role=\"progressbar\" data-value=\"81.632653061224\" data-cantidad=\"81.632653061224\" data-idreaccion=\"2\">Fuente: La Ma\u00f1ana Neuquen<\/div>\n<\/div>\n<\/div>\n<\/div>\n<\/article>\n","protected":false},"excerpt":{"rendered":"<p>Neuquen.-La actividad se hizo el s\u00e1bado. El material para reciclar parti\u00f3 el mismo d\u00eda en un cami\u00f3n hacia Buenos Aires.<\/p>\n","protected":false},"author":2,"featured_media":62191,"comment_status":"open","ping_status":"open","sticky":false,"template":"","format":"standard","meta":{"site-sidebar-layout":"default","site-content-layout":"","ast-site-content-layout":"default","site-content-style":"default","site-sidebar-style":"default","ast-global-header-display":"","ast-banner-title-visibility":"","ast-main-header-display":"","ast-hfb-above-header-display":"","ast-hfb-below-header-display":"","ast-hfb-mobile-header-display":"","site-post-title":"","ast-breadcrumbs-content":"","ast-featured-img":"","footer-sml-layout":"","ast-disable-related-posts":"","theme-transparent-header-meta":"","adv-header-id-meta":"","stick-header-meta":"","header-above-stick-meta":"","header-main-stick-meta":"","header-below-stick-meta":"","astra-migrate-meta-layouts":"default","ast-page-background-enabled":"default","ast-page-background-meta":{"desktop":{"background-color":"var(--ast-global-color-5)","background-image":"","background-repeat":"repeat","background-position":"center center","background-size":"auto","background-attachment":"scroll","background-type":"","background-media":"","overlay-type":"","overlay-color":"","overlay-opacity":"","overlay-gradient":""},"tablet":{"background-color":"","background-image":"","background-repeat":"repeat","background-position":"center center","background-size":"auto","background-attachment":"scroll","background-type":"","background-media":"","overlay-type":"","overlay-color":"","overlay-opacity":"","overlay-gradient":""},"mobile":{"background-color":"","background-image":"","background-repeat":"repeat","background-position":"center center","background-size":"auto","background-attachment":"scroll","background-type":"","background-media":"","overlay-type":"","overlay-color":"","overlay-opacity":"","overlay-gradient":""}},"ast-content-background-meta":{"desktop":{"background-color":"var(--ast-global-color-4)","background-image":"","background-repeat":"repeat","background-position":"center center","background-size":"auto","background-attachment":"scroll","background-type":"","background-media":"","overlay-type":"","overlay-color":"","overlay-opacity":"","overlay-gradient":""},"tablet":{"background-color":"var(--ast-global-color-4)","background-image":"","background-repeat":"repeat","background-position":"center center","background-size":"auto","background-attachment":"scroll","background-type":"","background-media":"","overlay-type":"","overlay-color":"","overlay-opacity":"","overlay-gradient":""},"mobile":{"background-color":"var(--ast-global-color-4)","background-image":"","background-repeat":"repeat","background-position":"center center","background-size":"auto","background-attachment":"scroll","background-type":"","background-media":"","overlay-type":"","overlay-color":"","overlay-opacity":"","overlay-gradient":""}},"footnotes":""},"categories":[3357,16,1,10],"tags":[],"class_list":["post-62190","post","type-post","status-publish","format-standard","has-post-thumbnail","hentry","category-girsu","category-municipales","category-noticias","category-rotador"],"yoast_head":"<!-- This site is optimized with the Yoast SEO Premium plugin v23.0 (Yoast SEO v27.5) - https:\/\/yoast.com\/product\/yoast-seo-premium-wordpress\/ -->\n<title>Juntan en Neuquen 90 metros c\u00fabicos de tapitas para el Garrahan<\/title>\n<meta name=\"robots\" content=\"index, follow, max-snippet:-1, max-image-preview:large, max-video-preview:-1\" \/>\n<link rel=\"canonical\" href=\"https:\/\/patagoniambiental.com.ar\/info\/juntan-en-neuquen-90-metros-cubicos-de-tapitas-para-el-garrahan\/\" \/>\n<meta property=\"og:locale\" content=\"es_ES\" \/>\n<meta property=\"og:type\" content=\"article\" \/>\n<meta property=\"og:title\" content=\"Juntan en Neuquen 90 metros c\u00fabicos de tapitas para el Garrahan\" \/>\n<meta property=\"og:description\" content=\"Neuquen.-La actividad se hizo el s\u00e1bado. El material para reciclar parti\u00f3 el mismo d\u00eda en un cami\u00f3n hacia Buenos Aires.\" \/>\n<meta property=\"og:url\" content=\"https:\/\/patagoniambiental.com.ar\/info\/juntan-en-neuquen-90-metros-cubicos-de-tapitas-para-el-garrahan\/\" \/>\n<meta property=\"og:site_name\" content=\"Patagonia Ambiental\" \/>\n<meta property=\"article:publisher\" content=\"https:\/\/www.facebook.com\/patagonia.ambiental\" \/>\n<meta property=\"article:author\" content=\"https:\/\/www.facebook.com\/share\/1C1V8Gv9BX\/?mibextid=qi2Omg\" \/>\n<meta property=\"article:published_time\" content=\"2019-07-03T10:00:27+00:00\" \/>\n<meta property=\"og:image\" content=\"https:\/\/patagoniambiental.com.ar\/info\/wp-content\/uploads\/2019\/07\/0003694304.jpg\" \/>\n\t<meta property=\"og:image:width\" content=\"770\" \/>\n\t<meta property=\"og:image:height\" content=\"433\" \/>\n\t<meta property=\"og:image:type\" content=\"image\/jpeg\" \/>\n<meta name=\"author\" content=\"Patagonia Ambiental\" \/>\n<meta name=\"twitter:card\" content=\"summary_large_image\" \/>\n<meta name=\"twitter:creator\" content=\"@PatAmb\" \/>\n<meta name=\"twitter:site\" content=\"@PatAmb\" \/>\n<script type=\"application\/ld+json\" class=\"yoast-schema-graph\">{\"@context\":\"https:\\\/\\\/schema.org\",\"@graph\":[{\"@type\":\"Article\",\"@id\":\"https:\\\/\\\/patagoniambiental.com.ar\\\/info\\\/juntan-en-neuquen-90-metros-cubicos-de-tapitas-para-el-garrahan\\\/#article\",\"isPartOf\":{\"@id\":\"https:\\\/\\\/patagoniambiental.com.ar\\\/info\\\/juntan-en-neuquen-90-metros-cubicos-de-tapitas-para-el-garrahan\\\/\"},\"author\":{\"name\":\"Patagonia Ambiental\",\"@id\":\"https:\\\/\\\/patagoniambiental.com.ar\\\/info\\\/#\\\/schema\\\/person\\\/db12bff64bbcbf6a253710bf0ea37b5d\"},\"headline\":\"Juntan en Neuquen 90 metros c\u00fabicos de tapitas para el Garrahan\",\"datePublished\":\"2019-07-03T10:00:27+00:00\",\"mainEntityOfPage\":{\"@id\":\"https:\\\/\\\/patagoniambiental.com.ar\\\/info\\\/juntan-en-neuquen-90-metros-cubicos-de-tapitas-para-el-garrahan\\\/\"},\"wordCount\":359,\"commentCount\":0,\"publisher\":{\"@id\":\"https:\\\/\\\/patagoniambiental.com.ar\\\/info\\\/#organization\"},\"image\":{\"@id\":\"https:\\\/\\\/patagoniambiental.com.ar\\\/info\\\/juntan-en-neuquen-90-metros-cubicos-de-tapitas-para-el-garrahan\\\/#primaryimage\"},\"thumbnailUrl\":\"https:\\\/\\\/patagoniambiental.com.ar\\\/info\\\/wp-content\\\/uploads\\\/2019\\\/07\\\/0003694304.jpg\",\"articleSection\":[\"GIRSU\",\"Municipales\",\"Noticias\",\"Rotador\"],\"inLanguage\":\"es\",\"potentialAction\":[{\"@type\":\"CommentAction\",\"name\":\"Comment\",\"target\":[\"https:\\\/\\\/patagoniambiental.com.ar\\\/info\\\/juntan-en-neuquen-90-metros-cubicos-de-tapitas-para-el-garrahan\\\/#respond\"]}]},{\"@type\":\"WebPage\",\"@id\":\"https:\\\/\\\/patagoniambiental.com.ar\\\/info\\\/juntan-en-neuquen-90-metros-cubicos-de-tapitas-para-el-garrahan\\\/\",\"url\":\"https:\\\/\\\/patagoniambiental.com.ar\\\/info\\\/juntan-en-neuquen-90-metros-cubicos-de-tapitas-para-el-garrahan\\\/\",\"name\":\"Juntan en Neuquen 90 metros c\u00fabicos de tapitas para el Garrahan\",\"isPartOf\":{\"@id\":\"https:\\\/\\\/patagoniambiental.com.ar\\\/info\\\/#website\"},\"primaryImageOfPage\":{\"@id\":\"https:\\\/\\\/patagoniambiental.com.ar\\\/info\\\/juntan-en-neuquen-90-metros-cubicos-de-tapitas-para-el-garrahan\\\/#primaryimage\"},\"image\":{\"@id\":\"https:\\\/\\\/patagoniambiental.com.ar\\\/info\\\/juntan-en-neuquen-90-metros-cubicos-de-tapitas-para-el-garrahan\\\/#primaryimage\"},\"thumbnailUrl\":\"https:\\\/\\\/patagoniambiental.com.ar\\\/info\\\/wp-content\\\/uploads\\\/2019\\\/07\\\/0003694304.jpg\",\"datePublished\":\"2019-07-03T10:00:27+00:00\",\"breadcrumb\":{\"@id\":\"https:\\\/\\\/patagoniambiental.com.ar\\\/info\\\/juntan-en-neuquen-90-metros-cubicos-de-tapitas-para-el-garrahan\\\/#breadcrumb\"},\"inLanguage\":\"es\",\"potentialAction\":[{\"@type\":\"ReadAction\",\"target\":[\"https:\\\/\\\/patagoniambiental.com.ar\\\/info\\\/juntan-en-neuquen-90-metros-cubicos-de-tapitas-para-el-garrahan\\\/\"]}]},{\"@type\":\"ImageObject\",\"inLanguage\":\"es\",\"@id\":\"https:\\\/\\\/patagoniambiental.com.ar\\\/info\\\/juntan-en-neuquen-90-metros-cubicos-de-tapitas-para-el-garrahan\\\/#primaryimage\",\"url\":\"https:\\\/\\\/patagoniambiental.com.ar\\\/info\\\/wp-content\\\/uploads\\\/2019\\\/07\\\/0003694304.jpg\",\"contentUrl\":\"https:\\\/\\\/patagoniambiental.com.ar\\\/info\\\/wp-content\\\/uploads\\\/2019\\\/07\\\/0003694304.jpg\",\"width\":770,\"height\":433},{\"@type\":\"BreadcrumbList\",\"@id\":\"https:\\\/\\\/patagoniambiental.com.ar\\\/info\\\/juntan-en-neuquen-90-metros-cubicos-de-tapitas-para-el-garrahan\\\/#breadcrumb\",\"itemListElement\":[{\"@type\":\"ListItem\",\"position\":1,\"name\":\"Inicio\",\"item\":\"https:\\\/\\\/patagoniambiental.com.ar\\\/info\\\/\"},{\"@type\":\"ListItem\",\"position\":2,\"name\":\"Juntan en Neuquen 90 metros c\u00fabicos de tapitas para el Garrahan\"}]},{\"@type\":\"WebSite\",\"@id\":\"https:\\\/\\\/patagoniambiental.com.ar\\\/info\\\/#website\",\"url\":\"https:\\\/\\\/patagoniambiental.com.ar\\\/info\\\/\",\"name\":\"Patagonia Ambiental\",\"description\":\"Monitoreo y an\u00e1lisis de la situaci\u00f3n geopol\u00edtica en el mundo y su implicancia en la Patagonia\",\"publisher\":{\"@id\":\"https:\\\/\\\/patagoniambiental.com.ar\\\/info\\\/#organization\"},\"potentialAction\":[{\"@type\":\"SearchAction\",\"target\":{\"@type\":\"EntryPoint\",\"urlTemplate\":\"https:\\\/\\\/patagoniambiental.com.ar\\\/info\\\/?s={search_term_string}\"},\"query-input\":{\"@type\":\"PropertyValueSpecification\",\"valueRequired\":true,\"valueName\":\"search_term_string\"}}],\"inLanguage\":\"es\"},{\"@type\":\"Organization\",\"@id\":\"https:\\\/\\\/patagoniambiental.com.ar\\\/info\\\/#organization\",\"name\":\"Patagonia Ambiental\",\"url\":\"https:\\\/\\\/patagoniambiental.com.ar\\\/info\\\/\",\"logo\":{\"@type\":\"ImageObject\",\"inLanguage\":\"es\",\"@id\":\"https:\\\/\\\/patagoniambiental.com.ar\\\/info\\\/#\\\/schema\\\/logo\\\/image\\\/\",\"url\":\"https:\\\/\\\/patagoniambiental.com.ar\\\/info\\\/wp-content\\\/uploads\\\/2025\\\/05\\\/LOGO-PATAGONIA-AMBIENTAL.png\",\"contentUrl\":\"https:\\\/\\\/patagoniambiental.com.ar\\\/info\\\/wp-content\\\/uploads\\\/2025\\\/05\\\/LOGO-PATAGONIA-AMBIENTAL.png\",\"width\":433,\"height\":250,\"caption\":\"Patagonia Ambiental\"},\"image\":{\"@id\":\"https:\\\/\\\/patagoniambiental.com.ar\\\/info\\\/#\\\/schema\\\/logo\\\/image\\\/\"},\"sameAs\":[\"https:\\\/\\\/www.facebook.com\\\/patagonia.ambiental\",\"https:\\\/\\\/x.com\\\/PatAmb\"]},{\"@type\":\"Person\",\"@id\":\"https:\\\/\\\/patagoniambiental.com.ar\\\/info\\\/#\\\/schema\\\/person\\\/db12bff64bbcbf6a253710bf0ea37b5d\",\"name\":\"Patagonia Ambiental\",\"description\":\"Andr\u00e9s Nievas T\u00e9cnico en manejo ambiental, consultor Ambiental y escritor para medios locales e internacionales sobre temas de geopolitica y medio ambiente.\",\"sameAs\":[\"http:\\\/\\\/www.patagoniambiental.com.ar\",\"https:\\\/\\\/www.facebook.com\\\/share\\\/1C1V8Gv9BX\\\/?mibextid=qi2Omg\",\"@patagoniambiental\",\"https:\\\/\\\/youtube.com\\\/@patagoniaambiental2023?si=BLt58t0wuXquxlYZ\"]}]}<\/script>\n<!-- \/ Yoast SEO Premium plugin. -->","yoast_head_json":{"title":"Juntan en Neuquen 90 metros c\u00fabicos de tapitas para el Garrahan","robots":{"index":"index","follow":"follow","max-snippet":"max-snippet:-1","max-image-preview":"max-image-preview:large","max-video-preview":"max-video-preview:-1"},"canonical":"https:\/\/patagoniambiental.com.ar\/info\/juntan-en-neuquen-90-metros-cubicos-de-tapitas-para-el-garrahan\/","og_locale":"es_ES","og_type":"article","og_title":"Juntan en Neuquen 90 metros c\u00fabicos de tapitas para el Garrahan","og_description":"Neuquen.-La actividad se hizo el s\u00e1bado. El material para reciclar parti\u00f3 el mismo d\u00eda en un cami\u00f3n hacia Buenos Aires.","og_url":"https:\/\/patagoniambiental.com.ar\/info\/juntan-en-neuquen-90-metros-cubicos-de-tapitas-para-el-garrahan\/","og_site_name":"Patagonia Ambiental","article_publisher":"https:\/\/www.facebook.com\/patagonia.ambiental","article_author":"https:\/\/www.facebook.com\/share\/1C1V8Gv9BX\/?mibextid=qi2Omg","article_published_time":"2019-07-03T10:00:27+00:00","og_image":[{"width":770,"height":433,"url":"https:\/\/patagoniambiental.com.ar\/info\/wp-content\/uploads\/2019\/07\/0003694304.jpg","type":"image\/jpeg"}],"author":"Patagonia Ambiental","twitter_card":"summary_large_image","twitter_creator":"@PatAmb","twitter_site":"@PatAmb","schema":{"@context":"https:\/\/schema.org","@graph":[{"@type":"Article","@id":"https:\/\/patagoniambiental.com.ar\/info\/juntan-en-neuquen-90-metros-cubicos-de-tapitas-para-el-garrahan\/#article","isPartOf":{"@id":"https:\/\/patagoniambiental.com.ar\/info\/juntan-en-neuquen-90-metros-cubicos-de-tapitas-para-el-garrahan\/"},"author":{"name":"Patagonia Ambiental","@id":"https:\/\/patagoniambiental.com.ar\/info\/#\/schema\/person\/db12bff64bbcbf6a253710bf0ea37b5d"},"headline":"Juntan en Neuquen 90 metros c\u00fabicos de tapitas para el Garrahan","datePublished":"2019-07-03T10:00:27+00:00","mainEntityOfPage":{"@id":"https:\/\/patagoniambiental.com.ar\/info\/juntan-en-neuquen-90-metros-cubicos-de-tapitas-para-el-garrahan\/"},"wordCount":359,"commentCount":0,"publisher":{"@id":"https:\/\/patagoniambiental.com.ar\/info\/#organization"},"image":{"@id":"https:\/\/patagoniambiental.com.ar\/info\/juntan-en-neuquen-90-metros-cubicos-de-tapitas-para-el-garrahan\/#primaryimage"},"thumbnailUrl":"https:\/\/patagoniambiental.com.ar\/info\/wp-content\/uploads\/2019\/07\/0003694304.jpg","articleSection":["GIRSU","Municipales","Noticias","Rotador"],"inLanguage":"es","potentialAction":[{"@type":"CommentAction","name":"Comment","target":["https:\/\/patagoniambiental.com.ar\/info\/juntan-en-neuquen-90-metros-cubicos-de-tapitas-para-el-garrahan\/#respond"]}]},{"@type":"WebPage","@id":"https:\/\/patagoniambiental.com.ar\/info\/juntan-en-neuquen-90-metros-cubicos-de-tapitas-para-el-garrahan\/","url":"https:\/\/patagoniambiental.com.ar\/info\/juntan-en-neuquen-90-metros-cubicos-de-tapitas-para-el-garrahan\/","name":"Juntan en Neuquen 90 metros c\u00fabicos de tapitas para el Garrahan","isPartOf":{"@id":"https:\/\/patagoniambiental.com.ar\/info\/#website"},"primaryImageOfPage":{"@id":"https:\/\/patagoniambiental.com.ar\/info\/juntan-en-neuquen-90-metros-cubicos-de-tapitas-para-el-garrahan\/#primaryimage"},"image":{"@id":"https:\/\/patagoniambiental.com.ar\/info\/juntan-en-neuquen-90-metros-cubicos-de-tapitas-para-el-garrahan\/#primaryimage"},"thumbnailUrl":"https:\/\/patagoniambiental.com.ar\/info\/wp-content\/uploads\/2019\/07\/0003694304.jpg","datePublished":"2019-07-03T10:00:27+00:00","breadcrumb":{"@id":"https:\/\/patagoniambiental.com.ar\/info\/juntan-en-neuquen-90-metros-cubicos-de-tapitas-para-el-garrahan\/#breadcrumb"},"inLanguage":"es","potentialAction":[{"@type":"ReadAction","target":["https:\/\/patagoniambiental.com.ar\/info\/juntan-en-neuquen-90-metros-cubicos-de-tapitas-para-el-garrahan\/"]}]},{"@type":"ImageObject","inLanguage":"es","@id":"https:\/\/patagoniambiental.com.ar\/info\/juntan-en-neuquen-90-metros-cubicos-de-tapitas-para-el-garrahan\/#primaryimage","url":"https:\/\/patagoniambiental.com.ar\/info\/wp-content\/uploads\/2019\/07\/0003694304.jpg","contentUrl":"https:\/\/patagoniambiental.com.ar\/info\/wp-content\/uploads\/2019\/07\/0003694304.jpg","width":770,"height":433},{"@type":"BreadcrumbList","@id":"https:\/\/patagoniambiental.com.ar\/info\/juntan-en-neuquen-90-metros-cubicos-de-tapitas-para-el-garrahan\/#breadcrumb","itemListElement":[{"@type":"ListItem","position":1,"name":"Inicio","item":"https:\/\/patagoniambiental.com.ar\/info\/"},{"@type":"ListItem","position":2,"name":"Juntan en Neuquen 90 metros c\u00fabicos de tapitas para el Garrahan"}]},{"@type":"WebSite","@id":"https:\/\/patagoniambiental.com.ar\/info\/#website","url":"https:\/\/patagoniambiental.com.ar\/info\/","name":"Patagonia Ambiental","description":"Monitoreo y an\u00e1lisis de la situaci\u00f3n geopol\u00edtica en el mundo y su implicancia en la Patagonia","publisher":{"@id":"https:\/\/patagoniambiental.com.ar\/info\/#organization"},"potentialAction":[{"@type":"SearchAction","target":{"@type":"EntryPoint","urlTemplate":"https:\/\/patagoniambiental.com.ar\/info\/?s={search_term_string}"},"query-input":{"@type":"PropertyValueSpecification","valueRequired":true,"valueName":"search_term_string"}}],"inLanguage":"es"},{"@type":"Organization","@id":"https:\/\/patagoniambiental.com.ar\/info\/#organization","name":"Patagonia Ambiental","url":"https:\/\/patagoniambiental.com.ar\/info\/","logo":{"@type":"ImageObject","inLanguage":"es","@id":"https:\/\/patagoniambiental.com.ar\/info\/#\/schema\/logo\/image\/","url":"https:\/\/patagoniambiental.com.ar\/info\/wp-content\/uploads\/2025\/05\/LOGO-PATAGONIA-AMBIENTAL.png","contentUrl":"https:\/\/patagoniambiental.com.ar\/info\/wp-content\/uploads\/2025\/05\/LOGO-PATAGONIA-AMBIENTAL.png","width":433,"height":250,"caption":"Patagonia Ambiental"},"image":{"@id":"https:\/\/patagoniambiental.com.ar\/info\/#\/schema\/logo\/image\/"},"sameAs":["https:\/\/www.facebook.com\/patagonia.ambiental","https:\/\/x.com\/PatAmb"]},{"@type":"Person","@id":"https:\/\/patagoniambiental.com.ar\/info\/#\/schema\/person\/db12bff64bbcbf6a253710bf0ea37b5d","name":"Patagonia Ambiental","description":"Andr\u00e9s Nievas T\u00e9cnico en manejo ambiental, consultor Ambiental y escritor para medios locales e internacionales sobre temas de geopolitica y medio ambiente.","sameAs":["http:\/\/www.patagoniambiental.com.ar","https:\/\/www.facebook.com\/share\/1C1V8Gv9BX\/?mibextid=qi2Omg","@patagoniambiental","https:\/\/youtube.com\/@patagoniaambiental2023?si=BLt58t0wuXquxlYZ"]}]}},"_links":{"self":[{"href":"https:\/\/patagoniambiental.com.ar\/info\/wp-json\/wp\/v2\/posts\/62190","targetHints":{"allow":["GET"]}}],"collection":[{"href":"https:\/\/patagoniambiental.com.ar\/info\/wp-json\/wp\/v2\/posts"}],"about":[{"href":"https:\/\/patagoniambiental.com.ar\/info\/wp-json\/wp\/v2\/types\/post"}],"author":[{"embeddable":true,"href":"https:\/\/patagoniambiental.com.ar\/info\/wp-json\/wp\/v2\/users\/2"}],"replies":[{"embeddable":true,"href":"https:\/\/patagoniambiental.com.ar\/info\/wp-json\/wp\/v2\/comments?post=62190"}],"version-history":[{"count":0,"href":"https:\/\/patagoniambiental.com.ar\/info\/wp-json\/wp\/v2\/posts\/62190\/revisions"}],"wp:featuredmedia":[{"embeddable":true,"href":"https:\/\/patagoniambiental.com.ar\/info\/wp-json\/wp\/v2\/media\/62191"}],"wp:attachment":[{"href":"https:\/\/patagoniambiental.com.ar\/info\/wp-json\/wp\/v2\/media?parent=62190"}],"wp:term":[{"taxonomy":"category","embeddable":true,"href":"https:\/\/patagoniambiental.com.ar\/info\/wp-json\/wp\/v2\/categories?post=62190"},{"taxonomy":"post_tag","embeddable":true,"href":"https:\/\/patagoniambiental.com.ar\/info\/wp-json\/wp\/v2\/tags?post=62190"}],"curies":[{"name":"wp","href":"https:\/\/api.w.org\/{rel}","templated":true}]}}