{"id":62280,"date":"2019-07-06T07:00:08","date_gmt":"2019-07-06T10:00:08","guid":{"rendered":"http:\/\/patagoniambiental.com.ar\/info\/?p=62280"},"modified":"2019-07-05T12:21:38","modified_gmt":"2019-07-05T15:21:38","slug":"neuquen-tendra-la-primera-bicisenda-electrica-con-paneles-solares","status":"publish","type":"post","link":"https:\/\/patagoniambiental.com.ar\/info\/neuquen-tendra-la-primera-bicisenda-electrica-con-paneles-solares\/","title":{"rendered":"NEUQU\u00c9N TENDR\u00c1 LA PRIMERA BICISENDA EL\u00c9CTRICA CON PANELES SOLARES"},"content":{"rendered":"<div class=\"title-top\">\n<div class=\"inner-container clearfix\">\n<p class=\"title-font font-700 pull-left\"><span style=\"font-size: 16px;\">Neuquen.-La primera bicisenda el\u00e9ctrica de Neuqu\u00e9n ser\u00e1 habilitada este a\u00f1o en el Paseo de la Costa de la capital provincial con la instalaci\u00f3n de bicicletas el\u00e9ctricas, puntos de recarga, paneles solares y cargadores inal\u00e1mbricos para celulares.<\/span><\/p>\n<\/div>\n<\/div>\n<p><!--more--><\/p>\n<div class=\"inner-container clearfix\">\n<div class=\"article-container pull-left\">\n<div class=\"article-full-body text-font\">\n<div class=\"article-body-content\">\n<p>El financiamiento del proyecto estar\u00e1 a cargo del Instituto del Juego de Azar de Neuqu\u00e9n (IJAN) con la adquisici\u00f3n de diez bicicletas, cuatro puntos de recarga, c\u00e1maras de seguridad, cargadores inal\u00e1mbricos para celulares, iluminaci\u00f3n, pantalla publicitaria, adem\u00e1s del mobiliario urbano como bancos y cestos de residuos.<\/p>\n<p>La propuesta fue elaborada por la Agencia de Inversiones de Neuqu\u00e9n (ADI-ADENEU) y la Corporaci\u00f3n para el Desarrollo Integral (Cordineu) con la intervenci\u00f3n de estudiantes de escuelas t\u00e9cnicas.<\/p>\n<p>Cordineu aportar\u00e1 la primera bater\u00eda de paneles solares que suministrar\u00e1n energ\u00eda renovable para diversos usos y para la recarga de las bicicletas, que en un plazo estimado de sesenta d\u00edas podr\u00eda ofrecerse a los usuarios en todo el sector recreativo ubicado a orillas del r\u00edo Limay.<\/p>\n<p>La puesta en marcha de la iniciativa apunta \u00aba reducir en el espacio urbano las emisiones de di\u00f3xido de carbono para el cuidado del medio ambiente\u00bb.<\/p>\n<p>El gobierno provincial inform\u00f3 adem\u00e1s que en el desarrollo del plan de trabajo intervendr\u00e1n las escuelas t\u00e9cnicas de la provincia.<\/p>\n<p>Fuente: T\u00e9lam<\/p>\n<div id=\"lx_644882\" class=\"__lxG__multi __lxG__multi_lx_644882\" data-cnt=\"2\">\n<div id=\"dfp_spec_lx_644882_2\" data-google-query-id=\"CK_3n_P2m-MCFY9lwQodMXAJ7w\">\n<div id=\"google_ads_iframe_\/45470634\/clickio_area_644882_336x280_1__container__\"><\/div>\n<\/div>\n<\/div>\n<\/div>\n<div class=\"nota-bottom-share\"><\/div>\n<\/div>\n<\/div>\n<\/div>\n","protected":false},"excerpt":{"rendered":"<p>Neuquen.-La primera bicisenda el\u00e9ctrica de Neuqu\u00e9n ser\u00e1 habilitada este a\u00f1o en el Paseo de la Costa de la capital provincial [&hellip;]<\/p>\n","protected":false},"author":2,"featured_media":44684,"comment_status":"open","ping_status":"open","sticky":false,"template":"","format":"standard","meta":{"site-sidebar-layout":"default","site-content-layout":"","ast-site-content-layout":"default","site-content-style":"default","site-sidebar-style":"default","ast-global-header-display":"","ast-banner-title-visibility":"","ast-main-header-display":"","ast-hfb-above-header-display":"","ast-hfb-below-header-display":"","ast-hfb-mobile-header-display":"","site-post-title":"","ast-breadcrumbs-content":"","ast-featured-img":"","footer-sml-layout":"","ast-disable-related-posts":"","theme-transparent-header-meta":"","adv-header-id-meta":"","stick-header-meta":"","header-above-stick-meta":"","header-main-stick-meta":"","header-below-stick-meta":"","astra-migrate-meta-layouts":"default","ast-page-background-enabled":"default","ast-page-background-meta":{"desktop":{"background-color":"var(--ast-global-color-5)","background-image":"","background-repeat":"repeat","background-position":"center center","background-size":"auto","background-attachment":"scroll","background-type":"","background-media":"","overlay-type":"","overlay-color":"","overlay-opacity":"","overlay-gradient":""},"tablet":{"background-color":"","background-image":"","background-repeat":"repeat","background-position":"center center","background-size":"auto","background-attachment":"scroll","background-type":"","background-media":"","overlay-type":"","overlay-color":"","overlay-opacity":"","overlay-gradient":""},"mobile":{"background-color":"","background-image":"","background-repeat":"repeat","background-position":"center center","background-size":"auto","background-attachment":"scroll","background-type":"","background-media":"","overlay-type":"","overlay-color":"","overlay-opacity":"","overlay-gradient":""}},"ast-content-background-meta":{"desktop":{"background-color":"var(--ast-global-color-4)","background-image":"","background-repeat":"repeat","background-position":"center center","background-size":"auto","background-attachment":"scroll","background-type":"","background-media":"","overlay-type":"","overlay-color":"","overlay-opacity":"","overlay-gradient":""},"tablet":{"background-color":"var(--ast-global-color-4)","background-image":"","background-repeat":"repeat","background-position":"center center","background-size":"auto","background-attachment":"scroll","background-type":"","background-media":"","overlay-type":"","overlay-color":"","overlay-opacity":"","overlay-gradient":""},"mobile":{"background-color":"var(--ast-global-color-4)","background-image":"","background-repeat":"repeat","background-position":"center center","background-size":"auto","background-attachment":"scroll","background-type":"","background-media":"","overlay-type":"","overlay-color":"","overlay-opacity":"","overlay-gradient":""}},"footnotes":""},"categories":[11,18,1,13,10],"tags":[],"class_list":["post-62280","post","type-post","status-publish","format-standard","has-post-thumbnail","hentry","category-boletin","category-neuquen","category-noticias","category-provinciales","category-rotador"],"yoast_head":"<!-- This site is optimized with the Yoast SEO Premium plugin v23.0 (Yoast SEO v27.5) - https:\/\/yoast.com\/product\/yoast-seo-premium-wordpress\/ -->\n<title>NEUQU\u00c9N TENDR\u00c1 LA PRIMERA BICISENDA EL\u00c9CTRICA CON PANELES SOLARES<\/title>\n<meta name=\"robots\" content=\"index, follow, max-snippet:-1, max-image-preview:large, max-video-preview:-1\" \/>\n<link rel=\"canonical\" href=\"https:\/\/patagoniambiental.com.ar\/info\/neuquen-tendra-la-primera-bicisenda-electrica-con-paneles-solares\/\" \/>\n<meta property=\"og:locale\" content=\"es_ES\" \/>\n<meta property=\"og:type\" content=\"article\" \/>\n<meta property=\"og:title\" content=\"NEUQU\u00c9N TENDR\u00c1 LA PRIMERA BICISENDA EL\u00c9CTRICA CON PANELES SOLARES\" \/>\n<meta property=\"og:description\" content=\"Neuquen.-La primera bicisenda el\u00e9ctrica de Neuqu\u00e9n ser\u00e1 habilitada este a\u00f1o en el Paseo de la Costa de la capital provincial [&hellip;]\" \/>\n<meta property=\"og:url\" content=\"https:\/\/patagoniambiental.com.ar\/info\/neuquen-tendra-la-primera-bicisenda-electrica-con-paneles-solares\/\" \/>\n<meta property=\"og:site_name\" content=\"Patagonia Ambiental\" \/>\n<meta property=\"article:publisher\" content=\"https:\/\/www.facebook.com\/patagonia.ambiental\" \/>\n<meta property=\"article:author\" content=\"https:\/\/www.facebook.com\/share\/1C1V8Gv9BX\/?mibextid=qi2Omg\" \/>\n<meta property=\"article:published_time\" content=\"2019-07-06T10:00:08+00:00\" \/>\n<meta property=\"og:image\" content=\"https:\/\/patagoniambiental.com.ar\/info\/wp-content\/uploads\/2018\/04\/nqn.jpg\" \/>\n\t<meta property=\"og:image:width\" content=\"1024\" \/>\n\t<meta property=\"og:image:height\" content=\"731\" \/>\n\t<meta property=\"og:image:type\" content=\"image\/jpeg\" \/>\n<meta name=\"author\" content=\"Patagonia Ambiental\" \/>\n<meta name=\"twitter:card\" content=\"summary_large_image\" \/>\n<meta name=\"twitter:creator\" content=\"@PatAmb\" \/>\n<meta name=\"twitter:site\" content=\"@PatAmb\" \/>\n<script type=\"application\/ld+json\" class=\"yoast-schema-graph\">{\"@context\":\"https:\\\/\\\/schema.org\",\"@graph\":[{\"@type\":\"Article\",\"@id\":\"https:\\\/\\\/patagoniambiental.com.ar\\\/info\\\/neuquen-tendra-la-primera-bicisenda-electrica-con-paneles-solares\\\/#article\",\"isPartOf\":{\"@id\":\"https:\\\/\\\/patagoniambiental.com.ar\\\/info\\\/neuquen-tendra-la-primera-bicisenda-electrica-con-paneles-solares\\\/\"},\"author\":{\"name\":\"Patagonia Ambiental\",\"@id\":\"https:\\\/\\\/patagoniambiental.com.ar\\\/info\\\/#\\\/schema\\\/person\\\/db12bff64bbcbf6a253710bf0ea37b5d\"},\"headline\":\"NEUQU\u00c9N TENDR\u00c1 LA PRIMERA BICISENDA EL\u00c9CTRICA CON PANELES SOLARES\",\"datePublished\":\"2019-07-06T10:00:08+00:00\",\"mainEntityOfPage\":{\"@id\":\"https:\\\/\\\/patagoniambiental.com.ar\\\/info\\\/neuquen-tendra-la-primera-bicisenda-electrica-con-paneles-solares\\\/\"},\"wordCount\":243,\"commentCount\":0,\"publisher\":{\"@id\":\"https:\\\/\\\/patagoniambiental.com.ar\\\/info\\\/#organization\"},\"image\":{\"@id\":\"https:\\\/\\\/patagoniambiental.com.ar\\\/info\\\/neuquen-tendra-la-primera-bicisenda-electrica-con-paneles-solares\\\/#primaryimage\"},\"thumbnailUrl\":\"https:\\\/\\\/patagoniambiental.com.ar\\\/info\\\/wp-content\\\/uploads\\\/2018\\\/04\\\/nqn.jpg\",\"articleSection\":[\"Bolet\u00edn\",\"Neuqu\u00e9n\",\"Noticias\",\"Provinciales\",\"Rotador\"],\"inLanguage\":\"es\",\"potentialAction\":[{\"@type\":\"CommentAction\",\"name\":\"Comment\",\"target\":[\"https:\\\/\\\/patagoniambiental.com.ar\\\/info\\\/neuquen-tendra-la-primera-bicisenda-electrica-con-paneles-solares\\\/#respond\"]}]},{\"@type\":\"WebPage\",\"@id\":\"https:\\\/\\\/patagoniambiental.com.ar\\\/info\\\/neuquen-tendra-la-primera-bicisenda-electrica-con-paneles-solares\\\/\",\"url\":\"https:\\\/\\\/patagoniambiental.com.ar\\\/info\\\/neuquen-tendra-la-primera-bicisenda-electrica-con-paneles-solares\\\/\",\"name\":\"NEUQU\u00c9N TENDR\u00c1 LA PRIMERA BICISENDA EL\u00c9CTRICA CON PANELES SOLARES\",\"isPartOf\":{\"@id\":\"https:\\\/\\\/patagoniambiental.com.ar\\\/info\\\/#website\"},\"primaryImageOfPage\":{\"@id\":\"https:\\\/\\\/patagoniambiental.com.ar\\\/info\\\/neuquen-tendra-la-primera-bicisenda-electrica-con-paneles-solares\\\/#primaryimage\"},\"image\":{\"@id\":\"https:\\\/\\\/patagoniambiental.com.ar\\\/info\\\/neuquen-tendra-la-primera-bicisenda-electrica-con-paneles-solares\\\/#primaryimage\"},\"thumbnailUrl\":\"https:\\\/\\\/patagoniambiental.com.ar\\\/info\\\/wp-content\\\/uploads\\\/2018\\\/04\\\/nqn.jpg\",\"datePublished\":\"2019-07-06T10:00:08+00:00\",\"breadcrumb\":{\"@id\":\"https:\\\/\\\/patagoniambiental.com.ar\\\/info\\\/neuquen-tendra-la-primera-bicisenda-electrica-con-paneles-solares\\\/#breadcrumb\"},\"inLanguage\":\"es\",\"potentialAction\":[{\"@type\":\"ReadAction\",\"target\":[\"https:\\\/\\\/patagoniambiental.com.ar\\\/info\\\/neuquen-tendra-la-primera-bicisenda-electrica-con-paneles-solares\\\/\"]}]},{\"@type\":\"ImageObject\",\"inLanguage\":\"es\",\"@id\":\"https:\\\/\\\/patagoniambiental.com.ar\\\/info\\\/neuquen-tendra-la-primera-bicisenda-electrica-con-paneles-solares\\\/#primaryimage\",\"url\":\"https:\\\/\\\/patagoniambiental.com.ar\\\/info\\\/wp-content\\\/uploads\\\/2018\\\/04\\\/nqn.jpg\",\"contentUrl\":\"https:\\\/\\\/patagoniambiental.com.ar\\\/info\\\/wp-content\\\/uploads\\\/2018\\\/04\\\/nqn.jpg\",\"width\":1024,\"height\":731,\"caption\":\"https:\\\/\\\/realidadsm.com.ar\\\/2017\\\/09\\\/12\\\/neuquen-cumple-113-anos-y-lo-festeja-con-distintas-actividades\\\/\"},{\"@type\":\"BreadcrumbList\",\"@id\":\"https:\\\/\\\/patagoniambiental.com.ar\\\/info\\\/neuquen-tendra-la-primera-bicisenda-electrica-con-paneles-solares\\\/#breadcrumb\",\"itemListElement\":[{\"@type\":\"ListItem\",\"position\":1,\"name\":\"Inicio\",\"item\":\"https:\\\/\\\/patagoniambiental.com.ar\\\/info\\\/\"},{\"@type\":\"ListItem\",\"position\":2,\"name\":\"NEUQU\u00c9N TENDR\u00c1 LA PRIMERA BICISENDA EL\u00c9CTRICA CON PANELES SOLARES\"}]},{\"@type\":\"WebSite\",\"@id\":\"https:\\\/\\\/patagoniambiental.com.ar\\\/info\\\/#website\",\"url\":\"https:\\\/\\\/patagoniambiental.com.ar\\\/info\\\/\",\"name\":\"Patagonia Ambiental\",\"description\":\"Monitoreo y an\u00e1lisis de la situaci\u00f3n geopol\u00edtica en el mundo y su implicancia en la Patagonia\",\"publisher\":{\"@id\":\"https:\\\/\\\/patagoniambiental.com.ar\\\/info\\\/#organization\"},\"potentialAction\":[{\"@type\":\"SearchAction\",\"target\":{\"@type\":\"EntryPoint\",\"urlTemplate\":\"https:\\\/\\\/patagoniambiental.com.ar\\\/info\\\/?s={search_term_string}\"},\"query-input\":{\"@type\":\"PropertyValueSpecification\",\"valueRequired\":true,\"valueName\":\"search_term_string\"}}],\"inLanguage\":\"es\"},{\"@type\":\"Organization\",\"@id\":\"https:\\\/\\\/patagoniambiental.com.ar\\\/info\\\/#organization\",\"name\":\"Patagonia Ambiental\",\"url\":\"https:\\\/\\\/patagoniambiental.com.ar\\\/info\\\/\",\"logo\":{\"@type\":\"ImageObject\",\"inLanguage\":\"es\",\"@id\":\"https:\\\/\\\/patagoniambiental.com.ar\\\/info\\\/#\\\/schema\\\/logo\\\/image\\\/\",\"url\":\"https:\\\/\\\/patagoniambiental.com.ar\\\/info\\\/wp-content\\\/uploads\\\/2025\\\/05\\\/LOGO-PATAGONIA-AMBIENTAL.png\",\"contentUrl\":\"https:\\\/\\\/patagoniambiental.com.ar\\\/info\\\/wp-content\\\/uploads\\\/2025\\\/05\\\/LOGO-PATAGONIA-AMBIENTAL.png\",\"width\":433,\"height\":250,\"caption\":\"Patagonia Ambiental\"},\"image\":{\"@id\":\"https:\\\/\\\/patagoniambiental.com.ar\\\/info\\\/#\\\/schema\\\/logo\\\/image\\\/\"},\"sameAs\":[\"https:\\\/\\\/www.facebook.com\\\/patagonia.ambiental\",\"https:\\\/\\\/x.com\\\/PatAmb\"]},{\"@type\":\"Person\",\"@id\":\"https:\\\/\\\/patagoniambiental.com.ar\\\/info\\\/#\\\/schema\\\/person\\\/db12bff64bbcbf6a253710bf0ea37b5d\",\"name\":\"Patagonia Ambiental\",\"description\":\"Andr\u00e9s Nievas T\u00e9cnico en manejo ambiental, consultor Ambiental y escritor para medios locales e internacionales sobre temas de geopolitica y medio ambiente.\",\"sameAs\":[\"http:\\\/\\\/www.patagoniambiental.com.ar\",\"https:\\\/\\\/www.facebook.com\\\/share\\\/1C1V8Gv9BX\\\/?mibextid=qi2Omg\",\"@patagoniambiental\",\"https:\\\/\\\/youtube.com\\\/@patagoniaambiental2023?si=BLt58t0wuXquxlYZ\"]}]}<\/script>\n<!-- \/ Yoast SEO Premium plugin. -->","yoast_head_json":{"title":"NEUQU\u00c9N TENDR\u00c1 LA PRIMERA BICISENDA EL\u00c9CTRICA CON PANELES SOLARES","robots":{"index":"index","follow":"follow","max-snippet":"max-snippet:-1","max-image-preview":"max-image-preview:large","max-video-preview":"max-video-preview:-1"},"canonical":"https:\/\/patagoniambiental.com.ar\/info\/neuquen-tendra-la-primera-bicisenda-electrica-con-paneles-solares\/","og_locale":"es_ES","og_type":"article","og_title":"NEUQU\u00c9N TENDR\u00c1 LA PRIMERA BICISENDA EL\u00c9CTRICA CON PANELES SOLARES","og_description":"Neuquen.-La primera bicisenda el\u00e9ctrica de Neuqu\u00e9n ser\u00e1 habilitada este a\u00f1o en el Paseo de la Costa de la capital provincial [&hellip;]","og_url":"https:\/\/patagoniambiental.com.ar\/info\/neuquen-tendra-la-primera-bicisenda-electrica-con-paneles-solares\/","og_site_name":"Patagonia Ambiental","article_publisher":"https:\/\/www.facebook.com\/patagonia.ambiental","article_author":"https:\/\/www.facebook.com\/share\/1C1V8Gv9BX\/?mibextid=qi2Omg","article_published_time":"2019-07-06T10:00:08+00:00","og_image":[{"width":1024,"height":731,"url":"https:\/\/patagoniambiental.com.ar\/info\/wp-content\/uploads\/2018\/04\/nqn.jpg","type":"image\/jpeg"}],"author":"Patagonia Ambiental","twitter_card":"summary_large_image","twitter_creator":"@PatAmb","twitter_site":"@PatAmb","schema":{"@context":"https:\/\/schema.org","@graph":[{"@type":"Article","@id":"https:\/\/patagoniambiental.com.ar\/info\/neuquen-tendra-la-primera-bicisenda-electrica-con-paneles-solares\/#article","isPartOf":{"@id":"https:\/\/patagoniambiental.com.ar\/info\/neuquen-tendra-la-primera-bicisenda-electrica-con-paneles-solares\/"},"author":{"name":"Patagonia Ambiental","@id":"https:\/\/patagoniambiental.com.ar\/info\/#\/schema\/person\/db12bff64bbcbf6a253710bf0ea37b5d"},"headline":"NEUQU\u00c9N TENDR\u00c1 LA PRIMERA BICISENDA EL\u00c9CTRICA CON PANELES SOLARES","datePublished":"2019-07-06T10:00:08+00:00","mainEntityOfPage":{"@id":"https:\/\/patagoniambiental.com.ar\/info\/neuquen-tendra-la-primera-bicisenda-electrica-con-paneles-solares\/"},"wordCount":243,"commentCount":0,"publisher":{"@id":"https:\/\/patagoniambiental.com.ar\/info\/#organization"},"image":{"@id":"https:\/\/patagoniambiental.com.ar\/info\/neuquen-tendra-la-primera-bicisenda-electrica-con-paneles-solares\/#primaryimage"},"thumbnailUrl":"https:\/\/patagoniambiental.com.ar\/info\/wp-content\/uploads\/2018\/04\/nqn.jpg","articleSection":["Bolet\u00edn","Neuqu\u00e9n","Noticias","Provinciales","Rotador"],"inLanguage":"es","potentialAction":[{"@type":"CommentAction","name":"Comment","target":["https:\/\/patagoniambiental.com.ar\/info\/neuquen-tendra-la-primera-bicisenda-electrica-con-paneles-solares\/#respond"]}]},{"@type":"WebPage","@id":"https:\/\/patagoniambiental.com.ar\/info\/neuquen-tendra-la-primera-bicisenda-electrica-con-paneles-solares\/","url":"https:\/\/patagoniambiental.com.ar\/info\/neuquen-tendra-la-primera-bicisenda-electrica-con-paneles-solares\/","name":"NEUQU\u00c9N TENDR\u00c1 LA PRIMERA BICISENDA EL\u00c9CTRICA CON PANELES SOLARES","isPartOf":{"@id":"https:\/\/patagoniambiental.com.ar\/info\/#website"},"primaryImageOfPage":{"@id":"https:\/\/patagoniambiental.com.ar\/info\/neuquen-tendra-la-primera-bicisenda-electrica-con-paneles-solares\/#primaryimage"},"image":{"@id":"https:\/\/patagoniambiental.com.ar\/info\/neuquen-tendra-la-primera-bicisenda-electrica-con-paneles-solares\/#primaryimage"},"thumbnailUrl":"https:\/\/patagoniambiental.com.ar\/info\/wp-content\/uploads\/2018\/04\/nqn.jpg","datePublished":"2019-07-06T10:00:08+00:00","breadcrumb":{"@id":"https:\/\/patagoniambiental.com.ar\/info\/neuquen-tendra-la-primera-bicisenda-electrica-con-paneles-solares\/#breadcrumb"},"inLanguage":"es","potentialAction":[{"@type":"ReadAction","target":["https:\/\/patagoniambiental.com.ar\/info\/neuquen-tendra-la-primera-bicisenda-electrica-con-paneles-solares\/"]}]},{"@type":"ImageObject","inLanguage":"es","@id":"https:\/\/patagoniambiental.com.ar\/info\/neuquen-tendra-la-primera-bicisenda-electrica-con-paneles-solares\/#primaryimage","url":"https:\/\/patagoniambiental.com.ar\/info\/wp-content\/uploads\/2018\/04\/nqn.jpg","contentUrl":"https:\/\/patagoniambiental.com.ar\/info\/wp-content\/uploads\/2018\/04\/nqn.jpg","width":1024,"height":731,"caption":"https:\/\/realidadsm.com.ar\/2017\/09\/12\/neuquen-cumple-113-anos-y-lo-festeja-con-distintas-actividades\/"},{"@type":"BreadcrumbList","@id":"https:\/\/patagoniambiental.com.ar\/info\/neuquen-tendra-la-primera-bicisenda-electrica-con-paneles-solares\/#breadcrumb","itemListElement":[{"@type":"ListItem","position":1,"name":"Inicio","item":"https:\/\/patagoniambiental.com.ar\/info\/"},{"@type":"ListItem","position":2,"name":"NEUQU\u00c9N TENDR\u00c1 LA PRIMERA BICISENDA EL\u00c9CTRICA CON PANELES SOLARES"}]},{"@type":"WebSite","@id":"https:\/\/patagoniambiental.com.ar\/info\/#website","url":"https:\/\/patagoniambiental.com.ar\/info\/","name":"Patagonia Ambiental","description":"Monitoreo y an\u00e1lisis de la situaci\u00f3n geopol\u00edtica en el mundo y su implicancia en la Patagonia","publisher":{"@id":"https:\/\/patagoniambiental.com.ar\/info\/#organization"},"potentialAction":[{"@type":"SearchAction","target":{"@type":"EntryPoint","urlTemplate":"https:\/\/patagoniambiental.com.ar\/info\/?s={search_term_string}"},"query-input":{"@type":"PropertyValueSpecification","valueRequired":true,"valueName":"search_term_string"}}],"inLanguage":"es"},{"@type":"Organization","@id":"https:\/\/patagoniambiental.com.ar\/info\/#organization","name":"Patagonia Ambiental","url":"https:\/\/patagoniambiental.com.ar\/info\/","logo":{"@type":"ImageObject","inLanguage":"es","@id":"https:\/\/patagoniambiental.com.ar\/info\/#\/schema\/logo\/image\/","url":"https:\/\/patagoniambiental.com.ar\/info\/wp-content\/uploads\/2025\/05\/LOGO-PATAGONIA-AMBIENTAL.png","contentUrl":"https:\/\/patagoniambiental.com.ar\/info\/wp-content\/uploads\/2025\/05\/LOGO-PATAGONIA-AMBIENTAL.png","width":433,"height":250,"caption":"Patagonia Ambiental"},"image":{"@id":"https:\/\/patagoniambiental.com.ar\/info\/#\/schema\/logo\/image\/"},"sameAs":["https:\/\/www.facebook.com\/patagonia.ambiental","https:\/\/x.com\/PatAmb"]},{"@type":"Person","@id":"https:\/\/patagoniambiental.com.ar\/info\/#\/schema\/person\/db12bff64bbcbf6a253710bf0ea37b5d","name":"Patagonia Ambiental","description":"Andr\u00e9s Nievas T\u00e9cnico en manejo ambiental, consultor Ambiental y escritor para medios locales e internacionales sobre temas de geopolitica y medio ambiente.","sameAs":["http:\/\/www.patagoniambiental.com.ar","https:\/\/www.facebook.com\/share\/1C1V8Gv9BX\/?mibextid=qi2Omg","@patagoniambiental","https:\/\/youtube.com\/@patagoniaambiental2023?si=BLt58t0wuXquxlYZ"]}]}},"_links":{"self":[{"href":"https:\/\/patagoniambiental.com.ar\/info\/wp-json\/wp\/v2\/posts\/62280","targetHints":{"allow":["GET"]}}],"collection":[{"href":"https:\/\/patagoniambiental.com.ar\/info\/wp-json\/wp\/v2\/posts"}],"about":[{"href":"https:\/\/patagoniambiental.com.ar\/info\/wp-json\/wp\/v2\/types\/post"}],"author":[{"embeddable":true,"href":"https:\/\/patagoniambiental.com.ar\/info\/wp-json\/wp\/v2\/users\/2"}],"replies":[{"embeddable":true,"href":"https:\/\/patagoniambiental.com.ar\/info\/wp-json\/wp\/v2\/comments?post=62280"}],"version-history":[{"count":0,"href":"https:\/\/patagoniambiental.com.ar\/info\/wp-json\/wp\/v2\/posts\/62280\/revisions"}],"wp:featuredmedia":[{"embeddable":true,"href":"https:\/\/patagoniambiental.com.ar\/info\/wp-json\/wp\/v2\/media\/44684"}],"wp:attachment":[{"href":"https:\/\/patagoniambiental.com.ar\/info\/wp-json\/wp\/v2\/media?parent=62280"}],"wp:term":[{"taxonomy":"category","embeddable":true,"href":"https:\/\/patagoniambiental.com.ar\/info\/wp-json\/wp\/v2\/categories?post=62280"},{"taxonomy":"post_tag","embeddable":true,"href":"https:\/\/patagoniambiental.com.ar\/info\/wp-json\/wp\/v2\/tags?post=62280"}],"curies":[{"name":"wp","href":"https:\/\/api.w.org\/{rel}","templated":true}]}}