{"id":62443,"date":"2019-07-26T07:00:04","date_gmt":"2019-07-26T10:00:04","guid":{"rendered":"http:\/\/patagoniambiental.com.ar\/info\/?p=62443"},"modified":"2019-07-19T11:47:57","modified_gmt":"2019-07-19T14:47:57","slug":"virales-en-la-red-crean-celulares-inspirados-en-vegetales-y-verduras","status":"publish","type":"post","link":"https:\/\/patagoniambiental.com.ar\/info\/virales-en-la-red-crean-celulares-inspirados-en-vegetales-y-verduras\/","title":{"rendered":"VIRALES EN LA RED Crean celulares inspirados en vegetales y verduras"},"content":{"rendered":"<hgroup class=\"zona-titulo\">\n<h1 class=\"titular\"><strong class=\"bajada\" style=\"font-size: 16px;\">La marca contrat\u00f3 a un famoso dise\u00f1ador de Jap\u00f3n, que se bas\u00f3 en el ajo y la cebolla para crear particulares y curiosos dise\u00f1os de tel\u00e9fonos celulares.<\/strong><\/h1>\n<\/hgroup>\n<p><!--more--><\/p>\n<div class=\"row\">\n<div class=\"col-md-1 col-sticky\">\n<div class=\"inner-share-bar cf\">\n<div class=\"item\"><\/div>\n<div class=\"item\"><\/div>\n<div class=\"item visible-lg\"><\/div>\n<\/div>\n<\/div>\n<div class=\"col-md-11\">\n<div class=\"main-content-foto\">\n<div class=\"my-gallery main-gallery\" data-pswp-uid=\"1\">\n<figure>\n<div class=\"nfotos\"><\/div>\n<p><a href=\"https:\/\/www.infofueguina.com\/u\/fotografias\/fotosnoticias\/2019\/7\/9\/57064.jpg\" data-size=\"1600x1067\"><img decoding=\"async\" class=\"img-responsive\" src=\"https:\/\/www.infofueguina.com\/u\/fotografias\/m\/2019\/7\/9\/f800x450-57064_108510_15.jpg\" alt=\"Crean celulares inspirados en vegetales y verduras\" \/><\/a><\/figure>\n<\/div>\n<\/div>\n<div class=\"fecha-y-seccion\">\n<div class=\"fecha\"><\/div>\n<\/div>\n<div id=\"cuerpo-nota\" class=\"cuerpo-nota\">\n<p>Un fabricante del sector m\u00f3vil sube la apuesta con sus dise\u00f1os al lanzar dispositivos\u00a0inspirados en\u00a0<strong>verduras<\/strong>. Se trata de una primicia 100% visual, aunque no ofrece mejoras de rendimiento.<\/p>\n<p>Pero esa caracter\u00edstica es\u00a0llamativa y por eso consigue atenci\u00f3n en un segmento superpoblado.<\/p>\n<p><strong>Los smartphones vegetales<\/strong><br \/>\nLa novedad es cortes\u00eda de Realme, un fabricante de celulares\u00a0chino que en el pasado fue parte de la marca Oppo, tambi\u00e9n de ese pa\u00eds asi\u00e1tico. Ellos contrataron al dise\u00f1ador industrial japon\u00e9s Naoto Fukasawa, responsable de esta excentricidad.<\/p>\n<p>En concreto, la marca lanza dos ediciones especiales de su celular insignia Realme X. Tal como pod\u00e9s ver en el siguiente video, la est\u00e9tica de los equipos remite al aspecto de una cebolla y de un ajo, respectivamente.<\/p>\n<p>Cabe se\u00f1alar que no se trata de una simple impresi\u00f3n adherida en los paneles posteriores. La cara de atr\u00e1s de los dispositivos tiene una textura ligeramente \u00e1spera y transparencias, para que la similitud con la c\u00e1scara de vegetales sea todav\u00eda mayor.<\/p>\n<p>Tal como publica el medio\u00a0<em>The Verge<\/em>\u00a0en su\u00a0<a title=\"rese\u00f1a\" href=\"https:\/\/www.theverge.com\/2019\/7\/8\/20685836\/realme-x-naoto-fukasawa-hands-on-review\">rese\u00f1a<\/a>, el dise\u00f1ador dijo que realiz\u00f3 m\u00e1s de 70 pruebas y 300 ajustes en sus muestras para lograr estos resultados.<\/p>\n<p>Los consumidores que buscan una explicaci\u00f3n racional para este v\u00ednculo, posiblemente\u00a0no se contenten con la explicaci\u00f3n de Fukusawa: \u201cEste dise\u00f1o mejora la relaci\u00f3n entre el ser humano, el objeto y el medio ambiente\u201d, dijo el nip\u00f3n.<\/p>\n<p>Y agreg\u00f3: \u201cDisfruto la observaci\u00f3n y advierto la belleza de la naturaleza. El ajo y la cebolla son muy comunes, pero si mir\u00e1s de cerca hay algo de lo que normalmente no te das cuenta: la textura fina.\u00a0Con estos tel\u00e9fonos quiero lograr que la gente se sorprenda\u201d.<\/p>\n<p>Fuente:\u00a0https:\/\/www.infofueguina.com\/curiosas\/2019\/7\/14\/crean-celulares-inspirados-en-vegetales-verduras-40068.html<\/p>\n<\/div>\n<\/div>\n<\/div>\n","protected":false},"excerpt":{"rendered":"<p>La marca contrat\u00f3 a un famoso dise\u00f1ador de Jap\u00f3n, que se bas\u00f3 en el ajo y la cebolla para crear [&hellip;]<\/p>\n","protected":false},"author":2,"featured_media":62444,"comment_status":"open","ping_status":"open","sticky":false,"template":"","format":"standard","meta":{"site-sidebar-layout":"default","site-content-layout":"","ast-site-content-layout":"default","site-content-style":"default","site-sidebar-style":"default","ast-global-header-display":"","ast-banner-title-visibility":"","ast-main-header-display":"","ast-hfb-above-header-display":"","ast-hfb-below-header-display":"","ast-hfb-mobile-header-display":"","site-post-title":"","ast-breadcrumbs-content":"","ast-featured-img":"","footer-sml-layout":"","ast-disable-related-posts":"","theme-transparent-header-meta":"","adv-header-id-meta":"","stick-header-meta":"","header-above-stick-meta":"","header-main-stick-meta":"","header-below-stick-meta":"","astra-migrate-meta-layouts":"default","ast-page-background-enabled":"default","ast-page-background-meta":{"desktop":{"background-color":"var(--ast-global-color-5)","background-image":"","background-repeat":"repeat","background-position":"center center","background-size":"auto","background-attachment":"scroll","background-type":"","background-media":"","overlay-type":"","overlay-color":"","overlay-opacity":"","overlay-gradient":""},"tablet":{"background-color":"","background-image":"","background-repeat":"repeat","background-position":"center center","background-size":"auto","background-attachment":"scroll","background-type":"","background-media":"","overlay-type":"","overlay-color":"","overlay-opacity":"","overlay-gradient":""},"mobile":{"background-color":"","background-image":"","background-repeat":"repeat","background-position":"center center","background-size":"auto","background-attachment":"scroll","background-type":"","background-media":"","overlay-type":"","overlay-color":"","overlay-opacity":"","overlay-gradient":""}},"ast-content-background-meta":{"desktop":{"background-color":"var(--ast-global-color-4)","background-image":"","background-repeat":"repeat","background-position":"center center","background-size":"auto","background-attachment":"scroll","background-type":"","background-media":"","overlay-type":"","overlay-color":"","overlay-opacity":"","overlay-gradient":""},"tablet":{"background-color":"var(--ast-global-color-4)","background-image":"","background-repeat":"repeat","background-position":"center center","background-size":"auto","background-attachment":"scroll","background-type":"","background-media":"","overlay-type":"","overlay-color":"","overlay-opacity":"","overlay-gradient":""},"mobile":{"background-color":"var(--ast-global-color-4)","background-image":"","background-repeat":"repeat","background-position":"center center","background-size":"auto","background-attachment":"scroll","background-type":"","background-media":"","overlay-type":"","overlay-color":"","overlay-opacity":"","overlay-gradient":""}},"footnotes":""},"categories":[11,23,1,10],"tags":[],"class_list":["post-62443","post","type-post","status-publish","format-standard","has-post-thumbnail","hentry","category-boletin","category-internacionales","category-noticias","category-rotador"],"yoast_head":"<!-- This site is optimized with the Yoast SEO Premium plugin v23.0 (Yoast SEO v27.5) - https:\/\/yoast.com\/product\/yoast-seo-premium-wordpress\/ -->\n<title>VIRALES EN LA RED Crean celulares inspirados en vegetales y verduras<\/title>\n<meta name=\"robots\" content=\"index, follow, max-snippet:-1, max-image-preview:large, max-video-preview:-1\" \/>\n<link rel=\"canonical\" href=\"https:\/\/patagoniambiental.com.ar\/info\/virales-en-la-red-crean-celulares-inspirados-en-vegetales-y-verduras\/\" \/>\n<meta property=\"og:locale\" content=\"es_ES\" \/>\n<meta property=\"og:type\" content=\"article\" \/>\n<meta property=\"og:title\" content=\"VIRALES EN LA RED Crean celulares inspirados en vegetales y verduras\" \/>\n<meta property=\"og:description\" content=\"La marca contrat\u00f3 a un famoso dise\u00f1ador de Jap\u00f3n, que se bas\u00f3 en el ajo y la cebolla para crear [&hellip;]\" \/>\n<meta property=\"og:url\" content=\"https:\/\/patagoniambiental.com.ar\/info\/virales-en-la-red-crean-celulares-inspirados-en-vegetales-y-verduras\/\" \/>\n<meta property=\"og:site_name\" content=\"Patagonia Ambiental\" \/>\n<meta property=\"article:publisher\" content=\"https:\/\/www.facebook.com\/patagonia.ambiental\" \/>\n<meta property=\"article:author\" content=\"https:\/\/www.facebook.com\/share\/1C1V8Gv9BX\/?mibextid=qi2Omg\" \/>\n<meta property=\"article:published_time\" content=\"2019-07-26T10:00:04+00:00\" \/>\n<meta property=\"og:image\" content=\"https:\/\/patagoniambiental.com.ar\/info\/wp-content\/uploads\/2019\/07\/f800x450-57064_108510_15.jpg\" \/>\n\t<meta property=\"og:image:width\" content=\"800\" \/>\n\t<meta property=\"og:image:height\" content=\"449\" \/>\n\t<meta property=\"og:image:type\" content=\"image\/jpeg\" \/>\n<meta name=\"author\" content=\"Patagonia Ambiental\" \/>\n<meta name=\"twitter:card\" content=\"summary_large_image\" \/>\n<meta name=\"twitter:creator\" content=\"@PatAmb\" \/>\n<meta name=\"twitter:site\" content=\"@PatAmb\" \/>\n<script type=\"application\/ld+json\" class=\"yoast-schema-graph\">{\"@context\":\"https:\\\/\\\/schema.org\",\"@graph\":[{\"@type\":\"Article\",\"@id\":\"https:\\\/\\\/patagoniambiental.com.ar\\\/info\\\/virales-en-la-red-crean-celulares-inspirados-en-vegetales-y-verduras\\\/#article\",\"isPartOf\":{\"@id\":\"https:\\\/\\\/patagoniambiental.com.ar\\\/info\\\/virales-en-la-red-crean-celulares-inspirados-en-vegetales-y-verduras\\\/\"},\"author\":{\"name\":\"Patagonia Ambiental\",\"@id\":\"https:\\\/\\\/patagoniambiental.com.ar\\\/info\\\/#\\\/schema\\\/person\\\/db12bff64bbcbf6a253710bf0ea37b5d\"},\"headline\":\"VIRALES EN LA RED Crean celulares inspirados en vegetales y verduras\",\"datePublished\":\"2019-07-26T10:00:04+00:00\",\"mainEntityOfPage\":{\"@id\":\"https:\\\/\\\/patagoniambiental.com.ar\\\/info\\\/virales-en-la-red-crean-celulares-inspirados-en-vegetales-y-verduras\\\/\"},\"wordCount\":354,\"commentCount\":0,\"publisher\":{\"@id\":\"https:\\\/\\\/patagoniambiental.com.ar\\\/info\\\/#organization\"},\"image\":{\"@id\":\"https:\\\/\\\/patagoniambiental.com.ar\\\/info\\\/virales-en-la-red-crean-celulares-inspirados-en-vegetales-y-verduras\\\/#primaryimage\"},\"thumbnailUrl\":\"https:\\\/\\\/patagoniambiental.com.ar\\\/info\\\/wp-content\\\/uploads\\\/2019\\\/07\\\/f800x450-57064_108510_15.jpg\",\"articleSection\":[\"Bolet\u00edn\",\"Internacionales\",\"Noticias\",\"Rotador\"],\"inLanguage\":\"es\",\"potentialAction\":[{\"@type\":\"CommentAction\",\"name\":\"Comment\",\"target\":[\"https:\\\/\\\/patagoniambiental.com.ar\\\/info\\\/virales-en-la-red-crean-celulares-inspirados-en-vegetales-y-verduras\\\/#respond\"]}]},{\"@type\":\"WebPage\",\"@id\":\"https:\\\/\\\/patagoniambiental.com.ar\\\/info\\\/virales-en-la-red-crean-celulares-inspirados-en-vegetales-y-verduras\\\/\",\"url\":\"https:\\\/\\\/patagoniambiental.com.ar\\\/info\\\/virales-en-la-red-crean-celulares-inspirados-en-vegetales-y-verduras\\\/\",\"name\":\"VIRALES EN LA RED Crean celulares inspirados en vegetales y verduras\",\"isPartOf\":{\"@id\":\"https:\\\/\\\/patagoniambiental.com.ar\\\/info\\\/#website\"},\"primaryImageOfPage\":{\"@id\":\"https:\\\/\\\/patagoniambiental.com.ar\\\/info\\\/virales-en-la-red-crean-celulares-inspirados-en-vegetales-y-verduras\\\/#primaryimage\"},\"image\":{\"@id\":\"https:\\\/\\\/patagoniambiental.com.ar\\\/info\\\/virales-en-la-red-crean-celulares-inspirados-en-vegetales-y-verduras\\\/#primaryimage\"},\"thumbnailUrl\":\"https:\\\/\\\/patagoniambiental.com.ar\\\/info\\\/wp-content\\\/uploads\\\/2019\\\/07\\\/f800x450-57064_108510_15.jpg\",\"datePublished\":\"2019-07-26T10:00:04+00:00\",\"breadcrumb\":{\"@id\":\"https:\\\/\\\/patagoniambiental.com.ar\\\/info\\\/virales-en-la-red-crean-celulares-inspirados-en-vegetales-y-verduras\\\/#breadcrumb\"},\"inLanguage\":\"es\",\"potentialAction\":[{\"@type\":\"ReadAction\",\"target\":[\"https:\\\/\\\/patagoniambiental.com.ar\\\/info\\\/virales-en-la-red-crean-celulares-inspirados-en-vegetales-y-verduras\\\/\"]}]},{\"@type\":\"ImageObject\",\"inLanguage\":\"es\",\"@id\":\"https:\\\/\\\/patagoniambiental.com.ar\\\/info\\\/virales-en-la-red-crean-celulares-inspirados-en-vegetales-y-verduras\\\/#primaryimage\",\"url\":\"https:\\\/\\\/patagoniambiental.com.ar\\\/info\\\/wp-content\\\/uploads\\\/2019\\\/07\\\/f800x450-57064_108510_15.jpg\",\"contentUrl\":\"https:\\\/\\\/patagoniambiental.com.ar\\\/info\\\/wp-content\\\/uploads\\\/2019\\\/07\\\/f800x450-57064_108510_15.jpg\",\"width\":800,\"height\":449},{\"@type\":\"BreadcrumbList\",\"@id\":\"https:\\\/\\\/patagoniambiental.com.ar\\\/info\\\/virales-en-la-red-crean-celulares-inspirados-en-vegetales-y-verduras\\\/#breadcrumb\",\"itemListElement\":[{\"@type\":\"ListItem\",\"position\":1,\"name\":\"Inicio\",\"item\":\"https:\\\/\\\/patagoniambiental.com.ar\\\/info\\\/\"},{\"@type\":\"ListItem\",\"position\":2,\"name\":\"VIRALES EN LA RED Crean celulares inspirados en vegetales y verduras\"}]},{\"@type\":\"WebSite\",\"@id\":\"https:\\\/\\\/patagoniambiental.com.ar\\\/info\\\/#website\",\"url\":\"https:\\\/\\\/patagoniambiental.com.ar\\\/info\\\/\",\"name\":\"Patagonia Ambiental\",\"description\":\"Monitoreo y an\u00e1lisis de la situaci\u00f3n geopol\u00edtica en el mundo y su implicancia en la Patagonia\",\"publisher\":{\"@id\":\"https:\\\/\\\/patagoniambiental.com.ar\\\/info\\\/#organization\"},\"potentialAction\":[{\"@type\":\"SearchAction\",\"target\":{\"@type\":\"EntryPoint\",\"urlTemplate\":\"https:\\\/\\\/patagoniambiental.com.ar\\\/info\\\/?s={search_term_string}\"},\"query-input\":{\"@type\":\"PropertyValueSpecification\",\"valueRequired\":true,\"valueName\":\"search_term_string\"}}],\"inLanguage\":\"es\"},{\"@type\":\"Organization\",\"@id\":\"https:\\\/\\\/patagoniambiental.com.ar\\\/info\\\/#organization\",\"name\":\"Patagonia Ambiental\",\"url\":\"https:\\\/\\\/patagoniambiental.com.ar\\\/info\\\/\",\"logo\":{\"@type\":\"ImageObject\",\"inLanguage\":\"es\",\"@id\":\"https:\\\/\\\/patagoniambiental.com.ar\\\/info\\\/#\\\/schema\\\/logo\\\/image\\\/\",\"url\":\"https:\\\/\\\/patagoniambiental.com.ar\\\/info\\\/wp-content\\\/uploads\\\/2025\\\/05\\\/LOGO-PATAGONIA-AMBIENTAL.png\",\"contentUrl\":\"https:\\\/\\\/patagoniambiental.com.ar\\\/info\\\/wp-content\\\/uploads\\\/2025\\\/05\\\/LOGO-PATAGONIA-AMBIENTAL.png\",\"width\":433,\"height\":250,\"caption\":\"Patagonia Ambiental\"},\"image\":{\"@id\":\"https:\\\/\\\/patagoniambiental.com.ar\\\/info\\\/#\\\/schema\\\/logo\\\/image\\\/\"},\"sameAs\":[\"https:\\\/\\\/www.facebook.com\\\/patagonia.ambiental\",\"https:\\\/\\\/x.com\\\/PatAmb\"]},{\"@type\":\"Person\",\"@id\":\"https:\\\/\\\/patagoniambiental.com.ar\\\/info\\\/#\\\/schema\\\/person\\\/db12bff64bbcbf6a253710bf0ea37b5d\",\"name\":\"Patagonia Ambiental\",\"description\":\"Andr\u00e9s Nievas T\u00e9cnico en manejo ambiental, consultor Ambiental y escritor para medios locales e internacionales sobre temas de geopolitica y medio ambiente.\",\"sameAs\":[\"http:\\\/\\\/www.patagoniambiental.com.ar\",\"https:\\\/\\\/www.facebook.com\\\/share\\\/1C1V8Gv9BX\\\/?mibextid=qi2Omg\",\"@patagoniambiental\",\"https:\\\/\\\/youtube.com\\\/@patagoniaambiental2023?si=BLt58t0wuXquxlYZ\"]}]}<\/script>\n<!-- \/ Yoast SEO Premium plugin. -->","yoast_head_json":{"title":"VIRALES EN LA RED Crean celulares inspirados en vegetales y verduras","robots":{"index":"index","follow":"follow","max-snippet":"max-snippet:-1","max-image-preview":"max-image-preview:large","max-video-preview":"max-video-preview:-1"},"canonical":"https:\/\/patagoniambiental.com.ar\/info\/virales-en-la-red-crean-celulares-inspirados-en-vegetales-y-verduras\/","og_locale":"es_ES","og_type":"article","og_title":"VIRALES EN LA RED Crean celulares inspirados en vegetales y verduras","og_description":"La marca contrat\u00f3 a un famoso dise\u00f1ador de Jap\u00f3n, que se bas\u00f3 en el ajo y la cebolla para crear [&hellip;]","og_url":"https:\/\/patagoniambiental.com.ar\/info\/virales-en-la-red-crean-celulares-inspirados-en-vegetales-y-verduras\/","og_site_name":"Patagonia Ambiental","article_publisher":"https:\/\/www.facebook.com\/patagonia.ambiental","article_author":"https:\/\/www.facebook.com\/share\/1C1V8Gv9BX\/?mibextid=qi2Omg","article_published_time":"2019-07-26T10:00:04+00:00","og_image":[{"width":800,"height":449,"url":"https:\/\/patagoniambiental.com.ar\/info\/wp-content\/uploads\/2019\/07\/f800x450-57064_108510_15.jpg","type":"image\/jpeg"}],"author":"Patagonia Ambiental","twitter_card":"summary_large_image","twitter_creator":"@PatAmb","twitter_site":"@PatAmb","schema":{"@context":"https:\/\/schema.org","@graph":[{"@type":"Article","@id":"https:\/\/patagoniambiental.com.ar\/info\/virales-en-la-red-crean-celulares-inspirados-en-vegetales-y-verduras\/#article","isPartOf":{"@id":"https:\/\/patagoniambiental.com.ar\/info\/virales-en-la-red-crean-celulares-inspirados-en-vegetales-y-verduras\/"},"author":{"name":"Patagonia Ambiental","@id":"https:\/\/patagoniambiental.com.ar\/info\/#\/schema\/person\/db12bff64bbcbf6a253710bf0ea37b5d"},"headline":"VIRALES EN LA RED Crean celulares inspirados en vegetales y verduras","datePublished":"2019-07-26T10:00:04+00:00","mainEntityOfPage":{"@id":"https:\/\/patagoniambiental.com.ar\/info\/virales-en-la-red-crean-celulares-inspirados-en-vegetales-y-verduras\/"},"wordCount":354,"commentCount":0,"publisher":{"@id":"https:\/\/patagoniambiental.com.ar\/info\/#organization"},"image":{"@id":"https:\/\/patagoniambiental.com.ar\/info\/virales-en-la-red-crean-celulares-inspirados-en-vegetales-y-verduras\/#primaryimage"},"thumbnailUrl":"https:\/\/patagoniambiental.com.ar\/info\/wp-content\/uploads\/2019\/07\/f800x450-57064_108510_15.jpg","articleSection":["Bolet\u00edn","Internacionales","Noticias","Rotador"],"inLanguage":"es","potentialAction":[{"@type":"CommentAction","name":"Comment","target":["https:\/\/patagoniambiental.com.ar\/info\/virales-en-la-red-crean-celulares-inspirados-en-vegetales-y-verduras\/#respond"]}]},{"@type":"WebPage","@id":"https:\/\/patagoniambiental.com.ar\/info\/virales-en-la-red-crean-celulares-inspirados-en-vegetales-y-verduras\/","url":"https:\/\/patagoniambiental.com.ar\/info\/virales-en-la-red-crean-celulares-inspirados-en-vegetales-y-verduras\/","name":"VIRALES EN LA RED Crean celulares inspirados en vegetales y verduras","isPartOf":{"@id":"https:\/\/patagoniambiental.com.ar\/info\/#website"},"primaryImageOfPage":{"@id":"https:\/\/patagoniambiental.com.ar\/info\/virales-en-la-red-crean-celulares-inspirados-en-vegetales-y-verduras\/#primaryimage"},"image":{"@id":"https:\/\/patagoniambiental.com.ar\/info\/virales-en-la-red-crean-celulares-inspirados-en-vegetales-y-verduras\/#primaryimage"},"thumbnailUrl":"https:\/\/patagoniambiental.com.ar\/info\/wp-content\/uploads\/2019\/07\/f800x450-57064_108510_15.jpg","datePublished":"2019-07-26T10:00:04+00:00","breadcrumb":{"@id":"https:\/\/patagoniambiental.com.ar\/info\/virales-en-la-red-crean-celulares-inspirados-en-vegetales-y-verduras\/#breadcrumb"},"inLanguage":"es","potentialAction":[{"@type":"ReadAction","target":["https:\/\/patagoniambiental.com.ar\/info\/virales-en-la-red-crean-celulares-inspirados-en-vegetales-y-verduras\/"]}]},{"@type":"ImageObject","inLanguage":"es","@id":"https:\/\/patagoniambiental.com.ar\/info\/virales-en-la-red-crean-celulares-inspirados-en-vegetales-y-verduras\/#primaryimage","url":"https:\/\/patagoniambiental.com.ar\/info\/wp-content\/uploads\/2019\/07\/f800x450-57064_108510_15.jpg","contentUrl":"https:\/\/patagoniambiental.com.ar\/info\/wp-content\/uploads\/2019\/07\/f800x450-57064_108510_15.jpg","width":800,"height":449},{"@type":"BreadcrumbList","@id":"https:\/\/patagoniambiental.com.ar\/info\/virales-en-la-red-crean-celulares-inspirados-en-vegetales-y-verduras\/#breadcrumb","itemListElement":[{"@type":"ListItem","position":1,"name":"Inicio","item":"https:\/\/patagoniambiental.com.ar\/info\/"},{"@type":"ListItem","position":2,"name":"VIRALES EN LA RED Crean celulares inspirados en vegetales y verduras"}]},{"@type":"WebSite","@id":"https:\/\/patagoniambiental.com.ar\/info\/#website","url":"https:\/\/patagoniambiental.com.ar\/info\/","name":"Patagonia Ambiental","description":"Monitoreo y an\u00e1lisis de la situaci\u00f3n geopol\u00edtica en el mundo y su implicancia en la Patagonia","publisher":{"@id":"https:\/\/patagoniambiental.com.ar\/info\/#organization"},"potentialAction":[{"@type":"SearchAction","target":{"@type":"EntryPoint","urlTemplate":"https:\/\/patagoniambiental.com.ar\/info\/?s={search_term_string}"},"query-input":{"@type":"PropertyValueSpecification","valueRequired":true,"valueName":"search_term_string"}}],"inLanguage":"es"},{"@type":"Organization","@id":"https:\/\/patagoniambiental.com.ar\/info\/#organization","name":"Patagonia Ambiental","url":"https:\/\/patagoniambiental.com.ar\/info\/","logo":{"@type":"ImageObject","inLanguage":"es","@id":"https:\/\/patagoniambiental.com.ar\/info\/#\/schema\/logo\/image\/","url":"https:\/\/patagoniambiental.com.ar\/info\/wp-content\/uploads\/2025\/05\/LOGO-PATAGONIA-AMBIENTAL.png","contentUrl":"https:\/\/patagoniambiental.com.ar\/info\/wp-content\/uploads\/2025\/05\/LOGO-PATAGONIA-AMBIENTAL.png","width":433,"height":250,"caption":"Patagonia Ambiental"},"image":{"@id":"https:\/\/patagoniambiental.com.ar\/info\/#\/schema\/logo\/image\/"},"sameAs":["https:\/\/www.facebook.com\/patagonia.ambiental","https:\/\/x.com\/PatAmb"]},{"@type":"Person","@id":"https:\/\/patagoniambiental.com.ar\/info\/#\/schema\/person\/db12bff64bbcbf6a253710bf0ea37b5d","name":"Patagonia Ambiental","description":"Andr\u00e9s Nievas T\u00e9cnico en manejo ambiental, consultor Ambiental y escritor para medios locales e internacionales sobre temas de geopolitica y medio ambiente.","sameAs":["http:\/\/www.patagoniambiental.com.ar","https:\/\/www.facebook.com\/share\/1C1V8Gv9BX\/?mibextid=qi2Omg","@patagoniambiental","https:\/\/youtube.com\/@patagoniaambiental2023?si=BLt58t0wuXquxlYZ"]}]}},"_links":{"self":[{"href":"https:\/\/patagoniambiental.com.ar\/info\/wp-json\/wp\/v2\/posts\/62443","targetHints":{"allow":["GET"]}}],"collection":[{"href":"https:\/\/patagoniambiental.com.ar\/info\/wp-json\/wp\/v2\/posts"}],"about":[{"href":"https:\/\/patagoniambiental.com.ar\/info\/wp-json\/wp\/v2\/types\/post"}],"author":[{"embeddable":true,"href":"https:\/\/patagoniambiental.com.ar\/info\/wp-json\/wp\/v2\/users\/2"}],"replies":[{"embeddable":true,"href":"https:\/\/patagoniambiental.com.ar\/info\/wp-json\/wp\/v2\/comments?post=62443"}],"version-history":[{"count":0,"href":"https:\/\/patagoniambiental.com.ar\/info\/wp-json\/wp\/v2\/posts\/62443\/revisions"}],"wp:featuredmedia":[{"embeddable":true,"href":"https:\/\/patagoniambiental.com.ar\/info\/wp-json\/wp\/v2\/media\/62444"}],"wp:attachment":[{"href":"https:\/\/patagoniambiental.com.ar\/info\/wp-json\/wp\/v2\/media?parent=62443"}],"wp:term":[{"taxonomy":"category","embeddable":true,"href":"https:\/\/patagoniambiental.com.ar\/info\/wp-json\/wp\/v2\/categories?post=62443"},{"taxonomy":"post_tag","embeddable":true,"href":"https:\/\/patagoniambiental.com.ar\/info\/wp-json\/wp\/v2\/tags?post=62443"}],"curies":[{"name":"wp","href":"https:\/\/api.w.org\/{rel}","templated":true}]}}