{"id":62483,"date":"2019-07-25T07:00:54","date_gmt":"2019-07-25T10:00:54","guid":{"rendered":"http:\/\/patagoniambiental.com.ar\/info\/?p=62483"},"modified":"2019-07-19T11:47:28","modified_gmt":"2019-07-19T14:47:28","slug":"promocionan-venta-de-plantas-en-los-viveros-pampeanos","status":"publish","type":"post","link":"https:\/\/patagoniambiental.com.ar\/info\/promocionan-venta-de-plantas-en-los-viveros-pampeanos\/","title":{"rendered":"Promocionan venta de plantas en los viveros pampeanos"},"content":{"rendered":"<header class=\"article-header clearfix\"><\/header>\n<aside class=\"article-aside clearfix\">\n<dl class=\"article-info pull-left\"><\/dl>\n<div class=\"pull-right\">La Pampa.-Hay varias especies de plantas que se pueden adquirir a bajo precio.\u00a0Hay programas de forestaci\u00f3n para municipios que cuentan con bonificaciones que llegan hasta el 60%, y de acuerdo a otras especies, hasta un 100%.<\/div>\n<div><!--more--><\/div>\n<div><\/div>\n<div><img decoding=\"async\" src=\"https:\/\/www.eldiariodelapampa.com.ar\/images\/2019\/Julio\/17-07-2019\/jacara6a.jpg\" alt=\"\" \/><\/div>\n<\/aside>\n<p>&nbsp;<\/p>\n<section class=\"article-content clearfix row\">\n<div class=\"article-body span12 span8 eq-first\">\n<p>Como parte de una serie de acciones impulsadas para el fortalecimiento de los viveros provinciales, desde la Direcci\u00f3n de Recursos Naturales del Ministerio de la Producci\u00f3n se inform\u00f3 que a partir del 1 de abril del corriente a\u00f1o en los distintos establecimientos ubicados en el interior provincial se puso a la venta la producci\u00f3n 2019 de especies forestales.<\/p>\n<p>Las especies forestales son en pan de tierra (pino, enebro, aguaribay, cipr\u00e9s ariz\u00f3nica, piramidal, lusit\u00e1nica y casuarina; eucaliptus viminalis y camaldulensis, eucaliptus cin\u00e9rea, sideroxylon y dunnis, cald\u00e9n y especies nativas), a ra\u00edz desnuda (acacia negra y blanca, para\u00edso com\u00fan, olivo de bohemia, fresno, acer, para\u00edso sombrilla, sauce y \u00e1lamo 1214 y \u00e1lamo piramidal), especies ornamentales (tuya, ligustrina y oliveta, crataegus y cotoneaster, alcornoque, roble europeo, roble americano, encina, nuez pec\u00e1n, grevillea, aromo, kiri y liquid\u00e1mbar) y especies forestales en bandejas (cald\u00e9n y especies nativas).<\/p>\n<p>Las especies se encuentran a disposici\u00f3n en los viveros de Santa Rosa, Trenel, General Acha, Caleuf\u00fa y Victorica. Para mayor informaci\u00f3n se puede visitar el sitio web\u00a0<a href=\"https:\/\/www.drn.lapampa.gov.ar\/viveros-provinciales.html\">h<\/a><a href=\"https:\/\/www.drn.lapampa.gov.ar\/viveros-provinciales.html\">ttps:\/\/www.drn.lapampa.gov.ar\/viveros-provinciales.html<\/a>, donde se encuentran disponibles los datos de cada vivero forestal, como as\u00ed tambi\u00e9n los precios vigentes de todas las especies disponibles.<\/p>\n<p>Desde la Direcci\u00f3n de Recursos Naturales, a cargo de Fernanda Gonz\u00e1lez, se record\u00f3 adem\u00e1s los programas y planes de forestaci\u00f3n vigentes, entre ellos el de Forestaci\u00f3n Urbana y Periurbana, dirigido a municipios; el de Fomento a las Forestaciones Rurales y el de Fomento de Mitigaci\u00f3n Ambiental.<\/p>\n<p>Un dato de vital importancia para quienes se inscriban en los mencionados programas es el de las bonificaciones, que llegan hasta el 60%, y de acuerdo a otras especies, hasta un 100%. La persona interesada debe contactarse con el \u00e1rea de forestaci\u00f3n de la Direcci\u00f3n de Recursos Naturales, ubicada dentro del Vivero Forestal Provincial sito en R\u00edo Colorado 310 (tel. 02954-455384 y 425172 \/ cel. 02954-15476014. Correo electr\u00f3nico:\u00a0<span id=\"cloak011942b8621a5975b1ada431d8ffa1bf\"><a href=\"mailto:arbolado@lapampa.gob.ar\">arbolado@lapampa.gob.ar<\/a><\/span>\u00a0\/ 6300 \/ Santa Rosa \/ La Pampa). \u201cEn ese lugar hay tres profesionales a disposici\u00f3n de los requerimientos de los municipios. Ellos pueden asesorar a quienes est\u00e9n trabajando en la tem\u00e1tica de arbolado y lo hacen directamente en el lugar o espacio que se pretende arbolar\u201d, explicaron.<\/p>\n<p><strong>Recorrida<\/strong><\/p>\n<p>\u201cLos profesionales, luego de una recorrida, arman una especie de planificaci\u00f3n. El municipio ingresa al programa y all\u00ed es donde empieza a tener las mencionadas bonificaciones. Lo m\u00e1s importante es la planificaci\u00f3n a varios a\u00f1os, nuestros t\u00e9cnicos est\u00e1n en el detalle minucioso del asesoramiento que se necesita para el arbolado existente o la planta\u201d, inform\u00f3 Gonz\u00e1lez en cuanto a la mec\u00e1nica de ingreso al Programa de Arbolado Urbano y Periurbano, que adem\u00e1s cuenta con un segmento para instrucciones sobre poda responsable.<\/p>\n<p>En cuanto a Forestaciones Rurales, al programa se ingresa luego de un primer contacto v\u00eda mail o telef\u00f3nico donde los t\u00e9cnicos acuerdan tareas conforme a la zona de requerimiento. \u201cSe planifica una superficie determinada y el programa incluye bonificaciones del 60% a quienes deseen plantar 500 especies. Si quieren mayor cantidad no se bonifica. Los t\u00e9cnicos van al lugar, verifican y marcan el m\u00e1s adecuado, ven para qu\u00e9 objetivo se quieren las plantas y recomiendan en consecuencia. La idea es acompa\u00f1ar al productor en la tem\u00e1tica\u201d, dijo a modo de ejemplo.<\/p>\n<p>En el caso de Mitigaci\u00f3n Ambiental, el programa tiene que ver con plantaciones donde se manejan efluentes, ya sean tambos, f\u00e1bricas de quesos, criaderos o frigor\u00edficos. \u201cHay muchos que forestan constantemente, el Frigor\u00edfico Pampa Natural es uno de ellos, el ingreso a este programa ya determina directamente la bonificaci\u00f3n en la venta. Lo que se solicita s\u00ed o s\u00ed es la presencia de un profesional, porque tiene que ver con aprobaciones que se tienen que dar desde la Secretar\u00eda de Ambiente para luego regresar a esta Direcci\u00f3n para concretar el acceso al programa de fomento de forestaci\u00f3n\u201d, concluy\u00f3.<\/p>\n<p>Fuente:\u00a0https:\/\/www.eldiariodelapampa.com.ar\/index.php\/portada\/108-terciario\/63570-promocionan-venta-de-plantas-en-los-viveros-pampeanos<\/p>\n<\/div>\n<\/section>\n","protected":false},"excerpt":{"rendered":"<p>La Pampa.-Hay varias especies de plantas que se pueden adquirir a bajo precio.\u00a0Hay programas de forestaci\u00f3n para municipios que cuentan [&hellip;]<\/p>\n","protected":false},"author":2,"featured_media":62484,"comment_status":"open","ping_status":"open","sticky":false,"template":"","format":"standard","meta":{"site-sidebar-layout":"default","site-content-layout":"","ast-site-content-layout":"default","site-content-style":"default","site-sidebar-style":"default","ast-global-header-display":"","ast-banner-title-visibility":"","ast-main-header-display":"","ast-hfb-above-header-display":"","ast-hfb-below-header-display":"","ast-hfb-mobile-header-display":"","site-post-title":"","ast-breadcrumbs-content":"","ast-featured-img":"","footer-sml-layout":"","ast-disable-related-posts":"","theme-transparent-header-meta":"","adv-header-id-meta":"","stick-header-meta":"","header-above-stick-meta":"","header-main-stick-meta":"","header-below-stick-meta":"","astra-migrate-meta-layouts":"default","ast-page-background-enabled":"default","ast-page-background-meta":{"desktop":{"background-color":"var(--ast-global-color-5)","background-image":"","background-repeat":"repeat","background-position":"center center","background-size":"auto","background-attachment":"scroll","background-type":"","background-media":"","overlay-type":"","overlay-color":"","overlay-opacity":"","overlay-gradient":""},"tablet":{"background-color":"","background-image":"","background-repeat":"repeat","background-position":"center center","background-size":"auto","background-attachment":"scroll","background-type":"","background-media":"","overlay-type":"","overlay-color":"","overlay-opacity":"","overlay-gradient":""},"mobile":{"background-color":"","background-image":"","background-repeat":"repeat","background-position":"center center","background-size":"auto","background-attachment":"scroll","background-type":"","background-media":"","overlay-type":"","overlay-color":"","overlay-opacity":"","overlay-gradient":""}},"ast-content-background-meta":{"desktop":{"background-color":"var(--ast-global-color-4)","background-image":"","background-repeat":"repeat","background-position":"center center","background-size":"auto","background-attachment":"scroll","background-type":"","background-media":"","overlay-type":"","overlay-color":"","overlay-opacity":"","overlay-gradient":""},"tablet":{"background-color":"var(--ast-global-color-4)","background-image":"","background-repeat":"repeat","background-position":"center center","background-size":"auto","background-attachment":"scroll","background-type":"","background-media":"","overlay-type":"","overlay-color":"","overlay-opacity":"","overlay-gradient":""},"mobile":{"background-color":"var(--ast-global-color-4)","background-image":"","background-repeat":"repeat","background-position":"center center","background-size":"auto","background-attachment":"scroll","background-type":"","background-media":"","overlay-type":"","overlay-color":"","overlay-opacity":"","overlay-gradient":""}},"footnotes":""},"categories":[11,59,1,13],"tags":[],"class_list":["post-62483","post","type-post","status-publish","format-standard","has-post-thumbnail","hentry","category-boletin","category-la-pampa","category-noticias","category-provinciales"],"yoast_head":"<!-- This site is optimized with the Yoast SEO Premium plugin v23.0 (Yoast SEO v27.4) - https:\/\/yoast.com\/product\/yoast-seo-premium-wordpress\/ -->\n<title>Promocionan venta de plantas en los viveros pampeanos<\/title>\n<meta name=\"robots\" content=\"index, follow, max-snippet:-1, max-image-preview:large, max-video-preview:-1\" \/>\n<link rel=\"canonical\" href=\"https:\/\/patagoniambiental.com.ar\/info\/promocionan-venta-de-plantas-en-los-viveros-pampeanos\/\" \/>\n<meta property=\"og:locale\" content=\"es_ES\" \/>\n<meta property=\"og:type\" content=\"article\" \/>\n<meta property=\"og:title\" content=\"Promocionan venta de plantas en los viveros pampeanos\" \/>\n<meta property=\"og:description\" content=\"La Pampa.-Hay varias especies de plantas que se pueden adquirir a bajo precio.\u00a0Hay programas de forestaci\u00f3n para municipios que cuentan [&hellip;]\" \/>\n<meta property=\"og:url\" content=\"https:\/\/patagoniambiental.com.ar\/info\/promocionan-venta-de-plantas-en-los-viveros-pampeanos\/\" \/>\n<meta property=\"og:site_name\" content=\"Patagonia Ambiental\" \/>\n<meta property=\"article:publisher\" content=\"https:\/\/www.facebook.com\/patagonia.ambiental\" \/>\n<meta property=\"article:author\" content=\"https:\/\/www.facebook.com\/share\/1C1V8Gv9BX\/?mibextid=qi2Omg\" \/>\n<meta property=\"article:published_time\" content=\"2019-07-25T10:00:54+00:00\" \/>\n<meta property=\"og:image\" content=\"https:\/\/patagoniambiental.com.ar\/info\/wp-content\/uploads\/2019\/07\/jacara6a.jpg\" \/>\n\t<meta property=\"og:image:width\" content=\"900\" \/>\n\t<meta property=\"og:image:height\" content=\"507\" \/>\n\t<meta property=\"og:image:type\" content=\"image\/jpeg\" \/>\n<meta name=\"author\" content=\"Patagonia Ambiental\" \/>\n<meta name=\"twitter:card\" content=\"summary_large_image\" \/>\n<meta name=\"twitter:creator\" content=\"@PatAmb\" \/>\n<meta name=\"twitter:site\" content=\"@PatAmb\" \/>\n<script type=\"application\/ld+json\" class=\"yoast-schema-graph\">{\"@context\":\"https:\\\/\\\/schema.org\",\"@graph\":[{\"@type\":\"Article\",\"@id\":\"https:\\\/\\\/patagoniambiental.com.ar\\\/info\\\/promocionan-venta-de-plantas-en-los-viveros-pampeanos\\\/#article\",\"isPartOf\":{\"@id\":\"https:\\\/\\\/patagoniambiental.com.ar\\\/info\\\/promocionan-venta-de-plantas-en-los-viveros-pampeanos\\\/\"},\"author\":{\"name\":\"Patagonia Ambiental\",\"@id\":\"https:\\\/\\\/patagoniambiental.com.ar\\\/info\\\/#\\\/schema\\\/person\\\/db12bff64bbcbf6a253710bf0ea37b5d\"},\"headline\":\"Promocionan venta de plantas en los viveros pampeanos\",\"datePublished\":\"2019-07-25T10:00:54+00:00\",\"mainEntityOfPage\":{\"@id\":\"https:\\\/\\\/patagoniambiental.com.ar\\\/info\\\/promocionan-venta-de-plantas-en-los-viveros-pampeanos\\\/\"},\"wordCount\":735,\"commentCount\":0,\"publisher\":{\"@id\":\"https:\\\/\\\/patagoniambiental.com.ar\\\/info\\\/#organization\"},\"image\":{\"@id\":\"https:\\\/\\\/patagoniambiental.com.ar\\\/info\\\/promocionan-venta-de-plantas-en-los-viveros-pampeanos\\\/#primaryimage\"},\"thumbnailUrl\":\"https:\\\/\\\/patagoniambiental.com.ar\\\/info\\\/wp-content\\\/uploads\\\/2019\\\/07\\\/jacara6a.jpg\",\"articleSection\":[\"Bolet\u00edn\",\"La Pampa\",\"Noticias\",\"Provinciales\"],\"inLanguage\":\"es\",\"potentialAction\":[{\"@type\":\"CommentAction\",\"name\":\"Comment\",\"target\":[\"https:\\\/\\\/patagoniambiental.com.ar\\\/info\\\/promocionan-venta-de-plantas-en-los-viveros-pampeanos\\\/#respond\"]}]},{\"@type\":\"WebPage\",\"@id\":\"https:\\\/\\\/patagoniambiental.com.ar\\\/info\\\/promocionan-venta-de-plantas-en-los-viveros-pampeanos\\\/\",\"url\":\"https:\\\/\\\/patagoniambiental.com.ar\\\/info\\\/promocionan-venta-de-plantas-en-los-viveros-pampeanos\\\/\",\"name\":\"Promocionan venta de plantas en los viveros pampeanos\",\"isPartOf\":{\"@id\":\"https:\\\/\\\/patagoniambiental.com.ar\\\/info\\\/#website\"},\"primaryImageOfPage\":{\"@id\":\"https:\\\/\\\/patagoniambiental.com.ar\\\/info\\\/promocionan-venta-de-plantas-en-los-viveros-pampeanos\\\/#primaryimage\"},\"image\":{\"@id\":\"https:\\\/\\\/patagoniambiental.com.ar\\\/info\\\/promocionan-venta-de-plantas-en-los-viveros-pampeanos\\\/#primaryimage\"},\"thumbnailUrl\":\"https:\\\/\\\/patagoniambiental.com.ar\\\/info\\\/wp-content\\\/uploads\\\/2019\\\/07\\\/jacara6a.jpg\",\"datePublished\":\"2019-07-25T10:00:54+00:00\",\"breadcrumb\":{\"@id\":\"https:\\\/\\\/patagoniambiental.com.ar\\\/info\\\/promocionan-venta-de-plantas-en-los-viveros-pampeanos\\\/#breadcrumb\"},\"inLanguage\":\"es\",\"potentialAction\":[{\"@type\":\"ReadAction\",\"target\":[\"https:\\\/\\\/patagoniambiental.com.ar\\\/info\\\/promocionan-venta-de-plantas-en-los-viveros-pampeanos\\\/\"]}]},{\"@type\":\"ImageObject\",\"inLanguage\":\"es\",\"@id\":\"https:\\\/\\\/patagoniambiental.com.ar\\\/info\\\/promocionan-venta-de-plantas-en-los-viveros-pampeanos\\\/#primaryimage\",\"url\":\"https:\\\/\\\/patagoniambiental.com.ar\\\/info\\\/wp-content\\\/uploads\\\/2019\\\/07\\\/jacara6a.jpg\",\"contentUrl\":\"https:\\\/\\\/patagoniambiental.com.ar\\\/info\\\/wp-content\\\/uploads\\\/2019\\\/07\\\/jacara6a.jpg\",\"width\":900,\"height\":507},{\"@type\":\"BreadcrumbList\",\"@id\":\"https:\\\/\\\/patagoniambiental.com.ar\\\/info\\\/promocionan-venta-de-plantas-en-los-viveros-pampeanos\\\/#breadcrumb\",\"itemListElement\":[{\"@type\":\"ListItem\",\"position\":1,\"name\":\"Inicio\",\"item\":\"https:\\\/\\\/patagoniambiental.com.ar\\\/info\\\/\"},{\"@type\":\"ListItem\",\"position\":2,\"name\":\"Promocionan venta de plantas en los viveros pampeanos\"}]},{\"@type\":\"WebSite\",\"@id\":\"https:\\\/\\\/patagoniambiental.com.ar\\\/info\\\/#website\",\"url\":\"https:\\\/\\\/patagoniambiental.com.ar\\\/info\\\/\",\"name\":\"Patagonia Ambiental\",\"description\":\"Monitoreo y an\u00e1lisis de la situaci\u00f3n geopol\u00edtica en el mundo y su implicancia en la Patagonia\",\"publisher\":{\"@id\":\"https:\\\/\\\/patagoniambiental.com.ar\\\/info\\\/#organization\"},\"potentialAction\":[{\"@type\":\"SearchAction\",\"target\":{\"@type\":\"EntryPoint\",\"urlTemplate\":\"https:\\\/\\\/patagoniambiental.com.ar\\\/info\\\/?s={search_term_string}\"},\"query-input\":{\"@type\":\"PropertyValueSpecification\",\"valueRequired\":true,\"valueName\":\"search_term_string\"}}],\"inLanguage\":\"es\"},{\"@type\":\"Organization\",\"@id\":\"https:\\\/\\\/patagoniambiental.com.ar\\\/info\\\/#organization\",\"name\":\"Patagonia Ambiental\",\"url\":\"https:\\\/\\\/patagoniambiental.com.ar\\\/info\\\/\",\"logo\":{\"@type\":\"ImageObject\",\"inLanguage\":\"es\",\"@id\":\"https:\\\/\\\/patagoniambiental.com.ar\\\/info\\\/#\\\/schema\\\/logo\\\/image\\\/\",\"url\":\"https:\\\/\\\/patagoniambiental.com.ar\\\/info\\\/wp-content\\\/uploads\\\/2025\\\/05\\\/LOGO-PATAGONIA-AMBIENTAL.png\",\"contentUrl\":\"https:\\\/\\\/patagoniambiental.com.ar\\\/info\\\/wp-content\\\/uploads\\\/2025\\\/05\\\/LOGO-PATAGONIA-AMBIENTAL.png\",\"width\":433,\"height\":250,\"caption\":\"Patagonia Ambiental\"},\"image\":{\"@id\":\"https:\\\/\\\/patagoniambiental.com.ar\\\/info\\\/#\\\/schema\\\/logo\\\/image\\\/\"},\"sameAs\":[\"https:\\\/\\\/www.facebook.com\\\/patagonia.ambiental\",\"https:\\\/\\\/x.com\\\/PatAmb\"]},{\"@type\":\"Person\",\"@id\":\"https:\\\/\\\/patagoniambiental.com.ar\\\/info\\\/#\\\/schema\\\/person\\\/db12bff64bbcbf6a253710bf0ea37b5d\",\"name\":\"Patagonia Ambiental\",\"description\":\"Andr\u00e9s Nievas T\u00e9cnico en manejo ambiental, consultor Ambiental y escritor para medios locales e internacionales sobre temas de geopolitica y medio ambiente.\",\"sameAs\":[\"http:\\\/\\\/www.patagoniambiental.com.ar\",\"https:\\\/\\\/www.facebook.com\\\/share\\\/1C1V8Gv9BX\\\/?mibextid=qi2Omg\",\"@patagoniambiental\",\"https:\\\/\\\/youtube.com\\\/@patagoniaambiental2023?si=BLt58t0wuXquxlYZ\"]}]}<\/script>\n<!-- \/ Yoast SEO Premium plugin. -->","yoast_head_json":{"title":"Promocionan venta de plantas en los viveros pampeanos","robots":{"index":"index","follow":"follow","max-snippet":"max-snippet:-1","max-image-preview":"max-image-preview:large","max-video-preview":"max-video-preview:-1"},"canonical":"https:\/\/patagoniambiental.com.ar\/info\/promocionan-venta-de-plantas-en-los-viveros-pampeanos\/","og_locale":"es_ES","og_type":"article","og_title":"Promocionan venta de plantas en los viveros pampeanos","og_description":"La Pampa.-Hay varias especies de plantas que se pueden adquirir a bajo precio.\u00a0Hay programas de forestaci\u00f3n para municipios que cuentan [&hellip;]","og_url":"https:\/\/patagoniambiental.com.ar\/info\/promocionan-venta-de-plantas-en-los-viveros-pampeanos\/","og_site_name":"Patagonia Ambiental","article_publisher":"https:\/\/www.facebook.com\/patagonia.ambiental","article_author":"https:\/\/www.facebook.com\/share\/1C1V8Gv9BX\/?mibextid=qi2Omg","article_published_time":"2019-07-25T10:00:54+00:00","og_image":[{"width":900,"height":507,"url":"https:\/\/patagoniambiental.com.ar\/info\/wp-content\/uploads\/2019\/07\/jacara6a.jpg","type":"image\/jpeg"}],"author":"Patagonia Ambiental","twitter_card":"summary_large_image","twitter_creator":"@PatAmb","twitter_site":"@PatAmb","schema":{"@context":"https:\/\/schema.org","@graph":[{"@type":"Article","@id":"https:\/\/patagoniambiental.com.ar\/info\/promocionan-venta-de-plantas-en-los-viveros-pampeanos\/#article","isPartOf":{"@id":"https:\/\/patagoniambiental.com.ar\/info\/promocionan-venta-de-plantas-en-los-viveros-pampeanos\/"},"author":{"name":"Patagonia Ambiental","@id":"https:\/\/patagoniambiental.com.ar\/info\/#\/schema\/person\/db12bff64bbcbf6a253710bf0ea37b5d"},"headline":"Promocionan venta de plantas en los viveros pampeanos","datePublished":"2019-07-25T10:00:54+00:00","mainEntityOfPage":{"@id":"https:\/\/patagoniambiental.com.ar\/info\/promocionan-venta-de-plantas-en-los-viveros-pampeanos\/"},"wordCount":735,"commentCount":0,"publisher":{"@id":"https:\/\/patagoniambiental.com.ar\/info\/#organization"},"image":{"@id":"https:\/\/patagoniambiental.com.ar\/info\/promocionan-venta-de-plantas-en-los-viveros-pampeanos\/#primaryimage"},"thumbnailUrl":"https:\/\/patagoniambiental.com.ar\/info\/wp-content\/uploads\/2019\/07\/jacara6a.jpg","articleSection":["Bolet\u00edn","La Pampa","Noticias","Provinciales"],"inLanguage":"es","potentialAction":[{"@type":"CommentAction","name":"Comment","target":["https:\/\/patagoniambiental.com.ar\/info\/promocionan-venta-de-plantas-en-los-viveros-pampeanos\/#respond"]}]},{"@type":"WebPage","@id":"https:\/\/patagoniambiental.com.ar\/info\/promocionan-venta-de-plantas-en-los-viveros-pampeanos\/","url":"https:\/\/patagoniambiental.com.ar\/info\/promocionan-venta-de-plantas-en-los-viveros-pampeanos\/","name":"Promocionan venta de plantas en los viveros pampeanos","isPartOf":{"@id":"https:\/\/patagoniambiental.com.ar\/info\/#website"},"primaryImageOfPage":{"@id":"https:\/\/patagoniambiental.com.ar\/info\/promocionan-venta-de-plantas-en-los-viveros-pampeanos\/#primaryimage"},"image":{"@id":"https:\/\/patagoniambiental.com.ar\/info\/promocionan-venta-de-plantas-en-los-viveros-pampeanos\/#primaryimage"},"thumbnailUrl":"https:\/\/patagoniambiental.com.ar\/info\/wp-content\/uploads\/2019\/07\/jacara6a.jpg","datePublished":"2019-07-25T10:00:54+00:00","breadcrumb":{"@id":"https:\/\/patagoniambiental.com.ar\/info\/promocionan-venta-de-plantas-en-los-viveros-pampeanos\/#breadcrumb"},"inLanguage":"es","potentialAction":[{"@type":"ReadAction","target":["https:\/\/patagoniambiental.com.ar\/info\/promocionan-venta-de-plantas-en-los-viveros-pampeanos\/"]}]},{"@type":"ImageObject","inLanguage":"es","@id":"https:\/\/patagoniambiental.com.ar\/info\/promocionan-venta-de-plantas-en-los-viveros-pampeanos\/#primaryimage","url":"https:\/\/patagoniambiental.com.ar\/info\/wp-content\/uploads\/2019\/07\/jacara6a.jpg","contentUrl":"https:\/\/patagoniambiental.com.ar\/info\/wp-content\/uploads\/2019\/07\/jacara6a.jpg","width":900,"height":507},{"@type":"BreadcrumbList","@id":"https:\/\/patagoniambiental.com.ar\/info\/promocionan-venta-de-plantas-en-los-viveros-pampeanos\/#breadcrumb","itemListElement":[{"@type":"ListItem","position":1,"name":"Inicio","item":"https:\/\/patagoniambiental.com.ar\/info\/"},{"@type":"ListItem","position":2,"name":"Promocionan venta de plantas en los viveros pampeanos"}]},{"@type":"WebSite","@id":"https:\/\/patagoniambiental.com.ar\/info\/#website","url":"https:\/\/patagoniambiental.com.ar\/info\/","name":"Patagonia Ambiental","description":"Monitoreo y an\u00e1lisis de la situaci\u00f3n geopol\u00edtica en el mundo y su implicancia en la Patagonia","publisher":{"@id":"https:\/\/patagoniambiental.com.ar\/info\/#organization"},"potentialAction":[{"@type":"SearchAction","target":{"@type":"EntryPoint","urlTemplate":"https:\/\/patagoniambiental.com.ar\/info\/?s={search_term_string}"},"query-input":{"@type":"PropertyValueSpecification","valueRequired":true,"valueName":"search_term_string"}}],"inLanguage":"es"},{"@type":"Organization","@id":"https:\/\/patagoniambiental.com.ar\/info\/#organization","name":"Patagonia Ambiental","url":"https:\/\/patagoniambiental.com.ar\/info\/","logo":{"@type":"ImageObject","inLanguage":"es","@id":"https:\/\/patagoniambiental.com.ar\/info\/#\/schema\/logo\/image\/","url":"https:\/\/patagoniambiental.com.ar\/info\/wp-content\/uploads\/2025\/05\/LOGO-PATAGONIA-AMBIENTAL.png","contentUrl":"https:\/\/patagoniambiental.com.ar\/info\/wp-content\/uploads\/2025\/05\/LOGO-PATAGONIA-AMBIENTAL.png","width":433,"height":250,"caption":"Patagonia Ambiental"},"image":{"@id":"https:\/\/patagoniambiental.com.ar\/info\/#\/schema\/logo\/image\/"},"sameAs":["https:\/\/www.facebook.com\/patagonia.ambiental","https:\/\/x.com\/PatAmb"]},{"@type":"Person","@id":"https:\/\/patagoniambiental.com.ar\/info\/#\/schema\/person\/db12bff64bbcbf6a253710bf0ea37b5d","name":"Patagonia Ambiental","description":"Andr\u00e9s Nievas T\u00e9cnico en manejo ambiental, consultor Ambiental y escritor para medios locales e internacionales sobre temas de geopolitica y medio ambiente.","sameAs":["http:\/\/www.patagoniambiental.com.ar","https:\/\/www.facebook.com\/share\/1C1V8Gv9BX\/?mibextid=qi2Omg","@patagoniambiental","https:\/\/youtube.com\/@patagoniaambiental2023?si=BLt58t0wuXquxlYZ"]}]}},"_links":{"self":[{"href":"https:\/\/patagoniambiental.com.ar\/info\/wp-json\/wp\/v2\/posts\/62483","targetHints":{"allow":["GET"]}}],"collection":[{"href":"https:\/\/patagoniambiental.com.ar\/info\/wp-json\/wp\/v2\/posts"}],"about":[{"href":"https:\/\/patagoniambiental.com.ar\/info\/wp-json\/wp\/v2\/types\/post"}],"author":[{"embeddable":true,"href":"https:\/\/patagoniambiental.com.ar\/info\/wp-json\/wp\/v2\/users\/2"}],"replies":[{"embeddable":true,"href":"https:\/\/patagoniambiental.com.ar\/info\/wp-json\/wp\/v2\/comments?post=62483"}],"version-history":[{"count":0,"href":"https:\/\/patagoniambiental.com.ar\/info\/wp-json\/wp\/v2\/posts\/62483\/revisions"}],"wp:featuredmedia":[{"embeddable":true,"href":"https:\/\/patagoniambiental.com.ar\/info\/wp-json\/wp\/v2\/media\/62484"}],"wp:attachment":[{"href":"https:\/\/patagoniambiental.com.ar\/info\/wp-json\/wp\/v2\/media?parent=62483"}],"wp:term":[{"taxonomy":"category","embeddable":true,"href":"https:\/\/patagoniambiental.com.ar\/info\/wp-json\/wp\/v2\/categories?post=62483"},{"taxonomy":"post_tag","embeddable":true,"href":"https:\/\/patagoniambiental.com.ar\/info\/wp-json\/wp\/v2\/tags?post=62483"}],"curies":[{"name":"wp","href":"https:\/\/api.w.org\/{rel}","templated":true}]}}