{"id":62504,"date":"2019-07-19T07:00:40","date_gmt":"2019-07-19T10:00:40","guid":{"rendered":"http:\/\/patagoniambiental.com.ar\/info\/?p=62504"},"modified":"2019-07-18T13:52:26","modified_gmt":"2019-07-18T16:52:26","slug":"millonaria-inversion-en-energia-eolica-en-chubut-argentina-viento-en-popa","status":"publish","type":"post","link":"https:\/\/patagoniambiental.com.ar\/info\/millonaria-inversion-en-energia-eolica-en-chubut-argentina-viento-en-popa\/","title":{"rendered":"Millonaria inversi\u00f3n en energ\u00eda e\u00f3lica en Chubut Argentina viento en popa"},"content":{"rendered":"<p class=\"entry-title\">ENERGIA LIMPIA XXI. \u2013 Las inversiones en energ\u00eda e\u00f3lica avanzan viento en popa en Argentina.\u00a0 Genneia Vientos Patag\u00f3nicos S.A. y Genneia Vientos del Sudamericanos S.A. subsidiarias controladas por Genneia S.A., celebraron el d\u00eda de la fecha un acuerdo de cr\u00e9dito a largo plazo por $131,5 millones de d\u00f3lares para la construcci\u00f3n y puesta en marcha de los parques e\u00f3licos Chubut Norte III y IV (141 MW).<\/p>\n<p><!--more--><\/p>\n<div class=\"entry-content\">\n<p>&nbsp;<\/p>\n<figure id=\"attachment_media-22\" class=\"wp-caption alignnone\" data-shortcode=\"caption\" aria-describedby=\"caption-attachment-media-22\"><img decoding=\"async\" class=\"alignnone size-full wp-image-54308\" src=\"https:\/\/revolucionrenovable.files.wordpress.com\/2019\/07\/windmill-wind-wind-turbine-electric-68674.jpeg?w=723\" sizes=\"(max-width: 723px) 100vw, 723px\" srcset=\"https:\/\/revolucionrenovable.files.wordpress.com\/2019\/07\/windmill-wind-wind-turbine-electric-68674.jpeg?w=723 723w, https:\/\/revolucionrenovable.files.wordpress.com\/2019\/07\/windmill-wind-wind-turbine-electric-68674.jpeg?w=1446 1446w, https:\/\/revolucionrenovable.files.wordpress.com\/2019\/07\/windmill-wind-wind-turbine-electric-68674.jpeg?w=150 150w, https:\/\/revolucionrenovable.files.wordpress.com\/2019\/07\/windmill-wind-wind-turbine-electric-68674.jpeg?w=300 300w, https:\/\/revolucionrenovable.files.wordpress.com\/2019\/07\/windmill-wind-wind-turbine-electric-68674.jpeg?w=768 768w, https:\/\/revolucionrenovable.files.wordpress.com\/2019\/07\/windmill-wind-wind-turbine-electric-68674.jpeg?w=1024 1024w\" alt=\"green power clean wind\" data-attachment-id=\"54308\" data-permalink=\"https:\/\/energialimpiaparatodos.com\/windmill-wind-wind-turbine-electric-68674-12\/\" data-orig-file=\"https:\/\/revolucionrenovable.files.wordpress.com\/2019\/07\/windmill-wind-wind-turbine-electric-68674.jpeg\" data-orig-size=\"1880,1259\" data-comments-opened=\"1\" data-image-meta=\"{&quot;aperture&quot;:&quot;0&quot;,&quot;credit&quot;:&quot;&quot;,&quot;camera&quot;:&quot;&quot;,&quot;caption&quot;:&quot;&quot;,&quot;created_timestamp&quot;:&quot;0&quot;,&quot;copyright&quot;:&quot;&quot;,&quot;focal_length&quot;:&quot;0&quot;,&quot;iso&quot;:&quot;0&quot;,&quot;shutter_speed&quot;:&quot;0&quot;,&quot;title&quot;:&quot;&quot;,&quot;orientation&quot;:&quot;0&quot;}\" data-image-title=\"green power clean wind\" data-image-description=\"\" data-medium-file=\"https:\/\/revolucionrenovable.files.wordpress.com\/2019\/07\/windmill-wind-wind-turbine-electric-68674.jpeg?w=300\" data-large-file=\"https:\/\/revolucionrenovable.files.wordpress.com\/2019\/07\/windmill-wind-wind-turbine-electric-68674.jpeg?w=723\" \/><figcaption id=\"caption-attachment-media-22\" class=\"wp-caption-text\">Photo by Pixabay on\u00a0<a href=\"https:\/\/www.pexels.com\/photo\/green-power-clean-wind-68674\/\" rel=\"nofollow\">Pexels.com<\/a><\/figcaption><\/figure>\n<p>Los parques Chubut Norte III y IV, actualmente en construcci\u00f3n y adjudicados a Genneia en la Ronda 2 de RenovAR, se encuentran ubicados muy cerca de la ciudad de Puerto Madryn, en la provincia de Chubut; y se conectar\u00e1n al Sistema Argentino de Interconexi\u00f3n (SADI) a partir del segundo trimestre de 2020. Datos de Energ\u00eda Limpia XXI indican que los parques funcionar\u00e1n con 31 aerogeneradores Nordex (modelo 149, de 4,5 MW cada uno), entregando energ\u00eda a m\u00e1s de 197.000 hogares y reduciendo en 453.000 toneladas la emisi\u00f3n de di\u00f3xido de carbono al medio ambiente.<br \/>\nEl pr\u00e9stamo se realizar\u00e1 bajo la metodolog\u00eda de Project Finance, por un plazo de 15 a\u00f1os y con 75% de deuda sobre el costo total de los proyectos. Al igual que en los Project Finance anteriores ejecutados por Genneia, los bancos no tendr\u00e1n recurso contra el sponsor, ya que su repago estar\u00e1 respaldado \u00fanicamente por el flujo de fondos a generar por los proyectos. De este modo, el balance de Genneia no quedar\u00e1 expuesto a los riesgos de los proyectos.<br \/>\nLos acuerdos de financiamiento consisten en un pr\u00e9stamo garantizado sin recurso a 15 a\u00f1os otorgado por Kreditanstalt f\u00fcr Wiederaufbau(\u201cKfW\u201d). El pr\u00e9stamo de KfW est\u00e1 garantizado por la Agencia de Cr\u00e9dito a la Exportaci\u00f3n de Alemania, Euler Hermes, a trav\u00e9s de un acuerdo integral de cr\u00e9dito comercial y pol\u00edtico para la exportaci\u00f3n.<\/p>\n<p>Acerca de Genneia:<br \/>\nGenneia es una compa\u00f1\u00eda l\u00edder en la provisi\u00f3n de soluciones energ\u00e9ticas sustentables, que supera el horizonte de los 1.100 MW de potencia de generaci\u00f3n el\u00e9ctrica en la Argentina. Posee el 30% de la capacidad instalada en energ\u00edas e\u00f3lica, lo que la convierte en la n\u00famero uno del sector.<br \/>\nLa compa\u00f1\u00eda tiene una potencia superior a los 410 MW de energ\u00eda e\u00f3lica con sus parques e\u00f3licos Rawson I, II y III, Trelew, Madryn I, Chubut Norte I y Villalonga I y II, Pomona I; y alcanza los 500 MW de energ\u00eda renovable, al considerar sus parques solares Ullum 1, 2 3 (82 MW) en la provincia de San Juan.<br \/>\nAdem\u00e1s, est\u00e1 construyendo los proyectos e\u00f3licos Madryn II (150 MW), Chubut Norte II (26 MW), Chubut Norte III (83 MW), Chubut Norte IV (58 MW) y Pomona II (12 MW); el Parque E\u00f3lico Vientos de Necochea (38 MW) en conjunto con Centrales de la Costa Atl\u00e1ntica; y una central de biomasa en La Florida, Tucum\u00e1n, por 19 MW. Tambi\u00e9n es propietaria y operadora de 7 centrales de generaci\u00f3n t\u00e9rmica (620 MW).<\/p>\n<p>\u00daLTIMAS NOTICIAS 29 \u2013 06 \u2013 2019<br \/>\nENTREGA A LA PROVINCIA DE CHUBUT DE LAS CENTRALES TERMICAS DE RIO MAYO Y GOBERNADOR COSTA<br \/>\nGenneia informa que, en cumplimiento del acuerdo con la Provincia del Chubut celebrado el 28 de mayo pasado ante el Superior Tribunal de Justicia del Chubut (\u201cSTJ\u201d), en la fecha ha entregado a la Provincia las Centrales T\u00e9rmicas de R\u00edo Mayo y Gobernador Costa.<br \/>\nConforme con lo estipulado en dicho acuerdo, Genneia continuar\u00e1 operando transitoriamente dichas centrales con su personal por cuenta y orden de la Provincia, a costa de esta \u00faltima y sujeto a las instrucciones de la Direcci\u00f3n General de Servicios P\u00fablicos, por un plazo de 90 d\u00edas o hasta que la legislatura provincial apruebe la incorporaci\u00f3n a la Provincia del personal de ambas centrales, lo que ocurra primero.<\/p>\n<p>Fuente:\u00a0https:\/\/energialimpiaparatodos.com\/2019\/07\/16\/millonaria-inversion-en-energia-eolica-en-chubut-argentina-viento-en-popa\/<\/p>\n<\/div>\n","protected":false},"excerpt":{"rendered":"<p>ENERGIA LIMPIA XXI. \u2013 Las inversiones en energ\u00eda e\u00f3lica avanzan viento en popa en Argentina.\u00a0 Genneia Vientos Patag\u00f3nicos S.A. y [&hellip;]<\/p>\n","protected":false},"author":2,"featured_media":62505,"comment_status":"open","ping_status":"open","sticky":false,"template":"","format":"standard","meta":{"site-sidebar-layout":"default","site-content-layout":"","ast-site-content-layout":"default","site-content-style":"default","site-sidebar-style":"default","ast-global-header-display":"","ast-banner-title-visibility":"","ast-main-header-display":"","ast-hfb-above-header-display":"","ast-hfb-below-header-display":"","ast-hfb-mobile-header-display":"","site-post-title":"","ast-breadcrumbs-content":"","ast-featured-img":"","footer-sml-layout":"","ast-disable-related-posts":"","theme-transparent-header-meta":"","adv-header-id-meta":"","stick-header-meta":"","header-above-stick-meta":"","header-main-stick-meta":"","header-below-stick-meta":"","astra-migrate-meta-layouts":"default","ast-page-background-enabled":"default","ast-page-background-meta":{"desktop":{"background-color":"var(--ast-global-color-5)","background-image":"","background-repeat":"repeat","background-position":"center center","background-size":"auto","background-attachment":"scroll","background-type":"","background-media":"","overlay-type":"","overlay-color":"","overlay-opacity":"","overlay-gradient":""},"tablet":{"background-color":"","background-image":"","background-repeat":"repeat","background-position":"center center","background-size":"auto","background-attachment":"scroll","background-type":"","background-media":"","overlay-type":"","overlay-color":"","overlay-opacity":"","overlay-gradient":""},"mobile":{"background-color":"","background-image":"","background-repeat":"repeat","background-position":"center center","background-size":"auto","background-attachment":"scroll","background-type":"","background-media":"","overlay-type":"","overlay-color":"","overlay-opacity":"","overlay-gradient":""}},"ast-content-background-meta":{"desktop":{"background-color":"var(--ast-global-color-4)","background-image":"","background-repeat":"repeat","background-position":"center center","background-size":"auto","background-attachment":"scroll","background-type":"","background-media":"","overlay-type":"","overlay-color":"","overlay-opacity":"","overlay-gradient":""},"tablet":{"background-color":"var(--ast-global-color-4)","background-image":"","background-repeat":"repeat","background-position":"center center","background-size":"auto","background-attachment":"scroll","background-type":"","background-media":"","overlay-type":"","overlay-color":"","overlay-opacity":"","overlay-gradient":""},"mobile":{"background-color":"var(--ast-global-color-4)","background-image":"","background-repeat":"repeat","background-position":"center center","background-size":"auto","background-attachment":"scroll","background-type":"","background-media":"","overlay-type":"","overlay-color":"","overlay-opacity":"","overlay-gradient":""}},"footnotes":""},"categories":[11,26,1,13,10],"tags":[],"class_list":["post-62504","post","type-post","status-publish","format-standard","has-post-thumbnail","hentry","category-boletin","category-chubut","category-noticias","category-provinciales","category-rotador"],"yoast_head":"<!-- This site is optimized with the Yoast SEO Premium plugin v23.0 (Yoast SEO v27.5) - https:\/\/yoast.com\/product\/yoast-seo-premium-wordpress\/ -->\n<title>Millonaria inversi\u00f3n en energ\u00eda e\u00f3lica en Chubut Argentina viento en popa<\/title>\n<meta name=\"robots\" content=\"index, follow, max-snippet:-1, max-image-preview:large, max-video-preview:-1\" \/>\n<link rel=\"canonical\" href=\"https:\/\/patagoniambiental.com.ar\/info\/millonaria-inversion-en-energia-eolica-en-chubut-argentina-viento-en-popa\/\" \/>\n<meta property=\"og:locale\" content=\"es_ES\" \/>\n<meta property=\"og:type\" content=\"article\" \/>\n<meta property=\"og:title\" content=\"Millonaria inversi\u00f3n en energ\u00eda e\u00f3lica en Chubut Argentina viento en popa\" \/>\n<meta property=\"og:description\" content=\"ENERGIA LIMPIA XXI. \u2013 Las inversiones en energ\u00eda e\u00f3lica avanzan viento en popa en Argentina.\u00a0 Genneia Vientos Patag\u00f3nicos S.A. y [&hellip;]\" \/>\n<meta property=\"og:url\" content=\"https:\/\/patagoniambiental.com.ar\/info\/millonaria-inversion-en-energia-eolica-en-chubut-argentina-viento-en-popa\/\" \/>\n<meta property=\"og:site_name\" content=\"Patagonia Ambiental\" \/>\n<meta property=\"article:publisher\" content=\"https:\/\/www.facebook.com\/patagonia.ambiental\" \/>\n<meta property=\"article:author\" content=\"https:\/\/www.facebook.com\/share\/1C1V8Gv9BX\/?mibextid=qi2Omg\" \/>\n<meta property=\"article:published_time\" content=\"2019-07-19T10:00:40+00:00\" \/>\n<meta property=\"og:image\" content=\"https:\/\/patagoniambiental.com.ar\/info\/wp-content\/uploads\/2019\/07\/windmill-wind-wind-turbine-electric-68674.jpeg\" \/>\n\t<meta property=\"og:image:width\" content=\"723\" \/>\n\t<meta property=\"og:image:height\" content=\"484\" \/>\n\t<meta property=\"og:image:type\" content=\"image\/jpeg\" \/>\n<meta name=\"author\" content=\"Patagonia Ambiental\" \/>\n<meta name=\"twitter:card\" content=\"summary_large_image\" \/>\n<meta name=\"twitter:creator\" content=\"@PatAmb\" \/>\n<meta name=\"twitter:site\" content=\"@PatAmb\" \/>\n<script type=\"application\/ld+json\" class=\"yoast-schema-graph\">{\"@context\":\"https:\\\/\\\/schema.org\",\"@graph\":[{\"@type\":\"Article\",\"@id\":\"https:\\\/\\\/patagoniambiental.com.ar\\\/info\\\/millonaria-inversion-en-energia-eolica-en-chubut-argentina-viento-en-popa\\\/#article\",\"isPartOf\":{\"@id\":\"https:\\\/\\\/patagoniambiental.com.ar\\\/info\\\/millonaria-inversion-en-energia-eolica-en-chubut-argentina-viento-en-popa\\\/\"},\"author\":{\"name\":\"Patagonia Ambiental\",\"@id\":\"https:\\\/\\\/patagoniambiental.com.ar\\\/info\\\/#\\\/schema\\\/person\\\/db12bff64bbcbf6a253710bf0ea37b5d\"},\"headline\":\"Millonaria inversi\u00f3n en energ\u00eda e\u00f3lica en Chubut Argentina viento en popa\",\"datePublished\":\"2019-07-19T10:00:40+00:00\",\"mainEntityOfPage\":{\"@id\":\"https:\\\/\\\/patagoniambiental.com.ar\\\/info\\\/millonaria-inversion-en-energia-eolica-en-chubut-argentina-viento-en-popa\\\/\"},\"wordCount\":659,\"commentCount\":0,\"publisher\":{\"@id\":\"https:\\\/\\\/patagoniambiental.com.ar\\\/info\\\/#organization\"},\"image\":{\"@id\":\"https:\\\/\\\/patagoniambiental.com.ar\\\/info\\\/millonaria-inversion-en-energia-eolica-en-chubut-argentina-viento-en-popa\\\/#primaryimage\"},\"thumbnailUrl\":\"https:\\\/\\\/patagoniambiental.com.ar\\\/info\\\/wp-content\\\/uploads\\\/2019\\\/07\\\/windmill-wind-wind-turbine-electric-68674.jpeg\",\"articleSection\":[\"Bolet\u00edn\",\"Chubut\",\"Noticias\",\"Provinciales\",\"Rotador\"],\"inLanguage\":\"es\",\"potentialAction\":[{\"@type\":\"CommentAction\",\"name\":\"Comment\",\"target\":[\"https:\\\/\\\/patagoniambiental.com.ar\\\/info\\\/millonaria-inversion-en-energia-eolica-en-chubut-argentina-viento-en-popa\\\/#respond\"]}]},{\"@type\":\"WebPage\",\"@id\":\"https:\\\/\\\/patagoniambiental.com.ar\\\/info\\\/millonaria-inversion-en-energia-eolica-en-chubut-argentina-viento-en-popa\\\/\",\"url\":\"https:\\\/\\\/patagoniambiental.com.ar\\\/info\\\/millonaria-inversion-en-energia-eolica-en-chubut-argentina-viento-en-popa\\\/\",\"name\":\"Millonaria inversi\u00f3n en energ\u00eda e\u00f3lica en Chubut Argentina viento en popa\",\"isPartOf\":{\"@id\":\"https:\\\/\\\/patagoniambiental.com.ar\\\/info\\\/#website\"},\"primaryImageOfPage\":{\"@id\":\"https:\\\/\\\/patagoniambiental.com.ar\\\/info\\\/millonaria-inversion-en-energia-eolica-en-chubut-argentina-viento-en-popa\\\/#primaryimage\"},\"image\":{\"@id\":\"https:\\\/\\\/patagoniambiental.com.ar\\\/info\\\/millonaria-inversion-en-energia-eolica-en-chubut-argentina-viento-en-popa\\\/#primaryimage\"},\"thumbnailUrl\":\"https:\\\/\\\/patagoniambiental.com.ar\\\/info\\\/wp-content\\\/uploads\\\/2019\\\/07\\\/windmill-wind-wind-turbine-electric-68674.jpeg\",\"datePublished\":\"2019-07-19T10:00:40+00:00\",\"breadcrumb\":{\"@id\":\"https:\\\/\\\/patagoniambiental.com.ar\\\/info\\\/millonaria-inversion-en-energia-eolica-en-chubut-argentina-viento-en-popa\\\/#breadcrumb\"},\"inLanguage\":\"es\",\"potentialAction\":[{\"@type\":\"ReadAction\",\"target\":[\"https:\\\/\\\/patagoniambiental.com.ar\\\/info\\\/millonaria-inversion-en-energia-eolica-en-chubut-argentina-viento-en-popa\\\/\"]}]},{\"@type\":\"ImageObject\",\"inLanguage\":\"es\",\"@id\":\"https:\\\/\\\/patagoniambiental.com.ar\\\/info\\\/millonaria-inversion-en-energia-eolica-en-chubut-argentina-viento-en-popa\\\/#primaryimage\",\"url\":\"https:\\\/\\\/patagoniambiental.com.ar\\\/info\\\/wp-content\\\/uploads\\\/2019\\\/07\\\/windmill-wind-wind-turbine-electric-68674.jpeg\",\"contentUrl\":\"https:\\\/\\\/patagoniambiental.com.ar\\\/info\\\/wp-content\\\/uploads\\\/2019\\\/07\\\/windmill-wind-wind-turbine-electric-68674.jpeg\",\"width\":723,\"height\":484},{\"@type\":\"BreadcrumbList\",\"@id\":\"https:\\\/\\\/patagoniambiental.com.ar\\\/info\\\/millonaria-inversion-en-energia-eolica-en-chubut-argentina-viento-en-popa\\\/#breadcrumb\",\"itemListElement\":[{\"@type\":\"ListItem\",\"position\":1,\"name\":\"Inicio\",\"item\":\"https:\\\/\\\/patagoniambiental.com.ar\\\/info\\\/\"},{\"@type\":\"ListItem\",\"position\":2,\"name\":\"Millonaria inversi\u00f3n en energ\u00eda e\u00f3lica en Chubut Argentina viento en popa\"}]},{\"@type\":\"WebSite\",\"@id\":\"https:\\\/\\\/patagoniambiental.com.ar\\\/info\\\/#website\",\"url\":\"https:\\\/\\\/patagoniambiental.com.ar\\\/info\\\/\",\"name\":\"Patagonia Ambiental\",\"description\":\"Monitoreo y an\u00e1lisis de la situaci\u00f3n geopol\u00edtica en el mundo y su implicancia en la Patagonia\",\"publisher\":{\"@id\":\"https:\\\/\\\/patagoniambiental.com.ar\\\/info\\\/#organization\"},\"potentialAction\":[{\"@type\":\"SearchAction\",\"target\":{\"@type\":\"EntryPoint\",\"urlTemplate\":\"https:\\\/\\\/patagoniambiental.com.ar\\\/info\\\/?s={search_term_string}\"},\"query-input\":{\"@type\":\"PropertyValueSpecification\",\"valueRequired\":true,\"valueName\":\"search_term_string\"}}],\"inLanguage\":\"es\"},{\"@type\":\"Organization\",\"@id\":\"https:\\\/\\\/patagoniambiental.com.ar\\\/info\\\/#organization\",\"name\":\"Patagonia Ambiental\",\"url\":\"https:\\\/\\\/patagoniambiental.com.ar\\\/info\\\/\",\"logo\":{\"@type\":\"ImageObject\",\"inLanguage\":\"es\",\"@id\":\"https:\\\/\\\/patagoniambiental.com.ar\\\/info\\\/#\\\/schema\\\/logo\\\/image\\\/\",\"url\":\"https:\\\/\\\/patagoniambiental.com.ar\\\/info\\\/wp-content\\\/uploads\\\/2025\\\/05\\\/LOGO-PATAGONIA-AMBIENTAL.png\",\"contentUrl\":\"https:\\\/\\\/patagoniambiental.com.ar\\\/info\\\/wp-content\\\/uploads\\\/2025\\\/05\\\/LOGO-PATAGONIA-AMBIENTAL.png\",\"width\":433,\"height\":250,\"caption\":\"Patagonia Ambiental\"},\"image\":{\"@id\":\"https:\\\/\\\/patagoniambiental.com.ar\\\/info\\\/#\\\/schema\\\/logo\\\/image\\\/\"},\"sameAs\":[\"https:\\\/\\\/www.facebook.com\\\/patagonia.ambiental\",\"https:\\\/\\\/x.com\\\/PatAmb\"]},{\"@type\":\"Person\",\"@id\":\"https:\\\/\\\/patagoniambiental.com.ar\\\/info\\\/#\\\/schema\\\/person\\\/db12bff64bbcbf6a253710bf0ea37b5d\",\"name\":\"Patagonia Ambiental\",\"description\":\"Andr\u00e9s Nievas T\u00e9cnico en manejo ambiental, consultor Ambiental y escritor para medios locales e internacionales sobre temas de geopolitica y medio ambiente.\",\"sameAs\":[\"http:\\\/\\\/www.patagoniambiental.com.ar\",\"https:\\\/\\\/www.facebook.com\\\/share\\\/1C1V8Gv9BX\\\/?mibextid=qi2Omg\",\"@patagoniambiental\",\"https:\\\/\\\/youtube.com\\\/@patagoniaambiental2023?si=BLt58t0wuXquxlYZ\"]}]}<\/script>\n<!-- \/ Yoast SEO Premium plugin. -->","yoast_head_json":{"title":"Millonaria inversi\u00f3n en energ\u00eda e\u00f3lica en Chubut Argentina viento en popa","robots":{"index":"index","follow":"follow","max-snippet":"max-snippet:-1","max-image-preview":"max-image-preview:large","max-video-preview":"max-video-preview:-1"},"canonical":"https:\/\/patagoniambiental.com.ar\/info\/millonaria-inversion-en-energia-eolica-en-chubut-argentina-viento-en-popa\/","og_locale":"es_ES","og_type":"article","og_title":"Millonaria inversi\u00f3n en energ\u00eda e\u00f3lica en Chubut Argentina viento en popa","og_description":"ENERGIA LIMPIA XXI. \u2013 Las inversiones en energ\u00eda e\u00f3lica avanzan viento en popa en Argentina.\u00a0 Genneia Vientos Patag\u00f3nicos S.A. y [&hellip;]","og_url":"https:\/\/patagoniambiental.com.ar\/info\/millonaria-inversion-en-energia-eolica-en-chubut-argentina-viento-en-popa\/","og_site_name":"Patagonia Ambiental","article_publisher":"https:\/\/www.facebook.com\/patagonia.ambiental","article_author":"https:\/\/www.facebook.com\/share\/1C1V8Gv9BX\/?mibextid=qi2Omg","article_published_time":"2019-07-19T10:00:40+00:00","og_image":[{"width":723,"height":484,"url":"https:\/\/patagoniambiental.com.ar\/info\/wp-content\/uploads\/2019\/07\/windmill-wind-wind-turbine-electric-68674.jpeg","type":"image\/jpeg"}],"author":"Patagonia Ambiental","twitter_card":"summary_large_image","twitter_creator":"@PatAmb","twitter_site":"@PatAmb","schema":{"@context":"https:\/\/schema.org","@graph":[{"@type":"Article","@id":"https:\/\/patagoniambiental.com.ar\/info\/millonaria-inversion-en-energia-eolica-en-chubut-argentina-viento-en-popa\/#article","isPartOf":{"@id":"https:\/\/patagoniambiental.com.ar\/info\/millonaria-inversion-en-energia-eolica-en-chubut-argentina-viento-en-popa\/"},"author":{"name":"Patagonia Ambiental","@id":"https:\/\/patagoniambiental.com.ar\/info\/#\/schema\/person\/db12bff64bbcbf6a253710bf0ea37b5d"},"headline":"Millonaria inversi\u00f3n en energ\u00eda e\u00f3lica en Chubut Argentina viento en popa","datePublished":"2019-07-19T10:00:40+00:00","mainEntityOfPage":{"@id":"https:\/\/patagoniambiental.com.ar\/info\/millonaria-inversion-en-energia-eolica-en-chubut-argentina-viento-en-popa\/"},"wordCount":659,"commentCount":0,"publisher":{"@id":"https:\/\/patagoniambiental.com.ar\/info\/#organization"},"image":{"@id":"https:\/\/patagoniambiental.com.ar\/info\/millonaria-inversion-en-energia-eolica-en-chubut-argentina-viento-en-popa\/#primaryimage"},"thumbnailUrl":"https:\/\/patagoniambiental.com.ar\/info\/wp-content\/uploads\/2019\/07\/windmill-wind-wind-turbine-electric-68674.jpeg","articleSection":["Bolet\u00edn","Chubut","Noticias","Provinciales","Rotador"],"inLanguage":"es","potentialAction":[{"@type":"CommentAction","name":"Comment","target":["https:\/\/patagoniambiental.com.ar\/info\/millonaria-inversion-en-energia-eolica-en-chubut-argentina-viento-en-popa\/#respond"]}]},{"@type":"WebPage","@id":"https:\/\/patagoniambiental.com.ar\/info\/millonaria-inversion-en-energia-eolica-en-chubut-argentina-viento-en-popa\/","url":"https:\/\/patagoniambiental.com.ar\/info\/millonaria-inversion-en-energia-eolica-en-chubut-argentina-viento-en-popa\/","name":"Millonaria inversi\u00f3n en energ\u00eda e\u00f3lica en Chubut Argentina viento en popa","isPartOf":{"@id":"https:\/\/patagoniambiental.com.ar\/info\/#website"},"primaryImageOfPage":{"@id":"https:\/\/patagoniambiental.com.ar\/info\/millonaria-inversion-en-energia-eolica-en-chubut-argentina-viento-en-popa\/#primaryimage"},"image":{"@id":"https:\/\/patagoniambiental.com.ar\/info\/millonaria-inversion-en-energia-eolica-en-chubut-argentina-viento-en-popa\/#primaryimage"},"thumbnailUrl":"https:\/\/patagoniambiental.com.ar\/info\/wp-content\/uploads\/2019\/07\/windmill-wind-wind-turbine-electric-68674.jpeg","datePublished":"2019-07-19T10:00:40+00:00","breadcrumb":{"@id":"https:\/\/patagoniambiental.com.ar\/info\/millonaria-inversion-en-energia-eolica-en-chubut-argentina-viento-en-popa\/#breadcrumb"},"inLanguage":"es","potentialAction":[{"@type":"ReadAction","target":["https:\/\/patagoniambiental.com.ar\/info\/millonaria-inversion-en-energia-eolica-en-chubut-argentina-viento-en-popa\/"]}]},{"@type":"ImageObject","inLanguage":"es","@id":"https:\/\/patagoniambiental.com.ar\/info\/millonaria-inversion-en-energia-eolica-en-chubut-argentina-viento-en-popa\/#primaryimage","url":"https:\/\/patagoniambiental.com.ar\/info\/wp-content\/uploads\/2019\/07\/windmill-wind-wind-turbine-electric-68674.jpeg","contentUrl":"https:\/\/patagoniambiental.com.ar\/info\/wp-content\/uploads\/2019\/07\/windmill-wind-wind-turbine-electric-68674.jpeg","width":723,"height":484},{"@type":"BreadcrumbList","@id":"https:\/\/patagoniambiental.com.ar\/info\/millonaria-inversion-en-energia-eolica-en-chubut-argentina-viento-en-popa\/#breadcrumb","itemListElement":[{"@type":"ListItem","position":1,"name":"Inicio","item":"https:\/\/patagoniambiental.com.ar\/info\/"},{"@type":"ListItem","position":2,"name":"Millonaria inversi\u00f3n en energ\u00eda e\u00f3lica en Chubut Argentina viento en popa"}]},{"@type":"WebSite","@id":"https:\/\/patagoniambiental.com.ar\/info\/#website","url":"https:\/\/patagoniambiental.com.ar\/info\/","name":"Patagonia Ambiental","description":"Monitoreo y an\u00e1lisis de la situaci\u00f3n geopol\u00edtica en el mundo y su implicancia en la Patagonia","publisher":{"@id":"https:\/\/patagoniambiental.com.ar\/info\/#organization"},"potentialAction":[{"@type":"SearchAction","target":{"@type":"EntryPoint","urlTemplate":"https:\/\/patagoniambiental.com.ar\/info\/?s={search_term_string}"},"query-input":{"@type":"PropertyValueSpecification","valueRequired":true,"valueName":"search_term_string"}}],"inLanguage":"es"},{"@type":"Organization","@id":"https:\/\/patagoniambiental.com.ar\/info\/#organization","name":"Patagonia Ambiental","url":"https:\/\/patagoniambiental.com.ar\/info\/","logo":{"@type":"ImageObject","inLanguage":"es","@id":"https:\/\/patagoniambiental.com.ar\/info\/#\/schema\/logo\/image\/","url":"https:\/\/patagoniambiental.com.ar\/info\/wp-content\/uploads\/2025\/05\/LOGO-PATAGONIA-AMBIENTAL.png","contentUrl":"https:\/\/patagoniambiental.com.ar\/info\/wp-content\/uploads\/2025\/05\/LOGO-PATAGONIA-AMBIENTAL.png","width":433,"height":250,"caption":"Patagonia Ambiental"},"image":{"@id":"https:\/\/patagoniambiental.com.ar\/info\/#\/schema\/logo\/image\/"},"sameAs":["https:\/\/www.facebook.com\/patagonia.ambiental","https:\/\/x.com\/PatAmb"]},{"@type":"Person","@id":"https:\/\/patagoniambiental.com.ar\/info\/#\/schema\/person\/db12bff64bbcbf6a253710bf0ea37b5d","name":"Patagonia Ambiental","description":"Andr\u00e9s Nievas T\u00e9cnico en manejo ambiental, consultor Ambiental y escritor para medios locales e internacionales sobre temas de geopolitica y medio ambiente.","sameAs":["http:\/\/www.patagoniambiental.com.ar","https:\/\/www.facebook.com\/share\/1C1V8Gv9BX\/?mibextid=qi2Omg","@patagoniambiental","https:\/\/youtube.com\/@patagoniaambiental2023?si=BLt58t0wuXquxlYZ"]}]}},"_links":{"self":[{"href":"https:\/\/patagoniambiental.com.ar\/info\/wp-json\/wp\/v2\/posts\/62504","targetHints":{"allow":["GET"]}}],"collection":[{"href":"https:\/\/patagoniambiental.com.ar\/info\/wp-json\/wp\/v2\/posts"}],"about":[{"href":"https:\/\/patagoniambiental.com.ar\/info\/wp-json\/wp\/v2\/types\/post"}],"author":[{"embeddable":true,"href":"https:\/\/patagoniambiental.com.ar\/info\/wp-json\/wp\/v2\/users\/2"}],"replies":[{"embeddable":true,"href":"https:\/\/patagoniambiental.com.ar\/info\/wp-json\/wp\/v2\/comments?post=62504"}],"version-history":[{"count":0,"href":"https:\/\/patagoniambiental.com.ar\/info\/wp-json\/wp\/v2\/posts\/62504\/revisions"}],"wp:featuredmedia":[{"embeddable":true,"href":"https:\/\/patagoniambiental.com.ar\/info\/wp-json\/wp\/v2\/media\/62505"}],"wp:attachment":[{"href":"https:\/\/patagoniambiental.com.ar\/info\/wp-json\/wp\/v2\/media?parent=62504"}],"wp:term":[{"taxonomy":"category","embeddable":true,"href":"https:\/\/patagoniambiental.com.ar\/info\/wp-json\/wp\/v2\/categories?post=62504"},{"taxonomy":"post_tag","embeddable":true,"href":"https:\/\/patagoniambiental.com.ar\/info\/wp-json\/wp\/v2\/tags?post=62504"}],"curies":[{"name":"wp","href":"https:\/\/api.w.org\/{rel}","templated":true}]}}