{"id":62713,"date":"2019-08-13T07:00:45","date_gmt":"2019-08-13T10:00:45","guid":{"rendered":"http:\/\/patagoniambiental.com.ar\/info\/?p=62713"},"modified":"2019-08-13T09:56:00","modified_gmt":"2019-08-13T12:56:00","slug":"los-autos-electricos-no-arrancan-en-la-ciudad-de-neuquen","status":"publish","type":"post","link":"https:\/\/patagoniambiental.com.ar\/info\/los-autos-electricos-no-arrancan-en-la-ciudad-de-neuquen\/","title":{"rendered":"Los autos el\u00e9ctricos no arrancan en la ciudad de Neuquen"},"content":{"rendered":"<article id=\"article-post\" class=\"cat-rojo\">\n<header>\n<div class=\"row\">\n<div class=\"col-xs-12\"><\/div>\n<\/div>\n<p class=\"interiorCopete\">Neuquen.-La Municipalidad no les cobra impuestos, pero al no haber estaciones de carga, se complica su uso diario.<\/p>\n<p><!--more--><\/p>\n<\/header>\n<div class=\"head-image thumb-wrap relative\">\n<div id=\"content-gallery\">\n<div id=\"fotogaleria-Object_3184_1797\" class=\"gallery\">\n<div class=\"col2\">\n<div class=\"image itemGallery classid573783\">\n<p><a title=\"\" href=\"https:\/\/media.lmneuquen.com\/adjuntos\/195\/imagenes\/004\/044\/0004044514.jpg\"><img fetchpriority=\"high\" decoding=\"async\" title=\"Los autos el\u00e9ctricos no arrancan en la ciudad\" src=\"https:\/\/media.lmneuquen.com\/adjuntos\/195\/imagenes\/004\/044\/0004044514.jpg\" alt=\"Los autos el\u00e9ctricos no arrancan en la ciudad\" width=\"770\" height=\"433\" \/><\/a><\/p>\n<div class=\"gallery-header\"><\/div>\n<\/div>\n<\/div>\n<div class=\"clearfix\"><\/div>\n<\/div>\n<\/div>\n<\/div>\n<div class=\"cuerpo\">\n<p><strong>Alejandro Olivera<\/strong><\/p>\n<\/div>\n<\/article>\n<p>&nbsp;<\/p>\n<div class=\"banner banner-floated clearfix\">\n<div class=\"banner-multiple-wrapper-3\">\n<div id=\"eplAdDivrichmedia01\"><iframe id=\"ifr85b925e769da702a_09f0a3afe266aad1\" src=\"about:blank\" name=\"ifr85b925e769da702a_09f0a3afe266aad1\" width=\"0px\" height=\"0px\" frameborder=\"0\" scrolling=\"no\" data-mce-fragment=\"1\"><\/iframe><\/div>\n<\/div>\n<\/div>\n<section class=\"news-lay-3 bottom-margin lista-notas-relacionadas relacionadas-nota inbody\">\n<header><\/header>\n<div class=\"row\">\n<article class=\"item clearfix col-xs-12 col-sm-6 cat- rel-has-media\">\n<div class=\"row\">\n<div class=\"col-xs-6 col-sm-6\">\n<div class=\"media thumb-wrap relative wrapper-relacionadas\"><\/div>\n<\/div>\n<\/div>\n<\/article>\n<\/div>\n<\/section>\n<article id=\"article-post\" class=\"cat-rojo\">\n<div class=\"cuerpo\">\n<p>En la ciudad solo hay una docena de\u00a0<a class=\"agrupador\" href=\"http:\/\/www.lmneuquen.com\/autos-ecologicos-a10636\" rel=\"10636\">autos ecol\u00f3gicos<\/a>, a pesar de que la Municipalidad impuls\u00f3 en el Concejo Deliberante una atractiva exenci\u00f3n del Impuesto a los Automotores por tres a\u00f1os para los veh\u00edculos el\u00e9ctricos y alternativos. La alternativa a los autos de combusti\u00f3n est\u00e1 en una etapa de incipiente desarrollo en la provincia, que no deja de aumentar su producci\u00f3n de gas y petr\u00f3leo gracias al aporte proveniente de los yacimientos de la formaci\u00f3n no convencional Vaca Muerta.<\/p>\n<p>El secretario de Modernizaci\u00f3n de la Municipalidad, Rub\u00e9n Etcheverry, adelant\u00f3 que en ese \u00e1mbito est\u00e1n en negociaciones para atraer a concesionarias especializadas en los autos el\u00e9ctricos. Adem\u00e1s, dijo que la comuna promueve la apertura de una estaci\u00f3n de carga para este tipo de veh\u00edculos.<\/p>\n<p>Con la vista puesta en la \u201cciudad del mill\u00f3n de habitantes\u201d, el objetivo del Ejecutivo municipal es promover la utilizaci\u00f3n de rodados que sean amigables con el medioambiente para reducir los niveles de contaminaci\u00f3n y proteger los recursos naturales que caracterizan a Neuqu\u00e9n.<\/p>\n<p>Este a\u00f1o el Municipio puso primera y consigui\u00f3 la modificaci\u00f3n de la Ordenanza 10383 en el Deliberante, que establece la exenci\u00f3n por tres a\u00f1os del pago de patentes a \u201cveh\u00edculos el\u00e9ctricos y alternativos (VEA), los h\u00edbridos (VEH) e h\u00edbridos enchufables (VEHP); los del tipo FCEV (fuel cell electric vehicle), a propulsi\u00f3n el\u00e9ctrica alimentados por hidr\u00f3geno o cualquier otro tipo de combustible\u201d, as\u00ed como tambi\u00e9n a los que sean definidos por el \u00e1rea en el futuro.<\/p>\n<p>Sin embargo, esta iniciativa, que lleg\u00f3 a los medios de comunicaci\u00f3n nacionales por su car\u00e1cter vanguardista, choc\u00f3 de frente con la realidad, ya que el pa\u00eds no cuenta con la infraestructura necesaria para su ejecuci\u00f3n.<\/p>\n<p><strong>La disponibilidad del mercado<\/strong><\/p>\n<p>En la actualidad, en el pa\u00eds solo se pueden conseguir algunos modelos de autos el\u00e9ctricos, como la Renault Kangoo ZE y el Nissan Leaf (preventa), mientras que tambi\u00e9n est\u00e1n en venta los h\u00edbridos -que pueden usar tanto combustible como energ\u00eda el\u00e9ctrica- Toyota Prius y Mercedes Benz GLC.<\/p>\n<p>LM Neuqu\u00e9n consult\u00f3 en las concesionarias locales para saber si estos modelos est\u00e1n disponibles en la ciudad, pero lo cierto es que no hay una oferta muy amplia, principalmente por la falta de estaciones de carga, lo que limita el uso de los veh\u00edculos.<\/p>\n<p>A sabiendas de esto, la Secretar\u00eda de Modernizaci\u00f3n de la Municipalidad trabaja en la instalaci\u00f3n de un punto de recarga para que todos aquellos neuquinos que quieran colaborar con el medioambiente puedan alimentar las bater\u00edas de sus autos ecol\u00f3gicos en estos lugares.<\/p>\n<p>Sin embargo, Etcheverry indic\u00f3 que es un proceso que llevar\u00e1 tiempo.<\/p>\n<p>En toda Argentina solo hay dos estaciones de servicio que cuentan con el instrumental necesario para permitir que el veh\u00edculo recupere el 80 por ciento de la energ\u00eda en 40 minutos.<\/p>\n<p>En tanto, el funcionario municipal se\u00f1al\u00f3 que est\u00e1n en tratativas para traer un concesionario especializado a la ciudad, pero tambi\u00e9n se mostr\u00f3 cauto y no dio demasiadas precisiones al respecto.<\/p>\n<p>En la actualidad, los veh\u00edculos el\u00e9ctricos son m\u00e1s caros que los tradicionales y, seg\u00fan coment\u00f3 una fuente relacionada con el mercado de los autom\u00f3viles en esta ciudad, \u201chay que hacer un profundo an\u00e1lisis para saber si ese gasto se amortiza luego con el uso\u201d.<\/p>\n<p><strong>La promoci\u00f3n en la Confluencia<\/strong><\/p>\n<p>En febrero, la Municipalidad present\u00f3 el \u201cprimer auto el\u00e9ctrico de la ciudad\u201d en un acto realizado en el monumento al General San Mart\u00edn. Luego, exhibi\u00f3 el veh\u00edculo durante la Fiesta de la Confluencia para tentar a miles de asistentes a volcarse a este tipo de movilidad.<\/p>\n<p>La Municipalidad de Neuqu\u00e9n se adelant\u00f3 en la promoci\u00f3n de los veh\u00edculos el\u00e9ctricos a las posibilidades materiales para usarlos dentro de su territorio. Mientras miles conocieron c\u00f3mo ser\u00eda moverse en un auto el\u00e9ctrico, las concesionarias locales no tienen esos autos para ofrecerlos a sus clientes. Asimismo, las estaciones de carga el\u00e9ctrica no desembarcaron a\u00fan en esta ciudad ni en las vecinas, de modo de acercar el servicio.<\/p>\n<p>Fuente: La Ma\u00f1ana Neuquen<\/p>\n<\/div>\n<\/article>\n","protected":false},"excerpt":{"rendered":"<p>Neuquen.-La Municipalidad no les cobra impuestos, pero al no haber estaciones de carga, se complica su uso diario.<\/p>\n","protected":false},"author":2,"featured_media":53463,"comment_status":"open","ping_status":"open","sticky":false,"template":"","format":"standard","meta":{"site-sidebar-layout":"default","site-content-layout":"","ast-site-content-layout":"default","site-content-style":"default","site-sidebar-style":"default","ast-global-header-display":"","ast-banner-title-visibility":"","ast-main-header-display":"","ast-hfb-above-header-display":"","ast-hfb-below-header-display":"","ast-hfb-mobile-header-display":"","site-post-title":"","ast-breadcrumbs-content":"","ast-featured-img":"","footer-sml-layout":"","ast-disable-related-posts":"","theme-transparent-header-meta":"","adv-header-id-meta":"","stick-header-meta":"","header-above-stick-meta":"","header-main-stick-meta":"","header-below-stick-meta":"","astra-migrate-meta-layouts":"default","ast-page-background-enabled":"default","ast-page-background-meta":{"desktop":{"background-color":"var(--ast-global-color-5)","background-image":"","background-repeat":"repeat","background-position":"center center","background-size":"auto","background-attachment":"scroll","background-type":"","background-media":"","overlay-type":"","overlay-color":"","overlay-opacity":"","overlay-gradient":""},"tablet":{"background-color":"","background-image":"","background-repeat":"repeat","background-position":"center center","background-size":"auto","background-attachment":"scroll","background-type":"","background-media":"","overlay-type":"","overlay-color":"","overlay-opacity":"","overlay-gradient":""},"mobile":{"background-color":"","background-image":"","background-repeat":"repeat","background-position":"center center","background-size":"auto","background-attachment":"scroll","background-type":"","background-media":"","overlay-type":"","overlay-color":"","overlay-opacity":"","overlay-gradient":""}},"ast-content-background-meta":{"desktop":{"background-color":"var(--ast-global-color-4)","background-image":"","background-repeat":"repeat","background-position":"center center","background-size":"auto","background-attachment":"scroll","background-type":"","background-media":"","overlay-type":"","overlay-color":"","overlay-opacity":"","overlay-gradient":""},"tablet":{"background-color":"var(--ast-global-color-4)","background-image":"","background-repeat":"repeat","background-position":"center center","background-size":"auto","background-attachment":"scroll","background-type":"","background-media":"","overlay-type":"","overlay-color":"","overlay-opacity":"","overlay-gradient":""},"mobile":{"background-color":"var(--ast-global-color-4)","background-image":"","background-repeat":"repeat","background-position":"center center","background-size":"auto","background-attachment":"scroll","background-type":"","background-media":"","overlay-type":"","overlay-color":"","overlay-opacity":"","overlay-gradient":""}},"footnotes":""},"categories":[11,16,1],"tags":[],"class_list":["post-62713","post","type-post","status-publish","format-standard","has-post-thumbnail","hentry","category-boletin","category-municipales","category-noticias"],"yoast_head":"<!-- This site is optimized with the Yoast SEO Premium plugin v23.0 (Yoast SEO v27.5) - https:\/\/yoast.com\/product\/yoast-seo-premium-wordpress\/ -->\n<title>Los autos el\u00e9ctricos no arrancan en la ciudad de Neuquen<\/title>\n<meta name=\"robots\" content=\"index, follow, max-snippet:-1, max-image-preview:large, max-video-preview:-1\" \/>\n<link rel=\"canonical\" href=\"https:\/\/patagoniambiental.com.ar\/info\/los-autos-electricos-no-arrancan-en-la-ciudad-de-neuquen\/\" \/>\n<meta property=\"og:locale\" content=\"es_ES\" \/>\n<meta property=\"og:type\" content=\"article\" \/>\n<meta property=\"og:title\" content=\"Los autos el\u00e9ctricos no arrancan en la ciudad de Neuquen\" \/>\n<meta property=\"og:description\" content=\"Neuquen.-La Municipalidad no les cobra impuestos, pero al no haber estaciones de carga, se complica su uso diario.\" \/>\n<meta property=\"og:url\" content=\"https:\/\/patagoniambiental.com.ar\/info\/los-autos-electricos-no-arrancan-en-la-ciudad-de-neuquen\/\" \/>\n<meta property=\"og:site_name\" content=\"Patagonia Ambiental\" \/>\n<meta property=\"article:publisher\" content=\"https:\/\/www.facebook.com\/patagonia.ambiental\" \/>\n<meta property=\"article:author\" content=\"https:\/\/www.facebook.com\/share\/1C1V8Gv9BX\/?mibextid=qi2Omg\" \/>\n<meta property=\"article:published_time\" content=\"2019-08-13T10:00:45+00:00\" \/>\n<meta property=\"article:modified_time\" content=\"2019-08-13T12:56:00+00:00\" \/>\n<meta property=\"og:image\" content=\"https:\/\/patagoniambiental.com.ar\/info\/wp-content\/uploads\/2018\/09\/auto-electrico2.jpg\" \/>\n\t<meta property=\"og:image:width\" content=\"642\" \/>\n\t<meta property=\"og:image:height\" content=\"400\" \/>\n\t<meta property=\"og:image:type\" content=\"image\/jpeg\" \/>\n<meta name=\"author\" content=\"Patagonia Ambiental\" \/>\n<meta name=\"twitter:card\" content=\"summary_large_image\" \/>\n<meta name=\"twitter:creator\" content=\"@PatAmb\" \/>\n<meta name=\"twitter:site\" content=\"@PatAmb\" \/>\n<script type=\"application\/ld+json\" class=\"yoast-schema-graph\">{\"@context\":\"https:\\\/\\\/schema.org\",\"@graph\":[{\"@type\":\"Article\",\"@id\":\"https:\\\/\\\/patagoniambiental.com.ar\\\/info\\\/los-autos-electricos-no-arrancan-en-la-ciudad-de-neuquen\\\/#article\",\"isPartOf\":{\"@id\":\"https:\\\/\\\/patagoniambiental.com.ar\\\/info\\\/los-autos-electricos-no-arrancan-en-la-ciudad-de-neuquen\\\/\"},\"author\":{\"name\":\"Patagonia Ambiental\",\"@id\":\"https:\\\/\\\/patagoniambiental.com.ar\\\/info\\\/#\\\/schema\\\/person\\\/db12bff64bbcbf6a253710bf0ea37b5d\"},\"headline\":\"Los autos el\u00e9ctricos no arrancan en la ciudad de Neuquen\",\"datePublished\":\"2019-08-13T10:00:45+00:00\",\"dateModified\":\"2019-08-13T12:56:00+00:00\",\"mainEntityOfPage\":{\"@id\":\"https:\\\/\\\/patagoniambiental.com.ar\\\/info\\\/los-autos-electricos-no-arrancan-en-la-ciudad-de-neuquen\\\/\"},\"wordCount\":758,\"commentCount\":0,\"publisher\":{\"@id\":\"https:\\\/\\\/patagoniambiental.com.ar\\\/info\\\/#organization\"},\"image\":{\"@id\":\"https:\\\/\\\/patagoniambiental.com.ar\\\/info\\\/los-autos-electricos-no-arrancan-en-la-ciudad-de-neuquen\\\/#primaryimage\"},\"thumbnailUrl\":\"https:\\\/\\\/patagoniambiental.com.ar\\\/info\\\/wp-content\\\/uploads\\\/2018\\\/09\\\/auto-electrico2.jpg\",\"articleSection\":[\"Bolet\u00edn\",\"Municipales\",\"Noticias\"],\"inLanguage\":\"es\",\"potentialAction\":[{\"@type\":\"CommentAction\",\"name\":\"Comment\",\"target\":[\"https:\\\/\\\/patagoniambiental.com.ar\\\/info\\\/los-autos-electricos-no-arrancan-en-la-ciudad-de-neuquen\\\/#respond\"]}]},{\"@type\":\"WebPage\",\"@id\":\"https:\\\/\\\/patagoniambiental.com.ar\\\/info\\\/los-autos-electricos-no-arrancan-en-la-ciudad-de-neuquen\\\/\",\"url\":\"https:\\\/\\\/patagoniambiental.com.ar\\\/info\\\/los-autos-electricos-no-arrancan-en-la-ciudad-de-neuquen\\\/\",\"name\":\"Los autos el\u00e9ctricos no arrancan en la ciudad de Neuquen\",\"isPartOf\":{\"@id\":\"https:\\\/\\\/patagoniambiental.com.ar\\\/info\\\/#website\"},\"primaryImageOfPage\":{\"@id\":\"https:\\\/\\\/patagoniambiental.com.ar\\\/info\\\/los-autos-electricos-no-arrancan-en-la-ciudad-de-neuquen\\\/#primaryimage\"},\"image\":{\"@id\":\"https:\\\/\\\/patagoniambiental.com.ar\\\/info\\\/los-autos-electricos-no-arrancan-en-la-ciudad-de-neuquen\\\/#primaryimage\"},\"thumbnailUrl\":\"https:\\\/\\\/patagoniambiental.com.ar\\\/info\\\/wp-content\\\/uploads\\\/2018\\\/09\\\/auto-electrico2.jpg\",\"datePublished\":\"2019-08-13T10:00:45+00:00\",\"dateModified\":\"2019-08-13T12:56:00+00:00\",\"breadcrumb\":{\"@id\":\"https:\\\/\\\/patagoniambiental.com.ar\\\/info\\\/los-autos-electricos-no-arrancan-en-la-ciudad-de-neuquen\\\/#breadcrumb\"},\"inLanguage\":\"es\",\"potentialAction\":[{\"@type\":\"ReadAction\",\"target\":[\"https:\\\/\\\/patagoniambiental.com.ar\\\/info\\\/los-autos-electricos-no-arrancan-en-la-ciudad-de-neuquen\\\/\"]}]},{\"@type\":\"ImageObject\",\"inLanguage\":\"es\",\"@id\":\"https:\\\/\\\/patagoniambiental.com.ar\\\/info\\\/los-autos-electricos-no-arrancan-en-la-ciudad-de-neuquen\\\/#primaryimage\",\"url\":\"https:\\\/\\\/patagoniambiental.com.ar\\\/info\\\/wp-content\\\/uploads\\\/2018\\\/09\\\/auto-electrico2.jpg\",\"contentUrl\":\"https:\\\/\\\/patagoniambiental.com.ar\\\/info\\\/wp-content\\\/uploads\\\/2018\\\/09\\\/auto-electrico2.jpg\",\"width\":642,\"height\":400},{\"@type\":\"BreadcrumbList\",\"@id\":\"https:\\\/\\\/patagoniambiental.com.ar\\\/info\\\/los-autos-electricos-no-arrancan-en-la-ciudad-de-neuquen\\\/#breadcrumb\",\"itemListElement\":[{\"@type\":\"ListItem\",\"position\":1,\"name\":\"Inicio\",\"item\":\"https:\\\/\\\/patagoniambiental.com.ar\\\/info\\\/\"},{\"@type\":\"ListItem\",\"position\":2,\"name\":\"Los autos el\u00e9ctricos no arrancan en la ciudad de Neuquen\"}]},{\"@type\":\"WebSite\",\"@id\":\"https:\\\/\\\/patagoniambiental.com.ar\\\/info\\\/#website\",\"url\":\"https:\\\/\\\/patagoniambiental.com.ar\\\/info\\\/\",\"name\":\"Patagonia Ambiental\",\"description\":\"Monitoreo y an\u00e1lisis de la situaci\u00f3n geopol\u00edtica en el mundo y su implicancia en la Patagonia\",\"publisher\":{\"@id\":\"https:\\\/\\\/patagoniambiental.com.ar\\\/info\\\/#organization\"},\"potentialAction\":[{\"@type\":\"SearchAction\",\"target\":{\"@type\":\"EntryPoint\",\"urlTemplate\":\"https:\\\/\\\/patagoniambiental.com.ar\\\/info\\\/?s={search_term_string}\"},\"query-input\":{\"@type\":\"PropertyValueSpecification\",\"valueRequired\":true,\"valueName\":\"search_term_string\"}}],\"inLanguage\":\"es\"},{\"@type\":\"Organization\",\"@id\":\"https:\\\/\\\/patagoniambiental.com.ar\\\/info\\\/#organization\",\"name\":\"Patagonia Ambiental\",\"url\":\"https:\\\/\\\/patagoniambiental.com.ar\\\/info\\\/\",\"logo\":{\"@type\":\"ImageObject\",\"inLanguage\":\"es\",\"@id\":\"https:\\\/\\\/patagoniambiental.com.ar\\\/info\\\/#\\\/schema\\\/logo\\\/image\\\/\",\"url\":\"https:\\\/\\\/patagoniambiental.com.ar\\\/info\\\/wp-content\\\/uploads\\\/2025\\\/05\\\/LOGO-PATAGONIA-AMBIENTAL.png\",\"contentUrl\":\"https:\\\/\\\/patagoniambiental.com.ar\\\/info\\\/wp-content\\\/uploads\\\/2025\\\/05\\\/LOGO-PATAGONIA-AMBIENTAL.png\",\"width\":433,\"height\":250,\"caption\":\"Patagonia Ambiental\"},\"image\":{\"@id\":\"https:\\\/\\\/patagoniambiental.com.ar\\\/info\\\/#\\\/schema\\\/logo\\\/image\\\/\"},\"sameAs\":[\"https:\\\/\\\/www.facebook.com\\\/patagonia.ambiental\",\"https:\\\/\\\/x.com\\\/PatAmb\"]},{\"@type\":\"Person\",\"@id\":\"https:\\\/\\\/patagoniambiental.com.ar\\\/info\\\/#\\\/schema\\\/person\\\/db12bff64bbcbf6a253710bf0ea37b5d\",\"name\":\"Patagonia Ambiental\",\"description\":\"Andr\u00e9s Nievas T\u00e9cnico en manejo ambiental, consultor Ambiental y escritor para medios locales e internacionales sobre temas de geopolitica y medio ambiente.\",\"sameAs\":[\"http:\\\/\\\/www.patagoniambiental.com.ar\",\"https:\\\/\\\/www.facebook.com\\\/share\\\/1C1V8Gv9BX\\\/?mibextid=qi2Omg\",\"@patagoniambiental\",\"https:\\\/\\\/youtube.com\\\/@patagoniaambiental2023?si=BLt58t0wuXquxlYZ\"]}]}<\/script>\n<!-- \/ Yoast SEO Premium plugin. -->","yoast_head_json":{"title":"Los autos el\u00e9ctricos no arrancan en la ciudad de Neuquen","robots":{"index":"index","follow":"follow","max-snippet":"max-snippet:-1","max-image-preview":"max-image-preview:large","max-video-preview":"max-video-preview:-1"},"canonical":"https:\/\/patagoniambiental.com.ar\/info\/los-autos-electricos-no-arrancan-en-la-ciudad-de-neuquen\/","og_locale":"es_ES","og_type":"article","og_title":"Los autos el\u00e9ctricos no arrancan en la ciudad de Neuquen","og_description":"Neuquen.-La Municipalidad no les cobra impuestos, pero al no haber estaciones de carga, se complica su uso diario.","og_url":"https:\/\/patagoniambiental.com.ar\/info\/los-autos-electricos-no-arrancan-en-la-ciudad-de-neuquen\/","og_site_name":"Patagonia Ambiental","article_publisher":"https:\/\/www.facebook.com\/patagonia.ambiental","article_author":"https:\/\/www.facebook.com\/share\/1C1V8Gv9BX\/?mibextid=qi2Omg","article_published_time":"2019-08-13T10:00:45+00:00","article_modified_time":"2019-08-13T12:56:00+00:00","og_image":[{"width":642,"height":400,"url":"https:\/\/patagoniambiental.com.ar\/info\/wp-content\/uploads\/2018\/09\/auto-electrico2.jpg","type":"image\/jpeg"}],"author":"Patagonia Ambiental","twitter_card":"summary_large_image","twitter_creator":"@PatAmb","twitter_site":"@PatAmb","schema":{"@context":"https:\/\/schema.org","@graph":[{"@type":"Article","@id":"https:\/\/patagoniambiental.com.ar\/info\/los-autos-electricos-no-arrancan-en-la-ciudad-de-neuquen\/#article","isPartOf":{"@id":"https:\/\/patagoniambiental.com.ar\/info\/los-autos-electricos-no-arrancan-en-la-ciudad-de-neuquen\/"},"author":{"name":"Patagonia Ambiental","@id":"https:\/\/patagoniambiental.com.ar\/info\/#\/schema\/person\/db12bff64bbcbf6a253710bf0ea37b5d"},"headline":"Los autos el\u00e9ctricos no arrancan en la ciudad de Neuquen","datePublished":"2019-08-13T10:00:45+00:00","dateModified":"2019-08-13T12:56:00+00:00","mainEntityOfPage":{"@id":"https:\/\/patagoniambiental.com.ar\/info\/los-autos-electricos-no-arrancan-en-la-ciudad-de-neuquen\/"},"wordCount":758,"commentCount":0,"publisher":{"@id":"https:\/\/patagoniambiental.com.ar\/info\/#organization"},"image":{"@id":"https:\/\/patagoniambiental.com.ar\/info\/los-autos-electricos-no-arrancan-en-la-ciudad-de-neuquen\/#primaryimage"},"thumbnailUrl":"https:\/\/patagoniambiental.com.ar\/info\/wp-content\/uploads\/2018\/09\/auto-electrico2.jpg","articleSection":["Bolet\u00edn","Municipales","Noticias"],"inLanguage":"es","potentialAction":[{"@type":"CommentAction","name":"Comment","target":["https:\/\/patagoniambiental.com.ar\/info\/los-autos-electricos-no-arrancan-en-la-ciudad-de-neuquen\/#respond"]}]},{"@type":"WebPage","@id":"https:\/\/patagoniambiental.com.ar\/info\/los-autos-electricos-no-arrancan-en-la-ciudad-de-neuquen\/","url":"https:\/\/patagoniambiental.com.ar\/info\/los-autos-electricos-no-arrancan-en-la-ciudad-de-neuquen\/","name":"Los autos el\u00e9ctricos no arrancan en la ciudad de Neuquen","isPartOf":{"@id":"https:\/\/patagoniambiental.com.ar\/info\/#website"},"primaryImageOfPage":{"@id":"https:\/\/patagoniambiental.com.ar\/info\/los-autos-electricos-no-arrancan-en-la-ciudad-de-neuquen\/#primaryimage"},"image":{"@id":"https:\/\/patagoniambiental.com.ar\/info\/los-autos-electricos-no-arrancan-en-la-ciudad-de-neuquen\/#primaryimage"},"thumbnailUrl":"https:\/\/patagoniambiental.com.ar\/info\/wp-content\/uploads\/2018\/09\/auto-electrico2.jpg","datePublished":"2019-08-13T10:00:45+00:00","dateModified":"2019-08-13T12:56:00+00:00","breadcrumb":{"@id":"https:\/\/patagoniambiental.com.ar\/info\/los-autos-electricos-no-arrancan-en-la-ciudad-de-neuquen\/#breadcrumb"},"inLanguage":"es","potentialAction":[{"@type":"ReadAction","target":["https:\/\/patagoniambiental.com.ar\/info\/los-autos-electricos-no-arrancan-en-la-ciudad-de-neuquen\/"]}]},{"@type":"ImageObject","inLanguage":"es","@id":"https:\/\/patagoniambiental.com.ar\/info\/los-autos-electricos-no-arrancan-en-la-ciudad-de-neuquen\/#primaryimage","url":"https:\/\/patagoniambiental.com.ar\/info\/wp-content\/uploads\/2018\/09\/auto-electrico2.jpg","contentUrl":"https:\/\/patagoniambiental.com.ar\/info\/wp-content\/uploads\/2018\/09\/auto-electrico2.jpg","width":642,"height":400},{"@type":"BreadcrumbList","@id":"https:\/\/patagoniambiental.com.ar\/info\/los-autos-electricos-no-arrancan-en-la-ciudad-de-neuquen\/#breadcrumb","itemListElement":[{"@type":"ListItem","position":1,"name":"Inicio","item":"https:\/\/patagoniambiental.com.ar\/info\/"},{"@type":"ListItem","position":2,"name":"Los autos el\u00e9ctricos no arrancan en la ciudad de Neuquen"}]},{"@type":"WebSite","@id":"https:\/\/patagoniambiental.com.ar\/info\/#website","url":"https:\/\/patagoniambiental.com.ar\/info\/","name":"Patagonia Ambiental","description":"Monitoreo y an\u00e1lisis de la situaci\u00f3n geopol\u00edtica en el mundo y su implicancia en la Patagonia","publisher":{"@id":"https:\/\/patagoniambiental.com.ar\/info\/#organization"},"potentialAction":[{"@type":"SearchAction","target":{"@type":"EntryPoint","urlTemplate":"https:\/\/patagoniambiental.com.ar\/info\/?s={search_term_string}"},"query-input":{"@type":"PropertyValueSpecification","valueRequired":true,"valueName":"search_term_string"}}],"inLanguage":"es"},{"@type":"Organization","@id":"https:\/\/patagoniambiental.com.ar\/info\/#organization","name":"Patagonia Ambiental","url":"https:\/\/patagoniambiental.com.ar\/info\/","logo":{"@type":"ImageObject","inLanguage":"es","@id":"https:\/\/patagoniambiental.com.ar\/info\/#\/schema\/logo\/image\/","url":"https:\/\/patagoniambiental.com.ar\/info\/wp-content\/uploads\/2025\/05\/LOGO-PATAGONIA-AMBIENTAL.png","contentUrl":"https:\/\/patagoniambiental.com.ar\/info\/wp-content\/uploads\/2025\/05\/LOGO-PATAGONIA-AMBIENTAL.png","width":433,"height":250,"caption":"Patagonia Ambiental"},"image":{"@id":"https:\/\/patagoniambiental.com.ar\/info\/#\/schema\/logo\/image\/"},"sameAs":["https:\/\/www.facebook.com\/patagonia.ambiental","https:\/\/x.com\/PatAmb"]},{"@type":"Person","@id":"https:\/\/patagoniambiental.com.ar\/info\/#\/schema\/person\/db12bff64bbcbf6a253710bf0ea37b5d","name":"Patagonia Ambiental","description":"Andr\u00e9s Nievas T\u00e9cnico en manejo ambiental, consultor Ambiental y escritor para medios locales e internacionales sobre temas de geopolitica y medio ambiente.","sameAs":["http:\/\/www.patagoniambiental.com.ar","https:\/\/www.facebook.com\/share\/1C1V8Gv9BX\/?mibextid=qi2Omg","@patagoniambiental","https:\/\/youtube.com\/@patagoniaambiental2023?si=BLt58t0wuXquxlYZ"]}]}},"_links":{"self":[{"href":"https:\/\/patagoniambiental.com.ar\/info\/wp-json\/wp\/v2\/posts\/62713","targetHints":{"allow":["GET"]}}],"collection":[{"href":"https:\/\/patagoniambiental.com.ar\/info\/wp-json\/wp\/v2\/posts"}],"about":[{"href":"https:\/\/patagoniambiental.com.ar\/info\/wp-json\/wp\/v2\/types\/post"}],"author":[{"embeddable":true,"href":"https:\/\/patagoniambiental.com.ar\/info\/wp-json\/wp\/v2\/users\/2"}],"replies":[{"embeddable":true,"href":"https:\/\/patagoniambiental.com.ar\/info\/wp-json\/wp\/v2\/comments?post=62713"}],"version-history":[{"count":0,"href":"https:\/\/patagoniambiental.com.ar\/info\/wp-json\/wp\/v2\/posts\/62713\/revisions"}],"wp:featuredmedia":[{"embeddable":true,"href":"https:\/\/patagoniambiental.com.ar\/info\/wp-json\/wp\/v2\/media\/53463"}],"wp:attachment":[{"href":"https:\/\/patagoniambiental.com.ar\/info\/wp-json\/wp\/v2\/media?parent=62713"}],"wp:term":[{"taxonomy":"category","embeddable":true,"href":"https:\/\/patagoniambiental.com.ar\/info\/wp-json\/wp\/v2\/categories?post=62713"},{"taxonomy":"post_tag","embeddable":true,"href":"https:\/\/patagoniambiental.com.ar\/info\/wp-json\/wp\/v2\/tags?post=62713"}],"curies":[{"name":"wp","href":"https:\/\/api.w.org\/{rel}","templated":true}]}}