{"id":62769,"date":"2019-08-18T07:00:26","date_gmt":"2019-08-18T10:00:26","guid":{"rendered":"http:\/\/patagoniambiental.com.ar\/info\/?p=62769"},"modified":"2019-08-15T11:06:11","modified_gmt":"2019-08-15T14:06:11","slug":"quieren-declarar-de-interes-la-trayectoria-y-el-trabajo-de-la-asociacion-pamvi-perros-abandonados-y-maltratados-e-viedma-de-viedma","status":"publish","type":"post","link":"https:\/\/patagoniambiental.com.ar\/info\/quieren-declarar-de-interes-la-trayectoria-y-el-trabajo-de-la-asociacion-pamvi-perros-abandonados-y-maltratados-e-viedma-de-viedma\/","title":{"rendered":"Quieren declarar de inter\u00e9s la trayectoria y el trabajo de la Asociaci\u00f3n PAMVI (perros abandonados y maltratados e Viedma) de Viedma"},"content":{"rendered":"<p>Viedma.-El trabajo y la trayectoria incansable de la Asociaci\u00f3n PAMVI (Perros abandonados y maltratados de Viedma) \u00a0de la ciudad de Viedma tuvo como reconocimiento que el legislador Marcelino Elban Jerez del Bloque JSRN presentara una iniciativa para declararla de inter\u00e9s ecol\u00f3gico, social y educativo. El proyecto ser\u00e1 tratado en las pr\u00f3ximas sesiones.<\/p>\n<p><!--more--><\/p>\n<p>En los fundamentos de la iniciativa se destaca que los perros abandonados que viven en las calles de la ciudad de Viedma son una problem\u00e1tica desde hace varios a\u00f1os. Son aquellos animales que no tienen un hogar, o que perteneciendo a uno, pasan la totalidad o parte del d\u00eda fuera de su casa, ya sea por descuido de sus due\u00f1os, abandono, p\u00e9rdida o haber nacido en la calle. Cual fuera el caso, algunos aprenden a defenderse <em>contra los humanos<\/em>\u00a0ya sea atac\u00e1ndolos o solo alej\u00e1ndose de ellos y evitando cualquier tipo de acercamiento, mientras otros conviven con los humanos y act\u00faan de manera amistosa hacia ellos.<\/p>\n<p>&nbsp;<\/p>\n<p>Este es un problema que se puede encarar desde un compromiso social y pol\u00edtico que requiere de una urgente soluci\u00f3n porque involucra aspectos como la salud, la higiene, el orden p\u00fablico y la seguridad tanto de estas mascotas como de la poblaci\u00f3n en general, ya que pueden atacar a las personas en la v\u00eda p\u00fablica.<\/p>\n<p>&nbsp;<\/p>\n<p>Como una soluci\u00f3n desde lo pol\u00edtico la Municipalidad de Viedma, como la mayor\u00eda de los Municipios de la Provincia de R\u00edo Negro, desde hace varios a\u00f1os cuenta con el Quir\u00f3fano M\u00f3vil para realizarles a los animales dom\u00e9sticos la esterilizaci\u00f3n de modo gratuito. Este es el \u00fanico m\u00e9todo \u00e9tico, pr\u00e1ctico, econ\u00f3mico y definitivo para el control de la superpoblaci\u00f3n de animales dom\u00e9sticos, siendo uno de los puntos importantes de una tenencia responsable. La superpoblaci\u00f3n de animales dom\u00e9sticos es una de las causas de abandono de los mismos. Los turnos para llevar a los animales se deben solicitar en las Juntas Vecinales de los barrios y todos los meses el quir\u00f3fano recorre las distintas zonas de la ciudad.<\/p>\n<p>En cuanto a soluciones o compromisos desde el punto de vista social, han surgido movimientos o grupos de personas en las redes sociales en la comarca Viedma-Patagones que informan de estos animales que han sido abandonados o encontrados para darles tr\u00e1nsito u ofrecerlos en adopci\u00f3n. Otra forma de asumir un compromiso desde lo social con los animales dom\u00e9sticos en situaci\u00f3n de abandono son las Asociaciones Civiles u ONG que complementan el trabajo desde el estado. Surge as\u00ed en la ciudad de Viedma la <strong>Asociaci\u00f3n Civil PAMVI (Perros Abandonados y Maltratados de Viedma)<\/strong>, una asociaci\u00f3n sin fines de lucro que cuenta con Personer\u00eda Jur\u00eddica y se dedica al rescate de los caninos y felinos que se encuentran en situaci\u00f3n de abandono total o parcial y que ante diversas circunstancias de riesgo requieren de acciones concretas para el resguardo de su seguridad e integridad.<\/p>\n<p>&nbsp;<\/p>\n<p>En la actualidad la Asociaci\u00f3n PAMVI trabaja activamente en conjunto con el quir\u00f3fano municipal que recorre los barrios de la ciudad realizando castraciones de perras. Las m\u00faltiples pariciones de perros callejeros\/as supera muchas veces ampliamente la intervenci\u00f3n real que se logra a trav\u00e9s de esta pol\u00edtica municipal. Por ello se considera fundamental desarrollar una propuesta que sirva de complemento a lo ya desarrollado y que brinde una intervenci\u00f3n directa sobre los caninos hembras y machos que se encuentran en situaci\u00f3n de calle.<\/p>\n<p>&nbsp;<\/p>\n<p>En la Asociaci\u00f3n desarrollan tareas tales como rescate de la v\u00eda p\u00fablica o de hogares donde reciban malos tratos, asistencia veterinaria, alimentaci\u00f3n, b\u00fasqueda de hogares de tr\u00e1nsito, castraciones, todo ello hasta el logro de las adopciones y su seguimiento. Con recursos propios o donaciones de la poblaci\u00f3n atienden las necesidades de los animales abandonados.<\/p>\n<p>&nbsp;<\/p>\n<p>Para la asociaci\u00f3n es necesario trabajar con dos quir\u00f3fanos, uno deber\u00eda estar fijo en los barrios donde la poblaci\u00f3n es m\u00e1s vulnerable, por haber crecido en forma r\u00e1pida y no planificada (Lavalle, Mi Bandera, Nehu\u00e9n, 30 de Marzo, y dentro de poco tiempo el barrio 22 de Abril).<\/p>\n<p>&nbsp;<\/p>\n<p>Al mes de febrero de 2016 se hab\u00eda realizado un total de 260 castraciones de hembras callejeras y de familias de bajo recursos, y las que se dieron en adopci\u00f3n por la Asociaci\u00f3n con las que, tomando un promedio de ocho cachorros por parici\u00f3n, evitaron el nacimiento de dos mil ochenta (2.080) nuevos callejeros, teniendo como referencia solo una parici\u00f3n.<\/p>\n<p>&nbsp;<\/p>\n<p>Seg\u00fan datos de PAMVI es alarmante el n\u00famero de abandono de cachorros, un promedio de doce casos semanales, e innumerables abandonos de adultos por heridas, enfermedades, por vejez, pre\u00f1ez, o desinter\u00e9s.<\/p>\n<p>&nbsp;<\/p>\n<p>Desde PAMVi afirman que resulta urgente y fundamental trabajar en dos l\u00edneas: la educaci\u00f3n y promoci\u00f3n de los derechos de los animales de compa\u00f1\u00eda y las obligaciones de sus propietarios, para pensar en un real cambio cultural y en la planificaci\u00f3n y puesta en marcha de un Programa de Esterilizaci\u00f3n masiva, gratuita, continua, temprana y obligatoria impulsado desde el Estado, que pretenda enfrentar la situaci\u00f3n de emergencia de esta problem\u00e1tica y la experiencia demuestra que existe. Esta situaci\u00f3n pide una inmediata y eficiente intervenci\u00f3n y un compromiso sostenido en el tiempo por parte del Estado Municipal.<\/p>\n<p>&nbsp;<\/p>\n<p>P.A.M.Vi. (Perros Abandonados y Maltratados de Viedma) es una Asociaci\u00f3n Civil sin fines de lucro, creada el 30 de junio del a\u00f1o 2014 y con Personer\u00eda Jur\u00eddica n\u00ba 3132\/14 y su presidenta es Marta Ruella. La instituci\u00f3n ofrece informaci\u00f3n sobre el estado de situaci\u00f3n de la problem\u00e1tica de los animales de compa\u00f1\u00eda a los vecinos, autoridades, instituciones, medios de comunicaci\u00f3n, educaci\u00f3n y p\u00fablico en general.<\/p>\n<p>&nbsp;<\/p>\n<p>El objetivo principal de P.A.M.V.I es llevar a cabo distintas acciones necesarias y prioritarias, destinadas al bienestar de los animales de compa\u00f1\u00eda, y que son los pilares b\u00e1sicos de ejecuci\u00f3n para su protecci\u00f3n, salud y plenitud. Estas acciones comprenden:<\/p>\n<ol>\n<li>Concientizaci\u00f3n: Difusi\u00f3n de informaci\u00f3n sobre Tenencia Responsable de mascotas a trav\u00e9s de folleter\u00eda, charlas en centros educativos, con los vecinos, en medios de comunicaci\u00f3n, a trav\u00e9s de nuestra p\u00e1gina, en nuestras ferias, etc., elaboraci\u00f3n de proyectos educativos.<\/li>\n<li>Esterilizaci\u00f3n:<br \/>\nTanto de animales en situaci\u00f3n de calle como de todas las mascotas que entregamos en adopci\u00f3n, garantizando as\u00ed la disminuci\u00f3n de la sobrepoblaci\u00f3n.<\/li>\n<li>Inclusi\u00f3n y Compromiso:<br \/>\nHacer cumplir, asesorar, modificar, promover y difundir Leyes, Ordenanzas y Proyectos tendientes al bienestar animal, trabajando en conjunto con Autoridades de Gobierno Municipal Provincial y Nacional.<br \/>\nHacer part\u00edcipe a la sociedad de las actividades tendientes al bienestar animal: ayudando y apoyando en rescates, adopciones, castraciones, tenencia responsable y denuncias por maltrato, etc., bajo el concepto de solidaridad y compromiso con esta problem\u00e1tica.<\/li>\n<\/ol>\n<p>Tambi\u00e9n ha realizado eventos en lugares p\u00fablicos como las \u201cCaminatas Caninas\u201d haciendo la cuarta edici\u00f3n consecutiva en abril del corriente a\u00f1o (2019). La \u00faltima edici\u00f3n fue en la plaza del fundador donde se recorri\u00f3 algunas cuadras con las mascotas siempre con collar y correa para la seguridad y mejor organizaci\u00f3n de la actividad. Tambi\u00e9n hubo charlas sobre el maltrato animal y ventas de cosas dulces para recaudar dinero. Actualmente, PAMVi no tiene sede y realiza actividades de concientizaci\u00f3n y tenencia responsable de las mascotas en diversos barrios de la ciudad. Esperan en estos eventos la ayuda de los vecinos con alimentos, pipetas para garrapatas y cualquier cosa con la que puedan colaborar. Cabe destacar que los vecinos que se acercan a la caminata canina est\u00e1n invitados a realizar tambi\u00e9n una ayuda econ\u00f3mica o adoptar algunos de los perros que actualmente tiene PAMVi en tr\u00e1nsito.<\/p>\n<p>En cuanto a c\u00f3mo obtienen los fondos para funcionar, tienen socios que pagan una cuota mensual y reciben un subsidio trimestral por parte del municipio para comprar alimento para los animales. La inscripci\u00f3n es a voluntad. Puede ser con dinero, alimento o art\u00edculos caninos. Este 12 de junio los integrantes de la Asociaci\u00f3n PAMVI se reunieron con el vicegobernador de la provincia para evaluar diferentes acciones que llevar\u00e1n adelante para asegurar una tenencia responsable de mascotas. Fue asi que para continuar fortaleciendo el trabajo de la ONG es que el legislador presento la iniciativa.<\/p>\n<p>&nbsp;<\/p>\n<p>Fuente: Patagonia Ambiental<\/p>\n<p>&nbsp;<\/p>\n","protected":false},"excerpt":{"rendered":"<p>Viedma.-El trabajo y la trayectoria incansable de la Asociaci\u00f3n PAMVI (Perros abandonados y maltratados de Viedma) \u00a0de la ciudad de [&hellip;]<\/p>\n","protected":false},"author":2,"featured_media":62770,"comment_status":"open","ping_status":"open","sticky":false,"template":"","format":"standard","meta":{"site-sidebar-layout":"default","site-content-layout":"","ast-site-content-layout":"default","site-content-style":"default","site-sidebar-style":"default","ast-global-header-display":"","ast-banner-title-visibility":"","ast-main-header-display":"","ast-hfb-above-header-display":"","ast-hfb-below-header-display":"","ast-hfb-mobile-header-display":"","site-post-title":"","ast-breadcrumbs-content":"","ast-featured-img":"","footer-sml-layout":"","ast-disable-related-posts":"","theme-transparent-header-meta":"","adv-header-id-meta":"","stick-header-meta":"","header-above-stick-meta":"","header-main-stick-meta":"","header-below-stick-meta":"","astra-migrate-meta-layouts":"default","ast-page-background-enabled":"default","ast-page-background-meta":{"desktop":{"background-color":"var(--ast-global-color-5)","background-image":"","background-repeat":"repeat","background-position":"center center","background-size":"auto","background-attachment":"scroll","background-type":"","background-media":"","overlay-type":"","overlay-color":"","overlay-opacity":"","overlay-gradient":""},"tablet":{"background-color":"","background-image":"","background-repeat":"repeat","background-position":"center center","background-size":"auto","background-attachment":"scroll","background-type":"","background-media":"","overlay-type":"","overlay-color":"","overlay-opacity":"","overlay-gradient":""},"mobile":{"background-color":"","background-image":"","background-repeat":"repeat","background-position":"center center","background-size":"auto","background-attachment":"scroll","background-type":"","background-media":"","overlay-type":"","overlay-color":"","overlay-opacity":"","overlay-gradient":""}},"ast-content-background-meta":{"desktop":{"background-color":"var(--ast-global-color-4)","background-image":"","background-repeat":"repeat","background-position":"center center","background-size":"auto","background-attachment":"scroll","background-type":"","background-media":"","overlay-type":"","overlay-color":"","overlay-opacity":"","overlay-gradient":""},"tablet":{"background-color":"var(--ast-global-color-4)","background-image":"","background-repeat":"repeat","background-position":"center center","background-size":"auto","background-attachment":"scroll","background-type":"","background-media":"","overlay-type":"","overlay-color":"","overlay-opacity":"","overlay-gradient":""},"mobile":{"background-color":"var(--ast-global-color-4)","background-image":"","background-repeat":"repeat","background-position":"center center","background-size":"auto","background-attachment":"scroll","background-type":"","background-media":"","overlay-type":"","overlay-color":"","overlay-opacity":"","overlay-gradient":""}},"footnotes":""},"categories":[11,1,3,10],"tags":[],"class_list":["post-62769","post","type-post","status-publish","format-standard","has-post-thumbnail","hentry","category-boletin","category-noticias","category-ong","category-rotador"],"yoast_head":"<!-- This site is optimized with the Yoast SEO Premium plugin v23.0 (Yoast SEO v27.5) - https:\/\/yoast.com\/product\/yoast-seo-premium-wordpress\/ -->\n<title>Quieren declarar de inter\u00e9s la trayectoria y el trabajo de la Asociaci\u00f3n PAMVI (perros abandonados y maltratados e Viedma) de Viedma<\/title>\n<meta name=\"robots\" content=\"index, follow, max-snippet:-1, max-image-preview:large, max-video-preview:-1\" \/>\n<link rel=\"canonical\" href=\"https:\/\/patagoniambiental.com.ar\/info\/quieren-declarar-de-interes-la-trayectoria-y-el-trabajo-de-la-asociacion-pamvi-perros-abandonados-y-maltratados-e-viedma-de-viedma\/\" \/>\n<meta property=\"og:locale\" content=\"es_ES\" \/>\n<meta property=\"og:type\" content=\"article\" \/>\n<meta property=\"og:title\" content=\"Quieren declarar de inter\u00e9s la trayectoria y el trabajo de la Asociaci\u00f3n PAMVI (perros abandonados y maltratados e Viedma) de Viedma\" \/>\n<meta property=\"og:description\" content=\"Viedma.-El trabajo y la trayectoria incansable de la Asociaci\u00f3n PAMVI (Perros abandonados y maltratados de Viedma) \u00a0de la ciudad de [&hellip;]\" \/>\n<meta property=\"og:url\" content=\"https:\/\/patagoniambiental.com.ar\/info\/quieren-declarar-de-interes-la-trayectoria-y-el-trabajo-de-la-asociacion-pamvi-perros-abandonados-y-maltratados-e-viedma-de-viedma\/\" \/>\n<meta property=\"og:site_name\" content=\"Patagonia Ambiental\" \/>\n<meta property=\"article:publisher\" content=\"https:\/\/www.facebook.com\/patagonia.ambiental\" \/>\n<meta property=\"article:author\" content=\"https:\/\/www.facebook.com\/share\/1C1V8Gv9BX\/?mibextid=qi2Omg\" \/>\n<meta property=\"article:published_time\" content=\"2019-08-18T10:00:26+00:00\" \/>\n<meta property=\"og:image\" content=\"https:\/\/patagoniambiental.com.ar\/info\/wp-content\/uploads\/2019\/08\/55460084_1168168356680801_7229011115487789056_n.jpg\" \/>\n\t<meta property=\"og:image:width\" content=\"676\" \/>\n\t<meta property=\"og:image:height\" content=\"679\" \/>\n\t<meta property=\"og:image:type\" content=\"image\/jpeg\" \/>\n<meta name=\"author\" content=\"Patagonia Ambiental\" \/>\n<meta name=\"twitter:card\" content=\"summary_large_image\" \/>\n<meta name=\"twitter:creator\" content=\"@PatAmb\" \/>\n<meta name=\"twitter:site\" content=\"@PatAmb\" \/>\n<script type=\"application\/ld+json\" class=\"yoast-schema-graph\">{\"@context\":\"https:\\\/\\\/schema.org\",\"@graph\":[{\"@type\":\"Article\",\"@id\":\"https:\\\/\\\/patagoniambiental.com.ar\\\/info\\\/quieren-declarar-de-interes-la-trayectoria-y-el-trabajo-de-la-asociacion-pamvi-perros-abandonados-y-maltratados-e-viedma-de-viedma\\\/#article\",\"isPartOf\":{\"@id\":\"https:\\\/\\\/patagoniambiental.com.ar\\\/info\\\/quieren-declarar-de-interes-la-trayectoria-y-el-trabajo-de-la-asociacion-pamvi-perros-abandonados-y-maltratados-e-viedma-de-viedma\\\/\"},\"author\":{\"name\":\"Patagonia Ambiental\",\"@id\":\"https:\\\/\\\/patagoniambiental.com.ar\\\/info\\\/#\\\/schema\\\/person\\\/db12bff64bbcbf6a253710bf0ea37b5d\"},\"headline\":\"Quieren declarar de inter\u00e9s la trayectoria y el trabajo de la Asociaci\u00f3n PAMVI (perros abandonados y maltratados e Viedma) de Viedma\",\"datePublished\":\"2019-08-18T10:00:26+00:00\",\"mainEntityOfPage\":{\"@id\":\"https:\\\/\\\/patagoniambiental.com.ar\\\/info\\\/quieren-declarar-de-interes-la-trayectoria-y-el-trabajo-de-la-asociacion-pamvi-perros-abandonados-y-maltratados-e-viedma-de-viedma\\\/\"},\"wordCount\":1482,\"commentCount\":0,\"publisher\":{\"@id\":\"https:\\\/\\\/patagoniambiental.com.ar\\\/info\\\/#organization\"},\"image\":{\"@id\":\"https:\\\/\\\/patagoniambiental.com.ar\\\/info\\\/quieren-declarar-de-interes-la-trayectoria-y-el-trabajo-de-la-asociacion-pamvi-perros-abandonados-y-maltratados-e-viedma-de-viedma\\\/#primaryimage\"},\"thumbnailUrl\":\"https:\\\/\\\/patagoniambiental.com.ar\\\/info\\\/wp-content\\\/uploads\\\/2019\\\/08\\\/55460084_1168168356680801_7229011115487789056_n.jpg\",\"articleSection\":[\"Bolet\u00edn\",\"Noticias\",\"ONG\",\"Rotador\"],\"inLanguage\":\"es\",\"potentialAction\":[{\"@type\":\"CommentAction\",\"name\":\"Comment\",\"target\":[\"https:\\\/\\\/patagoniambiental.com.ar\\\/info\\\/quieren-declarar-de-interes-la-trayectoria-y-el-trabajo-de-la-asociacion-pamvi-perros-abandonados-y-maltratados-e-viedma-de-viedma\\\/#respond\"]}]},{\"@type\":\"WebPage\",\"@id\":\"https:\\\/\\\/patagoniambiental.com.ar\\\/info\\\/quieren-declarar-de-interes-la-trayectoria-y-el-trabajo-de-la-asociacion-pamvi-perros-abandonados-y-maltratados-e-viedma-de-viedma\\\/\",\"url\":\"https:\\\/\\\/patagoniambiental.com.ar\\\/info\\\/quieren-declarar-de-interes-la-trayectoria-y-el-trabajo-de-la-asociacion-pamvi-perros-abandonados-y-maltratados-e-viedma-de-viedma\\\/\",\"name\":\"Quieren declarar de inter\u00e9s la trayectoria y el trabajo de la Asociaci\u00f3n PAMVI (perros abandonados y maltratados e Viedma) de Viedma\",\"isPartOf\":{\"@id\":\"https:\\\/\\\/patagoniambiental.com.ar\\\/info\\\/#website\"},\"primaryImageOfPage\":{\"@id\":\"https:\\\/\\\/patagoniambiental.com.ar\\\/info\\\/quieren-declarar-de-interes-la-trayectoria-y-el-trabajo-de-la-asociacion-pamvi-perros-abandonados-y-maltratados-e-viedma-de-viedma\\\/#primaryimage\"},\"image\":{\"@id\":\"https:\\\/\\\/patagoniambiental.com.ar\\\/info\\\/quieren-declarar-de-interes-la-trayectoria-y-el-trabajo-de-la-asociacion-pamvi-perros-abandonados-y-maltratados-e-viedma-de-viedma\\\/#primaryimage\"},\"thumbnailUrl\":\"https:\\\/\\\/patagoniambiental.com.ar\\\/info\\\/wp-content\\\/uploads\\\/2019\\\/08\\\/55460084_1168168356680801_7229011115487789056_n.jpg\",\"datePublished\":\"2019-08-18T10:00:26+00:00\",\"breadcrumb\":{\"@id\":\"https:\\\/\\\/patagoniambiental.com.ar\\\/info\\\/quieren-declarar-de-interes-la-trayectoria-y-el-trabajo-de-la-asociacion-pamvi-perros-abandonados-y-maltratados-e-viedma-de-viedma\\\/#breadcrumb\"},\"inLanguage\":\"es\",\"potentialAction\":[{\"@type\":\"ReadAction\",\"target\":[\"https:\\\/\\\/patagoniambiental.com.ar\\\/info\\\/quieren-declarar-de-interes-la-trayectoria-y-el-trabajo-de-la-asociacion-pamvi-perros-abandonados-y-maltratados-e-viedma-de-viedma\\\/\"]}]},{\"@type\":\"ImageObject\",\"inLanguage\":\"es\",\"@id\":\"https:\\\/\\\/patagoniambiental.com.ar\\\/info\\\/quieren-declarar-de-interes-la-trayectoria-y-el-trabajo-de-la-asociacion-pamvi-perros-abandonados-y-maltratados-e-viedma-de-viedma\\\/#primaryimage\",\"url\":\"https:\\\/\\\/patagoniambiental.com.ar\\\/info\\\/wp-content\\\/uploads\\\/2019\\\/08\\\/55460084_1168168356680801_7229011115487789056_n.jpg\",\"contentUrl\":\"https:\\\/\\\/patagoniambiental.com.ar\\\/info\\\/wp-content\\\/uploads\\\/2019\\\/08\\\/55460084_1168168356680801_7229011115487789056_n.jpg\",\"width\":676,\"height\":679},{\"@type\":\"BreadcrumbList\",\"@id\":\"https:\\\/\\\/patagoniambiental.com.ar\\\/info\\\/quieren-declarar-de-interes-la-trayectoria-y-el-trabajo-de-la-asociacion-pamvi-perros-abandonados-y-maltratados-e-viedma-de-viedma\\\/#breadcrumb\",\"itemListElement\":[{\"@type\":\"ListItem\",\"position\":1,\"name\":\"Inicio\",\"item\":\"https:\\\/\\\/patagoniambiental.com.ar\\\/info\\\/\"},{\"@type\":\"ListItem\",\"position\":2,\"name\":\"Quieren declarar de inter\u00e9s la trayectoria y el trabajo de la Asociaci\u00f3n PAMVI (perros abandonados y maltratados e Viedma) de Viedma\"}]},{\"@type\":\"WebSite\",\"@id\":\"https:\\\/\\\/patagoniambiental.com.ar\\\/info\\\/#website\",\"url\":\"https:\\\/\\\/patagoniambiental.com.ar\\\/info\\\/\",\"name\":\"Patagonia Ambiental\",\"description\":\"Monitoreo y an\u00e1lisis de la situaci\u00f3n geopol\u00edtica en el mundo y su implicancia en la Patagonia\",\"publisher\":{\"@id\":\"https:\\\/\\\/patagoniambiental.com.ar\\\/info\\\/#organization\"},\"potentialAction\":[{\"@type\":\"SearchAction\",\"target\":{\"@type\":\"EntryPoint\",\"urlTemplate\":\"https:\\\/\\\/patagoniambiental.com.ar\\\/info\\\/?s={search_term_string}\"},\"query-input\":{\"@type\":\"PropertyValueSpecification\",\"valueRequired\":true,\"valueName\":\"search_term_string\"}}],\"inLanguage\":\"es\"},{\"@type\":\"Organization\",\"@id\":\"https:\\\/\\\/patagoniambiental.com.ar\\\/info\\\/#organization\",\"name\":\"Patagonia Ambiental\",\"url\":\"https:\\\/\\\/patagoniambiental.com.ar\\\/info\\\/\",\"logo\":{\"@type\":\"ImageObject\",\"inLanguage\":\"es\",\"@id\":\"https:\\\/\\\/patagoniambiental.com.ar\\\/info\\\/#\\\/schema\\\/logo\\\/image\\\/\",\"url\":\"https:\\\/\\\/patagoniambiental.com.ar\\\/info\\\/wp-content\\\/uploads\\\/2025\\\/05\\\/LOGO-PATAGONIA-AMBIENTAL.png\",\"contentUrl\":\"https:\\\/\\\/patagoniambiental.com.ar\\\/info\\\/wp-content\\\/uploads\\\/2025\\\/05\\\/LOGO-PATAGONIA-AMBIENTAL.png\",\"width\":433,\"height\":250,\"caption\":\"Patagonia Ambiental\"},\"image\":{\"@id\":\"https:\\\/\\\/patagoniambiental.com.ar\\\/info\\\/#\\\/schema\\\/logo\\\/image\\\/\"},\"sameAs\":[\"https:\\\/\\\/www.facebook.com\\\/patagonia.ambiental\",\"https:\\\/\\\/x.com\\\/PatAmb\"]},{\"@type\":\"Person\",\"@id\":\"https:\\\/\\\/patagoniambiental.com.ar\\\/info\\\/#\\\/schema\\\/person\\\/db12bff64bbcbf6a253710bf0ea37b5d\",\"name\":\"Patagonia Ambiental\",\"description\":\"Andr\u00e9s Nievas T\u00e9cnico en manejo ambiental, consultor Ambiental y escritor para medios locales e internacionales sobre temas de geopolitica y medio ambiente.\",\"sameAs\":[\"http:\\\/\\\/www.patagoniambiental.com.ar\",\"https:\\\/\\\/www.facebook.com\\\/share\\\/1C1V8Gv9BX\\\/?mibextid=qi2Omg\",\"@patagoniambiental\",\"https:\\\/\\\/youtube.com\\\/@patagoniaambiental2023?si=BLt58t0wuXquxlYZ\"]}]}<\/script>\n<!-- \/ Yoast SEO Premium plugin. -->","yoast_head_json":{"title":"Quieren declarar de inter\u00e9s la trayectoria y el trabajo de la Asociaci\u00f3n PAMVI (perros abandonados y maltratados e Viedma) de Viedma","robots":{"index":"index","follow":"follow","max-snippet":"max-snippet:-1","max-image-preview":"max-image-preview:large","max-video-preview":"max-video-preview:-1"},"canonical":"https:\/\/patagoniambiental.com.ar\/info\/quieren-declarar-de-interes-la-trayectoria-y-el-trabajo-de-la-asociacion-pamvi-perros-abandonados-y-maltratados-e-viedma-de-viedma\/","og_locale":"es_ES","og_type":"article","og_title":"Quieren declarar de inter\u00e9s la trayectoria y el trabajo de la Asociaci\u00f3n PAMVI (perros abandonados y maltratados e Viedma) de Viedma","og_description":"Viedma.-El trabajo y la trayectoria incansable de la Asociaci\u00f3n PAMVI (Perros abandonados y maltratados de Viedma) \u00a0de la ciudad de [&hellip;]","og_url":"https:\/\/patagoniambiental.com.ar\/info\/quieren-declarar-de-interes-la-trayectoria-y-el-trabajo-de-la-asociacion-pamvi-perros-abandonados-y-maltratados-e-viedma-de-viedma\/","og_site_name":"Patagonia Ambiental","article_publisher":"https:\/\/www.facebook.com\/patagonia.ambiental","article_author":"https:\/\/www.facebook.com\/share\/1C1V8Gv9BX\/?mibextid=qi2Omg","article_published_time":"2019-08-18T10:00:26+00:00","og_image":[{"width":676,"height":679,"url":"https:\/\/patagoniambiental.com.ar\/info\/wp-content\/uploads\/2019\/08\/55460084_1168168356680801_7229011115487789056_n.jpg","type":"image\/jpeg"}],"author":"Patagonia Ambiental","twitter_card":"summary_large_image","twitter_creator":"@PatAmb","twitter_site":"@PatAmb","schema":{"@context":"https:\/\/schema.org","@graph":[{"@type":"Article","@id":"https:\/\/patagoniambiental.com.ar\/info\/quieren-declarar-de-interes-la-trayectoria-y-el-trabajo-de-la-asociacion-pamvi-perros-abandonados-y-maltratados-e-viedma-de-viedma\/#article","isPartOf":{"@id":"https:\/\/patagoniambiental.com.ar\/info\/quieren-declarar-de-interes-la-trayectoria-y-el-trabajo-de-la-asociacion-pamvi-perros-abandonados-y-maltratados-e-viedma-de-viedma\/"},"author":{"name":"Patagonia Ambiental","@id":"https:\/\/patagoniambiental.com.ar\/info\/#\/schema\/person\/db12bff64bbcbf6a253710bf0ea37b5d"},"headline":"Quieren declarar de inter\u00e9s la trayectoria y el trabajo de la Asociaci\u00f3n PAMVI (perros abandonados y maltratados e Viedma) de Viedma","datePublished":"2019-08-18T10:00:26+00:00","mainEntityOfPage":{"@id":"https:\/\/patagoniambiental.com.ar\/info\/quieren-declarar-de-interes-la-trayectoria-y-el-trabajo-de-la-asociacion-pamvi-perros-abandonados-y-maltratados-e-viedma-de-viedma\/"},"wordCount":1482,"commentCount":0,"publisher":{"@id":"https:\/\/patagoniambiental.com.ar\/info\/#organization"},"image":{"@id":"https:\/\/patagoniambiental.com.ar\/info\/quieren-declarar-de-interes-la-trayectoria-y-el-trabajo-de-la-asociacion-pamvi-perros-abandonados-y-maltratados-e-viedma-de-viedma\/#primaryimage"},"thumbnailUrl":"https:\/\/patagoniambiental.com.ar\/info\/wp-content\/uploads\/2019\/08\/55460084_1168168356680801_7229011115487789056_n.jpg","articleSection":["Bolet\u00edn","Noticias","ONG","Rotador"],"inLanguage":"es","potentialAction":[{"@type":"CommentAction","name":"Comment","target":["https:\/\/patagoniambiental.com.ar\/info\/quieren-declarar-de-interes-la-trayectoria-y-el-trabajo-de-la-asociacion-pamvi-perros-abandonados-y-maltratados-e-viedma-de-viedma\/#respond"]}]},{"@type":"WebPage","@id":"https:\/\/patagoniambiental.com.ar\/info\/quieren-declarar-de-interes-la-trayectoria-y-el-trabajo-de-la-asociacion-pamvi-perros-abandonados-y-maltratados-e-viedma-de-viedma\/","url":"https:\/\/patagoniambiental.com.ar\/info\/quieren-declarar-de-interes-la-trayectoria-y-el-trabajo-de-la-asociacion-pamvi-perros-abandonados-y-maltratados-e-viedma-de-viedma\/","name":"Quieren declarar de inter\u00e9s la trayectoria y el trabajo de la Asociaci\u00f3n PAMVI (perros abandonados y maltratados e Viedma) de Viedma","isPartOf":{"@id":"https:\/\/patagoniambiental.com.ar\/info\/#website"},"primaryImageOfPage":{"@id":"https:\/\/patagoniambiental.com.ar\/info\/quieren-declarar-de-interes-la-trayectoria-y-el-trabajo-de-la-asociacion-pamvi-perros-abandonados-y-maltratados-e-viedma-de-viedma\/#primaryimage"},"image":{"@id":"https:\/\/patagoniambiental.com.ar\/info\/quieren-declarar-de-interes-la-trayectoria-y-el-trabajo-de-la-asociacion-pamvi-perros-abandonados-y-maltratados-e-viedma-de-viedma\/#primaryimage"},"thumbnailUrl":"https:\/\/patagoniambiental.com.ar\/info\/wp-content\/uploads\/2019\/08\/55460084_1168168356680801_7229011115487789056_n.jpg","datePublished":"2019-08-18T10:00:26+00:00","breadcrumb":{"@id":"https:\/\/patagoniambiental.com.ar\/info\/quieren-declarar-de-interes-la-trayectoria-y-el-trabajo-de-la-asociacion-pamvi-perros-abandonados-y-maltratados-e-viedma-de-viedma\/#breadcrumb"},"inLanguage":"es","potentialAction":[{"@type":"ReadAction","target":["https:\/\/patagoniambiental.com.ar\/info\/quieren-declarar-de-interes-la-trayectoria-y-el-trabajo-de-la-asociacion-pamvi-perros-abandonados-y-maltratados-e-viedma-de-viedma\/"]}]},{"@type":"ImageObject","inLanguage":"es","@id":"https:\/\/patagoniambiental.com.ar\/info\/quieren-declarar-de-interes-la-trayectoria-y-el-trabajo-de-la-asociacion-pamvi-perros-abandonados-y-maltratados-e-viedma-de-viedma\/#primaryimage","url":"https:\/\/patagoniambiental.com.ar\/info\/wp-content\/uploads\/2019\/08\/55460084_1168168356680801_7229011115487789056_n.jpg","contentUrl":"https:\/\/patagoniambiental.com.ar\/info\/wp-content\/uploads\/2019\/08\/55460084_1168168356680801_7229011115487789056_n.jpg","width":676,"height":679},{"@type":"BreadcrumbList","@id":"https:\/\/patagoniambiental.com.ar\/info\/quieren-declarar-de-interes-la-trayectoria-y-el-trabajo-de-la-asociacion-pamvi-perros-abandonados-y-maltratados-e-viedma-de-viedma\/#breadcrumb","itemListElement":[{"@type":"ListItem","position":1,"name":"Inicio","item":"https:\/\/patagoniambiental.com.ar\/info\/"},{"@type":"ListItem","position":2,"name":"Quieren declarar de inter\u00e9s la trayectoria y el trabajo de la Asociaci\u00f3n PAMVI (perros abandonados y maltratados e Viedma) de Viedma"}]},{"@type":"WebSite","@id":"https:\/\/patagoniambiental.com.ar\/info\/#website","url":"https:\/\/patagoniambiental.com.ar\/info\/","name":"Patagonia Ambiental","description":"Monitoreo y an\u00e1lisis de la situaci\u00f3n geopol\u00edtica en el mundo y su implicancia en la Patagonia","publisher":{"@id":"https:\/\/patagoniambiental.com.ar\/info\/#organization"},"potentialAction":[{"@type":"SearchAction","target":{"@type":"EntryPoint","urlTemplate":"https:\/\/patagoniambiental.com.ar\/info\/?s={search_term_string}"},"query-input":{"@type":"PropertyValueSpecification","valueRequired":true,"valueName":"search_term_string"}}],"inLanguage":"es"},{"@type":"Organization","@id":"https:\/\/patagoniambiental.com.ar\/info\/#organization","name":"Patagonia Ambiental","url":"https:\/\/patagoniambiental.com.ar\/info\/","logo":{"@type":"ImageObject","inLanguage":"es","@id":"https:\/\/patagoniambiental.com.ar\/info\/#\/schema\/logo\/image\/","url":"https:\/\/patagoniambiental.com.ar\/info\/wp-content\/uploads\/2025\/05\/LOGO-PATAGONIA-AMBIENTAL.png","contentUrl":"https:\/\/patagoniambiental.com.ar\/info\/wp-content\/uploads\/2025\/05\/LOGO-PATAGONIA-AMBIENTAL.png","width":433,"height":250,"caption":"Patagonia Ambiental"},"image":{"@id":"https:\/\/patagoniambiental.com.ar\/info\/#\/schema\/logo\/image\/"},"sameAs":["https:\/\/www.facebook.com\/patagonia.ambiental","https:\/\/x.com\/PatAmb"]},{"@type":"Person","@id":"https:\/\/patagoniambiental.com.ar\/info\/#\/schema\/person\/db12bff64bbcbf6a253710bf0ea37b5d","name":"Patagonia Ambiental","description":"Andr\u00e9s Nievas T\u00e9cnico en manejo ambiental, consultor Ambiental y escritor para medios locales e internacionales sobre temas de geopolitica y medio ambiente.","sameAs":["http:\/\/www.patagoniambiental.com.ar","https:\/\/www.facebook.com\/share\/1C1V8Gv9BX\/?mibextid=qi2Omg","@patagoniambiental","https:\/\/youtube.com\/@patagoniaambiental2023?si=BLt58t0wuXquxlYZ"]}]}},"_links":{"self":[{"href":"https:\/\/patagoniambiental.com.ar\/info\/wp-json\/wp\/v2\/posts\/62769","targetHints":{"allow":["GET"]}}],"collection":[{"href":"https:\/\/patagoniambiental.com.ar\/info\/wp-json\/wp\/v2\/posts"}],"about":[{"href":"https:\/\/patagoniambiental.com.ar\/info\/wp-json\/wp\/v2\/types\/post"}],"author":[{"embeddable":true,"href":"https:\/\/patagoniambiental.com.ar\/info\/wp-json\/wp\/v2\/users\/2"}],"replies":[{"embeddable":true,"href":"https:\/\/patagoniambiental.com.ar\/info\/wp-json\/wp\/v2\/comments?post=62769"}],"version-history":[{"count":0,"href":"https:\/\/patagoniambiental.com.ar\/info\/wp-json\/wp\/v2\/posts\/62769\/revisions"}],"wp:featuredmedia":[{"embeddable":true,"href":"https:\/\/patagoniambiental.com.ar\/info\/wp-json\/wp\/v2\/media\/62770"}],"wp:attachment":[{"href":"https:\/\/patagoniambiental.com.ar\/info\/wp-json\/wp\/v2\/media?parent=62769"}],"wp:term":[{"taxonomy":"category","embeddable":true,"href":"https:\/\/patagoniambiental.com.ar\/info\/wp-json\/wp\/v2\/categories?post=62769"},{"taxonomy":"post_tag","embeddable":true,"href":"https:\/\/patagoniambiental.com.ar\/info\/wp-json\/wp\/v2\/tags?post=62769"}],"curies":[{"name":"wp","href":"https:\/\/api.w.org\/{rel}","templated":true}]}}