{"id":62788,"date":"2019-08-19T07:00:30","date_gmt":"2019-08-19T10:00:30","guid":{"rendered":"http:\/\/patagoniambiental.com.ar\/info\/?p=62788"},"modified":"2019-08-16T15:41:04","modified_gmt":"2019-08-16T18:41:04","slug":"areas-protegidas-la-pampa-tiene-1","status":"publish","type":"post","link":"https:\/\/patagoniambiental.com.ar\/info\/areas-protegidas-la-pampa-tiene-1\/","title":{"rendered":"Areas protegidas: La Pampa tiene 1%"},"content":{"rendered":"<div class=\"td_block_wrap tdb_title td_uid_10_5d5562c9a32ff_rand tdb-single-title td-pb-border-top td_block_template_9\" data-td-block-uid=\"td_uid_10_5d5562c9a32ff\">\n<div class=\"tdb-block-inner td-fix-index\">\n<div>La Pampa.-La Argentina cuenta con el 5 al 10 por ciento de su superficie en \u00e1reas protegidas, un total de 452 \u00e1reas con un 8 por ciento de superficie terrestre y un 4 % de superficie marina. Dentro de ese mapa, La Pampa suma 107.732 hect\u00e1reas bajo \u00e1rea protegida, lo que da un porcentaje del 1 por ciento respecto a su territorio.<\/div>\n<\/div>\n<\/div>\n<p><!--more--><\/p>\n<div class=\"td_block_wrap tdb_single_content td_uid_16_5d5562c9a5a9a_rand td-pb-border-top td_block_template_9 td-post-content\" data-td-block-uid=\"td_uid_16_5d5562c9a5a9a\">\n<div class=\"tdb-block-inner td-fix-index\">\n<p>La afirmaci\u00f3n corresponde a Mar\u00eda Paula Bertolini, bi\u00f3loga especializada en planificaci\u00f3n de Areas Protegidas Privadas, oriunda de Misiones y que disert\u00f3 este miercoles en el marco de las primeras Jornadas Participativas sobre Investigar y Aprender en nuestras Areas Protegidas, que llevan adelante la Subsecretar\u00eda de Ambiente de la provincia y la Facultad de Ciencias Exactas y Naturales de la UNLPam.<br \/>\nBertolini, en tanto, mencion\u00f3 un dato alarmante: un mill\u00f3n de especies de plantas y animales del planeta, est\u00e1n en peligro de extinci\u00f3n.<br \/>\nLas jornadas se realizaron en el Medasur y en su exposici\u00f3n, Bertolini remarc\u00f3 el valor de las \u00e1reas protegidas como herramientas de conservaci\u00f3n \u00aby c\u00f3mo es importante implementarlas de manera eficaz bajo los lineamientos internacionales que son conceptos nuevos en este tema. Tambi\u00e9n para abrir el panorama respecto de lo que es necesario para conservar no s\u00f3lo parques estrictos, sino un sistema, un mosaico de \u00e1reas conectadas e integradas al paisaje\u00bb. En ese marco mostr\u00f3 el ejemplo de Misiones y de la Fundaci\u00f3n Temaiken, que administra una reserva privada y en la cual se desempe\u00f1a.<br \/>\n\u00abPero b\u00e1sicamente -sostuvo respecto de su charla- se centr\u00f3 en c\u00f3mo implementar esas \u00e1reas, en c\u00f3mo evaluar la efectividad de manejo, c\u00f3mo contemplar otros usos productivos e interactuar con los otros actores que hacen a la conservaci\u00f3n y as\u00ed asegurar procesos y la generaci\u00f3n de recursos para que sea sustentable\u00bb.<br \/>\nLa autora rescat\u00f3 en principio el trabajo de la provincia de Misiones como \u00abuno de los m\u00e1s avanzados por su biodiversidad, por su historia y su ley de \u00e1reas protegidas, adem\u00e1s de contar con una carrera de guardaparques, con lo cual es un ejemplo\u00bb.<\/p>\n<p>La provincia.<br \/>\nBertolini remarc\u00f3 que La Pampa tambi\u00e9n tiene su sistema, su Ley, y tiene muchas condiciones para poder implementarlas, \u00abadem\u00e1s del trabajo de la Subsecretar\u00eda, la Facultad, con lo cual quise dar aliento para trabajar en la creaci\u00f3n de nuevos espacios, mirando no solo su superficie, sino su integraci\u00f3n con el paisaje y sus valores naturales\u00bb.<br \/>\nOtro punto importante en su exposici\u00f3n fue respecto de apuntar a la conservaci\u00f3n privada \u00abcomo un sistema de gobernanza en \u00e1reas protegidas que hay que impulsar, y que es la oportunidad para sumar superficie para llegar a las metas y compromisos que tenemos como pa\u00eds\u00bb. En ese sentido se refiri\u00f3 al convenio de Diversidad Biol\u00f3gica por el cual los pa\u00edses firmantes, entre ellos la Argentina, se comprometen a aumentar la superficie de \u00e1reas protegidas, \u00abpara lo cual -expres\u00f3 Bertolini- hay que mirar al privado, a empresas, a Universidades, a particulares y tratar de integrarlos, y que puedan motivarse en establecer esas \u00e1reas, y conservarlas en la producci\u00f3n, en buenas pr\u00e1cticas productivas y que se puedan dar esos procesos naturales\u00bb.<\/p>\n<p>Situaci\u00f3n cr\u00edtica.<br \/>\nEn referencia a su presencia en La Pampa se mostr\u00f3 \u00abencantada de estar compartiendo un clima tan distinto al de Misiones, aunque ya conoc\u00eda algo de los ecosistemas. Trabaj\u00e9 un tiempo en Lihu\u00e9 Calel, pero estaba deconectada de c\u00f3mo estaba implement\u00e1ndose\u00bb, por ello dijo \u00abme fui informando de su trabajo, que es bueno. Hay que avanzar porque es poca la superficie, pero vamos bien\u00bb.<br \/>\n\u00abEst\u00e1n dadas las condiciones para que si se aumenta la superficie se puedan implementar \u00e1reas protegidas\u00bb. A su vez aclar\u00f3 que \u00abhay otras provincias que no tienen buenas leyes, ni un sistema, ni esa vocaci\u00f3n pol\u00edtica de trabajar en esta problem\u00e1tica\u00bb.<br \/>\nEn principio sostuvo que \u00ablas \u00e1reas protegidas permiten conectar al ser humano con la naturaleza\u00bb. Tambi\u00e9n se\u00f1al\u00f3 que \u00ablas \u00e1reas protegidas son herramientas para la conservaci\u00f3n de la biodiversidad, sobre todo ante la problem\u00e1tica ambiental mundial que es cr\u00edtica\u00bb.<br \/>\nRespecto a una definici\u00f3n de \u00e1rea protegida manifest\u00f3 que \u00abtiene que ser un espacio definido, delimitado, luego tiene que tener una norma que la crea como tal y la regule. Adem\u00e1s tiene que estar gestionada, implementada y manejada por alguien (que es lo m\u00e1s dif\u00edcil), y basarse en la conservaci\u00f3n a largo plazo de sus procesos, sus servicios ecosist\u00e9micos y valores culturales\u00bb.<\/p>\n<p>Meta para 2020 es llegar al 17%<br \/>\nDurante su exposici\u00f3n, Bertolini explic\u00f3 que existen \u00e1reas protegidas que son manejadas por gobiernos nacionales, provinciales o municipales; otras que son gobernadas por privados, universidades, ONGs, empresas y privados; y otras co-manejadas, donde intervienen privados y p\u00fablicos. \u00abSi bien no hay muchos ejemplos en Argentina en ese sentido, en el sur est\u00e1 el Parque Nacional Lan\u00edn con las comunidades mapuches\u00bb, resalt\u00f3.<br \/>\nLa especialista tambi\u00e9n inform\u00f3 que el planeta cuenta con una superficie terrestre de 14,9 por ciento en \u00e1reas protegidas, mientras que la meta para 2020 es llegar al 17 por ciento. E hizo hincapi\u00e9 tambi\u00e9n en la deuda marina: \u00abtodav\u00eda falta para llegar al 10 % propuesto para el 2020 de \u00e1reas protegidas marinas (hoy estamos en el 7,5 por ciento)\u00bb.<\/p>\n<p>Fuente: Diario La Arena<\/p>\n<\/div>\n<\/div>\n","protected":false},"excerpt":{"rendered":"<p>La Pampa.-La Argentina cuenta con el 5 al 10 por ciento de su superficie en \u00e1reas protegidas, un total de [&hellip;]<\/p>\n","protected":false},"author":2,"featured_media":47217,"comment_status":"open","ping_status":"open","sticky":false,"template":"","format":"standard","meta":{"site-sidebar-layout":"default","site-content-layout":"","ast-site-content-layout":"default","site-content-style":"default","site-sidebar-style":"default","ast-global-header-display":"","ast-banner-title-visibility":"","ast-main-header-display":"","ast-hfb-above-header-display":"","ast-hfb-below-header-display":"","ast-hfb-mobile-header-display":"","site-post-title":"","ast-breadcrumbs-content":"","ast-featured-img":"","footer-sml-layout":"","ast-disable-related-posts":"","theme-transparent-header-meta":"","adv-header-id-meta":"","stick-header-meta":"","header-above-stick-meta":"","header-main-stick-meta":"","header-below-stick-meta":"","astra-migrate-meta-layouts":"default","ast-page-background-enabled":"default","ast-page-background-meta":{"desktop":{"background-color":"var(--ast-global-color-5)","background-image":"","background-repeat":"repeat","background-position":"center center","background-size":"auto","background-attachment":"scroll","background-type":"","background-media":"","overlay-type":"","overlay-color":"","overlay-opacity":"","overlay-gradient":""},"tablet":{"background-color":"","background-image":"","background-repeat":"repeat","background-position":"center center","background-size":"auto","background-attachment":"scroll","background-type":"","background-media":"","overlay-type":"","overlay-color":"","overlay-opacity":"","overlay-gradient":""},"mobile":{"background-color":"","background-image":"","background-repeat":"repeat","background-position":"center center","background-size":"auto","background-attachment":"scroll","background-type":"","background-media":"","overlay-type":"","overlay-color":"","overlay-opacity":"","overlay-gradient":""}},"ast-content-background-meta":{"desktop":{"background-color":"var(--ast-global-color-4)","background-image":"","background-repeat":"repeat","background-position":"center center","background-size":"auto","background-attachment":"scroll","background-type":"","background-media":"","overlay-type":"","overlay-color":"","overlay-opacity":"","overlay-gradient":""},"tablet":{"background-color":"var(--ast-global-color-4)","background-image":"","background-repeat":"repeat","background-position":"center center","background-size":"auto","background-attachment":"scroll","background-type":"","background-media":"","overlay-type":"","overlay-color":"","overlay-opacity":"","overlay-gradient":""},"mobile":{"background-color":"var(--ast-global-color-4)","background-image":"","background-repeat":"repeat","background-position":"center center","background-size":"auto","background-attachment":"scroll","background-type":"","background-media":"","overlay-type":"","overlay-color":"","overlay-opacity":"","overlay-gradient":""}},"footnotes":""},"categories":[12,11,1,10],"tags":[],"class_list":["post-62788","post","type-post","status-publish","format-standard","has-post-thumbnail","hentry","category-agenda-ambiental","category-boletin","category-noticias","category-rotador"],"yoast_head":"<!-- This site is optimized with the Yoast SEO Premium plugin v23.0 (Yoast SEO v27.5) - https:\/\/yoast.com\/product\/yoast-seo-premium-wordpress\/ -->\n<title>Areas protegidas: La Pampa tiene 1%<\/title>\n<meta name=\"robots\" content=\"index, follow, max-snippet:-1, max-image-preview:large, max-video-preview:-1\" \/>\n<link rel=\"canonical\" href=\"https:\/\/patagoniambiental.com.ar\/info\/areas-protegidas-la-pampa-tiene-1\/\" \/>\n<meta property=\"og:locale\" content=\"es_ES\" \/>\n<meta property=\"og:type\" content=\"article\" \/>\n<meta property=\"og:title\" content=\"Areas protegidas: La Pampa tiene 1%\" \/>\n<meta property=\"og:description\" content=\"La Pampa.-La Argentina cuenta con el 5 al 10 por ciento de su superficie en \u00e1reas protegidas, un total de [&hellip;]\" \/>\n<meta property=\"og:url\" content=\"https:\/\/patagoniambiental.com.ar\/info\/areas-protegidas-la-pampa-tiene-1\/\" \/>\n<meta property=\"og:site_name\" content=\"Patagonia Ambiental\" \/>\n<meta property=\"article:publisher\" content=\"https:\/\/www.facebook.com\/patagonia.ambiental\" \/>\n<meta property=\"article:author\" content=\"https:\/\/www.facebook.com\/share\/1C1V8Gv9BX\/?mibextid=qi2Omg\" \/>\n<meta property=\"article:published_time\" content=\"2019-08-19T10:00:30+00:00\" \/>\n<meta property=\"og:image\" content=\"https:\/\/patagoniambiental.com.ar\/info\/wp-content\/uploads\/2018\/05\/Santa-Rosa.jpg\" \/>\n\t<meta property=\"og:image:width\" content=\"600\" \/>\n\t<meta property=\"og:image:height\" content=\"450\" \/>\n\t<meta property=\"og:image:type\" content=\"image\/jpeg\" \/>\n<meta name=\"author\" content=\"Patagonia Ambiental\" \/>\n<meta name=\"twitter:card\" content=\"summary_large_image\" \/>\n<meta name=\"twitter:creator\" content=\"@PatAmb\" \/>\n<meta name=\"twitter:site\" content=\"@PatAmb\" \/>\n<script type=\"application\/ld+json\" class=\"yoast-schema-graph\">{\"@context\":\"https:\\\/\\\/schema.org\",\"@graph\":[{\"@type\":\"Article\",\"@id\":\"https:\\\/\\\/patagoniambiental.com.ar\\\/info\\\/areas-protegidas-la-pampa-tiene-1\\\/#article\",\"isPartOf\":{\"@id\":\"https:\\\/\\\/patagoniambiental.com.ar\\\/info\\\/areas-protegidas-la-pampa-tiene-1\\\/\"},\"author\":{\"name\":\"Patagonia Ambiental\",\"@id\":\"https:\\\/\\\/patagoniambiental.com.ar\\\/info\\\/#\\\/schema\\\/person\\\/db12bff64bbcbf6a253710bf0ea37b5d\"},\"headline\":\"Areas protegidas: La Pampa tiene 1%\",\"datePublished\":\"2019-08-19T10:00:30+00:00\",\"mainEntityOfPage\":{\"@id\":\"https:\\\/\\\/patagoniambiental.com.ar\\\/info\\\/areas-protegidas-la-pampa-tiene-1\\\/\"},\"wordCount\":901,\"commentCount\":0,\"publisher\":{\"@id\":\"https:\\\/\\\/patagoniambiental.com.ar\\\/info\\\/#organization\"},\"image\":{\"@id\":\"https:\\\/\\\/patagoniambiental.com.ar\\\/info\\\/areas-protegidas-la-pampa-tiene-1\\\/#primaryimage\"},\"thumbnailUrl\":\"https:\\\/\\\/patagoniambiental.com.ar\\\/info\\\/wp-content\\\/uploads\\\/2018\\\/05\\\/Santa-Rosa.jpg\",\"articleSection\":[\"Agenda Ambiental\",\"Bolet\u00edn\",\"Noticias\",\"Rotador\"],\"inLanguage\":\"es\",\"potentialAction\":[{\"@type\":\"CommentAction\",\"name\":\"Comment\",\"target\":[\"https:\\\/\\\/patagoniambiental.com.ar\\\/info\\\/areas-protegidas-la-pampa-tiene-1\\\/#respond\"]}]},{\"@type\":\"WebPage\",\"@id\":\"https:\\\/\\\/patagoniambiental.com.ar\\\/info\\\/areas-protegidas-la-pampa-tiene-1\\\/\",\"url\":\"https:\\\/\\\/patagoniambiental.com.ar\\\/info\\\/areas-protegidas-la-pampa-tiene-1\\\/\",\"name\":\"Areas protegidas: La Pampa tiene 1%\",\"isPartOf\":{\"@id\":\"https:\\\/\\\/patagoniambiental.com.ar\\\/info\\\/#website\"},\"primaryImageOfPage\":{\"@id\":\"https:\\\/\\\/patagoniambiental.com.ar\\\/info\\\/areas-protegidas-la-pampa-tiene-1\\\/#primaryimage\"},\"image\":{\"@id\":\"https:\\\/\\\/patagoniambiental.com.ar\\\/info\\\/areas-protegidas-la-pampa-tiene-1\\\/#primaryimage\"},\"thumbnailUrl\":\"https:\\\/\\\/patagoniambiental.com.ar\\\/info\\\/wp-content\\\/uploads\\\/2018\\\/05\\\/Santa-Rosa.jpg\",\"datePublished\":\"2019-08-19T10:00:30+00:00\",\"breadcrumb\":{\"@id\":\"https:\\\/\\\/patagoniambiental.com.ar\\\/info\\\/areas-protegidas-la-pampa-tiene-1\\\/#breadcrumb\"},\"inLanguage\":\"es\",\"potentialAction\":[{\"@type\":\"ReadAction\",\"target\":[\"https:\\\/\\\/patagoniambiental.com.ar\\\/info\\\/areas-protegidas-la-pampa-tiene-1\\\/\"]}]},{\"@type\":\"ImageObject\",\"inLanguage\":\"es\",\"@id\":\"https:\\\/\\\/patagoniambiental.com.ar\\\/info\\\/areas-protegidas-la-pampa-tiene-1\\\/#primaryimage\",\"url\":\"https:\\\/\\\/patagoniambiental.com.ar\\\/info\\\/wp-content\\\/uploads\\\/2018\\\/05\\\/Santa-Rosa.jpg\",\"contentUrl\":\"https:\\\/\\\/patagoniambiental.com.ar\\\/info\\\/wp-content\\\/uploads\\\/2018\\\/05\\\/Santa-Rosa.jpg\",\"width\":600,\"height\":450,\"caption\":\"https:\\\/\\\/www.taringa.net\\\/posts\\\/imagenes\\\/19144003\\\/Santa-Rosa---La-Pampa.html\"},{\"@type\":\"BreadcrumbList\",\"@id\":\"https:\\\/\\\/patagoniambiental.com.ar\\\/info\\\/areas-protegidas-la-pampa-tiene-1\\\/#breadcrumb\",\"itemListElement\":[{\"@type\":\"ListItem\",\"position\":1,\"name\":\"Inicio\",\"item\":\"https:\\\/\\\/patagoniambiental.com.ar\\\/info\\\/\"},{\"@type\":\"ListItem\",\"position\":2,\"name\":\"Areas protegidas: La Pampa tiene 1%\"}]},{\"@type\":\"WebSite\",\"@id\":\"https:\\\/\\\/patagoniambiental.com.ar\\\/info\\\/#website\",\"url\":\"https:\\\/\\\/patagoniambiental.com.ar\\\/info\\\/\",\"name\":\"Patagonia Ambiental\",\"description\":\"Monitoreo y an\u00e1lisis de la situaci\u00f3n geopol\u00edtica en el mundo y su implicancia en la Patagonia\",\"publisher\":{\"@id\":\"https:\\\/\\\/patagoniambiental.com.ar\\\/info\\\/#organization\"},\"potentialAction\":[{\"@type\":\"SearchAction\",\"target\":{\"@type\":\"EntryPoint\",\"urlTemplate\":\"https:\\\/\\\/patagoniambiental.com.ar\\\/info\\\/?s={search_term_string}\"},\"query-input\":{\"@type\":\"PropertyValueSpecification\",\"valueRequired\":true,\"valueName\":\"search_term_string\"}}],\"inLanguage\":\"es\"},{\"@type\":\"Organization\",\"@id\":\"https:\\\/\\\/patagoniambiental.com.ar\\\/info\\\/#organization\",\"name\":\"Patagonia Ambiental\",\"url\":\"https:\\\/\\\/patagoniambiental.com.ar\\\/info\\\/\",\"logo\":{\"@type\":\"ImageObject\",\"inLanguage\":\"es\",\"@id\":\"https:\\\/\\\/patagoniambiental.com.ar\\\/info\\\/#\\\/schema\\\/logo\\\/image\\\/\",\"url\":\"https:\\\/\\\/patagoniambiental.com.ar\\\/info\\\/wp-content\\\/uploads\\\/2025\\\/05\\\/LOGO-PATAGONIA-AMBIENTAL.png\",\"contentUrl\":\"https:\\\/\\\/patagoniambiental.com.ar\\\/info\\\/wp-content\\\/uploads\\\/2025\\\/05\\\/LOGO-PATAGONIA-AMBIENTAL.png\",\"width\":433,\"height\":250,\"caption\":\"Patagonia Ambiental\"},\"image\":{\"@id\":\"https:\\\/\\\/patagoniambiental.com.ar\\\/info\\\/#\\\/schema\\\/logo\\\/image\\\/\"},\"sameAs\":[\"https:\\\/\\\/www.facebook.com\\\/patagonia.ambiental\",\"https:\\\/\\\/x.com\\\/PatAmb\"]},{\"@type\":\"Person\",\"@id\":\"https:\\\/\\\/patagoniambiental.com.ar\\\/info\\\/#\\\/schema\\\/person\\\/db12bff64bbcbf6a253710bf0ea37b5d\",\"name\":\"Patagonia Ambiental\",\"description\":\"Andr\u00e9s Nievas T\u00e9cnico en manejo ambiental, consultor Ambiental y escritor para medios locales e internacionales sobre temas de geopolitica y medio ambiente.\",\"sameAs\":[\"http:\\\/\\\/www.patagoniambiental.com.ar\",\"https:\\\/\\\/www.facebook.com\\\/share\\\/1C1V8Gv9BX\\\/?mibextid=qi2Omg\",\"@patagoniambiental\",\"https:\\\/\\\/youtube.com\\\/@patagoniaambiental2023?si=BLt58t0wuXquxlYZ\"]}]}<\/script>\n<!-- \/ Yoast SEO Premium plugin. -->","yoast_head_json":{"title":"Areas protegidas: La Pampa tiene 1%","robots":{"index":"index","follow":"follow","max-snippet":"max-snippet:-1","max-image-preview":"max-image-preview:large","max-video-preview":"max-video-preview:-1"},"canonical":"https:\/\/patagoniambiental.com.ar\/info\/areas-protegidas-la-pampa-tiene-1\/","og_locale":"es_ES","og_type":"article","og_title":"Areas protegidas: La Pampa tiene 1%","og_description":"La Pampa.-La Argentina cuenta con el 5 al 10 por ciento de su superficie en \u00e1reas protegidas, un total de [&hellip;]","og_url":"https:\/\/patagoniambiental.com.ar\/info\/areas-protegidas-la-pampa-tiene-1\/","og_site_name":"Patagonia Ambiental","article_publisher":"https:\/\/www.facebook.com\/patagonia.ambiental","article_author":"https:\/\/www.facebook.com\/share\/1C1V8Gv9BX\/?mibextid=qi2Omg","article_published_time":"2019-08-19T10:00:30+00:00","og_image":[{"width":600,"height":450,"url":"https:\/\/patagoniambiental.com.ar\/info\/wp-content\/uploads\/2018\/05\/Santa-Rosa.jpg","type":"image\/jpeg"}],"author":"Patagonia Ambiental","twitter_card":"summary_large_image","twitter_creator":"@PatAmb","twitter_site":"@PatAmb","schema":{"@context":"https:\/\/schema.org","@graph":[{"@type":"Article","@id":"https:\/\/patagoniambiental.com.ar\/info\/areas-protegidas-la-pampa-tiene-1\/#article","isPartOf":{"@id":"https:\/\/patagoniambiental.com.ar\/info\/areas-protegidas-la-pampa-tiene-1\/"},"author":{"name":"Patagonia Ambiental","@id":"https:\/\/patagoniambiental.com.ar\/info\/#\/schema\/person\/db12bff64bbcbf6a253710bf0ea37b5d"},"headline":"Areas protegidas: La Pampa tiene 1%","datePublished":"2019-08-19T10:00:30+00:00","mainEntityOfPage":{"@id":"https:\/\/patagoniambiental.com.ar\/info\/areas-protegidas-la-pampa-tiene-1\/"},"wordCount":901,"commentCount":0,"publisher":{"@id":"https:\/\/patagoniambiental.com.ar\/info\/#organization"},"image":{"@id":"https:\/\/patagoniambiental.com.ar\/info\/areas-protegidas-la-pampa-tiene-1\/#primaryimage"},"thumbnailUrl":"https:\/\/patagoniambiental.com.ar\/info\/wp-content\/uploads\/2018\/05\/Santa-Rosa.jpg","articleSection":["Agenda Ambiental","Bolet\u00edn","Noticias","Rotador"],"inLanguage":"es","potentialAction":[{"@type":"CommentAction","name":"Comment","target":["https:\/\/patagoniambiental.com.ar\/info\/areas-protegidas-la-pampa-tiene-1\/#respond"]}]},{"@type":"WebPage","@id":"https:\/\/patagoniambiental.com.ar\/info\/areas-protegidas-la-pampa-tiene-1\/","url":"https:\/\/patagoniambiental.com.ar\/info\/areas-protegidas-la-pampa-tiene-1\/","name":"Areas protegidas: La Pampa tiene 1%","isPartOf":{"@id":"https:\/\/patagoniambiental.com.ar\/info\/#website"},"primaryImageOfPage":{"@id":"https:\/\/patagoniambiental.com.ar\/info\/areas-protegidas-la-pampa-tiene-1\/#primaryimage"},"image":{"@id":"https:\/\/patagoniambiental.com.ar\/info\/areas-protegidas-la-pampa-tiene-1\/#primaryimage"},"thumbnailUrl":"https:\/\/patagoniambiental.com.ar\/info\/wp-content\/uploads\/2018\/05\/Santa-Rosa.jpg","datePublished":"2019-08-19T10:00:30+00:00","breadcrumb":{"@id":"https:\/\/patagoniambiental.com.ar\/info\/areas-protegidas-la-pampa-tiene-1\/#breadcrumb"},"inLanguage":"es","potentialAction":[{"@type":"ReadAction","target":["https:\/\/patagoniambiental.com.ar\/info\/areas-protegidas-la-pampa-tiene-1\/"]}]},{"@type":"ImageObject","inLanguage":"es","@id":"https:\/\/patagoniambiental.com.ar\/info\/areas-protegidas-la-pampa-tiene-1\/#primaryimage","url":"https:\/\/patagoniambiental.com.ar\/info\/wp-content\/uploads\/2018\/05\/Santa-Rosa.jpg","contentUrl":"https:\/\/patagoniambiental.com.ar\/info\/wp-content\/uploads\/2018\/05\/Santa-Rosa.jpg","width":600,"height":450,"caption":"https:\/\/www.taringa.net\/posts\/imagenes\/19144003\/Santa-Rosa---La-Pampa.html"},{"@type":"BreadcrumbList","@id":"https:\/\/patagoniambiental.com.ar\/info\/areas-protegidas-la-pampa-tiene-1\/#breadcrumb","itemListElement":[{"@type":"ListItem","position":1,"name":"Inicio","item":"https:\/\/patagoniambiental.com.ar\/info\/"},{"@type":"ListItem","position":2,"name":"Areas protegidas: La Pampa tiene 1%"}]},{"@type":"WebSite","@id":"https:\/\/patagoniambiental.com.ar\/info\/#website","url":"https:\/\/patagoniambiental.com.ar\/info\/","name":"Patagonia Ambiental","description":"Monitoreo y an\u00e1lisis de la situaci\u00f3n geopol\u00edtica en el mundo y su implicancia en la Patagonia","publisher":{"@id":"https:\/\/patagoniambiental.com.ar\/info\/#organization"},"potentialAction":[{"@type":"SearchAction","target":{"@type":"EntryPoint","urlTemplate":"https:\/\/patagoniambiental.com.ar\/info\/?s={search_term_string}"},"query-input":{"@type":"PropertyValueSpecification","valueRequired":true,"valueName":"search_term_string"}}],"inLanguage":"es"},{"@type":"Organization","@id":"https:\/\/patagoniambiental.com.ar\/info\/#organization","name":"Patagonia Ambiental","url":"https:\/\/patagoniambiental.com.ar\/info\/","logo":{"@type":"ImageObject","inLanguage":"es","@id":"https:\/\/patagoniambiental.com.ar\/info\/#\/schema\/logo\/image\/","url":"https:\/\/patagoniambiental.com.ar\/info\/wp-content\/uploads\/2025\/05\/LOGO-PATAGONIA-AMBIENTAL.png","contentUrl":"https:\/\/patagoniambiental.com.ar\/info\/wp-content\/uploads\/2025\/05\/LOGO-PATAGONIA-AMBIENTAL.png","width":433,"height":250,"caption":"Patagonia Ambiental"},"image":{"@id":"https:\/\/patagoniambiental.com.ar\/info\/#\/schema\/logo\/image\/"},"sameAs":["https:\/\/www.facebook.com\/patagonia.ambiental","https:\/\/x.com\/PatAmb"]},{"@type":"Person","@id":"https:\/\/patagoniambiental.com.ar\/info\/#\/schema\/person\/db12bff64bbcbf6a253710bf0ea37b5d","name":"Patagonia Ambiental","description":"Andr\u00e9s Nievas T\u00e9cnico en manejo ambiental, consultor Ambiental y escritor para medios locales e internacionales sobre temas de geopolitica y medio ambiente.","sameAs":["http:\/\/www.patagoniambiental.com.ar","https:\/\/www.facebook.com\/share\/1C1V8Gv9BX\/?mibextid=qi2Omg","@patagoniambiental","https:\/\/youtube.com\/@patagoniaambiental2023?si=BLt58t0wuXquxlYZ"]}]}},"_links":{"self":[{"href":"https:\/\/patagoniambiental.com.ar\/info\/wp-json\/wp\/v2\/posts\/62788","targetHints":{"allow":["GET"]}}],"collection":[{"href":"https:\/\/patagoniambiental.com.ar\/info\/wp-json\/wp\/v2\/posts"}],"about":[{"href":"https:\/\/patagoniambiental.com.ar\/info\/wp-json\/wp\/v2\/types\/post"}],"author":[{"embeddable":true,"href":"https:\/\/patagoniambiental.com.ar\/info\/wp-json\/wp\/v2\/users\/2"}],"replies":[{"embeddable":true,"href":"https:\/\/patagoniambiental.com.ar\/info\/wp-json\/wp\/v2\/comments?post=62788"}],"version-history":[{"count":0,"href":"https:\/\/patagoniambiental.com.ar\/info\/wp-json\/wp\/v2\/posts\/62788\/revisions"}],"wp:featuredmedia":[{"embeddable":true,"href":"https:\/\/patagoniambiental.com.ar\/info\/wp-json\/wp\/v2\/media\/47217"}],"wp:attachment":[{"href":"https:\/\/patagoniambiental.com.ar\/info\/wp-json\/wp\/v2\/media?parent=62788"}],"wp:term":[{"taxonomy":"category","embeddable":true,"href":"https:\/\/patagoniambiental.com.ar\/info\/wp-json\/wp\/v2\/categories?post=62788"},{"taxonomy":"post_tag","embeddable":true,"href":"https:\/\/patagoniambiental.com.ar\/info\/wp-json\/wp\/v2\/tags?post=62788"}],"curies":[{"name":"wp","href":"https:\/\/api.w.org\/{rel}","templated":true}]}}