{"id":62881,"date":"2019-08-23T07:00:17","date_gmt":"2019-08-23T10:00:17","guid":{"rendered":"http:\/\/patagoniambiental.com.ar\/info\/?p=62881"},"modified":"2019-08-22T09:53:42","modified_gmt":"2019-08-22T12:53:42","slug":"diez-anos-de-la-creacion-del-sistema-de-reservas-naturales-urbanas-de-rio-gallegos","status":"publish","type":"post","link":"https:\/\/patagoniambiental.com.ar\/info\/diez-anos-de-la-creacion-del-sistema-de-reservas-naturales-urbanas-de-rio-gallegos\/","title":{"rendered":"Diez a\u00f1os de la creaci\u00f3n del Sistema de Reservas Naturales Urbanas de R\u00edo Gallegos"},"content":{"rendered":"<hgroup class=\"zona-titulo\">\n<h4 class=\"titular\">R\u00edo Gallegos.-En la tarde del martes se conmemor\u00f3 el d\u00e9cimo aniversario de la creaci\u00f3n del Sistema de Reservas Naturales Urbanas de R\u00edo Gallegos. En la jornada del mi\u00e9rcoles en contacto con Radio Nuevo D\u00eda Gabriela Mansilla, referente de la Agencia Ambiental Municipal se refiri\u00f3 a dicha fecha y a la importancia del sistema de reservas naturales de la ciudad.<\/h4>\n<\/hgroup>\n<div class=\"row\">\n<div class=\"col-md-1 col-sticky\">\n<div class=\"inner-share-bar cf\">\n<div class=\"item\"><!--more--><\/div>\n<div class=\"item\"><\/div>\n<div class=\"item visible-lg\"><\/div>\n<\/div>\n<\/div>\n<div class=\"col-md-11\">\n<div class=\"main-content-foto\">\n<div class=\"my-gallery main-gallery\" data-pswp-uid=\"1\">\n<figure>\n<div class=\"nfotos\"><\/div>\n<p><a href=\"https:\/\/www.eldiarionuevodia.com.ar\/u\/fotografias\/fotosnoticias\/2019\/8\/22\/109065.jpg\" data-size=\"1600x1067\"><img decoding=\"async\" class=\"img-responsive\" src=\"https:\/\/www.eldiarionuevodia.com.ar\/u\/fotografias\/m\/2019\/8\/22\/f800x450-109065_160511_15.jpg\" alt=\"Diez a\u00f1os de la creaci\u00f3n del Sistema de Reservas Naturales Urbanas de R\u00edo Gallegos\" \/><\/a><\/figure>\n<\/div>\n<\/div>\n<div class=\"fecha-y-seccion\">\n<div class=\"fecha\"><\/div>\n<\/div>\n<div class=\"centrado primer_bnn \"><\/div>\n<div id=\"cuerpo-nota\" class=\"cuerpo-nota\">\n<p>Gabriela Mansilla, integrante de la Agencia Ambiental Municipal se refiri\u00f3 al \u00a0d\u00e9cimo aniversario de la creaci\u00f3n del Sistema de Reservas Naturales Urbanas, y a la serie de actividades programadas con motivo de tal fecha. En primer lugar\u00a0 al ser consultada acerca de las implicancias de dicha fecha Mansilla en contacto con el programa \u201cArriba El D\u00eda\u201d indic\u00f3 \u201cestamos contentos porque se han pasado diez a\u00f1os muy r\u00e1pido, donde se ha hecho un gran trabajo y se sigue trabajando en el mejoramiento de las distintas reservas urbanas que existen en R\u00edo Gallegos, adem\u00e1s de un trabajo que ha ido en el tiempo que est\u00e1 relacionado con la educaci\u00f3n ambiental en los preescolares y colegios, donde los alumnos han sido excelentes transmisores de lo que significa el cuidado del medioambiente\u201d. Asimismo en los \u00faltimos meses se ha venido realizando desde la Agencia Ambiental un importante trabajo de sensibilidad en lo relacionado a las reservas naturales urbanas, donde han participado alumnos de las carreras de Ingenier\u00eda en Recursos Naturales y Comunicaci\u00f3n Social, apuntando a que el com\u00fan de los vecinos de R\u00edo Gallegos conozcan m\u00e1s del sistema de reservas. La ciudad de R\u00edo Gallegos cuenta con ocho\u00a0 \u00e1reas protegidas, la primera de ellas fue la Reserva Costera Urbana, declarada en el a\u00f1o 2004, adem\u00e1s de humedales y lagunas que forman el sistema como la Laguna Ortiz, Laguna de los Patos, Laguna Mar\u00eda La Gorda, Marina y la reserva predio Startel.<\/p>\n<p>Trabajo de carteler\u00eda informativa y construcci\u00f3n de miradores en las distintas lagunas se han realizado en forma conjunta entre la Asociaci\u00f3n Ambiente Sur, y la Universidad Nacional de la Patagonia Austral.<\/p>\n<p>Asimismo el viernes desde las 10:30 a 12:30 se realizar\u00e1 la limpieza de dos reservas en simultaneo, como son el sector 3 de la Laguna Ortiz, ubicado en la zona del vel\u00f3dromo y la Laguna Mar\u00eda La Gorda. En dicha acci\u00f3n han \u00a0confirmado su participaci\u00f3n los alumnos del colegio secundario n\u00b0 11 en el primer sector\u00a0 y en la laguna Mar\u00eda La Gorda, estudiantes de la primaria 11.<\/p>\n<aside class=\"htmlinline \"><\/aside>\n<\/div>\n<\/div>\n<\/div>\n<p>Fuente:\u00a0https:\/\/www.eldiarionuevodia.com.ar\/local\/info-general\/2019\/8\/22\/diez-anos-de-la-creacion-del-sistema-de-reservas-naturales-urbanas-de-rio-gallegos-91446.html<\/p>\n","protected":false},"excerpt":{"rendered":"<p>R\u00edo Gallegos.-En la tarde del martes se conmemor\u00f3 el d\u00e9cimo aniversario de la creaci\u00f3n del Sistema de Reservas Naturales Urbanas [&hellip;]<\/p>\n","protected":false},"author":2,"featured_media":62882,"comment_status":"open","ping_status":"open","sticky":false,"template":"","format":"standard","meta":{"site-sidebar-layout":"default","site-content-layout":"","ast-site-content-layout":"default","site-content-style":"default","site-sidebar-style":"default","ast-global-header-display":"","ast-banner-title-visibility":"","ast-main-header-display":"","ast-hfb-above-header-display":"","ast-hfb-below-header-display":"","ast-hfb-mobile-header-display":"","site-post-title":"","ast-breadcrumbs-content":"","ast-featured-img":"","footer-sml-layout":"","ast-disable-related-posts":"","theme-transparent-header-meta":"","adv-header-id-meta":"","stick-header-meta":"","header-above-stick-meta":"","header-main-stick-meta":"","header-below-stick-meta":"","astra-migrate-meta-layouts":"default","ast-page-background-enabled":"default","ast-page-background-meta":{"desktop":{"background-color":"var(--ast-global-color-5)","background-image":"","background-repeat":"repeat","background-position":"center center","background-size":"auto","background-attachment":"scroll","background-type":"","background-media":"","overlay-type":"","overlay-color":"","overlay-opacity":"","overlay-gradient":""},"tablet":{"background-color":"","background-image":"","background-repeat":"repeat","background-position":"center center","background-size":"auto","background-attachment":"scroll","background-type":"","background-media":"","overlay-type":"","overlay-color":"","overlay-opacity":"","overlay-gradient":""},"mobile":{"background-color":"","background-image":"","background-repeat":"repeat","background-position":"center center","background-size":"auto","background-attachment":"scroll","background-type":"","background-media":"","overlay-type":"","overlay-color":"","overlay-opacity":"","overlay-gradient":""}},"ast-content-background-meta":{"desktop":{"background-color":"var(--ast-global-color-4)","background-image":"","background-repeat":"repeat","background-position":"center center","background-size":"auto","background-attachment":"scroll","background-type":"","background-media":"","overlay-type":"","overlay-color":"","overlay-opacity":"","overlay-gradient":""},"tablet":{"background-color":"var(--ast-global-color-4)","background-image":"","background-repeat":"repeat","background-position":"center center","background-size":"auto","background-attachment":"scroll","background-type":"","background-media":"","overlay-type":"","overlay-color":"","overlay-opacity":"","overlay-gradient":""},"mobile":{"background-color":"var(--ast-global-color-4)","background-image":"","background-repeat":"repeat","background-position":"center center","background-size":"auto","background-attachment":"scroll","background-type":"","background-media":"","overlay-type":"","overlay-color":"","overlay-opacity":"","overlay-gradient":""}},"footnotes":""},"categories":[11,16,1],"tags":[],"class_list":["post-62881","post","type-post","status-publish","format-standard","has-post-thumbnail","hentry","category-boletin","category-municipales","category-noticias"],"yoast_head":"<!-- This site is optimized with the Yoast SEO Premium plugin v23.0 (Yoast SEO v27.5) - https:\/\/yoast.com\/product\/yoast-seo-premium-wordpress\/ -->\n<title>Diez a\u00f1os de la creaci\u00f3n del Sistema de Reservas Naturales Urbanas de R\u00edo Gallegos<\/title>\n<meta name=\"robots\" content=\"index, follow, max-snippet:-1, max-image-preview:large, max-video-preview:-1\" \/>\n<link rel=\"canonical\" href=\"https:\/\/patagoniambiental.com.ar\/info\/diez-anos-de-la-creacion-del-sistema-de-reservas-naturales-urbanas-de-rio-gallegos\/\" \/>\n<meta property=\"og:locale\" content=\"es_ES\" \/>\n<meta property=\"og:type\" content=\"article\" \/>\n<meta property=\"og:title\" content=\"Diez a\u00f1os de la creaci\u00f3n del Sistema de Reservas Naturales Urbanas de R\u00edo Gallegos\" \/>\n<meta property=\"og:description\" content=\"R\u00edo Gallegos.-En la tarde del martes se conmemor\u00f3 el d\u00e9cimo aniversario de la creaci\u00f3n del Sistema de Reservas Naturales Urbanas [&hellip;]\" \/>\n<meta property=\"og:url\" content=\"https:\/\/patagoniambiental.com.ar\/info\/diez-anos-de-la-creacion-del-sistema-de-reservas-naturales-urbanas-de-rio-gallegos\/\" \/>\n<meta property=\"og:site_name\" content=\"Patagonia Ambiental\" \/>\n<meta property=\"article:publisher\" content=\"https:\/\/www.facebook.com\/patagonia.ambiental\" \/>\n<meta property=\"article:author\" content=\"https:\/\/www.facebook.com\/share\/1C1V8Gv9BX\/?mibextid=qi2Omg\" \/>\n<meta property=\"article:published_time\" content=\"2019-08-23T10:00:17+00:00\" \/>\n<meta property=\"og:image\" content=\"https:\/\/patagoniambiental.com.ar\/info\/wp-content\/uploads\/2019\/08\/f800x450-109065_160511_15.jpg\" \/>\n\t<meta property=\"og:image:width\" content=\"800\" \/>\n\t<meta property=\"og:image:height\" content=\"449\" \/>\n\t<meta property=\"og:image:type\" content=\"image\/jpeg\" \/>\n<meta name=\"author\" content=\"Patagonia Ambiental\" \/>\n<meta name=\"twitter:card\" content=\"summary_large_image\" \/>\n<meta name=\"twitter:creator\" content=\"@PatAmb\" \/>\n<meta name=\"twitter:site\" content=\"@PatAmb\" \/>\n<script type=\"application\/ld+json\" class=\"yoast-schema-graph\">{\"@context\":\"https:\\\/\\\/schema.org\",\"@graph\":[{\"@type\":\"Article\",\"@id\":\"https:\\\/\\\/patagoniambiental.com.ar\\\/info\\\/diez-anos-de-la-creacion-del-sistema-de-reservas-naturales-urbanas-de-rio-gallegos\\\/#article\",\"isPartOf\":{\"@id\":\"https:\\\/\\\/patagoniambiental.com.ar\\\/info\\\/diez-anos-de-la-creacion-del-sistema-de-reservas-naturales-urbanas-de-rio-gallegos\\\/\"},\"author\":{\"name\":\"Patagonia Ambiental\",\"@id\":\"https:\\\/\\\/patagoniambiental.com.ar\\\/info\\\/#\\\/schema\\\/person\\\/db12bff64bbcbf6a253710bf0ea37b5d\"},\"headline\":\"Diez a\u00f1os de la creaci\u00f3n del Sistema de Reservas Naturales Urbanas de R\u00edo Gallegos\",\"datePublished\":\"2019-08-23T10:00:17+00:00\",\"mainEntityOfPage\":{\"@id\":\"https:\\\/\\\/patagoniambiental.com.ar\\\/info\\\/diez-anos-de-la-creacion-del-sistema-de-reservas-naturales-urbanas-de-rio-gallegos\\\/\"},\"wordCount\":448,\"commentCount\":0,\"publisher\":{\"@id\":\"https:\\\/\\\/patagoniambiental.com.ar\\\/info\\\/#organization\"},\"image\":{\"@id\":\"https:\\\/\\\/patagoniambiental.com.ar\\\/info\\\/diez-anos-de-la-creacion-del-sistema-de-reservas-naturales-urbanas-de-rio-gallegos\\\/#primaryimage\"},\"thumbnailUrl\":\"https:\\\/\\\/patagoniambiental.com.ar\\\/info\\\/wp-content\\\/uploads\\\/2019\\\/08\\\/f800x450-109065_160511_15.jpg\",\"articleSection\":[\"Bolet\u00edn\",\"Municipales\",\"Noticias\"],\"inLanguage\":\"es\",\"potentialAction\":[{\"@type\":\"CommentAction\",\"name\":\"Comment\",\"target\":[\"https:\\\/\\\/patagoniambiental.com.ar\\\/info\\\/diez-anos-de-la-creacion-del-sistema-de-reservas-naturales-urbanas-de-rio-gallegos\\\/#respond\"]}]},{\"@type\":\"WebPage\",\"@id\":\"https:\\\/\\\/patagoniambiental.com.ar\\\/info\\\/diez-anos-de-la-creacion-del-sistema-de-reservas-naturales-urbanas-de-rio-gallegos\\\/\",\"url\":\"https:\\\/\\\/patagoniambiental.com.ar\\\/info\\\/diez-anos-de-la-creacion-del-sistema-de-reservas-naturales-urbanas-de-rio-gallegos\\\/\",\"name\":\"Diez a\u00f1os de la creaci\u00f3n del Sistema de Reservas Naturales Urbanas de R\u00edo Gallegos\",\"isPartOf\":{\"@id\":\"https:\\\/\\\/patagoniambiental.com.ar\\\/info\\\/#website\"},\"primaryImageOfPage\":{\"@id\":\"https:\\\/\\\/patagoniambiental.com.ar\\\/info\\\/diez-anos-de-la-creacion-del-sistema-de-reservas-naturales-urbanas-de-rio-gallegos\\\/#primaryimage\"},\"image\":{\"@id\":\"https:\\\/\\\/patagoniambiental.com.ar\\\/info\\\/diez-anos-de-la-creacion-del-sistema-de-reservas-naturales-urbanas-de-rio-gallegos\\\/#primaryimage\"},\"thumbnailUrl\":\"https:\\\/\\\/patagoniambiental.com.ar\\\/info\\\/wp-content\\\/uploads\\\/2019\\\/08\\\/f800x450-109065_160511_15.jpg\",\"datePublished\":\"2019-08-23T10:00:17+00:00\",\"breadcrumb\":{\"@id\":\"https:\\\/\\\/patagoniambiental.com.ar\\\/info\\\/diez-anos-de-la-creacion-del-sistema-de-reservas-naturales-urbanas-de-rio-gallegos\\\/#breadcrumb\"},\"inLanguage\":\"es\",\"potentialAction\":[{\"@type\":\"ReadAction\",\"target\":[\"https:\\\/\\\/patagoniambiental.com.ar\\\/info\\\/diez-anos-de-la-creacion-del-sistema-de-reservas-naturales-urbanas-de-rio-gallegos\\\/\"]}]},{\"@type\":\"ImageObject\",\"inLanguage\":\"es\",\"@id\":\"https:\\\/\\\/patagoniambiental.com.ar\\\/info\\\/diez-anos-de-la-creacion-del-sistema-de-reservas-naturales-urbanas-de-rio-gallegos\\\/#primaryimage\",\"url\":\"https:\\\/\\\/patagoniambiental.com.ar\\\/info\\\/wp-content\\\/uploads\\\/2019\\\/08\\\/f800x450-109065_160511_15.jpg\",\"contentUrl\":\"https:\\\/\\\/patagoniambiental.com.ar\\\/info\\\/wp-content\\\/uploads\\\/2019\\\/08\\\/f800x450-109065_160511_15.jpg\",\"width\":800,\"height\":449},{\"@type\":\"BreadcrumbList\",\"@id\":\"https:\\\/\\\/patagoniambiental.com.ar\\\/info\\\/diez-anos-de-la-creacion-del-sistema-de-reservas-naturales-urbanas-de-rio-gallegos\\\/#breadcrumb\",\"itemListElement\":[{\"@type\":\"ListItem\",\"position\":1,\"name\":\"Inicio\",\"item\":\"https:\\\/\\\/patagoniambiental.com.ar\\\/info\\\/\"},{\"@type\":\"ListItem\",\"position\":2,\"name\":\"Diez a\u00f1os de la creaci\u00f3n del Sistema de Reservas Naturales Urbanas de R\u00edo Gallegos\"}]},{\"@type\":\"WebSite\",\"@id\":\"https:\\\/\\\/patagoniambiental.com.ar\\\/info\\\/#website\",\"url\":\"https:\\\/\\\/patagoniambiental.com.ar\\\/info\\\/\",\"name\":\"Patagonia Ambiental\",\"description\":\"Monitoreo y an\u00e1lisis de la situaci\u00f3n geopol\u00edtica en el mundo y su implicancia en la Patagonia\",\"publisher\":{\"@id\":\"https:\\\/\\\/patagoniambiental.com.ar\\\/info\\\/#organization\"},\"potentialAction\":[{\"@type\":\"SearchAction\",\"target\":{\"@type\":\"EntryPoint\",\"urlTemplate\":\"https:\\\/\\\/patagoniambiental.com.ar\\\/info\\\/?s={search_term_string}\"},\"query-input\":{\"@type\":\"PropertyValueSpecification\",\"valueRequired\":true,\"valueName\":\"search_term_string\"}}],\"inLanguage\":\"es\"},{\"@type\":\"Organization\",\"@id\":\"https:\\\/\\\/patagoniambiental.com.ar\\\/info\\\/#organization\",\"name\":\"Patagonia Ambiental\",\"url\":\"https:\\\/\\\/patagoniambiental.com.ar\\\/info\\\/\",\"logo\":{\"@type\":\"ImageObject\",\"inLanguage\":\"es\",\"@id\":\"https:\\\/\\\/patagoniambiental.com.ar\\\/info\\\/#\\\/schema\\\/logo\\\/image\\\/\",\"url\":\"https:\\\/\\\/patagoniambiental.com.ar\\\/info\\\/wp-content\\\/uploads\\\/2025\\\/05\\\/LOGO-PATAGONIA-AMBIENTAL.png\",\"contentUrl\":\"https:\\\/\\\/patagoniambiental.com.ar\\\/info\\\/wp-content\\\/uploads\\\/2025\\\/05\\\/LOGO-PATAGONIA-AMBIENTAL.png\",\"width\":433,\"height\":250,\"caption\":\"Patagonia Ambiental\"},\"image\":{\"@id\":\"https:\\\/\\\/patagoniambiental.com.ar\\\/info\\\/#\\\/schema\\\/logo\\\/image\\\/\"},\"sameAs\":[\"https:\\\/\\\/www.facebook.com\\\/patagonia.ambiental\",\"https:\\\/\\\/x.com\\\/PatAmb\"]},{\"@type\":\"Person\",\"@id\":\"https:\\\/\\\/patagoniambiental.com.ar\\\/info\\\/#\\\/schema\\\/person\\\/db12bff64bbcbf6a253710bf0ea37b5d\",\"name\":\"Patagonia Ambiental\",\"description\":\"Andr\u00e9s Nievas T\u00e9cnico en manejo ambiental, consultor Ambiental y escritor para medios locales e internacionales sobre temas de geopolitica y medio ambiente.\",\"sameAs\":[\"http:\\\/\\\/www.patagoniambiental.com.ar\",\"https:\\\/\\\/www.facebook.com\\\/share\\\/1C1V8Gv9BX\\\/?mibextid=qi2Omg\",\"@patagoniambiental\",\"https:\\\/\\\/youtube.com\\\/@patagoniaambiental2023?si=BLt58t0wuXquxlYZ\"]}]}<\/script>\n<!-- \/ Yoast SEO Premium plugin. -->","yoast_head_json":{"title":"Diez a\u00f1os de la creaci\u00f3n del Sistema de Reservas Naturales Urbanas de R\u00edo Gallegos","robots":{"index":"index","follow":"follow","max-snippet":"max-snippet:-1","max-image-preview":"max-image-preview:large","max-video-preview":"max-video-preview:-1"},"canonical":"https:\/\/patagoniambiental.com.ar\/info\/diez-anos-de-la-creacion-del-sistema-de-reservas-naturales-urbanas-de-rio-gallegos\/","og_locale":"es_ES","og_type":"article","og_title":"Diez a\u00f1os de la creaci\u00f3n del Sistema de Reservas Naturales Urbanas de R\u00edo Gallegos","og_description":"R\u00edo Gallegos.-En la tarde del martes se conmemor\u00f3 el d\u00e9cimo aniversario de la creaci\u00f3n del Sistema de Reservas Naturales Urbanas [&hellip;]","og_url":"https:\/\/patagoniambiental.com.ar\/info\/diez-anos-de-la-creacion-del-sistema-de-reservas-naturales-urbanas-de-rio-gallegos\/","og_site_name":"Patagonia Ambiental","article_publisher":"https:\/\/www.facebook.com\/patagonia.ambiental","article_author":"https:\/\/www.facebook.com\/share\/1C1V8Gv9BX\/?mibextid=qi2Omg","article_published_time":"2019-08-23T10:00:17+00:00","og_image":[{"width":800,"height":449,"url":"https:\/\/patagoniambiental.com.ar\/info\/wp-content\/uploads\/2019\/08\/f800x450-109065_160511_15.jpg","type":"image\/jpeg"}],"author":"Patagonia Ambiental","twitter_card":"summary_large_image","twitter_creator":"@PatAmb","twitter_site":"@PatAmb","schema":{"@context":"https:\/\/schema.org","@graph":[{"@type":"Article","@id":"https:\/\/patagoniambiental.com.ar\/info\/diez-anos-de-la-creacion-del-sistema-de-reservas-naturales-urbanas-de-rio-gallegos\/#article","isPartOf":{"@id":"https:\/\/patagoniambiental.com.ar\/info\/diez-anos-de-la-creacion-del-sistema-de-reservas-naturales-urbanas-de-rio-gallegos\/"},"author":{"name":"Patagonia Ambiental","@id":"https:\/\/patagoniambiental.com.ar\/info\/#\/schema\/person\/db12bff64bbcbf6a253710bf0ea37b5d"},"headline":"Diez a\u00f1os de la creaci\u00f3n del Sistema de Reservas Naturales Urbanas de R\u00edo Gallegos","datePublished":"2019-08-23T10:00:17+00:00","mainEntityOfPage":{"@id":"https:\/\/patagoniambiental.com.ar\/info\/diez-anos-de-la-creacion-del-sistema-de-reservas-naturales-urbanas-de-rio-gallegos\/"},"wordCount":448,"commentCount":0,"publisher":{"@id":"https:\/\/patagoniambiental.com.ar\/info\/#organization"},"image":{"@id":"https:\/\/patagoniambiental.com.ar\/info\/diez-anos-de-la-creacion-del-sistema-de-reservas-naturales-urbanas-de-rio-gallegos\/#primaryimage"},"thumbnailUrl":"https:\/\/patagoniambiental.com.ar\/info\/wp-content\/uploads\/2019\/08\/f800x450-109065_160511_15.jpg","articleSection":["Bolet\u00edn","Municipales","Noticias"],"inLanguage":"es","potentialAction":[{"@type":"CommentAction","name":"Comment","target":["https:\/\/patagoniambiental.com.ar\/info\/diez-anos-de-la-creacion-del-sistema-de-reservas-naturales-urbanas-de-rio-gallegos\/#respond"]}]},{"@type":"WebPage","@id":"https:\/\/patagoniambiental.com.ar\/info\/diez-anos-de-la-creacion-del-sistema-de-reservas-naturales-urbanas-de-rio-gallegos\/","url":"https:\/\/patagoniambiental.com.ar\/info\/diez-anos-de-la-creacion-del-sistema-de-reservas-naturales-urbanas-de-rio-gallegos\/","name":"Diez a\u00f1os de la creaci\u00f3n del Sistema de Reservas Naturales Urbanas de R\u00edo Gallegos","isPartOf":{"@id":"https:\/\/patagoniambiental.com.ar\/info\/#website"},"primaryImageOfPage":{"@id":"https:\/\/patagoniambiental.com.ar\/info\/diez-anos-de-la-creacion-del-sistema-de-reservas-naturales-urbanas-de-rio-gallegos\/#primaryimage"},"image":{"@id":"https:\/\/patagoniambiental.com.ar\/info\/diez-anos-de-la-creacion-del-sistema-de-reservas-naturales-urbanas-de-rio-gallegos\/#primaryimage"},"thumbnailUrl":"https:\/\/patagoniambiental.com.ar\/info\/wp-content\/uploads\/2019\/08\/f800x450-109065_160511_15.jpg","datePublished":"2019-08-23T10:00:17+00:00","breadcrumb":{"@id":"https:\/\/patagoniambiental.com.ar\/info\/diez-anos-de-la-creacion-del-sistema-de-reservas-naturales-urbanas-de-rio-gallegos\/#breadcrumb"},"inLanguage":"es","potentialAction":[{"@type":"ReadAction","target":["https:\/\/patagoniambiental.com.ar\/info\/diez-anos-de-la-creacion-del-sistema-de-reservas-naturales-urbanas-de-rio-gallegos\/"]}]},{"@type":"ImageObject","inLanguage":"es","@id":"https:\/\/patagoniambiental.com.ar\/info\/diez-anos-de-la-creacion-del-sistema-de-reservas-naturales-urbanas-de-rio-gallegos\/#primaryimage","url":"https:\/\/patagoniambiental.com.ar\/info\/wp-content\/uploads\/2019\/08\/f800x450-109065_160511_15.jpg","contentUrl":"https:\/\/patagoniambiental.com.ar\/info\/wp-content\/uploads\/2019\/08\/f800x450-109065_160511_15.jpg","width":800,"height":449},{"@type":"BreadcrumbList","@id":"https:\/\/patagoniambiental.com.ar\/info\/diez-anos-de-la-creacion-del-sistema-de-reservas-naturales-urbanas-de-rio-gallegos\/#breadcrumb","itemListElement":[{"@type":"ListItem","position":1,"name":"Inicio","item":"https:\/\/patagoniambiental.com.ar\/info\/"},{"@type":"ListItem","position":2,"name":"Diez a\u00f1os de la creaci\u00f3n del Sistema de Reservas Naturales Urbanas de R\u00edo Gallegos"}]},{"@type":"WebSite","@id":"https:\/\/patagoniambiental.com.ar\/info\/#website","url":"https:\/\/patagoniambiental.com.ar\/info\/","name":"Patagonia Ambiental","description":"Monitoreo y an\u00e1lisis de la situaci\u00f3n geopol\u00edtica en el mundo y su implicancia en la Patagonia","publisher":{"@id":"https:\/\/patagoniambiental.com.ar\/info\/#organization"},"potentialAction":[{"@type":"SearchAction","target":{"@type":"EntryPoint","urlTemplate":"https:\/\/patagoniambiental.com.ar\/info\/?s={search_term_string}"},"query-input":{"@type":"PropertyValueSpecification","valueRequired":true,"valueName":"search_term_string"}}],"inLanguage":"es"},{"@type":"Organization","@id":"https:\/\/patagoniambiental.com.ar\/info\/#organization","name":"Patagonia Ambiental","url":"https:\/\/patagoniambiental.com.ar\/info\/","logo":{"@type":"ImageObject","inLanguage":"es","@id":"https:\/\/patagoniambiental.com.ar\/info\/#\/schema\/logo\/image\/","url":"https:\/\/patagoniambiental.com.ar\/info\/wp-content\/uploads\/2025\/05\/LOGO-PATAGONIA-AMBIENTAL.png","contentUrl":"https:\/\/patagoniambiental.com.ar\/info\/wp-content\/uploads\/2025\/05\/LOGO-PATAGONIA-AMBIENTAL.png","width":433,"height":250,"caption":"Patagonia Ambiental"},"image":{"@id":"https:\/\/patagoniambiental.com.ar\/info\/#\/schema\/logo\/image\/"},"sameAs":["https:\/\/www.facebook.com\/patagonia.ambiental","https:\/\/x.com\/PatAmb"]},{"@type":"Person","@id":"https:\/\/patagoniambiental.com.ar\/info\/#\/schema\/person\/db12bff64bbcbf6a253710bf0ea37b5d","name":"Patagonia Ambiental","description":"Andr\u00e9s Nievas T\u00e9cnico en manejo ambiental, consultor Ambiental y escritor para medios locales e internacionales sobre temas de geopolitica y medio ambiente.","sameAs":["http:\/\/www.patagoniambiental.com.ar","https:\/\/www.facebook.com\/share\/1C1V8Gv9BX\/?mibextid=qi2Omg","@patagoniambiental","https:\/\/youtube.com\/@patagoniaambiental2023?si=BLt58t0wuXquxlYZ"]}]}},"_links":{"self":[{"href":"https:\/\/patagoniambiental.com.ar\/info\/wp-json\/wp\/v2\/posts\/62881","targetHints":{"allow":["GET"]}}],"collection":[{"href":"https:\/\/patagoniambiental.com.ar\/info\/wp-json\/wp\/v2\/posts"}],"about":[{"href":"https:\/\/patagoniambiental.com.ar\/info\/wp-json\/wp\/v2\/types\/post"}],"author":[{"embeddable":true,"href":"https:\/\/patagoniambiental.com.ar\/info\/wp-json\/wp\/v2\/users\/2"}],"replies":[{"embeddable":true,"href":"https:\/\/patagoniambiental.com.ar\/info\/wp-json\/wp\/v2\/comments?post=62881"}],"version-history":[{"count":0,"href":"https:\/\/patagoniambiental.com.ar\/info\/wp-json\/wp\/v2\/posts\/62881\/revisions"}],"wp:featuredmedia":[{"embeddable":true,"href":"https:\/\/patagoniambiental.com.ar\/info\/wp-json\/wp\/v2\/media\/62882"}],"wp:attachment":[{"href":"https:\/\/patagoniambiental.com.ar\/info\/wp-json\/wp\/v2\/media?parent=62881"}],"wp:term":[{"taxonomy":"category","embeddable":true,"href":"https:\/\/patagoniambiental.com.ar\/info\/wp-json\/wp\/v2\/categories?post=62881"},{"taxonomy":"post_tag","embeddable":true,"href":"https:\/\/patagoniambiental.com.ar\/info\/wp-json\/wp\/v2\/tags?post=62881"}],"curies":[{"name":"wp","href":"https:\/\/api.w.org\/{rel}","templated":true}]}}