{"id":62977,"date":"2019-09-03T07:00:07","date_gmt":"2019-09-03T10:00:07","guid":{"rendered":"http:\/\/patagoniambiental.com.ar\/info\/?p=62977"},"modified":"2019-09-02T10:23:42","modified_gmt":"2019-09-02T13:23:42","slug":"propone-plantar-arbol-por-cada-nacimiento","status":"publish","type":"post","link":"https:\/\/patagoniambiental.com.ar\/info\/propone-plantar-arbol-por-cada-nacimiento\/","title":{"rendered":"Propone plantar \u00e1rbol por cada nacimiento en General Pico"},"content":{"rendered":"<div class=\"td_block_wrap tdb_title td_uid_9_5d6d1482dd0d2_rand tdb-single-title td-pb-border-top td_block_template_9\" data-td-block-uid=\"td_uid_9_5d6d1482dd0d2\">\n<div class=\"tdb-block-inner td-fix-index\">\n<div>General Pico.-COPPO PRESENTO PROYECTO DE ORDENANZA<\/div>\n<\/div>\n<\/div>\n<div class=\"td_block_wrap tdb_single_author td_uid_11_5d6d1482dd8d4_rand td-pb-border-top td_block_template_9 tdb-post-meta\" data-td-block-uid=\"td_uid_11_5d6d1482dd8d4\">\n<div class=\"tdb-block-inner td-fix-index\"><\/div>\n<\/div>\n<div class=\"td_block_wrap tdb_single_post_share td_uid_13_5d6d1482e6683_rand td-pb-border-top td_block_template_9\" data-td-block-uid=\"td_uid_13_5d6d1482e6683\">\n<div id=\"td_uid_13_5d6d1482e6683\" class=\"td-post-sharing tdb-block td-ps-bg td-ps-padding td-post-sharing-style2 \">\n<div class=\"td-post-sharing-visible\"><\/div>\n<\/div>\n<\/div>\n<p><!--more--><\/p>\n<div class=\"td_block_wrap tdb_single_content td_uid_15_5d6d1482e764f_rand td-pb-border-top td_block_template_9 td-post-content tagdiv-type\" data-td-block-uid=\"td_uid_15_5d6d1482e764f\">\n<div class=\"tdb-block-inner td-fix-index\">\n<p>El concejal piquense Guillermo Coppo present\u00f3 hace unos d\u00edas el proyecto de ordenanza denominado \u00abUn ni\u00f1o, una ni\u00f1a, un \u00e1rbol\u00bb, en el marco de la conmemoraci\u00f3n el D\u00eda Nacional del Arbol. La iniciativa apunta a forestar distintos espacios p\u00fablicos de la ciudad, a generar un evento familiar y a incentivar la participaci\u00f3n comunitaria en el cuidado del medioambiente. La propuesta ingresar\u00e1 el jueves en el marco de una nueva sesi\u00f3n anual del Concejo Deliberante de General Pico, y ser\u00e1 discutido en comisi\u00f3n.<br \/>\n\u00abLos procesos de deforestaci\u00f3n que se vivieron en Argentina, m\u00e1s las quemas en los \u00faltimos a\u00f1os que hubo en La Pampa, y con lo que se est\u00e1 viviendo en el Amazonas, hace repensar la necesidad de llevar pol\u00edticas p\u00fablicas sobre el medio ambiente. Se nos cruz\u00f3 esta idea que se implement\u00f3 en varios lugares del mundo, como B\u00e9lgica e Israel, y en ciudades argentinas como R\u00edo Grande, Bariloche, Salliquel\u00f3 y Pellegrini\u00bb, dijo en di\u00e1logo con LA ARENA.<br \/>\n\u00abEste proyecto propone que por cada ni\u00f1a y ni\u00f1o nacido en General Pico, el 29 de agosto de cada a\u00f1o se haga la plantaci\u00f3n de un \u00e1rbol. El Ejecutivo dir\u00e1 cuales son los lugares a plantar y la especie a establecer porque hay una normativa que estipula que tipo de plantas se puede poner en cada lugar\u00bb, agreg\u00f3.<\/p>\n<p>Conciencia social.<br \/>\nEl edil local tambi\u00e9n refiri\u00f3 que hay \u00abmuchos espacios verdes donde falta plantaci\u00f3n, muchas plazas que carecen de una forestaci\u00f3n adecuada\u00bb, incluso \u00abla laguna o el interior y las veredas de las propias escuelas\u00bb.<br \/>\nM\u00e1s all\u00e1 del acto de plantar la cantidad de \u00e1rboles equivalente a la cantidad de nacimientos que se registren entre el 31 de julio de un a\u00f1o y de otro, la propuesta busca generar conciencia social.<br \/>\n\u00abSe busca generar conciencia social, que no sea solo la plantaci\u00f3n del \u00e1rbol, sino que se genere un evento p\u00fablico que se consolide en el tiempo, donde sea la familia la que plante el \u00e1rbol. En ese sentido no es que la municipalidad plante y nada m\u00e1s, porque en el proyecto pedimos que a cada \u00e1rbol se le coloque una placa con el nombre de la ni\u00f1a o ni\u00f1o y la fecha de su nacimiento, y que se le entregue un certificado a la familia, para que se genere un compromiso con el cuidado del medioambiente y la calidad de vida de los habitantes\u00bb, agreg\u00f3.<br \/>\nEl pr\u00f3ximo jueves se le dar\u00e1 ingreso a la iniciativa en la sesi\u00f3n ordinaria. Por tratarse de un proyecto de ordenanza deber\u00e1 pasar a comisi\u00f3n para ser discutido y analizado.<\/p>\n<p>Fuente: Diario La Arena<\/p>\n<\/div>\n<\/div>\n","protected":false},"excerpt":{"rendered":"<p>General Pico.-COPPO PRESENTO PROYECTO DE ORDENANZA<\/p>\n","protected":false},"author":2,"featured_media":54814,"comment_status":"open","ping_status":"open","sticky":false,"template":"","format":"standard","meta":{"site-sidebar-layout":"default","site-content-layout":"","ast-site-content-layout":"default","site-content-style":"default","site-sidebar-style":"default","ast-global-header-display":"","ast-banner-title-visibility":"","ast-main-header-display":"","ast-hfb-above-header-display":"","ast-hfb-below-header-display":"","ast-hfb-mobile-header-display":"","site-post-title":"","ast-breadcrumbs-content":"","ast-featured-img":"","footer-sml-layout":"","ast-disable-related-posts":"","theme-transparent-header-meta":"","adv-header-id-meta":"","stick-header-meta":"","header-above-stick-meta":"","header-main-stick-meta":"","header-below-stick-meta":"","astra-migrate-meta-layouts":"default","ast-page-background-enabled":"default","ast-page-background-meta":{"desktop":{"background-color":"var(--ast-global-color-5)","background-image":"","background-repeat":"repeat","background-position":"center center","background-size":"auto","background-attachment":"scroll","background-type":"","background-media":"","overlay-type":"","overlay-color":"","overlay-opacity":"","overlay-gradient":""},"tablet":{"background-color":"","background-image":"","background-repeat":"repeat","background-position":"center center","background-size":"auto","background-attachment":"scroll","background-type":"","background-media":"","overlay-type":"","overlay-color":"","overlay-opacity":"","overlay-gradient":""},"mobile":{"background-color":"","background-image":"","background-repeat":"repeat","background-position":"center center","background-size":"auto","background-attachment":"scroll","background-type":"","background-media":"","overlay-type":"","overlay-color":"","overlay-opacity":"","overlay-gradient":""}},"ast-content-background-meta":{"desktop":{"background-color":"var(--ast-global-color-4)","background-image":"","background-repeat":"repeat","background-position":"center center","background-size":"auto","background-attachment":"scroll","background-type":"","background-media":"","overlay-type":"","overlay-color":"","overlay-opacity":"","overlay-gradient":""},"tablet":{"background-color":"var(--ast-global-color-4)","background-image":"","background-repeat":"repeat","background-position":"center center","background-size":"auto","background-attachment":"scroll","background-type":"","background-media":"","overlay-type":"","overlay-color":"","overlay-opacity":"","overlay-gradient":""},"mobile":{"background-color":"var(--ast-global-color-4)","background-image":"","background-repeat":"repeat","background-position":"center center","background-size":"auto","background-attachment":"scroll","background-type":"","background-media":"","overlay-type":"","overlay-color":"","overlay-opacity":"","overlay-gradient":""}},"footnotes":""},"categories":[11,16,1,10],"tags":[],"class_list":["post-62977","post","type-post","status-publish","format-standard","has-post-thumbnail","hentry","category-boletin","category-municipales","category-noticias","category-rotador"],"yoast_head":"<!-- This site is optimized with the Yoast SEO Premium plugin v23.0 (Yoast SEO v27.5) - https:\/\/yoast.com\/product\/yoast-seo-premium-wordpress\/ -->\n<title>Propone plantar \u00e1rbol por cada nacimiento en General Pico<\/title>\n<meta name=\"robots\" content=\"index, follow, max-snippet:-1, max-image-preview:large, max-video-preview:-1\" \/>\n<link rel=\"canonical\" href=\"https:\/\/patagoniambiental.com.ar\/info\/propone-plantar-arbol-por-cada-nacimiento\/\" \/>\n<meta property=\"og:locale\" content=\"es_ES\" \/>\n<meta property=\"og:type\" content=\"article\" \/>\n<meta property=\"og:title\" content=\"Propone plantar \u00e1rbol por cada nacimiento en General Pico\" \/>\n<meta property=\"og:description\" content=\"General Pico.-COPPO PRESENTO PROYECTO DE ORDENANZA\" \/>\n<meta property=\"og:url\" content=\"https:\/\/patagoniambiental.com.ar\/info\/propone-plantar-arbol-por-cada-nacimiento\/\" \/>\n<meta property=\"og:site_name\" content=\"Patagonia Ambiental\" \/>\n<meta property=\"article:publisher\" content=\"https:\/\/www.facebook.com\/patagonia.ambiental\" \/>\n<meta property=\"article:author\" content=\"https:\/\/www.facebook.com\/share\/1C1V8Gv9BX\/?mibextid=qi2Omg\" \/>\n<meta property=\"article:published_time\" content=\"2019-09-03T10:00:07+00:00\" \/>\n<meta property=\"og:image\" content=\"https:\/\/patagoniambiental.com.ar\/info\/wp-content\/uploads\/2018\/10\/pico-monumento-san-martin.jpg\" \/>\n\t<meta property=\"og:image:width\" content=\"480\" \/>\n\t<meta property=\"og:image:height\" content=\"326\" \/>\n\t<meta property=\"og:image:type\" content=\"image\/jpeg\" \/>\n<meta name=\"author\" content=\"Patagonia Ambiental\" \/>\n<meta name=\"twitter:card\" content=\"summary_large_image\" \/>\n<meta name=\"twitter:creator\" content=\"@PatAmb\" \/>\n<meta name=\"twitter:site\" content=\"@PatAmb\" \/>\n<script type=\"application\/ld+json\" class=\"yoast-schema-graph\">{\"@context\":\"https:\\\/\\\/schema.org\",\"@graph\":[{\"@type\":\"Article\",\"@id\":\"https:\\\/\\\/patagoniambiental.com.ar\\\/info\\\/propone-plantar-arbol-por-cada-nacimiento\\\/#article\",\"isPartOf\":{\"@id\":\"https:\\\/\\\/patagoniambiental.com.ar\\\/info\\\/propone-plantar-arbol-por-cada-nacimiento\\\/\"},\"author\":{\"name\":\"Patagonia Ambiental\",\"@id\":\"https:\\\/\\\/patagoniambiental.com.ar\\\/info\\\/#\\\/schema\\\/person\\\/db12bff64bbcbf6a253710bf0ea37b5d\"},\"headline\":\"Propone plantar \u00e1rbol por cada nacimiento en General Pico\",\"datePublished\":\"2019-09-03T10:00:07+00:00\",\"mainEntityOfPage\":{\"@id\":\"https:\\\/\\\/patagoniambiental.com.ar\\\/info\\\/propone-plantar-arbol-por-cada-nacimiento\\\/\"},\"wordCount\":476,\"commentCount\":0,\"publisher\":{\"@id\":\"https:\\\/\\\/patagoniambiental.com.ar\\\/info\\\/#organization\"},\"image\":{\"@id\":\"https:\\\/\\\/patagoniambiental.com.ar\\\/info\\\/propone-plantar-arbol-por-cada-nacimiento\\\/#primaryimage\"},\"thumbnailUrl\":\"https:\\\/\\\/patagoniambiental.com.ar\\\/info\\\/wp-content\\\/uploads\\\/2018\\\/10\\\/pico-monumento-san-martin.jpg\",\"articleSection\":[\"Bolet\u00edn\",\"Municipales\",\"Noticias\",\"Rotador\"],\"inLanguage\":\"es\",\"potentialAction\":[{\"@type\":\"CommentAction\",\"name\":\"Comment\",\"target\":[\"https:\\\/\\\/patagoniambiental.com.ar\\\/info\\\/propone-plantar-arbol-por-cada-nacimiento\\\/#respond\"]}]},{\"@type\":\"WebPage\",\"@id\":\"https:\\\/\\\/patagoniambiental.com.ar\\\/info\\\/propone-plantar-arbol-por-cada-nacimiento\\\/\",\"url\":\"https:\\\/\\\/patagoniambiental.com.ar\\\/info\\\/propone-plantar-arbol-por-cada-nacimiento\\\/\",\"name\":\"Propone plantar \u00e1rbol por cada nacimiento en General Pico\",\"isPartOf\":{\"@id\":\"https:\\\/\\\/patagoniambiental.com.ar\\\/info\\\/#website\"},\"primaryImageOfPage\":{\"@id\":\"https:\\\/\\\/patagoniambiental.com.ar\\\/info\\\/propone-plantar-arbol-por-cada-nacimiento\\\/#primaryimage\"},\"image\":{\"@id\":\"https:\\\/\\\/patagoniambiental.com.ar\\\/info\\\/propone-plantar-arbol-por-cada-nacimiento\\\/#primaryimage\"},\"thumbnailUrl\":\"https:\\\/\\\/patagoniambiental.com.ar\\\/info\\\/wp-content\\\/uploads\\\/2018\\\/10\\\/pico-monumento-san-martin.jpg\",\"datePublished\":\"2019-09-03T10:00:07+00:00\",\"breadcrumb\":{\"@id\":\"https:\\\/\\\/patagoniambiental.com.ar\\\/info\\\/propone-plantar-arbol-por-cada-nacimiento\\\/#breadcrumb\"},\"inLanguage\":\"es\",\"potentialAction\":[{\"@type\":\"ReadAction\",\"target\":[\"https:\\\/\\\/patagoniambiental.com.ar\\\/info\\\/propone-plantar-arbol-por-cada-nacimiento\\\/\"]}]},{\"@type\":\"ImageObject\",\"inLanguage\":\"es\",\"@id\":\"https:\\\/\\\/patagoniambiental.com.ar\\\/info\\\/propone-plantar-arbol-por-cada-nacimiento\\\/#primaryimage\",\"url\":\"https:\\\/\\\/patagoniambiental.com.ar\\\/info\\\/wp-content\\\/uploads\\\/2018\\\/10\\\/pico-monumento-san-martin.jpg\",\"contentUrl\":\"https:\\\/\\\/patagoniambiental.com.ar\\\/info\\\/wp-content\\\/uploads\\\/2018\\\/10\\\/pico-monumento-san-martin.jpg\",\"width\":480,\"height\":326,\"caption\":\"https:\\\/\\\/www.region.com.ar\\\/productos\\\/semanario\\\/archivo\\\/923-noticias-la-pampa\\\/104-aniversario-de-general-pico923.html\"},{\"@type\":\"BreadcrumbList\",\"@id\":\"https:\\\/\\\/patagoniambiental.com.ar\\\/info\\\/propone-plantar-arbol-por-cada-nacimiento\\\/#breadcrumb\",\"itemListElement\":[{\"@type\":\"ListItem\",\"position\":1,\"name\":\"Inicio\",\"item\":\"https:\\\/\\\/patagoniambiental.com.ar\\\/info\\\/\"},{\"@type\":\"ListItem\",\"position\":2,\"name\":\"Propone plantar \u00e1rbol por cada nacimiento en General Pico\"}]},{\"@type\":\"WebSite\",\"@id\":\"https:\\\/\\\/patagoniambiental.com.ar\\\/info\\\/#website\",\"url\":\"https:\\\/\\\/patagoniambiental.com.ar\\\/info\\\/\",\"name\":\"Patagonia Ambiental\",\"description\":\"Monitoreo y an\u00e1lisis de la situaci\u00f3n geopol\u00edtica en el mundo y su implicancia en la Patagonia\",\"publisher\":{\"@id\":\"https:\\\/\\\/patagoniambiental.com.ar\\\/info\\\/#organization\"},\"potentialAction\":[{\"@type\":\"SearchAction\",\"target\":{\"@type\":\"EntryPoint\",\"urlTemplate\":\"https:\\\/\\\/patagoniambiental.com.ar\\\/info\\\/?s={search_term_string}\"},\"query-input\":{\"@type\":\"PropertyValueSpecification\",\"valueRequired\":true,\"valueName\":\"search_term_string\"}}],\"inLanguage\":\"es\"},{\"@type\":\"Organization\",\"@id\":\"https:\\\/\\\/patagoniambiental.com.ar\\\/info\\\/#organization\",\"name\":\"Patagonia Ambiental\",\"url\":\"https:\\\/\\\/patagoniambiental.com.ar\\\/info\\\/\",\"logo\":{\"@type\":\"ImageObject\",\"inLanguage\":\"es\",\"@id\":\"https:\\\/\\\/patagoniambiental.com.ar\\\/info\\\/#\\\/schema\\\/logo\\\/image\\\/\",\"url\":\"https:\\\/\\\/patagoniambiental.com.ar\\\/info\\\/wp-content\\\/uploads\\\/2025\\\/05\\\/LOGO-PATAGONIA-AMBIENTAL.png\",\"contentUrl\":\"https:\\\/\\\/patagoniambiental.com.ar\\\/info\\\/wp-content\\\/uploads\\\/2025\\\/05\\\/LOGO-PATAGONIA-AMBIENTAL.png\",\"width\":433,\"height\":250,\"caption\":\"Patagonia Ambiental\"},\"image\":{\"@id\":\"https:\\\/\\\/patagoniambiental.com.ar\\\/info\\\/#\\\/schema\\\/logo\\\/image\\\/\"},\"sameAs\":[\"https:\\\/\\\/www.facebook.com\\\/patagonia.ambiental\",\"https:\\\/\\\/x.com\\\/PatAmb\"]},{\"@type\":\"Person\",\"@id\":\"https:\\\/\\\/patagoniambiental.com.ar\\\/info\\\/#\\\/schema\\\/person\\\/db12bff64bbcbf6a253710bf0ea37b5d\",\"name\":\"Patagonia Ambiental\",\"description\":\"Andr\u00e9s Nievas T\u00e9cnico en manejo ambiental, consultor Ambiental y escritor para medios locales e internacionales sobre temas de geopolitica y medio ambiente.\",\"sameAs\":[\"http:\\\/\\\/www.patagoniambiental.com.ar\",\"https:\\\/\\\/www.facebook.com\\\/share\\\/1C1V8Gv9BX\\\/?mibextid=qi2Omg\",\"@patagoniambiental\",\"https:\\\/\\\/youtube.com\\\/@patagoniaambiental2023?si=BLt58t0wuXquxlYZ\"]}]}<\/script>\n<!-- \/ Yoast SEO Premium plugin. -->","yoast_head_json":{"title":"Propone plantar \u00e1rbol por cada nacimiento en General Pico","robots":{"index":"index","follow":"follow","max-snippet":"max-snippet:-1","max-image-preview":"max-image-preview:large","max-video-preview":"max-video-preview:-1"},"canonical":"https:\/\/patagoniambiental.com.ar\/info\/propone-plantar-arbol-por-cada-nacimiento\/","og_locale":"es_ES","og_type":"article","og_title":"Propone plantar \u00e1rbol por cada nacimiento en General Pico","og_description":"General Pico.-COPPO PRESENTO PROYECTO DE ORDENANZA","og_url":"https:\/\/patagoniambiental.com.ar\/info\/propone-plantar-arbol-por-cada-nacimiento\/","og_site_name":"Patagonia Ambiental","article_publisher":"https:\/\/www.facebook.com\/patagonia.ambiental","article_author":"https:\/\/www.facebook.com\/share\/1C1V8Gv9BX\/?mibextid=qi2Omg","article_published_time":"2019-09-03T10:00:07+00:00","og_image":[{"width":480,"height":326,"url":"https:\/\/patagoniambiental.com.ar\/info\/wp-content\/uploads\/2018\/10\/pico-monumento-san-martin.jpg","type":"image\/jpeg"}],"author":"Patagonia Ambiental","twitter_card":"summary_large_image","twitter_creator":"@PatAmb","twitter_site":"@PatAmb","schema":{"@context":"https:\/\/schema.org","@graph":[{"@type":"Article","@id":"https:\/\/patagoniambiental.com.ar\/info\/propone-plantar-arbol-por-cada-nacimiento\/#article","isPartOf":{"@id":"https:\/\/patagoniambiental.com.ar\/info\/propone-plantar-arbol-por-cada-nacimiento\/"},"author":{"name":"Patagonia Ambiental","@id":"https:\/\/patagoniambiental.com.ar\/info\/#\/schema\/person\/db12bff64bbcbf6a253710bf0ea37b5d"},"headline":"Propone plantar \u00e1rbol por cada nacimiento en General Pico","datePublished":"2019-09-03T10:00:07+00:00","mainEntityOfPage":{"@id":"https:\/\/patagoniambiental.com.ar\/info\/propone-plantar-arbol-por-cada-nacimiento\/"},"wordCount":476,"commentCount":0,"publisher":{"@id":"https:\/\/patagoniambiental.com.ar\/info\/#organization"},"image":{"@id":"https:\/\/patagoniambiental.com.ar\/info\/propone-plantar-arbol-por-cada-nacimiento\/#primaryimage"},"thumbnailUrl":"https:\/\/patagoniambiental.com.ar\/info\/wp-content\/uploads\/2018\/10\/pico-monumento-san-martin.jpg","articleSection":["Bolet\u00edn","Municipales","Noticias","Rotador"],"inLanguage":"es","potentialAction":[{"@type":"CommentAction","name":"Comment","target":["https:\/\/patagoniambiental.com.ar\/info\/propone-plantar-arbol-por-cada-nacimiento\/#respond"]}]},{"@type":"WebPage","@id":"https:\/\/patagoniambiental.com.ar\/info\/propone-plantar-arbol-por-cada-nacimiento\/","url":"https:\/\/patagoniambiental.com.ar\/info\/propone-plantar-arbol-por-cada-nacimiento\/","name":"Propone plantar \u00e1rbol por cada nacimiento en General Pico","isPartOf":{"@id":"https:\/\/patagoniambiental.com.ar\/info\/#website"},"primaryImageOfPage":{"@id":"https:\/\/patagoniambiental.com.ar\/info\/propone-plantar-arbol-por-cada-nacimiento\/#primaryimage"},"image":{"@id":"https:\/\/patagoniambiental.com.ar\/info\/propone-plantar-arbol-por-cada-nacimiento\/#primaryimage"},"thumbnailUrl":"https:\/\/patagoniambiental.com.ar\/info\/wp-content\/uploads\/2018\/10\/pico-monumento-san-martin.jpg","datePublished":"2019-09-03T10:00:07+00:00","breadcrumb":{"@id":"https:\/\/patagoniambiental.com.ar\/info\/propone-plantar-arbol-por-cada-nacimiento\/#breadcrumb"},"inLanguage":"es","potentialAction":[{"@type":"ReadAction","target":["https:\/\/patagoniambiental.com.ar\/info\/propone-plantar-arbol-por-cada-nacimiento\/"]}]},{"@type":"ImageObject","inLanguage":"es","@id":"https:\/\/patagoniambiental.com.ar\/info\/propone-plantar-arbol-por-cada-nacimiento\/#primaryimage","url":"https:\/\/patagoniambiental.com.ar\/info\/wp-content\/uploads\/2018\/10\/pico-monumento-san-martin.jpg","contentUrl":"https:\/\/patagoniambiental.com.ar\/info\/wp-content\/uploads\/2018\/10\/pico-monumento-san-martin.jpg","width":480,"height":326,"caption":"https:\/\/www.region.com.ar\/productos\/semanario\/archivo\/923-noticias-la-pampa\/104-aniversario-de-general-pico923.html"},{"@type":"BreadcrumbList","@id":"https:\/\/patagoniambiental.com.ar\/info\/propone-plantar-arbol-por-cada-nacimiento\/#breadcrumb","itemListElement":[{"@type":"ListItem","position":1,"name":"Inicio","item":"https:\/\/patagoniambiental.com.ar\/info\/"},{"@type":"ListItem","position":2,"name":"Propone plantar \u00e1rbol por cada nacimiento en General Pico"}]},{"@type":"WebSite","@id":"https:\/\/patagoniambiental.com.ar\/info\/#website","url":"https:\/\/patagoniambiental.com.ar\/info\/","name":"Patagonia Ambiental","description":"Monitoreo y an\u00e1lisis de la situaci\u00f3n geopol\u00edtica en el mundo y su implicancia en la Patagonia","publisher":{"@id":"https:\/\/patagoniambiental.com.ar\/info\/#organization"},"potentialAction":[{"@type":"SearchAction","target":{"@type":"EntryPoint","urlTemplate":"https:\/\/patagoniambiental.com.ar\/info\/?s={search_term_string}"},"query-input":{"@type":"PropertyValueSpecification","valueRequired":true,"valueName":"search_term_string"}}],"inLanguage":"es"},{"@type":"Organization","@id":"https:\/\/patagoniambiental.com.ar\/info\/#organization","name":"Patagonia Ambiental","url":"https:\/\/patagoniambiental.com.ar\/info\/","logo":{"@type":"ImageObject","inLanguage":"es","@id":"https:\/\/patagoniambiental.com.ar\/info\/#\/schema\/logo\/image\/","url":"https:\/\/patagoniambiental.com.ar\/info\/wp-content\/uploads\/2025\/05\/LOGO-PATAGONIA-AMBIENTAL.png","contentUrl":"https:\/\/patagoniambiental.com.ar\/info\/wp-content\/uploads\/2025\/05\/LOGO-PATAGONIA-AMBIENTAL.png","width":433,"height":250,"caption":"Patagonia Ambiental"},"image":{"@id":"https:\/\/patagoniambiental.com.ar\/info\/#\/schema\/logo\/image\/"},"sameAs":["https:\/\/www.facebook.com\/patagonia.ambiental","https:\/\/x.com\/PatAmb"]},{"@type":"Person","@id":"https:\/\/patagoniambiental.com.ar\/info\/#\/schema\/person\/db12bff64bbcbf6a253710bf0ea37b5d","name":"Patagonia Ambiental","description":"Andr\u00e9s Nievas T\u00e9cnico en manejo ambiental, consultor Ambiental y escritor para medios locales e internacionales sobre temas de geopolitica y medio ambiente.","sameAs":["http:\/\/www.patagoniambiental.com.ar","https:\/\/www.facebook.com\/share\/1C1V8Gv9BX\/?mibextid=qi2Omg","@patagoniambiental","https:\/\/youtube.com\/@patagoniaambiental2023?si=BLt58t0wuXquxlYZ"]}]}},"_links":{"self":[{"href":"https:\/\/patagoniambiental.com.ar\/info\/wp-json\/wp\/v2\/posts\/62977","targetHints":{"allow":["GET"]}}],"collection":[{"href":"https:\/\/patagoniambiental.com.ar\/info\/wp-json\/wp\/v2\/posts"}],"about":[{"href":"https:\/\/patagoniambiental.com.ar\/info\/wp-json\/wp\/v2\/types\/post"}],"author":[{"embeddable":true,"href":"https:\/\/patagoniambiental.com.ar\/info\/wp-json\/wp\/v2\/users\/2"}],"replies":[{"embeddable":true,"href":"https:\/\/patagoniambiental.com.ar\/info\/wp-json\/wp\/v2\/comments?post=62977"}],"version-history":[{"count":0,"href":"https:\/\/patagoniambiental.com.ar\/info\/wp-json\/wp\/v2\/posts\/62977\/revisions"}],"wp:featuredmedia":[{"embeddable":true,"href":"https:\/\/patagoniambiental.com.ar\/info\/wp-json\/wp\/v2\/media\/54814"}],"wp:attachment":[{"href":"https:\/\/patagoniambiental.com.ar\/info\/wp-json\/wp\/v2\/media?parent=62977"}],"wp:term":[{"taxonomy":"category","embeddable":true,"href":"https:\/\/patagoniambiental.com.ar\/info\/wp-json\/wp\/v2\/categories?post=62977"},{"taxonomy":"post_tag","embeddable":true,"href":"https:\/\/patagoniambiental.com.ar\/info\/wp-json\/wp\/v2\/tags?post=62977"}],"curies":[{"name":"wp","href":"https:\/\/api.w.org\/{rel}","templated":true}]}}