{"id":63196,"date":"2019-09-18T07:00:49","date_gmt":"2019-09-18T10:00:49","guid":{"rendered":"http:\/\/patagoniambiental.com.ar\/info\/?p=63196"},"modified":"2019-09-18T13:25:39","modified_gmt":"2019-09-18T16:25:39","slug":"rio-negro-trabaja-en-la-red-federal-de-asistencia-a-varamientos-de-fauna-marina","status":"publish","type":"post","link":"https:\/\/patagoniambiental.com.ar\/info\/rio-negro-trabaja-en-la-red-federal-de-asistencia-a-varamientos-de-fauna-marina\/","title":{"rendered":"R\u00edo Negro trabaja en la Red Federal de asistencia a varamientos de fauna marina"},"content":{"rendered":"<div class=\"col-md-8 col-xs-12\">\n<div class=\"profile-descr\">\n<div class=\"profile-title\">\n<h2 class=\"capitalize\"><span style=\"font-size: 16px;\">Viedma.-Con el fin de lograr la conformaci\u00f3n de una red consolidada de organizaciones de investigaci\u00f3n, se realiz\u00f3 el primer encuentro del nodo R\u00edo Negro de Varamientos de Fauna Marina.<\/span><\/h2>\n<\/div>\n<\/div>\n<\/div>\n<p><!--more--><\/p>\n<div class=\"col-md-8 col-xs-12\">\n<div class=\"profile-descr\">\n<div class=\"col-md-12\"><\/div>\n<div class=\"col-md-8 col-xs-12\"><img decoding=\"async\" class=\"custom-frame\" tabindex=\"-1\" src=\"https:\/\/rionegro.gov.ar\/download\/images\/00044742.jpg\" alt=\"R\u00edo Negro trabaja en la Red Federal de asistencia a varamientos de fauna marina\" aria-hidden=\"true\" \/><\/div>\n<div class=\"profile-details mt40\">\n<h2><\/h2>\n<p>Estas organizaciones trabajar\u00e1n en el intercambio y an\u00e1lisis de aspectos cient\u00edficos de la biodiversidad marina y sus\u00a0 amenazas.<br \/>\nFue en el marco de la \u00abRed Federal de Asistencia a varamientos de Fauna Marina (RFAVFM) y forma parte de la estrategia nacional \u201cProteger la Biodiversidad Marina: Enfoque Ecosist\u00e9mico de la Pesca y \u00c1reas Protegidas: Fortalecimiento de la Gesti\u00f3n de las \u00c1reas Marinas Protegidas\u201d.<\/p>\n<p>El encuentro, del que participaron agentes de la Secretar\u00eda de Ambiente y Desarrollo Sustentable, estuvo encabezado por la Dra. Silvana Montanelli, consultora de la Organizaci\u00f3n de las Naciones Unidas para la Alimentaci\u00f3n y la Agricultura (FAO).<\/p>\n<p>El objetivo fue lograr la conformaci\u00f3n de una red consolidada de organizaciones de investigaci\u00f3n, agencias gubernamentales y Organizaciones de la Sociedad Civil (OSC) con capacidades mejoradas y trabajando en forma conjunta, en el intercambio y an\u00e1lisis de aspectos cient\u00edficos de la biodiversidad marina, las amenazas a la conservaci\u00f3n y mejores pr\u00e1cticas de manejo para mejorar la eficacia de la gesti\u00f3n.<\/p>\n<p>Montanelli comparti\u00f3 su experiencia sobre la Red de Varamientos de Chubut, la cual funciona desde el a\u00f1o 2014 e identific\u00f3 las herramientas para replicar esta Red en la Provincia.<\/p>\n<p>Por su parte, el coordinador de la Direcci\u00f3n de Fauna Silvestre de R\u00edo Negro, Federico Hollmann, manifest\u00f3 su agradecimiento a todos los participantes, cient\u00edficos, representantes de Prefectura, Bomberos, Polic\u00eda y Municipios y resalt\u00f3 que \u00e9sta es la primera de muchas reuniones que en principio se desarrollar\u00e1n en los diferentes subnodos provinciales, para luego poder concluir con la redacci\u00f3n de un documento \u00fanico que coordine y planifique las actuaciones ante las diversas situaciones que se puedan generar con ejemplares de la fauna marina, en las costas rionegrinas.<\/p>\n<p>De la reuni\u00f3n particip\u00f3 tambi\u00e9n el licenciado Santiago D\u00b4alessio, quien trabaja en la Secretar\u00eda de Ambiente y Desarrollo Sustentable de Naci\u00f3n y participa en la Asistencia de Fauna Marina. Durante su charla aconsej\u00f3 la utilizaci\u00f3n de la estructura recomendada para la red y los contenidos m\u00ednimos a tener en cuenta.<\/p>\n<p>El encuentro se llev\u00f3 a cabo por videoconferencia desde la sede Atl\u00e1ntica de la Universidad de R\u00edo Negro en conjunto con la Universidad del Comahue desde San Antonio, donde se encontraban los interesados para un posible subnodo en su localidad.<\/p>\n<\/div>\n<div class=\"post-share-area item-shadow-1\">\n<p>Fuente: Gobierno de Rio Negro<\/p>\n<\/div>\n<\/div>\n<\/div>\n","protected":false},"excerpt":{"rendered":"<p>Viedma.-Con el fin de lograr la conformaci\u00f3n de una red consolidada de organizaciones de investigaci\u00f3n, se realiz\u00f3 el primer encuentro [&hellip;]<\/p>\n","protected":false},"author":2,"featured_media":63197,"comment_status":"open","ping_status":"open","sticky":false,"template":"","format":"standard","meta":{"site-sidebar-layout":"default","site-content-layout":"","ast-site-content-layout":"default","site-content-style":"default","site-sidebar-style":"default","ast-global-header-display":"","ast-banner-title-visibility":"","ast-main-header-display":"","ast-hfb-above-header-display":"","ast-hfb-below-header-display":"","ast-hfb-mobile-header-display":"","site-post-title":"","ast-breadcrumbs-content":"","ast-featured-img":"","footer-sml-layout":"","ast-disable-related-posts":"","theme-transparent-header-meta":"","adv-header-id-meta":"","stick-header-meta":"","header-above-stick-meta":"","header-main-stick-meta":"","header-below-stick-meta":"","astra-migrate-meta-layouts":"default","ast-page-background-enabled":"default","ast-page-background-meta":{"desktop":{"background-color":"var(--ast-global-color-5)","background-image":"","background-repeat":"repeat","background-position":"center center","background-size":"auto","background-attachment":"scroll","background-type":"","background-media":"","overlay-type":"","overlay-color":"","overlay-opacity":"","overlay-gradient":""},"tablet":{"background-color":"","background-image":"","background-repeat":"repeat","background-position":"center center","background-size":"auto","background-attachment":"scroll","background-type":"","background-media":"","overlay-type":"","overlay-color":"","overlay-opacity":"","overlay-gradient":""},"mobile":{"background-color":"","background-image":"","background-repeat":"repeat","background-position":"center center","background-size":"auto","background-attachment":"scroll","background-type":"","background-media":"","overlay-type":"","overlay-color":"","overlay-opacity":"","overlay-gradient":""}},"ast-content-background-meta":{"desktop":{"background-color":"var(--ast-global-color-4)","background-image":"","background-repeat":"repeat","background-position":"center center","background-size":"auto","background-attachment":"scroll","background-type":"","background-media":"","overlay-type":"","overlay-color":"","overlay-opacity":"","overlay-gradient":""},"tablet":{"background-color":"var(--ast-global-color-4)","background-image":"","background-repeat":"repeat","background-position":"center center","background-size":"auto","background-attachment":"scroll","background-type":"","background-media":"","overlay-type":"","overlay-color":"","overlay-opacity":"","overlay-gradient":""},"mobile":{"background-color":"var(--ast-global-color-4)","background-image":"","background-repeat":"repeat","background-position":"center center","background-size":"auto","background-attachment":"scroll","background-type":"","background-media":"","overlay-type":"","overlay-color":"","overlay-opacity":"","overlay-gradient":""}},"footnotes":""},"categories":[1,13,14],"tags":[],"class_list":["post-63196","post","type-post","status-publish","format-standard","has-post-thumbnail","hentry","category-noticias","category-provinciales","category-rio-negro"],"yoast_head":"<!-- This site is optimized with the Yoast SEO Premium plugin v23.0 (Yoast SEO v27.5) - https:\/\/yoast.com\/product\/yoast-seo-premium-wordpress\/ -->\n<title>R\u00edo Negro trabaja en la Red Federal de asistencia a varamientos de fauna marina<\/title>\n<meta name=\"robots\" content=\"index, follow, max-snippet:-1, max-image-preview:large, max-video-preview:-1\" \/>\n<link rel=\"canonical\" href=\"https:\/\/patagoniambiental.com.ar\/info\/rio-negro-trabaja-en-la-red-federal-de-asistencia-a-varamientos-de-fauna-marina\/\" \/>\n<meta property=\"og:locale\" content=\"es_ES\" \/>\n<meta property=\"og:type\" content=\"article\" \/>\n<meta property=\"og:title\" content=\"R\u00edo Negro trabaja en la Red Federal de asistencia a varamientos de fauna marina\" \/>\n<meta property=\"og:description\" content=\"Viedma.-Con el fin de lograr la conformaci\u00f3n de una red consolidada de organizaciones de investigaci\u00f3n, se realiz\u00f3 el primer encuentro [&hellip;]\" \/>\n<meta property=\"og:url\" content=\"https:\/\/patagoniambiental.com.ar\/info\/rio-negro-trabaja-en-la-red-federal-de-asistencia-a-varamientos-de-fauna-marina\/\" \/>\n<meta property=\"og:site_name\" content=\"Patagonia Ambiental\" \/>\n<meta property=\"article:publisher\" content=\"https:\/\/www.facebook.com\/patagonia.ambiental\" \/>\n<meta property=\"article:author\" content=\"https:\/\/www.facebook.com\/share\/1C1V8Gv9BX\/?mibextid=qi2Omg\" \/>\n<meta property=\"article:published_time\" content=\"2019-09-18T10:00:49+00:00\" \/>\n<meta property=\"article:modified_time\" content=\"2019-09-18T16:25:39+00:00\" \/>\n<meta property=\"og:image\" content=\"https:\/\/patagoniambiental.com.ar\/info\/wp-content\/uploads\/2019\/09\/00044742.jpg\" \/>\n\t<meta property=\"og:image:width\" content=\"924\" \/>\n\t<meta property=\"og:image:height\" content=\"456\" \/>\n\t<meta property=\"og:image:type\" content=\"image\/jpeg\" \/>\n<meta name=\"author\" content=\"Patagonia Ambiental\" \/>\n<meta name=\"twitter:card\" content=\"summary_large_image\" \/>\n<meta name=\"twitter:creator\" content=\"@PatAmb\" \/>\n<meta name=\"twitter:site\" content=\"@PatAmb\" \/>\n<script type=\"application\/ld+json\" class=\"yoast-schema-graph\">{\"@context\":\"https:\\\/\\\/schema.org\",\"@graph\":[{\"@type\":\"Article\",\"@id\":\"https:\\\/\\\/patagoniambiental.com.ar\\\/info\\\/rio-negro-trabaja-en-la-red-federal-de-asistencia-a-varamientos-de-fauna-marina\\\/#article\",\"isPartOf\":{\"@id\":\"https:\\\/\\\/patagoniambiental.com.ar\\\/info\\\/rio-negro-trabaja-en-la-red-federal-de-asistencia-a-varamientos-de-fauna-marina\\\/\"},\"author\":{\"name\":\"Patagonia Ambiental\",\"@id\":\"https:\\\/\\\/patagoniambiental.com.ar\\\/info\\\/#\\\/schema\\\/person\\\/db12bff64bbcbf6a253710bf0ea37b5d\"},\"headline\":\"R\u00edo Negro trabaja en la Red Federal de asistencia a varamientos de fauna marina\",\"datePublished\":\"2019-09-18T10:00:49+00:00\",\"dateModified\":\"2019-09-18T16:25:39+00:00\",\"mainEntityOfPage\":{\"@id\":\"https:\\\/\\\/patagoniambiental.com.ar\\\/info\\\/rio-negro-trabaja-en-la-red-federal-de-asistencia-a-varamientos-de-fauna-marina\\\/\"},\"wordCount\":446,\"commentCount\":0,\"publisher\":{\"@id\":\"https:\\\/\\\/patagoniambiental.com.ar\\\/info\\\/#organization\"},\"image\":{\"@id\":\"https:\\\/\\\/patagoniambiental.com.ar\\\/info\\\/rio-negro-trabaja-en-la-red-federal-de-asistencia-a-varamientos-de-fauna-marina\\\/#primaryimage\"},\"thumbnailUrl\":\"https:\\\/\\\/patagoniambiental.com.ar\\\/info\\\/wp-content\\\/uploads\\\/2019\\\/09\\\/00044742.jpg\",\"articleSection\":[\"Noticias\",\"Provinciales\",\"R\u00edo Negro\"],\"inLanguage\":\"es\",\"potentialAction\":[{\"@type\":\"CommentAction\",\"name\":\"Comment\",\"target\":[\"https:\\\/\\\/patagoniambiental.com.ar\\\/info\\\/rio-negro-trabaja-en-la-red-federal-de-asistencia-a-varamientos-de-fauna-marina\\\/#respond\"]}]},{\"@type\":\"WebPage\",\"@id\":\"https:\\\/\\\/patagoniambiental.com.ar\\\/info\\\/rio-negro-trabaja-en-la-red-federal-de-asistencia-a-varamientos-de-fauna-marina\\\/\",\"url\":\"https:\\\/\\\/patagoniambiental.com.ar\\\/info\\\/rio-negro-trabaja-en-la-red-federal-de-asistencia-a-varamientos-de-fauna-marina\\\/\",\"name\":\"R\u00edo Negro trabaja en la Red Federal de asistencia a varamientos de fauna marina\",\"isPartOf\":{\"@id\":\"https:\\\/\\\/patagoniambiental.com.ar\\\/info\\\/#website\"},\"primaryImageOfPage\":{\"@id\":\"https:\\\/\\\/patagoniambiental.com.ar\\\/info\\\/rio-negro-trabaja-en-la-red-federal-de-asistencia-a-varamientos-de-fauna-marina\\\/#primaryimage\"},\"image\":{\"@id\":\"https:\\\/\\\/patagoniambiental.com.ar\\\/info\\\/rio-negro-trabaja-en-la-red-federal-de-asistencia-a-varamientos-de-fauna-marina\\\/#primaryimage\"},\"thumbnailUrl\":\"https:\\\/\\\/patagoniambiental.com.ar\\\/info\\\/wp-content\\\/uploads\\\/2019\\\/09\\\/00044742.jpg\",\"datePublished\":\"2019-09-18T10:00:49+00:00\",\"dateModified\":\"2019-09-18T16:25:39+00:00\",\"breadcrumb\":{\"@id\":\"https:\\\/\\\/patagoniambiental.com.ar\\\/info\\\/rio-negro-trabaja-en-la-red-federal-de-asistencia-a-varamientos-de-fauna-marina\\\/#breadcrumb\"},\"inLanguage\":\"es\",\"potentialAction\":[{\"@type\":\"ReadAction\",\"target\":[\"https:\\\/\\\/patagoniambiental.com.ar\\\/info\\\/rio-negro-trabaja-en-la-red-federal-de-asistencia-a-varamientos-de-fauna-marina\\\/\"]}]},{\"@type\":\"ImageObject\",\"inLanguage\":\"es\",\"@id\":\"https:\\\/\\\/patagoniambiental.com.ar\\\/info\\\/rio-negro-trabaja-en-la-red-federal-de-asistencia-a-varamientos-de-fauna-marina\\\/#primaryimage\",\"url\":\"https:\\\/\\\/patagoniambiental.com.ar\\\/info\\\/wp-content\\\/uploads\\\/2019\\\/09\\\/00044742.jpg\",\"contentUrl\":\"https:\\\/\\\/patagoniambiental.com.ar\\\/info\\\/wp-content\\\/uploads\\\/2019\\\/09\\\/00044742.jpg\",\"width\":924,\"height\":456},{\"@type\":\"BreadcrumbList\",\"@id\":\"https:\\\/\\\/patagoniambiental.com.ar\\\/info\\\/rio-negro-trabaja-en-la-red-federal-de-asistencia-a-varamientos-de-fauna-marina\\\/#breadcrumb\",\"itemListElement\":[{\"@type\":\"ListItem\",\"position\":1,\"name\":\"Inicio\",\"item\":\"https:\\\/\\\/patagoniambiental.com.ar\\\/info\\\/\"},{\"@type\":\"ListItem\",\"position\":2,\"name\":\"R\u00edo Negro trabaja en la Red Federal de asistencia a varamientos de fauna marina\"}]},{\"@type\":\"WebSite\",\"@id\":\"https:\\\/\\\/patagoniambiental.com.ar\\\/info\\\/#website\",\"url\":\"https:\\\/\\\/patagoniambiental.com.ar\\\/info\\\/\",\"name\":\"Patagonia Ambiental\",\"description\":\"Monitoreo y an\u00e1lisis de la situaci\u00f3n geopol\u00edtica en el mundo y su implicancia en la Patagonia\",\"publisher\":{\"@id\":\"https:\\\/\\\/patagoniambiental.com.ar\\\/info\\\/#organization\"},\"potentialAction\":[{\"@type\":\"SearchAction\",\"target\":{\"@type\":\"EntryPoint\",\"urlTemplate\":\"https:\\\/\\\/patagoniambiental.com.ar\\\/info\\\/?s={search_term_string}\"},\"query-input\":{\"@type\":\"PropertyValueSpecification\",\"valueRequired\":true,\"valueName\":\"search_term_string\"}}],\"inLanguage\":\"es\"},{\"@type\":\"Organization\",\"@id\":\"https:\\\/\\\/patagoniambiental.com.ar\\\/info\\\/#organization\",\"name\":\"Patagonia Ambiental\",\"url\":\"https:\\\/\\\/patagoniambiental.com.ar\\\/info\\\/\",\"logo\":{\"@type\":\"ImageObject\",\"inLanguage\":\"es\",\"@id\":\"https:\\\/\\\/patagoniambiental.com.ar\\\/info\\\/#\\\/schema\\\/logo\\\/image\\\/\",\"url\":\"https:\\\/\\\/patagoniambiental.com.ar\\\/info\\\/wp-content\\\/uploads\\\/2025\\\/05\\\/LOGO-PATAGONIA-AMBIENTAL.png\",\"contentUrl\":\"https:\\\/\\\/patagoniambiental.com.ar\\\/info\\\/wp-content\\\/uploads\\\/2025\\\/05\\\/LOGO-PATAGONIA-AMBIENTAL.png\",\"width\":433,\"height\":250,\"caption\":\"Patagonia Ambiental\"},\"image\":{\"@id\":\"https:\\\/\\\/patagoniambiental.com.ar\\\/info\\\/#\\\/schema\\\/logo\\\/image\\\/\"},\"sameAs\":[\"https:\\\/\\\/www.facebook.com\\\/patagonia.ambiental\",\"https:\\\/\\\/x.com\\\/PatAmb\"]},{\"@type\":\"Person\",\"@id\":\"https:\\\/\\\/patagoniambiental.com.ar\\\/info\\\/#\\\/schema\\\/person\\\/db12bff64bbcbf6a253710bf0ea37b5d\",\"name\":\"Patagonia Ambiental\",\"description\":\"Andr\u00e9s Nievas T\u00e9cnico en manejo ambiental, consultor Ambiental y escritor para medios locales e internacionales sobre temas de geopolitica y medio ambiente.\",\"sameAs\":[\"http:\\\/\\\/www.patagoniambiental.com.ar\",\"https:\\\/\\\/www.facebook.com\\\/share\\\/1C1V8Gv9BX\\\/?mibextid=qi2Omg\",\"@patagoniambiental\",\"https:\\\/\\\/youtube.com\\\/@patagoniaambiental2023?si=BLt58t0wuXquxlYZ\"]}]}<\/script>\n<!-- \/ Yoast SEO Premium plugin. -->","yoast_head_json":{"title":"R\u00edo Negro trabaja en la Red Federal de asistencia a varamientos de fauna marina","robots":{"index":"index","follow":"follow","max-snippet":"max-snippet:-1","max-image-preview":"max-image-preview:large","max-video-preview":"max-video-preview:-1"},"canonical":"https:\/\/patagoniambiental.com.ar\/info\/rio-negro-trabaja-en-la-red-federal-de-asistencia-a-varamientos-de-fauna-marina\/","og_locale":"es_ES","og_type":"article","og_title":"R\u00edo Negro trabaja en la Red Federal de asistencia a varamientos de fauna marina","og_description":"Viedma.-Con el fin de lograr la conformaci\u00f3n de una red consolidada de organizaciones de investigaci\u00f3n, se realiz\u00f3 el primer encuentro [&hellip;]","og_url":"https:\/\/patagoniambiental.com.ar\/info\/rio-negro-trabaja-en-la-red-federal-de-asistencia-a-varamientos-de-fauna-marina\/","og_site_name":"Patagonia Ambiental","article_publisher":"https:\/\/www.facebook.com\/patagonia.ambiental","article_author":"https:\/\/www.facebook.com\/share\/1C1V8Gv9BX\/?mibextid=qi2Omg","article_published_time":"2019-09-18T10:00:49+00:00","article_modified_time":"2019-09-18T16:25:39+00:00","og_image":[{"width":924,"height":456,"url":"https:\/\/patagoniambiental.com.ar\/info\/wp-content\/uploads\/2019\/09\/00044742.jpg","type":"image\/jpeg"}],"author":"Patagonia Ambiental","twitter_card":"summary_large_image","twitter_creator":"@PatAmb","twitter_site":"@PatAmb","schema":{"@context":"https:\/\/schema.org","@graph":[{"@type":"Article","@id":"https:\/\/patagoniambiental.com.ar\/info\/rio-negro-trabaja-en-la-red-federal-de-asistencia-a-varamientos-de-fauna-marina\/#article","isPartOf":{"@id":"https:\/\/patagoniambiental.com.ar\/info\/rio-negro-trabaja-en-la-red-federal-de-asistencia-a-varamientos-de-fauna-marina\/"},"author":{"name":"Patagonia Ambiental","@id":"https:\/\/patagoniambiental.com.ar\/info\/#\/schema\/person\/db12bff64bbcbf6a253710bf0ea37b5d"},"headline":"R\u00edo Negro trabaja en la Red Federal de asistencia a varamientos de fauna marina","datePublished":"2019-09-18T10:00:49+00:00","dateModified":"2019-09-18T16:25:39+00:00","mainEntityOfPage":{"@id":"https:\/\/patagoniambiental.com.ar\/info\/rio-negro-trabaja-en-la-red-federal-de-asistencia-a-varamientos-de-fauna-marina\/"},"wordCount":446,"commentCount":0,"publisher":{"@id":"https:\/\/patagoniambiental.com.ar\/info\/#organization"},"image":{"@id":"https:\/\/patagoniambiental.com.ar\/info\/rio-negro-trabaja-en-la-red-federal-de-asistencia-a-varamientos-de-fauna-marina\/#primaryimage"},"thumbnailUrl":"https:\/\/patagoniambiental.com.ar\/info\/wp-content\/uploads\/2019\/09\/00044742.jpg","articleSection":["Noticias","Provinciales","R\u00edo Negro"],"inLanguage":"es","potentialAction":[{"@type":"CommentAction","name":"Comment","target":["https:\/\/patagoniambiental.com.ar\/info\/rio-negro-trabaja-en-la-red-federal-de-asistencia-a-varamientos-de-fauna-marina\/#respond"]}]},{"@type":"WebPage","@id":"https:\/\/patagoniambiental.com.ar\/info\/rio-negro-trabaja-en-la-red-federal-de-asistencia-a-varamientos-de-fauna-marina\/","url":"https:\/\/patagoniambiental.com.ar\/info\/rio-negro-trabaja-en-la-red-federal-de-asistencia-a-varamientos-de-fauna-marina\/","name":"R\u00edo Negro trabaja en la Red Federal de asistencia a varamientos de fauna marina","isPartOf":{"@id":"https:\/\/patagoniambiental.com.ar\/info\/#website"},"primaryImageOfPage":{"@id":"https:\/\/patagoniambiental.com.ar\/info\/rio-negro-trabaja-en-la-red-federal-de-asistencia-a-varamientos-de-fauna-marina\/#primaryimage"},"image":{"@id":"https:\/\/patagoniambiental.com.ar\/info\/rio-negro-trabaja-en-la-red-federal-de-asistencia-a-varamientos-de-fauna-marina\/#primaryimage"},"thumbnailUrl":"https:\/\/patagoniambiental.com.ar\/info\/wp-content\/uploads\/2019\/09\/00044742.jpg","datePublished":"2019-09-18T10:00:49+00:00","dateModified":"2019-09-18T16:25:39+00:00","breadcrumb":{"@id":"https:\/\/patagoniambiental.com.ar\/info\/rio-negro-trabaja-en-la-red-federal-de-asistencia-a-varamientos-de-fauna-marina\/#breadcrumb"},"inLanguage":"es","potentialAction":[{"@type":"ReadAction","target":["https:\/\/patagoniambiental.com.ar\/info\/rio-negro-trabaja-en-la-red-federal-de-asistencia-a-varamientos-de-fauna-marina\/"]}]},{"@type":"ImageObject","inLanguage":"es","@id":"https:\/\/patagoniambiental.com.ar\/info\/rio-negro-trabaja-en-la-red-federal-de-asistencia-a-varamientos-de-fauna-marina\/#primaryimage","url":"https:\/\/patagoniambiental.com.ar\/info\/wp-content\/uploads\/2019\/09\/00044742.jpg","contentUrl":"https:\/\/patagoniambiental.com.ar\/info\/wp-content\/uploads\/2019\/09\/00044742.jpg","width":924,"height":456},{"@type":"BreadcrumbList","@id":"https:\/\/patagoniambiental.com.ar\/info\/rio-negro-trabaja-en-la-red-federal-de-asistencia-a-varamientos-de-fauna-marina\/#breadcrumb","itemListElement":[{"@type":"ListItem","position":1,"name":"Inicio","item":"https:\/\/patagoniambiental.com.ar\/info\/"},{"@type":"ListItem","position":2,"name":"R\u00edo Negro trabaja en la Red Federal de asistencia a varamientos de fauna marina"}]},{"@type":"WebSite","@id":"https:\/\/patagoniambiental.com.ar\/info\/#website","url":"https:\/\/patagoniambiental.com.ar\/info\/","name":"Patagonia Ambiental","description":"Monitoreo y an\u00e1lisis de la situaci\u00f3n geopol\u00edtica en el mundo y su implicancia en la Patagonia","publisher":{"@id":"https:\/\/patagoniambiental.com.ar\/info\/#organization"},"potentialAction":[{"@type":"SearchAction","target":{"@type":"EntryPoint","urlTemplate":"https:\/\/patagoniambiental.com.ar\/info\/?s={search_term_string}"},"query-input":{"@type":"PropertyValueSpecification","valueRequired":true,"valueName":"search_term_string"}}],"inLanguage":"es"},{"@type":"Organization","@id":"https:\/\/patagoniambiental.com.ar\/info\/#organization","name":"Patagonia Ambiental","url":"https:\/\/patagoniambiental.com.ar\/info\/","logo":{"@type":"ImageObject","inLanguage":"es","@id":"https:\/\/patagoniambiental.com.ar\/info\/#\/schema\/logo\/image\/","url":"https:\/\/patagoniambiental.com.ar\/info\/wp-content\/uploads\/2025\/05\/LOGO-PATAGONIA-AMBIENTAL.png","contentUrl":"https:\/\/patagoniambiental.com.ar\/info\/wp-content\/uploads\/2025\/05\/LOGO-PATAGONIA-AMBIENTAL.png","width":433,"height":250,"caption":"Patagonia Ambiental"},"image":{"@id":"https:\/\/patagoniambiental.com.ar\/info\/#\/schema\/logo\/image\/"},"sameAs":["https:\/\/www.facebook.com\/patagonia.ambiental","https:\/\/x.com\/PatAmb"]},{"@type":"Person","@id":"https:\/\/patagoniambiental.com.ar\/info\/#\/schema\/person\/db12bff64bbcbf6a253710bf0ea37b5d","name":"Patagonia Ambiental","description":"Andr\u00e9s Nievas T\u00e9cnico en manejo ambiental, consultor Ambiental y escritor para medios locales e internacionales sobre temas de geopolitica y medio ambiente.","sameAs":["http:\/\/www.patagoniambiental.com.ar","https:\/\/www.facebook.com\/share\/1C1V8Gv9BX\/?mibextid=qi2Omg","@patagoniambiental","https:\/\/youtube.com\/@patagoniaambiental2023?si=BLt58t0wuXquxlYZ"]}]}},"_links":{"self":[{"href":"https:\/\/patagoniambiental.com.ar\/info\/wp-json\/wp\/v2\/posts\/63196","targetHints":{"allow":["GET"]}}],"collection":[{"href":"https:\/\/patagoniambiental.com.ar\/info\/wp-json\/wp\/v2\/posts"}],"about":[{"href":"https:\/\/patagoniambiental.com.ar\/info\/wp-json\/wp\/v2\/types\/post"}],"author":[{"embeddable":true,"href":"https:\/\/patagoniambiental.com.ar\/info\/wp-json\/wp\/v2\/users\/2"}],"replies":[{"embeddable":true,"href":"https:\/\/patagoniambiental.com.ar\/info\/wp-json\/wp\/v2\/comments?post=63196"}],"version-history":[{"count":0,"href":"https:\/\/patagoniambiental.com.ar\/info\/wp-json\/wp\/v2\/posts\/63196\/revisions"}],"wp:featuredmedia":[{"embeddable":true,"href":"https:\/\/patagoniambiental.com.ar\/info\/wp-json\/wp\/v2\/media\/63197"}],"wp:attachment":[{"href":"https:\/\/patagoniambiental.com.ar\/info\/wp-json\/wp\/v2\/media?parent=63196"}],"wp:term":[{"taxonomy":"category","embeddable":true,"href":"https:\/\/patagoniambiental.com.ar\/info\/wp-json\/wp\/v2\/categories?post=63196"},{"taxonomy":"post_tag","embeddable":true,"href":"https:\/\/patagoniambiental.com.ar\/info\/wp-json\/wp\/v2\/tags?post=63196"}],"curies":[{"name":"wp","href":"https:\/\/api.w.org\/{rel}","templated":true}]}}