{"id":63212,"date":"2019-09-21T07:00:40","date_gmt":"2019-09-21T10:00:40","guid":{"rendered":"http:\/\/patagoniambiental.com.ar\/info\/?p=63212"},"modified":"2019-09-20T10:54:20","modified_gmt":"2019-09-20T13:54:20","slug":"plantaron-4600-arboles-para-reforestar-un-bosque-arrasado-por-el-fuego-en-el-parque-nacional-los-alerces","status":"publish","type":"post","link":"https:\/\/patagoniambiental.com.ar\/info\/plantaron-4600-arboles-para-reforestar-un-bosque-arrasado-por-el-fuego-en-el-parque-nacional-los-alerces\/","title":{"rendered":"PLANTARON 4600 \u00c1RBOLES PARA REFORESTAR UN BOSQUE ARRASADO POR EL FUEGO EN EL PARQUE NACIONAL LOS ALERCES"},"content":{"rendered":"<div class=\"td-pb-row\">\n<div class=\"td-pb-span12\">\n<div class=\"td-post-header\">\n<header class=\"td-post-title\">\n<div class=\"td-module-meta-info\"><\/div>\n<\/header>\n<div class=\"td-post-sharing-top\">\n<div id=\"td_social_sharing_article_top\" class=\"td-post-sharing td-ps-bg td-ps-notext td-ps-big td-post-sharing-style8 \">\n<div class=\"td-post-sharing-visible\">\n<div class=\"td-social-sharing-button td-social-sharing-button-js td-social-handler td-social-share-text\">\n<div class=\"td-social-but-text\">VILLA FUTALAUFQUEN, Chubut.- Cuando el guardaparques Carlos \u00abPayo\u00bb Opitz fue alertado del incendio, reci\u00e9n estaba culminando su jornada laboral. Era un lunes seco y caluroso de marzo. Pese a la velocidad y la voracidad con la que el fuego comenz\u00f3 a propagarse, Opitz se adentr\u00f3 en la monta\u00f1a para rescatar a los turistas que recorr\u00edan los senderos del Parque Nacional Los Alerces.<\/div>\n<\/div>\n<\/div>\n<\/div>\n<\/div>\n<\/div>\n<\/div>\n<\/div>\n<p><!--more--><\/p>\n<p>&nbsp;<\/p>\n<p>&nbsp;<\/p>\n<div class=\"td-pb-row\">\n<div class=\"td-pb-span8 td-main-content\" role=\"main\">\n<div class=\"td-ss-main-content\">\n<div class=\"td-post-content tagdiv-type\">\n<p>&nbsp;<\/p>\n<p>&nbsp;<\/p>\n<p>El incendio comenz\u00f3 el 23 de marzo de 2015 y se dio por extinto el 19 de abril. Durante los 27 d\u00edas que permaneci\u00f3 en llamas, \u00abPayo\u00bb, el resto de los guardaparques y cientos de brigadistas vieron al bosque arder y convertirse en un cementerio de \u00e1rboles carbonizados. En enero de 2016, menos de un a\u00f1o despu\u00e9s, la escena volvi\u00f3 a repetirse. Entre ambos siniestros, que se presume que fueron intencionales, se perdieron 3000 hect\u00e1reas de bosque nativo patag\u00f3nico, una superficie equivalente a 4200 canchas de f\u00fatbol.<\/p>\n<figure><figcaption>Entre 2015 y 2016, se perdieron 3000 hect\u00e1reas de bosque Cr\u00e9dito: Cr\u00e9dito: Sof\u00eda Mej\u00eda Llamas \/ @ChacayAudiovisual<\/figcaption><\/figure>\n<p>Este fin de semana se realiz\u00f3 una ambiciosa reforestaci\u00f3n masiva dentro de Los Alerces, uno de los cuatro Parques Nacionales m\u00e1s grandes del pa\u00eds. 53 voluntarios de distintas provincias se unieron a la Asociaci\u00f3n Amigos de la Patagonia, a trav\u00e9s de su programa ReforestArg, y trabajaron junto a Parques Nacionales y la Subsecretar\u00eda de Bosques e Incendios de Chubut para restaurar parte de la zona afectada por el fuego y devolverle su belleza natural.<\/p>\n<p>A lo largo de cuatro jornadas, los voluntarios plantaron en el faldeo del Cerro El Dedal, un total de 2100 cipreses y 2560 coihues, dos especies nativas de la zona. Los \u00e1rboles, de entre uno y dos a\u00f1os de edad, provinieron de viveros aleda\u00f1os. De este modo, se respet\u00f3 la gen\u00e9tica y busc\u00f3 evitar la introducci\u00f3n de enfermedades, o de semillas de plantas ex\u00f3ticas invasoras. Seg\u00fan estimaciones del Departamento de Conservaci\u00f3n del Parque, el \u00e1rea reforestada alcanzar\u00eda unas 30 hect\u00e1reas.<\/p>\n<figure><img decoding=\"async\" src=\"https:\/\/bucket2.glanacion.com\/anexos\/fotos\/95\/3101295w380.jpg\" alt=\"&quot;Buscamos inspirar personas, todo el mundo puede ser un agente de cambio&quot;, asegura Tob\u00edas Merlo, director del programa ReforestArg\" \/><figcaption>\u00abBuscamos inspirar personas, todo el mundo puede ser un agente de cambio\u00bb, asegura Tob\u00edas Merlo, director del programa ReforestArg Cr\u00e9dito: Cr\u00e9dito: Sof\u00eda Mej\u00eda Llamas \/ @ChacayAudiovisual<\/figcaption><\/figure>\n<h2>LA REFORESTACI\u00d3N<\/h2>\n<p>A medida que los voluntarios caminaban por el bosque con sus mochilas cargadas de plantines, guantes de jardiner\u00eda y una pala en las manos, el paisaje se tornaba cada vez m\u00e1s desolador. Si bien ya pasaron tres a\u00f1os del \u00faltimo incendio, los rastros del fuego a\u00fan perduran: troncos calcinados, vegetaci\u00f3n quemada y una fina capa gris de cenizas entre la tierra negra.<\/p>\n<p>\u00abPlantar un \u00e1rbol abajo de un \u00e1rbol quemado es una experiencia que te impacta y te llama a hacer m\u00e1s\u00bb, asegur\u00f3 a Tob\u00edas Merlo, director de ReforestArg. El programa que encabeza este licenciado en Ciencias Ambientales ya efectu\u00f3 otras tres acciones de restauraci\u00f3n ecol\u00f3gica en la Patagonia. Sin embargo, esta fue la primera vez que la llevaron a cabo en alianza con Parques Nacionales.<\/p>\n<figure><img decoding=\"async\" src=\"https:\/\/bucket1.glanacion.com\/anexos\/fotos\/92\/3101292w380.jpg\" alt=\"53 voluntarios trabajaron para reforestar un bosque del Parque Nacional Los Alerces\" \/><figcaption>53 voluntarios trabajaron para reforestar un bosque del Parque Nacional Los Alerces Cr\u00e9dito: Cr\u00e9dito: Sof\u00eda Mej\u00eda Llamas \/ @ChacayAudiovisual<\/figcaption><\/figure>\n<p>Los j\u00f3venes participantes plantaron los \u00e1rboles siguiendo la estrategia del bi\u00f3logo Mart\u00edn Izquierdo, que desde fines de 2010 trabaja en el Departamento de Conservaci\u00f3n de Los Alerces: \u00abEl objetivo es que con la m\u00ednima intervenci\u00f3n en el bosque, la especie est\u00e9 presente y que naturalmente con su producci\u00f3n de semillas vaya cubri\u00e9ndolo\u00bb, sostuvo. De esa forma, los equipos armaron n\u00facleos de nueve platines separados entre s\u00ed por 10 o 30 metros, seg\u00fan la especie, para que las nuevas semillas de cipreses y coihues se dispersen y restauren naturalmente otras hect\u00e1reas.<\/p>\n<figure><img decoding=\"async\" src=\"https:\/\/bucket3.glanacion.com\/anexos\/fotos\/07\/3101307w380.jpg\" alt=\"Es la primera vez que Amigos de la Patagonia y ReforestArg plantan en alianza con Parques Nacionales\" \/><figcaption>Es la primera vez que Amigos de la Patagonia y ReforestArg plantan en alianza con Parques Nacionales Cr\u00e9dito: Cr\u00e9dito: Sof\u00eda Mej\u00eda Llamas \/ @ChacayAudiovisual<\/figcaption><\/figure>\n<p>La iniciativa cont\u00f3 con el apoyo log\u00edstico y t\u00e9cnico de los guardaparques, que acompa\u00f1aron a los voluntarios durante su tarea de reforestaci\u00f3n. Tambi\u00e9n, con apoyo econ\u00f3mico de diversas empresas, como Trown y Mathienzo, que por cada producto vendido, donaron un \u00e1rbol.<\/p>\n<h2>IMPACTO ECOL\u00d3GICO Y SOCIAL<\/h2>\n<p>El bosque maduro entendido como un todo -vegetaci\u00f3n, animales, hongos y bacterias- demorar\u00e1 d\u00e9cadas en volver al estado anterior al fuego. Para el bi\u00f3logo Izquierdo, se trata de un \u00abproceso lento y que va a tardar, si se tiene \u00e9xito, m\u00e1s de 100 a\u00f1os quiz\u00e1s\u00bb.<\/p>\n<figure><img decoding=\"async\" src=\"https:\/\/bucket1.glanacion.com\/anexos\/fotos\/01\/3101301w380.jpg\" alt=\"Los voluntarios plantaron 4500 \u00e1rboles, entre coihues y cipreses\" \/><figcaption>Los voluntarios plantaron 4500 \u00e1rboles, entre coihues y cipreses Cr\u00e9dito: Cr\u00e9dito: Sof\u00eda Mej\u00eda Llamas \/ @ChacayAudiovisual<\/figcaption><\/figure>\n<p>No obstante, los activistas de Amigos de la Patagonia y ReforestArg mantienen el optimismo ya que la reforestaci\u00f3n esconde una intenci\u00f3n de inmediata y urgente: crear concientizaci\u00f3n y generar un semillero de agentes de transformaci\u00f3n del medio ambiente.<\/p>\n<p>\u00abLo que buscamos hacer es inspirar personas, todo el mundo puede ser un agente de cambio\u00bb, revel\u00f3 Tob\u00edas Merlo. Y agreg\u00f3: \u00abEl que viene ac\u00e1 a plantar entiende eso no porque nosotros se lo expliquemos, sino porque el bosque mismo se lo explica: no necesit\u00e1s ser ning\u00fan h\u00e9roe o ning\u00fan capo para generar un cambio\u00bb.<\/p>\n<p>Por: Florencia Rodr\u00edguez Altube ADEM\u00c1S<\/p>\n<p>Fuente:<\/p>\n<p>https:\/\/www.infoarenales.com\/2019\/09\/plantaron-4600-arboles-para-reforestar-un-bosque-arrasado-por-el-fuego-en-el-parque-nacional-los-alerces\/<\/p>\n<\/div>\n<\/div>\n<\/div>\n<\/div>\n","protected":false},"excerpt":{"rendered":"<p>VILLA FUTALAUFQUEN, Chubut.- Cuando el guardaparques Carlos \u00abPayo\u00bb Opitz fue alertado del incendio, reci\u00e9n estaba culminando su jornada laboral. Era [&hellip;]<\/p>\n","protected":false},"author":2,"featured_media":63213,"comment_status":"open","ping_status":"open","sticky":false,"template":"","format":"standard","meta":{"site-sidebar-layout":"default","site-content-layout":"","ast-site-content-layout":"default","site-content-style":"default","site-sidebar-style":"default","ast-global-header-display":"","ast-banner-title-visibility":"","ast-main-header-display":"","ast-hfb-above-header-display":"","ast-hfb-below-header-display":"","ast-hfb-mobile-header-display":"","site-post-title":"","ast-breadcrumbs-content":"","ast-featured-img":"","footer-sml-layout":"","ast-disable-related-posts":"","theme-transparent-header-meta":"","adv-header-id-meta":"","stick-header-meta":"","header-above-stick-meta":"","header-main-stick-meta":"","header-below-stick-meta":"","astra-migrate-meta-layouts":"default","ast-page-background-enabled":"default","ast-page-background-meta":{"desktop":{"background-color":"var(--ast-global-color-5)","background-image":"","background-repeat":"repeat","background-position":"center center","background-size":"auto","background-attachment":"scroll","background-type":"","background-media":"","overlay-type":"","overlay-color":"","overlay-opacity":"","overlay-gradient":""},"tablet":{"background-color":"","background-image":"","background-repeat":"repeat","background-position":"center center","background-size":"auto","background-attachment":"scroll","background-type":"","background-media":"","overlay-type":"","overlay-color":"","overlay-opacity":"","overlay-gradient":""},"mobile":{"background-color":"","background-image":"","background-repeat":"repeat","background-position":"center center","background-size":"auto","background-attachment":"scroll","background-type":"","background-media":"","overlay-type":"","overlay-color":"","overlay-opacity":"","overlay-gradient":""}},"ast-content-background-meta":{"desktop":{"background-color":"var(--ast-global-color-4)","background-image":"","background-repeat":"repeat","background-position":"center center","background-size":"auto","background-attachment":"scroll","background-type":"","background-media":"","overlay-type":"","overlay-color":"","overlay-opacity":"","overlay-gradient":""},"tablet":{"background-color":"var(--ast-global-color-4)","background-image":"","background-repeat":"repeat","background-position":"center center","background-size":"auto","background-attachment":"scroll","background-type":"","background-media":"","overlay-type":"","overlay-color":"","overlay-opacity":"","overlay-gradient":""},"mobile":{"background-color":"var(--ast-global-color-4)","background-image":"","background-repeat":"repeat","background-position":"center center","background-size":"auto","background-attachment":"scroll","background-type":"","background-media":"","overlay-type":"","overlay-color":"","overlay-opacity":"","overlay-gradient":""}},"footnotes":""},"categories":[11,26,1,13,10],"tags":[],"class_list":["post-63212","post","type-post","status-publish","format-standard","has-post-thumbnail","hentry","category-boletin","category-chubut","category-noticias","category-provinciales","category-rotador"],"yoast_head":"<!-- This site is optimized with the Yoast SEO Premium plugin v23.0 (Yoast SEO v27.5) - https:\/\/yoast.com\/product\/yoast-seo-premium-wordpress\/ -->\n<title>PLANTARON 4600 \u00c1RBOLES PARA REFORESTAR UN BOSQUE ARRASADO POR EL FUEGO EN EL PARQUE NACIONAL LOS ALERCES<\/title>\n<meta name=\"robots\" content=\"index, follow, max-snippet:-1, max-image-preview:large, max-video-preview:-1\" \/>\n<link rel=\"canonical\" href=\"https:\/\/patagoniambiental.com.ar\/info\/plantaron-4600-arboles-para-reforestar-un-bosque-arrasado-por-el-fuego-en-el-parque-nacional-los-alerces\/\" \/>\n<meta property=\"og:locale\" content=\"es_ES\" \/>\n<meta property=\"og:type\" content=\"article\" \/>\n<meta property=\"og:title\" content=\"PLANTARON 4600 \u00c1RBOLES PARA REFORESTAR UN BOSQUE ARRASADO POR EL FUEGO EN EL PARQUE NACIONAL LOS ALERCES\" \/>\n<meta property=\"og:description\" content=\"VILLA FUTALAUFQUEN, Chubut.- Cuando el guardaparques Carlos \u00abPayo\u00bb Opitz fue alertado del incendio, reci\u00e9n estaba culminando su jornada laboral. Era [&hellip;]\" \/>\n<meta property=\"og:url\" content=\"https:\/\/patagoniambiental.com.ar\/info\/plantaron-4600-arboles-para-reforestar-un-bosque-arrasado-por-el-fuego-en-el-parque-nacional-los-alerces\/\" \/>\n<meta property=\"og:site_name\" content=\"Patagonia Ambiental\" \/>\n<meta property=\"article:publisher\" content=\"https:\/\/www.facebook.com\/patagonia.ambiental\" \/>\n<meta property=\"article:author\" content=\"https:\/\/www.facebook.com\/share\/1C1V8Gv9BX\/?mibextid=qi2Omg\" \/>\n<meta property=\"article:published_time\" content=\"2019-09-21T10:00:40+00:00\" \/>\n<meta property=\"og:image\" content=\"https:\/\/patagoniambiental.com.ar\/info\/wp-content\/uploads\/2019\/09\/3101295w380.jpg\" \/>\n\t<meta property=\"og:image:width\" content=\"380\" \/>\n\t<meta property=\"og:image:height\" content=\"253\" \/>\n\t<meta property=\"og:image:type\" content=\"image\/jpeg\" \/>\n<meta name=\"author\" content=\"Patagonia Ambiental\" \/>\n<meta name=\"twitter:card\" content=\"summary_large_image\" \/>\n<meta name=\"twitter:creator\" content=\"@PatAmb\" \/>\n<meta name=\"twitter:site\" content=\"@PatAmb\" \/>\n<script type=\"application\/ld+json\" class=\"yoast-schema-graph\">{\"@context\":\"https:\\\/\\\/schema.org\",\"@graph\":[{\"@type\":\"Article\",\"@id\":\"https:\\\/\\\/patagoniambiental.com.ar\\\/info\\\/plantaron-4600-arboles-para-reforestar-un-bosque-arrasado-por-el-fuego-en-el-parque-nacional-los-alerces\\\/#article\",\"isPartOf\":{\"@id\":\"https:\\\/\\\/patagoniambiental.com.ar\\\/info\\\/plantaron-4600-arboles-para-reforestar-un-bosque-arrasado-por-el-fuego-en-el-parque-nacional-los-alerces\\\/\"},\"author\":{\"name\":\"Patagonia Ambiental\",\"@id\":\"https:\\\/\\\/patagoniambiental.com.ar\\\/info\\\/#\\\/schema\\\/person\\\/db12bff64bbcbf6a253710bf0ea37b5d\"},\"headline\":\"PLANTARON 4600 \u00c1RBOLES PARA REFORESTAR UN BOSQUE ARRASADO POR EL FUEGO EN EL PARQUE NACIONAL LOS ALERCES\",\"datePublished\":\"2019-09-21T10:00:40+00:00\",\"mainEntityOfPage\":{\"@id\":\"https:\\\/\\\/patagoniambiental.com.ar\\\/info\\\/plantaron-4600-arboles-para-reforestar-un-bosque-arrasado-por-el-fuego-en-el-parque-nacional-los-alerces\\\/\"},\"wordCount\":905,\"commentCount\":0,\"publisher\":{\"@id\":\"https:\\\/\\\/patagoniambiental.com.ar\\\/info\\\/#organization\"},\"image\":{\"@id\":\"https:\\\/\\\/patagoniambiental.com.ar\\\/info\\\/plantaron-4600-arboles-para-reforestar-un-bosque-arrasado-por-el-fuego-en-el-parque-nacional-los-alerces\\\/#primaryimage\"},\"thumbnailUrl\":\"https:\\\/\\\/patagoniambiental.com.ar\\\/info\\\/wp-content\\\/uploads\\\/2019\\\/09\\\/3101295w380.jpg\",\"articleSection\":[\"Bolet\u00edn\",\"Chubut\",\"Noticias\",\"Provinciales\",\"Rotador\"],\"inLanguage\":\"es\",\"potentialAction\":[{\"@type\":\"CommentAction\",\"name\":\"Comment\",\"target\":[\"https:\\\/\\\/patagoniambiental.com.ar\\\/info\\\/plantaron-4600-arboles-para-reforestar-un-bosque-arrasado-por-el-fuego-en-el-parque-nacional-los-alerces\\\/#respond\"]}]},{\"@type\":\"WebPage\",\"@id\":\"https:\\\/\\\/patagoniambiental.com.ar\\\/info\\\/plantaron-4600-arboles-para-reforestar-un-bosque-arrasado-por-el-fuego-en-el-parque-nacional-los-alerces\\\/\",\"url\":\"https:\\\/\\\/patagoniambiental.com.ar\\\/info\\\/plantaron-4600-arboles-para-reforestar-un-bosque-arrasado-por-el-fuego-en-el-parque-nacional-los-alerces\\\/\",\"name\":\"PLANTARON 4600 \u00c1RBOLES PARA REFORESTAR UN BOSQUE ARRASADO POR EL FUEGO EN EL PARQUE NACIONAL LOS ALERCES\",\"isPartOf\":{\"@id\":\"https:\\\/\\\/patagoniambiental.com.ar\\\/info\\\/#website\"},\"primaryImageOfPage\":{\"@id\":\"https:\\\/\\\/patagoniambiental.com.ar\\\/info\\\/plantaron-4600-arboles-para-reforestar-un-bosque-arrasado-por-el-fuego-en-el-parque-nacional-los-alerces\\\/#primaryimage\"},\"image\":{\"@id\":\"https:\\\/\\\/patagoniambiental.com.ar\\\/info\\\/plantaron-4600-arboles-para-reforestar-un-bosque-arrasado-por-el-fuego-en-el-parque-nacional-los-alerces\\\/#primaryimage\"},\"thumbnailUrl\":\"https:\\\/\\\/patagoniambiental.com.ar\\\/info\\\/wp-content\\\/uploads\\\/2019\\\/09\\\/3101295w380.jpg\",\"datePublished\":\"2019-09-21T10:00:40+00:00\",\"breadcrumb\":{\"@id\":\"https:\\\/\\\/patagoniambiental.com.ar\\\/info\\\/plantaron-4600-arboles-para-reforestar-un-bosque-arrasado-por-el-fuego-en-el-parque-nacional-los-alerces\\\/#breadcrumb\"},\"inLanguage\":\"es\",\"potentialAction\":[{\"@type\":\"ReadAction\",\"target\":[\"https:\\\/\\\/patagoniambiental.com.ar\\\/info\\\/plantaron-4600-arboles-para-reforestar-un-bosque-arrasado-por-el-fuego-en-el-parque-nacional-los-alerces\\\/\"]}]},{\"@type\":\"ImageObject\",\"inLanguage\":\"es\",\"@id\":\"https:\\\/\\\/patagoniambiental.com.ar\\\/info\\\/plantaron-4600-arboles-para-reforestar-un-bosque-arrasado-por-el-fuego-en-el-parque-nacional-los-alerces\\\/#primaryimage\",\"url\":\"https:\\\/\\\/patagoniambiental.com.ar\\\/info\\\/wp-content\\\/uploads\\\/2019\\\/09\\\/3101295w380.jpg\",\"contentUrl\":\"https:\\\/\\\/patagoniambiental.com.ar\\\/info\\\/wp-content\\\/uploads\\\/2019\\\/09\\\/3101295w380.jpg\",\"width\":380,\"height\":253},{\"@type\":\"BreadcrumbList\",\"@id\":\"https:\\\/\\\/patagoniambiental.com.ar\\\/info\\\/plantaron-4600-arboles-para-reforestar-un-bosque-arrasado-por-el-fuego-en-el-parque-nacional-los-alerces\\\/#breadcrumb\",\"itemListElement\":[{\"@type\":\"ListItem\",\"position\":1,\"name\":\"Inicio\",\"item\":\"https:\\\/\\\/patagoniambiental.com.ar\\\/info\\\/\"},{\"@type\":\"ListItem\",\"position\":2,\"name\":\"PLANTARON 4600 \u00c1RBOLES PARA REFORESTAR UN BOSQUE ARRASADO POR EL FUEGO EN EL PARQUE NACIONAL LOS ALERCES\"}]},{\"@type\":\"WebSite\",\"@id\":\"https:\\\/\\\/patagoniambiental.com.ar\\\/info\\\/#website\",\"url\":\"https:\\\/\\\/patagoniambiental.com.ar\\\/info\\\/\",\"name\":\"Patagonia Ambiental\",\"description\":\"Monitoreo y an\u00e1lisis de la situaci\u00f3n geopol\u00edtica en el mundo y su implicancia en la Patagonia\",\"publisher\":{\"@id\":\"https:\\\/\\\/patagoniambiental.com.ar\\\/info\\\/#organization\"},\"potentialAction\":[{\"@type\":\"SearchAction\",\"target\":{\"@type\":\"EntryPoint\",\"urlTemplate\":\"https:\\\/\\\/patagoniambiental.com.ar\\\/info\\\/?s={search_term_string}\"},\"query-input\":{\"@type\":\"PropertyValueSpecification\",\"valueRequired\":true,\"valueName\":\"search_term_string\"}}],\"inLanguage\":\"es\"},{\"@type\":\"Organization\",\"@id\":\"https:\\\/\\\/patagoniambiental.com.ar\\\/info\\\/#organization\",\"name\":\"Patagonia Ambiental\",\"url\":\"https:\\\/\\\/patagoniambiental.com.ar\\\/info\\\/\",\"logo\":{\"@type\":\"ImageObject\",\"inLanguage\":\"es\",\"@id\":\"https:\\\/\\\/patagoniambiental.com.ar\\\/info\\\/#\\\/schema\\\/logo\\\/image\\\/\",\"url\":\"https:\\\/\\\/patagoniambiental.com.ar\\\/info\\\/wp-content\\\/uploads\\\/2025\\\/05\\\/LOGO-PATAGONIA-AMBIENTAL.png\",\"contentUrl\":\"https:\\\/\\\/patagoniambiental.com.ar\\\/info\\\/wp-content\\\/uploads\\\/2025\\\/05\\\/LOGO-PATAGONIA-AMBIENTAL.png\",\"width\":433,\"height\":250,\"caption\":\"Patagonia Ambiental\"},\"image\":{\"@id\":\"https:\\\/\\\/patagoniambiental.com.ar\\\/info\\\/#\\\/schema\\\/logo\\\/image\\\/\"},\"sameAs\":[\"https:\\\/\\\/www.facebook.com\\\/patagonia.ambiental\",\"https:\\\/\\\/x.com\\\/PatAmb\"]},{\"@type\":\"Person\",\"@id\":\"https:\\\/\\\/patagoniambiental.com.ar\\\/info\\\/#\\\/schema\\\/person\\\/db12bff64bbcbf6a253710bf0ea37b5d\",\"name\":\"Patagonia Ambiental\",\"description\":\"Andr\u00e9s Nievas T\u00e9cnico en manejo ambiental, consultor Ambiental y escritor para medios locales e internacionales sobre temas de geopolitica y medio ambiente.\",\"sameAs\":[\"http:\\\/\\\/www.patagoniambiental.com.ar\",\"https:\\\/\\\/www.facebook.com\\\/share\\\/1C1V8Gv9BX\\\/?mibextid=qi2Omg\",\"@patagoniambiental\",\"https:\\\/\\\/youtube.com\\\/@patagoniaambiental2023?si=BLt58t0wuXquxlYZ\"]}]}<\/script>\n<!-- \/ Yoast SEO Premium plugin. -->","yoast_head_json":{"title":"PLANTARON 4600 \u00c1RBOLES PARA REFORESTAR UN BOSQUE ARRASADO POR EL FUEGO EN EL PARQUE NACIONAL LOS ALERCES","robots":{"index":"index","follow":"follow","max-snippet":"max-snippet:-1","max-image-preview":"max-image-preview:large","max-video-preview":"max-video-preview:-1"},"canonical":"https:\/\/patagoniambiental.com.ar\/info\/plantaron-4600-arboles-para-reforestar-un-bosque-arrasado-por-el-fuego-en-el-parque-nacional-los-alerces\/","og_locale":"es_ES","og_type":"article","og_title":"PLANTARON 4600 \u00c1RBOLES PARA REFORESTAR UN BOSQUE ARRASADO POR EL FUEGO EN EL PARQUE NACIONAL LOS ALERCES","og_description":"VILLA FUTALAUFQUEN, Chubut.- Cuando el guardaparques Carlos \u00abPayo\u00bb Opitz fue alertado del incendio, reci\u00e9n estaba culminando su jornada laboral. Era [&hellip;]","og_url":"https:\/\/patagoniambiental.com.ar\/info\/plantaron-4600-arboles-para-reforestar-un-bosque-arrasado-por-el-fuego-en-el-parque-nacional-los-alerces\/","og_site_name":"Patagonia Ambiental","article_publisher":"https:\/\/www.facebook.com\/patagonia.ambiental","article_author":"https:\/\/www.facebook.com\/share\/1C1V8Gv9BX\/?mibextid=qi2Omg","article_published_time":"2019-09-21T10:00:40+00:00","og_image":[{"width":380,"height":253,"url":"https:\/\/patagoniambiental.com.ar\/info\/wp-content\/uploads\/2019\/09\/3101295w380.jpg","type":"image\/jpeg"}],"author":"Patagonia Ambiental","twitter_card":"summary_large_image","twitter_creator":"@PatAmb","twitter_site":"@PatAmb","schema":{"@context":"https:\/\/schema.org","@graph":[{"@type":"Article","@id":"https:\/\/patagoniambiental.com.ar\/info\/plantaron-4600-arboles-para-reforestar-un-bosque-arrasado-por-el-fuego-en-el-parque-nacional-los-alerces\/#article","isPartOf":{"@id":"https:\/\/patagoniambiental.com.ar\/info\/plantaron-4600-arboles-para-reforestar-un-bosque-arrasado-por-el-fuego-en-el-parque-nacional-los-alerces\/"},"author":{"name":"Patagonia Ambiental","@id":"https:\/\/patagoniambiental.com.ar\/info\/#\/schema\/person\/db12bff64bbcbf6a253710bf0ea37b5d"},"headline":"PLANTARON 4600 \u00c1RBOLES PARA REFORESTAR UN BOSQUE ARRASADO POR EL FUEGO EN EL PARQUE NACIONAL LOS ALERCES","datePublished":"2019-09-21T10:00:40+00:00","mainEntityOfPage":{"@id":"https:\/\/patagoniambiental.com.ar\/info\/plantaron-4600-arboles-para-reforestar-un-bosque-arrasado-por-el-fuego-en-el-parque-nacional-los-alerces\/"},"wordCount":905,"commentCount":0,"publisher":{"@id":"https:\/\/patagoniambiental.com.ar\/info\/#organization"},"image":{"@id":"https:\/\/patagoniambiental.com.ar\/info\/plantaron-4600-arboles-para-reforestar-un-bosque-arrasado-por-el-fuego-en-el-parque-nacional-los-alerces\/#primaryimage"},"thumbnailUrl":"https:\/\/patagoniambiental.com.ar\/info\/wp-content\/uploads\/2019\/09\/3101295w380.jpg","articleSection":["Bolet\u00edn","Chubut","Noticias","Provinciales","Rotador"],"inLanguage":"es","potentialAction":[{"@type":"CommentAction","name":"Comment","target":["https:\/\/patagoniambiental.com.ar\/info\/plantaron-4600-arboles-para-reforestar-un-bosque-arrasado-por-el-fuego-en-el-parque-nacional-los-alerces\/#respond"]}]},{"@type":"WebPage","@id":"https:\/\/patagoniambiental.com.ar\/info\/plantaron-4600-arboles-para-reforestar-un-bosque-arrasado-por-el-fuego-en-el-parque-nacional-los-alerces\/","url":"https:\/\/patagoniambiental.com.ar\/info\/plantaron-4600-arboles-para-reforestar-un-bosque-arrasado-por-el-fuego-en-el-parque-nacional-los-alerces\/","name":"PLANTARON 4600 \u00c1RBOLES PARA REFORESTAR UN BOSQUE ARRASADO POR EL FUEGO EN EL PARQUE NACIONAL LOS ALERCES","isPartOf":{"@id":"https:\/\/patagoniambiental.com.ar\/info\/#website"},"primaryImageOfPage":{"@id":"https:\/\/patagoniambiental.com.ar\/info\/plantaron-4600-arboles-para-reforestar-un-bosque-arrasado-por-el-fuego-en-el-parque-nacional-los-alerces\/#primaryimage"},"image":{"@id":"https:\/\/patagoniambiental.com.ar\/info\/plantaron-4600-arboles-para-reforestar-un-bosque-arrasado-por-el-fuego-en-el-parque-nacional-los-alerces\/#primaryimage"},"thumbnailUrl":"https:\/\/patagoniambiental.com.ar\/info\/wp-content\/uploads\/2019\/09\/3101295w380.jpg","datePublished":"2019-09-21T10:00:40+00:00","breadcrumb":{"@id":"https:\/\/patagoniambiental.com.ar\/info\/plantaron-4600-arboles-para-reforestar-un-bosque-arrasado-por-el-fuego-en-el-parque-nacional-los-alerces\/#breadcrumb"},"inLanguage":"es","potentialAction":[{"@type":"ReadAction","target":["https:\/\/patagoniambiental.com.ar\/info\/plantaron-4600-arboles-para-reforestar-un-bosque-arrasado-por-el-fuego-en-el-parque-nacional-los-alerces\/"]}]},{"@type":"ImageObject","inLanguage":"es","@id":"https:\/\/patagoniambiental.com.ar\/info\/plantaron-4600-arboles-para-reforestar-un-bosque-arrasado-por-el-fuego-en-el-parque-nacional-los-alerces\/#primaryimage","url":"https:\/\/patagoniambiental.com.ar\/info\/wp-content\/uploads\/2019\/09\/3101295w380.jpg","contentUrl":"https:\/\/patagoniambiental.com.ar\/info\/wp-content\/uploads\/2019\/09\/3101295w380.jpg","width":380,"height":253},{"@type":"BreadcrumbList","@id":"https:\/\/patagoniambiental.com.ar\/info\/plantaron-4600-arboles-para-reforestar-un-bosque-arrasado-por-el-fuego-en-el-parque-nacional-los-alerces\/#breadcrumb","itemListElement":[{"@type":"ListItem","position":1,"name":"Inicio","item":"https:\/\/patagoniambiental.com.ar\/info\/"},{"@type":"ListItem","position":2,"name":"PLANTARON 4600 \u00c1RBOLES PARA REFORESTAR UN BOSQUE ARRASADO POR EL FUEGO EN EL PARQUE NACIONAL LOS ALERCES"}]},{"@type":"WebSite","@id":"https:\/\/patagoniambiental.com.ar\/info\/#website","url":"https:\/\/patagoniambiental.com.ar\/info\/","name":"Patagonia Ambiental","description":"Monitoreo y an\u00e1lisis de la situaci\u00f3n geopol\u00edtica en el mundo y su implicancia en la Patagonia","publisher":{"@id":"https:\/\/patagoniambiental.com.ar\/info\/#organization"},"potentialAction":[{"@type":"SearchAction","target":{"@type":"EntryPoint","urlTemplate":"https:\/\/patagoniambiental.com.ar\/info\/?s={search_term_string}"},"query-input":{"@type":"PropertyValueSpecification","valueRequired":true,"valueName":"search_term_string"}}],"inLanguage":"es"},{"@type":"Organization","@id":"https:\/\/patagoniambiental.com.ar\/info\/#organization","name":"Patagonia Ambiental","url":"https:\/\/patagoniambiental.com.ar\/info\/","logo":{"@type":"ImageObject","inLanguage":"es","@id":"https:\/\/patagoniambiental.com.ar\/info\/#\/schema\/logo\/image\/","url":"https:\/\/patagoniambiental.com.ar\/info\/wp-content\/uploads\/2025\/05\/LOGO-PATAGONIA-AMBIENTAL.png","contentUrl":"https:\/\/patagoniambiental.com.ar\/info\/wp-content\/uploads\/2025\/05\/LOGO-PATAGONIA-AMBIENTAL.png","width":433,"height":250,"caption":"Patagonia Ambiental"},"image":{"@id":"https:\/\/patagoniambiental.com.ar\/info\/#\/schema\/logo\/image\/"},"sameAs":["https:\/\/www.facebook.com\/patagonia.ambiental","https:\/\/x.com\/PatAmb"]},{"@type":"Person","@id":"https:\/\/patagoniambiental.com.ar\/info\/#\/schema\/person\/db12bff64bbcbf6a253710bf0ea37b5d","name":"Patagonia Ambiental","description":"Andr\u00e9s Nievas T\u00e9cnico en manejo ambiental, consultor Ambiental y escritor para medios locales e internacionales sobre temas de geopolitica y medio ambiente.","sameAs":["http:\/\/www.patagoniambiental.com.ar","https:\/\/www.facebook.com\/share\/1C1V8Gv9BX\/?mibextid=qi2Omg","@patagoniambiental","https:\/\/youtube.com\/@patagoniaambiental2023?si=BLt58t0wuXquxlYZ"]}]}},"_links":{"self":[{"href":"https:\/\/patagoniambiental.com.ar\/info\/wp-json\/wp\/v2\/posts\/63212","targetHints":{"allow":["GET"]}}],"collection":[{"href":"https:\/\/patagoniambiental.com.ar\/info\/wp-json\/wp\/v2\/posts"}],"about":[{"href":"https:\/\/patagoniambiental.com.ar\/info\/wp-json\/wp\/v2\/types\/post"}],"author":[{"embeddable":true,"href":"https:\/\/patagoniambiental.com.ar\/info\/wp-json\/wp\/v2\/users\/2"}],"replies":[{"embeddable":true,"href":"https:\/\/patagoniambiental.com.ar\/info\/wp-json\/wp\/v2\/comments?post=63212"}],"version-history":[{"count":0,"href":"https:\/\/patagoniambiental.com.ar\/info\/wp-json\/wp\/v2\/posts\/63212\/revisions"}],"wp:featuredmedia":[{"embeddable":true,"href":"https:\/\/patagoniambiental.com.ar\/info\/wp-json\/wp\/v2\/media\/63213"}],"wp:attachment":[{"href":"https:\/\/patagoniambiental.com.ar\/info\/wp-json\/wp\/v2\/media?parent=63212"}],"wp:term":[{"taxonomy":"category","embeddable":true,"href":"https:\/\/patagoniambiental.com.ar\/info\/wp-json\/wp\/v2\/categories?post=63212"},{"taxonomy":"post_tag","embeddable":true,"href":"https:\/\/patagoniambiental.com.ar\/info\/wp-json\/wp\/v2\/tags?post=63212"}],"curies":[{"name":"wp","href":"https:\/\/api.w.org\/{rel}","templated":true}]}}