{"id":63245,"date":"2019-09-22T19:00:37","date_gmt":"2019-09-22T22:00:37","guid":{"rendered":"http:\/\/patagoniambiental.com.ar\/info\/?p=63245"},"modified":"2019-09-20T16:02:19","modified_gmt":"2019-09-20T19:02:19","slug":"no-quedan-ni-1-000-la-critica-situacion-del-huemul-en-el-mundo-y-los-esfuerzos-privados-por-evitar-su-extincion","status":"publish","type":"post","link":"https:\/\/patagoniambiental.com.ar\/info\/no-quedan-ni-1-000-la-critica-situacion-del-huemul-en-el-mundo-y-los-esfuerzos-privados-por-evitar-su-extincion\/","title":{"rendered":"\u201cNO QUEDAN NI 1.000\u201d: LA CR\u00cdTICA SITUACI\u00d3N DEL HUEMUL EN EL MUNDO Y LOS ESFUERZOS PRIVADOS POR EVITAR SU EXTINCI\u00d3N"},"content":{"rendered":"<p>Hace 185 a\u00f1os, cuando el Presidente Jos\u00e9 Joaqu\u00edn Prieto oficializ\u00f3 el actual escudo de Chile, probablemente nunca habr\u00eda imaginado que uno de los animales que en \u00e9l aparece, y al que llam\u00f3 \u201cel cuadr\u00fapedo m\u00e1s singular de nuestras tierras\u201d, hoy estar\u00eda en peligro de extinci\u00f3n: el huemul. Es verdad que siempre se ha caracterizado por su rareza y por existir solamente en la Patagonia chilena y argentina, pero los diagn\u00f3sticos que hoy existen en torno a su situaci\u00f3n preocupan, sobre todo, a los que se han dedicado a su conservaci\u00f3n. Es que, sumando a los ejemplares que se estima que viven entre ambos pa\u00edses, el total no alcanzar\u00eda ni los 1.000.<\/p>\n<p><!--more--><\/p>\n<p>Situaci\u00f3n que no ha logrado revertirse pese a que desde 1929 su caza est\u00e1 totalmente prohibida, en 2006 fue declarado monumento nacional y diversos gobiernos han realizado programas para lograr su reproducci\u00f3n. Sin embargo, \u201ca\u00fan hay esperanza\u201d, dicen los expertos, porque los esfuerzos de distintas entidades privadas han estado dando resultado.<\/p>\n<p>Fue precisamente una de estas iniciativas de conservaci\u00f3n del huemul la que visit\u00f3 Emol y, en territorio de la Reserva Biol\u00f3gica Huilo Huilo, este medio presenci\u00f3 la \u201cliberaci\u00f3n\u201d de un macho y una hembra a la vida silvestre (Ver video al final). Todo, como fruto de un trabajo de m\u00e1s de 15 a\u00f1os de la Fundaci\u00f3n Huilo Huilo con el que buscan que el animal que sostiene el escudo nacional vuelva a vivir y reproducirse en la naturaleza y, ojal\u00e1, poder alejarse de la extinci\u00f3n. Los descendientes de Tukun y Pewun En 2005, la fundaci\u00f3n -fundada y presidida por Ivonne Reifschneider-cre\u00f3 su proyecto Centro de Conservaci\u00f3n del Huemul del Sur y, obviamente, lo que necesitaban eran huemules. Ese mismo a\u00f1o, el grupo obtuvo el consentimiento del Gobierno de Chile para capturar y trasladar ejemplares del c\u00e9rvido desde Ays\u00e9n hasta la regi\u00f3n de Los R\u00edos. All\u00ed el equipo captur\u00f3 a un macho y una hembra, quienes despu\u00e9s ser\u00edan bautizados como Tukun (\u201csembrar\u201d en mapudung\u00fan) y Pewun (\u201cflorecer\u201d). \u201cLos capturamos con un grupo de trabajo con bastante experiencia en manejo de vida silvestre, despu\u00e9s los llevamos en helic\u00f3ptero, en cajones, desde las cordilleras de Villa O\u2019Higgins hasta el aer\u00f3dromo de Cochrane\u201d, cuenta a Emol el director del Departamento de Vida Silvestre de Fundaci\u00f3n Huilo Huilo, Fernando Vidal.<\/p>\n<p>Pero a\u00fan ten\u00edan que llevar a la pareja hasta la reserva y fue gracias al apoyo del Ej\u00e9rcito que, en un avi\u00f3n y otro helic\u00f3ptero de ellos, los animales llegaron a destino. \u201cTodos los intentos anteriores que hab\u00edan habido con huemules y otras iniciativas parecidas hab\u00edan salido mal. Mor\u00edan en las capturas o en los mismos traslados, entonces apoyarnos era tambi\u00e9n exponerse a que un huemul, el emblema patrio, se muriera adentro de un avi\u00f3n militar\u201d, comenta Vidal. Lo cierto es que el experto en conservaci\u00f3n considera que gran parte del \u00e9xito de la misi\u00f3n se debi\u00f3 a la posibilidad de contar con un avi\u00f3n como ese, pero el viaje no estuvo libre de pol\u00e9micas. \u201cNos criticaron mucho por haber tra\u00eddo a los huemules con ayuda del Ej\u00e9rcito y de verdad fue pat\u00e9tico. O sea, ser\u00e9 claro: esto es por los huemules y si me hubiese ofrecido los aviones el mism\u00edsimo Fidel Castro tambi\u00e9n lo hubiese aceptado, \u00a1Porque esto se trata de salvarlos! La conservaci\u00f3n no puede tener partidos pol\u00edticos\u201d.<\/p>\n<p>&nbsp;<\/p>\n<p>Tukun y Pewun fueron marcados con radiocollares y liberados en un terreno cercado de 70 hect\u00e1reas de bosque y matorral nativo. Las predicciones respecto a su adaptaci\u00f3n o de si efectivamente iban a reproducirse entre ellos eran malas, cuenta Vidal. De hecho, experiencias anteriores hac\u00edan prever que la muerte era una posibilidad que superaba a la de la subsistencia.<\/p>\n<p>\u201cEn t\u00e9rminos cortos, los animales se reprodujeron, tuvieron una capacidad reproductiva mucho mayor a lo que esper\u00e1bamos, se adaptaron, los que nacieron se convirtieron en reproductores y lleg\u00f3 el minuto de la primera liberaci\u00f3n en 2016\u201d, dice el tambi\u00e9n docente e investigador de la Universidad Santo Tom\u00e1s. Las dos liberaciones: 2016 y 2019 Desde la Fundaci\u00f3n aseguran que el suyo es el primer centro de reproducci\u00f3n del huemul en el mundo y el objetivo de su labor siempre ha sido volver a introducir al animal en la vida silvestre de la zona, lugar donde estaba extinto hace 30 a\u00f1os. As\u00ed, despu\u00e9s del \u00e9xito de la pareja tra\u00edda desde Cochrane, en 2016 y despu\u00e9s de a\u00f1os pidiendo los permisos en el SAG, la organizaci\u00f3n liber\u00f3 cinco machos. \u201cSiempre sentimos que al final nos dejaron liberarlos para que dej\u00e1ramos de molestar, pero para sorpresa de todos los animales tuvieron mucha mejor capacidad de adaptaci\u00f3n de lo que nunca pensamos\u201d, dice Vidal.<\/p>\n<p>&nbsp;<\/p>\n<p>Y tras tres a\u00f1os de monitoreo constante gracias a los radiocollares y los guardaparques de la reserva, a fines de agosto de este a\u00f1o el centro liber\u00f3 otros dos huemules: un macho y una hembra. Con esta nueva reinserci\u00f3n silvestre, los expertos de la fundaci\u00f3n esperan que la hembra pueda reproducirse y as\u00ed dar vida al primer huemul salvaje en la regi\u00f3n despu\u00e9s de d\u00e9cadas.<\/p>\n<p>Sin embargo, el trabajo va m\u00e1s all\u00e1 de lo que puedan hacer los animales por su cuenta. Es que si el huemul est\u00e1 en peligro de extinci\u00f3n es por los constantes peligros y amenazas a los que se enfrenta su especie y tantas otras: las enfermedades del ganado, los ataques de perros, los emplazamientos humanos y la caza ilegal. Los peligros y la caza \u2013 En 2016 liberaron cinco machos, \u00bftodos viven actualmente? \u201cTristemente no, perdimos uno. Fue un macho que se desplaz\u00f3 hacia el l\u00edmite sur de la reserva y fue cazado por cazadores furtivos. Sali\u00f3 de nuestro control y en un abrir y cerrar de ojos, el animal lleg\u00f3 al l\u00edmite y lo cazaron. El transmisor que ten\u00eda nos indic\u00f3 que hab\u00eda muerto y se abri\u00f3 un juicio en la Fiscal\u00eda, pero no lleg\u00f3 a nada\u201d.<\/p>\n<p>\u2013 \u00bfLleg\u00f3 a nada porque no se supo qui\u00e9n fue? \u201cNo, si se sab\u00eda qui\u00e9n era y cazar huemules es un delito penado con c\u00e1rcel, eso dice la ley, yo lo tengo claro, pero no s\u00e9 cu\u00e1n claro lo tienen los fiscales y los jueces. Hace unos a\u00f1os hubo un caso donde se mult\u00f3 a una persona por matar a un ejemplar: tuvo que pagar $80 mil. Para que te hagas una idea, si t\u00fa vendieras la carne de un huemul como la de ciervo, vale cuatro veces m\u00e1s que la multa, o sea la cacer\u00eda ilegal sigue siendo rentable\u201d. \u2013 \u00bfY c\u00f3mo se soluciona algo as\u00ed? \u201cLa gente y el Estado tienen que entender que la cacer\u00eda ilegal en Chile s\u00ed existe, los cazadores furtivos s\u00ed existen y los encuentros armados con ellos es una realidad. En Santiago no ocurre, claro, pero en el sur y norte del pa\u00eds s\u00ed. Nuestro llamado es que la gente se sensibilice. Est\u00e1 bien, hay animales que pueden cazarse, pero que no cacen guanacos, huemules, vicu\u00f1as, animales en peligro. Al final el principal problema del huemul es que todas las decisiones que se toman en torno a \u00e9l, se toman en Santiago, donde nadie sabe lo que es\u201d.<\/p>\n<p>&nbsp;<\/p>\n<p>La conservaci\u00f3n en Chile Probablemente el tema que m\u00e1s hace subir de tono a Vidal es el de la conservaci\u00f3n en Chile. Para \u00e9l, a nivel de Estado es algo que \u201cno es tema\u201d, pero ve con buenos ojos el creciente inter\u00e9s en las generaciones m\u00e1s j\u00f3venes, a las que llama \u201cconsecuentes\u201d y \u201cactivas\u201d en materia medioambiental. \u201cEl gran problema es que las personas que siguen tomando las decisiones son personas de mi edad o incluso mayores que no tienen esta sensibilidad o que, mejor dicho, no tienen el conocimiento para darse cuenta que la conservaci\u00f3n es un tema de importancia para la subsistencia humana\u201d.<\/p>\n<p>\u201cLa gente dice \u2018bueno, pero con el tiempo llegar\u00e1 esa consciencia\u2019, pero el problema es que estamos enfrentando uno de los procesos de extinci\u00f3n masivos m\u00e1s grandes que ha enfrentado el planeta tierra y nos estamos quedando sin tiempo. No hay tiempo para que el Presidente Pi\u00f1era entienda, no hay tiempo para que la se\u00f1ora Bachelet entienda, no hay tiempo para que el pr\u00f3ximo presidente entienda. Necesitamos esto ahora y eso requiere el apoyo de todos lados\u201d, dice en\u00e9rgico.<\/p>\n<p>Y desliza una cr\u00edtica que \u00e9l mismo dice que \u201cpagar\u00e1 caro\u201d: \u201cHemos confundido o la academia se ha encargado de producir la confusi\u00f3n de que la investigaci\u00f3n es conservaci\u00f3n. La investigaci\u00f3n es un tremendo aporte, es un insumo para la conservaci\u00f3n, pero un paper en s\u00ed no va a salvar a ninguna especie. Los huemules no leen papers. Y s\u00ed, necesitamos estudios de huemules, pero ese conocimiento tiene que ser aterrizado, tiene que tener un destino y una aplicabilidad. O sea, creo en la ciencia aplicada, pero la ciencia por la ciencia no est\u00e1 sirviendo de nada\u201d. \u2013 \u00bfPero entonces c\u00f3mo se logra que \u201csea tema\u201d, qu\u00e9 se necesita? \u201cNecesitamos que las oficinas p\u00fablicas se involucren en serio. La gran pregunta es, este trabajo que est\u00e1 haciendo Fundaci\u00f3n Huilo Huilo, \u00bfqui\u00e9n lo debiera hacer? O sea, nosotros felices, pero esto debiera partir por el Estado de Chile, o sea el Estado debiera tener proyectos de conservaci\u00f3n y que se sumara quien quiera sumarse\u201d.<\/p>\n<p>\u201cNo basta con tener una reserva o un parque y decir que lo tenemos, hay que gestionarlo, hay que cuantificar realmente cu\u00e1nta fauna queda, hay que saber realmente hacia d\u00f3nde va y no puede ser que hoy d\u00eda tengamos la cantidad de huemules que tenemos. El SAG y la Conaf deber\u00edan cumplir roles m\u00e1s activos. M\u00e1s terreno y menos papel\u201d. La petici\u00f3n al Gobierno: \u201cM\u00e1s gen\u00e9tica, m\u00e1s huemules\u201d En el centro llegaron a haber 20 ejemplares antes de las liberaciones, pero todos han nacido de la cruza entre Tekun y Pewen (y de otra hembra que lleg\u00f3 unos a\u00f1os despu\u00e9s) y de los descendientes. Por eso, la principal petici\u00f3n que hacen desde la Fundaci\u00f3n al Estado es \u201cm\u00e1s gen\u00e9tica\u201d, o sea \u201cuna pareja cada cinco a\u00f1os, con eso podr\u00edamos hacer maravillas\u201d, dice Vidal.<\/p>\n<p>Consultado por si est\u00e1n teniendo problemas de gen\u00e9tica, el experto recalca que \u201cno tenemos huemules de cinco patas ni de cuatro orejas o tres ojos, ni ocurrir\u00e1 eso en mucho tiempo. Pero hay algo que es una realidad: el tener m\u00e1s gen\u00e9tica permite una mejor reproducci\u00f3n, una mejor adaptaci\u00f3n de los animales, permite un sistema inmune m\u00e1s fuerte y eso es lo m\u00e1s delicado\u201d. Ante la solicitud, el subsecretario de Medio Ambiente, Felipe Riesco, respondi\u00f3: \u201cNos hacemos cargo del llamado que nos hicieron aqu\u00ed. El Gobierno del Presidente Pi\u00f1era est\u00e1 disponible para ayudar a la reinserci\u00f3n del huemul en las distintas regiones.Vamos a poner los recursos humanos, tambi\u00e9n la expertise que tengamos y los recursos econ\u00f3micos que sean necesarios para eso\u201d. \u201cEn concreto, lo que nos est\u00e1n pidiendo es mayor diversidad gen\u00e9tica y estamos trabajando en eso para ver c\u00f3mo podemos conseguir nuevos ejemplares para insertarlos ac\u00e1\u201d. Por \u00faltimo, Riesco agreg\u00f3: \u201cEl huemul es un emblema patrio que nos pertenece a todos y que tenemos que conservar para las futuras generaciones. Es tiempo de actuar\u201d.<\/p>\n<p>Vidal es optimista y considera que la situaci\u00f3n del c\u00e9rvido es revertible si es que se toman las decisiones correctas. Para eso, cree que lo esencial es entender que \u201ccuando una especie desaparece, al final a lo \u00fanico que nos estamos acercando es a la desaparici\u00f3n misma del ser humano. Lo peor es que vamos para all\u00e1 y nadie lo toma en serio. \u00bfCu\u00e1nta nieve cay\u00f3 este a\u00f1o? \u00bfHay agua? La gente me dir\u00e1 alaraco o conservacionista, pero no. Pregunt\u00e9mosle a las Ranitas del Loa\u201d. \u2013 O sea esto va mucho m\u00e1s all\u00e1 del huemul\u2026 \u201cObvio, esto no es s\u00f3lo por el huemul. La naturaleza es una maquinaria de relojer\u00eda suiza compleja y todas las piezas del reloj sirven para que el reloj funcione de forma correcta. De ese reloj depende la vida del ser humano y el ser humano ha ido rompiendo cada piecita. Ahora s\u00f3lo queda ver si somos capaces de arreglarlo\u201d.<\/p>\n<p>Fuente: Emol.com<\/p>\n<p>&nbsp;<\/p>\n<p>| Por Patricia Marchetti Michels,<\/p>\n","protected":false},"excerpt":{"rendered":"<p>Hace 185 a\u00f1os, cuando el Presidente Jos\u00e9 Joaqu\u00edn Prieto oficializ\u00f3 el actual escudo de Chile, probablemente nunca habr\u00eda imaginado que [&hellip;]<\/p>\n","protected":false},"author":2,"featured_media":63246,"comment_status":"open","ping_status":"open","sticky":false,"template":"","format":"standard","meta":{"site-sidebar-layout":"default","site-content-layout":"","ast-site-content-layout":"default","site-content-style":"default","site-sidebar-style":"default","ast-global-header-display":"","ast-banner-title-visibility":"","ast-main-header-display":"","ast-hfb-above-header-display":"","ast-hfb-below-header-display":"","ast-hfb-mobile-header-display":"","site-post-title":"","ast-breadcrumbs-content":"","ast-featured-img":"","footer-sml-layout":"","ast-disable-related-posts":"","theme-transparent-header-meta":"","adv-header-id-meta":"","stick-header-meta":"","header-above-stick-meta":"","header-main-stick-meta":"","header-below-stick-meta":"","astra-migrate-meta-layouts":"default","ast-page-background-enabled":"default","ast-page-background-meta":{"desktop":{"background-color":"var(--ast-global-color-5)","background-image":"","background-repeat":"repeat","background-position":"center center","background-size":"auto","background-attachment":"scroll","background-type":"","background-media":"","overlay-type":"","overlay-color":"","overlay-opacity":"","overlay-gradient":""},"tablet":{"background-color":"","background-image":"","background-repeat":"repeat","background-position":"center center","background-size":"auto","background-attachment":"scroll","background-type":"","background-media":"","overlay-type":"","overlay-color":"","overlay-opacity":"","overlay-gradient":""},"mobile":{"background-color":"","background-image":"","background-repeat":"repeat","background-position":"center center","background-size":"auto","background-attachment":"scroll","background-type":"","background-media":"","overlay-type":"","overlay-color":"","overlay-opacity":"","overlay-gradient":""}},"ast-content-background-meta":{"desktop":{"background-color":"var(--ast-global-color-4)","background-image":"","background-repeat":"repeat","background-position":"center center","background-size":"auto","background-attachment":"scroll","background-type":"","background-media":"","overlay-type":"","overlay-color":"","overlay-opacity":"","overlay-gradient":""},"tablet":{"background-color":"var(--ast-global-color-4)","background-image":"","background-repeat":"repeat","background-position":"center center","background-size":"auto","background-attachment":"scroll","background-type":"","background-media":"","overlay-type":"","overlay-color":"","overlay-opacity":"","overlay-gradient":""},"mobile":{"background-color":"var(--ast-global-color-4)","background-image":"","background-repeat":"repeat","background-position":"center center","background-size":"auto","background-attachment":"scroll","background-type":"","background-media":"","overlay-type":"","overlay-color":"","overlay-opacity":"","overlay-gradient":""}},"footnotes":""},"categories":[11,23,1],"tags":[],"class_list":["post-63245","post","type-post","status-publish","format-standard","has-post-thumbnail","hentry","category-boletin","category-internacionales","category-noticias"],"yoast_head":"<!-- This site is optimized with the Yoast SEO Premium plugin v23.0 (Yoast SEO v27.5) - https:\/\/yoast.com\/product\/yoast-seo-premium-wordpress\/ -->\n<title>\u201cNO QUEDAN NI 1.000\u201d: LA CR\u00cdTICA SITUACI\u00d3N DEL HUEMUL EN EL MUNDO Y LOS ESFUERZOS PRIVADOS POR EVITAR SU EXTINCI\u00d3N<\/title>\n<meta name=\"robots\" content=\"index, follow, max-snippet:-1, max-image-preview:large, max-video-preview:-1\" \/>\n<link rel=\"canonical\" href=\"https:\/\/patagoniambiental.com.ar\/info\/no-quedan-ni-1-000-la-critica-situacion-del-huemul-en-el-mundo-y-los-esfuerzos-privados-por-evitar-su-extincion\/\" \/>\n<meta property=\"og:locale\" content=\"es_ES\" \/>\n<meta property=\"og:type\" content=\"article\" \/>\n<meta property=\"og:title\" content=\"\u201cNO QUEDAN NI 1.000\u201d: LA CR\u00cdTICA SITUACI\u00d3N DEL HUEMUL EN EL MUNDO Y LOS ESFUERZOS PRIVADOS POR EVITAR SU EXTINCI\u00d3N\" \/>\n<meta property=\"og:description\" content=\"Hace 185 a\u00f1os, cuando el Presidente Jos\u00e9 Joaqu\u00edn Prieto oficializ\u00f3 el actual escudo de Chile, probablemente nunca habr\u00eda imaginado que [&hellip;]\" \/>\n<meta property=\"og:url\" content=\"https:\/\/patagoniambiental.com.ar\/info\/no-quedan-ni-1-000-la-critica-situacion-del-huemul-en-el-mundo-y-los-esfuerzos-privados-por-evitar-su-extincion\/\" \/>\n<meta property=\"og:site_name\" content=\"Patagonia Ambiental\" \/>\n<meta property=\"article:publisher\" content=\"https:\/\/www.facebook.com\/patagonia.ambiental\" \/>\n<meta property=\"article:author\" content=\"https:\/\/www.facebook.com\/share\/1C1V8Gv9BX\/?mibextid=qi2Omg\" \/>\n<meta property=\"article:published_time\" content=\"2019-09-22T22:00:37+00:00\" \/>\n<meta property=\"og:image\" content=\"https:\/\/patagoniambiental.com.ar\/info\/wp-content\/uploads\/2019\/09\/Sin-t\u00edtulo-1-730x420.png\" \/>\n\t<meta property=\"og:image:width\" content=\"730\" \/>\n\t<meta property=\"og:image:height\" content=\"420\" \/>\n\t<meta property=\"og:image:type\" content=\"image\/png\" \/>\n<meta name=\"author\" content=\"Patagonia Ambiental\" \/>\n<meta name=\"twitter:card\" content=\"summary_large_image\" \/>\n<meta name=\"twitter:creator\" content=\"@PatAmb\" \/>\n<meta name=\"twitter:site\" content=\"@PatAmb\" \/>\n<script type=\"application\/ld+json\" class=\"yoast-schema-graph\">{\"@context\":\"https:\\\/\\\/schema.org\",\"@graph\":[{\"@type\":\"Article\",\"@id\":\"https:\\\/\\\/patagoniambiental.com.ar\\\/info\\\/no-quedan-ni-1-000-la-critica-situacion-del-huemul-en-el-mundo-y-los-esfuerzos-privados-por-evitar-su-extincion\\\/#article\",\"isPartOf\":{\"@id\":\"https:\\\/\\\/patagoniambiental.com.ar\\\/info\\\/no-quedan-ni-1-000-la-critica-situacion-del-huemul-en-el-mundo-y-los-esfuerzos-privados-por-evitar-su-extincion\\\/\"},\"author\":{\"name\":\"Patagonia Ambiental\",\"@id\":\"https:\\\/\\\/patagoniambiental.com.ar\\\/info\\\/#\\\/schema\\\/person\\\/db12bff64bbcbf6a253710bf0ea37b5d\"},\"headline\":\"\u201cNO QUEDAN NI 1.000\u201d: LA CR\u00cdTICA SITUACI\u00d3N DEL HUEMUL EN EL MUNDO Y LOS ESFUERZOS PRIVADOS POR EVITAR SU EXTINCI\u00d3N\",\"datePublished\":\"2019-09-22T22:00:37+00:00\",\"mainEntityOfPage\":{\"@id\":\"https:\\\/\\\/patagoniambiental.com.ar\\\/info\\\/no-quedan-ni-1-000-la-critica-situacion-del-huemul-en-el-mundo-y-los-esfuerzos-privados-por-evitar-su-extincion\\\/\"},\"wordCount\":2165,\"commentCount\":0,\"publisher\":{\"@id\":\"https:\\\/\\\/patagoniambiental.com.ar\\\/info\\\/#organization\"},\"image\":{\"@id\":\"https:\\\/\\\/patagoniambiental.com.ar\\\/info\\\/no-quedan-ni-1-000-la-critica-situacion-del-huemul-en-el-mundo-y-los-esfuerzos-privados-por-evitar-su-extincion\\\/#primaryimage\"},\"thumbnailUrl\":\"https:\\\/\\\/patagoniambiental.com.ar\\\/info\\\/wp-content\\\/uploads\\\/2019\\\/09\\\/Sin-t\u00edtulo-1-730x420.png\",\"articleSection\":[\"Bolet\u00edn\",\"Internacionales\",\"Noticias\"],\"inLanguage\":\"es\",\"potentialAction\":[{\"@type\":\"CommentAction\",\"name\":\"Comment\",\"target\":[\"https:\\\/\\\/patagoniambiental.com.ar\\\/info\\\/no-quedan-ni-1-000-la-critica-situacion-del-huemul-en-el-mundo-y-los-esfuerzos-privados-por-evitar-su-extincion\\\/#respond\"]}]},{\"@type\":\"WebPage\",\"@id\":\"https:\\\/\\\/patagoniambiental.com.ar\\\/info\\\/no-quedan-ni-1-000-la-critica-situacion-del-huemul-en-el-mundo-y-los-esfuerzos-privados-por-evitar-su-extincion\\\/\",\"url\":\"https:\\\/\\\/patagoniambiental.com.ar\\\/info\\\/no-quedan-ni-1-000-la-critica-situacion-del-huemul-en-el-mundo-y-los-esfuerzos-privados-por-evitar-su-extincion\\\/\",\"name\":\"\u201cNO QUEDAN NI 1.000\u201d: LA CR\u00cdTICA SITUACI\u00d3N DEL HUEMUL EN EL MUNDO Y LOS ESFUERZOS PRIVADOS POR EVITAR SU EXTINCI\u00d3N\",\"isPartOf\":{\"@id\":\"https:\\\/\\\/patagoniambiental.com.ar\\\/info\\\/#website\"},\"primaryImageOfPage\":{\"@id\":\"https:\\\/\\\/patagoniambiental.com.ar\\\/info\\\/no-quedan-ni-1-000-la-critica-situacion-del-huemul-en-el-mundo-y-los-esfuerzos-privados-por-evitar-su-extincion\\\/#primaryimage\"},\"image\":{\"@id\":\"https:\\\/\\\/patagoniambiental.com.ar\\\/info\\\/no-quedan-ni-1-000-la-critica-situacion-del-huemul-en-el-mundo-y-los-esfuerzos-privados-por-evitar-su-extincion\\\/#primaryimage\"},\"thumbnailUrl\":\"https:\\\/\\\/patagoniambiental.com.ar\\\/info\\\/wp-content\\\/uploads\\\/2019\\\/09\\\/Sin-t\u00edtulo-1-730x420.png\",\"datePublished\":\"2019-09-22T22:00:37+00:00\",\"breadcrumb\":{\"@id\":\"https:\\\/\\\/patagoniambiental.com.ar\\\/info\\\/no-quedan-ni-1-000-la-critica-situacion-del-huemul-en-el-mundo-y-los-esfuerzos-privados-por-evitar-su-extincion\\\/#breadcrumb\"},\"inLanguage\":\"es\",\"potentialAction\":[{\"@type\":\"ReadAction\",\"target\":[\"https:\\\/\\\/patagoniambiental.com.ar\\\/info\\\/no-quedan-ni-1-000-la-critica-situacion-del-huemul-en-el-mundo-y-los-esfuerzos-privados-por-evitar-su-extincion\\\/\"]}]},{\"@type\":\"ImageObject\",\"inLanguage\":\"es\",\"@id\":\"https:\\\/\\\/patagoniambiental.com.ar\\\/info\\\/no-quedan-ni-1-000-la-critica-situacion-del-huemul-en-el-mundo-y-los-esfuerzos-privados-por-evitar-su-extincion\\\/#primaryimage\",\"url\":\"https:\\\/\\\/patagoniambiental.com.ar\\\/info\\\/wp-content\\\/uploads\\\/2019\\\/09\\\/Sin-t\u00edtulo-1-730x420.png\",\"contentUrl\":\"https:\\\/\\\/patagoniambiental.com.ar\\\/info\\\/wp-content\\\/uploads\\\/2019\\\/09\\\/Sin-t\u00edtulo-1-730x420.png\",\"width\":730,\"height\":420},{\"@type\":\"BreadcrumbList\",\"@id\":\"https:\\\/\\\/patagoniambiental.com.ar\\\/info\\\/no-quedan-ni-1-000-la-critica-situacion-del-huemul-en-el-mundo-y-los-esfuerzos-privados-por-evitar-su-extincion\\\/#breadcrumb\",\"itemListElement\":[{\"@type\":\"ListItem\",\"position\":1,\"name\":\"Inicio\",\"item\":\"https:\\\/\\\/patagoniambiental.com.ar\\\/info\\\/\"},{\"@type\":\"ListItem\",\"position\":2,\"name\":\"\u201cNO QUEDAN NI 1.000\u201d: LA CR\u00cdTICA SITUACI\u00d3N DEL HUEMUL EN EL MUNDO Y LOS ESFUERZOS PRIVADOS POR EVITAR SU EXTINCI\u00d3N\"}]},{\"@type\":\"WebSite\",\"@id\":\"https:\\\/\\\/patagoniambiental.com.ar\\\/info\\\/#website\",\"url\":\"https:\\\/\\\/patagoniambiental.com.ar\\\/info\\\/\",\"name\":\"Patagonia Ambiental\",\"description\":\"Monitoreo y an\u00e1lisis de la situaci\u00f3n geopol\u00edtica en el mundo y su implicancia en la Patagonia\",\"publisher\":{\"@id\":\"https:\\\/\\\/patagoniambiental.com.ar\\\/info\\\/#organization\"},\"potentialAction\":[{\"@type\":\"SearchAction\",\"target\":{\"@type\":\"EntryPoint\",\"urlTemplate\":\"https:\\\/\\\/patagoniambiental.com.ar\\\/info\\\/?s={search_term_string}\"},\"query-input\":{\"@type\":\"PropertyValueSpecification\",\"valueRequired\":true,\"valueName\":\"search_term_string\"}}],\"inLanguage\":\"es\"},{\"@type\":\"Organization\",\"@id\":\"https:\\\/\\\/patagoniambiental.com.ar\\\/info\\\/#organization\",\"name\":\"Patagonia Ambiental\",\"url\":\"https:\\\/\\\/patagoniambiental.com.ar\\\/info\\\/\",\"logo\":{\"@type\":\"ImageObject\",\"inLanguage\":\"es\",\"@id\":\"https:\\\/\\\/patagoniambiental.com.ar\\\/info\\\/#\\\/schema\\\/logo\\\/image\\\/\",\"url\":\"https:\\\/\\\/patagoniambiental.com.ar\\\/info\\\/wp-content\\\/uploads\\\/2025\\\/05\\\/LOGO-PATAGONIA-AMBIENTAL.png\",\"contentUrl\":\"https:\\\/\\\/patagoniambiental.com.ar\\\/info\\\/wp-content\\\/uploads\\\/2025\\\/05\\\/LOGO-PATAGONIA-AMBIENTAL.png\",\"width\":433,\"height\":250,\"caption\":\"Patagonia Ambiental\"},\"image\":{\"@id\":\"https:\\\/\\\/patagoniambiental.com.ar\\\/info\\\/#\\\/schema\\\/logo\\\/image\\\/\"},\"sameAs\":[\"https:\\\/\\\/www.facebook.com\\\/patagonia.ambiental\",\"https:\\\/\\\/x.com\\\/PatAmb\"]},{\"@type\":\"Person\",\"@id\":\"https:\\\/\\\/patagoniambiental.com.ar\\\/info\\\/#\\\/schema\\\/person\\\/db12bff64bbcbf6a253710bf0ea37b5d\",\"name\":\"Patagonia Ambiental\",\"description\":\"Andr\u00e9s Nievas T\u00e9cnico en manejo ambiental, consultor Ambiental y escritor para medios locales e internacionales sobre temas de geopolitica y medio ambiente.\",\"sameAs\":[\"http:\\\/\\\/www.patagoniambiental.com.ar\",\"https:\\\/\\\/www.facebook.com\\\/share\\\/1C1V8Gv9BX\\\/?mibextid=qi2Omg\",\"@patagoniambiental\",\"https:\\\/\\\/youtube.com\\\/@patagoniaambiental2023?si=BLt58t0wuXquxlYZ\"]}]}<\/script>\n<!-- \/ Yoast SEO Premium plugin. -->","yoast_head_json":{"title":"\u201cNO QUEDAN NI 1.000\u201d: LA CR\u00cdTICA SITUACI\u00d3N DEL HUEMUL EN EL MUNDO Y LOS ESFUERZOS PRIVADOS POR EVITAR SU EXTINCI\u00d3N","robots":{"index":"index","follow":"follow","max-snippet":"max-snippet:-1","max-image-preview":"max-image-preview:large","max-video-preview":"max-video-preview:-1"},"canonical":"https:\/\/patagoniambiental.com.ar\/info\/no-quedan-ni-1-000-la-critica-situacion-del-huemul-en-el-mundo-y-los-esfuerzos-privados-por-evitar-su-extincion\/","og_locale":"es_ES","og_type":"article","og_title":"\u201cNO QUEDAN NI 1.000\u201d: LA CR\u00cdTICA SITUACI\u00d3N DEL HUEMUL EN EL MUNDO Y LOS ESFUERZOS PRIVADOS POR EVITAR SU EXTINCI\u00d3N","og_description":"Hace 185 a\u00f1os, cuando el Presidente Jos\u00e9 Joaqu\u00edn Prieto oficializ\u00f3 el actual escudo de Chile, probablemente nunca habr\u00eda imaginado que [&hellip;]","og_url":"https:\/\/patagoniambiental.com.ar\/info\/no-quedan-ni-1-000-la-critica-situacion-del-huemul-en-el-mundo-y-los-esfuerzos-privados-por-evitar-su-extincion\/","og_site_name":"Patagonia Ambiental","article_publisher":"https:\/\/www.facebook.com\/patagonia.ambiental","article_author":"https:\/\/www.facebook.com\/share\/1C1V8Gv9BX\/?mibextid=qi2Omg","article_published_time":"2019-09-22T22:00:37+00:00","og_image":[{"width":730,"height":420,"url":"https:\/\/patagoniambiental.com.ar\/info\/wp-content\/uploads\/2019\/09\/Sin-t\u00edtulo-1-730x420.png","type":"image\/png"}],"author":"Patagonia Ambiental","twitter_card":"summary_large_image","twitter_creator":"@PatAmb","twitter_site":"@PatAmb","schema":{"@context":"https:\/\/schema.org","@graph":[{"@type":"Article","@id":"https:\/\/patagoniambiental.com.ar\/info\/no-quedan-ni-1-000-la-critica-situacion-del-huemul-en-el-mundo-y-los-esfuerzos-privados-por-evitar-su-extincion\/#article","isPartOf":{"@id":"https:\/\/patagoniambiental.com.ar\/info\/no-quedan-ni-1-000-la-critica-situacion-del-huemul-en-el-mundo-y-los-esfuerzos-privados-por-evitar-su-extincion\/"},"author":{"name":"Patagonia Ambiental","@id":"https:\/\/patagoniambiental.com.ar\/info\/#\/schema\/person\/db12bff64bbcbf6a253710bf0ea37b5d"},"headline":"\u201cNO QUEDAN NI 1.000\u201d: LA CR\u00cdTICA SITUACI\u00d3N DEL HUEMUL EN EL MUNDO Y LOS ESFUERZOS PRIVADOS POR EVITAR SU EXTINCI\u00d3N","datePublished":"2019-09-22T22:00:37+00:00","mainEntityOfPage":{"@id":"https:\/\/patagoniambiental.com.ar\/info\/no-quedan-ni-1-000-la-critica-situacion-del-huemul-en-el-mundo-y-los-esfuerzos-privados-por-evitar-su-extincion\/"},"wordCount":2165,"commentCount":0,"publisher":{"@id":"https:\/\/patagoniambiental.com.ar\/info\/#organization"},"image":{"@id":"https:\/\/patagoniambiental.com.ar\/info\/no-quedan-ni-1-000-la-critica-situacion-del-huemul-en-el-mundo-y-los-esfuerzos-privados-por-evitar-su-extincion\/#primaryimage"},"thumbnailUrl":"https:\/\/patagoniambiental.com.ar\/info\/wp-content\/uploads\/2019\/09\/Sin-t\u00edtulo-1-730x420.png","articleSection":["Bolet\u00edn","Internacionales","Noticias"],"inLanguage":"es","potentialAction":[{"@type":"CommentAction","name":"Comment","target":["https:\/\/patagoniambiental.com.ar\/info\/no-quedan-ni-1-000-la-critica-situacion-del-huemul-en-el-mundo-y-los-esfuerzos-privados-por-evitar-su-extincion\/#respond"]}]},{"@type":"WebPage","@id":"https:\/\/patagoniambiental.com.ar\/info\/no-quedan-ni-1-000-la-critica-situacion-del-huemul-en-el-mundo-y-los-esfuerzos-privados-por-evitar-su-extincion\/","url":"https:\/\/patagoniambiental.com.ar\/info\/no-quedan-ni-1-000-la-critica-situacion-del-huemul-en-el-mundo-y-los-esfuerzos-privados-por-evitar-su-extincion\/","name":"\u201cNO QUEDAN NI 1.000\u201d: LA CR\u00cdTICA SITUACI\u00d3N DEL HUEMUL EN EL MUNDO Y LOS ESFUERZOS PRIVADOS POR EVITAR SU EXTINCI\u00d3N","isPartOf":{"@id":"https:\/\/patagoniambiental.com.ar\/info\/#website"},"primaryImageOfPage":{"@id":"https:\/\/patagoniambiental.com.ar\/info\/no-quedan-ni-1-000-la-critica-situacion-del-huemul-en-el-mundo-y-los-esfuerzos-privados-por-evitar-su-extincion\/#primaryimage"},"image":{"@id":"https:\/\/patagoniambiental.com.ar\/info\/no-quedan-ni-1-000-la-critica-situacion-del-huemul-en-el-mundo-y-los-esfuerzos-privados-por-evitar-su-extincion\/#primaryimage"},"thumbnailUrl":"https:\/\/patagoniambiental.com.ar\/info\/wp-content\/uploads\/2019\/09\/Sin-t\u00edtulo-1-730x420.png","datePublished":"2019-09-22T22:00:37+00:00","breadcrumb":{"@id":"https:\/\/patagoniambiental.com.ar\/info\/no-quedan-ni-1-000-la-critica-situacion-del-huemul-en-el-mundo-y-los-esfuerzos-privados-por-evitar-su-extincion\/#breadcrumb"},"inLanguage":"es","potentialAction":[{"@type":"ReadAction","target":["https:\/\/patagoniambiental.com.ar\/info\/no-quedan-ni-1-000-la-critica-situacion-del-huemul-en-el-mundo-y-los-esfuerzos-privados-por-evitar-su-extincion\/"]}]},{"@type":"ImageObject","inLanguage":"es","@id":"https:\/\/patagoniambiental.com.ar\/info\/no-quedan-ni-1-000-la-critica-situacion-del-huemul-en-el-mundo-y-los-esfuerzos-privados-por-evitar-su-extincion\/#primaryimage","url":"https:\/\/patagoniambiental.com.ar\/info\/wp-content\/uploads\/2019\/09\/Sin-t\u00edtulo-1-730x420.png","contentUrl":"https:\/\/patagoniambiental.com.ar\/info\/wp-content\/uploads\/2019\/09\/Sin-t\u00edtulo-1-730x420.png","width":730,"height":420},{"@type":"BreadcrumbList","@id":"https:\/\/patagoniambiental.com.ar\/info\/no-quedan-ni-1-000-la-critica-situacion-del-huemul-en-el-mundo-y-los-esfuerzos-privados-por-evitar-su-extincion\/#breadcrumb","itemListElement":[{"@type":"ListItem","position":1,"name":"Inicio","item":"https:\/\/patagoniambiental.com.ar\/info\/"},{"@type":"ListItem","position":2,"name":"\u201cNO QUEDAN NI 1.000\u201d: LA CR\u00cdTICA SITUACI\u00d3N DEL HUEMUL EN EL MUNDO Y LOS ESFUERZOS PRIVADOS POR EVITAR SU EXTINCI\u00d3N"}]},{"@type":"WebSite","@id":"https:\/\/patagoniambiental.com.ar\/info\/#website","url":"https:\/\/patagoniambiental.com.ar\/info\/","name":"Patagonia Ambiental","description":"Monitoreo y an\u00e1lisis de la situaci\u00f3n geopol\u00edtica en el mundo y su implicancia en la Patagonia","publisher":{"@id":"https:\/\/patagoniambiental.com.ar\/info\/#organization"},"potentialAction":[{"@type":"SearchAction","target":{"@type":"EntryPoint","urlTemplate":"https:\/\/patagoniambiental.com.ar\/info\/?s={search_term_string}"},"query-input":{"@type":"PropertyValueSpecification","valueRequired":true,"valueName":"search_term_string"}}],"inLanguage":"es"},{"@type":"Organization","@id":"https:\/\/patagoniambiental.com.ar\/info\/#organization","name":"Patagonia Ambiental","url":"https:\/\/patagoniambiental.com.ar\/info\/","logo":{"@type":"ImageObject","inLanguage":"es","@id":"https:\/\/patagoniambiental.com.ar\/info\/#\/schema\/logo\/image\/","url":"https:\/\/patagoniambiental.com.ar\/info\/wp-content\/uploads\/2025\/05\/LOGO-PATAGONIA-AMBIENTAL.png","contentUrl":"https:\/\/patagoniambiental.com.ar\/info\/wp-content\/uploads\/2025\/05\/LOGO-PATAGONIA-AMBIENTAL.png","width":433,"height":250,"caption":"Patagonia Ambiental"},"image":{"@id":"https:\/\/patagoniambiental.com.ar\/info\/#\/schema\/logo\/image\/"},"sameAs":["https:\/\/www.facebook.com\/patagonia.ambiental","https:\/\/x.com\/PatAmb"]},{"@type":"Person","@id":"https:\/\/patagoniambiental.com.ar\/info\/#\/schema\/person\/db12bff64bbcbf6a253710bf0ea37b5d","name":"Patagonia Ambiental","description":"Andr\u00e9s Nievas T\u00e9cnico en manejo ambiental, consultor Ambiental y escritor para medios locales e internacionales sobre temas de geopolitica y medio ambiente.","sameAs":["http:\/\/www.patagoniambiental.com.ar","https:\/\/www.facebook.com\/share\/1C1V8Gv9BX\/?mibextid=qi2Omg","@patagoniambiental","https:\/\/youtube.com\/@patagoniaambiental2023?si=BLt58t0wuXquxlYZ"]}]}},"_links":{"self":[{"href":"https:\/\/patagoniambiental.com.ar\/info\/wp-json\/wp\/v2\/posts\/63245","targetHints":{"allow":["GET"]}}],"collection":[{"href":"https:\/\/patagoniambiental.com.ar\/info\/wp-json\/wp\/v2\/posts"}],"about":[{"href":"https:\/\/patagoniambiental.com.ar\/info\/wp-json\/wp\/v2\/types\/post"}],"author":[{"embeddable":true,"href":"https:\/\/patagoniambiental.com.ar\/info\/wp-json\/wp\/v2\/users\/2"}],"replies":[{"embeddable":true,"href":"https:\/\/patagoniambiental.com.ar\/info\/wp-json\/wp\/v2\/comments?post=63245"}],"version-history":[{"count":0,"href":"https:\/\/patagoniambiental.com.ar\/info\/wp-json\/wp\/v2\/posts\/63245\/revisions"}],"wp:featuredmedia":[{"embeddable":true,"href":"https:\/\/patagoniambiental.com.ar\/info\/wp-json\/wp\/v2\/media\/63246"}],"wp:attachment":[{"href":"https:\/\/patagoniambiental.com.ar\/info\/wp-json\/wp\/v2\/media?parent=63245"}],"wp:term":[{"taxonomy":"category","embeddable":true,"href":"https:\/\/patagoniambiental.com.ar\/info\/wp-json\/wp\/v2\/categories?post=63245"},{"taxonomy":"post_tag","embeddable":true,"href":"https:\/\/patagoniambiental.com.ar\/info\/wp-json\/wp\/v2\/tags?post=63245"}],"curies":[{"name":"wp","href":"https:\/\/api.w.org\/{rel}","templated":true}]}}